{"data":[{"id":"9782913176836","title":"Jours tranquilles \u00e0 B\u00e8gles","description":"Ce travail photographique n'est pas tant l'inventaire paysager et humain d'une ville que le r\u00e9sultat d'une lente d\u00e9ambulation en qu\u00eate de sa diversit\u00e9 : diversit\u00e9 des paysages urbains et naturels qui en font sa singularit\u00e9, diversit\u00e9 de ceux qui y vivent et y travaillent. Ce projet g\u00e9n\u00e8re l'image d'une ville tranquille qui vit avec son histoire entre Garonne et chemin de fer, et qui pose les bases de son futur, dans le cadre notamment de l'op\u00e9ration de renouvellement urbain. Portraits et paysages alternent pour donner une vision juste et pertinente de cette ville de \" banlieue \", limitrophe du centre bordelais, mais qui vit aussi comme une suite de villages.\r","authors":["Thierry Girard"],"category_codes":["6000000","6070000","6070200"],"visuals":{"large":"https:\/\/images.epagine.fr\/836\/9782913176836_1_75.jpg","medium":"https:\/\/images.epagine.fr\/836\/9782913176836_1_m.jpg","thumbnail":"https:\/\/images.epagine.fr\/836\/9782913176836_1_v.jpg"},"orderable":true,"show_badge":true,"formatted_price":"18,25&nbsp;\u20ac","formatted_published_date":"26 f\u00e9vrier 2011","publisher_availability_label":"Sur commande","short_details":"Thierry Girard \u2014 Trans Photographic Press","translator":null,"weight":350,"page_count":null,"readership":null,"editor":"Trans Photographic Press","price":1825,"published_date":"2011-02-25T23:00:00.000000Z","support":"Grand format","publisher_availability":1,"stock":0,"editions":[],"url":"https:\/\/quaidesbrumes.com\/ouvrage\/9782913176836\/jours-tranquilles-a-begles"},{"id":"9782296120716","title":"Sorciers et sorci\u00e8res \u00e0 l'\u00e9cran","description":"Ce livre collectif se propose de revenir sur la figure des sorciers et des sorci\u00e8res \u00e0 l'\u00e9cran. Si les \u00e9tudes historiques et anthropologiques sur le sujet sont f\u00e9condes, la recherche en audiovisuel demeurait, jusqu'ici, plus t\u00e9nue. Sorciers et sorci\u00e8res n'ont pourtant jamais quitt\u00e9 nos \u00e9crans. Ils\/elles ont investi com\u00e9dies, m\u00e9lodrames, films historiques, films d'horreur et d'Heroic fantasy. Beaucoup de questions sont d\u00e9velopp\u00e9es ici par plusieurs sp\u00e9cialistes internationaux (Belgique, France, Etats-Unis, Suisse).\r","authors":["Corinne Vuillaume"],"category_codes":["6000000","6070000","6070300"],"visuals":{"large":"https:\/\/images.epagine.fr\/716\/9782296120716_1_75.jpg","medium":"https:\/\/images.epagine.fr\/716\/9782296120716_1_m.jpg","thumbnail":"https:\/\/images.epagine.fr\/716\/9782296120716_1_v.jpg"},"orderable":true,"show_badge":true,"formatted_price":"27,00&nbsp;\u20ac","formatted_published_date":"27 juillet 2010","publisher_availability_label":"Sur commande","short_details":"Corinne Vuillaume \u2014 \u00c9ditions L'Harmattan","translator":null,"weight":325,"page_count":null,"readership":null,"editor":"\u00c9ditions L'Harmattan","price":2700,"published_date":"2010-07-26T22:00:00.000000Z","support":"Grand format","publisher_availability":1,"stock":0,"editions":[],"url":"https:\/\/quaidesbrumes.com\/ouvrage\/9782296120716\/sorciers-et-sorcieres-a-lecran"},{"id":"9780007487332","title":"The hobbit: an unexpected journey : chronicles","description":"The ultimate celebration of the first Hobbit movie reveals the full creative vision of the art and design teams with more than 1,000 exclusive images and photos, including designs and concepts that never made it to the big screen.\r","authors":["Falconer Weta Workshop"],"category_codes":["6000000","6070000","6070300"],"visuals":{"large":"https:\/\/images.epagine.fr\/332\/9780007487332_1_75.jpg","medium":"https:\/\/images.epagine.fr\/332\/9780007487332_1_m.jpg","thumbnail":"https:\/\/images.epagine.fr\/332\/9780007487332_1_v.jpg"},"orderable":true,"show_badge":true,"formatted_price":"33,80&nbsp;\u20ac","formatted_published_date":"14 d\u00e9cembre 2012","publisher_availability_label":"Sur commande","short_details":"Falconer Weta Workshop \u2014 Harper Collins Publishers","translator":null,"weight":1383,"page_count":200,"readership":null,"editor":"Harper Collins Publishers","price":3380,"published_date":"2012-12-13T23:00:00.000000Z","support":"Grand format","publisher_availability":1,"stock":0,"editions":[],"url":"https:\/\/quaidesbrumes.com\/ouvrage\/9780007487332\/the-hobbit-an-unexpected-journey-chronicles"},{"id":"9782953056709","title":"Saih\u00f4-ji, Ky\u00f4to","description":"S\u00e9journant au Japon, Laurent Pariente s'est int\u00e9ress\u00e9 au th\u00e9\u00e2tre N\u00f4 et aux jardins japonais. Parmi beaucoup d'autres, il a photographi\u00e9 l'un des plus anciens de Ky\u00f4to, le Saih\u00f4-ji, cr\u00e9\u00e9 pendant l'\u00e9poque Muromachi par Mus\u00f4 Kohuschi (1276-1351).\r\nSi l'oeuvre qu'il cr\u00e9e \u00e0 La Mar\u00e9chalerie - centre d'art contemporain de l'\u00e9cole nationale sup\u00e9rieure d'architecture de Versailles fait \u00e9cho \u00e0 ses travaux ant\u00e9rieurs, ses propositions de jardins pour la villa Kujoyama les amplifient sur un registre insoup\u00e7onn\u00e9. \r\nLes auteurs\r","authors":["Laurent Pariente"],"category_codes":["6000000","6070000","6070200"],"visuals":{"large":"https:\/\/images.epagine.fr\/709\/9782953056709_1_75.jpg","medium":"https:\/\/images.epagine.fr\/709\/9782953056709_1_m.jpg","thumbnail":"https:\/\/images.epagine.fr\/709\/9782953056709_1_v.jpg"},"orderable":true,"show_badge":true,"formatted_price":"17,75&nbsp;\u20ac","formatted_published_date":"20 septembre 2007","publisher_availability_label":"Sur commande","short_details":"Laurent Pariente \u2014 Vmcf","translator":null,"weight":145,"page_count":null,"readership":null,"editor":"Vmcf","price":1775,"published_date":"2007-09-19T22:00:00.000000Z","support":"Grand format","publisher_availability":1,"stock":0,"editions":[],"url":"https:\/\/quaidesbrumes.com\/ouvrage\/9782953056709\/saiho-ji-kyoto"},{"id":"9782296125155","title":"La s\u00e9miotique visuelle : nouveaux paradigmes","description":"La s\u00e9miotique visuelle int\u00e9resse tous ceux qui r\u00e9fl\u00e9chissent sur le cin\u00e9ma, la t\u00e9l\u00e9vision, les arts plastiques, devan\u00e7ant la publicit\u00e9, la photo, la bande dessin\u00e9e, mais aussi le v\u00eatement, le corps, les spectacles naturels. Mais la d\u00e9sormais forte pr\u00e9sence, y compris institutionnelle, de la discipline ne saurait masquer une profonde h\u00e9t\u00e9rog\u00e9n\u00e9it\u00e9, dans les fondements th\u00e9oriques, dans la vari\u00e9t\u00e9 des corpus, comme dans les affiliations institutionnelles de la recherche ou de l'enseignement.\r","authors":["Michel Costantini"],"category_codes":["6000000","6070000","6070300"],"visuals":{"large":"https:\/\/images.epagine.fr\/155\/9782296125155_1_75.jpg","medium":"https:\/\/images.epagine.fr\/155\/9782296125155_1_m.jpg","thumbnail":"https:\/\/images.epagine.fr\/155\/9782296125155_1_v.jpg"},"orderable":true,"show_badge":true,"formatted_price":"36,00&nbsp;\u20ac","formatted_published_date":"14 septembre 2010","publisher_availability_label":"Sur commande","short_details":"Michel Costantini \u2014 \u00c9ditions L'Harmattan","translator":null,"weight":565,"page_count":null,"readership":null,"editor":"\u00c9ditions L'Harmattan","price":3600,"published_date":"2010-09-13T22:00:00.000000Z","support":"Grand format","publisher_availability":1,"stock":0,"editions":[],"url":"https:\/\/quaidesbrumes.com\/ouvrage\/9782296125155\/la-semiotique-visuelle-nouveaux-paradigmes"},{"id":"9782913176447","title":"Suites cycladiques","description":"Le photographe qui s'engage dans \" un projet grec \" ne saurait tout \u00e0 fait s'affranchir des images romantiques du \" grand tour \" ou des couleurs bleue et blanc, si helleniques et surtout tellement cycladiques.\r\n Eric bance n'esquive pas, il se confronte m\u00eame \u00e0 cette \u00e9vidence.  ses images rassembl\u00e9es au cours d'une quinzaine d'ann\u00e9es en forment m\u00eame une sorte de commentaire : la contemplation, les motifs contemporains ou antiques (momuments, statuaire,. ), les sujets (la chambre modeste, la chaise paill\u00e9e), les poncifs du voyageur routard (les mopeds, le chapeau de paysan).  en noir et blanc et en couleur, au moyen format ou au st\u00e9nop\u00e9, cette d\u00e9marche est ici revendiqu\u00e9e sans complaisance, sans facilit\u00e9.\r\n Elle s'inscrit dans la tradition d'une approche autobiographique des oeuvres de l'errance.  dominique gaessler.\r","authors":["Eric Bance"],"category_codes":["6000000","6070000","6070200"],"visuals":{"large":"https:\/\/images.epagine.fr\/447\/9782913176447_1_75.jpg","medium":"https:\/\/images.epagine.fr\/447\/9782913176447_1_m.jpg","thumbnail":"https:\/\/images.epagine.fr\/447\/9782913176447_1_v.jpg"},"orderable":true,"show_badge":true,"formatted_price":"38,54&nbsp;\u20ac","formatted_published_date":"10 septembre 2008","publisher_availability_label":"Sur commande","short_details":"Eric Bance \u2014 Trans Photographic Press","translator":null,"weight":500,"page_count":null,"readership":"Tout public","editor":"Trans Photographic Press","price":3854,"published_date":"2008-09-09T22:00:00.000000Z","support":"Grand format","publisher_availability":1,"stock":0,"editions":[],"url":"https:\/\/quaidesbrumes.com\/ouvrage\/9782913176447\/suites-cycladiques"},{"id":"9782081221260","title":"Tout le monde en a parl\u00e9","description":"Ils ont fait la une de l'actualit\u00e9. Les m\u00e9dias les ont starifi\u00e9s, voire statufi\u00e9s. On ne parlait que d'eux, on ne voyait qu'eux... Et puis, du jour au lendemain, ils ont quitt\u00e9 l'\u00e9ph\u00e9m\u00e8re panth\u00e9on de la gloire moderne. Les projos de l'info ont \u00e9clair\u00e9 ailleurs, et le public les a zapp\u00e9s.\r\nQui sont-ils ? D'o\u00f9 venaient-ils ? Pourquoi et comment avaient-ils acquis leur c\u00e9l\u00e9brit\u00e9 ? De quelle fa\u00e7on eux et leurs proches avaient-ils v\u00e9cu ce vedettariat ? Pour quelles raisons ont-ils disparu de l'actu ? Que s'est-il pass\u00e9 depuis ? Bref, que sont-ils devenus ? \r\nDans \u00ab Tout le monde en a parl\u00e9 \u00bb, l'\u00e9mission de Jimmy, comme dans le livre, je rallume la lumi\u00e8re sur eux et je leur fais raconter leur histoire.\r\nT. A.\r\n\r\nIllustration : \u00a9 Valentin Robert\r","authors":["Thierry Ardisson"],"category_codes":["6000000","6070000","6070300"],"visuals":{"large":"https:\/\/images.epagine.fr\/260\/9782081221260_1_75.jpg","medium":"https:\/\/images.epagine.fr\/260\/9782081221260_1_m.jpg","thumbnail":"https:\/\/images.epagine.fr\/260\/9782081221260_1_v.jpg"},"orderable":true,"show_badge":true,"formatted_price":"22,00&nbsp;\u20ac","formatted_published_date":"10 mars 2012","publisher_availability_label":"Sur commande","short_details":"Thierry Ardisson \u2014 Flammarion","translator":null,"weight":523,"page_count":348,"readership":null,"editor":"Flammarion","price":2200,"published_date":"2012-03-09T23:00:00.000000Z","support":"Grand format","publisher_availability":1,"stock":0,"editions":[],"url":"https:\/\/quaidesbrumes.com\/ouvrage\/9782081221260\/tout-le-monde-en-a-parle"},{"id":"9782081303300","title":"Le cri du silence ; traces d'une m\u00e9moire","description":null,"authors":["Antoine Agoudjian"],"category_codes":["6000000","6070000","6070200"],"visuals":{"large":"https:\/\/images.epagine.fr\/300\/9782081303300_1_75.jpg","medium":"https:\/\/images.epagine.fr\/300\/9782081303300_1_m.jpg","thumbnail":"https:\/\/images.epagine.fr\/300\/9782081303300_1_v.jpg"},"orderable":true,"show_badge":true,"formatted_price":"65,00&nbsp;\u20ac","formatted_published_date":"19 mars 2015","publisher_availability_label":"Sur commande","short_details":"Antoine Agoudjian \u2014 Flammarion","translator":null,"weight":1780,"page_count":160,"readership":null,"editor":"Flammarion","price":6500,"published_date":"2015-03-18T23:00:00.000000Z","support":"Grand format","publisher_availability":1,"stock":0,"editions":[],"url":"https:\/\/quaidesbrumes.com\/ouvrage\/9782081303300\/le-cri-du-silence-traces-dune-memoire"},{"id":"9782360540532","title":"La movida ; au nom du p\u00e8re, des fils et du Todo vale","description":"Pr\u00e9c\u00e9dent. Tous les champs de l'art sont touch\u00e9s, de la photographie \u00e0 la mode et au cin\u00e9ma en passant par la musique, la peinture, le dessin. Cet incroyable \u00e9lan pop, bigarr\u00e9, glam et rock, apolitique aussi, est connu sous le label Movida. En r\u00e9alit\u00e9, il commence \u00e0 s\u00e9vir d\u00e8s le d\u00e9but des ann\u00e9es soixante-dix, avec la propagation d'une contre-culture punk restreinte au domaine musical (el Rrollo). \r\nA la fin de la d\u00e9cennie, il atteint d'autres domaines: c'est la nouvelle vague, la Nueva Ola. Enfin, il se mue en un style plus pop, plus professionnel mais aussi plus commercial, la Movida \u00e0 proprement parler, qui en est l'apog\u00e9e mais aussi le terme. La Movida, au nom du p\u00e8re, des fils et du Todo Vale nous plonge au coeur de cette contre-culture espagnole. On y croise les petites et les grandes figures de ce kal\u00e9idoscope : la styliste Agatha Ruiz de la Prada, la chanteuse Alaska, Radio Futura, les photographes Ouka Leele, Pablo P\u00e9rez-Minguez et Alberto Garcia Alix, le dessinateur Ceesepe, le cin\u00e9aste Ivan Zulueta, les peintres Costus et bien s\u00fbr Pedro Almodovar.\r","authors":["Dumousseau-lesquer Magali"],"category_codes":["6000000","6070000","6070300"],"visuals":{"large":"https:\/\/images.epagine.fr\/532\/9782360540532_1_75.jpg","medium":"https:\/\/images.epagine.fr\/532\/9782360540532_1_m.jpg","thumbnail":"https:\/\/images.epagine.fr\/532\/9782360540532_1_v.jpg"},"orderable":true,"show_badge":true,"formatted_price":"24,00&nbsp;\u20ac","formatted_published_date":"16 mai 2012","publisher_availability_label":"Sur commande","short_details":"Dumousseau-lesquer Magali \u2014 LE MOT ET LE RESTE","translator":null,"weight":470,"page_count":368,"readership":null,"editor":"LE MOT ET LE RESTE","price":2400,"published_date":"2012-05-15T22:00:00.000000Z","support":"Grand format","publisher_availability":1,"stock":0,"editions":[],"url":"https:\/\/quaidesbrumes.com\/ouvrage\/9782360540532\/la-movida-au-nom-du-pere-des-fils-et-du-todo-vale"},{"id":"9782952430524","title":"M\u00e9saventures d'un petit reporter en Nord","description":"Animateur et producteur d'\u00e9missions de radio et de t\u00e9l\u00e9vision \u00e0 Lille et Bruxelles, envoy\u00e9 sp\u00e9cial de RTL dans le Nord-Pas-de-Calais, J.-N. Coghe retrace ici son autobiographie \u00e9maill\u00e9e d'\u00e9vocations des personnalit\u00e9s qui ont crois\u00e9 sa route, de T. Turner \u00e0 J. Carmet en passant par J. Hendrix. Il porte \u00e9galement un regard sur sa profession et sur la vie de la r\u00e9gion Nord-Pas-de-Calais.\r","authors":["Jean-no\u00ebl Coghe"],"category_codes":["6000000","6070000","6070300"],"visuals":{"large":"https:\/\/images.epagine.fr\/524\/9782952430524_1_75.jpg","medium":"https:\/\/images.epagine.fr\/524\/9782952430524_1_m.jpg","thumbnail":"https:\/\/images.epagine.fr\/524\/9782952430524_1_v.jpg"},"orderable":true,"show_badge":true,"formatted_price":"19,00&nbsp;\u20ac","formatted_published_date":"27 novembre 2008","publisher_availability_label":"Sur commande","short_details":"Jean-no\u00ebl Coghe \u2014 Les Lumieres De Lille","translator":null,"weight":486,"page_count":125,"readership":null,"editor":"Les Lumieres De Lille","price":1900,"published_date":"2008-11-26T23:00:00.000000Z","support":"Grand format","publisher_availability":1,"stock":0,"editions":[],"url":"https:\/\/quaidesbrumes.com\/ouvrage\/9782952430524\/mesaventures-dun-petit-reporter-en-nord"},{"id":"9782830915112","title":"Tous connect\u00e9s ! Internet et les nouvelles fronti\u00e8res de l'info","description":"La r\u00e9volution internet modifie en profondeur les circuits de l'information. Le journaliste se trouve concurrenc\u00e9 par des l\u00e9gions d'acteurs qui offrent au public un champ \u00e9largi de nouvelles, d'images ou de visions du monde. Comment et \u00e0 quel prix continuer d'exercer une profession dont la pratique reste essentielle pour la d\u00e9mocratie ? Sous quelles conditions communiquer \u00e0 la communaut\u00e9 des citoyens ce qu'il lui est utile de savoir pour vivre ensemble ?\r\nPour le sp\u00e9cialiste des m\u00e9dias Daniel Cornu, si la libert\u00e9 d'informer, au fondement du journalisme, profite \u00e9videmment de l'Internet, plusieurs menaces surgissent dans le m\u00eame temps.\r\nElles portent sur la protection de la vie priv\u00e9e, les atteintes aux personnes sous le masque de l'anonymat, la recherche de la v\u00e9rit\u00e9 de fait et la s\u00e9lection des informations n\u00e9cessaires \u00e0 la compr\u00e9hension du monde o\u00f9 l'on vit. Blogueurs et autres internautes actifs sur la Toile ne sont pas moins concern\u00e9s par ces enjeux. Il ne s'agit plus de se demander ce qu'est la profession de journaliste aujourd'hui mais davantage : en quoi ce que le Web nous offre est-il ou non du journalisme ? Le temps est venu de l'ouvrir \u00e0 une \u00e9thique participative.\r","authors":["Daniel Cornu"],"category_codes":["6000000","6070000","6070300"],"visuals":{"large":"https:\/\/images.epagine.fr\/112\/9782830915112_1_75.jpg","medium":"https:\/\/images.epagine.fr\/112\/9782830915112_1_m.jpg","thumbnail":"https:\/\/images.epagine.fr\/112\/9782830915112_1_v.jpg"},"orderable":true,"show_badge":true,"formatted_price":"19,00&nbsp;\u20ac","formatted_published_date":"27 avril 2013","publisher_availability_label":"Sur commande","short_details":"Daniel Cornu \u2014 \u00c9ditions Labor et Fides","translator":null,"weight":345,"page_count":216,"readership":null,"editor":"\u00c9ditions Labor et Fides","price":1900,"published_date":"2013-04-26T22:00:00.000000Z","support":"Grand format","publisher_availability":1,"stock":0,"editions":[],"url":"https:\/\/quaidesbrumes.com\/ouvrage\/9782830915112\/tous-connectes-internet-et-les-nouvelles-frontieres-de-linfo"},{"id":"9782830915129","title":"Surprendre le regard ; exp\u00e9rience photographique avec dix couples","description":null,"authors":["Pierre Schaefer"],"category_codes":["6000000","6070000","6070200"],"visuals":{"large":"https:\/\/images.epagine.fr\/129\/9782830915129_1_75.jpg","medium":"https:\/\/images.epagine.fr\/129\/9782830915129_1_m.jpg","thumbnail":"https:\/\/images.epagine.fr\/129\/9782830915129_1_v.jpg"},"orderable":true,"show_badge":true,"formatted_price":"26,00&nbsp;\u20ac","formatted_published_date":"17 mai 2013","publisher_availability_label":"Sur commande","short_details":"Pierre Schaefer \u2014 \u00c9ditions Labor et Fides","translator":null,"weight":750,"page_count":215,"readership":null,"editor":"\u00c9ditions Labor et Fides","price":2600,"published_date":"2013-05-16T22:00:00.000000Z","support":"Grand format","publisher_availability":1,"stock":0,"editions":[],"url":"https:\/\/quaidesbrumes.com\/ouvrage\/9782830915129\/surprendre-le-regard-experience-photographique-avec-dix-couples"},{"id":"9782343055428","title":"Les fronti\u00e8res de l'ext\u00e9riorit\u00e9 ; journal de recherche 2015","description":"Cette cr\u00e9ation est le r\u00e9sultat d'un projet photographique, Refuge, men\u00e9 \u00e0 Montpellier aupr\u00e8s de jeunes homosexuels victimes de l'exclusion. La photographie y est interrog\u00e9e dans sa dimension \u00e0 la fois sociale et artistique. Mon ambition \u00e9tait de travailler \u00e0 partir d'une id\u00e9e de l'identit\u00e9 individuelle comme une construction en mouvement permanent. Cette proposition artistique est \u00e9galement le point de d\u00e9part d'une r\u00e9flexion plus large sur la diff\u00e9rence, l'alt\u00e9rit\u00e9 et l'ext\u00e9riorit\u00e9. (Photographies en couleur).\r","authors":["Gilles Picarel"],"category_codes":["6000000","6070000","6070200"],"visuals":{"large":"https:\/\/images.epagine.fr\/428\/9782343055428_1_75.jpg","medium":"https:\/\/images.epagine.fr\/428\/9782343055428_1_m.jpg","thumbnail":"https:\/\/images.epagine.fr\/428\/9782343055428_1_v.jpg"},"orderable":true,"show_badge":true,"formatted_price":"16,00&nbsp;\u20ac","formatted_published_date":"27 janvier 2015","publisher_availability_label":"Sur commande","short_details":"Gilles Picarel \u2014 \u00c9ditions L'Harmattan","translator":null,"weight":160,"page_count":108,"readership":null,"editor":"\u00c9ditions L'Harmattan","price":1600,"published_date":"2015-01-26T23:00:00.000000Z","support":"Grand format","publisher_availability":1,"stock":0,"editions":[],"url":"https:\/\/quaidesbrumes.com\/ouvrage\/9782343055428\/les-frontieres-de-lexteriorite-journal-de-recherche-2015"},{"id":"9781576875520","title":"The night is still young","description":null,"authors":["Hata Tomoaki"],"category_codes":["6000000","6070000","6070200"],"visuals":{"large":"https:\/\/images.epagine.fr\/520\/9781576875520_1_75.jpg","medium":"https:\/\/images.epagine.fr\/520\/9781576875520_1_m.jpg","thumbnail":"https:\/\/images.epagine.fr\/520\/9781576875520_1_v.jpg"},"orderable":true,"show_badge":true,"formatted_price":"25,00&nbsp;\u20ac","formatted_published_date":"1er novembre 2010","publisher_availability_label":"Sur commande","short_details":"Hata Tomoaki \u2014 Powerhouse","translator":null,"weight":501,"page_count":104,"readership":null,"editor":"Powerhouse","price":2500,"published_date":"2010-10-31T23:00:00.000000Z","support":"Grand format","publisher_availability":1,"stock":0,"editions":[],"url":"https:\/\/quaidesbrumes.com\/ouvrage\/9781576875520\/the-night-is-still-young"},{"id":"9782952928694","title":"Cin\u00e9-voyage en Cor\u00e9e du Nord ; l'exp\u00e9rience du film Moranbong","description":"Nous sommes en mai 1958, un groupe d'intellectuels fran\u00e7ais s'embarque \u00e0 bord d'un avion en direction de Pyongyang via Moscou. \u00c0 son bord, des hommes en qu\u00eate d'horizons nouveaux : Armand Gatti, journaliste, futur cin\u00e9aste et dramaturge ; Chris Marker, \u00e9crivain-cin\u00e9aste; Jean-Claude Bonnardot, acteur-cin\u00e9aste ; Francis Lemarque, chansonnier, et Claude Lanzmann, r\u00e9dacteur-philosophe aux Temps Modernes de Sartre et Beauvoir, et futur ma\u00eetre du documentaire moderne. Gatti et Bonnardot ram\u00e8neront de cette exp\u00e9dition un film unique en son genre Moranbong, un film \u00e0 part, insoluble dans le r\u00e9alisme socialiste stalinien, trou noir dans l'histoire du cin\u00e9ma fran\u00e7ais, une com\u00e8te charg\u00e9e de toutes les interrogations et contradictions d'une \u00e9poque, en Cor\u00e9e du Nord comme en France. Chris Marker ram\u00e8nera un album de photographies comment\u00e9es qui fera date (Cor\u00e9ennes), Lemarque, des vues \u00e9parses film\u00e9es au cours du s\u00e9jour, et Lanzmann, une histoire belle et triste d'amour impossible qu'il relatera dans ses m\u00e9moires (Le Li\u00e8vre de Patagonie). Le nord de la Cor\u00e9e est alors sous le contr\u00f4le de Kim Il-sung, fondateur d'une r\u00e9publique dite populaire alli\u00e9e de l'URSS et de la Chine.\r","authors":["Antoine Coppola"],"category_codes":["6000000","6070000","6070300"],"visuals":{"large":"https:\/\/images.epagine.fr\/694\/9782952928694_1_75.jpg","medium":"https:\/\/images.epagine.fr\/694\/9782952928694_1_m.jpg","thumbnail":"https:\/\/images.epagine.fr\/694\/9782952928694_1_v.jpg"},"orderable":true,"show_badge":true,"formatted_price":"18,00&nbsp;\u20ac","formatted_published_date":"28 septembre 2012","publisher_availability_label":"Sur commande","short_details":"Antoine Coppola \u2014 ATELIER DES CAHIERS","translator":null,"weight":370,"page_count":190,"readership":null,"editor":"ATELIER DES CAHIERS","price":1800,"published_date":"2012-09-27T22:00:00.000000Z","support":"Grand format","publisher_availability":1,"stock":0,"editions":["9782952986946"],"url":"https:\/\/quaidesbrumes.com\/ouvrage\/9782952928694\/cine-voyage-en-coree-du-nord-lexperience-du-film-moranbong"},{"id":"9781576875612","title":"Richard phibbs chasing beauty","description":null,"authors":["Phibbs Richard"],"category_codes":["6000000","6070000","6070200"],"visuals":{"large":"https:\/\/images.epagine.fr\/612\/9781576875612_1_75.jpg","medium":"https:\/\/images.epagine.fr\/612\/9781576875612_1_m.jpg","thumbnail":"https:\/\/images.epagine.fr\/612\/9781576875612_1_v.jpg"},"orderable":true,"show_badge":true,"formatted_price":"50,00&nbsp;\u20ac","formatted_published_date":"5 octobre 2010","publisher_availability_label":"Sur commande","short_details":"Phibbs Richard \u2014 Powerhouse","translator":null,"weight":1001,"page_count":null,"readership":null,"editor":"Powerhouse","price":5000,"published_date":"2010-10-04T22:00:00.000000Z","support":"Grand format","publisher_availability":1,"stock":0,"editions":[],"url":"https:\/\/quaidesbrumes.com\/ouvrage\/9781576875612\/richard-phibbs-chasing-beauty"},{"id":"9783869303932","title":"Amanda harlech travelling in india","description":null,"authors":["Amanda Harlech"],"category_codes":["6000000","6070000","6070200"],"visuals":{"large":"https:\/\/images.epagine.fr\/932\/9783869303932_1_75.jpg","medium":"https:\/\/images.epagine.fr\/932\/9783869303932_1_m.jpg","thumbnail":"https:\/\/images.epagine.fr\/932\/9783869303932_1_v.jpg"},"orderable":true,"show_badge":true,"formatted_price":"32,00&nbsp;\u20ac","formatted_published_date":"1er f\u00e9vrier 2012","publisher_availability_label":"Sur commande","short_details":"Amanda Harlech \u2014 Steidl","translator":null,"weight":800,"page_count":null,"readership":null,"editor":"Steidl","price":3200,"published_date":"2012-01-31T23:00:00.000000Z","support":"Grand format","publisher_availability":1,"stock":0,"editions":[],"url":"https:\/\/quaidesbrumes.com\/ouvrage\/9783869303932\/amanda-harlech-travelling-in-india"},{"id":"9782350462462","title":"La terre endormie","description":"D\u00e9couvrez La terre endormie, le livre de G\u00e9rard Manset\r","authors":[],"category_codes":["6000000","6070000","6070200"],"visuals":{"large":"https:\/\/quaidesbrumes.com\/img\/book-placeholder.png","medium":"https:\/\/quaidesbrumes.com\/img\/book-placeholder.png","thumbnail":"https:\/\/quaidesbrumes.com\/img\/book-placeholder.png"},"orderable":true,"show_badge":true,"formatted_price":"25,00&nbsp;\u20ac","formatted_published_date":"22 mars 2012","publisher_availability_label":"Sur commande","short_details":"Filigranes","translator":null,"weight":315,"page_count":null,"readership":null,"editor":"Filigranes","price":2500,"published_date":"2012-03-21T23:00:00.000000Z","support":"Grand format","publisher_availability":1,"stock":0,"editions":[],"url":"https:\/\/quaidesbrumes.com\/ouvrage\/9782350462462\/la-terre-endormie"},{"id":"9782296117518","title":"Communication et sph\u00e8re priv\u00e9e","description":"En sciences humaines et sociales, les recherches r\u00e9centes sur la sph\u00e8re priv\u00e9e et la communication ont mis en \u00e9vidence le r\u00f4le de l'environnement mat\u00e9riel et des objets quotidiens dans l'organisation de l'action et dans la construction des identit\u00e9s individuelles et collectives. Ce volume aborde la r\u00e9gulation de la vie familiale et la forme des \u00e9changes autour des appareils informatiques et m\u00e9diatiques : les messages multim\u00e9dias envoy\u00e9s par t\u00e9l\u00e9phone mobile, le recours au SMS, au courrier \u00e9lectronique ou \u00e0 la lettre, les pratiques de recherche sur Internet par les coll\u00e9giens.\r","authors":["Beno\u00eet Lelong","Catherine V\u00e9rit\u00e9"],"category_codes":["6000000","6070000","6070300"],"visuals":{"large":"https:\/\/images.epagine.fr\/518\/9782296117518_1_75.jpg","medium":"https:\/\/images.epagine.fr\/518\/9782296117518_1_m.jpg","thumbnail":"https:\/\/images.epagine.fr\/518\/9782296117518_1_v.jpg"},"orderable":true,"show_badge":true,"formatted_price":"18,00&nbsp;\u20ac","formatted_published_date":"11 juin 2010","publisher_availability_label":"Sur commande","short_details":"Beno\u00eet Lelong, Catherine V\u00e9rit\u00e9 \u2014 \u00c9ditions L'Harmattan","translator":null,"weight":220,"page_count":170,"readership":null,"editor":"\u00c9ditions L'Harmattan","price":1800,"published_date":"2010-06-10T22:00:00.000000Z","support":"Grand format","publisher_availability":1,"stock":0,"editions":[],"url":"https:\/\/quaidesbrumes.com\/ouvrage\/9782296117518\/communication-et-sphere-privee"},{"id":"9782296092037","title":"30 ans d'antenne ; ma radio et ma t\u00e9l\u00e9 des ann\u00e9es 50","description":"Quelques mois avant mai 68, l'auteur se penche sur son pass\u00e9 depuis ses d\u00e9buts de journaliste, de critique de cin\u00e9ma, puis son entr\u00e9e dans le monde audiovisuel. Il nous fait revivre notamment le couronnement de la reine Elisabeth II depuis son salon. Ce livre nous restituent une t\u00e9l\u00e9vision que nous ne pouvons m\u00eame plus imaginer, o\u00f9 le t\u00e9l\u00e9viseur n'\u00e9tait pas encore le ma\u00eetre de la maison et o\u00f9 trois cha\u00eenes suffisaient \u00e0 combler l'app\u00e9tit du t\u00e9l\u00e9spectateur.\r","authors":["Jean Th\u00e9venot"],"category_codes":["6000000","6070000","6070300"],"visuals":{"large":"https:\/\/images.epagine.fr\/037\/9782296092037_1_75.jpg","medium":"https:\/\/images.epagine.fr\/037\/9782296092037_1_m.jpg","thumbnail":"https:\/\/images.epagine.fr\/037\/9782296092037_1_v.jpg"},"orderable":true,"show_badge":true,"formatted_price":"34,50&nbsp;\u20ac","formatted_published_date":"3 juillet 2009","publisher_availability_label":"Sur commande","short_details":"Jean Th\u00e9venot \u2014 \u00c9ditions L'Harmattan","translator":null,"weight":480,"page_count":null,"readership":null,"editor":"\u00c9ditions L'Harmattan","price":3450,"published_date":"2009-07-02T22:00:00.000000Z","support":"Grand format","publisher_availability":1,"stock":0,"editions":[],"url":"https:\/\/quaidesbrumes.com\/ouvrage\/9782296092037\/30-ans-dantenne-ma-radio-et-ma-tele-des-annees-50"},{"id":"9782742764150","title":"Our farm","description":null,"authors":["Raymond Depardon"],"category_codes":["6000000","6070000","6070200"],"visuals":{"large":"https:\/\/images.epagine.fr\/150\/9782742764150_1_75.jpg","medium":"https:\/\/images.epagine.fr\/150\/9782742764150_1_m.jpg","thumbnail":"https:\/\/images.epagine.fr\/150\/9782742764150_1_v.jpg"},"orderable":true,"show_badge":true,"formatted_price":"33,50&nbsp;\u20ac","formatted_published_date":"25 octobre 2011","publisher_availability_label":"Sur commande","short_details":"Raymond Depardon \u2014 Actes Sud","translator":null,"weight":700,"page_count":null,"readership":null,"editor":"Actes Sud","price":3350,"published_date":"2011-10-24T22:00:00.000000Z","support":"Grand format","publisher_availability":1,"stock":0,"editions":[],"url":"https:\/\/quaidesbrumes.com\/ouvrage\/9782742764150\/our-farm"},{"id":"9782100523177","title":"Obtenez le meilleur du Sony alpha 900","description":"Reflex de petit format extraordinaire par sa pr\u00e9cision et d'une r\u00e9solution exceptionnelle, le Sony alpha 900 ouvre aux photographes experts comme professionnels de nouveaux horizons. Ce guide pratique d\u00e9voile toutes les caract\u00e9ristiques du Sony alpha 900, de sa prise en main \u00e0 ses fonctions les plus avanc\u00e9es, et pr\u00e9sente le syst\u00e8me Sony, des optiques et flashes aux logiciels de traitement num\u00e9rique. Photographe chevronn\u00e9, l'auteur a r\u00e9alis\u00e9 sur le terrain des centaines de tests et prises de vue, afin d'\u00e9valuer les performances du mat\u00e9riel et les avantages ou inconv\u00e9nients de chaque param\u00e8tre. D\u00e9couvrez ses conseils, astuces et r\u00e9glages favoris, pour r\u00e9ussir vous aussi, selon vos pr\u00e9f\u00e9rences, vos plus belles photographies et obtenir des images de qualit\u00e9. Richement illustr\u00e9 et tout en couleurs, cet ouvrage indispensable r\u00e9pond \u00e0 toutes les questions que peuvent se poser ceux qui souhaitent obtenir le meilleur du Sony alpha 900 !","authors":["Jean-marie Sepulchre"],"category_codes":["6000000","6070000","6070200"],"visuals":{"large":"https:\/\/images.epagine.fr\/177\/9782100523177_1_75.jpg","medium":"https:\/\/images.epagine.fr\/177\/9782100523177_1_m.jpg","thumbnail":"https:\/\/images.epagine.fr\/177\/9782100523177_1_v.jpg"},"orderable":true,"show_badge":true,"formatted_price":"21,50&nbsp;\u20ac","formatted_published_date":"14 janvier 2009","publisher_availability_label":"Sur commande","short_details":"Jean-marie Sepulchre \u2014 Dunod","translator":null,"weight":272,"page_count":176,"readership":"Tout public","editor":"Dunod","price":2150,"published_date":"2009-01-13T23:00:00.000000Z","support":"Grand format","publisher_availability":1,"stock":0,"editions":[],"url":"https:\/\/quaidesbrumes.com\/ouvrage\/9782100523177\/obtenez-le-meilleur-du-sony-alpha-900"},{"id":"9782357480933","title":"Quand des \u00e9crivains font du cin\u00e9ma : Instantan\u00e9s critiques","description":"Le cin\u00e9ma passionna instantan\u00e9ment les \u00e9crivains fran\u00e7ais. Cet ouvrage s'attarde sur quelques cas, des tentatives avort\u00e9es de Ren\u00e9 Char ou Claude Simon aux oeuvres essentielles d'une Marguerite Duras ou d'un Sacha Guitry, en passant par les bonheurs divers de Perrec, Cendrars, Artaud, Genet, Breillat, Schoendoerffer ou le cin\u00e9ma cara\u00efbe. Il s'agit d'interroger un d\u00e9sir et de s'attarder sur un myst\u00e8re : l'un et l'autre ne se r\u00e9sument nullement \u00e0 un habillage des mots par l'image.","authors":["Val\u00e9rie Berty","Marc Cerisuelo"],"category_codes":["6000000","6070000","6070200"],"visuals":{"large":"https:\/\/images.epagine.fr\/933\/9782357480933_1_75.jpg","medium":"https:\/\/images.epagine.fr\/933\/9782357480933_1_m.jpg","thumbnail":"https:\/\/images.epagine.fr\/933\/9782357480933_1_v.jpg"},"orderable":true,"show_badge":true,"formatted_price":"28,00&nbsp;\u20ac","formatted_published_date":"11 avril 2012","publisher_availability_label":"Sur commande","short_details":"Val\u00e9rie Berty, Marc Cerisuelo \u2014 Kareline","translator":null,"weight":345,"page_count":258,"readership":null,"editor":"Kareline","price":2800,"published_date":"2012-04-10T22:00:00.000000Z","support":"Grand format","publisher_availability":1,"stock":0,"editions":[],"url":"https:\/\/quaidesbrumes.com\/ouvrage\/9782357480933\/quand-des-ecrivains-font-du-cinema-instantanes-critiques"},{"id":"9781576875537","title":"Thomas roma dear knights and dark horses","description":null,"authors":["Roma Thomas"],"category_codes":["6000000","6070000","6070200"],"visuals":{"large":"https:\/\/images.epagine.fr\/537\/9781576875537_1_75.jpg","medium":"https:\/\/images.epagine.fr\/537\/9781576875537_1_m.jpg","thumbnail":"https:\/\/images.epagine.fr\/537\/9781576875537_1_v.jpg"},"orderable":true,"show_badge":true,"formatted_price":"24,00&nbsp;\u20ac","formatted_published_date":"1er octobre 2010","publisher_availability_label":"Sur commande","short_details":"Roma Thomas \u2014 Powerhouse","translator":null,"weight":501,"page_count":100,"readership":null,"editor":"Powerhouse","price":2400,"published_date":"2010-09-30T22:00:00.000000Z","support":"Grand format","publisher_availability":1,"stock":0,"editions":[],"url":"https:\/\/quaidesbrumes.com\/ouvrage\/9781576875537\/thomas-roma-dear-knights-and-dark-horses"}]}