{"data":[{"id":"9782742737208","title":"Berlin","description":"Passionn\u00e9 par l'urbanisme, Gabriele Basilico, photographe italien n\u00e9 en 1944,a arpent\u00e9 les rues de Berlin dix ans apr\u00e8s la chute du Mur. Ses photographies t\u00e9moignent des bouleversements et des transformations quotidiennes subis par la ville, \u00e0 travers une approche rigoureuse et sensible. Le texte est un entretien de l'artiste et de l'architecte Stefano Boeri avec Hans Ulrich Obrist.","authors":["Gabriele Basilico"],"category_codes":["6000000","6070000","6070200"],"visuals":{"large":"https:\/\/images.epagine.fr\/208\/9782742737208_1_75.jpg","medium":"https:\/\/images.epagine.fr\/208\/9782742737208_1_m.jpg","thumbnail":"https:\/\/images.epagine.fr\/208\/9782742737208_1_v.jpg"},"orderable":true,"show_badge":true,"formatted_price":"19,80&nbsp;\u20ac","formatted_published_date":"3 avril 2002","publisher_availability_label":"Sur commande","short_details":"Gabriele Basilico \u2014 Actes Sud","translator":null,"weight":780,"page_count":196,"readership":null,"editor":"Actes Sud","price":1980,"published_date":"2002-04-02T22:00:00.000000Z","support":"Beaux-livres","publisher_availability":1,"stock":0,"editions":[],"url":"https:\/\/quaidesbrumes.com\/ouvrage\/9782742737208\/berlin"},{"id":"9782081238879","title":"Annie Girardot ; une vie d\u00e9rang\u00e9e","description":"Annie Girardot Une vie d\u00e9rang\u00e9e Elle \u00e9tait toutes les femmes du monde. Et toutes les Fran\u00e7aises \u00e0 la fois. Ni la plus belle, ni la plus sensuelle, ni la plus inoubliable. Et c'est pour cela sans doute que nous ne pourrons pas l'oublier. Elle \u00e9tait Annie Girardot. La fragile putain de Rocco et ses fr\u00e8res, l'\u00e9pouse trahie de Vivre pour vivre, La Vieille Fille s\u00e9duite par Philippe Noiret, la m\u00e8re tendre et fofolle d'Isabelle Adjani dans La Gifle, le Docteur Fran\u00e7oise Gailland, frapp\u00e9e par le cancer... Femme libre de toute appartenance, Annie Girardot a fait sa vie sans donner de le\u00e7ons, mais sa vie est, \u00e0 bien des \u00e9gards, une le\u00e7on. D'audace, de libert\u00e9, de fra\u00eecheur, d'insoumission. Surtout, ce fut une vie d\u00e9rang\u00e9e. Un p\u00e8re mort quand elle avait 18mois et qui n'\u00e9tait pas le mari de sa m\u00e8re. Une petite enfance chez un couple inqui\u00e9tant et \u00e9tranger, loin de Raymonde Girardot, m\u00e8re c\u00e9libataire \u00e9tudiant pour devenir sage-femme. Une enfance en Normandie, entre les bombardements, la peur et la tendresse d'une maman enfin retrouv\u00e9e. Le th\u00e9\u00e2tre comme une \u00e9vidence. Le cin\u00e9ma comme un d\u00e9fi. Alzheimer, le mal du si\u00e8cle, pour dernier chemin de croix. Comme un nouveau r\u00f4le endoss\u00e9 \u00e0 son insu. Un ultime personnage, loin de tous les autres, loin d'elle-m\u00eame.","authors":["Bernard Pascuito"],"category_codes":["6000000","6070000","6070300"],"visuals":{"large":"https:\/\/images.epagine.fr\/879\/9782081238879_1_75.jpg","medium":"https:\/\/images.epagine.fr\/879\/9782081238879_1_m.jpg","thumbnail":"https:\/\/images.epagine.fr\/879\/9782081238879_1_v.jpg"},"orderable":true,"show_badge":true,"formatted_price":"21,00&nbsp;\u20ac","formatted_published_date":"8 mars 2011","publisher_availability_label":"Sur commande","short_details":"Bernard Pascuito \u2014 Flammarion","translator":null,"weight":438,"page_count":290,"readership":null,"editor":"Flammarion","price":2100,"published_date":"2011-03-07T23:00:00.000000Z","support":"Grand format","publisher_availability":1,"stock":0,"editions":[],"url":"https:\/\/quaidesbrumes.com\/ouvrage\/9782081238879\/annie-girardot-une-vie-derangee"},{"id":"9782390251576","title":"Terminus : plong\u00e9e photographique au coeur des lieux interdiits et d\u00e9sert\u00e9s","description":"Ouvrir une porte sur l'inconnu et nous laisser surprendre... Que s'est-il pass\u00e9 ici ? Quel est le pass\u00e9 de ce lieu et de ses occupants ? Qui \u00e9taient-ils ? Pourquoi sont-ils partis, abandonnant l\u00e0 outils, machines, souvenirs les plus intimes, parfois ? Certes, l'histoire de certains sites industriels peut nous \u00eatre ais\u00e9ment accessible. Mais on a beau \u00absavoir\u00bb, les lieux g\u00e9n\u00e8rent des images. Des images aussi fulgurantes qu'\u00e9ph\u00e9m\u00e8res. La d\u00e9marche des auteures est \u00e9galement po\u00e9tique, leurs photos s'accompagnent de citations et de textes d'introduction.","authors":["C\u00e9line Danloy","Delphine Buxant"],"category_codes":["6000000","6070000","6070200","6070203"],"visuals":{"large":"https:\/\/images.epagine.fr\/576\/9782390251576_1_75.jpg","medium":"https:\/\/images.epagine.fr\/576\/9782390251576_1_m.jpg","thumbnail":"https:\/\/images.epagine.fr\/576\/9782390251576_1_v.jpg"},"orderable":true,"show_badge":true,"formatted_price":"29,95&nbsp;\u20ac","formatted_published_date":"26 novembre 2021","publisher_availability_label":"Sur commande","short_details":"C\u00e9line Danloy, Delphine Buxant \u2014 \u00c9ditions Racine","translator":null,"weight":1349,"page_count":240,"readership":null,"editor":"\u00c9ditions Racine","price":2995,"published_date":"2021-11-25T23:00:00.000000Z","support":"Grand format","publisher_availability":1,"stock":0,"editions":[],"url":"https:\/\/quaidesbrumes.com\/ouvrage\/9782390251576\/terminus-plongee-photographique-au-coeur-des-lieux-interdiits-et-desertes"},{"id":"9780500297308","title":"Harry Gruyaert","description":"New in the Photofile series, a mini-monograph on Belgian photographer Harry Gruyaert.\r\n\r\nBorn in Antwerp in 1941, Harry Gruyaert was a pioneer of European colour photography in the 1970s and 1980s. In 1972, he created TV Shots, a series of images created by turning the dial on a television set at random and photographing the screen. Later he travelled the world, seeking out different kinds of light and exhibiting a particular fascination with borders, interfaces and incongruous juxtapositions. A member of Magnum Photos since 1982, he describes colour as 'a means of sculpting what I see ... it's the emotion of photography.' Most recently he has begun to explore the experimental freedom offered by digital photography. Autonomous, non-narrative and often witty, Gruyaert's images are complex encounters with colour and light.","authors":["Brice Matthieussent"],"category_codes":["6000000","6070000","6070200","6070205"],"visuals":{"large":"https:\/\/images.epagine.fr\/308\/9780500297308_1_75.jpg","medium":"https:\/\/images.epagine.fr\/308\/9780500297308_1_m.jpg","thumbnail":"https:\/\/images.epagine.fr\/308\/9780500297308_1_v.jpg"},"orderable":true,"show_badge":true,"formatted_price":"18,00&nbsp;\u20ac","formatted_published_date":"18 janvier 2023","publisher_availability_label":"Sur commande","short_details":"Brice Matthieussent \u2014 Thames & Hudson","translator":null,"weight":240,"page_count":144,"readership":null,"editor":"Thames & Hudson","price":1800,"published_date":"2023-01-17T23:00:00.000000Z","support":"Grand format","publisher_availability":1,"stock":0,"editions":[],"url":"https:\/\/quaidesbrumes.com\/ouvrage\/9780500297308\/harry-gruyaert"},{"id":"9781419771415","title":"The art of Walt Disney","description":"Since it was first published in 1973, The Art of Walt Disney: From Mickey Mouse to the Magic Kingdoms and Beyond has established itself as an indispensable classic of illustrated book publishing, selling hundreds of thousands of copies. Offering a comprehensive history and tribute to the career and legacy of Walt Disney, the book was the first to reveal the wealth of concept art, animation drawings, and archival material that is created in the course of animating films.\r\n\r\nNow back in print to celebrate Disney 100 Years of Wonder, this groundbreaking work collects a century of timeless animation.","authors":["Christopher Finch"],"category_codes":["6000000","6070000","6070300"],"visuals":{"large":"https:\/\/images.epagine.fr\/415\/9781419771415_1_75.jpg","medium":"https:\/\/images.epagine.fr\/415\/9781419771415_1_m.jpg","thumbnail":"https:\/\/images.epagine.fr\/415\/9781419771415_1_v.jpg"},"orderable":true,"show_badge":true,"formatted_price":"98,00&nbsp;\u20ac","formatted_published_date":"2 novembre 2023","publisher_availability_label":"Sur commande","short_details":"Christopher Finch \u2014 Abrams UK","translator":null,"weight":1601,"page_count":504,"readership":null,"editor":"Abrams UK","price":9800,"published_date":"2023-11-01T23:00:00.000000Z","support":"Grand format","publisher_availability":1,"stock":0,"editions":[],"url":"https:\/\/quaidesbrumes.com\/ouvrage\/9781419771415\/the-art-of-walt-disney"},{"id":"9782366773262","title":"Amarcord de Federico Fellini","description":"\u00c0 l'occasion du 50\u00e8me anniversaire de la sortie du film, Caroline Masoch et Jean-Max M\u00e9jean proposent une analyse d\u00e9taill\u00e9e d'Amarcord, l'un des chefs-d'oeuvre de Federico Fellini qui revient sur son enfance, la po\u00e9sie et le fascisme. Constitu\u00e9 d'images inoubliables qui mettent en lumi\u00e8re les personnages et les d\u00e9cors de sa ville natale, Rimini, reconstitu\u00e9e dans les studios de Cinecitt\u00e0 et de la Vides, ce film va marquer d\u00e9finitivement la carri\u00e8re du Maestro par un jeu subtil entre m\u00e9lancolie et humour licencieux. La Gradisca, la Volpina, Titta, la tabaccaia, l'oncle fou et tant d'autres portraits du film, immortalis\u00e9s aussi par son affiche italienne r\u00e9alis\u00e9e \u00e0 l'\u00e9poque par Giuliano Geleng, sont devenus des images arch\u00e9typales du cin\u00e9ma mondial. Outre une approche \u00e9motionnelle, le r\u00e9sum\u00e9 et une analyse s\u00e9quentielle minutieuse, le livre propose une belle iconographie rappelant les grands moments du film ainsi que la s\u00e9lection des critiques \u00e9crites au moment de sa sortie. On y trouvera aussi les contributions de ses deux fid\u00e8les assistants, Dominique Delouche pour la pr\u00e9face, et G\u00e9rald Morin pour un texte in\u00e9dit sur la pr\u00e9paration et le tournage de ce film pour lequel il \u00e9tait assistant r\u00e9alisateur.","authors":["Dominique Delouche","Caroline Masoch","Jean-Max M\u00e9jean","G\u00e9rald Morin"],"category_codes":["6000000","6070000","6070300","6070305"],"visuals":{"large":"https:\/\/images.epagine.fr\/262\/9782366773262_1_75.jpg","medium":"https:\/\/images.epagine.fr\/262\/9782366773262_1_m.jpg","thumbnail":"https:\/\/images.epagine.fr\/262\/9782366773262_1_v.jpg"},"orderable":true,"show_badge":true,"formatted_price":"21,00&nbsp;\u20ac","formatted_published_date":"29 juin 2023","publisher_availability_label":"Sur commande","short_details":"Dominique Delouche, Caroline Masoch, Jean-Max M\u00e9jean, G\u00e9rald Morin \u2014 Gremese","translator":null,"weight":330,"page_count":144,"readership":null,"editor":"Gremese","price":2100,"published_date":"2023-06-28T22:00:00.000000Z","support":"Grand format","publisher_availability":1,"stock":0,"editions":[],"url":"https:\/\/quaidesbrumes.com\/ouvrage\/9782366773262\/amarcord-de-federico-fellini"},{"id":"9782336531700","title":"Le souffle \u00e9pique du n\u00e9o-p\u00e9plum contemporain : Du souffle antique \u00e0 l'hyperr\u00e9alit\u00e9 num\u00e9rique","description":"Quel souffle traverse les formes contemporaines du r\u00e9cit \u00e9pique ?\r\nDe Gladiator \u00e0 Megalopolis, en passant par 300, Noah ou The Odyssey, le n\u00e9o-p\u00e9plum r\u00e9invente les mythes antiques \u00e0 l'\u00e8re des effets sp\u00e9ciaux, de la saturation m\u00e9diatique et de l'intelligence artificielle. Cet essai propose une relecture transversale du genre, en s'appuyant sur une\r\nanalyse esth\u00e9tique, interm\u00e9diale et politique du souffle \u00e9pique - cette force narrative et sensorielle qui anime les corps, les images, les r\u00e9cits et les empires.\r\nAu fil d'une travers\u00e9e en archipel, l'ouvrage explore les reconfigurations successives du p\u00e9plum depuis les ann\u00e9es 2000 : ses m\u00e9tamorphoses num\u00e9riques, ses hybridations avec le superh\u00e9ro\u00efsme, la science-fiction et la fantasy, sa plasticit\u00e9 id\u00e9ologique \u00e0 l'heure des crises globales. Il\r\ninterroge l'\u00e9mergence d'un hyperp\u00e9plum, capable de penser le monde post-historique \u00e0 travers des figures neuves : architecte, proph\u00e8te, survivante, hacker.\r\nCroisant \u00e9tudes filmiques, narratologie et th\u00e9orie critique, ce livre envisage le n\u00e9o-p\u00e9plum comme un v\u00e9ritable laboratoire de la modernit\u00e9 esth\u00e9tique. Il \u00e9claire comment le souffle, jadis principe vital sto\u00efcien ou chant de l'a\u00e8de, devient aujourd'hui une forme rythmique sp\u00e9culative\r\n- un op\u00e9rateur po\u00e9tique pour penser l'effondrement, l'alt\u00e9rit\u00e9, ou les futurs possibles.\r\nUn essai pour celles et ceux qui veulent comprendre comment le cin\u00e9ma populaire dialogue avec les ruines, les r\u00e9voltes, et les r\u00eaves.","authors":["Fr\u00e9d\u00e9rique Lambert","Antoine de Baecque"],"category_codes":["6000000","6070000","6070300"],"visuals":{"large":"https:\/\/images.epagine.fr\/700\/9782336531700_1_75.jpg","medium":"https:\/\/images.epagine.fr\/700\/9782336531700_1_m.jpg","thumbnail":"https:\/\/images.epagine.fr\/700\/9782336531700_1_v.jpg"},"orderable":true,"show_badge":true,"formatted_price":"29,00&nbsp;\u20ac","formatted_published_date":"20 novembre 2025","publisher_availability_label":"Sur commande","short_details":"Fr\u00e9d\u00e9rique Lambert, Antoine de Baecque \u2014 \u00c9ditions L'Harmattan","translator":null,"weight":426,"page_count":280,"readership":null,"editor":"\u00c9ditions L'Harmattan","price":2900,"published_date":"2025-11-19T23:00:00.000000Z","support":"Grand format","publisher_availability":1,"stock":0,"editions":[],"url":"https:\/\/quaidesbrumes.com\/ouvrage\/9782336531700\/le-souffle-epique-du-neo-peplum-contemporain-du-souffle-antique-a-lhyperrealite-numerique"},{"id":"9782336583228","title":"Images et r\u00e9cits des amours contrari\u00e9es : L'homosexualit\u00e9 polonaise \u00e0 l'\u00e9cran, de 2004 \u00e0 2014","description":"En 2004, la Pologne a rejoint l'Union europ\u00e9enne. Au cours de la d\u00e9cennie amorc\u00e9e par ce nouveau partenariat, le th\u00e8me de l'homosexualit\u00e9 a explos\u00e9 dans la sph\u00e8re publique : les d\u00e9bats m\u00e9diatiques et politiques s'en sont empar\u00e9s. Qu'en est-il du cin\u00e9ma, qui rendrait compte des pr\u00e9occupations sociales de son \u00e9poque ?\r\nRarissime dans le cin\u00e9ma polonais de la p\u00e9riode communiste, la figure homosexuelle a \u00e9merg\u00e9 \u00e0 la faveur de ces d\u00e9bats. Ce livre en \u00e9tudie la dimension sociale, mais plus particuli\u00e8rement les aspects\r\nesth\u00e9tiques, \u00e0 partir d'un corpus de films produits pendant la premi\u00e8re d\u00e9cennie europunienne de la Pologne : des longs m\u00e9trages de fiction r\u00e9alis\u00e9s par Malgorzata Szumowska, Tomasz Wasilewski, Jan Komasa, Izabella Cywinska, Magdalena Piekorz et Jan Kidawa-Blonski. La pr\u00e9sentation et l'analyse des oeuvres invitent \u00e0 la d\u00e9couverte d'une cin\u00e9matographie en pleine r\u00e9surgence et \u00e0 l'exploration d'une question br\u00fblante de la r\u00e9alit\u00e9 polonaise du XXIe si\u00e8cle.","authors":["Gabriel Laverdi\u00e8re"],"category_codes":["6000000","6070000","6070300"],"visuals":{"large":"https:\/\/images.epagine.fr\/228\/9782336583228_1_75.jpg","medium":"https:\/\/images.epagine.fr\/228\/9782336583228_1_m.jpg","thumbnail":"https:\/\/images.epagine.fr\/228\/9782336583228_1_v.jpg"},"orderable":true,"show_badge":true,"formatted_price":"26,00&nbsp;\u20ac","formatted_published_date":"5 janvier 2026","publisher_availability_label":"Sur commande","short_details":"Gabriel Laverdi\u00e8re \u2014 \u00c9ditions L'Harmattan","translator":null,"weight":414,"page_count":272,"readership":null,"editor":"\u00c9ditions L'Harmattan","price":2600,"published_date":"2026-01-04T23:00:00.000000Z","support":"Grand format","publisher_availability":1,"stock":0,"editions":[],"url":"https:\/\/quaidesbrumes.com\/ouvrage\/9782336583228\/images-et-recits-des-amours-contrariees-lhomosexualite-polonaise-a-lecran-de-2004-a-2014"},{"id":"9781250038821","title":"Humans of New York","description":"Les photos du c\u00e9l\u00e8bre bloggeur Brandon Stanton qui tire le portrait des passants new yorkais et les interviewe.","authors":["Stanton Brandon"],"category_codes":["6000000","6070000","6070200"],"visuals":{"large":"https:\/\/images.epagine.fr\/821\/9781250038821_1_75.jpg","medium":"https:\/\/images.epagine.fr\/821\/9781250038821_1_m.jpg","thumbnail":"https:\/\/images.epagine.fr\/821\/9781250038821_1_v.jpg"},"orderable":true,"show_badge":true,"formatted_price":"32,00&nbsp;\u20ac","formatted_published_date":"1er octobre 2013","publisher_availability_label":"Sur commande","short_details":"Stanton Brandon \u2014 Macmillan US","translator":null,"weight":1400,"page_count":304,"readership":null,"editor":"Macmillan US","price":3200,"published_date":"2013-09-30T22:00:00.000000Z","support":"Grand format","publisher_availability":1,"stock":0,"editions":[],"url":"https:\/\/quaidesbrumes.com\/ouvrage\/9781250038821\/humans-of-new-york"},{"id":"9782020639989","title":"Paroles prisonni\u00e8res","description":"Divers, dans un commissariat, premi\u00e8re approche des victimes et des pr\u00e9venus d'un c\u00f4t\u00e9, des policiers et des juges de l'autre.\r\nC'est \u00e0 la suite de cette longue exp\u00e9rience, tr\u00e8s importante pour lui et pour l'\u00e9volution de son travail, comme il l'expose dans sa pr\u00e9face, qu'il a fait transcrire les dialogues entre pr\u00e9venus et juges enregistr\u00e9s pour D\u00e9lits flagrants et pour 10e Chambre, son dernier film qui sortira sur les \u00e9crans en mai 2004 (et qui ira probablement au festival de Cannes).\r\nIl a gard\u00e9 les textes qui l'ont touch\u00e9 le plus, non parce qu'ils sont spectaculaires mais parce que, dans leur simplicit\u00e9, ils expriment le d\u00e9sarroi des \u00ab sans-avenir \u00bb confront\u00e9s \u00e0 l'appareil judiciaire.\r\nLes dialogues entre pr\u00e9venus et juges sont livr\u00e9s brut. Ils parlent d'eux-m\u00eames.\r\nLes photographies qui vont avec ces textes sont celles, qu'au long des ann\u00e9es, Depardon a faites des lieux o\u00f9 s'exerce la justice. Pas de personnages, ou alors des silhouettes anonymes, juste ce que voient les pr\u00e9venus, avant, pendant et apr\u00e8s leur comparution.\r\nPr\u00e9venus et juges face \u00e0 face.\r\nRaymond Depardon publie au Seuil, au m\u00eame office un album de photographies sur les Jeux Olympiques.\r","authors":["Raymond Depardon"],"category_codes":["6000000","6070000","6070200"],"visuals":{"large":"https:\/\/images.epagine.fr\/989\/9782020639989_1_75.jpg","medium":"https:\/\/images.epagine.fr\/989\/9782020639989_1_m.jpg","thumbnail":"https:\/\/images.epagine.fr\/989\/9782020639989_1_v.jpg"},"orderable":true,"show_badge":true,"formatted_price":"15,20&nbsp;\u20ac","formatted_published_date":"7 mai 2004","publisher_availability_label":"Sur commande","short_details":"Raymond Depardon \u2014 Le Seuil","translator":null,"weight":312,"page_count":72,"readership":null,"editor":"Le Seuil","price":1520,"published_date":"2004-05-06T22:00:00.000000Z","support":"Grand format","publisher_availability":1,"stock":0,"editions":[],"url":"https:\/\/quaidesbrumes.com\/ouvrage\/9782020639989\/paroles-prisonnieres"},{"id":"9782021090604","title":"Rep\u00e9rages","description":"Rep\u00e9rages est le premier livre de Raymond Depardon qui donne acc\u00e8s \u00e0 son travail d'\u00e9laboration et de recherche lors de ses reportages photos.\r\nDans une premi\u00e8re partie technique, comme une sorte de catalogue comment\u00e9, Raymond Depardon nous ouvre son atelier et nous livre ses choix de mat\u00e9riel photographique, et nous dit pourquoi telle chambre plut\u00f4t qu'une autre, pour quoi cette lentille ou ce tr\u00e9pied ou ce produit.\r\nLa seconde partie du livre pr\u00e9sente 72 photographies en noir et blanc qui ont servi au travail couleur publi\u00e9 dans La France (co\u00e9dition BNF\/Le Seuil, 2010) dont on se souvient du succ\u00e8s, o\u00f9 l'on comprend tout l'art du cadrage, le t\u00e2tonnement de l'artiste-artisan avant de trouver l'angle id\u00e9al. Une sorte de portfolio pr\u00e9paratoire \u00e0 l'oeuvre.\r","authors":["Raymond Depardon"],"category_codes":["6000000","6070000","6070200"],"visuals":{"large":"https:\/\/images.epagine.fr\/604\/9782021090604_1_75.jpg","medium":"https:\/\/images.epagine.fr\/604\/9782021090604_1_m.jpg","thumbnail":"https:\/\/images.epagine.fr\/604\/9782021090604_1_v.jpg"},"orderable":true,"show_badge":true,"formatted_price":"35,00&nbsp;\u20ac","formatted_published_date":"18 octobre 2012","publisher_availability_label":"Sur commande","short_details":"Raymond Depardon \u2014 Le Seuil","translator":null,"weight":542,"page_count":128,"readership":null,"editor":"Le Seuil","price":3500,"published_date":"2012-10-17T22:00:00.000000Z","support":"Beaux-livres","publisher_availability":1,"stock":0,"editions":[],"url":"https:\/\/quaidesbrumes.com\/ouvrage\/9782021090604\/reperages"},{"id":"9783865604354","title":"Katharina grosse flowershow, skrow no repap \/francais\/anglais","description":null,"authors":["Grosse Katharina"],"category_codes":["6000000","6070000","6070200","6070205"],"visuals":{"large":"https:\/\/images.epagine.fr\/354\/9783865604354_1_75.jpg","medium":"https:\/\/images.epagine.fr\/354\/9783865604354_1_m.jpg","thumbnail":"https:\/\/images.epagine.fr\/354\/9783865604354_1_v.jpg"},"orderable":true,"show_badge":true,"formatted_price":"28,00&nbsp;\u20ac","formatted_published_date":"1er janvier 2008","publisher_availability_label":"Sur commande","short_details":"Grosse Katharina \u2014 Walther Konig","translator":null,"weight":601,"page_count":null,"readership":null,"editor":"Walther Konig","price":2800,"published_date":"2007-12-31T23:00:00.000000Z","support":"Grand format","publisher_availability":1,"stock":0,"editions":[],"url":"https:\/\/quaidesbrumes.com\/ouvrage\/9783865604354\/katharina-grosse-flowershow-skrow-no-repap-francaisanglais"},{"id":"9783960984351","title":"Katharina grosse wunderbild","description":"Die gro\u00dfformatige Installation \u201eWunderbild\u00ab (2017\/2018) stellt einen Wendepunkt in der Karriere der K\u00fcnstlerin dar. F\u00fcr den Messepalast der Nationalgalerie Prag hat Katharina Grosse eine Installation erarbeitet, die die Malerei als ein performatives und architektonisches Medium radikal neu definiert und auf den industriellen Raum der Galerie im funktionalistischen Stil der sp\u00e4ten 1920er Jahre reagiert. Bestehend aus \u00fcbereinandergesetzten Gewebest\u00fccken, die von dicken Schichten aufgespr\u00fchter Farbe bedeckt sind, erinnert das Werk an mittelalterliche Wandbilder ebenso wie an den geb\u00e4rmutterartigen Raum vorantiker H\u00f6hlenmalereien. Das Buch wird durch zahlreiche Making-of-Fotografien illustriert und beleuchtet wie keines anderes die Arbeitsweise der K\u00fcnstlerin. Text: Adam Budak, Elisabeth Lebovici, Ulrich Loock, Chantal Mouffe, Michal Nanoru.\r","authors":["Katharina Grosse"],"category_codes":["6000000","6070000","6070200","6070205"],"visuals":{"large":"https:\/\/images.epagine.fr\/351\/9783960984351_1_75.jpg","medium":"https:\/\/images.epagine.fr\/351\/9783960984351_1_m.jpg","thumbnail":"https:\/\/images.epagine.fr\/351\/9783960984351_1_v.jpg"},"orderable":true,"show_badge":true,"formatted_price":"38,00&nbsp;\u20ac","formatted_published_date":"9 janvier 2019","publisher_availability_label":"Sur commande","short_details":"Katharina Grosse \u2014 Walther Konig","translator":null,"weight":989,"page_count":168,"readership":null,"editor":"Walther Konig","price":3800,"published_date":"2019-01-08T23:00:00.000000Z","support":"Grand format","publisher_availability":1,"stock":0,"editions":[],"url":"https:\/\/quaidesbrumes.com\/ouvrage\/9783960984351\/katharina-grosse-wunderbild"},{"id":"9798998646409","title":"Yoshitomo Nara : My Imperfect Self","description":"Filled with quirky, playful exhibition photographs, this Nara catalog surveys the translation of his signature rebellious aesthetic to statues in bronze and clay\r\n\r\nDocumenting Yoshitomo Nara's 2025 exhibition at BLUM Los Angeles, My Imperfect Self traces the artist's turn toward bronze sculpture and the poetic potential of imperfection. Including a newly commissioned essay by art historian Yeewan Koon, this book brings together recent works, preparatory drawings and playful photographs of children, dogs and elders--figures that reflect Nara's ongoing curiosity about innocence, experience and emotional depth. It also features 11 mid-size head sculptures exuding a quirky strangeness and dark charm that defines the artist's work. Although cast in bronze, they were first made in clay as palm size pieces. In their transformed state, the malleable nature of the clay's original form remains evident, enticing viewers to retrace Nara's touch across its pillowy surface. These heads, presented for the first time, are integral to Nara's exploration in clay, intertwining ideas and techniques developed since 2011, but also express a poignant return to his roots. Seen together, all the featured works highlight how far Nara has transformed the kawaii aesthetic into an alternate realm of beguiling misfits.\r\nYoshitomo Nara was born in 1959 in Aomori, Japan, and graduated with a master's degree from Aichi Prefectural University of Fine Arts and Music and later studied at Kunstakademie D\u00fcsseldorf. His drawings and paintings are informed by a range of influences, from manga and anime to punk rock. He has also worked in sculpture, ceramic and large-scale installation.\r","authors":["Collectif"],"category_codes":["6000000","6070000","6070200","6070205"],"visuals":{"large":"https:\/\/images.epagine.fr\/409\/9798998646409_1_75.jpg","medium":"https:\/\/images.epagine.fr\/409\/9798998646409_1_m.jpg","thumbnail":"https:\/\/images.epagine.fr\/409\/9798998646409_1_v.jpg"},"orderable":true,"show_badge":true,"formatted_price":"50,00&nbsp;\u20ac","formatted_published_date":"10 mars 2026","publisher_availability_label":"Sur commande","short_details":"Collectif \u2014 Distributed Art Publishers","translator":null,"weight":788,"page_count":112,"readership":null,"editor":"Distributed Art Publishers","price":5000,"published_date":"2026-03-09T23:00:00.000000Z","support":"Beaux-livres","publisher_availability":1,"stock":0,"editions":[],"url":"https:\/\/quaidesbrumes.com\/ouvrage\/9798998646409\/yoshitomo-nara-my-imperfect-self"},{"id":"9782354282240","title":"La mer all\u00e9e avec le soleil : Vers un impossible cin\u00e9ma de pop\u00e9sie ?","description":"D\u00e9ploy\u00e9 sous la forme d'un ab\u00e9c\u00e9daire alliant textes et images, mer x soleil est un livre-album qui r\u00e9fl\u00e9chit et actualise le concept de \u00ab cin\u00e9ma de po\u00e9sie \u00bb tel que d\u00e9fini historiquement par Pier Paolo Pasolini lors d'une conf\u00e9rence prononc\u00e9e en 1965 au Festival du nouveau cin\u00e9ma de Pesaro : peut-on voir ce que l'on dit et peut-on dire ce que l'on voit ?\u00c0 l'heure d'une novlangue technofasciste et d'une imagerie dystopique d\u00e9vastatrices, repenser le dicible et le visible \u00e0 partir de l'art vid\u00e9o est une promesse consolatrice. Dans une approche \u00e0 la fois critique et prospective, Frank Smith explore une histoire exp\u00e9rimentale du cin\u00e9ma au gr\u00e9 de l'oeuvre comme d\u00e9placement et impossible d\u00e9finition qu'en plateaux.mer x soleil refuse l'instauration d'une vision th\u00e9orique pour mieux en diss\u00e9miner des sorties et des greffes. Construit en ce sens composite, le livre rassemble : -? ?Des analyses d'oeuvres cin\u00e9matographiques et photographiques (Duras, les Straub, Godard, Frampton, Hill, Benning, Gonzalez-Foerster, Marker, etc., ainsi que certains de ses films et installations vid\u00e9o) : arch\u00e9ologie vivante, il se fonde sur l'hypoth\u00e8se de la rencontre ;-? ?Des notions in\u00e9dites dont la prolif\u00e9ration prolonge la possibilit\u00e9 d'hypoth\u00e8ses de lectures ind\u00e9finitoires mais hospitali\u00e8res : images \u00ab mouve-temps \u00bb, \u00ab cam\u00e9ron-on \u00bb, \u00ab effet Jokari \u00bb , etc., actant l'exp\u00e9rience comme intuition, l'exp\u00e9rimental comme ph\u00e9nom\u00e8ne sensible avant d'\u00eatre th\u00e9orique ;-? ?Un entretien avec le critique Rodolphe Perez : parce qu'il n'expose aucun manifeste mais privil\u00e9gie le dialogue avec les oeuvres dans une amiti\u00e9 artistique, le livre s'ouvre \u00e0 la discussion pour envisager ses propres lignes de fuite.\r","authors":["Frank Smith"],"category_codes":["6000000","6070000","6070300"],"visuals":{"large":"https:\/\/images.epagine.fr\/240\/9782354282240_1_75.jpg","medium":"https:\/\/images.epagine.fr\/240\/9782354282240_1_m.jpg","thumbnail":"https:\/\/images.epagine.fr\/240\/9782354282240_1_v.jpg"},"orderable":true,"show_badge":true,"formatted_price":"35,00&nbsp;\u20ac","formatted_published_date":"16 avril 2026","publisher_availability_label":"Sur commande","short_details":"Frank Smith \u2014 Cr\u00e9aphis","translator":null,"weight":200,"page_count":80,"readership":null,"editor":"Cr\u00e9aphis","price":3500,"published_date":"2026-04-15T22:00:00.000000Z","support":"Grand format","publisher_availability":1,"stock":0,"editions":[],"url":"https:\/\/quaidesbrumes.com\/ouvrage\/9782354282240\/la-mer-allee-avec-le-soleil-vers-un-impossible-cinema-de-popesie"},{"id":"9782732488868","title":"New York ; photographies","description":"Michel Setboun connai^t bien New York. Arpente\u00b4s si souvent, ses rues, ses toits, ses ponts. Photographie\u00b4s si souvent, ses murs, ses gratte-ciels, ses habitants. L'appareil au poing, il saisit sans rela^che sa verticalite\u00b4, ses reflets, ses correspondances... Mais un jour, il de\u00b4cide de revisiter ses propres images. On pourrait me^me dire de les re\u00b4e\u00b4crire. En jouant sur des interventions graphiques, sur le dessin, sur la couleur, il quitte le monde de la photographie au sens strict pour pe\u00b4ne\u00b4trer celui de la bande dessine\u00b4e et de l'imaginaire. Chemin faisant, il re\u00b4ve`le un autre visage de New York, entre re\u00b4alite\u00b4 et fiction. Il a longtemps cherche\u00b4 un nom pour baptiser ses \u00ab objets photographiques non identifie\u00b4s \u00bb, alors qu'il suffisait d'inse\u00b4rer un trait d'union entre \u00ab photo \u00bb et \u00ab graphie \u00bb.\r","authors":["Pierre Guicheney","Michel Setboun"],"category_codes":["6000000","6070000","6070200","6070205"],"visuals":{"large":"https:\/\/images.epagine.fr\/868\/9782732488868_1_75.jpg","medium":"https:\/\/images.epagine.fr\/868\/9782732488868_1_m.jpg","thumbnail":"https:\/\/images.epagine.fr\/868\/9782732488868_1_v.jpg"},"orderable":true,"show_badge":true,"formatted_price":"39,00&nbsp;\u20ac","formatted_published_date":"26 septembre 2019","publisher_availability_label":"Sur commande","short_details":"Pierre Guicheney, Michel Setboun \u2014 \u00c9ditions de la Martini\u00e8re","translator":null,"weight":1746,"page_count":240,"readership":null,"editor":"\u00c9ditions de la Martini\u00e8re","price":3900,"published_date":"2019-09-25T22:00:00.000000Z","support":"Grand format","publisher_availability":1,"stock":0,"editions":[],"url":"https:\/\/quaidesbrumes.com\/ouvrage\/9782732488868\/new-york-photographies"},{"id":"9782907150330","title":"Album Gladys","description":"Album r\u00e9unit les images d'une famille imaginaire. Deux familles; celle qui nous donne le jour et celle que les jours nous donnent. Les images de Gladys jouent de ce m\u00e9lange intime avec la d\u00e9licatesse de secr\u00e8tes connexions.\r","authors":["Gladys"],"category_codes":["6000000","6070000","6070200","6070205"],"visuals":{"large":"https:\/\/images.epagine.fr\/330\/9782907150330_1_75.jpg","medium":"https:\/\/images.epagine.fr\/330\/9782907150330_1_m.jpg","thumbnail":"https:\/\/images.epagine.fr\/330\/9782907150330_1_v.jpg"},"orderable":true,"show_badge":true,"formatted_price":"30,85&nbsp;\u20ac","formatted_published_date":"15 avril 1993","publisher_availability_label":"Sur commande","short_details":"Gladys \u2014 Cr\u00e9aphis","translator":null,"weight":660,"page_count":200,"readership":null,"editor":"Cr\u00e9aphis","price":3085,"published_date":"1993-04-14T22:00:00.000000Z","support":"Grand format","publisher_availability":1,"stock":0,"editions":[],"url":"https:\/\/quaidesbrumes.com\/ouvrage\/9782907150330\/album-gladys"},{"id":"9782918371472","title":"The saint marcel cave : The beating heart of the gorges de l'Ard\u00e8che","description":null,"authors":["Delphine Dupuy","Chrystele Voyeau","Annie Guiraud","Philippe Crochet"],"category_codes":["6000000","6070000","6070200"],"visuals":{"large":"https:\/\/images.epagine.fr\/472\/9782918371472_1_75.jpg","medium":"https:\/\/images.epagine.fr\/472\/9782918371472_1_m.jpg","thumbnail":"https:\/\/images.epagine.fr\/472\/9782918371472_1_v.jpg"},"orderable":true,"show_badge":true,"formatted_price":"32,00&nbsp;\u20ac","formatted_published_date":"17 avril 2026","publisher_availability_label":"Sur commande","short_details":"Delphine Dupuy, Chrystele Voyeau, Annie Guiraud, Philippe Crochet \u2014 Honore Clair","translator":null,"weight":1094,"page_count":null,"readership":null,"editor":"Honore Clair","price":3200,"published_date":"2026-04-16T22:00:00.000000Z","support":"Grand format","publisher_availability":1,"stock":0,"editions":[],"url":"https:\/\/quaidesbrumes.com\/ouvrage\/9782918371472\/the-saint-marcel-cave-the-beating-heart-of-the-gorges-de-lardeche"},{"id":"9780714872124","title":"Lauren Greenfield ; generation wealth","description":"Lauren Greenfield: Generation Wealth is both a retrospective and an investigation into the subject of wealth over the last twenty-five years. Greenfield has travelled the world - from Los Angeles to Moscow, Dubai to China - bearing witness to the global boom-and-bust economy and documenting its complicated consequences. Provoking serious reflection, this book is not about the rich, but about the desire to be wealthy, at any cost.\r","authors":["Lauren Greenfield"],"category_codes":["6000000","6070000","6070200","6070204"],"visuals":{"large":"https:\/\/images.epagine.fr\/124\/9780714872124_1_75.jpg","medium":"https:\/\/images.epagine.fr\/124\/9780714872124_1_m.jpg","thumbnail":"https:\/\/images.epagine.fr\/124\/9780714872124_1_v.jpg"},"orderable":true,"show_badge":true,"formatted_price":"69,95&nbsp;\u20ac","formatted_published_date":"16 mai 2017","publisher_availability_label":"Sur commande","short_details":"Lauren Greenfield \u2014 Phaidon Press","translator":null,"weight":3310,"page_count":504,"readership":null,"editor":"Phaidon Press","price":6995,"published_date":"2017-05-15T22:00:00.000000Z","support":"Grand format","publisher_availability":1,"stock":0,"editions":[],"url":"https:\/\/quaidesbrumes.com\/ouvrage\/9780714872124\/lauren-greenfield-generation-wealth"},{"id":"9782365114455","title":"A certain nature : After giverny","description":"The garden of French painter Claude Monet (1840-1926), located in Giverny, is world-famous for its water lily pond, which inspired the artist and gave rise to some sumptuous paintings. The estate now welcomes almost 350,000 visitors a year and remains a magical place.\r\nA member of the Acad\u00e9mie des Beaux-Arts and the Magnum Photos agency, photographer Jean Gaumy has had privileged access to this garden for many years. An ideal playground for this keen observer of nature, he experiments throughout the seasons with photography that is both abstract and naturalistic. This science enthusiast has succeeded in using the site to produce an original body of work: formal research into plants, compositions that border on the pictorial, or almost microscopic detail, the garden becomes something else, something out of time. This elsewhere is in fact what the artist is looking for. Her attraction to this place stems from memories of her own childhood and the joy she experienced in her family's garden. A familiar, safe place, a place of curiosity, it had such a profound effect on the photographer in his early years that he sought to bring his memories of Giverny back to life. The book is not an atlas of forms, but rather a photographic experiment to show what nature produces from a different angle. The images are accompanied by a text detailing the mysterious relationship between flora and imagination.","authors":["Jean Gaumy"],"category_codes":["6000000","6070000","6070200"],"visuals":{"large":"https:\/\/images.epagine.fr\/455\/9782365114455_1_75.jpg","medium":"https:\/\/images.epagine.fr\/455\/9782365114455_1_m.jpg","thumbnail":"https:\/\/images.epagine.fr\/455\/9782365114455_1_v.jpg"},"orderable":true,"show_badge":true,"formatted_price":"45,00&nbsp;\u20ac","formatted_published_date":"28 mai 2025","publisher_availability_label":"Sur commande","short_details":"Jean Gaumy \u2014 Atelier EXB","translator":null,"weight":906,"page_count":null,"readership":"Tout public","editor":"Atelier EXB","price":4500,"published_date":"2025-05-27T22:00:00.000000Z","support":"Grand format","publisher_availability":1,"stock":0,"editions":[],"url":"https:\/\/quaidesbrumes.com\/ouvrage\/9782365114455\/a-certain-nature-after-giverny"},{"id":"9791040111146","title":"Percevoir : Thomas Sauvin","description":"En 2009, l'artiste Thomas Sauvin se lance dans une aventure hors du commun : collecter des n\u00e9gatifs destin\u00e9s \u00e0 \u00eatre d\u00e9truits dans une zone de recyclage au nord de P\u00e9kin. Il ach\u00e8te des sacs au kilo qu'il trie, classe et restaure. Il sauve ainsi de l'oubli pr\u00e8s d'un demi-million de photographies anonymes, r\u00e9alisant \u00e0 lui seul l'un des travaux d'archive photographique les plus importants en Chine. Sa collection, qu'il nomme \u00abBeijing Silvermine\u00bb, rayonne depuis au travers de multiples expositions, collaborations et publications. Elle offre ici encore mati\u00e8re \u00e0 une nouvelle exploration : montrer la vie des Chinois et des Chinoises au fil des \u00e2ges de la vie. L'artiste et romancier Fran\u00e7ois Durif accompagne ces images anonymes d'un texte sur la trace et la m\u00e9moire.\r\n\r\nPercevoir (verbe tr.) : saisir, prendre connaissance par les sens, l'intuition ou l'entendement. Les \u00c9ditions de La Martini\u00e8re encouragent les nouveaux talents de la photographie et des arts visuels \u00e0 travers \u00ab Percevoir \u00bb, une collection de livres qui porte un autre regard sur l'image : mouvante, fragmentaire et multiple, comme le monde qui nous entoure. \u00c0 chaque artiste, une r\u00e9ponse singuli\u00e8re. Une collection dirig\u00e9e par Simon Baker, directeur de la maison europ\u00e9enne de la photographie.\r","authors":["Fran\u00e7ois Durif","Thomas Sauvin"],"category_codes":["6000000","6070000","6070200"],"visuals":{"large":"https:\/\/images.epagine.fr\/146\/9791040111146_1_75.jpg","medium":"https:\/\/images.epagine.fr\/146\/9791040111146_1_m.jpg","thumbnail":"https:\/\/images.epagine.fr\/146\/9791040111146_1_v.jpg"},"orderable":true,"show_badge":true,"formatted_price":"20,90&nbsp;\u20ac","formatted_published_date":"10 juin 2022","publisher_availability_label":"Sur commande","short_details":"Fran\u00e7ois Durif, Thomas Sauvin \u2014 \u00c9ditions de la Martini\u00e8re","translator":null,"weight":430,"page_count":128,"readership":null,"editor":"\u00c9ditions de la Martini\u00e8re","price":2090,"published_date":"2022-06-09T22:00:00.000000Z","support":"Grand format","publisher_availability":1,"stock":0,"editions":[],"url":"https:\/\/quaidesbrumes.com\/ouvrage\/9791040111146\/percevoir-thomas-sauvin"},{"id":"3760083750021","title":"Fabrice Hyber","description":null,"authors":["Collectif"],"category_codes":["6000000","6070000","6070300"],"visuals":{"large":"https:\/\/images.epagine.fr\/021\/3760083750021_1_75.jpg","medium":"https:\/\/images.epagine.fr\/021\/3760083750021_1_m.jpg","thumbnail":"https:\/\/images.epagine.fr\/021\/3760083750021_1_v.jpg"},"orderable":true,"show_badge":true,"formatted_price":"0,00&nbsp;\u20ac","formatted_published_date":"5 juillet 2005","publisher_availability_label":"Sur commande","short_details":"Collectif \u2014 Apres","translator":null,"weight":50,"page_count":null,"readership":null,"editor":"Apres","price":0,"published_date":"2005-07-04T22:00:00.000000Z","support":"Livre + DVD","publisher_availability":1,"stock":0,"editions":[],"url":"https:\/\/quaidesbrumes.com\/ouvrage\/3760083750021\/fabrice-hyber"},{"id":"9783836561310","title":"Exodes","description":"Pr\u00e8s d'une g\u00e9n\u00e9ration a pass\u00e9 depuis que Sebasti\u00e3o Salgado a publi\u00e9 Exodes pour la premi\u00e8re fois. Pourtant le r\u00e9cit qu'il fait, celui des mouvements de populations dans le monde entier, n'a que peu chang\u00e9 en seize ans. Les facteurs d'attraction et de r\u00e9pulsion de certains territoires ont certes \u00e9volu\u00e9, le coeur du conflit s'est certes d\u00e9plac\u00e9 du Rwanda \u00e0 la Syrie, les peuples qui quittent leur foyer n'en racontent pas moins la m\u00eame histoire: une histoire faite de d\u00e9nuement, d'\u00e9preuves et de lueurs d'espoir, tiss\u00e9e au fil d'une longue errance au prix d'efforts psychologiques autant que physiques.\r\n\r\nSalgado a pass\u00e9 six ans aux c\u00f4t\u00e9s des migrants, parcourant plus de 35 pays pour t\u00e9moigner des d\u00e9placements de population sur la route, dans les camps et dans les bidonvilles surpeupl\u00e9s o\u00f9 les nouveaux arrivants ach\u00e8vent le plus souvent leur voyage. Son projet \u00e9voque le p\u00e9riple des Latino-Am\u00e9ricains vers les \u00c9tats-Unis, celui des juifs abandonnant l'ex-Union sovi\u00e9tique, des Kosovars fuyant l'Albanie, des r\u00e9fugi\u00e9s hutus venus du Rwanda, ainsi que des premi\u00e8res \u00abembarcations\u00bb d'Arabes et d'Africains originaires du Sud du Sahara tentant d'atteindre l'Europe par la mer M\u00e9diterran\u00e9e. Ses clich\u00e9s montrent autant ceux qui savent o\u00f9 aller que ceux qui sont simplement en fuite, d\u00e9j\u00e0 soulag\u00e9s d'\u00eatre sain et sauf et physiquement capables de marcher. Les visages qu'il a rencontr\u00e9s r\u00e9v\u00e8lent dignit\u00e9 et compassion dans les situations les plus \u00e2pres, mais aussi les nombreux ravages de la violence, de la haine et de l'avidit\u00e9.\r\n\r\nGr\u00e2ce \u00e0 son regard singulier, attentif aux moindres gestes et d\u00e9tails, Salgado saisit chaque \u00e9v\u00e9nement marquant des mouvements migratoires, autant que les flux de masses: des camions surcharg\u00e9s, des bateaux surpeupl\u00e9s et des camps s'\u00e9tirant \u00e0 perte de vue, vers un horizon assombri par les nuages, une jambe maigre, entour\u00e9e d'un bandage, l'empreinte d'un doigt imprim\u00e9 sur une feuille, une discussion avec un garde des fronti\u00e8res, une m\u00e8re serrant avec force son b\u00e9b\u00e9 et son balluchon sur sa poitrine. Insistant sur l'ampleur du ph\u00e9nom\u00e8ne des migrants, Salgado n'oublie pas aussi, avec son humanisme caract\u00e9ristique, les histoires personnelles derri\u00e8re les chiffres impressionnants. \u00c0 la diff\u00e9rence des visages noy\u00e9s dans le flot de s\u00e9quences des reportages t\u00e9l\u00e9vis\u00e9s ou des foules illustrant la une du journal, ce sont l\u00e0 les portraits d'individus, de personnes dont l'identit\u00e9 demeure, y compris dans le gouffre provoqu\u00e9 par la perte d'une patrie, d'un foyer, parfois m\u00eame d'\u00eatres chers.\r\n\r\nDans le m\u00eame temps, Salgado montre les similarit\u00e9s des situations des migrants, qui partagent une exp\u00e9rience commune et universelle. Il nous implique, non comme simples t\u00e9moins des souffrances des r\u00e9fugi\u00e9s ou des exil\u00e9s, mais comme acteurs des \u00e9volutions sociales et politiques que constituent l'information mondialis\u00e9e, l'urbanisation et les dommages \u00e9cologiques, ainsi que les profonds \u00e9carts de richesse, autant de facteurs qui provoquent les ph\u00e9nom\u00e8nes migratoires. Au moment o\u00f9 les embarcations flottant en direction des c\u00f4tes grecques et italiennes am\u00e8nent vers l'Europe une migration d'une ampleur sans pr\u00e9c\u00e9dent depuis la Seconde Guerre mondiale, Exodes lance un appel, non seulement pour une prise de conscience accrue, mais en faveur de notre responsabilit\u00e9 et de notre engagement. En voyant les corps meurtris, les centaines de pieds nus sur le macadam br\u00fblant, notre devoir n'est pas de leur porter un regard compatissant, mais, selon les mots m\u00eames de Salgado, de mod\u00e9rer nos comportements en mati\u00e8res politique, \u00e9conomique et environnementale, pour un \u00abnouveau mode de coexistence\u00bb.","authors":["Sebasti\u00e3o Salgado","Lelia Wanick salgado"],"category_codes":["6000000","6070000","6070200","6070205"],"visuals":{"large":"https:\/\/images.epagine.fr\/310\/9783836561310_1_75.jpg","medium":"https:\/\/images.epagine.fr\/310\/9783836561310_1_m.jpg","thumbnail":"https:\/\/images.epagine.fr\/310\/9783836561310_1_v.jpg"},"orderable":true,"show_badge":true,"formatted_price":"50,00&nbsp;\u20ac","formatted_published_date":"9 juin 2016","publisher_availability_label":"Sur commande","short_details":"Sebasti\u00e3o Salgado, Lelia Wanick salgado \u2014 Taschen","translator":null,"weight":3658,"page_count":432,"readership":"Tout public","editor":"Taschen","price":5000,"published_date":"2016-06-08T22:00:00.000000Z","support":"Beaux-livres","publisher_availability":1,"stock":0,"editions":[],"url":"https:\/\/quaidesbrumes.com\/ouvrage\/9783836561310\/exodes"},{"id":"9780714891477","title":"David goldblatt","description":null,"authors":["Lawson Lesley"],"category_codes":["6000000","6070000","6070200"],"visuals":{"large":"https:\/\/images.epagine.fr\/477\/9780714891477_1_75.jpg","medium":"https:\/\/images.epagine.fr\/477\/9780714891477_1_m.jpg","thumbnail":"https:\/\/images.epagine.fr\/477\/9780714891477_1_v.jpg"},"orderable":true,"show_badge":true,"formatted_price":"4,95&nbsp;\u20ac","formatted_published_date":"22 juin 2001","publisher_availability_label":"Sur commande","short_details":"Lawson Lesley \u2014 Phaidon","translator":null,"weight":225,"page_count":null,"readership":null,"editor":"Phaidon","price":495,"published_date":"2001-06-21T22:00:00.000000Z","support":"Grand format","publisher_availability":1,"stock":0,"editions":[],"url":"https:\/\/quaidesbrumes.com\/ouvrage\/9780714891477\/david-goldblatt"}]}