{"data":[{"id":"9790560172323","title":"Tango menteur pour fl\u00fbte, violoncelle et guitare","description":null,"authors":["Didier Renouvin"],"category_codes":["6000000","6030000","6031200"],"visuals":{"large":"https:\/\/images.epagine.fr\/323\/9790560172323_1_75.jpg","medium":"https:\/\/images.epagine.fr\/323\/9790560172323_1_m.jpg","thumbnail":"https:\/\/images.epagine.fr\/323\/9790560172323_1_v.jpg"},"orderable":true,"show_badge":true,"formatted_price":"21,63&nbsp;\u20ac","formatted_published_date":"15 juin 2004","publisher_availability_label":"Sur commande","short_details":"Didier Renouvin \u2014 Delatour","translator":null,"weight":85,"page_count":28,"readership":null,"editor":"Delatour","price":2163,"published_date":"2004-06-14T22:00:00.000000Z","support":"Partitions musicales","publisher_availability":1,"stock":0,"editions":[],"url":"https:\/\/quaidesbrumes.com\/ouvrage\/9790560172323\/tango-menteur-pour-flute-violoncelle-et-guitare"},{"id":"9790232103815","title":"L'oeuvre pour orgue Volume 1","description":null,"authors":["F\u00e9lix Moreau"],"category_codes":["6000000","6030000","6031200"],"visuals":{"large":"https:\/\/images.epagine.fr\/815\/9790232103815_1_75.jpg","medium":"https:\/\/images.epagine.fr\/815\/9790232103815_1_m.jpg","thumbnail":"https:\/\/images.epagine.fr\/815\/9790232103815_1_v.jpg"},"orderable":true,"show_badge":true,"formatted_price":"22,00&nbsp;\u20ac","formatted_published_date":"15 juin 2010","publisher_availability_label":"Sur commande","short_details":"F\u00e9lix Moreau \u2014 Delatour","translator":null,"weight":46,"page_count":46,"readership":null,"editor":"Delatour","price":2200,"published_date":"2010-06-14T22:00:00.000000Z","support":"Partitions musicales","publisher_availability":1,"stock":0,"editions":[],"url":"https:\/\/quaidesbrumes.com\/ouvrage\/9790232103815\/loeuvre-pour-orgue-volume-1"},{"id":"9790232112602","title":"Deep South pour quintette de cuivres","description":null,"authors":["Charles Balayer"],"category_codes":["6000000","6030000","6031200"],"visuals":{"large":"https:\/\/images.epagine.fr\/602\/9790232112602_1_75.jpg","medium":"https:\/\/images.epagine.fr\/602\/9790232112602_1_m.jpg","thumbnail":"https:\/\/images.epagine.fr\/602\/9790232112602_1_v.jpg"},"orderable":true,"show_badge":true,"formatted_price":"22,00&nbsp;\u20ac","formatted_published_date":"15 juin 2015","publisher_availability_label":"Sur commande","short_details":"Charles Balayer \u2014 Delatour","translator":null,"weight":80,"page_count":64,"readership":null,"editor":"Delatour","price":2200,"published_date":"2015-06-14T22:00:00.000000Z","support":"Partitions musicales","publisher_availability":1,"stock":0,"editions":[],"url":"https:\/\/quaidesbrumes.com\/ouvrage\/9790232112602\/deep-south-pour-quintette-de-cuivres"},{"id":"9790560172514","title":"Valse lente pour 4 guitares","description":null,"authors":["Jean-Michel Coquery"],"category_codes":["6000000","6030000","6031200"],"visuals":{"large":"https:\/\/images.epagine.fr\/514\/9790560172514_1_75.jpg","medium":"https:\/\/images.epagine.fr\/514\/9790560172514_1_m.jpg","thumbnail":"https:\/\/images.epagine.fr\/514\/9790560172514_1_v.jpg"},"orderable":true,"show_badge":true,"formatted_price":"22,16&nbsp;\u20ac","formatted_published_date":"15 juin 2004","publisher_availability_label":"Sur commande","short_details":"Jean-Michel Coquery \u2014 Delatour","translator":null,"weight":80,"page_count":36,"readership":null,"editor":"Delatour","price":2216,"published_date":"2004-06-14T22:00:00.000000Z","support":"Partitions musicales","publisher_availability":1,"stock":0,"editions":[],"url":"https:\/\/quaidesbrumes.com\/ouvrage\/9790560172514\/valse-lente-pour-4-guitares"},{"id":"9790232110790","title":"Jeanne d'arc - suite d'episodes symphoniques pour orgue","description":null,"authors":["De La Tombelle Ferna"],"category_codes":["6000000","6030000","6031100"],"visuals":{"large":"https:\/\/images.epagine.fr\/790\/9790232110790_1_75.jpg","medium":"https:\/\/images.epagine.fr\/790\/9790232110790_1_m.jpg","thumbnail":"https:\/\/images.epagine.fr\/790\/9790232110790_1_v.jpg"},"orderable":true,"show_badge":true,"formatted_price":"24,00&nbsp;\u20ac","formatted_published_date":"2 janvier 2015","publisher_availability_label":"Sur commande","short_details":"De La Tombelle Ferna \u2014 Delatour","translator":null,"weight":82,"page_count":null,"readership":null,"editor":"Delatour","price":2400,"published_date":"2015-01-01T23:00:00.000000Z","support":"Grand format","publisher_availability":1,"stock":0,"editions":[],"url":"https:\/\/quaidesbrumes.com\/ouvrage\/9790232110790\/jeanne-darc-suite-depisodes-symphoniques-pour-orgue"},{"id":"9790232104836","title":"L'oeuvre pour orgue Volume 2","description":null,"authors":["F\u00e9lix Moreau"],"category_codes":["6000000","6030000","6031200"],"visuals":{"large":"https:\/\/images.epagine.fr\/836\/9790232104836_1_75.jpg","medium":"https:\/\/images.epagine.fr\/836\/9790232104836_1_m.jpg","thumbnail":"https:\/\/images.epagine.fr\/836\/9790232104836_1_v.jpg"},"orderable":true,"show_badge":true,"formatted_price":"27,00&nbsp;\u20ac","formatted_published_date":"15 juin 2010","publisher_availability_label":"Sur commande","short_details":"F\u00e9lix Moreau \u2014 Delatour","translator":null,"weight":56,"page_count":56,"readership":null,"editor":"Delatour","price":2700,"published_date":"2010-06-14T22:00:00.000000Z","support":"Partitions musicales","publisher_availability":1,"stock":0,"editions":[],"url":"https:\/\/quaidesbrumes.com\/ouvrage\/9790232104836\/loeuvre-pour-orgue-volume-2"},{"id":"9790232102733","title":"Tous en piste ! - volume 3 pour 1 ou 2 accordeons","description":null,"authors":["Geney Claude"],"category_codes":["6000000","6030000","6030900","6030906"],"visuals":{"large":"https:\/\/images.epagine.fr\/733\/9790232102733_1_75.jpg","medium":"https:\/\/images.epagine.fr\/733\/9790232102733_1_m.jpg","thumbnail":"https:\/\/images.epagine.fr\/733\/9790232102733_1_v.jpg"},"orderable":true,"show_badge":true,"formatted_price":"29,90&nbsp;\u20ac","formatted_published_date":"10 avril 2009","publisher_availability_label":"Sur commande","short_details":"Geney Claude \u2014 Delatour","translator":null,"weight":45,"page_count":null,"readership":null,"editor":"Delatour","price":2990,"published_date":"2009-04-09T22:00:00.000000Z","support":"Grand format","publisher_availability":1,"stock":0,"editions":[],"url":"https:\/\/quaidesbrumes.com\/ouvrage\/9790232102733\/tous-en-piste-volume-3-pour-1-ou-2-accordeons"},{"id":"9790232113425","title":"Le petit livre d'orgue - Orgelb\u00fcchlein : Transcrit pour deux instruments \u00e0  un seul clavier","description":null,"authors":["Johann-sebastian Bach","Fran\u00e7ois Delalande"],"category_codes":["6000000","6030000","6031200"],"visuals":{"large":"https:\/\/images.epagine.fr\/425\/9790232113425_1_75.jpg","medium":"https:\/\/images.epagine.fr\/425\/9790232113425_1_m.jpg","thumbnail":"https:\/\/images.epagine.fr\/425\/9790232113425_1_v.jpg"},"orderable":true,"show_badge":true,"formatted_price":"30,00&nbsp;\u20ac","formatted_published_date":"15 juin 2016","publisher_availability_label":"Sur commande","short_details":"Johann-sebastian Bach, Fran\u00e7ois Delalande \u2014 Delatour","translator":null,"weight":54,"page_count":196,"readership":null,"editor":"Delatour","price":3000,"published_date":"2016-06-14T22:00:00.000000Z","support":"Partitions musicales","publisher_availability":1,"stock":0,"editions":[],"url":"https:\/\/quaidesbrumes.com\/ouvrage\/9790232113425\/le-petit-livre-dorgue-orgelbuchlein-transcrit-pour-deux-instruments-a-un-seul-clavier"},{"id":"9790232107479","title":"Sonate en la mineur pour violoncelle et piano","description":null,"authors":["Marie Ja\u00ebll"],"category_codes":["6000000","6030000","6031200"],"visuals":{"large":"https:\/\/images.epagine.fr\/479\/9790232107479_1_75.jpg","medium":"https:\/\/images.epagine.fr\/479\/9790232107479_1_m.jpg","thumbnail":"https:\/\/images.epagine.fr\/479\/9790232107479_1_v.jpg"},"orderable":true,"show_badge":true,"formatted_price":"31,12&nbsp;\u20ac","formatted_published_date":"15 juin 2012","publisher_availability_label":"Sur commande","short_details":"Marie Ja\u00ebll \u2014 Delatour","translator":null,"weight":34,"page_count":108,"readership":null,"editor":"Delatour","price":3112,"published_date":"2012-06-14T22:00:00.000000Z","support":"Partitions musicales","publisher_availability":1,"stock":0,"editions":[],"url":"https:\/\/quaidesbrumes.com\/ouvrage\/9790232107479\/sonate-en-la-mineur-pour-violoncelle-et-piano"},{"id":"9790232106915","title":"Tango pour orchestre d'harmonie (MATERIEL)","description":null,"authors":["Andr\u00e9 Isoir"],"category_codes":["6000000","6030000","6031200"],"visuals":{"large":"https:\/\/images.epagine.fr\/915\/9790232106915_1_75.jpg","medium":"https:\/\/images.epagine.fr\/915\/9790232106915_1_m.jpg","thumbnail":"https:\/\/images.epagine.fr\/915\/9790232106915_1_v.jpg"},"orderable":true,"show_badge":true,"formatted_price":"32,71&nbsp;\u20ac","formatted_published_date":"15 juin 2012","publisher_availability_label":"Sur commande","short_details":"Andr\u00e9 Isoir \u2014 Delatour","translator":null,"weight":120,"page_count":52,"readership":null,"editor":"Delatour","price":3271,"published_date":"2012-06-14T22:00:00.000000Z","support":"Partitions musicales","publisher_availability":1,"stock":0,"editions":[],"url":"https:\/\/quaidesbrumes.com\/ouvrage\/9790232106915\/tango-pour-orchestre-dharmonie-materiel"},{"id":"9790232108582","title":"Quatuor \u00e0  cordes n\u00b01","description":null,"authors":["Timothy Hayward"],"category_codes":["6000000","6030000","6031200"],"visuals":{"large":"https:\/\/images.epagine.fr\/582\/9790232108582_1_75.jpg","medium":"https:\/\/images.epagine.fr\/582\/9790232108582_1_m.jpg","thumbnail":"https:\/\/images.epagine.fr\/582\/9790232108582_1_v.jpg"},"orderable":true,"show_badge":true,"formatted_price":"35,87&nbsp;\u20ac","formatted_published_date":"15 juin 2014","publisher_availability_label":"Sur commande","short_details":"Timothy Hayward \u2014 Delatour","translator":null,"weight":100,"page_count":72,"readership":null,"editor":"Delatour","price":3587,"published_date":"2014-06-14T22:00:00.000000Z","support":"Partitions musicales","publisher_availability":1,"stock":0,"editions":[],"url":"https:\/\/quaidesbrumes.com\/ouvrage\/9790232108582\/quatuor-a-cordes-n1"},{"id":"9790232106090","title":"Trio pour violon, violoncelle et piano","description":null,"authors":["Dynam-victor Fumet"],"category_codes":["6000000","6030000","6031200"],"visuals":{"large":"https:\/\/images.epagine.fr\/090\/9790232106090_1_75.jpg","medium":"https:\/\/images.epagine.fr\/090\/9790232106090_1_m.jpg","thumbnail":"https:\/\/images.epagine.fr\/090\/9790232106090_1_v.jpg"},"orderable":true,"show_badge":true,"formatted_price":"36,93&nbsp;\u20ac","formatted_published_date":"15 juin 2011","publisher_availability_label":"Sur commande","short_details":"Dynam-victor Fumet \u2014 Delatour","translator":null,"weight":35,"page_count":84,"readership":null,"editor":"Delatour","price":3693,"published_date":"2011-06-14T22:00:00.000000Z","support":"Partitions musicales","publisher_availability":1,"stock":0,"editions":[],"url":"https:\/\/quaidesbrumes.com\/ouvrage\/9790232106090\/trio-pour-violon-violoncelle-et-piano"},{"id":"9790232112336","title":"Un violon pour une Orchid\u00e9e pour orchestre \u00e0  cordes (MATERIEL)","description":null,"authors":["Rose-Marie Jougla"],"category_codes":["6000000","6030000","6031200"],"visuals":{"large":"https:\/\/images.epagine.fr\/336\/9790232112336_1_75.jpg","medium":"https:\/\/images.epagine.fr\/336\/9790232112336_1_m.jpg","thumbnail":"https:\/\/images.epagine.fr\/336\/9790232112336_1_v.jpg"},"orderable":true,"show_badge":true,"formatted_price":"39,00&nbsp;\u20ac","formatted_published_date":"15 juin 2015","publisher_availability_label":"Sur commande","short_details":"Rose-Marie Jougla \u2014 Delatour","translator":null,"weight":150,"page_count":null,"readership":null,"editor":"Delatour","price":3900,"published_date":"2015-06-14T22:00:00.000000Z","support":"Partitions musicales","publisher_availability":1,"stock":0,"editions":[],"url":"https:\/\/quaidesbrumes.com\/ouvrage\/9790232112336\/un-violon-pour-une-orchidee-pour-orchestre-a-cordes-materiel"},{"id":"9790232108254","title":"Un violon pour une Orchid\u00e9e pour 16 violons","description":null,"authors":["Rose-Marie Jougla"],"category_codes":["6000000","6030000","6031200"],"visuals":{"large":"https:\/\/images.epagine.fr\/254\/9790232108254_1_75.jpg","medium":"https:\/\/images.epagine.fr\/254\/9790232108254_1_m.jpg","thumbnail":"https:\/\/images.epagine.fr\/254\/9790232108254_1_v.jpg"},"orderable":true,"show_badge":true,"formatted_price":"41,15&nbsp;\u20ac","formatted_published_date":"15 juin 2014","publisher_availability_label":"Sur commande","short_details":"Rose-Marie Jougla \u2014 Delatour","translator":null,"weight":48,"page_count":144,"readership":null,"editor":"Delatour","price":4115,"published_date":"2014-06-14T22:00:00.000000Z","support":"Partitions musicales","publisher_availability":1,"stock":0,"editions":[],"url":"https:\/\/quaidesbrumes.com\/ouvrage\/9790232108254\/un-violon-pour-une-orchidee-pour-16-violons"},{"id":"9790232108261","title":"Un violon pour une Orchid\u00e9e pour 16 violons et altos","description":null,"authors":["Rose-Marie Jougla"],"category_codes":["6000000","6030000","6031200"],"visuals":{"large":"https:\/\/images.epagine.fr\/261\/9790232108261_1_75.jpg","medium":"https:\/\/images.epagine.fr\/261\/9790232108261_1_m.jpg","thumbnail":"https:\/\/images.epagine.fr\/261\/9790232108261_1_v.jpg"},"orderable":true,"show_badge":true,"formatted_price":"41,15&nbsp;\u20ac","formatted_published_date":"15 juin 2014","publisher_availability_label":"Sur commande","short_details":"Rose-Marie Jougla \u2014 Delatour","translator":null,"weight":48,"page_count":144,"readership":null,"editor":"Delatour","price":4115,"published_date":"2014-06-14T22:00:00.000000Z","support":"Partitions musicales","publisher_availability":1,"stock":0,"editions":[],"url":"https:\/\/quaidesbrumes.com\/ouvrage\/9790232108261\/un-violon-pour-une-orchidee-pour-16-violons-et-altos"},{"id":"9790560174921","title":"Danse Balkanique pour orchestre","description":null,"authors":["Michel Baron"],"category_codes":["6000000","6030000","6031200"],"visuals":{"large":"https:\/\/images.epagine.fr\/921\/9790560174921_1_75.jpg","medium":"https:\/\/images.epagine.fr\/921\/9790560174921_1_m.jpg","thumbnail":"https:\/\/images.epagine.fr\/921\/9790560174921_1_v.jpg"},"orderable":true,"show_badge":true,"formatted_price":"43,26&nbsp;\u20ac","formatted_published_date":"15 juin 2005","publisher_availability_label":"Sur commande","short_details":"Michel Baron \u2014 Delatour","translator":null,"weight":120,"page_count":90,"readership":null,"editor":"Delatour","price":4326,"published_date":"2005-06-14T22:00:00.000000Z","support":"Partitions musicales","publisher_availability":1,"stock":0,"editions":[],"url":"https:\/\/quaidesbrumes.com\/ouvrage\/9790560174921\/danse-balkanique-pour-orchestre"},{"id":"9790560176949","title":"Philikos pour alto solo et quintette d'altos","description":null,"authors":["Jean-michel Ferran"],"category_codes":["6000000","6030000","6031200"],"visuals":{"large":"https:\/\/images.epagine.fr\/949\/9790560176949_1_75.jpg","medium":"https:\/\/images.epagine.fr\/949\/9790560176949_1_m.jpg","thumbnail":"https:\/\/images.epagine.fr\/949\/9790560176949_1_v.jpg"},"orderable":true,"show_badge":true,"formatted_price":"46,42&nbsp;\u20ac","formatted_published_date":"15 juin 2005","publisher_availability_label":"Sur commande","short_details":"Jean-michel Ferran \u2014 Delatour","translator":null,"weight":55,"page_count":72,"readership":null,"editor":"Delatour","price":4642,"published_date":"2005-06-14T22:00:00.000000Z","support":"Partitions musicales","publisher_availability":1,"stock":0,"editions":[],"url":"https:\/\/quaidesbrumes.com\/ouvrage\/9790560176949\/philikos-pour-alto-solo-et-quintette-daltos"},{"id":"9790232110295","title":"Les imaginaires : Suite pour orchestre (CONDUCTEUR)","description":null,"authors":["Jacques Bondon"],"category_codes":["6000000","6030000","6031200"],"visuals":{"large":"https:\/\/images.epagine.fr\/295\/9790232110295_1_75.jpg","medium":"https:\/\/images.epagine.fr\/295\/9790232110295_1_m.jpg","thumbnail":"https:\/\/images.epagine.fr\/295\/9790232110295_1_v.jpg"},"orderable":true,"show_badge":true,"formatted_price":"47,48&nbsp;\u20ac","formatted_published_date":"15 juin 2014","publisher_availability_label":"Sur commande","short_details":"Jacques Bondon \u2014 Delatour","translator":null,"weight":98,"page_count":142,"readership":null,"editor":"Delatour","price":4748,"published_date":"2014-06-14T22:00:00.000000Z","support":"Partitions musicales","publisher_availability":1,"stock":0,"editions":[],"url":"https:\/\/quaidesbrumes.com\/ouvrage\/9790232110295\/les-imaginaires-suite-pour-orchestre-conducteur"},{"id":"9790232107721","title":"Requiem opus 50 - Conducteur","description":null,"authors":["Frederic Ledroit"],"category_codes":["6000000","6030000","6031200"],"visuals":{"large":"https:\/\/images.epagine.fr\/721\/9790232107721_1_75.jpg","medium":"https:\/\/images.epagine.fr\/721\/9790232107721_1_m.jpg","thumbnail":"https:\/\/images.epagine.fr\/721\/9790232107721_1_v.jpg"},"orderable":true,"show_badge":true,"formatted_price":"48,00&nbsp;\u20ac","formatted_published_date":"15 juin 2013","publisher_availability_label":"Sur commande","short_details":"Frederic Ledroit \u2014 Delatour","translator":null,"weight":60,"page_count":180,"readership":null,"editor":"Delatour","price":4800,"published_date":"2013-06-14T22:00:00.000000Z","support":"Partitions musicales","publisher_availability":1,"stock":0,"editions":[],"url":"https:\/\/quaidesbrumes.com\/ouvrage\/9790232107721\/requiem-opus-50-conducteur"},{"id":"9790560176512","title":"Von seelengrund - Cantate concerto pour choeur d'hommes, violon solo et orchestre \u00e0  cordes (CONDUCTEUR)","description":null,"authors":["Anthony Girard"],"category_codes":["6000000","6030000","6031200"],"visuals":{"large":"https:\/\/images.epagine.fr\/512\/9790560176512_1_75.jpg","medium":"https:\/\/images.epagine.fr\/512\/9790560176512_1_m.jpg","thumbnail":"https:\/\/images.epagine.fr\/512\/9790560176512_1_v.jpg"},"orderable":true,"show_badge":true,"formatted_price":"58,03&nbsp;\u20ac","formatted_published_date":"15 juin 2005","publisher_availability_label":"Sur commande","short_details":"Anthony Girard \u2014 Delatour","translator":null,"weight":55,"page_count":56,"readership":null,"editor":"Delatour","price":5803,"published_date":"2005-06-14T22:00:00.000000Z","support":"Partitions musicales","publisher_availability":1,"stock":0,"editions":[],"url":"https:\/\/quaidesbrumes.com\/ouvrage\/9790560176512\/von-seelengrund-cantate-concerto-pour-choeur-dhommes-violon-solo-et-orchestre-a-cordes-conducteur"},{"id":"9790232112794","title":"Dzong pour 2 cors, percussions et orchestre \u00e0  cordes (MATERIEL)","description":null,"authors":["Alexandre Ouzounoff"],"category_codes":["6000000","6030000","6031200"],"visuals":{"large":"https:\/\/images.epagine.fr\/794\/9790232112794_1_75.jpg","medium":"https:\/\/images.epagine.fr\/794\/9790232112794_1_m.jpg","thumbnail":"https:\/\/images.epagine.fr\/794\/9790232112794_1_v.jpg"},"orderable":true,"show_badge":true,"formatted_price":"89,00&nbsp;\u20ac","formatted_published_date":"15 juin 2016","publisher_availability_label":"Sur commande","short_details":"Alexandre Ouzounoff \u2014 Delatour","translator":null,"weight":250,"page_count":160,"readership":null,"editor":"Delatour","price":8900,"published_date":"2016-06-14T22:00:00.000000Z","support":"Partitions musicales","publisher_availability":1,"stock":0,"editions":[],"url":"https:\/\/quaidesbrumes.com\/ouvrage\/9790232112794\/dzong-pour-2-cors-percussions-et-orchestre-a-cordes-materiel"},{"id":"9782378483371","title":"Archive : livret de famille","description":"Fin 2019, Archive achevait \u00e0 Madrid une tourn\u00e9e europ\u00e9enne c\u00e9l\u00e9brant ses 25 ans. Alors qu'ils rentraient chez eux, fatigu\u00e9s mais combl\u00e9s par l'accueil du public, les musiciens \u00e9taient loin de se douter qu'ils ne reverraient pas de sc\u00e8ne avant longtemps. Trois ans plus tard, le collectif revient avec ce qui est sans doute l'un des disques les plus importants de sa carri\u00e8re, nourri des angoisses et des frustrations d'une p\u00e9riode pendant laquelle il a fallu survivre en esp\u00e9rant de voir enfin la lumi\u00e8re au bout du tunnel, comme le dit Darius Keeler : \u00ab R\u00e9fl\u00e9chir \u00e0 cette \u00e9poque en tant qu'artistes a fait na\u00eetre une certaine noirceur et une certaine col\u00e8re, mais aussi une \u00e9trange forme d'inspiration qui \u00e9tait parfois troublante. Cela nous a vraiment fait appr\u00e9cier le pouvoir de la musique et la chance que nous avons de pouvoir exprimer nos sentiments de cette mani\u00e8re. Il semble qu'il y ait de la lumi\u00e8re au bout du tunnel, mais il y a toujours une part d'ombre dans cette lumi\u00e8re. \u00bb Ce livre retrace, et ce pour la premi\u00e8re fois, l'histoire d'Archive, groupe devenu au fil du temps une v\u00e9ritable famille, depuis ses d\u00e9buts et la cr\u00e9ation du chef-d'oeuvre qu'est Londinium jusqu'\u00e0 ce dernier album, Call to arms & angels, qui n'a rien \u00e0 envier \u00e0 son illustre a\u00een\u00e9.","authors":["Xavier Martin"],"category_codes":["6000000","6030000","6030400"],"visuals":{"large":"https:\/\/images.epagine.fr\/371\/9782378483371_1_75.jpg","medium":"https:\/\/images.epagine.fr\/371\/9782378483371_1_m.jpg","thumbnail":"https:\/\/images.epagine.fr\/371\/9782378483371_1_v.jpg"},"orderable":true,"show_badge":true,"formatted_price":"30,00&nbsp;\u20ac","formatted_published_date":"29 septembre 2022","publisher_availability_label":"Sur commande","short_details":"Xavier Martin \u2014 Le Camion Blanc","translator":null,"weight":601,"page_count":null,"readership":null,"editor":"Le Camion Blanc","price":3000,"published_date":"2022-09-28T22:00:00.000000Z","support":"Grand format","publisher_availability":1,"stock":0,"editions":[],"url":"https:\/\/quaidesbrumes.com\/ouvrage\/9782378483371\/archive-livret-de-famille"},{"id":"9782357798533","title":"Nyhc new york hardcore 1980 - 1990","description":"C\u00e9l\u00e8bre dans les ann\u00e9es 70 pour sa sc\u00e8ne punk, New York a cristallis\u00e9 la sinistre r\u00e9alit\u00e9 urbaine des ann\u00e9es 80 dans un brusque soul\u00e8vement musical : le NYHC [New York Hardcore]. Alors que des formations de marginaux issus de la r\u00e9gion enti\u00e8re gravitaient aux fronti\u00e8res perdues du Lower East Side de Manhattan, des groupes comme Agnostic Front, Cro-Mags, Murphy's Law ou Youth of Today affrontaient le quotidien avec une \u00e9nergie croissante lors de concerts \u00e0 l'A7 ou au CBGB, sans compter la multitude d'autres squats hauts en couleur. Avec une introduction de Freddy Cricien, de Madball, qui a fait ses d\u00e9buts sur sc\u00e8ne avec Agnostic Front \u00e0 l'\u00e2ge de sept ans, le compte rendu ambitieux de Tony Rettman couvre dix ans de bataille, abordant notamment les rivalit\u00e9s au sein du mouvement avec Washington et Boston, la naissance du mosh, la fusion du hardcore et du heavy metal, le straight-edge et l'influence inattendue de la Conscience de Krishna. NYHC : New York Hardcore 1980-1990 arpente les trottoirs de la m\u00e9gapole par ces r\u00e9cits f\u00e9roces de personnages plus vrais que nature, retra\u00e7ant des prouesses de volont\u00e9 inattendues. Ces r\u00e9cits captivants, voire hilarants pour certains, retracent all\u00e8grement une histoire de New York, m\u00ealant plus de cent entretiens avec des musiciens de tout bord, d'Absolution \u00e0 Warzone, en passant par Agnostic Front, Bad Brains, Cause For Alarm, Cro-Mags, Death Before Dishonor, False Prophets, Gorilla Biscuits, Heart Attack, the Misfits, Murphy's Law, Pro Pain, Sick Of It All, et de nombreux autres.\r","authors":["Rettman Tony"],"category_codes":["6000000","6030000"],"visuals":{"large":"https:\/\/images.epagine.fr\/533\/9782357798533_1_75.jpg","medium":"https:\/\/images.epagine.fr\/533\/9782357798533_1_m.jpg","thumbnail":"https:\/\/images.epagine.fr\/533\/9782357798533_1_v.jpg"},"orderable":true,"show_badge":true,"formatted_price":"34,00&nbsp;\u20ac","formatted_published_date":"15 juin 2016","publisher_availability_label":"Sur commande","short_details":"Rettman Tony \u2014 Le Camion Blanc","translator":null,"weight":580,"page_count":null,"readership":null,"editor":"Le Camion Blanc","price":3400,"published_date":"2016-06-14T22:00:00.000000Z","support":"Grand format","publisher_availability":1,"stock":0,"editions":[],"url":"https:\/\/quaidesbrumes.com\/ouvrage\/9782357798533\/nyhc-new-york-hardcore-1980-1990"},{"id":"9782357798380","title":"Chanteurs et groupes fran\u00e7ais ; 2000-2015, bobos et d\u00e9pressifs","description":"Si les ann\u00e9es 80 \u00e9taient narcissiques, les 90's d\u00e9senchant\u00e9es, durant la p\u00e9riode 2000-2015 certains artistes semblent se d\u00e9valoriser, manquer de confiance en eux. La premi\u00e8re partie de l'ouvrage est consacr\u00e9e aux rockers, aux marginaux, aux textes de Daniel Darc, Damien Saez, Didier Wampas, des Fatals Picards. Puis c'est au tour des bobos, Carla Bruni, Rapha\u00ebl, du Pop-Rock, \u00ab M \u00bb, Dionysos, Axelle Red, Emilie Simon, Calogero. Ce qui caract\u00e9rise surtout les ann\u00e9es 2000-2015, ce sont les artistes polyvalents, \u00e0 la fois acteurs et chanteurs, Benjamin Biolay, Charlotte Gainsbourg, Julien Dor\u00e9, les individualistes, Stromae, Cali, Christophe Willem, Emily Loizeau, les chanteurs fantaisistes ou ironiques, Brigitte Fontaine, Sanseverino, Philippe Katerine, Vincent Delerm. Enfin, les chanteurs populaires, parfois populistes, Zaz, B\u00e9nabar et son regard d\u00e9sabus\u00e9.\r","authors":["J\u00e9r\u00f4me Pintoux"],"category_codes":["6000000","6030000","6030300"],"visuals":{"large":"https:\/\/images.epagine.fr\/380\/9782357798380_1_75.jpg","medium":"https:\/\/images.epagine.fr\/380\/9782357798380_1_m.jpg","thumbnail":"https:\/\/images.epagine.fr\/380\/9782357798380_1_v.jpg"},"orderable":true,"show_badge":true,"formatted_price":"30,00&nbsp;\u20ac","formatted_published_date":"15 juin 2016","publisher_availability_label":"Sur commande","short_details":"J\u00e9r\u00f4me Pintoux \u2014 Le Camion Blanc","translator":null,"weight":304,"page_count":null,"readership":null,"editor":"Le Camion Blanc","price":3000,"published_date":"2016-06-14T22:00:00.000000Z","support":"Grand format","publisher_availability":1,"stock":0,"editions":[],"url":"https:\/\/quaidesbrumes.com\/ouvrage\/9782357798380\/chanteurs-et-groupes-francais-2000-2015-bobos-et-depressifs"}]}