{"data":[{"id":"9790560172668","title":"Le glas des miroirs (scene iv)","description":null,"authors":["Thomassin Arthur"],"category_codes":["6000000","6030000","6031100"],"visuals":{"large":"https:\/\/images.epagine.fr\/668\/9790560172668_1_75.jpg","medium":"https:\/\/images.epagine.fr\/668\/9790560172668_1_m.jpg","thumbnail":"https:\/\/images.epagine.fr\/668\/9790560172668_1_v.jpg"},"orderable":true,"show_badge":true,"formatted_price":"37,45&nbsp;\u20ac","formatted_published_date":"1er janvier 2004","publisher_availability_label":"Sur commande","short_details":"Thomassin Arthur \u2014 Delatour","translator":null,"weight":200,"page_count":null,"readership":null,"editor":"Delatour","price":3745,"published_date":"2003-12-31T23:00:00.000000Z","support":"Grand format","publisher_availability":1,"stock":0,"editions":[],"url":"https:\/\/quaidesbrumes.com\/ouvrage\/9790560172668\/le-glas-des-miroirs-scene-iv"},{"id":"9790560173696","title":"Quintette \u00e0  vent","description":null,"authors":["Alexandre Gasparov"],"category_codes":["6000000","6030000","6031200"],"visuals":{"large":"https:\/\/images.epagine.fr\/696\/9790560173696_1_75.jpg","medium":"https:\/\/images.epagine.fr\/696\/9790560173696_1_m.jpg","thumbnail":"https:\/\/images.epagine.fr\/696\/9790560173696_1_v.jpg"},"orderable":true,"show_badge":true,"formatted_price":"37,46&nbsp;\u20ac","formatted_published_date":"15 juin 2004","publisher_availability_label":"Sur commande","short_details":"Alexandre Gasparov \u2014 Delatour","translator":null,"weight":400,"page_count":120,"readership":null,"editor":"Delatour","price":3746,"published_date":"2004-06-14T22:00:00.000000Z","support":"Partitions musicales","publisher_availability":1,"stock":0,"editions":[],"url":"https:\/\/quaidesbrumes.com\/ouvrage\/9790560173696\/quintette-a-vent"},{"id":"9790560176475","title":"Trio pour trompette, cor et trombone","description":null,"authors":["Felicien Wolff"],"category_codes":["6000000","6030000","6031200"],"visuals":{"large":"https:\/\/images.epagine.fr\/475\/9790560176475_1_75.jpg","medium":"https:\/\/images.epagine.fr\/475\/9790560176475_1_m.jpg","thumbnail":"https:\/\/images.epagine.fr\/475\/9790560176475_1_v.jpg"},"orderable":true,"show_badge":true,"formatted_price":"37,46&nbsp;\u20ac","formatted_published_date":"15 juin 2005","publisher_availability_label":"Sur commande","short_details":"Felicien Wolff \u2014 Delatour","translator":null,"weight":250,"page_count":60,"readership":null,"editor":"Delatour","price":3746,"published_date":"2005-06-14T22:00:00.000000Z","support":"Partitions musicales","publisher_availability":1,"stock":0,"editions":[],"url":"https:\/\/quaidesbrumes.com\/ouvrage\/9790560176475\/trio-pour-trompette-cor-et-trombone"},{"id":"9790232109800","title":"Pr\u00e9lude pastoral et fugue pour piccolo, hautbois et cordes (MATERIEL)","description":null,"authors":["Thierry Pallesco"],"category_codes":["6000000","6030000","6031200"],"visuals":{"large":"https:\/\/quaidesbrumes.com\/img\/book-placeholder.png","medium":"https:\/\/quaidesbrumes.com\/img\/book-placeholder.png","thumbnail":"https:\/\/quaidesbrumes.com\/img\/book-placeholder.png"},"orderable":true,"show_badge":true,"formatted_price":"39,00&nbsp;\u20ac","formatted_published_date":"15 juin 2014","publisher_availability_label":"Sur commande","short_details":"Thierry Pallesco \u2014 Delatour","translator":null,"weight":250,"page_count":168,"readership":null,"editor":"Delatour","price":3900,"published_date":"2014-06-14T22:00:00.000000Z","support":"Partitions musicales","publisher_availability":1,"stock":0,"editions":[],"url":"https:\/\/quaidesbrumes.com\/ouvrage\/9790232109800\/prelude-pastoral-et-fugue-pour-piccolo-hautbois-et-cordes-materiel"},{"id":"9790232105536","title":"Sonate pour 8 violoncelles","description":null,"authors":["Wolff Jean-Claude"],"category_codes":["6000000","6030000","6031100"],"visuals":{"large":"https:\/\/images.epagine.fr\/536\/9790232105536_1_75.jpg","medium":"https:\/\/images.epagine.fr\/536\/9790232105536_1_m.jpg","thumbnail":"https:\/\/images.epagine.fr\/536\/9790232105536_1_v.jpg"},"orderable":true,"show_badge":true,"formatted_price":"40,09&nbsp;\u20ac","formatted_published_date":"2 janvier 2010","publisher_availability_label":"Sur commande","short_details":"Wolff Jean-Claude \u2014 Delatour","translator":null,"weight":500,"page_count":null,"readership":null,"editor":"Delatour","price":4009,"published_date":"2010-01-01T23:00:00.000000Z","support":"Grand format","publisher_availability":1,"stock":0,"editions":[],"url":"https:\/\/quaidesbrumes.com\/ouvrage\/9790232105536\/sonate-pour-8-violoncelles"},{"id":"9790232102443","title":"Concerto pour hautbois et orchestre \u00e0  cordes (CONDUCTEUR)","description":null,"authors":["Gilles Silvestrini"],"category_codes":["6000000","6030000","6031200"],"visuals":{"large":"https:\/\/quaidesbrumes.com\/img\/book-placeholder.png","medium":"https:\/\/quaidesbrumes.com\/img\/book-placeholder.png","thumbnail":"https:\/\/quaidesbrumes.com\/img\/book-placeholder.png"},"orderable":true,"show_badge":true,"formatted_price":"38,00&nbsp;\u20ac","formatted_published_date":"15 juin 2008","publisher_availability_label":"Sur commande","short_details":"Gilles Silvestrini \u2014 Delatour","translator":null,"weight":600,"page_count":152,"readership":null,"editor":"Delatour","price":3800,"published_date":"2008-06-14T22:00:00.000000Z","support":"Partitions musicales","publisher_availability":1,"stock":0,"editions":[],"url":"https:\/\/quaidesbrumes.com\/ouvrage\/9790232102443\/concerto-pour-hautbois-et-orchestre-a-cordes-conducteur"},{"id":"9790560178752","title":"Symphonia sacra pour dixtuor \u00e0  vent","description":null,"authors":["Olivier Calmel"],"category_codes":["6000000","6030000","6031200"],"visuals":{"large":"https:\/\/images.epagine.fr\/752\/9790560178752_1_75.jpg","medium":"https:\/\/images.epagine.fr\/752\/9790560178752_1_m.jpg","thumbnail":"https:\/\/images.epagine.fr\/752\/9790560178752_1_v.jpg"},"orderable":true,"show_badge":true,"formatted_price":"40,66&nbsp;\u20ac","formatted_published_date":"15 juin 2006","publisher_availability_label":"Sur commande","short_details":"Olivier Calmel \u2014 Delatour","translator":null,"weight":400,"page_count":112,"readership":null,"editor":"Delatour","price":4066,"published_date":"2006-06-14T22:00:00.000000Z","support":"Partitions musicales","publisher_availability":1,"stock":0,"editions":[],"url":"https:\/\/quaidesbrumes.com\/ouvrage\/9790560178752\/symphonia-sacra-pour-dixtuor-a-vent"},{"id":"9790560170138","title":"Cantate Biblique (Entre Ciel et Terre) pour 4 fl\u00fbtes et basson ou violoncelle","description":"Compos\u00e9e pour la musique du film sur Isra\u00ebl \u00ab Entre ciel et terre \u00bb dans les ann\u00e9es 1950 (il s'agit d'une \u00e9vocation des lieux saints) l'inspiration de l'auteur prend sa source dans ce qu'il appelait lui-m\u00eame les \u00ab horizons ant\u00e9rieurs \u00bb ce qui explique sans doute un langage plus traditionnel qui n'est pas sans rappeler celui de la cantate. La r\u00e9ussite exemplaire de cette musique de film a encourag\u00e9 le compositeur \u00e0 en faire cette oeuvre d\u00e9finitive.","authors":["Rapha\u00ebl Fumet"],"category_codes":["6000000","6030000","6031200"],"visuals":{"large":"https:\/\/images.epagine.fr\/138\/9790560170138_1_75.jpg","medium":"https:\/\/images.epagine.fr\/138\/9790560170138_1_m.jpg","thumbnail":"https:\/\/images.epagine.fr\/138\/9790560170138_1_v.jpg"},"orderable":true,"show_badge":true,"formatted_price":"41,15&nbsp;\u20ac","formatted_published_date":"15 juin 2004","publisher_availability_label":"Sur commande","short_details":"Rapha\u00ebl Fumet \u2014 Delatour","translator":null,"weight":250,"page_count":64,"readership":null,"editor":"Delatour","price":4115,"published_date":"2004-06-14T22:00:00.000000Z","support":"Partitions musicales","publisher_availability":1,"stock":0,"editions":[],"url":"https:\/\/quaidesbrumes.com\/ouvrage\/9790560170138\/cantate-biblique-entre-ciel-et-terre-pour-4-flutes-et-basson-ou-violoncelle"},{"id":"9790560176376","title":"Shalott pour 12 instruments (MATERIEL)","description":null,"authors":["Marcela Pavia"],"category_codes":["6000000","6030000","6031200"],"visuals":{"large":"https:\/\/quaidesbrumes.com\/img\/book-placeholder.png","medium":"https:\/\/quaidesbrumes.com\/img\/book-placeholder.png","thumbnail":"https:\/\/quaidesbrumes.com\/img\/book-placeholder.png"},"orderable":true,"show_badge":true,"formatted_price":"41,15&nbsp;\u20ac","formatted_published_date":"15 juin 2005","publisher_availability_label":"Sur commande","short_details":"Marcela Pavia \u2014 Delatour","translator":null,"weight":300,"page_count":72,"readership":null,"editor":"Delatour","price":4115,"published_date":"2005-06-14T22:00:00.000000Z","support":"Partitions musicales","publisher_availability":1,"stock":0,"editions":[],"url":"https:\/\/quaidesbrumes.com\/ouvrage\/9790560176376\/shalott-pour-12-instruments-materiel"},{"id":"9790560178073","title":"Quatuor \u00e0  cordes en la majeur","description":"Le quatuor \u00e0 cordes en la majeur de Rapha\u00ebl Fumet peut \u00e0 juste titre \u00eatre consid\u00e9r\u00e9 comme l'une de ses oeuvres majeures. A une \u00e9poque o\u00f9 la plupart de ses contemporains avaient abandonn\u00e9 la tonalit\u00e9, on peut se demander si cette oeuvre en la majeur n'est pas une sorte de provocation par rapport \u00e0 j'environnement de son temps.","authors":["Rapha\u00ebl Fumet"],"category_codes":["6000000","6030000","6031200"],"visuals":{"large":"https:\/\/images.epagine.fr\/073\/9790560178073_1_75.jpg","medium":"https:\/\/images.epagine.fr\/073\/9790560178073_1_m.jpg","thumbnail":"https:\/\/images.epagine.fr\/073\/9790560178073_1_v.jpg"},"orderable":true,"show_badge":true,"formatted_price":"41,15&nbsp;\u20ac","formatted_published_date":"15 juin 2006","publisher_availability_label":"Sur commande","short_details":"Rapha\u00ebl Fumet \u2014 Delatour","translator":null,"weight":550,"page_count":144,"readership":null,"editor":"Delatour","price":4115,"published_date":"2006-06-14T22:00:00.000000Z","support":"Partitions musicales","publisher_availability":1,"stock":0,"editions":[],"url":"https:\/\/quaidesbrumes.com\/ouvrage\/9790560178073\/quatuor-a-cordes-en-la-majeur"},{"id":"9790560174792","title":"Magnificat pour soprano et orchestre de chambre","description":null,"authors":["Eugenio-maria Fagiani"],"category_codes":["6000000","6030000","6031200"],"visuals":{"large":"https:\/\/images.epagine.fr\/792\/9790560174792_1_75.jpg","medium":"https:\/\/images.epagine.fr\/792\/9790560174792_1_m.jpg","thumbnail":"https:\/\/images.epagine.fr\/792\/9790560174792_1_v.jpg"},"orderable":true,"show_badge":true,"formatted_price":"41,15&nbsp;\u20ac","formatted_published_date":"15 juin 2005","publisher_availability_label":"Sur commande","short_details":"Eugenio-maria Fagiani \u2014 Delatour","translator":null,"weight":300,"page_count":98,"readership":null,"editor":"Delatour","price":4115,"published_date":"2005-06-14T22:00:00.000000Z","support":"Partitions musicales","publisher_availability":1,"stock":0,"editions":[],"url":"https:\/\/quaidesbrumes.com\/ouvrage\/9790560174792\/magnificat-pour-soprano-et-orchestre-de-chambre"},{"id":"9790560171029","title":"Saturne pour grand orchestre (CONDUCTEUR)","description":null,"authors":["Jean-Philippe Bec"],"category_codes":["6000000","6030000","6031200"],"visuals":{"large":"https:\/\/images.epagine.fr\/029\/9790560171029_1_75.jpg","medium":"https:\/\/images.epagine.fr\/029\/9790560171029_1_m.jpg","thumbnail":"https:\/\/images.epagine.fr\/029\/9790560171029_1_v.jpg"},"orderable":true,"show_badge":true,"formatted_price":"42,20&nbsp;\u20ac","formatted_published_date":"15 juin 2004","publisher_availability_label":"Sur commande","short_details":"Jean-Philippe Bec \u2014 Delatour","translator":null,"weight":700,"page_count":72,"readership":null,"editor":"Delatour","price":4220,"published_date":"2004-06-14T22:00:00.000000Z","support":"Partitions musicales","publisher_availability":1,"stock":0,"editions":[],"url":"https:\/\/quaidesbrumes.com\/ouvrage\/9790560171029\/saturne-pour-grand-orchestre-conducteur"},{"id":"9790560170091","title":"I will stay in wonderland pour 11 musiciens (CONDUCTEUR)","description":null,"authors":["Jean-Philippe Bec"],"category_codes":["6000000","6030000","6031200"],"visuals":{"large":"https:\/\/images.epagine.fr\/091\/9790560170091_1_75.jpg","medium":"https:\/\/images.epagine.fr\/091\/9790560170091_1_m.jpg","thumbnail":"https:\/\/images.epagine.fr\/091\/9790560170091_1_v.jpg"},"orderable":true,"show_badge":true,"formatted_price":"42,20&nbsp;\u20ac","formatted_published_date":"15 juin 2004","publisher_availability_label":"Sur commande","short_details":"Jean-Philippe Bec \u2014 Delatour","translator":null,"weight":800,"page_count":92,"readership":null,"editor":"Delatour","price":4220,"published_date":"2004-06-14T22:00:00.000000Z","support":"Partitions musicales","publisher_availability":1,"stock":0,"editions":[],"url":"https:\/\/quaidesbrumes.com\/ouvrage\/9790560170091\/i-will-stay-in-wonderland-pour-11-musiciens-conducteur"},{"id":"9790232103518","title":"Celui par qui les mondes... pour r\u00e9citant, solistes, choeurs, orchestre et orgue (CONDUCTEUR)","description":null,"authors":["Jean Legoupil"],"category_codes":["6000000","6030000","6031200"],"visuals":{"large":"https:\/\/quaidesbrumes.com\/img\/book-placeholder.png","medium":"https:\/\/quaidesbrumes.com\/img\/book-placeholder.png","thumbnail":"https:\/\/quaidesbrumes.com\/img\/book-placeholder.png"},"orderable":true,"show_badge":true,"formatted_price":"43,26&nbsp;\u20ac","formatted_published_date":"15 juin 2009","publisher_availability_label":"Sur commande","short_details":"Jean Legoupil \u2014 Delatour","translator":null,"weight":250,"page_count":80,"readership":null,"editor":"Delatour","price":4326,"published_date":"2009-06-14T22:00:00.000000Z","support":"Partitions musicales","publisher_availability":1,"stock":0,"editions":[],"url":"https:\/\/quaidesbrumes.com\/ouvrage\/9790232103518\/celui-par-qui-les-mondes-pour-recitant-solistes-choeurs-orchestre-et-orgue-conducteur"},{"id":"9790560179674","title":"Patientia pour soprano et orchestre","description":null,"authors":["Jean-Philippe Bec"],"category_codes":["6000000","6030000","6031200"],"visuals":{"large":"https:\/\/images.epagine.fr\/674\/9790560179674_1_75.jpg","medium":"https:\/\/images.epagine.fr\/674\/9790560179674_1_m.jpg","thumbnail":"https:\/\/images.epagine.fr\/674\/9790560179674_1_v.jpg"},"orderable":true,"show_badge":true,"formatted_price":"43,26&nbsp;\u20ac","formatted_published_date":"15 juin 2007","publisher_availability_label":"Sur commande","short_details":"Jean-Philippe Bec \u2014 Delatour","translator":null,"weight":400,"page_count":32,"readership":null,"editor":"Delatour","price":4326,"published_date":"2007-06-14T22:00:00.000000Z","support":"Partitions musicales","publisher_availability":1,"stock":0,"editions":[],"url":"https:\/\/quaidesbrumes.com\/ouvrage\/9790560179674\/patientia-pour-soprano-et-orchestre"},{"id":"9790560175225","title":"Quatuor N\u00b02 \u00e0  Stasia pour quatuor \u00e0  cordes","description":null,"authors":["Jacques Bondon"],"category_codes":["6000000","6030000","6031200"],"visuals":{"large":"https:\/\/images.epagine.fr\/225\/9790560175225_1_75.jpg","medium":"https:\/\/images.epagine.fr\/225\/9790560175225_1_m.jpg","thumbnail":"https:\/\/images.epagine.fr\/225\/9790560175225_1_v.jpg"},"orderable":true,"show_badge":true,"formatted_price":"44,31&nbsp;\u20ac","formatted_published_date":"15 juin 2005","publisher_availability_label":"Sur commande","short_details":"Jacques Bondon \u2014 Delatour","translator":null,"weight":450,"page_count":128,"readership":null,"editor":"Delatour","price":4431,"published_date":"2005-06-14T22:00:00.000000Z","support":"Partitions musicales","publisher_availability":1,"stock":0,"editions":[],"url":"https:\/\/quaidesbrumes.com\/ouvrage\/9790560175225\/quatuor-n2-a-stasia-pour-quatuor-a-cordes"},{"id":"9790232104638","title":"Enluminures pour 2 fl\u00fbtes, basson et violoncelle","description":null,"authors":["Jacques Veyrier"],"category_codes":["6000000","6030000","6031200"],"visuals":{"large":"https:\/\/images.epagine.fr\/638\/9790232104638_1_75.jpg","medium":"https:\/\/images.epagine.fr\/638\/9790232104638_1_m.jpg","thumbnail":"https:\/\/images.epagine.fr\/638\/9790232104638_1_v.jpg"},"orderable":true,"show_badge":true,"formatted_price":"44,31&nbsp;\u20ac","formatted_published_date":"15 juin 2010","publisher_availability_label":"Sur commande","short_details":"Jacques Veyrier \u2014 Delatour","translator":null,"weight":400,"page_count":92,"readership":null,"editor":"Delatour","price":4431,"published_date":"2010-06-14T22:00:00.000000Z","support":"Partitions musicales","publisher_availability":1,"stock":0,"editions":[],"url":"https:\/\/quaidesbrumes.com\/ouvrage\/9790232104638\/enluminures-pour-2-flutes-basson-et-violoncelle"},{"id":"9790232102115","title":"F\u00fcnfteilig pour clarinette et 13 musiciens (CONDUCTEUR)","description":null,"authors":["Alain Fourchotte"],"category_codes":["6000000","6030000","6031200"],"visuals":{"large":"https:\/\/images.epagine.fr\/115\/9790232102115_1_75.jpg","medium":"https:\/\/images.epagine.fr\/115\/9790232102115_1_m.jpg","thumbnail":"https:\/\/images.epagine.fr\/115\/9790232102115_1_v.jpg"},"orderable":true,"show_badge":true,"formatted_price":"47,48&nbsp;\u20ac","formatted_published_date":"15 juin 2004","publisher_availability_label":"Sur commande","short_details":"Alain Fourchotte \u2014 Delatour","translator":null,"weight":600,"page_count":96,"readership":null,"editor":"Delatour","price":4748,"published_date":"2004-06-14T22:00:00.000000Z","support":"Partitions musicales","publisher_availability":1,"stock":0,"editions":[],"url":"https:\/\/quaidesbrumes.com\/ouvrage\/9790232102115\/funfteilig-pour-clarinette-et-13-musiciens-conducteur"},{"id":"9790560171302","title":"Romance et Rondo pour contrebasse solo et orchestre \u00e0  cordes (Version en Sol)","description":null,"authors":["Franz Keyper"],"category_codes":["6000000","6030000","6031200"],"visuals":{"large":"https:\/\/images.epagine.fr\/302\/9790560171302_1_75.jpg","medium":"https:\/\/images.epagine.fr\/302\/9790560171302_1_m.jpg","thumbnail":"https:\/\/images.epagine.fr\/302\/9790560171302_1_v.jpg"},"orderable":true,"show_badge":true,"formatted_price":"47,48&nbsp;\u20ac","formatted_published_date":"15 juin 2014","publisher_availability_label":"Sur commande","short_details":"Franz Keyper \u2014 Delatour","translator":null,"weight":900,"page_count":88,"readership":null,"editor":"Delatour","price":4748,"published_date":"2014-06-14T22:00:00.000000Z","support":"Partitions musicales","publisher_availability":1,"stock":0,"editions":[],"url":"https:\/\/quaidesbrumes.com\/ouvrage\/9790560171302\/romance-et-rondo-pour-contrebasse-solo-et-orchestre-a-cordes-version-en-sol"},{"id":"9790560171319","title":"Romance et Rondo pour contrebasse solo et orchestre \u00e0  cordes (Version en La)","description":null,"authors":["Franz Keyper"],"category_codes":["6000000","6030000","6031200"],"visuals":{"large":"https:\/\/images.epagine.fr\/319\/9790560171319_1_75.jpg","medium":"https:\/\/images.epagine.fr\/319\/9790560171319_1_m.jpg","thumbnail":"https:\/\/images.epagine.fr\/319\/9790560171319_1_v.jpg"},"orderable":true,"show_badge":true,"formatted_price":"47,48&nbsp;\u20ac","formatted_published_date":"15 juin 2004","publisher_availability_label":"Sur commande","short_details":"Franz Keyper \u2014 Delatour","translator":null,"weight":900,"page_count":88,"readership":null,"editor":"Delatour","price":4748,"published_date":"2004-06-14T22:00:00.000000Z","support":"Partitions musicales","publisher_availability":1,"stock":0,"editions":[],"url":"https:\/\/quaidesbrumes.com\/ouvrage\/9790560171319\/romance-et-rondo-pour-contrebasse-solo-et-orchestre-a-cordes-version-en-la"},{"id":"9790232110066","title":"L'espace et la fl\u00fbte pour r\u00e9citant et ensemble de fl\u00fbtes - (MATERIEL)","description":null,"authors":["Sophie Lacaze"],"category_codes":["6000000","6030000","6031200"],"visuals":{"large":"https:\/\/quaidesbrumes.com\/img\/book-placeholder.png","medium":"https:\/\/quaidesbrumes.com\/img\/book-placeholder.png","thumbnail":"https:\/\/quaidesbrumes.com\/img\/book-placeholder.png"},"orderable":true,"show_badge":true,"formatted_price":"47,48&nbsp;\u20ac","formatted_published_date":"15 juin 2014","publisher_availability_label":"Sur commande","short_details":"Sophie Lacaze \u2014 Delatour","translator":null,"weight":500,"page_count":156,"readership":null,"editor":"Delatour","price":4748,"published_date":"2014-06-14T22:00:00.000000Z","support":"Partitions musicales","publisher_availability":1,"stock":0,"editions":[],"url":"https:\/\/quaidesbrumes.com\/ouvrage\/9790232110066\/lespace-et-la-flute-pour-recitant-et-ensemble-de-flutes-materiel"},{"id":"9790232106687","title":"Marche de la Garde pour orchestre d'harmonie (MATERIEL)","description":null,"authors":["Christian Escaffre"],"category_codes":["6000000","6030000","6031200"],"visuals":{"large":"https:\/\/quaidesbrumes.com\/img\/book-placeholder.png","medium":"https:\/\/quaidesbrumes.com\/img\/book-placeholder.png","thumbnail":"https:\/\/quaidesbrumes.com\/img\/book-placeholder.png"},"orderable":true,"show_badge":true,"formatted_price":"47,48&nbsp;\u20ac","formatted_published_date":"15 juin 2012","publisher_availability_label":"Sur commande","short_details":"Christian Escaffre \u2014 Delatour","translator":null,"weight":300,"page_count":330,"readership":null,"editor":"Delatour","price":4748,"published_date":"2012-06-14T22:00:00.000000Z","support":"Partitions musicales","publisher_availability":1,"stock":0,"editions":[],"url":"https:\/\/quaidesbrumes.com\/ouvrage\/9790232106687\/marche-de-la-garde-pour-orchestre-dharmonie-materiel"},{"id":"9790232102870","title":"Concerto pour violon et orchestre (CONDUCTEUR)","description":null,"authors":["Jacques Veyrier"],"category_codes":["6000000","6030000","6031200"],"visuals":{"large":"https:\/\/images.epagine.fr\/870\/9790232102870_1_75.jpg","medium":"https:\/\/images.epagine.fr\/870\/9790232102870_1_m.jpg","thumbnail":"https:\/\/images.epagine.fr\/870\/9790232102870_1_v.jpg"},"orderable":true,"show_badge":true,"formatted_price":"49,59&nbsp;\u20ac","formatted_published_date":"15 juin 2009","publisher_availability_label":"Sur commande","short_details":"Jacques Veyrier \u2014 Delatour","translator":null,"weight":700,"page_count":92,"readership":null,"editor":"Delatour","price":4959,"published_date":"2009-06-14T22:00:00.000000Z","support":"Partitions musicales","publisher_availability":1,"stock":0,"editions":[],"url":"https:\/\/quaidesbrumes.com\/ouvrage\/9790232102870\/concerto-pour-violon-et-orchestre-conducteur"},{"id":"9790560175331","title":"Suite fantaisie pour clarinette et quatuor \u00e0  cordes","description":null,"authors":["Jacques Bondon"],"category_codes":["6000000","6030000","6031200"],"visuals":{"large":"https:\/\/images.epagine.fr\/331\/9790560175331_1_75.jpg","medium":"https:\/\/images.epagine.fr\/331\/9790560175331_1_m.jpg","thumbnail":"https:\/\/images.epagine.fr\/331\/9790560175331_1_v.jpg"},"orderable":true,"show_badge":true,"formatted_price":"51,70&nbsp;\u20ac","formatted_published_date":"15 juin 2005","publisher_availability_label":"Sur commande","short_details":"Jacques Bondon \u2014 Delatour","translator":null,"weight":500,"page_count":140,"readership":null,"editor":"Delatour","price":5170,"published_date":"2005-06-14T22:00:00.000000Z","support":"Partitions musicales","publisher_availability":1,"stock":0,"editions":[],"url":"https:\/\/quaidesbrumes.com\/ouvrage\/9790560175331\/suite-fantaisie-pour-clarinette-et-quatuor-a-cordes"}]}