{"data":[{"id":"9790560170695","title":"M\u00e0\u00a2cles pour quatuor de saxophones","description":"Ce quatuor de saxophones (S-A-T-Bar) alterne diff\u00e9rentes formes d'\u00e9criture. Des passages tr\u00e8s mesur\u00e9s, m\u00e9lodiques, ou harmoniques, et d'autres \"en r\u00e9pliques\". Dans ces passages chacun doit suivre la progression des autres et intervenir comme des r\u00e9pliques de th\u00e9\u00e2tre. La r\u00e9ussite tient dans l'implication de chacun et sa capacit\u00e9 \u00e0 r\u00e9agir. Cela cr\u00e9e une incertitude rythmique et musicale qui interroge l'auditeur et l'ex\u00e9cutant. Au-del\u00e0 du premier tiers l'\u00e9criture est plus traditionnelle mais ne va jamais jusqu'au tonalisme. Du point de vue timbral le quatuor des saxophones a \u00e9t\u00e9 trait\u00e9, dans de nombreux passages, comme un seul instrument. Il s'ensuit une homog\u00e9n\u00e9it\u00e9 sonore qu'il convient de renforcer le plus possible. La difficult\u00e9 technique, dans l'ensemble, n'est pas trop \u00e9lev\u00e9e. Mais il faut tout de m\u00eame des musiciens d'un certain niveau.\r","authors":["Henri-pierre Juguet"],"category_codes":["6000000","6030000","6031200"],"visuals":{"large":"https:\/\/images.epagine.fr\/695\/9790560170695_1_75.jpg","medium":"https:\/\/images.epagine.fr\/695\/9790560170695_1_m.jpg","thumbnail":"https:\/\/images.epagine.fr\/695\/9790560170695_1_v.jpg"},"orderable":true,"show_badge":true,"formatted_price":"23,21&nbsp;\u20ac","formatted_published_date":"15 juin 2004","publisher_availability_label":"Sur commande","short_details":"Henri-pierre Juguet \u2014 Delatour","translator":null,"weight":200,"page_count":32,"readership":null,"editor":"Delatour","price":2321,"published_date":"2004-06-14T22:00:00.000000Z","support":"Partitions musicales","publisher_availability":1,"stock":0,"editions":[],"url":"https:\/\/quaidesbrumes.com\/ouvrage\/9790560170695\/maccles-pour-quatuor-de-saxophones"},{"id":"9790560172378","title":"Gitarre f\u00fcr die Kinder der Welt","description":null,"authors":["Ines Peragallo"],"category_codes":["6000000","6030000","6031200"],"visuals":{"large":"https:\/\/images.epagine.fr\/378\/9790560172378_1_75.jpg","medium":"https:\/\/images.epagine.fr\/378\/9790560172378_1_m.jpg","thumbnail":"https:\/\/images.epagine.fr\/378\/9790560172378_1_v.jpg"},"orderable":true,"show_badge":true,"formatted_price":"23,21&nbsp;\u20ac","formatted_published_date":"15 juin 2004","publisher_availability_label":"Sur commande","short_details":"Ines Peragallo \u2014 Delatour","translator":null,"weight":200,"page_count":48,"readership":null,"editor":"Delatour","price":2321,"published_date":"2004-06-14T22:00:00.000000Z","support":"Partitions musicales","publisher_availability":1,"stock":0,"editions":[],"url":"https:\/\/quaidesbrumes.com\/ouvrage\/9790560172378\/gitarre-fur-die-kinder-der-welt"},{"id":"9790560170800","title":"M\u00e9duse et papyrus : 2 pi\u00e8ces pour orchestre \u00e0  cordes d\u00e9butant","description":"Papyrus est une petite pi\u00e8ce assez libre, notamment rythmiquement, pour un orchestre d\u00e9butant complet (Vl 1 et 2, Vla, Vlc, Cb). Elle est destin\u00e9e \u00e0 des \u00e9l\u00e8ves n'ayant que deux ou trois ann\u00e9es d'instrument. La musique, sauf \u00e0 un endroit, n'est pas mesur\u00e9e : c'est le chef d'orchestre qui fait passer le groupe d'une \"mesure\" (section) \u00e0 l'autre. M\u00e9duse n\u00e9cessite des \u00e9l\u00e8ves un peu plus avanc\u00e9s, vers la fin du premier cycle ou le d\u00e9but du second. La pi\u00e8ce est tr\u00e8s harmonique (mais non tonale) et pr\u00e9cis\u00e9ment mesur\u00e9e. Elle d\u00e9gage une atmosph\u00e8re envo\u00fbtante que l'on doit s'efforcer de mettre en valeur. L'\u00e9criture contemporaine de ces deux morceaux fait de cet ouvrage une bonne introduction \u00e0 la musique de notre \u00e9poque pour les jeunes arrivant \u00e0 l'orchestre \u00e0 cordes.\r","authors":["Henri-pierre Juguet"],"category_codes":["6000000","6030000","6031200"],"visuals":{"large":"https:\/\/images.epagine.fr\/800\/9790560170800_1_75.jpg","medium":"https:\/\/images.epagine.fr\/800\/9790560170800_1_m.jpg","thumbnail":"https:\/\/images.epagine.fr\/800\/9790560170800_1_v.jpg"},"orderable":true,"show_badge":true,"formatted_price":"23,21&nbsp;\u20ac","formatted_published_date":"15 juin 2004","publisher_availability_label":"Sur commande","short_details":"Henri-pierre Juguet \u2014 Delatour","translator":null,"weight":100,"page_count":28,"readership":null,"editor":"Delatour","price":2321,"published_date":"2004-06-14T22:00:00.000000Z","support":"Partitions musicales","publisher_availability":1,"stock":0,"editions":[],"url":"https:\/\/quaidesbrumes.com\/ouvrage\/9790560170800\/meduse-et-papyrus-2-pieces-pour-orchestre-a-cordes-debutant"},{"id":"9790232102207","title":"3 pi\u00e8ces pour 2 guitares et orgue","description":null,"authors":["Andr\u00e9 Isoir"],"category_codes":["6000000","6030000","6031200"],"visuals":{"large":"https:\/\/images.epagine.fr\/207\/9790232102207_1_75.jpg","medium":"https:\/\/images.epagine.fr\/207\/9790232102207_1_m.jpg","thumbnail":"https:\/\/images.epagine.fr\/207\/9790232102207_1_v.jpg"},"orderable":true,"show_badge":true,"formatted_price":"23,21&nbsp;\u20ac","formatted_published_date":"15 juin 2006","publisher_availability_label":"Sur commande","short_details":"Andr\u00e9 Isoir \u2014 Delatour","translator":null,"weight":120,"page_count":44,"readership":null,"editor":"Delatour","price":2321,"published_date":"2006-06-14T22:00:00.000000Z","support":"Partitions musicales","publisher_availability":1,"stock":0,"editions":[],"url":"https:\/\/quaidesbrumes.com\/ouvrage\/9790232102207\/3-pieces-pour-2-guitares-et-orgue"},{"id":"9790560174525","title":"Missa pour orgue","description":null,"authors":["Eugenio-maria Fagiani"],"category_codes":["6000000","6030000","6031200"],"visuals":{"large":"https:\/\/images.epagine.fr\/525\/9790560174525_1_75.jpg","medium":"https:\/\/images.epagine.fr\/525\/9790560174525_1_m.jpg","thumbnail":"https:\/\/images.epagine.fr\/525\/9790560174525_1_v.jpg"},"orderable":true,"show_badge":true,"formatted_price":"23,21&nbsp;\u20ac","formatted_published_date":"15 juin 2005","publisher_availability_label":"Sur commande","short_details":"Eugenio-maria Fagiani \u2014 Delatour","translator":null,"weight":140,"page_count":48,"readership":null,"editor":"Delatour","price":2321,"published_date":"2005-06-14T22:00:00.000000Z","support":"Partitions musicales","publisher_availability":1,"stock":0,"editions":[],"url":"https:\/\/quaidesbrumes.com\/ouvrage\/9790560174525\/missa-pour-orgue"},{"id":"9790560175928","title":"Le r\u00eave des enfants en vacances pour piano","description":null,"authors":["Jean Hody"],"category_codes":["6000000","6030000","6031200"],"visuals":{"large":"https:\/\/images.epagine.fr\/928\/9790560175928_1_75.jpg","medium":"https:\/\/images.epagine.fr\/928\/9790560175928_1_m.jpg","thumbnail":"https:\/\/images.epagine.fr\/928\/9790560175928_1_v.jpg"},"orderable":true,"show_badge":true,"formatted_price":"23,21&nbsp;\u20ac","formatted_published_date":"15 juin 2005","publisher_availability_label":"Sur commande","short_details":"Jean Hody \u2014 Delatour","translator":null,"weight":130,"page_count":28,"readership":null,"editor":"Delatour","price":2321,"published_date":"2005-06-14T22:00:00.000000Z","support":"Livre + CD Audio","publisher_availability":1,"stock":0,"editions":[],"url":"https:\/\/quaidesbrumes.com\/ouvrage\/9790560175928\/le-reve-des-enfants-en-vacances-pour-piano"},{"id":"9790560172583","title":"Nocturne pour quatuor a cordes et piano","description":null,"authors":["Politi Adrien"],"category_codes":["6000000","6030000","6031100"],"visuals":{"large":"https:\/\/images.epagine.fr\/583\/9790560172583_1_75.jpg","medium":"https:\/\/images.epagine.fr\/583\/9790560172583_1_m.jpg","thumbnail":"https:\/\/images.epagine.fr\/583\/9790560172583_1_v.jpg"},"orderable":true,"show_badge":true,"formatted_price":"23,21&nbsp;\u20ac","formatted_published_date":"1er ao\u00fbt 2004","publisher_availability_label":"Sur commande","short_details":"Politi Adrien \u2014 Delatour","translator":null,"weight":250,"page_count":null,"readership":null,"editor":"Delatour","price":2321,"published_date":"2004-07-31T22:00:00.000000Z","support":"Grand format","publisher_availability":1,"stock":0,"editions":[],"url":"https:\/\/quaidesbrumes.com\/ouvrage\/9790560172583\/nocturne-pour-quatuor-a-cordes-et-piano"},{"id":"9790560173672","title":"Fugue scherzo pour quatuor \u00e0  vent","description":null,"authors":["Odile Pierre"],"category_codes":["6000000","6030000","6031200"],"visuals":{"large":"https:\/\/images.epagine.fr\/672\/9790560173672_1_75.jpg","medium":"https:\/\/images.epagine.fr\/672\/9790560173672_1_m.jpg","thumbnail":"https:\/\/images.epagine.fr\/672\/9790560173672_1_v.jpg"},"orderable":true,"show_badge":true,"formatted_price":"23,21&nbsp;\u20ac","formatted_published_date":"15 juin 2004","publisher_availability_label":"Sur commande","short_details":"Odile Pierre \u2014 Delatour","translator":null,"weight":120,"page_count":44,"readership":null,"editor":"Delatour","price":2321,"published_date":"2004-06-14T22:00:00.000000Z","support":"Partitions musicales","publisher_availability":1,"stock":0,"editions":[],"url":"https:\/\/quaidesbrumes.com\/ouvrage\/9790560173672\/fugue-scherzo-pour-quatuor-a-vent"},{"id":"9790560174730","title":"Quatuor \u00e0  vent","description":"L'oeuvre de Rapha\u00ebl Fumet est difficilement classable dans ce qu'il est d\u00e9sormais convenu d'appeler l'\u00e9volution historique de la musique contemporaine, ce qui ne lui en conf\u00e8re que plus de force et d'originalit\u00e9.\r\n\r\nCompos\u00e9 de deux s\u00e9quences le quatuor pour bois de Raphael Fumet illustre bien la personnalit\u00e9 de l'auteur prodigieusement dou\u00e9, improvisant dans tous les styles avec une extraordinaire maestria et en m\u00eame temps tr\u00e8s exigeant pour ses compositions qui devaient \u00eatre originales et d\u00e9nu\u00e9es de toute artifice.\r\n\r\nCes deux pi\u00e8ces refl\u00e8tent donc le go\u00fbt de l'auteur pour la nature dans de merveilleux paysages sonores entrecoup\u00e9s d'impr\u00e9vus comme dans le naturel de la vie.\r\n\r\nCompos\u00e9es dans les ann\u00e9es soixante pour sa classe de musique de chambre au Conservatoire d'Angers ces pi\u00e8ces \u00e9tant donn\u00e9 leur niveau ne furent jamais ex\u00e9cut\u00e9 de son vivant.\r","authors":["Rapha\u00ebl Fumet"],"category_codes":["6000000","6030000","6031200"],"visuals":{"large":"https:\/\/images.epagine.fr\/730\/9790560174730_1_75.jpg","medium":"https:\/\/images.epagine.fr\/730\/9790560174730_1_m.jpg","thumbnail":"https:\/\/images.epagine.fr\/730\/9790560174730_1_v.jpg"},"orderable":true,"show_badge":true,"formatted_price":"23,21&nbsp;\u20ac","formatted_published_date":"15 juin 2004","publisher_availability_label":"Sur commande","short_details":"Rapha\u00ebl Fumet \u2014 Delatour","translator":null,"weight":100,"page_count":52,"readership":null,"editor":"Delatour","price":2321,"published_date":"2004-06-14T22:00:00.000000Z","support":"Partitions musicales","publisher_availability":1,"stock":0,"editions":[],"url":"https:\/\/quaidesbrumes.com\/ouvrage\/9790560174730\/quatuor-a-vent"},{"id":"9790560176758","title":"CREATIF Approche globale : Cinq doigts (Volume 1)","description":null,"authors":["Jean-Claude Baertsoen"],"category_codes":["6000000","6030000","6031200"],"visuals":{"large":"https:\/\/images.epagine.fr\/758\/9790560176758_1_75.jpg","medium":"https:\/\/images.epagine.fr\/758\/9790560176758_1_m.jpg","thumbnail":"https:\/\/images.epagine.fr\/758\/9790560176758_1_v.jpg"},"orderable":true,"show_badge":true,"formatted_price":"23,50&nbsp;\u20ac","formatted_published_date":"15 juin 2007","publisher_availability_label":"Sur commande","short_details":"Jean-Claude Baertsoen \u2014 Delatour","translator":null,"weight":450,"page_count":116,"readership":null,"editor":"Delatour","price":2350,"published_date":"2007-06-14T22:00:00.000000Z","support":"Partitions musicales","publisher_availability":1,"stock":0,"editions":[],"url":"https:\/\/quaidesbrumes.com\/ouvrage\/9790560176758\/creatif-approche-globale-cinq-doigts-volume-1"},{"id":"9790232102580","title":"CREATIF Approche globale : La formule parfaite (Volume 2)","description":null,"authors":["Jean-Claude Baertsoen"],"category_codes":["6000000","6030000","6031200"],"visuals":{"large":"https:\/\/images.epagine.fr\/580\/9790232102580_1_75.jpg","medium":"https:\/\/images.epagine.fr\/580\/9790232102580_1_m.jpg","thumbnail":"https:\/\/images.epagine.fr\/580\/9790232102580_1_v.jpg"},"orderable":true,"show_badge":true,"formatted_price":"23,50&nbsp;\u20ac","formatted_published_date":"15 juin 2008","publisher_availability_label":"Sur commande","short_details":"Jean-Claude Baertsoen \u2014 Delatour","translator":null,"weight":400,"page_count":98,"readership":null,"editor":"Delatour","price":2350,"published_date":"2008-06-14T22:00:00.000000Z","support":"Partitions musicales","publisher_availability":1,"stock":0,"editions":[],"url":"https:\/\/quaidesbrumes.com\/ouvrage\/9790232102580\/creatif-approche-globale-la-formule-parfaite-volume-2"},{"id":"9790560171432","title":"CREATIF A l'\u00e9cole des grands compositeurs Volume 4","description":null,"authors":["Jean-Claude Baertsoen"],"category_codes":["6000000","6030000","6031200"],"visuals":{"large":"https:\/\/images.epagine.fr\/432\/9790560171432_1_75.jpg","medium":"https:\/\/images.epagine.fr\/432\/9790560171432_1_m.jpg","thumbnail":"https:\/\/images.epagine.fr\/432\/9790560171432_1_v.jpg"},"orderable":true,"show_badge":true,"formatted_price":"23,54&nbsp;\u20ac","formatted_published_date":"15 juin 2004","publisher_availability_label":"Sur commande","short_details":"Jean-Claude Baertsoen \u2014 Delatour","translator":null,"weight":450,"page_count":114,"readership":null,"editor":"Delatour","price":2354,"published_date":"2004-06-14T22:00:00.000000Z","support":"Partitions musicales","publisher_availability":1,"stock":0,"editions":[],"url":"https:\/\/quaidesbrumes.com\/ouvrage\/9790560171432\/creatif-a-lecole-des-grands-compositeurs-volume-4"},{"id":"9790560173412","title":"CREATIF A l'\u00e9cole des grands compositeurs Volume 5","description":null,"authors":["Jean-Claude Baertsoen"],"category_codes":["6000000","6030000","6031200"],"visuals":{"large":"https:\/\/images.epagine.fr\/412\/9790560173412_1_75.jpg","medium":"https:\/\/images.epagine.fr\/412\/9790560173412_1_m.jpg","thumbnail":"https:\/\/images.epagine.fr\/412\/9790560173412_1_v.jpg"},"orderable":true,"show_badge":true,"formatted_price":"23,54&nbsp;\u20ac","formatted_published_date":"15 juin 2004","publisher_availability_label":"Sur commande","short_details":"Jean-Claude Baertsoen \u2014 Delatour","translator":null,"weight":400,"page_count":116,"readership":null,"editor":"Delatour","price":2354,"published_date":"2004-06-14T22:00:00.000000Z","support":"Partitions musicales","publisher_availability":1,"stock":0,"editions":[],"url":"https:\/\/quaidesbrumes.com\/ouvrage\/9790560173412\/creatif-a-lecole-des-grands-compositeurs-volume-5"},{"id":"9790560173436","title":"CREATIF A l'\u00e9cole des grands compositeurs Volume 7","description":null,"authors":["Jean-Claude Baertsoen"],"category_codes":["6000000","6030000","6031200"],"visuals":{"large":"https:\/\/images.epagine.fr\/436\/9790560173436_1_75.jpg","medium":"https:\/\/images.epagine.fr\/436\/9790560173436_1_m.jpg","thumbnail":"https:\/\/images.epagine.fr\/436\/9790560173436_1_v.jpg"},"orderable":true,"show_badge":true,"formatted_price":"23,54&nbsp;\u20ac","formatted_published_date":"15 juin 2004","publisher_availability_label":"Sur commande","short_details":"Jean-Claude Baertsoen \u2014 Delatour","translator":null,"weight":450,"page_count":134,"readership":null,"editor":"Delatour","price":2354,"published_date":"2004-06-14T22:00:00.000000Z","support":"Partitions musicales","publisher_availability":1,"stock":0,"editions":[],"url":"https:\/\/quaidesbrumes.com\/ouvrage\/9790560173436\/creatif-a-lecole-des-grands-compositeurs-volume-7"},{"id":"9790560173443","title":"CREATIF A l'\u00e9cole des grands compositeurs Volume 8","description":null,"authors":["Jean-Claude Baertsoen"],"category_codes":["6000000","6030000","6031200"],"visuals":{"large":"https:\/\/images.epagine.fr\/443\/9790560173443_1_75.jpg","medium":"https:\/\/images.epagine.fr\/443\/9790560173443_1_m.jpg","thumbnail":"https:\/\/images.epagine.fr\/443\/9790560173443_1_v.jpg"},"orderable":true,"show_badge":true,"formatted_price":"23,54&nbsp;\u20ac","formatted_published_date":"15 juin 2004","publisher_availability_label":"Sur commande","short_details":"Jean-Claude Baertsoen \u2014 Delatour","translator":null,"weight":450,"page_count":132,"readership":null,"editor":"Delatour","price":2354,"published_date":"2004-06-14T22:00:00.000000Z","support":"Partitions musicales","publisher_availability":1,"stock":0,"editions":[],"url":"https:\/\/quaidesbrumes.com\/ouvrage\/9790560173443\/creatif-a-lecole-des-grands-compositeurs-volume-8"},{"id":"9790560173467","title":"CREATIF A l'\u00e9cole des grands compositeurs Volume 12","description":null,"authors":["Jean-Claude Baertsoen"],"category_codes":["6000000","6030000","6031200"],"visuals":{"large":"https:\/\/images.epagine.fr\/467\/9790560173467_1_75.jpg","medium":"https:\/\/images.epagine.fr\/467\/9790560173467_1_m.jpg","thumbnail":"https:\/\/images.epagine.fr\/467\/9790560173467_1_v.jpg"},"orderable":true,"show_badge":true,"formatted_price":"23,54&nbsp;\u20ac","formatted_published_date":"15 juin 2004","publisher_availability_label":"Sur commande","short_details":"Jean-Claude Baertsoen \u2014 Delatour","translator":null,"weight":400,"page_count":116,"readership":null,"editor":"Delatour","price":2354,"published_date":"2004-06-14T22:00:00.000000Z","support":"Partitions musicales","publisher_availability":1,"stock":0,"editions":[],"url":"https:\/\/quaidesbrumes.com\/ouvrage\/9790560173467\/creatif-a-lecole-des-grands-compositeurs-volume-12"},{"id":"9790560176772","title":"CREATIF Approche globale : Unisoni (Volume 3)","description":null,"authors":["Jean-Claude Baertsoen"],"category_codes":["6000000","6030000","6031200"],"visuals":{"large":"https:\/\/images.epagine.fr\/772\/9790560176772_1_75.jpg","medium":"https:\/\/images.epagine.fr\/772\/9790560176772_1_m.jpg","thumbnail":"https:\/\/images.epagine.fr\/772\/9790560176772_1_v.jpg"},"orderable":true,"show_badge":true,"formatted_price":"23,54&nbsp;\u20ac","formatted_published_date":"15 juin 2009","publisher_availability_label":"Sur commande","short_details":"Jean-Claude Baertsoen \u2014 Delatour","translator":null,"weight":550,"page_count":106,"readership":null,"editor":"Delatour","price":2354,"published_date":"2009-06-14T22:00:00.000000Z","support":"Partitions musicales","publisher_availability":1,"stock":0,"editions":[],"url":"https:\/\/quaidesbrumes.com\/ouvrage\/9790560176772\/creatif-approche-globale-unisoni-volume-3"},{"id":"9790560176840","title":"CREATIF Approche globale : La mobilit\u00e9 (Volume 4)","description":null,"authors":["Jean-Claude Baertsoen"],"category_codes":["6000000","6030000","6031200"],"visuals":{"large":"https:\/\/images.epagine.fr\/840\/9790560176840_1_75.jpg","medium":"https:\/\/images.epagine.fr\/840\/9790560176840_1_m.jpg","thumbnail":"https:\/\/images.epagine.fr\/840\/9790560176840_1_v.jpg"},"orderable":true,"show_badge":true,"formatted_price":"23,54&nbsp;\u20ac","formatted_published_date":"15 juin 2011","publisher_availability_label":"Sur commande","short_details":"Jean-Claude Baertsoen \u2014 Delatour","translator":null,"weight":400,"page_count":112,"readership":null,"editor":"Delatour","price":2354,"published_date":"2011-06-14T22:00:00.000000Z","support":"Partitions musicales","publisher_availability":1,"stock":0,"editions":[],"url":"https:\/\/quaidesbrumes.com\/ouvrage\/9790560176840\/creatif-approche-globale-la-mobilite-volume-4"},{"id":"9790560175430","title":"M\u00e9thode de guitare pour les enfants - Vol.1","description":null,"authors":["Atsuko Fukuyama"],"category_codes":["6000000","6030000","6031200"],"visuals":{"large":"https:\/\/images.epagine.fr\/430\/9790560175430_1_75.jpg","medium":"https:\/\/images.epagine.fr\/430\/9790560175430_1_m.jpg","thumbnail":"https:\/\/images.epagine.fr\/430\/9790560175430_1_v.jpg"},"orderable":true,"show_badge":true,"formatted_price":"23,54&nbsp;\u20ac","formatted_published_date":"15 juin 2005","publisher_availability_label":"Sur commande","short_details":"Atsuko Fukuyama \u2014 Delatour","translator":null,"weight":300,"page_count":76,"readership":null,"editor":"Delatour","price":2354,"published_date":"2005-06-14T22:00:00.000000Z","support":"Livre + CD Audio","publisher_availability":1,"stock":0,"editions":[],"url":"https:\/\/quaidesbrumes.com\/ouvrage\/9790560175430\/methode-de-guitare-pour-les-enfants-vol1"},{"id":"9790560172675","title":"Analecta 3 pour 8 violoncelles (conducteur)","description":null,"authors":["Thomassin Arthur"],"category_codes":["6000000","6030000","6031100"],"visuals":{"large":"https:\/\/images.epagine.fr\/675\/9790560172675_1_75.jpg","medium":"https:\/\/images.epagine.fr\/675\/9790560172675_1_m.jpg","thumbnail":"https:\/\/images.epagine.fr\/675\/9790560172675_1_v.jpg"},"orderable":true,"show_badge":true,"formatted_price":"23,74&nbsp;\u20ac","formatted_published_date":"2 janvier 2004","publisher_availability_label":"Sur commande","short_details":"Thomassin Arthur \u2014 Delatour","translator":null,"weight":120,"page_count":null,"readership":null,"editor":"Delatour","price":2374,"published_date":"2004-01-01T23:00:00.000000Z","support":"Grand format","publisher_availability":1,"stock":0,"editions":[],"url":"https:\/\/quaidesbrumes.com\/ouvrage\/9790560172675\/analecta-3-pour-8-violoncelles-conducteur"},{"id":"9790232102047","title":"Ode pour fl\u00fbte concertante et piano","description":null,"authors":["Rapha\u00ebl Fumet"],"category_codes":["6000000","6030000","6031200"],"visuals":{"large":"https:\/\/images.epagine.fr\/047\/9790232102047_1_75.jpg","medium":"https:\/\/images.epagine.fr\/047\/9790232102047_1_m.jpg","thumbnail":"https:\/\/images.epagine.fr\/047\/9790232102047_1_v.jpg"},"orderable":true,"show_badge":true,"formatted_price":"23,74&nbsp;\u20ac","formatted_published_date":"15 juin 2008","publisher_availability_label":"Sur commande","short_details":"Rapha\u00ebl Fumet \u2014 Delatour","translator":null,"weight":500,"page_count":44,"readership":null,"editor":"Delatour","price":2374,"published_date":"2008-06-14T22:00:00.000000Z","support":"Partitions musicales","publisher_availability":1,"stock":0,"editions":[],"url":"https:\/\/quaidesbrumes.com\/ouvrage\/9790232102047\/ode-pour-flute-concertante-et-piano"},{"id":"9790560170428","title":"L'oeuvre pour orgue Volume 1","description":"\"Connaissez-vous Dynam-Victor FUMET ?  Il fut un organiste comme il n'y en a gu\u00e8re dans tout un si\u00e8cle. Disciple de Franck, il avait d'autre part re\u00e7u en h\u00e9ritage un don d'improvisation qui confinait au g\u00e9nie. Tout jeune, je l'ai entendu une seule fois \u00e0 l'orgue de Sainte-Anne-de-la-Maison-Blanche dont il \u00e9tait le titulaire. Je re\u00e7us ce jour-l\u00e0 une des plus foudroyantes \u00e9motions de ma vie.\r\n\r\n\u00catre pris, vous savez ce que cela signifie oe Pris, aspir\u00e9 comme par un maelstr\u00f6m, vid\u00e9 de toute substance personnelle, mais travers\u00e9 en retour par un fleuve de feu qui me ravissait en me br\u00fblant. Tous ceux qui ont entendu Fumet ont \u00e9prouv\u00e9 des impressions analogues \u00e0 la mienne. Son nom ne s'est jamais effac\u00e9 de ma m\u00e9moire\".\r\n\r\nAinsi s'exprimait le c\u00e9l\u00e8bre critique Bernard GAVOTY dans \"MUSICA\" de 1969.\r","authors":["Dynam-victor Fumet"],"category_codes":["6000000","6030000","6031200"],"visuals":{"large":"https:\/\/images.epagine.fr\/428\/9790560170428_1_75.jpg","medium":"https:\/\/images.epagine.fr\/428\/9790560170428_1_m.jpg","thumbnail":"https:\/\/images.epagine.fr\/428\/9790560170428_1_v.jpg"},"orderable":true,"show_badge":true,"formatted_price":"23,74&nbsp;\u20ac","formatted_published_date":"15 juin 2004","publisher_availability_label":"Sur commande","short_details":"Dynam-victor Fumet \u2014 Delatour","translator":null,"weight":160,"page_count":48,"readership":null,"editor":"Delatour","price":2374,"published_date":"2004-06-14T22:00:00.000000Z","support":"Partitions musicales","publisher_availability":1,"stock":0,"editions":[],"url":"https:\/\/quaidesbrumes.com\/ouvrage\/9790560170428\/loeuvre-pour-orgue-volume-1"},{"id":"9790560170855","title":"9 pi\u00e8ces br\u00e8ves pour orgue","description":null,"authors":["Lionel Rogg"],"category_codes":["6000000","6030000","6031200"],"visuals":{"large":"https:\/\/images.epagine.fr\/855\/9790560170855_1_75.jpg","medium":"https:\/\/images.epagine.fr\/855\/9790560170855_1_m.jpg","thumbnail":"https:\/\/images.epagine.fr\/855\/9790560170855_1_v.jpg"},"orderable":true,"show_badge":true,"formatted_price":"23,74&nbsp;\u20ac","formatted_published_date":"15 juin 2004","publisher_availability_label":"Sur commande","short_details":"Lionel Rogg \u2014 Delatour","translator":null,"weight":140,"page_count":28,"readership":null,"editor":"Delatour","price":2374,"published_date":"2004-06-14T22:00:00.000000Z","support":"Livre + CD Audio","publisher_availability":1,"stock":0,"editions":[],"url":"https:\/\/quaidesbrumes.com\/ouvrage\/9790560170855\/9-pieces-breves-pour-orgue"},{"id":"9790560176567","title":"Canzbois pour fl\u00fbte, hautbois, clarinette en La et basson","description":null,"authors":["Bruno De Saint Maurice"],"category_codes":["6000000","6030000","6031200"],"visuals":{"large":"https:\/\/images.epagine.fr\/567\/9790560176567_1_75.jpg","medium":"https:\/\/images.epagine.fr\/567\/9790560176567_1_m.jpg","thumbnail":"https:\/\/images.epagine.fr\/567\/9790560176567_1_v.jpg"},"orderable":true,"show_badge":true,"formatted_price":"23,74&nbsp;\u20ac","formatted_published_date":"15 juin 2005","publisher_availability_label":"Sur commande","short_details":"Bruno De Saint Maurice \u2014 Delatour","translator":null,"weight":250,"page_count":52,"readership":null,"editor":"Delatour","price":2374,"published_date":"2005-06-14T22:00:00.000000Z","support":"Livre + CD Audio","publisher_availability":1,"stock":0,"editions":[],"url":"https:\/\/quaidesbrumes.com\/ouvrage\/9790560176567\/canzbois-pour-flute-hautbois-clarinette-en-la-et-basson"}]}