{"data":[{"id":"9782849262009","title":"Fables pour soprano : le grillon, le chat et la souris, la montagne en travail, la rose-th\u00e9","description":"Quatre textes mis en musique pour soprano et piano : une \u00e9vocation du grillon qui vit cach\u00e9 et heureux, du chat qui sert en voulant nuire, de la montagne qui accouche d'une souris, et enfin de la rose-th\u00e9, la plus d\u00e9licate de toutes ! \r\n\r\nMusiques exquises, tout en nuances, aux m\u00e9lodies raffin\u00e9es et aux harmonies subtiles qui \u00e9clairent d'un jour nouveau ces textes du XVIIIe ou XIVe. Des m\u00e9lodies \u00e9l\u00e9gantes que le chant saura magnifier pour illustrer ces fables sensibles, astucieuses ou espi\u00e8gles.","authors":["Emmanuel Clerc"],"category_codes":["6000000","6030000","6031200"],"visuals":{"large":"https:\/\/images.epagine.fr\/009\/9782849262009_1_75.jpg","medium":"https:\/\/images.epagine.fr\/009\/9782849262009_1_m.jpg","thumbnail":"https:\/\/images.epagine.fr\/009\/9782849262009_1_v.jpg"},"orderable":true,"show_badge":true,"formatted_price":"17,00&nbsp;\u20ac","formatted_published_date":"19 octobre 2015","publisher_availability_label":"Sur commande","short_details":"Emmanuel Clerc \u2014 Buissonnieres","translator":null,"weight":180,"page_count":40,"readership":null,"editor":"Buissonnieres","price":1700,"published_date":"2015-10-18T22:00:00.000000Z","support":"Partitions musicales","publisher_availability":1,"stock":0,"editions":[],"url":"https:\/\/quaidesbrumes.com\/ouvrage\/9782849262009\/fables-pour-soprano-le-grillon-le-chat-et-la-souris-la-montagne-en-travail-la-rose-the"},{"id":"9782849262023","title":"Farinelli, arias pour contre-tenor","description":"Une s\u00e9lection d'airs \u00e9crits pour Farinelli (Carlo Broschi) vous est propos\u00e9e : quelques oeuvres embl\u00e9matiques compos\u00e9es pour le plus c\u00e9l\u00e8bre des castrats, en ce d\u00e9but de XVIIIe si\u00e8cle, par Egidio Romoalto DUNI, Geminiar GIACOMELLI et Johann Adolph HASSE.\r\n\r\nCes oeuvres ont fait l'objet entre autres de concerts par l'ensemble Matheus et les contre-t\u00e9nor Philippe Jaroussky et Michael Maniaci.\r\n\r\nAirs de Egidio Romoalto DUNI :\r\n- Sperai vicino il lido  - Misero pargoletto  Airs de Geminiar GIACOMELLI :\r\n- Sposa non mi conosci   - Dono d'amica sorte  Airs de Johann Adolph HASSE :\r\n- Se al labro mio non credi  - Or la nube procellosa di minaccie  Airs de Nicolo Porpora :\r\n- Alto giove Tous arias sont disponibles en m\u00e9tariel d'orchestre. Nous contacter.","authors":["J. Manet"],"category_codes":["6000000","6030000","6031200"],"visuals":{"large":"https:\/\/images.epagine.fr\/023\/9782849262023_1_75.jpg","medium":"https:\/\/images.epagine.fr\/023\/9782849262023_1_m.jpg","thumbnail":"https:\/\/images.epagine.fr\/023\/9782849262023_1_v.jpg"},"orderable":true,"show_badge":true,"formatted_price":"25,00&nbsp;\u20ac","formatted_published_date":"19 octobre 2015","publisher_availability_label":"Sur commande","short_details":"J. Manet \u2014 Buissonnieres","translator":null,"weight":190,"page_count":44,"readership":null,"editor":"Buissonnieres","price":2500,"published_date":"2015-10-18T22:00:00.000000Z","support":"Partitions musicales","publisher_availability":1,"stock":0,"editions":[],"url":"https:\/\/quaidesbrumes.com\/ouvrage\/9782849262023\/farinelli-arias-pour-contre-tenor"},{"id":"9788850725731","title":"Bases de la basse (les) +cd","description":null,"authors":["Martin (Au Engelien"],"category_codes":["6000000","6030000"],"visuals":{"large":"https:\/\/quaidesbrumes.com\/img\/book-placeholder.png","medium":"https:\/\/quaidesbrumes.com\/img\/book-placeholder.png","thumbnail":"https:\/\/quaidesbrumes.com\/img\/book-placeholder.png"},"orderable":true,"show_badge":true,"formatted_price":"22,72&nbsp;\u20ac","formatted_published_date":"1er janvier 2000","publisher_availability_label":"Sur commande","short_details":"Martin (Au Engelien \u2014 CARISCH MUSICOM","translator":null,"weight":501,"page_count":null,"readership":null,"editor":"CARISCH MUSICOM","price":2272,"published_date":"1999-12-31T23:00:00.000000Z","support":"Grand format","publisher_availability":1,"stock":0,"editions":[],"url":"https:\/\/quaidesbrumes.com\/ouvrage\/9788850725731\/bases-de-la-basse-les-cd"},{"id":"9782322030583","title":"Apprendre \u00e0 mixer pour devenir DJ","description":"Vous souhaitez apprendre \u00e0 mixer FACILEMENT sur logiciel DJ, sur platines vinyles ou CD, en vous sentant accompagn\u00e9 et sans perdre votre temps ?\r\n\r\nVous voulez d\u00e9couvrir des \"hacks\" et des nouvelles techniques de mix REDOUTABLES pour progresser toujours davantage ?\r\n\r\nOu encore, vous aimeriez vous d\u00e9marquer CLAIREMENT des autres DJs en affirmant votre personnalit\u00e9 musicale unique ?\r\n\r\nEt si devenir DJ \u00e9tait juste une question de m\u00e9thode ?\r\n\r\n\r\nDans ce guide pratique, d\u00e9couvrez des conseils SIMPLES \u00e0 appliquer, qui changeront votre vision du mix...\r\n\r\nQue vous soyez totalement d\u00e9butant ou DJ d\u00e9j\u00e0 exp\u00e9riment\u00e9, profitez de plus de 12 ann\u00e9es d'exp\u00e9riences en DJing (et en production musicale) condens\u00e9es en 7 th\u00e9matiques majeures...\r\n\r\n\r\nVous apprenez notamment :\r\n\r\n- Comment s\u00e9lectionner le mat\u00e9riel DJ ID\u00c9AL (contr\u00f4leur DJ, mixer DJ, casque DJ...) selon votre besoin pr\u00e9cis, sans risquer de vous tromper (chapitre 1)...\r\n\r\n- Comment MA\u00ceTRISER le calage tempo \"\u00e0 l'oreille\", ainsi que des techniques de mix (et de scratch) fondamentales et avanc\u00e9es (chapitre 2)...\r\n\r\n- Comment bien choisir vos morceaux pour cr\u00e9er rapidement des sets DJ HORS DU COMMUN, qui refl\u00e8tent fid\u00e8lement votre cr\u00e9ativit\u00e9 (chapitre 3)...\r\n\r\n- Comment faire pour assurer vos mixes DJ en public SANS VOUS PLANTER, m\u00eame lors de vos toutes premi\u00e8res fois (chapitre 4)...\r\n\r\n- Comment d\u00e9velopper S\u00c9RIEUSEMENT votre \"identit\u00e9 musicale\", et passer progressivement votre notori\u00e9t\u00e9 au niveau sup\u00e9rieur (chapitre 5)...\r\n\r\n- Comment (et pourquoi) organiser vos propres soir\u00e9es de mani\u00e8re efficace, et comment mixer en public le plus R\u00c9GULI\u00c8REMENT possible (chapitre 6)...\r\n\r\n- Comment aller BEAUCOUP PLUS LOIN en vous aidant de la production musicale, et comment mixer pour devenir DJ pro gr\u00e2ce \u00e0 des techniques \u00e9prouv\u00e9es (chapitre 7)...\r\n\r\n\r\n>>> Apprendre \u00e0 mixer pour devenir DJ, cela s'apprend : commencez d\u00e8s maintenant !\r","authors":["Yann Costaz"],"category_codes":["6000000","6030000","6030100"],"visuals":{"large":"https:\/\/images.epagine.fr\/583\/9782322030583_1_75.jpg","medium":"https:\/\/images.epagine.fr\/583\/9782322030583_1_m.jpg","thumbnail":"https:\/\/images.epagine.fr\/583\/9782322030583_1_v.jpg"},"orderable":true,"show_badge":true,"formatted_price":"11,00&nbsp;\u20ac","formatted_published_date":"22 juillet 2015","publisher_availability_label":"Sur commande","short_details":"Yann Costaz \u2014 Books on Demand","translator":null,"weight":301,"page_count":408,"readership":null,"editor":"Books on Demand","price":1100,"published_date":"2015-07-21T22:00:00.000000Z","support":"Grand format","publisher_availability":1,"stock":0,"editions":[],"url":"https:\/\/quaidesbrumes.com\/ouvrage\/9782322030583\/apprendre-a-mixer-pour-devenir-dj"},{"id":"9782849262344","title":"Le soldat magicien","description":"La cr\u00e9ation du Soldat Magicien par Les Monts du Reuil, le 27 janvier 2015, \u00e0 la Biblioth\u00e8que nationale de France, est l'occasion d'un partenariat entre cet ensemble, la BnF, et Les \u00c9ditions Buissonni\u00e8res : la volont\u00e9 commune de ces acteurs, de faire d\u00e9couvrir des tr\u00e9sors de la musique, permet l'\u00e9dition in\u00e9dite du conducteur et du mat\u00e9riel d'orchestre, rendant accessible cette musique au plus grand nombre.\r\n\r\nLe soldat magicien de Louis Anseaume, mis en musique par Philidor met en sc\u00e8ne un couple, dont la femme est convoit\u00e9e pour sa beaut\u00e9 et l'\u00e9poux pour ses richesses. Et c'est un repas command\u00e9 par le procureur Blondineau pour profiter plus longuement de la compagnie de madame qui va tout d\u00e9clencher. \r\nLe serviteur Crispin, Blondineau et madame se mettent \u00e0 table... On frappe \u00e0 la porte et le vaudeville commence : c'est le mari affam\u00e9 qui rentre trop t\u00f4t, le repas dispara\u00eet dans le buffet et le procureur se cache dans la chemin\u00e9e ! Un soldat qui cherche g\u00eete et couvert appara\u00eet et menace tous les protagonistes : ses talents de magicien vont lui permettre de faire appara\u00eetre le plus somptueux des repas ! Les cachottiers s'inqui\u00e8tent, le mari s'affole craignant la sorcellerie... Apr\u00e8s quelques incantations appara\u00eet le repas et le soldat propose de faire sortir de la chemin\u00e9e le diable lui-m\u00eame, commanditaire de ce festin. L'affolement redouble ! Puis le soldat, expliquant comment il est arriv\u00e9 \u00e0 ses fins en observant toutes les sc\u00e8nes pr\u00e9c\u00e9dentes \u00e0 travers un plancher endommag\u00e9, parvient \u00e0 r\u00e9tablir la confiance du m\u00e9nage : l'op\u00e9ra s'ach\u00e8ve sur un choeur \u00e0 la gloire de la paix conjugale !","authors":["Louis Anseaume","A. D. Philidor"],"category_codes":["6000000","6030000","6031200"],"visuals":{"large":"https:\/\/images.epagine.fr\/344\/9782849262344_1_75.jpg","medium":"https:\/\/images.epagine.fr\/344\/9782849262344_1_m.jpg","thumbnail":"https:\/\/images.epagine.fr\/344\/9782849262344_1_v.jpg"},"orderable":true,"show_badge":true,"formatted_price":"45,00&nbsp;\u20ac","formatted_published_date":"19 octobre 2015","publisher_availability_label":"Sur commande","short_details":"Louis Anseaume, A. D. Philidor \u2014 Buissonnieres","translator":null,"weight":600,"page_count":160,"readership":null,"editor":"Buissonnieres","price":4500,"published_date":"2015-10-18T22:00:00.000000Z","support":"Partitions musicales","publisher_availability":1,"stock":0,"editions":[],"url":"https:\/\/quaidesbrumes.com\/ouvrage\/9782849262344\/le-soldat-magicien"},{"id":"9782849262412","title":"Fables pour baryton et piano","description":"Quatre textes mis en musique pour baryton et piano : une \u00e9vocation du grillon qui vit cach\u00e9 et heureux, du chat qui sert en voulant nuire, de la montagne qui accouche d'une souris, et enfin de la rose-th\u00e9, la plus d\u00e9licate de toutes ! \r\n\r\nMusiques exquises, tout en nuances, aux m\u00e9lodies raffin\u00e9es et aux harmonies subtiles qui \u00e9clairent d'un jour nouveau ces textes du XVIIIe ou XIXe. Des m\u00e9lodies \u00e9l\u00e9gantes pour illustrer ces fables sensibles, astucieuses ou espi\u00e8gles.\r\n\r\nLes fables existent pour les ensembles suivants :\r\n- soprano et trio \u00e0 cordes ;\r\n- clarinette et trio \u00e0 cordes ;\r\n- quatuor \u00e0 cordes ;\r\n- baryton et trio \u00e0 cordes.","authors":["Emmanuel Clerc"],"category_codes":["6000000","6030000","6031200"],"visuals":{"large":"https:\/\/images.epagine.fr\/412\/9782849262412_1_75.jpg","medium":"https:\/\/images.epagine.fr\/412\/9782849262412_1_m.jpg","thumbnail":"https:\/\/images.epagine.fr\/412\/9782849262412_1_v.jpg"},"orderable":true,"show_badge":true,"formatted_price":"17,00&nbsp;\u20ac","formatted_published_date":"19 octobre 2015","publisher_availability_label":"Sur commande","short_details":"Emmanuel Clerc \u2014 Buissonnieres","translator":null,"weight":180,"page_count":40,"readership":null,"editor":"Buissonnieres","price":1700,"published_date":"2015-10-18T22:00:00.000000Z","support":"Partitions musicales","publisher_availability":1,"stock":0,"editions":[],"url":"https:\/\/quaidesbrumes.com\/ouvrage\/9782849262412\/fables-pour-baryton-et-piano"},{"id":"9782849262429","title":"Fables pour violon et piano : le grillon, le chat et la souris, la montagne en travail, la rose-th\u00e9","description":"Quatre textes mis en musique pour violon et piano : une \u00e9vocation du grillon qui vit cach\u00e9 et heureux, du chat qui sert en voulant nuire, de la montagne qui accouche d'une souris, et enfin de la rose-th\u00e9, la plus d\u00e9licate de toutes ! \r\n\r\nMusiques exquises, tout en nuances, aux m\u00e9lodies raffin\u00e9es et aux harmonies subtiles qui \u00e9clairent d'un jour nouveau ces textes du xviiie ou xixe. Des m\u00e9lodies \u00e9l\u00e9gantes que la clarinette saura magnifier pour illustrer ces fables sensibles, astucieuses ou espi\u00e8gles.","authors":["Emmanuel Clerc"],"category_codes":["6000000","6030000","6031200"],"visuals":{"large":"https:\/\/images.epagine.fr\/429\/9782849262429_1_75.jpg","medium":"https:\/\/images.epagine.fr\/429\/9782849262429_1_m.jpg","thumbnail":"https:\/\/images.epagine.fr\/429\/9782849262429_1_v.jpg"},"orderable":true,"show_badge":true,"formatted_price":"17,00&nbsp;\u20ac","formatted_published_date":"19 octobre 2015","publisher_availability_label":"Sur commande","short_details":"Emmanuel Clerc \u2014 Buissonnieres","translator":null,"weight":180,"page_count":32,"readership":null,"editor":"Buissonnieres","price":1700,"published_date":"2015-10-18T22:00:00.000000Z","support":"Partitions musicales","publisher_availability":1,"stock":0,"editions":[],"url":"https:\/\/quaidesbrumes.com\/ouvrage\/9782849262429\/fables-pour-violon-et-piano-le-grillon-le-chat-et-la-souris-la-montagne-en-travail-la-rose-the"},{"id":"9782849262467","title":"Arioso et marche : duo pour violon et piano en ut mineur","description":"Pi\u00e8ce de concert en deux mouvements s'encha\u00eenant par un \u00ab Attaca \u00bb, le tout d'une dur\u00e9e d'environ quatorze minutes. \r\nL'Arioso est un mouvement lent de style vocal ; la Marche est un th\u00e8me vari\u00e9, de tempo mod\u00e9r\u00e9, avec des \u00e9pisodes men\u00e9s alternativement par chaque instrument.\r\nInspir\u00e9, ce Duo fait appel \u00e0 toute l'expressivit\u00e9 des interpr\u00e8tes :\r\n- par sa tonalit\u00e9, sombre et intense, d'ut mineur (et ses modulations en ut majeur et mi mineur) ;\r\n- par sa mani\u00e8re personnelle de faire chanter le piano, dans la simplicit\u00e9, et en dialogue avec un violon tr\u00e8s m\u00e9lodique.\r\nLa partie de violon est accessible \u00e0 partir de la fin du 2e cycle ; celle de piano \u00e0 partir de la fin du 1er cycle des Conservatoires.","authors":["Alain Querleux"],"category_codes":["6000000","6030000","6031200"],"visuals":{"large":"https:\/\/images.epagine.fr\/467\/9782849262467_1_75.jpg","medium":"https:\/\/images.epagine.fr\/467\/9782849262467_1_m.jpg","thumbnail":"https:\/\/images.epagine.fr\/467\/9782849262467_1_v.jpg"},"orderable":true,"show_badge":true,"formatted_price":"21,00&nbsp;\u20ac","formatted_published_date":"19 octobre 2015","publisher_availability_label":"Sur commande","short_details":"Alain Querleux \u2014 Buissonnieres","translator":null,"weight":110,"page_count":16,"readership":null,"editor":"Buissonnieres","price":2100,"published_date":"2015-10-18T22:00:00.000000Z","support":"Partitions musicales","publisher_availability":1,"stock":0,"editions":[],"url":"https:\/\/quaidesbrumes.com\/ouvrage\/9782849262467\/arioso-et-marche-duo-pour-violon-et-piano-en-ut-mineur"},{"id":"9782849262474","title":"Rondo-ballade : duo pour deux violons en r\u00e9 majeur","description":"Pi\u00e8ce de concert d'un seul tenant, d'une dur\u00e9e d'environ treize minutes. \r\nSa structure est vari\u00e9e, m\u00ealant la forme Rondo - un refrain et des couplets - \u00e0 un th\u00e8me lyrique de Ballade ; une marche lente appara\u00eet en son centre. C'est une oeuvre tr\u00e8s publique, chantante et rythm\u00e9e : elle affirme sa tonalit\u00e9 de r\u00e9 majeur (si caract\u00e9ristique du violon), ses modulations en r\u00e9 et si mineur, et offre toute une palette d'effets et de couleurs sonores, dans l'exigeant \u00e9quilibre des deux instruments de m\u00eame tessiture jouant seuls, sans l'appui d'une basse.\r\nLes deux parties sont d'\u00e9gal int\u00e9r\u00eat et de semblable exigence technique. De difficult\u00e9 moyenne \u00e0 difficile, ce Rondo-Ballade conviendra aux violonistes \u00e0 partir de la fin du 2e cycle des Conservatoires.","authors":["Alain Querleux"],"category_codes":["6000000","6030000","6031200"],"visuals":{"large":"https:\/\/images.epagine.fr\/474\/9782849262474_1_75.jpg","medium":"https:\/\/images.epagine.fr\/474\/9782849262474_1_m.jpg","thumbnail":"https:\/\/images.epagine.fr\/474\/9782849262474_1_v.jpg"},"orderable":true,"show_badge":true,"formatted_price":"18,00&nbsp;\u20ac","formatted_published_date":"19 octobre 2015","publisher_availability_label":"Sur commande","short_details":"Alain Querleux \u2014 Buissonnieres","translator":null,"weight":130,"page_count":12,"readership":null,"editor":"Buissonnieres","price":1800,"published_date":"2015-10-18T22:00:00.000000Z","support":"Partitions musicales","publisher_availability":1,"stock":0,"editions":[],"url":"https:\/\/quaidesbrumes.com\/ouvrage\/9782849262474\/rondo-ballade-duo-pour-deux-violons-en-re-majeur"},{"id":"9790046177354","title":"Moritz moszkowski : 20 petites etudes op.91, volume 1 -  piano","description":null,"authors":["Moritz Moszkowski"],"category_codes":["6000000","6030000"],"visuals":{"large":"https:\/\/quaidesbrumes.com\/img\/book-placeholder.png","medium":"https:\/\/quaidesbrumes.com\/img\/book-placeholder.png","thumbnail":"https:\/\/quaidesbrumes.com\/img\/book-placeholder.png"},"orderable":true,"show_badge":true,"formatted_price":"26,30&nbsp;\u20ac","formatted_published_date":"1er janvier 2000","publisher_availability_label":"Sur commande","short_details":"Moritz Moszkowski \u2014 ALPHONSE LEDUC","translator":null,"weight":500,"page_count":null,"readership":null,"editor":"ALPHONSE LEDUC","price":2630,"published_date":"1999-12-31T23:00:00.000000Z","support":"Grand format","publisher_availability":1,"stock":0,"editions":[],"url":"https:\/\/quaidesbrumes.com\/ouvrage\/9790046177354\/moritz-moszkowski-20-petites-etudes-op91-volume-1-piano"},{"id":"9780711920033","title":"Tenor saxophone solos volume 1","description":null,"authors":["Divers Auteurs"],"category_codes":["6000000","6030000"],"visuals":{"large":"https:\/\/quaidesbrumes.com\/img\/book-placeholder.png","medium":"https:\/\/quaidesbrumes.com\/img\/book-placeholder.png","thumbnail":"https:\/\/quaidesbrumes.com\/img\/book-placeholder.png"},"orderable":true,"show_badge":true,"formatted_price":"18,22&nbsp;\u20ac","formatted_published_date":"3 d\u00e9cembre 2004","publisher_availability_label":"Sur commande","short_details":"Divers Auteurs \u2014 CHESTER MUSIC","translator":null,"weight":401,"page_count":null,"readership":null,"editor":"CHESTER MUSIC","price":1822,"published_date":"2004-12-02T23:00:00.000000Z","support":"Grand format","publisher_availability":1,"stock":0,"editions":[],"url":"https:\/\/quaidesbrumes.com\/ouvrage\/9780711920033\/tenor-saxophone-solos-volume-1"},{"id":"9780793546213","title":"Scott joplin: 18 rags in easier versions piano","description":null,"authors":["Scott (Compo Joplin"],"category_codes":["6000000","6030000"],"visuals":{"large":"https:\/\/quaidesbrumes.com\/img\/book-placeholder.png","medium":"https:\/\/quaidesbrumes.com\/img\/book-placeholder.png","thumbnail":"https:\/\/quaidesbrumes.com\/img\/book-placeholder.png"},"orderable":true,"show_badge":true,"formatted_price":"20,05&nbsp;\u20ac","formatted_published_date":"24 mai 2012","publisher_availability_label":"Sur commande","short_details":"Scott (Compo Joplin \u2014 SCHIRMER","translator":null,"weight":501,"page_count":null,"readership":null,"editor":"SCHIRMER","price":2005,"published_date":"2012-05-23T22:00:00.000000Z","support":"Grand format","publisher_availability":1,"stock":0,"editions":[],"url":"https:\/\/quaidesbrumes.com\/ouvrage\/9780793546213\/scott-joplin-18-rags-in-easier-versions-piano"},{"id":"5020679159453","title":"Adele: hello (piano, vocal & guitar) piano, voix, guitare","description":null,"authors":["Adele (Artist)"],"category_codes":["6000000","6030000"],"visuals":{"large":"https:\/\/quaidesbrumes.com\/img\/book-placeholder.png","medium":"https:\/\/quaidesbrumes.com\/img\/book-placeholder.png","thumbnail":"https:\/\/quaidesbrumes.com\/img\/book-placeholder.png"},"orderable":true,"show_badge":true,"formatted_price":"7,31&nbsp;\u20ac","formatted_published_date":"27 octobre 2015","publisher_availability_label":"Sur commande","short_details":"Adele (Artist) \u2014 MUSIC SALES","translator":null,"weight":201,"page_count":null,"readership":null,"editor":"MUSIC SALES","price":731,"published_date":"2015-10-26T23:00:00.000000Z","support":"Grand format","publisher_availability":1,"stock":0,"editions":[],"url":"https:\/\/quaidesbrumes.com\/ouvrage\/5020679159453\/adele-hello-piano-vocal-guitar-piano-voix-guitare"},{"id":"9782357797703","title":"Rock et litt\u00e9rature ; l\u00e0 o\u00f9 le rock rencontre les mots","description":"Comprendre comment Bob Dylan swingue avec la Beat Generation ; comprendre ce qu'a de rock un roman de Virginie Despentes ; comprendre ce que Pink Floyd doit \u00e0 George Orwell. C'est quelque chose d'assez singulier finalement, le rock. On n'en a jamais vraiment fait le tour. Vous le savez mieux que personne, puisque vous tenez ce livre entre vos mains. On n'en finit jamais parce qu'il y a toujours quelque chose \u00e0 explorer, cet artiste \u00e0 (re)d\u00e9couvrir, cette dimension qu'on a ignor\u00e9e. Sociologique, politique, artistique, culturelle, litt\u00e9raire ? Pourquoi pas. \u00c7a en vaut bien d'autres. C'est une passion bic\u00e9phale pour l'\u00e9criture et le rock qui a men\u00e9 Rafa\u00ebl Panza vers des \u00e9tudes litt\u00e9raires et, plus particuli\u00e8rement, l'\u00e9tude de la litt\u00e9rature dans le rock. Ses \u00e9tudes finies, il int\u00e8gre l'\u00e9quipe des chroniqueurs de New Noise Magazine, suit celle de La Grosse Radio. D\u00e9sormais concepteur-r\u00e9dacteur, il continue de chroniquer refusant de l\u00e2cher le bifteck.\r","authors":["Rafael Panza"],"category_codes":["6000000","6030000","6030400"],"visuals":{"large":"https:\/\/images.epagine.fr\/703\/9782357797703_1_75.jpg","medium":"https:\/\/images.epagine.fr\/703\/9782357797703_1_m.jpg","thumbnail":"https:\/\/images.epagine.fr\/703\/9782357797703_1_v.jpg"},"orderable":true,"show_badge":true,"formatted_price":"32,00&nbsp;\u20ac","formatted_published_date":"15 avril 2016","publisher_availability_label":"Sur commande","short_details":"Rafael Panza \u2014 Le Camion Blanc","translator":null,"weight":328,"page_count":null,"readership":null,"editor":"Le Camion Blanc","price":3200,"published_date":"2016-04-14T22:00:00.000000Z","support":"Grand format","publisher_availability":1,"stock":0,"editions":[],"url":"https:\/\/quaidesbrumes.com\/ouvrage\/9782357797703\/rock-et-litterature-la-ou-le-rock-rencontre-les-mots"},{"id":"8436007089908","title":"Laja * ordu txikitako saioak","description":null,"authors":["Laja"],"category_codes":["6000000","6030000","6030900","6030904"],"visuals":{"large":"https:\/\/quaidesbrumes.com\/img\/book-placeholder.png","medium":"https:\/\/quaidesbrumes.com\/img\/book-placeholder.png","thumbnail":"https:\/\/quaidesbrumes.com\/img\/book-placeholder.png"},"orderable":true,"show_badge":true,"formatted_price":"0,00&nbsp;\u20ac","formatted_published_date":"21 avril 2026","publisher_availability_label":"Sur commande","short_details":"Laja \u2014 Elkar","translator":null,"weight":0,"page_count":null,"readership":null,"editor":"Elkar","price":0,"published_date":"2026-04-20T22:00:00.000000Z","support":"Grand format","publisher_availability":1,"stock":0,"editions":[],"url":"https:\/\/quaidesbrumes.com\/ouvrage\/8436007089908\/laja-ordu-txikitako-saioak"},{"id":"9780825809385","title":"32 etudes pour trompette","description":null,"authors":["Sigmund Hering"],"category_codes":["6000000","6030000"],"visuals":{"large":"https:\/\/quaidesbrumes.com\/img\/book-placeholder.png","medium":"https:\/\/quaidesbrumes.com\/img\/book-placeholder.png","thumbnail":"https:\/\/quaidesbrumes.com\/img\/book-placeholder.png"},"orderable":true,"show_badge":true,"formatted_price":"22,83&nbsp;\u20ac","formatted_published_date":"1er janvier 2000","publisher_availability_label":"Sur commande","short_details":"Sigmund Hering \u2014 HAL LEONARD","translator":null,"weight":400,"page_count":null,"readership":null,"editor":"HAL LEONARD","price":2283,"published_date":"1999-12-31T23:00:00.000000Z","support":"Grand format","publisher_availability":1,"stock":0,"editions":[],"url":"https:\/\/quaidesbrumes.com\/ouvrage\/9780825809385\/32-etudes-pour-trompette"},{"id":"9780711967946","title":"Domenico scarlatti: 3 sonatas  - brass quintet (just brass no.36)","description":null,"authors":["Domenico Scarlatti"],"category_codes":["6000000","6030000"],"visuals":{"large":"https:\/\/quaidesbrumes.com\/img\/book-placeholder.png","medium":"https:\/\/quaidesbrumes.com\/img\/book-placeholder.png","thumbnail":"https:\/\/quaidesbrumes.com\/img\/book-placeholder.png"},"orderable":true,"show_badge":true,"formatted_price":"34,68&nbsp;\u20ac","formatted_published_date":"16 ao\u00fbt 2001","publisher_availability_label":"Sur commande","short_details":"Domenico Scarlatti \u2014 CHESTER MUSIC","translator":null,"weight":701,"page_count":null,"readership":null,"editor":"CHESTER MUSIC","price":3468,"published_date":"2001-08-15T22:00:00.000000Z","support":"Grand format","publisher_availability":1,"stock":0,"editions":[],"url":"https:\/\/quaidesbrumes.com\/ouvrage\/9780711967946\/domenico-scarlatti-3-sonatas-brass-quintet-just-brass-no36"},{"id":"8436007085252","title":"Zura * egunkari ezkutua","description":null,"authors":["Zura"],"category_codes":["6000000","6030000","6030900","6030904"],"visuals":{"large":"https:\/\/quaidesbrumes.com\/img\/book-placeholder.png","medium":"https:\/\/quaidesbrumes.com\/img\/book-placeholder.png","thumbnail":"https:\/\/quaidesbrumes.com\/img\/book-placeholder.png"},"orderable":true,"show_badge":true,"formatted_price":"0,00&nbsp;\u20ac","formatted_published_date":"2 octobre 2015","publisher_availability_label":"Sur commande","short_details":"Zura \u2014 Elkar","translator":null,"weight":0,"page_count":null,"readership":null,"editor":"Elkar","price":0,"published_date":"2015-10-01T22:00:00.000000Z","support":"Grand format","publisher_availability":1,"stock":0,"editions":[],"url":"https:\/\/quaidesbrumes.com\/ouvrage\/8436007085252\/zura-egunkari-ezkutua"},{"id":"8436007085139","title":"Imuntzo eta beloki * egurre","description":null,"authors":["Imuntzo Eta Beloki"],"category_codes":["6000000","6030000","6030900","6030904"],"visuals":{"large":"https:\/\/quaidesbrumes.com\/img\/book-placeholder.png","medium":"https:\/\/quaidesbrumes.com\/img\/book-placeholder.png","thumbnail":"https:\/\/quaidesbrumes.com\/img\/book-placeholder.png"},"orderable":true,"show_badge":true,"formatted_price":"0,00&nbsp;\u20ac","formatted_published_date":"8 octobre 2015","publisher_availability_label":"Sur commande","short_details":"Imuntzo Eta Beloki \u2014 Elkar","translator":null,"weight":0,"page_count":null,"readership":null,"editor":"Elkar","price":0,"published_date":"2015-10-07T22:00:00.000000Z","support":"Grand format","publisher_availability":1,"stock":0,"editions":[],"url":"https:\/\/quaidesbrumes.com\/ouvrage\/8436007085139\/imuntzo-eta-beloki-egurre"},{"id":"9782011904898","title":"Notre-dame du chateau a tarascon","description":"Notre-Dame du Ch\u00e2teau \u00e0 Tarascon Date de l'\u00e9dition originale : 1886 Sujet de l'ouvrage : Tarascon (France) Ce livre est la reproduction fid\u00e8le d une uvre publi\u00e9e avant 1920 et fait partie d une collection de livres r\u00e9imprim\u00e9s \u00e0 la demande \u00e9dit\u00e9e par Hachette Livre, dans le cadre d un partenariat avec la Biblioth\u00e8que nationale de France, offrant l opportunit\u00e9 d acc\u00e9der \u00e0 des ouvrages anciens et souvent rares issus des fonds patrimoniaux de la BnF.\r\nLes uvres faisant partie de cette collection ont \u00e9t\u00e9 num\u00e9ris\u00e9es par la BnF et sont pr\u00e9sentes sur Gallica, sa biblioth\u00e8que num\u00e9rique.\r\n\r\nEn entreprenant de redonner vie \u00e0 ces ouvrages au travers d une collection de livres r\u00e9imprim\u00e9s \u00e0 la demande, nous leur donnons la possibilit\u00e9 de rencontrer un public \u00e9largi et participons \u00e0 la transmission de connaissances et de savoirs parfois difficilement accessibles.\r\nNous avons cherch\u00e9 \u00e0 concilier la reproduction fid\u00e8le d un livre ancien \u00e0 partir de sa version num\u00e9ris\u00e9e avec le souci d un confort de lecture optimal. Nous esp\u00e9rons que les ouvrages de cette nouvelle collection vous apporteront enti\u00e8re satisfaction.\r\n\r\nPour plus d informations, rendez-vous sur www.hachettebnf.fr\r","authors":["Marbot Edmond"],"category_codes":["6000000","6030000"],"visuals":{"large":"https:\/\/images.epagine.fr\/898\/9782011904898_1_75.jpg","medium":"https:\/\/images.epagine.fr\/898\/9782011904898_1_m.jpg","thumbnail":"https:\/\/images.epagine.fr\/898\/9782011904898_1_v.jpg"},"orderable":true,"show_badge":true,"formatted_price":"9,50&nbsp;\u20ac","formatted_published_date":"1er ao\u00fbt 2015","publisher_availability_label":"Sur commande","short_details":"Marbot Edmond \u2014 Hachette BNF","translator":null,"weight":43,"page_count":null,"readership":null,"editor":"Hachette BNF","price":950,"published_date":"2015-07-31T22:00:00.000000Z","support":"Grand format","publisher_availability":1,"stock":0,"editions":[],"url":"https:\/\/quaidesbrumes.com\/ouvrage\/9782011904898\/notre-dame-du-chateau-a-tarascon"},{"id":"9782011905581","title":"Lettre sur les bouffons","description":"Lettre sur les bouffons Date de l'\u00e9dition originale : 1753 Ce livre est la reproduction fid\u00e8le d une uvre publi\u00e9e avant 1920 et fait partie d une collection de livres r\u00e9imprim\u00e9s \u00e0 la demande \u00e9dit\u00e9e par Hachette Livre, dans le cadre d un partenariat avec la Biblioth\u00e8que nationale de France, offrant l opportunit\u00e9 d acc\u00e9der \u00e0 des ouvrages anciens et souvent rares issus des fonds patrimoniaux de la BnF.\r\nLes uvres faisant partie de cette collection ont \u00e9t\u00e9 num\u00e9ris\u00e9es par la BnF et sont pr\u00e9sentes sur Gallica, sa biblioth\u00e8que num\u00e9rique.\r\n\r\nEn entreprenant de redonner vie \u00e0 ces ouvrages au travers d une collection de livres r\u00e9imprim\u00e9s \u00e0 la demande, nous leur donnons la possibilit\u00e9 de rencontrer un public \u00e9largi et participons \u00e0 la transmission de connaissances et de savoirs parfois difficilement accessibles.\r\nNous avons cherch\u00e9 \u00e0 concilier la reproduction fid\u00e8le d un livre ancien \u00e0 partir de sa version num\u00e9ris\u00e9e avec le souci d un confort de lecture optimal. Nous esp\u00e9rons que les ouvrages de cette nouvelle collection vous apporteront enti\u00e8re satisfaction.\r\n\r\nPour plus d informations, rendez-vous sur www.hachettebnf.fr\r","authors":[],"category_codes":["6000000","6030000"],"visuals":{"large":"https:\/\/images.epagine.fr\/581\/9782011905581_1_75.jpg","medium":"https:\/\/images.epagine.fr\/581\/9782011905581_1_m.jpg","thumbnail":"https:\/\/images.epagine.fr\/581\/9782011905581_1_v.jpg"},"orderable":true,"show_badge":true,"formatted_price":"9,50&nbsp;\u20ac","formatted_published_date":"1er ao\u00fbt 2015","publisher_availability_label":"Sur commande","short_details":"Hachette BNF","translator":null,"weight":48,"page_count":null,"readership":null,"editor":"Hachette BNF","price":950,"published_date":"2015-07-31T22:00:00.000000Z","support":"Grand format","publisher_availability":1,"stock":0,"editions":[],"url":"https:\/\/quaidesbrumes.com\/ouvrage\/9782011905581\/lettre-sur-les-bouffons"},{"id":"8436007085344","title":"Petti & etxeko uzta * hotzikarak","description":null,"authors":["Petti & Etxeko Uzta"],"category_codes":["6000000","6030000","6030900","6030904"],"visuals":{"large":"https:\/\/quaidesbrumes.com\/img\/book-placeholder.png","medium":"https:\/\/quaidesbrumes.com\/img\/book-placeholder.png","thumbnail":"https:\/\/quaidesbrumes.com\/img\/book-placeholder.png"},"orderable":true,"show_badge":true,"formatted_price":"0,00&nbsp;\u20ac","formatted_published_date":"7 avril 2016","publisher_availability_label":"Sur commande","short_details":"Petti & Etxeko Uzta \u2014 Elkar","translator":null,"weight":0,"page_count":null,"readership":null,"editor":"Elkar","price":0,"published_date":"2016-04-06T22:00:00.000000Z","support":"Grand format","publisher_availability":1,"stock":0,"editions":[],"url":"https:\/\/quaidesbrumes.com\/ouvrage\/8436007085344\/petti-etxeko-uzta-hotzikarak"},{"id":"9783838176659","title":"La perm\u00e9abilit\u00e9 des genres lyriques \u00e0 la fin du XVIIIe si\u00e8cle","description":"Le livret de la trag\u00e9die lyrique \"Les Dana\u00efdes\" de Salieri, est fond\u00e9 sur une histoire qui remonte \u00e0 1779 lorsque Calzabigi envoie \u00e0 Gluck, une copie du livret italien \"Ipermestra\". Ce dernier le confie \u00e0 Du Roullet et au Baron de Tschudy afin de le traduire et de le pr\u00e9senter sur la sc\u00e8ne fran\u00e7aise. En 1784, l'op\u00e9ra \"Les Dana\u00efdes\" fut repr\u00e9sent\u00e9 \u00e0 Paris sous les noms de Gluck et de Salieri. Calzabigi, en col\u00e8re, adressa une lettre au Mercure de France. Ainsi, il existe un conflit concernant la paternit\u00e9 du livret qui se double ensuite d'un probl\u00e8me au sujet du nom du compositeur ; lorsque l'oeuvre obtint un \u00e9norme succ\u00e8s, Gluck adressa une lettre au Journal de Paris dans laquelle d\u00e9clare que la musique de l'op\u00e9ra est enti\u00e8rement de Salieri. La structure des \"Dana\u00efdes\" s'apparente \u00e0 celle de la trag\u00e9die lyrique. Cependant, il s'agit d'une oeuvre plus originale et plus complexe qui renvoie en m\u00eame temps aux op\u00e9ras du XIXe. Le style de Salieri, concentre des \u00e9l\u00e9ments italiens ainsi que fran\u00e7ais et regroupe des techniques d'\u00e9criture qui sont d\u00e9j\u00e0 pr\u00e9sentes dans ses op\u00e9ras pr\u00e9c\u00e9dents compos\u00e9s \u00e0 Vienne. Mais l'orchestration des certains morceaux renvoie aux oeuvres fran\u00e7aises de Gluck.\r","authors":["Georgia Kondyli"],"category_codes":["6000000","6030000","6030300"],"visuals":{"large":"https:\/\/images.epagine.fr\/659\/9783838176659_1_75.jpg","medium":"https:\/\/images.epagine.fr\/659\/9783838176659_1_m.jpg","thumbnail":"https:\/\/images.epagine.fr\/659\/9783838176659_1_v.jpg"},"orderable":true,"show_badge":true,"formatted_price":"98,00&nbsp;\u20ac","formatted_published_date":"21 d\u00e9cembre 2012","publisher_availability_label":"Sur commande","short_details":"Georgia Kondyli \u2014 Presses Academiques Francophones","translator":null,"weight":745,"page_count":512,"readership":null,"editor":"Presses Academiques Francophones","price":9800,"published_date":"2012-12-20T23:00:00.000000Z","support":"Grand format","publisher_availability":1,"stock":0,"editions":[],"url":"https:\/\/quaidesbrumes.com\/ouvrage\/9783838176659\/la-permeabilite-des-genres-lyriques-a-la-fin-du-xviiie-siecle"},{"id":"9783838177724","title":"Innovation de la musique rap sur la jeunesse de la RD Congo ; du nouveau style \u00e0 une nouvelle culture","description":"La musique adouci les moeurs, d\u00e9tend l'homme et lui fait parfois oubli\u00e9 les probl\u00e8mes ou ennuis auxquels il fait face dans sa vie de tous les jours. Cependant, nul ne peut volontairement ignorer que la musique est l'un des moyens ou une forme de communication qui a une force incontestable d'influence sur le r\u00e9cepteur. Ses effets sur le comportement humain sont encore plus puissants lorsque le message de la chanson est accompagn\u00e9 des illustrations filmiques (clips). Ce qui plonge automatiquement le public dans l'imaginaire qui se traduit parfois en un r\u00eave qui, \u00e0 son tour, se transforme en comportement par adh\u00e9sion aux messages capt\u00e9s. C'est en fait le ph\u00e9nom\u00e8ne qui s'observe dans la soci\u00e9t\u00e9 congolaise depuis l'int\u00e9gration de la culture HIP HOP import\u00e9e des USA les clips de rap. L'attitude qu'affichent les jeunes rappeurs ne s'accorde surtout pas avec les valeurs morales et \u00e9thiques locales. La plupart veulent s'identifier par imitation et conformisme a leurs idoles. Il s'agit ici, d'avoir la compr\u00e9hension et la connaissance du r\u00f4le que la musique rap est entrain de jouer actuellement dans la vie des jeunes congolais, outre la fonction traditionnelle de la musique dans la soci\u00e9t\u00e9.\r","authors":["Innocent Bora-uzima"],"category_codes":["6000000","6030000","6030400"],"visuals":{"large":"https:\/\/images.epagine.fr\/724\/9783838177724_1_75.jpg","medium":"https:\/\/images.epagine.fr\/724\/9783838177724_1_m.jpg","thumbnail":"https:\/\/images.epagine.fr\/724\/9783838177724_1_v.jpg"},"orderable":true,"show_badge":true,"formatted_price":"49,00&nbsp;\u20ac","formatted_published_date":"11 janvier 2013","publisher_availability_label":"Sur commande","short_details":"Innocent Bora-uzima \u2014 Presses Academiques Francophones","translator":null,"weight":245,"page_count":160,"readership":null,"editor":"Presses Academiques Francophones","price":4900,"published_date":"2013-01-10T23:00:00.000000Z","support":"Grand format","publisher_availability":1,"stock":0,"editions":[],"url":"https:\/\/quaidesbrumes.com\/ouvrage\/9783838177724\/innovation-de-la-musique-rap-sur-la-jeunesse-de-la-rd-congo-du-nouveau-style-a-une-nouvelle-culture"}]}