{"data":[{"id":"9782312030722","title":"Le guide pratique du musicien ind\u00e9pendant","description":"Le Guide Pratique Du Musicien Ind\u00e9pendant est destin\u00e9 aux artistes amateurs, semi-professionnels et professionnels qui souhaitent r\u00e9ussir leur parcours dans une industrie o\u00f9 le talent ne suffit plus. Dans le Guide : - Enregistrer une maquette - Home studio vs studio traditionnel - Le direct-to-fan - Optez pour la diffusion prescriptive de votre musique - Participer aux concours tremplin qui comptent - Internet et ses opportunit\u00e9s - Distribution physique contre distribution num\u00e9rique - Booker une tourn\u00e9e dans toute la France - Lancer une campagne de presse r\u00e9ussie... Et pleins d'autres chapitres encore.","authors":["Patrick Kaya"],"category_codes":["6000000","6030000","6030300"],"visuals":{"large":"https:\/\/images.epagine.fr\/722\/9782312030722_1_75.jpg","medium":"https:\/\/images.epagine.fr\/722\/9782312030722_1_m.jpg","thumbnail":"https:\/\/images.epagine.fr\/722\/9782312030722_1_v.jpg"},"orderable":true,"show_badge":true,"formatted_price":"14,00&nbsp;\u20ac","formatted_published_date":"25 f\u00e9vrier 2015","publisher_availability_label":"Sur commande","short_details":"Patrick Kaya \u2014 Editions du Net","translator":null,"weight":180,"page_count":100,"readership":null,"editor":"Editions du Net","price":1400,"published_date":"2015-02-24T23:00:00.000000Z","support":"Grand format","publisher_availability":1,"stock":0,"editions":[],"url":"https:\/\/quaidesbrumes.com\/ouvrage\/9782312030722\/le-guide-pratique-du-musicien-independant"},{"id":"9782953671742","title":"Apr\u00e8s Mozzart","description":null,"authors":["Vincent Dumas"],"category_codes":["1000000","1010000"],"visuals":{"large":"https:\/\/images.epagine.fr\/742\/9782953671742_1_75.jpg","medium":"https:\/\/images.epagine.fr\/742\/9782953671742_1_m.jpg","thumbnail":"https:\/\/images.epagine.fr\/742\/9782953671742_1_v.jpg"},"orderable":true,"show_badge":true,"formatted_price":"8,00&nbsp;\u20ac","formatted_published_date":"15 ao\u00fbt 2011","publisher_availability_label":"Sur commande","short_details":"Vincent Dumas \u2014 Infimes","translator":null,"weight":0,"page_count":86,"readership":null,"editor":"Infimes","price":800,"published_date":"2011-08-14T22:00:00.000000Z","support":"Grand format","publisher_availability":1,"stock":0,"editions":[],"url":"https:\/\/quaidesbrumes.com\/ouvrage\/9782953671742\/apres-mozzart"},{"id":"9782357796546","title":"Old wave, cold wave, new wave, dark wave ; d\u00e9luges sonores et clip eighties","description":"Cet ouvrage tourne autour de la New Wave et de ses caract\u00e9ristiques, les clips, la primaut\u00e9 de l'image et du look sur le son. Plus que sur la musique, nous nous sommes pench\u00e9s sur les textes : que nous racontent tous ces gens-l\u00e0 ? Les paroles des chansons nous \u00e9clairent-elles sur l'\u00e9poque ? La partie consacr\u00e9e aux sources nous plonge au coeur des ann\u00e9es 60 et 70, avec des analyses des grandes figures. A la fin des ann\u00e9es 60 et au d\u00e9but des seventies, les mouvements pop-rock, psych\u00e9, glamour, les d\u00e9luges sonores du funk et du hard rock, s'encha\u00eenent, se superposent, puis passent au second plan avec la d\u00e9ferlante punk. Ils reviennent en force au d\u00e9but des ann\u00e9es 80, se prolongent dans la New Wave, l'\u00e9lectro-pop, la Dark Wave, les d\u00e9buts du gothique. Les rapports peuvent sembler lointain entre l'Old Wave et la New Wave, mais peut-on imaginer The Police, XTC, Tears For Fears sans les Beatles ? Adam and the Ants, Depeche Mode sans David Bowie, sans T.Rex ? The Cure et Robert Smith sans Syd Barrett ? Joy Division et Ian Curtis sans les Doors de Jim Morrison ? Siouxsie and the Banshees, Killing Joke, The Mission sans Led Zeppelin, sans Black Sabbath ? La Cold Wave, l'\u00e9lectro-pop, la Dark Wave sont en germe dans les ann\u00e9es 60 et 70. Les filiations ne sont pas toujours \u00e9videntes : parfois les racines sont profond\u00e9ment enfouies dans le sol. Dans une premi\u00e8re partie, consacr\u00e9e \u00e0 l'Ancienne Vague, nous avons pr\u00e9sent\u00e9 les grands anciens, la lame de fond, les pr\u00e9curseurs. Puis nous avons analys\u00e9 les artistes embl\u00e9matiques de l'after-Punk, de la New Wave, de la Cold Wave, de la Dark Wave. La derni\u00e8re partie de l'ouvrage traite du revival New Wave, de la Britpop et du revival Pop Rock Psych\u00e9. L\u00e0, tout \u00e9tait New Order et beaut\u00e9, luxe, calme et obscurit\u00e9.","authors":["J\u00e9r\u00f4me Pintoux"],"category_codes":["6000000","6030000","6030300"],"visuals":{"large":"https:\/\/images.epagine.fr\/546\/9782357796546_1_75.jpg","medium":"https:\/\/images.epagine.fr\/546\/9782357796546_1_m.jpg","thumbnail":"https:\/\/images.epagine.fr\/546\/9782357796546_1_v.jpg"},"orderable":true,"show_badge":true,"formatted_price":"38,00&nbsp;\u20ac","formatted_published_date":"15 d\u00e9cembre 2014","publisher_availability_label":"Sur commande","short_details":"J\u00e9r\u00f4me Pintoux \u2014 Le Camion Blanc","translator":null,"weight":1000,"page_count":null,"readership":null,"editor":"Le Camion Blanc","price":3800,"published_date":"2014-12-14T23:00:00.000000Z","support":"Grand format","publisher_availability":1,"stock":0,"editions":[],"url":"https:\/\/quaidesbrumes.com\/ouvrage\/9782357796546\/old-wave-cold-wave-new-wave-dark-wave-deluges-sonores-et-clip-eighties"},{"id":"9782912184795","title":"Lafond","description":"Marie-Fran\u00e7oise Lafond, artiste peintre atypique aux multiples m\u00e9thodes d'expressions picturales, a suscit\u00e9 l'envie chez Gilles Wolkowitsch - auteur, entre autres, de Le monde de Jenny de Vasson - de lui consacrer un ouvrage de 200 pages. Il a ainsi recens\u00e9, aupr\u00e8s d'une centaine de collectionneurs, plus de trois cents oeuvres que l'on red\u00e9couvre en pleines pages ou en vignettes, au gr\u00e9 du livre. A travers ses p\u00e9r\u00e9grinations dans les pays de l'Est, du Maghreb, en Europe, en Asie... et dans de nombreuses r\u00e9gions de France, Marie-Fran\u00e7oise Lafond a saisi l'instant, l'atmosph\u00e8re, le fugitif, des diverses civilisations qui l'ont marqu\u00e9e. Elle est la fille d'Aline et Jean Lafond qui avaient ouvert, \u00e0 Ch\u00e2teauroux, la premi\u00e8re galerie priv\u00e9e du d\u00e9partement.","authors":["Gilles Wolkowitsch"],"category_codes":["6000000","6030000"],"visuals":{"large":"https:\/\/quaidesbrumes.com\/img\/book-placeholder.png","medium":"https:\/\/quaidesbrumes.com\/img\/book-placeholder.png","thumbnail":"https:\/\/quaidesbrumes.com\/img\/book-placeholder.png"},"orderable":true,"show_badge":true,"formatted_price":"40,00&nbsp;\u20ac","formatted_published_date":"9 d\u00e9cembre 2014","publisher_availability_label":"Sur commande","short_details":"Gilles Wolkowitsch \u2014 Lancosme","translator":null,"weight":1340,"page_count":200,"readership":null,"editor":"Lancosme","price":4000,"published_date":"2014-12-08T23:00:00.000000Z","support":"Grand format","publisher_availability":1,"stock":0,"editions":[],"url":"https:\/\/quaidesbrumes.com\/ouvrage\/9782912184795\/lafond"},{"id":"9791091882071","title":"Renaud, \u00e9ternel enfant...\u00a0; 1974\u00a0- 2014\u00a0: 40 ans de carri\u00e8re","description":"A l'occasion des 40 ans de carri\u00e8re de l'artiste, ce livre nous am\u00e8ne \u00e0 la rencontre de ce troubadour au grand coeur qui a su merveilleusement t\u00e9moigner, en textes et en musique, des quatre d\u00e9cennies qu'il a travers\u00e9es et pass\u00e9es sur le devant de la sc\u00e8ne. Au-del\u00e0 de la mise en perspective de sa magnifique oeuvre, cet essai tr\u00e8s document\u00e9 s'efforce de mieux cerner l'homme \u00e0 fleur de peau qui n'a cess\u00e9 de se cacher derri\u00e8re ses diff\u00e9rents reflets m\u00e9diatiques jusqu'\u00e0 s'y confondre. A travers ses chansons et concerts, \u00e0 l'\u00e9clairage d'articles et d'interviews, \u00e0 la lecture de biographies, de t\u00e9moignages et d'autres billets, la personnalit\u00e9 de l'artiste se d\u00e9voile et s'\u00e9toffe au fil des pages : ses engagements et col\u00e8res, ses \u00e9motions et \u00e9tats d'\u00e2me, ses joies et chagrins, ses espoirs et d\u00e9ceptions. D'album en album, l'homme nous semble plus proche dans sa tendre humanit\u00e9, empreint de doutes, en qu\u00eate permanente d'identit\u00e9 et de ports d'attache. De son accession rapide -peut-\u00eatre trop rapide- \u00e0 la c\u00e9l\u00e9brit\u00e9 au mal \u00eatre qui s'est empar\u00e9 de lui la quarantaine pass\u00e9e, l'homme et le cr\u00e9ateur de talent ont fusionn\u00e9 pour donner corps \u00e0 Renaud, baladin infatigable et \u00e9ternel enfant.\r\n\r\nUn livre \u00e9crit par une fan, pour tous les admirateurs de Renaud.","authors":["Sophie Philip"],"category_codes":["6000000","6030000"],"visuals":{"large":"https:\/\/images.epagine.fr\/071\/9791091882071_1_75.jpg","medium":"https:\/\/images.epagine.fr\/071\/9791091882071_1_m.jpg","thumbnail":"https:\/\/images.epagine.fr\/071\/9791091882071_1_v.jpg"},"orderable":true,"show_badge":true,"formatted_price":"19,68&nbsp;\u20ac","formatted_published_date":"13 octobre 2014","publisher_availability_label":"Sur commande","short_details":"Sophie Philip \u2014 B.A Ba","translator":null,"weight":425,"page_count":258,"readership":null,"editor":"B.A Ba","price":1968,"published_date":"2014-10-12T22:00:00.000000Z","support":"Grand format","publisher_availability":1,"stock":0,"editions":[],"url":"https:\/\/quaidesbrumes.com\/ouvrage\/9791091882071\/renaud-eternel-enfant-1974-2014-40-ans-de-carriere"},{"id":"9790231803891","title":"Largo en fa di\u00e8se mineur","description":"Tr\u00e8s t\u00f4t form\u00e9 \u00e0 la technique du clavier et du violon, entour\u00e9 de fr\u00e8res et soeurs pratiquant piano et cordes, Jean Cras en vint rapidement \u00e0 composer de la musique de chambre. Ce sera d'abord un trio avec piano, Voyage symbolique, suivi au tournant du si\u00e8cle par les trois sonates, L'Esprit (pour violon et piano), L'\u00c2me (pour alto et piano) et La Chair (pour violoncelle et piano).\r\nC'est peu apr\u00e8s ces d\u00e9buts que Jean Cras entame la composition de ce Largo en fa di\u00e8se mineur, dans sa premi\u00e8re version pour violoncelle et piano. Nous avons bien peu d'\u00e9l\u00e9ments sur cette oeuvre. Dans un courrier \u00e0 sa famille, dat\u00e9e du 6 d\u00e9cembre 1903 alors qu'il est en poste \u00e0 Bizerte, le compositeur \u00e9crit?: \u00ab?Mon Andante pour violoncelle sera bient\u00f4t termin\u00e9. Il y a des jours o\u00f9 je crois que c'est tr\u00e8s bien. En tous cas, quelle que soit la qualit\u00e9 des sentiments qui sont l'\u00e2me de mes compositions, je sens que leur expression en est maintenant plus virile, plus robuste.?\u00bb S'agit-il bien du Largo en fa di\u00e8se mineur? ? Sans doute, car aucune trace n'existe d'un Andante pour une formation similaire. Le fait que sur les diff\u00e9rentes sources manuscrites figure la mention \u00ab?novembre 1903?\u00bb reste dans ce contexte un myst\u00e8re.\r\nLe manuscrit autographe qui a servi \u00e0 \u00e9tablir la pr\u00e9sente \u00e9dition est d\u00e9pos\u00e9 \u00e0 la M\u00e9diath\u00e8que musicale Mahler \u00e0 Paris. Il est compl\u00e9t\u00e9 par plusieurs autres sources manuscrites dont des parties s\u00e9par\u00e9es de violon et d'alto nous montrant que ces deux versions alternatives \u00e9taient bien la volont\u00e9 du compositeur. Nous en proposons donc l'\u00e9dition en trois versions?: pour violoncelle et piano, pour alto et piano, pour violon et piano.\r\nCette pi\u00e8ce, courte m\u00e9ditation de forme lied A-B-A', a \u00e9t\u00e9 cr\u00e9\u00e9e par Andr\u00e9 L\u00e9vy, violoncelle, et Colette Cras, la deuxi\u00e8me fille du compositeur, le 22 novembre 1934, deux ans apr\u00e8s la mort de Jean Cras. Elle a \u00e9t\u00e9 enregistr\u00e9e par Aleksandr Khramouchine et Alain Jacquon \u00e0 Vincennes, en avril 2008 (label Timpani) et sa recr\u00e9ation au concert a eu lieu au cours de la Folle Journ\u00e9e de Nantes 2013, le samedi 2 f\u00e9vrier, par Rapha\u00ebl Pidoux et Vincent Coq.\r\nSt\u00e9phane Topakian","authors":["Jean Cras"],"category_codes":["6000000","6030000","6030900","6030903"],"visuals":{"large":"https:\/\/images.epagine.fr\/891\/9790231803891_1_75.jpg","medium":"https:\/\/images.epagine.fr\/891\/9790231803891_1_m.jpg","thumbnail":"https:\/\/images.epagine.fr\/891\/9790231803891_1_v.jpg"},"orderable":true,"show_badge":true,"formatted_price":"12,00&nbsp;\u20ac","formatted_published_date":"1er septembre 2014","publisher_availability_label":"Sur commande","short_details":"Jean Cras \u2014 Symetrie","translator":null,"weight":70,"page_count":12,"readership":null,"editor":"Symetrie","price":1200,"published_date":"2014-08-31T22:00:00.000000Z","support":"Grand format","publisher_availability":1,"stock":0,"editions":[],"url":"https:\/\/quaidesbrumes.com\/ouvrage\/9790231803891\/largo-en-fa-diese-mineur"},{"id":"9780711948976","title":"Peter harvey: saxophone quartets volume 1","description":null,"authors":["Peter (Artis Harvey"],"category_codes":["6000000","6030000"],"visuals":{"large":"https:\/\/quaidesbrumes.com\/img\/book-placeholder.png","medium":"https:\/\/quaidesbrumes.com\/img\/book-placeholder.png","thumbnail":"https:\/\/quaidesbrumes.com\/img\/book-placeholder.png"},"orderable":true,"show_badge":true,"formatted_price":"31,02&nbsp;\u20ac","formatted_published_date":"29 ao\u00fbt 2002","publisher_availability_label":"Sur commande","short_details":"Peter (Artis Harvey \u2014 CHESTER MUSIC","translator":null,"weight":701,"page_count":null,"readership":null,"editor":"CHESTER MUSIC","price":3102,"published_date":"2002-08-28T22:00:00.000000Z","support":"Grand format","publisher_availability":1,"stock":0,"editions":[],"url":"https:\/\/quaidesbrumes.com\/ouvrage\/9780711948976\/peter-harvey-saxophone-quartets-volume-1"},{"id":"9780711921627","title":"Gabriel faure: fantasie op.79","description":null,"authors":["Gabriel (Comp Faure"],"category_codes":["6000000","6030000"],"visuals":{"large":"https:\/\/quaidesbrumes.com\/img\/book-placeholder.png","medium":"https:\/\/quaidesbrumes.com\/img\/book-placeholder.png","thumbnail":"https:\/\/quaidesbrumes.com\/img\/book-placeholder.png"},"orderable":true,"show_badge":true,"formatted_price":"18,22&nbsp;\u20ac","formatted_published_date":"28 novembre 1989","publisher_availability_label":"Sur commande","short_details":"Gabriel (Comp Faure \u2014 CHESTER MUSIC","translator":null,"weight":401,"page_count":null,"readership":null,"editor":"CHESTER MUSIC","price":1822,"published_date":"1989-11-27T23:00:00.000000Z","support":"Grand format","publisher_availability":1,"stock":0,"editions":[],"url":"https:\/\/quaidesbrumes.com\/ouvrage\/9780711921627\/gabriel-faure-fantasie-op79"},{"id":"9790046281938","title":"Paul taffanel & philippe gaubert : grands exercices journaliers de mecanisme (saxophone solo)","description":null,"authors":["Taffanel & Gaubert"],"category_codes":["6000000","6030000"],"visuals":{"large":"https:\/\/quaidesbrumes.com\/img\/book-placeholder.png","medium":"https:\/\/quaidesbrumes.com\/img\/book-placeholder.png","thumbnail":"https:\/\/quaidesbrumes.com\/img\/book-placeholder.png"},"orderable":true,"show_badge":true,"formatted_price":"28,61&nbsp;\u20ac","formatted_published_date":"1er janvier 1992","publisher_availability_label":"Sur commande","short_details":"Taffanel & Gaubert \u2014 ALPHONSE LEDUC","translator":null,"weight":700,"page_count":null,"readership":null,"editor":"ALPHONSE LEDUC","price":2861,"published_date":"1991-12-31T23:00:00.000000Z","support":"Grand format","publisher_availability":1,"stock":0,"editions":[],"url":"https:\/\/quaidesbrumes.com\/ouvrage\/9790046281938\/paul-taffanel-philippe-gaubert-grands-exercices-journaliers-de-mecanisme-saxophone-solo"},{"id":"9790046277108","title":"Sylvaine billier: le dechiffrage ou l'art de la premiere interpretation","description":null,"authors":["S Billier"],"category_codes":["6000000","6030000"],"visuals":{"large":"https:\/\/quaidesbrumes.com\/img\/book-placeholder.png","medium":"https:\/\/quaidesbrumes.com\/img\/book-placeholder.png","thumbnail":"https:\/\/quaidesbrumes.com\/img\/book-placeholder.png"},"orderable":true,"show_badge":true,"formatted_price":"52,60&nbsp;\u20ac","formatted_published_date":"1er janvier 1990","publisher_availability_label":"Sur commande","short_details":"S Billier \u2014 ALPHONSE LEDUC","translator":null,"weight":900,"page_count":null,"readership":null,"editor":"ALPHONSE LEDUC","price":5260,"published_date":"1989-12-31T23:00:00.000000Z","support":"Grand format","publisher_availability":1,"stock":0,"editions":[],"url":"https:\/\/quaidesbrumes.com\/ouvrage\/9790046277108\/sylvaine-billier-le-dechiffrage-ou-lart-de-la-premiere-interpretation"},{"id":"9782322012725","title":"Fanfares de monsieur de Dampierre","description":"Ce recueil contient une s\u00e9rie de pi\u00e8ces \u00e9crites \u00e0 l'origine pour les cors de chasse par Marc-Antoine, Marquis de Dampierre (1676-1756), et adapt\u00e9s pour deux violons ou deux fl\u00fbtes.","authors":["Micheline Cumant"],"category_codes":["6000000","6030000"],"visuals":{"large":"https:\/\/images.epagine.fr\/725\/9782322012725_1_75.jpg","medium":"https:\/\/images.epagine.fr\/725\/9782322012725_1_m.jpg","thumbnail":"https:\/\/images.epagine.fr\/725\/9782322012725_1_v.jpg"},"orderable":true,"show_badge":true,"formatted_price":"6,00&nbsp;\u20ac","formatted_published_date":"27 f\u00e9vrier 2015","publisher_availability_label":"Sur commande","short_details":"Micheline Cumant \u2014 Books on Demand","translator":null,"weight":201,"page_count":12,"readership":null,"editor":"Books on Demand","price":600,"published_date":"2015-02-26T23:00:00.000000Z","support":"Grand format","publisher_availability":1,"stock":0,"editions":[],"url":"https:\/\/quaidesbrumes.com\/ouvrage\/9782322012725\/fanfares-de-monsieur-de-dampierre"},{"id":"9780711936522","title":"Franz doppler: hungarian pastoral fantasy op.26","description":null,"authors":["Franz (Arti Doppler"],"category_codes":["6000000","6030000"],"visuals":{"large":"https:\/\/quaidesbrumes.com\/img\/book-placeholder.png","medium":"https:\/\/quaidesbrumes.com\/img\/book-placeholder.png","thumbnail":"https:\/\/quaidesbrumes.com\/img\/book-placeholder.png"},"orderable":true,"show_badge":true,"formatted_price":"16,38&nbsp;\u20ac","formatted_published_date":"22 ao\u00fbt 2000","publisher_availability_label":"Sur commande","short_details":"Franz (Arti Doppler \u2014 CHESTER MUSIC","translator":null,"weight":401,"page_count":null,"readership":null,"editor":"CHESTER MUSIC","price":1638,"published_date":"2000-08-21T22:00:00.000000Z","support":"Grand format","publisher_availability":1,"stock":0,"editions":[],"url":"https:\/\/quaidesbrumes.com\/ouvrage\/9780711936522\/franz-doppler-hungarian-pastoral-fantasy-op26"},{"id":"9790231804294","title":"Symphonie n\u00b01 ; en sol mineur","description":"M\u00e9hul est peut-\u00eatre, sous la R\u00e9volution, le Consulat et l'Empire, le seul compositeur fran\u00e7ais d'envergure \u00e0 avoir parfaitement compris et assimil\u00e9 les derni\u00e8res perfections de la musique de son temps. Form\u00e9 par un Allemand, puis par un Alsacien, il s'est donn\u00e9 pour but, lors de la composition de ses symphonies, de montrer \u00ab?qu'un Fran\u00e7ais peut suivre de loin Haydn et Mozart?\u00bb. Haydn reste le grand mod\u00e8le de M\u00e9hul?; franc-ma\u00e7on, celui-ci \u00e9tait membre du Concert de la Loge olympique qui commanda au ma\u00eetre viennois, si populaire alors en France, ses six Symphonies parisiennes. En 1807, au sommet de son art, M\u00e9hul a su assurer, au service de l'op\u00e9ra comique, la r\u00e9ciproque fertilisation des musiques allemande et fran\u00e7aise et de son propre g\u00e9nie orchestral. La d\u00e9couverte des deux premi\u00e8res symphonies de Beethoven constitue alors le choc qui le conduira, en l'espace de trois ann\u00e9es, \u00e0 composer ses cinq symphonies.\r\nLa premi\u00e8re symphonie, en sol mineur, frappe d'\u00adembl\u00e9e par ce double constat?: sa ma\u00eetrise formelle tout d'abord, et l'\u00e9conomie des moyens mis en oeuvre, remarquable chez un compositeur qu'on disait bruyant (absence des trompettes, des trombones, utilisation rare des timbales), au service d'une force expressive \u00e9vidente. Le premier mouvement est un allegro de forme sonate bith\u00e9matique?; le premier th\u00e8me, qui laisse la part belle aux grands intervalles dramatiques et aux arp\u00e8ges, contient, dans une formule d'accompagnement des basses, le mat\u00e9riau de base (une lev\u00e9e sur un t\u00e9tracorde ascendant) du deuxi\u00e8me th\u00e8me, expos\u00e9 en si b\u00e9mol majeur. Apr\u00e8s le d\u00e9veloppement, c'est curieusement ce deuxi\u00e8me th\u00e8me qui sera r\u00e9expos\u00e9 le premier, en sol majeur?; proc\u00e9d\u00e9 d'inversion, fr\u00e9quent chez M\u00e9hul, qui permet au mouvement de se clore avec toute la force dramatique du premier th\u00e8me. Le deuxi\u00e8me mouvement est un andante dont les variations contrast\u00e9es montrent tout ce que M\u00e9hul doit \u00e0 Haydn.\r\nSchumann, en 1838, dira de cette symphonie?: \u00ab?la ressemblance du dernier mouvement avec le premier de la Symphonie en do mineur de Beethoven et des scher\u00adzos de ces deux symphonies est remarquable?\u00bb. La cinqui\u00e8me de Beethoven et la premi\u00e8re de M\u00e9hul ne doivent en fait rien l'une \u00e0 l'autre, ayant \u00e9t\u00e9 compos\u00e9es \u00e0 peu pr\u00e8s en m\u00eame temps?; si le menuet de la sympho\u00adnie de M\u00e9hul (dont la premi\u00e8re partie est confi\u00e9e aux seuls pizzicatos des cordes) est un scherzo d'esprit tr\u00e8s beethovenien, il n'est gu\u00e8re dans la lettre de la cinqui\u00e8me symphonie. En revanche, on comprend mieux comment le th\u00e8me principal du quatri\u00e8me mouvement (allegro agitato), avec sa lev\u00e9e de trois croches r\u00e9p\u00e9t\u00e9es, a pu frapper Schumann. Ce th\u00e8me est un moto perpetuo, avec une broderie de la dominante caract\u00e9ristique du style de M\u00e9hul. Le deuxi\u00e8me th\u00e8me, plus m\u00e9lodique, par sa bri\u00e8vet\u00e9 et sa r\u00e9p\u00e9titivit\u00e9 conserve la tension dramatique qui parcourt le mouvement entier jusqu'\u00e0 sa fin.\r\n\r\nFran\u00e7ois Bernard","authors":["Etienne-Nicolas M\u00e9hul"],"category_codes":["6000000","6030000"],"visuals":{"large":"https:\/\/images.epagine.fr\/294\/9790231804294_1_75.jpg","medium":"https:\/\/images.epagine.fr\/294\/9790231804294_1_m.jpg","thumbnail":"https:\/\/images.epagine.fr\/294\/9790231804294_1_v.jpg"},"orderable":true,"show_badge":true,"formatted_price":"40,00&nbsp;\u20ac","formatted_published_date":"1er novembre 2014","publisher_availability_label":"Sur commande","short_details":"Etienne-Nicolas M\u00e9hul \u2014 Symetrie","translator":null,"weight":245,"page_count":92,"readership":null,"editor":"Symetrie","price":4000,"published_date":"2014-10-31T23:00:00.000000Z","support":"Grand format","publisher_availability":1,"stock":0,"editions":[],"url":"https:\/\/quaidesbrumes.com\/ouvrage\/9790231804294\/symphonie-n1-en-sol-mineur"},{"id":"9790231807738","title":"Messe \u00e0 quatre voix","description":"Pour le breton catholique Jean Cras, choisir de composer une messe est naturel. Opter pour ce \u00ab?genre tr\u00e8s sp\u00e9cial?\u00bb de la messe a cappella proc\u00e8de en revanche d'une recherche technique et esth\u00e9tique particuli\u00e8re de sa part qui se superpose \u00e0 - voire se justifie par - la port\u00e9e spirituelle et symbolique de l'oeuvre. Composer est ici un acte de foi. La Messe, dans sa dimension formelle exigeante, son \u00e9criture souvent contrapuntique, renvoie \u00e0 la n\u00e9cessit\u00e9 qu'il \u00e9nonce de produire une musique rigoureuse, bien ma\u00eetris\u00e9e techniquement, solidement charpent\u00e9e. Dans l'intensit\u00e9 de son discours m\u00e9lodique, g\u00e9n\u00e9reux autant qu'int\u00e9rieur, se per\u00e7oit cet \u00e9lan de l'\u00e2me dompt\u00e9e dont il parle, qui donne \u00e0 cette oeuvre magnifique une grande intensit\u00e9 et sinc\u00e9rit\u00e9 de ton (cette musique d\u00e9nu\u00e9e d'artifice qu'il appelle de ses voeux).\r\nLa Messe \u00e0 quatre voix mixtes a cappella de Jean Cras est unique en ce sens qu'il n'en existe aucune autre comparable, ni \u00e0 son \u00e9poque, ni ant\u00e9rieurement. Particuli\u00e8rement, le choix de l'\u00e9criture a cappella reste rare. Il suppose en effet des choeurs s\u00fbrs. Cette Messe est difficile pour les chanteurs, supposant des registres vocaux \u00e9tendus, la ma\u00eetrise d'intervalles m\u00e9lo\u00addiques parfois ardus au sein d'une phrase (chromatismes par exemple) ou entre deux phrases (grands \u00e9carts), une capacit\u00e9 pour chaque pupitre \u00e0 attaquer ses phrases et \u00e0 conduire sa ligne ind\u00e9pendamment des autres, tout en ayant conscience de l'ensemble. Les difficult\u00e9s \u00adtiennent sans aucun doute au fait que le choeur se voit trait\u00e9 comme un instrument en soi, dont Cras va explorer les limites sans se soucier des emb\u00fbches que son \u00e9criture peut comporter. Il pense un groupe vocal et non des voix superpos\u00e9es.\r\nIl semble que la Messe de Jean Cras n'a pas \u00e9t\u00e9 ex\u00e9cut\u00e9e de son vivant. Le manuscrit est rest\u00e9 longtemps dans les archives familiales avant qu'il ne soit d\u00e9pos\u00e9 \u00e0 la m\u00e9diath\u00e8que musicale Mahler de Paris. Sa premi\u00e8re ex\u00e9cution sous la forme originelle a cappella a eu lieu \u00e0 la cath\u00e9drale arm\u00e9nienne catholique de Paris en avril 2007 par le Madrigal de Paris sous la direction de Pierre Calmelet, peu avant son enregistrement par les m\u00eames interpr\u00e8tes pour le label Timpani.","authors":["Isabelle Bretaudeau"],"category_codes":["6000000","6030000"],"visuals":{"large":"https:\/\/images.epagine.fr\/738\/9790231807738_1_75.jpg","medium":"https:\/\/images.epagine.fr\/738\/9790231807738_1_m.jpg","thumbnail":"https:\/\/images.epagine.fr\/738\/9790231807738_1_v.jpg"},"orderable":true,"show_badge":true,"formatted_price":"25,00&nbsp;\u20ac","formatted_published_date":"15 d\u00e9cembre 2014","publisher_availability_label":"Sur commande","short_details":"Isabelle Bretaudeau \u2014 Symetrie","translator":null,"weight":150,"page_count":48,"readership":null,"editor":"Symetrie","price":2500,"published_date":"2014-12-14T23:00:00.000000Z","support":"Grand format","publisher_availability":1,"stock":0,"editions":[],"url":"https:\/\/quaidesbrumes.com\/ouvrage\/9790231807738\/messe-a-quatre-voix"},{"id":"9782332852083","title":"Regards sur Luis Mariano","description":"Le 13 ao\u00fbt 2014 eut lieu le 100e anniversaire de sa naissance et, 44 ans apr\u00e8s sa disparition, Luis Mariano demeure toujours dans le coeur et la m\u00e9moire de nombreux admirateurs dans le monde. L'auteur de ce recueil \u00e9voque la jeunesse de l'artiste, retrace ses d\u00e9buts difficiles et brosse un portrait d\u00e9taill\u00e9 et in\u00e9dit de l'homme et de l'artiste. Ponctu\u00e9 d'anecdotes et de citations, l'ouvrage pr\u00e9sente \u00e9galement ses Op\u00e9rettes, sa filmographie, ses passages t\u00e9l\u00e9vis\u00e9s et sa discographie, ainsi que des analyses et des r\u00e9flexions de fond sur sa personnalit\u00e9, ses performances vocales, ses caract\u00e9ristiques culturelles et ses derniers moments.\r\n\r\nChristian Cadoppi a pris sa loupe pour examiner et analyser les choses avec le plus d'acuit\u00e9.","authors":["Christian Cadoppi"],"category_codes":["6000000","6030000"],"visuals":{"large":"https:\/\/images.epagine.fr\/083\/9782332852083_1_75.jpg","medium":"https:\/\/images.epagine.fr\/083\/9782332852083_1_m.jpg","thumbnail":"https:\/\/images.epagine.fr\/083\/9782332852083_1_v.jpg"},"orderable":true,"show_badge":true,"formatted_price":"29,50&nbsp;\u20ac","formatted_published_date":"11 d\u00e9cembre 2014","publisher_availability_label":"Sur commande","short_details":"Christian Cadoppi \u2014 Edilivre","translator":null,"weight":559,"page_count":318,"readership":null,"editor":"Edilivre","price":2950,"published_date":"2014-12-10T23:00:00.000000Z","support":"Grand format","publisher_availability":1,"stock":0,"editions":[],"url":"https:\/\/quaidesbrumes.com\/ouvrage\/9782332852083\/regards-sur-luis-mariano"},{"id":"9780711942660","title":"Giovanni gabrieli: sonata pian e forte - brass octet (just brass no.30)","description":null,"authors":["Giovanni ( Gabrieli"],"category_codes":["6000000","6030000"],"visuals":{"large":"https:\/\/quaidesbrumes.com\/img\/book-placeholder.png","medium":"https:\/\/quaidesbrumes.com\/img\/book-placeholder.png","thumbnail":"https:\/\/quaidesbrumes.com\/img\/book-placeholder.png"},"orderable":true,"show_badge":true,"formatted_price":"31,02&nbsp;\u20ac","formatted_published_date":"16 ao\u00fbt 2001","publisher_availability_label":"Sur commande","short_details":"Giovanni ( Gabrieli \u2014 CHESTER MUSIC","translator":null,"weight":701,"page_count":null,"readership":null,"editor":"CHESTER MUSIC","price":3102,"published_date":"2001-08-15T22:00:00.000000Z","support":"Grand format","publisher_availability":1,"stock":0,"editions":[],"url":"https:\/\/quaidesbrumes.com\/ouvrage\/9780711942660\/giovanni-gabrieli-sonata-pian-e-forte-brass-octet-just-brass-no30"},{"id":"8436007085009","title":"Joserra senperena * 9 ganbera pieza","description":null,"authors":["Joserra Senperena"],"category_codes":["6000000","6030000","6030900","6030904"],"visuals":{"large":"https:\/\/quaidesbrumes.com\/img\/book-placeholder.png","medium":"https:\/\/quaidesbrumes.com\/img\/book-placeholder.png","thumbnail":"https:\/\/quaidesbrumes.com\/img\/book-placeholder.png"},"orderable":true,"show_badge":true,"formatted_price":"0,00&nbsp;\u20ac","formatted_published_date":"16 avril 2015","publisher_availability_label":"Sur commande","short_details":"Joserra Senperena \u2014 Elkar","translator":null,"weight":0,"page_count":null,"readership":null,"editor":"Elkar","price":0,"published_date":"2015-04-15T22:00:00.000000Z","support":"Grand format","publisher_availability":1,"stock":0,"editions":[],"url":"https:\/\/quaidesbrumes.com\/ouvrage\/8436007085009\/joserra-senperena-9-ganbera-pieza"},{"id":"9782368310298","title":"A contre-courant","description":null,"authors":["Bousol La"],"category_codes":["6000000","6030000","6030900","6030906"],"visuals":{"large":"https:\/\/quaidesbrumes.com\/img\/book-placeholder.png","medium":"https:\/\/quaidesbrumes.com\/img\/book-placeholder.png","thumbnail":"https:\/\/quaidesbrumes.com\/img\/book-placeholder.png"},"orderable":true,"show_badge":true,"formatted_price":"15,00&nbsp;\u20ac","formatted_published_date":"24 d\u00e9cembre 2014","publisher_availability_label":"Sur commande","short_details":"Bousol La \u2014 Du Jeu De L'Oie","translator":null,"weight":106,"page_count":null,"readership":null,"editor":"Du Jeu De L'Oie","price":1500,"published_date":"2014-12-23T23:00:00.000000Z","support":"Grand format","publisher_availability":1,"stock":0,"editions":[],"url":"https:\/\/quaidesbrumes.com\/ouvrage\/9782368310298\/a-contre-courant"},{"id":"3554270321060","title":"Le petit guitarama ; tablatures","description":"Le Petit Guitarama TABLATURES est la version tablatures du Petit Guitarama. Ce r\u00e9pertoire de morceaux tous styles, connus, pour guitaristes d\u00e9butants, permet de jouer aussi bien du classique (Vivaldi, Bach...), des l\u00e9gendes de la pop (Beat It, Love Me Tender...), des musiques de films (Le parrain, La panth\u00e8re rose...), du r\u00e9pertoire francophone (Goldman, Brassens...), ou des airs traditionnels de diff\u00e9rents horizons (Orient, Irlande, Italie...). Chaque morceau est le fruit d'un travail d'arrangement, pr\u00e9cis, adapt\u00e9 \u00e0 l'instrument et au niveau de l'\u00e9l\u00e8ve. Ce volume, progressif,couvre l'apprentissage de la guitare du tout d\u00e9but \u00e0 deux ans de pratique. En plus des nombreuses pi\u00e8ces en solo, l'ouvrage propose des duos, trios, et quatuors. La mise en page assure une grande lisibilit\u00e9, en couleur. Richement illustr\u00e9, ce recueil s'adresse \u00e0 tous. Le CD, outil de travail pr\u00e9cieux, permet la d\u00e9couverte et l'\u00e9coute des pi\u00e8ces, facilitant le d\u00e9chiffrage et la mise en place des morceaux. Fabrication de qualit\u00e9 : papier sans reflet (meilleure lisibilit\u00e9), reli\u00e9 spirale.","authors":["Patrick Guillem","Jean-Christophe Hoarau","Marc Khalifa"],"category_codes":["6000000","6030000"],"visuals":{"large":"https:\/\/images.epagine.fr\/060\/3554270321060_1_75.jpg","medium":"https:\/\/images.epagine.fr\/060\/3554270321060_1_m.jpg","thumbnail":"https:\/\/images.epagine.fr\/060\/3554270321060_1_v.jpg"},"orderable":true,"show_badge":true,"formatted_price":"33,90&nbsp;\u20ac","formatted_published_date":"1er mars 2015","publisher_availability_label":"Sur commande","short_details":"Patrick Guillem, Jean-Christophe Hoarau, Marc Khalifa \u2014 Hit Diffusion","translator":null,"weight":465,"page_count":null,"readership":null,"editor":"Hit Diffusion","price":3390,"published_date":"2015-02-28T23:00:00.000000Z","support":"Livre + CD Audio","publisher_availability":1,"stock":0,"editions":[],"url":"https:\/\/quaidesbrumes.com\/ouvrage\/3554270321060\/le-petit-guitarama-tablatures"},{"id":"9788850700530","title":"Methode de piano bastien : recital, niveau 2","description":null,"authors":["Bastien James"],"category_codes":["6000000","6030000"],"visuals":{"large":"https:\/\/quaidesbrumes.com\/img\/book-placeholder.png","medium":"https:\/\/quaidesbrumes.com\/img\/book-placeholder.png","thumbnail":"https:\/\/quaidesbrumes.com\/img\/book-placeholder.png"},"orderable":true,"show_badge":true,"formatted_price":"19,45&nbsp;\u20ac","formatted_published_date":"24 mai 2012","publisher_availability_label":"Sur commande","short_details":"Bastien James \u2014 CARISCH MUSICOM","translator":null,"weight":360,"page_count":null,"readership":null,"editor":"CARISCH MUSICOM","price":1945,"published_date":"2012-05-23T22:00:00.000000Z","support":"Grand format","publisher_availability":1,"stock":0,"editions":[],"url":"https:\/\/quaidesbrumes.com\/ouvrage\/9788850700530\/methode-de-piano-bastien-recital-niveau-2"},{"id":"9788850700554","title":"Methode de piano bastien : recital, niveau 4","description":null,"authors":["Bastien James"],"category_codes":["6000000","6030000"],"visuals":{"large":"https:\/\/quaidesbrumes.com\/img\/book-placeholder.png","medium":"https:\/\/quaidesbrumes.com\/img\/book-placeholder.png","thumbnail":"https:\/\/quaidesbrumes.com\/img\/book-placeholder.png"},"orderable":true,"show_badge":true,"formatted_price":"19,45&nbsp;\u20ac","formatted_published_date":"24 mai 2012","publisher_availability_label":"Sur commande","short_details":"Bastien James \u2014 CARISCH MUSICOM","translator":null,"weight":360,"page_count":null,"readership":null,"editor":"CARISCH MUSICOM","price":1945,"published_date":"2012-05-23T22:00:00.000000Z","support":"Grand format","publisher_availability":1,"stock":0,"editions":[],"url":"https:\/\/quaidesbrumes.com\/ouvrage\/9788850700554\/methode-de-piano-bastien-recital-niveau-4"},{"id":"9789043121149","title":"Selected studies violon +cd","description":null,"authors":["Nico Dezaire_Gunter"],"category_codes":["6000000","6030000"],"visuals":{"large":"https:\/\/quaidesbrumes.com\/img\/book-placeholder.png","medium":"https:\/\/quaidesbrumes.com\/img\/book-placeholder.png","thumbnail":"https:\/\/quaidesbrumes.com\/img\/book-placeholder.png"},"orderable":true,"show_badge":true,"formatted_price":"30,25&nbsp;\u20ac","formatted_published_date":"24 mai 2012","publisher_availability_label":"Sur commande","short_details":"Nico Dezaire_Gunter \u2014 HASKE","translator":null,"weight":601,"page_count":null,"readership":null,"editor":"HASKE","price":3025,"published_date":"2012-05-23T22:00:00.000000Z","support":"Grand format","publisher_availability":1,"stock":0,"editions":[],"url":"https:\/\/quaidesbrumes.com\/ouvrage\/9789043121149\/selected-studies-violon-cd"},{"id":"9788850700608","title":"Methode de piano bastien : technique, niveau 4","description":null,"authors":["Bastien James"],"category_codes":["6000000","6030000","6031000"],"visuals":{"large":"https:\/\/quaidesbrumes.com\/img\/book-placeholder.png","medium":"https:\/\/quaidesbrumes.com\/img\/book-placeholder.png","thumbnail":"https:\/\/quaidesbrumes.com\/img\/book-placeholder.png"},"orderable":true,"show_badge":true,"formatted_price":"19,45&nbsp;\u20ac","formatted_published_date":"24 mai 2012","publisher_availability_label":"Sur commande","short_details":"Bastien James \u2014 CARISCH MUSICOM","translator":null,"weight":360,"page_count":null,"readership":null,"editor":"CARISCH MUSICOM","price":1945,"published_date":"2012-05-23T22:00:00.000000Z","support":"Grand format","publisher_availability":1,"stock":0,"editions":[],"url":"https:\/\/quaidesbrumes.com\/ouvrage\/9788850700608\/methode-de-piano-bastien-technique-niveau-4"},{"id":"9782705690250","title":"Analyser l'interpr\u00e9tation de la musique du XXe si\u00e8cle","description":"La musique du XXe si\u00e8cle a r\u00e9invent\u00e9 ses mat\u00e9riaux, ses cat\u00e9gories, ses langages, sa notation, ses techniques, ses formes et ses pratiques du concert. Toutes ces innovations ont non seulement transform\u00e9 l'approche des oeuvres par les interpr\u00e8tes, mais ont aussi boulevers\u00e9 leur statut et leur fonction dans le monde musical. Depuis les ann\u00e9es 1990, la musicologie a op\u00e9r\u00e9 un tournant majeur de son histoire en direction de l'\u00e9tude syst\u00e9matique de la performance musicale. Dans la lign\u00e9e des performance studies, cet ouvrage interroge \u00e0 nouveaux frais les concepts d'oeuvre, de performance et d'interpr\u00e9tation. Il examine les questions de m\u00e9thodologie d'analyse et, plus particuli\u00e8rement, l'usage des outils informatiques de visualisation et d'analyse du son pour l'analyse de l'interpr\u00e9tation. La diversit\u00e9 stylistique et la complexit\u00e9 d'\u00e9criture des Dix pi\u00e8ces pour quintette \u00e0 vent de Gyorgy Ligeti a constitu\u00e9 un terrain id\u00e9al pour explorer et proposer des solutions innovantes pour l'\u00e9tude de l'interpr\u00e9tation.","authors":["Philippe Lalitte"],"category_codes":["6000000","6030000","6030700","6030708"],"visuals":{"large":"https:\/\/images.epagine.fr\/250\/9782705690250_1_75.jpg","medium":"https:\/\/images.epagine.fr\/250\/9782705690250_1_m.jpg","thumbnail":"https:\/\/images.epagine.fr\/250\/9782705690250_1_v.jpg"},"orderable":true,"show_badge":true,"formatted_price":"35,00&nbsp;\u20ac","formatted_published_date":"22 avril 2015","publisher_availability_label":"Sur commande","short_details":"Philippe Lalitte \u2014 Hermann","translator":null,"weight":490,"page_count":276,"readership":null,"editor":"Hermann","price":3500,"published_date":"2015-04-21T22:00:00.000000Z","support":"Grand format","publisher_availability":1,"stock":0,"editions":[],"url":"https:\/\/quaidesbrumes.com\/ouvrage\/9782705690250\/analyser-linterpretation-de-la-musique-du-xxe-siecle"}]}