{"data":[{"id":"9782385226831","title":"Una Voce - Revue chant gr\u00e9gorien - N\u00b0355","description":null,"authors":["Association Una Voce"],"category_codes":["6000000","6030000","6030600"],"visuals":{"large":"https:\/\/quaidesbrumes.com\/img\/book-placeholder.png","medium":"https:\/\/quaidesbrumes.com\/img\/book-placeholder.png","thumbnail":"https:\/\/quaidesbrumes.com\/img\/book-placeholder.png"},"orderable":false,"show_badge":true,"formatted_price":"11,00&nbsp;\u20ac","formatted_published_date":"28 mai 2026","publisher_availability_label":"\u00c0 para\u00eetre","short_details":"Association Una Voce \u2014 Saint-Leger","translator":null,"weight":134,"page_count":35,"readership":null,"editor":"Saint-Leger","price":1100,"published_date":"2026-05-27T22:00:00.000000Z","support":"Grand format","publisher_availability":2,"stock":0,"editions":[],"url":"https:\/\/quaidesbrumes.com\/ouvrage\/9782385226831\/una-voce-revue-chant-gregorien-n355"},{"id":"9780711920279","title":"The chester book of motets vol. 3: the spanish school for 4 voices chant","description":null,"authors":["Anthony (Auth Petti"],"category_codes":["6000000","6030000"],"visuals":{"large":"https:\/\/quaidesbrumes.com\/img\/book-placeholder.png","medium":"https:\/\/quaidesbrumes.com\/img\/book-placeholder.png","thumbnail":"https:\/\/quaidesbrumes.com\/img\/book-placeholder.png"},"orderable":true,"show_badge":true,"formatted_price":"16,38&nbsp;\u20ac","formatted_published_date":"12 septembre 1999","publisher_availability_label":"Sur commande","short_details":"Anthony (Auth Petti \u2014 CHESTER MUSIC","translator":null,"weight":401,"page_count":null,"readership":null,"editor":"CHESTER MUSIC","price":1638,"published_date":"1999-09-11T22:00:00.000000Z","support":"Grand format","publisher_availability":1,"stock":0,"editions":[],"url":"https:\/\/quaidesbrumes.com\/ouvrage\/9780711920279\/the-chester-book-of-motets-vol-3-the-spanish-school-for-4-voices-chant"},{"id":"9790201800035","title":"Wolfgang amadeus mozart : edition integrale des sonates pour piano  - couverture rigide en lin","description":null,"authors":["Wolfgang Amadeus Moz"],"category_codes":["6000000","6030000"],"visuals":{"large":"https:\/\/quaidesbrumes.com\/img\/book-placeholder.png","medium":"https:\/\/quaidesbrumes.com\/img\/book-placeholder.png","thumbnail":"https:\/\/quaidesbrumes.com\/img\/book-placeholder.png"},"orderable":true,"show_badge":true,"formatted_price":"121,99&nbsp;\u20ac","formatted_published_date":"1er janvier 2009","publisher_availability_label":"Sur commande","short_details":"Wolfgang Amadeus Moz \u2014 HENLE","translator":null,"weight":320,"page_count":null,"readership":null,"editor":"HENLE","price":12199,"published_date":"2008-12-31T23:00:00.000000Z","support":"Grand format","publisher_availability":1,"stock":0,"editions":[],"url":"https:\/\/quaidesbrumes.com\/ouvrage\/9790201800035\/wolfgang-amadeus-mozart-edition-integrale-des-sonates-pour-piano-couverture-rigide-en-lin"},{"id":"9782140352966","title":"Air et \u00e9critures : sous les regards crois\u00e9s d'Euterpe et de Thalie","description":"Le conservatoire de Bologne \u00e9tait bien le lieu id\u00e9al pour un colloque sur les relations entre musique et litt\u00e9rature. Une vingtaine d'intervenants, amateurs \u00e9clair\u00e9s ou professionnels, venus de France et d'ailleurs, ont rendu hommage \u00e0 la musique, privil\u00e9gi\u00e9e au premier plan. Ses pouvoirs incantatoire, enchanteur, voire th\u00e9rapeutique ou mal\u00e9fique, fid\u00e8les aux mythes antiques d'Orph\u00e9e et d'Ulysse, ont \u00e9t\u00e9 \u00e9voqu\u00e9s.  Entre musique et litt\u00e9rature, l'accord g\u00e9n\u00e9ralement harmonieux ne fut pas toujours parfait. Mais les rivalit\u00e9s n'effacent pas la compl\u00e9mentarit\u00e9 de ces deux arts. De Mozart et Bach \u00e0 Quignard ou Kundera, cette approche est souvent lumineuse.","authors":["Fran\u00e7oise Hanus","Patrizia Prati"],"category_codes":["6000000","6030000","6030400"],"visuals":{"large":"https:\/\/images.epagine.fr\/966\/9782140352966_1_75.jpg","medium":"https:\/\/images.epagine.fr\/966\/9782140352966_1_m.jpg","thumbnail":"https:\/\/images.epagine.fr\/966\/9782140352966_1_v.jpg"},"orderable":true,"show_badge":true,"formatted_price":"22,00&nbsp;\u20ac","formatted_published_date":"16 juin 2023","publisher_availability_label":"Sur commande","short_details":"Fran\u00e7oise Hanus, Patrizia Prati \u2014 \u00c9ditions L'Harmattan","translator":null,"weight":250,"page_count":206,"readership":null,"editor":"\u00c9ditions L'Harmattan","price":2200,"published_date":"2023-06-15T22:00:00.000000Z","support":"Grand format","publisher_availability":1,"stock":0,"editions":[],"url":"https:\/\/quaidesbrumes.com\/ouvrage\/9782140352966\/air-et-ecritures-sous-les-regards-croises-deuterpe-et-de-thalie"},{"id":"9780711919754","title":"The best of ac\/dc -  guitar [tab], with chord symbols","description":null,"authors":["Acdc"],"category_codes":["6000000","6030000"],"visuals":{"large":"https:\/\/quaidesbrumes.com\/img\/book-placeholder.png","medium":"https:\/\/quaidesbrumes.com\/img\/book-placeholder.png","thumbnail":"https:\/\/quaidesbrumes.com\/img\/book-placeholder.png"},"orderable":true,"show_badge":true,"formatted_price":"33,55&nbsp;\u20ac","formatted_published_date":"3 mars 2014","publisher_availability_label":"Sur commande","short_details":"Acdc \u2014 MUSIC SALES","translator":null,"weight":700,"page_count":null,"readership":null,"editor":"MUSIC SALES","price":3355,"published_date":"2014-03-02T23:00:00.000000Z","support":"Grand format","publisher_availability":1,"stock":0,"editions":[],"url":"https:\/\/quaidesbrumes.com\/ouvrage\/9780711919754\/the-best-of-acdc-guitar-tab-with-chord-symbols"},{"id":"9780711952959","title":"The doors: anthology (tab) revised edition guitare","description":null,"authors":["The (Artist) Doors"],"category_codes":["6000000","6030000"],"visuals":{"large":"https:\/\/quaidesbrumes.com\/img\/book-placeholder.png","medium":"https:\/\/quaidesbrumes.com\/img\/book-placeholder.png","thumbnail":"https:\/\/quaidesbrumes.com\/img\/book-placeholder.png"},"orderable":true,"show_badge":true,"formatted_price":"31,09&nbsp;\u20ac","formatted_published_date":"3 mars 2014","publisher_availability_label":"Sur commande","short_details":"The (Artist) Doors \u2014 MUSIC SALES","translator":null,"weight":700,"page_count":null,"readership":null,"editor":"MUSIC SALES","price":3109,"published_date":"2014-03-02T23:00:00.000000Z","support":"Grand format","publisher_availability":1,"stock":0,"editions":[],"url":"https:\/\/quaidesbrumes.com\/ouvrage\/9780711952959\/the-doors-anthology-tab-revised-edition-guitare"},{"id":"9781458400307","title":"Rock guitar chords  guitare +cd","description":null,"authors":["Divers Auteurs"],"category_codes":["6000000","6030000"],"visuals":{"large":"https:\/\/quaidesbrumes.com\/img\/book-placeholder.png","medium":"https:\/\/quaidesbrumes.com\/img\/book-placeholder.png","thumbnail":"https:\/\/quaidesbrumes.com\/img\/book-placeholder.png"},"orderable":true,"show_badge":true,"formatted_price":"12,73&nbsp;\u20ac","formatted_published_date":"3 mars 2014","publisher_availability_label":"Sur commande","short_details":"Divers Auteurs \u2014 HAL LEONARD","translator":null,"weight":301,"page_count":null,"readership":null,"editor":"HAL LEONARD","price":1273,"published_date":"2014-03-02T23:00:00.000000Z","support":"Grand format","publisher_availability":1,"stock":0,"editions":[],"url":"https:\/\/quaidesbrumes.com\/ouvrage\/9781458400307\/rock-guitar-chords-guitare-cd"},{"id":"9782953961300","title":"D\u00e9couverte en musique ; le fruit \u00e0 pain dans tous ses \u00e9tats","description":"\u00ab D\u00e9couverte en musique, le fruit \u00e0 pain dans tous ses \u00e9tats \u00bb est le fruit d'une symbiose entre un livre et un CD musical rendant hommage \u00e0 la Guadeloupe \u00e0 travers la musique, la cuisine et la po\u00e9sie. Eddy B, crooneur de zouk antillais, auteur, compositeur, interpr\u00e8te, ex formateur de cuisine  nous sort un livre-album de sa manche en collaboration avec de nombreux artistes.\r\nL'album nous emporte sur des rythmes divers et vari\u00e9s de la cara\u00efbes autour de th\u00e8mes de notre soci\u00e9t\u00e9, mais nous fait surtout voyager et zouker \u00e0 travers les iles de la Guadeloupe. Vous allez c\u00f4toyer des paysages musicaux carib\u00e9ens, pour vous plonger dans un univers paradisiaque tout en image.\r\nLe livre met en image les artistes interpr\u00e8tes et nous pr\u00e9sente le fruit \u00e0 pain dans tous ces \u00e9tats. De la cr\u00e8me, fa\u00e7on \u00ab chodo \u00bb, en passant par le fondant d'amour, la glace de fruit \u00e0 pain \u00e0 la vanille, la coquille du fermier, les g\u00e2teaux et les cocktails, l'auteur vous livre ces travaux de recherche et d'application sur le fruit \u00e0 pain. \r\n\r\nDe \u00ab Mon Pays \u00bb \u00e0 \u00ab Our Breadfruit \u00bb les 18 titres de l'album interpr\u00e9t\u00e9s par de grands artistes tels que, V\u00e9ronique GOMBAULD, Jean-Marc FERDINAND, les Fr\u00e8res NARA, Gladys CABARUS, Eddy B. et bien d'autres, sauront nous balader et nous faire d\u00e9couvrir et red\u00e9couvrir notre patrimoine musical, culinaire et culturel, en Fran\u00e7ais en Anglais et en Cr\u00e9ole.","authors":["Eddy Babel"],"category_codes":["6000000","6030000"],"visuals":{"large":"https:\/\/images.epagine.fr\/300\/9782953961300_1_75.jpg","medium":"https:\/\/images.epagine.fr\/300\/9782953961300_1_m.jpg","thumbnail":"https:\/\/images.epagine.fr\/300\/9782953961300_1_v.jpg"},"orderable":true,"show_badge":true,"formatted_price":"25,00&nbsp;\u20ac","formatted_published_date":"1er f\u00e9vrier 2014","publisher_availability_label":"Sur commande","short_details":"Eddy Babel \u2014 Mouv Tropical","translator":null,"weight":360,"page_count":128,"readership":null,"editor":"Mouv Tropical","price":2500,"published_date":"2014-01-31T23:00:00.000000Z","support":"Revue","publisher_availability":1,"stock":0,"editions":[],"url":"https:\/\/quaidesbrumes.com\/ouvrage\/9782953961300\/decouverte-en-musique-le-fruit-a-pain-dans-tous-ses-etats"},{"id":"9780571295760","title":"INTO THE BLACK - THE INSIGHT STORY OF METALLICA VOL 2","description":"As they embark upon the fourth decade of the career, Metallica's legacy is as unique as it is remarkable: having sold over 100 million albums their status as the biggest Metal band of all time is indisputable. Following the acclaimed first volume, which chronicled the band's rise to international stardom, the authors now explore the challenges and tensions that ensued for the band.From the phenomenal, breakthrough, success of 1991's 'Black' album to the band's reinvention with the 'Load\/Reload' albums; bassist Jason Newsted's shock exit in 2001 and the group's subsequent meltdown, as laid bare in the unvarnished fly-on-the-wall documentary Some Kind Of Monster, to the divisive 'St. Anger' and 'Lulu' sets (recorded with Rick Rubin and in collaboration with Lou Reed respectively), they brilliantly capture this unique bands epic, louder than life saga.","authors":["Paul Brannigan","Ian Winwood"],"category_codes":["6000000","6030000"],"visuals":{"large":"https:\/\/images.epagine.fr\/760\/9780571295760_1_75.jpg","medium":"https:\/\/images.epagine.fr\/760\/9780571295760_1_m.jpg","thumbnail":"https:\/\/images.epagine.fr\/760\/9780571295760_1_v.jpg"},"orderable":true,"show_badge":true,"formatted_price":"18,80&nbsp;\u20ac","formatted_published_date":"14 novembre 2014","publisher_availability_label":"Sur commande","short_details":"Paul Brannigan, Ian Winwood \u2014 Faber & Faber","translator":null,"weight":369,"page_count":289,"readership":null,"editor":"Faber & Faber","price":1880,"published_date":"2014-11-13T23:00:00.000000Z","support":"Grand format","publisher_availability":1,"stock":0,"editions":[],"url":"https:\/\/quaidesbrumes.com\/ouvrage\/9780571295760\/into-the-black-the-insight-story-of-metallica-vol-2"},{"id":"9782849261774","title":"Passacaille de la pluie : pour clarinette ou saxophone","description":"Compos\u00e9e pour l'exposition Ode \u00e0 la pluie, au mus\u00e9e des Beaux-Arts de Brest, cette passacaille en forme de variation rep\u00e8te \u00e0 l'infini une basse obstin\u00e9e en quatre mesures, rappelant la persistance du rythme constant d'une longue pluie d'automne, et cite en quelques mesures le tr\u00e8s beau canon compos\u00e9 sur un po\u00e8me de Verlaine : \u00d4 bruit doux de la pluie, par terre et sur les toits...","authors":["Georges Boulestreau"],"category_codes":["6000000","6030000","6031200"],"visuals":{"large":"https:\/\/images.epagine.fr\/774\/9782849261774_1_75.jpg","medium":"https:\/\/images.epagine.fr\/774\/9782849261774_1_m.jpg","thumbnail":"https:\/\/images.epagine.fr\/774\/9782849261774_1_v.jpg"},"orderable":true,"show_badge":true,"formatted_price":"9,50&nbsp;\u20ac","formatted_published_date":"3 f\u00e9vrier 2014","publisher_availability_label":"Sur commande","short_details":"Georges Boulestreau \u2014 Buissonnieres","translator":null,"weight":60,"page_count":4,"readership":null,"editor":"Buissonnieres","price":950,"published_date":"2014-02-02T23:00:00.000000Z","support":"Partitions musicales","publisher_availability":1,"stock":0,"editions":[],"url":"https:\/\/quaidesbrumes.com\/ouvrage\/9782849261774\/passacaille-de-la-pluie-pour-clarinette-ou-saxophone"},{"id":"9782705687601","title":"Fran\u00e7ois Antoine Habeneck ; 1781-1849","description":"Fran\u00e7ois Antoine Habeneck est un des premiers chefs d'orchestre de l'\u00e8re moderne. Pr\u00e9curseur, il a jou\u00e9 un r\u00f4le majeur dans la vie musicale fran\u00e7aise de la premi\u00e8re moiti\u00e9 du XIXe si\u00e8cle. En cr\u00e9ant, en 1828, la Soci\u00e9t\u00e9 des concerts du Conservatoire (aujourd'hui Orchestre de Paris), il a dot\u00e9 la capitale du premier orchestre symphonique r\u00e9serv\u00e9 au concert et admir\u00e9 en particulier par Mendelssohn et Wagner. Il a fait conna\u00eetre en France les symphonies de Beethoven. De Berlioz, avec qui il eut des relations mouvement\u00e9es, il dirigea, en 1830, la premi\u00e8re audition de la Symphonie fantastique et, en 1837, celle du Requiem.\r\nComme premier chef d'orchestre de l'Op\u00e9ra pendant vingt ans, il dirigea entre autres les cr\u00e9ations de Guillaume Tell (Rossini), Robert le diable (Meyerbeer), Benvenuto Cellini (Berlioz). Ses contemporains, dont Balzac, \u00e9taient impressionn\u00e9s par la pr\u00e9cision, la vigueur et la fid\u00e9lit\u00e9, jusque-l\u00e0 inconnues, qu'il apportait \u00e0 l'ex\u00e9cution des oeuvres qu'il dirigeait. Il est le point de d\u00e9part d'une longue lign\u00e9e de grands chefs d'orchestre.","authors":["Bronner Francois"],"category_codes":["6000000","6030000","6030500"],"visuals":{"large":"https:\/\/images.epagine.fr\/601\/9782705687601_1_75.jpg","medium":"https:\/\/images.epagine.fr\/601\/9782705687601_1_m.jpg","thumbnail":"https:\/\/images.epagine.fr\/601\/9782705687601_1_v.jpg"},"orderable":true,"show_badge":true,"formatted_price":"38,00&nbsp;\u20ac","formatted_published_date":"12 juin 2014","publisher_availability_label":"Sur commande","short_details":"Bronner Francois \u2014 Hermann","translator":null,"weight":600,"page_count":403,"readership":null,"editor":"Hermann","price":3800,"published_date":"2014-06-11T22:00:00.000000Z","support":"Grand format","publisher_availability":1,"stock":0,"editions":[],"url":"https:\/\/quaidesbrumes.com\/ouvrage\/9782705687601\/francois-antoine-habeneck-1781-1849"},{"id":"9782849261910","title":"Sovvente il sole, aria (andromeda liberata) opera de Vivaldi, partition chant, clavier, violon solo","description":null,"authors":["Antonio Vivaldi"],"category_codes":["6000000","6030000","6031200"],"visuals":{"large":"https:\/\/images.epagine.fr\/910\/9782849261910_1_75.jpg","medium":"https:\/\/images.epagine.fr\/910\/9782849261910_1_m.jpg","thumbnail":"https:\/\/images.epagine.fr\/910\/9782849261910_1_v.jpg"},"orderable":true,"show_badge":true,"formatted_price":"20,00&nbsp;\u20ac","formatted_published_date":"3 f\u00e9vrier 2014","publisher_availability_label":"Sur commande","short_details":"Antonio Vivaldi \u2014 Buissonnieres","translator":null,"weight":110,"page_count":null,"readership":null,"editor":"Buissonnieres","price":2000,"published_date":"2014-02-02T23:00:00.000000Z","support":"Partitions musicales","publisher_availability":1,"stock":0,"editions":[],"url":"https:\/\/quaidesbrumes.com\/ouvrage\/9782849261910\/sovvente-il-sole-aria-andromeda-liberata-opera-de-vivaldi-partition-chant-clavier-violon-solo"},{"id":"9782849261927","title":"Anche il mar, aria opera bajazet d'Antonio Vivaldi, partition, r\u00e9duction, chant, clavier","description":null,"authors":["Antonio Vivaldi"],"category_codes":["6000000","6030000","6031200"],"visuals":{"large":"https:\/\/images.epagine.fr\/927\/9782849261927_1_75.jpg","medium":"https:\/\/images.epagine.fr\/927\/9782849261927_1_m.jpg","thumbnail":"https:\/\/images.epagine.fr\/927\/9782849261927_1_v.jpg"},"orderable":true,"show_badge":true,"formatted_price":"20,00&nbsp;\u20ac","formatted_published_date":"3 f\u00e9vrier 2014","publisher_availability_label":"Sur commande","short_details":"Antonio Vivaldi \u2014 Buissonnieres","translator":null,"weight":150,"page_count":null,"readership":null,"editor":"Buissonnieres","price":2000,"published_date":"2014-02-02T23:00:00.000000Z","support":"Partitions musicales","publisher_availability":1,"stock":0,"editions":[],"url":"https:\/\/quaidesbrumes.com\/ouvrage\/9782849261927\/anche-il-mar-aria-opera-bajazet-dantonio-vivaldi-partition-reduction-chant-clavier"},{"id":"9782849261842","title":"Deh ti piega, aria opera la fida ninfa d'Antonio Vivaldi, partition, r\u00e9duction, chant, clavier","description":null,"authors":["Antonio Vivaldi"],"category_codes":["6000000","6030000","6031200"],"visuals":{"large":"https:\/\/images.epagine.fr\/842\/9782849261842_1_75.jpg","medium":"https:\/\/images.epagine.fr\/842\/9782849261842_1_m.jpg","thumbnail":"https:\/\/images.epagine.fr\/842\/9782849261842_1_v.jpg"},"orderable":true,"show_badge":true,"formatted_price":"20,00&nbsp;\u20ac","formatted_published_date":"3 f\u00e9vrier 2014","publisher_availability_label":"Sur commande","short_details":"Antonio Vivaldi \u2014 Buissonnieres","translator":null,"weight":150,"page_count":null,"readership":null,"editor":"Buissonnieres","price":2000,"published_date":"2014-02-02T23:00:00.000000Z","support":"Partitions musicales","publisher_availability":1,"stock":0,"editions":[],"url":"https:\/\/quaidesbrumes.com\/ouvrage\/9782849261842\/deh-ti-piega-aria-opera-la-fida-ninfa-dantonio-vivaldi-partition-reduction-chant-clavier"},{"id":"9788490271384","title":"Kirmen uribe, mikel urdangarin... * jainko txiki eta jostalari hura","description":null,"authors":["Kirmen Uribe"],"category_codes":["6000000","6030000","6030900","6030904"],"visuals":{"large":"https:\/\/quaidesbrumes.com\/img\/book-placeholder.png","medium":"https:\/\/quaidesbrumes.com\/img\/book-placeholder.png","thumbnail":"https:\/\/quaidesbrumes.com\/img\/book-placeholder.png"},"orderable":true,"show_badge":true,"formatted_price":"0,00&nbsp;\u20ac","formatted_published_date":"15 novembre 2013","publisher_availability_label":"Sur commande","short_details":"Kirmen Uribe \u2014 Elkar","translator":null,"weight":0,"page_count":null,"readership":null,"editor":"Elkar","price":0,"published_date":"2013-11-14T23:00:00.000000Z","support":"Grand format","publisher_availability":1,"stock":0,"editions":[],"url":"https:\/\/quaidesbrumes.com\/ouvrage\/9788490271384\/kirmen-uribe-mikel-urdangarin-jainko-txiki-eta-jostalari-hura"},{"id":"8436007084767","title":"Markez, mikel * indar bat dabil hor","description":null,"authors":["Mikel Markez"],"category_codes":["6000000","6030000","6030900","6030904"],"visuals":{"large":"https:\/\/quaidesbrumes.com\/img\/book-placeholder.png","medium":"https:\/\/quaidesbrumes.com\/img\/book-placeholder.png","thumbnail":"https:\/\/quaidesbrumes.com\/img\/book-placeholder.png"},"orderable":true,"show_badge":true,"formatted_price":"0,00&nbsp;\u20ac","formatted_published_date":"18 septembre 2013","publisher_availability_label":"Sur commande","short_details":"Mikel Markez \u2014 Elkar","translator":null,"weight":0,"page_count":null,"readership":null,"editor":"Elkar","price":0,"published_date":"2013-09-17T22:00:00.000000Z","support":"Grand format","publisher_availability":1,"stock":0,"editions":[],"url":"https:\/\/quaidesbrumes.com\/ouvrage\/8436007084767\/markez-mikel-indar-bat-dabil-hor"},{"id":"8436007084729","title":"Pantxika solorzano eta xano * elektroboom","description":null,"authors":["Pantxika Solorzano E"],"category_codes":["6000000","6030000","6030900","6030904"],"visuals":{"large":"https:\/\/quaidesbrumes.com\/img\/book-placeholder.png","medium":"https:\/\/quaidesbrumes.com\/img\/book-placeholder.png","thumbnail":"https:\/\/quaidesbrumes.com\/img\/book-placeholder.png"},"orderable":true,"show_badge":true,"formatted_price":"0,00&nbsp;\u20ac","formatted_published_date":"18 septembre 2013","publisher_availability_label":"Sur commande","short_details":"Pantxika Solorzano E \u2014 Elkar","translator":null,"weight":0,"page_count":null,"readership":null,"editor":"Elkar","price":0,"published_date":"2013-09-17T22:00:00.000000Z","support":"Grand format","publisher_availability":1,"stock":0,"editions":[],"url":"https:\/\/quaidesbrumes.com\/ouvrage\/8436007084729\/pantxika-solorzano-eta-xano-elektroboom"},{"id":"9788490271261","title":"Jainko txiki eta jostalari hura","description":null,"authors":["Kirmen Uribe-Mikel U"],"category_codes":["6000000","6030000"],"visuals":{"large":"https:\/\/images.epagine.fr\/261\/9788490271261_1_75.jpg","medium":"https:\/\/images.epagine.fr\/261\/9788490271261_1_m.jpg","thumbnail":"https:\/\/images.epagine.fr\/261\/9788490271261_1_v.jpg"},"orderable":true,"show_badge":true,"formatted_price":"0,00&nbsp;\u20ac","formatted_published_date":"12 d\u00e9cembre 2013","publisher_availability_label":"Sur commande","short_details":"Kirmen Uribe-Mikel U \u2014 Elkar","translator":null,"weight":701,"page_count":null,"readership":null,"editor":"Elkar","price":0,"published_date":"2013-12-11T23:00:00.000000Z","support":"CD Audio","publisher_availability":1,"stock":0,"editions":[],"url":"https:\/\/quaidesbrumes.com\/ouvrage\/9788490271261\/jainko-txiki-eta-jostalari-hura"},{"id":"8436007084859","title":"Imanol urbietaren kantak * bakarrik eta libre","description":null,"authors":[],"category_codes":["6000000","6030000","6030900","6030904"],"visuals":{"large":"https:\/\/quaidesbrumes.com\/img\/book-placeholder.png","medium":"https:\/\/quaidesbrumes.com\/img\/book-placeholder.png","thumbnail":"https:\/\/quaidesbrumes.com\/img\/book-placeholder.png"},"orderable":true,"show_badge":true,"formatted_price":"0,00&nbsp;\u20ac","formatted_published_date":"22 novembre 2013","publisher_availability_label":"Sur commande","short_details":"Elkar","translator":null,"weight":0,"page_count":null,"readership":null,"editor":"Elkar","price":0,"published_date":"2013-11-21T23:00:00.000000Z","support":"Grand format","publisher_availability":1,"stock":0,"editions":[],"url":"https:\/\/quaidesbrumes.com\/ouvrage\/8436007084859\/imanol-urbietaren-kantak-bakarrik-eta-libre"},{"id":"9780711920576","title":"The chester book of motets vol. 1: the italian school for 4 voices chant","description":null,"authors":["Anthony (Auth Petti"],"category_codes":["6000000","6030000"],"visuals":{"large":"https:\/\/quaidesbrumes.com\/img\/book-placeholder.png","medium":"https:\/\/quaidesbrumes.com\/img\/book-placeholder.png","thumbnail":"https:\/\/quaidesbrumes.com\/img\/book-placeholder.png"},"orderable":true,"show_badge":true,"formatted_price":"16,38&nbsp;\u20ac","formatted_published_date":"12 septembre 1999","publisher_availability_label":"Sur commande","short_details":"Anthony (Auth Petti \u2014 CHESTER MUSIC","translator":null,"weight":401,"page_count":null,"readership":null,"editor":"CHESTER MUSIC","price":1638,"published_date":"1999-09-11T22:00:00.000000Z","support":"Grand format","publisher_availability":1,"stock":0,"editions":[],"url":"https:\/\/quaidesbrumes.com\/ouvrage\/9780711920576\/the-chester-book-of-motets-vol-1-the-italian-school-for-4-voices-chant"},{"id":"9781844497706","title":"Witold lutoslawski: mi-parti for orchestra","description":null,"authors":["Divers Auteurs"],"category_codes":["6000000","6030000"],"visuals":{"large":"https:\/\/quaidesbrumes.com\/img\/book-placeholder.png","medium":"https:\/\/quaidesbrumes.com\/img\/book-placeholder.png","thumbnail":"https:\/\/quaidesbrumes.com\/img\/book-placeholder.png"},"orderable":true,"show_badge":true,"formatted_price":"36,50&nbsp;\u20ac","formatted_published_date":"1er avril 1999","publisher_availability_label":"Sur commande","short_details":"Divers Auteurs \u2014 CHESTER MUSIC","translator":null,"weight":701,"page_count":null,"readership":null,"editor":"CHESTER MUSIC","price":3650,"published_date":"1999-03-31T22:00:00.000000Z","support":"Grand format","publisher_availability":1,"stock":0,"editions":[],"url":"https:\/\/quaidesbrumes.com\/ouvrage\/9781844497706\/witold-lutoslawski-mi-parti-for-orchestra"},{"id":"9782312023335","title":"Nos choeurs chantent","description":"Une s\u00e9lection de chants et partitions musicales des oeuvres compos\u00e9es par des grands Ma\u00eetres de choeurs de 1940 \u00e0 2013 pour des chorales et des \u00e9glises.","authors":["Philippe Mbapp\u00e9 Bess\u00e9m\u00e9"],"category_codes":["6000000","6030000"],"visuals":{"large":"https:\/\/images.epagine.fr\/335\/9782312023335_1_75.jpg","medium":"https:\/\/images.epagine.fr\/335\/9782312023335_1_m.jpg","thumbnail":"https:\/\/images.epagine.fr\/335\/9782312023335_1_v.jpg"},"orderable":true,"show_badge":true,"formatted_price":"29,00&nbsp;\u20ac","formatted_published_date":"4 juillet 2014","publisher_availability_label":"Sur commande","short_details":"Philippe Mbapp\u00e9 Bess\u00e9m\u00e9 \u2014 Editions du Net","translator":null,"weight":1170,"page_count":650,"readership":null,"editor":"Editions du Net","price":2900,"published_date":"2014-07-03T22:00:00.000000Z","support":"Grand format","publisher_availability":1,"stock":0,"editions":[],"url":"https:\/\/quaidesbrumes.com\/ouvrage\/9782312023335\/nos-choeurs-chantent"},{"id":"9781444011760","title":"GUS AND ME - THE STORY OF MY GRANDDAD AND MY FIRST GUITAR   BOOK & CD","description":null,"authors":["Keith Richards"],"category_codes":["6000000","6030000"],"visuals":{"large":"https:\/\/images.epagine.fr\/760\/9781444011760_1_75.jpg","medium":"https:\/\/images.epagine.fr\/760\/9781444011760_1_m.jpg","thumbnail":"https:\/\/images.epagine.fr\/760\/9781444011760_1_v.jpg"},"orderable":true,"show_badge":true,"formatted_price":"21,40&nbsp;\u20ac","formatted_published_date":"9 septembre 2014","publisher_availability_label":"Sur commande","short_details":"Keith Richards \u2014 ORION PUBLISHING GROUP","translator":null,"weight":432,"page_count":32,"readership":null,"editor":"ORION PUBLISHING GROUP","price":2140,"published_date":"2014-09-08T22:00:00.000000Z","support":"Livre + CD Audio","publisher_availability":1,"stock":0,"editions":[],"url":"https:\/\/quaidesbrumes.com\/ouvrage\/9781444011760\/gus-and-me-the-story-of-my-granddad-and-my-first-guitar-book-cd"},{"id":"9781760110697","title":"A LITTLE HISTORY - NICK CAVE AND COHORTS, 1981 - 2013","description":"An exquisite pictorial biography of one of today's most intriguing performers: Nick Cave.","authors":["Bleddyn Butcher"],"category_codes":["6000000","6030000"],"visuals":{"large":"https:\/\/images.epagine.fr\/697\/9781760110697_1_75.jpg","medium":"https:\/\/images.epagine.fr\/697\/9781760110697_1_m.jpg","thumbnail":"https:\/\/images.epagine.fr\/697\/9781760110697_1_v.jpg"},"orderable":true,"show_badge":true,"formatted_price":"26,90&nbsp;\u20ac","formatted_published_date":"9 ao\u00fbt 2014","publisher_availability_label":"Sur commande","short_details":"Bleddyn Butcher \u2014 Atlantic Books","translator":null,"weight":1097,"page_count":153,"readership":null,"editor":"Atlantic Books","price":2690,"published_date":"2014-08-08T22:00:00.000000Z","support":"Grand format","publisher_availability":1,"stock":0,"editions":[],"url":"https:\/\/quaidesbrumes.com\/ouvrage\/9781760110697\/a-little-history-nick-cave-and-cohorts-1981-2013"}]}