{"data":[{"id":"9790043076063","title":"Tango virtuoso","description":null,"authors":["Escaich Thierry"],"category_codes":["6000000","6030000","6031100","6031105"],"visuals":{"large":"https:\/\/quaidesbrumes.com\/img\/book-placeholder.png","medium":"https:\/\/quaidesbrumes.com\/img\/book-placeholder.png","thumbnail":"https:\/\/quaidesbrumes.com\/img\/book-placeholder.png"},"orderable":true,"show_badge":true,"formatted_price":"15,80&nbsp;\u20ac","formatted_published_date":"1er avril 2005","publisher_availability_label":"Sur commande","short_details":"Escaich Thierry \u2014 GERARD BILLAUDOT","translator":null,"weight":400,"page_count":null,"readership":null,"editor":"GERARD BILLAUDOT","price":1580,"published_date":"2005-03-31T22:00:00.000000Z","support":"Grand format","publisher_availability":1,"stock":0,"editions":["9790043054030"],"url":"https:\/\/quaidesbrumes.com\/ouvrage\/9790043076063\/tango-virtuoso"},{"id":"9790043077558","title":"1er solo du 23e concerto en sol majeur","description":null,"authors":["Viotti G. B."],"category_codes":["6000000","6030000","6031100","6031102"],"visuals":{"large":"https:\/\/quaidesbrumes.com\/img\/book-placeholder.png","medium":"https:\/\/quaidesbrumes.com\/img\/book-placeholder.png","thumbnail":"https:\/\/quaidesbrumes.com\/img\/book-placeholder.png"},"orderable":true,"show_badge":true,"formatted_price":"12,30&nbsp;\u20ac","formatted_published_date":"1er mars 2005","publisher_availability_label":"Sur commande","short_details":"Viotti G. B. \u2014 GERARD BILLAUDOT","translator":null,"weight":200,"page_count":null,"readership":null,"editor":"GERARD BILLAUDOT","price":1230,"published_date":"2005-02-28T23:00:00.000000Z","support":"Grand format","publisher_availability":1,"stock":0,"editions":[],"url":"https:\/\/quaidesbrumes.com\/ouvrage\/9790043077558\/1er-solo-du-23e-concerto-en-sol-majeur"},{"id":"9790043073826","title":"Easy swing","description":null,"authors":["Francois Jakez"],"category_codes":["6000000","6030000","6031100","6031104"],"visuals":{"large":"https:\/\/quaidesbrumes.com\/img\/book-placeholder.png","medium":"https:\/\/quaidesbrumes.com\/img\/book-placeholder.png","thumbnail":"https:\/\/quaidesbrumes.com\/img\/book-placeholder.png"},"orderable":true,"show_badge":true,"formatted_price":"11,10&nbsp;\u20ac","formatted_published_date":"1er mars 2005","publisher_availability_label":"Sur commande","short_details":"Francois Jakez \u2014 GERARD BILLAUDOT","translator":null,"weight":200,"page_count":null,"readership":null,"editor":"GERARD BILLAUDOT","price":1110,"published_date":"2005-02-28T23:00:00.000000Z","support":"Grand format","publisher_availability":1,"stock":0,"editions":[],"url":"https:\/\/quaidesbrumes.com\/ouvrage\/9790043073826\/easy-swing"},{"id":"9790043076681","title":"Grand duo sur des motifs de guillaume tell de g. rossini","description":null,"authors":["Demersseman Jules"],"category_codes":["6000000","6030000","6031100","6031105"],"visuals":{"large":"https:\/\/quaidesbrumes.com\/img\/book-placeholder.png","medium":"https:\/\/quaidesbrumes.com\/img\/book-placeholder.png","thumbnail":"https:\/\/quaidesbrumes.com\/img\/book-placeholder.png"},"orderable":true,"show_badge":true,"formatted_price":"23,49&nbsp;\u20ac","formatted_published_date":"1er mars 2005","publisher_availability_label":"Sur commande","short_details":"Demersseman Jules \u2014 GERARD BILLAUDOT","translator":null,"weight":400,"page_count":null,"readership":null,"editor":"GERARD BILLAUDOT","price":2349,"published_date":"2005-02-28T23:00:00.000000Z","support":"Grand format","publisher_availability":1,"stock":0,"editions":[],"url":"https:\/\/quaidesbrumes.com\/ouvrage\/9790043076681\/grand-duo-sur-des-motifs-de-guillaume-tell-de-g-rossini"},{"id":"9790043076902","title":"I.t.c. 2","description":null,"authors":["Macarez Frederic"],"category_codes":["6000000","6030000","6031100","6031105"],"visuals":{"large":"https:\/\/quaidesbrumes.com\/img\/book-placeholder.png","medium":"https:\/\/quaidesbrumes.com\/img\/book-placeholder.png","thumbnail":"https:\/\/quaidesbrumes.com\/img\/book-placeholder.png"},"orderable":true,"show_badge":true,"formatted_price":"9,40&nbsp;\u20ac","formatted_published_date":"1er mars 2005","publisher_availability_label":"Sur commande","short_details":"Macarez Frederic \u2014 GERARD BILLAUDOT","translator":null,"weight":200,"page_count":null,"readership":null,"editor":"GERARD BILLAUDOT","price":940,"published_date":"2005-02-28T23:00:00.000000Z","support":"Grand format","publisher_availability":1,"stock":0,"editions":[],"url":"https:\/\/quaidesbrumes.com\/ouvrage\/9790043076902\/itc-2"},{"id":"9790043077794","title":"La saint-sylvestre","description":null,"authors":["Coiteux Francis"],"category_codes":["6000000","6030000","6031100","6031105"],"visuals":{"large":"https:\/\/quaidesbrumes.com\/img\/book-placeholder.png","medium":"https:\/\/quaidesbrumes.com\/img\/book-placeholder.png","thumbnail":"https:\/\/quaidesbrumes.com\/img\/book-placeholder.png"},"orderable":true,"show_badge":true,"formatted_price":"10,00&nbsp;\u20ac","formatted_published_date":"1er mars 2005","publisher_availability_label":"Sur commande","short_details":"Coiteux Francis \u2014 GERARD BILLAUDOT","translator":null,"weight":200,"page_count":null,"readership":null,"editor":"GERARD BILLAUDOT","price":1000,"published_date":"2005-02-28T23:00:00.000000Z","support":"Grand format","publisher_availability":1,"stock":0,"editions":[],"url":"https:\/\/quaidesbrumes.com\/ouvrage\/9790043077794\/la-saint-sylvestre"},{"id":"9790043078173","title":"Toccata","description":null,"authors":["Mernier Benoa T"],"category_codes":["6000000","6030000","6031100","6031104"],"visuals":{"large":"https:\/\/quaidesbrumes.com\/img\/book-placeholder.png","medium":"https:\/\/quaidesbrumes.com\/img\/book-placeholder.png","thumbnail":"https:\/\/quaidesbrumes.com\/img\/book-placeholder.png"},"orderable":true,"show_badge":true,"formatted_price":"25,00&nbsp;\u20ac","formatted_published_date":"1er mars 2005","publisher_availability_label":"Sur commande","short_details":"Mernier Benoa T \u2014 GERARD BILLAUDOT","translator":null,"weight":400,"page_count":null,"readership":null,"editor":"GERARD BILLAUDOT","price":2500,"published_date":"2005-02-28T23:00:00.000000Z","support":"Grand format","publisher_availability":1,"stock":0,"editions":[],"url":"https:\/\/quaidesbrumes.com\/ouvrage\/9790043078173\/toccata"},{"id":"9790043077510","title":"1er solo du 13e concerto en la majeur","description":null,"authors":["Viotti G. B."],"category_codes":["6000000","6030000","6031000"],"visuals":{"large":"https:\/\/quaidesbrumes.com\/img\/book-placeholder.png","medium":"https:\/\/quaidesbrumes.com\/img\/book-placeholder.png","thumbnail":"https:\/\/quaidesbrumes.com\/img\/book-placeholder.png"},"orderable":true,"show_badge":true,"formatted_price":"12,30&nbsp;\u20ac","formatted_published_date":"1er f\u00e9vrier 2005","publisher_availability_label":"Sur commande","short_details":"Viotti G. B. \u2014 GERARD BILLAUDOT","translator":null,"weight":200,"page_count":null,"readership":null,"editor":"GERARD BILLAUDOT","price":1230,"published_date":"2005-01-31T23:00:00.000000Z","support":"Grand format","publisher_availability":1,"stock":0,"editions":[],"url":"https:\/\/quaidesbrumes.com\/ouvrage\/9790043077510\/1er-solo-du-13e-concerto-en-la-majeur"},{"id":"9790043077534","title":"1er solo du 19e concerto en sol mineur","description":null,"authors":["Viotti G. B."],"category_codes":["6000000","6030000","6031100","6031105"],"visuals":{"large":"https:\/\/quaidesbrumes.com\/img\/book-placeholder.png","medium":"https:\/\/quaidesbrumes.com\/img\/book-placeholder.png","thumbnail":"https:\/\/quaidesbrumes.com\/img\/book-placeholder.png"},"orderable":true,"show_badge":true,"formatted_price":"12,30&nbsp;\u20ac","formatted_published_date":"1er f\u00e9vrier 2005","publisher_availability_label":"Sur commande","short_details":"Viotti G. B. \u2014 GERARD BILLAUDOT","translator":null,"weight":200,"page_count":null,"readership":null,"editor":"GERARD BILLAUDOT","price":1230,"published_date":"2005-01-31T23:00:00.000000Z","support":"Grand format","publisher_availability":1,"stock":0,"editions":[],"url":"https:\/\/quaidesbrumes.com\/ouvrage\/9790043077534\/1er-solo-du-19e-concerto-en-sol-mineur"},{"id":"9790043077893","title":"30 petites pieces volume 1","description":null,"authors":["Mettraux Blaise"],"category_codes":["6000000","6030000","6030200"],"visuals":{"large":"https:\/\/quaidesbrumes.com\/img\/book-placeholder.png","medium":"https:\/\/quaidesbrumes.com\/img\/book-placeholder.png","thumbnail":"https:\/\/quaidesbrumes.com\/img\/book-placeholder.png"},"orderable":true,"show_badge":true,"formatted_price":"15,80&nbsp;\u20ac","formatted_published_date":"1er f\u00e9vrier 2005","publisher_availability_label":"Sur commande","short_details":"Mettraux Blaise \u2014 GERARD BILLAUDOT","translator":null,"weight":400,"page_count":null,"readership":null,"editor":"GERARD BILLAUDOT","price":1580,"published_date":"2005-01-31T23:00:00.000000Z","support":"Grand format","publisher_availability":1,"stock":0,"editions":[],"url":"https:\/\/quaidesbrumes.com\/ouvrage\/9790043077893\/30-petites-pieces-volume-1"},{"id":"9790043077046","title":"Chansons et danses traditionnelles de bretagne, d'angleterre et d'ecosse","description":null,"authors":[],"category_codes":["6000000","6030000","6031100","6031105"],"visuals":{"large":"https:\/\/quaidesbrumes.com\/img\/book-placeholder.png","medium":"https:\/\/quaidesbrumes.com\/img\/book-placeholder.png","thumbnail":"https:\/\/quaidesbrumes.com\/img\/book-placeholder.png"},"orderable":true,"show_badge":true,"formatted_price":"9,40&nbsp;\u20ac","formatted_published_date":"1er f\u00e9vrier 2005","publisher_availability_label":"Sur commande","short_details":"GERARD BILLAUDOT","translator":null,"weight":200,"page_count":null,"readership":null,"editor":"GERARD BILLAUDOT","price":940,"published_date":"2005-01-31T23:00:00.000000Z","support":"Grand format","publisher_availability":1,"stock":0,"editions":[],"url":"https:\/\/quaidesbrumes.com\/ouvrage\/9790043077046\/chansons-et-danses-traditionnelles-de-bretagne-dangleterre-et-decosse"},{"id":"9782357794498","title":"New Order ; des larsens sur le dancefloor","description":"\u00ab New Order a toujours eu l'\u00e9trange facult\u00e9 de se trouver au bon moment et au bon endroit \u00bb, expliquait Peter Hook, d\u00e9but 2013, \u00e0 un journaliste de Rock & Folk. Une affirmation qui pourrait bien trouver sa source dans le courant de l'ann\u00e9e 1976, alors que les Sex Pistols prennent d'assaut la sc\u00e8ne du Lesser Free Trade Hall de Manchester. Dans le public : quelques jeunes banlieusards fascin\u00e9s et bient\u00f4t d\u00e9termin\u00e9s, eux aussi, \u00e0 changer le monde. Sans la d\u00e9flagration punk, point de Joy Division. Et sans Joy Division, point de New Order. Sur les cendres de ce premier groupe, foudroy\u00e9 en pleine ascension par la mort de son chanteur Ian Curtis, Peter Hook, Bernard Sumner et Stephen Morris vont reb\u00e2tir une formation au son unique, associant le post-punk de leurs d\u00e9buts \u00e0 un maquillage \u00e9lectro r\u00e9volutionnaire pour l'\u00e9poque. New Order, groupe pr\u00e9curseur, dont l'histoire aurait sans doute \u00e9t\u00e9 bien diff\u00e9rente sans l'effervescence d'une ville, Manchester, la naissance d'un club, l'Ha\u00e7ienda, et les audaces, \u00e9garements ou coups de g\u00e9nie de personnages tels que Martin Hannett, Rob Gretton, Tony Wilson, Peter Saville. Th\u00e9\u00e2tre et acteurs d'une saga aussi fascinante qu'atypique et chaotique.","authors":["S\u00e9bastien Michaud"],"category_codes":["6000000","6030000"],"visuals":{"large":"https:\/\/images.epagine.fr\/498\/9782357794498_1_75.jpg","medium":"https:\/\/images.epagine.fr\/498\/9782357794498_1_m.jpg","thumbnail":"https:\/\/images.epagine.fr\/498\/9782357794498_1_v.jpg"},"orderable":true,"show_badge":true,"formatted_price":"32,00&nbsp;\u20ac","formatted_published_date":"13 d\u00e9cembre 2013","publisher_availability_label":"Sur commande","short_details":"S\u00e9bastien Michaud \u2014 Le Camion Blanc","translator":null,"weight":590,"page_count":440,"readership":null,"editor":"Le Camion Blanc","price":3200,"published_date":"2013-12-12T23:00:00.000000Z","support":"Grand format","publisher_availability":1,"stock":0,"editions":[],"url":"https:\/\/quaidesbrumes.com\/ouvrage\/9782357794498\/new-order-des-larsens-sur-le-dancefloor"},{"id":"9790043075479","title":"Et si tout recommencait...","description":null,"authors":["Finzi Graciane"],"category_codes":["6000000","6030000","6031100","6031105"],"visuals":{"large":"https:\/\/quaidesbrumes.com\/img\/book-placeholder.png","medium":"https:\/\/quaidesbrumes.com\/img\/book-placeholder.png","thumbnail":"https:\/\/quaidesbrumes.com\/img\/book-placeholder.png"},"orderable":true,"show_badge":true,"formatted_price":"18,30&nbsp;\u20ac","formatted_published_date":"1er f\u00e9vrier 2005","publisher_availability_label":"Sur commande","short_details":"Finzi Graciane \u2014 GERARD BILLAUDOT","translator":null,"weight":400,"page_count":null,"readership":null,"editor":"GERARD BILLAUDOT","price":1830,"published_date":"2005-01-31T23:00:00.000000Z","support":"Grand format","publisher_availability":1,"stock":0,"editions":[],"url":"https:\/\/quaidesbrumes.com\/ouvrage\/9790043075479\/et-si-tout-recommencait"},{"id":"9790043066033","title":"Fantaisie sur francoise de rimini","description":null,"authors":["Taffanel Paul"],"category_codes":["6000000","6030000","6031100","6031102"],"visuals":{"large":"https:\/\/quaidesbrumes.com\/img\/book-placeholder.png","medium":"https:\/\/quaidesbrumes.com\/img\/book-placeholder.png","thumbnail":"https:\/\/quaidesbrumes.com\/img\/book-placeholder.png"},"orderable":true,"show_badge":true,"formatted_price":"18,30&nbsp;\u20ac","formatted_published_date":"1er f\u00e9vrier 2005","publisher_availability_label":"Sur commande","short_details":"Taffanel Paul \u2014 GERARD BILLAUDOT","translator":null,"weight":400,"page_count":null,"readership":null,"editor":"GERARD BILLAUDOT","price":1830,"published_date":"2005-01-31T23:00:00.000000Z","support":"Grand format","publisher_availability":1,"stock":0,"editions":[],"url":"https:\/\/quaidesbrumes.com\/ouvrage\/9790043066033\/fantaisie-sur-francoise-de-rimini"},{"id":"9790043077961","title":"Flute essentielle","description":null,"authors":["Hoyos Gaspar"],"category_codes":["6000000","6030000","6031100","6031103"],"visuals":{"large":"https:\/\/quaidesbrumes.com\/img\/book-placeholder.png","medium":"https:\/\/quaidesbrumes.com\/img\/book-placeholder.png","thumbnail":"https:\/\/quaidesbrumes.com\/img\/book-placeholder.png"},"orderable":true,"show_badge":true,"formatted_price":"18,30&nbsp;\u20ac","formatted_published_date":"1er f\u00e9vrier 2005","publisher_availability_label":"Sur commande","short_details":"Hoyos Gaspar \u2014 GERARD BILLAUDOT","translator":null,"weight":400,"page_count":null,"readership":null,"editor":"GERARD BILLAUDOT","price":1830,"published_date":"2005-01-31T23:00:00.000000Z","support":"Grand format","publisher_availability":1,"stock":0,"editions":[],"url":"https:\/\/quaidesbrumes.com\/ouvrage\/9790043077961\/flute-essentielle"},{"id":"9790043076896","title":"I.t.c. 1","description":null,"authors":["Macarez Frederic"],"category_codes":["6000000","6030000","6031100","6031105"],"visuals":{"large":"https:\/\/quaidesbrumes.com\/img\/book-placeholder.png","medium":"https:\/\/quaidesbrumes.com\/img\/book-placeholder.png","thumbnail":"https:\/\/quaidesbrumes.com\/img\/book-placeholder.png"},"orderable":true,"show_badge":true,"formatted_price":"13,60&nbsp;\u20ac","formatted_published_date":"1er f\u00e9vrier 2005","publisher_availability_label":"Sur commande","short_details":"Macarez Frederic \u2014 GERARD BILLAUDOT","translator":null,"weight":400,"page_count":null,"readership":null,"editor":"GERARD BILLAUDOT","price":1360,"published_date":"2005-01-31T23:00:00.000000Z","support":"Grand format","publisher_availability":1,"stock":0,"editions":[],"url":"https:\/\/quaidesbrumes.com\/ouvrage\/9790043076896\/itc-1"},{"id":"9790043076117","title":"Impression tango","description":null,"authors":["Finzi Graciane"],"category_codes":["6000000","6030000","6031100","6031104"],"visuals":{"large":"https:\/\/quaidesbrumes.com\/img\/book-placeholder.png","medium":"https:\/\/quaidesbrumes.com\/img\/book-placeholder.png","thumbnail":"https:\/\/quaidesbrumes.com\/img\/book-placeholder.png"},"orderable":true,"show_badge":true,"formatted_price":"15,80&nbsp;\u20ac","formatted_published_date":"1er f\u00e9vrier 2005","publisher_availability_label":"Sur commande","short_details":"Finzi Graciane \u2014 GERARD BILLAUDOT","translator":null,"weight":400,"page_count":null,"readership":null,"editor":"GERARD BILLAUDOT","price":1580,"published_date":"2005-01-31T23:00:00.000000Z","support":"Grand format","publisher_availability":1,"stock":0,"editions":[],"url":"https:\/\/quaidesbrumes.com\/ouvrage\/9790043076117\/impression-tango"},{"id":"9790043078425","title":"Mazurka de concert","description":null,"authors":["Donjon Johannes"],"category_codes":["6000000","6030000","6031100","6031105"],"visuals":{"large":"https:\/\/quaidesbrumes.com\/img\/book-placeholder.png","medium":"https:\/\/quaidesbrumes.com\/img\/book-placeholder.png","thumbnail":"https:\/\/quaidesbrumes.com\/img\/book-placeholder.png"},"orderable":true,"show_badge":true,"formatted_price":"11,10&nbsp;\u20ac","formatted_published_date":"1er f\u00e9vrier 2005","publisher_availability_label":"Sur commande","short_details":"Donjon Johannes \u2014 GERARD BILLAUDOT","translator":null,"weight":200,"page_count":null,"readership":null,"editor":"GERARD BILLAUDOT","price":1110,"published_date":"2005-01-31T23:00:00.000000Z","support":"Grand format","publisher_availability":1,"stock":0,"editions":[],"url":"https:\/\/quaidesbrumes.com\/ouvrage\/9790043078425\/mazurka-de-concert"},{"id":"9790043078098","title":"Menuet - extrait de la serenade opus 11","description":null,"authors":["Johannes Brahms"],"category_codes":["6000000","6030000","6031100","6031103"],"visuals":{"large":"https:\/\/quaidesbrumes.com\/img\/book-placeholder.png","medium":"https:\/\/quaidesbrumes.com\/img\/book-placeholder.png","thumbnail":"https:\/\/quaidesbrumes.com\/img\/book-placeholder.png"},"orderable":true,"show_badge":true,"formatted_price":"23,49&nbsp;\u20ac","formatted_published_date":"1er f\u00e9vrier 2005","publisher_availability_label":"Sur commande","short_details":"Johannes Brahms \u2014 GERARD BILLAUDOT","translator":null,"weight":400,"page_count":null,"readership":null,"editor":"GERARD BILLAUDOT","price":2349,"published_date":"2005-01-31T23:00:00.000000Z","support":"Grand format","publisher_availability":1,"stock":0,"editions":[],"url":"https:\/\/quaidesbrumes.com\/ouvrage\/9790043078098\/menuet-extrait-de-la-serenade-opus-11"},{"id":"9790043077787","title":"Nocturne","description":null,"authors":["Otsu Yumi"],"category_codes":["6000000","6030000","6031100","6031105"],"visuals":{"large":"https:\/\/quaidesbrumes.com\/img\/book-placeholder.png","medium":"https:\/\/quaidesbrumes.com\/img\/book-placeholder.png","thumbnail":"https:\/\/quaidesbrumes.com\/img\/book-placeholder.png"},"orderable":true,"show_badge":true,"formatted_price":"9,40&nbsp;\u20ac","formatted_published_date":"1er f\u00e9vrier 2005","publisher_availability_label":"Sur commande","short_details":"Otsu Yumi \u2014 GERARD BILLAUDOT","translator":null,"weight":200,"page_count":null,"readership":null,"editor":"GERARD BILLAUDOT","price":940,"published_date":"2005-01-31T23:00:00.000000Z","support":"Grand format","publisher_availability":1,"stock":0,"editions":[],"url":"https:\/\/quaidesbrumes.com\/ouvrage\/9790043077787\/nocturne"},{"id":"9790043077831","title":"Prelude et charleston","description":null,"authors":["Pascal Proust"],"category_codes":["6000000","6030000","6031100","6031105"],"visuals":{"large":"https:\/\/quaidesbrumes.com\/img\/book-placeholder.png","medium":"https:\/\/quaidesbrumes.com\/img\/book-placeholder.png","thumbnail":"https:\/\/quaidesbrumes.com\/img\/book-placeholder.png"},"orderable":true,"show_badge":true,"formatted_price":"10,00&nbsp;\u20ac","formatted_published_date":"1er f\u00e9vrier 2005","publisher_availability_label":"Sur commande","short_details":"Pascal Proust \u2014 GERARD BILLAUDOT","translator":null,"weight":200,"page_count":null,"readership":null,"editor":"GERARD BILLAUDOT","price":1000,"published_date":"2005-01-31T23:00:00.000000Z","support":"Grand format","publisher_availability":1,"stock":0,"editions":[],"url":"https:\/\/quaidesbrumes.com\/ouvrage\/9790043077831\/prelude-et-charleston"},{"id":"9790043077770","title":"Sonate en trio na  1 bwv 525","description":null,"authors":["Jean-s\u00e9bastien Bach"],"category_codes":["6000000","6030000","6031100","6031104"],"visuals":{"large":"https:\/\/quaidesbrumes.com\/img\/book-placeholder.png","medium":"https:\/\/quaidesbrumes.com\/img\/book-placeholder.png","thumbnail":"https:\/\/quaidesbrumes.com\/img\/book-placeholder.png"},"orderable":true,"show_badge":true,"formatted_price":"15,80&nbsp;\u20ac","formatted_published_date":"1er f\u00e9vrier 2005","publisher_availability_label":"Sur commande","short_details":"Jean-s\u00e9bastien Bach \u2014 GERARD BILLAUDOT","translator":null,"weight":400,"page_count":null,"readership":null,"editor":"GERARD BILLAUDOT","price":1580,"published_date":"2005-01-31T23:00:00.000000Z","support":"Grand format","publisher_availability":1,"stock":0,"editions":[],"url":"https:\/\/quaidesbrumes.com\/ouvrage\/9790043077770\/sonate-en-trio-na-1-bwv-525"},{"id":"9790043077206","title":"12 duos","description":null,"authors":["Patrice Sciortino"],"category_codes":["6000000","6030000","6031100","6031104"],"visuals":{"large":"https:\/\/quaidesbrumes.com\/img\/book-placeholder.png","medium":"https:\/\/quaidesbrumes.com\/img\/book-placeholder.png","thumbnail":"https:\/\/quaidesbrumes.com\/img\/book-placeholder.png"},"orderable":true,"show_badge":true,"formatted_price":"25,00&nbsp;\u20ac","formatted_published_date":"1er janvier 2005","publisher_availability_label":"Sur commande","short_details":"Patrice Sciortino \u2014 GERARD BILLAUDOT","translator":null,"weight":400,"page_count":null,"readership":null,"editor":"GERARD BILLAUDOT","price":2500,"published_date":"2004-12-31T23:00:00.000000Z","support":"Grand format","publisher_availability":1,"stock":0,"editions":[],"url":"https:\/\/quaidesbrumes.com\/ouvrage\/9790043077206\/12-duos"},{"id":"9790043078326","title":"1er solo du 1er concerto en re mineur","description":null,"authors":["Rode Pierre"],"category_codes":["6000000","6030000","6031100","6031104"],"visuals":{"large":"https:\/\/quaidesbrumes.com\/img\/book-placeholder.png","medium":"https:\/\/quaidesbrumes.com\/img\/book-placeholder.png","thumbnail":"https:\/\/quaidesbrumes.com\/img\/book-placeholder.png"},"orderable":true,"show_badge":true,"formatted_price":"13,60&nbsp;\u20ac","formatted_published_date":"1er janvier 2005","publisher_availability_label":"Sur commande","short_details":"Rode Pierre \u2014 GERARD BILLAUDOT","translator":null,"weight":400,"page_count":null,"readership":null,"editor":"GERARD BILLAUDOT","price":1360,"published_date":"2004-12-31T23:00:00.000000Z","support":"Grand format","publisher_availability":1,"stock":0,"editions":[],"url":"https:\/\/quaidesbrumes.com\/ouvrage\/9790043078326\/1er-solo-du-1er-concerto-en-re-mineur"}]}