{"data":[{"id":"9782849261767","title":"Sonate klezmer : pour fl\u00fbte, hautbois, clarinette et piano","description":"Voici une pi\u00e8ce en quatre mouvements, inspir\u00e9e de quelques airs traditionnels klezmers, et qui donnera l'occasion aux musiciens d'aborder ce r\u00e9pertoire tr\u00e8s particulier dans un ensemble classique : la forme sonate permet des variations, modulations et d\u00e9veloppements qui permettent \u00e0 ces m\u00e9lodies extraordinaires de s'exprimer pleinement : Allegro, andante, menuetto allegro, trio andante espressivo, puis vivace.","authors":["Georges Boulestreau"],"category_codes":["6000000","6030000","6031200"],"visuals":{"large":"https:\/\/images.epagine.fr\/767\/9782849261767_1_75.jpg","medium":"https:\/\/images.epagine.fr\/767\/9782849261767_1_m.jpg","thumbnail":"https:\/\/images.epagine.fr\/767\/9782849261767_1_v.jpg"},"orderable":true,"show_badge":true,"formatted_price":"14,90&nbsp;\u20ac","formatted_published_date":"26 novembre 2013","publisher_availability_label":"Sur commande","short_details":"Georges Boulestreau \u2014 Buissonnieres","translator":null,"weight":300,"page_count":72,"readership":null,"editor":"Buissonnieres","price":1490,"published_date":"2013-11-25T23:00:00.000000Z","support":"Partitions musicales","publisher_availability":1,"stock":0,"editions":[],"url":"https:\/\/quaidesbrumes.com\/ouvrage\/9782849261767\/sonate-klezmer-pour-flute-hautbois-clarinette-et-piano"},{"id":"9790231804713","title":"La chute de Lucifer ; po\u00e8me symphonique pour trombone et orchestre","description":"Le Paradis perdu de John Milton s'ouvre sur la vision de Satan et de ses anges \u00e9vanouis dans le lac br\u00fblant de l'Enfer apr\u00e8s leur chute vertigineuse dans le grand ab\u00eeme. Ce n'est que quelques chapitres plus tard que l'on apprendra de la bouche de Rapha\u00ebl venu mettre Adam en garde, le d\u00e9tail de la r\u00e9volte de celui qui, apr\u00e8s avoir \u00e9t\u00e9 l'ange porteur de lumi\u00e8re (Luci-fer), va devenir la personnification des t\u00e9n\u00e8bres.\r\n\r\nCe concerto pour trombone, v\u00e9ritable po\u00e8me symphonique, reconstitue la chronologie de cet \u00e9v\u00e9nement biblique d\u00e9crit avec une force d'\u00e9vocation hallucinante par le po\u00e8te anglais du xviie si\u00e8cle.\r\n Un doux cluster de cordes - le royaume c\u00e9leste baign\u00e9 de lumi\u00e8re - ouvre le d\u00e9cor et laisse parler une voix soliste... le violoncelle. Quand le doute s'installe sur un accord o\u00f9 se d\u00e9ploie l'orchestre complet, le prota\u00adgoniste laisse percer un autre pan de son visage et sa voix se transforme pour laisser la place au trombone - fr\u00e8re jumeau du violoncelle - qui continue son chant dans un environnement orchestral de plus en plus tourment\u00e9. Puis la \u00ab Lumi\u00e8re ?\u00bb du premier mouvement, aux couleurs plut\u00f4t diatoniques, bascule progressivement vers la \u00ab ?R\u00e9volte ?\u00bb par le biais d'une section aux diff\u00e9rents tempos superpos\u00e9s.\r\n Ce deuxi\u00e8me mouvement tr\u00e8s vif est une fugue dod\u00e9caphonique dont les d\u00e9veloppements successifs figurent les combats de l'arm\u00e9e des anges rebelles contre les s\u00e9raphins, avec mouvements de masse, chocs violents, repos haletants et reprise effr\u00e9n\u00e9e des combats ; jusqu'\u00e0 l'intervention du Fils (blocs harmoniques des cuivres) qui pousse les insurg\u00e9s aux limites du ciel et les pr\u00e9cipite dans une chute qui durera neuf jours.\r\n C'est dans un magma grave et vrombissant que survient la cadence du soliste?: elle est la voix de l'ange vaincu qui reprend ses esprits.\r\n\r\nLe troisi\u00e8me mouvement, \u00ab? Ab\u00eemes ?\u00bb, est une marche pesante et douloureuse dans laquelle Satan r\u00e9veille son arm\u00e9e et inaugure son Pand\u00e9monium. Le mal a d\u00e9sormais son monarque.\r\n Quoi de plus actuel et de plus proche de l'homme moderne que le destin de cet ange d\u00e9chu ?? Refusant de se consid\u00e9rer comme la cr\u00e9ature d'une puissance sup\u00e9rieure, m\u00fb par un orgueil insens\u00e9 qui le convainc d'\u00eatre au moins l'\u00e9gal du Cr\u00e9ateur et aveugl\u00e9 par la prise de conscience de son libre-arbitre, il se voit ma\u00eetre du monde et se r\u00e9volte pour d\u00e9truire l'ordre \u00e9tabli. D'une certaine fa\u00e7on, la mort de Dieu proclam\u00e9e par Nietzsche \u00e0 la fin du xixe si\u00e8cle n'a-t-elle pas laiss\u00e9e l'humanit\u00e9 orpheline de certitude spirituelle et ne l'a-t-elle pas pr\u00e9cipit\u00e9e dans ce nouveau grand ab\u00eeme?: la r\u00e9v\u00e9lation de l'absurdit\u00e9 de l'existence ?","authors":["Patrick Burgan"],"category_codes":["6000000","6030000"],"visuals":{"large":"https:\/\/images.epagine.fr\/713\/9790231804713_1_75.jpg","medium":"https:\/\/images.epagine.fr\/713\/9790231804713_1_m.jpg","thumbnail":"https:\/\/images.epagine.fr\/713\/9790231804713_1_v.jpg"},"orderable":true,"show_badge":true,"formatted_price":"80,00&nbsp;\u20ac","formatted_published_date":"31 d\u00e9cembre 2013","publisher_availability_label":"Sur commande","short_details":"Patrick Burgan \u2014 Symetrie","translator":null,"weight":370,"page_count":56,"readership":null,"editor":"Symetrie","price":8000,"published_date":"2013-12-30T23:00:00.000000Z","support":"Grand format","publisher_availability":1,"stock":0,"editions":[],"url":"https:\/\/quaidesbrumes.com\/ouvrage\/9790231804713\/la-chute-de-lucifer-poeme-symphonique-pour-trombone-et-orchestre"},{"id":"9782884742986","title":"Jean perrin. promenade rhapsodique au fil d'un homme et d'une oeuvre (cd offert)","description":"Personnalit\u00e9 subtile, le musicien lausannois Jean Perrin (1920-1989) n'a jamais port\u00e9 grande attention \u00e0 la diffusion et encore moins \u00e0 la post\u00e9rit\u00e9 de sa musique. R\u00e9servant l'essentiel de son \u00e9nergie \u00e0 la cr\u00e9ation, \u00e0 l'enseignement et \u00e0 la critique, sa m\u00e9moire est aujourd'hui toute \u00e0 faire. Aux c\u00f4t\u00e9s des disques et des concerts, ce livre y participe en pages et en sons. Un livre pour dire qui il \u00e9tait, rappeler ses origines, retracer les moments forts de sa vie et les contours de ses oeuvres, v\u00e9ritables tr\u00e9sors de finesse et d'originalit\u00e9. Une biographie \u00e0 l'image de l'existence de Jean Perrin, tourn\u00e9e tout \u00e0 la fois vers l'Autre - la famille, les amis, les \u00e9l\u00e8ves de piano - et vers cet appel int\u00e9rieur, irr\u00e9sistible, de la musique.","authors":["Antonin Scherrer"],"category_codes":["6000000","6030000","6030700"],"visuals":{"large":"https:\/\/images.epagine.fr\/986\/9782884742986_1_75.jpg","medium":"https:\/\/images.epagine.fr\/986\/9782884742986_1_m.jpg","thumbnail":"https:\/\/images.epagine.fr\/986\/9782884742986_1_v.jpg"},"orderable":true,"show_badge":true,"formatted_price":"29,00&nbsp;\u20ac","formatted_published_date":"24 janvier 2014","publisher_availability_label":"Sur commande","short_details":"Antonin Scherrer \u2014 INFOLIO","translator":null,"weight":938,"page_count":null,"readership":null,"editor":"INFOLIO","price":2900,"published_date":"2014-01-23T23:00:00.000000Z","support":"Grand format","publisher_availability":1,"stock":0,"editions":[],"url":"https:\/\/quaidesbrumes.com\/ouvrage\/9782884742986\/jean-perrin-promenade-rhapsodique-au-fil-dun-homme-et-dune-oeuvre-cd-offert"},{"id":"9780711920019","title":"Clarinet solos volume 1","description":null,"authors":["Divers Auteurs"],"category_codes":["6000000","6030000"],"visuals":{"large":"https:\/\/quaidesbrumes.com\/img\/book-placeholder.png","medium":"https:\/\/quaidesbrumes.com\/img\/book-placeholder.png","thumbnail":"https:\/\/quaidesbrumes.com\/img\/book-placeholder.png"},"orderable":true,"show_badge":true,"formatted_price":"18,22&nbsp;\u20ac","formatted_published_date":"25 octobre 2005","publisher_availability_label":"Sur commande","short_details":"Divers Auteurs \u2014 CHESTER MUSIC","translator":null,"weight":401,"page_count":null,"readership":null,"editor":"CHESTER MUSIC","price":1822,"published_date":"2005-10-24T22:00:00.000000Z","support":"Grand format","publisher_availability":1,"stock":0,"editions":[],"url":"https:\/\/quaidesbrumes.com\/ouvrage\/9780711920019\/clarinet-solos-volume-1"},{"id":"9780711922273","title":"Gregorio allegri: miserere mei, deus chant","description":null,"authors":["Gregorio (C Allegri"],"category_codes":["6000000","6030000"],"visuals":{"large":"https:\/\/quaidesbrumes.com\/img\/book-placeholder.png","medium":"https:\/\/quaidesbrumes.com\/img\/book-placeholder.png","thumbnail":"https:\/\/quaidesbrumes.com\/img\/book-placeholder.png"},"orderable":true,"show_badge":true,"formatted_price":"6,89&nbsp;\u20ac","formatted_published_date":"1er mai 1993","publisher_availability_label":"Sur commande","short_details":"Gregorio (C Allegri \u2014 CHESTER MUSIC","translator":null,"weight":201,"page_count":null,"readership":null,"editor":"CHESTER MUSIC","price":689,"published_date":"1993-04-30T22:00:00.000000Z","support":"Grand format","publisher_availability":1,"stock":0,"editions":[],"url":"https:\/\/quaidesbrumes.com\/ouvrage\/9780711922273\/gregorio-allegri-miserere-mei-deus-chant"},{"id":"9782824604077","title":"Claude Nougaro, les mots de la vie","description":"Claude Nougaro. Un nom qui tient une place \u00e0 part dans la chanson fran\u00e7aise. La place d'un po\u00e8te, l'un des derniers artistes du XXe si\u00e8cle \u00e0 jongler avec les mots et \u00e0 les mettre en musique comme le faisaient avant lui Brassens ou Brel.\r\n\r\nCette biographie raconte le parcours d'un surdou\u00e9 : il y a Toulouse avec son enfance modeste, le journalisme qu'il exerce quelques ann\u00e9es, l'amour du jazz, puis les premiers succ\u00e8s. Jusqu'\u00e0 ses chansons devenues cultes, de C\u00e9cile ma fille \u00e0 Nougayork, de Armstrong \u00e0 Tu verras, de L'irlandaise \u00e0 Le Jazz et la Java...\r\n\r\nCette biographie r\u00e9v\u00e8le aussi un Nougaro plus intime et ses relations passionn\u00e9es avec les femmes. Un homme profond\u00e9ment humain qui, dix ans apr\u00e8s sa disparition, n'a pas fini d'\u00e9tonner et de donner envie de red\u00e9couvrir son oeuvre et la vie qui l'a inspir\u00e9e. La biographie hommage d'un monument de la chanson fran\u00e7aise.","authors":["Marc Lemonier"],"category_codes":["6000000","6030000"],"visuals":{"large":"https:\/\/images.epagine.fr\/077\/9782824604077_1_75.jpg","medium":"https:\/\/images.epagine.fr\/077\/9782824604077_1_m.jpg","thumbnail":"https:\/\/images.epagine.fr\/077\/9782824604077_1_v.jpg"},"orderable":true,"show_badge":true,"formatted_price":"21,21&nbsp;\u20ac","formatted_published_date":"5 f\u00e9vrier 2014","publisher_availability_label":"Sur commande","short_details":"Marc Lemonier \u2014 City \u00c9ditions","translator":null,"weight":410,"page_count":256,"readership":null,"editor":"City \u00c9ditions","price":2121,"published_date":"2014-02-04T23:00:00.000000Z","support":"Grand format","publisher_availability":1,"stock":0,"editions":[],"url":"https:\/\/quaidesbrumes.com\/ouvrage\/9782824604077\/claude-nougaro-les-mots-de-la-vie"},{"id":"9782897210595","title":"Vic Vogel ; histoires de jazz","description":"Hongrois d'origine, fils d'un violoniste \u00e9leveur de chevaux, Vic est l'enfant dou\u00e9 du jazz. Musicien, arrangeur, chef d'orchestre et compositeur, il a jou\u00e9 aux c\u00f4t\u00e9s de Miles Davis, d'Oscar Peterson, de Sammy Davis, de Michel Legrand. A accompagn\u00e9 Barbara, Eddie Constantine, Alys Robi, V\u00e9ronique Sanson. La liste est longue. Figure c\u00e9l\u00e8bre du Festival de Jazz de Montr\u00e9al, Vogel est une institution. Rebelle, rigoureux, flamboyant, il est le premier \u00e0 avoir redonn\u00e9 un souffle aux cr\u00e9ations du grand compositeur Andr\u00e9 Mathieu. Vic a \u00e9t\u00e9 le \u00ab son \u00bb d'une kyrielle d'\u00e9missions \u00e0 Radio-Canada, l'\u00e2me ch\u00e9rie de centaines de cabarets de Montr\u00e9al, l'intouchable des nuits interlopes, s\u00e9duisant par sa personnalit\u00e9 et son inimitable talent. Ce Lion, marginal et rompu aux principes d'une bonne \u00e9ducation, a la classe des \u00eatres uniques et incorruptibles.\r\nCe livre est un portrait hors du commun, dense, riche et rempli de curiosit\u00e9s - un regard unique sur une star sans pr\u00e9tention. \u00c9tay\u00e9 de photographies, Vic Vogel Histoires de jazz survole toute la vie du musicien pour, parfois, s'attarder sur quelques \u00e9pisodes marquants. Enfance, conqu\u00eate du piano, d\u00e9couverte de la rue et du monde, coups de coeur et d\u00e9ceptions. Mais aussi les bars et les amiti\u00e9s, la rencontre exaltante de Lennie Tristano, l'aventure des Jeux olympiques, la descente aux enfers - la famille - et la vision du jazz de Vogel.","authors":["Marie Desjardins"],"category_codes":["6000000","6030000"],"visuals":{"large":"https:\/\/images.epagine.fr\/595\/9782897210595_1_75.jpg","medium":"https:\/\/images.epagine.fr\/595\/9782897210595_1_m.jpg","thumbnail":"https:\/\/images.epagine.fr\/595\/9782897210595_1_v.jpg"},"orderable":true,"show_badge":true,"formatted_price":"22,00&nbsp;\u20ac","formatted_published_date":"7 janvier 2014","publisher_availability_label":"Sur commande","short_details":"Marie Desjardins \u2014 Du Cram","translator":null,"weight":438,"page_count":256,"readership":null,"editor":"Du Cram","price":2200,"published_date":"2014-01-06T23:00:00.000000Z","support":"Grand format","publisher_availability":1,"stock":0,"editions":[],"url":"https:\/\/quaidesbrumes.com\/ouvrage\/9782897210595\/vic-vogel-histoires-de-jazz"},{"id":"9790043080305","title":"Ballade et turbulences","description":null,"authors":["Pascal Proust"],"category_codes":["6000000","6030000","6031000"],"visuals":{"large":"https:\/\/quaidesbrumes.com\/img\/book-placeholder.png","medium":"https:\/\/quaidesbrumes.com\/img\/book-placeholder.png","thumbnail":"https:\/\/quaidesbrumes.com\/img\/book-placeholder.png"},"orderable":true,"show_badge":true,"formatted_price":"9,40&nbsp;\u20ac","formatted_published_date":"1er d\u00e9cembre 2005","publisher_availability_label":"Sur commande","short_details":"Pascal Proust \u2014 GERARD BILLAUDOT","translator":null,"weight":200,"page_count":null,"readership":null,"editor":"GERARD BILLAUDOT","price":940,"published_date":"2005-11-30T23:00:00.000000Z","support":"Grand format","publisher_availability":1,"stock":0,"editions":[],"url":"https:\/\/quaidesbrumes.com\/ouvrage\/9790043080305\/ballade-et-turbulences"},{"id":"9790043080350","title":"De l'ombre...","description":null,"authors":["Jean-pierre Drouet"],"category_codes":["6000000","6030000","6031100","6031105"],"visuals":{"large":"https:\/\/quaidesbrumes.com\/img\/book-placeholder.png","medium":"https:\/\/quaidesbrumes.com\/img\/book-placeholder.png","thumbnail":"https:\/\/quaidesbrumes.com\/img\/book-placeholder.png"},"orderable":true,"show_badge":true,"formatted_price":"72,40&nbsp;\u20ac","formatted_published_date":"1er d\u00e9cembre 2005","publisher_availability_label":"Sur commande","short_details":"Jean-pierre Drouet \u2014 GERARD BILLAUDOT","translator":null,"weight":600,"page_count":null,"readership":null,"editor":"GERARD BILLAUDOT","price":7240,"published_date":"2005-11-30T23:00:00.000000Z","support":"Grand format","publisher_availability":1,"stock":0,"editions":[],"url":"https:\/\/quaidesbrumes.com\/ouvrage\/9790043080350\/de-lombre"},{"id":"9790043077121","title":"Fantaisie brillante sur zampa","description":null,"authors":["Herold Ferdinand"],"category_codes":["6000000","6030000","6031100","6031105"],"visuals":{"large":"https:\/\/quaidesbrumes.com\/img\/book-placeholder.png","medium":"https:\/\/quaidesbrumes.com\/img\/book-placeholder.png","thumbnail":"https:\/\/quaidesbrumes.com\/img\/book-placeholder.png"},"orderable":true,"show_badge":true,"formatted_price":"15,80&nbsp;\u20ac","formatted_published_date":"1er d\u00e9cembre 2005","publisher_availability_label":"Sur commande","short_details":"Herold Ferdinand \u2014 GERARD BILLAUDOT","translator":null,"weight":400,"page_count":null,"readership":null,"editor":"GERARD BILLAUDOT","price":1580,"published_date":"2005-11-30T23:00:00.000000Z","support":"Grand format","publisher_availability":1,"stock":0,"editions":[],"url":"https:\/\/quaidesbrumes.com\/ouvrage\/9790043077121\/fantaisie-brillante-sur-zampa"},{"id":"9790043074717","title":"Fractions du silence - 3e livre","description":null,"authors":["Dubedout Bertrand"],"category_codes":["6000000","6030000","6031100","6031105"],"visuals":{"large":"https:\/\/quaidesbrumes.com\/img\/book-placeholder.png","medium":"https:\/\/quaidesbrumes.com\/img\/book-placeholder.png","thumbnail":"https:\/\/quaidesbrumes.com\/img\/book-placeholder.png"},"orderable":true,"show_badge":true,"formatted_price":"93,30&nbsp;\u20ac","formatted_published_date":"1er novembre 2005","publisher_availability_label":"Sur commande","short_details":"Dubedout Bertrand \u2014 GERARD BILLAUDOT","translator":null,"weight":600,"page_count":null,"readership":null,"editor":"GERARD BILLAUDOT","price":9330,"published_date":"2005-10-31T23:00:00.000000Z","support":"Grand format","publisher_availability":1,"stock":0,"editions":[],"url":"https:\/\/quaidesbrumes.com\/ouvrage\/9790043074717\/fractions-du-silence-3e-livre"},{"id":"9790043066224","title":"Lecon de choses--partition","description":null,"authors":["Hurel Philippe"],"category_codes":["6000000","6030000","6031100","6031105"],"visuals":{"large":"https:\/\/quaidesbrumes.com\/img\/book-placeholder.png","medium":"https:\/\/quaidesbrumes.com\/img\/book-placeholder.png","thumbnail":"https:\/\/quaidesbrumes.com\/img\/book-placeholder.png"},"orderable":true,"show_badge":true,"formatted_price":"93,30&nbsp;\u20ac","formatted_published_date":"1er novembre 2005","publisher_availability_label":"Sur commande","short_details":"Hurel Philippe \u2014 GERARD BILLAUDOT","translator":null,"weight":600,"page_count":null,"readership":null,"editor":"GERARD BILLAUDOT","price":9330,"published_date":"2005-10-31T23:00:00.000000Z","support":"Grand format","publisher_availability":1,"stock":0,"editions":[],"url":"https:\/\/quaidesbrumes.com\/ouvrage\/9790043066224\/lecon-de-choses-partition"},{"id":"9790043078630","title":"Marche funebre d'une marionnette","description":null,"authors":["Charles Gounod"],"category_codes":["6000000","6030000","6031100","6031105"],"visuals":{"large":"https:\/\/quaidesbrumes.com\/img\/book-placeholder.png","medium":"https:\/\/quaidesbrumes.com\/img\/book-placeholder.png","thumbnail":"https:\/\/quaidesbrumes.com\/img\/book-placeholder.png"},"orderable":true,"show_badge":true,"formatted_price":"29,90&nbsp;\u20ac","formatted_published_date":"1er novembre 2005","publisher_availability_label":"Sur commande","short_details":"Charles Gounod \u2014 GERARD BILLAUDOT","translator":null,"weight":400,"page_count":null,"readership":null,"editor":"GERARD BILLAUDOT","price":2990,"published_date":"2005-10-31T23:00:00.000000Z","support":"Grand format","publisher_availability":1,"stock":0,"editions":[],"url":"https:\/\/quaidesbrumes.com\/ouvrage\/9790043078630\/marche-funebre-dune-marionnette"},{"id":"9790043078838","title":"Sonata","description":null,"authors":["Makholm Joseph"],"category_codes":["6000000","6030000","6031100","6031105"],"visuals":{"large":"https:\/\/quaidesbrumes.com\/img\/book-placeholder.png","medium":"https:\/\/quaidesbrumes.com\/img\/book-placeholder.png","thumbnail":"https:\/\/quaidesbrumes.com\/img\/book-placeholder.png"},"orderable":true,"show_badge":true,"formatted_price":"26,60&nbsp;\u20ac","formatted_published_date":"1er novembre 2005","publisher_availability_label":"Sur commande","short_details":"Makholm Joseph \u2014 GERARD BILLAUDOT","translator":null,"weight":400,"page_count":null,"readership":null,"editor":"GERARD BILLAUDOT","price":2660,"published_date":"2005-10-31T23:00:00.000000Z","support":"Grand format","publisher_availability":1,"stock":0,"editions":[],"url":"https:\/\/quaidesbrumes.com\/ouvrage\/9790043078838\/sonata"},{"id":"9790043078715","title":"Souvenirs d'enfance","description":null,"authors":["Moussorgski Modeste"],"category_codes":["6000000","6030000","6030900","6030903"],"visuals":{"large":"https:\/\/quaidesbrumes.com\/img\/book-placeholder.png","medium":"https:\/\/quaidesbrumes.com\/img\/book-placeholder.png","thumbnail":"https:\/\/quaidesbrumes.com\/img\/book-placeholder.png"},"orderable":true,"show_badge":true,"formatted_price":"28,20&nbsp;\u20ac","formatted_published_date":"1er novembre 2005","publisher_availability_label":"Sur commande","short_details":"Moussorgski Modeste \u2014 GERARD BILLAUDOT","translator":null,"weight":400,"page_count":null,"readership":null,"editor":"GERARD BILLAUDOT","price":2820,"published_date":"2005-10-31T23:00:00.000000Z","support":"Grand format","publisher_availability":1,"stock":0,"editions":[],"url":"https:\/\/quaidesbrumes.com\/ouvrage\/9790043078715\/souvenirs-denfance"},{"id":"9790043077039","title":"Symphonie concertante en sol majeur","description":null,"authors":["Pleyel Ignace"],"category_codes":["6000000","6030000","6031100","6031105"],"visuals":{"large":"https:\/\/quaidesbrumes.com\/img\/book-placeholder.png","medium":"https:\/\/quaidesbrumes.com\/img\/book-placeholder.png","thumbnail":"https:\/\/quaidesbrumes.com\/img\/book-placeholder.png"},"orderable":true,"show_badge":true,"formatted_price":"32,40&nbsp;\u20ac","formatted_published_date":"1er novembre 2005","publisher_availability_label":"Sur commande","short_details":"Pleyel Ignace \u2014 GERARD BILLAUDOT","translator":null,"weight":400,"page_count":null,"readership":null,"editor":"GERARD BILLAUDOT","price":3240,"published_date":"2005-10-31T23:00:00.000000Z","support":"Grand format","publisher_availability":1,"stock":0,"editions":[],"url":"https:\/\/quaidesbrumes.com\/ouvrage\/9790043077039\/symphonie-concertante-en-sol-majeur"},{"id":"9790043078975","title":"Trompette tonic volume 3","description":null,"authors":["Naulais Jera Me"],"category_codes":["6000000","6030000","6030900","6030903"],"visuals":{"large":"https:\/\/quaidesbrumes.com\/img\/book-placeholder.png","medium":"https:\/\/quaidesbrumes.com\/img\/book-placeholder.png","thumbnail":"https:\/\/quaidesbrumes.com\/img\/book-placeholder.png"},"orderable":true,"show_badge":true,"formatted_price":"93,30&nbsp;\u20ac","formatted_published_date":"1er novembre 2005","publisher_availability_label":"Sur commande","short_details":"Naulais Jera Me \u2014 GERARD BILLAUDOT","translator":null,"weight":600,"page_count":null,"readership":null,"editor":"GERARD BILLAUDOT","price":9330,"published_date":"2005-10-31T23:00:00.000000Z","support":"Grand format","publisher_availability":1,"stock":0,"editions":[],"url":"https:\/\/quaidesbrumes.com\/ouvrage\/9790043078975\/trompette-tonic-volume-3"},{"id":"9790043078869","title":"1er solo du 12e concerto en mib majeur","description":null,"authors":["Viotti G. B."],"category_codes":["6000000","6030000","6031100","6031105"],"visuals":{"large":"https:\/\/quaidesbrumes.com\/img\/book-placeholder.png","medium":"https:\/\/quaidesbrumes.com\/img\/book-placeholder.png","thumbnail":"https:\/\/quaidesbrumes.com\/img\/book-placeholder.png"},"orderable":true,"show_badge":true,"formatted_price":"11,10&nbsp;\u20ac","formatted_published_date":"1er octobre 2005","publisher_availability_label":"Sur commande","short_details":"Viotti G. B. \u2014 GERARD BILLAUDOT","translator":null,"weight":200,"page_count":null,"readership":null,"editor":"GERARD BILLAUDOT","price":1110,"published_date":"2005-09-30T22:00:00.000000Z","support":"Grand format","publisher_availability":1,"stock":0,"editions":[],"url":"https:\/\/quaidesbrumes.com\/ouvrage\/9790043078869\/1er-solo-du-12e-concerto-en-mib-majeur"},{"id":"9790043078296","title":"1er solo du 13e concerto en re majeur","description":null,"authors":["Kreutzer Rodolphe"],"category_codes":["6000000","6030000","6031100","6031105"],"visuals":{"large":"https:\/\/quaidesbrumes.com\/img\/book-placeholder.png","medium":"https:\/\/quaidesbrumes.com\/img\/book-placeholder.png","thumbnail":"https:\/\/quaidesbrumes.com\/img\/book-placeholder.png"},"orderable":true,"show_badge":true,"formatted_price":"13,60&nbsp;\u20ac","formatted_published_date":"1er octobre 2005","publisher_availability_label":"Sur commande","short_details":"Kreutzer Rodolphe \u2014 GERARD BILLAUDOT","translator":null,"weight":400,"page_count":null,"readership":null,"editor":"GERARD BILLAUDOT","price":1360,"published_date":"2005-09-30T22:00:00.000000Z","support":"Grand format","publisher_availability":1,"stock":0,"editions":[],"url":"https:\/\/quaidesbrumes.com\/ouvrage\/9790043078296\/1er-solo-du-13e-concerto-en-re-majeur"},{"id":"9790043078302","title":"1er solo du 18e concerto en mi mineur","description":null,"authors":["Kreutzer Rodolphe"],"category_codes":["6000000","6030000","6031100","6031105"],"visuals":{"large":"https:\/\/quaidesbrumes.com\/img\/book-placeholder.png","medium":"https:\/\/quaidesbrumes.com\/img\/book-placeholder.png","thumbnail":"https:\/\/quaidesbrumes.com\/img\/book-placeholder.png"},"orderable":true,"show_badge":true,"formatted_price":"12,30&nbsp;\u20ac","formatted_published_date":"1er octobre 2005","publisher_availability_label":"Sur commande","short_details":"Kreutzer Rodolphe \u2014 GERARD BILLAUDOT","translator":null,"weight":200,"page_count":null,"readership":null,"editor":"GERARD BILLAUDOT","price":1230,"published_date":"2005-09-30T22:00:00.000000Z","support":"Grand format","publisher_availability":1,"stock":0,"editions":[],"url":"https:\/\/quaidesbrumes.com\/ouvrage\/9790043078302\/1er-solo-du-18e-concerto-en-mi-mineur"},{"id":"9790043078319","title":"1er solo du 19e concerto en re mineur","description":null,"authors":["Kreutzer Rodolphe"],"category_codes":["6000000","6030000","6031100","6031105"],"visuals":{"large":"https:\/\/quaidesbrumes.com\/img\/book-placeholder.png","medium":"https:\/\/quaidesbrumes.com\/img\/book-placeholder.png","thumbnail":"https:\/\/quaidesbrumes.com\/img\/book-placeholder.png"},"orderable":true,"show_badge":true,"formatted_price":"12,30&nbsp;\u20ac","formatted_published_date":"1er octobre 2005","publisher_availability_label":"Sur commande","short_details":"Kreutzer Rodolphe \u2014 GERARD BILLAUDOT","translator":null,"weight":200,"page_count":null,"readership":null,"editor":"GERARD BILLAUDOT","price":1230,"published_date":"2005-09-30T22:00:00.000000Z","support":"Grand format","publisher_availability":1,"stock":0,"editions":[],"url":"https:\/\/quaidesbrumes.com\/ouvrage\/9790043078319\/1er-solo-du-19e-concerto-en-re-mineur"},{"id":"9790043078883","title":"1er solo du 22e concerto en re mineur","description":null,"authors":["Viotti G. B."],"category_codes":["6000000","6030000","6031100","6031105"],"visuals":{"large":"https:\/\/quaidesbrumes.com\/img\/book-placeholder.png","medium":"https:\/\/quaidesbrumes.com\/img\/book-placeholder.png","thumbnail":"https:\/\/quaidesbrumes.com\/img\/book-placeholder.png"},"orderable":true,"show_badge":true,"formatted_price":"11,10&nbsp;\u20ac","formatted_published_date":"1er octobre 2005","publisher_availability_label":"Sur commande","short_details":"Viotti G. B. \u2014 GERARD BILLAUDOT","translator":null,"weight":200,"page_count":null,"readership":null,"editor":"GERARD BILLAUDOT","price":1110,"published_date":"2005-09-30T22:00:00.000000Z","support":"Grand format","publisher_availability":1,"stock":0,"editions":[],"url":"https:\/\/quaidesbrumes.com\/ouvrage\/9790043078883\/1er-solo-du-22e-concerto-en-re-mineur"},{"id":"9790043078333","title":"1er solo du 7e concerto en la mineur","description":null,"authors":["Rode Pierre"],"category_codes":["6000000","6030000","6031100","6031105"],"visuals":{"large":"https:\/\/quaidesbrumes.com\/img\/book-placeholder.png","medium":"https:\/\/quaidesbrumes.com\/img\/book-placeholder.png","thumbnail":"https:\/\/quaidesbrumes.com\/img\/book-placeholder.png"},"orderable":true,"show_badge":true,"formatted_price":"13,60&nbsp;\u20ac","formatted_published_date":"1er octobre 2005","publisher_availability_label":"Sur commande","short_details":"Rode Pierre \u2014 GERARD BILLAUDOT","translator":null,"weight":400,"page_count":null,"readership":null,"editor":"GERARD BILLAUDOT","price":1360,"published_date":"2005-09-30T22:00:00.000000Z","support":"Grand format","publisher_availability":1,"stock":0,"editions":[],"url":"https:\/\/quaidesbrumes.com\/ouvrage\/9790043078333\/1er-solo-du-7e-concerto-en-la-mineur"},{"id":"9790043078876","title":"1er solo du concerto na  19","description":null,"authors":["Viotti G. B."],"category_codes":["6000000","6030000","6031100","6031105"],"visuals":{"large":"https:\/\/quaidesbrumes.com\/img\/book-placeholder.png","medium":"https:\/\/quaidesbrumes.com\/img\/book-placeholder.png","thumbnail":"https:\/\/quaidesbrumes.com\/img\/book-placeholder.png"},"orderable":true,"show_badge":true,"formatted_price":"11,70&nbsp;\u20ac","formatted_published_date":"1er octobre 2005","publisher_availability_label":"Sur commande","short_details":"Viotti G. B. \u2014 GERARD BILLAUDOT","translator":null,"weight":200,"page_count":null,"readership":null,"editor":"GERARD BILLAUDOT","price":1170,"published_date":"2005-09-30T22:00:00.000000Z","support":"Grand format","publisher_availability":1,"stock":0,"editions":[],"url":"https:\/\/quaidesbrumes.com\/ouvrage\/9790043078876\/1er-solo-du-concerto-na-19"}]}