{"data":[{"id":"9782491812003","title":"Le dr\u00f4le de voyage de \"Mister Green\"","description":"Rob Greenfield est un \u00e9cologiste plus que pratiquant : extr\u00eame. Son obsession : faire le bien pour la plan\u00e8te. Et cela commence par lui, qui tente de n'avoir aucun impact n\u00e9gatif sur la nature, lors d'un voyage exceptionnel \u00e0 travers les Etats-Unis, en v\u00e9lo. Ce qui signifie ne jamais allumer une lumi\u00e8re ni ouvrir un robinet d'eau, trouver de la nourriture bio et locale, sans emballage, et compter sur la nature pour le reste. \r\nEn 104 jours, il va rejoindre San Francisco au Vermont. Et r\u00e9ussir son pari, non sans de nombreuses p\u00e9rip\u00e9ties. Un voyage initiatique \u00e9cologique au pays de la surconsommation.\r","authors":["Rob Greenfield"],"category_codes":["4000000","4010000","4010200","4010207"],"visuals":{"large":"https:\/\/images.epagine.fr\/003\/9782491812003_1_75.jpg","medium":"https:\/\/images.epagine.fr\/003\/9782491812003_1_m.jpg","thumbnail":"https:\/\/images.epagine.fr\/003\/9782491812003_1_v.jpg"},"orderable":true,"show_badge":true,"formatted_price":"17,90&nbsp;\u20ac","formatted_published_date":"27 mai 2020","publisher_availability_label":"Sur commande","short_details":"Rob Greenfield \u2014 NAUTILUS MEDIAS","translator":null,"weight":309,"page_count":257,"readership":null,"editor":"NAUTILUS MEDIAS","price":1790,"published_date":"2020-05-26T22:00:00.000000Z","support":"Grand format","publisher_availability":1,"stock":0,"editions":[],"url":"https:\/\/quaidesbrumes.com\/ouvrage\/9782491812003\/le-drole-de-voyage-de-mister-green"},{"id":"9782212574210","title":"3 semaines pour diminuer mes d\u00e9chets","description":"Rejoignez le mouvement et enclenchez enfin un processus durable !\r\nR\u00e9duire ses d\u00e9chets, c'est bon pour la plan\u00e8te, pour sa sant\u00e9 et pour le porte-monnaie. Mais comment s'y prendre et surtout ne pas renoncer \u00e0 ses bonnes r\u00e9solutions ? Ce guide pratique vous m\u00e8nera au but en vous \u00e9pargnant bien des pi\u00e8ges, car la difficult\u00e9 est de tenir dans la dur\u00e9e !\r\n\r\nL'auteure vous propose un plan d'action d\u00e9taill\u00e9 et progressif pour vous lancer, sans vous mettre la pression. Avec 50 fiches pratiques simples et efficaces, vous trouverez des alternatives concr\u00e8tes pour le quotidien : courses, cuisine, nettoyage, produits d'entretien, hygi\u00e8ne, maquillage, v\u00eatements, jardin, avec vos enfants ou votre animal de compagnie, en vacances ou \u00e0 la maison... Car les d\u00e9chets sont partout !\r\n\r\nCe que vous allez gagner : l'am\u00e9lioration de votre \u00e9cobilan familial, moins de toxiques et le sentiment exaltant d'\u00eatre acteur de votre vie, de votre sant\u00e9 et de l'avenir de notre plan\u00e8te.\r\n\r\n\"Une oeuvre de colibri qui fait du bien par sa simplicit\u00e9 joyeuse et accessible. Un must !\" Anne Ghesqui\u00e8re, fondatrice du magazine FemininBio et cr\u00e9atrice du podcast M\u00e9tamorphose qui \u00e9veille la conscience.\r","authors":["Marie Touffet"],"category_codes":["4000000","4010000","4010200","4010208"],"visuals":{"large":"https:\/\/images.epagine.fr\/210\/9782212574210_1_75.jpg","medium":"https:\/\/images.epagine.fr\/210\/9782212574210_1_m.jpg","thumbnail":"https:\/\/images.epagine.fr\/210\/9782212574210_1_v.jpg"},"orderable":true,"show_badge":true,"formatted_price":"14,90&nbsp;\u20ac","formatted_published_date":"29 octobre 2020","publisher_availability_label":"Sur commande","short_details":"Marie Touffet \u2014 \u00c9ditions Eyrolles","translator":null,"weight":328,"page_count":224,"readership":null,"editor":"\u00c9ditions Eyrolles","price":1490,"published_date":"2020-10-28T23:00:00.000000Z","support":"Grand format","publisher_availability":1,"stock":0,"editions":[],"url":"https:\/\/quaidesbrumes.com\/ouvrage\/9782212574210\/3-semaines-pour-diminuer-mes-dechets"},{"id":"9782359302424","title":"Pourquoi je suis \u00e9cologiste ?","description":"Depuis maintenant pr\u00e8s de cinquante ans, des femmes et des hommes ont pris au s\u00e9rieux les questions \u00e9cologiques et oeuvrent pour y apporter des r\u00e9ponses. H\u00e9las, dans un syst\u00e8me mondialis\u00e9 o\u00f9 seuls l'\u00e9conomie et le profit priment, il est bien difficile de faire de la sauvegarde l'environnement, un v\u00e9ritable centre d'int\u00e9r\u00eat. Et pourtant, \u00e9tudes apr\u00e8s \u00e9tudes, rencontres apr\u00e8s rencontres, en lisant et regardant beaucoup de donn\u00e9es \u00e0 ce sujet, j'ai d\u00e9couvert la gravit\u00e9 de la situation, et l'urgence dans laquelle nous nous retrouvons. Il faut agir ! Il n'est plus simplement question de r\u00e9agir parce que nous sommes victimes des d\u00e9r\u00e8glements climatiques. Ce livre se veut explicatif sur la situation actuelle, mais aussi sur ses cons\u00e9quences et sur ses origines. Il faut comprendre d'o\u00f9 cela vient et tenter de savoir o\u00f9 cela peut nous mener sur une Terre dont on se rend tragiquement compte qu'elle n'est pas in\u00e9puisable, et qu'on ne peut finalement lui demander que ce qu'elle peut donner au risque de remettre d\u00e9finitivement en cause les biosyst\u00e8mes et l'\u00e9quilibre du monde.\r\n\r\nEn milieu de livre, quatre experts de l'environnement r\u00e9pondent \u00e0 un m\u00eame questionnaire, chacun avec son point de vue, ses positions et ses priorit\u00e9s, mais avec la m\u00eame certitude qu'il est temps qu'ait lieu une v\u00e9ritable prise de conscience \u00e9cologique pour l'avenir de la plan\u00e8te.\r","authors":["Christian Gr\u00e9goire"],"category_codes":["4000000","4010000","4010200","4010208"],"visuals":{"large":"https:\/\/images.epagine.fr\/424\/9782359302424_1_75.jpg","medium":"https:\/\/images.epagine.fr\/424\/9782359302424_1_m.jpg","thumbnail":"https:\/\/images.epagine.fr\/424\/9782359302424_1_v.jpg"},"orderable":true,"show_badge":true,"formatted_price":"12,00&nbsp;\u20ac","formatted_published_date":"1er janvier 2019","publisher_availability_label":"Sur commande","short_details":"Christian Gr\u00e9goire \u2014 Les Points Sur Les I","translator":null,"weight":249,"page_count":112,"readership":null,"editor":"Les Points Sur Les I","price":1200,"published_date":"2018-12-31T23:00:00.000000Z","support":"Grand format","publisher_availability":1,"stock":0,"editions":[],"url":"https:\/\/quaidesbrumes.com\/ouvrage\/9782359302424\/pourquoi-je-suis-ecologiste"},{"id":"9782889531356","title":"Mes merveilleux et efficaces micro-organismes","description":"Dynamiser et r\u00e9g\u00e9n\u00e9rer les sols, renforcer vos plantes, dorloter vos semences, d\u00e9courager les limaces, am\u00e9liorer le fonctionnement digestif, diminuer l'usage des d\u00e9tergents, d\u00e9sodoriser, nourrir vos animaux... L'utilisation des EM promet la pleine sant\u00e9 pour vous et votre jardin. Ils sont un cocktail de bact\u00e9ries et de levures bienfaisantes, pr\u00e9sentes dans la nature.\r\n\r\nCe livre pratique vous r\u00e9v\u00e9lera les \u00e9tapes de la reproduction des micro-organismes et de la composition de produits maison avant de vous inviter \u00e0 les utiliser au quotidien. Les EM, un traitement naturel miracle !\r","authors":["Emmanuelle Bigot"],"category_codes":["4000000","4010000","4010200"],"visuals":{"large":"https:\/\/images.epagine.fr\/356\/9782889531356_1_75.jpg","medium":"https:\/\/images.epagine.fr\/356\/9782889531356_1_m.jpg","thumbnail":"https:\/\/images.epagine.fr\/356\/9782889531356_1_v.jpg"},"orderable":true,"show_badge":true,"formatted_price":"8,90&nbsp;\u20ac","formatted_published_date":"19 f\u00e9vrier 2019","publisher_availability_label":"Sur commande","short_details":"Emmanuelle Bigot \u2014 \u00c9ditions Jouvence","translator":null,"weight":155,"page_count":127,"readership":null,"editor":"\u00c9ditions Jouvence","price":890,"published_date":"2019-02-18T23:00:00.000000Z","support":"Poche","publisher_availability":1,"stock":0,"editions":[],"url":"https:\/\/quaidesbrumes.com\/ouvrage\/9782889531356\/mes-merveilleux-et-efficaces-micro-organismes"},{"id":"9782889534159","title":"Un plan de survie de l'humanit\u00e9 ; les objectifs de d\u00e9veloppement durable","description":"Le monde se trouve dans une inad\u00e9quation profonde entre moyens et besoins, \u00eatre et avoir, aujourd'hui et demain, humanit\u00e9 et nature, Nord et Sud, urgence sociale et urgence environnementale. Le mod\u00e8le de d\u00e9veloppement actuel \u00e9puise la Terre, \u00e9puise les ressources, nous \u00e9puise et accro\u00eet, malgr\u00e9 l'abondance de biens, les in\u00e9galit\u00e9s locales et globales. L'humanit\u00e9 est clairement \u00e0 la crois\u00e9e des chemins, l'un menant \u00e0 une plan\u00e8te viable et vivable, l'autre au chaos.\r\nNous le savons : il nous faut modifier fondamentalement nos fa\u00e7ons de produire et de consommer. Pour prendre la bonne sortie de crise, l'Agenda 2030 des Nations Unies et sa liste des 17 Objectifs de d\u00e9veloppement durable (ODD) nous offrent un outil pr\u00e9cieux pour promouvoir les changements n\u00e9cessaires. A nous de nous en servir !\r","authors":["Ren\u00e9 Longet"],"category_codes":["4000000","4010000","4010200"],"visuals":{"large":"https:\/\/images.epagine.fr\/159\/9782889534159_1_75.jpg","medium":"https:\/\/images.epagine.fr\/159\/9782889534159_1_m.jpg","thumbnail":"https:\/\/images.epagine.fr\/159\/9782889534159_1_v.jpg"},"orderable":true,"show_badge":true,"formatted_price":"16,90&nbsp;\u20ac","formatted_published_date":"18 novembre 2020","publisher_availability_label":"Sur commande","short_details":"Ren\u00e9 Longet \u2014 \u00c9ditions Jouvence","translator":null,"weight":283,"page_count":187,"readership":null,"editor":"\u00c9ditions Jouvence","price":1690,"published_date":"2020-11-17T23:00:00.000000Z","support":"Grand format","publisher_availability":1,"stock":0,"editions":[],"url":"https:\/\/quaidesbrumes.com\/ouvrage\/9782889534159\/un-plan-de-survie-de-lhumanite-les-objectifs-de-developpement-durable"},{"id":"9782742737222","title":"Versailles c\u00f4t\u00e9 jardins","description":"Lorsque je suis venu \u00e0 Versailles pour r\u00e9aliser une \u00e9tude photographique \"classique\" sur des jardins \"classiques\", je n'imaginais pas les surprises qui m'attendaient. Tr\u00e8s vite, gr\u00e2ce \u00e0 ma camera obscura, j'ai saisi les effets d'optique que leurs cr\u00e9ateurs avaient imagin\u00e9s, retranscrit le dialogue entre le ciel et les pi\u00e8ces d'eau, emprisonn\u00e9 le jaillissement imp\u00e9tueux des fontaines. A certains instants, il me semble m\u00eame avoir tutoy\u00e9 des instantan\u00e9s d'Histoire et d'histoires... \r\n  \r\n La nature a \u00e9t\u00e9 ma complice, le soleil, les nuages, le vent et la lune mes alli\u00e9s. \r\n  \r\n Versailles, qui vit au rythme du d\u00e9placement des astres, nous rend spectateurs\/acteurs d'un th\u00e9\u00e2tre cosmique. Du poudroiement de l'aube au feu d'artifice du couchant, de l'heure bleue \u00e0 la nuit \u00e9toil\u00e9e, on est saisi d'une succession d'ambiances et de couleurs variant \u00e0 l'infini. Le pi\u00e8ge \u00e0 lumi\u00e8re que repr\u00e9sente l'appareil photographique n'a aucun besoin d'artifice pour jouer sur la couleur. Les jardins de Versailles ont \u00e9t\u00e9 mon terrain de jeu favori au cours de deux ann\u00e9es. Modeste maillon d'une cha\u00eene d'illustrateurs oeuvrant depuis le XVIIe si\u00e8cle, j'ai eu la chance, saisons et heures diff\u00e9rentes aidant, de tenir la chronique d'un lieu qui ne cessera, au fil des ans, de nous surprendre. \r\n  \r\n Mon unique transgression \u00e0 l'\u00e9tiquette fut de ne pas appr\u00e9hender ces jardins selon la Mani\u00e8re de montrer les jardins de Versailles r\u00e9dig\u00e9e par Louis XIV lui-m\u00eame. J'ai pr\u00e9f\u00e9r\u00e9 me laisser porter par la lumi\u00e8re de l'instant pour mieux retrouver la volont\u00e9 du royal commanditaire, et j'esp\u00e8re vous transmettre, au fil des pages et du temps que vous y verrez passer, la magie de ce lieu.","authors":["B\u00e9atrix Saule","Jean-Baptiste Leroux"],"category_codes":["4000000","4010000","4010300"],"visuals":{"large":"https:\/\/images.epagine.fr\/222\/9782742737222_1_75.jpg","medium":"https:\/\/images.epagine.fr\/222\/9782742737222_1_m.jpg","thumbnail":"https:\/\/images.epagine.fr\/222\/9782742737222_1_v.jpg"},"orderable":true,"show_badge":true,"formatted_price":"13,70&nbsp;\u20ac","formatted_published_date":"19 septembre 2002","publisher_availability_label":"Sur commande","short_details":"B\u00e9atrix Saule, Jean-Baptiste Leroux \u2014 Actes Sud","translator":null,"weight":1000,"page_count":400,"readership":null,"editor":"Actes Sud","price":1370,"published_date":"2002-09-18T22:00:00.000000Z","support":"Grand format","publisher_availability":1,"stock":0,"editions":[],"url":"https:\/\/quaidesbrumes.com\/ouvrage\/9782742737222\/versailles-cote-jardins"},{"id":"9782373751109","title":"Vivre avec les for\u00eats tropicales","description":"Cet ouvrage nous rappelle qu'il est urgent de consid\u00e9rer les for\u00eats tropicales comme des entit\u00e9s ayant \u00e9volu\u00e9 depuis pr\u00e8s de 400?millions d'ann\u00e9es \u00e0 travers les modifications de l'agencement des continents, les fluctuations climatiques, les interactions avec animaux et micro-organismes puis, depuis quelques dizaines de milliers d'ann\u00e9es seulement, avec l'impact des \u00eatres humains.\r\n\r\nPlut\u00f4t que de d\u00e9battre des nuisances ou des \u00e9ventuels bienfaits de l'activit\u00e9 humaine, l'ouvrage nous pr\u00e9sente, par des petits chapitres concis et parfaitement document\u00e9s, la diversit\u00e9 et la complexit\u00e9 de ces relations entre les hommes et leur milieu ambiant.\r\n\r\nTout au long de l'ouvrage, nous comprenons que la protection des for\u00eats tropicales ne peut se faire sans l'implication directe des populations qui y vivent depuis des temps bien sup\u00e9rieurs \u00e0 leur d\u00e9couverte par les Occidentaux. Certes, l'\u00e9tablissement de r\u00e9seaux d'aires prot\u00e9g\u00e9es est n\u00e9cessaire mais comment esp\u00e9rer une protection et une restauration \u00e0 long terme si les populations locales ne retrouvent pas la gestion des espaces forestiers juxtapos\u00e9s aux espaces d\u00e9di\u00e9s aux cultures vivri\u00e8res ? C'est gr\u00e2ce \u00e0 cette gestion raisonn\u00e9e que l'impact des fluctuations climatiques sur les for\u00eats pourra s'att\u00e9nuer.\r\n\r\nIl faut souhaiter qu'un nouveau bilan \u00e9tabli d'ici une ou deux d\u00e9cennies r\u00e9v\u00e9lera qu'il n'\u00e9tait pas trop tard de publier ce livre et que toutes les forces cr\u00e9atives et respectueuses ouvriront conjointement les voies d'un avenir plus vert ?\r","authors":["Charles Doumenge","Valery Gond","Plinio Sist","Jacques Tassin","Jean-Francois Trebuchon","Patrick Blanc"],"category_codes":["4000000","4010000","4010300"],"visuals":{"large":"https:\/\/images.epagine.fr\/109\/9782373751109_1_75.jpg","medium":"https:\/\/images.epagine.fr\/109\/9782373751109_1_m.jpg","thumbnail":"https:\/\/images.epagine.fr\/109\/9782373751109_1_v.jpg"},"orderable":true,"show_badge":true,"formatted_price":"34,50&nbsp;\u20ac","formatted_published_date":"10 juin 2021","publisher_availability_label":"Sur commande","short_details":"Charles Doumenge, Valery Gond, Plinio Sist, Jacques Tassin, Jean-Francois Trebuchon, Patrick Blanc \u2014 Museo","translator":null,"weight":1232,"page_count":216,"readership":null,"editor":"Museo","price":3450,"published_date":"2021-06-09T22:00:00.000000Z","support":"Grand format","publisher_availability":1,"stock":0,"editions":[],"url":"https:\/\/quaidesbrumes.com\/ouvrage\/9782373751109\/vivre-avec-les-forets-tropicales"},{"id":"9782130882442","title":"Plaidoyer contre la \"d\u00e9fense de l'environnement\"","description":null,"authors":["Jacques Ellul","Beno\u00eet Sibille"],"category_codes":["4000000","4010000","4010200"],"visuals":{"large":"https:\/\/quaidesbrumes.com\/img\/book-placeholder.png","medium":"https:\/\/quaidesbrumes.com\/img\/book-placeholder.png","thumbnail":"https:\/\/quaidesbrumes.com\/img\/book-placeholder.png"},"orderable":false,"show_badge":true,"formatted_price":"10,00&nbsp;\u20ac","formatted_published_date":"24 septembre 2026","publisher_availability_label":"\u00c0 para\u00eetre","short_details":"Jacques Ellul, Beno\u00eet Sibille \u2014 PUF","translator":null,"weight":0,"page_count":112,"readership":null,"editor":"PUF","price":1000,"published_date":"2026-09-23T22:00:00.000000Z","support":"Grand format","publisher_availability":2,"stock":0,"editions":[],"url":"https:\/\/quaidesbrumes.com\/ouvrage\/9782130882442\/plaidoyer-contre-la-defense-de-lenvironnement"},{"id":"9782130882947","title":"L'\u00e9cologie contre l'environnement","description":null,"authors":["Victor Petit","Augustin Berque"],"category_codes":["4000000","4010000","4010200"],"visuals":{"large":"https:\/\/quaidesbrumes.com\/img\/book-placeholder.png","medium":"https:\/\/quaidesbrumes.com\/img\/book-placeholder.png","thumbnail":"https:\/\/quaidesbrumes.com\/img\/book-placeholder.png"},"orderable":false,"show_badge":true,"formatted_price":"22,00&nbsp;\u20ac","formatted_published_date":"17 septembre 2026","publisher_availability_label":"\u00c0 para\u00eetre","short_details":"Victor Petit, Augustin Berque \u2014 PUF","translator":null,"weight":0,"page_count":208,"readership":null,"editor":"PUF","price":2200,"published_date":"2026-09-16T22:00:00.000000Z","support":"Grand format","publisher_availability":2,"stock":0,"editions":[],"url":"https:\/\/quaidesbrumes.com\/ouvrage\/9782130882947\/lecologie-contre-lenvironnement"},{"id":"9781784057831","title":"Photovolta\u00efsme, agriculture et \u00e9cologie : de l'agrivolta\u00efsme \u00e0 l'\u00e9covolta\u00efsme","description":"\"L'un des d\u00e9fis de notre soci\u00e9t\u00e9 moderne est de r\u00e9ussir \u00e0 concilier demande \u00e9nerg\u00e9tique croissante, pression d\u00e9mographique et alimentaire, urgence \u00e9cologique et environnementale.\r\n\r\nCet ouvrage propose une mise au point sur un sujet en \u00e9volution rapide, celui d'un photovolta\u00efsme moderne capable de combiner transition \u00e9nerg\u00e9tique et \u00e9cologique.\r\n\r\nSi le solaire photovolta\u00efque est une solution technique bien \u00e9prouv\u00e9e en mati\u00e8re \u00e9nerg\u00e9tique, son d\u00e9veloppement peut rentrer en concurrence d'usages avec les sols agricoles ou les sites naturels. De nouvelles solutions sont en pleine \u00e9mergence : l'implantation des parcs photovolta\u00efques sur des friches industrielles, l'agrivolta\u00efsme, qui concilie activit\u00e9 agricole et production \u00e9nerg\u00e9tique sur une m\u00eame surface, et l'\u00e9covolta\u00efsme, qui permet de valoriser les surfaces non exploit\u00e9es sous les panneaux solaires, en d\u00e9veloppant des solutions \u00e9cologiques capables de rendre des services \u00e0 la nature.\r\n\r\nCes innovations s'inscrivent dans la n\u00e9cessit\u00e9 de pr\u00e9server les \u00e9cosyst\u00e8mes terrestres et aquatiques, d'enrayer le d\u00e9clin de la biodiversit\u00e9 animale et v\u00e9g\u00e9tale, et finalement de participer \u00e0 l'\u00e9laboration d'un nouveau mode de d\u00e9veloppement durable et d'\u00e9conomie verte.\"\r","authors":["Lucie Cases","Claude Grison","Martine Hossaert-mckey","Maylis Le Moigne"],"category_codes":["4000000","4010000","4010200","4010208"],"visuals":{"large":"https:\/\/images.epagine.fr\/831\/9781784057831_1_75.jpg","medium":"https:\/\/images.epagine.fr\/831\/9781784057831_1_m.jpg","thumbnail":"https:\/\/images.epagine.fr\/831\/9781784057831_1_v.jpg"},"orderable":true,"show_badge":true,"formatted_price":"50,64&nbsp;\u20ac","formatted_published_date":"16 juillet 2021","publisher_availability_label":"Sur commande","short_details":"Lucie Cases, Claude Grison, Martine Hossaert-mckey, Maylis Le Moigne \u2014 Iste","translator":null,"weight":0,"page_count":172,"readership":null,"editor":"Iste","price":5064,"published_date":"2021-07-15T22:00:00.000000Z","support":"Grand format","publisher_availability":1,"stock":0,"editions":[],"url":"https:\/\/quaidesbrumes.com\/ouvrage\/9781784057831\/photovoltaisme-agriculture-et-ecologie-de-lagrivoltaisme-a-lecovoltaisme"},{"id":"9791095743811","title":"Les visiteurs du ciel : Guide m\u00e9t\u00e9o pour les sports a\u00e9riens","description":"Depuis plus de trente-cinq ans, Les Visiteurs du ciel s'impose comme l'ouvrage de r\u00e9f\u00e9rence en m\u00e9t\u00e9orologie pour les sports de l'air. Con\u00e7u sp\u00e9cifiquement pour les pilotes \u00e9voluant \u00e0 faible vitesse dans les basses couches de l'atmosph\u00e8re, ce manuel s'adresse en priorit\u00e9 aux pratiquants de parapente, de delta, de planeur rigide, d'ULM, de ballon et de kite. Les pilotes d'avion l\u00e9ger et de planeur y trouveront \u00e9galement des compl\u00e9ments essentiels \u00e0 leur formation. Cette nouvelle \u00e9dition enti\u00e8rement r\u00e9\u00e9crite et actualis\u00e9e tient compte des profondes \u00e9volutions du climat, du mat\u00e9riel, des pratiques et surtout des outils modernes de pr\u00e9vision m\u00e9t\u00e9orologique accessibles sur internet. Si les lois fondamentales de l'atmosph\u00e8re demeurent, leur lecture et leur interpr\u00e9tation ont chang\u00e9 : l'ouvrage propose ainsi une approche claire et p\u00e9dagogique des nouveaux services, sites et applications m\u00e9t\u00e9o. Con\u00e7u comme un v\u00e9ritable guide de terrain, le livre associe explications th\u00e9oriques, photos, sch\u00e9mas explicatifs et conseils pratiques. Il aborde en profondeur l'a\u00e9rologie \u00e0 petite \u00e9chelle, la turbulence, le vol thermique, la formation des fronts, la pratique en montagne et les sp\u00e9cifi cit\u00e9s du ciel fran\u00e7ais. Un glossaire d\u00e9taill\u00e9 et index\u00e9 permet de trouver rapidement l'information recherch\u00e9e et favorise une lecture transversale. Fid\u00e8le \u00e0 l'esprit des Visiteurs du ciel, l'ouvrage fait une large place aux t\u00e9moignages, anecdotes et retours d'exp\u00e9rience, rappelant qu'\u00e0 c\u00f4t\u00e9 de la m\u00e9t\u00e9orologie scientifi que existe une v\u00e9ritable culture empirique de la m\u00e9t\u00e9o, indispensable \u00e0 la performance comme \u00e0 la s\u00e9curit\u00e9. Au fi l des pages se dessine \u00e9galement toute l'histoire de l'aviation ultral\u00e9g\u00e8re et des sports a\u00e9riens. Fruit de l'exp\u00e9rience de Hubert Aupetit, pilote et observateur du ciel depuis plus d'un demi-si\u00e8cle, Les Visiteurs du ciel est bien plus qu'un manuel : c'est une transmission vivante et passionn\u00e9e de la connaissance du ciel, destin\u00e9e \u00e0 tous ceux qui volent... et veulent comprendre.","authors":["Hubert Aupetit"],"category_codes":["4000000","4010000","4010500","4010505"],"visuals":{"large":"https:\/\/images.epagine.fr\/811\/9791095743811_1_75.jpg","medium":"https:\/\/images.epagine.fr\/811\/9791095743811_1_m.jpg","thumbnail":"https:\/\/images.epagine.fr\/811\/9791095743811_1_v.jpg"},"orderable":true,"show_badge":true,"formatted_price":"42,00&nbsp;\u20ac","formatted_published_date":"17 mars 2026","publisher_availability_label":"Sur commande","short_details":"Hubert Aupetit \u2014 \u00c9ditions du Chemin des Cr\u00eates","translator":null,"weight":830,"page_count":null,"readership":null,"editor":"\u00c9ditions du Chemin des Cr\u00eates","price":4200,"published_date":"2026-03-16T23:00:00.000000Z","support":"Grand format","publisher_availability":1,"stock":0,"editions":[],"url":"https:\/\/quaidesbrumes.com\/ouvrage\/9791095743811\/les-visiteurs-du-ciel-guide-meteo-pour-les-sports-aeriens"},{"id":"9781908745828","title":"Surfacing","description":"Collective Winner of the 2019 Highland Book Prize\r\nUnder the ravishing light of an Alaskan sky, objects are spilling from the thawing tundra linking a Yup'ik village to its hunter-gatherer past. In the shifting sand dunes of a Scottish shoreline, impressively preserved hearths and homes of Neolithic farmers are uncovered. In a grandmother's disordered mind, memories surface of a long-ago mining accident and a 'mither who was kind'.\r\nFor this luminous new essay collection, acclaimed author Kathleen Jamie visits archaeological sites and mines her own memories - of her grandparents, of youthful travels - to explore what surfaces and what reconnects us to our past. As always she looks to the natural world for her markers and guides. Most movingly, she considers, as her father dies, and her children leave home, the surfacing of an older, less tethered\r\nsense of herself.\r\nSurfacing offers a profound sense of time passing and an antidote to all that is instant, ephemeral, unrooted.","authors":["Kathleen Jamie"],"category_codes":["1000000","1090000"],"visuals":{"large":"https:\/\/quaidesbrumes.com\/img\/book-placeholder.png","medium":"https:\/\/quaidesbrumes.com\/img\/book-placeholder.png","thumbnail":"https:\/\/quaidesbrumes.com\/img\/book-placeholder.png"},"orderable":true,"show_badge":true,"formatted_price":"15,40&nbsp;\u20ac","formatted_published_date":"1er juillet 2020","publisher_availability_label":"Sur commande","short_details":"Kathleen Jamie \u2014 Sort Of Books","translator":null,"weight":294,"page_count":240,"readership":null,"editor":"Sort Of Books","price":1540,"published_date":"2020-06-30T22:00:00.000000Z","support":"Poche","publisher_availability":1,"stock":0,"editions":[],"url":"https:\/\/quaidesbrumes.com\/ouvrage\/9781908745828\/surfacing"},{"id":"9791030106510","title":"La Boussole c\u00e9leste du papillon","description":"Les papillons Bogong se guident gr\u00e2ce aux \u00e9toiles. Quand vous buvez un verre d'eau, il y a de fortes chances qu'un dinosaure ait bu la m\u00eame. Le temps d'un clin d'oeil, la Terre a parcouru des millions de kilom\u00e8tres, sans que vous preniez conscience de cet invisible voyage.\r\n\r\nUn livre-voyage dans l'espace et le temps, un livre pour prendre le temps de s'\u00e9merveiller.\r\nPour la s\u00e9rie radiophonique \"Le monde merveilleux du vivant', Benoit Prospero a interrog\u00e9 les plus grands scientifiques contemporains. Il transmet, au cours de ces moments de suspension sonores, un enthousiasme irr\u00e9sistible pour les innombrables secrets que rec\u00e8le le monde qui nous entoure.\r\n\r\nPour la premi\u00e8re fois, il se fait compositeur d'une magistrale symphonie du vivant en quatre mouvements :\r\nI. \" Un grain de poussi\u00e8re suspendu dans un rayon de soleil \" nous immerge dans la vertigineuse naissance de l'univers.\r\nII. \" Une br\u00e8ve histoire de la vie \". Comment d'une cellule unique, sont n\u00e9s l'int\u00e9gralit\u00e9 des \u00eatres vivants ? et quelle place occupons-nous parmi les millions d'autres esp\u00e8ces qui tissent la famille immense de la Terre ?\r\nIII. \" La boussole c\u00e9leste du papillon \". Deux pieds de tomates peuvent communiquer entre eux, la pieuvre peut changer de couleur alors qu'elle ne voit pas... les couleurs. De surprises en r\u00e9v\u00e9lations merveilleuses, les miracles ordinaires \u00e9blouissent.\r\nIV. \" Un autre regard \" . Huit pauses, Huit m\u00e9ditations. Boire un verre d'eau, et prendre conscience que c'est la m\u00eame eau qu'ont bue les dinosaures. Mettre les mains dans la terre, et voir son esprit s'apaiser ou r\u00e9fl\u00e9chir \u00e0 l'id\u00e9e qu'on ne meurt jamais vraiment.\r\n\r\nVous, moi, un brin d'herbe, une \u00e9toile morte il y a un milliard d'ann\u00e9es. Nous sommes faits des m\u00eames \u00e9l\u00e9ments.\r\n\r\nEt tout ceci est bien r\u00e9el.\r\n\r\nBienvenue dans le monde merveilleux du vivant.","authors":["Beno\u00eet Prospero"],"category_codes":["4000000","4010000","4010200","4010207"],"visuals":{"large":"https:\/\/images.epagine.fr\/510\/9791030106510_1_75.jpg","medium":"https:\/\/images.epagine.fr\/510\/9791030106510_1_m.jpg","thumbnail":"https:\/\/images.epagine.fr\/510\/9791030106510_1_v.jpg"},"orderable":false,"show_badge":true,"formatted_price":"21,90&nbsp;\u20ac","formatted_published_date":"28 mai 2026","publisher_availability_label":"\u00c0 para\u00eetre","short_details":"Beno\u00eet Prospero \u2014 Tana \u00c9ditions","translator":null,"weight":0,"page_count":128,"readership":null,"editor":"Tana \u00c9ditions","price":2190,"published_date":"2026-05-27T22:00:00.000000Z","support":"Grand format","publisher_availability":2,"stock":0,"editions":[],"url":"https:\/\/quaidesbrumes.com\/ouvrage\/9791030106510\/la-boussole-celeste-du-papillon"},{"id":"9782130868941","title":"Dictionnaire des droits de la nature","description":null,"authors":["Marie-Sophie De Clippele","Delphine Misonne","Sacha Bourgeois-Gironde"],"category_codes":["4000000","4010000","4010200"],"visuals":{"large":"https:\/\/quaidesbrumes.com\/img\/book-placeholder.png","medium":"https:\/\/quaidesbrumes.com\/img\/book-placeholder.png","thumbnail":"https:\/\/quaidesbrumes.com\/img\/book-placeholder.png"},"orderable":false,"show_badge":true,"formatted_price":"38,00&nbsp;\u20ac","formatted_published_date":"17 septembre 2026","publisher_availability_label":"\u00c0 para\u00eetre","short_details":"Marie-Sophie De Clippele, Delphine Misonne, Sacha Bourgeois-Gironde \u2014 PUF","translator":null,"weight":0,"page_count":null,"readership":null,"editor":"PUF","price":3800,"published_date":"2026-09-16T22:00:00.000000Z","support":"Grand format","publisher_availability":2,"stock":0,"editions":[],"url":"https:\/\/quaidesbrumes.com\/ouvrage\/9782130868941\/dictionnaire-des-droits-de-la-nature"}]}