{"data":[{"id":"9782737393341","title":"Champignons, le guide de poche 2027 - nouvelle edition","description":null,"authors":["Eyssartier Guillaume"],"category_codes":["4000000","4010000","4010400","4010403"],"visuals":{"large":"https:\/\/quaidesbrumes.com\/img\/book-placeholder.png","medium":"https:\/\/quaidesbrumes.com\/img\/book-placeholder.png","thumbnail":"https:\/\/quaidesbrumes.com\/img\/book-placeholder.png"},"orderable":false,"show_badge":true,"formatted_price":"6,90&nbsp;\u20ac","formatted_published_date":"28 ao\u00fbt 2026","publisher_availability_label":"\u00c0 para\u00eetre","short_details":"Eyssartier Guillaume \u2014 \u00c9ditions Ouest-France","translator":null,"weight":0,"page_count":null,"readership":null,"editor":"\u00c9ditions Ouest-France","price":690,"published_date":"2026-08-27T22:00:00.000000Z","support":"Grand format","publisher_availability":2,"stock":0,"editions":[],"url":"https:\/\/quaidesbrumes.com\/ouvrage\/9782737393341\/champignons-le-guide-de-poche-2027-nouvelle-edition"},{"id":"9782737393358","title":"Le grand livre des champignons 2027 - nouvelle edition","description":null,"authors":["Eyssartier Guillaume"],"category_codes":["4000000","4010000","4010400","4010403"],"visuals":{"large":"https:\/\/quaidesbrumes.com\/img\/book-placeholder.png","medium":"https:\/\/quaidesbrumes.com\/img\/book-placeholder.png","thumbnail":"https:\/\/quaidesbrumes.com\/img\/book-placeholder.png"},"orderable":false,"show_badge":true,"formatted_price":"25,00&nbsp;\u20ac","formatted_published_date":"28 ao\u00fbt 2026","publisher_availability_label":"\u00c0 para\u00eetre","short_details":"Eyssartier Guillaume \u2014 \u00c9ditions Ouest-France","translator":null,"weight":0,"page_count":null,"readership":null,"editor":"\u00c9ditions Ouest-France","price":2500,"published_date":"2026-08-27T22:00:00.000000Z","support":"Grand format","publisher_availability":2,"stock":0,"editions":[],"url":"https:\/\/quaidesbrumes.com\/ouvrage\/9782737393358\/le-grand-livre-des-champignons-2027-nouvelle-edition"},{"id":"9782817713069","title":"Sangliers. une passion - nouvelle edition","description":null,"authors":["Cabanau","Lardos"],"category_codes":["4000000","4010000","4010500","4010502"],"visuals":{"large":"https:\/\/quaidesbrumes.com\/img\/book-placeholder.png","medium":"https:\/\/quaidesbrumes.com\/img\/book-placeholder.png","thumbnail":"https:\/\/quaidesbrumes.com\/img\/book-placeholder.png"},"orderable":false,"show_badge":true,"formatted_price":"24,90&nbsp;\u20ac","formatted_published_date":"28 ao\u00fbt 2026","publisher_availability_label":"\u00c0 para\u00eetre","short_details":"Cabanau, Lardos \u2014 Sud Ouest","translator":null,"weight":0,"page_count":null,"readership":null,"editor":"Sud Ouest","price":2490,"published_date":"2026-08-27T22:00:00.000000Z","support":"Grand format","publisher_availability":2,"stock":0,"editions":[],"url":"https:\/\/quaidesbrumes.com\/ouvrage\/9782817713069\/sangliers-une-passion-nouvelle-edition"},{"id":"9791096472161","title":"Balade au pays du vivant","description":"Balade au pays du vivant est un voyage photographique au coeur de la nature discr\u00e8te, celle qui ne se r\u00e9v\u00e8le qu'\u00e0 ceux qui savent ralentir, \u00e9couter et regarder. Philippe Humbert y d\u00e9ploie un regard patient, attentif, forg\u00e9 au fil de d\u00e9cennies d'immersion dans les for\u00eats, les p\u00e2turages et les reliefs du Jura vaudois. Chaque image est une rencontre. Chaque sc\u00e8ne est un moment suspendu o\u00f9 l'animal, l'ombre, la lumi\u00e8re et le silence composent une histoire.\r\nDe la couleuvre \u00e0 la bergeronnette, du lynx au grand t\u00e9tras, du chamois \u00e0 la Pi\u00e9ride du navet, les \u00eatres qui peuplent cet ouvrage ne sont pas des \u00ab sujets \u00bb : ce sont des pr\u00e9sences. Certaines furtives, d'autres majestueuses, toutes essentielles \u00e0 l'\u00e9quilibre du vivant. Philippe Humbert les observe avec une distance juste, celle du respect et de l'\u00e9merveillement, laissant \u00e0 chacun l'espace d'exister sans artifice. Les textes qui accompagnent les images prolongent cette approche sensible. Ils ne d\u00e9crivent pas, ils \u00e9voquent. Ils ne d\u00e9montrent pas, ils invitent \u00e0 entrer dans un rythme, une respiration, une fa\u00e7on de percevoir le monde naturel.\r\nLe livre trace ainsi une trajectoire : des eaux dormantes aux cimes alpines, des sous-bois ombrag\u00e9s aux berges lumineuses des ruisseaux. On y croise le glissement silencieux d'une tortue des marais, la danse a\u00e9rienne du martin-p\u00eacheur, l'\u00e9lan puissant du daim, l'ombre insaisissable du chat sauvage ou la pr\u00e9sence rare du grand t\u00e9tras, esprit ancien des for\u00eats. Chaque esp\u00e8ce est montr\u00e9e sans emphase, dans son geste simple, dans sa v\u00e9rit\u00e9.\r\nAu-del\u00e0 de l'esth\u00e9tique, Balade au pays du vivant raconte un rapport intime \u00e0 la nature. Celui d'un homme qui, depuis son installation \u00e0 Marchissy en 1976, a fait de ses marches et de ses entra\u00eenements des instants de contemplation, jusqu'\u00e0 ce que la photographie devienne le prolongement naturel de cet \u00e9merveillement. L'appareil photo n'est ici ni une arme ni un troph\u00e9e ; il est un outil de transmission. Ce que Philippe Humbert capture, c'est un \u00e9clat de vie, un passage, une vibration.\r\nL'ensemble compose un livre coh\u00e9rent, qui ne cherche ni l'exploit ni la raret\u00e9 pour elle-m\u00eame, mais l'harmonie entre pr\u00e9sence humaine et monde sauvage. C'est une invitation \u00e0 retrouver le sens du d\u00e9tail, de la lenteur, de l'\u00e9coute. Une invitation \u00e0 reconna\u00eetre la beaut\u00e9 du vivant, dans sa fragilit\u00e9 et sa puissance.\r\nBalade au pays du vivant n'est pas seulement un recueil d'images : c'est une mani\u00e8re d'habiter le monde. Un monde o\u00f9 chaque battement d'aile, chaque fr\u00e9missement de feuilles, chaque trace sur la mousse rappelle","authors":["Philippe Humbert","Samuel Stemmer"],"category_codes":["4000000","4010000"],"visuals":{"large":"https:\/\/images.epagine.fr\/161\/9791096472161_1_75.jpg","medium":"https:\/\/images.epagine.fr\/161\/9791096472161_1_m.jpg","thumbnail":"https:\/\/images.epagine.fr\/161\/9791096472161_1_v.jpg"},"orderable":true,"show_badge":true,"formatted_price":"14,50&nbsp;\u20ac","formatted_published_date":"16 d\u00e9cembre 2025","publisher_availability_label":"Sur commande","short_details":"Philippe Humbert, Samuel Stemmer \u2014 As3","translator":null,"weight":200,"page_count":76,"readership":null,"editor":"As3","price":1450,"published_date":"2025-12-15T23:00:00.000000Z","support":"Grand format","publisher_availability":1,"stock":0,"editions":[],"url":"https:\/\/quaidesbrumes.com\/ouvrage\/9791096472161\/balade-au-pays-du-vivant"},{"id":"9782875510488","title":"Etopia 13. les archives en mouvement","description":"La signification, la mission et le r\u00f4le conf\u00e9r\u00e9s aux archives ont consid\u00e9rablement \u00e9volu\u00e9, non seulement dans les techniques mises en oeuvre, mais aussi parce que l'information, dans un monde de r\u00e9seaux, doit \u00eatre accessible rapidement et pour le plus grand nombre.\r\nLe treizi\u00e8me num\u00e9ro de la revue Etopia est consacr\u00e9 \u00e0 cette question, et plus particuli\u00e8rement au r\u00f4le des archives \u00e9cologistes en Europe et \u00e0 l'histoire des mouvements environnementaux.\r","authors":["Collectif"],"category_codes":["4000000","4010000","4010300"],"visuals":{"large":"https:\/\/images.epagine.fr\/488\/9782875510488_1_75.jpg","medium":"https:\/\/images.epagine.fr\/488\/9782875510488_1_m.jpg","thumbnail":"https:\/\/images.epagine.fr\/488\/9782875510488_1_v.jpg"},"orderable":true,"show_badge":true,"formatted_price":"8,00&nbsp;\u20ac","formatted_published_date":"1er d\u00e9cembre 2013","publisher_availability_label":"Sur commande","short_details":"Collectif \u2014 Editions Namuroises","translator":null,"weight":200,"page_count":null,"readership":null,"editor":"Editions Namuroises","price":800,"published_date":"2013-11-30T23:00:00.000000Z","support":"Grand format","publisher_availability":1,"stock":0,"editions":[],"url":"https:\/\/quaidesbrumes.com\/ouvrage\/9782875510488\/etopia-13-les-archives-en-mouvement"},{"id":"9782951549555","title":"Fleurs de Lorraine, nos ambassadrices, nos embl\u00e9matiques","description":null,"authors":["Collectif"],"category_codes":["4000000","4010000","4010400"],"visuals":{"large":"https:\/\/images.epagine.fr\/555\/9782951549555_1_75.jpg","medium":"https:\/\/images.epagine.fr\/555\/9782951549555_1_m.jpg","thumbnail":"https:\/\/images.epagine.fr\/555\/9782951549555_1_v.jpg"},"orderable":true,"show_badge":true,"formatted_price":"13,50&nbsp;\u20ac","formatted_published_date":"15 septembre 2008","publisher_availability_label":"Sur commande","short_details":"Collectif \u2014 Chatel","translator":null,"weight":297,"page_count":80,"readership":null,"editor":"Chatel","price":1350,"published_date":"2008-09-14T22:00:00.000000Z","support":"Grand format","publisher_availability":1,"stock":0,"editions":[],"url":"https:\/\/quaidesbrumes.com\/ouvrage\/9782951549555\/fleurs-de-lorraine-nos-ambassadrices-nos-emblematiques"},{"id":"9782742722969","title":"Le livre d'or","description":null,"authors":["Guidieri Remo"],"category_codes":["4000000","4010000","4010300"],"visuals":{"large":"https:\/\/images.epagine.fr\/969\/9782742722969_1_75.jpg","medium":"https:\/\/images.epagine.fr\/969\/9782742722969_1_m.jpg","thumbnail":"https:\/\/images.epagine.fr\/969\/9782742722969_1_v.jpg"},"orderable":true,"show_badge":true,"formatted_price":"12,30&nbsp;\u20ac","formatted_published_date":"8 juillet 1999","publisher_availability_label":"Sur commande","short_details":"Guidieri Remo \u2014 Actes Sud","translator":null,"weight":70,"page_count":null,"readership":null,"editor":"Actes Sud","price":1230,"published_date":"1999-07-07T22:00:00.000000Z","support":"Grand format","publisher_availability":1,"stock":0,"editions":[],"url":"https:\/\/quaidesbrumes.com\/ouvrage\/9782742722969\/le-livre-dor"},{"id":"9782374251202","title":"Mon quotidien z\u00e9ro d\u00e9chet","description":"Soucieuse de l'environnement et de sa sant\u00e9, St\u00e9phanie Faustin s'est toujours int\u00e9ress\u00e9e \u00e0 l'\u00e9cologie : au fil des ann\u00e9es, elle a nourri sa r\u00e9flexion et a adopt\u00e9 petit \u00e0 petit un mode de vie plus sain et plus simple.\r\nAvec ce guide pratique, elle souhaite partager son exp\u00e9rience : pourquoi a-t-elle choisi de changer son comportement et ses habitudes ?\r\nComment m\u00e8ne-t-elle aujourd'hui une d\u00e9marche minimaliste ?\r\nSur un ton complice, elle explique les diff\u00e9rents gestes qui rythment d\u00e9sormais son quotidien et lui permettent de r\u00e9duire ses d\u00e9chets.\r\nChacune des trois parties - \u00ab Alimentation \u00bb, \u00ab Entretien, hygi\u00e8ne et beaut\u00e9 \u00bb et \u00ab Autres domaines \u00bb - d\u00e9taille les actions que St\u00e9phanie Faustin r\u00e9alise au quotidien et les raisons qui motivent son choix : acheter des produits en vrac ; manger bio ; fabriquer ses produits m\u00e9nagers ;\r\nPrivil\u00e9gier les cosm\u00e9tiques solides ; remplacer les objets jetables par d'autres, durables (lingettes lavables, coupe menstruelle, etc.)...\r\nPour r\u00e9sumer : r\u00e9utiliser plut\u00f4t que gaspiller !\r\nIllustr\u00e9 avec humour par Angel Anji, le livre est rythm\u00e9 par de nombreuses astuces, sous forme de conseils pratiques ou de recettes, pour encourager chacun \u00e0 passer \u00e0 un quotidien z\u00e9ro d\u00e9chet.\r","authors":["St\u00e9phanie Faustin"],"category_codes":["4000000","4010000","4010200"],"visuals":{"large":"https:\/\/images.epagine.fr\/202\/9782374251202_1_75.jpg","medium":"https:\/\/images.epagine.fr\/202\/9782374251202_1_m.jpg","thumbnail":"https:\/\/images.epagine.fr\/202\/9782374251202_1_v.jpg"},"orderable":true,"show_badge":true,"formatted_price":"13,90&nbsp;\u20ac","formatted_published_date":"5 juillet 2018","publisher_availability_label":"Sur commande","short_details":"St\u00e9phanie Faustin \u2014 Rue de l''\u00e9chiquier","translator":null,"weight":314,"page_count":112,"readership":null,"editor":"Rue de l''\u00e9chiquier","price":1390,"published_date":"2018-07-04T22:00:00.000000Z","support":"Grand format","publisher_availability":1,"stock":0,"editions":[],"url":"https:\/\/quaidesbrumes.com\/ouvrage\/9782374251202\/mon-quotidien-zero-dechet"},{"id":"9782130863496","title":"La biodiversit\u00e9 : Une enqu\u00eate de la revue La Pens\u00e9e \u00e9cologique","description":null,"authors":["Denis Couvet","Dominique Bourg"],"category_codes":["4000000","4010000","4010200"],"visuals":{"large":"https:\/\/images.epagine.fr\/496\/9782130863496_1_75.jpg","medium":"https:\/\/images.epagine.fr\/496\/9782130863496_1_m.jpg","thumbnail":"https:\/\/images.epagine.fr\/496\/9782130863496_1_v.jpg"},"orderable":false,"show_badge":true,"formatted_price":"18,00&nbsp;\u20ac","formatted_published_date":"21 mai 2026","publisher_availability_label":"\u00c0 para\u00eetre","short_details":"Denis Couvet, Dominique Bourg \u2014 PUF","translator":null,"weight":0,"page_count":128,"readership":null,"editor":"PUF","price":1800,"published_date":"2026-05-20T22:00:00.000000Z","support":"Grand format","publisher_availability":2,"stock":0,"editions":[],"url":"https:\/\/quaidesbrumes.com\/ouvrage\/9782130863496\/la-biodiversite-une-enquete-de-la-revue-la-pensee-ecologique"},{"id":"9782746747548","title":"L'oc\u00e9an est notre avenir","description":"\u00abJe crois \u00e0 l'alliance des talents et \u00e0 la synergie des forces pour faire bouger les lignes et offrir \u00e0 notre esp\u00e8ce l'opportunit\u00e9 d'envisager de meilleurs choix pour l'avenir de l'oc\u00e9an. Car il est bon de rappeler que c'est en son sein qu'est n\u00e9e la vie. Il est l\u00e0, au plus profond de nos cellules.\u00bbConnaissez-vous l'acanthaster, une \u00e9toile de mer qui participe \u00e0 la disparition progressive des coraux ? Saviez-vous qu'il existe un 7e continent, constitu\u00e9 des d\u00e9chets plastiques jet\u00e9s dans les oc\u00e9ans ? Et que les requins, apparus sur la plan\u00e8te bien avant les dinosaures, sont aujourd'hui menac\u00e9s d'extinction ?Fervente d\u00e9fenseuse de la nature, Fanny Agostini nous fait partager son rapport \u00e0 la mer, son amour des oc\u00e9ans et tire la sonnette d'alarme en incitant chacun, \u00e0 son \u00e9chelle, \u00e0 agir : oui, les oc\u00e9ans sont en danger ; oui, cela a des incidences graves sur notre vie ; non, il n'est pas trop tard pour enrayer le d\u00e9sastre \u00e9cologique auquel nous sommes confront\u00e9s.","authors":["Fanny Agostini"],"category_codes":["4000000","4010000","4010200","4010203"],"visuals":{"large":"https:\/\/images.epagine.fr\/548\/9782746747548_1_75.jpg","medium":"https:\/\/images.epagine.fr\/548\/9782746747548_1_m.jpg","thumbnail":"https:\/\/images.epagine.fr\/548\/9782746747548_1_v.jpg"},"orderable":true,"show_badge":true,"formatted_price":"22,00&nbsp;\u20ac","formatted_published_date":"24 octobre 2018","publisher_availability_label":"Sur commande","short_details":"Fanny Agostini \u2014 Autrement","translator":null,"weight":540,"page_count":182,"readership":null,"editor":"Autrement","price":2200,"published_date":"2018-10-23T22:00:00.000000Z","support":"Grand format","publisher_availability":1,"stock":0,"editions":[],"url":"https:\/\/quaidesbrumes.com\/ouvrage\/9782746747548\/locean-est-notre-avenir"},{"id":"9782081423688","title":"Eotopia ; une communaut\u00e9 \u00e9cologique d\u00e9cid\u00e9e \u00e0 vivre autrement","description":"Qu'est devenu Benjamin Lesage quatre ans apr\u00e8s son voyage autour du monde sans un sou en poche ? Comment a \u00e9volu\u00e9 sa conviction que l'argent est \u00e0 l'origine de bien des maux de la Terre, \u00e0 commencer par le d\u00e9sastre \u00e9cologique qui menace ? S'est-elle dissoute, comme tant et tant de r\u00eaves, dans les contraintes que la vie nous impose ? Benjamin a-t-il c\u00e9d\u00e9 aux petits bonheurs de la consommation et du confort ?Obstin\u00e9 et toujours id\u00e9aliste, Benjamin n'a rien l\u00e2ch\u00e9, ou presque, de ses convictions. Apr\u00e8s moult p\u00e9rip\u00e9ties et d\u00e9convenues, accompagn\u00e9 de Yazmin, rencontr\u00e9e (et \u00e9pous\u00e9e) au Mexique, puis de la petite Ada, n\u00e9e en 2015, il est parvenu contre vents et mar\u00e9es \u00e0 cr\u00e9er le lieu o\u00f9 il pourrait mener la vie dont il r\u00eave, en compagnie d'autres hommes et femmes de bonne volont\u00e9. Un lieu innovant, exp\u00e9rimental, v\u00e9gane, \u00e9cologique et o\u00f9 l'\u00e9conomie du don pr\u00e9vaut : Eotopia.Cultiver le potager pour se nourrir, r\u00e9duire au maximum ses achats, cuisiner sur un rocket stove, un po\u00eale \u00e9colo fait de mat\u00e9riaux de r\u00e9cup, faire sa lessive gr\u00e2ce \u00e0 un syst\u00e8me de p\u00e9dalage qui permet de ne pas avoir recours \u00e0 l'\u00e9lectricit\u00e9, fabriquer soi-m\u00eame son dentifrice, son produit vaisselle ou sa lessive, d\u00e9couvrez une vie en communaut\u00e9 mue par la conviction que c'est \u00e0 plusieurs que l'on peut trouver des solutions pour un monde meilleur.","authors":["Benjamin Lesage","B\u00e9atrice Madeline"],"category_codes":["4000000","4010000","4010200","4010205"],"visuals":{"large":"https:\/\/images.epagine.fr\/688\/9782081423688_1_75.jpg","medium":"https:\/\/images.epagine.fr\/688\/9782081423688_1_m.jpg","thumbnail":"https:\/\/images.epagine.fr\/688\/9782081423688_1_v.jpg"},"orderable":true,"show_badge":true,"formatted_price":"19,90&nbsp;\u20ac","formatted_published_date":"20 mars 2019","publisher_availability_label":"Sur commande","short_details":"Benjamin Lesage, B\u00e9atrice Madeline \u2014 \u00c9ditions Arthaud","translator":null,"weight":288,"page_count":248,"readership":null,"editor":"\u00c9ditions Arthaud","price":1990,"published_date":"2019-03-19T23:00:00.000000Z","support":"Grand format","publisher_availability":1,"stock":0,"editions":[],"url":"https:\/\/quaidesbrumes.com\/ouvrage\/9782081423688\/eotopia-une-communaute-ecologique-decidee-a-vivre-autrement"},{"id":"9782372630726","title":"Mers et oc\u00e9ans ; sauver notre devenir","description":"Penseurs, r\u00eaveurs, artistes, historiens, chercheurs, acteurs engag\u00e9s, les auteurs de cet ouvrage sont issus de milieux les plus divers. Ils nous confient leurs questionnements, leurs inqui\u00e9tudes et leurs doutes, mais aussi leurs espoirs. L'ensemble de leurs contributions a pour objectif de fournir au citoyen des pistes pour r\u00e9fl\u00e9chir non seulement \u00e0 l'oc\u00e9an, avenir de l'humanit\u00e9, mais \u00e9galement et surtout au r\u00f4le que chacun peut tenir pour le sauvegarder.\r\nL'oc\u00e9an couvre plus des deux tiers de la Terre. Jadis vide d'occupants, les hommes se le sont peu \u00e0 peu appropri\u00e9. Au fil des ans, ils l'ont utilis\u00e9 pour se d\u00e9placer et y ont pr\u00e9lev\u00e9 toutes les ressources possibles (poisson, sable, algue, p\u00e9trole, gaz, \u00e9nergie marine, m\u00e9taux...). Aujourd'hui, l'oc\u00e9an ne va pas tr\u00e8s bien :\r\nLa surp\u00eache se poursuit inexorablement, la biodiversit\u00e9 marine s'appauvrit quasiment partout sous l'effet des pollutions, l'exploitation industrielle de la mer se d\u00e9veloppe \u00e0 mesure que la technique progresse. L'espace maritime est d\u00e9sormais \u00e0 la merci de tous les pr\u00e9dateurs, il suffit d'y mettre le prix ! Hors du contr\u00f4le des citoyens, \u00e9limin\u00e9 du champ de l'int\u00e9r\u00eat collectif, les lobbies s'en sont accapar\u00e9s pour privatiser ses ressources, avec la complicit\u00e9 des \u00c9tats qui bien souvent, ont d\u00e9missionn\u00e9 en leur laissant les mains libres.\r\nIl est peu probable que cette situation s'am\u00e9liore sans une r\u00e9action r\u00e9solue des citoyens du monde. Il est primordial qu'ils soient associ\u00e9s \u00e0 l'espace oc\u00e9an, comme ils peuvent l'\u00eatre, en bonne d\u00e9mocratie, \u00e0 la chose publique. L'espoir na\u00eetra de cet effort commun !\r","authors":["Collectif","Antoine Gitton","Frederick Herpers"],"category_codes":["4000000","4010000","4010200"],"visuals":{"large":"https:\/\/images.epagine.fr\/726\/9782372630726_1_75.jpg","medium":"https:\/\/images.epagine.fr\/726\/9782372630726_1_m.jpg","thumbnail":"https:\/\/images.epagine.fr\/726\/9782372630726_1_v.jpg"},"orderable":true,"show_badge":true,"formatted_price":"29,50&nbsp;\u20ac","formatted_published_date":"17 septembre 2020","publisher_availability_label":"Sur commande","short_details":"Collectif, Antoine Gitton, Frederick Herpers \u2014 Libre & Solidaire","translator":null,"weight":554,"page_count":336,"readership":null,"editor":"Libre & Solidaire","price":2950,"published_date":"2020-09-16T22:00:00.000000Z","support":"Grand format","publisher_availability":1,"stock":0,"editions":[],"url":"https:\/\/quaidesbrumes.com\/ouvrage\/9782372630726\/mers-et-oceans-sauver-notre-devenir"},{"id":"9782733914687","title":"Communiquer avec les animaux, c'est possible ! un \u00e9change intuitif \u00e0 la port\u00e9e de tous","description":"Il existe un moyen de communiquer avec les animaux au-del\u00e0 de l'expression des besoins primaires (faim, froid), d'\u00e9changer avec eux de mani\u00e8re intuitive afin de confirmer ou infirmer nos ressentis, de comprendre la cause d'un comportement inad\u00e9quat, d'am\u00e9liorer leur confort et leur bien-\u00eatre, de conna\u00eetre leur pass\u00e9 parfois douloureux. C'est \u00e0 cette communication subtile que nous invite ici l'auteure. Par une approche th\u00e9orique structur\u00e9e et des exercices pratiques, cet ouvrage \u00e9veille ses tr\u00e9sors cach\u00e9s en nous et nous invite \u00e0 un voyage qui nous laisse \u00e9merveill\u00e9s devant les messages simples et parfois dr\u00f4les ou philosophiques que les animaux ont \u00e0 faire passer.\r","authors":["Sabine Mahieu"],"category_codes":["4000000","4010000","4010200","4010207"],"visuals":{"large":"https:\/\/images.epagine.fr\/687\/9782733914687_1_75.jpg","medium":"https:\/\/images.epagine.fr\/687\/9782733914687_1_m.jpg","thumbnail":"https:\/\/images.epagine.fr\/687\/9782733914687_1_v.jpg"},"orderable":true,"show_badge":true,"formatted_price":"18,00&nbsp;\u20ac","formatted_published_date":"8 octobre 2019","publisher_availability_label":"Sur commande","short_details":"Sabine Mahieu \u2014 GRANCHER","translator":null,"weight":286,"page_count":208,"readership":null,"editor":"GRANCHER","price":1800,"published_date":"2019-10-07T22:00:00.000000Z","support":"Grand format","publisher_availability":1,"stock":0,"editions":[],"url":"https:\/\/quaidesbrumes.com\/ouvrage\/9782733914687\/communiquer-avec-les-animaux-cest-possible-un-echange-intuitif-a-la-portee-de-tous"},{"id":"9782212574142","title":"Quelques minutes par jour pour changer le monde ; \u00e9cologie, lutte contre la pauvret\u00e9","description":"Et si vous aviez vous aussi un petit quelque chose \u00e0 apporter au monde ?\r\nVous trouvez que le monde ne va pas tr\u00e8s bien et que, \u00e0 votre \u00e9chelle, vous ne parviendrez jamais \u00e0 faire changer les choses ? Et si vous vous trompiez ? Et si, vous aussi, vous pouviez contribuer \u00e0 rendre le monde d'aujourd'hui et de demain plus juste, plus sain, plus solidaire ?\r\n\r\nEnvironnement, engagement citoyen, enfance, \u00e9galit\u00e9 hommes-femmes, famille, logement, spiritualit\u00e9, droits de l'homme, d\u00e9fense des animaux... Quelle que soit la cause que vous aimeriez d\u00e9fendre, ce livre accessible, bienveillant et rempli d'espoir vous permettra de r\u00e9veiller ou de d\u00e9velopper le meilleur de vous-m\u00eame \u00e0 travers des pistes concr\u00e8tes.\r\n\r\nQuelle cause souhaitez-vous particuli\u00e8rement d\u00e9fendre ? Comment vous y prendre ? Comment aller plus loin dans votre d\u00e9marche ? \u00c9maill\u00e9 d'anecdotes des auteurs et de t\u00e9moignages de dix-sept personnalit\u00e9s inspirantes - Samuel Albert, Yann Arthus-Bertrand, Mathieu Baudin, Catherine Chabaud, Marie Cochard, Michel Cymes, Louise Ekland, Cyrielle Hariel, Rob Hopkins, B\u00e9a Johnson, Manon Lanza, @jenesuispasjolie (L\u00e9a), Christine Lewicki, Alexandre Mars, Jo\u00ebl de Rosnay, Laury Thilleman et Val\u00e9rie Tribes -, ce livre sera une v\u00e9ritable source d'inspiration pour vous aider \u00e0 changer le monde.\r","authors":["Emmanuelle Jappert","Julian Jappert"],"category_codes":["4000000","4010000","4010200","4010208"],"visuals":{"large":"https:\/\/images.epagine.fr\/142\/9782212574142_1_75.jpg","medium":"https:\/\/images.epagine.fr\/142\/9782212574142_1_m.jpg","thumbnail":"https:\/\/images.epagine.fr\/142\/9782212574142_1_v.jpg"},"orderable":true,"show_badge":true,"formatted_price":"14,90&nbsp;\u20ac","formatted_published_date":"8 octobre 2020","publisher_availability_label":"Sur commande","short_details":"Emmanuelle Jappert, Julian Jappert \u2014 \u00c9ditions Eyrolles","translator":null,"weight":306,"page_count":208,"readership":null,"editor":"\u00c9ditions Eyrolles","price":1490,"published_date":"2020-10-07T22:00:00.000000Z","support":"Grand format","publisher_availability":1,"stock":0,"editions":[],"url":"https:\/\/quaidesbrumes.com\/ouvrage\/9782212574142\/quelques-minutes-par-jour-pour-changer-le-monde-ecologie-lutte-contre-la-pauvrete"},{"id":"9782708253681","title":"Les choix des sobri\u00e9t\u00e9s ; des id\u00e9es pour passer \u00e0 l'action","description":"Les impacts n\u00e9gatifs de nos choix \u00e9conomiques et soci\u00e9taux sur l'environnement font l'objet d'une prise de conscience collective. Au coeur de ces questionnements de nos modes de vie, la pr\u00e9servation du vivre ensemble... au profit d'un monde certes plus frugal, mais solidaire.\r\n\r\nEn mai 2019 le Pacte civique, collectif citoyen, lanc\u00e9 il y a une dizaine d'ann\u00e9es, a produit une invite sur \u00ab le choix de la sobri\u00e9t\u00e9 \u00bb, tant elle entretient des rapports essentiels avec la question \u00e9cologique.\r\nUne s\u00e9rie de contributeurs (plus de 25) - philosophe, \u00e9lu communal, juriste, entrepreneur, citoyen, engag\u00e9 ou non, universitaire, repr\u00e9sentant d'association, cadre d'entreprise, en reconversion, etc. - ont \u00e9t\u00e9 convi\u00e9s \u00e0 r\u00e9agir \u00e0 cette notion, en la confrontant \u00e0 leur exp\u00e9rience de vie, professionnelle, personnelle. Ils et elles indiquent avec franchise des choix de sobri\u00e9t\u00e9 qu'ils ont mis en action tr\u00e8s concr\u00e8tement.\r\nLeurs propos, ainsi rassembl\u00e9s, mis en regard les uns avec les autres, explorent et confrontent les multiples dimensions de la sobri\u00e9t\u00e9 : philosophique, individuelle, collective, politique...\r\nCe livre propose un d\u00e9bat stimulant. Il est une invitation \u00e0 y puiser des ressources pour prendre part aux changements annonc\u00e9s et y coop\u00e9rer.\r","authors":["Collectif","Elisabeth Javelaud"],"category_codes":["4000000","4010000","4010200","4010208"],"visuals":{"large":"https:\/\/images.epagine.fr\/681\/9782708253681_1_75.jpg","medium":"https:\/\/images.epagine.fr\/681\/9782708253681_1_m.jpg","thumbnail":"https:\/\/images.epagine.fr\/681\/9782708253681_1_v.jpg"},"orderable":true,"show_badge":true,"formatted_price":"16,00&nbsp;\u20ac","formatted_published_date":"18 f\u00e9vrier 2021","publisher_availability_label":"Sur commande","short_details":"Collectif, Elisabeth Javelaud \u2014 Les \u00c9ditions de l'Atelier","translator":null,"weight":210,"page_count":176,"readership":null,"editor":"Les \u00c9ditions de l'Atelier","price":1600,"published_date":"2021-02-17T23:00:00.000000Z","support":"Grand format","publisher_availability":1,"stock":0,"editions":[],"url":"https:\/\/quaidesbrumes.com\/ouvrage\/9782708253681\/les-choix-des-sobrietes-des-idees-pour-passer-a-laction"},{"id":"9782092791776","title":"Miniguide tout-terrain : fleurs des champs","description":"Pratique. Pour les amoureux de la nature, un guide \u00e0 glisser dans la poche lors des promenades et des randonn\u00e9es.\r\nClair. Pour identifier les principales fleurs des champs selon la couleur et le milieu. Avec un code couleurs et des pictogrammes du port des plantes.\r\nDes guides terrains \u00e0 glisser dans sa poche pour une identification s\u00fbre Pour identifier les principales fleurs des champs selon la couleur et le milieu.\r\nAvec un code couleurs et des pictogrammes du port des plantes.\r\nInformatif. Plus de 200 photos. Des textes faciles \u00e0 comprendre pr\u00e9sentent l'aspect, la floraison, l'habitat et les particularit\u00e9s.\r\n\r\nUn livre pour toute la famille ;","authors":["Helga Hofmann"],"category_codes":["4000000","4010000","4010400","4010405"],"visuals":{"large":"https:\/\/images.epagine.fr\/776\/9782092791776_1_75.jpg","medium":"https:\/\/images.epagine.fr\/776\/9782092791776_1_m.jpg","thumbnail":"https:\/\/images.epagine.fr\/776\/9782092791776_1_v.jpg"},"orderable":true,"show_badge":true,"formatted_price":"6,95&nbsp;\u20ac","formatted_published_date":"14 avril 2022","publisher_availability_label":"Sur commande","short_details":"Helga Hofmann \u2014 Nathan","translator":null,"weight":116,"page_count":128,"readership":null,"editor":"Nathan","price":695,"published_date":"2022-04-13T22:00:00.000000Z","support":"Poche","publisher_availability":1,"stock":0,"editions":[],"url":"https:\/\/quaidesbrumes.com\/ouvrage\/9782092791776\/miniguide-tout-terrain-fleurs-des-champs"},{"id":"9782369690849","title":"Form'action \u00e9cologie humaine ; vers une humanit\u00e9 int\u00e9grale","description":"Cette form'action \u00e9cologie humaine permet de prendre de la hauteur sur l'actuali- t\u00e9 et aide \u00e0 d\u00e9crypter qui est l'Homme et ce dont il a besoin pour \u00e9tablir la soci\u00e9t\u00e9.\r\n\r\nIl fait prendre conscience que tout est li\u00e9 et qu'il est n\u00e9cessaire de promouvoir solidarit\u00e9 et bienveillance, protection des plus vuln\u00e9rables, pr\u00e9servation de nos communs...\r\nCes \u00e9l\u00e9ments de compr\u00e9hension permettent de se mettre en mouvement et de construire du sens pour contribuer \u00e0 \u00e9difier, \u00e0 sa hauteur, un monde plus humain.\r","authors":["Collectif"],"category_codes":["4000000","4010000","4010200"],"visuals":{"large":"https:\/\/images.epagine.fr\/849\/9782369690849_1_75.jpg","medium":"https:\/\/images.epagine.fr\/849\/9782369690849_1_m.jpg","thumbnail":"https:\/\/images.epagine.fr\/849\/9782369690849_1_v.jpg"},"orderable":true,"show_badge":true,"formatted_price":"22,00&nbsp;\u20ac","formatted_published_date":"24 juin 2020","publisher_availability_label":"Sur commande","short_details":"Collectif \u2014 Quasar","translator":null,"weight":404,"page_count":192,"readership":null,"editor":"Quasar","price":2200,"published_date":"2020-06-23T22:00:00.000000Z","support":"Grand format","publisher_availability":1,"stock":0,"editions":[],"url":"https:\/\/quaidesbrumes.com\/ouvrage\/9782369690849\/formaction-ecologie-humaine-vers-une-humanite-integrale"},{"id":"9791097502065","title":"Passion oiseaux","description":null,"authors":["Juif Bastien"],"category_codes":["4000000","4010000"],"visuals":{"large":"https:\/\/images.epagine.fr\/065\/9791097502065_1_75.jpg","medium":"https:\/\/images.epagine.fr\/065\/9791097502065_1_m.jpg","thumbnail":"https:\/\/images.epagine.fr\/065\/9791097502065_1_v.jpg"},"orderable":true,"show_badge":true,"formatted_price":"29,00&nbsp;\u20ac","formatted_published_date":"25 octobre 2018","publisher_availability_label":"Sur commande","short_details":"Juif Bastien \u2014 Omniscience","translator":null,"weight":1068,"page_count":214,"readership":null,"editor":"Omniscience","price":2900,"published_date":"2018-10-24T22:00:00.000000Z","support":"Grand format","publisher_availability":1,"stock":0,"editions":[],"url":"https:\/\/quaidesbrumes.com\/ouvrage\/9791097502065\/passion-oiseaux"},{"id":"9788893196956","title":"Les cartes de l'esprit des arbres ; 65 cartes illustr\u00e9es vous guident \u00e0 la d\u00e9couverte des 13 arbres","description":"Qui n'a jamais fait l'exp\u00e9rience de la magie que l'on respire quand on se prom\u00e8ne dans un bois, un parc o\u00f9 une for\u00eat ?\r\nOn connait aujourd'hui les b\u00e9n\u00e9fices de la th\u00e9rapie naturelle des arbres pour le corps, l'esprit et le mental.\r\nCes 65 cartes illustr\u00e9es \u00e0 la d\u00e9couverte des 13 arbres pionniers dans un parcours qui vous aidera \u00e0 toucher du doigt les 5 parties essentielles qui compose chaque arbre :\r\n- graine.\r\n- bourgeon.\r\n- fleur.\r\n- \u00e9corce.\r\n- esprit de l'arbre.\r\nChacune de ces parties vous offre un message diff\u00e9rent d'un arbre \u00e0 l'autre.\r\nChaque arbre ne souhaite rien d'autre que devenir ce qu'il est. Chaque arbre a un r\u00f4le \u00e0 jouer, une forme \u00e0 manifester.\r\nChaque esp\u00e8ce d'arbre partage une grande \u00e2me qui les unit. Les arbres aiment rester \u00e0 nos c\u00f4t\u00e9s, ils sont attentifs et sensibles \u00e0 nos intentions, attentions et pens\u00e9es.\r","authors":["Lucilla Satanassi"],"category_codes":["4000000","4010000","4010400","4010406"],"visuals":{"large":"https:\/\/images.epagine.fr\/956\/9788893196956_1_75.jpg","medium":"https:\/\/images.epagine.fr\/956\/9788893196956_1_m.jpg","thumbnail":"https:\/\/images.epagine.fr\/956\/9788893196956_1_v.jpg"},"orderable":true,"show_badge":true,"formatted_price":"24,95&nbsp;\u20ac","formatted_published_date":"4 octobre 2018","publisher_availability_label":"Sur commande","short_details":"Lucilla Satanassi \u2014 MACRO EDITIONS","translator":null,"weight":360,"page_count":null,"readership":null,"editor":"MACRO EDITIONS","price":2495,"published_date":"2018-10-03T22:00:00.000000Z","support":"Grand format","publisher_availability":1,"stock":0,"editions":[],"url":"https:\/\/quaidesbrumes.com\/ouvrage\/9788893196956\/les-cartes-de-lesprit-des-arbres-65-cartes-illustrees-vous-guident-a-la-decouverte-des-13-arbres"},{"id":"9782916525648","title":"Un autre regard sur la for\u00eat","description":"Comment vit une for\u00eat ? Comment les arbres grandissent, interagissent  avec le sol, le climat... ? Ce livre magnifiquement illustr\u00e9 offre tous  les \u00e9l\u00e9ments pour comprendre ce milieu de fa\u00e7on simple. L'auteure,  sp\u00e9cialiste en \u00e9cologie et for\u00eat, apprend \u00e0 lire les paysages  forestiers. La seconde partie, tr\u00e8s originale, place en situation : que  voyez-vous sur les photos ? Tournez la page et l'auteure vous en d\u00e9voile  les secrets. Un beau livre tr\u00e8s instructif et in\u00e9dit, qui ouvre les yeux  sur nos for\u00eats.\r","authors":["Sophie Bertin"],"category_codes":["10000000","10060000","10060400","10060402"],"visuals":{"large":"https:\/\/images.epagine.fr\/648\/9782916525648_1_75.jpg","medium":"https:\/\/images.epagine.fr\/648\/9782916525648_1_m.jpg","thumbnail":"https:\/\/images.epagine.fr\/648\/9782916525648_1_v.jpg"},"orderable":true,"show_badge":true,"formatted_price":"28,00&nbsp;\u20ac","formatted_published_date":"16 avril 2021","publisher_availability_label":"Sur commande","short_details":"Sophie Bertin \u2014 Centre national de la propri\u00e9t\u00e9 foresti\u00e8re","translator":null,"weight":755,"page_count":248,"readership":null,"editor":"Centre national de la propri\u00e9t\u00e9 foresti\u00e8re","price":2800,"published_date":"2021-04-15T22:00:00.000000Z","support":"Grand format","publisher_availability":1,"stock":0,"editions":["9782373751062"],"url":"https:\/\/quaidesbrumes.com\/ouvrage\/9782916525648\/un-autre-regard-sur-la-foret"},{"id":"9782822406260","title":"L'ALTER INNOVATION : TRANSITION ENVIRONNEMENTALE","description":null,"authors":["Jean-louis Martinez"],"category_codes":["4000000","4010000","4010200"],"visuals":{"large":"https:\/\/images.epagine.fr\/260\/9782822406260_1_75.jpg","medium":"https:\/\/images.epagine.fr\/260\/9782822406260_1_m.jpg","thumbnail":"https:\/\/images.epagine.fr\/260\/9782822406260_1_v.jpg"},"orderable":true,"show_badge":true,"formatted_price":"22,00&nbsp;\u20ac","formatted_published_date":"13 ao\u00fbt 2020","publisher_availability_label":"Sur commande","short_details":"Jean-louis Martinez \u2014 MA","translator":null,"weight":452,"page_count":null,"readership":null,"editor":"MA","price":2200,"published_date":"2020-08-12T22:00:00.000000Z","support":"Grand format","publisher_availability":1,"stock":0,"editions":[],"url":"https:\/\/quaidesbrumes.com\/ouvrage\/9782822406260\/lalter-innovation-transition-environnementale"},{"id":"9782749160696","title":"Manifeste pour les nouvelles ressources ; un autre monde est possible","description":"Repousser la raret\u00e9, \u00e9conomiser l'\u00e9nergie, r\u00e9duire le g\u00e2chis, tout \u00eatre dou\u00e9 de raison ne peut que souscrire \u00e0 ces objectifs de bon sens.\r\nPourquoi tardons-nous tellement \u00e0 nous engager dans une \u00e9conomie plus efficiente que l'ancienne en m\u00eame temps que plus responsable ?\r\nPourquoi nous acharnons-nous \u00e0 refuser d'entendre la le\u00e7on de Lavoisier qui est celle de la vie m\u00eame ? \u00ab Rien ne se perd, rien ne se cr\u00e9e, tout se transforme \u00bb. Dans la vie, qu'on peut aussi baptiser nature, tout d\u00e9chet est future ressource, comme toute ressource deviendra plus tard d\u00e9chet.\r\nPourquoi ces r\u00e9ticences \u00e0 imiter la vie, une start-up, pourtant, qui a fait ses preuves depuis qu'elle a vu le jour, il y a 4,5 milliards d'ann\u00e9es ?\r\nPourquoi demeurer aveugles \u00e0 l'\u00e9vidence d'un b\u00e9n\u00e9fice vite accessible \u00e0 tous, et n\u00e9cessaire \u00e0 long terme si nous voulons l\u00e9guer autre chose qu'un cauchemar \u00e0 nos enfants et aux descendants de leurs enfants ?\r\nPourquoi ce manifeste ? Pour tenter de comprendre. Et pour proposer des moyens d'agir. Pas ventre plus mou que l'\u00e9vidence, nul consensus plus pi\u00e9geux. On v\u00e9rifie qu'on est \u00ab en gros \u00bb d'accord, on se sourit, on se sent joyeux et paisibles de partager, on s'en satisfait, on hoche la t\u00eate, on prend l'air entendu et on passe \u00e0 autre chose.\r\nPourquoi tous ces gens, si diff\u00e9rents, r\u00e9unis pour ce manifeste, pourquoi des regards si divers, nourris d'exp\u00e9riences si vastes, de savoirs et de m\u00e9tiers si dissemblables ? Pour rep\u00e9rer, sans faux-semblant, les raisons de ce retard imb\u00e9cile. Et pour en d\u00e9duire, sans tra\u00eener, les chemins du possible.\r","authors":["Collectif"],"category_codes":["4000000","4010000","4010200","4010208"],"visuals":{"large":"https:\/\/images.epagine.fr\/696\/9782749160696_1_75.jpg","medium":"https:\/\/images.epagine.fr\/696\/9782749160696_1_m.jpg","thumbnail":"https:\/\/images.epagine.fr\/696\/9782749160696_1_v.jpg"},"orderable":true,"show_badge":true,"formatted_price":"16,00&nbsp;\u20ac","formatted_published_date":"29 novembre 2018","publisher_availability_label":"Sur commande","short_details":"Collectif \u2014 Le Cherche Midi","translator":null,"weight":490,"page_count":176,"readership":null,"editor":"Le Cherche Midi","price":1600,"published_date":"2018-11-28T23:00:00.000000Z","support":"Grand format","publisher_availability":1,"stock":0,"editions":[],"url":"https:\/\/quaidesbrumes.com\/ouvrage\/9782749160696\/manifeste-pour-les-nouvelles-ressources-un-autre-monde-est-possible"},{"id":"9782870039113","title":"Sans croissance, c'est possible : justice sociale, climat, biodiversite","description":null,"authors":["Thierry Laureys"],"category_codes":["4000000","4010000","4010200","4010207"],"visuals":{"large":"https:\/\/quaidesbrumes.com\/img\/book-placeholder.png","medium":"https:\/\/quaidesbrumes.com\/img\/book-placeholder.png","thumbnail":"https:\/\/quaidesbrumes.com\/img\/book-placeholder.png"},"orderable":true,"show_badge":true,"formatted_price":"18,00&nbsp;\u20ac","formatted_published_date":"21 juin 2021","publisher_availability_label":"Sur commande","short_details":"Thierry Laureys \u2014 Couleur Livres","translator":null,"weight":240,"page_count":null,"readership":null,"editor":"Couleur Livres","price":1800,"published_date":"2021-06-20T22:00:00.000000Z","support":"Grand format","publisher_availability":1,"stock":0,"editions":[],"url":"https:\/\/quaidesbrumes.com\/ouvrage\/9782870039113\/sans-croissance-cest-possible-justice-sociale-climat-biodiversite"},{"id":"9782100827480","title":"Sols pollu\u00e9s : danger pour les populations et la biodiversit\u00e9","description":"Le sol est le dernier milieu naturel qui ne soit pas prot\u00e9g\u00e9 en France et en Europe. Et le constat est alarmant. Le recensement lacunaire des sites pollu\u00e9s, l'insuffisante r\u00e9glementation sur la qualit\u00e9 des sols des installations polluantes et le manque de moyens pour leur contr\u00f4le engendrent depuis des d\u00e9cennies des d\u00e9g\u00e2ts environnementaux, sanitaires et sociaux consid\u00e9rables.\r\nLa d\u00e9pollution de notre territoire est pourtant possible et des pistes d'action existent pour que la volont\u00e9 actuelle de r\u00e9industrialisation de la France ne se fasse pas au d\u00e9triment des sols qui nous font vivre.\r\n\u00c0 travers de nombreux exemples de sites urbains ou ruraux o\u00f9 la pollution des sols a eu des cons\u00e9quences d\u00e9sastreuses, cet ouvrage permet une prise de conscience de la n\u00e9cessaire et urgente r\u00e9habilitation des sols. Il propose aussi des solutions et des pistes de r\u00e9flexion pour que la protection des sols fasse \u00e0 l'avenir partie int\u00e9grante de toutes les politiques publiques et industrielles.","authors":["Laura Verdier"],"category_codes":["4000000","4010000","4010200","4010204"],"visuals":{"large":"https:\/\/images.epagine.fr\/480\/9782100827480_1_75.jpg","medium":"https:\/\/images.epagine.fr\/480\/9782100827480_1_m.jpg","thumbnail":"https:\/\/images.epagine.fr\/480\/9782100827480_1_v.jpg"},"orderable":true,"show_badge":true,"formatted_price":"21,50&nbsp;\u20ac","formatted_published_date":"1er septembre 2021","publisher_availability_label":"Sur commande","short_details":"Laura Verdier \u2014 Dunod","translator":null,"weight":194,"page_count":144,"readership":null,"editor":"Dunod","price":2150,"published_date":"2021-08-31T22:00:00.000000Z","support":"Grand format","publisher_availability":1,"stock":0,"editions":[],"url":"https:\/\/quaidesbrumes.com\/ouvrage\/9782100827480\/sols-pollues-danger-pour-les-populations-et-la-biodiversite"}]}