{"data":[{"id":"9782373750980","title":"Konrad von Moltke (1941 - 2005) ; petite et grande histoire de l'environnement","description":"Citoyen du monde, passeur, penseur et strat\u00e8ge, Konrad von Moltke s'est trouv\u00e9 \u00e0-la crois\u00e9e de toutes les forces qui ont forg\u00e9 l'histoire de l'environnement. Le combat acharn\u00e9 qu'il a men\u00e9, au sein et \u00e0 la lisi\u00e8re des institutions, a contribu\u00e9 \u00e0 tracer et \u00e0 faire bouger les lignes d'une gouvernance europ\u00e9enne, puis mondiale en faveur du d\u00e9veloppement durable. Ce pionnier a notamment jou\u00e9 un r\u00f4le majeur dans l'inscription du principe de pr\u00e9caution dans le trait\u00e9 de Maastricht. Son histoire et ses engagements nous entra\u00eenent dans une visite des lieux et des mouvements qui ont rendu la cause environnementaliste incontournable partout sur le globe.","authors":["Claire Weill","Laurence Tubiana"],"category_codes":["4000000","4010000","4010200"],"visuals":{"large":"https:\/\/images.epagine.fr\/980\/9782373750980_1_75.jpg","medium":"https:\/\/images.epagine.fr\/980\/9782373750980_1_m.jpg","thumbnail":"https:\/\/images.epagine.fr\/980\/9782373750980_1_v.jpg"},"orderable":true,"show_badge":true,"formatted_price":"18,50&nbsp;\u20ac","formatted_published_date":"11 f\u00e9vrier 2021","publisher_availability_label":"Sur commande","short_details":"Claire Weill, Laurence Tubiana \u2014 Museo","translator":null,"weight":736,"page_count":478,"readership":null,"editor":"Museo","price":1850,"published_date":"2021-02-10T23:00:00.000000Z","support":"Grand format","publisher_availability":1,"stock":0,"editions":[],"url":"https:\/\/quaidesbrumes.com\/ouvrage\/9782373750980\/konrad-von-moltke-1941-2005-petite-et-grande-histoire-de-lenvironnement"},{"id":"9782124659593","title":"Supply Chain : D\u00e9carbonation et adaptation","description":null,"authors":["Anicia Jaegler","Thierry Roques"],"category_codes":["4000000","4010000","4010200","4010208"],"visuals":{"large":"https:\/\/quaidesbrumes.com\/img\/book-placeholder.png","medium":"https:\/\/quaidesbrumes.com\/img\/book-placeholder.png","thumbnail":"https:\/\/quaidesbrumes.com\/img\/book-placeholder.png"},"orderable":false,"show_badge":true,"formatted_price":"26,00&nbsp;\u20ac","formatted_published_date":"25 juin 2026","publisher_availability_label":"\u00c0 para\u00eetre","short_details":"Anicia Jaegler, Thierry Roques \u2014 Afnor","translator":null,"weight":0,"page_count":null,"readership":null,"editor":"Afnor","price":2600,"published_date":"2026-06-24T22:00:00.000000Z","support":"Grand format","publisher_availability":2,"stock":0,"editions":[],"url":"https:\/\/quaidesbrumes.com\/ouvrage\/9782124659593\/supply-chain-decarbonation-et-adaptation"},{"id":"9782759242665","title":"Racines : Des plantes aux \u00e9cosyst\u00e8mes","description":null,"authors":["Philippe Hinsinger","Christophe Jourdan"],"category_codes":["4000000","4010000","4010200"],"visuals":{"large":"https:\/\/quaidesbrumes.com\/img\/book-placeholder.png","medium":"https:\/\/quaidesbrumes.com\/img\/book-placeholder.png","thumbnail":"https:\/\/quaidesbrumes.com\/img\/book-placeholder.png"},"orderable":false,"show_badge":true,"formatted_price":"23,00&nbsp;\u20ac","formatted_published_date":"11 juin 2026","publisher_availability_label":"\u00c0 para\u00eetre","short_details":"Philippe Hinsinger, Christophe Jourdan \u2014 Qu\u00e6","translator":null,"weight":0,"page_count":null,"readership":null,"editor":"Qu\u00e6","price":2300,"published_date":"2026-06-10T22:00:00.000000Z","support":"Grand format","publisher_availability":2,"stock":0,"editions":[],"url":"https:\/\/quaidesbrumes.com\/ouvrage\/9782759242665\/racines-des-plantes-aux-ecosystemes"},{"id":"9782344069264","title":"Parmi les ours","description":"Neuf voyages au pays des ours, accompagn\u00e9s par un photographe et observateur du sauvage hors pair.\r\n\u00c0 la fois craint et v\u00e9n\u00e9r\u00e9, respect\u00e9 et pers\u00e9cut\u00e9, l'ours est un animal totem qui suscite des sentiments ambivalents dans toutes les cultures \u00e0 travers le monde. Apparu sur Terre il y a plus d'un million d'ann\u00e9es, \u00ab\u00a0 le va-nu-pieds\u00a0 \u00bb a progressivement disparu de nombreuses contr\u00e9es sous la pression humaine. De l'Eurasie \u00e0 l'Am\u00e9rique du Nord, ses territoires se sont morcel\u00e9s et contingent\u00e9s le plus souvent aux zones les plus sauvages ou les plus inaccessibles de la plan\u00e8te.\u00a0 \r\nPhotographe et voyageur de renom, l'auteur vous invite \u00e0 d\u00e9couvrir et explorer ces ultimes sanctuaires o\u00f9 la pr\u00e9sence du plantigrade d\u00e9cuple la magie de lieux. Par ses images remarquables et son texte vivant et incarn\u00e9, Laurent Cocherel nous interroge \u00e9galement sur la part animale de l'homme, son rapport au sauvage et aux pr\u00e9dateurs. Pionnier de l'\u00e9cotourisme en France, il a \u00e9t\u00e9 le t\u00e9moin de l'\u00e9volution du tourisme d'observation et de photographie animali\u00e8re qui tend \u00e0 la marchandisation de la nature, et de l'ours en particulier.\r\nParmi les ours\u00a0 r\u00e9v\u00e8le toute la richesse et la fragilit\u00e9 de ces \u00e9cosyst\u00e8mes o\u00f9 ce grand pr\u00e9dateur occupe une place vitale. Ours brun, ours noir, ours polaire, ours esprit, ours lippu\u00a0 : gr\u00e2ce \u00e0 ce livre, vivez l'attente et les moments d'aff\u00fbts et partez \u00e0 la rencontre des diff\u00e9rences esp\u00e8ces d'ours et des autres animaux qui le c\u00f4toient.\r","authors":["Laurent Cocherel"],"category_codes":["4000000","4010000","4010200","4010207"],"visuals":{"large":"https:\/\/images.epagine.fr\/264\/9782344069264_1_75.jpg","medium":"https:\/\/images.epagine.fr\/264\/9782344069264_1_m.jpg","thumbnail":"https:\/\/images.epagine.fr\/264\/9782344069264_1_v.jpg"},"orderable":false,"show_badge":true,"formatted_price":"21,50&nbsp;\u20ac","formatted_published_date":"16 septembre 2026","publisher_availability_label":"\u00c0 para\u00eetre","short_details":"Laurent Cocherel \u2014 Gl\u00e9nat","translator":null,"weight":0,"page_count":176,"readership":null,"editor":"Gl\u00e9nat","price":2150,"published_date":"2026-09-15T22:00:00.000000Z","support":"Grand format","publisher_availability":2,"stock":0,"editions":[],"url":"https:\/\/quaidesbrumes.com\/ouvrage\/9782344069264\/parmi-les-ours"},{"id":"9782344073643","title":"Gardienne des oc\u00e9ans","description":"L'histoire inspirante de la cofondatrice et pr\u00e9sidente de Sea Shepherd France, Lamya Essemlali, militante \u00e9cologiste, qui se bat sans rel\u00e2che pour la protection des oc\u00e9ans.\r\nL'arrestation de Paul Watson l'a fait conna\u00eetre du grand public. Pourtant, cela fait plus de vingt ans que Lamya Essemlali oeuvre pour la protection des oc\u00e9ans. Une vie de militante, qui ne veut pas se contenter de faire signer des p\u00e9titions \u00e0 la sortie du m\u00e9tro. Non, ce que Lamya veut, c'est agir. Alors, quand elle rencontre Paul Watson en 2005 \u00e0 la faveur d'une conf\u00e9rence \u00e0 Paris, sa d\u00e9cision est prise\u00a0: elle va mener son combat pour les oc\u00e9ans \u00e0 ses c\u00f4t\u00e9s. \u00ab\u00a0Il mettait en mots ce que je ressentais depuis toujours, il joint l'acte \u00e0 la parole. Sa philosophie met la vie au centre de tout. Avec lui, on est dans l'action.\u00a0\u00bb Un an plus tard, elle cofonde Sea Shepherd France, dont elle devient pr\u00e9sidente en 2008.\r\nMais qu'est-ce qui a conduit la petite fille d'origine marocaine, qui a grandi au 18e \u00e9tage d'une tour de Gennevilliers, \u00e0 s'int\u00e9resser \u00e0 la protection de la biodiversit\u00e9\u00a0et des oc\u00e9ans ? Comment parvient-elle \u00e0 concilier sa vie de militante avec celle de maman\u00a0? Comment se battre pour la protection des oc\u00e9ans \u00e0 l'heure o\u00f9 l'obscurantisme \u00e9cologique noircit le monde\u00a0? D'o\u00f9 lui vient cette incroyable \u00e9nergie qui l'habite\u00a0et la fait ne jamais baisser les bras\u00a0?\r\nBrillante, \u00e9loquente, Lamya Essemlali poss\u00e8de une force de conviction \u00e0 la hauteur de son engagement. Dans cette autobiographie, qui para\u00eet \u00e0 l'occasion des 20\u00a0ans de Sea Shepherd France, elle raconte son parcours, \u00e9difiant, de militante.\r","authors":["Lamya Essemlali"],"category_codes":["4000000","4010000","4010200","4010207"],"visuals":{"large":"https:\/\/quaidesbrumes.com\/img\/book-placeholder.png","medium":"https:\/\/quaidesbrumes.com\/img\/book-placeholder.png","thumbnail":"https:\/\/quaidesbrumes.com\/img\/book-placeholder.png"},"orderable":false,"show_badge":true,"formatted_price":"22,00&nbsp;\u20ac","formatted_published_date":"16 septembre 2026","publisher_availability_label":"\u00c0 para\u00eetre","short_details":"Lamya Essemlali \u2014 Gl\u00e9nat","translator":null,"weight":0,"page_count":192,"readership":null,"editor":"Gl\u00e9nat","price":2200,"published_date":"2026-09-15T22:00:00.000000Z","support":"Grand format","publisher_availability":2,"stock":0,"editions":[],"url":"https:\/\/quaidesbrumes.com\/ouvrage\/9782344073643\/gardienne-des-oceans"},{"id":"9782743027490","title":"Risques microbiologiques alimentaires","description":"Cette nouvelle \u00e9dition de Risques microbiologiques alimentaires, revue et augment\u00e9e, est le fruit d'une collaboration \u00e9troite entre des experts de premier plan, visant \u00e0 fournir une ressource la plus actualis\u00e9e possible, indispensable \u00e0 tous ceux qui sont engag\u00e9s dans la s\u00e9curit\u00e9 sanitaire des aliments.\r\n\r\n\r\n\r\nCet ouvrage aborde de mani\u00e8re exhaustive les bases de la physiologie microbienne, les outils de gestion des risques, ainsi que les donn\u00e9es fondamentales sur les principaux pathog\u00e8nes, enrichies notamment d'\u00e9tudes de cas et d'exemples pratiques, et permet d'introduire les derni\u00e8res perspectives innovantes quant \u00e0 l'apport des techniques omiques ou l'\u00e9tablissement d'une DLC.\r\n\r\n\r\n\r\nDans la premi\u00e8re partie, \u00ab Pathog\u00e8nes transmis par les aliments : origine, comportement et outils de gestion des risques \u00bb, plusieurs chapitres ont \u00e9t\u00e9 restructur\u00e9s et enrichis de nouveaux contenus afin d'accorder notamment une place plus importante aux questions d'attribution des sources des maladies, aux traitements de nettoyage-d\u00e9sinfection et aux proc\u00e9dures d'\u00e9chantillonnage dans l'analyse des aliments.\r\n\r\nEn plus des aspects th\u00e9oriques, cette partie met en lumi\u00e8re les outils de gestion du risque microbiologique, utilis\u00e9s tant au niveau europ\u00e9en que fran\u00e7ais, explorant les cadres r\u00e9glementaires, les syst\u00e8mes de management de la s\u00e9curit\u00e9 tels que le PMS et l'HACCP, et les techniques de surveillance et d'appr\u00e9ciation des risques. \r\n\r\n\r\n\r\nLa seconde partie de ce livre, apr\u00e8s une introduction sur les maladies d'origine alimentaire li\u00e9es aux agents biologiques, est constitu\u00e9e de dix-sept monographies de microorganismes av\u00e9r\u00e9s ou \u00e9mergents d'int\u00e9r\u00eat, qu'ils soient infectieux et\/ou toxinog\u00e8nes. \r\n\r\n\r\n\r\nPour chaque pathog\u00e8ne, les connaissances ont \u00e9t\u00e9 mises \u00e0 jour en tenant compte des derni\u00e8res avanc\u00e9es concernant la taxonomie, les voies de transmission, la virulence, l'adaptation le long de la cha\u00eene de production des aliments et l'\u00e9pid\u00e9miologie.\r","authors":["Florence Dubois-Brissonnet","Laurent Guillier"],"category_codes":["4000000","4010000","4010200"],"visuals":{"large":"https:\/\/images.epagine.fr\/490\/9782743027490_1_75.jpg","medium":"https:\/\/images.epagine.fr\/490\/9782743027490_1_m.jpg","thumbnail":"https:\/\/images.epagine.fr\/490\/9782743027490_1_v.jpg"},"orderable":false,"show_badge":true,"formatted_price":"129,00&nbsp;\u20ac","formatted_published_date":"14 mai 2026","publisher_availability_label":"\u00c0 para\u00eetre","short_details":"Florence Dubois-Brissonnet, Laurent Guillier \u2014 Tec & doc","translator":null,"weight":0,"page_count":null,"readership":"Tout public","editor":"Tec & doc","price":12900,"published_date":"2026-05-13T22:00:00.000000Z","support":"Grand format","publisher_availability":2,"stock":0,"editions":[],"url":"https:\/\/quaidesbrumes.com\/ouvrage\/9782743027490\/risques-microbiologiques-alimentaires"},{"id":"9782322638925","title":"Marche a ombre - tome 1","description":null,"authors":["Brasseur Robert"],"category_codes":[],"visuals":{"large":"https:\/\/quaidesbrumes.com\/img\/book-placeholder.png","medium":"https:\/\/quaidesbrumes.com\/img\/book-placeholder.png","thumbnail":"https:\/\/quaidesbrumes.com\/img\/book-placeholder.png"},"orderable":true,"show_badge":true,"formatted_price":"37,00&nbsp;\u20ac","formatted_published_date":"1er avril 2026","publisher_availability_label":"Sur commande","short_details":"Brasseur Robert \u2014 Books on Demand","translator":null,"weight":0,"page_count":null,"readership":null,"editor":"Books on Demand","price":3700,"published_date":"2026-03-31T22:00:00.000000Z","support":"Grand format","publisher_availability":1,"stock":0,"editions":[],"url":"https:\/\/quaidesbrumes.com\/ouvrage\/9782322638925\/marche-a-ombre-tome-1"},{"id":"9782036096981","title":"Surnaturelle : Merveilles g\u00e9ologiques de la plan\u00e8te","description":"Embarquez pour un voyage fabuleux \u00e0 la d\u00e9couverture des merveilles naturelles les plus spectaculaires du monde !\r\nLa nature a des pouvoirs et, \u00e0 elle seule, elle fait des merveilles ! Aurores bor\u00e9ales, tunnels de glace, dunes g\u00e9antes, geysers, monstres de glace, lac de lave, chemin\u00e9es de f\u00e9e, trous bleus, stromatolithes, canyons, glaces en cr\u00eapes... Ses tr\u00e9sors sont infinis, ses sources d'\u00e9merveillement in\u00e9puisables !\r\nComment ces ph\u00e9nom\u00e8nes aussi \u00e9tranges que fascinants se sont-ils form\u00e9s ? O\u00f9 et quand peut-on les observer ? \u00c0 quelles conditions ? Pour chacun, des sch\u00e9mas permettent de mieux les comprendre, des cartes de mieux les situer pour, un jour, aller les explorer, mieux conna\u00eetre la plan\u00e8te, et ne jamais cesser de s'en \u00e9tonner !\r","authors":["Hughes Piolet","Yann Chavance"],"category_codes":["4000000","4010000","4010300","4010301"],"visuals":{"large":"https:\/\/quaidesbrumes.com\/img\/book-placeholder.png","medium":"https:\/\/quaidesbrumes.com\/img\/book-placeholder.png","thumbnail":"https:\/\/quaidesbrumes.com\/img\/book-placeholder.png"},"orderable":false,"show_badge":true,"formatted_price":"29,99&nbsp;\u20ac","formatted_published_date":"16 septembre 2026","publisher_availability_label":"\u00c0 para\u00eetre","short_details":"Hughes Piolet, Yann Chavance \u2014 Larousse","translator":null,"weight":0,"page_count":224,"readership":null,"editor":"Larousse","price":2999,"published_date":"2026-09-15T22:00:00.000000Z","support":"Grand format","publisher_availability":2,"stock":0,"editions":[],"url":"https:\/\/quaidesbrumes.com\/ouvrage\/9782036096981\/surnaturelle-merveilles-geologiques-de-la-planete"},{"id":"9782817712727","title":"Carnet du paloumayre","description":null,"authors":["Teodomante Daniel"],"category_codes":["4000000","4010000","4010500","4010502"],"visuals":{"large":"https:\/\/quaidesbrumes.com\/img\/book-placeholder.png","medium":"https:\/\/quaidesbrumes.com\/img\/book-placeholder.png","thumbnail":"https:\/\/quaidesbrumes.com\/img\/book-placeholder.png"},"orderable":false,"show_badge":true,"formatted_price":"13,90&nbsp;\u20ac","formatted_published_date":"28 ao\u00fbt 2026","publisher_availability_label":"\u00c0 para\u00eetre","short_details":"Teodomante Daniel \u2014 Sud Ouest","translator":null,"weight":0,"page_count":null,"readership":null,"editor":"Sud Ouest","price":1390,"published_date":"2026-08-27T22:00:00.000000Z","support":"Grand format","publisher_availability":2,"stock":0,"editions":[],"url":"https:\/\/quaidesbrumes.com\/ouvrage\/9782817712727\/carnet-du-paloumayre"},{"id":"9791035402853","title":"L'homme et la nature ; comment renouer ce lien secret","description":"\u00c0 partir des derni\u00e8res d\u00e9couvertes scientifiques et de ses propres observations, le forestier le plus c\u00e9l\u00e8bre du monde nous ouvre les yeux sur les interactions secr\u00e8tes entre l'homme et la nature.\r\nLes plantes r\u00e9agissent positivement au toucher humain et sont capables d'entendre.\r\nLes arbres dorment, ressentent la douleur et ont comme un coeur qui bat. Notre tension art\u00e9rielle se normalise \u00e0 leur voisinage et la couleur verte nous apaise.\r\nEn conteur incomparable, l'auteur de La Vie secr\u00e8te des arbres nous r\u00e9v\u00e8le un cosmos o\u00f9 l'homme n'est pas un \u00eatre sup\u00e9rieur mais fait partie d'un tout, \u00e0 l'\u00e9gal de chaque plante, de chaque animal. Il nous donne des conseils pratiques pour transformer nos promenades en aventures et aiguiser nos sens. Il nous fait prendre conscience que respecter la nature, c'est nous prot\u00e9ger.\r\n\r\nLe nouvel opus de l'auteur de La Vie secr\u00e8te des arbres nous surprend encore une fois et nous r\u00e9v\u00e8le mille et une merveilles sur la nature et les liens que nous entretenons avec elle.","authors":["Peter Wohlleben","Lise Deschamps"],"category_codes":["4000000","4010000","4010300"],"visuals":{"large":"https:\/\/images.epagine.fr\/853\/9791035402853_1_75.jpg","medium":"https:\/\/images.epagine.fr\/853\/9791035402853_1_m.jpg","thumbnail":"https:\/\/images.epagine.fr\/853\/9791035402853_1_v.jpg"},"orderable":true,"show_badge":true,"formatted_price":"24,50&nbsp;\u20ac","formatted_published_date":"14 octobre 2020","publisher_availability_label":"Sur commande","short_details":"Peter Wohlleben, Lise Deschamps \u2014 Audiolib","translator":"LISE DESCHAMPS","weight":68,"page_count":null,"readership":null,"editor":"Audiolib","price":2450,"published_date":"2020-10-13T22:00:00.000000Z","support":"CD Audio","publisher_availability":1,"stock":0,"editions":[],"url":"https:\/\/quaidesbrumes.com\/ouvrage\/9791035402853\/lhomme-et-la-nature-comment-renouer-ce-lien-secret"},{"id":"9782383270003","title":"Annonaceae : flora of Guyana, Suriname and French Guiana","description":"With about 2500 species distributed all around the world, the tropical family Annonaceae is among the largest families of Angiosperms, and one of the largest ones with woody species. It is well represented in the three Guianas (Guyana, Suriname, French Guiana), with 140 species distributed in 19 genera. This geographic perimeter is part of the larger and more important biogeographic region of the Guiana Shield, whose floristic composition has close affinities with the Amazonian Basin. Annona, Duguetia, Guatteria and Xylopia are the most diversified in the area as well as in the whole South American continent.\r\nThis volume contains an authentic and thorough taxonomic treatment of the species present in the area, according to the usual methods of taxonomy, nomenclature and classification. Not only a book for the use of specialists, it is also a user-friendly tool for all scientific purposes, thanks to a detailed general introduction including informations about the biology of the studied species, detailed identification keys in english and in french, rich illustrations such as line drawings and photographs of living plants, distributions maps and, last but not least, easy access to information hosted by botanical databases for specimens and literature.\r\nThe authors are all specialists of the family or part of it, the book presents an updated synthesis of their various researches and publications.","authors":["Collectif","Paul J. M. Maas","Hiltje Maas-van de Kamer","Heimo Rainer","Uwe Schart","Lubbert Y. Th. Westra"],"category_codes":["4000000","4010000","4010400","4010405"],"visuals":{"large":"https:\/\/images.epagine.fr\/003\/9782383270003_1_75.jpg","medium":"https:\/\/images.epagine.fr\/003\/9782383270003_1_m.jpg","thumbnail":"https:\/\/images.epagine.fr\/003\/9782383270003_1_v.jpg"},"orderable":true,"show_badge":true,"formatted_price":"49,00&nbsp;\u20ac","formatted_published_date":"9 novembre 2023","publisher_availability_label":"Sur commande","short_details":"Collectif, Paul J. M. Maas, Hiltje Maas-van de Kamer, Heimo Rainer, Uwe Schart, Lubbert Y. Th. Westra \u2014 Publications Scientifiques Du Museum","translator":null,"weight":1168,"page_count":496,"readership":null,"editor":"Publications Scientifiques Du Museum","price":4900,"published_date":"2023-11-08T23:00:00.000000Z","support":"Grand format","publisher_availability":1,"stock":0,"editions":[],"url":"https:\/\/quaidesbrumes.com\/ouvrage\/9782383270003\/annonaceae-flora-of-guyana-suriname-and-french-guiana"},{"id":"9782385424992","title":"Et si la sobri\u00e9t\u00e9 n'\u00e9tait plus un choix individuel ?","description":"Plusieurs des crises qui nous ont frapp\u00e9s r\u00e9cemment ont touch\u00e9 directement nos besoins essentiels comme l'\u00e9nergie ou l'eau. Face \u00e0 ces situations d'urgence, le gouvernement a syst\u00e9matiquement appel\u00e9 \u00e0 la r\u00e9duction de la consommation, solution rapide \u00e0 d\u00e9ployer. N\u00e9anmoins, la mise en 1\/2uvre op\u00e9rationnelle de ces efforts de sobri\u00e9t\u00e9 se limite \u00e0 du court ou du moyen terme alors m\u00eame que les grands d\u00e9fis soci\u00e9taux exigent une r\u00e9duction massive et durable de nos ressources. En effet, compter uniquement sur l'innovation technologique et l'efficacit\u00e9 semble illusoire tant elles se heurtent \u00e0 l'\u00e9puisement des ressources naturelles.\r\n\r\nLa sobri\u00e9t\u00e9 doit donc devenir un \u00e9l\u00e9ment constitutif de nos politiques publiques et de notre rapport \u00e0 la consommation. Dans ces objectifs, cet ouvrage propose une m\u00e9thode pour b\u00e2tir des politiques publiques de sobri\u00e9t\u00e9 collective reposant sur trois piliers : la durabilit\u00e9, la faisabilit\u00e9 et l'acceptabilit\u00e9. La n\u00e9cessaire compl\u00e9mentarit\u00e9 de ces composantes est illustr\u00e9e \u00e0 travers trois exemples portant sur des biens de consommation probl\u00e9matiques : l'automobile, le textile et l'eau potable. Des outils comme la tarification progressive de l'eau ou l'int\u00e9gration des v\u00e9hicules \u00e9lectriques au malus fond\u00e9 sur la masse de la voiture, peuvent \u00eatre des leviers de r\u00e9duction de la consommation des ressources mais constituent des d\u00e9fis en mati\u00e8re d'\u00e9galit\u00e9 et d'acceptabilit\u00e9 sociale qu'il ne faut pas \u00e9vacuer, permettent de rappeler ces \u00e9tudes de cas.\r\n\r\nEn plus d'\u00e9clairer les citoyens sur la notion de sobri\u00e9t\u00e9, cet ouvrage offre un cadre et une m\u00e9thode collective aux pouvoirs publics et aux entreprises qui souhaitent en faire un mode de vie durable.","authors":["Guillemette Audren de Kerdrel","Albane Fontaine"],"category_codes":["4000000","4010000","4010200","4010204"],"visuals":{"large":"https:\/\/images.epagine.fr\/992\/9782385424992_1_75.jpg","medium":"https:\/\/images.epagine.fr\/992\/9782385424992_1_m.jpg","thumbnail":"https:\/\/images.epagine.fr\/992\/9782385424992_1_v.jpg"},"orderable":true,"show_badge":true,"formatted_price":"12,00&nbsp;\u20ac","formatted_published_date":"25 avril 2024","publisher_availability_label":"Sur commande","short_details":"Guillemette Audren de Kerdrel, Albane Fontaine \u2014 Presses De L'Ecole Des Mines","translator":null,"weight":248,"page_count":120,"readership":null,"editor":"Presses De L'Ecole Des Mines","price":1200,"published_date":"2024-04-24T22:00:00.000000Z","support":"Grand format","publisher_availability":1,"stock":0,"editions":[],"url":"https:\/\/quaidesbrumes.com\/ouvrage\/9782385424992\/et-si-la-sobriete-netait-plus-un-choix-individuel"},{"id":"9782705691301","title":"L'environnement et ses m\u00e9tamorphoses","description":"\u00c0 la m\u00e9tamorphose de l'environnement par le d\u00e9veloppement des soci\u00e9t\u00e9s humaines s'ajoute d\u00e9sormais la m\u00e9tamorphose de nos soci\u00e9t\u00e9s, notamment des syst\u00e8mes de droit, par la n\u00e9cessit\u00e9 de prendre en charge des risques qui menacent toute la plan\u00e8te. Qu'il s'agisse des institutions comp\u00e9tentes ou des secteurs de l'environnement vis\u00e9s, on observe un renouvellement des valeurs prot\u00e9g\u00e9es par le droit international ainsi que des acteurs concern\u00e9s.\r\nDans la continuit\u00e9 de la pens\u00e9e d'\u00c9douard Bonnefous, les textes ici r\u00e9unis ont pour dessein d'ouvrir un chemin vers un nouvel humanisme, dans la perspective d'un nouvel accord international sur le climat attendu en d\u00e9cembre 2015 \u00e0 Paris (COP21). Pour la premi\u00e8re fois, cet accord devrait concerner tous les pays et \u00eatre suffisamment ambitieux pour limiter le r\u00e9chauffement du globe \u00e0 2\u00b0C par rapport \u00e0 l'\u00e8re pr\u00e9industrielle, contre la trajectoire actuelle de 4\u00b0C.\r\n\r\nGabriel de Broglie, membre de l'Acad\u00e9mie fran\u00e7aise et de l'Acad\u00e9mie des sciences morales et politiques, est chancelier de l'Institut de France, pr\u00e9sident du conseil d'administration de la Fondation \u00c9douard Bonnefous.\r","authors":["Catherine Br\u00e9chignac"],"category_codes":["4000000","4010000","4010200","4010207"],"visuals":{"large":"https:\/\/images.epagine.fr\/301\/9782705691301_1_75.jpg","medium":"https:\/\/images.epagine.fr\/301\/9782705691301_1_m.jpg","thumbnail":"https:\/\/images.epagine.fr\/301\/9782705691301_1_v.jpg"},"orderable":true,"show_badge":true,"formatted_price":"32,00&nbsp;\u20ac","formatted_published_date":"24 novembre 2015","publisher_availability_label":"Sur commande","short_details":"Catherine Br\u00e9chignac \u2014 Hermann","translator":null,"weight":408,"page_count":298,"readership":null,"editor":"Hermann","price":3200,"published_date":"2015-11-23T23:00:00.000000Z","support":"Grand format","publisher_availability":1,"stock":0,"editions":[],"url":"https:\/\/quaidesbrumes.com\/ouvrage\/9782705691301\/lenvironnement-et-ses-metamorphoses"},{"id":"9782283031636","title":"Plus malin qu'un singe ? mesurez-vous \u00e0 l'intelligence incroyable des animaux","description":"\u00cates-vous plus fut\u00e9 qu'un chimpanz\u00e9 ? Plus rus\u00e9 qu'un chat ? Plus intelligent qu'une chauve-souris ? Plus perspicace qu'un pigeon ? \u00c0 travers soixante-dix tests, exercices ou devinettes, mesurez-vous \u00e0 divers animaux, tous plus malins les uns que les autres ! Vous d\u00e9couvrirez que les fourmis sont capables de trouver l'itin\u00e9raire le plus court pour visiter plusieurs lieux diff\u00e9rents, que les dauphins peuvent apprendre une langue \u00e9trang\u00e8re, que les m\u00e9sanges savent m\u00e9moriser tous les endroits o\u00f9 sont cach\u00e9es leurs r\u00e9serves secr\u00e8tes...Cette \u00e9tonnante arche de No\u00e9 - et les incroyables comp\u00e9tences de ses passagers - vous conduira \u00e0 r\u00e9fl\u00e9chir, avec autant d'humour que de s\u00e9rieux, aux m\u00e9canismes de l'\u00e9volution et, finalement, \u00e0 vous demander\u00a0: \u00ab Mais, sommes-nous vraiment si diff\u00e9rents ?\u00ab\u00a0","authors":["Ben Ambridge"],"category_codes":["4000000","4010000","4010200","4010207"],"visuals":{"large":"https:\/\/images.epagine.fr\/636\/9782283031636_1_75.jpg","medium":"https:\/\/images.epagine.fr\/636\/9782283031636_1_m.jpg","thumbnail":"https:\/\/images.epagine.fr\/636\/9782283031636_1_v.jpg"},"orderable":true,"show_badge":true,"formatted_price":"22,00&nbsp;\u20ac","formatted_published_date":"17 janvier 2019","publisher_availability_label":"Sur commande","short_details":"Ben Ambridge \u2014 \u00c9ditions Buchet\/Chastel","translator":null,"weight":474,"page_count":288,"readership":null,"editor":"\u00c9ditions Buchet\/Chastel","price":2200,"published_date":"2019-01-16T23:00:00.000000Z","support":"Grand format","publisher_availability":1,"stock":0,"editions":[],"url":"https:\/\/quaidesbrumes.com\/ouvrage\/9782283031636\/plus-malin-quun-singe-mesurez-vous-a-lintelligence-incroyable-des-animaux"},{"id":"9782705687885","title":"Renouveau des jardins","description":"Ces derni\u00e8res ann\u00e9es ont vu un renouveau des jardins de toutes sortes (familiaux et collectifs, partag\u00e9s, potagers, d'agr\u00e9ment ou paysagers, petits et grands, connus ou anonymes) \u00e0 travers de nouvelles pratiques, manifestations et publications. Et si ce renouveau \u00e9tait une r\u00e9ponse aux crises \u00e9conomique, sociale et environnementale qu'affrontent les soci\u00e9t\u00e9s contemporaines ? Et si les jardins, en s'imposant comme le lieu d'apprentissage d'un nouveau rapport au temps, \u00e0 la nature, aux autres, nous pr\u00e9paraient \u00e0 un monde durable ? Telles sont les hypoth\u00e8ses que le pr\u00e9sent ouvrage se propose d'exposer \u00e0 partir des conf\u00e9rences et des t\u00e9moignages recueillis au cours d'un colloque atypique organis\u00e9 en ao\u00fbt 2012 au Centre culturel international de Cerisy. Par son ample iconographie et son format, le pr\u00e9sent livre a \u00e9t\u00e9 con\u00e7u \u00e0 son image. Soucieux d'articuler expertises scientifiques, savoirs professionnels ou amateurs, et  exp\u00e9riences sensibles, il offre les contributions d'universitaires, mais aussi de praticiens, de professionnels et d'artistes.\r","authors":["Sylvain Allemand","Edith Heurgon","Gilles Cl\u00e9ment","Sophie de Pailette"],"category_codes":["4000000","4010000","4010400"],"visuals":{"large":"https:\/\/images.epagine.fr\/885\/9782705687885_1_75.jpg","medium":"https:\/\/images.epagine.fr\/885\/9782705687885_1_m.jpg","thumbnail":"https:\/\/images.epagine.fr\/885\/9782705687885_1_v.jpg"},"orderable":true,"show_badge":true,"formatted_price":"35,00&nbsp;\u20ac","formatted_published_date":"14 mai 2014","publisher_availability_label":"Sur commande","short_details":"Sylvain Allemand, Edith Heurgon, Gilles Cl\u00e9ment, Sophie de Pailette \u2014 Hermann","translator":null,"weight":882,"page_count":284,"readership":null,"editor":"Hermann","price":3500,"published_date":"2014-05-13T22:00:00.000000Z","support":"Grand format","publisher_availability":1,"stock":0,"editions":[],"url":"https:\/\/quaidesbrumes.com\/ouvrage\/9782705687885\/renouveau-des-jardins"},{"id":"9782330225087","title":"La sir\u00e8ne et le botaniste","description":"C'est l'\u00e9pop\u00e9e de l'immense Sib\u00e9rie que nous raconte R\u00e9my Marion, parti sur les traces de l'explorateur allemand Georg Wilhelm Steller, premier Europ\u00e9en \u00e0 mettre un pied sur l'\u00eele B\u00e9ring au XVIIIe si\u00e8cle. Gr\u00e2ce aux archives in\u00e9dites mais \u00e9galement \u00e0 sa profonde connaissance du terrain, il nous entra\u00eene dans l'histoire de l'exploration, de l'exploitation puis de la r\u00e9surrection de la nature bor\u00e9ale insoup\u00e7onn\u00e9e des rives du Pacifique nord.\r","authors":["R\u00e9my Marion","Fran\u00e7ois Sarano"],"category_codes":["4000000","4010000","4010300"],"visuals":{"large":"https:\/\/quaidesbrumes.com\/img\/book-placeholder.png","medium":"https:\/\/quaidesbrumes.com\/img\/book-placeholder.png","thumbnail":"https:\/\/quaidesbrumes.com\/img\/book-placeholder.png"},"orderable":false,"show_badge":true,"formatted_price":"22,00&nbsp;\u20ac","formatted_published_date":"23 septembre 2026","publisher_availability_label":"\u00c0 para\u00eetre","short_details":"R\u00e9my Marion, Fran\u00e7ois Sarano \u2014 Actes Sud","translator":null,"weight":0,"page_count":288,"readership":null,"editor":"Actes Sud","price":2200,"published_date":"2026-09-22T22:00:00.000000Z","support":"Grand format","publisher_availability":2,"stock":0,"editions":[],"url":"https:\/\/quaidesbrumes.com\/ouvrage\/9782330225087\/la-sirene-et-le-botaniste"},{"id":"9782889533879","title":"Se lib\u00e9rer du consum\u00e9risme","description":"Le consum\u00e9risme est si omnipr\u00e9sent qu'il est devenu normal, quasi invisible. Aujourd'hui, l'enjeu ne consiste pas uniquement \u00e0 apporter des correctifs au syst\u00e8me, \u00e0 r\u00e9guler, r\u00e9parer et r\u00e9duire les impacts, mais \u00e0 effectuer un v\u00e9ritable changement de paradigme. Un choix radical entre l'effondrement et la m\u00e9tamorphose. Pour cela, en compl\u00e9ment des actions politiques et des \u00e9cogestes au quotidien, une transformation doit se produire dans la conscience et le coeur de chacun. \u00c0 travers l'exploration de trois questions essentielles o\u00f9 se joue notre passion de la consommation, notre obsession de la croissance et notre participation au syst\u00e8me capitaliste\u00a0: qui suis-je\u00a0? quel est mon d\u00e9sir\u00a0? de quoi ai-je peur\u00a0?\r\nCe sont ces dimensions int\u00e9rieures - \u00e0 la fois individuelles et collectives - de la transition \u00e9cologique et sociale que l'auteur d\u00e9ploie au carrefour de la sociologie, de la psychologie, de l'\u00e9copsychologie et des traditions de sagesse.","authors":["Michel Maxime Egger"],"category_codes":["4000000","4010000","4010200"],"visuals":{"large":"https:\/\/images.epagine.fr\/879\/9782889533879_1_75.jpg","medium":"https:\/\/images.epagine.fr\/879\/9782889533879_1_m.jpg","thumbnail":"https:\/\/images.epagine.fr\/879\/9782889533879_1_v.jpg"},"orderable":true,"show_badge":true,"formatted_price":"16,90&nbsp;\u20ac","formatted_published_date":"19 septembre 2020","publisher_availability_label":"Sur commande","short_details":"Michel Maxime Egger \u2014 \u00c9ditions Jouvence","translator":null,"weight":220,"page_count":157,"readership":null,"editor":"\u00c9ditions Jouvence","price":1690,"published_date":"2020-09-18T22:00:00.000000Z","support":"Grand format","publisher_availability":1,"stock":0,"editions":[],"url":"https:\/\/quaidesbrumes.com\/ouvrage\/9782889533879\/se-liberer-du-consumerisme"},{"id":"9791043905575","title":"Des terres min\u00e9es : Onze enqu\u00eates sur les sols en France","description":"Baissez la t\u00eate et r\u00e9fl\u00e9chissez : combien de fois par jour pensez-vous au sol sous vos pieds ? Soyez honn\u00eate, jamais. Et on vous comprend. Les terres sont peu pr\u00e9sentes dans les m\u00e9dias et dans le d\u00e9bat public. Pourtant, elles sont vitales pour les cultures, comme pour la biodiversit\u00e9. Pollu\u00e9es, acidifi\u00e9es, \u00e9rod\u00e9es, min\u00e9es par les activit\u00e9s humaines pr\u00e9sentes et pass\u00e9es, elles refl\u00e8tent la crise \u00e9cologique. Si elles ne sont pas une grande cause nationale, elles suscitent de vives mobilisations locales et des conflits d'usage. Les terres sont aussi un terrain de recherche et d'innovation majeur pour de nombreux scientifiques et ing\u00e9nieurs. En onze enqu\u00eates r\u00e9alis\u00e9es sur le terrain par de jeunes journalistes issus de l'Institut Pratique du Journalisme Dauphine-PSL, ce livre propose de sortir les terres de l'invisibilit\u00e9, pour r\u00e9v\u00e9ler les enjeux humains et \u00e9cologiques qui les traversent.\r","authors":["Anne T\u00e9zenas du Montcel"],"category_codes":["4000000","4010000","4010200","4010204"],"visuals":{"large":"https:\/\/images.epagine.fr\/575\/9791043905575_1_75.jpg","medium":"https:\/\/images.epagine.fr\/575\/9791043905575_1_m.jpg","thumbnail":"https:\/\/images.epagine.fr\/575\/9791043905575_1_v.jpg"},"orderable":false,"show_badge":true,"formatted_price":"15,90&nbsp;\u20ac","formatted_published_date":"12 juin 2026","publisher_availability_label":"\u00c0 para\u00eetre","short_details":"Anne T\u00e9zenas du Montcel \u2014 Librinova","translator":null,"weight":0,"page_count":166,"readership":null,"editor":"Librinova","price":1590,"published_date":"2026-06-11T22:00:00.000000Z","support":"Grand format","publisher_availability":2,"stock":0,"editions":[],"url":"https:\/\/quaidesbrumes.com\/ouvrage\/9791043905575\/des-terres-minees-onze-enquetes-sur-les-sols-en-france"},{"id":"9782366723366","title":"Ile de re carnet nature automne","description":"Ce carnet est le deuxi\u00e8me volume saisonnier (automnal) d'une s\u00e9rie de 4 \u00ab Carnets nature \u00bb, pour d\u00e9couvrir au fil des saisons les richesses naturelles de l'\u00eele de R\u00e9. Avec pour objectif de donner aux lecteurs et lectrices, habitants ou touristes, l'envie d'aller sur ce terrain fabuleux qu'est ce territoire, endroit quasiment unique en France pour sa biodiversit\u00e9 et sa vari\u00e9t\u00e9 de milieux naturels.\r\n\r\nChaque ouvrage est construit comme un voyage, au gr\u00e9 des 5 milieux principaux de l'\u00eele de R\u00e9, que le lecteur pourra parcourir au fil de 5 chapitres, en progressant depuis le milieu le plus anthropis\u00e9 (la ville) jusqu'au milieu le plus \u00ab sauvage \u00bb (la mer) : Du village jusqu'aux champs, Entre for\u00eat et prairie, Dans les marais, Du haut des dunes,\r\net Balade littorale.\r","authors":["Lanssens","Dotti"],"category_codes":["4000000","4010000","4010300"],"visuals":{"large":"https:\/\/quaidesbrumes.com\/img\/book-placeholder.png","medium":"https:\/\/quaidesbrumes.com\/img\/book-placeholder.png","thumbnail":"https:\/\/quaidesbrumes.com\/img\/book-placeholder.png"},"orderable":false,"show_badge":true,"formatted_price":"14,95&nbsp;\u20ac","formatted_published_date":"4 septembre 2026","publisher_availability_label":"\u00c0 para\u00eetre","short_details":"Lanssens, Dotti \u2014 \u00c9ditions Plume de Carotte","translator":null,"weight":0,"page_count":96,"readership":null,"editor":"\u00c9ditions Plume de Carotte","price":1495,"published_date":"2026-09-03T22:00:00.000000Z","support":"Grand format","publisher_availability":2,"stock":0,"editions":[],"url":"https:\/\/quaidesbrumes.com\/ouvrage\/9782366723366\/ile-de-re-carnet-nature-automne"},{"id":"9780691198682","title":"Coral reefs : a natural history","description":"An illustrated look at corals and the reefs they build around the world, and the causes and dire consequences of their rapid disappearance.\r\n\r\nCorals are among the most varied lifeforms on Earth, ranging from mushroom corals and leather corals to button polyps, sea fans, anemones, and pulse corals. Bridging the gap between plant and animal, these marine invertebrates serve as homes to reef fish and share symbiotic relationships with photosynthesizing algae, which provide corals with their nourishment. This stunningly illustrated book profiles the astonishing diversity of the world's coral groups, describing key aspects of their natural history and explaining why coral reefs are critical to the health of our oceans. Representative examples of corals have been selected to illustrate the broad range of species, and the book's lively and informative commentary covers everything from identification to conservation, making it an essential resource for marine biologists, divers, and anyone who is fascinated by these remarkable sea creatures.","authors":["Charles Sheppard"],"category_codes":["4000000","4010000","4010300","4010304"],"visuals":{"large":"https:\/\/images.epagine.fr\/682\/9780691198682_1_75.jpg","medium":"https:\/\/images.epagine.fr\/682\/9780691198682_1_m.jpg","thumbnail":"https:\/\/images.epagine.fr\/682\/9780691198682_1_v.jpg"},"orderable":true,"show_badge":true,"formatted_price":"37,90&nbsp;\u20ac","formatted_published_date":"17 ao\u00fbt 2021","publisher_availability_label":"Sur commande","short_details":"Charles Sheppard \u2014 Princeton University Press","translator":null,"weight":1127,"page_count":240,"readership":null,"editor":"Princeton University Press","price":3790,"published_date":"2021-08-16T22:00:00.000000Z","support":"Grand format","publisher_availability":1,"stock":0,"editions":[],"url":"https:\/\/quaidesbrumes.com\/ouvrage\/9780691198682\/coral-reefs-a-natural-history"},{"id":"9782336548876","title":"Prot\u00e9ger l'environnement, mais \u00e0 quel \u00ab prix \u00bb ? : L'impasse des ONG environnementales aupr\u00e8s de l'Union europ\u00e9enne","description":"Au coeur des institutions europ\u00e9ennes, ONG environnementales et entreprises multinationales s'affrontent sur des dossiers qui dessinent la future politique climatique europ\u00e9enne. \u00c0 Bruxelles, la bataille autour des gaz fluor\u00e9s, puissants gaz \u00e0 effet de serre utilis\u00e9s dans la climatisation et la r\u00e9frig\u00e9ration, illustre ces luttes d'influence.\r\nCe livre d\u00e9voile comment des ONG environnementales se sont coordonn\u00e9es avec des entreprises proposant des technologies alternatives aux gaz fluor\u00e9s pour contrer les g\u00e9ants du secteur et peser sur les d\u00e9cideurs europ\u00e9ens. Mais ce choix strat\u00e9gique n'est pas sans cons\u00e9quence.\r\nEn privil\u00e9giant des arguments \u00e9conomiques et technologiques, ces ONG ont pris le risque d'affaiblir l'ambition environnementale qu'elles portent.\r\nUne r\u00e9flexion originale sur les paradoxes du lobbying environnemental en Europe.\r","authors":["Adrien Jahier"],"category_codes":["4000000","4010000","4010200"],"visuals":{"large":"https:\/\/images.epagine.fr\/876\/9782336548876_1_75.jpg","medium":"https:\/\/images.epagine.fr\/876\/9782336548876_1_m.jpg","thumbnail":"https:\/\/images.epagine.fr\/876\/9782336548876_1_v.jpg"},"orderable":true,"show_badge":true,"formatted_price":"26,00&nbsp;\u20ac","formatted_published_date":"9 avril 2026","publisher_availability_label":"Sur commande","short_details":"Adrien Jahier \u2014 \u00c9ditions L'Harmattan","translator":null,"weight":293,"page_count":246,"readership":null,"editor":"\u00c9ditions L'Harmattan","price":2600,"published_date":"2026-04-08T22:00:00.000000Z","support":"Grand format","publisher_availability":1,"stock":0,"editions":[],"url":"https:\/\/quaidesbrumes.com\/ouvrage\/9782336548876\/proteger-lenvironnement-mais-a-quel-prix-limpasse-des-ong-environnementales-aupres-de-lunion-europeenne"},{"id":"9782816025750","title":"Carnet chien ballon","description":null,"authors":["Collectif"],"category_codes":["4000000","4010000","4010300"],"visuals":{"large":"https:\/\/images.epagine.fr\/750\/9782816025750_1_75.jpg","medium":"https:\/\/images.epagine.fr\/750\/9782816025750_1_m.jpg","thumbnail":"https:\/\/images.epagine.fr\/750\/9782816025750_1_v.jpg"},"orderable":false,"show_badge":true,"formatted_price":"0,00&nbsp;\u20ac","formatted_published_date":"11 juin 2026","publisher_availability_label":"\u00c0 para\u00eetre","short_details":"Collectif \u2014 \u00c9ditions Art\u00e9mis","translator":null,"weight":0,"page_count":144,"readership":null,"editor":"\u00c9ditions Art\u00e9mis","price":0,"published_date":"2026-06-10T22:00:00.000000Z","support":"Papeterie \/ Coloriage","publisher_availability":2,"stock":0,"editions":[],"url":"https:\/\/quaidesbrumes.com\/ouvrage\/9782816025750\/carnet-chien-ballon"},{"id":"9780593849583","title":"Sitting with Dogs : Stories of Rescue Dogs Going from Lost to Loved","description":"Heartwarming stories of loss, rescue, and love from social media star and dog-rescue advocate Rocky Kanaka\r\nRocky Kanaka is known the world over as a dog rescue advocate. His millions of fans follow along each week as Rocky visits shelters and finds dogs in need. He often finds the most hopeless cases-dogs that have been abandoned because they're sick or their owners can no longer care for them, or they've never had a home and have been living on the street-and helps them find their forever homes. Through patience, kindness, and love, Rocky helps dogs trust and love again, even if it's just for the short time Rocky visits with them in the shelter. \r\nSitting with Dogs is a collection of stories about ten rescue dogs that each got off to a rough start but found their way into Rocky's arms. From the story of Flip, Rocky's first rescue and his inspiration for dedicating his life to saving lost and abandoned dogs, to Macy, who was so emaciated when she arrived at the shelter that no one thought she would survive, Rocky's stories will tug at your heart and bring a smile to your face. And they might even inspire you to give a little of your own time and attention to a dog that just needs a hug and a little love.\r","authors":["Rocky Kanaka"],"category_codes":["4000000","4010000","4010300"],"visuals":{"large":"https:\/\/images.epagine.fr\/583\/9780593849583_1_75.jpg","medium":"https:\/\/images.epagine.fr\/583\/9780593849583_1_m.jpg","thumbnail":"https:\/\/images.epagine.fr\/583\/9780593849583_1_v.jpg"},"orderable":true,"show_badge":true,"formatted_price":"28,20&nbsp;\u20ac","formatted_published_date":"14 octobre 2025","publisher_availability_label":"Sur commande","short_details":"Rocky Kanaka \u2014 Dorling Kindersley Usa","translator":null,"weight":987,"page_count":224,"readership":null,"editor":"Dorling Kindersley Usa","price":2820,"published_date":"2025-10-13T22:00:00.000000Z","support":"Grand format","publisher_availability":1,"stock":0,"editions":[],"url":"https:\/\/quaidesbrumes.com\/ouvrage\/9780593849583\/sitting-with-dogs-stories-of-rescue-dogs-going-from-lost-to-loved"},{"id":"9781803511849","title":"The Ghost of the Mountains : Unravelling the Secrets of the Snow Leopard","description":"A story of discovery, conservation and adventure on the trail of one of the most elusive and mysterious predators, brought to life by the world-leading expert on snow leopards.\r\nSilent, solitary and beautiful: snow leopards inhabit the cliffs and rugged mountains of central Asia at heights of over 3,000 metres. Thickly furred, with silver-grey pelts, they are so well camouflaged that they vanish into the rocky landscape.\r\nThe biologist and scientist Kulbhushansingh Suryawanshi - Kullu for short - has spent twenty years studying these elusive creatures in the mountainous wild, exploring their daily challenges, habitats and prey. Living for months at a time in some of the most difficult to reach places on earth, including Himalayan villages cut off from the world by the winter snow and the Gobi Desert, Kullu has developed new research that shines fresh light on these charismatic and vulnerable animals, and shows how entangled their survival is with the local people. \r\nCombining expert authority, groundbreaking science, a journey of discovery and storytelling of the highest order, The Ghost of the Mountains is a unique opportunity to see the world through the eyes of the snow leopard...\r","authors":["Kulbhushansingh Suryawanshi"],"category_codes":["4000000","4010000","4010300"],"visuals":{"large":"https:\/\/quaidesbrumes.com\/img\/book-placeholder.png","medium":"https:\/\/quaidesbrumes.com\/img\/book-placeholder.png","thumbnail":"https:\/\/quaidesbrumes.com\/img\/book-placeholder.png"},"orderable":false,"show_badge":true,"formatted_price":"27,70&nbsp;\u20ac","formatted_published_date":"13 ao\u00fbt 2026","publisher_availability_label":"\u00c0 para\u00eetre","short_details":"Kulbhushansingh Suryawanshi \u2014 Granta Books","translator":null,"weight":0,"page_count":304,"readership":null,"editor":"Granta Books","price":2770,"published_date":"2026-08-12T22:00:00.000000Z","support":"Grand format","publisher_availability":2,"stock":0,"editions":[],"url":"https:\/\/quaidesbrumes.com\/ouvrage\/9781803511849\/the-ghost-of-the-mountains-unravelling-the-secrets-of-the-snow-leopard"}]}