{"data":[{"id":"9782816025217","title":"Calendrier Arbres","description":null,"authors":["Collectif"],"category_codes":["4000000","4010000","4010400","4010406"],"visuals":{"large":"https:\/\/images.epagine.fr\/217\/9782816025217_1_75.jpg","medium":"https:\/\/images.epagine.fr\/217\/9782816025217_1_m.jpg","thumbnail":"https:\/\/images.epagine.fr\/217\/9782816025217_1_v.jpg"},"orderable":false,"show_badge":true,"formatted_price":"0,00&nbsp;\u20ac","formatted_published_date":"9 juillet 2026","publisher_availability_label":"\u00c0 para\u00eetre","short_details":"Collectif \u2014 \u00c9ditions Art\u00e9mis","translator":null,"weight":0,"page_count":24,"readership":null,"editor":"\u00c9ditions Art\u00e9mis","price":0,"published_date":"2026-07-08T22:00:00.000000Z","support":"Calendrier","publisher_availability":2,"stock":0,"editions":[],"url":"https:\/\/quaidesbrumes.com\/ouvrage\/9782816025217\/calendrier-arbres"},{"id":"9782816025286","title":"Calendrier English cottages","description":null,"authors":["Collectif"],"category_codes":["4000000","4010000","4010300"],"visuals":{"large":"https:\/\/images.epagine.fr\/286\/9782816025286_1_75.jpg","medium":"https:\/\/images.epagine.fr\/286\/9782816025286_1_m.jpg","thumbnail":"https:\/\/images.epagine.fr\/286\/9782816025286_1_v.jpg"},"orderable":false,"show_badge":true,"formatted_price":"0,00&nbsp;\u20ac","formatted_published_date":"9 juillet 2026","publisher_availability_label":"\u00c0 para\u00eetre","short_details":"Collectif \u2014 \u00c9ditions Art\u00e9mis","translator":null,"weight":0,"page_count":24,"readership":null,"editor":"\u00c9ditions Art\u00e9mis","price":0,"published_date":"2026-07-08T22:00:00.000000Z","support":"Calendrier","publisher_availability":2,"stock":0,"editions":[],"url":"https:\/\/quaidesbrumes.com\/ouvrage\/9782816025286\/calendrier-english-cottages"},{"id":"9782816025378","title":"Calendrier Fleurs","description":null,"authors":["Collectif"],"category_codes":["4000000","4010000","4010400","4010405"],"visuals":{"large":"https:\/\/images.epagine.fr\/378\/9782816025378_1_75.jpg","medium":"https:\/\/images.epagine.fr\/378\/9782816025378_1_m.jpg","thumbnail":"https:\/\/images.epagine.fr\/378\/9782816025378_1_v.jpg"},"orderable":false,"show_badge":true,"formatted_price":"0,00&nbsp;\u20ac","formatted_published_date":"9 juillet 2026","publisher_availability_label":"\u00c0 para\u00eetre","short_details":"Collectif \u2014 \u00c9ditions Art\u00e9mis","translator":null,"weight":0,"page_count":null,"readership":null,"editor":"\u00c9ditions Art\u00e9mis","price":0,"published_date":"2026-07-08T22:00:00.000000Z","support":"Calendrier","publisher_availability":2,"stock":0,"editions":[],"url":"https:\/\/quaidesbrumes.com\/ouvrage\/9782816025378\/calendrier-fleurs"},{"id":"9782816025408","title":"Calendrier Paysages zen","description":null,"authors":["Collectif"],"category_codes":["4000000","4010000","4010300"],"visuals":{"large":"https:\/\/images.epagine.fr\/408\/9782816025408_1_75.jpg","medium":"https:\/\/images.epagine.fr\/408\/9782816025408_1_m.jpg","thumbnail":"https:\/\/images.epagine.fr\/408\/9782816025408_1_v.jpg"},"orderable":false,"show_badge":true,"formatted_price":"0,00&nbsp;\u20ac","formatted_published_date":"9 juillet 2026","publisher_availability_label":"\u00c0 para\u00eetre","short_details":"Collectif \u2014 \u00c9ditions Art\u00e9mis","translator":null,"weight":0,"page_count":24,"readership":null,"editor":"\u00c9ditions Art\u00e9mis","price":0,"published_date":"2026-07-08T22:00:00.000000Z","support":"Calendrier","publisher_availability":2,"stock":0,"editions":[],"url":"https:\/\/quaidesbrumes.com\/ouvrage\/9782816025408\/calendrier-paysages-zen"},{"id":"9782816025460","title":"Calendrier Destination nature","description":null,"authors":["Collectif"],"category_codes":["4000000","4010000","4010300"],"visuals":{"large":"https:\/\/images.epagine.fr\/460\/9782816025460_1_75.jpg","medium":"https:\/\/images.epagine.fr\/460\/9782816025460_1_m.jpg","thumbnail":"https:\/\/images.epagine.fr\/460\/9782816025460_1_v.jpg"},"orderable":false,"show_badge":true,"formatted_price":"0,00&nbsp;\u20ac","formatted_published_date":"9 juillet 2026","publisher_availability_label":"\u00c0 para\u00eetre","short_details":"Collectif \u2014 \u00c9ditions Art\u00e9mis","translator":null,"weight":0,"page_count":24,"readership":null,"editor":"\u00c9ditions Art\u00e9mis","price":0,"published_date":"2026-07-08T22:00:00.000000Z","support":"Calendrier","publisher_availability":2,"stock":0,"editions":[],"url":"https:\/\/quaidesbrumes.com\/ouvrage\/9782816025460\/calendrier-destination-nature"},{"id":"9780691281674","title":"Wolf : The Illustrated Biography","description":"A stunningly illustrated exploration of the lives of wolves around the world\r\nHunted to near extinction, wolves evoke a sense of our planet's dwindling wildernesses. Rather than fear them, we should better understand the crucial role they play in ecosystems throughout the world. This engaging, fact-filled book shares insights into the family histories, relationships, and significant life challenges of wolves while linking them to broader questions about wildlife conservation and management. Written by a world-renowned expert in wolf behavior and reintroduction, Wolf: The Illustrated Biography offers a unique perspective on these charismatic animals, charting the life stories of wolves in all their diversity and complexity.\r\n\r\nProfiles wolves from North America, Europe, and Asia, describing their key characteristics, habitats, distinguishing features, common prey, and distinctive behaviors\r\nDiscusses evolutionary history, biology, ecology, taxonomy, and past and current geographical distribution\r\nCovers key stages in the lives of wolves, from pregnancy and den building to birth and adolescence, play fights and learning to hunt, traveling with and leaving the pack, social hierarchy and bonds within packs, communication, territoriality, and more\r\nEmphasizes the leadership role of alpha females in the everyday life of the pack\r\nExplores the complex relationship between wolves and humans throughout history\r\nConsiders the prospects for wolf populations in an age of accelerating environmental degradation","authors":["Douglas W. Smith"],"category_codes":["4000000","4010000","4010300"],"visuals":{"large":"https:\/\/images.epagine.fr\/674\/9780691281674_1_75.jpg","medium":"https:\/\/images.epagine.fr\/674\/9780691281674_1_m.jpg","thumbnail":"https:\/\/images.epagine.fr\/674\/9780691281674_1_v.jpg"},"orderable":false,"show_badge":true,"formatted_price":"40,60&nbsp;\u20ac","formatted_published_date":"23 juin 2026","publisher_availability_label":"\u00c0 para\u00eetre","short_details":"Douglas W. Smith \u2014 Princeton Architectural","translator":null,"weight":0,"page_count":224,"readership":null,"editor":"Princeton Architectural","price":4060,"published_date":"2026-06-22T22:00:00.000000Z","support":"Grand format","publisher_availability":2,"stock":0,"editions":[],"url":"https:\/\/quaidesbrumes.com\/ouvrage\/9780691281674\/wolf-the-illustrated-biography"},{"id":"9781805221401","title":"Boglands : The Hidden World of Earth's Most Extraordinary Ecosystems","description":"Bogs form from an overabundance of death, organic matter breaking down to form layer upon layer of peat. That peat gives rise to lifeforms that challenge our understanding of biology itself: amphibian-eating plants and acid-flinging mosses, plant clones that span thousands of square miles and subterranean 'zombie' fires which smoulder under peat for years at a time. These fecund, sumptuous places have an ecology like nowhere else.\r\nRanging from Greece, home to the world's oldest bog, to Antarctica's proto-bogs, Merritt Turetsky guides us through these dark, vertical landscapes which archive millennia of Earth's history and shelter some of Earth's rarest and most precious organisms. A glorious marriage of nature and science, Boglands will irrevocably change the way you see the natural world.","authors":["Merritt Turetsky"],"category_codes":["4000000","4010000","4010300"],"visuals":{"large":"https:\/\/images.epagine.fr\/401\/9781805221401_1_75.jpg","medium":"https:\/\/images.epagine.fr\/401\/9781805221401_1_m.jpg","thumbnail":"https:\/\/images.epagine.fr\/401\/9781805221401_1_v.jpg"},"orderable":false,"show_badge":true,"formatted_price":"33,80&nbsp;\u20ac","formatted_published_date":"17 septembre 2026","publisher_availability_label":"\u00c0 para\u00eetre","short_details":"Merritt Turetsky \u2014 Profile Books","translator":null,"weight":0,"page_count":320,"readership":null,"editor":"Profile Books","price":3380,"published_date":"2026-09-16T22:00:00.000000Z","support":"Grand format","publisher_availability":2,"stock":0,"editions":[],"url":"https:\/\/quaidesbrumes.com\/ouvrage\/9781805221401\/boglands-the-hidden-world-of-earths-most-extraordinary-ecosystems"},{"id":"9782271157379","title":"Plasticologie. 50 scientifiques prennent la parole","description":null,"authors":["Jean-Fran\u00e7ois Ghiglione","Pome Bernos","Nelly Pons"],"category_codes":["4000000","4010000","4010200","4010207"],"visuals":{"large":"https:\/\/quaidesbrumes.com\/img\/book-placeholder.png","medium":"https:\/\/quaidesbrumes.com\/img\/book-placeholder.png","thumbnail":"https:\/\/quaidesbrumes.com\/img\/book-placeholder.png"},"orderable":false,"show_badge":true,"formatted_price":"18,00&nbsp;\u20ac","formatted_published_date":"3 septembre 2026","publisher_availability_label":"\u00c0 para\u00eetre","short_details":"Jean-Fran\u00e7ois Ghiglione, Pome Bernos, Nelly Pons \u2014 CNRS","translator":null,"weight":0,"page_count":144,"readership":null,"editor":"CNRS","price":1800,"published_date":"2026-09-02T22:00:00.000000Z","support":"Grand format","publisher_availability":2,"stock":0,"editions":[],"url":"https:\/\/quaidesbrumes.com\/ouvrage\/9782271157379\/plasticologie-50-scientifiques-prennent-la-parole"},{"id":"9782330224080","title":"L'origine du monde : Une histoire naturelle du sol \u00e0 l'attention de ceux qui le pi\u00e9tinent","description":"Le sol que nous pi\u00e9tinons n'est rien de moins que l'origine du monde. Il h\u00e9berge la plus grande fraction de la biodiversit\u00e9 et la plus grande diversit\u00e9 des m\u00e9canismes qui permettent le fonctionnement des \u00e9cosyst\u00e8mes. Ce n'est que tr\u00e8s r\u00e9cemment que nous avons pris conscience de son importance et des menaces qui p\u00e8sent sur lui. Marc-Andr\u00e9 Selosse nous propose un p\u00e9riple souterrain pour d\u00e9couvrir le sol et mieux le comprendre.","authors":["Marc-Andr\u00e9 Selosse","Arnaud Rafaelian"],"category_codes":["4000000","4010000","4010300"],"visuals":{"large":"https:\/\/quaidesbrumes.com\/img\/book-placeholder.png","medium":"https:\/\/quaidesbrumes.com\/img\/book-placeholder.png","thumbnail":"https:\/\/quaidesbrumes.com\/img\/book-placeholder.png"},"orderable":false,"show_badge":true,"formatted_price":"11,40&nbsp;\u20ac","formatted_published_date":"16 septembre 2026","publisher_availability_label":"\u00c0 para\u00eetre","short_details":"Marc-Andr\u00e9 Selosse, Arnaud Rafaelian \u2014 Actes Sud","translator":null,"weight":0,"page_count":512,"readership":null,"editor":"Actes Sud","price":1140,"published_date":"2026-09-15T22:00:00.000000Z","support":"Poche","publisher_availability":2,"stock":0,"editions":[],"url":"https:\/\/quaidesbrumes.com\/ouvrage\/9782330224080\/lorigine-du-monde-une-histoire-naturelle-du-sol-a-lattention-de-ceux-qui-le-pietinent"},{"id":"9782412108222","title":"Le Petit guide de la p\u00eache \u00e0 pied","description":"Transformez vos sorties en bord de mer en v\u00e9ritables exp\u00e9ditions familiales ! \r\n70 fiches d'identification des esp\u00e8ces du bord de mer\r\nAvec les tailles et saisons r\u00e9glementaires de la p\u00eache \u00e0 pied\r\nL'aventure commence quand la mer se retire ! Transformez vos sorties en bord de mer en v\u00e9ritables exp\u00e9ditions familiales ! Ce guide vous invite \u00e0 explorer l'univers fascinant de l'estran, cet espace magique qui se r\u00e9v\u00e8le \u00e0 mar\u00e9e basse et regorge de vie insoup\u00e7onn\u00e9e.\r\nO\u00f9 chercher, comment reconna\u00eetre les esp\u00e8ces, p\u00e9riodes de p\u00eache autoris\u00e9s, tailles r\u00e9glementaires... Un petit guide facile \u00e0 emporter avec soi lors de sa p\u00eache \u00e0 pied !","authors":["Franck Delisle"],"category_codes":["4000000","4010000","4010500","4010502"],"visuals":{"large":"https:\/\/images.epagine.fr\/222\/9782412108222_1_75.jpg","medium":"https:\/\/images.epagine.fr\/222\/9782412108222_1_m.jpg","thumbnail":"https:\/\/images.epagine.fr\/222\/9782412108222_1_v.jpg"},"orderable":false,"show_badge":true,"formatted_price":"4,50&nbsp;\u20ac","formatted_published_date":"28 mai 2026","publisher_availability_label":"\u00c0 para\u00eetre","short_details":"Franck Delisle \u2014 First \u00c9ditions","translator":null,"weight":0,"page_count":160,"readership":null,"editor":"First \u00c9ditions","price":450,"published_date":"2026-05-27T22:00:00.000000Z","support":"Grand format","publisher_availability":2,"stock":0,"editions":[],"url":"https:\/\/quaidesbrumes.com\/ouvrage\/9782412108222\/le-petit-guide-de-la-peche-a-pied"},{"id":"9782226514110","title":"Ce paradis de glace (Espaces Libres - Autour du monde)","description":null,"authors":["Gretel Ehrlich","Mikaa Blugeon-Mered"],"category_codes":["4000000","4010000","4010200","4010207"],"visuals":{"large":"https:\/\/quaidesbrumes.com\/img\/book-placeholder.png","medium":"https:\/\/quaidesbrumes.com\/img\/book-placeholder.png","thumbnail":"https:\/\/quaidesbrumes.com\/img\/book-placeholder.png"},"orderable":false,"show_badge":true,"formatted_price":"12,50&nbsp;\u20ac","formatted_published_date":"2 septembre 2026","publisher_availability_label":"\u00c0 para\u00eetre","short_details":"Gretel Ehrlich, Mikaa Blugeon-Mered \u2014 Albin Michel","translator":null,"weight":0,"page_count":null,"readership":null,"editor":"Albin Michel","price":1250,"published_date":"2026-09-01T22:00:00.000000Z","support":"Poche","publisher_availability":2,"stock":0,"editions":[],"url":"https:\/\/quaidesbrumes.com\/ouvrage\/9782226514110\/ce-paradis-de-glace-espaces-libres-autour-du-monde"},{"id":"9782737358234","title":"Plantes de montagne","description":"Huiles essentielles - tisanes - eaux florales. Tout pour se soigner au quotidien. De l'incontournable camomille, \u00e0 l'arnica en passant par la verveine, la richesse botanique des plantes de montagne permet de soigner de tr\u00e8s nombreuses affections. Que l'on ait des probl\u00e8mes de sommeil, un rhume ou une fatigue passag\u00e8re, toutes les solutions naturelles sont dans ce livre. Liant aromath\u00e9rapie, phytoth\u00e9rapie et hydroth\u00e9rapie, les recettes propos\u00e9es deviendront des incontournables pour toute la famille. Sant\u00e9, beaut\u00e9, et produits pour l'entretien de la maison vous accompagneront au quotidien tout au long de l'ann\u00e9e.","authors":["Marie-laure Babelon"],"category_codes":["4000000","4010000","4010400"],"visuals":{"large":"https:\/\/images.epagine.fr\/234\/9782737358234_1_75.jpg","medium":"https:\/\/images.epagine.fr\/234\/9782737358234_1_m.jpg","thumbnail":"https:\/\/images.epagine.fr\/234\/9782737358234_1_v.jpg"},"orderable":true,"show_badge":true,"formatted_price":"5,00&nbsp;\u20ac","formatted_published_date":"19 janvier 2013","publisher_availability_label":"Sur commande","short_details":"Marie-laure Babelon \u2014 \u00c9ditions Ouest-France","translator":null,"weight":290,"page_count":96,"readership":null,"editor":"\u00c9ditions Ouest-France","price":500,"published_date":"2013-01-18T23:00:00.000000Z","support":"Grand format","publisher_availability":1,"stock":0,"editions":[],"url":"https:\/\/quaidesbrumes.com\/ouvrage\/9782737358234\/plantes-de-montagne"},{"id":"9782717872491","title":"\u00c9conomie du transport","description":"Ce livre propose un point tr\u00e8s complet de l'\u00e9conomie des transports, un domaine en profonde mutation. \r\nLes transformations du monde moderne, avec la n\u00e9cessaire transition \u00e9cologique, ont conduit \u00e0 renouveler les outils d'analyse afin d'appr\u00e9hender ces \u00e9volutions et de mieux \u00e9clairer les politiques de transport et de mobilit\u00e9 dans ce nouveau contexte. \r\nL'ouvrage rappelle les grands principes de l'\u00e9conomie des transports et pr\u00e9sente ses \u00e9volutions r\u00e9centes.","authors":["Nicolas Coulombel","David Meunier","Emile Quinet"],"category_codes":["4000000","4010000","4010200","4010208"],"visuals":{"large":"https:\/\/images.epagine.fr\/491\/9782717872491_1_75.jpg","medium":"https:\/\/images.epagine.fr\/491\/9782717872491_1_m.jpg","thumbnail":"https:\/\/images.epagine.fr\/491\/9782717872491_1_v.jpg"},"orderable":true,"show_badge":true,"formatted_price":"47,00&nbsp;\u20ac","formatted_published_date":"26 janvier 2024","publisher_availability_label":"Sur commande","short_details":"Nicolas Coulombel, David Meunier, Emile Quinet \u2014 ECONOMICA","translator":null,"weight":800,"page_count":440,"readership":null,"editor":"ECONOMICA","price":4700,"published_date":"2024-01-25T23:00:00.000000Z","support":"Grand format","publisher_availability":1,"stock":0,"editions":[],"url":"https:\/\/quaidesbrumes.com\/ouvrage\/9782717872491\/economie-du-transport"},{"id":"9782816025392","title":"Calendrier Flower power","description":null,"authors":["Collectif"],"category_codes":["4000000","4010000","4010300"],"visuals":{"large":"https:\/\/images.epagine.fr\/392\/9782816025392_1_75.jpg","medium":"https:\/\/images.epagine.fr\/392\/9782816025392_1_m.jpg","thumbnail":"https:\/\/images.epagine.fr\/392\/9782816025392_1_v.jpg"},"orderable":false,"show_badge":true,"formatted_price":"0,00&nbsp;\u20ac","formatted_published_date":"9 juillet 2026","publisher_availability_label":"\u00c0 para\u00eetre","short_details":"Collectif \u2014 \u00c9ditions Art\u00e9mis","translator":null,"weight":0,"page_count":24,"readership":null,"editor":"\u00c9ditions Art\u00e9mis","price":0,"published_date":"2026-07-08T22:00:00.000000Z","support":"Calendrier","publisher_availability":2,"stock":0,"editions":[],"url":"https:\/\/quaidesbrumes.com\/ouvrage\/9782816025392\/calendrier-flower-power"},{"id":"9782866793845","title":"Piete filiale","description":"Toute sa vie, Ren\u00e9 P\u00e9chard a partag\u00e9 la  solitude de l'orphelin, l'humiliation du r\u00e9fugi\u00e9, la d\u00e9tresse du sans-papiers, la d\u00e9r\u00e9liction du prisonnier, l'opprobre du calomni\u00e9.\r\nD\u00e9livr\u00e9 des prisons vietminhs o\u00f9 l'avaient enferm\u00e9 durant sept ann\u00e9es les errances de la guerre, il fonde l'Association pour la Protection de l'Enfance du Laos puis Enfants du M\u00e9kong. Il \u00e9t\u00e9 un p\u00e8re pour des milliers de jeunes asiatiques qu'il a conduit de l'affectivit\u00e9 \u00e0 l'amour, de la complaisance au pardon, des certitudes \u00e0 la foi...\r\n\" Pi\u00e9t\u00e9 filiale \" est l'expression de leur reconnaissance. Ce livre, prenant la forme d'un dialogue foisonnant d'anecdotes, t\u00e9moigne d'un \u00e9tonnant compagnonnage entre deux itin\u00e9raires que tout aurait d\u00fb s\u00e9parer mais que la mort elle-m\u00eame n'a pas interrompu.\r\nLe lecteur resterait incr\u00e9dule devant un tel destin si quelque cinq cents documents rassembl\u00e9s sur le CD-Rom annex\u00e9 ne venaient l'authentifier. L'ouvrage se veut pierre d'attente pour un \u00e9difice \u00e0 construire par ceux qui d\u00e9couvriront dans la vie hors normes de Ren\u00e9 P\u00e9chard. Une voie ouverte \u00e0 tous, et d'abord aux plus d\u00e9munis, aux plus spoli\u00e9s, aux plus diffam\u00e9s. Une extraordinaire aventure humaine et spirituelle enfin d\u00e9voil\u00e9e.\r","authors":["Jean-claude Didelot"],"category_codes":["4000000","4010000","4010200","4010208"],"visuals":{"large":"https:\/\/images.epagine.fr\/845\/9782866793845_1_75.jpg","medium":"https:\/\/images.epagine.fr\/845\/9782866793845_1_m.jpg","thumbnail":"https:\/\/images.epagine.fr\/845\/9782866793845_1_v.jpg"},"orderable":true,"show_badge":true,"formatted_price":"20,01&nbsp;\u20ac","formatted_published_date":"5 mai 2004","publisher_availability_label":"Sur commande","short_details":"Jean-claude Didelot \u2014 Jubile - Le Sarment Editions","translator":null,"weight":420,"page_count":380,"readership":null,"editor":"Jubile - Le Sarment Editions","price":2001,"published_date":"2004-05-04T22:00:00.000000Z","support":"Grand format","publisher_availability":1,"stock":0,"editions":[],"url":"https:\/\/quaidesbrumes.com\/ouvrage\/9782866793845\/piete-filiale"},{"id":"9781577312437","title":"Learning Their Language : Intuitive Communication with Animals and Nature","description":null,"authors":["Marta Williams"],"category_codes":["4000000","4010000","4010300"],"visuals":{"large":"https:\/\/images.epagine.fr\/437\/9781577312437_1_75.jpg","medium":"https:\/\/images.epagine.fr\/437\/9781577312437_1_m.jpg","thumbnail":"https:\/\/images.epagine.fr\/437\/9781577312437_1_v.jpg"},"orderable":true,"show_badge":true,"formatted_price":"20,50&nbsp;\u20ac","formatted_published_date":"10 avril 2003","publisher_availability_label":"Sur commande","short_details":"Marta Williams \u2014 New World Library","translator":null,"weight":340,"page_count":256,"readership":null,"editor":"New World Library","price":2050,"published_date":"2003-04-09T22:00:00.000000Z","support":"Grand format","publisher_availability":1,"stock":0,"editions":[],"url":"https:\/\/quaidesbrumes.com\/ouvrage\/9781577312437\/learning-their-language-intuitive-communication-with-animals-and-nature"},{"id":"9782296121034","title":"Dictionnaire des d\u00e9chets sauvages","description":"D\u00e9bris plastiques de toutes tailles dans les oc\u00e9ans, anciennes d\u00e9charges n'en finissant pas de recracher leurs d\u00e9chets, cotons-tiges ou ballons de baudruche d\u00e9gonfl\u00e9s sur les plages, bouteilles d'urine et autres immondices sur les bords de route, emballages plastiques emmaillotant les arbustes, filets-fant\u00f4mes continuant \u00e0 pi\u00e9ger la faune marine, d\u00e9chets de guerre que l'on retrouve plus d'un si\u00e8cle apr\u00e8s la fin du conflit... La liste des d\u00e9chets \u00e9chou\u00e9s dans la nature pourrait remplir de tr\u00e8s nombreuses pages. Ces objets innombrables proviennent des activit\u00e9s humaines, mais, sortis des circuits ordinaires d'usage et de gestion, se trouvent livr\u00e9s aux milieux qu'ils traversent ou occupent. Ces d\u00e9chets sauvages, en raison des images de la nature d\u00e9grad\u00e9e qu'ils offrent, et de leur impact r\u00e9el sur les \u00e9cosyst\u00e8mes, sont devenus l'un des symboles de la crise environnementale. Le Dictionnaire des d\u00e9chets sauvages propose une lecture in\u00e9dite d'un ph\u00e9nom\u00e8ne que chacun observe mais qu'il est difficile d'appr\u00e9hender dans toute sa complexit\u00e9. Il d\u00e9cline, avec ses cinquante-quatre entr\u00e9es, un tableau non exhaustif mais large et argument\u00e9 des connaissances relatives au ph\u00e9nom\u00e8ne et aux actions qui cherchent \u00e0 l'endiguer. Il mobilise des chercheurs des sciences de la nature et des sciences historiques et sociales, des militants reconnus pour leurs engagements, mais aussi des journalistes, des \u00e9crivains et des politiques. Les contributions conjuguent l\u00e9g\u00e8ret\u00e9 et rigueur, expertise et accessibilit\u00e9. L'ouvrage est aussi illustr\u00e9 d'un personnage qui, au fil des pages, interpelle le lecteur par sa tendre na\u00efvet\u00e9. Le Dictionnaire des d\u00e9chets sauvages a \u00e9t\u00e9 \u00e9labor\u00e9 \u00e0 l'initiative du R\u00e9seau d\u00e9chets sauvages (R\u00c9D\u00c9SA) qui, depuis une dizaine d'ann\u00e9es, s'investit pour mieux faire conna\u00eetre les impacts des d\u00e9chets sur la nature. Il a b\u00e9n\u00e9fici\u00e9 du soutien financier du minist\u00e8re de la Transition \u00e9cologique.","authors":["Lucio Merckaert-Ribeiro","Denis Blot","Julie D\u00e9sert"],"category_codes":["4000000","4010000","4010200"],"visuals":{"large":"https:\/\/images.epagine.fr\/034\/9782296121034_1_75.jpg","medium":"https:\/\/images.epagine.fr\/034\/9782296121034_1_m.jpg","thumbnail":"https:\/\/images.epagine.fr\/034\/9782296121034_1_v.jpg"},"orderable":true,"show_badge":true,"formatted_price":"19,00&nbsp;\u20ac","formatted_published_date":"14 avril 2026","publisher_availability_label":"Sur commande","short_details":"Lucio Merckaert-Ribeiro, Denis Blot, Julie D\u00e9sert \u2014 La Licorne","translator":null,"weight":324,"page_count":256,"readership":null,"editor":"La Licorne","price":1900,"published_date":"2026-04-13T22:00:00.000000Z","support":"Grand format","publisher_availability":1,"stock":0,"editions":[],"url":"https:\/\/quaidesbrumes.com\/ouvrage\/9782296121034\/dictionnaire-des-dechets-sauvages"},{"id":"9782850613364","title":"Sous le sol - Une descente dans les sites de stockage de r\u00e9sidus industriels","description":"Du sous-sol, on sait que des ressources en sont extraites ; on sait moins que d'autres y sont enfouies. C'est que les mines ne sont pas seulement le berceau des r\u00e9volutions industrielles, elles sont aussi le r\u00e9ceptacle de ses produits d\u00e9riv\u00e9s, qu'il s'agisse de d\u00e9chets industriels ou de CO2.\r\nFaute d'y descendre, nous ignorons pour la plupart qu'une vie parall\u00e8le se trame sous nos pieds, dans les tr\u00e9fonds de la terre. Du sous-sol, on sait que des ressources en sont extraites ; on sait moins ce que l'on y enfouit d\u00e9sormais. C'est que les mines ne sont pas seulement le berceau des r\u00e9volutions industrielles, elles sont aussi le r\u00e9ceptacle de ses produits d\u00e9riv\u00e9s, qu'il s'agisse de d\u00e9chets industriels ou de CO2. \r\nDans ce livre \u00e0 la tonalit\u00e9 narrative, Lisa Claussmann explore d'anciennes mines reconverties en sites d'enfouissement de d\u00e9chets industriels dangereux ou de stockage g\u00e9ologique de dioxyde de carbone industriel - des espaces difficiles d'acc\u00e8s, cach\u00e9s \u00e0 la vue. En nous racontant ce qui s'est pass\u00e9 ou se passe sous nos pieds - sous les villages dans lesquels nous aimons nous promener, sous les eaux dans lesquelles nous baignons, \u00e0 proximit\u00e9 d'espaces prot\u00e9g\u00e9s -, elle propose une autre histoire de la croissance et r\u00e9v\u00e8le un monde parall\u00e8le, au coeur des paradoxes de notre modernit\u00e9 \u00e9cologique. Un monde tenu \u00e0 distance qui fait du sous-sol le commencement et la fin du progr\u00e8s industriel.","authors":["Lisa Claussmann"],"category_codes":["4000000","4010000","4010200","4010207"],"visuals":{"large":"https:\/\/images.epagine.fr\/364\/9782850613364_1_75.jpg","medium":"https:\/\/images.epagine.fr\/364\/9782850613364_1_m.jpg","thumbnail":"https:\/\/images.epagine.fr\/364\/9782850613364_1_v.jpg"},"orderable":false,"show_badge":true,"formatted_price":"9,50&nbsp;\u20ac","formatted_published_date":"27 ao\u00fbt 2026","publisher_availability_label":"\u00c0 para\u00eetre","short_details":"Lisa Claussmann \u2014 Premier Parall\u00e8le","translator":null,"weight":0,"page_count":null,"readership":null,"editor":"Premier Parall\u00e8le","price":950,"published_date":"2026-08-26T22:00:00.000000Z","support":"Grand format","publisher_availability":2,"stock":0,"editions":[],"url":"https:\/\/quaidesbrumes.com\/ouvrage\/9782850613364\/sous-le-sol-une-descente-dans-les-sites-de-stockage-de-residus-industriels"},{"id":"9782603032213","title":"Sur la piste de la loutre","description":null,"authors":["Balanca","Cocherel"],"category_codes":["4000000","4010000"],"visuals":{"large":"https:\/\/quaidesbrumes.com\/img\/book-placeholder.png","medium":"https:\/\/quaidesbrumes.com\/img\/book-placeholder.png","thumbnail":"https:\/\/quaidesbrumes.com\/img\/book-placeholder.png"},"orderable":false,"show_badge":true,"formatted_price":"32,90&nbsp;\u20ac","formatted_published_date":"18 septembre 2026","publisher_availability_label":"\u00c0 para\u00eetre","short_details":"Balanca, Cocherel \u2014 Delachaux & Niestl\u00e9","translator":null,"weight":0,"page_count":null,"readership":null,"editor":"Delachaux & Niestl\u00e9","price":3290,"published_date":"2026-09-17T22:00:00.000000Z","support":"Grand format","publisher_availability":2,"stock":0,"editions":[],"url":"https:\/\/quaidesbrumes.com\/ouvrage\/9782603032213\/sur-la-piste-de-la-loutre"},{"id":"9782603033074","title":"Guide delachaux du pisteur debutant - nouvelle edition","description":null,"authors":["Albouy","Kokay"],"category_codes":["4000000","4010000","4010300"],"visuals":{"large":"https:\/\/quaidesbrumes.com\/img\/book-placeholder.png","medium":"https:\/\/quaidesbrumes.com\/img\/book-placeholder.png","thumbnail":"https:\/\/quaidesbrumes.com\/img\/book-placeholder.png"},"orderable":false,"show_badge":true,"formatted_price":"14,95&nbsp;\u20ac","formatted_published_date":"4 septembre 2026","publisher_availability_label":"\u00c0 para\u00eetre","short_details":"Albouy, Kokay \u2014 Delachaux & Niestl\u00e9","translator":null,"weight":0,"page_count":null,"readership":null,"editor":"Delachaux & Niestl\u00e9","price":1495,"published_date":"2026-09-03T22:00:00.000000Z","support":"Grand format","publisher_availability":2,"stock":0,"editions":[],"url":"https:\/\/quaidesbrumes.com\/ouvrage\/9782603033074\/guide-delachaux-du-pisteur-debutant-nouvelle-edition"},{"id":"9782603031926","title":"Le petit livre de la meteo","description":null,"authors":["Richard Denis"],"category_codes":["4000000","4010000","4010300","4010303"],"visuals":{"large":"https:\/\/images.epagine.fr\/926\/9782603031926_1_75.jpg","medium":"https:\/\/images.epagine.fr\/926\/9782603031926_1_m.jpg","thumbnail":"https:\/\/images.epagine.fr\/926\/9782603031926_1_v.jpg"},"orderable":false,"show_badge":true,"formatted_price":"14,90&nbsp;\u20ac","formatted_published_date":"29 mai 2026","publisher_availability_label":"\u00c0 para\u00eetre","short_details":"Richard Denis \u2014 Delachaux & Niestl\u00e9","translator":null,"weight":0,"page_count":null,"readership":null,"editor":"Delachaux & Niestl\u00e9","price":1490,"published_date":"2026-05-28T22:00:00.000000Z","support":"Grand format","publisher_availability":2,"stock":0,"editions":[],"url":"https:\/\/quaidesbrumes.com\/ouvrage\/9782603031926\/le-petit-livre-de-la-meteo"},{"id":"9782709929295","title":"Natura maxima : Equateur, terre de biodiversit\u00e9","description":"Des sommets andins \u00e0 la for\u00eat amazonienne et jusqu'aux Galapagos, l'\u00c9quateur, zone de forte biodiversit\u00e9 mondiale, abrite une faune et une flore uniques au monde.\r\nLes photos exceptionnelles pr\u00e9sent\u00e9es dans cet ouvrage en t\u00e9moignent : les portraits sur le vif d'un condor ou d'un tapir des Andes, d'un renard remontant la pente enneig\u00e9e d'un volcan, d'un iguane marin sur la plage ou encore d'une orchid\u00e9e dans la for\u00eat de nuages sont autant d'instants magiques captur\u00e9s au c\u00bdur des \u00e9cosyst\u00e8mes.\r\nFace \u00e0 la beaut\u00e9 saisissante de ces images, le lecteur, guid\u00e9 par un texte accessible \u00e0 tous et fond\u00e9 sur une profonde connaissance scientifique, est amen\u00e9 \u00e0 mieux comprendre le pourquoi d'une telle diversit\u00e9 et la multiplicit\u00e9 des interactions \u00e0 l'origine du fonctionnement des \u00e9cosyst\u00e8mes. Mieux comprendre pour mieux prot\u00e9ger : en utilisant la photographie comme un v\u00e9ritable app\u00e2t visuel, Natura Maxima est un formidable livre \u00e9ducatif au service de la biodiversit\u00e9 !\r","authors":["Olivier Dangles","Fran\u00e7ois Nowicki"],"category_codes":["4000000","4010000","4010300"],"visuals":{"large":"https:\/\/images.epagine.fr\/295\/9782709929295_1_75.jpg","medium":"https:\/\/images.epagine.fr\/295\/9782709929295_1_m.jpg","thumbnail":"https:\/\/images.epagine.fr\/295\/9782709929295_1_v.jpg"},"orderable":true,"show_badge":true,"formatted_price":"35,00&nbsp;\u20ac","formatted_published_date":"14 avril 2022","publisher_availability_label":"Sur commande","short_details":"Olivier Dangles, Fran\u00e7ois Nowicki \u2014 IRD","translator":null,"weight":1982,"page_count":254,"readership":null,"editor":"IRD","price":3500,"published_date":"2022-04-13T22:00:00.000000Z","support":"Grand format","publisher_availability":1,"stock":0,"editions":[],"url":"https:\/\/quaidesbrumes.com\/ouvrage\/9782709929295\/natura-maxima-equateur-terre-de-biodiversite"},{"id":"9782336430805","title":"L'eau pour tous, tous pour l'eau : plaidoyer pour garantir un acc\u00e8s universel \u00e0 l'eau potable","description":"Cet ouvrage est un plaidoyer en faveur de l'Objectif de D\u00e9veloppement Durable n\u00b06. Mais, pour rendre accessible \u00e0 tous, partout dans le monde, une eau potable de qualit\u00e9, les probl\u00e9matiques \u00e0 surmonter sont multiples : rar\u00e9faction de l'eau qu'il faut mieux prot\u00e9ger et \u00e9conomiser ; sujet du prix de l'eau, ou plut\u00f4t de son co\u00fbt, qui doit \u00eatre accessible \u00e0 tous ; enjeu du partage de l'eau qui n\u00e9cessite un partenariat \u00e0 l'\u00e9chelle de bassins, parfois transfrontaliers...\r\nFace \u00e0 ces d\u00e9fis, une certitude se dessine. Ce n'est que par la mobilisation de chacun, individuellement, et de la soci\u00e9t\u00e9 civile, de fa\u00e7on collective, que les choses pourront r\u00e9ellement avancer.  \r\nLa pression sur les \u00c9tats doit \u00eatre constante afin qu'ils se donnent v\u00e9ritablement les moyens d'atteindre l'O.D.D. n\u00b06 \u00e0 l'horizon 2030.","authors":["Andr\u00e9 Viola"],"category_codes":["4000000","4010000","4010200","4010208"],"visuals":{"large":"https:\/\/images.epagine.fr\/805\/9782336430805_1_75.jpg","medium":"https:\/\/images.epagine.fr\/805\/9782336430805_1_m.jpg","thumbnail":"https:\/\/images.epagine.fr\/805\/9782336430805_1_v.jpg"},"orderable":true,"show_badge":true,"formatted_price":"21,00&nbsp;\u20ac","formatted_published_date":"15 f\u00e9vrier 2024","publisher_availability_label":"Sur commande","short_details":"Andr\u00e9 Viola \u2014 \u00c9ditions L'Harmattan","translator":null,"weight":228,"page_count":190,"readership":null,"editor":"\u00c9ditions L'Harmattan","price":2100,"published_date":"2024-02-14T23:00:00.000000Z","support":"Grand format","publisher_availability":1,"stock":0,"editions":[],"url":"https:\/\/quaidesbrumes.com\/ouvrage\/9782336430805\/leau-pour-tous-tous-pour-leau-plaidoyer-pour-garantir-un-acces-universel-a-leau-potable"},{"id":"9781784059866","title":"L'inventaire de la biodiversit\u00e9 aujourd'hui : Nouvelles m\u00e9thodes et d\u00e9couvertes","description":"Notre connaissance du vivant est encore tr\u00e8s limit\u00e9e, moins de 20% des esp\u00e8ces pr\u00e9sentes sur terre sont \u00e0 ce jour connues. Il est donc indispensable d'accro\u00eetre notre travail d'inventaire de la biodiversit\u00e9. C'est le but de la recherche scientifique, mais c'est aussi une responsabilit\u00e9 vitale \u00e0 l'heure de la sixi\u00e8me extinction. Alors qu'un contre-la-montre est engag\u00e9 puisque de nombreuses esp\u00e8ces dispara\u00eetront avant d'avoir pu \u00eatre d\u00e9crites, cet inventaire constitue d\u00e9sormais un d\u00e9fi majeur.Fruit de la collaboration de nombreux chercheurs de l'Institut de syst\u00e9matique, \u00e9volution, biodiversit\u00e9 (ISYEB) et d'autres institutions, L'inventaire de la biodiversit\u00e9 aujourd'hui pr\u00e9sente les m\u00e9thodes les plus r\u00e9centes de collecte de donn\u00e9es sur le terrain et d'analyse. Les strat\u00e9gies se sont diversifi\u00e9es et fournissent des donn\u00e9es in\u00e9dites de plus en plus pr\u00e9cises sur un nombre grandissant de sp\u00e9cimens. Toutes ces donn\u00e9es sont int\u00e9gr\u00e9es pour d\u00e9limiter et d\u00e9crire les esp\u00e8ces vivantes, et sont accessibles au plus grand nombre pour agir au quotidien afin de mieux comprendre et pr\u00e9server notre plan\u00e8te.","authors":["Violaine Nicolas"],"category_codes":["4000000","4010000","4010200"],"visuals":{"large":"https:\/\/images.epagine.fr\/866\/9781784059866_1_75.jpg","medium":"https:\/\/images.epagine.fr\/866\/9781784059866_1_m.jpg","thumbnail":"https:\/\/images.epagine.fr\/866\/9781784059866_1_v.jpg"},"orderable":true,"show_badge":true,"formatted_price":"90,73&nbsp;\u20ac","formatted_published_date":"19 f\u00e9vrier 2024","publisher_availability_label":"Sur commande","short_details":"Violaine Nicolas \u2014 Iste","translator":null,"weight":0,"page_count":246,"readership":null,"editor":"Iste","price":9073,"published_date":"2024-02-18T23:00:00.000000Z","support":"Grand format","publisher_availability":1,"stock":0,"editions":[],"url":"https:\/\/quaidesbrumes.com\/ouvrage\/9781784059866\/linventaire-de-la-biodiversite-aujourdhui-nouvelles-methodes-et-decouvertes"}]}