{"data":[{"id":"9782743023935","title":"Introduction \u00e0 l'\u00e9cologie de la conservation ; la protection de la nature pour une humanit\u00e9 durable","description":"La crise \u00e9cologique globale, dont les changements climatiques ne sont qu'un des aspects, certes le plus perceptible, confronte de nos jours l'humanit\u00e9 de fa\u00e7on sans cesse plus inqui\u00e9tante \u00e0 un d\u00e9fi plan\u00e9taire : celui de sa propre survie.\r\n\r\nL'\u00e9rosion permanente, voire l'\u00e9radication de surfaces toujours plus \u00e9tendues d'habitats naturels et la r\u00e9gression de la biodiversit\u00e9 marqu\u00e9e par une acc\u00e9l\u00e9ration constante de la disparition d'esp\u00e8ces vivantes constituent aussi une des cons\u00e9quences les plus redoutables de cette crise car elle affecte directement l'homme. Les populations, d\u00e9j\u00e0 trop nombreuses, consomment de fa\u00e7on irr\u00e9fl\u00e9chie et excessive les ressources naturelles plan\u00e9taires, bien au-del\u00e0 de leur taux de renouvellement spontan\u00e9.\r\n\r\nCet ouvrage a pour objet de faire une analyse approfondie des modalit\u00e9s par lesquelles l'humanit\u00e9 contemporaine d\u00e9grade de fa\u00e7on croissante les \u00e9cosyst\u00e8mes et leur biodiversit\u00e9. Il explique les m\u00e9canismes en oeuvre ainsi que les cons\u00e9quences imm\u00e9diates et \u00e0 long terme qui en d\u00e9coulent pour l'avenir de la biosph\u00e8re.\r\n\r\nIl ne se limite pas au seul expos\u00e9 des effets n\u00e9gatifs de l'action de la civilisation moderne mais propose aussi des solutions \u00e0 la crise \u00e9cologique globale, au travers d'incontournables mesures de pr\u00e9servation de la nature et de ses ressources, qui seules permettraient d'assurer la p\u00e9rennit\u00e9 de la civilisation humaine.\r\n\r\nFond\u00e9 sur une importante bibliographie, ce livre dispose d'une abondante illustration en couleur, ainsi que d'un lexique en fin de texte qui explique les termes d'\u00e9cologie plus sp\u00e9cialis\u00e9s auxquels il fait recours.\r\n\r\nOutre son lectorat universitaire de base : \u00e9tudiants, enseignants et chercheurs des diff\u00e9rentes disciplines concern\u00e9es, il s'adresse plus particuli\u00e8rement \u00e0 tous les naturalistes amateurs, aux agents des organismes publics et associatifs, experts des bureaux d'\u00e9tudes, impliqu\u00e9s dans les probl\u00e9matiques de protection de l'environnement et au del\u00e0 \u00e0 tous les citoyens pr\u00e9occup\u00e9s par la protection de la nature et de ses ressources.","authors":["Fran\u00e7ois Ramade"],"category_codes":["4000000","4010000","4010200","4010203"],"visuals":{"large":"https:\/\/images.epagine.fr\/935\/9782743023935_1_75.jpg","medium":"https:\/\/images.epagine.fr\/935\/9782743023935_1_m.jpg","thumbnail":"https:\/\/images.epagine.fr\/935\/9782743023935_1_v.jpg"},"orderable":true,"show_badge":true,"formatted_price":"79,00&nbsp;\u20ac","formatted_published_date":"6 janvier 2020","publisher_availability_label":"Sur commande","short_details":"Fran\u00e7ois Ramade \u2014 Tec & doc","translator":null,"weight":1175,"page_count":712,"readership":null,"editor":"Tec & doc","price":7900,"published_date":"2020-01-05T23:00:00.000000Z","support":"Grand format","publisher_availability":1,"stock":0,"editions":[],"url":"https:\/\/quaidesbrumes.com\/ouvrage\/9782743023935\/introduction-a-lecologie-de-la-conservation-la-protection-de-la-nature-pour-une-humanite-durable"},{"id":"9780062364814","title":"The Ends of the World : Volcanic Apocalypses, Lethal Oceans and Our Quest to Understand Earth's Past Mass Extinctions","description":"One of Vox's Most Important Books of the DecadeNew York Times Editors' Choice 2017Forbes Top 10 Best Environment, Climate, and Conservation Book of 2017As new groundbreaking research suggests that climate change played a major role in the most extreme catastrophes in the planet's history, award-winning science journalist Peter Brannen takes us on a wild ride through the planet's five mass extinctions and, in the process, offers us a glimpse of our increasingly dangerous future Our world has ended five times: it has been broiled, frozen, poison-gassed, smothered, and pelted by asteroids. In The Ends of the World, Peter Brannen dives into deep time, exploring Earth's past dead ends, and in the process, offers us a glimpse of our possible future.Many scientists now believe that the climate shifts of the twenty-first century have analogs in these five extinctions. Using the visible clues these devastations have left behind in the fossil record, The Ends of the World takes us inside \"scenes of the crime,\" from South Africa to the New York Palisades, to tell the story of each extinction. Brannen examines the fossil record--which is rife with creatures like dragonflies the size of sea gulls and guillotine-mouthed fish--and introduces us to the researchers on the front lines who, using the forensic tools of modern science, are piecing together what really happened at the crime scenes of the Earth's biggest whodunits.Part road trip, part history, and part cautionary tale, The Ends of the World takes us on a tour of the ways that our planet has clawed itself back from the grave, and casts our future in a completely new light.","authors":["Peter Brannen"],"category_codes":["4000000","4010000","4010300"],"visuals":{"large":"https:\/\/images.epagine.fr\/814\/9780062364814_1_75.jpg","medium":"https:\/\/images.epagine.fr\/814\/9780062364814_1_m.jpg","thumbnail":"https:\/\/images.epagine.fr\/814\/9780062364814_1_v.jpg"},"orderable":true,"show_badge":true,"formatted_price":"20,50&nbsp;\u20ac","formatted_published_date":"19 juin 2018","publisher_availability_label":"Sur commande","short_details":"Peter Brannen \u2014 Ecco Press","translator":null,"weight":263,"page_count":336,"readership":null,"editor":"Ecco Press","price":2050,"published_date":"2018-06-18T22:00:00.000000Z","support":"Grand format","publisher_availability":1,"stock":0,"editions":["9781786073983"],"url":"https:\/\/quaidesbrumes.com\/ouvrage\/9780062364814\/the-ends-of-the-world-volcanic-apocalypses-lethal-oceans-and-our-quest-to-understand-earths-past-mass-extinctions"},{"id":"9782816024630","title":"Tandem : Quand l'instinct et la confiance unissent l'homme et le chien","description":"Un livre qui r\u00e9v\u00e8le le r\u00f4le essentiel des chiens de travail, au coeur de missions o\u00f9 chaque seconde compte.\r\n\r\nBien plus qu'un ouvrage sur les chiens, c'est un ouvrage sur ces duos homme-animal unis par une confiance absolue.\r\n\r\nSauver, guider, prot\u00e9ger, apaiser : des missions spectaculaires rendues possibles uniquement gr\u00e2ce \u00e0 ce lien unique (chiens guides d'aveugle, chiens de traineaux, chiens de berger, chiens d'assistance judicaire, chiens de recherche de personnes ou de drogues, chiens pour la m\u00e9diation animale en Ehpad, \u00e0 l'\u00e9cole ou dans des instituts sp\u00e9cialis\u00e9s, chiens de garde ou encore chiens de pr\u00e9vention pour les crises d'\u00e9pilepsie).\r\n\r\nDes histoires vraies, fortes et souvent bouleversantes, qui montrent concr\u00e8tement l'impact de ces chiens dans nos vies.\r\n\r\nUn \u00e9quilibre entre \u00e9motion, immersion terrain et contenu accessible, qui parle \u00e0 tous les publics.\r\n\r\n \r\n\r\n\u00c9crit par Joseph Vebret, dont la plume sensible et immersive donne toute leur force aux t\u00e9moignages, avec les photographies de Laurence Barruel, \u00e0 l'origine du projet, qui a parcouru la France pour capturer l'authenticit\u00e9 de ces rencontres. Ils r\u00e9sident tous les deux dans le (63).\r\n\r\n","authors":["Joseph Vebret","Laurence Barruel"],"category_codes":["4000000","4010000","4010500"],"visuals":{"large":"https:\/\/images.epagine.fr\/630\/9782816024630_1_75.jpg","medium":"https:\/\/images.epagine.fr\/630\/9782816024630_1_m.jpg","thumbnail":"https:\/\/images.epagine.fr\/630\/9782816024630_1_v.jpg"},"orderable":false,"show_badge":true,"formatted_price":"29,90&nbsp;\u20ac","formatted_published_date":"10 septembre 2026","publisher_availability_label":"\u00c0 para\u00eetre","short_details":"Joseph Vebret, Laurence Barruel \u2014 \u00c9ditions Art\u00e9mis","translator":null,"weight":0,"page_count":224,"readership":null,"editor":"\u00c9ditions Art\u00e9mis","price":2990,"published_date":"2026-09-09T22:00:00.000000Z","support":"Grand format","publisher_availability":2,"stock":0,"editions":[],"url":"https:\/\/quaidesbrumes.com\/ouvrage\/9782816024630\/tandem-quand-linstinct-et-la-confiance-unissent-lhomme-et-le-chien"},{"id":"9782816024876","title":"\u00c9perdument Oc\u00e9an","description":"Une introduction de l'oc\u00e9an mondial et de son histoire puis une immersion dans chaque oc\u00e9an : Pacifique, Indien, Atlantique, Arctique et Antarctique.\r\n\r\nUn contenu riche et tr\u00e8s document\u00e9 qui aborde les dynamiques oc\u00e9aniques, les \u00e9cosyst\u00e8mes naturels et les grands enjeux actuels (climat, pollution, surexploitation, protection et g\u00e9opolitique).\r\n\r\nDes focus passionnants sur des lieux embl\u00e9matiques, des ph\u00e9nom\u00e8nes extraordinaires, du biomim\u00e9tisme, des figures engag\u00e9es et des initiatives inspirantes au service des oc\u00e9ans.\r\n\r\nUn regard essentiel sur un monde en mutation, au coeur des d\u00e9fis environnementaux.\r\n\r\nUn livre qui donne \u00e0 voir, \u00e0 comprendre et \u00e0 prot\u00e9ger l'un des plus grands tr\u00e9sors de la plan\u00e8te.\r\n\r\n\r\nB\u00e9n\u00e9dicte de la Gu\u00e9rivi\u00e8re a exerc\u00e9 l'urbanisme pendant 10 ann\u00e9es avant de prot\u00e9ger les rivages de M\u00e9diterran\u00e9e pour le Conservatoire du littoral. Passionn\u00e9e par sa discipline, la g\u00e9ographie, elle s'est orient\u00e9e vers l'enseignement et l'\u00e9criture. Elle r\u00e9side dans les Bouches-du-Rh\u00f4ne (13).\r\n\r\n\r\n\r\n","authors":["B\u00e9n\u00e9dicte de La Gu\u00e9rivi\u00e8re"],"category_codes":["4000000","4010000","4010300","4010304"],"visuals":{"large":"https:\/\/images.epagine.fr\/876\/9782816024876_1_75.jpg","medium":"https:\/\/images.epagine.fr\/876\/9782816024876_1_m.jpg","thumbnail":"https:\/\/images.epagine.fr\/876\/9782816024876_1_v.jpg"},"orderable":false,"show_badge":true,"formatted_price":"29,90&nbsp;\u20ac","formatted_published_date":"10 septembre 2026","publisher_availability_label":"\u00c0 para\u00eetre","short_details":"B\u00e9n\u00e9dicte de La Gu\u00e9rivi\u00e8re \u2014 \u00c9ditions Art\u00e9mis","translator":null,"weight":0,"page_count":224,"readership":null,"editor":"\u00c9ditions Art\u00e9mis","price":2990,"published_date":"2026-09-09T22:00:00.000000Z","support":"Grand format","publisher_availability":2,"stock":0,"editions":[],"url":"https:\/\/quaidesbrumes.com\/ouvrage\/9782816024876\/eperdument-ocean"},{"id":"9782874342776","title":"Le mensonge climatique - Faites entrer l'accus\u00e9 : le CO2 bouc \u00e9missaire ?","description":"Et si le r\u00e9chauffement climatique n'\u00e9tait pas d'abord une affaire de science, mais de pouvoir ? Dans cet ouvrage rigoureux et document\u00e9, Claude Duverney remonte aux origines politiques, institutionnelles et id\u00e9ologiques du discours climatique dominant, en analysant en profondeur le fonctionnement du GIEC, ses rapports, ses controverses et ses zones d'ombre. A travers une enqu\u00eate minutieuse, nourrie d'archives, de t\u00e9moignages et d'analyses scientifiques, l'auteur met en lumi\u00e8re les m\u00e9canismes de fabrication du \u00ab consensus \u00bb, la s\u00e9lection orient\u00e9e des experts, l'influence des gouvernements et la transformation progressive de la climatologie en instrument de l\u00e9gitimation politique. Sans nier l'existence du changement climatique, ce livre interroge frontalement la mani\u00e8re dont il est interpr\u00e9t\u00e9, m\u00e9diatis\u00e9 et utilise pour justifier des choix \u00e9conomiques, sociaux et g\u00e9opolitiques majeurs. Un ouvrage \u00e0 contre-courant, destine a tous ceux qui refusent les dogmes et souhaitent comprendre les dessous d'un d\u00e9bat devenu central pour l'avenir des soci\u00e9t\u00e9s modernes. \u00ab La science climatique est devenue une science ancillaire : elle ne pr\u00e9c\u00e8de plus la d\u00e9cision politique, elle la justifie. Le CO2 n'est plus un objet d'\u00e9tude, mais un accuse d\u00e9sign\u00e9, au service d'un r\u00e9cit mondialement orchestre. \u00bb Entre enqu\u00eate historique, critique institutionnelle et r\u00e9flexion sur la place de la science dans la d\u00e9mocratie, CO2 : une incrimination politique d\u00e9lib\u00e9r\u00e9e invite le lecteur \u00e0 exercer son esprit critique face \u00e0 l'un des enjeux majeurs du XXIe si\u00e8cle.","authors":["Claude Duverney"],"category_codes":["4000000","4010000","4010200","4010207"],"visuals":{"large":"https:\/\/images.epagine.fr\/776\/9782874342776_1_75.jpg","medium":"https:\/\/images.epagine.fr\/776\/9782874342776_1_m.jpg","thumbnail":"https:\/\/images.epagine.fr\/776\/9782874342776_1_v.jpg"},"orderable":false,"show_badge":true,"formatted_price":"29,50&nbsp;\u20ac","formatted_published_date":"10 juin 2026","publisher_availability_label":"\u00c0 para\u00eetre","short_details":"Claude Duverney \u2014 Marco Pietteur","translator":null,"weight":0,"page_count":304,"readership":null,"editor":"Marco Pietteur","price":2950,"published_date":"2026-06-09T22:00:00.000000Z","support":"Grand format","publisher_availability":2,"stock":0,"editions":[],"url":"https:\/\/quaidesbrumes.com\/ouvrage\/9782874342776\/le-mensonge-climatique-faites-entrer-laccuse-le-co2-bouc-emissaire"},{"id":"9781472966889","title":"The Brilliant Abyss : True Tales of Exploring the Deep Sea, Discovering Hidden Life and Selling the Seabed","description":"The deep sea is the last, vast wilderness on the planet. This is the story of how we imagine, explore and exploit it. \r\nFor centuries, myth-makers and storytellers have concocted imaginary monsters of the deep, and now scientists are looking there to find bizarre, unknown species, chemicals to make new medicines, and to gain a greater understanding of how this world of ours works. With an average depth of 12,000 feet and chasms that plunge much deeper, it forms a frontier for new discoveries. \r\nThe Brilliant Abyss tells the story of our relationship with the deep sea - how we imagine, explore and exploit it. It captures the golden age of discovery we are currently in and looks back at the history of how we got here, while also looking forward to the unfolding new environmental disasters that are taking place miles beneath the waves, far beyond the public gaze. \r\nThroughout history, there have been two distinct groups of deep-sea explorers. Both have sought knowledge but with different and often conflicting ambitions in mind. Some people want to quench their curiosity; many more have been lured by the possibilities of commerce and profit. The tension between these two opposing sides is the theme that runs throughout the book, while readers are taken on a chronological journey through humanity's developing relationship with the deep sea. The Brilliant Abyss ends by looking forwards to humanity's advancing impacts on the deep, including mining and pollution and what we can do about them.","authors":["Helen Scales"],"category_codes":["4000000","4010000","4010300"],"visuals":{"large":"https:\/\/images.epagine.fr\/889\/9781472966889_1_75.jpg","medium":"https:\/\/images.epagine.fr\/889\/9781472966889_1_m.jpg","thumbnail":"https:\/\/images.epagine.fr\/889\/9781472966889_1_v.jpg"},"orderable":true,"show_badge":true,"formatted_price":"17,90&nbsp;\u20ac","formatted_published_date":"4 ao\u00fbt 2022","publisher_availability_label":"Sur commande","short_details":"Helen Scales \u2014 Bloomsbury UK","translator":null,"weight":240,"page_count":352,"readership":null,"editor":"Bloomsbury UK","price":1790,"published_date":"2022-08-03T22:00:00.000000Z","support":"Grand format","publisher_availability":1,"stock":0,"editions":[],"url":"https:\/\/quaidesbrumes.com\/ouvrage\/9781472966889\/the-brilliant-abyss-true-tales-of-exploring-the-deep-sea-discovering-hidden-life-and-selling-the-seabed"},{"id":"9791031808628","title":"Id\u00e9es re\u00e7ues sur la biodiversit\u00e9","description":"Comme tout terme pass\u00e9 dans le langage courant, la biodiversit\u00e9 a perdu de sa pr\u00e9cision pour devenir une notion aux contours flous. Pour beaucoup, elle concerne ainsi en premier lieu les esp\u00e8ces rares et menac\u00e9es, occultant cette biodiversit\u00e9 ordinaire qui nous rend de pr\u00e9cieux services au quotidien. Il s'agirait aussi de privil\u00e9gier la richesse du milieu, de v\u00e9g\u00e9taliser les sols urbains et de replanter des arbres pour \u00e9viter une in\u00e9luctable disparition du vivant. Et, sur fond de techno-solutionnisme, un discours optimiste tout aussi caricatural se fait jour autour de la r\u00e9habilitation des \u00e9cosyst\u00e8mes. Mais surtout, la biodiversit\u00e9 serait l'affaire de tous ! Une injonction \u00e0 l'universalit\u00e9 qui oublie que les rapports \u00e0 la nature sont socialement et spatialement diff\u00e9renti\u00e9s.\r\nD\u00e9construisant les id\u00e9es re\u00e7ues qui entourent la biodiversit\u00e9, les sp\u00e9cialistes r\u00e9unis dans cet ouvrage nous permettent une meilleure connaissance pour une action calibr\u00e9e.\r\n","authors":["Beisel Jean-Nicolas"],"category_codes":["4000000","4010000","4010200","4010204"],"visuals":{"large":"https:\/\/quaidesbrumes.com\/img\/book-placeholder.png","medium":"https:\/\/quaidesbrumes.com\/img\/book-placeholder.png","thumbnail":"https:\/\/quaidesbrumes.com\/img\/book-placeholder.png"},"orderable":false,"show_badge":true,"formatted_price":"13,00&nbsp;\u20ac","formatted_published_date":"17 septembre 2026","publisher_availability_label":"\u00c0 para\u00eetre","short_details":"Beisel Jean-Nicolas \u2014 \u00c9ditions du Cavalier Bleu","translator":null,"weight":0,"page_count":null,"readership":null,"editor":"\u00c9ditions du Cavalier Bleu","price":1300,"published_date":"2026-09-16T22:00:00.000000Z","support":"Poche","publisher_availability":2,"stock":0,"editions":[],"url":"https:\/\/quaidesbrumes.com\/ouvrage\/9791031808628\/idees-recues-sur-la-biodiversite"},{"id":"9791042906474","title":"Agenda-calendrier : Italie - Agenda - Calendrier - Semainier 2027","description":null,"authors":["Collectif"],"category_codes":["4000000","4010000","4010200"],"visuals":{"large":"https:\/\/quaidesbrumes.com\/img\/book-placeholder.png","medium":"https:\/\/quaidesbrumes.com\/img\/book-placeholder.png","thumbnail":"https:\/\/quaidesbrumes.com\/img\/book-placeholder.png"},"orderable":false,"show_badge":true,"formatted_price":"0,00&nbsp;\u20ac","formatted_published_date":"9 septembre 2026","publisher_availability_label":"\u00c0 para\u00eetre","short_details":"Collectif \u2014 Hugo Image","translator":null,"weight":0,"page_count":108,"readership":null,"editor":"Hugo Image","price":0,"published_date":"2026-09-08T22:00:00.000000Z","support":"Agenda","publisher_availability":2,"stock":0,"editions":[],"url":"https:\/\/quaidesbrumes.com\/ouvrage\/9791042906474\/agenda-calendrier-italie-agenda-calendrier-semainier-2027"},{"id":"9791042906627","title":"Agenda-calendrier : Incroyable nature - Agenda - Calendrier - Semainier 2027","description":"Chaque semaine, une page pour s'organiser, une page pour s'\u00e9vader.\r\nPour vous, amoureux du monde qui vous entoure... Retrouvez, semaine apr\u00e8s semaine, une s\u00e9lection des plus belles photos que nous offre l'incroyable nature.\r\nPos\u00e9 sur votre bureau, l'agenda-calendrier 2027 vous permettra d'inscrire vos rendez-vous, prendre des notes, consulter la f\u00eate du jour ou les jours f\u00e9ri\u00e9s, tout en admirant la photo de la semaine.\r\nUne page pour vous organiser, une page pour vous \u00e9vader... Un ouvrage in\u00e9dit dont vous ne pourrez plus vous passer !","authors":["Collectif"],"category_codes":["4000000","4010000"],"visuals":{"large":"https:\/\/quaidesbrumes.com\/img\/book-placeholder.png","medium":"https:\/\/quaidesbrumes.com\/img\/book-placeholder.png","thumbnail":"https:\/\/quaidesbrumes.com\/img\/book-placeholder.png"},"orderable":false,"show_badge":true,"formatted_price":"0,00&nbsp;\u20ac","formatted_published_date":"9 septembre 2026","publisher_availability_label":"\u00c0 para\u00eetre","short_details":"Collectif \u2014 Hugo Image","translator":null,"weight":0,"page_count":108,"readership":null,"editor":"Hugo Image","price":0,"published_date":"2026-09-08T22:00:00.000000Z","support":"Agenda","publisher_availability":2,"stock":0,"editions":[],"url":"https:\/\/quaidesbrumes.com\/ouvrage\/9791042906627\/agenda-calendrier-incroyable-nature-agenda-calendrier-semainier-2027"},{"id":"9791039701525","title":"L'entreprise existentielle : le vivant au coeur de la strat\u00e9gie","description":"Urgence climatique, crise sanitaire, r\u00e9glementation environnementale,  conscience \u00e9cologique des consommateurs, recherche de sens des salari\u00e9s,  menaces sur l'humanit\u00e9... Face \u00e0 ces enjeux majeurs, le temps du  greenwashing est r\u00e9volu. Les entreprises doivent se r\u00e9inventer en  mati\u00e8re de responsabilit\u00e9 soci\u00e9tale et environnementale (RSE), mais pas  seulement. Il leur faut redonner du sens \u00e0 leur mission, revoir la pertinence de leur strat\u00e9gie et de leurs actions dans l'\u00e9cosyst\u00e8me. Il  est d\u00e9sormais urgent de prendre soin du Vivant, tant \u00e0 l'ext\u00e9rieur qu'\u00e0  l'int\u00e9rieur des organisations, pour assurer leur p\u00e9rennit\u00e9 et celle de  la soci\u00e9t\u00e9 et de l'esp\u00e8ce humaine.Cet ouvrage questionne les  dirigeants d'entreprise sur leur strat\u00e9gie, mais aussi chacune et chacun  d'entre nous, \u00e0 son \u00e9chelle, sur sa place dans la refonte de notre  syst\u00e8me \u00e9conomique.Les auteurs proposent un chemin de r\u00e9flexion  et une m\u00e9thode pour se mettre au service de la vie, tant dans notre  quotidien que dans celui des organisations.Pour, ensemble, concr\u00e9tiser cette alliance avec le Vivant!","authors":["Sylvie Chamberlin","Pierre-\u00c9ric Sutter"],"category_codes":["4000000","4010000","4010200","4010208"],"visuals":{"large":"https:\/\/images.epagine.fr\/525\/9791039701525_1_75.jpg","medium":"https:\/\/images.epagine.fr\/525\/9791039701525_1_m.jpg","thumbnail":"https:\/\/images.epagine.fr\/525\/9791039701525_1_v.jpg"},"orderable":true,"show_badge":true,"formatted_price":"25,00&nbsp;\u20ac","formatted_published_date":"10 mars 2022","publisher_availability_label":"Sur commande","short_details":"Sylvie Chamberlin, Pierre-\u00c9ric Sutter \u2014 Gereso","translator":null,"weight":266,"page_count":206,"readership":null,"editor":"Gereso","price":2500,"published_date":"2022-03-09T23:00:00.000000Z","support":"Grand format","publisher_availability":1,"stock":0,"editions":[],"url":"https:\/\/quaidesbrumes.com\/ouvrage\/9791039701525\/lentreprise-existentielle-le-vivant-au-coeur-de-la-strategie"},{"id":"9782897946197","title":"Poursuivre la mission. explorations d'une galaxie pres de chez","description":null,"authors":["Bedard Megan"],"category_codes":["4000000","4010000","4010200"],"visuals":{"large":"https:\/\/images.epagine.fr\/197\/9782897946197_1_75.jpg","medium":"https:\/\/images.epagine.fr\/197\/9782897946197_1_m.jpg","thumbnail":"https:\/\/images.epagine.fr\/197\/9782897946197_1_v.jpg"},"orderable":false,"show_badge":true,"formatted_price":"27,00&nbsp;\u20ac","formatted_published_date":"1er juin 2026","publisher_availability_label":"\u00c0 para\u00eetre","short_details":"Bedard Megan \u2014 Editions Somme Toute","translator":null,"weight":0,"page_count":null,"readership":null,"editor":"Editions Somme Toute","price":2700,"published_date":"2026-05-31T22:00:00.000000Z","support":"Grand format","publisher_availability":2,"stock":0,"editions":[],"url":"https:\/\/quaidesbrumes.com\/ouvrage\/9782897946197\/poursuivre-la-mission-explorations-dune-galaxie-pres-de-chez"},{"id":"9782898421082","title":"Les annuelles du jardinier paresseux","description":null,"authors":["Hodgson Larry"],"category_codes":["4000000","4010000","4010300"],"visuals":{"large":"https:\/\/images.epagine.fr\/082\/9782898421082_1_75.jpg","medium":"https:\/\/images.epagine.fr\/082\/9782898421082_1_m.jpg","thumbnail":"https:\/\/images.epagine.fr\/082\/9782898421082_1_v.jpg"},"orderable":false,"show_badge":true,"formatted_price":"33,50&nbsp;\u20ac","formatted_published_date":"1er juin 2026","publisher_availability_label":"\u00c0 para\u00eetre","short_details":"Hodgson Larry \u2014 Broquet","translator":null,"weight":0,"page_count":null,"readership":null,"editor":"Broquet","price":3350,"published_date":"2026-05-31T22:00:00.000000Z","support":"Grand format","publisher_availability":2,"stock":0,"editions":[],"url":"https:\/\/quaidesbrumes.com\/ouvrage\/9782898421082\/les-annuelles-du-jardinier-paresseux"},{"id":"9782036086937","title":"Petites Histoires de nature : 250 p\u00e9pites pour esprits curieux","description":"Connaissez-vous l'arbre aux saucisses bleues ? l'orchid\u00e9e-chat ? ou encore le gorgonoc\u00e9phale ? Saviez-vous que certaines plantes r\u00e9agissent et se r\u00e9tractent quand on les touche ? Que l'odeur d\u00e9sagr\u00e9able de l'Arum titan peut s'\u00e9tendre jusqu'\u00e0 pr\u00e8s d'un kilom\u00e8tre ? Comment les plantes carnivores font-elles pour attirer leurs proies ?","authors":["Marie Treibert"],"category_codes":["4000000","4010000","4010300"],"visuals":{"large":"https:\/\/images.epagine.fr\/937\/9782036086937_1_75.jpg","medium":"https:\/\/images.epagine.fr\/937\/9782036086937_1_m.jpg","thumbnail":"https:\/\/images.epagine.fr\/937\/9782036086937_1_v.jpg"},"orderable":false,"show_badge":true,"formatted_price":"14,99&nbsp;\u20ac","formatted_published_date":"3 juin 2026","publisher_availability_label":"\u00c0 para\u00eetre","short_details":"Marie Treibert \u2014 Larousse","translator":null,"weight":0,"page_count":224,"readership":null,"editor":"Larousse","price":1499,"published_date":"2026-06-02T22:00:00.000000Z","support":"Grand format","publisher_availability":2,"stock":0,"editions":[],"url":"https:\/\/quaidesbrumes.com\/ouvrage\/9782036086937\/petites-histoires-de-nature-250-pepites-pour-esprits-curieux"},{"id":"9788482168524","title":"Setas para sanar, alucinar y disfrutar","description":null,"authors":["Juan Manue Oliveira"],"category_codes":["4000000","4010000","4010200"],"visuals":{"large":"https:\/\/quaidesbrumes.com\/img\/book-placeholder.png","medium":"https:\/\/quaidesbrumes.com\/img\/book-placeholder.png","thumbnail":"https:\/\/quaidesbrumes.com\/img\/book-placeholder.png"},"orderable":true,"show_badge":true,"formatted_price":"21,50&nbsp;\u20ac","formatted_published_date":"8 juin 2023","publisher_availability_label":"Sur commande","short_details":"Juan Manue Oliveira \u2014 Sua","translator":null,"weight":501,"page_count":null,"readership":null,"editor":"Sua","price":2150,"published_date":"2023-06-07T22:00:00.000000Z","support":"Grand format","publisher_availability":1,"stock":0,"editions":[],"url":"https:\/\/quaidesbrumes.com\/ouvrage\/9788482168524\/setas-para-sanar-alucinar-y-disfrutar"},{"id":"9788482168951","title":"Guia de setas de euskal herria","description":null,"authors":["Cristobal Burgos"],"category_codes":["4000000","4010000","4010200"],"visuals":{"large":"https:\/\/quaidesbrumes.com\/img\/book-placeholder.png","medium":"https:\/\/quaidesbrumes.com\/img\/book-placeholder.png","thumbnail":"https:\/\/quaidesbrumes.com\/img\/book-placeholder.png"},"orderable":true,"show_badge":true,"formatted_price":"31,90&nbsp;\u20ac","formatted_published_date":"25 ao\u00fbt 2025","publisher_availability_label":"Sur commande","short_details":"Cristobal Burgos \u2014 Sua","translator":null,"weight":701,"page_count":null,"readership":null,"editor":"Sua","price":3190,"published_date":"2025-08-24T22:00:00.000000Z","support":"Grand format","publisher_availability":1,"stock":0,"editions":[],"url":"https:\/\/quaidesbrumes.com\/ouvrage\/9788482168951\/guia-de-setas-de-euskal-herria"},{"id":"9782390650225","title":"Le livre des orchid\u00e9es","description":"Le Livre des Orchid\u00e9es est une invitation fascinante au coeur de l'univers raffin\u00e9 et myst\u00e9rieux des orchid\u00e9es.\r\nFruit du savoir et de la passion de Alfred de Denterghem et Oswald de Kerchove de Denterghem, cet ouvrage conjugue rigueur scientifique et \u00e9merveillement esth\u00e9tique.\r\nRichement illustr\u00e9 de 31 somptueuses planches en couleurs et de 310 gravures, le livre d\u00e9voile la diversit\u00e9 spectaculaire des formes, des couleurs et des structures de ces fleurs d'exception. Chaque esp\u00e8ce y est d\u00e9crite avec pr\u00e9cision, depuis sa morphologie jusqu'\u00e0 ses exigences de culture, en pleine terre comme en serre.\r\n\u00c0 la fois guide pratique et t\u00e9moignage historique, ce volume plonge le lecteur dans la grande passion du XIX? si\u00e8cle pour ces plantes souvent rares. Un ouvrage incontournable pour les amateurs de botanique, les collectionneurs et tous ceux qui souhaitent d\u00e9couvrir pourquoi ces plantes ont longtemps \u00e9t\u00e9 consid\u00e9r\u00e9es comme les joyaux du monde v\u00e9g\u00e9tal.","authors":["Oswald de Kerchove de Denterghem"],"category_codes":["4000000","4010000","4010400","4010405"],"visuals":{"large":"https:\/\/quaidesbrumes.com\/img\/book-placeholder.png","medium":"https:\/\/quaidesbrumes.com\/img\/book-placeholder.png","thumbnail":"https:\/\/quaidesbrumes.com\/img\/book-placeholder.png"},"orderable":false,"show_badge":true,"formatted_price":"35,00&nbsp;\u20ac","formatted_published_date":"21 mai 2026","publisher_availability_label":"\u00c0 para\u00eetre","short_details":"Oswald de Kerchove de Denterghem \u2014 De Bibliotheca","translator":null,"weight":0,"page_count":600,"readership":null,"editor":"De Bibliotheca","price":3500,"published_date":"2026-05-20T22:00:00.000000Z","support":"Grand format","publisher_availability":2,"stock":0,"editions":[],"url":"https:\/\/quaidesbrumes.com\/ouvrage\/9782390650225\/le-livre-des-orchidees"},{"id":"9798587902084","title":"\u00c9colo, bio, 0 d\u00e9chet, pas compliqu\u00e9","description":"Tout ce que vous avez toujours voulu savoir sur l'EBZD ! \r\n \r\nInformatif et instructif, ce livre vous permettra enfin de savoir \"de quoi vous parlez\", soit parce que vous \u00eates sensibilis\u00e9.e \u00e0 l'\u00e9cologie mais avez encore besoin d'\u00e9claircissements, soit parce que vous y songez, mais n'avez pas encore r\u00e9ussi \u00e0 vous lancer... vous pourrez ensuite : \r\n \r\n? Comprendre les enjeux de l'\u00c9cologie \r\n \r\n? Tout savoir, ou presque, des produits Bio \r\n \r\n? Envisager plus facilement d'adopter une d\u00e9marche Z\u00e9ro D\u00e9chet...","authors":["B\u00e9atrice M\u00e9riot"],"category_codes":["4000000","4010000","4010200"],"visuals":{"large":"https:\/\/images.epagine.fr\/084\/9798587902084_1_75.jpg","medium":"https:\/\/images.epagine.fr\/084\/9798587902084_1_m.jpg","thumbnail":"https:\/\/images.epagine.fr\/084\/9798587902084_1_v.jpg"},"orderable":true,"show_badge":true,"formatted_price":"9,50&nbsp;\u20ac","formatted_published_date":"14 mai 2025","publisher_availability_label":"Sur commande","short_details":"B\u00e9atrice M\u00e9riot \u2014 Thebookedition.Com","translator":null,"weight":181,"page_count":131,"readership":null,"editor":"Thebookedition.Com","price":950,"published_date":"2025-05-13T22:00:00.000000Z","support":"Grand format","publisher_availability":1,"stock":0,"editions":[],"url":"https:\/\/quaidesbrumes.com\/ouvrage\/9798587902084\/ecolo-bio-0-dechet-pas-complique"},{"id":"9782363452023","title":"Quelles trajectoires vers la sobri\u00e9t\u00e9s?","description":"Les deux ann\u00e9es de la crise Covid et l'\u00e9clatement de la guerre en Ukraine, ayant entra\u00een\u00e9 la hausse des co\u00fbts de l'\u00e9nergie et des mati\u00e8res premi\u00e8res, aujourd'hui les tensions g\u00e9opolitiques, ainsi que, plus globalement, l'urgence climatique, imposent des transformations indispensables \u00e0 tous niveaux : valeurs, modes de vie, engagements citoyens, d\u00e9veloppement \u00e9conomique, politiques publiques, formes de gouvernance... La sobri\u00e9t\u00e9, notion philosophique et religieuse ancienne, offre aujourd'hui des pistes de r\u00e9flexion et d'action. Tel est l'objectif de cet ouvrage, qui engage une conversation entre chercheurs et acteurs pour transformer une contrainte inextricable en perspective d\u00e9sirable.\r\n La sobri\u00e9t\u00e9 rassemble un continuum de d\u00e9marches qui promeuvent, \u00e0 diff\u00e9rents degr\u00e9s et \u00e0 diverses \u00e9chelles, une mod\u00e9ration de la consommation des ressources naturelles. Alors que son impact soci\u00e9tal est encore m\u00e9connu au plan \u00e9conomique en raison de son application limit\u00e9e, elle constitue un levier essentiel au regard des enjeux climatiques. Cependant, la sobri\u00e9t\u00e9 a toujours en commun, dans ces d\u00e9finitions, d'\u00eatre la r\u00e9action \u00e0 une consommation qui exc\u00e8de les ressources disponibles. Elle promeut le \"moins mais mieux\" et, au-del\u00e0, pose la question des choix de vie en soci\u00e9t\u00e9, \u00e0 la fois au plan individuel et collectif.\r\n \u00c0 partir des travaux de nombreux experts, l'ouvrage interroge cette notion \u00e0 travers une diversit\u00e9 de ressources et d'approches : \u00e9nergie, eau, alimentation, mod\u00e8le \u00e9conomique, entreprises, territoires, abondance, frugalit\u00e9, rapport au vivant... Les profondes transformations \u00e0 enclencher n\u00e9cessitent de se fixer des objectifs, voire des trajectoires de rupture, mais aussi d'identifier des leviers et des solutions nouvelles \u00e0 d\u00e9ployer. Tel est le but de cet ouvrage : \u00eatre un lieu de conversation pour transformer une contrainte de court terme en perspective d\u00e9sirable.","authors":["Isabelle Laudier","Diane de Mareschal"],"category_codes":["4000000","4010000","4010200"],"visuals":{"large":"https:\/\/quaidesbrumes.com\/img\/book-placeholder.png","medium":"https:\/\/quaidesbrumes.com\/img\/book-placeholder.png","thumbnail":"https:\/\/quaidesbrumes.com\/img\/book-placeholder.png"},"orderable":false,"show_badge":true,"formatted_price":"32,00&nbsp;\u20ac","formatted_published_date":"12 mai 2026","publisher_availability_label":"\u00c0 para\u00eetre","short_details":"Isabelle Laudier, Diane de Mareschal \u2014 H Diffusion","translator":null,"weight":1000,"page_count":300,"readership":null,"editor":"H Diffusion","price":3200,"published_date":"2026-05-11T22:00:00.000000Z","support":"Grand format","publisher_availability":2,"stock":0,"editions":[],"url":"https:\/\/quaidesbrumes.com\/ouvrage\/9782363452023\/quelles-trajectoires-vers-la-sobrietes"},{"id":"9782356874566","title":"La France r\u00e9siste-t-elle \u00e0 l'\u00e9cologie ?","description":"L'\u00e9cologie c'est un peu l'Himalaya. L'urgence d'agir le dispute \u00e0 la diffi cult\u00e9 d'imaginer un autre monde. En France plus qu'ailleurs peut-\u00eatre. Au contraire de l'Allemagne, les d\u00e9bats \u00e9cologiques y sont confl ictuels. Autant de questions sur les choix du mod\u00e8le fran\u00e7ais : nucl\u00e9aire, sp\u00e9cialisation industrielle, institutions, Europe.\r\nEst-ce un hasard si Eva Joly avait entam\u00e9 sa campagne pr\u00e9sidentielle en 2011 par la d\u00e9nonciation du d\u00e9fi l\u00e9 du 14 juillet ?\r\nAlors incompatibilit\u00e9 entre la France et le projet \u00e9cologique ? Les signes d'un sentiment \u00e9cologiste se multiplient dans la soci\u00e9t\u00e9. Mais les r\u00e9sistances au coeur du pouvoir, des \u00e9lites politiques et \u00e9conomiques, et parfois scientifi ques, sont palpables. Ce n'est pas seulement une question de privil\u00e8ges et d'int\u00e9r\u00eats. L'\u00e9cologie remet en cause une mani\u00e8re de penser \u00ab \u00e0 la fran\u00e7aise \u00bb : une \u00e9galit\u00e9 dont la mise en oeuvre repose sur la centralisation, un \u00c9tat qui assume des missions confi \u00e9es ailleurs aux entreprises, une proximit\u00e9 des grands groupes \u00e9conomiques, des administrations et des experts, une foi parfois d\u00e9raisonnable dans le progr\u00e8s technique, et des r\u00e9fl exions sur la nature et les questions environnementales qui s'\u00e9laborent ind\u00e9pendamment de la culture politique. (La conf\u00e9rence sur le climat qui vient de se d\u00e9rouler \u00e0 Paris en a \u00e9t\u00e9 un nouveau t\u00e9moignage ?).\r\nLa France changera-t-elle ? Oui si elle se d\u00e9cide \u00e0 devenir \u00e9cologique. Changer dans sa relation au monde. Avec l'\u00e9cologie le Sud redevient au moins aussi important que l'Europe ; c'est l\u00e0 que sont les enjeux de l'adaptation et de la transformation du d\u00e9veloppement, c'est l\u00e0 que des mots comme justice et \u00e9galit\u00e9 prennent un sens vital. Penser le progr\u00e8s avec la nature ensuite. Avec l'\u00e9cologie il faut sortir de l'ing\u00e9nierie et du m\u00e9cano, renouer avec l'innovation \u00e9conomique, investir pour longtemps en prenant le risque de ne pas savoir \u00e0 l'avance. Changer enfi n notre relation \u00e0 la complexit\u00e9 et \u00e0 la d\u00e9cision, pour penser d\u00e9mocratie et \u00e9cologie ensemble.\r\nL'\u00e9cologie n'est ni punitive, ni positive, ni sectaire. Elle d\u00e9pend de ceux qui la font, la pensent et la pratiquent.\r\nPenser et agir autrement c'est \u00eatre en situation de conqu\u00eate. Qui seront dans l'\u00c9tat, le pouvoir \u00e9conomique et les scientifi ques cette avant-garde \u00e9clair\u00e9e et active qui s'engagera dans la bataille culturelle de l'\u00e9cologie ?","authors":["Lucile Schmid"],"category_codes":["4000000","4010000","4010200","4010207"],"visuals":{"large":"https:\/\/images.epagine.fr\/566\/9782356874566_1_75.jpg","medium":"https:\/\/images.epagine.fr\/566\/9782356874566_1_m.jpg","thumbnail":"https:\/\/images.epagine.fr\/566\/9782356874566_1_v.jpg"},"orderable":true,"show_badge":true,"formatted_price":"14,00&nbsp;\u20ac","formatted_published_date":"10 octobre 2016","publisher_availability_label":"Sur commande","short_details":"Lucile Schmid \u2014 Le Bord de l'eau","translator":null,"weight":172,"page_count":139,"readership":null,"editor":"Le Bord de l'eau","price":1400,"published_date":"2016-10-09T22:00:00.000000Z","support":"Grand format","publisher_availability":1,"stock":0,"editions":[],"url":"https:\/\/quaidesbrumes.com\/ouvrage\/9782356874566\/la-france-resiste-t-elle-a-lecologie"},{"id":"9781946764843","title":"World as Lover, World as Self : Courage for Global Justice and Ecological Renewal","description":"An enduring classic of the ecology movement by the founder of the Work That Reconnects, now more timely than ever    Humanity is in an existential crisis. Facing the magnitude of our global situation as individuals leaves us feeling alone, disempowered, and despairing. Who better to listen to for wisdom and solace than Joanna Macy, one of the originators of modern environmentalism, whose life''s work has been to hear and heal our pain for the planet?    World as Lover, World as Self  draws on a lifetime of wisdom to offer a re-focus on the natural world, where readers can find the strength and spiritual nourishment to envision a new future for humanity built on a sustainable relationship with the earth. Rooted in the Buddha''s teachings of  paticca samuppada  or \"interdependent co-arising,\" Macy''s reflections are especially relevant for activists who want to address the underlying mindsets of fear, greed, and selfishness that give rise to overconsumption and the ultimate destruction of our world. Both heartbreaking and uplifting, this definitive edition of  World as Lover, World as Self  will give a new generation of readers the tools and understanding with which to meet today''s challenges and crises.","authors":["Joanna Macy","Stephanie Kaza"],"category_codes":["4000000","4010000","4010300"],"visuals":{"large":"https:\/\/images.epagine.fr\/843\/9781946764843_1_75.jpg","medium":"https:\/\/images.epagine.fr\/843\/9781946764843_1_m.jpg","thumbnail":"https:\/\/images.epagine.fr\/843\/9781946764843_1_v.jpg"},"orderable":true,"show_badge":true,"formatted_price":"20,50&nbsp;\u20ac","formatted_published_date":"22 juin 2021","publisher_availability_label":"Sur commande","short_details":"Joanna Macy, Stephanie Kaza \u2014 Parallax Press","translator":null,"weight":364,"page_count":208,"readership":null,"editor":"Parallax Press","price":2050,"published_date":"2021-06-21T22:00:00.000000Z","support":"Grand format","publisher_availability":1,"stock":0,"editions":[],"url":"https:\/\/quaidesbrumes.com\/ouvrage\/9781946764843\/world-as-lover-world-as-self-courage-for-global-justice-and-ecological-renewal"},{"id":"9781632865687","title":"The Grid : The Fraying Wires Between Americans and Our Energy Future","description":"One of Bill Gates's Favorite Books of 2016\r\nA revelatory look at our national power grid--how it developed, its current flaws, and how it must be completely reimagined for our fast-approaching energy future.\r\nAmerica's electrical grid, an engineering triumph of the twentieth century, is turning out to be a poor fit for the present. It's not just that the grid has grown old and is now in dire need of basic repair. Today, as we invest great hope in new energy sources--solar, wind, and other alternatives--the grid is what stands most firmly in the way of a brighter energy future. If we hope to realize this future, we need to reimagine the grid according to twenty-first-century values. It's a project which forces visionaries to work with bureaucrats, legislators with storm-flattened communities, moneymen with hippies, and the left with the right. And though it might not yet be obvious, this revolution is already well under way.\r\n Cultural anthropologist Gretchen Bakke unveils the many facets of America's energy infrastructure, its most dynamic moments and its most stable ones, and its essential role in personal and national life. The grid, she argues, is an essentially American artifact, one which developed with us: a product of bold expansion, the occasional foolhardy vision, some genius technologies, and constant improvisation. Most of all, her focus is on how Americans are changing the grid right now, sometimes with gumption and big dreams and sometimes with legislation or the brandishing of guns.\r\nThe Grid tells--entertainingly, perceptively--the story of what has been called \"the largest machine in the world\": its fascinating history, its problematic present, and its potential role in a brighter, cleaner future.","authors":["Gretchen Bakke"],"category_codes":["4000000","4010000","4010300"],"visuals":{"large":"https:\/\/images.epagine.fr\/687\/9781632865687_1_75.jpg","medium":"https:\/\/images.epagine.fr\/687\/9781632865687_1_m.jpg","thumbnail":"https:\/\/images.epagine.fr\/687\/9781632865687_1_v.jpg"},"orderable":true,"show_badge":true,"formatted_price":"21,30&nbsp;\u20ac","formatted_published_date":"10 septembre 2017","publisher_availability_label":"Sur commande","short_details":"Gretchen Bakke \u2014 Bloomsbury US","translator":null,"weight":409,"page_count":384,"readership":null,"editor":"Bloomsbury US","price":2130,"published_date":"2017-09-09T22:00:00.000000Z","support":"Grand format","publisher_availability":1,"stock":0,"editions":[],"url":"https:\/\/quaidesbrumes.com\/ouvrage\/9781632865687\/the-grid-the-fraying-wires-between-americans-and-our-energy-future"},{"id":"9782845343290","title":"La raison tue","description":null,"authors":["Gilles Clement"],"category_codes":["4000000","4010000","4010200","4010207"],"visuals":{"large":"https:\/\/images.epagine.fr\/290\/9782845343290_1_75.jpg","medium":"https:\/\/images.epagine.fr\/290\/9782845343290_1_m.jpg","thumbnail":"https:\/\/images.epagine.fr\/290\/9782845343290_1_v.jpg"},"orderable":false,"show_badge":true,"formatted_price":"15,00&nbsp;\u20ac","formatted_published_date":"11 juin 2026","publisher_availability_label":"\u00c0 para\u00eetre","short_details":"Gilles Clement \u2014 Sens Et Tonka","translator":null,"weight":0,"page_count":null,"readership":null,"editor":"Sens Et Tonka","price":1500,"published_date":"2026-06-10T22:00:00.000000Z","support":"Grand format","publisher_availability":2,"stock":0,"editions":[],"url":"https:\/\/quaidesbrumes.com\/ouvrage\/9782845343290\/la-raison-tue"},{"id":"9782759243198","title":"De l'arbre en ville \u00e0 la for\u00eat urbaine : \u00c9dition revue","description":"La plantation d'arbres est utilis\u00e9e par de nombreuses municipalit\u00e9s comme solution naturelle pour faire face aux enjeux du changement climatique. Ce choix permet d'abaisser la temp\u00e9rature en luttant contre les \u00eelots de chaleur urbains, de fournir un support \u00e0 la biodiversit\u00e9, d'am\u00e9liorer le cadre de vie ainsi que la sant\u00e9 physique et mentale des citadins.\r\n\r\nL'arbre en ville, qu'il soit seul, en alignement ou dans un parc urbain, d\u00e9pend de ses interactions avec les organismes qui lui sont associ\u00e9s dans les feuilles, le bois, le sol mais aussi de ses liens avec les arbres voisins et avec l'\u00e9cosyst\u00e8me urbain. Fortement li\u00e9s aux activit\u00e9s humaines, l'arbre en ville et la for\u00eat urbaine font l'objet d'une gestion pr\u00e9cise dont les enjeux et les modalit\u00e9s ont \u00e9volu\u00e9 au cours du temps.\r\n\r\nL'environnement urbain pr\u00e9sente en effet des contraintes mais offre \u00e9galement des opportunit\u00e9s pour le d\u00e9veloppement des arbres. En retour, l'arbre et la for\u00eat contribuent \u00e0 fa\u00e7onner l'environnement urbain, avec un b\u00e9n\u00e9fice recherch\u00e9 pour les populations humaines, faisant d'eux des objets autant \u00e9cologiques que politiques.\r\n\r\nCet ouvrage s'adresse \u00e0 un public averti, et particuli\u00e8rement aux personnes \u00e9tudiantes et enseignantes en sciences du vivant et de l'environnement, en g\u00e9ographie, en sociologie et en sciences politiques. Il int\u00e9ressera \u00e9galement les urbanistes, les gestionnaires des espaces verts et les \u00e9lues et \u00e9lus des municipalit\u00e9s.","authors":["Collectif","Alain Paquette","Bastien Castagneyrol","Serge Muller"],"category_codes":["4000000","4010000","4010200","4010207"],"visuals":{"large":"https:\/\/images.epagine.fr\/198\/9782759243198_1_75.jpg","medium":"https:\/\/images.epagine.fr\/198\/9782759243198_1_m.jpg","thumbnail":"https:\/\/images.epagine.fr\/198\/9782759243198_1_v.jpg"},"orderable":true,"show_badge":true,"formatted_price":"25,00&nbsp;\u20ac","formatted_published_date":"2 avril 2026","publisher_availability_label":"Sur commande","short_details":"Collectif, Alain Paquette, Bastien Castagneyrol, Serge Muller \u2014 Qu\u00e6","translator":null,"weight":501,"page_count":178,"readership":null,"editor":"Qu\u00e6","price":2500,"published_date":"2026-04-01T22:00:00.000000Z","support":"Grand format","publisher_availability":1,"stock":0,"editions":[],"url":"https:\/\/quaidesbrumes.com\/ouvrage\/9782759243198\/de-larbre-en-ville-a-la-foret-urbaine-edition-revue"},{"id":"9780711288935","title":"The ocean speaks","description":"A collection of remarkable stories from the founders of charity Ocean Culture Life. Explore Earth's most remote open oceans with telling insights from the extraordinary heroes making new discoveries every day.\r\n\r\nThe Ocean Speaks brings together more than 45 ocean culture life enthusiasts who have taken ocean protection into their own hands, documenting the unknown and telling stories that aim to connect humans with water. Whether they are divers, marine biologists, surfers, influencers, conservationists, photojournalists or filmmakers, each of these ocean lovers is playing a part in deepening our understanding of our planet's largest life support system, 80% of which remains unmapped, unobserved and unexplored.\r\n\r\nSplit geographically by oceans and continents, the stories include  a project that documents the world's largest population of tiger sharks in the Maldives, divers who unofficially patrol a UNESCO world heritage site near the volcanic 'Ring of Fire' in the Tropical Eastern Pacific, a visit to the touching but ghostly turtle graveyard in Malaysia, and incredible natural spectacles like the mass spawning of grouper in French Polynesia or the humpback whales who flock to the remote Silver Bank in the Dominican Republic to birth and mate.\r\n\r\nWith over 200 underwater images from every ocean on the globe, The Ocean Speaks is a stunning celebration of ocean life, a unique glimpse into the biggest habitat on the planet and marks a small point on the journey towards protecting it. This inspiring collection of testimonies is a must for anyone concerned about our waters and those wanting to protect our environment. The battle to protect the deep blue is ongoing but stories like these are taking us in the right direction.\r\n\r\nOcean Culture Life is a charity dedicated to promoting the conservation, protection and improvement of the physical and natural marine environment by widening and deepening public understanding of the ocean's issues and challenges.","authors":["Matt Porteous","Tamsin Raine"],"category_codes":["4000000","4010000","4010300","4010304"],"visuals":{"large":"https:\/\/images.epagine.fr\/935\/9780711288935_1_75.jpg","medium":"https:\/\/images.epagine.fr\/935\/9780711288935_1_m.jpg","thumbnail":"https:\/\/images.epagine.fr\/935\/9780711288935_1_v.jpg"},"orderable":true,"show_badge":true,"formatted_price":"37,90&nbsp;\u20ac","formatted_published_date":"16 mai 2024","publisher_availability_label":"Sur commande","short_details":"Matt Porteous, Tamsin Raine \u2014 Frances Lincoln","translator":null,"weight":750,"page_count":240,"readership":null,"editor":"Frances Lincoln","price":3790,"published_date":"2024-05-15T22:00:00.000000Z","support":"Grand format","publisher_availability":1,"stock":0,"editions":[],"url":"https:\/\/quaidesbrumes.com\/ouvrage\/9780711288935\/the-ocean-speaks"}]}