{"data":[{"id":"9782296081321","title":"Risques et environnement : recherches interdisciplinaires sur la vuln\u00e9rabilit\u00e9 des soci\u00e9t\u00e9s","description":"Pour r\u00e9duire les risques naturels et environnementaux, il est n\u00e9cessaire de d\u00e9velopper des connaissances qui tiennent compte des enjeux mat\u00e9riels, environnementaux et humains expos\u00e9s aux al\u00e9as, mais aussi des vuln\u00e9rabilit\u00e9s cach\u00e9es, les dispositifs de protection, les politiques d'am\u00e9nagement du territoire, les comportements ou encore les repr\u00e9sentations sociales. Voici un \u00e9tat des lieux des recherches fran\u00e7aises sur la vuln\u00e9rabilit\u00e9, qu'elles portent sur le territoire m\u00e9tropolitain ou sur d'autres pays.","authors":["Anne Peltier","Sylvia Becerra"],"category_codes":["4000000","4010000","4010200","4010208"],"visuals":{"large":"https:\/\/images.epagine.fr\/321\/9782296081321_1_75.jpg","medium":"https:\/\/images.epagine.fr\/321\/9782296081321_1_m.jpg","thumbnail":"https:\/\/images.epagine.fr\/321\/9782296081321_1_v.jpg"},"orderable":true,"show_badge":true,"formatted_price":"51,00&nbsp;\u20ac","formatted_published_date":"8 avril 2009","publisher_availability_label":"Sur commande","short_details":"Anne Peltier, Sylvia Becerra \u2014 \u00c9ditions L'Harmattan","translator":null,"weight":860,"page_count":578,"readership":null,"editor":"\u00c9ditions L'Harmattan","price":5100,"published_date":"2009-04-07T22:00:00.000000Z","support":"Grand format","publisher_availability":1,"stock":0,"editions":[],"url":"https:\/\/quaidesbrumes.com\/ouvrage\/9782296081321\/risques-et-environnement-recherches-interdisciplinaires-sur-la-vulnerabilite-des-societes"},{"id":"9782343198149","title":"Composer avec la nature - renaturation et g\u00e9ocitoyennet\u00e9","description":"La Terre est confront\u00e9e \u00e0 trois probl\u00e8mes majeurs : d\u00e9r\u00e8glement climatique, pollution g\u00e9n\u00e9ralis\u00e9e et r\u00e9gression rapide de la biodiversit\u00e9. Des \u00e9volutions divergentes sont \u00e0 l'oeuvre partout et divers sc\u00e9narios se dessinent. Les \u00e9tudier impose d'abord de revisiter nos rapports \u00e0 la Nature tout au long de l'Histoire. Comment mieux penser la Nature ? Ce livre appelle \u00e0 la renaturation du monde et \u00e0 l'\u00e9mergence d'une g\u00e9ocitoyennet\u00e9 \u00e0 travers des r\u00e9apprentissages indispensables.","authors":["Michel Adam","Hugues Sibile"],"category_codes":["4000000","4010000"],"visuals":{"large":"https:\/\/images.epagine.fr\/149\/9782343198149_1_75.jpg","medium":"https:\/\/images.epagine.fr\/149\/9782343198149_1_m.jpg","thumbnail":"https:\/\/images.epagine.fr\/149\/9782343198149_1_v.jpg"},"orderable":true,"show_badge":true,"formatted_price":"29,50&nbsp;\u20ac","formatted_published_date":"19 mars 2020","publisher_availability_label":"Sur commande","short_details":"Michel Adam, Hugues Sibile \u2014 \u00c9ditions L'Harmattan","translator":null,"weight":400,"page_count":258,"readership":null,"editor":"\u00c9ditions L'Harmattan","price":2950,"published_date":"2020-03-18T23:00:00.000000Z","support":"Grand format","publisher_availability":1,"stock":0,"editions":[],"url":"https:\/\/quaidesbrumes.com\/ouvrage\/9782343198149\/composer-avec-la-nature-renaturation-et-geocitoyennete"},{"id":"9780593844069","title":"The Bird Book : The Stories, Science, and History of Birds","description":"Delve into the fascinating world of birds through astonishing photography and clear explanations in this absorbing global guide\r\n\r\nBirds are dinosaurs, with a history going back millions of years. Our fascination with them runs deep in history and our close association is reflected in creation stories, myths, legends, songs, and children''s stories.\r\n\r\nThis book explores both the natural history of birds and that deep cultural connection. From their evolution and anatomy to their behavior and diversity, spanning tiny dunnocks hiding in bushes to ostriches strong enough to knock out a lion. Articles cover a group, such as hawks, finches, swans, or birds of paradise, moving the focus away from a predictable species-by-species account and allowing for truly global coverage. Discover the bold nature of European Robins and why they are associated with Christmas; the mythical Alkonost, with the body of a bird of paradise but the head of a woman; and learn about eagles, from their hunting prowess to the myriad stories and symbolism associated with them. Packed with information, and beautiful photography and illustrations,","authors":["Dk"],"category_codes":["4000000","4010000","4010300"],"visuals":{"large":"https:\/\/images.epagine.fr\/069\/9780593844069_1_75.jpg","medium":"https:\/\/images.epagine.fr\/069\/9780593844069_1_m.jpg","thumbnail":"https:\/\/images.epagine.fr\/069\/9780593844069_1_v.jpg"},"orderable":true,"show_badge":true,"formatted_price":"38,90&nbsp;\u20ac","formatted_published_date":"17 septembre 2024","publisher_availability_label":"Sur commande","short_details":"Dk \u2014 Dorling Kindersley Usa","translator":null,"weight":1673,"page_count":320,"readership":null,"editor":"Dorling Kindersley Usa","price":3890,"published_date":"2024-09-16T22:00:00.000000Z","support":"Grand format","publisher_availability":1,"stock":0,"editions":[],"url":"https:\/\/quaidesbrumes.com\/ouvrage\/9780593844069\/the-bird-book-the-stories-science-and-history-of-birds"},{"id":"9780375713699","title":"Becoming Animal : An Earthly Cosmology","description":"David Abrams first book,  The Spell of the Sensuous  has become a classic of environmental literature. Now he returns with a startling exploration of our human entanglement with the rest of nature.    As the climate veers toward catastrophe, the innumerable losses cascading through the biosphere make vividly evident the need for a metamorphosis in our relation to the living land. For too long weve ignored the wild intelligence of our bodies, taking our primary truths from technologies that hold the living world at a distance. Abrams writing subverts this distance, drawing readers ever closer to their animal senses in order to explore, from within, the elemental kinship between the human body and the breathing Earth. The shape-shifting of ravens, the erotic nature of gravity, the eloquence of thunder, the pleasures of being edible: all have their place in this book.","authors":["David Abram"],"category_codes":["4000000","4010000","4010300"],"visuals":{"large":"https:\/\/images.epagine.fr\/699\/9780375713699_1_75.jpg","medium":"https:\/\/images.epagine.fr\/699\/9780375713699_1_m.jpg","thumbnail":"https:\/\/images.epagine.fr\/699\/9780375713699_1_v.jpg"},"orderable":true,"show_badge":true,"formatted_price":"21,30&nbsp;\u20ac","formatted_published_date":"6 septembre 2011","publisher_availability_label":"Sur commande","short_details":"David Abram \u2014 Vintage Usa","translator":null,"weight":263,"page_count":336,"readership":null,"editor":"Vintage Usa","price":2130,"published_date":"2011-09-05T22:00:00.000000Z","support":"Grand format","publisher_availability":1,"stock":0,"editions":[],"url":"https:\/\/quaidesbrumes.com\/ouvrage\/9780375713699\/becoming-animal-an-earthly-cosmology"},{"id":"9788490010716","title":"Diamant et pierres pr\u00e9cieuses","description":"Ce livre renferme les principes de la Cristallographie, les propi\u00e9t\u00e9s chimiques et physiques des gemmes, ainsi que l'Historique de la nomenclature, dont les r\u00e9sultats ont de l'importance m\u00eame au point de vue de L'Art technique. Une description compl\u00e8te des pierres pr\u00e9cieuses avec des tableaux pour faciliter leur d\u00e9termination, et un chapitre sur les principales imitations des pierres et sur les proc\u00e9d\u00e9s de reproduction, forment la premi\u00e8re partie du livre.","authors":["Am\u00e9d\u00e9e-guillaume-auguste Coutance","Edouard Jannettaz","Emilie Vanderheym"],"category_codes":["4000000","4010000","4010300","4010306"],"visuals":{"large":"https:\/\/images.epagine.fr\/716\/9788490010716_1_75.jpg","medium":"https:\/\/images.epagine.fr\/716\/9788490010716_1_m.jpg","thumbnail":"https:\/\/images.epagine.fr\/716\/9788490010716_1_v.jpg"},"orderable":true,"show_badge":true,"formatted_price":"39,50&nbsp;\u20ac","formatted_published_date":"25 ao\u00fbt 2011","publisher_availability_label":"Sur commande","short_details":"Am\u00e9d\u00e9e-guillaume-auguste Coutance, Edouard Jannettaz, Emilie Vanderheym \u2014 Maxtor","translator":null,"weight":325,"page_count":580,"readership":null,"editor":"Maxtor","price":3950,"published_date":"2011-08-24T22:00:00.000000Z","support":"Grand format","publisher_availability":1,"stock":0,"editions":[],"url":"https:\/\/quaidesbrumes.com\/ouvrage\/9788490010716\/diamant-et-pierres-precieuses"},{"id":"9782487211414","title":"80 Champignons comestibles : Les reconna\u00eetre & les cuisiner !","description":"Les 80 meilleurs champignons comestibles de France, du Nord \u00e0 la M\u00e9diterran\u00e9e, pr\u00e9sent\u00e9s dans des fiches tr\u00e8s d\u00e9taill\u00e9es : description, biotope, \u00e9poque de cueillette, comestibilit\u00e9 et int\u00e9r\u00eat gustatif, confusions. \r\n\r\nPour chaque esp\u00e8ce, une grande photo + un dessin tr\u00e8s d\u00e9taill\u00e9 du champignon, accompagn\u00e9s de l\u00e9gendes indiquant les caract\u00e9ristiques principales, pour une d\u00e9termination pr\u00e9cise. \r\n\r\nUne introduction pour se familiariser avec l'univers des champignons (formes, biologie, milieux de pr\u00e9dilection...) + un lexique pour comprendre les termes de mycologie. \r\n\r\nDes tableaux de confusion illustr\u00e9s qui permettent de comparer une esp\u00e8ce toxique \u00e0 l'esp\u00e8ce comestible qui lui ressemble. \r\n\r\nLe plus : 50 recettes pour cuisiner ses r\u00e9coltes, des grands classiques (c\u00e8pes \u00e0 la Bordelaise, morilles \u00e0 la cr\u00e8me) aux plus originales (tartinade aux russules, tricholomes en marini\u00e8re, etc.).\r\n\r\n","authors":["Collectif"],"category_codes":["4000000","4010000","4010400","4010403"],"visuals":{"large":"https:\/\/quaidesbrumes.com\/img\/book-placeholder.png","medium":"https:\/\/quaidesbrumes.com\/img\/book-placeholder.png","thumbnail":"https:\/\/quaidesbrumes.com\/img\/book-placeholder.png"},"orderable":false,"show_badge":true,"formatted_price":"14,00&nbsp;\u20ac","formatted_published_date":"13 ao\u00fbt 2026","publisher_availability_label":"\u00c0 para\u00eetre","short_details":"Collectif \u2014 Suzac \u00e9ditions","translator":null,"weight":0,"page_count":288,"readership":null,"editor":"Suzac \u00e9ditions","price":1400,"published_date":"2026-08-12T22:00:00.000000Z","support":"Grand format","publisher_availability":2,"stock":0,"editions":[],"url":"https:\/\/quaidesbrumes.com\/ouvrage\/9782487211414\/80-champignons-comestibles-les-reconnaitre-les-cuisiner"},{"id":"9782385893859","title":"\u00c0 fleur de plante","description":"Pourquoi ce projet ?\r\n\r\nParce qu'\u00e0 20 ans, j'ai cette douce urgence de partager ce qui me fait vibrer : le vivant. J'ai \u00e9crit ce livre comme on tend la main, comme on chuchote \u00e0 quelqu'un : \u00ab Regarde, tu vois cette plante ? Elle a quelque chose \u00e0 te dire. \u00bb\r\n\r\nJ'ai grandi les mains dans la terre, le nez dans les feuilles, \u00e0 chercher des r\u00e9ponses que l'\u00e9cole ne m'avait jamais donn\u00e9es.\r\n\r\nAujourd'hui, je veux transmettre ce regard, non pas celui d'une experte, mais celui d'une jeune femme qui croit profond\u00e9ment que conna\u00eetre les plantes, c'est aussi apprendre \u00e0 mieux aimer le monde.\r\n\r\nCe livre, c'est un morceau de moi : mon chemin, mes erreurs, mes \u00e9merveillements. Une porte d'entr\u00e9e vers un univers qu'on oublie trop souvent de regarder, alors qu'il est partout.\r\n\r\nCe livre, ce n'est pas seulement un projet : c'est un fragment de mon r\u00eave.\r\n\r\nCelui de faire entrer un peu plus de nature dans les regards, de remettre du vivant dans nos quotidiens trop press\u00e9s.\r\n\r\nJe l'ai \u00e9crit avec mes mains, mon coeur, mes doutes et mes espoirs, en esp\u00e9rant qu'il touche, qu'il parle, qu'il donne envie d'ouvrir les yeux et de marcher autrement.\r\n\r\nC'est le d\u00e9but d'un chemin que je trace, peut-\u00eatre petit, mais infiniment sinc\u00e8re.\r\n\r\nAlors si ce livre te parle, si tu crois toi aussi qu'on a besoin de r\u00e9apprendre \u00e0 voir le monde v\u00e9g\u00e9tal, aide-moi \u00e0 le faire pousser.\r\n\r\nPartage-le, parle-en, offre-le.\r\n\r\nParce que chaque mot de ces pages est une graine... et qu'ensemble, nous pouvons faire germer bien plus grand que moi.\r\n\r\n","authors":["Mathilde Letoublon"],"category_codes":["4000000","4010000","4010300"],"visuals":{"large":"https:\/\/images.epagine.fr\/859\/9782385893859_1_75.jpg","medium":"https:\/\/images.epagine.fr\/859\/9782385893859_1_m.jpg","thumbnail":"https:\/\/images.epagine.fr\/859\/9782385893859_1_v.jpg"},"orderable":true,"show_badge":true,"formatted_price":"19,90&nbsp;\u20ac","formatted_published_date":"18 mars 2026","publisher_availability_label":"Sur commande","short_details":"Mathilde Letoublon \u2014 Dashbook","translator":null,"weight":240,"page_count":152,"readership":null,"editor":"Dashbook","price":1990,"published_date":"2026-03-17T23:00:00.000000Z","support":"Grand format","publisher_availability":1,"stock":0,"editions":[],"url":"https:\/\/quaidesbrumes.com\/ouvrage\/9782385893859\/a-fleur-de-plante"},{"id":"9782889580859","title":"Hors-S\u00e9rie Revue Salamandre n\u00b05 For\u00eat","description":null,"authors":["Collectif"],"category_codes":["4000000","4010000","4010300"],"visuals":{"large":"https:\/\/images.epagine.fr\/859\/9782889580859_1_75.jpg","medium":"https:\/\/images.epagine.fr\/859\/9782889580859_1_m.jpg","thumbnail":"https:\/\/images.epagine.fr\/859\/9782889580859_1_v.jpg"},"orderable":false,"show_badge":true,"formatted_price":"14,00&nbsp;\u20ac","formatted_published_date":"3 septembre 2026","publisher_availability_label":"\u00c0 para\u00eetre","short_details":"Collectif \u2014 \u00c9ditions de la Salamandre","translator":null,"weight":0,"page_count":146,"readership":null,"editor":"\u00c9ditions de la Salamandre","price":1400,"published_date":"2026-09-02T22:00:00.000000Z","support":"Revue","publisher_availability":2,"stock":0,"editions":[],"url":"https:\/\/quaidesbrumes.com\/ouvrage\/9782889580859\/hors-serie-revue-salamandre-n5-foret"},{"id":"9782889810888","title":"L'arbre et la toile : du vivant et des formes entre les disciplines","description":"Dans le monde vivant (corps humain, v\u00e9g\u00e9taux et toiles d'araign\u00e9e) et dans les formes diagrammatiques, existent des formes d'arbres et de toiles (arbres g\u00e9n\u00e9alogiques, arbres de la m\u00e9moire, arbres veineux et art\u00e9riels, arbres math\u00e9matiques, algorithmes, r\u00e9seaux...). Comment voit-on, recompose-t-on les arborescences et les toiles, et comment ces formes nous permettent-elles de penser et de cr\u00e9er aujourd'hui ? Des sp\u00e9cialistes de biologie, de chirurgie, de litt\u00e9rature, de linguistique, d'histoire de l'art, et de math\u00e9matiques, ainsi que des artistes, r\u00e9pondent et illustrent ces questions, depuis leur champ disciplinaire, et en dialoguant entre eux.","authors":["Catherine Grall","Patrick Suter"],"category_codes":["4000000","4010000","4010200","4010207"],"visuals":{"large":"https:\/\/images.epagine.fr\/888\/9782889810888_1_75.jpg","medium":"https:\/\/images.epagine.fr\/888\/9782889810888_1_m.jpg","thumbnail":"https:\/\/images.epagine.fr\/888\/9782889810888_1_v.jpg"},"orderable":true,"show_badge":true,"formatted_price":"39,00&nbsp;\u20ac","formatted_published_date":"26 f\u00e9vrier 2026","publisher_availability_label":"Sur commande","short_details":"Catherine Grall, Patrick Suter \u2014 Academic Press Fribourg","translator":null,"weight":772,"page_count":430,"readership":null,"editor":"Academic Press Fribourg","price":3900,"published_date":"2026-02-25T23:00:00.000000Z","support":"Grand format","publisher_availability":1,"stock":0,"editions":[],"url":"https:\/\/quaidesbrumes.com\/ouvrage\/9782889810888\/larbre-et-la-toile-du-vivant-et-des-formes-entre-les-disciplines"},{"id":"9782918607601","title":"Les trois rivi\u00e8res: Azergues, Br\u00e9venne, Turdine","description":"Depuis le Beaujolais Vert, les Montagnes du Matin ou les Monts du Lyonnais, en s'\u00e9coulant vers le\r\nPays des Pierres dor\u00e9es et la Sa\u00f4ne, les cours tumultueux de l'Azergues, de la Br\u00e9venne et de la Turdine baignent des paysages d'une tr\u00e8s grande vari\u00e9t\u00e9.\r\nAuteur de plusieurs livres sur l'histoire et le patrimoine local, Christian Mens s'est attach\u00e9 dans le pr\u00e9sent ouvrage \u00e0 nous faire d\u00e9couvrir les lieux remarquables et souvent ignor\u00e9s de chacune des communes qui se trouvent sur le\r\nrivage des Trois rivi\u00e8res.\r\nLe moyen qu'il a retenu est une merveilleuse balade a\u00e9rienne.\r\nAlors bouclez vos ceintures et en vol !\r\n\u00ab Cet \u00e9norme travail fera date dans la connaissance de nos trois vall\u00e9es et servira de point de r\u00e9f\u00e9rence pour juger au fil du temps les transformations et l'\u00e9volution de nos paysages. \u00bb\r\nPierre Forissier (pr\u00e9face)","authors":["Christian Mens"],"category_codes":["4000000","4010000","4010300"],"visuals":{"large":"https:\/\/images.epagine.fr\/601\/9782918607601_1_75.jpg","medium":"https:\/\/images.epagine.fr\/601\/9782918607601_1_m.jpg","thumbnail":"https:\/\/images.epagine.fr\/601\/9782918607601_1_v.jpg"},"orderable":true,"show_badge":true,"formatted_price":"25,00&nbsp;\u20ac","formatted_published_date":"13 septembre 2014","publisher_availability_label":"Sur commande","short_details":"Christian Mens \u2014 \u00c9ditions du Poutan","translator":null,"weight":790,"page_count":224,"readership":null,"editor":"\u00c9ditions du Poutan","price":2500,"published_date":"2014-09-12T22:00:00.000000Z","support":"Grand format","publisher_availability":1,"stock":0,"editions":[],"url":"https:\/\/quaidesbrumes.com\/ouvrage\/9782918607601\/les-trois-rivieres-azergues-brevenne-turdine"},{"id":"9791043140525","title":"Bashan and I : by Thomas Mann","description":"In Bashan and I (sometime referred to as Man and Dog), Thomas Mann, the Nobel Prize-winning author of The Magic Mountain and Death in Venice, writes in the most remarkable way of the unique relation that links a dog with his master. These memoirs read as a novel, and describe in fierce detail the behavior, feelings and psychology of Mann's dog Bashan, and of Mann himself. Mann tells how he acquired Bashan, details traits of his character, and describes how they go on harmless and bucolic hunts.Written in 1918 at the end of the First World War, Bashan and I is an ode to life, to nature, to simple joys, and to a dog.","authors":["Franziska Mann"],"category_codes":["4000000","4010000"],"visuals":{"large":"https:\/\/images.epagine.fr\/525\/9791043140525_1_75.jpg","medium":"https:\/\/images.epagine.fr\/525\/9791043140525_1_m.jpg","thumbnail":"https:\/\/images.epagine.fr\/525\/9791043140525_1_v.jpg"},"orderable":true,"show_badge":true,"formatted_price":"19,95&nbsp;\u20ac","formatted_published_date":"9 mars 2026","publisher_availability_label":"Sur commande","short_details":"Franziska Mann \u2014 Culturea","translator":null,"weight":177,"page_count":128,"readership":null,"editor":"Culturea","price":1995,"published_date":"2026-03-08T23:00:00.000000Z","support":"Grand format","publisher_availability":1,"stock":0,"editions":[],"url":"https:\/\/quaidesbrumes.com\/ouvrage\/9791043140525\/bashan-and-i-by-thomas-mann"},{"id":"9782832103395","title":"LA NATURE A LA PAROLE","description":"En 1909, une association est fond\u00e9e par des repr\u00e9sentants de la Commission suisse pour la protection de la nature, afin de financer le premier parc national en Europe centrale. Cet \u00e9v\u00e9nement marque le d\u00e9but de l'histoire mouvement\u00e9e de la plus ancienne organisation suisse de protection de la nature. Mais c'est aussi, pour l'\u00e9cologie suisse, le d\u00e9but d'une histoire fascinante. Une histoire qui a aujourd'hui cent ans. La Suisse est-elle sur le point de devenir une grande zone urbanis\u00e9e ? La diversit\u00e9 biologique est-elle n\u00e9cessaire ? Les Alpes sont-elles un nouveau Disneyland ? Les diff\u00e9rents chapitres de ce livre tentent de r\u00e9pondre \u00e0 ces questions. Pour la r\u00e9alisation de cet ouvrage, le photographe Markus B\u00fchler-Rasom a photographi\u00e9 les plus beaux sites naturels de Suisse. Ces clich\u00e9s extraordinaires sont une invitation \u00e0 la m\u00e9ditation. La diversit\u00e9 des th\u00e8mes, la riche histoire de toute une \u00e9poque, et les fascinantes images de la nature font de ce livre une oeuvre stimulante qui nous invite \u00e0 une r\u00e9flexion plus approfondie.","authors":["Pro Natura"],"category_codes":["4000000","4010000","4010300","4010302"],"visuals":{"large":"https:\/\/images.epagine.fr\/395\/9782832103395_1_75.jpg","medium":"https:\/\/images.epagine.fr\/395\/9782832103395_1_m.jpg","thumbnail":"https:\/\/images.epagine.fr\/395\/9782832103395_1_v.jpg"},"orderable":true,"show_badge":true,"formatted_price":"36,00&nbsp;\u20ac","formatted_published_date":"19 juin 2009","publisher_availability_label":"Sur commande","short_details":"Pro Natura \u2014 Slatkine","translator":null,"weight":662,"page_count":208,"readership":"Tout public","editor":"Slatkine","price":3600,"published_date":"2009-06-18T22:00:00.000000Z","support":"Grand format","publisher_availability":1,"stock":0,"editions":[],"url":"https:\/\/quaidesbrumes.com\/ouvrage\/9782832103395\/la-nature-a-la-parole"},{"id":"9791031808758","title":"Figure[s] de l'\u00e9cologisme : De la science \u00e0 la politique","description":"Dans un paysage m\u00e9diatique aujourd'hui satur\u00e9 par le foisonnement d'interventions qui se r\u00e9clament \u00e9cologistes, il est difficile de se \u00adrep\u00e9rer au sein de cette n\u00e9buleuse particuli\u00e8rement riche. D'autant qu'y cohabitent des th\u00e9ories radicalement oppos\u00e9es sur la place de la nature, de l'environnement, du d\u00e9veloppement, de l'homme, de la technique... dans le monde, qui d\u00e9bouchent par cons\u00e9quent sur des politiques souvent tr\u00e8s diff\u00e9rentes. C'est l'objet de cet ouvrage que de mettre en sc\u00e8ne la pens\u00e9e \u00ad\u00e9cologiste dans toute sa vari\u00e9t\u00e9, de r\u00e9habiliter certains de ses \u00adrepr\u00e9sentants injustement oubli\u00e9s, de nuancer l'importance d'autres exag\u00e9r\u00e9ment m\u00e9diatis\u00e9s, afin de mieux comprendre les controverses actuelles.\r\n","authors":["Jean Jacob"],"category_codes":["4000000","4010000","4010200","4010204"],"visuals":{"large":"https:\/\/quaidesbrumes.com\/img\/book-placeholder.png","medium":"https:\/\/quaidesbrumes.com\/img\/book-placeholder.png","thumbnail":"https:\/\/quaidesbrumes.com\/img\/book-placeholder.png"},"orderable":false,"show_badge":true,"formatted_price":"14,90&nbsp;\u20ac","formatted_published_date":"17 septembre 2026","publisher_availability_label":"\u00c0 para\u00eetre","short_details":"Jean Jacob \u2014 \u00c9ditions du Cavalier Bleu","translator":null,"weight":0,"page_count":null,"readership":null,"editor":"\u00c9ditions du Cavalier Bleu","price":1490,"published_date":"2026-09-16T22:00:00.000000Z","support":"Poche","publisher_availability":2,"stock":0,"editions":[],"url":"https:\/\/quaidesbrumes.com\/ouvrage\/9791031808758\/figures-de-lecologisme-de-la-science-a-la-politique"},{"id":"9782017161479","title":"L'Examen du permis de chasser","description":"PROFITEZ DE L'EXP\u00c9RIENCE DE CENTAINES DE MILLIERS DE CANDIDATS POUR R\u00c9USSIR L'EXAMEN DU PERMIS DE CHASSER\r\n\u00a0 \r\nLa formation aux exercices pratiques et aux questions th\u00e9oriques de l'examen du permis de chasser est assur\u00e9e par les F\u00e9d\u00e9rations d\u00e9partementales des chasseurs. Elles portent leur attention sur les difficult\u00e9s rencontr\u00e9es par les candidats.\r\nCet ouvrage est le fruit de cette grande exp\u00e9rience pratique couronn\u00e9e de succ\u00e8s. Il couvre compl\u00e8tement la connaissance de la chasse, y compris celle des esp\u00e8ces. Sa r\u00e9daction claire vous permet d'assimiler et m\u00e9moriser facilement tout ce qu'il faut savoir pour r\u00e9ussir l'examen.\r\nDes visuels renforcent la compr\u00e9hension du texte pour vous apprendre \u00e0 reconna\u00eetre dans le cadre de l'organisation de la chasse, les animaux chassables ou prot\u00e9g\u00e9s et pour savoir si vous pouvez tirer ou non, compte tenu des conditions de s\u00e9curit\u00e9.\r\nL'examen du permis de chasser, mis \u00e0 jour conform\u00e9ment aux toutes derni\u00e8res dispositions r\u00e9glementant la chasse en France, contient l'ensemble des questions de l'examen et les r\u00e9ponses pour le r\u00e9ussir.Vous trouverez aussi un examen blanc pour vous entra\u00eener chez vous. C'est le manuel favori de la plupart des candidats depuis 1995.","authors":["Collectif"],"category_codes":["4000000","4010000","4010500"],"visuals":{"large":"https:\/\/quaidesbrumes.com\/img\/book-placeholder.png","medium":"https:\/\/quaidesbrumes.com\/img\/book-placeholder.png","thumbnail":"https:\/\/quaidesbrumes.com\/img\/book-placeholder.png"},"orderable":false,"show_badge":true,"formatted_price":"19,95&nbsp;\u20ac","formatted_published_date":"21 octobre 2026","publisher_availability_label":"\u00c0 para\u00eetre","short_details":"Collectif \u2014 Hachette Pratique","translator":null,"weight":0,"page_count":320,"readership":null,"editor":"Hachette Pratique","price":1995,"published_date":"2026-10-20T22:00:00.000000Z","support":"Grand format","publisher_availability":2,"stock":0,"editions":[],"url":"https:\/\/quaidesbrumes.com\/ouvrage\/9782017161479\/lexamen-du-permis-de-chasser"},{"id":"9782111742697","title":"Les for\u00eats en 30 questions","description":null,"authors":["Collectif"],"category_codes":["4000000","4010000","4010200","4010207"],"visuals":{"large":"https:\/\/quaidesbrumes.com\/img\/book-placeholder.png","medium":"https:\/\/quaidesbrumes.com\/img\/book-placeholder.png","thumbnail":"https:\/\/quaidesbrumes.com\/img\/book-placeholder.png"},"orderable":false,"show_badge":true,"formatted_price":"9,90&nbsp;\u20ac","formatted_published_date":"24 septembre 2026","publisher_availability_label":"\u00c0 para\u00eetre","short_details":"Collectif \u2014 Documentation Fran\u00e7aise","translator":null,"weight":0,"page_count":null,"readership":null,"editor":"Documentation Fran\u00e7aise","price":990,"published_date":"2026-09-23T22:00:00.000000Z","support":"Grand format","publisher_availability":2,"stock":0,"editions":[],"url":"https:\/\/quaidesbrumes.com\/ouvrage\/9782111742697\/les-forets-en-30-questions"},{"id":"9782351913536","title":"Tradition de la volerie fran\u00e7aise","description":"- Une somme unique sur l'histoire de la fauconnerie fran\u00e7aise - Un livre remarquable pour tout amateur d'oiseaux de proie - Une ressource universitaire \u00e0 destination des historiens\r\n\r\nCe livre est exceptionnel ! En 560 pages, accompagn\u00e9es de nombreuses reproductions de gravures et tableaux, l'auteur explore la volerie fran\u00e7aise depuis les origines jusqu'\u00e0 nos jours. V\u00e9ritable \u00e9rudit de l'art de la fauconnerie et de son histoire, pratiquant assidu de la chasse au bas-vol, Hubert Beaufr\u00e8re nous emporte dans l'histoire qui a fa\u00e7onn\u00e9 sa tradition fran\u00e7aise, de ses pratiques et coutumes sous l'ancien r\u00e9gime \u00e0 la modernisation op\u00e9r\u00e9e \u00e0 la fin du 19-\u00e8me si\u00e8cle. Il montre ainsi les singularit\u00e9s de la pratique de la volerie \u00e0 la fran\u00e7aise. V\u00e9ritable livre d'\u00e9rudition sur la chasse au vol, cet ouvrage sera un pilier de la biblioth\u00e8que, non seulement des pratiquants mais \u00e9galement de tous ceux qui se passionnent pour l'histoire de France et ses traditions.","authors":["Hubert Beaufrere"],"category_codes":["4000000","4010000","4010500","4010502"],"visuals":{"large":"https:\/\/images.epagine.fr\/536\/9782351913536_1_75.jpg","medium":"https:\/\/images.epagine.fr\/536\/9782351913536_1_m.jpg","thumbnail":"https:\/\/images.epagine.fr\/536\/9782351913536_1_v.jpg"},"orderable":false,"show_badge":true,"formatted_price":"59,00&nbsp;\u20ac","formatted_published_date":"17 septembre 2026","publisher_availability_label":"\u00c0 para\u00eetre","short_details":"Hubert Beaufrere \u2014 Gerfaut","translator":null,"weight":0,"page_count":560,"readership":null,"editor":"Gerfaut","price":5900,"published_date":"2026-09-16T22:00:00.000000Z","support":"Grand format","publisher_availability":2,"stock":0,"editions":[],"url":"https:\/\/quaidesbrumes.com\/ouvrage\/9782351913536\/tradition-de-la-volerie-francaise"},{"id":"9782351913659","title":"R\u00e9ussir le permis de chasser 2027","description":"R\u00e9ussir le permis de chasser est LE manuel de r\u00e9f\u00e9rence pour tous les futurs chasseurs. Le livre le plus complet ! Ce livre a \u00e9t\u00e9 r\u00e9alis\u00e9 avec le concours de l'Office fran\u00e7ais pour la biodiversit\u00e9 (O.F.B.) Organisateur officiel de l'examen.\r\n\r\nVous vous int\u00e9ressez \u00e0 la chasse ? Vous voulez passer l'examen du permis de chasser ? Ce manuel est fait pour vous ! L'\u00e9dition 2027 actualis\u00e9e contient : - Toutes les indications relatives \u00e0 la \u00ab Loi Chasse \u00bb - Les informations sur la formation d\u00e9cennale ; - Le seul livre \u00e0 proposer un chapitre sur la S\u00e9curit\u00e9 \u00e0 la chasse - 300 photos et illustrations en couleurs ; - 50 croquis techniques et 30 tableaux comparatifs. R\u00e9ussir le permis de chasser, c'est : le programme officiel de l'examen du permis de chasser ; toutes les questions de l'examen et leurs r\u00e9ponses, explications \u00e0 l'appui ; tous les conseils de tir et de s\u00e9curit\u00e9 ; tout ce qu'il faut savoir sur les esp\u00e8ces ; toutes les d\u00e9marches administratives pour passer l'examen et valider son permis. Ce livre est r\u00e9alis\u00e9 avec le concours de l'Office fran\u00e7ais pour la biodiversit\u00e9 (O.F.B.) Organisateur officiel de l'examen. R\u00e9ussir le permis de chasser est LE manuel de r\u00e9f\u00e9rence pour tous les futurs chasseurs. Le livre le plus complet !","authors":["Francois Xavier Alloneau"],"category_codes":["4000000","4010000","4010500","4010502"],"visuals":{"large":"https:\/\/images.epagine.fr\/659\/9782351913659_1_75.jpg","medium":"https:\/\/images.epagine.fr\/659\/9782351913659_1_m.jpg","thumbnail":"https:\/\/images.epagine.fr\/659\/9782351913659_1_v.jpg"},"orderable":false,"show_badge":true,"formatted_price":"23,00&nbsp;\u20ac","formatted_published_date":"27 ao\u00fbt 2026","publisher_availability_label":"\u00c0 para\u00eetre","short_details":"Francois Xavier Alloneau \u2014 Gerfaut","translator":null,"weight":0,"page_count":352,"readership":null,"editor":"Gerfaut","price":2300,"published_date":"2026-08-26T22:00:00.000000Z","support":"Grand format","publisher_availability":2,"stock":0,"editions":[],"url":"https:\/\/quaidesbrumes.com\/ouvrage\/9782351913659\/reussir-le-permis-de-chasser-2027"},{"id":"9782351913673","title":"La recherche au sang : Formation et pistage","description":"L'indispensable manuel d'apprentissage pour \u00e9duquer son chien de chasse et devenir un maitre de la recherche du gibier bless\u00e9\r\n\r\n\u00a0\r\n\r\nLe pistage du gibier bless\u00e9 est une exigence du bien-\u00eatre animal et la t\u00e2che la plus exigeante pour un chien de chasse. Les techniques pr\u00e9sent\u00e9es dans ce livre sont exclusivement consacr\u00e9es \u00e0 cette activit\u00e9 et constituent une \u00e9tude sp\u00e9cifique. Les auteurs accompagnent le chasseur et son chien gr\u00e2ce \u00e0 des conseils pratiques de dressage, tout au long du parcours du chiot jusqu'\u00e0 l'expertise.","authors":["Stefan Mayer","Joachim Schweizer"],"category_codes":["4000000","4010000","4010500","4010502"],"visuals":{"large":"https:\/\/images.epagine.fr\/673\/9782351913673_1_75.jpg","medium":"https:\/\/images.epagine.fr\/673\/9782351913673_1_m.jpg","thumbnail":"https:\/\/images.epagine.fr\/673\/9782351913673_1_v.jpg"},"orderable":false,"show_badge":true,"formatted_price":"32,00&nbsp;\u20ac","formatted_published_date":"17 septembre 2026","publisher_availability_label":"\u00c0 para\u00eetre","short_details":"Stefan Mayer, Joachim Schweizer \u2014 Gerfaut","translator":null,"weight":0,"page_count":160,"readership":null,"editor":"Gerfaut","price":3200,"published_date":"2026-09-16T22:00:00.000000Z","support":"Grand format","publisher_availability":2,"stock":0,"editions":[],"url":"https:\/\/quaidesbrumes.com\/ouvrage\/9782351913673\/la-recherche-au-sang-formation-et-pistage"},{"id":"9782709929387","title":"Biodiversit\u00e9 des \u00e9cosyst\u00e8mes intertropicaux","description":"Dans un monde confront\u00e9 aux changements climatiques et \u00e0 des pand\u00e9mies en lien avec la destruction des milieux naturels, les enjeux li\u00e9s \u00e0 la pr\u00e9servation de la biodiversit\u00e9 sont dor\u00e9navant bien connus et ont donn\u00e9 lieu \u00e0 des accords internationaux majeurs, comme le protocole de Nagoya.\r\n\r\nDans ce contexte mondial, les recherches men\u00e9es au Sud sont primordiales. Les contributions r\u00e9dig\u00e9es ici par des chercheurs d'Afrique, de l'oc\u00e9an Indien, d'Asie du Sud-Est et d'Europe traduisent la vigueur de la recherche sur la biodiversit\u00e9 dans les pays intertropicaux francophones.\r\n\r\nDocumenter la diversit\u00e9 des \u00e9cosyst\u00e8mes v\u00e9g\u00e9taux locaux, mieux conna\u00eetre les savoirs traditionnels et les utilisations populaires des plantes ou des champignons, valoriser le r\u00f4le des collections botaniques, mais aussi identifier des cha\u00eenes de valorisation \u00e9conomique responsables, g\u00e9rer durablement les \u00e9cosyst\u00e8mes et leurs ressources, \u00e9laborer des outils strat\u00e9giques pour une gouvernance environnementale bas\u00e9e sur la science et, enfin, montrer la n\u00e9cessit\u00e9 de l'implication citoyenne et de l'ensemble des acteurs concern\u00e9s, tels sont les grands th\u00e8mes d\u00e9clin\u00e9s ici.\r\n\r\nCet ouvrage collectif int\u00e9ressera tous ceux qui travaillent sur la biodiversit\u00e9 des \u00e9cosyst\u00e8mes intertropicaux. Il souligne la n\u00e9cessit\u00e9 d'une science de l'action au service du d\u00e9veloppement durable.\r\n\r\nSous la direction de Jean-Pierre Profizi, St\u00e9phanie Ardila-Chauvet, Claire Billot, Pierre Couteron, Ma\u00eft\u00e9 Delmas, Thi My Hanh Diep, Philippe Grandcolas, Kouami Kokou, Serge Muller, Anshuman Singh Rana, Hery Lisy Tiana Ranarijaona, Bonaventure Sonke.","authors":["St\u00e9phanie Ardila-chauvet","Claire Billot","Jean-Pierre Couteron","Jean-pierre Profizi"],"category_codes":["4000000","4010000","4010300"],"visuals":{"large":"https:\/\/images.epagine.fr\/387\/9782709929387_1_75.jpg","medium":"https:\/\/images.epagine.fr\/387\/9782709929387_1_m.jpg","thumbnail":"https:\/\/images.epagine.fr\/387\/9782709929387_1_v.jpg"},"orderable":true,"show_badge":true,"formatted_price":"38,00&nbsp;\u20ac","formatted_published_date":"11 f\u00e9vrier 2022","publisher_availability_label":"Sur commande","short_details":"St\u00e9phanie Ardila-chauvet, Claire Billot, Jean-Pierre Couteron, Jean-pierre Profizi \u2014 IRD","translator":null,"weight":1392,"page_count":782,"readership":null,"editor":"IRD","price":3800,"published_date":"2022-02-10T23:00:00.000000Z","support":"Grand format","publisher_availability":1,"stock":0,"editions":[],"url":"https:\/\/quaidesbrumes.com\/ouvrage\/9782709929387\/biodiversite-des-ecosystemes-intertropicaux"},{"id":"9782759234547","title":"L'\u00e9cotoxicologie en questions","description":"Dans un contexte o\u00f9 on sait de mieux en mieux d\u00e9tecter et quantifier les contaminants et mettre en \u00e9vidence leurs effets sur les organismes, quel peut \u00eatre aujourd'hui l'apport de l'\u00e9cotoxicologie ? Une meilleure connaissance des probl\u00e8mes li\u00e9s aux contaminants, pouvant conduire \u00e0 des mesures surprotectrices ? Ou une meilleure appr\u00e9hension des m\u00e9canismes et processus en jeu pour mieux g\u00e9rer l'\u00e9cotoxicit\u00e9 des substances dans le milieu ?\r\n\r\nCet ouvrage aborde les grandes approches actuelles en \u00e9cotoxicologie par le biais de questions ouvertes que peuvent se poser les lecteurs curieux de mieux conna\u00eetre cette discipline ou, plus g\u00e9n\u00e9ralement, soucieux des probl\u00e9matiques environnementales. Les r\u00e9ponses \u00e0 ces questions offrent un panorama des grandes notions de l'\u00e9cotoxicologie, des principaux concepts associ\u00e9s et expliquent les ruptures ayant transform\u00e9 les approches traditionnelles de cette science en une d\u00e9marche plus holistique int\u00e9grant la complexit\u00e9 des conditions r\u00e9elles.\r\n\r\nS'int\u00e9resser aux processus et m\u00e9canismes \u00e9cotoxicologiques permet de traiter les relations causales entre pr\u00e9sence et \u00e9cotoxicit\u00e9 des contaminants, aussi bien en milieu terrestre qu'aquatique.\r\n\r\nLa poursuite des progr\u00e8s de la science \u00e9cotoxicologique repr\u00e9sente aujourd'hui un enjeu majeur pour rendre compte des relations entre sant\u00e9 et environnement (concept d'Eco-Health).","authors":["L\u00e9o Coutellec","Juliette Fabur\u00e9","Soizic Rolland De De Kermorin","Isabelle Lamy","Christian Mougin"],"category_codes":["4000000","4010000","4010200"],"visuals":{"large":"https:\/\/images.epagine.fr\/547\/9782759234547_1_75.jpg","medium":"https:\/\/images.epagine.fr\/547\/9782759234547_1_m.jpg","thumbnail":"https:\/\/images.epagine.fr\/547\/9782759234547_1_v.jpg"},"orderable":true,"show_badge":true,"formatted_price":"12,00&nbsp;\u20ac","formatted_published_date":"20 octobre 2022","publisher_availability_label":"Sur commande","short_details":"L\u00e9o Coutellec, Juliette Fabur\u00e9, Soizic Rolland De De Kermorin, Isabelle Lamy, Christian Mougin \u2014 Qu\u00e6","translator":null,"weight":196,"page_count":72,"readership":null,"editor":"Qu\u00e6","price":1200,"published_date":"2022-10-19T22:00:00.000000Z","support":"Grand format","publisher_availability":1,"stock":0,"editions":[],"url":"https:\/\/quaidesbrumes.com\/ouvrage\/9782759234547\/lecotoxicologie-en-questions"},{"id":"9782759236534","title":"Zoonoses : the ties that bind humans to animals","description":"This book explores zoonoses - the diseases exchanged between animals and humans. Within its pages, the authors describe the nature and transmission of zoonoses, discuss the diseases of greatest concern, detail different protective measures, and examine the factors responsible for zoonosis emergence and evolution.","authors":["Elsa Jourdain","Serge Morand","Fran\u00e7ois Moutou","Gwena\u00ebl Vourc'h"],"category_codes":["4000000","4010000","4010200","4010207"],"visuals":{"large":"https:\/\/images.epagine.fr\/534\/9782759236534_1_75.jpg","medium":"https:\/\/images.epagine.fr\/534\/9782759236534_1_m.jpg","thumbnail":"https:\/\/images.epagine.fr\/534\/9782759236534_1_v.jpg"},"orderable":true,"show_badge":true,"formatted_price":"16,00&nbsp;\u20ac","formatted_published_date":"20 d\u00e9cembre 2022","publisher_availability_label":"Sur commande","short_details":"Elsa Jourdain, Serge Morand, Fran\u00e7ois Moutou, Gwena\u00ebl Vourc'h \u2014 Qu\u00e6","translator":null,"weight":184,"page_count":166,"readership":null,"editor":"Qu\u00e6","price":1600,"published_date":"2022-12-19T23:00:00.000000Z","support":"Grand format","publisher_availability":1,"stock":0,"editions":[],"url":"https:\/\/quaidesbrumes.com\/ouvrage\/9782759236534\/zoonoses-the-ties-that-bind-humans-to-animals"},{"id":"9782713234613","title":"Revue \u00e9tudes rurales","description":"Ce dossier analyse l'essor contemporain de la cueillette de plantes sauvages pass\u00e9e d'une pratique li\u00e9e \u00e0 l'autonomie et aux modes de vie alternatifs \u00e0 une activit\u00e9 professionnelle int\u00e9gr\u00e9e aux march\u00e9s. Face \u00e0 une demande croissante de produits naturels, les fili\u00e8res se sont diversifi\u00e9es, de la transformation locale et vente directe jusqu'\u00e0 l'approvisionnement de laboratoires et d'industries cosm\u00e9tiques \u00e0 l'\u00e9chelle globale. Dans un contexte de crise agricole et d'urgence \u00e9cologique, les six contributions croisent \u00e9cologie, anthropologie et sociologie pour examiner ces formes d'organisation du travail, leurs ancrages territoriaux, leurs potentialit\u00e9s mais aussi leurs d\u00e9rives, en mettant au centre les cueilleuses et cueilleurs ruraux contemporains.","authors":["Collectif"],"category_codes":["4000000","4010000","4010200","4010207"],"visuals":{"large":"https:\/\/quaidesbrumes.com\/img\/book-placeholder.png","medium":"https:\/\/quaidesbrumes.com\/img\/book-placeholder.png","thumbnail":"https:\/\/quaidesbrumes.com\/img\/book-placeholder.png"},"orderable":false,"show_badge":true,"formatted_price":"33,00&nbsp;\u20ac","formatted_published_date":"21 ao\u00fbt 2026","publisher_availability_label":"\u00c0 para\u00eetre","short_details":"Collectif \u2014 EHESS","translator":null,"weight":0,"page_count":null,"readership":null,"editor":"EHESS","price":3300,"published_date":"2026-08-20T22:00:00.000000Z","support":"Grand format","publisher_availability":2,"stock":0,"editions":[],"url":"https:\/\/quaidesbrumes.com\/ouvrage\/9782713234613\/revue-etudes-rurales"},{"id":"9782816025934","title":"Agenda portrait fleuri","description":"Agenda sur 12 mois, de janvier \u00e0 d\u00e9cembre 2027, rythm\u00e9 par de belles illustrations.\r\n\r\nUne semaine par double-page, un espace pour chaque jour de la semaine pour noter les activit\u00e9s et les rendez-vous et une to-do list pour la semaine.\r\n\r\nDes informations pratiques : vacances scolaires, planning de l'ann\u00e9e, jours f\u00e9ri\u00e9s, f\u00eates, calendrier 2028, pages de notes libres.\r\n\r\nFormat pratique et solide, parfait pour l'emporter partout.\r\n\r\nFabrication soign\u00e9e : int\u00e9gra, \u00e9lastique, signet et papier 120gr offset.","authors":["Collectif"],"category_codes":["4000000","4010000","4010300"],"visuals":{"large":"https:\/\/images.epagine.fr\/934\/9782816025934_1_75.jpg","medium":"https:\/\/images.epagine.fr\/934\/9782816025934_1_m.jpg","thumbnail":"https:\/\/images.epagine.fr\/934\/9782816025934_1_v.jpg"},"orderable":false,"show_badge":true,"formatted_price":"0,00&nbsp;\u20ac","formatted_published_date":"20 ao\u00fbt 2026","publisher_availability_label":"\u00c0 para\u00eetre","short_details":"Collectif \u2014 \u00c9ditions Art\u00e9mis","translator":null,"weight":0,"page_count":144,"readership":null,"editor":"\u00c9ditions Art\u00e9mis","price":0,"published_date":"2026-08-19T22:00:00.000000Z","support":"Agenda","publisher_availability":2,"stock":0,"editions":[],"url":"https:\/\/quaidesbrumes.com\/ouvrage\/9782816025934\/agenda-portrait-fleuri"},{"id":"9782816025958","title":"Agenda oc\u00e9an","description":"Agenda sur 12 mois, de janvier \u00e0 d\u00e9cembre 2027, rythm\u00e9 par de belles illustrations.\r\n\r\nUne semaine par double-page, un espace pour chaque jour de la semaine pour noter les activit\u00e9s et les rendez-vous et une to-do list pour la semaine.\r\n\r\nDes informations pratiques : vacances scolaires, planning de l'ann\u00e9e, jours f\u00e9ri\u00e9s, f\u00eates, calendrier 2028, pages de notes libres.\r\n\r\nFormat pratique et solide, parfait pour l'emporter partout.\r\n\r\nFabrication soign\u00e9e : int\u00e9gra, \u00e9lastique, signet et papier 120gr offset.\r\n\r\n","authors":["Collectif"],"category_codes":["4000000","4010000","4010300","4010304"],"visuals":{"large":"https:\/\/images.epagine.fr\/958\/9782816025958_1_75.jpg","medium":"https:\/\/images.epagine.fr\/958\/9782816025958_1_m.jpg","thumbnail":"https:\/\/images.epagine.fr\/958\/9782816025958_1_v.jpg"},"orderable":false,"show_badge":true,"formatted_price":"0,00&nbsp;\u20ac","formatted_published_date":"20 ao\u00fbt 2026","publisher_availability_label":"\u00c0 para\u00eetre","short_details":"Collectif \u2014 \u00c9ditions Art\u00e9mis","translator":null,"weight":0,"page_count":144,"readership":null,"editor":"\u00c9ditions Art\u00e9mis","price":0,"published_date":"2026-08-19T22:00:00.000000Z","support":"Agenda","publisher_availability":2,"stock":0,"editions":[],"url":"https:\/\/quaidesbrumes.com\/ouvrage\/9782816025958\/agenda-ocean"}]}