{"data":[{"id":"9780691247274","title":"Lives of lichens : A natural history","description":"A richly illustrated guide to lichens and their biology\r\n\r\nExisting at the margins of life, lichens are the result of symbiotic relationships between fungi and photosynthesizing partners in the form of algae or cyanobacteria. Comprising more than twenty thousand species, lichens are pioneers in diverse ecosystems, colonizing virtually any surface and growing at almost any altitude. Found in rainforests, polar regions, deserts, and your backyard, lichens embody a paradox of toughness and sensitivity, surviving trips to space yet endangered by even the slightest environmental changes from industrial pollution here on Earth. Lichens grow everywhere, but only on their own terms: no one has ever fully assembled a lichen in the lab from its component parts. The Lives of Lichens explores all facets of these peculiar organisms, blending stunning macrophotography and graphics with in-depth coverage of profiled species to provide an unforgettable tour of the marvelous world of lichens.\r\n\r\nFeatures a wealth of color illustrations\r\nCovers symbiosis, biology, architecture, evolution, taxonomy, and much more\r\nProvides an up-close look at lichens in their ecosystems\r\nDiscusses human relationships with lichens\r\nEssential reading for nature lovers everywhere","authors":["Robert (Curator) Spribille Lucking"],"category_codes":["4000000","4010000","4010400","4010403"],"visuals":{"large":"https:\/\/images.epagine.fr\/274\/9780691247274_1_75.jpg","medium":"https:\/\/images.epagine.fr\/274\/9780691247274_1_m.jpg","thumbnail":"https:\/\/images.epagine.fr\/274\/9780691247274_1_v.jpg"},"orderable":true,"show_badge":true,"formatted_price":"40,60&nbsp;\u20ac","formatted_published_date":"4 juin 2024","publisher_availability_label":"Sur commande","short_details":"Robert (Curator) Spribille Lucking \u2014 Princeton University Press","translator":null,"weight":1160,"page_count":288,"readership":null,"editor":"Princeton University Press","price":4060,"published_date":"2024-06-03T22:00:00.000000Z","support":"Grand format","publisher_availability":1,"stock":0,"editions":[],"url":"https:\/\/quaidesbrumes.com\/ouvrage\/9780691247274\/lives-of-lichens-a-natural-history"},{"id":"9780761189534","title":"JUNGLE - A PHOTICULAR BOOK","description":"JUNGLE features exotic animals in vivid colour and vibrant motion: A tree frog blinks his big red eyes. A tiger stalks his prey. A blue leaf monkey scratches his back. A tarantula scurries across the ground. A butterfly drinks from a tropical flower. A whipsnake darts its tongue. A nocturnal tarsier scans for food. A vividly patterned macaw comes in for a landing.","authors":["Dan Kainen","Kathy Wollard"],"category_codes":["4000000","4010000","4010300"],"visuals":{"large":"https:\/\/images.epagine.fr\/534\/9780761189534_1_75.jpg","medium":"https:\/\/images.epagine.fr\/534\/9780761189534_1_m.jpg","thumbnail":"https:\/\/images.epagine.fr\/534\/9780761189534_1_v.jpg"},"orderable":true,"show_badge":true,"formatted_price":"25,70&nbsp;\u20ac","formatted_published_date":"16 septembre 2016","publisher_availability_label":"Sur commande","short_details":"Dan Kainen, Kathy Wollard \u2014 WORKMAN PUBLISHING","translator":null,"weight":846,"page_count":24,"readership":null,"editor":"WORKMAN PUBLISHING","price":2570,"published_date":"2016-09-15T22:00:00.000000Z","support":"Grand format","publisher_availability":1,"stock":0,"editions":[],"url":"https:\/\/quaidesbrumes.com\/ouvrage\/9780761189534\/jungle-a-photicular-book"},{"id":"9781035091010","title":"The Return of the Oystercatcher : Saving Birds to Save the Planet","description":"Survival for migratory birds is a challenge, but the tide is turning. \r\n\r\nThis is a book about optimism.\r\n\r\nAcross the world, scientists, conservationists and ordinary people are involved in groundbreaking, wide-reaching work to restore billions of lost birds - tackling the hollowing out of the springtime dawn chorus, and the withering away of once-great migration multitudes.\r\n\r\nFrom a tiny island off the coast of Maine to the middle of the Pacific Ocean, from a hereditary estate in England to the deep Carpathian Mountains in Romania, from the middle of the Canadian boreal forest to a watery wilderness where you can hear the air-raid sirens in Ukraine screaming at night, birds'' fortunes are being reversed. Threatened bird such as herons and ospreys, peregrine falcons and bald eagles are replenishing at rates previously thought impossible.\r\n\r\nFrom renowned natural history writer Scott Weidensaul, The Return of the Oystercatchers is the uplifting story of how that success means that all those involved are making progress for us and our planet, too. Because a world that works for birds, in all their complexity of movement and ecological need, will work for everything else. Including people.","authors":["Scott Weidensaul"],"category_codes":["4000000","4010000","4010300"],"visuals":{"large":"https:\/\/images.epagine.fr\/010\/9781035091010_1_75.jpg","medium":"https:\/\/images.epagine.fr\/010\/9781035091010_1_m.jpg","thumbnail":"https:\/\/images.epagine.fr\/010\/9781035091010_1_v.jpg"},"orderable":true,"show_badge":true,"formatted_price":"24,30&nbsp;\u20ac","formatted_published_date":"26 janvier 2026","publisher_availability_label":"Sur commande","short_details":"Scott Weidensaul \u2014 Picador UK","translator":null,"weight":0,"page_count":400,"readership":"+ de 18 ans","editor":"Picador UK","price":2430,"published_date":"2026-01-25T23:00:00.000000Z","support":"Grand format","publisher_availability":1,"stock":0,"editions":[],"url":"https:\/\/quaidesbrumes.com\/ouvrage\/9781035091010\/the-return-of-the-oystercatcher-saving-birds-to-save-the-planet"},{"id":"9782920922877","title":"Chimie des eaux","description":null,"authors":["Monique Tardat-Henry"],"category_codes":["4000000","4010000","4010200"],"visuals":{"large":"https:\/\/quaidesbrumes.com\/img\/book-placeholder.png","medium":"https:\/\/quaidesbrumes.com\/img\/book-placeholder.png","thumbnail":"https:\/\/quaidesbrumes.com\/img\/book-placeholder.png"},"orderable":true,"show_badge":true,"formatted_price":"66,00&nbsp;\u20ac","formatted_published_date":"1er mars 1992","publisher_availability_label":"Sur commande","short_details":"Monique Tardat-Henry \u2014 Modulo","translator":null,"weight":802,"page_count":538,"readership":null,"editor":"Modulo","price":6600,"published_date":"1992-02-29T23:00:00.000000Z","support":"Grand format","publisher_availability":1,"stock":0,"editions":[],"url":"https:\/\/quaidesbrumes.com\/ouvrage\/9782920922877\/chimie-des-eaux"},{"id":"9783838189253","title":"Coh\u00e9rence territoriale et coh\u00e9sion sociale Tome 1","description":"La dynamique de projet partag\u00e9 impuls\u00e9 par la LOADDT (1999) fixe \u00e0 la structuration du territoire en Pays un objectif de d\u00e9veloppement durable qui soul\u00e8ve la question de la prise en compte des enjeux sociaux dans l'\u00e9laboration des projets territoriaux. Les recompositions des territoires de l'action publique provoquent des transformations de l'organisation locale notamment du fait des dispositions relatives \u00e0 l'intercommunalit\u00e9. Cette nouvelle architecture am\u00e8ne des changements dans les modalit\u00e9s de l'intervention publique, cette strat\u00e9gie visant \u00e0 promouvoir une conception ascendante de l'action publique par les d\u00e9marches de contrat et de partenariat. Les m\u00e9canismes de coproduction des politiques territoriales engendrent des recompositions institutionnelles et de nouveaux dispositifs de gouvernance. Avec la mont\u00e9e de la question territoriale dans le champ des politiques sociales, la dimension sociale, composante \u00e0 part enti\u00e8re du d\u00e9veloppement durable, est pos\u00e9e dans les diagnostics territoriaux mettant en visibilit\u00e9 les besoins sociaux et les nouvelles m\u00e9diations autour de probl\u00e8mes publics partag\u00e9s. Le d\u00e9veloppement durable se pose comme nouvel axe politique.","authors":["Corinne Hommage"],"category_codes":["4000000","4010000","4010200","4010208"],"visuals":{"large":"https:\/\/images.epagine.fr\/253\/9783838189253_1_75.jpg","medium":"https:\/\/images.epagine.fr\/253\/9783838189253_1_m.jpg","thumbnail":"https:\/\/images.epagine.fr\/253\/9783838189253_1_v.jpg"},"orderable":true,"show_badge":true,"formatted_price":"98,00&nbsp;\u20ac","formatted_published_date":"16 juillet 2012","publisher_availability_label":"Sur commande","short_details":"Corinne Hommage \u2014 Presses Academiques Francophones","translator":null,"weight":450,"page_count":304,"readership":null,"editor":"Presses Academiques Francophones","price":9800,"published_date":"2012-07-15T22:00:00.000000Z","support":"Grand format","publisher_availability":1,"stock":0,"editions":[],"url":"https:\/\/quaidesbrumes.com\/ouvrage\/9783838189253\/coherence-territoriale-et-cohesion-sociale-tome-1"},{"id":"9781426219108","title":"Shark","description":"For decades, acclaimed National Geographic underwater photographer Brian Skerry has braved ocean depths and the jaws of predatory giants to capture the most remarkable photographs of sharks around the world. In this collection of the best of those pictures, Skerry draws on his growing personal respect for these animals to share intimate stories of their impact. Focusing on four key species--great white, whitetip, tiger, and mako sharks--Skerry's photographs span from his early work, photographing them from cages, to his recent unencumbered scuba dives. With additional text by top National Geographic writers, Skerry's images and stories encourage a change in attitude toward these top predators, ultimately showing how they are the keys to the healthy balance of nature underwater.","authors":["Brian Skerry"],"category_codes":["4000000","4010000","4010300"],"visuals":{"large":"https:\/\/images.epagine.fr\/108\/9781426219108_1_75.jpg","medium":"https:\/\/images.epagine.fr\/108\/9781426219108_1_m.jpg","thumbnail":"https:\/\/images.epagine.fr\/108\/9781426219108_1_v.jpg"},"orderable":true,"show_badge":true,"formatted_price":"28,00&nbsp;\u20ac","formatted_published_date":"13 juin 2017","publisher_availability_label":"Sur commande","short_details":"Brian Skerry \u2014 Random House US","translator":null,"weight":995,"page_count":208,"readership":null,"editor":"Random House US","price":2800,"published_date":"2017-06-12T22:00:00.000000Z","support":"Grand format","publisher_availability":1,"stock":0,"editions":[],"url":"https:\/\/quaidesbrumes.com\/ouvrage\/9781426219108\/shark"},{"id":"9781797215662","title":"Flowers for all : Modern floral arrangements for beauty, joy, and mindfulness every day","description":"FRESH TAKE ON FLORAL ARRANGING: This easy-to-follow arranging guide uses accessible ingredients and celebrates flower arranging as an opportunity to invite the beauty of nature into your life. The non-prescriptive approach makes it easy to learn the art of flower arranging, and the bold colors, monochromatic designs, and striking displays add a modern twist.\r\n\r\nBEAUTIFUL GIFT: This colorful, flower-forward book is a thoughtful present for flower lovers, crafters, and decor enthusiasts. The affordable price and petite, giftable size make this a lovely gift to give with a bouquet of flowers and will brighten any gifting moment--from a housewarming party to Mother's Day.\r\n\r\nALL-LEVELS FLOWER ARRANGING: The approachable recipes and simple-to-find ingredients make these designs accessible to a wide audience, whether they get flowers at the grocery store, farmer's market, or their own picking garden.\r\n\r\nEXPERT AUTHOR: Susan McLeary is a beloved floral designer with decades of experience working with flowers. She leads online flower-arranging courses and teaches workshops all over the world to both beginner and experienced floral designers. Her work has been featured in Martha Stewart Weddings, Refinery29, Cosmopolitan, SELF,The Knot, and Country Living.\r\nConsumer:\r\n- Flower lovers - Nature enthusiasts - Mother's Day gift shoppers - Fans of Susan McLeary - Fans of Floret Farm's Cut Flower Garden and Magnolia Table","authors":["Susan Mcleary"],"category_codes":["4000000","4010000","4010300"],"visuals":{"large":"https:\/\/images.epagine.fr\/662\/9781797215662_1_75.jpg","medium":"https:\/\/images.epagine.fr\/662\/9781797215662_1_m.jpg","thumbnail":"https:\/\/images.epagine.fr\/662\/9781797215662_1_v.jpg"},"orderable":true,"show_badge":true,"formatted_price":"25,40&nbsp;\u20ac","formatted_published_date":"16 f\u00e9vrier 2023","publisher_availability_label":"Sur commande","short_details":"Susan Mcleary \u2014 Chronicle Books","translator":null,"weight":564,"page_count":172,"readership":null,"editor":"Chronicle Books","price":2540,"published_date":"2023-02-15T23:00:00.000000Z","support":"Grand format","publisher_availability":1,"stock":0,"editions":[],"url":"https:\/\/quaidesbrumes.com\/ouvrage\/9781797215662\/flowers-for-all-modern-floral-arrangements-for-beauty-joy-and-mindfulness-every-day"},{"id":"9782909717432","title":"Identification et caract\u00e9risation des vari\u00e9t\u00e9s d'olivier cultiv\u00e9es en France Tome 1","description":"D\u00e9crit 45 vari\u00e9t\u00e9s d'olivier. Pour chacune : description morphologique, \u00e9valuation agronomique, caract\u00e9ristiques organoleptiques de l'huile, zone de culture, principaux synonymes, caract\u00e9ristiques particuli\u00e8res.","authors":["Andre Martre","Nathalie Moutier","Christian Pinatel","Jean-Paul Roger"],"category_codes":["4000000","4010000","4010400","4010406"],"visuals":{"large":"https:\/\/images.epagine.fr\/432\/9782909717432_1_75.jpg","medium":"https:\/\/images.epagine.fr\/432\/9782909717432_1_m.jpg","thumbnail":"https:\/\/images.epagine.fr\/432\/9782909717432_1_v.jpg"},"orderable":true,"show_badge":true,"formatted_price":"29,00&nbsp;\u20ac","formatted_published_date":"1er d\u00e9cembre 2004","publisher_availability_label":"Sur commande","short_details":"Andre Martre, Nathalie Moutier, Christian Pinatel, Jean-Paul Roger \u2014 Naturalia","translator":null,"weight":428,"page_count":248,"readership":null,"editor":"Naturalia","price":2900,"published_date":"2004-11-30T23:00:00.000000Z","support":"Grand format","publisher_availability":1,"stock":0,"editions":[],"url":"https:\/\/quaidesbrumes.com\/ouvrage\/9782909717432\/identification-et-caracterisation-des-varietes-dolivier-cultivees-en-france-tome-1"},{"id":"9782909717746","title":"Identification et caract\u00e9risation des vari\u00e9t\u00e9s d'olivier cultiv\u00e9es en France Tome 2","description":"Description de 50 vari\u00e9t\u00e9s locales fran\u00e7aises d'olivier et de 10 vari\u00e9t\u00e9s \u00e9trang\u00e8res cultiv\u00e9es en France : description morphologique, \u00e9valuation agronomique, caract\u00e9ristiques organoleptiques de l'huile, zone de culture, principaux synonymes, et caract\u00e9ristiques particuli\u00e8res. Avec une cl\u00e9 de d\u00e9termination de 91 vari\u00e9t\u00e9s \u00e0 partir des caract\u00e8res du noyau.","authors":["Andre Martre","Nathalie Moutier","Christian Pinatel","Jean-Paul Roger"],"category_codes":["4000000","4010000","4010400","4010406"],"visuals":{"large":"https:\/\/images.epagine.fr\/746\/9782909717746_1_75.jpg","medium":"https:\/\/images.epagine.fr\/746\/9782909717746_1_m.jpg","thumbnail":"https:\/\/images.epagine.fr\/746\/9782909717746_1_v.jpg"},"orderable":true,"show_badge":true,"formatted_price":"29,00&nbsp;\u20ac","formatted_published_date":"19 septembre 2011","publisher_availability_label":"Sur commande","short_details":"Andre Martre, Nathalie Moutier, Christian Pinatel, Jean-Paul Roger \u2014 Naturalia","translator":null,"weight":432,"page_count":248,"readership":null,"editor":"Naturalia","price":2900,"published_date":"2011-09-18T22:00:00.000000Z","support":"Grand format","publisher_availability":1,"stock":0,"editions":[],"url":"https:\/\/quaidesbrumes.com\/ouvrage\/9782909717746\/identification-et-caracterisation-des-varietes-dolivier-cultivees-en-france-tome-2"},{"id":"9783838171654","title":"Capparis spinosa l. en Tunisie : diversit\u00e9 et \u00e9cologie","description":"Le c\u00e2prier (Capparis spinosa L.) est un arbrisseau buissonnant, r\u00e9put\u00e9 pour ses boutons floraux et ses fruits immatures comestibles. L'\u00e9tude de la diversit\u00e9 de cette plante spontan\u00e9e de la Tunisie, a r\u00e9v\u00e9l\u00e9 un grand polymorphisme. L'analyse des caract\u00e8res morphologiques, ph\u00e9nologiques, anatomiques, physiologiques et biochimiques a permis d'identifier deux sous-esp\u00e8ces diff\u00e9rentes : Capparis spinosa subsp. spinosa et C. spinosa subsp. rupestris (Sibth. & Sm.) Nyman. Elles occupent des aires g\u00e9ographiques diff\u00e9rentes et poussent sur des sols diff\u00e9rents. Ces diff\u00e9rences sous-sp\u00e9cifiques se manifestent aussi pendant la germination et le bouturage. Ainsi, l'\u00e9tude des acides gras confirme aussi cette variabilit\u00e9 sous-sp\u00e9cifique ; les populations de C. spinosa subsp. spinosa ont montr\u00e9 une richesse en acide ol\u00e9ique, mais celles de C. spinosa subsp. rupestris ont pr\u00e9sent\u00e9 une richesse en acide st\u00e9arique, acide palmitol\u00e8ique et acide b\u00e9h\u00e9nique.","authors":["Ezzeddine Saadaoui"],"category_codes":["4000000","4010000","4010200","4010204"],"visuals":{"large":"https:\/\/images.epagine.fr\/654\/9783838171654_1_75.jpg","medium":"https:\/\/images.epagine.fr\/654\/9783838171654_1_m.jpg","thumbnail":"https:\/\/images.epagine.fr\/654\/9783838171654_1_v.jpg"},"orderable":true,"show_badge":true,"formatted_price":"69,00&nbsp;\u20ac","formatted_published_date":"9 ao\u00fbt 2012","publisher_availability_label":"Sur commande","short_details":"Ezzeddine Saadaoui \u2014 Presses Academiques Francophones","translator":null,"weight":347,"page_count":232,"readership":null,"editor":"Presses Academiques Francophones","price":6900,"published_date":"2012-08-08T22:00:00.000000Z","support":"Grand format","publisher_availability":1,"stock":0,"editions":[],"url":"https:\/\/quaidesbrumes.com\/ouvrage\/9783838171654\/capparis-spinosa-l-en-tunisie-diversite-et-ecologie"},{"id":"9782738407290","title":"Produire et pr\u00e9server l'environnement : Quelles r\u00e9glementations pour l'agriculture europ\u00e9enne","description":null,"authors":["Maryvonne Bodiguel"],"category_codes":["4000000","4010000","4010200","4010208"],"visuals":{"large":"https:\/\/images.epagine.fr\/290\/9782738407290_1_75.jpg","medium":"https:\/\/images.epagine.fr\/290\/9782738407290_1_m.jpg","thumbnail":"https:\/\/images.epagine.fr\/290\/9782738407290_1_v.jpg"},"orderable":true,"show_badge":true,"formatted_price":"18,55&nbsp;\u20ac","formatted_published_date":"3 mai 2000","publisher_availability_label":"Sur commande","short_details":"Maryvonne Bodiguel \u2014 \u00c9ditions L'Harmattan","translator":null,"weight":320,"page_count":203,"readership":null,"editor":"\u00c9ditions L'Harmattan","price":1855,"published_date":"2000-05-02T22:00:00.000000Z","support":"Grand format","publisher_availability":1,"stock":0,"editions":[],"url":"https:\/\/quaidesbrumes.com\/ouvrage\/9782738407290\/produire-et-preserver-lenvironnement-quelles-reglementations-pour-lagriculture-europeenne"},{"id":"9782901952930","title":"Baleines franches","description":"V\u00e9ritable encyclop\u00e9die richement illustr\u00e9e, ce livre nous plonge dans les mers froides, \u00e0 la d\u00e9couverte de l'univers passionnant des baleines franches. Un premier volet d\u00e9taille l'anatomie et la physiologie de ces g\u00e9ants du monde animal, un second d\u00e9roule l'histoire de leur p\u00eache par pays de mani\u00e8re chronologique, ce qu'aucune histoire de la chasse \u00e0 la baleine n'avait fait auparavant.","authors":["Jacques Soulaire"],"category_codes":["4000000","4010000","4010300","4010302"],"visuals":{"large":"https:\/\/images.epagine.fr\/930\/9782901952930_1_75.jpg","medium":"https:\/\/images.epagine.fr\/930\/9782901952930_1_m.jpg","thumbnail":"https:\/\/images.epagine.fr\/930\/9782901952930_1_v.jpg"},"orderable":true,"show_badge":true,"formatted_price":"42,00&nbsp;\u20ac","formatted_published_date":"9 juillet 2012","publisher_availability_label":"Sur commande","short_details":"Jacques Soulaire \u2014 Spm Lettrage","translator":null,"weight":775,"page_count":560,"readership":null,"editor":"Spm Lettrage","price":4200,"published_date":"2012-07-08T22:00:00.000000Z","support":"Grand format","publisher_availability":1,"stock":0,"editions":[],"url":"https:\/\/quaidesbrumes.com\/ouvrage\/9782901952930\/baleines-franches"},{"id":"9782761922289","title":"Guide pratique de survie en for\u00eat","description":"Ma\u00eetriser les techniques de survie et de sauvetage en for\u00eat Chasseur, p\u00eacheur, simple promeneur : tout le monde peut devoir affronter un jour une situation d'urgence en for\u00eat. Tout ce qu'il faut savoir pour r\u00e9agir sans s'affoler et se d\u00e9brouiller en attendant les secours.\r\n\r\n \r\nFait pour le climat temp\u00e9r\u00e9, ce guide d\u00e9crit les divers aspects de la survie en for\u00eat : s'orienter, trouver de l'eau potable et de la nourriture, faire un feu, construire un abri, traiter les malaises et les blessures, \u00e9mettre des signaux de d\u00e9tresse.\r","authors":["Deschenaux J-G."],"category_codes":["4000000","4010000","4010300"],"visuals":{"large":"https:\/\/images.epagine.fr\/289\/9782761922289_1_75.jpg","medium":"https:\/\/images.epagine.fr\/289\/9782761922289_1_m.jpg","thumbnail":"https:\/\/images.epagine.fr\/289\/9782761922289_1_v.jpg"},"orderable":true,"show_badge":true,"formatted_price":"22,35&nbsp;\u20ac","formatted_published_date":"10 avril 2007","publisher_availability_label":"Sur commande","short_details":"Deschenaux J-G. \u2014 Les \u00c9ditions de l'Homme","translator":null,"weight":424,"page_count":302,"readership":null,"editor":"Les \u00c9ditions de l'Homme","price":2235,"published_date":"2007-04-09T22:00:00.000000Z","support":"Grand format","publisher_availability":1,"stock":0,"editions":[],"url":"https:\/\/quaidesbrumes.com\/ouvrage\/9782761922289\/guide-pratique-de-survie-en-foret"},{"id":"9782343087412","title":"Performance des projets de d\u00e9veloppement international","description":"La qu\u00eate de la performance a longtemps \u00e9t\u00e9 une pr\u00e9occupation du secteur public et priv\u00e9 des pays en voie de d\u00e9veloppement ainsi que celui du S\u00e9n\u00e9gal. Aujourd'hui les indicateurs fondamentaux sont devenus insuffisants en mati\u00e8re d'\u00e9valuation de la performance. Il convient d\u00e8s lors de proposer des mod\u00e8les d'\u00e9valuation de la performance. Le pr\u00e9sent ouvrage essaie de proc\u00e9der \u00e0 l'analyse de la performance des projets de d\u00e9veloppement international financ\u00e9s par les Banques Multilat\u00e9rales de D\u00e9veloppement et ex\u00e9cut\u00e9s par les Agences d'Ex\u00e9cution. L'analyse de la performance des projets met en relief l'int\u00e9r\u00eat de la performance dans la comp\u00e9titivit\u00e9 et la rentabilit\u00e9 des organisations dans une \u00e9poque de plus en plus concurrentielle.","authors":["Elhadj Malick Soumare"],"category_codes":["4000000","4010000","4010200","4010208"],"visuals":{"large":"https:\/\/images.epagine.fr\/412\/9782343087412_1_75.jpg","medium":"https:\/\/images.epagine.fr\/412\/9782343087412_1_m.jpg","thumbnail":"https:\/\/images.epagine.fr\/412\/9782343087412_1_v.jpg"},"orderable":true,"show_badge":true,"formatted_price":"25,50&nbsp;\u20ac","formatted_published_date":"11 mars 2016","publisher_availability_label":"Sur commande","short_details":"Elhadj Malick Soumare \u2014 \u00c9ditions L'Harmattan","translator":null,"weight":350,"page_count":224,"readership":null,"editor":"\u00c9ditions L'Harmattan","price":2550,"published_date":"2016-03-10T23:00:00.000000Z","support":"Grand format","publisher_availability":1,"stock":0,"editions":[],"url":"https:\/\/quaidesbrumes.com\/ouvrage\/9782343087412\/performance-des-projets-de-developpement-international"},{"id":"9782344071922","title":"Manuel de M\u00e9t\u00e9o Montagne","description":"Le guide pratique indispensable pour conna\u00eetre, comprendre et\u00a0anticiper les\u00a0\u00e9volutions m\u00e9t\u00e9orologiques en montagne, afin\u00a0d'adopter les bons\u00a0comportements.\r\nQuel temps va-t-il faire ? Comment anticiper une chute de neige, mesurer l'ampleur d'un orage, \u00e9viter la foudre ? Qu'annoncent ces formes de nuages et ces couleurs de ciel\u00a0? Comment lire bulletins m\u00e9t\u00e9o, cartes techniques, images satellitaires, m\u00e9t\u00e9o sur Internet...\u00a0? Quid de l'influence du d\u00e9r\u00e8glement climatique sur les activit\u00e9s en montagne\u00a0? Tout pratiquant et usager de la montagne, professionnel ou amateur, randonneur, alpiniste, skieur, parapentiste, v\u00e9t\u00e9tiste ou simple promeneur se pose r\u00e9guli\u00e8rement ces questions ! Le climat de montagne a ses particularit\u00e9s, et ses sp\u00e9cificit\u00e9s par massif, la pr\u00e9vision ses m\u00e9thodes.\r\nCe guide accessible \u00e0 tous et richement illustr\u00e9 se veut un outil concret pour savoir lire le ciel et pr\u00e9server sa s\u00e9curit\u00e9.","authors":["Gaetan Heymes"],"category_codes":["4000000","4010000","4010300","4010303"],"visuals":{"large":"https:\/\/quaidesbrumes.com\/img\/book-placeholder.png","medium":"https:\/\/quaidesbrumes.com\/img\/book-placeholder.png","thumbnail":"https:\/\/quaidesbrumes.com\/img\/book-placeholder.png"},"orderable":false,"show_badge":true,"formatted_price":"22,00&nbsp;\u20ac","formatted_published_date":"2 septembre 2026","publisher_availability_label":"\u00c0 para\u00eetre","short_details":"Gaetan Heymes \u2014 Gl\u00e9nat","translator":null,"weight":0,"page_count":216,"readership":null,"editor":"Gl\u00e9nat","price":2200,"published_date":"2026-09-01T22:00:00.000000Z","support":"Grand format","publisher_availability":2,"stock":0,"editions":[],"url":"https:\/\/quaidesbrumes.com\/ouvrage\/9782344071922\/manuel-de-meteo-montagne"},{"id":"9782342056259","title":"Manuel d'\u00e9conomie du d\u00e9veloppement \u00e0 la gen\u00e8se des ODD","description":"\u00ab Le monde contemporain se caract\u00e9rise par sa complexit\u00e9 \u00e9conomique. Apr\u00e8s le triomphe du lib\u00e9ralisme sur le dirigisme \u00e9conomique, les nations marchant d\u00e9sormais dans une seule voie sont toujours \u00e0 la recherche du m\u00eame but : le bien-\u00eatre social de l'esp\u00e8ce humaine. C'est ce qui a amen\u00e9 les gouvernants du monde \u00e0 ordonner les objectifs du mill\u00e9naire pour le d\u00e9veloppement (OMD). \u00bb C'est en septembre 2015 que les Nations unies ont adopt\u00e9 les objectifs du d\u00e9veloppement durable (ODD) dont le but est d'achever le travail d\u00e9j\u00e0 commenc\u00e9 par les OMD. Ces deux projets font appel \u00e0 des pratiques priv\u00e9es et publiques relevant de l'\u00e9conomie du d\u00e9veloppement. Cette derni\u00e8re se base sur des techniques modernes de l'analyse macro\u00e9conomique et micro\u00e9conomique, de m\u00eame que sur l'\u00e9tude des probl\u00e8mes \u00e9conomiques, sociaux, environnementaux et institutionnels que rencontrent les pays en d\u00e9veloppement. De ce fait, elle s'int\u00e9resse principalement aux d\u00e9terminants de la pauvret\u00e9 et du sous-d\u00e9veloppement ainsi qu'aux politiques \u00e9tablies pour y rem\u00e9dier dans ces pays. Israel Moussa Boureima pr\u00e9sente ici un ouvrage p\u00e9dagogique complet qui explique les principes et modes op\u00e9ratoires mis en place par les ODD. Un manuel qui se r\u00e9v\u00e9lera aussi utile aux cadres des administrations publiques qu'aux parlementaires, agents d'entreprises, \u00e9l\u00e8ves et \u00e9tudiants.\r","authors":["Israel moussa Boureima"],"category_codes":["4000000","4010000","4010200","4010208"],"visuals":{"large":"https:\/\/images.epagine.fr\/259\/9782342056259_1_75.jpg","medium":"https:\/\/images.epagine.fr\/259\/9782342056259_1_m.jpg","thumbnail":"https:\/\/images.epagine.fr\/259\/9782342056259_1_v.jpg"},"orderable":true,"show_badge":true,"formatted_price":"11,50&nbsp;\u20ac","formatted_published_date":"5 octobre 2016","publisher_availability_label":"Sur commande","short_details":"Israel moussa Boureima \u2014 PUBLIBOOK","translator":null,"weight":201,"page_count":134,"readership":null,"editor":"PUBLIBOOK","price":1150,"published_date":"2016-10-04T22:00:00.000000Z","support":"Grand format","publisher_availability":1,"stock":0,"editions":[],"url":"https:\/\/quaidesbrumes.com\/ouvrage\/9782342056259\/manuel-deconomie-du-developpement-a-la-genese-des-odd"},{"id":"9782342150193","title":"Menace sur la plan\u00e8te","description":"\u00ab Vers la fin de soir\u00e9e, un petit gorille de cinq ans, Otto, a renifl\u00e9 des relents de viande qui grillait \u00e0 500 m\u00e8tres de son arbre o\u00f9 il sommeillait, emport\u00e9 dans les bras de Morph\u00e9e. Intrigu\u00e9 par cet ar\u00f4me all\u00e9chant, il s'est pr\u00e9cipit\u00e9 en sautant d'arbre en arbre vers cet endroit [...]. Arrivant vers ce lieu fabuleux, il a remarqu\u00e9, perch\u00e9 sur une branche d'arbre, un festin de viande et de saucisses qui grillaient sur un feu de bois. Mais comment est-ce possible de voir cela, si pr\u00e8s de son territoire ? Alors il s'est laiss\u00e9 glisser sans bruit vers cette nourriture qui le fascinait. S'approchant de la grillade il a pris des saucisses qui chauffaient horriblement ses petites mains. Mais l'envie \u00e9tait plus forte que la br\u00fblure qui le faisait souffrir. \u00c0 ce moment-l\u00e0 surgit un homme, puis deux autres cach\u00e9s dans un buisson. [...] Ces braconniers attendaient qu'un singe ou plusieurs arrivent vers eux pour les kidnapper et les vendre. Un cirque, un particulier, ou pire encore, un laboratoire de recherches feraient bien l'affaire pour l'escarcelle de ces vauriens. \u00bb Des cieux aux oc\u00e9ans, de l'Am\u00e9rique \u00e0 l'Asie, de la banquise au d\u00e9sert, l'ouvrage de F. Mazerolle propose un tour d'horizon de la vie animale menac\u00e9e. L'occasion est ainsi donn\u00e9e au lecteur de conna\u00eetre les moeurs, mais aussi le sort r\u00e9serv\u00e9 \u00e0 certaines esp\u00e8ces - embl\u00e9matiques ou moins connues - en voie d'extinction en raison du fol app\u00e9tit des hommes. Conna\u00eetre pour mieux respecter et, au-del\u00e0, prot\u00e9ger, c'est le credo latent de cet essai engag\u00e9, qui conjugue descriptions animales, r\u00e9cits et cris d'alarme, afin de nous sensibiliser \u00e0 l'avenir de ceux qui partagent avec nous la Terre.\r","authors":["Fran\u00e7oise Mazerolle"],"category_codes":["4000000","4010000","4010200","4010207"],"visuals":{"large":"https:\/\/images.epagine.fr\/193\/9782342150193_1_75.jpg","medium":"https:\/\/images.epagine.fr\/193\/9782342150193_1_m.jpg","thumbnail":"https:\/\/images.epagine.fr\/193\/9782342150193_1_v.jpg"},"orderable":true,"show_badge":true,"formatted_price":"26,00&nbsp;\u20ac","formatted_published_date":"25 janvier 2017","publisher_availability_label":"Sur commande","short_details":"Fran\u00e7oise Mazerolle \u2014 PUBLIBOOK","translator":null,"weight":573,"page_count":382,"readership":null,"editor":"PUBLIBOOK","price":2600,"published_date":"2017-01-24T23:00:00.000000Z","support":"Grand format","publisher_availability":1,"stock":0,"editions":[],"url":"https:\/\/quaidesbrumes.com\/ouvrage\/9782342150193\/menace-sur-la-planete"},{"id":"9782322583287","title":"La chasse la mal comprise","description":"Une pratique  qui appara\u00eet comme une alli\u00e8e pour la gestion et la protection de la nature. \r\nIl serait pertinent de d\u00e9passer les divisions, mais au contraire, encourager un dialogue constructif entre tous les acteurs concern\u00e9s par l'environnement.\r","authors":["Jean-pierre Dupuy"],"category_codes":["4000000","4010000","4010300"],"visuals":{"large":"https:\/\/images.epagine.fr\/287\/9782322583287_1_75.jpg","medium":"https:\/\/images.epagine.fr\/287\/9782322583287_1_m.jpg","thumbnail":"https:\/\/images.epagine.fr\/287\/9782322583287_1_v.jpg"},"orderable":true,"show_badge":true,"formatted_price":"12,99&nbsp;\u20ac","formatted_published_date":"5 mars 2026","publisher_availability_label":"Sur commande","short_details":"Jean-pierre Dupuy \u2014 Books on Demand","translator":null,"weight":228,"page_count":136,"readership":null,"editor":"Books on Demand","price":1299,"published_date":"2026-03-04T23:00:00.000000Z","support":"Grand format","publisher_availability":1,"stock":0,"editions":[],"url":"https:\/\/quaidesbrumes.com\/ouvrage\/9782322583287\/la-chasse-la-mal-comprise"},{"id":"9782336290669","title":"For\u00eats et foresterie : Mutations & d\u00e9cloisonnements","description":"Cet ouvrage emm\u00e8ne le lecteur en Europe, en Afrique et en Am\u00e9rique au gr\u00e9 d'un fil rouge tiss\u00e9 entre des disciplines aussi diverses que l'histoire, le droit, la g\u00e9ographie, les sciences politiques, la sociologie, l'\u00e9conomie ou l'\u00e9cologie du paysage. Il vise \u00e0 mieux faire comprendre les processus \u00e0 l'oeuvre autour de la gestion des for\u00eats. Et \u00e0 leur permettre d'imaginer, voire d'\u00e9baucher, des solutions aux probl\u00e8mes qui se posent.\r","authors":["Christine Farcy","Jean-Luc Peyron","Yves Poss"],"category_codes":["4000000","4010000","4010200","4010208"],"visuals":{"large":"https:\/\/images.epagine.fr\/669\/9782336290669_1_75.jpg","medium":"https:\/\/images.epagine.fr\/669\/9782336290669_1_m.jpg","thumbnail":"https:\/\/images.epagine.fr\/669\/9782336290669_1_v.jpg"},"orderable":true,"show_badge":true,"formatted_price":"39,00&nbsp;\u20ac","formatted_published_date":"18 avril 2013","publisher_availability_label":"Sur commande","short_details":"Christine Farcy, Jean-Luc Peyron, Yves Poss \u2014 \u00c9ditions L'Harmattan","translator":null,"weight":545,"page_count":348,"readership":null,"editor":"\u00c9ditions L'Harmattan","price":3900,"published_date":"2013-04-17T22:00:00.000000Z","support":"Grand format","publisher_availability":1,"stock":0,"editions":[],"url":"https:\/\/quaidesbrumes.com\/ouvrage\/9782336290669\/forets-et-foresterie-mutations-decloisonnements"},{"id":"9782296562578","title":"For\u00eat et paysage X-XXI si\u00e8cle","description":"Certains arbres retiennent l'attention par leur \u00e2ge ou par leur taille. Objets d'admiration, ils participent \u00e0 la description d'un paysage, au rep\u00e9rage d'un site, \u00e0 l'estimation d'un terrain. Pourtant, il en est davantage qui correspondent \u00e0 des plantations contemporaines qu'\u00e0 des peuplements historiques. Comment de temps s'\u00e9coule-t-il avant que les unes et les autres soient regard\u00e9s avec le m\u00eame int\u00e9r\u00eat ?\r","authors":["Andr\u00e9e Corvol"],"category_codes":["4000000","4010000","4010300","4010302"],"visuals":{"large":"https:\/\/images.epagine.fr\/578\/9782296562578_1_75.jpg","medium":"https:\/\/images.epagine.fr\/578\/9782296562578_1_m.jpg","thumbnail":"https:\/\/images.epagine.fr\/578\/9782296562578_1_v.jpg"},"orderable":true,"show_badge":true,"formatted_price":"48,50&nbsp;\u20ac","formatted_published_date":"10 novembre 2011","publisher_availability_label":"Sur commande","short_details":"Andr\u00e9e Corvol \u2014 \u00c9ditions L'Harmattan","translator":null,"weight":685,"page_count":452,"readership":null,"editor":"\u00c9ditions L'Harmattan","price":4850,"published_date":"2011-11-09T23:00:00.000000Z","support":"Grand format","publisher_availability":1,"stock":0,"editions":[],"url":"https:\/\/quaidesbrumes.com\/ouvrage\/9782296562578\/foret-et-paysage-x-xxi-siecle"},{"id":"9782377830022","title":"Nature aventure survie ; guide pratique de Bushcraft","description":"Ce livre n'est pas un manuel de survie ! Quoique... Comment se d\u00e9brouiller en pleine nature ? Comment allumer un feu ? Quelles sont les plantes comestibles ? Comment s'orienter sans instrument moderne ? Red\u00e9couvrez des connaissances et des savoir-faire transmis de g\u00e9n\u00e9ration en g\u00e9n\u00e9ration depuis la nuit des temps. Au travers d'activit\u00e9s pratiques, de r\u00e9cits de survie, d'interviews avec des sp\u00e9cialistes internationaux et de ressources interactives, initiez-vous \u00e0 l'art ancestral du \"Bushcraft\" et apprenez \u00e0 vivre et \u00e0 survivre en harmonie avec la nature.\r\nQue vous soyez curieux, aventurier ou naturaliste, une chose est s\u00fbre : vos promenades en for\u00eat ne seront plus jamais les m\u00eames ! D\u00e9di\u00e9 \u00e0 l'apprentissage des gestes de base du Bushcraft, ce guide pratique se veut accessible, p\u00e9dagogique et interactif. Des codes QR \u00e0 flasher vous guideront vers des vid\u00e9os en ligne pour approfondir votre apprentissage.\r","authors":["Alban Cambe"],"category_codes":["4000000","4010000","4010500","4010507"],"visuals":{"large":"https:\/\/images.epagine.fr\/022\/9782377830022_1_75.jpg","medium":"https:\/\/images.epagine.fr\/022\/9782377830022_1_m.jpg","thumbnail":"https:\/\/images.epagine.fr\/022\/9782377830022_1_v.jpg"},"orderable":true,"show_badge":true,"formatted_price":"6,00&nbsp;\u20ac","formatted_published_date":"29 mars 2017","publisher_availability_label":"Sur commande","short_details":"Alban Cambe \u2014 Regi Arm","translator":null,"weight":600,"page_count":120,"readership":null,"editor":"Regi Arm","price":600,"published_date":"2017-03-28T22:00:00.000000Z","support":"Grand format","publisher_availability":1,"stock":0,"editions":[],"url":"https:\/\/quaidesbrumes.com\/ouvrage\/9782377830022\/nature-aventure-survie-guide-pratique-de-bushcraft"},{"id":"9782735103263","title":"Prometheus auf der Titanic","description":null,"authors":["Jean-paul Del\u00e9age","Jean-Claude Debeir","Daniel Hemery"],"category_codes":["4000000","4010000","4010200","4010208"],"visuals":{"large":"https:\/\/quaidesbrumes.com\/img\/book-placeholder.png","medium":"https:\/\/quaidesbrumes.com\/img\/book-placeholder.png","thumbnail":"https:\/\/quaidesbrumes.com\/img\/book-placeholder.png"},"orderable":false,"show_badge":true,"formatted_price":"43,14&nbsp;\u20ac","formatted_published_date":null,"publisher_availability_label":"\u00c0 para\u00eetre","short_details":"Jean-paul Del\u00e9age, Jean-Claude Debeir, Daniel Hemery \u2014 Maison Des Sciences De L'Homme","translator":null,"weight":685,"page_count":354,"readership":null,"editor":"Maison Des Sciences De L'Homme","price":4314,"published_date":null,"support":"Grand format","publisher_availability":2,"stock":0,"editions":[],"url":"https:\/\/quaidesbrumes.com\/ouvrage\/9782735103263\/prometheus-auf-der-titanic"},{"id":"9782849529362","title":"Histoires et usages des plantes psychotropes","description":"Les plantes psychotropes sont consomm\u00e9es dans de nombreuses soci\u00e9t\u00e9s, \u00ab l\u00e0-bas \u00bb ou \u00ab ici \u00bb, en Am\u00e9rique du Sud, en Afrique, mais \u00e9galement au coeur m\u00eame de l'Europe par des personnes \u00e0 la recherche de d\u00e9veloppement spirituel.\r\nLes auteurs de cet ouvrage, sp\u00e9cialistes internationaux reconnus - anthropologues, ethnologues, psychologues... -, analysent les motivations des adeptes, les circonstances dans lesquelles se d\u00e9roulent ces pratiques, tout comme les effets somatiques et psychiques provoqu\u00e9s par les prises. Ils observent que ces usages s\u00e9culaires peuvent s'inscrire dans plusieurs cadres : initiations propres aux cultures chamaniques anciennes, th\u00e9rapies incluant des exp\u00e9riences men\u00e9es aupr\u00e8s de toxicomanes et, enfin, qu\u00eates spirituelles, \u00e0 travers une r\u00e9appropriation occidentale dans la logique New Age.\r","authors":["S\u00e9bastien Baud"],"category_codes":["4000000","4010000","4010400","4010401"],"visuals":{"large":"https:\/\/images.epagine.fr\/362\/9782849529362_1_75.jpg","medium":"https:\/\/images.epagine.fr\/362\/9782849529362_1_m.jpg","thumbnail":"https:\/\/images.epagine.fr\/362\/9782849529362_1_v.jpg"},"orderable":true,"show_badge":true,"formatted_price":"25,00&nbsp;\u20ac","formatted_published_date":"30 mai 2018","publisher_availability_label":"Sur commande","short_details":"S\u00e9bastien Baud \u2014 Imago","translator":null,"weight":534,"page_count":448,"readership":null,"editor":"Imago","price":2500,"published_date":"2018-05-29T22:00:00.000000Z","support":"Grand format","publisher_availability":1,"stock":0,"editions":[],"url":"https:\/\/quaidesbrumes.com\/ouvrage\/9782849529362\/histoires-et-usages-des-plantes-psychotropes"},{"id":"9782747592642","title":"Le c\u00e8dre de France : Etude approfondie de l'esp\u00e8ce","description":"Le pr\u00e9sent ouvrage est une monographie du c\u00e8dre de l'Atlas, essence la plus repr\u00e9sentative de la France m\u00e9ridionale. L'ouvrage donne des renseignements scientifiques, techniques et de vulgarisation sur la botanique, la biologie, l'\u00e9cologie, la g\u00e9n\u00e9tique, la sylviculture, la production, la qualit\u00e9 technologique, l'utilisation du bois, etc. La France se trouve en t\u00eate des pays o\u00f9 le c\u00e8dre a \u00e9t\u00e9 introduit. Une collection de photos et une bibliographie compl\u00e8tent l'ouvrage. Les sites remarquables sont cit\u00e9s ainsi que les massifs importants.\r","authors":["Jean Toth"],"category_codes":["4000000","4010000","4010200","4010208"],"visuals":{"large":"https:\/\/images.epagine.fr\/642\/9782747592642_1_75.jpg","medium":"https:\/\/images.epagine.fr\/642\/9782747592642_1_m.jpg","thumbnail":"https:\/\/images.epagine.fr\/642\/9782747592642_1_v.jpg"},"orderable":true,"show_badge":true,"formatted_price":"20,50&nbsp;\u20ac","formatted_published_date":"2 novembre 2005","publisher_availability_label":"Sur commande","short_details":"Jean Toth \u2014 \u00c9ditions L'Harmattan","translator":null,"weight":370,"page_count":208,"readership":null,"editor":"\u00c9ditions L'Harmattan","price":2050,"published_date":"2005-11-01T23:00:00.000000Z","support":"Grand format","publisher_availability":1,"stock":0,"editions":[],"url":"https:\/\/quaidesbrumes.com\/ouvrage\/9782747592642\/le-cedre-de-france-etude-approfondie-de-lespece"}]}