{"data":[{"id":"9782051020626","title":"Oeuvres compl\u00e8tes ; Charles Darwin Tome 21 \u00e0 Tome 22 ; la variation des animaux et des plantes \u00e0 l'\u00e9tat domestique","description":"Entre L'Origine des esp\u00e8ces (1859) et La Filiation de l'Homme (1871), La Variation des animaux et des plantes \u00e0 l'\u00e9tat domestique, ouvrage dans lequel on reconna\u00eetra le plus m\u00e9ticuleusement document\u00e9 et le plus \u00e9tendu des trait\u00e9s g\u00e9n\u00e9ralistes de Darwin, occupe en 1868 une place interm\u00e9diaire, vou\u00e9e tout d'abord \u00e0 la consolidation illustrative et argumentative d u tranformisme. C'est en effet la variation des \u00eatres vivants qui, s\u00e9lectionn\u00e9e et transmise, constitue le mat\u00e9riau dynamique de la transformation des esp\u00e8ces. Conscient du myst\u00e8re de son origine, Darwin la poursuit, depuis l'observatoire am\u00e9nag\u00e9 par la domestication, sous toutes ses manifestations visibles. Parcourant le cham p immense ouvert \u00e0 la s\u00e9lection par les variations spontan\u00e9es des organismes dans l'univers de la zootechnie et de l'horticulture, il \u00e9tudie le ph\u00e9nom\u00e8ne variationnel, qu'il soit morphologique, instinctuel ou mental, depuis ses manifestations les plus courantes jusqu'\u00e0 la production des particularit\u00e9s les plus singuli\u00e8res. Chaque fois, un \u00e9cart observ\u00e9, isol\u00e9 et parfois inconsciemm ent ou m\u00e9thodiquement reproduit, atteste la variabilit\u00e9 naturelle du vivant, expose l'ampleur de sa plasticit\u00e9 et relativise les fronti\u00e8res apparentes entre les \u00eatres. Si la th\u00e9orie de la descendance modifi\u00e9e par l'action de la s\u00e9lection naturelle explique le m\u00e9canisme de la formation des esp\u00e8ces \u00e0 partir des vari\u00e9t\u00e9s, elle ne sait rien encore de la nature et de la source de la var iation elle-m\u00eame dans le processus de g\u00e9n\u00e9ration, ni des r\u00e8gles exactes de sa transmission. C'est \u00e0 ce nonsavoir momentan\u00e9 (pr\u00e9-mend\u00e9lien malgr\u00e9 de sensibles approches) qu'essaie de porter rem\u00e8de, \u00e0 l'avant-dernier chapitre de cet ouvrage, la remarquable - et, de fait, post-newtonienne - \"hypoth\u00e8se provisoire de la Pangen\u00e8se\".","authors":["Charles Darwin"],"category_codes":["4000000","4010000","4010300","4010302"],"visuals":{"large":"https:\/\/images.epagine.fr\/626\/9782051020626_1_75.jpg","medium":"https:\/\/images.epagine.fr\/626\/9782051020626_1_m.jpg","thumbnail":"https:\/\/images.epagine.fr\/626\/9782051020626_1_v.jpg"},"orderable":true,"show_badge":true,"formatted_price":"135,00&nbsp;\u20ac","formatted_published_date":"28 octobre 2008","publisher_availability_label":"Sur commande","short_details":"Charles Darwin \u2014 Slatkine","translator":null,"weight":1180,"page_count":956,"readership":null,"editor":"Slatkine","price":13500,"published_date":"2008-10-27T23:00:00.000000Z","support":"Grand format","publisher_availability":1,"stock":0,"editions":[],"url":"https:\/\/quaidesbrumes.com\/ouvrage\/9782051020626\/oeuvres-completes-charles-darwin-tome-21-a-tome-22-la-variation-des-animaux-et-des-plantes-a-letat-domestique"},{"id":"9782832102008","title":"EPITRES FLORALES","description":null,"authors":["Butor M Ernst C"],"category_codes":["4000000","4010000","4010400"],"visuals":{"large":"https:\/\/images.epagine.fr\/008\/9782832102008_1_75.jpg","medium":"https:\/\/images.epagine.fr\/008\/9782832102008_1_m.jpg","thumbnail":"https:\/\/images.epagine.fr\/008\/9782832102008_1_v.jpg"},"orderable":true,"show_badge":true,"formatted_price":"46,00&nbsp;\u20ac","formatted_published_date":"11 janvier 2007","publisher_availability_label":"Sur commande","short_details":"Butor M Ernst C \u2014 Slatkine","translator":null,"weight":1085,"page_count":208,"readership":null,"editor":"Slatkine","price":4600,"published_date":"2007-01-10T23:00:00.000000Z","support":"Grand format","publisher_availability":1,"stock":0,"editions":[],"url":"https:\/\/quaidesbrumes.com\/ouvrage\/9782832102008\/epitres-florales"},{"id":"9782311102895","title":"Les secrets de la mer","description":"La mer et les oc\u00e9ans d\u00e9crypt\u00e9s sous tous leurs aspects. De tout temps les mers et les oc\u00e9ans ont fascin\u00e9 les hommes. Ils les ont charg\u00e9 de mythes et de l\u00e9gendes, les ont peupl\u00e9 d'\u00eeles imaginaires et de cr\u00e9atures surnaturelles. Ils ont \u00e9crit sur eux, les ont craints, et ont fini, au bout de plusieurs si\u00e8cles, par les traverser, \u00e0 leurs risques et p\u00e9rils.\r\n\r\nEn trente chapitres, qui sont autant de petits r\u00e9cits, Dominique Le Brun tente de percer les secrets de la mer. Les navires fant\u00f4mes existent-ils ? Faut-il croire au kraken, le monstre jailli des abysses ? La mer Rouge s'\u00e9carta-t-elle vraiment devant Mo\u00efse ? Le Triangle des Bermudes est-il r\u00e9ellement une zone mortellement dangereuse ?\r\nL'auteur, passionn\u00e9 de navigation, nous invite \u00e0 parcourir les eaux dans le sillage de Pith\u00e9as, Christophe Colomb ou Magellan. Il nous explique le fonctionnement des phares, les particularit\u00e9 des mers polaires, nous raconte les naufrages le plus c\u00e9l\u00e8bres, nous d\u00e9crit les croyances et les superstitions des marins.\r\n\r\nD'anecdotes en aventures, force est de constater que les mers regorgent de myst\u00e8res. Entre \u00e9paves oubli\u00e9es et tr\u00e9sors enfouis \u00e0 des centaines de m\u00e8tres de profondeur, c'est \u00e0 un voyage sur et sous les flots que nous sommes convi\u00e9s, \u00e0 la fois culturel, historique, scientifique et \u00e9cologique.","authors":["Dominique Le Brun"],"category_codes":["4000000","4010000","4010300","4010304"],"visuals":{"large":"https:\/\/images.epagine.fr\/895\/9782311102895_1_75.jpg","medium":"https:\/\/images.epagine.fr\/895\/9782311102895_1_m.jpg","thumbnail":"https:\/\/images.epagine.fr\/895\/9782311102895_1_v.jpg"},"orderable":true,"show_badge":true,"formatted_price":"20,90&nbsp;\u20ac","formatted_published_date":"4 mai 2021","publisher_availability_label":"Sur commande","short_details":"Dominique Le Brun \u2014 Vuibert","translator":null,"weight":445,"page_count":320,"readership":null,"editor":"Vuibert","price":2090,"published_date":"2021-05-03T22:00:00.000000Z","support":"Grand format","publisher_availability":1,"stock":0,"editions":[],"url":"https:\/\/quaidesbrumes.com\/ouvrage\/9782311102895\/les-secrets-de-la-mer"},{"id":"9782366723311","title":"Ile de re, carnet nature ete","description":null,"authors":["Lanssens","Perrotin"],"category_codes":["4000000","4010000","4010300"],"visuals":{"large":"https:\/\/images.epagine.fr\/311\/9782366723311_1_75.jpg","medium":"https:\/\/images.epagine.fr\/311\/9782366723311_1_m.jpg","thumbnail":"https:\/\/images.epagine.fr\/311\/9782366723311_1_v.jpg"},"orderable":false,"show_badge":true,"formatted_price":"14,95&nbsp;\u20ac","formatted_published_date":"5 juin 2026","publisher_availability_label":"\u00c0 para\u00eetre","short_details":"Lanssens, Perrotin \u2014 \u00c9ditions Plume de Carotte","translator":null,"weight":0,"page_count":null,"readership":null,"editor":"\u00c9ditions Plume de Carotte","price":1495,"published_date":"2026-06-04T22:00:00.000000Z","support":"Grand format","publisher_availability":2,"stock":0,"editions":[],"url":"https:\/\/quaidesbrumes.com\/ouvrage\/9782366723311\/ile-de-re-carnet-nature-ete"},{"id":"9791040594291","title":"Montaigne sur la piste de la nature : Itin\u00e9raire d'un \u00e9cologiste impr\u00e9m\u00e9dit\u00e9 et fortuit","description":"Et si Montaigne \u00e9tait un pr\u00e9curseur insoup\u00e7onn\u00e9 de l'\u00e9cologie moderne ? Ren\u00e9 Bonaz nous invite \u00e0 une relecture novatrice des Essais, r\u00e9v\u00e9lant un penseur profond\u00e9ment ancr\u00e9 dans son environnement et \u00e9tonnamment visionnaire. En explorant sa relation intime avec le corps, sa perception des lois naturelles, et son dialogue avec le divin, l'auteur met en lumi\u00e8re un Montaigne moderne, dont les interrogations r\u00e9sonnent avec les d\u00e9fis \u00e9cologiques actuels. Ce livre est une invitation \u00e0 red\u00e9couvrir les Essais comme une source de sagesse intemporelle pour (re) penser notre place dans la nature et notre \"art de vivre\" en harmonie avec elle.","authors":["Ren\u00e9 Bonaz"],"category_codes":["4000000","4010000","4010200","4010207"],"visuals":{"large":"https:\/\/images.epagine.fr\/291\/9791040594291_1_75.jpg","medium":"https:\/\/images.epagine.fr\/291\/9791040594291_1_m.jpg","thumbnail":"https:\/\/images.epagine.fr\/291\/9791040594291_1_v.jpg"},"orderable":true,"show_badge":true,"formatted_price":"19,90&nbsp;\u20ac","formatted_published_date":"12 novembre 2025","publisher_availability_label":"Sur commande","short_details":"Ren\u00e9 Bonaz \u2014 Librinova","translator":null,"weight":200,"page_count":216,"readership":null,"editor":"Librinova","price":1990,"published_date":"2025-11-11T23:00:00.000000Z","support":"Grand format","publisher_availability":1,"stock":0,"editions":[],"url":"https:\/\/quaidesbrumes.com\/ouvrage\/9791040594291\/montaigne-sur-la-piste-de-la-nature-itineraire-dun-ecologiste-impremedite-et-fortuit"},{"id":"9786144385081","title":"Votre guide complet pour une beaut\u00e9 naturelle ; al jamal al tabi","description":"Dr Afaf Maacaron, une pharmacienne d'officine dipl\u00f4m\u00e9e des universit\u00e9s du Liban et des USA, est \u00e9galement une sp\u00e9cialiste des soins naturels de la peau. Dans les m\u00e9dias, elle prodigue ses conseils \u00e0 ses lecteurs et t\u00e9l\u00e9spectateurs, qu'elle fait profiter de son savoir et de son exp\u00e9rience. En 2015, apr\u00e8s trois ann\u00e9es d'\u00e9laboration : r\u00e9daction, exp\u00e9rimentation et v\u00e9rification des recettes s\u00e9lectionn\u00e9es, la parution aux Etats-Unis de son ouvrage, Natural Beauty Alchemy, a rencontr\u00e9 un \u00e9norme succ\u00e8s, qui se poursuit dans le monde entier.","authors":["Afaf Maacaron"],"category_codes":["4000000","4010000","4010300"],"visuals":{"large":"https:\/\/images.epagine.fr\/081\/9786144385081_1_75.jpg","medium":"https:\/\/images.epagine.fr\/081\/9786144385081_1_m.jpg","thumbnail":"https:\/\/images.epagine.fr\/081\/9786144385081_1_v.jpg"},"orderable":true,"show_badge":true,"formatted_price":"17,94&nbsp;\u20ac","formatted_published_date":"6 novembre 2017","publisher_availability_label":"Sur commande","short_details":"Afaf Maacaron \u2014 Hachette-Antoine","translator":null,"weight":645,"page_count":264,"readership":null,"editor":"Hachette-Antoine","price":1794,"published_date":"2017-11-05T23:00:00.000000Z","support":"Grand format","publisher_availability":1,"stock":0,"editions":[],"url":"https:\/\/quaidesbrumes.com\/ouvrage\/9786144385081\/votre-guide-complet-pour-une-beaute-naturelle-al-jamal-al-tabi"},{"id":"9782889012411","title":"R\u00e9sonances : La dimension sonore des Alpes","description":"La dimension sonore en tant qu'outil pour mieux saisir les sp\u00e9cificit\u00e9s alpines est le fil rouge de cet ouvrage. La transversalit\u00e9 des approches pr\u00e9sent\u00e9es ici invite \u00e0 employer le sensible comme outil de profonde compr\u00e9hension du territoire et de sa durabilit\u00e9. Les contributions interrogent trois aspects principaux: les repr\u00e9sentations sonores d'un lieu, les Alpes, o\u00f9 le contraste entre la construction de son imaginaire et son d\u00e9veloppement au rythme de la modernit\u00e9 est patent; les sonorit\u00e9s qui marquent les rythmes et les pratiques des habitants des Alpes ainsi qu'\u00e0 leur appr\u00e9hension; l'\u00e9volution des sensibilit\u00e9s et le rapport \u00e0 un environnement sonore changeant.\r\n\r\nL'int\u00e9r\u00eat pour le son et ses enjeux sociaux et culturels devient un vrai ph\u00e9nom\u00e8ne dans la derni\u00e8re partie du XXe si\u00e8cle et entra\u00eene des r\u00e9flexions interdisciplinaires prenant en compte les aspects de temporalit\u00e9s, ainsi que les articulations entre les techniques et les sensibilit\u00e9s. Toutefois, hormis les approches clairement emprunt\u00e9es \u00e0 l'\u00e9cologie sonore, la majorit\u00e9 des \u00e9tudes sur l'environnement sonore en sciences sociales ne s'int\u00e9ressent pas \u00e0 la montagne, notamment \u00e0 la r\u00e9gion alpine. Cet ouvrage est une premi\u00e8re tentative d'aborder l'appr\u00e9hension du territoire alpin \u00e0 travers l'\u00e9coute.","authors":["Collectif","Nelly Valsangiacomo","Laine Chanteloup"],"category_codes":["4000000","4010000","4010300","4010305"],"visuals":{"large":"https:\/\/images.epagine.fr\/411\/9782889012411_1_75.jpg","medium":"https:\/\/images.epagine.fr\/411\/9782889012411_1_m.jpg","thumbnail":"https:\/\/images.epagine.fr\/411\/9782889012411_1_v.jpg"},"orderable":true,"show_badge":true,"formatted_price":"23,00&nbsp;\u20ac","formatted_published_date":"14 septembre 2023","publisher_availability_label":"Sur commande","short_details":"Collectif, Nelly Valsangiacomo, Laine Chanteloup \u2014 Antipodes Suisse","translator":null,"weight":313,"page_count":238,"readership":null,"editor":"Antipodes Suisse","price":2300,"published_date":"2023-09-13T22:00:00.000000Z","support":"Grand format","publisher_availability":1,"stock":0,"editions":[],"url":"https:\/\/quaidesbrumes.com\/ouvrage\/9782889012411\/resonances-la-dimension-sonore-des-alpes"},{"id":"9782915699395","title":"S\u00e9curit\u00e9 alimentaire et OGM","description":null,"authors":["Richard Ouellet"],"category_codes":["4000000","4010000","4010200"],"visuals":{"large":"https:\/\/images.epagine.fr\/395\/9782915699395_1_75.jpg","medium":"https:\/\/images.epagine.fr\/395\/9782915699395_1_m.jpg","thumbnail":"https:\/\/images.epagine.fr\/395\/9782915699395_1_v.jpg"},"orderable":true,"show_badge":true,"formatted_price":"26,00&nbsp;\u20ac","formatted_published_date":"1er janvier 2007","publisher_availability_label":"Sur commande","short_details":"Richard Ouellet \u2014 Putc","translator":null,"weight":472,"page_count":null,"readership":null,"editor":"Putc","price":2600,"published_date":"2006-12-31T23:00:00.000000Z","support":"Grand format","publisher_availability":1,"stock":0,"editions":[],"url":"https:\/\/quaidesbrumes.com\/ouvrage\/9782915699395\/securite-alimentaire-et-ogm"},{"id":"9782958811907","title":"LE PETIT PEUPLE DE NOS CAMPAGNES","description":"Carnet de dessins et de po\u00e8mes \r\nIl pr\u00e9sente l'\u00e9volution du dessin du crayonn\u00e9 \u00e0 la mise en couleur.\r\nChaque animal est accompagn\u00e9 d'un po\u00e8me le liant \u00e0 la biodiversit\u00e9.\r\n13 animaux de nos jardins sont ainsi pr\u00e9sent\u00e9s\r\nH\u00e9risson, m\u00e9sange bleue, chauve-souris, abeille,coccinelle, libellule bleue, grenouille verte, mulot, \u00e9cureuil, phasme, sauterelle, renard, salamandre tachet\u00e9e.","authors":["Brigitte Darras Alias Bivan"],"category_codes":["4000000","4010000"],"visuals":{"large":"https:\/\/images.epagine.fr\/907\/9782958811907_1_75.jpg","medium":"https:\/\/images.epagine.fr\/907\/9782958811907_1_m.jpg","thumbnail":"https:\/\/images.epagine.fr\/907\/9782958811907_1_v.jpg"},"orderable":true,"show_badge":true,"formatted_price":"10,00&nbsp;\u20ac","formatted_published_date":"28 novembre 2024","publisher_availability_label":"Sur commande","short_details":"Brigitte Darras Alias Bivan \u2014 Brigitte Van wynsberghe","translator":null,"weight":95,"page_count":28,"readership":null,"editor":"Brigitte Van wynsberghe","price":1000,"published_date":"2024-11-27T23:00:00.000000Z","support":"Grand format","publisher_availability":1,"stock":0,"editions":[],"url":"https:\/\/quaidesbrumes.com\/ouvrage\/9782958811907\/le-petit-peuple-de-nos-campagnes"},{"id":"9782716312431","title":"Le bonheur est dans le pot","description":"Au-del\u00e0 du ph\u00e9nom\u00e8ne de mode, l'engouement pour les plantes s'explique par une (re) d\u00e9couverte scientifique de ce que les po\u00e8tes, le Feng Shui, les herboristes ou les l\u00e9gendes affirment depuis des mill\u00e9naires : nos petites compagnes botaniques sont bonnes pour la sant\u00e9 et pour le moral.\r\nLes pr\u00e9cieux palmiers, ficus ou lierre d\u00e9polluent l'air de la maison et font \u00e9cran entre nous et le monde ext\u00e9rieur en absorbant une partie de la poussi\u00e8re et du bruit. La lavande a un effet calmant, les roses et le jasmin font des miracles pour votre libido... et la liste et longue... Eh oui ! les plantes contribuent \u00e0 notre bien-\u00eatre quotidien \u00e0 la maison comme au travail et ont une utilit\u00e9 que nous ne soup\u00e7onnons gu\u00e8re.\r\nMais une fois connue, elle d\u00e9terminera votre choix : ai-je besoin d'une plante pour me d\u00e9tendre, une autre pour me tonifier, une plante pour purifier l'int\u00e9rieur de ma maison ou de mon bureau ou bien une plante facile et r\u00e9sistante ? Plantes anti-pollution, plantes anti-stress, plantes stimulantes, plantes m\u00e9dicinales, plantes magiques, plantes tendances, sont les plantes que vous trouverez dans ce livre au travers d'un index g\u00e9n\u00e9ral o\u00f9 chacun d'entre vous pourra trouver non seulement des conseils pratiques mais aussi la plante de son choix, celle qui correspond le plus \u00e0 vos besoins, \u00e0 votre personnalit\u00e9, \u00e0 votre maison, \u00e0 votre bureau, \u00e0 votre famille...\r\nBref, celle qui vous convient le plus. Ne cherchez plus, vous l'avez trouv\u00e9 : \" le bonheur est dans le pot \".","authors":["Peyret","Dapoigny"],"category_codes":["4000000","4010000"],"visuals":{"large":"https:\/\/images.epagine.fr\/431\/9782716312431_1_75.jpg","medium":"https:\/\/images.epagine.fr\/431\/9782716312431_1_m.jpg","thumbnail":"https:\/\/images.epagine.fr\/431\/9782716312431_1_v.jpg"},"orderable":true,"show_badge":true,"formatted_price":"15,20&nbsp;\u20ac","formatted_published_date":"7 juin 2003","publisher_availability_label":"Sur commande","short_details":"Peyret, Dapoigny \u2014 Dauphin Editions","translator":null,"weight":314,"page_count":160,"readership":null,"editor":"Dauphin Editions","price":1520,"published_date":"2003-06-06T22:00:00.000000Z","support":"Grand format","publisher_availability":1,"stock":0,"editions":[],"url":"https:\/\/quaidesbrumes.com\/ouvrage\/9782716312431\/le-bonheur-est-dans-le-pot"},{"id":"9782759242696","title":"50 id\u00e9es fausses sur les oc\u00e9ans","description":"Que savons-nous vraiment sur les oc\u00e9ans et sur les changements qui s'y op\u00e8rent ? Saviez-vous, par exemple, que les mar\u00e9es n'ont pas pour seule origine les effets de la lune ? Que les tsunamis ne se produisent pas qu'en Asie ? Que les coraux vivent aussi dans des eaux froides ? Que l'ours blanc n'est pas l'esp\u00e8ce la plus menac\u00e9e par la fonte des glaces ? Ou encore, que la surp\u00eache n'est pas forc\u00e9ment irr\u00e9versible ? \r\n\r\nBas\u00e9 sur les connaissances les plus r\u00e9centes du domaine, cet ouvrage apporte un \u00e9clairage scientifique et accessible sur les perceptions et id\u00e9es fausses qui sont souvent associ\u00e9es aux oc\u00e9ans, tant dans leurs caract\u00e9ristiques physiques, la biodiversit\u00e9 qu'ils abritent, les ressources qu'ils g\u00e9n\u00e8rent ou les pressions qui les menacent.","authors":["Philippe Goulletquer"],"category_codes":["4000000","4010000","4010300","4010304"],"visuals":{"large":"https:\/\/quaidesbrumes.com\/img\/book-placeholder.png","medium":"https:\/\/quaidesbrumes.com\/img\/book-placeholder.png","thumbnail":"https:\/\/quaidesbrumes.com\/img\/book-placeholder.png"},"orderable":false,"show_badge":true,"formatted_price":"23,00&nbsp;\u20ac","formatted_published_date":"28 mai 2026","publisher_availability_label":"\u00c0 para\u00eetre","short_details":"Philippe Goulletquer \u2014 Qu\u00e6","translator":null,"weight":0,"page_count":null,"readership":null,"editor":"Qu\u00e6","price":2300,"published_date":"2026-05-27T22:00:00.000000Z","support":"Grand format","publisher_availability":2,"stock":0,"editions":[],"url":"https:\/\/quaidesbrumes.com\/ouvrage\/9782759242696\/50-idees-fausses-sur-les-oceans"},{"id":"9783716518403","title":"Moths of Costa Rica's rainforest","description":null,"authors":["Armin Dett"],"category_codes":["4000000","4010000"],"visuals":{"large":"https:\/\/images.epagine.fr\/403\/9783716518403_1_75.jpg","medium":"https:\/\/images.epagine.fr\/403\/9783716518403_1_m.jpg","thumbnail":"https:\/\/images.epagine.fr\/403\/9783716518403_1_v.jpg"},"orderable":true,"show_badge":true,"formatted_price":"58,00&nbsp;\u20ac","formatted_published_date":"22 novembre 2017","publisher_availability_label":"Sur commande","short_details":"Armin Dett \u2014 Benteli","translator":null,"weight":1694,"page_count":336,"readership":null,"editor":"Benteli","price":5800,"published_date":"2017-11-21T23:00:00.000000Z","support":"Grand format","publisher_availability":1,"stock":0,"editions":[],"url":"https:\/\/quaidesbrumes.com\/ouvrage\/9783716518403\/moths-of-costa-ricas-rainforest"},{"id":"9782343175737","title":"De la mer aux hommes ; manifeste pour Tahiti et ses \u00eeles","description":"C'est d'abord en marin que cet ouvrage aborde les archipels de Polyn\u00e9sie fran\u00e7aise, avant de se laisser submerger, avec le lecteur, par la magie des \u00eeles. Un livre original qui tient de la chronique-radio, agr\u00e9ment\u00e9 de photographies en couleurs, se faisant le messager vivant d'une Oc\u00e9anie en danger.","authors":["Julien Gu\u00e9"],"category_codes":["4000000","4010000","4010200","4010204"],"visuals":{"large":"https:\/\/images.epagine.fr\/737\/9782343175737_1_75.jpg","medium":"https:\/\/images.epagine.fr\/737\/9782343175737_1_m.jpg","thumbnail":"https:\/\/images.epagine.fr\/737\/9782343175737_1_v.jpg"},"orderable":true,"show_badge":true,"formatted_price":"36,00&nbsp;\u20ac","formatted_published_date":"6 d\u00e9cembre 2019","publisher_availability_label":"Sur commande","short_details":"Julien Gu\u00e9 \u2014 \u00c9ditions L'Harmattan","translator":null,"weight":540,"page_count":312,"readership":null,"editor":"\u00c9ditions L'Harmattan","price":3600,"published_date":"2019-12-05T23:00:00.000000Z","support":"Grand format","publisher_availability":1,"stock":0,"editions":[],"url":"https:\/\/quaidesbrumes.com\/ouvrage\/9782343175737\/de-la-mer-aux-hommes-manifeste-pour-tahiti-et-ses-iles"},{"id":"9782343187259","title":"\u00c0 la rencontre des for\u00eats m\u00e9diterran\u00e9ennes ; quarante ann\u00e9es de t\u00e9moignage","description":"Ce livre est un t\u00e9moignage sur les for\u00eats m\u00e9diterran\u00e9ennes. Elles structurent les territoires au sein desquels se joue et se d\u00e9veloppe la vie de nos contemporains, sans qu'ils se rendent toujours compte de leur importance, de leurs multiples valeurs et de leur complexit\u00e9, de leur dynamique, des services qu'elles rendent et des n\u00e9cessit\u00e9s de leur gestion. Un livre pour comprendre ce patrimoine v\u00e9g\u00e9tal extraordinaire des rives de la M\u00e9diterran\u00e9e.","authors":["Bonnier Jean"],"category_codes":["4000000","4010000","4010400"],"visuals":{"large":"https:\/\/images.epagine.fr\/259\/9782343187259_1_75.jpg","medium":"https:\/\/images.epagine.fr\/259\/9782343187259_1_m.jpg","thumbnail":"https:\/\/images.epagine.fr\/259\/9782343187259_1_v.jpg"},"orderable":true,"show_badge":true,"formatted_price":"37,00&nbsp;\u20ac","formatted_published_date":"16 janvier 2020","publisher_availability_label":"Sur commande","short_details":"Bonnier Jean \u2014 Les Impliques","translator":null,"weight":519,"page_count":310,"readership":null,"editor":"Les Impliques","price":3700,"published_date":"2020-01-15T23:00:00.000000Z","support":"Grand format","publisher_availability":1,"stock":0,"editions":[],"url":"https:\/\/quaidesbrumes.com\/ouvrage\/9782343187259\/a-la-rencontre-des-forets-mediterraneennes-quarante-annees-de-temoignage"},{"id":"9782140483271","title":"Environnement et sant\u00e9 : Croire ou ne pas croire","description":"Nos aliments, notre eau, notre air sont pollu\u00e9s par des mol\u00e9cules chimiques nouvelles et anciennes. Le vivant commence \u00e0 souffrir du changement climatique. Quels en sont les risques pour la sant\u00e9 ? Les citoyens doivent pouvoir se faire entendre pour la protection de leur sant\u00e9. Pour cela, il faut \u00eatre inform\u00e9. L'enjeu pour chacun est d'\u00eatre capable de diff\u00e9rencier le fait \u00e9tabli, l'incertain et le faux dans ce que nous disent les m\u00e9dias et des r\u00e9seaux sociaux. Cet ouvrage pr\u00e9sente aussi simplement que possible les outils utiles \u00e0 une approche critique.","authors":["Denis Bard","Didier Sicard"],"category_codes":["4000000","4010000","4010200","4010207"],"visuals":{"large":"https:\/\/images.epagine.fr\/271\/9782140483271_1_75.jpg","medium":"https:\/\/images.epagine.fr\/271\/9782140483271_1_m.jpg","thumbnail":"https:\/\/images.epagine.fr\/271\/9782140483271_1_v.jpg"},"orderable":true,"show_badge":true,"formatted_price":"31,00&nbsp;\u20ac","formatted_published_date":"12 octobre 2023","publisher_availability_label":"Sur commande","short_details":"Denis Bard, Didier Sicard \u2014 \u00c9ditions L'Harmattan","translator":null,"weight":436,"page_count":284,"readership":null,"editor":"\u00c9ditions L'Harmattan","price":3100,"published_date":"2023-10-11T22:00:00.000000Z","support":"Grand format","publisher_availability":1,"stock":0,"editions":[],"url":"https:\/\/quaidesbrumes.com\/ouvrage\/9782140483271\/environnement-et-sante-croire-ou-ne-pas-croire"},{"id":"9782387133441","title":"L'Afrique centrale : \u00e9cologie et gouvernance","description":"Cet ouvrage propose une analyse approfondie et structur\u00e9e des enjeux \u00e9cologiques contemporains en Afrique centrale, envisag\u00e9s \u00e0 travers le prisme de la gouvernance publique, de la souverainet\u00e9 des \u00c9tats et du d\u00e9veloppement durable. Il s'inscrit dans une approche r\u00e9solument institutionnelle, croisant les dimensions environnementales, \u00e9conomiques, s\u00e9curitaires, sociales et d\u00e9mographiques qui fa\u00e7onnent aujourd'hui les trajectoires de la r\u00e9gion.L'ouvrage repose sur une double ambition. D'une part, offrir un cadre analytique rigoureux permettant de comprendre les fondements des valeurs \u00e9cologiques et leur port\u00e9e strat\u00e9gique pour les \u00c9tats d'Afrique centrale. D'autre part, proposer une lecture int\u00e9gr\u00e9e et compar\u00e9e des politiques publiques environnementales, en tenant compte des r\u00e9alit\u00e9s nationales, des dynamiques r\u00e9gionales et des engagements internationaux.Structur\u00e9 autour de chapitres th\u00e9matiques et de chapitres nationaux distincts, le livre couvre l'ensemble des pays d'Afrique centrale selon une grille d'analyse homog\u00e8ne articul\u00e9e autour de cinq axes majeurs : l'\u00e9conomie, la s\u00e9curit\u00e9, le climat, la jeunesse et le r\u00f4le de l'\u00c9tat. Cette m\u00e9thodologie permet \u00e0 la fois une lecture transversale des enjeux r\u00e9gionaux et une compr\u00e9hension fine des sp\u00e9cificit\u00e9s nationales.Une attention particuli\u00e8re est accord\u00e9e aux \u00e9cosyst\u00e8mes partag\u00e9s, notamment le bassin du Congo et les ressources hydriques transfrontali\u00e8res, ainsi qu'aux m\u00e9canismes de coop\u00e9ration r\u00e9gionale. L'ouvrage analyse \u00e9galement les opportunit\u00e9s et les limites du financement climatique international, en interrogeant les rapports entre partenariats internationaux et souverainet\u00e9 des \u00c9tats.Par son positionnement, Afrique centrale : \u00e9cologie et gouvernance s'adresse prioritairement \u00e0 un public de d\u00e9cideurs publics, de responsables institutionnels, d'universitaires, de chercheurs, d'organisations internationales et d'\u00e9tudiants de niveau avanc\u00e9. Il se veut un ouvrage de r\u00e9f\u00e9rence, \u00e0 la fois analytique et prospectif, destin\u00e9 \u00e0 nourrir le d\u00e9bat strat\u00e9gique sur la transition \u00e9cologique en Afrique centrale.Par son approche non militante, son exigence m\u00e9thodologique et sa port\u00e9e r\u00e9gionale, cet ouvrage ambitionne de contribuer durablement \u00e0 la r\u00e9flexion sur les politiques environnementales, la stabilit\u00e9 r\u00e9gionale et les conditions d'un d\u00e9veloppement souverain et durable en Afrique centrale.","authors":["Soh Sandeu Christian Monkam"],"category_codes":["4000000","4010000","4010200"],"visuals":{"large":"https:\/\/images.epagine.fr\/441\/9782387133441_1_75.jpg","medium":"https:\/\/images.epagine.fr\/441\/9782387133441_1_m.jpg","thumbnail":"https:\/\/images.epagine.fr\/441\/9782387133441_1_v.jpg"},"orderable":true,"show_badge":true,"formatted_price":"16,00&nbsp;\u20ac","formatted_published_date":"13 f\u00e9vrier 2026","publisher_availability_label":"Sur commande","short_details":"Soh Sandeu Christian Monkam \u2014 Publishroom Factory","translator":null,"weight":252,"page_count":126,"readership":null,"editor":"Publishroom Factory","price":1600,"published_date":"2026-02-12T23:00:00.000000Z","support":"Grand format","publisher_availability":1,"stock":0,"editions":[],"url":"https:\/\/quaidesbrumes.com\/ouvrage\/9782387133441\/lafrique-centrale-ecologie-et-gouvernance"},{"id":"9782832108314","title":"Home","description":"L'histoire d'une transformation.","authors":["Nathalie Chaix","Aline Kundig"],"category_codes":["4000000","4010000","4010200"],"visuals":{"large":"https:\/\/images.epagine.fr\/314\/9782832108314_1_75.jpg","medium":"https:\/\/images.epagine.fr\/314\/9782832108314_1_m.jpg","thumbnail":"https:\/\/images.epagine.fr\/314\/9782832108314_1_v.jpg"},"orderable":true,"show_badge":true,"formatted_price":"35,00&nbsp;\u20ac","formatted_published_date":"13 septembre 2017","publisher_availability_label":"Sur commande","short_details":"Nathalie Chaix, Aline Kundig \u2014 Slatkine","translator":null,"weight":1052,"page_count":208,"readership":null,"editor":"Slatkine","price":3500,"published_date":"2017-09-12T22:00:00.000000Z","support":"Grand format","publisher_availability":1,"stock":0,"editions":[],"url":"https:\/\/quaidesbrumes.com\/ouvrage\/9782832108314\/home"},{"id":"9791041803767","title":"Smoky the Cowhorse : A novel by Will James that was the winner of the 1927 Newbery Medal","description":"The book \"Smoky the Cowhorse\" by Will James chronicles the full life of a remarkable horse. It begins with Smoky's birth and early experiences as a wild range horse in the American West, detailing his interactions within the herd, encounters with predators, and the initial human intervention of branding. The narrative then follows Smoky's breaking and training by the skilled cowboy Clint on the Rocking R ranch. Despite initial resistance, Smoky develops a deep trust and affection for Clint, demonstrating exceptional loyalty and intelligence by rescuing an injured Clint. This bond solidifies, and Clint secures Smoky as his personal horse, with Smoky excelling as a cowhorse during roundups. However, their partnership is tragically interrupted when Smoky is stolen by a horse thief. Clint embarks on a relentless search for his beloved horse. After his theft, Smoky endures a period of severe abuse, transforming him into \"The Cougar,\" a legendary, man-hating bucking horse in rodeos. His spirit eventually wanes, leading to his sale to a livery stable where he is renamed \"Cloudy\" and suffers neglect and harsh conditions, nearly dying. He finds brief solace with a kind old man before being sold again for grueling farm work. The story culminates with Clint unknowingly encountering the emaciated, broken horse. Recognizing the legendary bucking horse's past, Clint rescues Smoky, nursing him back to health over a harsh winter. Smoky slowly recovers, regaining his vitality and eventually returning to Clint, signifying the enduring power of their unique bond and the horse's complete redemption.","authors":["Will James"],"category_codes":["4000000","4010000"],"visuals":{"large":"https:\/\/images.epagine.fr\/767\/9791041803767_1_75.jpg","medium":"https:\/\/images.epagine.fr\/767\/9791041803767_1_m.jpg","thumbnail":"https:\/\/images.epagine.fr\/767\/9791041803767_1_v.jpg"},"orderable":true,"show_badge":true,"formatted_price":"23,00&nbsp;\u20ac","formatted_published_date":"4 f\u00e9vrier 2026","publisher_availability_label":"Sur commande","short_details":"Will James \u2014 Culturea","translator":null,"weight":341,"page_count":260,"readership":null,"editor":"Culturea","price":2300,"published_date":"2026-02-03T23:00:00.000000Z","support":"Grand format","publisher_availability":1,"stock":0,"editions":[],"url":"https:\/\/quaidesbrumes.com\/ouvrage\/9791041803767\/smoky-the-cowhorse-a-novel-by-will-james-that-was-the-winner-of-the-1927-newbery-medal"},{"id":"9782843931994","title":"P\u00eache passion dans le Nord-Pas-de-Calais","description":"O\u00f9 p\u00eacher la truite ? Dans quelles rivi\u00e8res trouve-t-on des brochets ? Quels sont les meilleurs cours d'eau pour attraper des perches ou des gardons ? O\u00f9 a-t-on une chance de capturer le rare saumon ? Voici le type de renseignement - que les p\u00eacheurs gardent jalousement - que Francis Thuilliez vous livre dans le premier guide pratique de la p\u00eache dans le Nord et le Pas-de-Calais aux Editions La Voix du Nord.","authors":["Francis Thuilliez"],"category_codes":["4000000","4010000","4010500","4010502"],"visuals":{"large":"https:\/\/images.epagine.fr\/994\/9782843931994_1_75.jpg","medium":"https:\/\/images.epagine.fr\/994\/9782843931994_1_m.jpg","thumbnail":"https:\/\/images.epagine.fr\/994\/9782843931994_1_v.jpg"},"orderable":true,"show_badge":true,"formatted_price":"12,90&nbsp;\u20ac","formatted_published_date":"24 mai 2017","publisher_availability_label":"Sur commande","short_details":"Francis Thuilliez \u2014 La Voix Du Nord","translator":null,"weight":50,"page_count":96,"readership":null,"editor":"La Voix Du Nord","price":1290,"published_date":"2017-05-23T22:00:00.000000Z","support":"Grand format","publisher_availability":1,"stock":0,"editions":[],"url":"https:\/\/quaidesbrumes.com\/ouvrage\/9782843931994\/peche-passion-dans-le-nord-pas-de-calais"},{"id":"9782951774902","title":"Ben Nevis, Winter Climbs","description":"Le Ben Nevis \u00e9tait l'un des terrains de pr\u00e9dilection de Godefroy Perroux.\r\nSon topo-guide t\u00e9moigne de toute la richesse du plus haut sommet d'\u00c9cosse.\r\n180 photos avec trac\u00e9s d'itin\u00e9raires.","authors":["Godefroy Perroux"],"category_codes":["4000000","4010000","4010500","4010503"],"visuals":{"large":"https:\/\/quaidesbrumes.com\/img\/book-placeholder.png","medium":"https:\/\/quaidesbrumes.com\/img\/book-placeholder.png","thumbnail":"https:\/\/quaidesbrumes.com\/img\/book-placeholder.png"},"orderable":true,"show_badge":true,"formatted_price":"27,50&nbsp;\u20ac","formatted_published_date":"1er janvier 2002","publisher_availability_label":"Sur commande","short_details":"Godefroy Perroux \u2014 Jmeditions","translator":null,"weight":296,"page_count":224,"readership":null,"editor":"Jmeditions","price":2750,"published_date":"2001-12-31T23:00:00.000000Z","support":"Grand format","publisher_availability":1,"stock":0,"editions":[],"url":"https:\/\/quaidesbrumes.com\/ouvrage\/9782951774902\/ben-nevis-winter-climbs"},{"id":"9782724617504","title":"Enjeu mondial ; l'environnement","description":"\u00c0 l'\u00e8re de l'Anthropoc\u00e8ne, qui voit les humains devenir les principales forces de changement sur la plan\u00e8te, les relations internationales et la gouvernance mondiale ne peuvent plus \u00eatre pens\u00e9es en dehors des questions environnementales. Changement climatique, destruction de la couche d'ozone, \u00e9rosion de la biodiversit\u00e9, \u00e9l\u00e9vation du niveau des mers. la plupart des probl\u00e8mes environnementaux ne connaissent pas de fronti\u00e8res. Leur traitement d\u00e9passe largement le cadre \u00e9tatique et leurs cons\u00e9quences - migrations humaines, comp\u00e9tition pour les ressources naturelles, conflits - affectent profond\u00e9ment les rapports entre \u00c9tats.\r\n\r\nSous la coordination scientifique de Fran\u00e7ois Gemenne, cet Enjeu mondial rend compte de la richesse et de la diversit\u00e9 des recherches en relations internationales de l'environnement dans la sph\u00e8re acad\u00e9mique francophone.\r\n\r\nR\u00e9unissant les contributions des meilleurs chercheurs dans ce domaine - philosophes, \u00e9conomistes, sociologues, historiens, ing\u00e9nieurs, politistes, internationalistes - il dresse un panorama global des enjeux et probl\u00e9matiques de l'environnement en quatre parties : fondations ; ressources ; politiques ; impacts.","authors":["Collectif","Fran\u00e7ois Gemenne"],"category_codes":["4000000","4010000","4010200","4010208"],"visuals":{"large":"https:\/\/images.epagine.fr\/504\/9782724617504_1_75.jpg","medium":"https:\/\/images.epagine.fr\/504\/9782724617504_1_m.jpg","thumbnail":"https:\/\/images.epagine.fr\/504\/9782724617504_1_v.jpg"},"orderable":true,"show_badge":true,"formatted_price":"30,00&nbsp;\u20ac","formatted_published_date":"3 septembre 2015","publisher_availability_label":"Sur commande","short_details":"Collectif, Fran\u00e7ois Gemenne \u2014 Presses de Sciences Po","translator":null,"weight":506,"page_count":288,"readership":null,"editor":"Presses de Sciences Po","price":3000,"published_date":"2015-09-02T22:00:00.000000Z","support":"Grand format","publisher_availability":1,"stock":0,"editions":[],"url":"https:\/\/quaidesbrumes.com\/ouvrage\/9782724617504\/enjeu-mondial-lenvironnement"},{"id":"9782742717552","title":"Parc national du Mercantour","description":"D\u00e8s l?\u00e2ge de Bronze, les hommes peuplaient cette contr\u00e9e sauvage. Aujourd?hui, la r\u00e9apparition du loup engendre des conflits entre \u00e9leveurs et \u00e9cologistes.","authors":["Claude-marie Vadrot","Louisette Gouverne","Thierry Desailly"],"category_codes":["4000000","4010000","4010300"],"visuals":{"large":"https:\/\/images.epagine.fr\/552\/9782742717552_1_75.jpg","medium":"https:\/\/images.epagine.fr\/552\/9782742717552_1_m.jpg","thumbnail":"https:\/\/images.epagine.fr\/552\/9782742717552_1_v.jpg"},"orderable":true,"show_badge":true,"formatted_price":"12,30&nbsp;\u20ac","formatted_published_date":"4 juin 1999","publisher_availability_label":"Sur commande","short_details":"Claude-marie Vadrot, Louisette Gouverne, Thierry Desailly \u2014 Actes Sud","translator":null,"weight":115,"page_count":126,"readership":null,"editor":"Actes Sud","price":1230,"published_date":"1999-06-03T22:00:00.000000Z","support":"Grand format","publisher_availability":1,"stock":0,"editions":[],"url":"https:\/\/quaidesbrumes.com\/ouvrage\/9782742717552\/parc-national-du-mercantour"},{"id":"9782742717569","title":"Parc national des Ecrins","description":"Aujourd'hui encore, pour rester au pays, les hommes deviennent guides et transmettent aux visiteurs leur passion des glaciers et des for\u00eats.","authors":["Claude-marie Vadrot","Louisette Gouverne","Pierre-Emmanuel Dequest"],"category_codes":["4000000","4010000","4010300"],"visuals":{"large":"https:\/\/images.epagine.fr\/569\/9782742717569_1_75.jpg","medium":"https:\/\/images.epagine.fr\/569\/9782742717569_1_m.jpg","thumbnail":"https:\/\/images.epagine.fr\/569\/9782742717569_1_v.jpg"},"orderable":true,"show_badge":true,"formatted_price":"12,30&nbsp;\u20ac","formatted_published_date":"4 juin 1999","publisher_availability_label":"Sur commande","short_details":"Claude-marie Vadrot, Louisette Gouverne, Pierre-Emmanuel Dequest \u2014 Actes Sud","translator":null,"weight":110,"page_count":126,"readership":null,"editor":"Actes Sud","price":1230,"published_date":"1999-06-03T22:00:00.000000Z","support":"Grand format","publisher_availability":1,"stock":0,"editions":[],"url":"https:\/\/quaidesbrumes.com\/ouvrage\/9782742717569\/parc-national-des-ecrins"},{"id":"9782742717576","title":"Parc national de la Vanoise","description":"La fondation du premier parc national a suscit\u00e9 bien des d\u00e9bats portant sur la protection de la nature. Elle a surtout permis de sauver des esp\u00e8ces menac\u00e9es.","authors":["Claude-marie Vadrot","Louisette Gouverne","Fabien Seignobos"],"category_codes":["4000000","4010000","4010300"],"visuals":{"large":"https:\/\/images.epagine.fr\/576\/9782742717576_1_75.jpg","medium":"https:\/\/images.epagine.fr\/576\/9782742717576_1_m.jpg","thumbnail":"https:\/\/images.epagine.fr\/576\/9782742717576_1_v.jpg"},"orderable":true,"show_badge":true,"formatted_price":"12,30&nbsp;\u20ac","formatted_published_date":"4 juin 1999","publisher_availability_label":"Sur commande","short_details":"Claude-marie Vadrot, Louisette Gouverne, Fabien Seignobos \u2014 Actes Sud","translator":null,"weight":111,"page_count":124,"readership":null,"editor":"Actes Sud","price":1230,"published_date":"1999-06-03T22:00:00.000000Z","support":"Grand format","publisher_availability":1,"stock":0,"editions":[],"url":"https:\/\/quaidesbrumes.com\/ouvrage\/9782742717576\/parc-national-de-la-vanoise"}]}