{"data":[{"id":"9782914208475","title":"Voiles au travail en Bretagne atlantique","description":"Cette 'uvre monumentale fait revivre la vie des hommes de mer en Bretagne atlantique au temps de la voile. Ce livre fond\u00e9 sur un \u00e9norme travail d'enqu\u00eate est rempli d'\u00e9tonnantes aventures de mer : il se lit comme un roman. Ar Vag a \u00e9t\u00e9 une r\u00e9v\u00e9lation pour des milliers de lecteurs, c'est aujourd'hui la base de la biblioth\u00e8que des amoureux de la mer et des bateaux.","authors":["Collectif"],"category_codes":["4000000","4010000","4010300","4010304"],"visuals":{"large":"https:\/\/images.epagine.fr\/475\/9782914208475_1_75.jpg","medium":"https:\/\/images.epagine.fr\/475\/9782914208475_1_m.jpg","thumbnail":"https:\/\/images.epagine.fr\/475\/9782914208475_1_v.jpg"},"orderable":true,"show_badge":true,"formatted_price":"75,00&nbsp;\u20ac","formatted_published_date":"7 d\u00e9cembre 2005","publisher_availability_label":"Sur commande","short_details":"Collectif \u2014 Gl\u00e9nat","translator":null,"weight":2572,"page_count":424,"readership":null,"editor":"Gl\u00e9nat","price":7500,"published_date":"2005-12-06T23:00:00.000000Z","support":"Revue","publisher_availability":1,"stock":0,"editions":["9782914208482"],"url":"https:\/\/quaidesbrumes.com\/ouvrage\/9782914208475\/voiles-au-travail-en-bretagne-atlantique"},{"id":"9782511046524","title":"Summary: Green to Gold : Review and Analysis of Esty and Winston's Book","description":"The must-read summary of Daniel Esty and Andrew Winston's book: \"Green to Gold: How Smart Companies Use Environmental Strategy to Innovate, Create Value, and Build Competitive Advantage\".\r\nThis complete summary of the ideas from Daniel Esty and Andrew Winston's book \"Green to Gold\" shows how the environment is no longer a fringe interest - it has now moved to center stage in terms of developing and executing a solid, sustainable business strategy. In their book, the authors explain how environmentalism is now an essential element of business strategy and companies are not acting because they are forced by law, but because there is actual potential to monetise society's interest in eco-friendly products and companies. This summary will teach you how to build a profitable and stronger business by helping to create a healthier planet.\r\nAdded-value of this summary:\r\n- Save time\r\n- Understand key concepts\r\n- Expand your knowledge\r\nTo learn more, read \"Green to Gold\" and discover how you can make your company greener and make bigger profits at the same time.","authors":["Businessnews Publishing"],"category_codes":["4000000","4010000","4010200","4010208"],"visuals":{"large":"https:\/\/images.epagine.fr\/524\/9782511046524_1_75.jpg","medium":"https:\/\/images.epagine.fr\/524\/9782511046524_1_m.jpg","thumbnail":"https:\/\/images.epagine.fr\/524\/9782511046524_1_v.jpg"},"orderable":true,"show_badge":true,"formatted_price":"14,99&nbsp;\u20ac","formatted_published_date":"14 septembre 2016","publisher_availability_label":"Sur commande","short_details":"Businessnews Publishing \u2014 Business Book Summaries","translator":null,"weight":57,"page_count":46,"readership":null,"editor":"Business Book Summaries","price":1499,"published_date":"2016-09-13T22:00:00.000000Z","support":"Grand format","publisher_availability":1,"stock":0,"editions":[],"url":"https:\/\/quaidesbrumes.com\/ouvrage\/9782511046524\/summary-green-to-gold-review-and-analysis-of-esty-and-winstons-book"},{"id":"9782512003748","title":"Summary: Guerrilla Marketing Goes Green : Review and Analysis of Conrad and Horowitz' Book","description":"The must-read summary of Jay Conrad Levinson and Shel Horowitz's book: \"Guerrilla Marketing Goes Green: Winning Strategies to Improve Your Profits and Your Planet\".\r\nThis complete summary of the ideas from Jay Conrad Levinson and Shel Horowitz's book \"Guerrilla Marketing Goes Green\" shows how ethical marketing not only feels better but, in today's economy, it works better as well. In their book, the authors explain how green guerrilla marketing is based on four indispensable pillars: sustainability, quality, integrity and honesty. This summary contains everything you need to know about green marketing that will benefit your customers, employees, suppliers, distribution partners and even competitors.\r\nAdded-value of this summary:\r\n- Save time\r\n- Understand key principles\r\n- Expand your knowledge\r\nTo learn more, read \"Guerrilla Marketing Goes Green\" and find out how green marketing can lead to success in today's business environment.","authors":["Businessnews Publishing"],"category_codes":["4000000","4010000","4010200","4010208"],"visuals":{"large":"https:\/\/images.epagine.fr\/748\/9782512003748_1_75.jpg","medium":"https:\/\/images.epagine.fr\/748\/9782512003748_1_m.jpg","thumbnail":"https:\/\/images.epagine.fr\/748\/9782512003748_1_v.jpg"},"orderable":true,"show_badge":true,"formatted_price":"14,99&nbsp;\u20ac","formatted_published_date":"9 septembre 2016","publisher_availability_label":"Sur commande","short_details":"Businessnews Publishing \u2014 Business Book Summaries","translator":null,"weight":59,"page_count":48,"readership":null,"editor":"Business Book Summaries","price":1499,"published_date":"2016-09-08T22:00:00.000000Z","support":"Grand format","publisher_availability":1,"stock":0,"editions":[],"url":"https:\/\/quaidesbrumes.com\/ouvrage\/9782512003748\/summary-guerrilla-marketing-goes-green-review-and-analysis-of-conrad-and-horowitz-book"},{"id":"9782759241460","title":"Le chlord\u00e9cone aux Antilles","description":"Cet ouvrage pr\u00e9sente l'avanc\u00e9e des connaissances sur la gestion de la contamination au chlord\u00e9cone aux Antilles, sur le long terme. Il s'attache \u00e0 r\u00e9pondre \u00e0 quatre grandes questions : Comment mesurer et observer cette contamination durable et g\u00e9n\u00e9ralis\u00e9e de l'environnement ? Quels sont les impacts sur la sant\u00e9 des populations et des \u00e9cosyst\u00e8mes aux Antilles et comment caract\u00e9riser les risques ? Quels sont les outils de gestion des risques et d'action sur le terrain ? Quels enseignements tirer de cette crise sanitaire et environnementale et quelles sont les perspectives d'action pour l'action publique ?","authors":["Magalie Jannoyer","Jeanne Garric","Malcom Ferdinand","Pierre Benoit"],"category_codes":["4000000","4010000","4010200","4010207"],"visuals":{"large":"https:\/\/quaidesbrumes.com\/img\/book-placeholder.png","medium":"https:\/\/quaidesbrumes.com\/img\/book-placeholder.png","thumbnail":"https:\/\/quaidesbrumes.com\/img\/book-placeholder.png"},"orderable":false,"show_badge":true,"formatted_price":"29,00&nbsp;\u20ac","formatted_published_date":"25 juin 2026","publisher_availability_label":"\u00c0 para\u00eetre","short_details":"Magalie Jannoyer, Jeanne Garric, Malcom Ferdinand, Pierre Benoit \u2014 Qu\u00e6","translator":null,"weight":0,"page_count":null,"readership":null,"editor":"Qu\u00e6","price":2900,"published_date":"2026-06-24T22:00:00.000000Z","support":"Grand format","publisher_availability":2,"stock":0,"editions":[],"url":"https:\/\/quaidesbrumes.com\/ouvrage\/9782759241460\/le-chlordecone-aux-antilles"},{"id":"9782296134409","title":"Dvd gourou des serpents africains","description":"Il est une v\u00e9ritable l\u00e9gende dans son village au Sud du Cameroun. Il aurait re\u00e7u des dons des Anciens pour charmer les b\u00eates sauvages extr\u00eamement dangereuses pour l'homme. Parmi les nombreuses esp\u00e8ces de sa collection, la vip\u00e8re du Gabon (Bitis Gabonica), une esp\u00e8ce de serpent venimeux, issue des for\u00eats tropicales. La dangerosit\u00e9 de cette vip\u00e8re provient surtout du fait du tr\u00e8s important volume de venin toxique qu'elle injecte \u00e0 chaque morsure (de 10 a 15 ml), gr\u00e2ce \u00e0 des glandes tr\u00e8s d\u00e9velopp\u00e9es. Sa collection comporte \u00e9galement des serpents de la grande famille des \u00c9lapid\u00e9s, les reptiles les plus venimeux du monde, comme les cobras cracheurs. Des animaux de compagnie pour notre Gourou !","authors":["Enogo Olivier"],"category_codes":["4000000","4010000","4010300"],"visuals":{"large":"https:\/\/images.epagine.fr\/409\/9782296134409_1_75.jpg","medium":"https:\/\/images.epagine.fr\/409\/9782296134409_1_m.jpg","thumbnail":"https:\/\/images.epagine.fr\/409\/9782296134409_1_v.jpg"},"orderable":true,"show_badge":true,"formatted_price":"0,00&nbsp;\u20ac","formatted_published_date":"23 mars 2011","publisher_availability_label":"Sur commande","short_details":"Enogo Olivier \u2014 \u00c9ditions L'Harmattan","translator":null,"weight":88,"page_count":null,"readership":null,"editor":"\u00c9ditions L'Harmattan","price":0,"published_date":"2011-03-22T23:00:00.000000Z","support":"DVD","publisher_availability":1,"stock":0,"editions":[],"url":"https:\/\/quaidesbrumes.com\/ouvrage\/9782296134409\/dvd-gourou-des-serpents-africains"},{"id":"9782336295022","title":"Impressions","description":"Un film sur la puissance magique de la nature.\r\n Un voyage au coeur de la Normandie Impressionniste.\r\n Une balade en couleur sur les traces de la lumi\u00e8re et du temps.\r\n\r\n\u00ab Une fresque sur les paysages de Normandie qui renouvelle les formes du montage. \u00bb Nicole Brenez, Sight & Sounds -Prix vid\u00e9oformes du conseil g\u00e9n\u00e9ral du Puy-De-D\u00f4me, Festival vid\u00e9oformes 2013 -Prix du meilleur film \u00e9tranger \/ Best International work, Winnipeg's Festival of Film and Video Art 2012 BONUS : \r\n \"Sasset\u00f4t-le-Mauconduit\" (2012, 5 minutes) de Jacques Perconte. Vous voil\u00e0 seuls face \u00e0 l'oc\u00e9an. Respirez !","authors":["Jacques Perconte"],"category_codes":["4000000","4010000"],"visuals":{"large":"https:\/\/images.epagine.fr\/022\/9782336295022_1_75.jpg","medium":"https:\/\/images.epagine.fr\/022\/9782336295022_1_m.jpg","thumbnail":"https:\/\/images.epagine.fr\/022\/9782336295022_1_v.jpg"},"orderable":true,"show_badge":true,"formatted_price":"0,00&nbsp;\u20ac","formatted_published_date":"16 juin 2016","publisher_availability_label":"Sur commande","short_details":"Jacques Perconte \u2014 \u00c9ditions L'Harmattan","translator":null,"weight":100,"page_count":null,"readership":"Tout public","editor":"\u00c9ditions L'Harmattan","price":0,"published_date":"2016-06-15T22:00:00.000000Z","support":"DVD","publisher_availability":1,"stock":0,"editions":[],"url":"https:\/\/quaidesbrumes.com\/ouvrage\/9782336295022\/impressions"},{"id":"9782511044179","title":"Summary: Five Regions of the Future : Review and Analysis of Barker and Erickson's Book","description":"The must-read summary of Joel Barker and Scott Erikson's book: \"Five Regions of the Future: Preparing Your Business for Tomorrow's Technology Revolution\".\r\nThis complete summary of the ideas from Joel Barker and Scott Erikson's book \"Five Regions of the Future\" shows that new technology falls into one of five well-defined regions. In their book, the authors explain how you can make smart decisions about which technologies will ultimately transform your industry and generate the best growth opportunities by mapping the advancements in each of the five fields. This summary is essential for anyone who is baffled by today's rapidly evolving technologies or anyone who wants to take advantage of technology to further their business.\r\nAdded-value of this summary:\r\n- Save time\r\n- Understand key concepts\r\n- Expand your knowledge\r\nTo learn more, read \"Five Regions of the Future\" and discover how you can make use of technological advancements to take your business to the next level.","authors":["Businessnews Publishing"],"category_codes":["4000000","4010000","4010200","4010208"],"visuals":{"large":"https:\/\/images.epagine.fr\/179\/9782511044179_1_75.jpg","medium":"https:\/\/images.epagine.fr\/179\/9782511044179_1_m.jpg","thumbnail":"https:\/\/images.epagine.fr\/179\/9782511044179_1_v.jpg"},"orderable":true,"show_badge":true,"formatted_price":"14,99&nbsp;\u20ac","formatted_published_date":"14 septembre 2016","publisher_availability_label":"Sur commande","short_details":"Businessnews Publishing \u2014 Business Book Summaries","translator":null,"weight":53,"page_count":42,"readership":null,"editor":"Business Book Summaries","price":1499,"published_date":"2016-09-13T22:00:00.000000Z","support":"Grand format","publisher_availability":1,"stock":0,"editions":[],"url":"https:\/\/quaidesbrumes.com\/ouvrage\/9782511044179\/summary-five-regions-of-the-future-review-and-analysis-of-barker-and-ericksons-book"},{"id":"9782511046067","title":"Summary: Hot, Flat and Crowded : Review and Analysis of Friedman's Book","description":"The must-read summary of Thomas Friedman's book: \"Hot, Flat and Crowded: Why We Need a Green Revolution - and How It Can Renew America\".\r\nThis complete summary of the ideas from Thomas Friedman's book \"Hot, Flat and Crowded\" shows that we are at a nexus of global warming (hot), globalisation, which means an affluent middle class wants to enjoy success, even at environmental expense (flat) and population growth (crowded). Green solutions are the only way all three of these issues can be resolved satisfactorily. It's also a huge commercial opportunity: the replacement of fossil fuels is a golden business opportunity. Friedman believes we need to declare a \"code green\" to stimulate industry, education and science in pursuit of environmental goals. In short, as Friedman says, \"this is not about the whales anymore. It's about us.\" This summary explains how we got the current situation, and the most effective ways we need to move forward. Environmental awareness needs to be a society norm; there needs to be incentives for individuals to build their own mini-arcs, rather than rely on federal measures. It also shows that not taking opportunities now will prove to be both environmentally and economically disastrous: the nation that embraces green technology innovation will be the world superpower for generations to come.\u00a0\r\nAdded-value of this summary:\u00a0\r\n-\u00a0Save time\u00a0\r\n-\u00a0Understand the key concepts\u00a0\r\n-\u00a0Increase your business knowledge\u00a0\r\nTo learn more, read \"Hot, Flat and Crowded\" and understand how we got to the current situation.","authors":["Businessnews Publishing"],"category_codes":["4000000","4010000","4010200","4010208"],"visuals":{"large":"https:\/\/images.epagine.fr\/067\/9782511046067_1_75.jpg","medium":"https:\/\/images.epagine.fr\/067\/9782511046067_1_m.jpg","thumbnail":"https:\/\/images.epagine.fr\/067\/9782511046067_1_v.jpg"},"orderable":true,"show_badge":true,"formatted_price":"14,99&nbsp;\u20ac","formatted_published_date":"16 septembre 2016","publisher_availability_label":"Sur commande","short_details":"Businessnews Publishing \u2014 Business Book Summaries","translator":null,"weight":55,"page_count":44,"readership":null,"editor":"Business Book Summaries","price":1499,"published_date":"2016-09-15T22:00:00.000000Z","support":"Grand format","publisher_availability":1,"stock":0,"editions":[],"url":"https:\/\/quaidesbrumes.com\/ouvrage\/9782511046067\/summary-hot-flat-and-crowded-review-and-analysis-of-friedmans-book"},{"id":"9791093655468","title":"Les gardiens de l'Alpe","description":"Ils peuplent la montagne depuis des mill\u00e9naires. Ils vivent l\u00e0-haut \u00e0 toutes saisons et par tous les temps bien avant que l'homme ne s'aventure dans leur royaume avec ses skis, ses raquettes et ses remontepentes. Bien moins connus que le chamois, l'aigle ou la marmotte, ce sont pourtant eux les plus extraordinaires habitants de l'Alpe. Partout o\u00f9 ils existent encore, c'est que la montagne est toujours belle.\r\nCar ce sont eux les gardiens de sa vie sauvage. Qui sont-ils ? Le petit coq de bruy\u00e8re, la perdrix bartavelle et le lagop\u00e8de alpin. Le premier danse \u00e0 la limite sup\u00e9rieure de la for\u00eat, la seconde chante entre des rochers tann\u00e9s par le soleil et le troisi\u00e8me vit tout en haut, sur les sommets, le long des cr\u00eates, insensible au froid comme au blizzard. Trois oiseaux somptueux, trois facettes diff\u00e9rents de la montagne, trois existences menac\u00e9es qui souvent ne tiennent qu'\u00e0 un fil.\r\nC'est leur destin fascinant et parfois tragique que raconte le photographe animalier Olivier Born \u00e0 travers des images \u00e0 couper le souffle. L'ouvrage se termine par des pages pratiques qui r\u00e9capitulent les bonnes pratiques \u00e0 adopter en tout temps par les randonneurs ou skieurs afin de limiter le plus possible les d\u00e9rangements \u00e0 la faune de montagne et de concilier loisirs et vie sauvage.","authors":["Olivier Born"],"category_codes":["4000000","4010000"],"visuals":{"large":"https:\/\/images.epagine.fr\/468\/9791093655468_1_75.jpg","medium":"https:\/\/images.epagine.fr\/468\/9791093655468_1_m.jpg","thumbnail":"https:\/\/images.epagine.fr\/468\/9791093655468_1_v.jpg"},"orderable":true,"show_badge":true,"formatted_price":"34,00&nbsp;\u20ac","formatted_published_date":"22 septembre 2016","publisher_availability_label":"Sur commande","short_details":"Olivier Born \u2014 \u00c9ditions de la Salamandre","translator":null,"weight":1060,"page_count":159,"readership":null,"editor":"\u00c9ditions de la Salamandre","price":3400,"published_date":"2016-09-21T22:00:00.000000Z","support":"Grand format","publisher_availability":1,"stock":0,"editions":[],"url":"https:\/\/quaidesbrumes.com\/ouvrage\/9791093655468\/les-gardiens-de-lalpe"},{"id":"9782849526774","title":"Des plantes psychotropes (2e \u00e9dition)","description":null,"authors":["S\u00e9bastien Baud"],"category_codes":["4000000","4010000","4010400"],"visuals":{"large":"https:\/\/images.epagine.fr\/774\/9782849526774_1_75.jpg","medium":"https:\/\/images.epagine.fr\/774\/9782849526774_1_m.jpg","thumbnail":"https:\/\/images.epagine.fr\/774\/9782849526774_1_v.jpg"},"orderable":true,"show_badge":true,"formatted_price":"28,00&nbsp;\u20ac","formatted_published_date":"16 octobre 2013","publisher_availability_label":"Sur commande","short_details":"S\u00e9bastien Baud \u2014 Imago","translator":null,"weight":590,"page_count":440,"readership":null,"editor":"Imago","price":2800,"published_date":"2013-10-15T22:00:00.000000Z","support":"Grand format","publisher_availability":1,"stock":0,"editions":[],"url":"https:\/\/quaidesbrumes.com\/ouvrage\/9782849526774\/des-plantes-psychotropes-2e-edition"},{"id":"9782918970132","title":"Briancon ice and dry","description":null,"authors":["Constant Sebastien"],"category_codes":["4000000","4010000","4010500","4010503"],"visuals":{"large":"https:\/\/quaidesbrumes.com\/img\/book-placeholder.png","medium":"https:\/\/quaidesbrumes.com\/img\/book-placeholder.png","thumbnail":"https:\/\/quaidesbrumes.com\/img\/book-placeholder.png"},"orderable":true,"show_badge":true,"formatted_price":"40,00&nbsp;\u20ac","formatted_published_date":"1er d\u00e9cembre 2024","publisher_availability_label":"Sur commande","short_details":"Constant Sebastien \u2014 Sebastien Constant","translator":null,"weight":550,"page_count":null,"readership":null,"editor":"Sebastien Constant","price":4000,"published_date":"2024-11-30T23:00:00.000000Z","support":"Grand format","publisher_availability":1,"stock":0,"editions":[],"url":"https:\/\/quaidesbrumes.com\/ouvrage\/9782918970132\/briancon-ice-and-dry"},{"id":"9782843982415","title":"COSMOPOLITIQUES Tome 12 : Cosmopolitiques N12. Que faire...des partis ? : Que faire...des partis ?","description":null,"authors":["Collectif"],"category_codes":["4000000","4010000","4010200","4010208"],"visuals":{"large":"https:\/\/images.epagine.fr\/415\/9782843982415_1_75.jpg","medium":"https:\/\/images.epagine.fr\/415\/9782843982415_1_m.jpg","thumbnail":"https:\/\/images.epagine.fr\/415\/9782843982415_1_v.jpg"},"orderable":true,"show_badge":true,"formatted_price":"18,00&nbsp;\u20ac","formatted_published_date":"7 ao\u00fbt 2006","publisher_availability_label":"Sur commande","short_details":"Collectif \u2014 Apog\u00e9e","translator":null,"weight":299,"page_count":176,"readership":null,"editor":"Apog\u00e9e","price":1800,"published_date":"2006-08-06T22:00:00.000000Z","support":"Grand format","publisher_availability":1,"stock":0,"editions":[],"url":"https:\/\/quaidesbrumes.com\/ouvrage\/9782843982415\/cosmopolitiques-tome-12-cosmopolitiques-n12-que-fairedes-partis-que-fairedes-partis"},{"id":"9782843982606","title":"COSMOPOLITIQUES Tome 14 : Cosmopolitiques N14 - Comment rendre la sant\u00e9 publique ?","description":null,"authors":["Collectif"],"category_codes":["4000000","4010000","4010200","4010208"],"visuals":{"large":"https:\/\/images.epagine.fr\/606\/9782843982606_1_75.jpg","medium":"https:\/\/images.epagine.fr\/606\/9782843982606_1_m.jpg","thumbnail":"https:\/\/images.epagine.fr\/606\/9782843982606_1_v.jpg"},"orderable":true,"show_badge":true,"formatted_price":"18,00&nbsp;\u20ac","formatted_published_date":"14 mars 2007","publisher_availability_label":"Sur commande","short_details":"Collectif \u2014 Apog\u00e9e","translator":null,"weight":317,"page_count":192,"readership":null,"editor":"Apog\u00e9e","price":1800,"published_date":"2007-03-13T23:00:00.000000Z","support":"Grand format","publisher_availability":1,"stock":0,"editions":[],"url":"https:\/\/quaidesbrumes.com\/ouvrage\/9782843982606\/cosmopolitiques-tome-14-cosmopolitiques-n14-comment-rendre-la-sante-publique"},{"id":"9782848671970","title":"Traitement et \u00e9puration des eaux industrielles pollu\u00e9es : Proc\u00e9d\u00e9s membranaires, bioadsorption et oxydation chimique","description":"L'ouvrage aborde les diff\u00e9rents proc\u00e9d\u00e9s physico-chimiques de d\u00e9contamination des eaux us\u00e9es industrielles. Il couvre un large domaine d'investigation en pr\u00e9sentant l'\u00e9tat de l'art des principales techniques d'\u00e9puration des eaux industrielles pollu\u00e9es et en donnant une place pr\u00e9\u00e9minante \u00e0 trois m\u00e9thodes \u00e9mergentes, les techniques de filtration membranaire, les ph\u00e9nom\u00e8nes de bioadsorption et les proc\u00e9d\u00e9s d'oxydation chimique avanc\u00e9e. Ce livre int\u00e9ressera tout lecteur - qu'il soit \u00e9tudiant, jeune chercheur, scientifique confirm\u00e9 ou industriel - d\u00e9sireux d'acc\u00e9der rapidement aux d\u00e9couvertes r\u00e9centes et aux voies de recherche en cours d'exploration dans le domaine des techniques de d\u00e9contamination des eaux.","authors":["Gr\u00e9gorio Crini","Pierre-marie Badot"],"category_codes":["4000000","4010000","4010200","4010208"],"visuals":{"large":"https:\/\/images.epagine.fr\/970\/9782848671970_1_75.jpg","medium":"https:\/\/images.epagine.fr\/970\/9782848671970_1_m.jpg","thumbnail":"https:\/\/images.epagine.fr\/970\/9782848671970_1_v.jpg"},"orderable":true,"show_badge":true,"formatted_price":"22,00&nbsp;\u20ac","formatted_published_date":"13 novembre 2007","publisher_availability_label":"Sur commande","short_details":"Gr\u00e9gorio Crini, Pierre-marie Badot \u2014 Pu De Franche Comte","translator":null,"weight":520,"page_count":356,"readership":null,"editor":"Pu De Franche Comte","price":2200,"published_date":"2007-11-12T23:00:00.000000Z","support":"Grand format","publisher_availability":1,"stock":0,"editions":[],"url":"https:\/\/quaidesbrumes.com\/ouvrage\/9782848671970\/traitement-et-epuration-des-eaux-industrielles-polluees-procedes-membranaires-bioadsorption-et-oxydation-chimique"},{"id":"9782843981104","title":"Les industries agro-alimentaires en bretagne","description":null,"authors":["Ruffio Philippe"],"category_codes":["4000000","4010000","4010200","4010207"],"visuals":{"large":"https:\/\/images.epagine.fr\/104\/9782843981104_1_75.jpg","medium":"https:\/\/images.epagine.fr\/104\/9782843981104_1_m.jpg","thumbnail":"https:\/\/images.epagine.fr\/104\/9782843981104_1_v.jpg"},"orderable":true,"show_badge":true,"formatted_price":"20,30&nbsp;\u20ac","formatted_published_date":"28 f\u00e9vrier 2002","publisher_availability_label":"Sur commande","short_details":"Ruffio Philippe \u2014 Apog\u00e9e","translator":null,"weight":422,"page_count":192,"readership":null,"editor":"Apog\u00e9e","price":2030,"published_date":"2002-02-27T23:00:00.000000Z","support":"Grand format","publisher_availability":1,"stock":0,"editions":[],"url":"https:\/\/quaidesbrumes.com\/ouvrage\/9782843981104\/les-industries-agro-alimentaires-en-bretagne"},{"id":"9782843982088","title":"COSMOPOLITIQUES Tome 11 : Cosmopolitiques n11. nord-sud : nouveaux echanges, nouvelles frontieres","description":"Les divisions du monde en grands ensembles bien d\u00e9limit\u00e9s, en rapports de domination bien \u00e9tablis, sont bouscul\u00e9es.\r\nLe Sud n'est plus l\u00e0 o\u00f9 on le pensait, lorsqu'il int\u00e9ressait le Nord pour des raisons coloniales, de compassion ou d'exotisme. Le Sud est au Nord, avec des \u00e9meutes r\u00e9centes en France, et le mythe de l'int\u00e9gration n'y peut plus rien, il circule de pays en pays, d'allers en retours, loin du statut \u00e9tabli d'immigr\u00e9, arrach\u00e9 \u00e0 sa terre. Il oblige nos visions modernistes du monde au compromis avec d'autres mod\u00e8les culturels, dans la vie la plus quotidienne comme dans les cadres de pens\u00e9e.\r\nEt surtout, le Sud a d\u00e9j\u00e0 pris en main son destin (dans ce num\u00e9ro, en Inde, en Am\u00e9rique Centrale, en Afrique), et le soutien que le Nord peut lui apporter, \u00e0 travers les ONG ou l'Europe dans ce num\u00e9ro, doit \u00eatre attentif \u00e0 ne pas continuer \u00e0 diffuser son mod\u00e8le sous couvert de solidarit\u00e9, comme on a tendance \u00e0 le faire pour les modes de consommation \u00e9nerg\u00e9tiques par exemple. Ces circulations et ces \u00e9changes cr\u00e9ent des conflits et d\u00e9stabilisent, mais les histoires relat\u00e9es ici montrent ce qu'ils apportent de pistes pour la r\u00e9invention d'un monde commun, en s'appuyant sur des prises de pouvoir singuli\u00e8res \u00e0 chaque situation.\r\nNous pratiquons d\u00e9sormais des \" cosmopolitiques \" parce que les liens qui nous attachent \u00e0 nos mondes ne sont pas \u00e0 trancher mais \u00e0 rediscuter, parce que la complexit\u00e9 est la base m\u00eame de toute l'\u00e9cologie, parce que l'incertitude de notre temps rend caduques ou ridicules les pr\u00e9tentions dogmatiques ou technocratiques. Ces \" Cahiers th\u00e9oriques pour l'\u00e9cologie politique \" se veulent une contribution r\u00e9guli\u00e8re pour penser l'activit\u00e9 politique des acteurs qui font tenir ces collectifs incertains, qui cherchent \u00e0 recomposer des espaces de pouvoir ouverts.","authors":["Evelyne Damm Jimenez"],"category_codes":["4000000","4010000","4010200","4010208"],"visuals":{"large":"https:\/\/images.epagine.fr\/088\/9782843982088_1_75.jpg","medium":"https:\/\/images.epagine.fr\/088\/9782843982088_1_m.jpg","thumbnail":"https:\/\/images.epagine.fr\/088\/9782843982088_1_v.jpg"},"orderable":true,"show_badge":true,"formatted_price":"18,00&nbsp;\u20ac","formatted_published_date":"7 mars 2006","publisher_availability_label":"Sur commande","short_details":"Evelyne Damm Jimenez \u2014 Apog\u00e9e","translator":null,"weight":318,"page_count":192,"readership":null,"editor":"Apog\u00e9e","price":1800,"published_date":"2006-03-06T23:00:00.000000Z","support":"Grand format","publisher_availability":1,"stock":0,"editions":[],"url":"https:\/\/quaidesbrumes.com\/ouvrage\/9782843982088\/cosmopolitiques-tome-11-cosmopolitiques-n11-nord-sud-nouveaux-echanges-nouvelles-frontieres"},{"id":"9782843982422","title":"COSMOPOLITIQUES Tome 13 : Cosmopolitiques N13. Peut-on faire l'\u00e9conomie de l'environnement","description":"Quatre si\u00e8cles de capitalisme ont conduit la plan\u00e8te vers sa plus grave crise environnementale : pour vivre comme un habitant des pays \" riches \" membres de l'OCDE, qui symbolisent la r\u00e9ussite \u00e9conomique, il faudrait quatre Terres.\r\nNotre mode de vie \" occidental \" n'est donc pas g\u00e9n\u00e9ralisable. Or c'est bien lui qui attire les deux milliards de Chinois et d'Indiens en train de rejoindre le march\u00e9 mondial du travail et de la consommation. Pour sortir de cette impasse, il nous faudra n\u00e9gocier notre mode de vie. Cette n\u00e9gociation se fera \u00e0 l'\u00e9chelle nationale, selon des compromis propres \u00e0 chaque soci\u00e9t\u00e9. L'enjeu de l'emploi et la capacit\u00e9 des mouvements sociaux et environnementalistes \u00e0 \u00e9laborer des solutions communes y seront d\u00e9terminants.\r\nMais la n\u00e9gociation se jouera \u00e9galement au niveau international, o\u00f9 il faudra bien trouver les voies de la construction d'un consensus qui r\u00e9partisse \u00e9quitablement les efforts \u00e0 fournir entre tous les pays. Ce num\u00e9ro nous conduit sur les chemins des compromis d\u00e9mocratiques, des exp\u00e9riences locales aux n\u00e9gociations internationales sur le changement climatique. Ces voies se situent quelque part entre une d\u00e9croissance qui reste encore largement incantatoire en termes de changement de soci\u00e9t\u00e9 et de mod\u00e8le d'organisation sociale et le simple pari que l'\u00e9conomie capitaliste de march\u00e9 dig\u00e9rera la nouvelle contrainte environnementale et la transformera en une nouvelle source de valorisation du capital.\r\nII s'agit bien d'inventer les politiques radicales qui ne perdent pas de vue les imp\u00e9ratifs globaux, tout en s'attachant \u00e0 trouver les compromis sociaux qui fa\u00e7onneront les \u00e9volutions pacifiques vers un nouveau mode de vivre ensemble.","authors":["Collectif"],"category_codes":["4000000","4010000","4010200","4010208"],"visuals":{"large":"https:\/\/images.epagine.fr\/422\/9782843982422_1_75.jpg","medium":"https:\/\/images.epagine.fr\/422\/9782843982422_1_m.jpg","thumbnail":"https:\/\/images.epagine.fr\/422\/9782843982422_1_v.jpg"},"orderable":true,"show_badge":true,"formatted_price":"18,00&nbsp;\u20ac","formatted_published_date":"9 novembre 2006","publisher_availability_label":"Sur commande","short_details":"Collectif \u2014 Apog\u00e9e","translator":null,"weight":318,"page_count":192,"readership":null,"editor":"Apog\u00e9e","price":1800,"published_date":"2006-11-08T23:00:00.000000Z","support":"Grand format","publisher_availability":1,"stock":0,"editions":[],"url":"https:\/\/quaidesbrumes.com\/ouvrage\/9782843982422\/cosmopolitiques-tome-13-cosmopolitiques-n13-peut-on-faire-leconomie-de-lenvironnement"},{"id":"9791041559480","title":"Truffes sauvages : Cavage \u00e0 la mouche","description":"Mycologue et photographe amateur, biologiste de formation, l'auteur est un amoureux de la r\u00e9gion m\u00e9diterran\u00e9enne. Apr\u00e8s s'\u00eatre initi\u00e9 lui-m\u00eame \u00e0 la recherche des truffes, il d\u00e9cide de partager son exp\u00e9rience de cette r\u00e9colte pas comme les autres.  \r\n \r\nDans ce livre, l'auteur a souhait\u00e9 faire d\u00e9couvrir au lecteur le monde de la truffe par l'\u00e9tude des truffes sauvages. Le lecteur d\u00e9couvrira le lien \u00e9troit qui existe entre les truffes et la v\u00e9g\u00e9tation. Il apprendra ensuite \u00e0 reconna\u00eetre les esp\u00e8ces les plus recherch\u00e9es en France et leurs habitats sp\u00e9cifiques en climat m\u00e9diterran\u00e9en. Enfin, il apprendra comment trouver des truffes gr\u00e2ce au \"cavage \u00e0 la mouche\", m\u00e9thode pour la premi\u00e8re f...","authors":["Rapha\u00ebl Vou\u00e9"],"category_codes":["4000000","4010000","4010300"],"visuals":{"large":"https:\/\/images.epagine.fr\/480\/9791041559480_1_75.jpg","medium":"https:\/\/images.epagine.fr\/480\/9791041559480_1_m.jpg","thumbnail":"https:\/\/images.epagine.fr\/480\/9791041559480_1_v.jpg"},"orderable":true,"show_badge":true,"formatted_price":"23,00&nbsp;\u20ac","formatted_published_date":"16 juin 2024","publisher_availability_label":"Sur commande","short_details":"Rapha\u00ebl Vou\u00e9 \u2014 Thebookedition.Com","translator":null,"weight":256,"page_count":117,"readership":null,"editor":"Thebookedition.Com","price":2300,"published_date":"2024-06-15T22:00:00.000000Z","support":"Grand format","publisher_availability":1,"stock":0,"editions":[],"url":"https:\/\/quaidesbrumes.com\/ouvrage\/9791041559480\/truffes-sauvages-cavage-a-la-mouche"},{"id":"9782343114071","title":"Ressources naturelles et d\u00e9veloppement ; le paradoxe congolais","description":"Les \u00e9tudes acad\u00e9miques sur le Congo sont trop souvent focalis\u00e9es sur la politique et les aspects s\u00e9curitaires, voici une histoire diff\u00e9rente des relations entre pouvoir et nature. La R\u00e9publique d\u00e9mocratique du Congo dispose des ressources naturelles dont le monde a besoin. Quelles nouvelles dynamiques sont \u00e0 l'oeuvre dans la gestion des for\u00eats, des minerais, du sol, de l'eau et du p\u00e9trole? Cette \u00e9tude relie tous ces secteurs en les connectant entre eux et en les int\u00e9grant \u00e0 des dynamiques transnationales, africaines et internationales. Ecrit dans un style clair et direct, voici un \u00e9ventail de faits et d'analyses pour tout lecteur int\u00e9ress\u00e9 par l'\u00e9conomie politique de la gestion des ressources en Afrique.","authors":["Collectif"],"category_codes":["4000000","4010000","4010200"],"visuals":{"large":"https:\/\/images.epagine.fr\/071\/9782343114071_1_75.jpg","medium":"https:\/\/images.epagine.fr\/071\/9782343114071_1_m.jpg","thumbnail":"https:\/\/images.epagine.fr\/071\/9782343114071_1_v.jpg"},"orderable":true,"show_badge":true,"formatted_price":"26,50&nbsp;\u20ac","formatted_published_date":"16 f\u00e9vrier 2017","publisher_availability_label":"Sur commande","short_details":"Collectif \u2014 \u00c9ditions L'Harmattan","translator":null,"weight":370,"page_count":212,"readership":null,"editor":"\u00c9ditions L'Harmattan","price":2650,"published_date":"2017-02-15T23:00:00.000000Z","support":"Grand format","publisher_availability":1,"stock":0,"editions":[],"url":"https:\/\/quaidesbrumes.com\/ouvrage\/9782343114071\/ressources-naturelles-et-developpement-le-paradoxe-congolais"},{"id":"9782343115870","title":"Les d\u00e9chets \u00e7a suffit ! l'\u00e9tat des lieux","description":"\"La lecture de ce livre nous fait prendre conscience des d\u00e9g\u00e2ts provoqu\u00e9s par les d\u00e9chets plastiques en mer notamment sur la faune aquatique. Il am\u00e8ne ainsi \u00e0 de nouveaux comportements \u00e0 propos de l'achat ou de l'utilisation de produits en plastique. Ce livre salutaire \u00e9crit pas un enseignent, doit \u00eatre transmis aux g\u00e9n\u00e9rations futures pour renouveler les consciences et sauver notre plan\u00e8te.\"","authors":["Jacques Exbalin","Greenpeace","Fondation goodplanet"],"category_codes":["4000000","4010000","4010200","4010207"],"visuals":{"large":"https:\/\/images.epagine.fr\/870\/9782343115870_1_75.jpg","medium":"https:\/\/images.epagine.fr\/870\/9782343115870_1_m.jpg","thumbnail":"https:\/\/images.epagine.fr\/870\/9782343115870_1_v.jpg"},"orderable":true,"show_badge":true,"formatted_price":"11,00&nbsp;\u20ac","formatted_published_date":"30 mars 2017","publisher_availability_label":"Sur commande","short_details":"Jacques Exbalin, Greenpeace, Fondation goodplanet \u2014 \u00c9ditions L'Harmattan","translator":null,"weight":194,"page_count":138,"readership":null,"editor":"\u00c9ditions L'Harmattan","price":1100,"published_date":"2017-03-29T22:00:00.000000Z","support":"Grand format","publisher_availability":1,"stock":0,"editions":[],"url":"https:\/\/quaidesbrumes.com\/ouvrage\/9782343115870\/les-dechets-ca-suffit-letat-des-lieux"},{"id":"9782343141893","title":"Flore et faune du Niger et des pays voisins","description":"\"Cet ouvrage pr\u00e9sente plus de 370 esp\u00e8ces d animaux et de plantes, qui permettent de mieux comprendre la faune et la flore du Niger et des pays limitrophes. Comblant un vide dans plusieurs disciplines, les chercheurs y trouveront des r\u00e9ponses appropri\u00e9es aux multiples interrogations qui touchent l environnement dans un contexte sah\u00e9lien (nombreuses photos couleur).\"","authors":["Najada Ibrahim"],"category_codes":["4000000","4010000","4010400","4010402"],"visuals":{"large":"https:\/\/images.epagine.fr\/893\/9782343141893_1_75.jpg","medium":"https:\/\/images.epagine.fr\/893\/9782343141893_1_m.jpg","thumbnail":"https:\/\/images.epagine.fr\/893\/9782343141893_1_v.jpg"},"orderable":true,"show_badge":true,"formatted_price":"48,50&nbsp;\u20ac","formatted_published_date":"11 juillet 2018","publisher_availability_label":"Sur commande","short_details":"Najada Ibrahim \u2014 \u00c9ditions L'Harmattan","translator":null,"weight":850,"page_count":284,"readership":null,"editor":"\u00c9ditions L'Harmattan","price":4850,"published_date":"2018-07-10T22:00:00.000000Z","support":"Grand format","publisher_availability":1,"stock":0,"editions":[],"url":"https:\/\/quaidesbrumes.com\/ouvrage\/9782343141893\/flore-et-faune-du-niger-et-des-pays-voisins"},{"id":"9782383770893","title":"Nouveaux r\u00e9cits sur la for\u00eat","description":"Les discours officiels qui ne cessent d'alerter sur la d\u00e9forestation, sur les crises climatiques et environnementales, ne suffisent pas \u00e0 convaincre le plus grand nombre. N'aurions-nous pas besoin de nouveaux r\u00e9cits pour repenser notre relation \u00e0 la for\u00eat et \u00e0 nos \u00e9cosyst\u00e8mes ? Et la fiction n'aurait-elle pas ce pouvoir de faire bouger les lignes ? C'est pour r\u00e9pondre \u00e0 ces questions qu'un groupe de chercheurs (linguistes et litt\u00e9raires) partant des discours nouveaux sur la for\u00eat et des nouvelles taxinomies qui la d\u00e9signent aujourd'hui, s'est int\u00e9ress\u00e9 \u00e0 leur traduction actuelle dans des romans - dystopiques ou non -, des iconotextes, des films d'animation, de la po\u00e9sie, toutes formes qui font r\u00e9cit et sont comme autant de porte-voix de la sylve elle-m\u00eame, dont l'urgence \u00e0 se faire entendre par l'homme moderne est devenue une \u00e9vidence. Gr\u00e2ce aux imaginaires ancestraux qui font r\u00e9surgence sous des formes elles aussi nouvelles dans ces textes, puisqu'ils sont mis en tension avec les peurs et les urgences contemporaines, ces r\u00e9cits permettent de renouer avec une v\u00e9rit\u00e9 trop souvent oubli\u00e9e, sur le mode sensible, tout en int\u00e9grant sur leur passage les nouvelles d\u00e9couvertes scientifiques sur les arbres et sur les for\u00eats.","authors":["Pascale Auraix-Jonchi\u00e8re","Fr\u00e9d\u00e9ric Calas"],"category_codes":["4000000","4010000","4010300"],"visuals":{"large":"https:\/\/images.epagine.fr\/893\/9782383770893_1_75.jpg","medium":"https:\/\/images.epagine.fr\/893\/9782383770893_1_m.jpg","thumbnail":"https:\/\/images.epagine.fr\/893\/9782383770893_1_v.jpg"},"orderable":true,"show_badge":true,"formatted_price":"23,00&nbsp;\u20ac","formatted_published_date":"16 f\u00e9vrier 2023","publisher_availability_label":"Sur commande","short_details":"Pascale Auraix-Jonchi\u00e8re, Fr\u00e9d\u00e9ric Calas \u2014 Pu De Clermont Ferrand","translator":null,"weight":300,"page_count":398,"readership":null,"editor":"Pu De Clermont Ferrand","price":2300,"published_date":"2023-02-15T23:00:00.000000Z","support":"Grand format","publisher_availability":1,"stock":0,"editions":[],"url":"https:\/\/quaidesbrumes.com\/ouvrage\/9782383770893\/nouveaux-recits-sur-la-foret"},{"id":"9782336590011","title":"Environnement et politique","description":"\u00c9ditorial\r\nAdaptation conjoncturelle et poids invisible : le r\u00f4le des femmes face au changement climatique\r\nSita ZOUGOURI et Mathieu OU\u00c9DRAOGO\r\nPratiques phytosanitaires en zone p\u00e9riurbaine ouest-africaine : d\u00e9calage entre normes officielles et logiques pratiques des mara\u00eechers \u00e0 Kombissiri (Burkina Faso)\r\nDenis IDO, Ousmane ZOUNGRANA et Sylvain TOUGOUMA\r\nStrat\u00e9gies endog\u00e8nes de dynamisation des syst\u00e8mes socio-\u00e9cologiques en Afrique de l'Ouest sah\u00e9lienne\r\nKarim OU\u00c9DRAOGO\r\nCommunaut\u00e9s locales et aires de faune prot\u00e9g\u00e9es au Burkina Faso : Sources et impacts d'un \u00ab triangle de violence \u00bb au complexe W-Arly\r\nAlexis KABOR\u00c9\r\nConstruction d'un environnement favorable \u00e0 l'\u00e9closion des droits des personnes en situation de handicap en R\u00e9publique d\u00e9mocratique du Congo : analyse et \u00e9tude compar\u00e9e des mod\u00e8les fran\u00e7ais, belge et am\u00e9ricain\r\nBlaise-Valentin IYAMBA et Rachel KANGILA KAMESA\r\nL'analyse de l'apport des technologies de l'information et de la communication (TIC) sur les activit\u00e9s p\u00e9dagogiques des enseignants du primaire de la CEB de Zorgho au Burkina Faso\r\nD\u00e9sir\u00e9 W. POUDIOUGO, \u00c9kou\u00e9 Adj\u00e9oda KPESSOU et Oumou DIALLO\r\nL'immigration transfrontali\u00e8re des femmes au Burkina Faso\r\nBonayi Hubert DABIR\u00c9 et Bilampoa GNOUMOU THIOMBIABO\r\nContr\u00f4le per\u00e7u de la situation, ma\u00eetrise des \u00e9motions n\u00e9gatives et prise de risque en situation de travail chez les agents de terrain du secteur \u00e9lectrique au Cameroun\r\nLarissa CHEKOUTOUO KAHAKE DE DOUME, Germain Fabrice MENYE NGA et Joseph DIEUBOUE\r\nD\u00e9centralisation et coh\u00e9sion sociale dans la commune de Fara (Burkina Faso) \u00a0\r\nDoumassomou Daniel NABIE\r\nLes soins de sant\u00e9 primaires \u00e0 l'\u00e8re de l'Intelligence artificielle et de la qu\u00eate de souverainet\u00e9 sanitaire en Afrique\r\nIssakha DIALLO","authors":["Alexis Clotaire Nemoiby Bassole"],"category_codes":["4000000","4010000","4010200"],"visuals":{"large":"https:\/\/images.epagine.fr\/011\/9782336590011_1_75.jpg","medium":"https:\/\/images.epagine.fr\/011\/9782336590011_1_m.jpg","thumbnail":"https:\/\/images.epagine.fr\/011\/9782336590011_1_v.jpg"},"orderable":true,"show_badge":true,"formatted_price":"25,00&nbsp;\u20ac","formatted_published_date":"22 janvier 2026","publisher_availability_label":"Sur commande","short_details":"Alexis Clotaire Nemoiby Bassole \u2014 \u00c9ditions L'Harmattan","translator":null,"weight":286,"page_count":240,"readership":null,"editor":"\u00c9ditions L'Harmattan","price":2500,"published_date":"2026-01-21T23:00:00.000000Z","support":"Grand format","publisher_availability":1,"stock":0,"editions":[],"url":"https:\/\/quaidesbrumes.com\/ouvrage\/9782336590011\/environnement-et-politique"},{"id":"9782343104140","title":"La gouvernance climatique au Cameroun ; sociologie d'une action publique internationale en contexte africain","description":"La multiplication des \u00e9v\u00e9nements climatiques extr\u00eames (s\u00e9cheresses, inondations) du fait de la hausse de la temp\u00e9rature mondiale a conduit les \u00c9tats de la plan\u00e8te \u00e0 mettre la question du changement climatique sur leur agenda politique. Le Cameroun n'en fait pas exception. Traiter de la gouvernance climatique au Cameroun conduit n\u00e9cessairement \u00e0 analyser comment se construit l'action publique de lutte contre le changement climatique au Cameroun. Elle appara\u00eet comme une confi guration d'action publique multi-niveaux.","authors":["Eugene Yves Kede"],"category_codes":["4000000","4010000"],"visuals":{"large":"https:\/\/images.epagine.fr\/140\/9782343104140_1_75.jpg","medium":"https:\/\/images.epagine.fr\/140\/9782343104140_1_m.jpg","thumbnail":"https:\/\/images.epagine.fr\/140\/9782343104140_1_v.jpg"},"orderable":true,"show_badge":true,"formatted_price":"24,50&nbsp;\u20ac","formatted_published_date":"20 avril 2017","publisher_availability_label":"Sur commande","short_details":"Eugene Yves Kede \u2014 \u00c9ditions L'Harmattan","translator":null,"weight":272,"page_count":222,"readership":null,"editor":"\u00c9ditions L'Harmattan","price":2450,"published_date":"2017-04-19T22:00:00.000000Z","support":"Grand format","publisher_availability":1,"stock":0,"editions":[],"url":"https:\/\/quaidesbrumes.com\/ouvrage\/9782343104140\/la-gouvernance-climatique-au-cameroun-sociologie-dune-action-publique-internationale-en-contexte-africain"}]}