{"data":[{"id":"9782919350025","title":"REVUE SCIENTIFIQUE BOURGOGNE-NATURE n.3 : les chirocephales ; crustac\u00e9s des eaux temporaires (d\u00e9cembre 2006)","description":null,"authors":["Revue Scientifique Bourgogne-Nature"],"category_codes":["4000000","4010000","4010300"],"visuals":{"large":"https:\/\/images.epagine.fr\/025\/9782919350025_1_75.jpg","medium":"https:\/\/images.epagine.fr\/025\/9782919350025_1_m.jpg","thumbnail":"https:\/\/images.epagine.fr\/025\/9782919350025_1_v.jpg"},"orderable":true,"show_badge":true,"formatted_price":"12,00&nbsp;\u20ac","formatted_published_date":"15 novembre 2006","publisher_availability_label":"Sur commande","short_details":"Revue Scientifique Bourgogne-Nature \u2014 Societe D'Histoire Naturelle D'Autun","translator":null,"weight":171,"page_count":84,"readership":null,"editor":"Societe D'Histoire Naturelle D'Autun","price":1200,"published_date":"2006-11-14T23:00:00.000000Z","support":"Revue","publisher_availability":1,"stock":0,"editions":[],"url":"https:\/\/quaidesbrumes.com\/ouvrage\/9782919350025\/revue-scientifique-bourgogne-nature-n3-les-chirocephales-crustaces-des-eaux-temporaires-decembre-2006"},{"id":"9782919350032","title":"REVUE SCIENTIFIQUE BOURGOGNE-NATURE n.4 : le brochet ; menaces : ses fray\u00e8res disparaissent juin 2007)","description":null,"authors":["Revue Scientifique Bourgogne-Nature"],"category_codes":["4000000","4010000","4010300"],"visuals":{"large":"https:\/\/images.epagine.fr\/032\/9782919350032_1_75.jpg","medium":"https:\/\/images.epagine.fr\/032\/9782919350032_1_m.jpg","thumbnail":"https:\/\/images.epagine.fr\/032\/9782919350032_1_v.jpg"},"orderable":true,"show_badge":true,"formatted_price":"12,00&nbsp;\u20ac","formatted_published_date":"7 juin 2010","publisher_availability_label":"Sur commande","short_details":"Revue Scientifique Bourgogne-Nature \u2014 Societe D'Histoire Naturelle D'Autun","translator":null,"weight":198,"page_count":96,"readership":null,"editor":"Societe D'Histoire Naturelle D'Autun","price":1200,"published_date":"2010-06-06T22:00:00.000000Z","support":"Revue","publisher_availability":1,"stock":0,"editions":[],"url":"https:\/\/quaidesbrumes.com\/ouvrage\/9782919350032\/revue-scientifique-bourgogne-nature-n4-le-brochet-menaces-ses-frayeres-disparaissent-juin-2007"},{"id":"9782919350049","title":"REVUE SCIENTIFIQUE BOURGOGNE-NATURE n.5 : les insectes ; de l'inventaire \u00e0 la gestion (d\u00e9cembre 2007)","description":null,"authors":["Revue Scientifique Bourgogne-Nature"],"category_codes":["4000000","4010000","4010300"],"visuals":{"large":"https:\/\/images.epagine.fr\/049\/9782919350049_1_75.jpg","medium":"https:\/\/images.epagine.fr\/049\/9782919350049_1_m.jpg","thumbnail":"https:\/\/images.epagine.fr\/049\/9782919350049_1_v.jpg"},"orderable":true,"show_badge":true,"formatted_price":"12,00&nbsp;\u20ac","formatted_published_date":"7 juillet 2010","publisher_availability_label":"Sur commande","short_details":"Revue Scientifique Bourgogne-Nature \u2014 Societe D'Histoire Naturelle D'Autun","translator":null,"weight":370,"page_count":192,"readership":null,"editor":"Societe D'Histoire Naturelle D'Autun","price":1200,"published_date":"2010-07-06T22:00:00.000000Z","support":"Revue","publisher_availability":1,"stock":0,"editions":[],"url":"https:\/\/quaidesbrumes.com\/ouvrage\/9782919350049\/revue-scientifique-bourgogne-nature-n5-les-insectes-de-linventaire-a-la-gestion-decembre-2007"},{"id":"9782919350056","title":"REVUE SCIENTIFIQUE BOURGOGNE-NATURE n.6 : les amphipodes ; biologie, \u00e9cophysiologie (ao\u00fbt 2008)","description":null,"authors":["Revue Scientifique Bourgogne-Nature"],"category_codes":["4000000","4010000","4010300"],"visuals":{"large":"https:\/\/images.epagine.fr\/056\/9782919350056_1_75.jpg","medium":"https:\/\/images.epagine.fr\/056\/9782919350056_1_m.jpg","thumbnail":"https:\/\/images.epagine.fr\/056\/9782919350056_1_v.jpg"},"orderable":true,"show_badge":true,"formatted_price":"12,00&nbsp;\u20ac","formatted_published_date":"16 ao\u00fbt 2010","publisher_availability_label":"Sur commande","short_details":"Revue Scientifique Bourgogne-Nature \u2014 Societe D'Histoire Naturelle D'Autun","translator":null,"weight":184,"page_count":88,"readership":null,"editor":"Societe D'Histoire Naturelle D'Autun","price":1200,"published_date":"2010-08-15T22:00:00.000000Z","support":"Revue","publisher_availability":1,"stock":0,"editions":[],"url":"https:\/\/quaidesbrumes.com\/ouvrage\/9782919350056\/revue-scientifique-bourgogne-nature-n6-les-amphipodes-biologie-ecophysiologie-aout-2008"},{"id":"9782919350063","title":"REVUE SCIENTIFIQUE BOURGOGNE-NATURE n.7 : les Myxomyc\u00e8tes ; un monde \u00e0 part (\u00e9dition 2009)","description":null,"authors":["Revue Scientifique Bourgogne-Nature"],"category_codes":["4000000","4010000","4010300"],"visuals":{"large":"https:\/\/images.epagine.fr\/063\/9782919350063_1_75.jpg","medium":"https:\/\/images.epagine.fr\/063\/9782919350063_1_m.jpg","thumbnail":"https:\/\/images.epagine.fr\/063\/9782919350063_1_v.jpg"},"orderable":true,"show_badge":true,"formatted_price":"12,00&nbsp;\u20ac","formatted_published_date":"9 avril 2010","publisher_availability_label":"Sur commande","short_details":"Revue Scientifique Bourgogne-Nature \u2014 Societe D'Histoire Naturelle D'Autun","translator":null,"weight":229,"page_count":110,"readership":null,"editor":"Societe D'Histoire Naturelle D'Autun","price":1200,"published_date":"2010-04-08T22:00:00.000000Z","support":"Revue","publisher_availability":1,"stock":0,"editions":[],"url":"https:\/\/quaidesbrumes.com\/ouvrage\/9782919350063\/revue-scientifique-bourgogne-nature-n7-les-myxomycetes-un-monde-a-part-edition-2009"},{"id":"9782919350070","title":"REVUE SCIENTIFIQUE BOURGOGNE-NATURE n.8 : les vert\u00e9br\u00e9s ; \u00e9tat des lieux, \u00e9tudes et strat\u00e9gies de conservation (\u00e9dition 2009)","description":null,"authors":["Revue Scientifique Bourgogne-Nature"],"category_codes":["4000000","4010000","4010300"],"visuals":{"large":"https:\/\/images.epagine.fr\/070\/9782919350070_1_75.jpg","medium":"https:\/\/images.epagine.fr\/070\/9782919350070_1_m.jpg","thumbnail":"https:\/\/images.epagine.fr\/070\/9782919350070_1_v.jpg"},"orderable":true,"show_badge":true,"formatted_price":"12,00&nbsp;\u20ac","formatted_published_date":"16 novembre 2009","publisher_availability_label":"Sur commande","short_details":"Revue Scientifique Bourgogne-Nature \u2014 Societe D'Histoire Naturelle D'Autun","translator":null,"weight":460,"page_count":240,"readership":null,"editor":"Societe D'Histoire Naturelle D'Autun","price":1200,"published_date":"2009-11-15T23:00:00.000000Z","support":"Revue","publisher_availability":1,"stock":0,"editions":[],"url":"https:\/\/quaidesbrumes.com\/ouvrage\/9782919350070\/revue-scientifique-bourgogne-nature-n8-les-vertebres-etat-des-lieux-etudes-et-strategies-de-conservation-edition-2009"},{"id":"9782919350087","title":"REVUE SCIENTIFIQUE BOURGOGNE-NATURE n.9 : invert\u00e9br\u00e9s aquatiques ; esp\u00e8ces patrimoniales, ordinaires et invasives (\u00e9dition 2009)","description":null,"authors":["Revue Scientifique Bourgogne-Nature"],"category_codes":["4000000","4010000","4010300"],"visuals":{"large":"https:\/\/images.epagine.fr\/087\/9782919350087_1_75.jpg","medium":"https:\/\/images.epagine.fr\/087\/9782919350087_1_m.jpg","thumbnail":"https:\/\/images.epagine.fr\/087\/9782919350087_1_v.jpg"},"orderable":true,"show_badge":true,"formatted_price":"24,00&nbsp;\u20ac","formatted_published_date":"15 juin 2010","publisher_availability_label":"Sur commande","short_details":"Revue Scientifique Bourgogne-Nature \u2014 Societe D'Histoire Naturelle D'Autun","translator":null,"weight":510,"page_count":255,"readership":null,"editor":"Societe D'Histoire Naturelle D'Autun","price":2400,"published_date":"2010-06-14T22:00:00.000000Z","support":"Revue","publisher_availability":1,"stock":0,"editions":[],"url":"https:\/\/quaidesbrumes.com\/ouvrage\/9782919350087\/revue-scientifique-bourgogne-nature-n9-invertebres-aquatiques-especes-patrimoniales-ordinaires-et-invasives-edition-2009"},{"id":"9782919350094","title":"REVUE SCIENTIFIQUE BOURGOGNE-NATURE n.1 : les chauves-souris ; plan r\u00e9gional d'actions ; actes des 2e rencontres chiropt\u00e8res grand est (\u00e9dition 2006)","description":null,"authors":["Revue Scientifique Bourgogne-Nature"],"category_codes":["4000000","4010000","4010300"],"visuals":{"large":"https:\/\/images.epagine.fr\/094\/9782919350094_1_75.jpg","medium":"https:\/\/images.epagine.fr\/094\/9782919350094_1_m.jpg","thumbnail":"https:\/\/images.epagine.fr\/094\/9782919350094_1_v.jpg"},"orderable":true,"show_badge":true,"formatted_price":"15,00&nbsp;\u20ac","formatted_published_date":"15 mars 2006","publisher_availability_label":"Sur commande","short_details":"Revue Scientifique Bourgogne-Nature \u2014 Societe D'Histoire Naturelle D'Autun","translator":null,"weight":316,"page_count":160,"readership":null,"editor":"Societe D'Histoire Naturelle D'Autun","price":1500,"published_date":"2006-03-14T23:00:00.000000Z","support":"Revue","publisher_availability":1,"stock":0,"editions":[],"url":"https:\/\/quaidesbrumes.com\/ouvrage\/9782919350094\/revue-scientifique-bourgogne-nature-n1-les-chauves-souris-plan-regional-dactions-actes-des-2e-rencontres-chiropteres-grand-est-edition-2006"},{"id":"9782919350100","title":"REVUE SCIENTIFIQUE BOURGOGNE-NATURE n.2 : les champignons en Morvan ; toxicologie ; \u00e9cologie","description":null,"authors":["Revue Scientifique Bourgogne-Nature"],"category_codes":["4000000","4010000","4010300"],"visuals":{"large":"https:\/\/images.epagine.fr\/100\/9782919350100_1_75.jpg","medium":"https:\/\/images.epagine.fr\/100\/9782919350100_1_m.jpg","thumbnail":"https:\/\/images.epagine.fr\/100\/9782919350100_1_v.jpg"},"orderable":true,"show_badge":true,"formatted_price":"15,00&nbsp;\u20ac","formatted_published_date":"15 septembre 2006","publisher_availability_label":"Sur commande","short_details":"Revue Scientifique Bourgogne-Nature \u2014 Societe D'Histoire Naturelle D'Autun","translator":null,"weight":296,"page_count":128,"readership":null,"editor":"Societe D'Histoire Naturelle D'Autun","price":1500,"published_date":"2006-09-14T22:00:00.000000Z","support":"Revue","publisher_availability":1,"stock":0,"editions":[],"url":"https:\/\/quaidesbrumes.com\/ouvrage\/9782919350100\/revue-scientifique-bourgogne-nature-n2-les-champignons-en-morvan-toxicologie-ecologie"},{"id":"9782919350117","title":"REVUE SCIENTIFIQUE BOURGOGNE-NATURE n.3 : la for\u00eat morvandelle ; actualit\u00e9 des recherches","description":null,"authors":["Revue Scientifique Bourgogne-Nature"],"category_codes":["4000000","4010000","4010300"],"visuals":{"large":"https:\/\/images.epagine.fr\/117\/9782919350117_1_75.jpg","medium":"https:\/\/images.epagine.fr\/117\/9782919350117_1_m.jpg","thumbnail":"https:\/\/images.epagine.fr\/117\/9782919350117_1_v.jpg"},"orderable":true,"show_badge":true,"formatted_price":"15,00&nbsp;\u20ac","formatted_published_date":"15 septembre 2008","publisher_availability_label":"Sur commande","short_details":"Revue Scientifique Bourgogne-Nature \u2014 Societe D'Histoire Naturelle D'Autun","translator":null,"weight":276,"page_count":132,"readership":null,"editor":"Societe D'Histoire Naturelle D'Autun","price":1500,"published_date":"2008-09-14T22:00:00.000000Z","support":"Revue","publisher_availability":1,"stock":0,"editions":[],"url":"https:\/\/quaidesbrumes.com\/ouvrage\/9782919350117\/revue-scientifique-bourgogne-nature-n3-la-foret-morvandelle-actualite-des-recherches"},{"id":"9782919350124","title":"REVUE SCIENTIFIQUE BOURGOGNE-NATURE n.4 : d\u00e9couverte des arbres remarquables ; Morvan Sa\u00f4ne-et-Loire (avril 2007)","description":null,"authors":["Revue Scientifique Bourgogne-Nature"],"category_codes":["4000000","4010000","4010300"],"visuals":{"large":"https:\/\/images.epagine.fr\/124\/9782919350124_1_75.jpg","medium":"https:\/\/images.epagine.fr\/124\/9782919350124_1_m.jpg","thumbnail":"https:\/\/images.epagine.fr\/124\/9782919350124_1_v.jpg"},"orderable":true,"show_badge":true,"formatted_price":"15,00&nbsp;\u20ac","formatted_published_date":"16 avril 2007","publisher_availability_label":"Sur commande","short_details":"Revue Scientifique Bourgogne-Nature \u2014 Societe D'Histoire Naturelle D'Autun","translator":null,"weight":481,"page_count":192,"readership":null,"editor":"Societe D'Histoire Naturelle D'Autun","price":1500,"published_date":"2007-04-15T22:00:00.000000Z","support":"Revue","publisher_availability":1,"stock":0,"editions":[],"url":"https:\/\/quaidesbrumes.com\/ouvrage\/9782919350124\/revue-scientifique-bourgogne-nature-n4-decouverte-des-arbres-remarquables-morvan-saone-et-loire-avril-2007"},{"id":"9782919350131","title":"REVUE SCIENTIFIQUE BOURGOGNE-NATURE n.5 : catalogue de la flore de la Ni\u00e8vre","description":null,"authors":["Revue Scientifique Bourgogne-Nature"],"category_codes":["4000000","4010000","4010300"],"visuals":{"large":"https:\/\/images.epagine.fr\/131\/9782919350131_1_75.jpg","medium":"https:\/\/images.epagine.fr\/131\/9782919350131_1_m.jpg","thumbnail":"https:\/\/images.epagine.fr\/131\/9782919350131_1_v.jpg"},"orderable":true,"show_badge":true,"formatted_price":"15,00&nbsp;\u20ac","formatted_published_date":"15 juin 2008","publisher_availability_label":"Sur commande","short_details":"Revue Scientifique Bourgogne-Nature \u2014 Societe D'Histoire Naturelle D'Autun","translator":null,"weight":288,"page_count":144,"readership":null,"editor":"Societe D'Histoire Naturelle D'Autun","price":1500,"published_date":"2008-06-14T22:00:00.000000Z","support":"Revue","publisher_availability":1,"stock":0,"editions":[],"url":"https:\/\/quaidesbrumes.com\/ouvrage\/9782919350131\/revue-scientifique-bourgogne-nature-n5-catalogue-de-la-flore-de-la-nievre"},{"id":"9782919350148","title":"REVUE SCIENTIFIQUE BOURGOGNE-NATURE n.6 : la cartographie du Morvan","description":null,"authors":["Revue Scientifique Bourgogne-Nature"],"category_codes":["4000000","4010000","4010300"],"visuals":{"large":"https:\/\/images.epagine.fr\/148\/9782919350148_1_75.jpg","medium":"https:\/\/images.epagine.fr\/148\/9782919350148_1_m.jpg","thumbnail":"https:\/\/images.epagine.fr\/148\/9782919350148_1_v.jpg"},"orderable":true,"show_badge":true,"formatted_price":"15,00&nbsp;\u20ac","formatted_published_date":"15 septembre 2008","publisher_availability_label":"Sur commande","short_details":"Revue Scientifique Bourgogne-Nature \u2014 Societe D'Histoire Naturelle D'Autun","translator":null,"weight":416,"page_count":207,"readership":null,"editor":"Societe D'Histoire Naturelle D'Autun","price":1500,"published_date":"2008-09-14T22:00:00.000000Z","support":"Revue","publisher_availability":1,"stock":0,"editions":[],"url":"https:\/\/quaidesbrumes.com\/ouvrage\/9782919350148\/revue-scientifique-bourgogne-nature-n6-la-cartographie-du-morvan"},{"id":"9782919350186","title":"REVUE SCIENTIFIQUE BOURGOGNE-NATURE n.12 : les lichens ; une symbiose exemplaire","description":"Une usine devenue friche industrielle aux portes d'Autun.\r\nReprise de fouilles pal\u00e9ontologiques dans un g\u00eete bourguignon c\u00e9l\u00e8bre : les \"schistes bitumineux\" de l'Autunien de Muse (Bassin d'Autun) Bilan 2010 et perspectives.\r\nLes lichens : une symbiose exemplaire.\r\nAfflux de Buses pattues (Buteo lagopus) en Bourgogne durant l'hiver 2010-2011.\r\nPremi\u00e8re preuve de nidification du Grand corbeau Corvus corax en Bourgogne.\r\nLe \"Chant\" du Cricri.\r\nLe Petit Paon de nuit.\r\nPseudorasbora parva.\r\nRenard en ville.\r\nLa Mantispe.\r\nRen\u00e9 Braque, talentueux g\u00e9ographe-phytosociologue et excellent p\u00e9dagogue.\r\nD\u00e9couverte d'une nouvelle station de Gag\u00e9e des pr\u00e9s (Gagea pratensis) dans la Ni\u00e8vre.\r\nUn marais alcalin original \u00e0 Drosera rotundifolia au coeur du Ch\u00e2tillonnais (Minot - C\u00f4te-d'Or).\r\nPollution : une Hydre en d\u00e9sespoir de son H\u00e9racl\u00e8s.\r\nQuel est le statut de l'Ambroisie \u00e0 feuilles d'armoise en C\u00f4te-d'Or ?\r\nTrois esp\u00e8ces d'insectes inf\u00e9od\u00e9es au Robinier faux-acacia et nouvelles pour la Bourgogne : Parectopa robiniella, Obolodiplosis robiniae, Platygaster robiniae.\r\nLe Murin de Brandt revu en Bourgogne apr\u00e8s 51 ans d'absence.\r\nD\u00e9couverte en Bourgogne de deux ammonites sin\u00e9muriennes remarquables du genre Angulaticeras, (Schlotheimiidae). Implications taxonomiques et pal\u00e9obiog\u00e9ographiques.","authors":["Revue Scientifique Bourgogne-Nature"],"category_codes":["4000000","4010000","4010300"],"visuals":{"large":"https:\/\/images.epagine.fr\/186\/9782919350186_1_75.jpg","medium":"https:\/\/images.epagine.fr\/186\/9782919350186_1_m.jpg","thumbnail":"https:\/\/images.epagine.fr\/186\/9782919350186_1_v.jpg"},"orderable":true,"show_badge":true,"formatted_price":"12,00&nbsp;\u20ac","formatted_published_date":"15 juin 2011","publisher_availability_label":"Sur commande","short_details":"Revue Scientifique Bourgogne-Nature \u2014 Societe D'Histoire Naturelle D'Autun","translator":null,"weight":260,"page_count":220,"readership":null,"editor":"Societe D'Histoire Naturelle D'Autun","price":1200,"published_date":"2011-06-14T22:00:00.000000Z","support":"Revue","publisher_availability":1,"stock":0,"editions":[],"url":"https:\/\/quaidesbrumes.com\/ouvrage\/9782919350186\/revue-scientifique-bourgogne-nature-n12-les-lichens-une-symbiose-exemplaire"},{"id":"9782843874604","title":"Futuribles n.447 : soci\u00e9t\u00e9 post-carbone : une strategie radicale","description":"\u00c9ditorial\r\nLa transition \u00e9cologique, un mythe ?\r\nHugues de Jouvenel\r\n\r\nBifurcation \u00e9cologique et \u00e9conomie d\u00e9sirable\r\nPierre Veltz \r\n\r\nLa transition \u00e9nerg\u00e9tique \u00e0 l'heure des choix\r\nPierre Papon \r\n\r\nStrat\u00e9gies d'innovation des entreprises leaders. Perspectives 2030, horizon 2050\r\nMarc Giget\r\n\r\nLa p\u00eache et les \u00e9cosyst\u00e8mes marins : deux sc\u00e9narios\r\nDidier Gascuel\r\n\r\nAquaculture et biodiversit\u00e9 \u00e0 2050\r\nPhilippe Goulletquer et Denis Lacroix \r\n\r\nRep\u00e8res\r\nTrajectoires g\u00e9o\u00e9conomiques et g\u00e9opolitiques \u00e0 l'horizon 2030. Actualisation des sc\u00e9narios et des messages clefs de Futuribles \r\nMarie S\u00e9gur \r\n\r\nPour une prospective post-Brexit\r\nDerek Martin et Jean-Fran\u00e7ois Drevet\r\n\r\nChronique europ\u00e9enne\r\n Les Europ\u00e9ens orphelins d'Angela Merkel ?\r\nJean-Fran\u00e7ois Drevet\r\n\r\nActualit\u00e9s prospectives\r\n- Les c\u00e2bles sous-marins, un enjeu g\u00e9ostrat\u00e9gique\r\n- La \u00ab grande d\u00e9mission \u00bb : crise de l'emploi post-pand\u00e9mie \r\n- Vers plus de mises sous tutelle des collectivit\u00e9s ? \r\n- Acc\u00e9l\u00e9ration de la comp\u00e9tition mondiale pour la voiture autonome \r\n- L'INSEE change de d\u00e9finition du monde rural.\r\n\r\nLu, vu, entendu\r\n- Philippe Grandcolas, Le Sourire du pangolin. Ou comment mesurer la puissance de la biodiversit\u00e9\r\n- Coralie Lemke, Ma Sant\u00e9, mes donn\u00e9es. Comment nous semons nos informations les plus pr\u00e9cieuses et pourquoi elles sont si convoit\u00e9es\r\n- Colin Kahl et Thomas Wright, Aftershocks: Pandemic Politics and the End of the Old International Order \r\n- Aline Richard Zivohlava, La Saga CRISPR. La r\u00e9volution g\u00e9n\u00e9tique qui va changer notre esp\u00e8ce\r\n- \u00c9tienne Cunge, Symphonie atomique\r\n- Bruno Latour et Nikolaj Schultz, M\u00e9mo sur la nouvelle classe \u00e9cologique. Comment faire \u00e9merger une classe \u00e9cologique consciente et fi\u00e8re d'elle-m\u00eame \r\n- Elliot Ackerman et James Stavridis, 2034: A Novel of the Next World War.\r\n\r\nAbstracts","authors":["Futuribles"],"category_codes":["4000000","4010000","4010200","4010207"],"visuals":{"large":"https:\/\/images.epagine.fr\/604\/9782843874604_1_75.jpg","medium":"https:\/\/images.epagine.fr\/604\/9782843874604_1_m.jpg","thumbnail":"https:\/\/images.epagine.fr\/604\/9782843874604_1_v.jpg"},"orderable":true,"show_badge":true,"formatted_price":"22,00&nbsp;\u20ac","formatted_published_date":"1er mars 2022","publisher_availability_label":"Sur commande","short_details":"Futuribles \u2014 Futuribles","translator":null,"weight":255,"page_count":136,"readership":null,"editor":"Futuribles","price":2200,"published_date":"2022-02-28T23:00:00.000000Z","support":"Revue","publisher_availability":1,"stock":0,"editions":[],"url":"https:\/\/quaidesbrumes.com\/ouvrage\/9782843874604\/futuribles-n447-societe-post-carbone-une-strategie-radicale"},{"id":"9782843983139","title":"La for\u00eat primordiale","description":"Il est un seuil parfois plus invisible qu'une lisi\u00e8re, peut-\u00eatre le seuil le plus int\u00e9rieur de toute for\u00eat : celui o\u00f9 dispara\u00eet une nature encore famili\u00e8re, et ou commence celle qui rev\u00eat la dimension de l'Ailleurs. C'est lors de ce franchissement que tr\u00e8s spontan\u00e9ment, nous venons \u00e0 dire \u00ab oui ! c'est l\u00e0 ! \u00bb.\r\nD\u00e9sormais notre voix devient plus basse, nos \u00e9changes plus laconiques jusqu'\u00e0 se dissimuler dans le silence de l'\u00e9coute.\r\nSi nous entrons dans cette vieille for\u00eat naturelle seulement avec un regard, il se peut qu'\u00e0 l'inverse nous en ressortions avec une vision.\r\nEffectivement en ces terres perdues, nous pouvons d\u00e9passer la seule disposition \u00e0 voir pour nous retrouver dans cette impression d'entendre int\u00e9rieurement ce que nous voyons ! Notre regard devient habit\u00e9 par tout ce qui vit. Il n y a pas que notre vue ; tous nos sens s'int\u00e9riorisent, se recueillent pareillement. La r\u00e9sonance du lieu incise nos perceptions. D\u00e8s lors, nous sommes troubl\u00e9s de d\u00e9couvrir qu'un monde aussi \u00e9tranger \u00e0 nous-m\u00eames puisse autant vibrer dans l'inconnu de notre intimit\u00e9 ! Une sensation plus vive d'exister nous envahit graduellement et nous d\u00e9borde. L'impression de reprendre connaissance nous conquiert. C'est comme si l'\u00e9veil extirpait de nous un oubli qui outrepasse la seule m\u00e9moire de notre existence...\r\nPlus tard, nous viendra l'envie de partager cette exp\u00e9rience comme pour caut\u00e9riser l'exil qu'un tel accroissement de sensibilit\u00e9 a inopin\u00e9ment engendr\u00e9, mais voil\u00e0, les mots nous manquent pour formuler un tel v\u00e9cu. Nous ne sommes pas habitu\u00e9s \u00e0 utiliser notre langage pour t\u00e9moigner de tels instants, et quand bien m\u00eame puissions-nous y parvenir, n'avons nous pas l'impression d\u00e9risoire de d\u00e9crire \u00e0 autrui une symphonie qu'il n'a pas entendu ? Oui, les mots ne semblent \u00eatre que des assemblages de lettres quand nous voulons communiquer l'essence premi\u00e8re du monde !\r\nAinsi, peut-\u00eatre nos \u00e9veils \u00e0 l'essentiel se d\u00e9robent-ils aussi vite de notre vie que nos r\u00eaves au sortir du sommeil, sans doute parce que nous restons faibles pour les reconna\u00eetre ; souvent parce que nous nous sentons impuissants \u00e0 les formuler, et plus encore parce que nous ne savons pas inventer un art de vivre pour ne pas perdre \u00ab l'\u00e2me de ce que nous avons v\u00e9cu \u00bb.\r\nComment d\u00e8s lors revenir vers le monde des machines et de l'humanit\u00e9 machinale en communiquant \u00e0 nos semblables ce choc intime avec l'univers sauvage ?\r\nPeut-\u00eatre, l'enjeu inconsciemment pressenti de cette d\u00e9couverte conditionnera ce que nous nous autorisons \u00e0 vivre et m\u00fbrir r\u00e9ellement.\r\nNotre exp\u00e9rience sera toujours \u00e0 la mesure de nous-m\u00eames, de notre sensibilit\u00e9, de notre force vitale, de notre courage...","authors":["Bernard Boisson"],"category_codes":["4000000","4010000","4010300","4010302"],"visuals":{"large":"https:\/\/images.epagine.fr\/139\/9782843983139_1_75.jpg","medium":"https:\/\/images.epagine.fr\/139\/9782843983139_1_m.jpg","thumbnail":"https:\/\/images.epagine.fr\/139\/9782843983139_1_v.jpg"},"orderable":true,"show_badge":true,"formatted_price":"19,00&nbsp;\u20ac","formatted_published_date":"4 novembre 2008","publisher_availability_label":"Sur commande","short_details":"Bernard Boisson \u2014 Apog\u00e9e","translator":null,"weight":1704,"page_count":194,"readership":null,"editor":"Apog\u00e9e","price":1900,"published_date":"2008-11-03T23:00:00.000000Z","support":"Grand format","publisher_availability":1,"stock":0,"editions":[],"url":"https:\/\/quaidesbrumes.com\/ouvrage\/9782843983139\/la-foret-primordiale"},{"id":"9782330006211","title":"CANOPEE n.10 : habiter po\u00e9tiquement le monde","description":"\u00abCe n'est pas d'en savoir beaucoup qui rassasie et satisfait l'\u00e2me, mais de sentir et de go\u00fbter les choses int\u00e9rieurement.\u00bb Ignace de Loyola Alors que la relation des hommes \u00e0 la mondialisation ne semble g\u00e9n\u00e9rer que de l'anxi\u00e9t\u00e9, \u00abhabiter po\u00e9tiquement le monde\u00bb - comme disait le po\u00e8te Fr\u00e9d\u00e9ric H\u00f6lderlin - nous para\u00eet aujourd'hui plus que n\u00e9cessaire au r\u00e9enchantement du monde. Po\u00e9sie et \u00e9cologie seraient aujourd'hui les voies possibles pour retrouver le chemin de la d\u00e9mocratie et de la spiritualit\u00e9.\r\nHabiter po\u00e9tiquement le monde, c'est d'abord en finir avec un regard dominateur, ne plus r\u00e9pondre \u00e0 notre app\u00e9tit insatiable et pr\u00e9dateur. C'est au contraire se couler dans le monde, vivre en harmonie et en empathie avec autrui, les animaux et la nature, ce qui d\u00e9termine toute une fa\u00e7on de se comporter. C'est \u00e9galement prendre le temps de regarder, et s'\u00e9merveiller du quotidien et des choses les plus humbles, m\u00eame celles qui paraissent banales. Rep\u00e9rer la beaut\u00e9, l\u00e0 o\u00f9 on s'y attend le moins. C'est aussi tout m\u00e9langer, appr\u00e9cier la diversit\u00e9, contraire de la monochromie, ne pas s'enfermer dans des cases, des dogmes, savoir prendre des chemins de traverse, \u00eatre rebelles, transgresser des codes et briser les carcans id\u00e9ologiques.\r\nHabiter po\u00e9tiquement le monde, c'est donc bien une question d'attitude : avoir un regard humaniste, tendre, artistique et amoureux sur le monde.\r\nDans ce num\u00e9ro, de nombreux \u00abpo\u00e8tes\u00bb nous disent leurs intuitions, leurs \u00e9motions, mais aussi leurs actions. Car po\u00e9sie et action ne sont pas incompatibles, et tous ceux que nous invitons dans nos pages ont d\u00e9cid\u00e9 de faire de leur vie une aventure po\u00e9tique.\r\nNous donnons la parole, entre autres, au philosophe Fr\u00e9d\u00e9ric Lenoir, au botaniste Francis Hall\u00e9, \u00e0 la r\u00e9alisatrice Agn\u00e8s Varda, \u00e0 Fr\u00e9d\u00e9rique Pichard, qui parle avec les dauphins, \u00e0 Patrice Van Eersel, qui lui dialogue avec les anges. La promeneuse po\u00e8te Aline Le Grand nous ouvre les portes de l'art et du sacr\u00e9 en Bretagne, et le charismatique Grand Corps Malade fait de sa vie une oeuvre d'art \u00e0 travers le slam. Ce sont aussi de belles rencontres entre des femmes du Benin et une association fran\u00e7aise d\u00e9cid\u00e9e \u00e0 p\u00e9renniser l'art de l'indigo ou avec Christian Bobin qui nous accueille dans sa maison au fond des bois.\r\nCe sont des artistes, photographes, architectes qui expriment leur foi par ce langage universel qui court-circuite le mental pour toucher directement le coeur.","authors":["Collectif"],"category_codes":["4000000","4010000","4010300"],"visuals":{"large":"https:\/\/images.epagine.fr\/211\/9782330006211_1_75.jpg","medium":"https:\/\/images.epagine.fr\/211\/9782330006211_1_m.jpg","thumbnail":"https:\/\/images.epagine.fr\/211\/9782330006211_1_v.jpg"},"orderable":true,"show_badge":true,"formatted_price":"10,00&nbsp;\u20ac","formatted_published_date":"5 avril 2012","publisher_availability_label":"Sur commande","short_details":"Collectif \u2014 Actes Sud","translator":null,"weight":623,"page_count":164,"readership":null,"editor":"Actes Sud","price":1000,"published_date":"2012-04-04T22:00:00.000000Z","support":"Revue","publisher_availability":1,"stock":0,"editions":[],"url":"https:\/\/quaidesbrumes.com\/ouvrage\/9782330006211\/canopee-n10-habiter-poetiquement-le-monde"},{"id":"9782847883558","title":"Trac\u00e9s n.22 : 2012 : \u00e9cologiques ; enqu\u00eates sur les milieux humains","description":"Et si la dynamique des faits sociaux relevait moins d'une logique interne \u00e0 l'organisation des hommes entre eux qu'\u00e0 un ensemble d'interactions entre ces derniers et leur milieu ? Voil\u00e0 l'hypoth\u00e8se g\u00e9n\u00e9rale que les textes r\u00e9unis dans ce num\u00e9ro de Trac\u00e9s cherchent \u00e0 explorer. L'\u00e9laboration th\u00e9orique d'une science des milieux humains, telle qu'elle a pu \u00eatre propos\u00e9e par G. Bateson, a en effet fourni une impulsion \u00e0 un ensemble de recherches empiriques qui prennent le parti de suivre les faits sociaux dans leurs multiples relations aux objets, naturels et techniques, qui les entourent. Ces derniers cessent alors d'appara\u00eetre comme un simple d\u00e9cor au sein duquel le social prendrait place, pour participer pleinement \u00e0 la construction de l'action collective, \u00e0 l'\u00e9laboration d'enjeux normatifs et politiques, ou plus simplement \u00e0 la formation de l'exp\u00e9rience. \r\nLes textes qui composent ce num\u00e9ro mettent en oeuvre cette approche dans le cadre de disciplines vari\u00e9es, notamment l'anthropologie (T. Ingold, B. Gille), l'histoire (D. Davis), la philosophie (C. Larr\u00e8re), ou encore la biomim\u00e9tique (J. Becker), mais aussi en mobilisant diverses \u00e9chelles et objets d'analyse : l'environnement naturel, bien s\u00fbr (L. Gar\u00e7on et A. Navarro), la ville (A. Pecqueux), l'espace domestique (N. Lavalle). L'inscription du social dans des milieux appara\u00eet alors bien souvent comme un objet de n\u00e9gociations, de d\u00e9saccords, comme l'occasion de red\u00e9finir les principes du lien social, et cela \u00e0 l'\u00e9chelle d'une ville (M. Tironi) ou d'une formation \u00e9conomique (P. Charbonnier). Enfin, ce num\u00e9ro donne la parole \u00e0 ceux pour qui les milieux sont d'abord une mati\u00e8re \u00e0 travailler, comme les urbanistes (N. Michelin) ou certains artistes (A. Linke).\r\nPar del\u00e0 la multiplicit\u00e9 des perspectives et des objets envisag\u00e9s, \u00c9cologiques met en question la valeur heuristique des approches en termes de milieu. En effet, celles-ci provoquent une attention renouvel\u00e9e aux ph\u00e9nom\u00e8nes ordinairement pris en charge par les sciences humaines, elles en mobilisent de nouveaux, elles d\u00e9placent les fronti\u00e8res entre les cat\u00e9gories classiques et les disciplines qui forment ce paysage intellectuel. Sans pr\u00e9tendre tirer un bilan d\u00e9finitif de ces transformations, ce num\u00e9ro se propose donc de prendre nos rep\u00e8res dans ce nouvel espace.","authors":["Pierre Charbonnier","Nicolas Ingold"],"category_codes":["4000000","4010000","4010200"],"visuals":{"large":"https:\/\/images.epagine.fr\/558\/9782847883558_1_75.jpg","medium":"https:\/\/images.epagine.fr\/558\/9782847883558_1_m.jpg","thumbnail":"https:\/\/images.epagine.fr\/558\/9782847883558_1_v.jpg"},"orderable":true,"show_badge":true,"formatted_price":"15,00&nbsp;\u20ac","formatted_published_date":"17 mai 2012","publisher_availability_label":"Sur commande","short_details":"Pierre Charbonnier, Nicolas Ingold \u2014 Ens Lyon","translator":"NICOLAS INGOLD","weight":410,"page_count":252,"readership":null,"editor":"Ens Lyon","price":1500,"published_date":"2012-05-16T22:00:00.000000Z","support":"Revue","publisher_availability":1,"stock":0,"editions":[],"url":"https:\/\/quaidesbrumes.com\/ouvrage\/9782847883558\/traces-n22-2012-ecologiques-enquetes-sur-les-milieux-humains"},{"id":"9783347123663","title":"La flore de l'\u00eele de Hummock, \u00eeles Falkland","description":"Cette flore propose une description scientifique de pr\u00e8s de 80 esp\u00e8ces de plantes de l'\u00eele d'Hummock, mais aussi des anecdotes linguistiques, traditionnelles, m\u00e9dicinales et m\u00eames culinaires. Qu'elles soient end\u00e9miques, natives ou introduites, ces esp\u00e8ces composent les paysages atypiques et sauvages de l'archipel des Falkland (ou Malouines, comme on le trouve souvent dans la litt\u00e9rature fran\u00e7aise) balay\u00e9 par les 50i\u00e8mes Hurlants. Cet ouvrage met en valeur des \u00e9cosyst\u00e8mes uniques et fragiles \u00e0 travers le travail r\u00e9alis\u00e9 par des botanistes passionn\u00e9s, regroup\u00e9s autour de l'ONG \u00ab Antarctic Research Trust \u00bb. Il peut tout \u00e0 fait s'\u00e9largir \u00e0 l'ensemble du territoire des Falkland. \r\nUn tour d'horizon floristique et paysager qui est autant un guide d'identification qu'un guide poussant \u00e0 l'exploration des terres falklandaises.","authors":["Aliz\u00e9e Fouchard","Katharina Kreissig"],"category_codes":["4000000","4010000","4010400","4010405"],"visuals":{"large":"https:\/\/images.epagine.fr\/663\/9783347123663_1_75.jpg","medium":"https:\/\/images.epagine.fr\/663\/9783347123663_1_m.jpg","thumbnail":"https:\/\/images.epagine.fr\/663\/9783347123663_1_v.jpg"},"orderable":true,"show_badge":true,"formatted_price":"21,70&nbsp;\u20ac","formatted_published_date":"22 octobre 2020","publisher_availability_label":"Sur commande","short_details":"Aliz\u00e9e Fouchard, Katharina Kreissig \u2014 Tredition","translator":null,"weight":501,"page_count":130,"readership":null,"editor":"Tredition","price":2170,"published_date":"2020-10-21T22:00:00.000000Z","support":"Grand format","publisher_availability":1,"stock":0,"editions":["9783347123670"],"url":"https:\/\/quaidesbrumes.com\/ouvrage\/9783347123663\/la-flore-de-lile-de-hummock-iles-falkland"},{"id":"9782713229800","title":"Revue \u00e9tudes rurales n.211 : L'eau en Asie du Sud","description":"Ce num\u00e9ro d'\u00c9tudes rurales aborde la complexe question de l'eau en Asie du Sud, celle de sa gestion, de son acc\u00e8s dans un contexte doublement marqu\u00e9 par les crises environnementales et les effets du changement climatique. Il rassemble des contributions qui abordent la marchandisation de cette ressource, les politiques innovantes de gestion collective ou encore la concurrence entre particuliers, agriculteurs ou industriels","authors":["Etudes Rurales"],"category_codes":["4000000","4010000","4010200","4010204"],"visuals":{"large":"https:\/\/images.epagine.fr\/800\/9782713229800_1_75.jpg","medium":"https:\/\/images.epagine.fr\/800\/9782713229800_1_m.jpg","thumbnail":"https:\/\/images.epagine.fr\/800\/9782713229800_1_v.jpg"},"orderable":true,"show_badge":true,"formatted_price":"33,00&nbsp;\u20ac","formatted_published_date":"22 ao\u00fbt 2023","publisher_availability_label":"Sur commande","short_details":"Etudes Rurales \u2014 EHESS","translator":null,"weight":350,"page_count":190,"readership":null,"editor":"EHESS","price":3300,"published_date":"2023-08-21T22:00:00.000000Z","support":"Revue","publisher_availability":1,"stock":0,"editions":[],"url":"https:\/\/quaidesbrumes.com\/ouvrage\/9782713229800\/revue-etudes-rurales-n211-leau-en-asie-du-sud"},{"id":"9782356876980","title":"Lutter contre le gaspillage : r\u00e9forme ou r\u00e9volution ?","description":"Alors que la production de d\u00e9chets prend des proportions in\u00e9dites dans l'histoire de l'humanit\u00e9, le renforcement des politiques de pr\u00e9vention et de recyclage a r\u00e9activ\u00e9 l'id\u00e9e de lutte contre le gaspillage. En prenant appui sur la longue dur\u00e9e, montrant la relation \u00e9troite entre le gaspillage et la dynamique m\u00eame du capitalisme, il s'agit d'interroger la capacit\u00e9 de rupture des initiatives et des pratiques en plein essor - z\u00e9ro d\u00e9chet, repair caf\u00e9, glanage et r\u00e9cup\u00e9ration...\r\n- qui s'inscrivent dans cette lutte. Loin de faire l'unanimit\u00e9, la notion de gaspillage cristallise un antagonisme fondateur au sein de l'\u00e9cologie politique et des mouvements environnementaux proche de l'alternative \u00e9nonc\u00e9e par Andr\u00e9 Gorz d\u00e8s le milieu des ann\u00e9es 1970 : \u00ab r\u00e9forme ou r\u00e9volution ? \u00bb, accompagner ou refuser un mod\u00e8le de soci\u00e9t\u00e9 capitaliste fond\u00e9 sur le gaspillage ? Les contributions de chercheurs issus de disciplines diff\u00e9rentes (anthropologie, g\u00e9ographie, histoire, philosophie, sciences politiques, sociologie), sp\u00e9cialistes des questions de d\u00e9chets, de pollution et des mouvements environnementaux, les terrains d'enqu\u00eate contrast\u00e9s entre pays industrialis\u00e9s et pays dits du Sud o\u00f9 la sobri\u00e9t\u00e9 est moins un choix de mode de vie qu'une n\u00e9cessit\u00e9, et le t\u00e9moignage d'un des pionniers de la pr\u00e9vention des d\u00e9chets, permettent de r\u00e9examiner cette \u00ab seconde vie \u00bb de la notion de gaspillage. Et si la r\u00e9cup' dans les soci\u00e9t\u00e9s d'hyperconsommation servait de motif \u00e0 celle du mouvement social et donnait \u00e0 un mode de production les moyens de se red\u00e9ployer face \u00e0 la crise \u00e9cologique ?","authors":["Isabelle Hajec"],"category_codes":["4000000","4010000","4010200"],"visuals":{"large":"https:\/\/images.epagine.fr\/980\/9782356876980_1_75.jpg","medium":"https:\/\/images.epagine.fr\/980\/9782356876980_1_m.jpg","thumbnail":"https:\/\/images.epagine.fr\/980\/9782356876980_1_v.jpg"},"orderable":true,"show_badge":true,"formatted_price":"20,00&nbsp;\u20ac","formatted_published_date":"19 juin 2020","publisher_availability_label":"Sur commande","short_details":"Isabelle Hajec \u2014 Le Bord de l'eau","translator":null,"weight":296,"page_count":192,"readership":null,"editor":"Le Bord de l'eau","price":2000,"published_date":"2020-06-18T22:00:00.000000Z","support":"Revue","publisher_availability":1,"stock":0,"editions":[],"url":"https:\/\/quaidesbrumes.com\/ouvrage\/9782356876980\/lutter-contre-le-gaspillage-reforme-ou-revolution"},{"id":"9782742796557","title":"CANOPEE n.9 : la dynamique du vivant","description":"En 2003 na\u00eet la revue Canop\u00e9e, fruit d'une collaboration entre des hommes int\u00e9ress\u00e9s par l'\u00e9cologie, tous mus par un m\u00eame d\u00e9sir de liens, de sens, de sobri\u00e9t\u00e9 et d'humanisme. A l'origine, un projet de Fran\u00e7oise Lemarchand, cofondatrice avec son mari de Pier Import et de Nature et D\u00e9couvertes. Leurs voyages et leurs rencontres nourrissent une r\u00e9flexion sur les rapports entre l'\u00eatre et son environnement. La photographie devient pour Fran\u00e7oise un outil de transmission, avec une pr\u00e9dilection pour la vari\u00e9t\u00e9 des cultures du monde, des traditions populaires et de la beaut\u00e9 de la plan\u00e8te. Elle imagine alors Canop\u00e9e, \u00e0 raison d'une parution annuelle, privil\u00e9giant la qualit\u00e9 \u00e0 la quantit\u00e9. Textes et images viennent illustrer le propos, la maquette et le papier donnant \u00e0 cette revue une \u00e9l\u00e9gance inhabituelle dans les milieux de l'\u00e9cologie. Pourquoi le mot \u00abcanop\u00e9e\u00bb ? La canop\u00e9e est l'\u00e9tage sup\u00e9rieur de la for\u00eat, en contact direct avec l'atmosph\u00e8re libre. Elle est consid\u00e9r\u00e9e comme un \u00e9cosyst\u00e8me en tant que tel, notamment en for\u00eat tropicale o\u00f9 elle est particuli\u00e8rement riche en biodiversit\u00e9. Un joli mot pour une revue qui va explorer le monde en prenant un peu de hauteur ! En 2003, on ne parle pas encore beaucoup d'\u00e9cologie et Canop\u00e9e, tant dans la forme que dans le fond, fait figure de d\u00e9fricheur. Avec sa baseline, \u00abPour une \u00e9cologie de la Terre, du corps et de l'esprit\u00bb, elle attire un lectorat demandeur de sens et de beaut\u00e9. De nombreuses personnalit\u00e9s livrent r\u00e9flexions et images : Jacques Lacarri\u00e8re, Yves Paccalet, Daniel Pennac, Eliette Abecassis, Fran\u00e7ois Cheng ; l'historien Michel Pastoureau ; le sociologue Michel Maffesoli ; le biologiste Francis Hall\u00e9 ; le philosophe Edgard Morin ; l'explorateur Jean-Louis \u00c9tienne ; les cin\u00e9astes Jacques Perrin, Coline Serreau ; les photographes Yann Arthus-Bertrand, Hans Silvester, Sarah Moon, Raymond Depardon, Salgado, Reza, Willy Ronis ; le compositeur Pascal Dusapin ; les artistes Andy Goldsworthy, Fabienne Verdier, Frans Krajcberg ; le designer Philippe Starck ; l'architecte Shigeru Ban ; les activistes Nicolas Hulot, Wangari Maathai, Alice Waters, Vandana Shiva. Pour le neuvi\u00e8me num\u00e9ro, le fil conducteur est \u00abla dynamique du vivant\u00bb. Il appara\u00eet en effet qu'une v\u00e9ritable lame de fond, une dynamique de groupe, une intelligence collective soient en train de f\u00e9d\u00e9rer des \u00e9nergies. Ce sont les soci\u00e9t\u00e9s civiles qui agissent, des inconnus ou des anonymes qui travaillent dans l'ombre et dont la g\u00e9n\u00e9rosit\u00e9 semble sans limites, permettant l'\u00e9laboration d'un syst\u00e8me de r\u00e9seaux coop\u00e9ratifs ou associatifs, d'\u00e9change et de partage, un vrai bouillonnement cr\u00e9atif, une multitude d'initiatives locales, vivier du futur. Ce num\u00e9ro propose de belles rencontres : Patrick Bouchain, les paysans de Terra Madre, les nouveaux wwoofers, Pierre Rabhi et ses religieuses de Solan, le green tech en Californie, l'astrophysicien Trinh Xuan Thuan, le psychiatre Christophe Andr\u00e9 avec son introduction de la m\u00e9ditation \u00e0 l'h\u00f4pital, des experts qui veulent changer le monde avec une fourchette, Tristan Leconte, ic\u00f4ne du commerce \u00e9quitable., de m\u00eame qu'un voyage au Guatemala et, aussi, des coups de coeur litt\u00e9raires","authors":["Collectif"],"category_codes":["4000000","4010000","4010300"],"visuals":{"large":"https:\/\/images.epagine.fr\/557\/9782742796557_1_75.jpg","medium":"https:\/\/images.epagine.fr\/557\/9782742796557_1_m.jpg","thumbnail":"https:\/\/images.epagine.fr\/557\/9782742796557_1_v.jpg"},"orderable":true,"show_badge":true,"formatted_price":"10,20&nbsp;\u20ac","formatted_published_date":"19 mars 2011","publisher_availability_label":"Sur commande","short_details":"Collectif \u2014 Actes Sud","translator":null,"weight":624,"page_count":161,"readership":null,"editor":"Actes Sud","price":1020,"published_date":"2011-03-18T23:00:00.000000Z","support":"Revue","publisher_availability":1,"stock":0,"editions":[],"url":"https:\/\/quaidesbrumes.com\/ouvrage\/9782742796557\/canopee-n9-la-dynamique-du-vivant"},{"id":"9791034402731","title":"Recherches germaniques n.20 : Maltraitance animale et conscience environnementale \/ Tierqu\u00e4lerei und Umweltbewusstsein","description":"Actualit\u00e9s, Reportages - Nature, \u00e9cologie, climat, \u00e9nergie, terre, agroalimentaire.\r\n","authors":["Collectif"],"category_codes":["4000000","4010000","4010200","4010207"],"visuals":{"large":"https:\/\/images.epagine.fr\/731\/9791034402731_1_75.jpg","medium":"https:\/\/images.epagine.fr\/731\/9791034402731_1_m.jpg","thumbnail":"https:\/\/images.epagine.fr\/731\/9791034402731_1_v.jpg"},"orderable":true,"show_badge":true,"formatted_price":"20,00&nbsp;\u20ac","formatted_published_date":"3 juillet 2025","publisher_availability_label":"Sur commande","short_details":"Collectif \u2014 Pu De Strasbourg","translator":null,"weight":525,"page_count":280,"readership":"Tout public","editor":"Pu De Strasbourg","price":2000,"published_date":"2025-07-02T22:00:00.000000Z","support":"Revue","publisher_availability":1,"stock":0,"editions":[],"url":"https:\/\/quaidesbrumes.com\/ouvrage\/9791034402731\/recherches-germaniques-n20-maltraitance-animale-et-conscience-environnementale-tierqualerei-und-umweltbewusstsein"},{"id":"9782914208475","title":"Voiles au travail en Bretagne atlantique","description":"Cette 'uvre monumentale fait revivre la vie des hommes de mer en Bretagne atlantique au temps de la voile. Ce livre fond\u00e9 sur un \u00e9norme travail d'enqu\u00eate est rempli d'\u00e9tonnantes aventures de mer : il se lit comme un roman. Ar Vag a \u00e9t\u00e9 une r\u00e9v\u00e9lation pour des milliers de lecteurs, c'est aujourd'hui la base de la biblioth\u00e8que des amoureux de la mer et des bateaux.","authors":["Collectif"],"category_codes":["4000000","4010000","4010300","4010304"],"visuals":{"large":"https:\/\/images.epagine.fr\/475\/9782914208475_1_75.jpg","medium":"https:\/\/images.epagine.fr\/475\/9782914208475_1_m.jpg","thumbnail":"https:\/\/images.epagine.fr\/475\/9782914208475_1_v.jpg"},"orderable":true,"show_badge":true,"formatted_price":"75,00&nbsp;\u20ac","formatted_published_date":"7 d\u00e9cembre 2005","publisher_availability_label":"Sur commande","short_details":"Collectif \u2014 Gl\u00e9nat","translator":null,"weight":2572,"page_count":424,"readership":null,"editor":"Gl\u00e9nat","price":7500,"published_date":"2005-12-06T23:00:00.000000Z","support":"Revue","publisher_availability":1,"stock":0,"editions":["9782914208482"],"url":"https:\/\/quaidesbrumes.com\/ouvrage\/9782914208475\/voiles-au-travail-en-bretagne-atlantique"}]}