{"data":[{"id":"9782843982804","title":"COSMOPOLITIQUES Tome 15 : Cosmopolitiques N15. Esth\u00e9tique et espace public","description":null,"authors":["Jacques Lolive","Nathalie Blanc"],"category_codes":["4000000","4010000","4010200","4010208"],"visuals":{"large":"https:\/\/images.epagine.fr\/804\/9782843982804_1_75.jpg","medium":"https:\/\/images.epagine.fr\/804\/9782843982804_1_m.jpg","thumbnail":"https:\/\/images.epagine.fr\/804\/9782843982804_1_v.jpg"},"orderable":true,"show_badge":true,"formatted_price":"18,00&nbsp;\u20ac","formatted_published_date":"15 ao\u00fbt 2007","publisher_availability_label":"Sur commande","short_details":"Jacques Lolive, Nathalie Blanc \u2014 Apog\u00e9e","translator":null,"weight":334,"page_count":192,"readership":null,"editor":"Apog\u00e9e","price":1800,"published_date":"2007-08-14T22:00:00.000000Z","support":"Grand format","publisher_availability":1,"stock":0,"editions":[],"url":"https:\/\/quaidesbrumes.com\/ouvrage\/9782843982804\/cosmopolitiques-tome-15-cosmopolitiques-n15-esthetique-et-espace-public"},{"id":"9783716518380","title":"The Alps ; compelling silence","description":null,"authors":["Markus Gisler"],"category_codes":["4000000","4010000","4010300","4010305"],"visuals":{"large":"https:\/\/images.epagine.fr\/380\/9783716518380_1_75.jpg","medium":"https:\/\/images.epagine.fr\/380\/9783716518380_1_m.jpg","thumbnail":"https:\/\/images.epagine.fr\/380\/9783716518380_1_v.jpg"},"orderable":true,"show_badge":true,"formatted_price":"60,00&nbsp;\u20ac","formatted_published_date":"16 novembre 2017","publisher_availability_label":"Sur commande","short_details":"Markus Gisler \u2014 Benteli","translator":null,"weight":1366,"page_count":190,"readership":null,"editor":"Benteli","price":6000,"published_date":"2017-11-15T23:00:00.000000Z","support":"Grand format","publisher_availability":1,"stock":0,"editions":[],"url":"https:\/\/quaidesbrumes.com\/ouvrage\/9783716518380\/the-alps-compelling-silence"},{"id":"9782701127842","title":"Guide des jardins botaniques ; de France et des pays francophones","description":"Le guide des jardins botaniques de france et des pays francophones pr\u00e9sente plus d'une centaine de jardins botaniques dont une quarantaine \u00e0 l'\u00e9tranger.\r\n Les jardins pr\u00e9sent\u00e9s ont tous r\u00e9pondu \u00e0 l'enqu\u00eate men\u00e9e en 1999 par l'association des jardins botaniques et des pays francophones (jbf) afin de faire un point sur leurs moyens, leurs collections et leurs activit\u00e9s. \r\nLe guide des jardins botaniques de france et des pays francophones d\u00e9crit chaque jardin, son contexte historique et g\u00e9ographique ; il pr\u00e9cise son domaine de pr\u00e9dilection, le cas \u00e9ch\u00e9ant, les collections exotiques et locales remarquables ainsi que ses moyens de diffusion (graines, documentation). \r\nLes informations pratiques d'acc\u00e8s y sont \u00e9galement donn\u00e9es. \r\nLe guide des jardins botaniques de france et des pays francophones s'inscrit dans cette d\u00e9marche de sensibilisation \u00e0 la conservation et au respect des esp\u00e8ces v\u00e9g\u00e9tales. \r\nIl s'adresse tant au grand public ou public averti qu'aux d\u00e9cideurs et acteurs territoriaux.","authors":["Collectif"],"category_codes":["4000000","4010000","4010400"],"visuals":{"large":"https:\/\/images.epagine.fr\/842\/9782701127842_1_75.jpg","medium":"https:\/\/images.epagine.fr\/842\/9782701127842_1_m.jpg","thumbnail":"https:\/\/images.epagine.fr\/842\/9782701127842_1_v.jpg"},"orderable":true,"show_badge":true,"formatted_price":"27,10&nbsp;\u20ac","formatted_published_date":"31 mai 2000","publisher_availability_label":"Sur commande","short_details":"Collectif \u2014 Belin \u00c9diteur","translator":null,"weight":489,"page_count":null,"readership":null,"editor":"Belin \u00c9diteur","price":2710,"published_date":"2000-05-30T22:00:00.000000Z","support":"Grand format","publisher_availability":1,"stock":0,"editions":[],"url":"https:\/\/quaidesbrumes.com\/ouvrage\/9782701127842\/guide-des-jardins-botaniques-de-france-et-des-pays-francophones"},{"id":"3700069737431","title":"L'AMI DES JARDINS n.1061 : boutures, bouquets, semis... des id\u00e9es faciles \u00e0 faire au jardin","description":null,"authors":["L'Ami Des Jardins"],"category_codes":["4000000","4010000","4010400","4010402"],"visuals":{"large":"https:\/\/images.epagine.fr\/431\/3700069737431_1_75.jpg","medium":"https:\/\/images.epagine.fr\/431\/3700069737431_1_m.jpg","thumbnail":"https:\/\/images.epagine.fr\/431\/3700069737431_1_v.jpg"},"orderable":true,"show_badge":true,"formatted_price":"4,00&nbsp;\u20ac","formatted_published_date":"14 d\u00e9cembre 2015","publisher_availability_label":"Sur commande","short_details":"L'Ami Des Jardins \u2014 Ami Des Jardins","translator":null,"weight":228,"page_count":82,"readership":null,"editor":"Ami Des Jardins","price":400,"published_date":"2015-12-13T23:00:00.000000Z","support":"Revue","publisher_availability":1,"stock":0,"editions":[],"url":"https:\/\/quaidesbrumes.com\/ouvrage\/3700069737431\/lami-des-jardins-n1061-boutures-bouquets-semis-des-idees-faciles-a-faire-au-jardin"},{"id":"9771277776745","title":"L'AMI DES JARDINS n.204 : le grand guide de la couleur","description":"LE GRAND GUIDE DE LA COULEUR. BLEU, ROUGE, BLANC, JAUNE, VERT, BRUN... LES PLUS BELLES ASSOCIATIONS ;\r\n    10 PALETTES V\u00c9G\u00c9TALES. Les collections de plantes, fleurs, feuillages, arbres, ;\r\n    Arbustes... par saison. Un monde passionnant !","authors":["L'Ami Des Jardins"],"category_codes":["4000000","4010000","4010400"],"visuals":{"large":"https:\/\/images.epagine.fr\/745\/9771277776745_1_75.jpg","medium":"https:\/\/images.epagine.fr\/745\/9771277776745_1_m.jpg","thumbnail":"https:\/\/images.epagine.fr\/745\/9771277776745_1_v.jpg"},"orderable":true,"show_badge":true,"formatted_price":"6,90&nbsp;\u20ac","formatted_published_date":"2 ao\u00fbt 2018","publisher_availability_label":"Sur commande","short_details":"L'Ami Des Jardins \u2014 Ami Des Jardins","translator":null,"weight":0,"page_count":84,"readership":null,"editor":"Ami Des Jardins","price":690,"published_date":"2018-08-01T22:00:00.000000Z","support":"Revue","publisher_availability":1,"stock":0,"editions":[],"url":"https:\/\/quaidesbrumes.com\/ouvrage\/9771277776745\/lami-des-jardins-n204-le-grand-guide-de-la-couleur"},{"id":"9771277776752","title":"L'AMI DES JARDINS : l'agenda lunaire du jardinier","description":null,"authors":["L'Ami Des Jardins"],"category_codes":["4000000","4010000","4010400","4010402"],"visuals":{"large":"https:\/\/images.epagine.fr\/752\/9771277776752_1_75.jpg","medium":"https:\/\/images.epagine.fr\/752\/9771277776752_1_m.jpg","thumbnail":"https:\/\/images.epagine.fr\/752\/9771277776752_1_v.jpg"},"orderable":true,"show_badge":true,"formatted_price":"6,30&nbsp;\u20ac","formatted_published_date":"19 octobre 2018","publisher_availability_label":"Sur commande","short_details":"L'Ami Des Jardins \u2014 Ami Des Jardins","translator":null,"weight":0,"page_count":82,"readership":null,"editor":"Ami Des Jardins","price":630,"published_date":"2018-10-18T22:00:00.000000Z","support":"Revue","publisher_availability":1,"stock":0,"editions":[],"url":"https:\/\/quaidesbrumes.com\/ouvrage\/9771277776752\/lami-des-jardins-lagenda-lunaire-du-jardinier"},{"id":"9782843680557","title":"Le climat","description":"Expliquer le climat \u00e0 des adultes est d\u00e9j\u00e0 d\u00e9licat. Que dire quand il s'agit de jeunes qui ont une perception diff\u00e9rente du temps...qui passe. Les donn\u00e9es et pr\u00e9visions m\u00e9t\u00e9orologiques sont \u00e0 leur port\u00e9e, car elles parlent du temps qu'il fera \u00e0 br\u00e8ve \u00e9ch\u00e9ance l\u00e0 o\u00f9 ils vivent. Le climat, qui s'appuie sur les m\u00eames facteurs (temp\u00e9rature, vent, pr\u00e9cipitation) repr\u00e9sente, au contraire, les tendances \u00e0 long terme pour des zones g\u00e9ographiques plus vastes.\r\n La machine climatique d\u00e9crira d'abord les rouages et engrenages du climat en indiquant les caract\u00e9ristiques de son \u00ab moteur \u00bb, le Soleil et en suivant les tribulations de ses rayons dans la partie tr\u00e8s mince de l'atmosph\u00e8re dans laquelle nous vivons et qui est relativement r\u00e9cente dans l'histoire de la Terre. Il sera alors temps de comprendre pourquoi le climat diff\u00e8re entre Dakar et Stockholm, m\u00eame si la latitude n'explique pas tout (De l'\u00e9quateur aux p\u00f4les).\r\n Pour donner au lecteur les \u00ab clefs \u00bb du changement climatique nous expliquerons d'abord quelques grandes modifications du climat qui se sont produites \u00e0 des \u00e9poques plus ou moins recul\u00e9es (Les climats du pass\u00e9) avant d'examiner la situation actuelle (L'homme et le climat) puis les perspectives pour le si\u00e8cle \u00e0 venir (Quel climat pour demain ?).","authors":["Guy Jacques","Thierry Leveau"],"category_codes":["4000000","4010000","4010300"],"visuals":{"large":"https:\/\/images.epagine.fr\/557\/9782843680557_1_75.jpg","medium":"https:\/\/images.epagine.fr\/557\/9782843680557_1_m.jpg","thumbnail":"https:\/\/images.epagine.fr\/557\/9782843680557_1_v.jpg"},"orderable":true,"show_badge":true,"formatted_price":"9,00&nbsp;\u20ac","formatted_published_date":"9 mars 2005","publisher_availability_label":"Sur commande","short_details":"Guy Jacques, Thierry Leveau \u2014 NANE Editions","translator":null,"weight":210,"page_count":48,"readership":null,"editor":"NANE Editions","price":900,"published_date":"2005-03-08T23:00:00.000000Z","support":"Grand format","publisher_availability":1,"stock":0,"editions":[],"url":"https:\/\/quaidesbrumes.com\/ouvrage\/9782843680557\/le-climat"},{"id":"9782747236256","title":"Revue de l'organisation responsable n.19\/4 : Pour les 18 ans de la ROR, un num\u00e9ro pour chaque saison","description":"1\/ EDITORIAL : Pour les 18 ans de la ROR, un num\u00e9ro pour chaque saison\r\n2\/ La valorisation de la double labellisation RSE des soci\u00e9t\u00e9s coop\u00e9ratives du secteur b\u00e2timent\r\n3\/ Divulgation d'informations relatives au climat dans les rapports extra-financiers de deux banques fran\u00e7aises : le r\u00f4le de la rh\u00e9torique\r\n4\/ Responsabiliser les futurs managers en leur faisant concevoir un jeu s\u00e9rieux sur le dilemme manag\u00e9rial \"contrat\/don\"","authors":["Collectif"],"category_codes":["4000000","4010000","4010200","4010208"],"visuals":{"large":"https:\/\/images.epagine.fr\/256\/9782747236256_1_75.jpg","medium":"https:\/\/images.epagine.fr\/256\/9782747236256_1_m.jpg","thumbnail":"https:\/\/images.epagine.fr\/256\/9782747236256_1_v.jpg"},"orderable":true,"show_badge":true,"formatted_price":"20,00&nbsp;\u20ac","formatted_published_date":"22 f\u00e9vrier 2025","publisher_availability_label":"Sur commande","short_details":"Collectif \u2014 Eska","translator":null,"weight":270,"page_count":82,"readership":null,"editor":"Eska","price":2000,"published_date":"2025-02-21T23:00:00.000000Z","support":"Revue","publisher_availability":1,"stock":0,"editions":[],"url":"https:\/\/quaidesbrumes.com\/ouvrage\/9782747236256\/revue-de-lorganisation-responsable-n194-pour-les-18-ans-de-la-ror-un-numero-pour-chaque-saison"},{"id":"9782385190293","title":"Dans les filons de la transition : Energie, minerais et r\u00e9production du capitalisme","description":"Quelles sont les transformations contemporaines des syst\u00e8mes productifs dans un contexte de renouveau extractif favoris\u00e9 par l'imp\u00e9ratif de transition \u00e9nerg\u00e9tique et les promesses de modernisation \u00e9cologique qui l'accompagnent?? Il s'agit ici d'interroger le verdissement de l'extraction des ressources fossiles, ainsi que le d\u00e9veloppement de nouvelles sources d'approvisionnement \u00e9nerg\u00e9tique pour montrer que les deux domaines ne sont pas toujours distincts. ","authors":["Doris Buu-Sao","Leny Patinaux"],"category_codes":["4000000","4010000","4010200","4010208"],"visuals":{"large":"https:\/\/images.epagine.fr\/293\/9782385190293_1_75.jpg","medium":"https:\/\/images.epagine.fr\/293\/9782385190293_1_m.jpg","thumbnail":"https:\/\/images.epagine.fr\/293\/9782385190293_1_v.jpg"},"orderable":true,"show_badge":true,"formatted_price":"20,00&nbsp;\u20ac","formatted_published_date":"19 avril 2024","publisher_availability_label":"Sur commande","short_details":"Doris Buu-Sao, Leny Patinaux \u2014 Le Bord de l'eau","translator":null,"weight":298,"page_count":192,"readership":null,"editor":"Le Bord de l'eau","price":2000,"published_date":"2024-04-18T22:00:00.000000Z","support":"Revue","publisher_availability":1,"stock":0,"editions":[],"url":"https:\/\/quaidesbrumes.com\/ouvrage\/9782385190293\/dans-les-filons-de-la-transition-energie-minerais-et-reproduction-du-capitalisme"},{"id":"9791041921041","title":"Les Chants de la For\u00eat : Une exploration po\u00e9tique de la nature et de l'\u00e2me humaine","description":"Les Chants de la For\u00eat de Joachim Gasquet est une oeuvre po\u00e9tique qui plonge le lecteur dans une symbiose entre la nature et l'int\u00e9riorit\u00e9 humaine. \u00c0 travers une s\u00e9rie de po\u00e8mes, Gasquet explore les th\u00e8mes de l'amour, de la solitude, et de la qu\u00eate spirituelle, tout en utilisant la for\u00eat comme m\u00e9taphore centrale. Chaque po\u00e8me est une m\u00e9ditation sur les \u00e9l\u00e9ments naturels, tels que les arbres, la pluie, et les oiseaux, qui deviennent des symboles de l'\u00e2me humaine et de ses \u00e9motions complexes. La for\u00eat est d\u00e9crite comme un lieu de refuge et de contemplation, o\u00f9 l'on peut se reconnecter avec soi-m\u00eame et avec le monde naturel. Les po\u00e8mes \u00e9voquent une atmosph\u00e8re de myst\u00e8re et de tranquillit\u00e9, o\u00f9 le silence et les odeurs de la for\u00eat jouent un r\u00f4le cl\u00e9 dans l'exp\u00e9rience sensorielle du lecteur. Gasquet utilise un langage enchanteur et \u00e9vocateur pour capturer la beaut\u00e9 et la profondeur de la nature, tout en refl\u00e9tant les luttes et les aspirations humaines. L'oeuvre est une invitation \u00e0 la r\u00e9flexion sur notre relation avec la nature et sur la mani\u00e8re dont elle peut influencer notre compr\u00e9hension de nous-m\u00eames et de notre place dans le monde.","authors":["Joachim Gasquet"],"category_codes":["4000000","4010000"],"visuals":{"large":"https:\/\/images.epagine.fr\/041\/9791041921041_1_75.jpg","medium":"https:\/\/images.epagine.fr\/041\/9791041921041_1_m.jpg","thumbnail":"https:\/\/images.epagine.fr\/041\/9791041921041_1_v.jpg"},"orderable":true,"show_badge":true,"formatted_price":"9,00&nbsp;\u20ac","formatted_published_date":"12 avril 2023","publisher_availability_label":"Sur commande","short_details":"Joachim Gasquet \u2014 Culturea","translator":null,"weight":49,"page_count":26,"readership":null,"editor":"Culturea","price":900,"published_date":"2023-04-11T22:00:00.000000Z","support":"Grand format","publisher_availability":1,"stock":0,"editions":[],"url":"https:\/\/quaidesbrumes.com\/ouvrage\/9791041921041\/les-chants-de-la-foret-une-exploration-poetique-de-la-nature-et-de-lame-humaine"},{"id":"9782758005728","title":"Connaissance des arts Hors-S\u00e9rie : la min\u00e9ralogie","description":"R\u00e9ouverture du d\u00e9partement de la Min\u00e9ralogie du Museum National d'histoire naturelle de Paris.\r\nUne des plus belles collections au monde de gemmes et de pierres.","authors":["Collectif"],"category_codes":["4000000","4010000","4010300","4010306"],"visuals":{"large":"https:\/\/images.epagine.fr\/728\/9782758005728_1_75.jpg","medium":"https:\/\/images.epagine.fr\/728\/9782758005728_1_m.jpg","thumbnail":"https:\/\/images.epagine.fr\/728\/9782758005728_1_v.jpg"},"orderable":true,"show_badge":true,"formatted_price":"9,50&nbsp;\u20ac","formatted_published_date":"19 d\u00e9cembre 2014","publisher_availability_label":"Sur commande","short_details":"Collectif \u2014 Connaissance des arts","translator":null,"weight":289,"page_count":44,"readership":null,"editor":"Connaissance des arts","price":950,"published_date":"2014-12-18T23:00:00.000000Z","support":"Revue","publisher_availability":1,"stock":0,"editions":[],"url":"https:\/\/quaidesbrumes.com\/ouvrage\/9782758005728\/connaissance-des-arts-hors-serie-la-mineralogie"},{"id":"9782140259203","title":"Revue g\u00e9ographie et cultures n.116 : penser et agir dans l'anthropoc\u00e8ne : quels apports de la prospective territoriale ?","description":"Le projet initial de Gaston Berger \u00e9tait celui de d\u00e9velopper une \u00ab anthropologie prospective \u00bb, un examen des situations dans lesquelles \u00ab l'homme \u00bb allait \u00eatre plac\u00e9 \u00e0 l'avenir. En suivant ce projet, toujours en devenir, d'une d\u00e9marche ayant pour exigence de se trouver au plus pr\u00e8s des dynamiques sociales, \u00e9conomiques, \u00e9cologiques, c'est \u00e0 certaines de ces op\u00e9rations transformatrices de la prospective que nous avons souhait\u00e9 aborder dans ce num\u00e9ro. En reconnaissant un monde habit\u00e9, et habitable, compos\u00e9 par de nombreux op\u00e9rateurs du territoire s'op\u00e8rent de nombreux r\u00e9ajustements th\u00e9oriques et pratiques. Un tel processus est \u00e9minemment un travail politique puisqu'il vient red\u00e9finir les cat\u00e9gories d'appr\u00e9hension du monde et les modalit\u00e9s de prises de d\u00e9cision. Une telle approche consid\u00e8re alors que le travail de la politique consiste \u00e0 configurer son propre espace en faisant voir le monde de ses sujets et de ses op\u00e9rations. Dans le contexte de nouveaux d\u00e9fis li\u00e9s \u00e0 l'anthropoc\u00e8ne, un renouvellement th\u00e9orique et pratique des d\u00e9marches de prospective territoriale appara\u00eet n\u00e9cessaire : renouvellement de son approche du territoire et des m\u00e9thodes pour entreprendre sa description. \u00c0 cette condition, la prospective territoriale pourrait bien r\u00e9v\u00e9ler son potentiel contributif aux d\u00e9bats d\u00e9mocratiques et plus largement aux d\u00e9bats publics de nos soci\u00e9t\u00e9s contemporaines.","authors":["Revue Geographie Et Cultures"],"category_codes":["4000000","4010000","4010200","4010208"],"visuals":{"large":"https:\/\/images.epagine.fr\/203\/9782140259203_1_75.jpg","medium":"https:\/\/images.epagine.fr\/203\/9782140259203_1_m.jpg","thumbnail":"https:\/\/images.epagine.fr\/203\/9782140259203_1_v.jpg"},"orderable":true,"show_badge":true,"formatted_price":"21,50&nbsp;\u20ac","formatted_published_date":"2 mai 2022","publisher_availability_label":"Sur commande","short_details":"Revue Geographie Et Cultures \u2014 \u00c9ditions L'Harmattan","translator":null,"weight":316,"page_count":204,"readership":null,"editor":"\u00c9ditions L'Harmattan","price":2150,"published_date":"2022-05-01T22:00:00.000000Z","support":"Revue","publisher_availability":1,"stock":0,"editions":[],"url":"https:\/\/quaidesbrumes.com\/ouvrage\/9782140259203\/revue-geographie-et-cultures-n116-penser-et-agir-dans-lanthropocene-quels-apports-de-la-prospective-territoriale"},{"id":"9782759236268","title":"Ressources, la revue d'INRAE n.2 : Avril 2022","description":"Il n'y a pas d'agriculture sans eau. Comment pr\u00e9server au mieux l'harmonie de ce couple mill\u00e9naire assombrie par le changement climatique, avec une agriculture plus demandeuse et une eau moins accessible ? Syst\u00e8mes agroalimentaires plus durables, partage de l'eau dans les territoires et politiques publiques d'accompagnement sont les pistes \u00e9tudi\u00e9es pour une meilleure gestion quantitative de l'eau.\r\n\r\nAu sommaire de ce deuxi\u00e8me num\u00e9ro de Ressources, la Revue d'INRAE : L'agriculture va t-elle manquer d'eau ? Le microbiote intestinal, notre nouvel alli\u00e9 sant\u00e9 ; Quelles gestions des for\u00eats pour demain ?","authors":["Collectif"],"category_codes":["4000000","4010000","4010200","4010207"],"visuals":{"large":"https:\/\/images.epagine.fr\/268\/9782759236268_1_75.jpg","medium":"https:\/\/images.epagine.fr\/268\/9782759236268_1_m.jpg","thumbnail":"https:\/\/images.epagine.fr\/268\/9782759236268_1_v.jpg"},"orderable":true,"show_badge":true,"formatted_price":"12,00&nbsp;\u20ac","formatted_published_date":"7 septembre 2022","publisher_availability_label":"Sur commande","short_details":"Collectif \u2014 Qu\u00e6","translator":null,"weight":318,"page_count":100,"readership":null,"editor":"Qu\u00e6","price":1200,"published_date":"2022-09-06T22:00:00.000000Z","support":"Revue","publisher_availability":1,"stock":0,"editions":[],"url":"https:\/\/quaidesbrumes.com\/ouvrage\/9782759236268\/ressources-la-revue-dinrae-n2-avril-2022"},{"id":"9782759236275","title":"Ressources, la revue d'INRAE n.3 : Janvier 2023","description":"Le monde \u00e9volue \u00e0 grande vitesse. Entre comp\u00e9tition \u00e9conomique et conflits g\u00e9opolitiques, nos soci\u00e9t\u00e9s doivent affronter \u00e9galement les cons\u00e9quences \u00e9cologiques des activit\u00e9s humaines que nous constatons au quotidien. Att\u00e9nuation et adaptation au changement climatique, s\u00e9curit\u00e9 alimentaire et nutritionnelle, sant\u00e9 humaine, animale et environnementale, pr\u00e9servation des ressources naturelles, biodiversit\u00e9, risques sont au coeur de ces d\u00e9fis plan\u00e9taires et au coeur des recherches d'INRAE, l'institut national de recherche en agriculture, alimentation et environnement.\r\n\r\nEngag\u00e9 dans les transitions agricole, alimentaire et \u00e9cologique, INRAE a cr\u00e9\u00e9 la revue Ressources pour partager les connaissances scientifiques. A une \u00e9poque o\u00f9 la rapidit\u00e9 de circulation et de traitement de l'information en fausse parfois le fond, la revue pr\u00e9sente les r\u00e9sultats de recherche, d\u00e9crypte les nouveaux concepts, donne des \u00e9l\u00e9ments de r\u00e9flexion pour l'avenir sur trois sujets d'actualit\u00e9. En donnant des rep\u00e8res solides, elle invite chacun \u00e0 penser et agir pour le monde de demain.\r\n\r\nAu sommaire de ce 3e num\u00e9ro, 3 dossiers : Penser le num\u00e9rique pour une agriculture durable ; Le potentiel insoup\u00e7onn\u00e9 des aliments ferment\u00e9s ; Le biosourc\u00e9 va-t-il verdir le b\u00e2timent ?","authors":["Collectif"],"category_codes":["4000000","4010000","4010200","4010207"],"visuals":{"large":"https:\/\/images.epagine.fr\/275\/9782759236275_1_75.jpg","medium":"https:\/\/images.epagine.fr\/275\/9782759236275_1_m.jpg","thumbnail":"https:\/\/images.epagine.fr\/275\/9782759236275_1_v.jpg"},"orderable":true,"show_badge":true,"formatted_price":"12,00&nbsp;\u20ac","formatted_published_date":"12 janvier 2023","publisher_availability_label":"Sur commande","short_details":"Collectif \u2014 Qu\u00e6","translator":null,"weight":320,"page_count":96,"readership":null,"editor":"Qu\u00e6","price":1200,"published_date":"2023-01-11T23:00:00.000000Z","support":"Revue","publisher_availability":1,"stock":0,"editions":[],"url":"https:\/\/quaidesbrumes.com\/ouvrage\/9782759236275\/ressources-la-revue-dinrae-n3-janvier-2023"},{"id":"9782759237449","title":"Ressources, la revue d'INRAE n.4 : Automne 2023","description":"La question des pesticides de synth\u00e8se est au coeur des d\u00e9bats sur l'agriculture aujourd'hui. Poisons pour les \u00e9cosyst\u00e8mes, ils restent un outil indispensable pour assurer la s\u00e9curit\u00e9 alimentaire mondiale, et posent cruellement la question de leurs alternatives. Avec des \u00e9l\u00e9ments tangibles et concrets, Ressources vous partage la vision d'INRAE d'une question qui ne peut qu'\u00eatre appr\u00e9hend\u00e9e globalement pour trouver les solutions \u00e0 court et moyen terme. Et nous invite, pour commencer, \u00e0 penser autrement la protection des cultures.\r\n\r\nLes in\u00e9galit\u00e9s sociales tendent \u00e0 se creuser partout dans le monde et les crises entra\u00een\u00e9es par la Covid et la guerre en Ukraine en font le triste rappel. L'alimentation en est la premi\u00e8re impact\u00e9e avec le logement. Ressources d\u00e9crypte les r\u00e9sultats scientifiques sur les d\u00e9terminants des r\u00e9gimes alimentaires et les leviers exp\u00e9riment\u00e9s pour r\u00e9duire les in\u00e9galit\u00e9s dans l'assiette. Un enjeu essentiel pour la transition vers une alimentation durable pour tous.\r\n\r\nLes sols, cette richesse m\u00e9connue ! Indispensables \u00e0 la survie de l'humanit\u00e9, les sols sont aujourd'hui dans un \u00e9tat qui appelle une vraie mobilisation. S'appuyant sur l'expertise d'INRAE, Ressources vous pr\u00e9sente ce que l'on sait mais aussi ce qui est attendu, notamment en termes de politiques publiques pour inverser la tendance et redonner aux sols l'attention et les soins qu'ils m\u00e9ritent.","authors":["Collectif"],"category_codes":["4000000","4010000","4010200","4010207"],"visuals":{"large":"https:\/\/images.epagine.fr\/449\/9782759237449_1_75.jpg","medium":"https:\/\/images.epagine.fr\/449\/9782759237449_1_m.jpg","thumbnail":"https:\/\/images.epagine.fr\/449\/9782759237449_1_v.jpg"},"orderable":true,"show_badge":true,"formatted_price":"12,00&nbsp;\u20ac","formatted_published_date":"6 juillet 2023","publisher_availability_label":"Sur commande","short_details":"Collectif \u2014 Qu\u00e6","translator":null,"weight":310,"page_count":94,"readership":null,"editor":"Qu\u00e6","price":1200,"published_date":"2023-07-05T22:00:00.000000Z","support":"Revue","publisher_availability":1,"stock":0,"editions":[],"url":"https:\/\/quaidesbrumes.com\/ouvrage\/9782759237449\/ressources-la-revue-dinrae-n4-automne-2023"},{"id":"9782759238323","title":"Ressources, la revue d'INRAE n.5 : Printemps 2024","description":"Engag\u00e9 dans les transitions agricole, alimentaire et \u00e9cologique, INRAE a cr\u00e9\u00e9 la revue Ressources qui nous invite \u00e0 penser et agir pour le monde de demain. Au sommaire de ce 5e num\u00e9ro : Agriculture et for\u00eats, sources d'\u00e9nergie ; \u00c9diter le g\u00e9nome des plantes ; Des Solutions fond\u00e9es sur la Nature.","authors":["Collectif"],"category_codes":["4000000","4010000","4010200","4010207"],"visuals":{"large":"https:\/\/images.epagine.fr\/323\/9782759238323_1_75.jpg","medium":"https:\/\/images.epagine.fr\/323\/9782759238323_1_m.jpg","thumbnail":"https:\/\/images.epagine.fr\/323\/9782759238323_1_v.jpg"},"orderable":true,"show_badge":true,"formatted_price":"12,00&nbsp;\u20ac","formatted_published_date":"16 janvier 2024","publisher_availability_label":"Sur commande","short_details":"Collectif \u2014 Qu\u00e6","translator":null,"weight":316,"page_count":92,"readership":null,"editor":"Qu\u00e6","price":1200,"published_date":"2024-01-15T23:00:00.000000Z","support":"Revue","publisher_availability":1,"stock":0,"editions":[],"url":"https:\/\/quaidesbrumes.com\/ouvrage\/9782759238323\/ressources-la-revue-dinrae-n5-printemps-2024"},{"id":"9782759239009","title":"Ressources, la revue d'INRAE n.6","description":"Les syst\u00e8mes d'\u00e9levage qui contribuent \u00e0 notre alimentation sont aujourd'hui mis en tension par des imp\u00e9ratifs et des demandes soci\u00e9tales qui poussent les acteurs et les fili\u00e8res \u00e0 se r\u00e9inventer. Environnement, bien-\u00eatre animal mais aussi contribution \u00e0 la souverainet\u00e9 alimentaire et attractivit\u00e9 du m\u00e9tier d'\u00e9leveur, ce dossier fait un tour d'horizon des questions qui traversent le monde de l'\u00e9levage et pr\u00e9sente les solutions \u00e9tudi\u00e9es et propos\u00e9es par les scientifiques d'INRAE.\r\n\r\nDepuis quelques d\u00e9cennies, des maladies infectieuses se sont r\u00e9pandues sur le globe, la plus marquante \u00e9tant la Covid et la pand\u00e9mie qui a suivi. Parmi ces maladies, les zoonoses soulignent le lien de plus en plus \u00e9troit entre humains, animaux domestiques, animaux sauvages et environnements perturb\u00e9s. L'approche \u00ab une seule sant\u00e9 \u00bb (One Health) int\u00e9grant sant\u00e9s humaine, animale et environnementale s'impose aujourd'hui comme la voie indispensable pour s'armer face \u00e0 ces fl\u00e9aux.\r\n\r\nAssocier ville et agriculture est \u00e0 priori contre-intuitif. Pourtant, l'agriculture urbaine conna\u00eet un essor depuis le si\u00e8cle dernier, et plus r\u00e9cemment, avec le d\u00e9veloppement de nouvelles technologies permettant de produire davantage sur de petites surfaces. Aujourd'hui, avec la comp\u00e9tition sur la disponibilit\u00e9 des terres, la densification des villes et le besoin croissant d'espaces, la place de l'agriculture en ville ou \u00e0 proximit\u00e9 est questionn\u00e9e. Son r\u00f4le social et environnementale pourrait bien la sauver.","authors":["Collectif"],"category_codes":["4000000","4010000","4010200","4010207"],"visuals":{"large":"https:\/\/images.epagine.fr\/009\/9782759239009_1_75.jpg","medium":"https:\/\/images.epagine.fr\/009\/9782759239009_1_m.jpg","thumbnail":"https:\/\/images.epagine.fr\/009\/9782759239009_1_v.jpg"},"orderable":true,"show_badge":true,"formatted_price":"12,00&nbsp;\u20ac","formatted_published_date":"11 juillet 2024","publisher_availability_label":"Sur commande","short_details":"Collectif \u2014 Qu\u00e6","translator":null,"weight":330,"page_count":100,"readership":null,"editor":"Qu\u00e6","price":1200,"published_date":"2024-07-10T22:00:00.000000Z","support":"Revue","publisher_availability":1,"stock":0,"editions":[],"url":"https:\/\/quaidesbrumes.com\/ouvrage\/9782759239009\/ressources-la-revue-dinrae-n6"},{"id":"9782759239870","title":"Ressources, la revue d'INRAE n.7","description":"Quels agriculteurs pour quelles agricultures demain ?\r\nAvec 166 000 agriculteurs qui partiront \u00e0 la retraite d'ici 2030, l'agriculture fran\u00e7aise doit relever le d\u00e9fi du renouvellement des g\u00e9n\u00e9rations. Ce renouvellement pourra-t-il constituer une opportunit\u00e9 pour assurer la souverainet\u00e9 alimentaire, s'adapter au changement climatique et pr\u00e9server les ressources naturelles tout en faisant \u00e9voluer les mod\u00e8les agricoles ?\r\n\r\nDonner du sens au go\u00fbt\r\nLe go\u00fbt, bien plus qu'une simple sensation, fa\u00e7onne nos choix alimentaires. Ce sens mobilise la bouche, le nez et le cerveau, influen\u00e7ant nos comportements alimentaires et nos achats. R\u00e9fl\u00e9chir aux go\u00fbts de demain, c'est oeuvrer pour une alimentation plus saine et durable.\r\n\r\nChangement climatique : comment faire face aux nouveaux risques ?\r\nLe changement climatique multiplie les risques naturels : inondations, temp\u00eates, \u00e9boulements, invasions biologiques... Ces al\u00e9as interconnect\u00e9s fragilisent les activit\u00e9s humaines, notamment l'agriculture. Comprendre et anticiper ces risques devient essentiel pour renforcer notre r\u00e9silience.","authors":["Collectif"],"category_codes":["4000000","4010000","4010200","4010207"],"visuals":{"large":"https:\/\/images.epagine.fr\/870\/9782759239870_1_75.jpg","medium":"https:\/\/images.epagine.fr\/870\/9782759239870_1_m.jpg","thumbnail":"https:\/\/images.epagine.fr\/870\/9782759239870_1_v.jpg"},"orderable":true,"show_badge":true,"formatted_price":"12,00&nbsp;\u20ac","formatted_published_date":"13 f\u00e9vrier 2025","publisher_availability_label":"Sur commande","short_details":"Collectif \u2014 Qu\u00e6","translator":null,"weight":360,"page_count":100,"readership":null,"editor":"Qu\u00e6","price":1200,"published_date":"2025-02-12T23:00:00.000000Z","support":"Revue","publisher_availability":1,"stock":0,"editions":[],"url":"https:\/\/quaidesbrumes.com\/ouvrage\/9782759239870\/ressources-la-revue-dinrae-n7"},{"id":"9782204108928","title":"LIMITE ; REVUE D'ECOLOGIE INTEGRALE POUR LE COMBAT CULTUREL n.2 : tous dans le m\u00eame bateau","description":"L'\u00e9cologie est-elle (elle aussi) r\u00e9ac ?\r\nEntretien avec NATACHA POLONY et OLIVIER REY.\r\nL'esprit Silicon Valley : survivre au grand remplacement.\r\nPAUL PICCARRETA.\r\nMcDonald's : augmenter le capital en souriant.\r\nLUDIVINE B\u00c9NARD.\r\n\u00ab Fuck Earth ! \u00bb Quand les rats quittent le navire.\r\nGAULTIER B\u00c8S.\r\nBouge de l\u00e0 ! Critique sociale de l'immigrationnisme.\r\nGALAAD WILGOS.\r\n2016 : le temps b\u00e9ni des colonies ?\r\nSOLANGE BIED-CHARRETON.\r\nDes rapines et des ailes : vandalisme \u00e9cologique et migrations.\r\nMAHAUT et JOHANNES HERRMANN.\r\n\u00ab Je suis nobody \u00bb.\r\nEntretien avec HERV\u00c9 JUVIN.\r\nLe proph\u00e8te Pier Paolo Pasolini.\r\nPIERRE ADRIAN.\r\nLe vagabond Blaise Cendrars.\r\nCAMILLE DALMAS.\r\nEt bien d'autres encore.","authors":["Paul Piccareta"],"category_codes":["4000000","4010000","4010200","4010204"],"visuals":{"large":"https:\/\/images.epagine.fr\/928\/9782204108928_1_75.jpg","medium":"https:\/\/images.epagine.fr\/928\/9782204108928_1_m.jpg","thumbnail":"https:\/\/images.epagine.fr\/928\/9782204108928_1_v.jpg"},"orderable":true,"show_badge":true,"formatted_price":"10,00&nbsp;\u20ac","formatted_published_date":"15 janvier 2016","publisher_availability_label":"Sur commande","short_details":"Paul Piccareta \u2014 Les \u00e9ditions du Cerf","translator":null,"weight":334,"page_count":96,"readership":null,"editor":"Les \u00e9ditions du Cerf","price":1000,"published_date":"2016-01-14T23:00:00.000000Z","support":"Revue","publisher_availability":1,"stock":0,"editions":[],"url":"https:\/\/quaidesbrumes.com\/ouvrage\/9782204108928\/limite-revue-decologie-integrale-pour-le-combat-culturel-n2-tous-dans-le-meme-bateau"},{"id":"9782204111898","title":"LIMITE ; REVUE D'ECOLOGIE INTEGRALE POUR LE COMBAT CULTUREL n.3 : arr\u00eatez tout !","description":null,"authors":["Limite"],"category_codes":["4000000","4010000","4010200","4010207"],"visuals":{"large":"https:\/\/images.epagine.fr\/898\/9782204111898_1_75.jpg","medium":"https:\/\/images.epagine.fr\/898\/9782204111898_1_m.jpg","thumbnail":"https:\/\/images.epagine.fr\/898\/9782204111898_1_v.jpg"},"orderable":true,"show_badge":true,"formatted_price":"11,00&nbsp;\u20ac","formatted_published_date":"20 mai 2016","publisher_availability_label":"Sur commande","short_details":"Limite \u2014 Les \u00e9ditions du Cerf","translator":null,"weight":336,"page_count":96,"readership":null,"editor":"Les \u00e9ditions du Cerf","price":1100,"published_date":"2016-05-19T22:00:00.000000Z","support":"Revue","publisher_availability":1,"stock":0,"editions":[],"url":"https:\/\/quaidesbrumes.com\/ouvrage\/9782204111898\/limite-revue-decologie-integrale-pour-le-combat-culturel-n3-arretez-tout"},{"id":"9782226316400","title":"La nature ; miroir du divin","description":"Avant la grande conf\u00e9rence sur le climat de d\u00e9cembre prochain, ce num\u00e9ro 2 est consacr\u00e9 \u00e0 la m\u00e9ta-\u00e9cologie (terme invent\u00e9 par Jean-Marie Pelt) qui tourne autour de la fameuse phrase de Spinoza : \u00ab Dieu, c'est la nature \u00bb. En effet, il est une fa\u00e7on de parler de notre environnement et de la nature au sens large, autre que quantitative et mat\u00e9rielle : il s'agit, pour la sauver, de v\u00e9ritablement r\u00e9enchanter notre monde. \r\n \r\nMarc de Smedt a demand\u00e9 \u00e0 une trentaine de sp\u00e9cialistes, philosophes, scientifiques, naturalistes, sociologues, ethnologues, po\u00e8tes et journalistes, de t\u00e9moigner, dans leur sph\u00e8re et en partant de leur exp\u00e9rience propre, de la fa\u00e7on dont le concept de nature leur parle jusqu'au plus profond de leur \u00eatre. \r\n \r\nUne vision renouvel\u00e9e de la Terre comme \u00eatre vivant et de l'univers comme entit\u00e9 mue par une intelligence qui nous d\u00e9passe mais n'en est pas moins r\u00e9elle et bien questionnante !","authors":["Andr\u00e9 Comte-Sponville","Jean-Marie Pelt","Pierre Rabhi","Hubert Reeves","Patrice Van Eersel"],"category_codes":["4000000","4010000","4010200","4010207"],"visuals":{"large":"https:\/\/images.epagine.fr\/400\/9782226316400_1_75.jpg","medium":"https:\/\/images.epagine.fr\/400\/9782226316400_1_m.jpg","thumbnail":"https:\/\/images.epagine.fr\/400\/9782226316400_1_v.jpg"},"orderable":true,"show_badge":true,"formatted_price":"15,00&nbsp;\u20ac","formatted_published_date":"30 septembre 2015","publisher_availability_label":"Sur commande","short_details":"Andr\u00e9 Comte-Sponville, Jean-Marie Pelt, Pierre Rabhi, Hubert Reeves, Patrice Van Eersel \u2014 Albin Michel","translator":null,"weight":542,"page_count":160,"readership":null,"editor":"Albin Michel","price":1500,"published_date":"2015-09-29T22:00:00.000000Z","support":"Revue","publisher_availability":1,"stock":0,"editions":[],"url":"https:\/\/quaidesbrumes.com\/ouvrage\/9782226316400\/la-nature-miroir-du-divin"},{"id":"9782491364359","title":"Low-tech journal : coffert n.13 \u00e0 n.18 : Compil 2024","description":"L\u00b4int\u00e9grale des n\u00b013 \u00e0 18 du Low-Tech Journal en un seul mook ! Toutes les techniques douces pour sortir du syst\u00e8me techno-industriel : strat\u00e9gie du Y, solarpunk, compost Jean Pain, outils d\u00b4agriculture paysanne, b\u00e9lier hydraulique, construction biosourc\u00e9e, lactofermentation, fra\u00eecheur sans clim, sport pour l\u00b4anthropoc\u00e8ne, v\u00e9hicules interm\u00e9diaires, m\u00e9thaniseur domestique, chauffe-eau solaire, design syst\u00e9mique.. ","authors":["Collectif"],"category_codes":["4000000","4010000","4010200","4010208"],"visuals":{"large":"https:\/\/images.epagine.fr\/359\/9782491364359_1_75.jpg","medium":"https:\/\/images.epagine.fr\/359\/9782491364359_1_m.jpg","thumbnail":"https:\/\/images.epagine.fr\/359\/9782491364359_1_v.jpg"},"orderable":true,"show_badge":true,"formatted_price":"25,00&nbsp;\u20ac","formatted_published_date":"28 mai 2025","publisher_availability_label":"Sur commande","short_details":"Collectif \u2014 Dandelion","translator":null,"weight":505,"page_count":224,"readership":"Tout public","editor":"Dandelion","price":2500,"published_date":"2025-05-27T22:00:00.000000Z","support":"Revue","publisher_availability":1,"stock":0,"editions":[],"url":"https:\/\/quaidesbrumes.com\/ouvrage\/9782491364359\/low-tech-journal-coffert-n13-a-n18-compil-2024"},{"id":"9782919350001","title":"REVUE SCIENTIFIQUE BOURGOGNE-NATURE n.1 : chouettes hulottes ; vingt ans de suivi (\u00e9dition 2005)","description":null,"authors":["Revue Scientifique Bourgogne-Nature"],"category_codes":["4000000","4010000","4010300"],"visuals":{"large":"https:\/\/images.epagine.fr\/001\/9782919350001_1_75.jpg","medium":"https:\/\/images.epagine.fr\/001\/9782919350001_1_m.jpg","thumbnail":"https:\/\/images.epagine.fr\/001\/9782919350001_1_v.jpg"},"orderable":true,"show_badge":true,"formatted_price":"12,00&nbsp;\u20ac","formatted_published_date":"15 octobre 2005","publisher_availability_label":"Sur commande","short_details":"Revue Scientifique Bourgogne-Nature \u2014 Societe D'Histoire Naturelle D'Autun","translator":null,"weight":164,"page_count":80,"readership":null,"editor":"Societe D'Histoire Naturelle D'Autun","price":1200,"published_date":"2005-10-14T22:00:00.000000Z","support":"Revue","publisher_availability":1,"stock":0,"editions":[],"url":"https:\/\/quaidesbrumes.com\/ouvrage\/9782919350001\/revue-scientifique-bourgogne-nature-n1-chouettes-hulottes-vingt-ans-de-suivi-edition-2005"},{"id":"9782919350018","title":"REVUE SCIENTIFIQUE BOURGOGNE-NATURE n.2 : le jaseur bor\u00e9al ; un oiseau de la ta\u00efga en bourgogne (\u00e9dition 2005)","description":null,"authors":["Revue Scientifique Bourgogne-Nature"],"category_codes":["4000000","4010000","4010300"],"visuals":{"large":"https:\/\/images.epagine.fr\/018\/9782919350018_1_75.jpg","medium":"https:\/\/images.epagine.fr\/018\/9782919350018_1_m.jpg","thumbnail":"https:\/\/images.epagine.fr\/018\/9782919350018_1_v.jpg"},"orderable":true,"show_badge":true,"formatted_price":"12,00&nbsp;\u20ac","formatted_published_date":"15 avril 2006","publisher_availability_label":"Sur commande","short_details":"Revue Scientifique Bourgogne-Nature \u2014 Societe D'Histoire Naturelle D'Autun","translator":null,"weight":171,"page_count":84,"readership":null,"editor":"Societe D'Histoire Naturelle D'Autun","price":1200,"published_date":"2006-04-14T22:00:00.000000Z","support":"Revue","publisher_availability":1,"stock":0,"editions":[],"url":"https:\/\/quaidesbrumes.com\/ouvrage\/9782919350018\/revue-scientifique-bourgogne-nature-n2-le-jaseur-boreal-un-oiseau-de-la-taiga-en-bourgogne-edition-2005"}]}