{"data":[{"id":"9782807337503","title":"D\u00e9r\u00e8glement climatique : les vraies cons\u00e9quences sur la sant\u00e9 et la biodiversit\u00e9","description":"Quelles sont les causes et les cons\u00e9quences du d\u00e9r\u00e8glement climatique ? Notre sant\u00e9 et notre environnement sont-ils r\u00e9ellement en danger ? Un essai document\u00e9 d'une pr\u00e9cision chirurgicale, un constat implacable !\r\n\r\nOn peut comparer la situation du monde \u00e0 celle d'une structure maintenue par un ensemble de rivets, chacun d'eux repr\u00e9sentant un des \u00e9cosyst\u00e8mes : la temp\u00e9rature de l'atmosph\u00e8re, notre environnement, nos concitoyens, notre alimentation, le niveau de la mer, les insectes, la disposition en eau potable, la proximit\u00e9 d'une centrale nucl\u00e9aire... La modification progressive de ces donn\u00e9es, l'ablation progressive de ces rivets va-t-elle induire un effondrement progressif ou au contraire brutal de tout l'ensemble ?\r\nGlobalement, le r\u00e9chauffement climatique (canicules, s\u00e9cheresses ou pr\u00e9cipitations extr\u00eames) est l'\u00e9l\u00e9ment le plus grave qui menace notre sant\u00e9, il fait partie de notre exposome (d\u00e9finie comme la totalit\u00e9 des expositions d'un individu depuis sa conception jusqu'\u00e0 sa mort), compl\u00e9ment environnemental de notre g\u00e9nome, et constitue l'\u00e9l\u00e9ment dominant du concept One Health (une seule sant\u00e9), qui vise \u00e0 promouvoir une approche pluridisciplinaire et globale des enjeux sanitaires.\r\nSommaireAvant-propos - Pr\u00e9face de Gilles Boeuf - Remerciements Introduction1. \u00c0 quoi jouons-nous ?2. Donn\u00e9es scientifiques. Les fake news et le principe de Brandolini3. Historiquement, comment en est-on arriv\u00e9 l\u00e0 ?\r\nI. Le d\u00e9r\u00e8glement climatique et ses cons\u00e9quences mat\u00e9rielles4. Les \u00e9vidences climatiques5. Les s\u00e9cheresses, les incendies de for\u00eat et les d\u00e9forestations6. Les inondations. Les cyclones, ouragans et typhons7. L'oc\u00e9an, l'eau douce et l'air II. Les autres risques8. Les risques majeurs nucl\u00e9aires, pand\u00e9miques, tectoniques et d\u00e9mographiques9. Les risques socio-\u00e9conomiques : les conflits et les migrations ; l'effondrement \u00e9conomique et la dette publique III. Le d\u00e9r\u00e8glement climatique et ses cons\u00e9quences m\u00e9dicales et biologiques10. Les cons\u00e9quences majeures : les in\u00e9galit\u00e9s sociales et l'alimentation11. Les urgences m\u00e9dicales et les limites physiologiques de l'adaptation \u00e0 la chaleur12. Les pollutions particulaires et chimiques13. Trop de germes ou pas assez. Les allergies14. Biodiversit\u00e915. Sant\u00e9 et biodiversit\u00e9 ConclusionLa notion d'exposome et le concept One Health (\u00ab Une Sant\u00e9 \u00bb)","authors":["Bernard Swynghedauw","Gilles Boeuf"],"category_codes":["4000000","4010000","4010200","4010207"],"visuals":{"large":"https:\/\/images.epagine.fr\/503\/9782807337503_1_75.jpg","medium":"https:\/\/images.epagine.fr\/503\/9782807337503_1_m.jpg","thumbnail":"https:\/\/images.epagine.fr\/503\/9782807337503_1_v.jpg"},"orderable":true,"show_badge":true,"formatted_price":"14,90&nbsp;\u20ac","formatted_published_date":"25 janvier 2022","publisher_availability_label":"Sur commande","short_details":"Bernard Swynghedauw, Gilles Boeuf \u2014 De Boeck Sup\u00e9rieur","translator":null,"weight":250,"page_count":144,"readership":null,"editor":"De Boeck Sup\u00e9rieur","price":1490,"published_date":"2022-01-24T23:00:00.000000Z","support":"Grand format","publisher_availability":1,"stock":0,"editions":[],"url":"https:\/\/quaidesbrumes.com\/ouvrage\/9782807337503\/dereglement-climatique-les-vraies-consequences-sur-la-sante-et-la-biodiversite"},{"id":"9782372721127","title":"Les vertus des simples ; 11 plantes m\u00e9dicinales trait\u00e9es comme des \" mauvaises herbes \"","description":"Cahiers d'initiation holistique \u00e0 nos plantes de sant\u00e9 oubli\u00e9es.","authors":["Florence Faucompr\u00e9"],"category_codes":["4000000","4010000","4010400","4010404"],"visuals":{"large":"https:\/\/images.epagine.fr\/127\/9782372721127_1_75.jpg","medium":"https:\/\/images.epagine.fr\/127\/9782372721127_1_m.jpg","thumbnail":"https:\/\/images.epagine.fr\/127\/9782372721127_1_v.jpg"},"orderable":true,"show_badge":true,"formatted_price":"6,00&nbsp;\u20ac","formatted_published_date":"10 novembre 2016","publisher_availability_label":"Sur commande","short_details":"Florence Faucompr\u00e9 \u2014 Saint Jude","translator":null,"weight":64,"page_count":44,"readership":null,"editor":"Saint Jude","price":600,"published_date":"2016-11-09T23:00:00.000000Z","support":"Poche","publisher_availability":1,"stock":0,"editions":[],"url":"https:\/\/quaidesbrumes.com\/ouvrage\/9782372721127\/les-vertus-des-simples-11-plantes-medicinales-traitees-comme-des-mauvaises-herbes"},{"id":"9782372721332","title":"Deux plantes extraordinaires ; le Millepertuis et la Tanaisie","description":"Cahiers d'initiation holistique \u00e0 nos plantes de sant\u00e9 oubli\u00e9es.","authors":["Florence Faucompr\u00e9"],"category_codes":["4000000","4010000","4010400","4010404"],"visuals":{"large":"https:\/\/images.epagine.fr\/332\/9782372721332_1_75.jpg","medium":"https:\/\/images.epagine.fr\/332\/9782372721332_1_m.jpg","thumbnail":"https:\/\/images.epagine.fr\/332\/9782372721332_1_v.jpg"},"orderable":true,"show_badge":true,"formatted_price":"5,00&nbsp;\u20ac","formatted_published_date":"22 juin 2017","publisher_availability_label":"Sur commande","short_details":"Florence Faucompr\u00e9 \u2014 Saint Jude","translator":null,"weight":55,"page_count":36,"readership":null,"editor":"Saint Jude","price":500,"published_date":"2017-06-21T22:00:00.000000Z","support":"Poche","publisher_availability":1,"stock":0,"editions":[],"url":"https:\/\/quaidesbrumes.com\/ouvrage\/9782372721332\/deux-plantes-extraordinaires-le-millepertuis-et-la-tanaisie"},{"id":"9782372723367","title":"Saint Hubert : Patron des chasseurs","description":"Prudence - Respect - Protection divine\r\nSaint Hubert, prot\u00e8ge tous ceux qui vont en for\u00eat !\r\nC'est le protecteur des forestiers, des chiens, chevaux et faucons. On l'invoque aussi contre la rage et la peur.\r\nSon histoire se passe au septi\u00e8me si\u00e8cle, un Vendredi Saint, quand le fils du duc d'Aquitaine parti \u00e0 la chasse rencontre un cerf blanc dix-cors, une croix lumineuse entre les bois...","authors":["Equipe Editoriale  St Jude"],"category_codes":["4000000","4010000","4010500","4010502"],"visuals":{"large":"https:\/\/images.epagine.fr\/367\/9782372723367_1_75.jpg","medium":"https:\/\/images.epagine.fr\/367\/9782372723367_1_m.jpg","thumbnail":"https:\/\/images.epagine.fr\/367\/9782372723367_1_v.jpg"},"orderable":true,"show_badge":true,"formatted_price":"0,00&nbsp;\u20ac","formatted_published_date":"12 d\u00e9cembre 2024","publisher_availability_label":"Sur commande","short_details":"Equipe Editoriale  St Jude \u2014 Saint Jude","translator":null,"weight":20,"page_count":1,"readership":null,"editor":"Saint Jude","price":0,"published_date":"2024-12-11T23:00:00.000000Z","support":"Grand format","publisher_availability":1,"stock":0,"editions":[],"url":"https:\/\/quaidesbrumes.com\/ouvrage\/9782372723367\/saint-hubert-patron-des-chasseurs"},{"id":"9791032903933","title":"Soyons aussi intelligents que la nature !","description":"P\u00e9nuries annonc\u00e9es, pollution, malnutrition... Avons-nous vraiment b\u00e9n\u00e9fici\u00e9 des suppos\u00e9es avanc\u00e9es technologiques ? Pour Gunter Pauli, il est temps de r\u00e9volutionner notre consommation et nos moyens de production. Son business model ? La nature !\r\n\r\nNous avons fait l'erreur de vouloir supplanter la nature, persuad\u00e9s d'\u00eatre capables de l'augmenter. R\u00e9sultat, nous avons \u00e9puis\u00e9 notre plan\u00e8te.\r\n\r\nPour Gunter Pauli, le \u00ab Steve Jobs du d\u00e9veloppement durable \u00bb, cr\u00e9ateur du concept d'\u00ab \u00e9conomie bleue \u00bb, ces d\u00e9g\u00e2ts peuvent \u00eatre r\u00e9par\u00e9s. La solution est simple : il nous faut repenser notre syst\u00e8me de production agricole, vou\u00e9 \u00e0 l'\u00e9chec, en observant les ph\u00e9nom\u00e8nes naturels et en imitant leur fonctionnement, \u00e0 grande \u00e9chelle, afin de mieux cultiver et consommer ce que notre plan\u00e8te produit d\u00e9j\u00e0. C'est possible, et sans m\u00eame sacrifier notre confort !\r\n\r\nD\u00e9cryptant 12 tendances illustr\u00e9es par des cas concrets qui ont fait leur preuve aux quatre coins de la plan\u00e8te, Gunter Pauli annonce une v\u00e9ritable r\u00e9volution plan\u00e9taire : meilleures conditions de vie, dynamisme \u00e9conomique local, autosuffisance nationale, diversification de la faune et la flore... Une chance pour chacun d'entre nous !","authors":["Gunter Pauli","Idriss Aberkane"],"category_codes":["4000000","4010000","4010200","4010203"],"visuals":{"large":"https:\/\/images.epagine.fr\/933\/9791032903933_1_75.jpg","medium":"https:\/\/images.epagine.fr\/933\/9791032903933_1_m.jpg","thumbnail":"https:\/\/images.epagine.fr\/933\/9791032903933_1_v.jpg"},"orderable":true,"show_badge":true,"formatted_price":"19,00&nbsp;\u20ac","formatted_published_date":"30 mai 2018","publisher_availability_label":"Sur commande","short_details":"Gunter Pauli, Idriss Aberkane \u2014 Editions de L'Observatoire","translator":null,"weight":320,"page_count":256,"readership":null,"editor":"Editions de L'Observatoire","price":1900,"published_date":"2018-05-29T22:00:00.000000Z","support":"Grand format","publisher_availability":1,"stock":0,"editions":[],"url":"https:\/\/quaidesbrumes.com\/ouvrage\/9791032903933\/soyons-aussi-intelligents-que-la-nature"},{"id":"9791030104219","title":"La pachamama dans mon bocage : La transition d'une urbaine m\u00e9tisse devenue n\u00e9opaysanne","description":"Les r\u00e9flexions d'une n\u00e9opaysanne m\u00e9tisse, qui nous incite \u00e0 embrasser une nouvelle vie connect\u00e9e au vivant et fertile de liens riches.\r\nCosmopolite, biculturel et urbain : le profil de Linda Bedouet d\u00e9tonne en ruralit\u00e9. Dans sa vie d'avant, sa r\u00e9ussite sociale et professionnelle l'a conduite de d\u00e9sillusion en d\u00e9sillusion sur la vanit\u00e9 du monde tel qu'il va. La r\u00e9volte gronde... elle d\u00e9cide d'accomplir sa transition de n\u00e9opaysanne en Normandie. Mais introduire la Pachamama dans son bocage est aussi gouvern\u00e9 par l'amour, le d\u00e9sir profond des choses vraies. Une parole vivante et infiniment incarn\u00e9e, qui nous invite \u00e0 prendre notre tour !","authors":["Linda Bedouet"],"category_codes":["4000000","4010000","4010200","4010207"],"visuals":{"large":"https:\/\/quaidesbrumes.com\/img\/book-placeholder.png","medium":"https:\/\/quaidesbrumes.com\/img\/book-placeholder.png","thumbnail":"https:\/\/quaidesbrumes.com\/img\/book-placeholder.png"},"orderable":false,"show_badge":true,"formatted_price":"18,90&nbsp;\u20ac","formatted_published_date":null,"publisher_availability_label":"\u00c0 para\u00eetre","short_details":"Linda Bedouet \u2014 Tana \u00c9ditions","translator":null,"weight":0,"page_count":192,"readership":null,"editor":"Tana \u00c9ditions","price":1890,"published_date":null,"support":"Grand format","publisher_availability":2,"stock":0,"editions":[],"url":"https:\/\/quaidesbrumes.com\/ouvrage\/9791030104219\/la-pachamama-dans-mon-bocage-la-transition-dune-urbaine-metisse-devenue-neopaysanne"},{"id":"9782701198415","title":"Observer avec des jumelles ; guide complet d'achat et d'utilisation, digiscopie, vis\u00e9e, longues-vues...","description":"Voici enfin le premier guide consacr\u00e9 aux jumelles et aux optiques de loisirs ! Avec plus de 100 marques existantes, difficile de faire le bon choix lorsque l'on souhaite investir dans cet accessoire indispensable, que ce soit pour observer la nature, les activit\u00e9s sportives, se rep\u00e9rer en mer ou en randonn\u00e9e ou s'\u00e9merveiller de l'immensit\u00e9 de l'Univers.\r\nQuelles jumelles pour quel usage ? Comment choisir entre plusieurs paires ? Que faire en cas de probl\u00e8me de vue ? Quels r\u00e9glages et quel entretien ? Comment se lancer dans la digiscopie ? Quel budget faut-il mettre et est-il justifi\u00e9 ? Comment choisir une longue-vue ou une lunette de vis\u00e9e ? C'est \u00e0 toutes ces questions pratiques et \u00e0 bien d'autres que r\u00e9pondent deux sp\u00e9cialistes reconnus dans ce guide, fruit d'un long travail d'enqu\u00eate dans les coulisses des fabricants et de tests m\u00e9ticuleux utilisant 4 bancs optiques diff\u00e9rents. Indispensable pour partir du bon oeil !\r\n\r\nRetrouvez l'actualit\u00e9 du livre et encore plus de tests de mat\u00e9riel sur le site http:\/\/test-jumelles.fr\/","authors":["Guillaume Blanchard","Jean-luc Dauvergne"],"category_codes":["4000000","4010000","4010300"],"visuals":{"large":"https:\/\/images.epagine.fr\/415\/9782701198415_1_75.jpg","medium":"https:\/\/images.epagine.fr\/415\/9782701198415_1_m.jpg","thumbnail":"https:\/\/images.epagine.fr\/415\/9782701198415_1_v.jpg"},"orderable":true,"show_badge":true,"formatted_price":"25,00&nbsp;\u20ac","formatted_published_date":"3 novembre 2016","publisher_availability_label":"Sur commande","short_details":"Guillaume Blanchard, Jean-luc Dauvergne \u2014 Belin \u00c9diteur","translator":null,"weight":448,"page_count":288,"readership":null,"editor":"Belin \u00c9diteur","price":2500,"published_date":"2016-11-02T23:00:00.000000Z","support":"Grand format","publisher_availability":1,"stock":0,"editions":[],"url":"https:\/\/quaidesbrumes.com\/ouvrage\/9782701198415\/observer-avec-des-jumelles-guide-complet-dachat-et-dutilisation-digiscopie-visee-longues-vues"},{"id":"9782130364917","title":"Logique de l'espace industriel","description":"L'industrie a \u00e9t\u00e9 le plus puissant des agents de diff\u00e9renciation spatiale. L'activit\u00e9 industrielle a f\u00e9cond\u00e9 une minorit\u00e9 de pays qui assurent encore l'essentiel de la production mondiale et b\u00e9n\u00e9ficient du niveau de vie le plus \u00e9lev\u00e9. Mais ce privil\u00e8ge n'est plus exclusif ; dans un contexte de crise, de vieilles r\u00e9gions industrielles vacillent alors que certains riverains du Pacifique amorcent une industrialisation effr\u00e9n\u00e9e. \r\nAu-del\u00e0 des descriptions minutieuses et des inductions g\u00e9n\u00e9ralisantes, peut-on concevoir un corpus th\u00e9orique qui donne l'intelligence de la structure et de la dynamique de l'espace industriel ? La r\u00e9flexion th\u00e9orique n\u00e9e de l'\u00e9conomie spatiale s'est \u00e9panouie au contact des diverses sciences sociales. Mais les clivages id\u00e9ologiques demeurent ; les mutations actuelles sont-elles une r\u00e9ponse du syst\u00e8me industriel aux transformations technologiques ou un red\u00e9ploiement conforme \u00e0 la logique du capital au stade monopoliste ? \r\nClaude Manzagol est directeur du D\u00e9partement de G\u00e9ographie de l'Universit\u00e9 de Montr\u00e9al.","authors":["Claude Manzagol"],"category_codes":["4000000","4010000","4010200","4010207"],"visuals":{"large":"https:\/\/quaidesbrumes.com\/img\/book-placeholder.png","medium":"https:\/\/quaidesbrumes.com\/img\/book-placeholder.png","thumbnail":"https:\/\/quaidesbrumes.com\/img\/book-placeholder.png"},"orderable":true,"show_badge":true,"formatted_price":"17,50&nbsp;\u20ac","formatted_published_date":"5 novembre 1992","publisher_availability_label":"Sur commande","short_details":"Claude Manzagol \u2014 PUF","translator":null,"weight":296,"page_count":248,"readership":null,"editor":"PUF","price":1750,"published_date":"1992-11-04T23:00:00.000000Z","support":"Grand format","publisher_availability":1,"stock":0,"editions":[],"url":"https:\/\/quaidesbrumes.com\/ouvrage\/9782130364917\/logique-de-lespace-industriel"},{"id":"9782130513988","title":"L'univers","description":"Cet ouvrage propose un aper\u00e7u de ce que l'on sait aujourd'hui sur l'Univers dans son ensemble, sa nature, sa composition et son histoire.Il rassemble en un format de poche ce qu'un \"honn\u00eate\" lecteur doit savoir sur l'Univers, en tenant compte des observations et d\u00e9couvertes les plus r\u00e9centes sur ce vaste sujet.\r\nTable des mati\u00e8res Introduction, 3 Chapitre I - L'histoire du concept d'Univers, 7 Chapitre II - Comment voir et comprendre l'Univers, 23 I. L'observation des rayonnements \u00e9lectromagn\u00e9tiques, 24 - II. Autres observations d'int\u00e9r\u00eat astrophysique, 38 - III. Mod\u00e8les astrophysiques. Investigations th\u00e9oriques, 47.\r\n\r\nChapitre III - Les habitants du ciel ou les diff\u00e9rents composants de l'Univers, 51 I. L'Univers subnucl\u00e9aire, nucl\u00e9aire et atomique, 56 - II. La mati\u00e8re \" ordinaire \" aux \u00e9chelles \" humaines \", 58 - III. Le monde des plan\u00e8tes, 60 - IV. Le monde des \u00e9toiles, 69 - V. Le monde des galaxies, 79.\r\n\r\nChapitre IV - L'histoire de l'Univers, 95 I. Les fondements observationnels et th\u00e9oriques du Big Bang, 95 - II. Une br\u00e8ve histoire de l'Univers, 105 - III. L'\u00e8re particulaire ou la premi\u00e8re seconde, 108 - IV. L'\u00e8re nucl\u00e9aire ou les trois premi\u00e8res minutes de l'Univers, 112 - V. L'\u00e8re radiative ou le premier million d'ann\u00e9es, 113 - VI. L'\u00e8re mat\u00e9rielle ou stellaire, 115.\r\n\r\n\u00c9pilogue, 119 I. Les probl\u00e8mes non r\u00e9solus aujourd'hui, 121 - II. Les probl\u00e8mes qui resteraient sans solution dans le cadre de la physique, 121.\r\n\r\nBibliographie, 125","authors":["Jean Audouze"],"category_codes":["4000000","4010000","4010200","4010207"],"visuals":{"large":"https:\/\/images.epagine.fr\/988\/9782130513988_1_75.jpg","medium":"https:\/\/images.epagine.fr\/988\/9782130513988_1_m.jpg","thumbnail":"https:\/\/images.epagine.fr\/988\/9782130513988_1_v.jpg"},"orderable":true,"show_badge":true,"formatted_price":"10,00&nbsp;\u20ac","formatted_published_date":"8 novembre 2000","publisher_availability_label":"Sur commande","short_details":"Jean Audouze \u2014 Que sais-je ?","translator":null,"weight":95,"page_count":128,"readership":null,"editor":"Que sais-je ?","price":1000,"published_date":"2000-11-07T23:00:00.000000Z","support":"Poche","publisher_availability":1,"stock":0,"editions":[],"url":"https:\/\/quaidesbrumes.com\/ouvrage\/9782130513988\/lunivers"},{"id":"9782130870524","title":"Lot de 10 exemplaires Catalogue Kant","description":null,"authors":[],"category_codes":["4000000","4010000","4010200","4010207"],"visuals":{"large":"https:\/\/quaidesbrumes.com\/img\/book-placeholder.png","medium":"https:\/\/quaidesbrumes.com\/img\/book-placeholder.png","thumbnail":"https:\/\/quaidesbrumes.com\/img\/book-placeholder.png"},"orderable":false,"show_badge":true,"formatted_price":"0,00&nbsp;\u20ac","formatted_published_date":null,"publisher_availability_label":"\u00c0 para\u00eetre","short_details":"PUF","translator":null,"weight":0,"page_count":null,"readership":null,"editor":"PUF","price":0,"published_date":null,"support":"Grand format","publisher_availability":2,"stock":0,"editions":[],"url":"https:\/\/quaidesbrumes.com\/ouvrage\/9782130870524\/lot-de-10-exemplaires-catalogue-kant"},{"id":"9782130890317","title":"10 MARQUE-PAGES \"CLASSIQUES DE L'ECOLOGIE\"","description":null,"authors":[],"category_codes":["4000000","4010000","4010200","4010207"],"visuals":{"large":"https:\/\/quaidesbrumes.com\/img\/book-placeholder.png","medium":"https:\/\/quaidesbrumes.com\/img\/book-placeholder.png","thumbnail":"https:\/\/quaidesbrumes.com\/img\/book-placeholder.png"},"orderable":true,"show_badge":true,"formatted_price":"0,00&nbsp;\u20ac","formatted_published_date":"21 mai 2025","publisher_availability_label":"Sur commande","short_details":"PUF","translator":null,"weight":0,"page_count":null,"readership":null,"editor":"PUF","price":0,"published_date":"2025-05-20T22:00:00.000000Z","support":"Grand format","publisher_availability":1,"stock":0,"editions":[],"url":"https:\/\/quaidesbrumes.com\/ouvrage\/9782130890317\/10-marque-pages-classiques-de-lecologie"},{"id":"9782130377153","title":"Le tourisme face \u00e0 l'environnement","description":"Cet ouvrage est une r\u00e9\u00e9dition num\u00e9rique d'un livre paru au XXe si\u00e8cle, d\u00e9sormais indisponible dans son format d'origine.","authors":[],"category_codes":["4000000","4010000","4010200","4010207"],"visuals":{"large":"https:\/\/images.epagine.fr\/153\/9782130377153_1_75.jpg","medium":"https:\/\/images.epagine.fr\/153\/9782130377153_1_m.jpg","thumbnail":"https:\/\/images.epagine.fr\/153\/9782130377153_1_v.jpg"},"orderable":true,"show_badge":true,"formatted_price":"23,90&nbsp;\u20ac","formatted_published_date":"29 juillet 2000","publisher_availability_label":"Sur commande","short_details":"PUF","translator":null,"weight":292,"page_count":240,"readership":null,"editor":"PUF","price":2390,"published_date":"2000-07-28T22:00:00.000000Z","support":"Grand format","publisher_availability":1,"stock":0,"editions":[],"url":"https:\/\/quaidesbrumes.com\/ouvrage\/9782130377153\/le-tourisme-face-a-lenvironnement"},{"id":"9782712215804","title":"Vivre en \u00e9cosyst\u00e8me \u00e9tendu : un nouveau d\u00e9fi pour l'\u00e9cologie","description":"Ce livre reprend, prolonge et met en forme les travaux pr\u00e9sent\u00e9s lors d'un s\u00e9minaire sur l'\u00e9cologie int\u00e9grale organis\u00e9 par le Centre Teilhard de Chardin. L'objectif est de contribuer \u00e0 la r\u00e9flexion sur l'am\u00e9nagement du plateau de Saclay, au sud de Paris, avec une approche \u00e9cologique qui prendrait les diff\u00e9rentes r\u00e9alit\u00e9s en compte. Le d\u00e9veloppement du plateau de Saclay est en effet un immense projet humain, \u00e9conomique et scientifique de faire cohabiter, sur une zone anciennement agricole, des \u00e9coles, des p\u00f4les de recherche et d'innovation et des industries, en les organisant au maximum en r\u00e9seau pour qu'ils puissent profiter des atouts et id\u00e9es les uns des autres dans les technologies les plus modernes et dans une approche respectueuse de tout l'environnement.\r\nL'\u00e9quipe pluridisciplinaire de chercheurs qui s'est pench\u00e9e sur ce sujet en est venue \u00e0 \u00e9laborer une formidable r\u00e9flexion sur ce qu'est un \u00e9cosyst\u00e8me humain et naturel et \u00e0 proposer la notion d'\u00e9cosyst\u00e8me \u00e9tendu, \u00e0 la fois comme cl\u00e9 de compr\u00e9hension des enjeux et comme ensemble de principes m\u00e9thodiques pour aborder l'\u00e9cologie int\u00e9grale.\r\nEn effet, depuis quelques ann\u00e9es, le mot \u00e9cosyst\u00e8me est de plus en plus employ\u00e9 et appliqu\u00e9 \u00e0 des domaines vari\u00e9s au risque, disent certains scientifiques, que le mot se vide de son sens. Or ces diff\u00e9rents \u00e9cosyst\u00e8mes sont souvent pens\u00e9s isol\u00e9ment par des sp\u00e9cialistes centr\u00e9s sur une partie du tout. Il y a l\u00e0 une occasion de mettre en relation un r\u00e9seau d'acteurs plus grand et de penser les interactions entre eux. La notion d'\u00e9cosyst\u00e8me \u00e9tendu permet de prendre en compte dans un m\u00eame mouvement les impacts sur l'environnement naturel, sur nos r\u00e9seaux proches et sur les organisations en tant que professionnels ou citoyens, et sur les personnes humaines, leurs pens\u00e9es, leurs sentiments, leurs \u00e9tats d'\u00e2me. Se penser en \u00e9cosyst\u00e8me \u00e9tendu, c'est donc immanquablement faire appel \u00e0 l'intelligence collective mais aussi puiser dans les ressources spirituelles de la recherche de sens et mobiliser les relations fraternelles qui nous permettront durablement de vivre ensemble.\r\nCe livre propose un chemin, sous la forme d'une m\u00e9thode, pour mieux appr\u00e9hender les liens entre divers registres (\u00e9cologique, \u00e9conomique, th\u00e9ologique...) et faciliter la conversion \u00e0 l'\u00e9cologie int\u00e9grale.","authors":["Collectif"],"category_codes":["4000000","4010000","4010200","4010204"],"visuals":{"large":"https:\/\/images.epagine.fr\/804\/9782712215804_1_75.jpg","medium":"https:\/\/images.epagine.fr\/804\/9782712215804_1_m.jpg","thumbnail":"https:\/\/images.epagine.fr\/804\/9782712215804_1_v.jpg"},"orderable":true,"show_badge":true,"formatted_price":"23,00&nbsp;\u20ac","formatted_published_date":"29 septembre 2022","publisher_availability_label":"Sur commande","short_details":"Collectif \u2014 M\u00e9diaspaul","translator":null,"weight":296,"page_count":160,"readership":null,"editor":"M\u00e9diaspaul","price":2300,"published_date":"2022-09-28T22:00:00.000000Z","support":"Grand format","publisher_availability":1,"stock":0,"editions":[],"url":"https:\/\/quaidesbrumes.com\/ouvrage\/9782712215804\/vivre-en-ecosysteme-etendu-un-nouveau-defi-pour-lecologie"},{"id":"9782889538041","title":"Hiver green : No\u00ebl, nouvel an, raclettes, vacances au ski, chauffage  tous les \u00e9cogestes pour kiffer","description":"Spoiler alert : le d\u00e9r\u00e8glement climatique ce n'est pas que pendant la canicule. L'hiver, c'est m\u00eame la p\u00e9riode o\u00f9 notre impact sur la plan\u00e8te est le plus fort. Pourquoi ? Ici on te dit tout : le tourisme de masse, le chauffage, la surconsommation, etc. Mais pas de panique, tu vas voir, on peut tr\u00e8s bien r\u00e9ussir \u00e0 profiter des petits plaisirs de l'hiver de fa\u00e7on \u00e9colo !\r\nAu programme : des DIY pour f\u00eater No\u00ebl et le Nouvel An en mode green , des astuces pour faire des \u00e9conomies d'eau et d'\u00e9nergie au quotidien, des recettes de cuisine \u00e9conomiques , mais aussi les bonnes pratiques \u00e9cotouristiques , et, cerise sur le g\u00e2teau, des arguments pour r\u00e9pondre \u00e0 ton tonton \u00e9colo-sceptique? Tout cela, toujours avec une petite pointe d'humour !","authors":["Cindy @bee.greener"],"category_codes":["4000000","4010000","4010200"],"visuals":{"large":"https:\/\/images.epagine.fr\/041\/9782889538041_1_75.jpg","medium":"https:\/\/images.epagine.fr\/041\/9782889538041_1_m.jpg","thumbnail":"https:\/\/images.epagine.fr\/041\/9782889538041_1_v.jpg"},"orderable":true,"show_badge":true,"formatted_price":"16,95&nbsp;\u20ac","formatted_published_date":"24 octobre 2023","publisher_availability_label":"Sur commande","short_details":"Cindy @bee.greener \u2014 \u00c9ditions Jouvence","translator":null,"weight":244,"page_count":192,"readership":null,"editor":"\u00c9ditions Jouvence","price":1695,"published_date":"2023-10-23T22:00:00.000000Z","support":"Grand format","publisher_availability":1,"stock":0,"editions":[],"url":"https:\/\/quaidesbrumes.com\/ouvrage\/9782889538041\/hiver-green-noel-nouvel-an-raclettes-vacances-au-ski-chauffage-tous-les-ecogestes-pour-kiffer"},{"id":"9783516742336","title":"Les balades au Cap Corse (Calendrier mural 2026 DIN A4 vertical), CALVENDO calendrier mensuel : Balades et visites autour du Cap Corse","description":"Le Cap Corse, avec ses paysages sauvages et ses villages pittoresques, est un v\u00e9ritable paradis pour les amateurs de randonn\u00e9es et de balades en pleine nature. Ce bout de terre qui s'avance dans la mer M\u00e9diterran\u00e9e est souvent consid\u00e9r\u00e9 comme l'un des coins les plus authentiques et pr\u00e9serv\u00e9s de la Corse.\r\n\r\nCalendrier mural de qualit\u00e9 sup\u00e9rieure avec 12 magnifiques photos. L'environnement nous tient \u00e0 coeur. C'est pourquoi nous utilisons exclusivement du papier certifi\u00e9 FSC provenant de for\u00eats g\u00e9r\u00e9es de mani\u00e8re \u00e9coresponsable. Nous \u00e9vitons la surproduction et donc des quantit\u00e9s significatives de d\u00e9chets, en produisant dans l'UE \u00e0 l'unit\u00e9 et sur demande. Nous r\u00e9duisons nos distances de transport et assurons une logistique respectueuse de l'environnement.\r\n\r\n14 pages dont 1 couverture | 12 pages mensuelles | 1 page d'index | dos cartonn\u00e9\r\n\r\nIllustrations:\r\nJanvier: Bastia l'\u00e9glise Saint-Jean-Baptiste et le vieux port\r\nF\u00e9vrier: Environ de Centuri\r\nMars: La mer vue du village de Canari\r\nAvril: Port de Macinaggio\r\nMai: Rogliano\r\nJuin: Eglise Saint-Michel \u00e0 Murato\r\nJuillet: Tour g\u00e9noise\r\nAo\u00fbt: Ilot de la Giraglia\r\nSeptembre: R\u00e9gion de Patrimonio\r\nOctobre: Eglise Sainte-Julie de Nonza\r\nNovembre: Vue de Nonza\r\nD\u00e9cembre: Oletta\r\n\r\nQUALITATIF - un calendrier annuel de qualit\u00e9 sup\u00e9rieure avec 12 magnifiques motifs, sur papier d'impression photo, avec une reliure spirale robuste et un crochet de suspension.\r\nDURABLE - r\u00e9duction significative des d\u00e9chets gr\u00e2ce \u00e0 une fabrication sur papier certifi\u00e9 FSC \u00e0 l'unit\u00e9 et sur demande, production dans l'UE, logistique \u00e9cologique.\r\nCADEAU ID\u00c9AL - destin\u00e9 \u00e0 vos contacts priv\u00e9s ou professionnels, \u00e0 la famille ou aux amis, aux jeunes adultes ou aux moins jeunes,  pour un cadeau de No\u00ebl ou d'anniversaire ou juste pour le plaisir d'offrir.\r\nDIVERSIFI\u00c9 - de nombreux formats DIN A4 ou DIN A3, pour s'adapter \u00e0 toutes vos envies et vos cadres de vie.\r\nBalades et visites autour du Cap Corse par l'auteur(rice): Alain BEZIERS","authors":["Alain Beziers"],"category_codes":["4000000","4010000","4010200"],"visuals":{"large":"https:\/\/images.epagine.fr\/336\/9783516742336_1_75.jpg","medium":"https:\/\/images.epagine.fr\/336\/9783516742336_1_m.jpg","thumbnail":"https:\/\/images.epagine.fr\/336\/9783516742336_1_v.jpg"},"orderable":true,"show_badge":true,"formatted_price":"0,00&nbsp;\u20ac","formatted_published_date":"1er janvier 2026","publisher_availability_label":"Sur commande","short_details":"Alain Beziers \u2014 Calvendo","translator":null,"weight":210,"page_count":14,"readership":null,"editor":"Calvendo","price":0,"published_date":"2025-12-31T23:00:00.000000Z","support":"Calendrier","publisher_availability":1,"stock":0,"editions":[],"url":"https:\/\/quaidesbrumes.com\/ouvrage\/9783516742336\/les-balades-au-cap-corse-calendrier-mural-2026-din-a4-vertical-calvendo-calendrier-mensuel-balades-et-visites-autour-du-cap-corse"},{"id":"9783516742343","title":"Les balades au Cap Corse (Calendrier mural 2026 DIN A3 vertical), CALVENDO calendrier mensuel : Balades et visites autour du Cap Corse","description":"Le Cap Corse, avec ses paysages sauvages et ses villages pittoresques, est un v\u00e9ritable paradis pour les amateurs de randonn\u00e9es et de balades en pleine nature. Ce bout de terre qui s'avance dans la mer M\u00e9diterran\u00e9e est souvent consid\u00e9r\u00e9 comme l'un des coins les plus authentiques et pr\u00e9serv\u00e9s de la Corse.\r\n\r\nCalendrier mural de qualit\u00e9 sup\u00e9rieure avec 12 magnifiques photos. L'environnement nous tient \u00e0 coeur. C'est pourquoi nous utilisons exclusivement du papier certifi\u00e9 FSC provenant de for\u00eats g\u00e9r\u00e9es de mani\u00e8re \u00e9coresponsable. Nous \u00e9vitons la surproduction et donc des quantit\u00e9s significatives de d\u00e9chets, en produisant dans l'UE \u00e0 l'unit\u00e9 et sur demande. Nous r\u00e9duisons nos distances de transport et assurons une logistique respectueuse de l'environnement.\r\n\r\n14 pages dont 1 couverture | 12 pages mensuelles | 1 page d'index | dos cartonn\u00e9\r\n\r\nIllustrations:\r\nJanvier: Bastia l'\u00e9glise Saint-Jean-Baptiste et le vieux port\r\nF\u00e9vrier: Environ de Centuri\r\nMars: La mer vue du village de Canari\r\nAvril: Port de Macinaggio\r\nMai: Rogliano\r\nJuin: Eglise Saint-Michel \u00e0 Murato\r\nJuillet: Tour g\u00e9noise\r\nAo\u00fbt: Ilot de la Giraglia\r\nSeptembre: R\u00e9gion de Patrimonio\r\nOctobre: Eglise Sainte-Julie de Nonza\r\nNovembre: Vue de Nonza\r\nD\u00e9cembre: Oletta\r\n\r\nQUALITATIF - un calendrier annuel de qualit\u00e9 sup\u00e9rieure avec 12 magnifiques motifs, sur papier d'impression photo, avec une reliure spirale robuste et un crochet de suspension.\r\nDURABLE - r\u00e9duction significative des d\u00e9chets gr\u00e2ce \u00e0 une fabrication sur papier certifi\u00e9 FSC \u00e0 l'unit\u00e9 et sur demande, production dans l'UE, logistique \u00e9cologique.\r\nCADEAU ID\u00c9AL - destin\u00e9 \u00e0 vos contacts priv\u00e9s ou professionnels, \u00e0 la famille ou aux amis, aux jeunes adultes ou aux moins jeunes,  pour un cadeau de No\u00ebl ou d'anniversaire ou juste pour le plaisir d'offrir.\r\nDIVERSIFI\u00c9 - de nombreux formats DIN A4 ou DIN A3, pour s'adapter \u00e0 toutes vos envies et vos cadres de vie.\r\nBalades et visites autour du Cap Corse par l'auteur(rice): Alain BEZIERS","authors":["Alain Beziers"],"category_codes":["4000000","4010000","4010200"],"visuals":{"large":"https:\/\/images.epagine.fr\/343\/9783516742343_1_75.jpg","medium":"https:\/\/images.epagine.fr\/343\/9783516742343_1_m.jpg","thumbnail":"https:\/\/images.epagine.fr\/343\/9783516742343_1_v.jpg"},"orderable":true,"show_badge":true,"formatted_price":"0,00&nbsp;\u20ac","formatted_published_date":"1er janvier 2026","publisher_availability_label":"Sur commande","short_details":"Alain Beziers \u2014 Calvendo","translator":null,"weight":460,"page_count":14,"readership":null,"editor":"Calvendo","price":0,"published_date":"2025-12-31T23:00:00.000000Z","support":"Calendrier","publisher_availability":1,"stock":0,"editions":[],"url":"https:\/\/quaidesbrumes.com\/ouvrage\/9783516742343\/les-balades-au-cap-corse-calendrier-mural-2026-din-a3-vertical-calvendo-calendrier-mensuel-balades-et-visites-autour-du-cap-corse"},{"id":"9783516742350","title":"Les balades au Cap Corse (Calendrier mural 2026 DIN A2 vertical), CALVENDO calendrier mensuel : Balades et visites autour du Cap Corse","description":"Le Cap Corse, avec ses paysages sauvages et ses villages pittoresques, est un v\u00e9ritable paradis pour les amateurs de randonn\u00e9es et de balades en pleine nature. Ce bout de terre qui s'avance dans la mer M\u00e9diterran\u00e9e est souvent consid\u00e9r\u00e9 comme l'un des coins les plus authentiques et pr\u00e9serv\u00e9s de la Corse.\r\n\r\nCalendrier mural de qualit\u00e9 sup\u00e9rieure avec 12 magnifiques photos. L'environnement nous tient \u00e0 coeur. C'est pourquoi nous utilisons exclusivement du papier certifi\u00e9 FSC provenant de for\u00eats g\u00e9r\u00e9es de mani\u00e8re \u00e9coresponsable. Nous \u00e9vitons la surproduction et donc des quantit\u00e9s significatives de d\u00e9chets, en produisant dans l'UE \u00e0 l'unit\u00e9 et sur demande. Nous r\u00e9duisons nos distances de transport et assurons une logistique respectueuse de l'environnement.\r\n\r\n14 pages dont 1 couverture | 12 pages mensuelles | 1 page d'index | dos cartonn\u00e9\r\n\r\nIllustrations:\r\nJanvier: Bastia l'\u00e9glise Saint-Jean-Baptiste et le vieux port\r\nF\u00e9vrier: Environ de Centuri\r\nMars: La mer vue du village de Canari\r\nAvril: Port de Macinaggio\r\nMai: Rogliano\r\nJuin: Eglise Saint-Michel \u00e0 Murato\r\nJuillet: Tour g\u00e9noise\r\nAo\u00fbt: Ilot de la Giraglia\r\nSeptembre: R\u00e9gion de Patrimonio\r\nOctobre: Eglise Sainte-Julie de Nonza\r\nNovembre: Vue de Nonza\r\nD\u00e9cembre: Oletta\r\n\r\nQUALITATIF - un calendrier annuel de qualit\u00e9 sup\u00e9rieure avec 12 magnifiques motifs, sur papier d'impression photo, avec une reliure spirale robuste et un crochet de suspension.\r\nDURABLE - r\u00e9duction significative des d\u00e9chets gr\u00e2ce \u00e0 une fabrication sur papier certifi\u00e9 FSC \u00e0 l'unit\u00e9 et sur demande, production dans l'UE, logistique \u00e9cologique.\r\nCADEAU ID\u00c9AL - destin\u00e9 \u00e0 vos contacts priv\u00e9s ou professionnels, \u00e0 la famille ou aux amis, aux jeunes adultes ou aux moins jeunes,  pour un cadeau de No\u00ebl ou d'anniversaire ou juste pour le plaisir d'offrir.\r\nDIVERSIFI\u00c9 - de nombreux formats DIN A4 ou DIN A3, pour s'adapter \u00e0 toutes vos envies et vos cadres de vie.\r\nBalades et visites autour du Cap Corse par l'auteur(rice): Alain BEZIERS","authors":["Alain Beziers"],"category_codes":["4000000","4010000","4010200"],"visuals":{"large":"https:\/\/images.epagine.fr\/350\/9783516742350_1_75.jpg","medium":"https:\/\/images.epagine.fr\/350\/9783516742350_1_m.jpg","thumbnail":"https:\/\/images.epagine.fr\/350\/9783516742350_1_v.jpg"},"orderable":true,"show_badge":true,"formatted_price":"0,00&nbsp;\u20ac","formatted_published_date":"1er janvier 2026","publisher_availability_label":"Sur commande","short_details":"Alain Beziers \u2014 Calvendo","translator":null,"weight":940,"page_count":14,"readership":null,"editor":"Calvendo","price":0,"published_date":"2025-12-31T23:00:00.000000Z","support":"Calendrier","publisher_availability":1,"stock":0,"editions":[],"url":"https:\/\/quaidesbrumes.com\/ouvrage\/9783516742350\/les-balades-au-cap-corse-calendrier-mural-2026-din-a2-vertical-calvendo-calendrier-mensuel-balades-et-visites-autour-du-cap-corse"},{"id":"9783516742367","title":"Les balades au Cap Corse (Calendrier de bureau 2026 DIN A5 vertical), CALVENDO calendrier mensuel : Balades et visites autour du Cap Corse","description":"Le Cap Corse, avec ses paysages sauvages et ses villages pittoresques, est un v\u00e9ritable paradis pour les amateurs de randonn\u00e9es et de balades en pleine nature. Ce bout de terre qui s'avance dans la mer M\u00e9diterran\u00e9e est souvent consid\u00e9r\u00e9 comme l'un des coins les plus authentiques et pr\u00e9serv\u00e9s de la Corse.\r\n\r\nCalendrier de bureau de qualit\u00e9 sup\u00e9rieure avec 12 magnifiques photos. L'environnement nous tient \u00e0 coeur. C'est pourquoi nous utilisons exclusivement du papier certifi\u00e9 FSC provenant de for\u00eats g\u00e9r\u00e9es de mani\u00e8re \u00e9coresponsable. Nous \u00e9vitons la surproduction et donc des quantit\u00e9s significatives de d\u00e9chets, en produisant dans l'UE \u00e0 l'unit\u00e9 et sur demande. Nous r\u00e9duisons nos distances de transport et assurons une logistique respectueuse de l'environnement.\r\n\r\n14 pages dont 1 couverture | 12 pages mensuelles | 1 page d'index I dos cartonn\u00e9.\r\n\r\nIllustrations:\r\nJanvier: Bastia l'\u00e9glise Saint-Jean-Baptiste et le vieux port\r\nF\u00e9vrier: Environ de Centuri\r\nMars: La mer vue du village de Canari\r\nAvril: Port de Macinaggio\r\nMai: Rogliano\r\nJuin: Eglise Saint-Michel \u00e0 Murato\r\nJuillet: Tour g\u00e9noise\r\nAo\u00fbt: Ilot de la Giraglia\r\nSeptembre: R\u00e9gion de Patrimonio\r\nOctobre: Eglise Sainte-Julie de Nonza\r\nNovembre: Vue de Nonza\r\nD\u00e9cembre: Oletta\r\n\r\nQUALITATIF - un calendrier annuel de qualit\u00e9 sup\u00e9rieure avec 12 magnifiques motifs, sur papier d'impression photo, avec une reliure spirale robuste.\r\nDURABLE - r\u00e9duction significative des d\u00e9chets gr\u00e2ce \u00e0 une fabrication sur papier certifi\u00e9 FSC \u00e0 l'unit\u00e9 et sur demande, production dans l'UE, logistique \u00e9cologique.\r\nCADEAU ID\u00c9AL - destin\u00e9 \u00e0 vos contacts priv\u00e9s ou professionnels, \u00e0 la famille ou aux amis, aux jeunes adultes ou aux moins jeunes,  pour un cadeau de No\u00ebl ou d'anniversaire ou juste pour le plaisir d'offrir.\r\nDIVERSIFI\u00c9 - de nombreux formats DIN A4 ou DIN A3, pour s'adapter \u00e0 toutes vos envies et vos cadres de vie.\r\nBalades et visites autour du Cap Corse par l'auteur(rice): Alain BEZIERS","authors":["Alain Beziers"],"category_codes":["4000000","4010000","4010200"],"visuals":{"large":"https:\/\/images.epagine.fr\/367\/9783516742367_1_75.jpg","medium":"https:\/\/images.epagine.fr\/367\/9783516742367_1_m.jpg","thumbnail":"https:\/\/images.epagine.fr\/367\/9783516742367_1_v.jpg"},"orderable":true,"show_badge":true,"formatted_price":"0,00&nbsp;\u20ac","formatted_published_date":"1er janvier 2026","publisher_availability_label":"Sur commande","short_details":"Alain Beziers \u2014 Calvendo","translator":null,"weight":165,"page_count":14,"readership":null,"editor":"Calvendo","price":0,"published_date":"2025-12-31T23:00:00.000000Z","support":"Calendrier","publisher_availability":1,"stock":0,"editions":[],"url":"https:\/\/quaidesbrumes.com\/ouvrage\/9783516742367\/les-balades-au-cap-corse-calendrier-de-bureau-2026-din-a5-vertical-calvendo-calendrier-mensuel-balades-et-visites-autour-du-cap-corse"},{"id":"9783516742374","title":"Les balades au Cap Corse  (Calendrier mural 2026 DIN A2 vertical) calendrier de bureau : Balades et visites autour du Cap Corse","description":"Le Cap Corse, avec ses paysages sauvages et ses villages pittoresques, est un v\u00e9ritable paradis pour les amateurs de randonn\u00e9es et de balades en pleine nature. Ce bout de terre qui s'avance dans la mer M\u00e9diterran\u00e9e est souvent consid\u00e9r\u00e9 comme l'un des coins les plus authentiques et pr\u00e9serv\u00e9s de la Corse.\r\n\r\nImpression d'art premium en haute brillance de qualit\u00e9 mus\u00e9e. Pour que les feuilles de papier soient bien accroch\u00e9es au mur, ce calendrier haut de gamme est dot\u00e9 de pochettes innovantes. Elles prot\u00e8gent les grandes feuilles des effets de l'humidit\u00e9 de l'air. Le papier est un mat\u00e9riau naturel. Les fibres r\u00e9agissent aux variations du climat ambiant. Il est donc conseill\u00e9 de ne pas retirer les pochettes d'insertion.\r\n\r\nNotre environnement nous tient \u00e0 coeur, c'est pourquoi nous misons sur une fabrication individuelle en Allemagne (Made in Germany) avec des mat\u00e9riaux de qualit\u00e9 sup\u00e9rieure.\r\n\r\n14 pages dont 1 couverture | 12 pages mensuelles | 1 page d'index I dos cartonn\u00e9.\r\n\r\n\r\nIllustrations:\r\nJanvier: Bastia l'\u00e9glise Saint-Jean-Baptiste et le vieux port\r\nF\u00e9vrier: Environ de Centuri\r\nMars: La mer vue du village de Canari\r\nAvril: Port de Macinaggio\r\nMai: Rogliano\r\nJuin: Eglise Saint-Michel \u00e0 Murato\r\nJuillet: Tour g\u00e9noise\r\nAo\u00fbt: Ilot de la Giraglia\r\nSeptembre: R\u00e9gion de Patrimonio\r\nOctobre: Eglise Sainte-Julie de Nonza\r\nNovembre: Vue de Nonza\r\nD\u00e9cembre: Oletta\r\n\r\nLIGNE PREMIUM - Calendrier photo brillant avec 12 magnifiques motifs, impression d'art en haute brillance de qualit\u00e9 mus\u00e9e\r\nQUALIT\u00c9 - mat\u00e9riaux nobles, dos solide avec 2 pochettes innovantes pour une pr\u00e9sentation optimale au mur\r\nDURABLE - nette r\u00e9duction des d\u00e9chets gr\u00e2ce \u00e0 une fabrication \u00e0 l'unit\u00e9 adapt\u00e9e aux besoins, papier certifi\u00e9 FSC respectueux de l'environnement, production en Allemagne, logistique respectueuse du climat.\r\nCADEAU PARFAIT - calendrier pour les amis et la famille, pour les enfants et les adultes, les jeunes et les moins jeunes, pour No\u00ebl, les anniversaires ou entre deux.\r\nBalades et visites autour du Cap Corse par l'auteur(rice): Alain BEZIERS","authors":["Alain Beziers"],"category_codes":["4000000","4010000","4010200"],"visuals":{"large":"https:\/\/images.epagine.fr\/374\/9783516742374_1_75.jpg","medium":"https:\/\/images.epagine.fr\/374\/9783516742374_1_m.jpg","thumbnail":"https:\/\/images.epagine.fr\/374\/9783516742374_1_v.jpg"},"orderable":true,"show_badge":true,"formatted_price":"0,00&nbsp;\u20ac","formatted_published_date":"1er janvier 2026","publisher_availability_label":"Sur commande","short_details":"Alain Beziers \u2014 Calvendo","translator":null,"weight":1280,"page_count":14,"readership":null,"editor":"Calvendo","price":0,"published_date":"2025-12-31T23:00:00.000000Z","support":"Calendrier","publisher_availability":1,"stock":0,"editions":[],"url":"https:\/\/quaidesbrumes.com\/ouvrage\/9783516742374\/les-balades-au-cap-corse-calendrier-mural-2026-din-a2-vertical-calendrier-de-bureau-balades-et-visites-autour-du-cap-corse"},{"id":"9783691047165","title":"Les sages de la for\u00eat : La grandeur des gorilles","description":"Ce livre offre une immersion captivante dans l'univers des gorilles, ces g\u00e9ants \u00e9nigmatiques des for\u00eats africaines. \r\n\u00c0 travers une exploration approfondie et poignante de leur quotidien, ce livre r\u00e9v\u00e8le la sagesse et la complexit\u00e9 de ces cr\u00e9atures majestueuses.\r\nLes lecteurs sont invit\u00e9s \u00e0 un voyage intime au coeur de la jungle, d\u00e9couvrant le r\u00f4le crucial des gorilles dans l'\u00e9quilibre de la biodiversit\u00e9 et la n\u00e9cessit\u00e9 pressante de prot\u00e9ger leur habitat menac\u00e9. Un hommage puissant \u00e0 la grandeur de la nature et \u00e0 ses gardiens silencieux.","authors":["Paul Br\u00e9mond"],"category_codes":["4000000","4010000"],"visuals":{"large":"https:\/\/images.epagine.fr\/165\/9783691047165_1_75.jpg","medium":"https:\/\/images.epagine.fr\/165\/9783691047165_1_m.jpg","thumbnail":"https:\/\/images.epagine.fr\/165\/9783691047165_1_v.jpg"},"orderable":true,"show_badge":true,"formatted_price":"12,95&nbsp;\u20ac","formatted_published_date":"25 d\u00e9cembre 2025","publisher_availability_label":"Sur commande","short_details":"Paul Br\u00e9mond \u2014 Orbita Media","translator":null,"weight":154,"page_count":98,"readership":null,"editor":"Orbita Media","price":1295,"published_date":"2025-12-24T23:00:00.000000Z","support":"Grand format","publisher_availability":1,"stock":0,"editions":[],"url":"https:\/\/quaidesbrumes.com\/ouvrage\/9783691047165\/les-sages-de-la-foret-la-grandeur-des-gorilles"},{"id":"9791041954520","title":"Les plantes insectivores : \u00c9tude des m\u00e9canismes de capture et de digestion des plantes insectivores","description":"Dans \"Les plantes insectivores\", Charles Darwin explore les m\u00e9canismes de modification par lesquels certaines plantes capturent et dig\u00e8rent des insectes. L'ouvrage, traduit par Edmond Barbier et enrichi de notes par Charles Martins, se concentre principalement sur le Drosera rotundifolia, une plante carnivore bien connue. Darwin d\u00e9crit en d\u00e9tail la structure des feuilles, les mouvements des tentacules et la nature de la s\u00e9cr\u00e9tion qui permet la digestion des proies. Il examine \u00e9galement l'agr\u00e9gation du protoplasma dans les cellules des tentacules, un processus d\u00e9clench\u00e9 par divers stimuli, y compris le contact avec des substances azot\u00e9es. L'auteur analyse les effets de diff\u00e9rents liquides et sels sur les feuilles, ainsi que la sensibilit\u00e9 des glandes et la propagation des changements motrices. Le livre s'\u00e9tend \u00e0 d'autres esp\u00e8ces de Drosera, ainsi qu'\u00e0 d'autres plantes insectivores comme Dion\u00e6a muscipula, Aldrovandia vesiculosa, et Utricularia, en comparant leurs structures et m\u00e9canismes de capture. Darwin conclut par une synth\u00e8se des observations sur ces plantes, soulignant leur adaptation progressive \u00e0 des environnements pauvres en nutriments.","authors":["Charles Darwin"],"category_codes":["4000000","4010000","4010200","4010207"],"visuals":{"large":"https:\/\/images.epagine.fr\/520\/9791041954520_1_75.jpg","medium":"https:\/\/images.epagine.fr\/520\/9791041954520_1_m.jpg","thumbnail":"https:\/\/images.epagine.fr\/520\/9791041954520_1_v.jpg"},"orderable":true,"show_badge":true,"formatted_price":"32,00&nbsp;\u20ac","formatted_published_date":"20 novembre 2023","publisher_availability_label":"Sur commande","short_details":"Charles Darwin \u2014 Shs Editions","translator":null,"weight":1039,"page_count":820,"readership":null,"editor":"Shs Editions","price":3200,"published_date":"2023-11-19T23:00:00.000000Z","support":"Grand format","publisher_availability":1,"stock":0,"editions":[],"url":"https:\/\/quaidesbrumes.com\/ouvrage\/9791041954520\/les-plantes-insectivores-etude-des-mecanismes-de-capture-et-de-digestion-des-plantes-insectivores"},{"id":"9782365450621","title":"Aim\u00e9e et la boucle d'oreille","description":"Un album illustr\u00e9 de 24 pages destin\u00e9 aux jeunes enfants.Une histoire d'amiti\u00e9s imagin\u00e9e et dessin\u00e9e par l'artiste Jane Ferbrache Martin.Une histoire de vaches dans les montagnes de Savoie.Aim\u00e9e, l'Abondance, est une vache qui a une particularit\u00e9 : elle porte des boucles d'oreilles. Un jour, alors qu'elle joue avec son amie Th\u00e9odora, la Tarine, une pie lui subtilise l'une de ses boucles. Aim\u00e9e va demander \u00e0 ses amis, animaux de la ferme de Fernand, de l'aider \u00e0 la r\u00e9cup\u00e9rer dans le nid de la voleuse...","authors":["Jane Ferbrache Martin"],"category_codes":["4000000","4010000","4010300","4010305"],"visuals":{"large":"https:\/\/quaidesbrumes.com\/img\/book-placeholder.png","medium":"https:\/\/quaidesbrumes.com\/img\/book-placeholder.png","thumbnail":"https:\/\/quaidesbrumes.com\/img\/book-placeholder.png"},"orderable":false,"show_badge":true,"formatted_price":"11,50&nbsp;\u20ac","formatted_published_date":null,"publisher_availability_label":"\u00c0 para\u00eetre","short_details":"Jane Ferbrache Martin \u2014 \u00c9ditions du Mont-Blanc","translator":null,"weight":0,"page_count":24,"readership":null,"editor":"\u00c9ditions du Mont-Blanc","price":1150,"published_date":null,"support":"Grand format","publisher_availability":2,"stock":0,"editions":[],"url":"https:\/\/quaidesbrumes.com\/ouvrage\/9782365450621\/aimee-et-la-boucle-doreille"},{"id":"9782702913192","title":"Le manuel de survie ; pr\u00e9venir, agir, pour s'en sortir...","description":"Traverser une rivi\u00e8re en crue, allumer un feu sous une pluie battante et sans allumettes, escalader un mur sans corde, d\u00e9gager un v\u00e9hicule embourb\u00e9, faire naufrage... et de surcro\u00eet dans une mer infest\u00e9e de requins ! Vous \u00eates-vous demand\u00e9 ce que vous feriez dans de telles situations ? \r\n\r\nPour profiter de l'aventure au maximum tout en gardant son sang-froid et avoir de bons r\u00e9flexes en toutes circonstances, rien de tel qu'une pr\u00e9paration minutieuse pour r\u00e9agir correctement au bon moment.","authors":["Colin Towell","Sylvaine Couet"],"category_codes":["4000000","4010000","4010500","4010507"],"visuals":{"large":"https:\/\/images.epagine.fr\/192\/9782702913192_1_75.jpg","medium":"https:\/\/images.epagine.fr\/192\/9782702913192_1_m.jpg","thumbnail":"https:\/\/images.epagine.fr\/192\/9782702913192_1_v.jpg"},"orderable":true,"show_badge":true,"formatted_price":"24,90&nbsp;\u20ac","formatted_published_date":"17 juillet 2017","publisher_availability_label":"Sur commande","short_details":"Colin Towell, Sylvaine Couet \u2014 Le Courrier du Livre","translator":"SYLVAINE COUET","weight":956,"page_count":317,"readership":null,"editor":"Le Courrier du Livre","price":2490,"published_date":"2017-07-16T22:00:00.000000Z","support":"Grand format","publisher_availability":1,"stock":0,"editions":[],"url":"https:\/\/quaidesbrumes.com\/ouvrage\/9782702913192\/le-manuel-de-survie-prevenir-agir-pour-sen-sortir"},{"id":"9782843981975","title":"COSMOPOLITIQUES Tome 10 : Cosmopolitiques n10 : l'education. trop d'ecole!","description":null,"authors":["Collectif"],"category_codes":["4000000","4010000","4010200","4010208"],"visuals":{"large":"https:\/\/images.epagine.fr\/975\/9782843981975_1_75.jpg","medium":"https:\/\/images.epagine.fr\/975\/9782843981975_1_m.jpg","thumbnail":"https:\/\/images.epagine.fr\/975\/9782843981975_1_v.jpg"},"orderable":true,"show_badge":true,"formatted_price":"18,00&nbsp;\u20ac","formatted_published_date":"2 ao\u00fbt 2005","publisher_availability_label":"Sur commande","short_details":"Collectif \u2014 Apog\u00e9e","translator":null,"weight":267,"page_count":192,"readership":null,"editor":"Apog\u00e9e","price":1800,"published_date":"2005-08-01T22:00:00.000000Z","support":"Grand format","publisher_availability":1,"stock":0,"editions":[],"url":"https:\/\/quaidesbrumes.com\/ouvrage\/9782843981975\/cosmopolitiques-tome-10-cosmopolitiques-n10-leducation-trop-decole"}]}