{"data":[{"id":"9782759241255","title":"Biological Highways in the Sky: The dispersal of microorganisms, insects and other small life forms via the atmosphere","description":"This book explores the atmosphere as a dynamic transport system for small biological particles in the atmosphere, with a focus on microorganisms and small insects, applicable to nematodes, spiders, tardigrades, etc. It brings together interdisciplinary competence from Life, Earth and Mathematical Sciences to describe emissions processes such as wildfire smoke, sea spray and recurrent uplift from plant canopies; transport processes and trajectories in the past, present and future; and how the voyagers survive the atmospheric physico-chemical conditions. The book introduces tools to trace dispersal routes, assess post-deposition impacts, as well as the concepts of \u00abatmospheric biogeography\u00bb and \u00abwindsheds\u00bb to understand and anticipate microbial movement across landscapes and borders. It offers stimulus to both new and established researchers to undertake an important challenge in aerobiology: to more precisely characterize and quantify the dynamics of particle voyages on the highways of the atmosphere and identify the impacts of these voyages on disease epidemiology, environmental quality and the evolution of organisms.","authors":["Cindy E. Morris","Leda N. Kobziar","Brent C. Christner","Claire Garros","Fran\u00e7ois De Vleeschouwer"],"category_codes":["4000000","4010000","4010200"],"visuals":{"large":"https:\/\/images.epagine.fr\/255\/9782759241255_1_75.jpg","medium":"https:\/\/images.epagine.fr\/255\/9782759241255_1_m.jpg","thumbnail":"https:\/\/images.epagine.fr\/255\/9782759241255_1_v.jpg"},"orderable":true,"show_badge":true,"formatted_price":"35,00&nbsp;\u20ac","formatted_published_date":"6 novembre 2025","publisher_availability_label":"Sur commande","short_details":"Cindy E. Morris, Leda N. Kobziar, Brent C. Christner, Claire Garros, Fran\u00e7ois De Vleeschouwer \u2014 Qu\u00e6","translator":null,"weight":726,"page_count":328,"readership":null,"editor":"Qu\u00e6","price":3500,"published_date":"2025-11-05T23:00:00.000000Z","support":"Grand format","publisher_availability":1,"stock":0,"editions":[],"url":"https:\/\/quaidesbrumes.com\/ouvrage\/9782759241255\/biological-highways-in-the-sky-the-dispersal-of-microorganisms-insects-and-other-small-life-forms-via-the-atmosphere"},{"id":"9782914390361","title":"Gros la viande ; C\u00f4te d'Ivoire et Haute Volta, 1951-1962","description":"QUITTANT le Pas-de-Calais en 1951, Pierre Barre va vivre la passion de l'Afrique pendant dix ans. Tour \u00e0 tour entrepreneur, braconnier, chasseur de crocodiles puis guide de chasse professionnel, aux c\u00f4t\u00e9s de son complice Marc Duplessis, Pierre Barre est une figure marquante de la chasse \u00e0 l'\u00e9l\u00e9phant en C\u00f4te-d'Ivoire et en Haute-Volta. Il quittera Abidjan un an apr\u00e8s l'ind\u00e9pendance pour s'envoler vers de nouvelles aventures en Colombie.\r\n\r\nAvec humour, il raconte sans d\u00e9tour sa vie de broussard et d'Africain blanc.\r\n\r\nIntrouvable depuis des ann\u00e9es, ce texte est devenu un classique de la grande chasse, et restitue, dans le langage fleuri des hommes de terrain, l'atmosph\u00e8re des derni\u00e8res ann\u00e9es de l'AOF. D'Abidjan \u00e0 Bobo-Dioulasso, de Grand-Lahou aux rives de la Bougouriba, Pierre Barre nous entra\u00eene, avec ses pisteurs, sur les traces des \u00e9l\u00e9phants, des buffles, des lions et des crocodiles. Il nous fait aussi partager la vie des villages et esquisse quelques savoureux portraits de figures de la brousse.\r\nIllustr\u00e9 de 15 photos de l'auteur.\r\n\r\nIl a plu toute la soir\u00e9e et toute la nuit, nous sommes rest\u00e9s dans une case, \u00e0 dormir et boire du bangui. Il fallait en profiter car, avec la grande pluie, ce pr\u00e9cieux liquide allait \u00eatre g\u00e2t\u00e9. Le matin il ne pleut plus mais on patine dans la boue. Nous d\u00e9cidons de faire un tour en for\u00eat, o\u00f9 nous sommes vite tremp\u00e9s par les feuilles qui font office de sceau \u00e0 douche. Aucun bruit, les oiseaux et les singes sont blottis, \u00e0 l'abri. Les traces ont \u00e9t\u00e9 lav\u00e9es, il nous faut errer au hasard, en \u00e9coutant. Les proboscidiens se prom\u00e8nent beaucoup sous la pluie, ils font plus de distance et s'enhardissent jusqu'\u00e0 venir tr\u00e8s pr\u00e8s des villages. M\u00e9l\u00e8gue vient de s'arr\u00eater, il fait signe, Gr\u00e9goire a le front tr\u00e8s pliss\u00e9 et prend un air comique et moi, je n'entends rien. Les voil\u00e0 qui, tous deux, me font des signes imp\u00e9ratifs de venir. Je comprends pourquoi, car en bougeant un peu j'aper\u00e7ois un gros post\u00e9rieur d'\u00e9l\u00e9phant couvert de boue. Le reste du corps est cach\u00e9 dans le feuillage. Tous trois plaqu\u00e9s contre un tronc d'arbre, nous \u00e9changeons des regards, apr\u00e8s avoir pris le vent.","authors":["Pierre Barre"],"category_codes":["4000000","4010000","4010300"],"visuals":{"large":"https:\/\/images.epagine.fr\/361\/9782914390361_1_75.jpg","medium":"https:\/\/images.epagine.fr\/361\/9782914390361_1_m.jpg","thumbnail":"https:\/\/images.epagine.fr\/361\/9782914390361_1_v.jpg"},"orderable":true,"show_badge":true,"formatted_price":"36,00&nbsp;\u20ac","formatted_published_date":"15 mars 2006","publisher_availability_label":"Sur commande","short_details":"Pierre Barre \u2014 Montbel","translator":null,"weight":740,"page_count":408,"readership":null,"editor":"Montbel","price":3600,"published_date":"2006-03-14T23:00:00.000000Z","support":"Grand format","publisher_availability":1,"stock":0,"editions":[],"url":"https:\/\/quaidesbrumes.com\/ouvrage\/9782914390361\/gros-la-viande-cote-divoire-et-haute-volta-1951-1962"},{"id":"9789916936467","title":"Un pacte durable","description":"Et si la performance \u00e9conomique passait d\u00e9sormais par l'\u00e9thique, la durabilit\u00e9 et l'humain ?\r\n\r\nDans un monde en pleine mutation, il est urgent de repenser la mani\u00e8re de faire du business.\r\n\r\nGr\u00e2ce \u00e0 son parcours inspirant, entre industrie, \u00e9cologie et entrepreneuriat, Gilles Th\u00e9ophile vous livre ici une m\u00e9thode claire, accessible et \u00e9prouv\u00e9e pour b\u00e2tir une entreprise plus r\u00e9siliente, rentable et responsable.\r\n\r\nCe guide vous accompagnera \u00e9tape par \u00e9tape, de l'id\u00e9ation \u00e0 la maturit\u00e9 de votre activit\u00e9, en int\u00e9grant des outils concrets, des retours d'exp\u00e9rience, des cas pratiques et une bo\u00eete \u00e0 outils compl\u00e8te, enrichie d'un cahier d'exercices t\u00e9l\u00e9chargeable.\r\n\r\nImaginez une entreprise align\u00e9e avec vos valeurs, capable de :\r\n\r\n- R\u00e9duire ses impacts tout en augmentant ses marges\r\n- Attirer les meilleurs talents et renforcer l'engagement des \u00e9quipes\r\n- S'adapter aux enjeux environnementaux et sociaux du XXIe si\u00e8cle\r\n- Se diff\u00e9rencier durablement sur le march\u00e9\r\n\r\nQue vous soyez entrepreneur, dirigeant ou porteur de projet, ce livre est votre feuille de route pour signer, vous aussi, un pacte durable avec l'avenir.","authors":["Gilles Theophile"],"category_codes":["4000000","4010000","4010200","4010208"],"visuals":{"large":"https:\/\/images.epagine.fr\/467\/9789916936467_1_75.jpg","medium":"https:\/\/images.epagine.fr\/467\/9789916936467_1_m.jpg","thumbnail":"https:\/\/images.epagine.fr\/467\/9789916936467_1_v.jpg"},"orderable":true,"show_badge":true,"formatted_price":"19,90&nbsp;\u20ac","formatted_published_date":"20 mai 2025","publisher_availability_label":"Sur commande","short_details":"Gilles Theophile \u2014 Jikji","translator":null,"weight":316,"page_count":214,"readership":null,"editor":"Jikji","price":1990,"published_date":"2025-05-19T22:00:00.000000Z","support":"Grand format","publisher_availability":1,"stock":0,"editions":[],"url":"https:\/\/quaidesbrumes.com\/ouvrage\/9789916936467\/un-pacte-durable"},{"id":"9781399610698","title":"Around the world in 80 plants","description":"An inspirational book that tells the stories of 80 plants from around the globe.\r\n\r\nIn his follow-up to the best-selling Around the World in 80 Trees, Jonathan Drori takes another trip across the globe, bringing to life the science of plants by revealing how their worlds are intricately entwined with our own history, culture and folklore. From the seemingly familiar tomato and dandelion to the eerie mandrake and Spanish 'moss' of Louisiana, each of these stories is full of surprises. Some have a troubling past, while others have ignited human creativity or enabled whole civilizations to flourish. With a colourful cast of characters all brought to life by illustrator Lucille Clerc, this is a botanical journey of beauty and brilliance.","authors":["Jonathan Drori"],"category_codes":["4000000","4010000","4010400","4010401"],"visuals":{"large":"https:\/\/images.epagine.fr\/698\/9781399610698_1_75.jpg","medium":"https:\/\/images.epagine.fr\/698\/9781399610698_1_m.jpg","thumbnail":"https:\/\/images.epagine.fr\/698\/9781399610698_1_v.jpg"},"orderable":true,"show_badge":true,"formatted_price":"18,00&nbsp;\u20ac","formatted_published_date":"3 ao\u00fbt 2023","publisher_availability_label":"Sur commande","short_details":"Jonathan Drori \u2014 Laurence King","translator":null,"weight":401,"page_count":null,"readership":null,"editor":"Laurence King","price":1800,"published_date":"2023-08-02T22:00:00.000000Z","support":"Grand format","publisher_availability":1,"stock":0,"editions":[],"url":"https:\/\/quaidesbrumes.com\/ouvrage\/9781399610698\/around-the-world-in-80-plants"},{"id":"9781510230453","title":"Hello fungi : a little guide to nature","description":null,"authors":["Nina Chakrabarti"],"category_codes":["4000000","4010000","4010400","4010403"],"visuals":{"large":"https:\/\/images.epagine.fr\/453\/9781510230453_1_75.jpg","medium":"https:\/\/images.epagine.fr\/453\/9781510230453_1_m.jpg","thumbnail":"https:\/\/images.epagine.fr\/453\/9781510230453_1_v.jpg"},"orderable":true,"show_badge":true,"formatted_price":"12,95&nbsp;\u20ac","formatted_published_date":"10 ao\u00fbt 2023","publisher_availability_label":"Sur commande","short_details":"Nina Chakrabarti \u2014 Laurence King","translator":null,"weight":301,"page_count":null,"readership":null,"editor":"Laurence King","price":1295,"published_date":"2023-08-09T22:00:00.000000Z","support":"Grand format","publisher_availability":1,"stock":0,"editions":[],"url":"https:\/\/quaidesbrumes.com\/ouvrage\/9781510230453\/hello-fungi-a-little-guide-to-nature"},{"id":"9782709646987","title":"\u00c0 ouvrir en cas d'apocalypse","description":"Etait-ce une pand\u00e9mie virale ? La chute d'un ast\u00e9ro\u00efde sur notre plan\u00e8te ? Une guerre nucl\u00e9aire ? Quelle qu'en soit la cause, le monde tel que nous le connaissons a pris fin, ce qui va vous contraindre, vous et les autres survivants, \u00e0 tout recommencer. De quelles connaissances essentielles auriez-vous besoin pour reconstruire une civilisation \u00e0 partir de z\u00e9ro ? \r\nUne fois que vous aurez exploit\u00e9 tout ce que la catastrophe aura \u00e9pargn\u00e9, comment recommencerez-vous \u00e0 produire ce qui vous est indispensable ? Comment cultiver de quoi vous nourrir, produire de l'\u00e9lectricit\u00e9, pr\u00e9parer des m\u00e9dicaments ou extraire du m\u00e9tal des entrailles de la Terre ? Parviendrez-vous \u00e0 emp\u00eacher un nouvel \u00e2ge des t\u00e9n\u00e8bres, ou \u00e0 prendre des raccourcis pour acc\u00e9l\u00e9rer le retour \u00e0 une soci\u00e9t\u00e9 avanc\u00e9e ? \r\nLa vie moderne nous a d\u00e9connect\u00e9s des processus de base qui sous-tendent nos existences, tout comme du b.a.-ba de la science - celui-l\u00e0 m\u00eame qui nous permettrait de r\u00e9emprunter le chemin peu \u00e0 peu parcouru \u00e0 nos anc\u00eatres.\r\nA ouvrir en cas d'apocalypse est un voyage de d\u00e9couverte, un ouvrage qui se donne pour but de vous expliquer tout ce qu'il vous faudrait connaitre pour red\u00e9marrer une civilisation digne de ce nom. Il transformera votre compr\u00e9hension du monde - et vous aidera \u00e0 vous pr\u00e9parer \u00e0 sa disparition .","authors":["Lewis Dartnell","S\u00e9bastien Guillot"],"category_codes":["4000000","4010000","4010500","4010507"],"visuals":{"large":"https:\/\/images.epagine.fr\/987\/9782709646987_1_75.jpg","medium":"https:\/\/images.epagine.fr\/987\/9782709646987_1_m.jpg","thumbnail":"https:\/\/images.epagine.fr\/987\/9782709646987_1_v.jpg"},"orderable":true,"show_badge":true,"formatted_price":"22,00&nbsp;\u20ac","formatted_published_date":"16 septembre 2015","publisher_availability_label":"Sur commande","short_details":"Lewis Dartnell, S\u00e9bastien Guillot \u2014 JC Latt\u00e8s","translator":"SEBASTIEN GUILLOT","weight":510,"page_count":350,"readership":null,"editor":"JC Latt\u00e8s","price":2200,"published_date":"2015-09-15T22:00:00.000000Z","support":"Grand format","publisher_availability":1,"stock":0,"editions":[],"url":"https:\/\/quaidesbrumes.com\/ouvrage\/9782709646987\/a-ouvrir-en-cas-dapocalypse"},{"id":"9782723418164","title":"R\u00e9ganel ou la montagne \u00e0 vaches","description":"Roger Canac dit R\u00e9ganel a puis\u00e9 aux sources de son enfance en Rouergue les images, les odeurs et les sensations qui l'emm\u00e8neront de la vie au(x) livre(s).\r\nCes souvenirs constituent pour nous, aujourd'hui, une v\u00e9ritable fontaine de jouvence.","authors":["Roger Canac"],"category_codes":["4000000","4010000","4010300","4010305"],"visuals":{"large":"https:\/\/images.epagine.fr\/164\/9782723418164_1_75.jpg","medium":"https:\/\/images.epagine.fr\/164\/9782723418164_1_m.jpg","thumbnail":"https:\/\/images.epagine.fr\/164\/9782723418164_1_v.jpg"},"orderable":true,"show_badge":true,"formatted_price":"19,99&nbsp;\u20ac","formatted_published_date":"9 novembre 1994","publisher_availability_label":"Sur commande","short_details":"Roger Canac \u2014 Gl\u00e9nat","translator":null,"weight":339,"page_count":312,"readership":null,"editor":"Gl\u00e9nat","price":1999,"published_date":"1994-11-08T23:00:00.000000Z","support":"Grand format","publisher_availability":1,"stock":0,"editions":[],"url":"https:\/\/quaidesbrumes.com\/ouvrage\/9782723418164\/reganel-ou-la-montagne-a-vaches"},{"id":"9782213598260","title":"Plantes en p\u00e9ril","description":"Chaque jour, des esp\u00e8ces animales et v\u00e9g\u00e9tales nous quittent, comme des \u00eatres chers. En effet la mont\u00e9e en puissance des civilisations modernes et de leurs technologies a d\u00e9clench\u00e9 une formidable h\u00e9catombe comparable \u00e0 celle du cataclysme qui, voici 6 millions d'ann\u00e9es, an\u00e9antit les dinosaures. Une catastrophe de m\u00eame ampleur se d\u00e9roule sous nos yeux, mais elle \u00e9chappe \u00e0 toute relation m\u00e9diatique. Les esp\u00e8ces quittent ce monde comme elles y sont venues, dans le silence de l'\u00e9volution biologique. Et ceci est vrai surtout sur les \u00eeles o\u00f9 les esp\u00e8ces disparaissent plus vite encore que sur les continents.Il est surprenant de constater que les processus qui grignotent ce patrimoine naturel mondial \u00e0 un rythme acc\u00e9l\u00e9r\u00e9 sont ceux-l\u00e0 m\u00eames que l'on voit se manifester au sein des soci\u00e9t\u00e9s humaines: m\u00eames comp\u00e9titions, m\u00eames g\u00e9nocides, m\u00eames exclusions... Des pins de Californie, qui sont les arbres les plus vieux du monde, aux cypr\u00e8s du Sahara en voie d'extinction, des violettes \u00e9teintes aux tulipes sauvages menac\u00e9es, c'est un vaste p\u00e9riple dans l'univers myst\u00e9rieux des plantes, mais aussi des hommes en p\u00e9ril, qui est propos\u00e9 ici. De Sainte-H\u00e9l\u00e8ne aux Seychelles, en passant par Madagascar, Maurice et La R\u00e9union, ce voyage s'ach\u00e8ve en Nouvelle-Cal\u00e9donie et \u00e0 Born\u00e9o o\u00f9 le d\u00e9boisement sauvage menace aussi bien la for\u00eat que ses habitants. Jean-Marie Pelt lance \u00e0 cette occasion un appel vibrant \u00e0 sauver ce qui peut et doit l'\u00eatre encore: c'est le prix \u00e0 payer pour que l'homme se sauve lui-m\u00eame.","authors":["Jean-Marie Pelt"],"category_codes":["4000000","4010000","4010400"],"visuals":{"large":"https:\/\/images.epagine.fr\/260\/9782213598260_1_75.jpg","medium":"https:\/\/images.epagine.fr\/260\/9782213598260_1_m.jpg","thumbnail":"https:\/\/images.epagine.fr\/260\/9782213598260_1_v.jpg"},"orderable":true,"show_badge":true,"formatted_price":"24,00&nbsp;\u20ac","formatted_published_date":"19 f\u00e9vrier 1997","publisher_availability_label":"Sur commande","short_details":"Jean-Marie Pelt \u2014 Fayard","translator":null,"weight":312,"page_count":264,"readership":null,"editor":"Fayard","price":2400,"published_date":"1997-02-18T23:00:00.000000Z","support":"Grand format","publisher_availability":1,"stock":0,"editions":[],"url":"https:\/\/quaidesbrumes.com\/ouvrage\/9782213598260\/plantes-en-peril"},{"id":"9782354040369","title":"Les milieux naturels et les continuit\u00e9s \u00e9cologiques de Seine-et-Marne","description":"En 2005, le D\u00e9partement de Seine-et-Marne s'est engag\u00e9 dans un important programme de connaissance et de valorisation de la biodiversit\u00e9 de son territoire. Men\u00e9 en \u00e9troite collaboration avec le Conservatoire botanique national du Bassin parisien, le Mus\u00e9um national d'Histoire naturelle et dix associations de protection de la nature, l' \u00ab Atlas dynamique de la biodiversit\u00e9 de Seine-et-Marne \u00bb regroupe :\r\n- une base de donn\u00e9es riche de plusieurs centaines de milliers d'observations floristiques et faunistiques ;\r\n- un ensemble de cartes pr\u00e9sentant la distribution g\u00e9ographique d'indicateurs de biodiversit\u00e9 vari\u00e9s ;\r\n- de nombreuses synth\u00e8ses caract\u00e9risant l'influence de l'occupation du sol sur les services que la biodiversit\u00e9 offre aux \u00eatres humains.\r\nCette somme de travaux est valoris\u00e9e par une collection d'ouvrages, dont Les milieux naturels et les continuit\u00e9s \u00e9cologiques de Seine-et-Marne constitue le troisi\u00e8me et avant-dernier tome.\r\n\u00c0 l'instar de ses pr\u00e9d\u00e9cesseurs, l'Atlas de la flore sauvage de Seine-et-Marne et La faune sauvage de Seine-et-Marne, ce livre est destin\u00e9 \u00e0 servir d'outil d'aide \u00e0 la d\u00e9cision pour les gestionnaires et les am\u00e9nageurs du territoire, quels qu'ils soient : de l'\u00e9lu ou de l'agent d'une collectivit\u00e9 territoriale jusqu'au particulier d\u00e9sireux de prot\u00e9ger la biodiversit\u00e9 de son jardin ou de son balcon, en passant par les services de l'\u00c9tat, les forestiers, les agriculteurs, les associations environnementales, les entreprises, etc.\r\nFocalis\u00e9 sur les milieux naturels, ce volume renferme un atlas des v\u00e9g\u00e9tations naturelles de Seine-et-Marne, une analyse des continuit\u00e9s \u00e9cologiques du d\u00e9partement r\u00e9alis\u00e9e sur la base des donn\u00e9es faunistiques et floristiques, ainsi qu'une \u00ab boite \u00e0 outils \u00bb disponible pour les d\u00e9cideurs souhaitant s'impliquer dans la mise en oeuvre de la Trame verte et Bleue.\r\nBien que reposant sur des r\u00e9sultats issus d'un travail scientifique, cet ouvrage richement illustr\u00e9 et vulgaris\u00e9 s'adresse \u00e0 tout lecteur curieux de nature.","authors":["Collectif"],"category_codes":["4000000","4010000","4010300"],"visuals":{"large":"https:\/\/images.epagine.fr\/369\/9782354040369_1_75.jpg","medium":"https:\/\/images.epagine.fr\/369\/9782354040369_1_m.jpg","thumbnail":"https:\/\/images.epagine.fr\/369\/9782354040369_1_v.jpg"},"orderable":true,"show_badge":true,"formatted_price":"49,00&nbsp;\u20ac","formatted_published_date":"1er mai 2013","publisher_availability_label":"Sur commande","short_details":"Collectif \u2014 Illustria","translator":null,"weight":2115,"page_count":416,"readership":null,"editor":"Illustria","price":4900,"published_date":"2013-04-30T22:00:00.000000Z","support":"Grand format","publisher_availability":1,"stock":0,"editions":[],"url":"https:\/\/quaidesbrumes.com\/ouvrage\/9782354040369\/les-milieux-naturels-et-les-continuites-ecologiques-de-seine-et-marne"},{"id":"9782743026059","title":"\u00c9cologie de la biodiversit\u00e9 : approches politiques et scientifiques de la connaissance et de la pr\u00e9servation des habitats naturels","description":"\u00c0 l'heure o\u00f9 l'\u00e9cologie est devenue un enjeu soci\u00e9tal et politique  v\u00e9ritable, il est imp\u00e9ratif de l'aborder de mani\u00e8re scientifique et  approfondie.\r\n    \r\n\r\n      Jan-Bernard Bouzill\u00e9 dresse le portrait de l'\u00e9cologie de la biodiversit\u00e9  en France \u00e0 travers de nombreux exemples. Il en d\u00e9finit les contours,  explicite les acteurs, professionnels ou b\u00e9n\u00e9voles, leurs outils de  travail et de recherche, l'enseignement de l'\u00e9cologie \u00e0 l'Universit\u00e9 et  examine la situation de la France au regard des enjeux europ\u00e9ens.\r\n    \r\n\r\n\u00c9cologie de la biodiversit\u00e9 se compose de trois grands  chapitres qui pr\u00e9sentent le contexte actuel de la connaissance et de la  protection des habitats naturels, les orientations scientifiques,  technologiques et op\u00e9rationnelles \u00e0 d\u00e9velopper et enfin, le contexte  politique et scientifique de l'\u00e9tude de la biodiversit\u00e9. Cet ouvrage  s'adresse aux acteurs locaux, territoriaux et nationaux de l'\u00e9cologie,  aux \u00e9cologues, \u00e9cologistes et toute personne curieuse de ce sujet.","authors":["Jan-Bernard Bouzill\u00e9"],"category_codes":["4000000","4010000","4010200","4010208"],"visuals":{"large":"https:\/\/images.epagine.fr\/059\/9782743026059_1_75.jpg","medium":"https:\/\/images.epagine.fr\/059\/9782743026059_1_m.jpg","thumbnail":"https:\/\/images.epagine.fr\/059\/9782743026059_1_v.jpg"},"orderable":true,"show_badge":true,"formatted_price":"35,00&nbsp;\u20ac","formatted_published_date":"16 d\u00e9cembre 2021","publisher_availability_label":"Sur commande","short_details":"Jan-Bernard Bouzill\u00e9 \u2014 Tec & doc","translator":null,"weight":755,"page_count":160,"readership":null,"editor":"Tec & doc","price":3500,"published_date":"2021-12-15T23:00:00.000000Z","support":"Grand format","publisher_availability":1,"stock":0,"editions":[],"url":"https:\/\/quaidesbrumes.com\/ouvrage\/9782743026059\/ecologie-de-la-biodiversite-approches-politiques-et-scientifiques-de-la-connaissance-et-de-la-preservation-des-habitats-naturels"},{"id":"9782759241729","title":"Guide for the evaluation of agroecology: A method for assessing its effects and the conditions necessary for its development","description":"The Guide for the evaluation of agroecology proposes an approach and methodological tools for assessing the effects of agro ecological practices and systems on the agro-environmental and socio-economic performance of agriculture, and for assessing the conditions necessary for the development of agroecology. It aims to: help development stakeholders better design their projects, programmes and public policies in support of agroecology; facilitate the creation of references (performance and conditions necessary for development); and assist farmers so that they can better evaluate the results of their practices and thus have guidance for making decisions.\r\n\r\nThis Guide is divided into three parts. The first part presents the general approaches for one-off evaluations and for monitoring and evaluation. The second part consists of evaluation sheets covering either agro-environmental and socio-economic aspects that may be impacted by agroecology, or the conditions necessary for the development of agroecology. The third part proposes additional methodologies in the form of tool sheets.\r\n\r\nThis guide is the result of collaboration between GTAE (Agrisud International, AVSF, CARI and GRET), AgroParisTech, CIRAD, IRD and Institut Agro Montpellier.","authors":["Laurent Levard","Collectif"],"category_codes":["4000000","4010000","4010200","4010207"],"visuals":{"large":"https:\/\/images.epagine.fr\/729\/9782759241729_1_75.jpg","medium":"https:\/\/images.epagine.fr\/729\/9782759241729_1_m.jpg","thumbnail":"https:\/\/images.epagine.fr\/729\/9782759241729_1_v.jpg"},"orderable":true,"show_badge":true,"formatted_price":"19,00&nbsp;\u20ac","formatted_published_date":"28 novembre 2025","publisher_availability_label":"Sur commande","short_details":"Laurent Levard, Collectif \u2014 Qu\u00e6","translator":null,"weight":682,"page_count":306,"readership":null,"editor":"Qu\u00e6","price":1900,"published_date":"2025-11-27T23:00:00.000000Z","support":"Grand format","publisher_availability":1,"stock":0,"editions":[],"url":"https:\/\/quaidesbrumes.com\/ouvrage\/9782759241729\/guide-for-the-evaluation-of-agroecology-a-method-for-assessing-its-effects-and-the-conditions-necessary-for-its-development"},{"id":"9791097821005","title":"15 Fleurs de Printemps","description":"Dans ce petit guide, je vous invite \u00e0 d\u00e9couvrir 15 fleurs embl\u00e9matiques de cette p\u00e9riode : comment les reconna\u00eetre, ou les trouver, ce qu'elles cachent ( comestibles, m\u00e9dicinales ou toxiques)... et quelques anecdotes surprenantes pour briller en balade !","authors":["Alexis Delagnier"],"category_codes":["4000000","4010000","4010300"],"visuals":{"large":"https:\/\/images.epagine.fr\/005\/9791097821005_1_75.jpg","medium":"https:\/\/images.epagine.fr\/005\/9791097821005_1_m.jpg","thumbnail":"https:\/\/images.epagine.fr\/005\/9791097821005_1_v.jpg"},"orderable":true,"show_badge":true,"formatted_price":"13,90&nbsp;\u20ac","formatted_published_date":"16 mai 2025","publisher_availability_label":"Sur commande","short_details":"Alexis Delagnier \u2014 Thebookedition.Com","translator":null,"weight":86,"page_count":36,"readership":null,"editor":"Thebookedition.Com","price":1390,"published_date":"2025-05-15T22:00:00.000000Z","support":"Grand format","publisher_availability":1,"stock":0,"editions":[],"url":"https:\/\/quaidesbrumes.com\/ouvrage\/9791097821005\/15-fleurs-de-printemps"},{"id":"9791097821012","title":"24 Insectes du Printemps","description":"Au printemps 2025, autour du village de Saint-Bonnet-de-Bellac en Haute-Vienne, j'ai parcouru prairies, bois, haies et chemins \u00e0 la rencontre des insectes de saison. Cet \u00e9cosyst\u00e8me exceptionnel, encore largement pr\u00e9serv\u00e9, m'a offert une grande diversit\u00e9 d'esp\u00e8ces \u00e0 observer et \u00e0 photographier dans leur habitat naturel. \r\n \r\nCe livre pr\u00e9sente 24 insectes rencontr\u00e9s sur le terrain, chacun accompagn\u00e9 d'une description d\u00e9taill\u00e9e : \u00e9l\u00e9ments d'identification, habitat, mode de vie, r\u00f4le \u00e9cologique, ainsi qu'une anecdote par sp\u00e9cimen.","authors":["Alexis Delagnier"],"category_codes":["4000000","4010000","4010300"],"visuals":{"large":"https:\/\/images.epagine.fr\/012\/9791097821012_1_75.jpg","medium":"https:\/\/images.epagine.fr\/012\/9791097821012_1_m.jpg","thumbnail":"https:\/\/images.epagine.fr\/012\/9791097821012_1_v.jpg"},"orderable":true,"show_badge":true,"formatted_price":"17,99&nbsp;\u20ac","formatted_published_date":"3 juin 2025","publisher_availability_label":"Sur commande","short_details":"Alexis Delagnier \u2014 Thebookedition.Com","translator":null,"weight":156,"page_count":52,"readership":null,"editor":"Thebookedition.Com","price":1799,"published_date":"2025-06-02T22:00:00.000000Z","support":"Grand format","publisher_availability":1,"stock":0,"editions":[],"url":"https:\/\/quaidesbrumes.com\/ouvrage\/9791097821012\/24-insectes-du-printemps"},{"id":"9791097821029","title":"15 Fleurs d'\u00e9t\u00e9","description":"Ce petit guide pratique est con\u00e7u pour accompagner vos balades et randonn\u00e9es \u00e0 travers sentiers, prairies et sous-bois de Haute-Vienne. Il pr\u00e9sente 15 fleurs d'\u00e9t\u00e9 crois\u00e9es au fil des chemins?: pour chacune, une fiche simple et illustr\u00e9e vous apprend \u00e0 les identifier, savoir o\u00f9 les trouver et conna\u00eetre leur famille botanique. \r\n \r\nVous y d\u00e9couvrirez aussi leurs principaux usages m\u00e9dicinaux, culinaires ou ornementaux ainsi qu'une anecdote tir\u00e9e du terrain pour \u00e9veiller votre curiosit\u00e9 et donner vie \u00e0 ces plantes souvent discr\u00e8tes, parfois spectaculaires. \r\n \r\nCompact, l\u00e9ger, \u00e0 glisser dans le sac, ce guide est pens\u00e9 comme un compagnon de route.","authors":["Delagnier Alexis"],"category_codes":["4000000","4010000","4010300"],"visuals":{"large":"https:\/\/images.epagine.fr\/029\/9791097821029_1_75.jpg","medium":"https:\/\/images.epagine.fr\/029\/9791097821029_1_m.jpg","thumbnail":"https:\/\/images.epagine.fr\/029\/9791097821029_1_v.jpg"},"orderable":true,"show_badge":true,"formatted_price":"13,90&nbsp;\u20ac","formatted_published_date":"24 juillet 2025","publisher_availability_label":"Sur commande","short_details":"Delagnier Alexis \u2014 Thebookedition.Com","translator":null,"weight":86,"page_count":36,"readership":null,"editor":"Thebookedition.Com","price":1390,"published_date":"2025-07-23T22:00:00.000000Z","support":"Grand format","publisher_availability":1,"stock":0,"editions":[],"url":"https:\/\/quaidesbrumes.com\/ouvrage\/9791097821029\/15-fleurs-dete"},{"id":"9791097821036","title":"24 Insectes d'\u00e9t\u00e9","description":"Ce livre vous invite \u00e0 d\u00e9couvrir 24 insectes d'\u00e9t\u00e9 observ\u00e9s au c?ur du Limousin, en France, \u00e0 travers le regard passionn\u00e9 de l'auteur. Illustr\u00e9 de dessins, il d\u00e9voile, pour chaque esp\u00e8ce, une fiche compl\u00e8te articul\u00e9e en cinq rubriques accessibles \u00e0 tous \r\n \r\nIdentification \r\nHabitat \r\nMode de vie \r\nR\u00f4le \u00e9cologique \r\nAnecdote \r\n \r\nDu lucane cerf-volant au vol d\u00e9licat du machaon, du discret petit lucane au scintillement m\u00e9tallique de la c\u00e9toine dor\u00e9e, ces portraits r\u00e9v\u00e8lent toute la diversit\u00e9 et la po\u00e9sie des insectes que l'on croise parfois sans les voir. \r\n \r\nCe recueil est une invitation \u00e0 porter un nouveau regard sur ces compagnons de nos balades estivales et \u00e0 mieux...","authors":["Delagnier Alexis"],"category_codes":["4000000","4010000","4010300"],"visuals":{"large":"https:\/\/images.epagine.fr\/036\/9791097821036_1_75.jpg","medium":"https:\/\/images.epagine.fr\/036\/9791097821036_1_m.jpg","thumbnail":"https:\/\/images.epagine.fr\/036\/9791097821036_1_v.jpg"},"orderable":true,"show_badge":true,"formatted_price":"17,99&nbsp;\u20ac","formatted_published_date":"25 juillet 2025","publisher_availability_label":"Sur commande","short_details":"Delagnier Alexis \u2014 Thebookedition.Com","translator":null,"weight":156,"page_count":52,"readership":null,"editor":"Thebookedition.Com","price":1799,"published_date":"2025-07-24T22:00:00.000000Z","support":"Grand format","publisher_availability":1,"stock":0,"editions":[],"url":"https:\/\/quaidesbrumes.com\/ouvrage\/9791097821036\/24-insectes-dete"},{"id":"9791097821043","title":"Photopo\u00e9sie","description":"Bienvenue dans Photopo\u00e9sie, un voyage o\u00f9 l'?il et l'esprit se rencontrent. \r\nCe livre vous invite \u00e0 une captivante balade au c?ur des fleurs, de l'eau, des insectes et des paysages de la campagne. \r\nDes photographies qui captent la beaut\u00e9 fragile de la nature, \r\ndes po\u00e8mes, ha\u00efkus et textes en prose qui en r\u00e9v\u00e8lent l'\u00e2me.","authors":["Delagnier Alexis"],"category_codes":["4000000","4010000","4010300"],"visuals":{"large":"https:\/\/images.epagine.fr\/043\/9791097821043_1_75.jpg","medium":"https:\/\/images.epagine.fr\/043\/9791097821043_1_m.jpg","thumbnail":"https:\/\/images.epagine.fr\/043\/9791097821043_1_v.jpg"},"orderable":true,"show_badge":true,"formatted_price":"23,90&nbsp;\u20ac","formatted_published_date":"26 septembre 2025","publisher_availability_label":"Sur commande","short_details":"Delagnier Alexis \u2014 Thebookedition.Com","translator":null,"weight":233,"page_count":106,"readership":null,"editor":"Thebookedition.Com","price":2390,"published_date":"2025-09-25T22:00:00.000000Z","support":"Grand format","publisher_availability":1,"stock":0,"editions":[],"url":"https:\/\/quaidesbrumes.com\/ouvrage\/9791097821043\/photopoesie"},{"id":"9782759241491","title":"Marine biological invasions","description":"Biological invasions are one of the main causes of biodiversity decline worldwide. While Japanese knotweed and tiger mosquito are invasive species that are well known to the public, the same could not be said for the American blue crab and the green Algae Caulerpa in the Mediterranean seaside. Marine biological invasions receive little media coverage, even though their effects on biodiversity and human activities are just as worrying as terrestrial invasions. \r\n\r\nWhich marine species are considered invasive? How are they introduced? What impact do they have on local marine biodiversity? And, above all, what management methods can be used to contain them, or even to take advantage of them?\r\n\r\nPhilippe Goulletquer reviews the latest advances in research into the detection, prevention, control and management of marine invasive species, in light of the new regulations in effect. He highlights various international, European and national strategies and presents specifi c case studies of concerned species.\r\n\r\nThis book is intended for people who are concerned about current environmental imbalances and interested in ways of combating them.","authors":["Philippe Goulletquer"],"category_codes":["4000000","4010000","4010200","4010204"],"visuals":{"large":"https:\/\/images.epagine.fr\/491\/9782759241491_1_75.jpg","medium":"https:\/\/images.epagine.fr\/491\/9782759241491_1_m.jpg","thumbnail":"https:\/\/images.epagine.fr\/491\/9782759241491_1_v.jpg"},"orderable":true,"show_badge":true,"formatted_price":"17,00&nbsp;\u20ac","formatted_published_date":"24 d\u00e9cembre 2025","publisher_availability_label":"Sur commande","short_details":"Philippe Goulletquer \u2014 Qu\u00e6","translator":null,"weight":401,"page_count":120,"readership":null,"editor":"Qu\u00e6","price":1700,"published_date":"2025-12-23T23:00:00.000000Z","support":"Grand format","publisher_availability":1,"stock":0,"editions":[],"url":"https:\/\/quaidesbrumes.com\/ouvrage\/9782759241491\/marine-biological-invasions"},{"id":"9782957724314","title":"Betes de sete - les animaux de l'ile singuliere et de ses environs","description":null,"authors":["Cuaz Jean-Renaud"],"category_codes":["4000000","4010000","4010200","4010207"],"visuals":{"large":"https:\/\/quaidesbrumes.com\/img\/book-placeholder.png","medium":"https:\/\/quaidesbrumes.com\/img\/book-placeholder.png","thumbnail":"https:\/\/quaidesbrumes.com\/img\/book-placeholder.png"},"orderable":true,"show_badge":true,"formatted_price":"25,00&nbsp;\u20ac","formatted_published_date":"22 f\u00e9vrier 2022","publisher_availability_label":"Sur commande","short_details":"Cuaz Jean-Renaud \u2014 Audasud","translator":null,"weight":430,"page_count":null,"readership":null,"editor":"Audasud","price":2500,"published_date":"2022-02-21T23:00:00.000000Z","support":"Grand format","publisher_availability":1,"stock":0,"editions":[],"url":"https:\/\/quaidesbrumes.com\/ouvrage\/9782957724314\/betes-de-sete-les-animaux-de-lile-singuliere-et-de-ses-environs"},{"id":"9782226075475","title":"Les paradoxes de l'environnement : Responsabilit\u00e9 des scientifiques, pouvoir des citoyens","description":"Depuis vingt ans les citoyens et leurs repr\u00e9sentants ont pris conscience de l'importance de l'environnement pour l'avenir de la plan\u00e8te et r\u00e9clament des mesures pratiques d'urgence. Faut-il tenir la science, la technique et l'industrie pour responsables des d\u00e9gradations du milieu naturel ? Doit-on, au contraire, estimer que le d\u00e9veloppement de la science pourra r\u00e9soudre les difficult\u00e9s n\u00e9es de l'expansion technologique ? Faute d'\u00eatre en mesure d'appr\u00e9hender les tenants et les aboutissants de ces d\u00e9bats, les citoyens se partagent entre ceux qui se r\u00e9signent, ceux qui se r\u00e9voltent et ceux qui c\u00e8dent \u00e0 la tentation du mysticisme.\r\nDans ce livre sont rassembl\u00e9s les actes du colloque \"Les paradoxes de l'environnement : responsabilit\u00e9 des scientifiques, pouvoir des citoyens\", qui a r\u00e9uni, \u00e0 l'initiative de la Cit\u00e9 des Sciences et de l'Industrie et du journal Le Monde, d'\u00e9minents chercheurs et sp\u00e9cialistes dans les domaines de l'\u00e9ducation, de la g\u00e9opolitique internationale, de la philosophie.\r\nUne contribution importante \u00e0 la r\u00e9flexion engag\u00e9e sur les rapports de l'homme \u00e0 la nature.","authors":["Collectif"],"category_codes":["4000000","4010000","4010200","4010208"],"visuals":{"large":"https:\/\/images.epagine.fr\/475\/9782226075475_1_75.jpg","medium":"https:\/\/images.epagine.fr\/475\/9782226075475_1_m.jpg","thumbnail":"https:\/\/images.epagine.fr\/475\/9782226075475_1_v.jpg"},"orderable":true,"show_badge":true,"formatted_price":"13,20&nbsp;\u20ac","formatted_published_date":"15 novembre 1994","publisher_availability_label":"Sur commande","short_details":"Collectif \u2014 Albin Michel","translator":null,"weight":273,"page_count":176,"readership":null,"editor":"Albin Michel","price":1320,"published_date":"1994-11-14T23:00:00.000000Z","support":"Grand format","publisher_availability":1,"stock":0,"editions":[],"url":"https:\/\/quaidesbrumes.com\/ouvrage\/9782226075475\/les-paradoxes-de-lenvironnement-responsabilite-des-scientifiques-pouvoir-des-citoyens"},{"id":"9782916579900","title":"Manuel de construction de talus (bretagne)","description":null,"authors":["Madeg Mikael"],"category_codes":["4000000","4010000","4010200"],"visuals":{"large":"https:\/\/quaidesbrumes.com\/img\/book-placeholder.png","medium":"https:\/\/quaidesbrumes.com\/img\/book-placeholder.png","thumbnail":"https:\/\/quaidesbrumes.com\/img\/book-placeholder.png"},"orderable":true,"show_badge":true,"formatted_price":"13,00&nbsp;\u20ac","formatted_published_date":"8 juillet 2016","publisher_availability_label":"Sur commande","short_details":"Madeg Mikael \u2014 Yoran Embanner","translator":null,"weight":275,"page_count":null,"readership":null,"editor":"Yoran Embanner","price":1300,"published_date":"2016-07-07T22:00:00.000000Z","support":"Grand format","publisher_availability":1,"stock":0,"editions":[],"url":"https:\/\/quaidesbrumes.com\/ouvrage\/9782916579900\/manuel-de-construction-de-talus-bretagne"},{"id":"9782916745435","title":"Plant ar vro t.II","description":"Eil levrenn Plant ar vro gant 100 plantenn ordinal all a Vreizh, eus an Arvor hag eus anArgoad. Leda\u00f1 deskadurezh.\r\n\r\nDeuxi\u00e8me tome de Plant ar vro avec 100 autres plantes communes en Bretagne, autant de l'Arvor que de l'Argoad. Ouvrage de vulgarisaton nature.","authors":["Jo Tangi"],"category_codes":["4000000","4010000","4010400","4010405"],"visuals":{"large":"https:\/\/images.epagine.fr\/435\/9782916745435_1_75.jpg","medium":"https:\/\/images.epagine.fr\/435\/9782916745435_1_m.jpg","thumbnail":"https:\/\/images.epagine.fr\/435\/9782916745435_1_v.jpg"},"orderable":true,"show_badge":true,"formatted_price":"13,00&nbsp;\u20ac","formatted_published_date":"3 juillet 2021","publisher_availability_label":"Sur commande","short_details":"Jo Tangi \u2014 Al Lanv","translator":null,"weight":300,"page_count":220,"readership":null,"editor":"Al Lanv","price":1300,"published_date":"2021-07-02T22:00:00.000000Z","support":"Grand format","publisher_availability":1,"stock":0,"editions":[],"url":"https:\/\/quaidesbrumes.com\/ouvrage\/9782916745435\/plant-ar-vro-tii"},{"id":"9782130579281","title":"Comment dematerialiser l'economie ?","description":null,"authors":["Van Niel Johan"],"category_codes":["4000000","4010000","4010200","4010207"],"visuals":{"large":"https:\/\/quaidesbrumes.com\/img\/book-placeholder.png","medium":"https:\/\/quaidesbrumes.com\/img\/book-placeholder.png","thumbnail":"https:\/\/quaidesbrumes.com\/img\/book-placeholder.png"},"orderable":false,"show_badge":true,"formatted_price":"1,00&nbsp;\u20ac","formatted_published_date":null,"publisher_availability_label":"\u00c0 para\u00eetre","short_details":"Van Niel Johan \u2014 PUF","translator":null,"weight":0,"page_count":null,"readership":null,"editor":"PUF","price":100,"published_date":null,"support":"Grand format","publisher_availability":2,"stock":0,"editions":[],"url":"https:\/\/quaidesbrumes.com\/ouvrage\/9782130579281\/comment-dematerialiser-leconomie"},{"id":"9782130588917","title":"Refondation du droit international par le developpement durable","description":null,"authors":["Alain Papaux"],"category_codes":["4000000","4010000","4010200","4010207"],"visuals":{"large":"https:\/\/quaidesbrumes.com\/img\/book-placeholder.png","medium":"https:\/\/quaidesbrumes.com\/img\/book-placeholder.png","thumbnail":"https:\/\/quaidesbrumes.com\/img\/book-placeholder.png"},"orderable":false,"show_badge":true,"formatted_price":"1,00&nbsp;\u20ac","formatted_published_date":null,"publisher_availability_label":"\u00c0 para\u00eetre","short_details":"Alain Papaux \u2014 PUF","translator":null,"weight":0,"page_count":null,"readership":null,"editor":"PUF","price":100,"published_date":null,"support":"Grand format","publisher_availability":2,"stock":0,"editions":[],"url":"https:\/\/quaidesbrumes.com\/ouvrage\/9782130588917\/refondation-du-droit-international-par-le-developpement-durable"},{"id":"9782708881396","title":"Carnet nature ; le guide pour d\u00e9couvrir la nature","description":"EAN9782708881396 TitreCarnet nature AuteurCollectif EditeurLes Presses d'Ile-de-France Date parution01\/05\/2012 ReliureBroch\u00e9 TVA5,5 Prix TTC18,00 Prix HT17,06 Pages200 Languefran\u00e7ais Rayon EDUCATION ET VIE PRATIQUE Description et auteur\"Ce carnet nature est un guide pour initier au monde secret de la nature. Nul besoin d'\u00eatre expert pour nommer les esp\u00e8ces que l'on croise le plus souvent. \r\nIl suffit de se poser quelques questions et d'ouvrir ce carnet. \r\nDans quel milieu est-on\u00a0? Quel est donc l'animal qui fait tant de bruit ? Et celui auquel appartiennent ces traces\u00a0? De quelle plante ces graines volantes se sont-elles \u00e9chapp\u00e9es\u00a0? Quel est donc cet arbre qui nous offre une si belle ombre ?\r\nDans chaque milieu \u00e9voqu\u00e9, les esp\u00e8ces sont class\u00e9es par ordre alphab\u00e9tique. Chacune d'elles est accompagn\u00e9e d'une illustration l\u00e9gend\u00e9e et d'une histoire qui la caract\u00e9rise, une histoire naturelle, o\u00f9 le merveilleux c\u00f4toie l'\u00e9tonnant, le dr\u00f4le, le magique.\r\nVous partez en balade dans la nature. prenez donc ce carnet dans votre sac. Vous y noterez nos observations, vous consulterez les notices de plus de 200 esp\u00e8ces, vous jouerez au d\u00e9tective et \u00e0 bien d'autres activit\u00e9s ludiques pour comprendre et cr\u00e9er, et vous r\u00eaverez en lisant la carte du ciel.\"","authors":["Collectif"],"category_codes":["4000000","4010000","4010300","4010302"],"visuals":{"large":"https:\/\/images.epagine.fr\/396\/9782708881396_1_75.jpg","medium":"https:\/\/images.epagine.fr\/396\/9782708881396_1_m.jpg","thumbnail":"https:\/\/images.epagine.fr\/396\/9782708881396_1_v.jpg"},"orderable":true,"show_badge":true,"formatted_price":"15,00&nbsp;\u20ac","formatted_published_date":"22 mai 2012","publisher_availability_label":"Sur commande","short_details":"Collectif \u2014 Presses D'Ile De France","translator":null,"weight":300,"page_count":200,"readership":null,"editor":"Presses D'Ile De France","price":1500,"published_date":"2012-05-21T22:00:00.000000Z","support":"Grand format","publisher_availability":1,"stock":0,"editions":[],"url":"https:\/\/quaidesbrumes.com\/ouvrage\/9782708881396\/carnet-nature-le-guide-pour-decouvrir-la-nature"}]}