{"data":[{"id":"9782356530592","title":"Histoires de coqs ; chasses au coq de bruy\u00e8re","description":"Il y en a un, dit le Commandant, dont j'aurais bien voulu voir la bobine, c'est le berger quand il nous a entendus tirer les coqs lev\u00e9s par son chien !\r\n- Combien en avons-nous finalement ? demanda l'Ing\u00e9nieur.\r\n- Quatre pour toi, deux pour le Commandant, deux pour moi, cela fait huit.\r\n\r\n\u00c9patant, c'est la premi\u00e8re fois que nous r\u00e9ussissons aussi bien !\u00c0 ce moment un g\u00e9missement aigu retentit \u00e0 nouveau stoppant le jeu de nos fourchettes et celui de nos m\u00e2choires, le Commandant se leva, le fusil au poing, puis, comme plus rien ne se faisait entendre:\r\n-    Laisse donc, dis-je la bouche pleine, ne vois-tu pas qu'il rab\u00e2che ce cabot?\r\n\r\nAu m\u00eame instant la voix du roquet s'\u00e9leva encore et deux coqs fondirent sur nous fournissant au Commandant l'occasion d'un superbe doubl\u00e9.\r\n     Dix! annon\u00e7a-t-il triomphant!\r\n\r\n-    \u00c0 toi! lui criai-je en voyant un nouvel oiseau appara\u00eetre au-dessus des arcosses. \u00bb Dans la premi\u00e8re moiti\u00e9 du XXe si\u00e8cle, Louis George, chasseur, conteur, \u00e9crivain et homme d'action, pratique toutes les chasses mais c'est celle du coq en Maurienne et en Tarentaise qui lui procure les plus grandesjoies.","authors":["Louis Georges"],"category_codes":["4000000","4010000","4010500","4010502"],"visuals":{"large":"https:\/\/images.epagine.fr\/592\/9782356530592_1_75.jpg","medium":"https:\/\/images.epagine.fr\/592\/9782356530592_1_m.jpg","thumbnail":"https:\/\/images.epagine.fr\/592\/9782356530592_1_v.jpg"},"orderable":true,"show_badge":true,"formatted_price":"22,00&nbsp;\u20ac","formatted_published_date":"25 septembre 2012","publisher_availability_label":"Sur commande","short_details":"Louis Georges \u2014 Montbel","translator":null,"weight":255,"page_count":210,"readership":null,"editor":"Montbel","price":2200,"published_date":"2012-09-24T22:00:00.000000Z","support":"Grand format","publisher_availability":1,"stock":0,"editions":[],"url":"https:\/\/quaidesbrumes.com\/ouvrage\/9782356530592\/histoires-de-coqs-chasses-au-coq-de-bruyere"},{"id":"9782356530851","title":"Chasse et alpinisme au Taillefer et en Oisans","description":"Souvenirs d'un chasseur alpiniste en Is\u00e8re, dans la premi\u00e8re moiti\u00e9 du XXe si\u00e8cle. Chasse au coq de bruy\u00e8re, au renard, au li\u00e8vre, mais surtout au chamois. Illustr\u00e9 des dessins de l'auteur.","authors":["Georges Manquant"],"category_codes":["4000000","4010000","4010500","4010502"],"visuals":{"large":"https:\/\/images.epagine.fr\/851\/9782356530851_1_75.jpg","medium":"https:\/\/images.epagine.fr\/851\/9782356530851_1_m.jpg","thumbnail":"https:\/\/images.epagine.fr\/851\/9782356530851_1_v.jpg"},"orderable":true,"show_badge":true,"formatted_price":"22,00&nbsp;\u20ac","formatted_published_date":"8 septembre 2014","publisher_availability_label":"Sur commande","short_details":"Georges Manquant \u2014 Montbel","translator":null,"weight":248,"page_count":208,"readership":null,"editor":"Montbel","price":2200,"published_date":"2014-09-07T22:00:00.000000Z","support":"Grand format","publisher_availability":1,"stock":0,"editions":[],"url":"https:\/\/quaidesbrumes.com\/ouvrage\/9782356530851\/chasse-et-alpinisme-au-taillefer-et-en-oisans"},{"id":"9782356530882","title":"Grandes chasses sur le toit du monde","description":"\"Laissant les Lepchas derri\u00e8re moi, je continue l'ascension mon fusil \u00e0 une main. De l'autre, je m'accroche aux rocs branlants. A 200 m, je me jette \u00e0 plat ventre et cale mon arme sur une pierre. Et maintenant le coup au but?!\r\n\"La premi\u00e8re balle touche le schapi \u00e0 la poitrine. L'animal bondit, retombe sur ses pattes, rue, se lance en pleine pente de la m\u00eame mani\u00e8re que son compagnon de la veille. Pour \u00e9chapper, le bouc traverse un \u00e9troit passage au bas d'une ravine. Une balle le foudroie. Sans un cri, le schapi s'affaisse, tr\u00e9buche et s'\u00e9croule. Entra\u00een\u00e9 par la pente, le corps culbute et tombe dans le vide avant de venir, 300m plus bas, rebondir sur le rebord d'une faille o\u00f9 il dispara\u00eet dans une coul\u00e9e de neige.\" Illustr\u00e9 de photos en noir et blanc.","authors":["Ernst Sch\u00e4fer","Henri Daussy"],"category_codes":["4000000","4010000","4010500","4010502"],"visuals":{"large":"https:\/\/images.epagine.fr\/882\/9782356530882_1_75.jpg","medium":"https:\/\/images.epagine.fr\/882\/9782356530882_1_m.jpg","thumbnail":"https:\/\/images.epagine.fr\/882\/9782356530882_1_v.jpg"},"orderable":true,"show_badge":true,"formatted_price":"25,00&nbsp;\u20ac","formatted_published_date":"19 f\u00e9vrier 2015","publisher_availability_label":"Sur commande","short_details":"Ernst Sch\u00e4fer, Henri Daussy \u2014 Montbel","translator":"HENRI DAUSSY","weight":232,"page_count":200,"readership":null,"editor":"Montbel","price":2500,"published_date":"2015-02-18T23:00:00.000000Z","support":"Grand format","publisher_availability":1,"stock":0,"editions":[],"url":"https:\/\/quaidesbrumes.com\/ouvrage\/9782356530882\/grandes-chasses-sur-le-toit-du-monde"},{"id":"9782356530899","title":"Ta\u00efaut ; m\u00e9moires et album d'un suiveur","description":"Les souvenirs in\u00e9dits et remarquables d'une passionn\u00e9e qui suit depuis sa plus tendre enfance (en 1926) les chasses \u00e0 courre en Ermenonville, Chantilly, Halatte, Compi\u00e8gne et Villers-Cotter\u00eats : Pique Avant Nivernais, Pic'Ardie Valois puis Rallye Trois For\u00eats. Dot\u00e9e d'un sens de la chasse hors du commun, d'une connaissance des chiens et de la for\u00eat qu'elle parcourt par tout temps et en tous sens, Christiane Convert Desprez, dite Ta\u00efaut, livre un t\u00e9moignage pr\u00e9cieux pour tous les veneurs et les suiveurs, \u00e9pris de ce mode de chasse et de ses traditions.\r\nOn lit ce livre comme on suit une chasse. Avec attention et passion. \r\nPierre de Ro\u00fcalle, pr\u00e9sident de la Soci\u00e9t\u00e9 de v\u00e9nerie Quel sacr\u00e9 piqueux aurait-elle \u00e9t\u00e9 ! \r\nClaude d'Ailli\u00e8res, ancien ma\u00eetre d'\u00e9quipage du Rallye Trois For\u00eats Pr\u00e9face, introduction et postface de Pierre de Ro\u00fcalle, Claude d'Ailli\u00e8res,B\u00e9atrice Verro et Fran\u00e7ois-Xavier Allonneau.\r\nNombreuses photos en noir et en couleurs, dont certaines de Roger Barbier-Petit.","authors":["Christiane Convert desprez"],"category_codes":["4000000","4010000","4010500","4010502"],"visuals":{"large":"https:\/\/images.epagine.fr\/899\/9782356530899_1_75.jpg","medium":"https:\/\/images.epagine.fr\/899\/9782356530899_1_m.jpg","thumbnail":"https:\/\/images.epagine.fr\/899\/9782356530899_1_v.jpg"},"orderable":true,"show_badge":true,"formatted_price":"39,00&nbsp;\u20ac","formatted_published_date":"19 f\u00e9vrier 2015","publisher_availability_label":"Sur commande","short_details":"Christiane Convert desprez \u2014 Montbel","translator":null,"weight":426,"page_count":166,"readership":null,"editor":"Montbel","price":3900,"published_date":"2015-02-18T23:00:00.000000Z","support":"Beaux-livres","publisher_availability":1,"stock":0,"editions":[],"url":"https:\/\/quaidesbrumes.com\/ouvrage\/9782356530899\/taiaut-memoires-et-album-dun-suiveur"},{"id":"9782356531230","title":"Chasses dans la ta\u00efga russe","description":"L'Extr\u00eame-Orient russe est le paradis de la faune sauvage. Le tigre, l'ours, le cerf, le loup et les nombreuses b\u00eates \u00e0 fourrure (renard, zibeline, vison, etc.) sont les ma\u00eetres des for\u00eats, des rivi\u00e8res et de la ta\u00efga de cette immensit\u00e9.\r\nChasseur et trappeur, Vsevolod Sysso\u00efev v\u00e9cut dans ces r\u00e9gions dans les ann\u00e9es 1950. Sa connaissance de la faune, de la flore et des conditions de vie des populations locales apporte \u00e0 son r\u00e9cit de passionnants d\u00e9tails sur ces chasses ancestrales.\r\nIllustr\u00e9 de photos en noir et blanc.\r\nTraduit du russe. La premi\u00e8re \u00e9dition en fran\u00e7ais parut en 1958 \u00e0 Moscou sous le titre Dans la ta\u00efga de l'Extr\u00eame-Orient.","authors":["Vsevolod Syssoiev"],"category_codes":["4000000","4010000","4010500","4010502"],"visuals":{"large":"https:\/\/images.epagine.fr\/230\/9782356531230_1_75.jpg","medium":"https:\/\/images.epagine.fr\/230\/9782356531230_1_m.jpg","thumbnail":"https:\/\/images.epagine.fr\/230\/9782356531230_1_v.jpg"},"orderable":true,"show_badge":true,"formatted_price":"25,00&nbsp;\u20ac","formatted_published_date":"28 septembre 2017","publisher_availability_label":"Sur commande","short_details":"Vsevolod Syssoiev \u2014 Montbel","translator":null,"weight":220,"page_count":184,"readership":null,"editor":"Montbel","price":2500,"published_date":"2017-09-27T22:00:00.000000Z","support":"Grand format","publisher_availability":1,"stock":0,"editions":[],"url":"https:\/\/quaidesbrumes.com\/ouvrage\/9782356531230\/chasses-dans-la-taiga-russe"},{"id":"9782356531292","title":"Chasses \u00e0 travers le monde","description":"Les r\u00e9cits de chasse \u00e0 travers le monde du grand explorateur anglais (1821-1893) qui fut l'un des premiers d\u00e9couvreurs du lac Victoria et des sources du Nil. Attach\u00e9 \u00e0 d\u00e9crire la faune sauvage, il livre des r\u00e9cits \u00e9tonnants et cocasses de ses chasses, en compagnie de sa femme et des chasseurs indig\u00e8nes, en Inde, \u00e0 Ceylan, dans la corne de l'Afrique, en Am\u00e9rique du Nord, en \u00c9cosse, etc.\r\n\r\nExtrait.\r\n\"J'avais devant moi la r\u00e9compense de mon obstination : \u00e0 100 m sur ma gauche, la t\u00eate et le cou du tigre sortaient de l'eau dans laquelle le corps trempait pour se rafra\u00eechir. Comme je le pensais, il prenait tranquillement son bain tandis que nous nous \u00e9puisions \u00e0 battre la seconde partie de la for\u00eat apr\u00e8s qu'il eut pris les grands devants. Bien que vieux praticien, Fazil, le cornac, \u00e9tait tout excit\u00e9. \"Tirez vite\" chuchota-t-il. \"Trop loin\" r\u00e9pondis-je sur le m\u00eame ton [...] Juste \u00e0 ce moment le tigre se souleva et s'assit comme un chien. Jamais je n'avais vu pareil spectacle. La t\u00eate splendide, les yeux comme des fanaux \u00e9lectriques \u00e0 lampe verte tandis que le grand corps, longtemps couch\u00e9 sur un fond l'alluvion, ruisselait d'eau boueuse.\r\n\r\n\"... Je comptais les foul\u00e9es de l'\u00e9l\u00e9phant longeant la bordure jusqu'\u00e0 me trouver s\u00fbr d'\u00eatre \u00e0 bonne distance [...] Je fis soudain arr\u00eater : le tigre \u00e9tait l\u00e0, face \u00e0 moi, cette fois \u00e0 50 m. \"Tiens ta b\u00eate tranquille\" et, m'appuyant sur le bord du howdah, je pris ma vis\u00e9e. Comme par un fait expr\u00e8s, une branche de tamaris se balan\u00e7ait \u00e0 la brise juste devant moi. Fazil se pencha et la baissa doucement : j'avais le champ libre. Les yeux du tigre luisaient toujours comme des feux verts ; Nielmonn\u00e9e resta comme un roc pendant quelques secondes. Je pressai la d\u00e9tente.\"","authors":["Baker Sir Samuel"],"category_codes":["4000000","4010000","4010500"],"visuals":{"large":"https:\/\/images.epagine.fr\/292\/9782356531292_1_75.jpg","medium":"https:\/\/images.epagine.fr\/292\/9782356531292_1_m.jpg","thumbnail":"https:\/\/images.epagine.fr\/292\/9782356531292_1_v.jpg"},"orderable":true,"show_badge":true,"formatted_price":"25,00&nbsp;\u20ac","formatted_published_date":"4 avril 2018","publisher_availability_label":"Sur commande","short_details":"Baker Sir Samuel \u2014 Montbel","translator":null,"weight":436,"page_count":384,"readership":null,"editor":"Montbel","price":2500,"published_date":"2018-04-03T22:00:00.000000Z","support":"Grand format","publisher_availability":1,"stock":0,"editions":[],"url":"https:\/\/quaidesbrumes.com\/ouvrage\/9782356531292\/chasses-a-travers-le-monde"},{"id":"9782356531629","title":"L'attaque du lion : grande chasse dans l'empire centrafricain","description":"L'auteur chassait en Centrafrique dans les ann\u00e9es 1970, guid\u00e9 par Bob Pujol.\r\nSes souvenirs comprennent le r\u00e9cit d'une chasse au nord du pays, o\u00f9 il fut charg\u00e9 violemment par un lion. Un moment inoubliable...","authors":["R\u00e9my Georges"],"category_codes":["4000000","4010000","4010500","4010502"],"visuals":{"large":"https:\/\/images.epagine.fr\/629\/9782356531629_1_75.jpg","medium":"https:\/\/images.epagine.fr\/629\/9782356531629_1_m.jpg","thumbnail":"https:\/\/images.epagine.fr\/629\/9782356531629_1_v.jpg"},"orderable":true,"show_badge":true,"formatted_price":"25,00&nbsp;\u20ac","formatted_published_date":"14 juin 2022","publisher_availability_label":"Sur commande","short_details":"R\u00e9my Georges \u2014 Montbel","translator":null,"weight":180,"page_count":152,"readership":null,"editor":"Montbel","price":2500,"published_date":"2022-06-13T22:00:00.000000Z","support":"Grand format","publisher_availability":1,"stock":0,"editions":[],"url":"https:\/\/quaidesbrumes.com\/ouvrage\/9782356531629\/lattaque-du-lion-grande-chasse-dans-lempire-centrafricain"},{"id":"9782356531711","title":"Chasses de Bourgogne et du Bourbonnais : b\u00e9casses et sangliers d'autrefois","description":"Les Souvenirs de chasse de Fran\u00e7ois Devillard, publi\u00e9s en 1911, n'avaient jamais \u00e9t\u00e9 r\u00e9\u00e9dit\u00e9s. Sous le nouveau titre de Chasses de Bourgogne et du Bourbonnais, ces pages font revivre les \u00e9mouvantes chasses \u00e0 la b\u00e9casse et au sanglier d'une \u00e9poque r\u00e9volue.\r\nReceveur des imp\u00f4ts, f\u00e9ru de chasse et de p\u00eache, Devillard est \u00e9galement l'auteur d'un Essai sur la chasse de la b\u00e9casse (publi\u00e9 en 1908 et plusieurs fois r\u00e9\u00e9dit\u00e9) et d'une \u00c9tude sur la chasse \u00e0 la perdrix (1909).","authors":["Fran\u00e7ois Devillard"],"category_codes":["4000000","4010000","4010500","4010502"],"visuals":{"large":"https:\/\/images.epagine.fr\/711\/9782356531711_1_75.jpg","medium":"https:\/\/images.epagine.fr\/711\/9782356531711_1_m.jpg","thumbnail":"https:\/\/images.epagine.fr\/711\/9782356531711_1_v.jpg"},"orderable":true,"show_badge":true,"formatted_price":"20,00&nbsp;\u20ac","formatted_published_date":"22 ao\u00fbt 2023","publisher_availability_label":"Sur commande","short_details":"Fran\u00e7ois Devillard \u2014 Montbel","translator":null,"weight":160,"page_count":128,"readership":null,"editor":"Montbel","price":2000,"published_date":"2023-08-21T22:00:00.000000Z","support":"Grand format","publisher_availability":1,"stock":0,"editions":[],"url":"https:\/\/quaidesbrumes.com\/ouvrage\/9782356531711\/chasses-de-bourgogne-et-du-bourbonnais-becasses-et-sangliers-dautrefois"},{"id":"9782268074399","title":"Les p\u00eacheurs des extr\u00eames","description":"Le marin ne s'ouvre pas facilement, la mer est difficile d'acc\u00e8s et bien rares sont les hommes de lettres \u00e0 poser leurs sacs \u00e0 bord de ces grands bateaux hauturiers. Leur vie est dure et aust\u00e8res, leurs visages marqu\u00e9s par le travail, la fiert\u00e9 et l'amour qu'ils portent \u00e0 leur passion. Ils sont fran\u00e7ais, polonais, malgaches ou ukrainiens et embarquent sur nos bateaux-usines pour servir dans nos meilleures tables les produits de leurs longues campagnes de p\u00eache. Des quaranti\u00e8mes rugissants dans les mers australes aux berges inhospitali\u00e8res du Spietzberg en mer de Barents, ces \"laboureurs des mers\" restent peu connus du grand public. Marcel Mochet est l'un des rares journalistes \u00e0 avoir pu vivre le quotidien de la grande p\u00eache sur toutes les mers et \u00e0 pouvoir nous proposer ces instantan\u00e9s de vie des \"p\u00eacheurs des extr\u00eames\".","authors":["Marcel Mochet"],"category_codes":["4000000","4010000","4010500","4010502"],"visuals":{"large":"https:\/\/images.epagine.fr\/399\/9782268074399_1_75.jpg","medium":"https:\/\/images.epagine.fr\/399\/9782268074399_1_m.jpg","thumbnail":"https:\/\/images.epagine.fr\/399\/9782268074399_1_v.jpg"},"orderable":true,"show_badge":true,"formatted_price":"27,00&nbsp;\u20ac","formatted_published_date":"9 novembre 2012","publisher_availability_label":"Sur commande","short_details":"Marcel Mochet \u2014 \u00c9ditions du Rocher","translator":null,"weight":1118,"page_count":200,"readership":null,"editor":"\u00c9ditions du Rocher","price":2700,"published_date":"2012-11-08T23:00:00.000000Z","support":"Beaux-livres","publisher_availability":1,"stock":0,"editions":[],"url":"https:\/\/quaidesbrumes.com\/ouvrage\/9782268074399\/les-pecheurs-des-extremes"},{"id":"9782268079196","title":"Climat ; plan\u00e8te en danger","description":"Apr\u00e8s la conf\u00e9rence de Lima (D\u00e9cembre 2014) se tiendra au Bourget en d\u00e9cembre 2015 la Conf\u00e9rence climatique de Paris qui devra prendre des d\u00e9cisions sur les mesures n\u00e9cessaires pour freiner, dans les pays du Sud comme dans les pays du Nord, le r\u00e9chauffement climatique en cours. Une \u00e9volution constat\u00e9e et mod\u00e9lis\u00e9e depuis 1988 par les 3000 scientifiques et climatologues du GIEC, le Groupe d'experts Intergouvernemental sur l'Evolution du Climat.\r\nIl s'agira en quelque sorte de la \u00ab conf\u00e9rence de la derni\u00e8re chance \u00bb pour tenter de limiter le r\u00e9chauffement climatique mondial autour de 2 degr\u00e9s, avec de grandes diff\u00e9rences d'un continent, parfois d'un pays, \u00e0 l'autre. Des augmentations possibles qui poseraient des probl\u00e8mes d'adaptation, adaptations qui, dans de nombreuses r\u00e9gions du monde, seraient donc encore plus difficiles \u00e0 mettre en place ; il est possible si, comme l'annoncent de nombreux climatologues, le r\u00e9chauffement, global ou local, se poursuit au-del\u00e0 des craintes, que les d\u00e9cennies \u00e0 venir se r\u00e9v\u00e8lent encore plus difficiles et souvent meurtri\u00e8res. Ce livre raconte \"journalistiquement\" l'histoire et l'actualit\u00e9 de ces combats contre les causes du r\u00e9chauffement ; tout en faisant d'abord appara\u00eetre le r\u00f4le des scientifiques, voire des politiques, et en mettant en valeur les r\u00e9ussites locales, r\u00e9gionales ou continentales des acteurs connus ou ignor\u00e9s de ce combat.","authors":["Claude-marie Vadrot"],"category_codes":["4000000","4010000","4010200","4010201"],"visuals":{"large":"https:\/\/images.epagine.fr\/196\/9782268079196_1_75.jpg","medium":"https:\/\/images.epagine.fr\/196\/9782268079196_1_m.jpg","thumbnail":"https:\/\/images.epagine.fr\/196\/9782268079196_1_v.jpg"},"orderable":true,"show_badge":true,"formatted_price":"17,90&nbsp;\u20ac","formatted_published_date":"13 novembre 2015","publisher_availability_label":"Sur commande","short_details":"Claude-marie Vadrot \u2014 \u00c9ditions du Rocher","translator":null,"weight":358,"page_count":224,"readership":null,"editor":"\u00c9ditions du Rocher","price":1790,"published_date":"2015-11-12T23:00:00.000000Z","support":"Grand format","publisher_availability":1,"stock":0,"editions":[],"url":"https:\/\/quaidesbrumes.com\/ouvrage\/9782268079196\/climat-planete-en-danger"},{"id":"9782738012012","title":"Fruits et l\u00e9gumes ; caract\u00e9ristiques et principaux enjeux","description":"Cet ouvrage est le r\u00e9sultat d'une \u00e9tude men\u00e9e par des chercheurs de l'Inra, avec la collaboration de nombreux acteurs professionnels et institutionnels impliqu\u00e9s dans les fili\u00e8res fruits et l\u00e9gumes. Il d\u00e9crit l'organisation de ces fili\u00e8res en France et en analyse les caract\u00e9ristiques essentielles : consommation, commercialisation, production, transformation, concurrence internationale. L'accent est mis sur les principales sources de pr\u00e9occupation \u00e0 prendre en compte pour permettre \u00e0 ces fili\u00e8res de poursuivre leur d\u00e9veloppement dans un contexte de concurrence accrue. Cette \u00e9tude int\u00e9ressera aussi bien les organismes scientifiques, techniques ou institutionnels, que les structures professionnelles et les \u00e9tablissements d'enseignement.\r\nBeno\u00eet Jeannequin dirige depuis 1995 l'unit\u00e9 exp\u00e9rimentale d'Alenya, dont les travaux portent sur l'innovation dans les syst\u00e8mes mara\u00eechers. Fran\u00e7oise Dosba dirige actuellement l'unit\u00e9 mixte de recherche de Biologie du d\u00e9veloppement des esp\u00e8ces p\u00e9rennes cultiv\u00e9es de Montpellier. Marie Jos\u00e8phe Amiot-Carlin conduit au sein de l'UMR Nutrition humaine et lipides des recherches sur les m\u00e9tabolites secondaires des fruits et l\u00e9gumes.","authors":["Collectif"],"category_codes":["4000000","4010000","4010400"],"visuals":{"large":"https:\/\/images.epagine.fr\/012\/9782738012012_1_75.jpg","medium":"https:\/\/images.epagine.fr\/012\/9782738012012_1_m.jpg","thumbnail":"https:\/\/images.epagine.fr\/012\/9782738012012_1_v.jpg"},"orderable":true,"show_badge":true,"formatted_price":"23,00&nbsp;\u20ac","formatted_published_date":"3 octobre 2005","publisher_availability_label":"Sur commande","short_details":"Collectif \u2014 Qu\u00e6","translator":null,"weight":501,"page_count":null,"readership":null,"editor":"Qu\u00e6","price":2300,"published_date":"2005-10-02T22:00:00.000000Z","support":"Grand format","publisher_availability":1,"stock":0,"editions":[],"url":"https:\/\/quaidesbrumes.com\/ouvrage\/9782738012012\/fruits-et-legumes-caracteristiques-et-principaux-enjeux"},{"id":"9782914390026","title":"Madame Hallali","description":"C\u00e9l\u00e8bre roman de v\u00e9nerie : la vie aventureuse et passionn\u00e9e d'une amazone polonaise en pays poitevin.\r\nIllustrations de Matthieu Sordot.\r\n\r\nVoici l'extraordinaire \u00e9pop\u00e9e de Madame Hallali, une des figures f\u00e9minines mythiques de la chasse \u00e0 courre. Un texte singulier, charg\u00e9 d'\u00e9motion et de passion romantique, qui entra\u00eene le lecteur des for\u00eats prussiennes au bocage vend\u00e9en, \u00e0 la suite des chiens, des cerfs, des sangliers et des loups...\r\n\r\nContemporain de Balzac et d'Alexandre Dumas, le marquis de Foudras (1800-1872), c\u00e9l\u00e8bre gentilhomme chasseur bourguignon, a laiss\u00e9 une com\u00e9die humaine de la chasse o\u00f9 il d\u00e9peint les caract\u00e8res et les types de la France des XVIIIe et XIXe si\u00e8cles.\r\n\r\nCe volume est le deuxi\u00e8me de la collection des Oeuvres cyn\u00e9g\u00e9tiques compl\u00e8tes illustr\u00e9es de Th\u00e9odore de Foudras publi\u00e9e \u00e0 l'occasion du deux centi\u00e8me anniversaire de sa naissance. Le texte de Madame Hallali, paru pour la premi\u00e8re fois en 1863, est enrichi d'une pr\u00e9sentation historique et d'\u00e9tudes biographiques.\r\n\r\nCe texte n'avait pas \u00e9t\u00e9 r\u00e9\u00e9dit\u00e9 depuis cinquante ans.\r\n\r\nIl est enrichi d'une importante biographie du marquis de Foudras r\u00e9alis\u00e9e \u00e0 partir des connaissances les plus r\u00e9centes, et une \u00e9tude originale sur la chasse en France \u00e0 la fin de l'ancien r\u00e9gime par un conservateur du Mus\u00e9e de la chasse et de la nature (Paris) Une \u00e9dition enti\u00e8rement revue et recompos\u00e9e, accompagn\u00e9e d'une pr\u00e9sentation historique et d'aquarelles originales in\u00e9dites.\r\n\r\nCe volume est pr\u00e9fac\u00e9 par Isabelle Reille, alors pr\u00e9sident de la Soci\u00e9t\u00e9 des amis du Mus\u00e9e international de la chasse (Gien)","authors":["Marquis De Foudras"],"category_codes":["4000000","4010000","4010300"],"visuals":{"large":"https:\/\/images.epagine.fr\/026\/9782914390026_1_75.jpg","medium":"https:\/\/images.epagine.fr\/026\/9782914390026_1_m.jpg","thumbnail":"https:\/\/images.epagine.fr\/026\/9782914390026_1_v.jpg"},"orderable":true,"show_badge":true,"formatted_price":"27,29&nbsp;\u20ac","formatted_published_date":"1er septembre 2000","publisher_availability_label":"Sur commande","short_details":"Marquis De Foudras \u2014 Montbel","translator":null,"weight":300,"page_count":218,"readership":null,"editor":"Montbel","price":2729,"published_date":"2000-08-31T22:00:00.000000Z","support":"Grand format","publisher_availability":1,"stock":0,"editions":[],"url":"https:\/\/quaidesbrumes.com\/ouvrage\/9782914390026\/madame-hallali"},{"id":"9782914390187","title":"Chasseurs du temps pass\u00e9","description":"Edition la plus compl\u00e8te de ce recueil posthume, r\u00e9\u00e9dit\u00e9 une seule fois depuis 1910, enrichi ici de trois textes in\u00e9dits en volume.\r\n\r\nA travers ces huit textes, Foudras livre ses th\u00e8mes favoris et se fait l'avocat de la chasse comme rem\u00e8des aux peines de coeur. Du si\u00e8cle de Louis XV \u00e0 l'exposition universelle de 1855, en passant par le Directoire, on retrouve ainsi la fid\u00e9lit\u00e9 et l'abn\u00e9gation des bons chiens et du personnel de la v\u00e9nerie, la vraie s\u00e9r\u00e9nit\u00e9 des passionn\u00e9s, la critique de la soci\u00e9t\u00e9 issue de la R\u00e9volution, la vie rude des habitants des for\u00eats, la fougue des veneurs inv\u00e9t\u00e9r\u00e9s, la fascination pour les femmes chasseresses et la d\u00e9fense de la province fran\u00e7aise.\r\n\r\nPr\u00e9face de Louis de Rohan Chabot, pr\u00e9sident de d\u00e9l\u00e9gation fran\u00e7aise du CIC.\r\n\r\nIllustrations in\u00e9dites de Matthieu Sordot en noir et blanc.\r\n\r\nCe volume est le neuvi\u00e8me de la collection des Oeuvres cyn\u00e9g\u00e9tiques compl\u00e8tes du marquis de Foudras (1800-1872), c\u00e9l\u00e8bre gentilhomme chasseur bourguignon, publi\u00e9e depuis l'an 2000 \u00e0 l'occasion du deux centi\u00e8me anniversaire de sa naissance.","authors":["Marquis De Foudras"],"category_codes":["4000000","4010000","4010500","4010502"],"visuals":{"large":"https:\/\/images.epagine.fr\/187\/9782914390187_1_75.jpg","medium":"https:\/\/images.epagine.fr\/187\/9782914390187_1_m.jpg","thumbnail":"https:\/\/images.epagine.fr\/187\/9782914390187_1_v.jpg"},"orderable":true,"show_badge":true,"formatted_price":"26,00&nbsp;\u20ac","formatted_published_date":"22 octobre 2004","publisher_availability_label":"Sur commande","short_details":"Marquis De Foudras \u2014 Montbel","translator":null,"weight":300,"page_count":174,"readership":null,"editor":"Montbel","price":2600,"published_date":"2004-10-21T22:00:00.000000Z","support":"Grand format","publisher_availability":1,"stock":0,"editions":[],"url":"https:\/\/quaidesbrumes.com\/ouvrage\/9782914390187\/chasseurs-du-temps-passe"},{"id":"9782914390200","title":"Mes souvenirs de chasse","description":"J'avais seize ans et mon premier permis quand, accompagn\u00e9 d'un ami de mon p\u00e8re, un commandant au sourire doux, je p\u00e9n\u00e9trai pour la premi\u00e8re fois dans un ma\u00efs enchant\u00e9. C'\u00e9tait un champ de trois hectares, noy\u00e9 d'eau. Les b\u00e9cassines, bloqu\u00e9es par le brouillard, se tenaient au sec \u00e0 la fa\u00e7on des piverts, en s'accrochant sur les d\u00e9bris de tiges. Je n'avais pas fait 10 m\u00e8tres qu'une bande d'oiseaux d\u00e9fila par le travers comme un volier de b\u00e9casseaux. J'en ramassai quatre d'un seul coup de fusil. Coup de filet inesp\u00e9r\u00e9, car, par la suite, les bandes s'\u00e9tant disloqu\u00e9es, j'enfumai toutes les isol\u00e9es qui pass\u00e8rent \u00e0 ma main. Le commandant, qui tirait avec exp\u00e9rience et sang-froid, r\u00e9alisa le tableau de sa vie. Cette f\u00e9erie dura peu de temps. Une demi-heure apr\u00e8s le d\u00e9but des hostilit\u00e9s, un rayon de soleil finit par percer et la crasse s'\u00e9vanouit en quelques minutes. Je saluai, toujours sans r\u00e9ussite, quelques oiseaux qui montaient vers l'azur, heureux d'une libert\u00e9 retrouv\u00e9e. Le dernier me laissa une plume blanche qui atterrit presque \u00e0 mes pieds, au creux d'une feuille couleur de tabac. J'ai conserv\u00e9 ce souvenir d'une journ\u00e9e historique.\r\n\r\nEcrivain et journaliste de talent, Eric Joly raconte ses souvenirs et ses anecdotes cyn\u00e9g\u00e9tiques. De ses premiers canards au bord de la Loire \u00e0 ses chasses en Irlande, \u00e0 travers la France ou au Maroc, il fait partager avec sensibilit\u00e9 et humour les coups heureux ou maladroits que connaissent tous les chasseurs.\r\n\r\nLes gibiers, les chiens, les armes et les chasseurs... une belle marche au rythme des saisons, de la lumi\u00e8re et des paysages.","authors":["Eric Joly"],"category_codes":["4000000","4010000","4010500","4010502"],"visuals":{"large":"https:\/\/images.epagine.fr\/200\/9782914390200_1_75.jpg","medium":"https:\/\/images.epagine.fr\/200\/9782914390200_1_m.jpg","thumbnail":"https:\/\/images.epagine.fr\/200\/9782914390200_1_v.jpg"},"orderable":true,"show_badge":true,"formatted_price":"22,00&nbsp;\u20ac","formatted_published_date":"29 novembre 2004","publisher_availability_label":"Sur commande","short_details":"Eric Joly \u2014 Montbel","translator":null,"weight":280,"page_count":202,"readership":null,"editor":"Montbel","price":2200,"published_date":"2004-11-28T23:00:00.000000Z","support":"Grand format","publisher_availability":1,"stock":0,"editions":[],"url":"https:\/\/quaidesbrumes.com\/ouvrage\/9782914390200\/mes-souvenirs-de-chasse"},{"id":"9782914390231","title":"Souvenirs d'un pisteur peul","description":"Si l'on veut que notre Afrique, celle qui nous fait r\u00eaver, survive il ne faut pas oublier ces hommes extraordinaires, paysans, bergers peuls, pisteurs, chauffeurs, cuisiniers...\r\n\r\nL'Afrique c'est eux !\r\n\r\nIls nous ont appris tant de choses, ils survivent de rien, ils sont admirables. Ils sont heureux de nous faire aimer ce pays si merveilleux.\r\n\r\nSans eux l'Afrique et le Sahel en particulier ne seraient qu'immensit\u00e9 sans \u00e2me.\r\n\r\nLui, Rasman\u00e9, il y a maintenant quatre g\u00e9n\u00e9rations qu'il guide nos pas sur les pistes africaines.\r\n\r\nIl a presque soixante-dix ans et le voila au bout du voyage...\r\n\r\nSon allure est fi\u00e8re et il porte du haut d'un m\u00e8tre quatre-vingt-dix toute l'\u00e9l\u00e9gance et la noblesse du peuple peul.\r\n\r\nDurant ces ann\u00e9es d'une vie de nomade, il a tout vu de cette Afrique sah\u00e9lienne, d'abord coloniale, puis ind\u00e9pendante et sa lente autodestruction...\r\n\r\nRasman\u00e9 Barry a rencontr\u00e9 toutes sortes de blancs, plus ou moins recommandables, du fonctionnaire colonial g\u00e9n\u00e9reux ou \u00e9triqu\u00e9, aux chasseurs de grands gibiers avides de troph\u00e9es et d'aventures.","authors":["Barry Rasmane"],"category_codes":["4000000","4010000","4010500","4010502"],"visuals":{"large":"https:\/\/images.epagine.fr\/231\/9782914390231_1_75.jpg","medium":"https:\/\/images.epagine.fr\/231\/9782914390231_1_m.jpg","thumbnail":"https:\/\/images.epagine.fr\/231\/9782914390231_1_v.jpg"},"orderable":true,"show_badge":true,"formatted_price":"22,00&nbsp;\u20ac","formatted_published_date":"8 d\u00e9cembre 2004","publisher_availability_label":"Sur commande","short_details":"Barry Rasmane \u2014 Montbel","translator":null,"weight":200,"page_count":206,"readership":null,"editor":"Montbel","price":2200,"published_date":"2004-12-07T23:00:00.000000Z","support":"Grand format","publisher_availability":1,"stock":0,"editions":[],"url":"https:\/\/quaidesbrumes.com\/ouvrage\/9782914390231\/souvenirs-dun-pisteur-peul"},{"id":"9782914390460","title":"Camps sauvages en brousse africaine","description":"Notre reconnaissance fut lanc\u00e9e en amont de notre campement. La rivi\u00e8re y faisait un vaste m\u00e9andre, cernant une grande plaine de pailles hautes. Notre pisteur tambafinien nous avait assur\u00e9s d'une pl\u00e9thore de cobes onctueux. Nous scrutions donc les pailles lorsqu'au d\u00e9tour d'une petite vall\u00e9e, assez loin sur la gauche, je saisis d'un coin de l'oeil, dans l'immobilit\u00e9 des arbres et des pierres, comme le reflet \u00e9ph\u00e9m\u00e8re d'un mouvement. J'aiguisai mon regard entre les troncs et je les vis, debout, \u00e0 une centaine de m\u00e8tres, qui me regardaient, silhouettes sombres et fig\u00e9es que seul avait trahies le battement d'une oreille ou le mince coup de fouet de la queue.","authors":["Alhinc Jean"],"category_codes":["4000000","4010000","4010300"],"visuals":{"large":"https:\/\/images.epagine.fr\/460\/9782914390460_1_75.jpg","medium":"https:\/\/images.epagine.fr\/460\/9782914390460_1_m.jpg","thumbnail":"https:\/\/images.epagine.fr\/460\/9782914390460_1_v.jpg"},"orderable":true,"show_badge":true,"formatted_price":"32,00&nbsp;\u20ac","formatted_published_date":"18 septembre 2006","publisher_availability_label":"Sur commande","short_details":"Alhinc Jean \u2014 Montbel","translator":null,"weight":460,"page_count":234,"readership":null,"editor":"Montbel","price":3200,"published_date":"2006-09-17T22:00:00.000000Z","support":"Grand format","publisher_availability":1,"stock":0,"editions":[],"url":"https:\/\/quaidesbrumes.com\/ouvrage\/9782914390460\/camps-sauvages-en-brousse-africaine"},{"id":"9782914390484","title":"Safari ; un guide de chasse au Za\u00efre, au Tchad et en Centrafrique, 1970-1974","description":"Accroupis, sans \u00e9mettre le moindre murmure, sans esquisser le moindre geste, nous demeurons immobiles. Notre position est extr\u00eamement dangereuse et le silence absolu du pachyderme n'arrange pas les choses. En cas de charge, je crains qu'il ne me soit impossible de braquer mon arme et d'arr\u00eater d'une balle l'\u00e9lan de la gigantesque b\u00eate. En fon\u00e7ant sur nous, elle risque d'abattre des arbres qui nous jetteront \u00e0 terre.\r\n\r\nD'un regard j'interroge mes amis.\r\n\r\nQuand, dans le silence de la grande for\u00eat, un grondement, intestinal cette fois, juste \u00e0 notre gauche, retentit. Il faut prendre le parti de passer \u00e0 l'action. D'un geste, je fais signe \u00e0 Jean de s'approcher \u00e0 mes c\u00f4t\u00e9s. \u00c0 quelques m\u00e8tres, face \u00e0 nous, le grand m\u00e2le est l\u00e0. Un peu plus loin sur la gauche, son compagnon. Je fais comprendre \u00e0 Jean qu'il doit placer sa balle au centre de la t\u00eate de l'animal, un peu plus bas que la ligne des yeux : au cerveau. Pour ma part, je contr\u00f4lerai les r\u00e9actions du deuxi\u00e8me \u00e9l\u00e9phant.\r\n\r\nD\u00e9chirant le silence, la d\u00e9flagration retentit.\r\n\r\nSouvenirs et anecdotes de l'auteur, guide de chasse au Tchad, au Za\u00efre et en Centrafrique dans les ann\u00e9es 1970. Photos en couleurs","authors":["Hulin Patrice"],"category_codes":["4000000","4010000","4010300"],"visuals":{"large":"https:\/\/images.epagine.fr\/484\/9782914390484_1_75.jpg","medium":"https:\/\/images.epagine.fr\/484\/9782914390484_1_m.jpg","thumbnail":"https:\/\/images.epagine.fr\/484\/9782914390484_1_v.jpg"},"orderable":true,"show_badge":true,"formatted_price":"33,00&nbsp;\u20ac","formatted_published_date":"20 novembre 2006","publisher_availability_label":"Sur commande","short_details":"Hulin Patrice \u2014 Montbel","translator":null,"weight":400,"page_count":194,"readership":null,"editor":"Montbel","price":3300,"published_date":"2006-11-19T23:00:00.000000Z","support":"Grand format","publisher_availability":1,"stock":0,"editions":[],"url":"https:\/\/quaidesbrumes.com\/ouvrage\/9782914390484\/safari-un-guide-de-chasse-au-zaire-au-tchad-et-en-centrafrique-1970-1974"},{"id":"9782914390538","title":"Pisteurs noirs ; chasseur blanc","description":"D'une voix tremblante d'excitation, Formidable me dit : le lion ! et nous nous pr\u00e9cipitons tous les deux vers son fr\u00e8re qui ne bouge pas d'un pouce. Je me souviens lui avoir cri\u00e9 assez stupidement : ne tire pas ! ne tire pas ! et avoir \u00e9paul\u00e9 \u00e0 mon tour sans avoir pu identifier ma cible...\r\n\r\nUn grondement caverneux me prit aux tripes pendant qu'un oeil toujours riv\u00e9 au cran de vis\u00e9e, je captai une soudaine ondulation dans les herbes, puis, rien, plus rien... Le lion, mon lion, avait bondi dans le lit du marigot en contrebas et s'\u00e9tait perdu au milieu des roseaux qui bordaient l'autre rive. C'est, du moins, ce que m'apprit Hamidou, car, en ce qui me concerne, je mentirais si je vous disais avoir vu quelque chose...\r\n\r\nL'auteur a pass\u00e9 plus de quinze ans en Afrique de l'ouest pour le compte de l'ONU, o\u00f9 son travail de linguiste l'a men\u00e9 au coeur des populations locales. Cet amoureux de l'Afrique profonde est aussi un chasseur et un p\u00eacheur passionn\u00e9 qui a nou\u00e9 de solides amiti\u00e9s avec les pisteurs. Coureur de brousse ind\u00e9pendant, Joseph Poth nous emm\u00e8ne \u00e0 sa suite chasser au Burkina, en C\u00f4te-d'Ivoire, au B\u00e9nin et au S\u00e9n\u00e9gal.\r\n\r\nApr\u00e8s Odeurs de brousse, consacr\u00e9 \u00e0 la Centrafrique, voici les r\u00e9cits in\u00e9dits de J. Poth en Afrique de l'ouest.","authors":["Poth Joseph"],"category_codes":["4000000","4010000","4010300"],"visuals":{"large":"https:\/\/images.epagine.fr\/538\/9782914390538_1_75.jpg","medium":"https:\/\/images.epagine.fr\/538\/9782914390538_1_m.jpg","thumbnail":"https:\/\/images.epagine.fr\/538\/9782914390538_1_v.jpg"},"orderable":true,"show_badge":true,"formatted_price":"35,00&nbsp;\u20ac","formatted_published_date":"16 mars 2007","publisher_availability_label":"Sur commande","short_details":"Poth Joseph \u2014 Montbel","translator":null,"weight":600,"page_count":308,"readership":null,"editor":"Montbel","price":3500,"published_date":"2007-03-15T23:00:00.000000Z","support":"Grand format","publisher_availability":1,"stock":0,"editions":[],"url":"https:\/\/quaidesbrumes.com\/ouvrage\/9782914390538\/pisteurs-noirs-chasseur-blanc"},{"id":"9782914390835","title":"Chasse et d\u00e9veloppement durable ; les d\u00e9bats du forum d'I\u00e9na au conseil \u00e9conomique et social","description":"Les d\u00e9bats du Forum d'I\u00e9na La chasse, acteur du d\u00e9veloppement durable pour la France et pour l'Europe qui s'est tenu en mai dernier (2008) au Conseil \u00e9conomique et social.\r\n\r\nDe remarquables contributions de sp\u00e9cialistes fran\u00e7ais et europ\u00e9ens au d\u00e9bat actuel, publi\u00e9es sous la direction de Victor Scherrer.\r\n\r\nLa chasse, con\u00e7ue comme une pratique raisonn\u00e9e d'utilisation des ressources naturelles renouvelables, doit \u00eatre reconnue comme une activit\u00e9 l\u00e9gitime participant au d\u00e9veloppement durable. Telle \u00e9tait l'ambition du rapport R\u00e9inventer la chasse pour le XXIe si\u00e8cle pr\u00e9sent\u00e9 par Victor Scherrer \u00e0 la fin de 2002 au Conseil \u00e9conomique et social, et adopt\u00e9 \u00e0 une tr\u00e8s large majorit\u00e9.\r\n\r\nCinq ans plus tard, plus de quatre cents participants se sont r\u00e9unis \u00e0 Paris, au sein d'un Forum d'I\u00e9na intitul\u00e9 La chasse, acteur du d\u00e9veloppement durable pour la France et pour l'Europe pour examiner comment les diff\u00e9rents acteurs de la chasse s'impliquent dans la pr\u00e9servation de la nature, la qualit\u00e9 de l'environnement, le d\u00e9veloppement des territoires, les liens entre urbains ruraux et la biodiversit\u00e9...\r\n\r\nAvec des contributions d'une quinzaine de repr\u00e9sentants \u00e9minents sur la pratique et la probl\u00e9matique de la chasse et du d\u00e9veloppement durable, les conclusions de ce Forum d'I\u00e9na et son approche europ\u00e9enne fourniront des rep\u00e8res utiles aux chasseurs comme aux promoteurs de la nature et aux responsables politiques.\r\n\r\nAinsi se dessinent la vision d'avenir et les recommandations de la soci\u00e9t\u00e9 civile pour orienter et promouvoir une strat\u00e9gie pour une chasse utile, l\u00e9gitime, populaire et durable.","authors":["Victor Scherrer"],"category_codes":["4000000","4010000","4010500","4010502"],"visuals":{"large":"https:\/\/images.epagine.fr\/835\/9782914390835_1_75.jpg","medium":"https:\/\/images.epagine.fr\/835\/9782914390835_1_m.jpg","thumbnail":"https:\/\/images.epagine.fr\/835\/9782914390835_1_v.jpg"},"orderable":true,"show_badge":true,"formatted_price":"15,00&nbsp;\u20ac","formatted_published_date":"1er septembre 2008","publisher_availability_label":"Sur commande","short_details":"Victor Scherrer \u2014 Montbel","translator":null,"weight":401,"page_count":166,"readership":null,"editor":"Montbel","price":1500,"published_date":"2008-08-31T22:00:00.000000Z","support":"Grand format","publisher_availability":1,"stock":0,"editions":[],"url":"https:\/\/quaidesbrumes.com\/ouvrage\/9782914390835\/chasse-et-developpement-durable-les-debats-du-forum-diena-au-conseil-economique-et-social"},{"id":"9782916558097","title":"Essai sur la v\u00e9nerie du chevreuil","description":"Apr\u00e8s plus de quarante ans d'exp\u00e9rience au rallye Les Amognes, au rallye de la for\u00eat des Loges puis \u00e0 la t\u00eate de l'\u00e9quipage de la P\u00e9relle qu'il cr\u00e9e en 2004, Marc Del\u00f4me (n\u00e9 en 1951 dans l'Allier, non loin de la for\u00eat de Tron\u00e7ais) nous livre ses conseils sur cette v\u00e9nerie exigeante mais passionnante.\r\n\r\nAvec de nombreux souvenirs et anecdotes.\r\n\r\nIllustr\u00e9 de plus de 80 photos de J\u00e9r\u00f4me Frachon et de dessins d'Arnaud Fr\u00e9minet, Marie-Jenny Lemaire, Catherine No\u00ebl et Bruno de la Pinti\u00e8re.\r\n\r\nUn si\u00e8cle et plus nous s\u00e9pare d\u00e9j\u00e0 des grands veneurs de chevreuil de la fin du XIXe si\u00e8cle et du d\u00e9but du XXe si\u00e8cle tels que MM. d'Armaill\u00e9, Chabot et Levesque et un peu moins pour MM. Clayeux, Beauchamp et Guyot. La v\u00e9nerie du chevreuil est toujours l\u00e0, bien pr\u00e9sente, mais, h\u00e9las, ne peut plus se pratiquer comme la leur. Les rapprochers sont inexistants \u00e0 cause de la densit\u00e9 d'animaux, le r\u00e9chauffement climatique modifie souvent la qualit\u00e9 de la voie, les populations de chevreuils ne sont pas r\u00e9gul\u00e9es, les petits chemins de campagne sont bouch\u00e9s, les haies vives sont remplac\u00e9es par des grillages \u00e0 moutons, les successions entra\u00eenent le morcellement des grandes propri\u00e9t\u00e9s priv\u00e9es. Mais, heureusement, notre monde moderne ne nous apporte pas que des d\u00e9sagr\u00e9ments et les veneurs ont su s'y adapter dans le respect des traditions.\r\n\r\nGr\u00e2ce au progr\u00e8s, nos chiens sont mieux nourris, plus rapides, en meilleure sant\u00e9 qu'autrefois et nous permettent de chasser diff\u00e9remment des animaux souvent plus solides car sans cesse d\u00e9rang\u00e9s (chasseurs \u00e0 tir, promeneurs, ramasseurs de champignons, etc.) Voici donc le fruit empirique des quarante ann\u00e9es pass\u00e9es \u00e0 pratiquer cet art, dont sept en qualit\u00e9 de ma\u00eetre d'\u00e9quipage, au cours desquelles j'ai eu la chance de sonner plus de sept cents hallalis.","authors":["Marc Del\u00f4me"],"category_codes":["4000000","4010000","4010500","4010502"],"visuals":{"large":"https:\/\/images.epagine.fr\/097\/9782916558097_1_75.jpg","medium":"https:\/\/images.epagine.fr\/097\/9782916558097_1_m.jpg","thumbnail":"https:\/\/images.epagine.fr\/097\/9782916558097_1_v.jpg"},"orderable":true,"show_badge":true,"formatted_price":"22,00&nbsp;\u20ac","formatted_published_date":"17 avril 2013","publisher_availability_label":"Sur commande","short_details":"Marc Del\u00f4me \u2014 Montbel","translator":null,"weight":290,"page_count":144,"readership":null,"editor":"Montbel","price":2200,"published_date":"2013-04-16T22:00:00.000000Z","support":"Grand format","publisher_availability":1,"stock":0,"editions":[],"url":"https:\/\/quaidesbrumes.com\/ouvrage\/9782916558097\/essai-sur-la-venerie-du-chevreuil"},{"id":"9782916558158","title":"Boulo, chien de sanglier","description":"Souvenirs de chasse \u00e0 courre au sanglier ou de qu\u00eates plus originales men\u00e9es par L\u00e9on Salles, parent de l'auteur, avec son chien Boulo. Le r\u00e9cit \u00e9voque l'acquisition du chiot dans le Massif central natal du chasseur, son dressage et leur amiti\u00e9 ind\u00e9fectible au fil de leurs aventures cyn\u00e9g\u00e9tiques dans la Touraine rurale de l'apr\u00e8s Seconde Guerre mondiale.","authors":["Jean-Luc Salles"],"category_codes":["4000000","4010000","4010300"],"visuals":{"large":"https:\/\/images.epagine.fr\/158\/9782916558158_1_75.jpg","medium":"https:\/\/images.epagine.fr\/158\/9782916558158_1_m.jpg","thumbnail":"https:\/\/images.epagine.fr\/158\/9782916558158_1_v.jpg"},"orderable":true,"show_badge":true,"formatted_price":"25,00&nbsp;\u20ac","formatted_published_date":"4 mai 2020","publisher_availability_label":"Sur commande","short_details":"Jean-Luc Salles \u2014 Montbel","translator":null,"weight":284,"page_count":null,"readership":null,"editor":"Montbel","price":2500,"published_date":"2020-05-03T22:00:00.000000Z","support":"Grand format","publisher_availability":1,"stock":0,"editions":[],"url":"https:\/\/quaidesbrumes.com\/ouvrage\/9782916558158\/boulo-chien-de-sanglier"},{"id":"9782493575760","title":"M\u00e9tamorphoses de la coop\u00e9ration climatique : Le nouvel \u00e2ge des alliances globales","description":"L'humanit\u00e9 avait comme projet d\u00e9fini au XVIIe si\u00e8cle par Descartes et Bacon de se rendre ma\u00eetres et possesseurs de la nature pour vaincre les fatalit\u00e9s et les mis\u00e8res de l'humanit\u00e9. Elle se r\u00eavait Prom\u00e9th\u00e9e, elle s'\u00e9veille Frankenstein.\r\nCroisant analyse \u00e9conomique, lecture g\u00e9opolitique et approches pluridisciplinaires, cet essai offre une analyse strat\u00e9gique des enjeux de la transition \u00e9nerg\u00e9tique et des reconfigurations g\u00e9opolitiques qu'elle induit. \r\n\u00c0 travers cet ouvrage, l'auteur met au service du d\u00e9bat public sa double expertise en relations internationales et en g\u00e9opolitique de l'\u00e9nergie, contribuant ainsi \u00e0 \u00e9clairer les choix strat\u00e9giques qui d\u00e9termineront l'avenir de la gouvernance mondiale face aux d\u00e9fis environnementaux et g\u00e9opolitiques du XXIe si\u00e8cle.","authors":["Thomas Ricci"],"category_codes":["4000000","4010000","4010200","4010208"],"visuals":{"large":"https:\/\/images.epagine.fr\/760\/9782493575760_1_75.jpg","medium":"https:\/\/images.epagine.fr\/760\/9782493575760_1_m.jpg","thumbnail":"https:\/\/images.epagine.fr\/760\/9782493575760_1_v.jpg"},"orderable":true,"show_badge":true,"formatted_price":"23,00&nbsp;\u20ac","formatted_published_date":"10 d\u00e9cembre 2025","publisher_availability_label":"Sur commande","short_details":"Thomas Ricci \u2014 David Reinharc","translator":null,"weight":230,"page_count":396,"readership":null,"editor":"David Reinharc","price":2300,"published_date":"2025-12-09T23:00:00.000000Z","support":"Grand format","publisher_availability":1,"stock":0,"editions":[],"url":"https:\/\/quaidesbrumes.com\/ouvrage\/9782493575760\/metamorphoses-de-la-cooperation-climatique-le-nouvel-age-des-alliances-globales"},{"id":"9782330023812","title":"Les arbres des d\u00e9serts ; enjeux et promesses","description":"Contrairement \u00e0 ce que l'on pourrait croire, il y a des arbres dans les d\u00e9serts, remarquables par leur diversit\u00e9 et leur importance \u00e9cologique et \u00e9conomique. Ce livre nous les pr\u00e9sente, en insistant sur le r\u00f4le qu'ils jouent dans la conservation, la gestion durable ou la restauration de ces milieux si particuliers.","authors":["James Aronson","Edouard Le floc'h"],"category_codes":["4000000","4010000","4010300"],"visuals":{"large":"https:\/\/images.epagine.fr\/812\/9782330023812_1_75.jpg","medium":"https:\/\/images.epagine.fr\/812\/9782330023812_1_m.jpg","thumbnail":"https:\/\/images.epagine.fr\/812\/9782330023812_1_v.jpg"},"orderable":true,"show_badge":true,"formatted_price":"30,00&nbsp;\u20ac","formatted_published_date":"6 novembre 2013","publisher_availability_label":"Sur commande","short_details":"James Aronson, Edouard Le floc'h \u2014 Actes Sud","translator":null,"weight":504,"page_count":384,"readership":null,"editor":"Actes Sud","price":3000,"published_date":"2013-11-05T23:00:00.000000Z","support":"Grand format","publisher_availability":1,"stock":0,"editions":[],"url":"https:\/\/quaidesbrumes.com\/ouvrage\/9782330023812\/les-arbres-des-deserts-enjeux-et-promesses"},{"id":"9782356530868","title":"Heureuses billebaudes","description":"Le chasseur est un bon vivant. Il aime se moquer, sans m\u00e9chancet\u00e9, de ses compagnons et parfois de lui-m\u00eame. La bredouille, les chiens, les chutes, les tirs manqu\u00e9s sont des occasions in\u00e9puisables de bonnes histoires et d'anecdotes.\r\n\r\nPierre-Louis Duchartre (1894-1983), historien et conteur, fondateur du Mus\u00e9e de la chasse de Gien (Loiret), puise dans ses souvenirs pour en tirer quelques histoires cocasses, de sa jeunesse aux ann\u00e9es 1970, soit pendant l'\u00e2ge d'or de la chasse en France.\r\n\r\nCet texte \u00e9tait paru en 1983 sous le titre Chasses rieuses, s\u00e9rieuses, curieuses, studieuses.\r\n\r\nFaute de canards ou de b\u00e9cassines, on se contente de judelles. Au moment des passages, on peut organiser des battues ou se poster, en plein jour, au milieu d'une \u00e9paisse touffe de roseaux. Une anachronique trompe de bicyclette constitu\u00e9e par une poire de caoutchouc et un petit cornet m\u00e9tallique - vous savez cela fait Pouett ! Pouett ! - constitue un appeau id\u00e9al pour attirer vers soi les judelles du voisinage. Vous ne me croyez pas ? J'\u00e9tais un matin en Bri\u00e8re, install\u00e9 comme je vous dis et nuan\u00e7ant mes Pouett ! Pouett ! avec un soin particulier ; trois cadavres de judelles flottaient alentour, quand je vis d\u00e9boucher une plate, mont\u00e9e par Henri de Linar\u00e8s, (le futur conservateur du Mus\u00e9e international de la chasse \u00e0 Gien) le fusil en main. Un chasseur bri\u00e9ron l'avait pouss\u00e9 \u00e0 la perche jusqu'\u00e0 moi avec des pr\u00e9cautions de Sioux. Eux aussi m'avaient pris pour une judelle ! Je me suis mis debout dans ma propre plate. Mais, lorsque mon visage \u00e9clair\u00e9 d'un beau sourire apparut au-dessus des roseaux, c'est une bord\u00e9e d'injures que je recueillis au lieu d'applaudissements pour mon rare talent d'imitateur... d'autant plus remarquable, \u00e0 mon avis, que le dit Henri de Linar\u00e8s, en fait de chasse au marais, conna\u00eet rudement bien la musique !","authors":["Pierre-louis Duchartre"],"category_codes":["4000000","4010000","4010500","4010502"],"visuals":{"large":"https:\/\/images.epagine.fr\/868\/9782356530868_1_75.jpg","medium":"https:\/\/images.epagine.fr\/868\/9782356530868_1_m.jpg","thumbnail":"https:\/\/images.epagine.fr\/868\/9782356530868_1_v.jpg"},"orderable":true,"show_badge":true,"formatted_price":"25,00&nbsp;\u20ac","formatted_published_date":"8 septembre 2014","publisher_availability_label":"Sur commande","short_details":"Pierre-louis Duchartre \u2014 Montbel","translator":null,"weight":246,"page_count":208,"readership":null,"editor":"Montbel","price":2500,"published_date":"2014-09-07T22:00:00.000000Z","support":"Grand format","publisher_availability":1,"stock":0,"editions":[],"url":"https:\/\/quaidesbrumes.com\/ouvrage\/9782356530868\/heureuses-billebaudes"}]}