{"data":[{"id":"9783516686067","title":"Fleurs en toute simplicit\u00e9 - Beaut\u00e9 minimaliste  (Calendrier mural 2026 DIN A2 horizontal) calendrier de bureau : Un calendrier d\u00e9licat et raffin\u00e9 qui c\u00e9l\u00e8bre la gr\u00e2ce des fleurs dans leur plus pure simplicit\u00e9, pour douze mois de beaut\u00e9 minimaliste.","description":"D\u00e9couvrez notre calendrier \u00ab Fleurs en toute simplicit\u00e9 - Beaut\u00e9 minimaliste \u00bb, une invitation \u00e0 c\u00e9l\u00e9brer chaque mois la d\u00e9licatesse et l'\u00e9l\u00e9gance des fleurs dans leur expression la plus pure, entre \u00e9quilibre, lumi\u00e8re et sobri\u00e9t\u00e9. Bien plus qu'un simple calendrier, c'est un objet d\u00e9coratif raffin\u00e9 qui habille vos murs de douceur et transforme votre quotidien en une parenth\u00e8se apaisante, tout en vous offrant l'espace n\u00e9cessaire pour organiser vos projets. Id\u00e9al pour soi ou comme cadeau, il apporte une touche d'harmonie et de s\u00e9r\u00e9nit\u00e9 \u00e0 chaque instant de l'ann\u00e9e.\r\n\r\nImpression d'art premium en haute brillance de qualit\u00e9 mus\u00e9e. Pour que les feuilles de papier soient bien accroch\u00e9es au mur, ce calendrier haut de gamme est dot\u00e9 de pochettes innovantes. Elles prot\u00e8gent les grandes feuilles des effets de l'humidit\u00e9 de l'air. Le papier est un mat\u00e9riau naturel. Les fibres r\u00e9agissent aux variations du climat ambiant. Il est donc conseill\u00e9 de ne pas retirer les pochettes d'insertion.\r\n\r\nNotre environnement nous tient \u00e0 coeur, c'est pourquoi nous misons sur une fabrication individuelle en Allemagne (Made in Germany) avec des mat\u00e9riaux de qualit\u00e9 sup\u00e9rieure.\r\n\r\n14 pages dont 1 couverture | 12 pages mensuelles | 1 page d'index I dos cartonn\u00e9.\r\n\r\n\r\nIllustrations:\r\nJanvier: An\u00e9mone de Gr\u00e8ce\r\nF\u00e9vrier: P\u00e2querette\r\nMars: Stellaire gramin\u00e9e\r\nAvril: V\u00e9ronique petit-ch\u00eane\r\nMai: Geranium robertianum\r\nJuin: Violette de rivinus\r\nJuillet: Orchis mascula\r\nAo\u00fbt: Stellaire holost\u00e9e\r\nSeptembre: Renoncule des bois\r\nOctobre: Myosotis\r\nNovembre: Coleonema pulchellum\r\nD\u00e9cembre: Muscari\r\n\r\nLIGNE PREMIUM - Calendrier photo brillant avec 12 magnifiques motifs, impression d'art en haute brillance de qualit\u00e9 mus\u00e9e\r\nQUALIT\u00c9 - mat\u00e9riaux nobles, dos solide avec 2 pochettes innovantes pour une pr\u00e9sentation optimale au mur\r\nDURABLE - nette r\u00e9duction des d\u00e9chets gr\u00e2ce \u00e0 une fabrication \u00e0 l'unit\u00e9 adapt\u00e9e aux besoins, papier certifi\u00e9 FSC respectueux de l'environnement, production en Allemagne, logistique respectueuse du climat.\r\nCADEAU PARFAIT - calendrier pour les amis et la famille, pour les enfants et les adultes, les jeunes et les moins jeunes, pour No\u00ebl, les anniversaires ou entre deux.\r\nUn calendrier d\u00e9licat et raffin\u00e9 qui c\u00e9l\u00e8bre la gr\u00e2ce des fleurs dans leur plus pure simplicit\u00e9, pour douze mois de beaut\u00e9 minimaliste. par l'auteur(rice): Carcajou Pictures","authors":["Thomas Martzel"],"category_codes":["4000000","4010000","4010200"],"visuals":{"large":"https:\/\/images.epagine.fr\/067\/9783516686067_1_75.jpg","medium":"https:\/\/images.epagine.fr\/067\/9783516686067_1_m.jpg","thumbnail":"https:\/\/images.epagine.fr\/067\/9783516686067_1_v.jpg"},"orderable":true,"show_badge":true,"formatted_price":"0,00&nbsp;\u20ac","formatted_published_date":"3 septembre 2025","publisher_availability_label":"Sur commande","short_details":"Thomas Martzel \u2014 Calvendo","translator":null,"weight":1280,"page_count":14,"readership":null,"editor":"Calvendo","price":0,"published_date":"2025-09-02T22:00:00.000000Z","support":"Calendrier","publisher_availability":1,"stock":0,"editions":[],"url":"https:\/\/quaidesbrumes.com\/ouvrage\/9783516686067\/fleurs-en-toute-simplicite-beaute-minimaliste-calendrier-mural-2026-din-a2-horizontal-calendrier-de-bureau-un-calendrier-delicat-et-raffine-qui-celebre-la-grace-des-fleurs-dans-leur-plus-pure-simplicite-pour-douze-mois-de-beaute-minimaliste"},{"id":"9783516686081","title":"Les fleurs, \u00e9ternelles \u00e9phem\u00e8res  (Calendrier mural 2026 DIN A2 horizontal) calendrier de bureau : Un calendrier po\u00e9tique qui capture, mois apr\u00e8s mois, la beaut\u00e9 fugace et intemporelle des fleurs dans toute leur splendeur \u00e9ph\u00e9m\u00e8re.","description":"Chaque mois, d\u00e9couvrez la beaut\u00e9 fugace et po\u00e9tique des fleurs, captur\u00e9e avec finesse pour r\u00e9v\u00e9ler leur \u00e9l\u00e9gance \u00e9ph\u00e9m\u00e8re et leur d\u00e9licatesse intemporelle. Ce calendrier transforme vos murs en un espace de contemplation et de s\u00e9r\u00e9nit\u00e9, o\u00f9 chaque image invite \u00e0 appr\u00e9cier la magie des instants qui passent. Parfait \u00e0 offrir ou \u00e0 s'offrir, il allie esth\u00e9tisme et praticit\u00e9, apportant douceur, inspiration et harmonie tout au long de l'ann\u00e9e.\r\n\r\nImpression d'art premium en haute brillance de qualit\u00e9 mus\u00e9e. Pour que les feuilles de papier soient bien accroch\u00e9es au mur, ce calendrier haut de gamme est dot\u00e9 de pochettes innovantes. Elles prot\u00e8gent les grandes feuilles des effets de l'humidit\u00e9 de l'air. Le papier est un mat\u00e9riau naturel. Les fibres r\u00e9agissent aux variations du climat ambiant. Il est donc conseill\u00e9 de ne pas retirer les pochettes d'insertion.\r\n\r\nNotre environnement nous tient \u00e0 coeur, c'est pourquoi nous misons sur une fabrication individuelle en Allemagne (Made in Germany) avec des mat\u00e9riaux de qualit\u00e9 sup\u00e9rieure.\r\n\r\n14 pages dont 1 couverture | 12 pages mensuelles | 1 page d'index I dos cartonn\u00e9.\r\n\r\n\r\nIllustrations:\r\nJanvier: Vert, rose et jaune\r\nF\u00e9vrier: Vert, blanc et rose\r\nMars: Jaune, violet et vert\r\nAvril: Vert, rose et jaune\r\nMai: Orange, violet et vert\r\nJuin: Vert, blanc et noir\r\nJuillet: Rouge, vert et jaune\r\nAo\u00fbt: Violet, blanc et orange\r\nSeptembre: Bleu, vert et orange\r\nOctobre: Rose, violet et vert\r\nNovembre: Blanc, vert et jaune\r\nD\u00e9cembre: Rose, vert et orange\r\n\r\nLIGNE PREMIUM - Calendrier photo brillant avec 12 magnifiques motifs, impression d'art en haute brillance de qualit\u00e9 mus\u00e9e\r\nQUALIT\u00c9 - mat\u00e9riaux nobles, dos solide avec 2 pochettes innovantes pour une pr\u00e9sentation optimale au mur\r\nDURABLE - nette r\u00e9duction des d\u00e9chets gr\u00e2ce \u00e0 une fabrication \u00e0 l'unit\u00e9 adapt\u00e9e aux besoins, papier certifi\u00e9 FSC respectueux de l'environnement, production en Allemagne, logistique respectueuse du climat.\r\nCADEAU PARFAIT - calendrier pour les amis et la famille, pour les enfants et les adultes, les jeunes et les moins jeunes, pour No\u00ebl, les anniversaires ou entre deux.\r\nUn calendrier po\u00e9tique qui capture, mois apr\u00e8s mois, la beaut\u00e9 fugace et intemporelle des fleurs dans toute leur splendeur \u00e9ph\u00e9m\u00e8re. par l'auteur(rice): Carcajou Pictures","authors":["Thomas Martzel"],"category_codes":["4000000","4010000","4010200"],"visuals":{"large":"https:\/\/images.epagine.fr\/081\/9783516686081_1_75.jpg","medium":"https:\/\/images.epagine.fr\/081\/9783516686081_1_m.jpg","thumbnail":"https:\/\/images.epagine.fr\/081\/9783516686081_1_v.jpg"},"orderable":true,"show_badge":true,"formatted_price":"0,00&nbsp;\u20ac","formatted_published_date":"3 septembre 2025","publisher_availability_label":"Sur commande","short_details":"Thomas Martzel \u2014 Calvendo","translator":null,"weight":1280,"page_count":14,"readership":null,"editor":"Calvendo","price":0,"published_date":"2025-09-02T22:00:00.000000Z","support":"Calendrier","publisher_availability":1,"stock":0,"editions":[],"url":"https:\/\/quaidesbrumes.com\/ouvrage\/9783516686081\/les-fleurs-eternelles-ephemeres-calendrier-mural-2026-din-a2-horizontal-calendrier-de-bureau-un-calendrier-poetique-qui-capture-mois-apres-mois-la-beaute-fugace-et-intemporelle-des-fleurs-dans-toute-leur-splendeur-ephemere"},{"id":"9783516686104","title":"Terre de caract\u00e8re - Paysages du Pays basque (Calendrier mural 2026 DIN A2 horizontal), CALVENDO calendrier mensuel : Un voyage visuel \u00e0 travers la Terre de caract\u00e8re du Pays basque, entre montagnes fi\u00e8res, oc\u00e9an sauvage et villages authentiques.","description":"D\u00e9couvrez le calendrier \u00ab Terre de caract\u00e8re - Paysages du Pays basque \u00bb, une immersion grand format dans l'authenticit\u00e9 d'une r\u00e9gion unique o\u00f9 l'oc\u00e9an Atlantique, les montagnes verdoyantes et les villages traditionnels se r\u00e9v\u00e8lent mois apr\u00e8s mois dans toute leur beaut\u00e9. Bien plus qu'un outil pratique, ce calendrier transforme chaque jour en invitation au voyage, en vous offrant \u00e0 la fois des espaces clairs pour organiser vos rendez-vous et des images inspirantes qui transforment votre int\u00e9rieur en v\u00e9ritable fen\u00eatre ouverte sur la nature basque. Id\u00e9al \u00e0 s'offrir ou \u00e0 offrir, il devient le cadeau parfait pour tous les amoureux de paysages, de traditions et d'\u00e9vasion, un compagnon \u00e9l\u00e9gant qui accompagne vos projets tout en sublimant votre quotidien pendant douze mois.\r\n\r\nCalendrier mural de qualit\u00e9 sup\u00e9rieure avec 12 magnifiques photos. L'environnement nous tient \u00e0 coeur. C'est pourquoi nous utilisons exclusivement du papier certifi\u00e9 FSC provenant de for\u00eats g\u00e9r\u00e9es de mani\u00e8re \u00e9coresponsable. Nous \u00e9vitons la surproduction et donc des quantit\u00e9s significatives de d\u00e9chets, en produisant dans l'UE \u00e0 l'unit\u00e9 et sur demande. Nous r\u00e9duisons nos distances de transport et assurons une logistique respectueuse de l'environnement.\r\n\r\n14 pages dont 1 couverture | 12 pages mensuelles | 1 page d'index | dos cartonn\u00e9\r\n\r\nIllustrations:\r\nJanvier: Phare de Biarritz\r\nF\u00e9vrier: Espelette\r\nMars: Biarritz\r\nAvril: Saint-Jean-de-Luz\r\nMai: San Sebastian\r\nJuin: Pointe Sainte-Barbe\r\nJuillet: Les trois couronnes\r\nAo\u00fbt: Jaizkibel\r\nSeptembre: La Rhune\r\nOctobre: La c\u00f4te Basque\r\nNovembre: San Sebastian\r\nD\u00e9cembre: Pointe Sainte-Anne\r\n\r\nQUALITATIF - un calendrier annuel de qualit\u00e9 sup\u00e9rieure avec 12 magnifiques motifs, sur papier d'impression photo, avec une reliure spirale robuste et un crochet de suspension.\r\nDURABLE - r\u00e9duction significative des d\u00e9chets gr\u00e2ce \u00e0 une fabrication sur papier certifi\u00e9 FSC \u00e0 l'unit\u00e9 et sur demande, production dans l'UE, logistique \u00e9cologique.\r\nCADEAU ID\u00c9AL - destin\u00e9 \u00e0 vos contacts priv\u00e9s ou professionnels, \u00e0 la famille ou aux amis, aux jeunes adultes ou aux moins jeunes,  pour un cadeau de No\u00ebl ou d'anniversaire ou juste pour le plaisir d'offrir.\r\nDIVERSIFI\u00c9 - de nombreux formats DIN A4 ou DIN A3, pour s'adapter \u00e0 toutes vos envies et vos cadres de vie.\r\nUn voyage visuel \u00e0 travers la Terre de caract\u00e8re du Pays basque, entre montagnes fi\u00e8res, oc\u00e9an sauvage et villages authentiques. par l'auteur(rice): Carcajou Pictures","authors":["Thomas Martzel"],"category_codes":["4000000","4010000","4010200"],"visuals":{"large":"https:\/\/images.epagine.fr\/104\/9783516686104_1_75.jpg","medium":"https:\/\/images.epagine.fr\/104\/9783516686104_1_m.jpg","thumbnail":"https:\/\/images.epagine.fr\/104\/9783516686104_1_v.jpg"},"orderable":true,"show_badge":true,"formatted_price":"0,00&nbsp;\u20ac","formatted_published_date":"3 septembre 2025","publisher_availability_label":"Sur commande","short_details":"Thomas Martzel \u2014 Calvendo","translator":null,"weight":940,"page_count":14,"readership":null,"editor":"Calvendo","price":0,"published_date":"2025-09-02T22:00:00.000000Z","support":"Calendrier","publisher_availability":1,"stock":0,"editions":[],"url":"https:\/\/quaidesbrumes.com\/ouvrage\/9783516686104\/terre-de-caractere-paysages-du-pays-basque-calendrier-mural-2026-din-a2-horizontal-calvendo-calendrier-mensuel-un-voyage-visuel-a-travers-la-terre-de-caractere-du-pays-basque-entre-montagnes-fieres-ocean-sauvage-et-villages-authentiques"},{"id":"9783516686159","title":"Terre de caract\u00e8re - Paysages du Pays basque (Calendrier de bureau 2026 DIN A5 horizontal), CALVENDO calendrier mensuel : Un voyage visuel \u00e0 travers la Terre de caract\u00e8re du Pays basque, entre montagnes fi\u00e8res, oc\u00e9an sauvage et villages authentiques.","description":"D\u00e9couvrez le calendrier \u00ab Terre de caract\u00e8re - Paysages du Pays basque \u00bb, une immersion grand format dans l'authenticit\u00e9 d'une r\u00e9gion unique o\u00f9 l'oc\u00e9an Atlantique, les montagnes verdoyantes et les villages traditionnels se r\u00e9v\u00e8lent mois apr\u00e8s mois dans toute leur beaut\u00e9. Bien plus qu'un outil pratique, ce calendrier transforme chaque jour en invitation au voyage, en vous offrant \u00e0 la fois des espaces clairs pour organiser vos rendez-vous et des images inspirantes qui transforment votre int\u00e9rieur en v\u00e9ritable fen\u00eatre ouverte sur la nature basque. Id\u00e9al \u00e0 s'offrir ou \u00e0 offrir, il devient le cadeau parfait pour tous les amoureux de paysages, de traditions et d'\u00e9vasion, un compagnon \u00e9l\u00e9gant qui accompagne vos projets tout en sublimant votre quotidien pendant douze mois.\r\n\r\nCalendrier de bureau de qualit\u00e9 sup\u00e9rieure avec 12 magnifiques photos. L'environnement nous tient \u00e0 coeur. C'est pourquoi nous utilisons exclusivement du papier certifi\u00e9 FSC provenant de for\u00eats g\u00e9r\u00e9es de mani\u00e8re \u00e9coresponsable. Nous \u00e9vitons la surproduction et donc des quantit\u00e9s significatives de d\u00e9chets, en produisant dans l'UE \u00e0 l'unit\u00e9 et sur demande. Nous r\u00e9duisons nos distances de transport et assurons une logistique respectueuse de l'environnement.\r\n\r\n14 pages dont 1 couverture | 12 pages mensuelles | 1 page d'index I dos cartonn\u00e9.\r\n\r\nIllustrations:\r\nJanvier: Phare de Biarritz\r\nF\u00e9vrier: Espelette\r\nMars: Biarritz\r\nAvril: Saint-Jean-de-Luz\r\nMai: San Sebastian\r\nJuin: Pointe Sainte-Barbe\r\nJuillet: Les trois couronnes\r\nAo\u00fbt: Jaizkibel\r\nSeptembre: La Rhune\r\nOctobre: La c\u00f4te Basque\r\nNovembre: San Sebastian\r\nD\u00e9cembre: Pointe Sainte-Anne\r\n\r\nQUALITATIF - un calendrier annuel de qualit\u00e9 sup\u00e9rieure avec 12 magnifiques motifs, sur papier d'impression photo, avec une reliure spirale robuste.\r\nDURABLE - r\u00e9duction significative des d\u00e9chets gr\u00e2ce \u00e0 une fabrication sur papier certifi\u00e9 FSC \u00e0 l'unit\u00e9 et sur demande, production dans l'UE, logistique \u00e9cologique.\r\nCADEAU ID\u00c9AL - destin\u00e9 \u00e0 vos contacts priv\u00e9s ou professionnels, \u00e0 la famille ou aux amis, aux jeunes adultes ou aux moins jeunes,  pour un cadeau de No\u00ebl ou d'anniversaire ou juste pour le plaisir d'offrir.\r\nDIVERSIFI\u00c9 - de nombreux formats DIN A4 ou DIN A3, pour s'adapter \u00e0 toutes vos envies et vos cadres de vie.\r\nUn voyage visuel \u00e0 travers la Terre de caract\u00e8re du Pays basque, entre montagnes fi\u00e8res, oc\u00e9an sauvage et villages authentiques. par l'auteur(rice): Carcajou Pictures","authors":["Thomas Martzel"],"category_codes":["4000000","4010000","4010200"],"visuals":{"large":"https:\/\/images.epagine.fr\/159\/9783516686159_1_75.jpg","medium":"https:\/\/images.epagine.fr\/159\/9783516686159_1_m.jpg","thumbnail":"https:\/\/images.epagine.fr\/159\/9783516686159_1_v.jpg"},"orderable":true,"show_badge":true,"formatted_price":"0,00&nbsp;\u20ac","formatted_published_date":"3 septembre 2025","publisher_availability_label":"Sur commande","short_details":"Thomas Martzel \u2014 Calvendo","translator":null,"weight":165,"page_count":14,"readership":null,"editor":"Calvendo","price":0,"published_date":"2025-09-02T22:00:00.000000Z","support":"Calendrier","publisher_availability":1,"stock":0,"editions":[],"url":"https:\/\/quaidesbrumes.com\/ouvrage\/9783516686159\/terre-de-caractere-paysages-du-pays-basque-calendrier-de-bureau-2026-din-a5-horizontal-calvendo-calendrier-mensuel-un-voyage-visuel-a-travers-la-terre-de-caractere-du-pays-basque-entre-montagnes-fieres-ocean-sauvage-et-villages-authentiques"},{"id":"9783516686180","title":"Terre de caract\u00e8re - Paysages du Pays basque  (Calendrier mural 2026 DIN A2 horizontal) calendrier de bureau : Un voyage visuel \u00e0 travers la Terre de caract\u00e8re du Pays basque, entre montagnes fi\u00e8res, oc\u00e9an sauvage et villages authentiques.","description":"D\u00e9couvrez le calendrier \u00ab Terre de caract\u00e8re - Paysages du Pays basque \u00bb, une immersion grand format dans l'authenticit\u00e9 d'une r\u00e9gion unique o\u00f9 l'oc\u00e9an Atlantique, les montagnes verdoyantes et les villages traditionnels se r\u00e9v\u00e8lent mois apr\u00e8s mois dans toute leur beaut\u00e9. Bien plus qu'un outil pratique, ce calendrier transforme chaque jour en invitation au voyage, en vous offrant \u00e0 la fois des espaces clairs pour organiser vos rendez-vous et des images inspirantes qui transforment votre int\u00e9rieur en v\u00e9ritable fen\u00eatre ouverte sur la nature basque. Id\u00e9al \u00e0 s'offrir ou \u00e0 offrir, il devient le cadeau parfait pour tous les amoureux de paysages, de traditions et d'\u00e9vasion, un compagnon \u00e9l\u00e9gant qui accompagne vos projets tout en sublimant votre quotidien pendant douze mois.\r\n\r\nImpression d'art premium en haute brillance de qualit\u00e9 mus\u00e9e. Pour que les feuilles de papier soient bien accroch\u00e9es au mur, ce calendrier haut de gamme est dot\u00e9 de pochettes innovantes. Elles prot\u00e8gent les grandes feuilles des effets de l'humidit\u00e9 de l'air. Le papier est un mat\u00e9riau naturel. Les fibres r\u00e9agissent aux variations du climat ambiant. Il est donc conseill\u00e9 de ne pas retirer les pochettes d'insertion.\r\n\r\nNotre environnement nous tient \u00e0 coeur, c'est pourquoi nous misons sur une fabrication individuelle en Allemagne (Made in Germany) avec des mat\u00e9riaux de qualit\u00e9 sup\u00e9rieure.\r\n\r\n14 pages dont 1 couverture | 12 pages mensuelles | 1 page d'index I dos cartonn\u00e9.\r\n\r\n\r\nIllustrations:\r\nJanvier: Phare de Biarritz\r\nF\u00e9vrier: Espelette\r\nMars: Biarritz\r\nAvril: Saint-Jean-de-Luz\r\nMai: San Sebastian\r\nJuin: Pointe Sainte-Barbe\r\nJuillet: Les trois couronnes\r\nAo\u00fbt: Jaizkibel\r\nSeptembre: La Rhune\r\nOctobre: La c\u00f4te Basque\r\nNovembre: San Sebastian\r\nD\u00e9cembre: Pointe Sainte-Anne\r\n\r\nLIGNE PREMIUM - Calendrier photo brillant avec 12 magnifiques motifs, impression d'art en haute brillance de qualit\u00e9 mus\u00e9e\r\nQUALIT\u00c9 - mat\u00e9riaux nobles, dos solide avec 2 pochettes innovantes pour une pr\u00e9sentation optimale au mur\r\nDURABLE - nette r\u00e9duction des d\u00e9chets gr\u00e2ce \u00e0 une fabrication \u00e0 l'unit\u00e9 adapt\u00e9e aux besoins, papier certifi\u00e9 FSC respectueux de l'environnement, production en Allemagne, logistique respectueuse du climat.\r\nCADEAU PARFAIT - calendrier pour les amis et la famille, pour les enfants et les adultes, les jeunes et les moins jeunes, pour No\u00ebl, les anniversaires ou entre deux.\r\nUn voyage visuel \u00e0 travers la Terre de caract\u00e8re du Pays basque, entre montagnes fi\u00e8res, oc\u00e9an sauvage et villages authentiques. par l'auteur(rice): Carcajou Pictures","authors":["Thomas Martzel"],"category_codes":["4000000","4010000","4010200"],"visuals":{"large":"https:\/\/images.epagine.fr\/180\/9783516686180_1_75.jpg","medium":"https:\/\/images.epagine.fr\/180\/9783516686180_1_m.jpg","thumbnail":"https:\/\/images.epagine.fr\/180\/9783516686180_1_v.jpg"},"orderable":true,"show_badge":true,"formatted_price":"0,00&nbsp;\u20ac","formatted_published_date":"3 septembre 2025","publisher_availability_label":"Sur commande","short_details":"Thomas Martzel \u2014 Calvendo","translator":null,"weight":1280,"page_count":14,"readership":null,"editor":"Calvendo","price":0,"published_date":"2025-09-02T22:00:00.000000Z","support":"Calendrier","publisher_availability":1,"stock":0,"editions":[],"url":"https:\/\/quaidesbrumes.com\/ouvrage\/9783516686180\/terre-de-caractere-paysages-du-pays-basque-calendrier-mural-2026-din-a2-horizontal-calendrier-de-bureau-un-voyage-visuel-a-travers-la-terre-de-caractere-du-pays-basque-entre-montagnes-fieres-ocean-sauvage-et-villages-authentiques"},{"id":"9783516692952","title":"Les Hauts du Vercors (Calendrier mural 2026 DIN A4 vertical), CALVENDO calendrier mensuel : \u00c0 la d\u00e9couverte des Hauts-Plateaux du Vercors","description":"Entre Dr\u00f4me et Is\u00e8re, le plateau du Vercors d\u00e9ploie des paysages enchanteurs. Sa corniche nous donne le vertige et nous fait entrevoir le massif de Belledonne. Le c\u00e9l\u00e8bre Mont-Aiguille, premier mont gravi en 1492 domine avec le Grand-Veymont domine le Tri\u00e8ves. Des espaces \u00e0 d\u00e9couvrir.\r\n\r\nCalendrier mural de qualit\u00e9 sup\u00e9rieure avec 12 magnifiques photos. L'environnement nous tient \u00e0 coeur. C'est pourquoi nous utilisons exclusivement du papier certifi\u00e9 FSC provenant de for\u00eats g\u00e9r\u00e9es de mani\u00e8re \u00e9coresponsable. Nous \u00e9vitons la surproduction et donc des quantit\u00e9s significatives de d\u00e9chets, en produisant dans l'UE \u00e0 l'unit\u00e9 et sur demande. Nous r\u00e9duisons nos distances de transport et assurons une logistique respectueuse de l'environnement.\r\n\r\n14 pages dont 1 couverture | 12 pages mensuelles | 1 page d'index | dos cartonn\u00e9\r\n\r\nIllustrations:\r\nJanvier: La Grande-Moucherolle\r\nF\u00e9vrier: Le Mont-Aiguille et le Grand-Veymont\r\nMars: La corniche du Vercors\r\nAvril: Le Mont-Aiguille, vue du Tri\u00e8ves\r\nMai: Font-d'Urle\r\nJuin: Die\r\nJuillet: La corniche du Vercors\r\nAo\u00fbt: La Grande-Moucherolle\r\nSeptembre: Le Grand-Veymont et Gresse en Vercors\r\nOctobre: Le Cirque d'Archiane\r\nNovembre: Les Hauts plateaux et Belledonne\r\nD\u00e9cembre: Coren\u00e7on-en-Vercors\r\n\r\nQUALITATIF - un calendrier annuel de qualit\u00e9 sup\u00e9rieure avec 12 magnifiques motifs, sur papier d'impression photo, avec une reliure spirale robuste et un crochet de suspension.\r\nDURABLE - r\u00e9duction significative des d\u00e9chets gr\u00e2ce \u00e0 une fabrication sur papier certifi\u00e9 FSC \u00e0 l'unit\u00e9 et sur demande, production dans l'UE, logistique \u00e9cologique.\r\nCADEAU ID\u00c9AL - destin\u00e9 \u00e0 vos contacts priv\u00e9s ou professionnels, \u00e0 la famille ou aux amis, aux jeunes adultes ou aux moins jeunes,  pour un cadeau de No\u00ebl ou d'anniversaire ou juste pour le plaisir d'offrir.\r\nDIVERSIFI\u00c9 - de nombreux formats DIN A4 ou DIN A3, pour s'adapter \u00e0 toutes vos envies et vos cadres de vie.\r\n\u00c0 la d\u00e9couverte des Hauts-Plateaux du Vercors par l'auteur(rice): Alain Gaymard","authors":["Alain Gaymard"],"category_codes":["4000000","4010000","4010200"],"visuals":{"large":"https:\/\/images.epagine.fr\/952\/9783516692952_1_75.jpg","medium":"https:\/\/images.epagine.fr\/952\/9783516692952_1_m.jpg","thumbnail":"https:\/\/images.epagine.fr\/952\/9783516692952_1_v.jpg"},"orderable":true,"show_badge":true,"formatted_price":"0,00&nbsp;\u20ac","formatted_published_date":"24 ao\u00fbt 2025","publisher_availability_label":"Sur commande","short_details":"Alain Gaymard \u2014 Calvendo","translator":null,"weight":210,"page_count":14,"readership":null,"editor":"Calvendo","price":0,"published_date":"2025-08-23T22:00:00.000000Z","support":"Calendrier","publisher_availability":1,"stock":0,"editions":[],"url":"https:\/\/quaidesbrumes.com\/ouvrage\/9783516692952\/les-hauts-du-vercors-calendrier-mural-2026-din-a4-vertical-calvendo-calendrier-mensuel-a-la-decouverte-des-hauts-plateaux-du-vercors"},{"id":"9783516692983","title":"Les Hauts du Vercors (Calendrier mural 2026 DIN A3 vertical), CALVENDO calendrier mensuel : \u00c0 la d\u00e9couverte des Hauts-Plateaux du Vercors","description":"Entre Dr\u00f4me et Is\u00e8re, le plateau du Vercors d\u00e9ploie des paysages enchanteurs. Sa corniche nous donne le vertige et nous fait entrevoir le massif de Belledonne. Le c\u00e9l\u00e8bre Mont-Aiguille, premier mont gravi en 1492 domine avec le Grand-Veymont domine le Tri\u00e8ves. Des espaces \u00e0 d\u00e9couvrir.\r\n\r\nCalendrier mural de qualit\u00e9 sup\u00e9rieure avec 12 magnifiques photos. L'environnement nous tient \u00e0 coeur. C'est pourquoi nous utilisons exclusivement du papier certifi\u00e9 FSC provenant de for\u00eats g\u00e9r\u00e9es de mani\u00e8re \u00e9coresponsable. Nous \u00e9vitons la surproduction et donc des quantit\u00e9s significatives de d\u00e9chets, en produisant dans l'UE \u00e0 l'unit\u00e9 et sur demande. Nous r\u00e9duisons nos distances de transport et assurons une logistique respectueuse de l'environnement.\r\n\r\n14 pages dont 1 couverture | 12 pages mensuelles | 1 page d'index | dos cartonn\u00e9\r\n\r\nIllustrations:\r\nJanvier: La Grande-Moucherolle\r\nF\u00e9vrier: Le Mont-Aiguille et le Grand-Veymont\r\nMars: La corniche du Vercors\r\nAvril: Le Mont-Aiguille, vue du Tri\u00e8ves\r\nMai: Font-d'Urle\r\nJuin: Die\r\nJuillet: La corniche du Vercors\r\nAo\u00fbt: La Grande-Moucherolle\r\nSeptembre: Le Grand-Veymont et Gresse en Vercors\r\nOctobre: Le Cirque d'Archiane\r\nNovembre: Les Hauts plateaux et Belledonne\r\nD\u00e9cembre: Coren\u00e7on-en-Vercors\r\n\r\nQUALITATIF - un calendrier annuel de qualit\u00e9 sup\u00e9rieure avec 12 magnifiques motifs, sur papier d'impression photo, avec une reliure spirale robuste et un crochet de suspension.\r\nDURABLE - r\u00e9duction significative des d\u00e9chets gr\u00e2ce \u00e0 une fabrication sur papier certifi\u00e9 FSC \u00e0 l'unit\u00e9 et sur demande, production dans l'UE, logistique \u00e9cologique.\r\nCADEAU ID\u00c9AL - destin\u00e9 \u00e0 vos contacts priv\u00e9s ou professionnels, \u00e0 la famille ou aux amis, aux jeunes adultes ou aux moins jeunes,  pour un cadeau de No\u00ebl ou d'anniversaire ou juste pour le plaisir d'offrir.\r\nDIVERSIFI\u00c9 - de nombreux formats DIN A4 ou DIN A3, pour s'adapter \u00e0 toutes vos envies et vos cadres de vie.\r\n\u00c0 la d\u00e9couverte des Hauts-Plateaux du Vercors par l'auteur(rice): Alain Gaymard","authors":["Alain Gaymard"],"category_codes":["4000000","4010000","4010200"],"visuals":{"large":"https:\/\/images.epagine.fr\/983\/9783516692983_1_75.jpg","medium":"https:\/\/images.epagine.fr\/983\/9783516692983_1_m.jpg","thumbnail":"https:\/\/images.epagine.fr\/983\/9783516692983_1_v.jpg"},"orderable":true,"show_badge":true,"formatted_price":"0,00&nbsp;\u20ac","formatted_published_date":"24 ao\u00fbt 2025","publisher_availability_label":"Sur commande","short_details":"Alain Gaymard \u2014 Calvendo","translator":null,"weight":460,"page_count":14,"readership":null,"editor":"Calvendo","price":0,"published_date":"2025-08-23T22:00:00.000000Z","support":"Calendrier","publisher_availability":1,"stock":0,"editions":[],"url":"https:\/\/quaidesbrumes.com\/ouvrage\/9783516692983\/les-hauts-du-vercors-calendrier-mural-2026-din-a3-vertical-calvendo-calendrier-mensuel-a-la-decouverte-des-hauts-plateaux-du-vercors"},{"id":"9783516692990","title":"Les Hauts du Vercors (Calendrier mural 2026 DIN A2 vertical), CALVENDO calendrier mensuel : \u00c0 la d\u00e9couverte des Hauts-Plateaux du Vercors","description":"Entre Dr\u00f4me et Is\u00e8re, le plateau du Vercors d\u00e9ploie des paysages enchanteurs. Sa corniche nous donne le vertige et nous fait entrevoir le massif de Belledonne. Le c\u00e9l\u00e8bre Mont-Aiguille, premier mont gravi en 1492 domine avec le Grand-Veymont domine le Tri\u00e8ves. Des espaces \u00e0 d\u00e9couvrir.\r\n\r\nCalendrier mural de qualit\u00e9 sup\u00e9rieure avec 12 magnifiques photos. L'environnement nous tient \u00e0 coeur. C'est pourquoi nous utilisons exclusivement du papier certifi\u00e9 FSC provenant de for\u00eats g\u00e9r\u00e9es de mani\u00e8re \u00e9coresponsable. Nous \u00e9vitons la surproduction et donc des quantit\u00e9s significatives de d\u00e9chets, en produisant dans l'UE \u00e0 l'unit\u00e9 et sur demande. Nous r\u00e9duisons nos distances de transport et assurons une logistique respectueuse de l'environnement.\r\n\r\n14 pages dont 1 couverture | 12 pages mensuelles | 1 page d'index | dos cartonn\u00e9\r\n\r\nIllustrations:\r\nJanvier: La Grande-Moucherolle\r\nF\u00e9vrier: Le Mont-Aiguille et le Grand-Veymont\r\nMars: La corniche du Vercors\r\nAvril: Le Mont-Aiguille, vue du Tri\u00e8ves\r\nMai: Font-d'Urle\r\nJuin: Die\r\nJuillet: La corniche du Vercors\r\nAo\u00fbt: La Grande-Moucherolle\r\nSeptembre: Le Grand-Veymont et Gresse en Vercors\r\nOctobre: Le Cirque d'Archiane\r\nNovembre: Les Hauts plateaux et Belledonne\r\nD\u00e9cembre: Coren\u00e7on-en-Vercors\r\n\r\nQUALITATIF - un calendrier annuel de qualit\u00e9 sup\u00e9rieure avec 12 magnifiques motifs, sur papier d'impression photo, avec une reliure spirale robuste et un crochet de suspension.\r\nDURABLE - r\u00e9duction significative des d\u00e9chets gr\u00e2ce \u00e0 une fabrication sur papier certifi\u00e9 FSC \u00e0 l'unit\u00e9 et sur demande, production dans l'UE, logistique \u00e9cologique.\r\nCADEAU ID\u00c9AL - destin\u00e9 \u00e0 vos contacts priv\u00e9s ou professionnels, \u00e0 la famille ou aux amis, aux jeunes adultes ou aux moins jeunes,  pour un cadeau de No\u00ebl ou d'anniversaire ou juste pour le plaisir d'offrir.\r\nDIVERSIFI\u00c9 - de nombreux formats DIN A4 ou DIN A3, pour s'adapter \u00e0 toutes vos envies et vos cadres de vie.\r\n\u00c0 la d\u00e9couverte des Hauts-Plateaux du Vercors par l'auteur(rice): Alain Gaymard","authors":["Alain Gaymard"],"category_codes":["4000000","4010000","4010200"],"visuals":{"large":"https:\/\/images.epagine.fr\/990\/9783516692990_1_75.jpg","medium":"https:\/\/images.epagine.fr\/990\/9783516692990_1_m.jpg","thumbnail":"https:\/\/images.epagine.fr\/990\/9783516692990_1_v.jpg"},"orderable":true,"show_badge":true,"formatted_price":"0,00&nbsp;\u20ac","formatted_published_date":"24 ao\u00fbt 2025","publisher_availability_label":"Sur commande","short_details":"Alain Gaymard \u2014 Calvendo","translator":null,"weight":940,"page_count":14,"readership":null,"editor":"Calvendo","price":0,"published_date":"2025-08-23T22:00:00.000000Z","support":"Calendrier","publisher_availability":1,"stock":0,"editions":[],"url":"https:\/\/quaidesbrumes.com\/ouvrage\/9783516692990\/les-hauts-du-vercors-calendrier-mural-2026-din-a2-vertical-calvendo-calendrier-mensuel-a-la-decouverte-des-hauts-plateaux-du-vercors"},{"id":"9783516693034","title":"Les Hauts du Vercors  (Calendrier mural 2026 DIN A2 vertical) calendrier de bureau : \u00c0 la d\u00e9couverte des Hauts-Plateaux du Vercors","description":"Entre Dr\u00f4me et Is\u00e8re, le plateau du Vercors d\u00e9ploie des paysages enchanteurs. Sa corniche nous donne le vertige et nous fait entrevoir le massif de Belledonne. Le c\u00e9l\u00e8bre Mont-Aiguille, premier mont gravi en 1492 domine avec le Grand-Veymont domine le Tri\u00e8ves. Des espaces \u00e0 d\u00e9couvrir.\r\n\r\nImpression d'art premium en haute brillance de qualit\u00e9 mus\u00e9e. Pour que les feuilles de papier soient bien accroch\u00e9es au mur, ce calendrier haut de gamme est dot\u00e9 de pochettes innovantes. Elles prot\u00e8gent les grandes feuilles des effets de l'humidit\u00e9 de l'air. Le papier est un mat\u00e9riau naturel. Les fibres r\u00e9agissent aux variations du climat ambiant. Il est donc conseill\u00e9 de ne pas retirer les pochettes d'insertion.\r\n\r\nNotre environnement nous tient \u00e0 coeur, c'est pourquoi nous misons sur une fabrication individuelle en Allemagne (Made in Germany) avec des mat\u00e9riaux de qualit\u00e9 sup\u00e9rieure.\r\n\r\n14 pages dont 1 couverture | 12 pages mensuelles | 1 page d'index I dos cartonn\u00e9.\r\n\r\n\r\nIllustrations:\r\nJanvier: La Grande-Moucherolle\r\nF\u00e9vrier: Le Mont-Aiguille et le Grand-Veymont\r\nMars: La corniche du Vercors\r\nAvril: Le Mont-Aiguille, vue du Tri\u00e8ves\r\nMai: Font-d'Urle\r\nJuin: Die\r\nJuillet: La corniche du Vercors\r\nAo\u00fbt: La Grande-Moucherolle\r\nSeptembre: Le Grand-Veymont et Gresse en Vercors\r\nOctobre: Le Cirque d'Archiane\r\nNovembre: Les Hauts plateaux et Belledonne\r\nD\u00e9cembre: Coren\u00e7on-en-Vercors\r\n\r\nLIGNE PREMIUM - Calendrier photo brillant avec 12 magnifiques motifs, impression d'art en haute brillance de qualit\u00e9 mus\u00e9e\r\nQUALIT\u00c9 - mat\u00e9riaux nobles, dos solide avec 2 pochettes innovantes pour une pr\u00e9sentation optimale au mur\r\nDURABLE - nette r\u00e9duction des d\u00e9chets gr\u00e2ce \u00e0 une fabrication \u00e0 l'unit\u00e9 adapt\u00e9e aux besoins, papier certifi\u00e9 FSC respectueux de l'environnement, production en Allemagne, logistique respectueuse du climat.\r\nCADEAU PARFAIT - calendrier pour les amis et la famille, pour les enfants et les adultes, les jeunes et les moins jeunes, pour No\u00ebl, les anniversaires ou entre deux.\r\n\u00c0 la d\u00e9couverte des Hauts-Plateaux du Vercors par l'auteur(rice): Alain Gaymard","authors":["Alain Gaymard"],"category_codes":["4000000","4010000","4010200"],"visuals":{"large":"https:\/\/images.epagine.fr\/034\/9783516693034_1_75.jpg","medium":"https:\/\/images.epagine.fr\/034\/9783516693034_1_m.jpg","thumbnail":"https:\/\/images.epagine.fr\/034\/9783516693034_1_v.jpg"},"orderable":true,"show_badge":true,"formatted_price":"0,00&nbsp;\u20ac","formatted_published_date":"24 ao\u00fbt 2025","publisher_availability_label":"Sur commande","short_details":"Alain Gaymard \u2014 Calvendo","translator":null,"weight":1280,"page_count":14,"readership":null,"editor":"Calvendo","price":0,"published_date":"2025-08-23T22:00:00.000000Z","support":"Calendrier","publisher_availability":1,"stock":0,"editions":[],"url":"https:\/\/quaidesbrumes.com\/ouvrage\/9783516693034\/les-hauts-du-vercors-calendrier-mural-2026-din-a2-vertical-calendrier-de-bureau-a-la-decouverte-des-hauts-plateaux-du-vercors"},{"id":"9783516709650","title":"Les couleurs de l'Allier - Un affluent la Loire (Calendrier mural 2026 DIN A4 vertical), CALVENDO calendrier mensuel : Une promenade au Bec d'Allier, confluent de la Loire et de l'Allier","description":"Le Bec d'Allier est connu pour son lieu sauvage. Le long de l'Allier, les bancs de sables dessinent des motifs abstraits qui varient selon les hauteurs d'eau. Les rives changent constamment de configuration. La faune varie suivant les saisons. C'est une rivi\u00e8re vivante.\r\n\r\nCalendrier mural de qualit\u00e9 sup\u00e9rieure avec 12 magnifiques photos. L'environnement nous tient \u00e0 coeur. C'est pourquoi nous utilisons exclusivement du papier certifi\u00e9 FSC provenant de for\u00eats g\u00e9r\u00e9es de mani\u00e8re \u00e9coresponsable. Nous \u00e9vitons la surproduction et donc des quantit\u00e9s significatives de d\u00e9chets, en produisant dans l'UE \u00e0 l'unit\u00e9 et sur demande. Nous r\u00e9duisons nos distances de transport et assurons une logistique respectueuse de l'environnement.\r\n\r\n14 pages dont 1 couverture | 12 pages mensuelles | 1 page d'index | dos cartonn\u00e9\r\n\r\nIllustrations:\r\nJanvier: La passe \u00e0 saumons\r\nF\u00e9vrier: Le barrage des Lorrains\r\nMars: Le Bec d'Allier\r\nAvril: Les sables de l'Allier\r\nMai: Des \u00eeles sur la rivi\u00e8res\r\nJuin: Les rives de l'Allier\r\nJuillet: Un canal traverse l'Allier\r\nAo\u00fbt: Le pont canal du Gu\u00e9tin\r\nSeptembre: Apremont-sur-Allier\r\nOctobre: Les sables de la rivi\u00e8re\r\nNovembre: Le confluent\r\nD\u00e9cembre: Le Gu\u00e9tin, le pont-route et le pont canal\r\n\r\nQUALITATIF - un calendrier annuel de qualit\u00e9 sup\u00e9rieure avec 12 magnifiques motifs, sur papier d'impression photo, avec une reliure spirale robuste et un crochet de suspension.\r\nDURABLE - r\u00e9duction significative des d\u00e9chets gr\u00e2ce \u00e0 une fabrication sur papier certifi\u00e9 FSC \u00e0 l'unit\u00e9 et sur demande, production dans l'UE, logistique \u00e9cologique.\r\nCADEAU ID\u00c9AL - destin\u00e9 \u00e0 vos contacts priv\u00e9s ou professionnels, \u00e0 la famille ou aux amis, aux jeunes adultes ou aux moins jeunes,  pour un cadeau de No\u00ebl ou d'anniversaire ou juste pour le plaisir d'offrir.\r\nDIVERSIFI\u00c9 - de nombreux formats DIN A4 ou DIN A3, pour s'adapter \u00e0 toutes vos envies et vos cadres de vie.\r\nUne promenade au Bec d'Allier, confluent de la Loire et de l'Allier par l'auteur(rice): Alain Gaymard","authors":["Alain Gaymard"],"category_codes":["4000000","4010000","4010200"],"visuals":{"large":"https:\/\/images.epagine.fr\/650\/9783516709650_1_75.jpg","medium":"https:\/\/images.epagine.fr\/650\/9783516709650_1_m.jpg","thumbnail":"https:\/\/images.epagine.fr\/650\/9783516709650_1_v.jpg"},"orderable":true,"show_badge":true,"formatted_price":"0,00&nbsp;\u20ac","formatted_published_date":"24 septembre 2025","publisher_availability_label":"Sur commande","short_details":"Alain Gaymard \u2014 Calvendo","translator":null,"weight":210,"page_count":14,"readership":null,"editor":"Calvendo","price":0,"published_date":"2025-09-23T22:00:00.000000Z","support":"Calendrier","publisher_availability":1,"stock":0,"editions":[],"url":"https:\/\/quaidesbrumes.com\/ouvrage\/9783516709650\/les-couleurs-de-lallier-un-affluent-la-loire-calendrier-mural-2026-din-a4-vertical-calvendo-calendrier-mensuel-une-promenade-au-bec-dallier-confluent-de-la-loire-et-de-lallier"},{"id":"9783516709667","title":"Le monde intime des oiseaux (Calendrier mural 2026 DIN A4 horizontal), CALVENDO calendrier mensuel : Un calendrier \u00e9l\u00e9gant qui vous ouvre les portes du monde intime des oiseaux, r\u00e9v\u00e9lant leur beaut\u00e9, leur gr\u00e2ce et leurs instants les plus secrets.","description":"Mois apr\u00e8s mois, laissez-vous transporter par des instants privil\u00e9gi\u00e9s o\u00f9 la vie des oiseaux se d\u00e9voile avec d\u00e9licatesse, entre envols gracieux, regards lumineux et sc\u00e8nes naturelles pleines de po\u00e9sie. Bien plus qu'un simple calendrier, c'est une invitation \u00e0 la contemplation et \u00e0 l'\u00e9vasion, transformant vos murs en fen\u00eatre ouverte sur un univers vibrant de l\u00e9g\u00e8ret\u00e9 et de beaut\u00e9. \u00c0 offrir ou \u00e0 s'offrir, il accompagne vos journ\u00e9es d'une touche de s\u00e9r\u00e9nit\u00e9 et d'\u00e9merveillement tout au long de l'ann\u00e9e.\r\n\r\nCalendrier mural de qualit\u00e9 sup\u00e9rieure avec 12 magnifiques photos. L'environnement nous tient \u00e0 coeur. C'est pourquoi nous utilisons exclusivement du papier certifi\u00e9 FSC provenant de for\u00eats g\u00e9r\u00e9es de mani\u00e8re \u00e9coresponsable. Nous \u00e9vitons la surproduction et donc des quantit\u00e9s significatives de d\u00e9chets, en produisant dans l'UE \u00e0 l'unit\u00e9 et sur demande. Nous r\u00e9duisons nos distances de transport et assurons une logistique respectueuse de l'environnement.\r\n\r\n14 pages dont 1 couverture | 12 pages mensuelles | 1 page d'index | dos cartonn\u00e9\r\n\r\nIllustrations:\r\nJanvier: Tarier p\u00e2tre\r\nF\u00e9vrier: Tournepierre\r\nMars: Mouette rieuse\r\nAvril: M\u00e9sange bleue\r\nMai: Spatule blanche\r\nJuin: Phragmite des joncs\r\nJuillet: Foulque\r\nAo\u00fbt: B\u00e9casseau sanderling\r\nSeptembre: Linotte m\u00e9lodieuse\r\nOctobre: Echasse blanche\r\nNovembre: Aigrette garzette\r\nD\u00e9cembre: Grand gravelot\r\n\r\nQUALITATIF - un calendrier annuel de qualit\u00e9 sup\u00e9rieure avec 12 magnifiques motifs, sur papier d'impression photo, avec une reliure spirale robuste et un crochet de suspension.\r\nDURABLE - r\u00e9duction significative des d\u00e9chets gr\u00e2ce \u00e0 une fabrication sur papier certifi\u00e9 FSC \u00e0 l'unit\u00e9 et sur demande, production dans l'UE, logistique \u00e9cologique.\r\nCADEAU ID\u00c9AL - destin\u00e9 \u00e0 vos contacts priv\u00e9s ou professionnels, \u00e0 la famille ou aux amis, aux jeunes adultes ou aux moins jeunes,  pour un cadeau de No\u00ebl ou d'anniversaire ou juste pour le plaisir d'offrir.\r\nDIVERSIFI\u00c9 - de nombreux formats DIN A4 ou DIN A3, pour s'adapter \u00e0 toutes vos envies et vos cadres de vie.\r\nUn calendrier \u00e9l\u00e9gant qui vous ouvre les portes du monde intime des oiseaux, r\u00e9v\u00e9lant leur beaut\u00e9, leur gr\u00e2ce et leurs instants les plus secrets. par l'auteur(rice): Carcajou Pictures","authors":["Thomas Martzel"],"category_codes":["4000000","4010000","4010200"],"visuals":{"large":"https:\/\/images.epagine.fr\/667\/9783516709667_1_75.jpg","medium":"https:\/\/images.epagine.fr\/667\/9783516709667_1_m.jpg","thumbnail":"https:\/\/images.epagine.fr\/667\/9783516709667_1_v.jpg"},"orderable":true,"show_badge":true,"formatted_price":"0,00&nbsp;\u20ac","formatted_published_date":"3 octobre 2025","publisher_availability_label":"Sur commande","short_details":"Thomas Martzel \u2014 Calvendo","translator":null,"weight":210,"page_count":14,"readership":null,"editor":"Calvendo","price":0,"published_date":"2025-10-02T22:00:00.000000Z","support":"Calendrier","publisher_availability":1,"stock":0,"editions":[],"url":"https:\/\/quaidesbrumes.com\/ouvrage\/9783516709667\/le-monde-intime-des-oiseaux-calendrier-mural-2026-din-a4-horizontal-calvendo-calendrier-mensuel-un-calendrier-elegant-qui-vous-ouvre-les-portes-du-monde-intime-des-oiseaux-revelant-leur-beaute-leur-grace-et-leurs-instants-les-plus-secrets"},{"id":"9783516709674","title":"Les couleurs de l'Allier - Un affluent la Loire (Calendrier mural 2026 DIN A3 vertical), CALVENDO calendrier mensuel : Une promenade au Bec d'Allier, confluent de la Loire et de l'Allier","description":"Le Bec d'Allier est connu pour son lieu sauvage. Le long de l'Allier, les bancs de sables dessinent des motifs abstraits qui varient selon les hauteurs d'eau. Les rives changent constamment de configuration. La faune varie suivant les saisons. C'est une rivi\u00e8re vivante.\r\n\r\nCalendrier mural de qualit\u00e9 sup\u00e9rieure avec 12 magnifiques photos. L'environnement nous tient \u00e0 coeur. C'est pourquoi nous utilisons exclusivement du papier certifi\u00e9 FSC provenant de for\u00eats g\u00e9r\u00e9es de mani\u00e8re \u00e9coresponsable. Nous \u00e9vitons la surproduction et donc des quantit\u00e9s significatives de d\u00e9chets, en produisant dans l'UE \u00e0 l'unit\u00e9 et sur demande. Nous r\u00e9duisons nos distances de transport et assurons une logistique respectueuse de l'environnement.\r\n\r\n14 pages dont 1 couverture | 12 pages mensuelles | 1 page d'index | dos cartonn\u00e9\r\n\r\nIllustrations:\r\nJanvier: La passe \u00e0 saumons\r\nF\u00e9vrier: Le barrage des Lorrains\r\nMars: Le Bec d'Allier\r\nAvril: Les sables de l'Allier\r\nMai: Des \u00eeles sur la rivi\u00e8res\r\nJuin: Les rives de l'Allier\r\nJuillet: Un canal traverse l'Allier\r\nAo\u00fbt: Le pont canal du Gu\u00e9tin\r\nSeptembre: Apremont-sur-Allier\r\nOctobre: Les sables de la rivi\u00e8re\r\nNovembre: Le confluent\r\nD\u00e9cembre: Le Gu\u00e9tin, le pont-route et le pont canal\r\n\r\nQUALITATIF - un calendrier annuel de qualit\u00e9 sup\u00e9rieure avec 12 magnifiques motifs, sur papier d'impression photo, avec une reliure spirale robuste et un crochet de suspension.\r\nDURABLE - r\u00e9duction significative des d\u00e9chets gr\u00e2ce \u00e0 une fabrication sur papier certifi\u00e9 FSC \u00e0 l'unit\u00e9 et sur demande, production dans l'UE, logistique \u00e9cologique.\r\nCADEAU ID\u00c9AL - destin\u00e9 \u00e0 vos contacts priv\u00e9s ou professionnels, \u00e0 la famille ou aux amis, aux jeunes adultes ou aux moins jeunes,  pour un cadeau de No\u00ebl ou d'anniversaire ou juste pour le plaisir d'offrir.\r\nDIVERSIFI\u00c9 - de nombreux formats DIN A4 ou DIN A3, pour s'adapter \u00e0 toutes vos envies et vos cadres de vie.\r\nUne promenade au Bec d'Allier, confluent de la Loire et de l'Allier par l'auteur(rice): Alain Gaymard","authors":["Alain Gaymard"],"category_codes":["4000000","4010000","4010200"],"visuals":{"large":"https:\/\/images.epagine.fr\/674\/9783516709674_1_75.jpg","medium":"https:\/\/images.epagine.fr\/674\/9783516709674_1_m.jpg","thumbnail":"https:\/\/images.epagine.fr\/674\/9783516709674_1_v.jpg"},"orderable":true,"show_badge":true,"formatted_price":"0,00&nbsp;\u20ac","formatted_published_date":"24 septembre 2025","publisher_availability_label":"Sur commande","short_details":"Alain Gaymard \u2014 Calvendo","translator":null,"weight":460,"page_count":14,"readership":null,"editor":"Calvendo","price":0,"published_date":"2025-09-23T22:00:00.000000Z","support":"Calendrier","publisher_availability":1,"stock":0,"editions":[],"url":"https:\/\/quaidesbrumes.com\/ouvrage\/9783516709674\/les-couleurs-de-lallier-un-affluent-la-loire-calendrier-mural-2026-din-a3-vertical-calvendo-calendrier-mensuel-une-promenade-au-bec-dallier-confluent-de-la-loire-et-de-lallier"},{"id":"9783516709698","title":"Le monde intime des oiseaux (Calendrier mural 2026 DIN A3 horizontal), CALVENDO calendrier mensuel : Un calendrier \u00e9l\u00e9gant qui vous ouvre les portes du monde intime des oiseaux, r\u00e9v\u00e9lant leur beaut\u00e9, leur gr\u00e2ce et leurs instants les plus secrets.","description":"Mois apr\u00e8s mois, laissez-vous transporter par des instants privil\u00e9gi\u00e9s o\u00f9 la vie des oiseaux se d\u00e9voile avec d\u00e9licatesse, entre envols gracieux, regards lumineux et sc\u00e8nes naturelles pleines de po\u00e9sie. Bien plus qu'un simple calendrier, c'est une invitation \u00e0 la contemplation et \u00e0 l'\u00e9vasion, transformant vos murs en fen\u00eatre ouverte sur un univers vibrant de l\u00e9g\u00e8ret\u00e9 et de beaut\u00e9. \u00c0 offrir ou \u00e0 s'offrir, il accompagne vos journ\u00e9es d'une touche de s\u00e9r\u00e9nit\u00e9 et d'\u00e9merveillement tout au long de l'ann\u00e9e.\r\n\r\nCalendrier mural de qualit\u00e9 sup\u00e9rieure avec 12 magnifiques photos. L'environnement nous tient \u00e0 coeur. C'est pourquoi nous utilisons exclusivement du papier certifi\u00e9 FSC provenant de for\u00eats g\u00e9r\u00e9es de mani\u00e8re \u00e9coresponsable. Nous \u00e9vitons la surproduction et donc des quantit\u00e9s significatives de d\u00e9chets, en produisant dans l'UE \u00e0 l'unit\u00e9 et sur demande. Nous r\u00e9duisons nos distances de transport et assurons une logistique respectueuse de l'environnement.\r\n\r\n14 pages dont 1 couverture | 12 pages mensuelles | 1 page d'index | dos cartonn\u00e9\r\n\r\nIllustrations:\r\nJanvier: Tarier p\u00e2tre\r\nF\u00e9vrier: Tournepierre\r\nMars: Mouette rieuse\r\nAvril: M\u00e9sange bleue\r\nMai: Spatule blanche\r\nJuin: Phragmite des joncs\r\nJuillet: Foulque\r\nAo\u00fbt: B\u00e9casseau sanderling\r\nSeptembre: Linotte m\u00e9lodieuse\r\nOctobre: Echasse blanche\r\nNovembre: Aigrette garzette\r\nD\u00e9cembre: Grand gravelot\r\n\r\nQUALITATIF - un calendrier annuel de qualit\u00e9 sup\u00e9rieure avec 12 magnifiques motifs, sur papier d'impression photo, avec une reliure spirale robuste et un crochet de suspension.\r\nDURABLE - r\u00e9duction significative des d\u00e9chets gr\u00e2ce \u00e0 une fabrication sur papier certifi\u00e9 FSC \u00e0 l'unit\u00e9 et sur demande, production dans l'UE, logistique \u00e9cologique.\r\nCADEAU ID\u00c9AL - destin\u00e9 \u00e0 vos contacts priv\u00e9s ou professionnels, \u00e0 la famille ou aux amis, aux jeunes adultes ou aux moins jeunes,  pour un cadeau de No\u00ebl ou d'anniversaire ou juste pour le plaisir d'offrir.\r\nDIVERSIFI\u00c9 - de nombreux formats DIN A4 ou DIN A3, pour s'adapter \u00e0 toutes vos envies et vos cadres de vie.\r\nUn calendrier \u00e9l\u00e9gant qui vous ouvre les portes du monde intime des oiseaux, r\u00e9v\u00e9lant leur beaut\u00e9, leur gr\u00e2ce et leurs instants les plus secrets. par l'auteur(rice): Carcajou Pictures","authors":["Thomas Martzel"],"category_codes":["4000000","4010000","4010200"],"visuals":{"large":"https:\/\/images.epagine.fr\/698\/9783516709698_1_75.jpg","medium":"https:\/\/images.epagine.fr\/698\/9783516709698_1_m.jpg","thumbnail":"https:\/\/images.epagine.fr\/698\/9783516709698_1_v.jpg"},"orderable":true,"show_badge":true,"formatted_price":"0,00&nbsp;\u20ac","formatted_published_date":"3 octobre 2025","publisher_availability_label":"Sur commande","short_details":"Thomas Martzel \u2014 Calvendo","translator":null,"weight":450,"page_count":14,"readership":null,"editor":"Calvendo","price":0,"published_date":"2025-10-02T22:00:00.000000Z","support":"Calendrier","publisher_availability":1,"stock":0,"editions":[],"url":"https:\/\/quaidesbrumes.com\/ouvrage\/9783516709698\/le-monde-intime-des-oiseaux-calendrier-mural-2026-din-a3-horizontal-calvendo-calendrier-mensuel-un-calendrier-elegant-qui-vous-ouvre-les-portes-du-monde-intime-des-oiseaux-revelant-leur-beaute-leur-grace-et-leurs-instants-les-plus-secrets"},{"id":"9783516709711","title":"Les couleurs de l'Allier - Un affluent la Loire (Calendrier mural 2026 DIN A2 vertical), CALVENDO calendrier mensuel : Une promenade au Bec d'Allier, confluent de la Loire et de l'Allier","description":"Le Bec d'Allier est connu pour son lieu sauvage. Le long de l'Allier, les bancs de sables dessinent des motifs abstraits qui varient selon les hauteurs d'eau. Les rives changent constamment de configuration. La faune varie suivant les saisons. C'est une rivi\u00e8re vivante.\r\n\r\nCalendrier mural de qualit\u00e9 sup\u00e9rieure avec 12 magnifiques photos. L'environnement nous tient \u00e0 coeur. C'est pourquoi nous utilisons exclusivement du papier certifi\u00e9 FSC provenant de for\u00eats g\u00e9r\u00e9es de mani\u00e8re \u00e9coresponsable. Nous \u00e9vitons la surproduction et donc des quantit\u00e9s significatives de d\u00e9chets, en produisant dans l'UE \u00e0 l'unit\u00e9 et sur demande. Nous r\u00e9duisons nos distances de transport et assurons une logistique respectueuse de l'environnement.\r\n\r\n14 pages dont 1 couverture | 12 pages mensuelles | 1 page d'index | dos cartonn\u00e9\r\n\r\nIllustrations:\r\nJanvier: La passe \u00e0 saumons\r\nF\u00e9vrier: Le barrage des Lorrains\r\nMars: Le Bec d'Allier\r\nAvril: Les sables de l'Allier\r\nMai: Des \u00eeles sur la rivi\u00e8res\r\nJuin: Les rives de l'Allier\r\nJuillet: Un canal traverse l'Allier\r\nAo\u00fbt: Le pont canal du Gu\u00e9tin\r\nSeptembre: Apremont-sur-Allier\r\nOctobre: Les sables de la rivi\u00e8re\r\nNovembre: Le confluent\r\nD\u00e9cembre: Le Gu\u00e9tin, le pont-route et le pont canal\r\n\r\nQUALITATIF - un calendrier annuel de qualit\u00e9 sup\u00e9rieure avec 12 magnifiques motifs, sur papier d'impression photo, avec une reliure spirale robuste et un crochet de suspension.\r\nDURABLE - r\u00e9duction significative des d\u00e9chets gr\u00e2ce \u00e0 une fabrication sur papier certifi\u00e9 FSC \u00e0 l'unit\u00e9 et sur demande, production dans l'UE, logistique \u00e9cologique.\r\nCADEAU ID\u00c9AL - destin\u00e9 \u00e0 vos contacts priv\u00e9s ou professionnels, \u00e0 la famille ou aux amis, aux jeunes adultes ou aux moins jeunes,  pour un cadeau de No\u00ebl ou d'anniversaire ou juste pour le plaisir d'offrir.\r\nDIVERSIFI\u00c9 - de nombreux formats DIN A4 ou DIN A3, pour s'adapter \u00e0 toutes vos envies et vos cadres de vie.\r\nUne promenade au Bec d'Allier, confluent de la Loire et de l'Allier par l'auteur(rice): Alain Gaymard","authors":["Alain Gaymard"],"category_codes":["4000000","4010000","4010200"],"visuals":{"large":"https:\/\/images.epagine.fr\/711\/9783516709711_1_75.jpg","medium":"https:\/\/images.epagine.fr\/711\/9783516709711_1_m.jpg","thumbnail":"https:\/\/images.epagine.fr\/711\/9783516709711_1_v.jpg"},"orderable":true,"show_badge":true,"formatted_price":"0,00&nbsp;\u20ac","formatted_published_date":"24 septembre 2025","publisher_availability_label":"Sur commande","short_details":"Alain Gaymard \u2014 Calvendo","translator":null,"weight":940,"page_count":14,"readership":null,"editor":"Calvendo","price":0,"published_date":"2025-09-23T22:00:00.000000Z","support":"Calendrier","publisher_availability":1,"stock":0,"editions":[],"url":"https:\/\/quaidesbrumes.com\/ouvrage\/9783516709711\/les-couleurs-de-lallier-un-affluent-la-loire-calendrier-mural-2026-din-a2-vertical-calvendo-calendrier-mensuel-une-promenade-au-bec-dallier-confluent-de-la-loire-et-de-lallier"},{"id":"9783516709728","title":"Le monde intime des oiseaux (Calendrier de bureau 2026 DIN A5 horizontal), CALVENDO calendrier mensuel : Un calendrier \u00e9l\u00e9gant qui vous ouvre les portes du monde intime des oiseaux, r\u00e9v\u00e9lant leur beaut\u00e9, leur gr\u00e2ce et leurs instants les plus secrets.","description":"Mois apr\u00e8s mois, laissez-vous transporter par des instants privil\u00e9gi\u00e9s o\u00f9 la vie des oiseaux se d\u00e9voile avec d\u00e9licatesse, entre envols gracieux, regards lumineux et sc\u00e8nes naturelles pleines de po\u00e9sie. Bien plus qu'un simple calendrier, c'est une invitation \u00e0 la contemplation et \u00e0 l'\u00e9vasion, transformant vos murs en fen\u00eatre ouverte sur un univers vibrant de l\u00e9g\u00e8ret\u00e9 et de beaut\u00e9. \u00c0 offrir ou \u00e0 s'offrir, il accompagne vos journ\u00e9es d'une touche de s\u00e9r\u00e9nit\u00e9 et d'\u00e9merveillement tout au long de l'ann\u00e9e.\r\n\r\nCalendrier de bureau de qualit\u00e9 sup\u00e9rieure avec 12 magnifiques photos. L'environnement nous tient \u00e0 coeur. C'est pourquoi nous utilisons exclusivement du papier certifi\u00e9 FSC provenant de for\u00eats g\u00e9r\u00e9es de mani\u00e8re \u00e9coresponsable. Nous \u00e9vitons la surproduction et donc des quantit\u00e9s significatives de d\u00e9chets, en produisant dans l'UE \u00e0 l'unit\u00e9 et sur demande. Nous r\u00e9duisons nos distances de transport et assurons une logistique respectueuse de l'environnement.\r\n\r\n14 pages dont 1 couverture | 12 pages mensuelles | 1 page d'index I dos cartonn\u00e9.\r\n\r\nIllustrations:\r\nJanvier: Tarier p\u00e2tre\r\nF\u00e9vrier: Tournepierre\r\nMars: Mouette rieuse\r\nAvril: M\u00e9sange bleue\r\nMai: Spatule blanche\r\nJuin: Phragmite des joncs\r\nJuillet: Foulque\r\nAo\u00fbt: B\u00e9casseau sanderling\r\nSeptembre: Linotte m\u00e9lodieuse\r\nOctobre: Echasse blanche\r\nNovembre: Aigrette garzette\r\nD\u00e9cembre: Grand gravelot\r\n\r\nQUALITATIF - un calendrier annuel de qualit\u00e9 sup\u00e9rieure avec 12 magnifiques motifs, sur papier d'impression photo, avec une reliure spirale robuste.\r\nDURABLE - r\u00e9duction significative des d\u00e9chets gr\u00e2ce \u00e0 une fabrication sur papier certifi\u00e9 FSC \u00e0 l'unit\u00e9 et sur demande, production dans l'UE, logistique \u00e9cologique.\r\nCADEAU ID\u00c9AL - destin\u00e9 \u00e0 vos contacts priv\u00e9s ou professionnels, \u00e0 la famille ou aux amis, aux jeunes adultes ou aux moins jeunes,  pour un cadeau de No\u00ebl ou d'anniversaire ou juste pour le plaisir d'offrir.\r\nDIVERSIFI\u00c9 - de nombreux formats DIN A4 ou DIN A3, pour s'adapter \u00e0 toutes vos envies et vos cadres de vie.\r\nUn calendrier \u00e9l\u00e9gant qui vous ouvre les portes du monde intime des oiseaux, r\u00e9v\u00e9lant leur beaut\u00e9, leur gr\u00e2ce et leurs instants les plus secrets. par l'auteur(rice): Carcajou Pictures","authors":["Thomas Martzel"],"category_codes":["4000000","4010000","4010200"],"visuals":{"large":"https:\/\/images.epagine.fr\/728\/9783516709728_1_75.jpg","medium":"https:\/\/images.epagine.fr\/728\/9783516709728_1_m.jpg","thumbnail":"https:\/\/images.epagine.fr\/728\/9783516709728_1_v.jpg"},"orderable":true,"show_badge":true,"formatted_price":"0,00&nbsp;\u20ac","formatted_published_date":"3 octobre 2025","publisher_availability_label":"Sur commande","short_details":"Thomas Martzel \u2014 Calvendo","translator":null,"weight":165,"page_count":14,"readership":null,"editor":"Calvendo","price":0,"published_date":"2025-10-02T22:00:00.000000Z","support":"Calendrier","publisher_availability":1,"stock":0,"editions":[],"url":"https:\/\/quaidesbrumes.com\/ouvrage\/9783516709728\/le-monde-intime-des-oiseaux-calendrier-de-bureau-2026-din-a5-horizontal-calvendo-calendrier-mensuel-un-calendrier-elegant-qui-vous-ouvre-les-portes-du-monde-intime-des-oiseaux-revelant-leur-beaute-leur-grace-et-leurs-instants-les-plus-secrets"},{"id":"9783516709742","title":"Les couleurs de l'Allier - Un affluent la Loire  (Calendrier mural 2026 DIN A2 vertical) calendrier de bureau : Une promenade au Bec d'Allier, confluent de la Loire et de l'Allier","description":"Le Bec d'Allier est connu pour son lieu sauvage. Le long de l'Allier, les bancs de sables dessinent des motifs abstraits qui varient selon les hauteurs d'eau. Les rives changent constamment de configuration. La faune varie suivant les saisons. C'est une rivi\u00e8re vivante.\r\n\r\nImpression d'art premium en haute brillance de qualit\u00e9 mus\u00e9e. Pour que les feuilles de papier soient bien accroch\u00e9es au mur, ce calendrier haut de gamme est dot\u00e9 de pochettes innovantes. Elles prot\u00e8gent les grandes feuilles des effets de l'humidit\u00e9 de l'air. Le papier est un mat\u00e9riau naturel. Les fibres r\u00e9agissent aux variations du climat ambiant. Il est donc conseill\u00e9 de ne pas retirer les pochettes d'insertion.\r\n\r\nNotre environnement nous tient \u00e0 coeur, c'est pourquoi nous misons sur une fabrication individuelle en Allemagne (Made in Germany) avec des mat\u00e9riaux de qualit\u00e9 sup\u00e9rieure.\r\n\r\n14 pages dont 1 couverture | 12 pages mensuelles | 1 page d'index I dos cartonn\u00e9.\r\n\r\n\r\nIllustrations:\r\nJanvier: La passe \u00e0 saumons\r\nF\u00e9vrier: Le barrage des Lorrains\r\nMars: Le Bec d'Allier\r\nAvril: Les sables de l'Allier\r\nMai: Des \u00eeles sur la rivi\u00e8res\r\nJuin: Les rives de l'Allier\r\nJuillet: Un canal traverse l'Allier\r\nAo\u00fbt: Le pont canal du Gu\u00e9tin\r\nSeptembre: Apremont-sur-Allier\r\nOctobre: Les sables de la rivi\u00e8re\r\nNovembre: Le confluent\r\nD\u00e9cembre: Le Gu\u00e9tin, le pont-route et le pont canal\r\n\r\nLIGNE PREMIUM - Calendrier photo brillant avec 12 magnifiques motifs, impression d'art en haute brillance de qualit\u00e9 mus\u00e9e\r\nQUALIT\u00c9 - mat\u00e9riaux nobles, dos solide avec 2 pochettes innovantes pour une pr\u00e9sentation optimale au mur\r\nDURABLE - nette r\u00e9duction des d\u00e9chets gr\u00e2ce \u00e0 une fabrication \u00e0 l'unit\u00e9 adapt\u00e9e aux besoins, papier certifi\u00e9 FSC respectueux de l'environnement, production en Allemagne, logistique respectueuse du climat.\r\nCADEAU PARFAIT - calendrier pour les amis et la famille, pour les enfants et les adultes, les jeunes et les moins jeunes, pour No\u00ebl, les anniversaires ou entre deux.\r\nUne promenade au Bec d'Allier, confluent de la Loire et de l'Allier par l'auteur(rice): Alain Gaymard","authors":["Alain Gaymard"],"category_codes":["4000000","4010000","4010200"],"visuals":{"large":"https:\/\/images.epagine.fr\/742\/9783516709742_1_75.jpg","medium":"https:\/\/images.epagine.fr\/742\/9783516709742_1_m.jpg","thumbnail":"https:\/\/images.epagine.fr\/742\/9783516709742_1_v.jpg"},"orderable":true,"show_badge":true,"formatted_price":"0,00&nbsp;\u20ac","formatted_published_date":"24 septembre 2025","publisher_availability_label":"Sur commande","short_details":"Alain Gaymard \u2014 Calvendo","translator":null,"weight":1280,"page_count":14,"readership":null,"editor":"Calvendo","price":0,"published_date":"2025-09-23T22:00:00.000000Z","support":"Calendrier","publisher_availability":1,"stock":0,"editions":[],"url":"https:\/\/quaidesbrumes.com\/ouvrage\/9783516709742\/les-couleurs-de-lallier-un-affluent-la-loire-calendrier-mural-2026-din-a2-vertical-calendrier-de-bureau-une-promenade-au-bec-dallier-confluent-de-la-loire-et-de-lallier"},{"id":"9791097174361","title":"Climat : la r\u00e9alit\u00e9 tout simplement ; sauvons le climat","description":"Le climat de la Terre est en train d'\u00e9voluer. Il se r\u00e9chauffe, les canicules, les \u00e9pisodes de pluie intense, deviennent plus fr\u00e9quents. Est-ce un ph\u00e9nom\u00e8ne naturel comme le pr\u00e9tendent certains. S'agit-il d'une cons\u00e9quence des actions de l'homme comme en est convaincue la quasi-totalit\u00e9 de la communaut\u00e9 scientifique du climat. On entend, on lit beaucoup de choses contradictoires sur le climat, sur ce r\u00e9chauffement. Comment s'y retrouver ? Qu'est-ce qui est vrai, qu'est-ce qui est faux ? Quelle part de v\u00e9rit\u00e9 est \u00e0 la base de ces affirmations ? L'id\u00e9e de ce livre c'est de donner directement les r\u00e9ponses aux questions que les uns ou les autres peuvent se poser. Le livre s'utilise comme un dictionnaire : le lecteur cherche ce qu'il y a derri\u00e8re une affirmation ? Il va directement \u00e0 la page o\u00f9 se trouve cette affirmation et y trouve l'explication qu'il cherche. Eventuellement, il sera guid\u00e9 vers une autre page pour un compl\u00e9ment d'information. Un glossaire, au d\u00e9but du livre, donne la signification des termes sp\u00e9ciaux que le lecteur pourrait ne pas conna\u00eetre, termes signal\u00e9s par un ast\u00e9risque dans le texte. Enfin, pour ceux qui souhaitent en savoir plus sur le fonctionnement du climat, un court chapitre en explicite quelques notions importantes au d\u00e9but de l'ouvrage.","authors":["Jean Poitou"],"category_codes":["4000000","4010000","4010200"],"visuals":{"large":"https:\/\/images.epagine.fr\/361\/9791097174361_1_75.jpg","medium":"https:\/\/images.epagine.fr\/361\/9791097174361_1_m.jpg","thumbnail":"https:\/\/images.epagine.fr\/361\/9791097174361_1_v.jpg"},"orderable":true,"show_badge":true,"formatted_price":"12,00&nbsp;\u20ac","formatted_published_date":"21 juillet 2020","publisher_availability_label":"Sur commande","short_details":"Jean Poitou \u2014 Les Unpertinents","translator":null,"weight":300,"page_count":250,"readership":null,"editor":"Les Unpertinents","price":1200,"published_date":"2020-07-20T22:00:00.000000Z","support":"Grand format","publisher_availability":1,"stock":0,"editions":[],"url":"https:\/\/quaidesbrumes.com\/ouvrage\/9791097174361\/climat-la-realite-tout-simplement-sauvons-le-climat"},{"id":"9791097174460","title":"Le feu sur la terre : de la Terre sans l'Homme \u00e0 l'Homme  sans la Terre","description":"Apr\u00e8s\u00a0un\u00a0constat\u00a0sans\u00a0concession,\u00a0l'auteur\u00a0invite\u00a0\u00e0\u00a0un\u00a0plaidoyer\u00a0plein\u00a0d'optimiste\u00a0 pour\u00a0sortir\u00a0de\u00a0la\u00a0crise\u00a0\u00e9cologique\u00a0par\u00a0l'\u00e9cologie\u00a0int\u00e9grale.\r\n\r\nPour\u00a0 expliquer\u00a0 et\u00a0 comprendre\u00a0 le\u00a0 r\u00e9chauffement\u00a0 climatique\u00a0 que\u00a0 notre\u00a0 Plan\u00e8te\u00a0 conna\u00eet\u00a0 aujourd'hui,\u00a0trois\u00a0tableaux\u00a0de\u00a0la\u00a0Terre\u00a0sont\u00a0dress\u00e9s\u00a0:\u00a0la\u00a0Terre\u00a0sans\u00a0l'Homme,\u00a0la\u00a0Terre\u00a0avec\u00a0l'Homme\u00a0et\u00a0 l'Homme\u00a0sans\u00a0la\u00a0Terre\u00a0qui\u00a0est\u00a0une\u00a0ouverture\u00a0sur\u00a0notre\u00a0avenir\u00a0lointain.\u00a0Le\u00a0premier\u00a0nous\u00a0rappelle\u00a0les\u00a0cinq\u00a0 grandes\u00a0catastrophes\u00a0qui,\u00a0\u00e9tal\u00e9es\u00a0sur\u00a0plus\u00a0de\u00a0400\u00a0millions\u00a0d'ann\u00e9es,\u00a0ont\u00a0ravag\u00e9\u00a0la\u00a0Terre\u00a0en\u00a0d\u00e9truisant\u00a0 jusqu'\u00e0\u00a095%\u00a0des\u00a0familles\u00a0d'animaux.\u00a0L'une\u00a0d'entre\u00adelle,\u00a0-\u00a0celle\u00a0du\u00a0Permien\u00a0(\u00ad252\u00a0millions\u00a0d'ann\u00e9es)\u00a0-,\u00a0 pr\u00e9sente\u00a0\u00e9trangement\u00a0certaines\u00a0caract\u00e9ristiques\u00a0de\u00a0celle\u00a0qui,\u00a0qualifi\u00e9e\u00a0de\u00a0sixi\u00e8me\u00a0extinction,\u00a0se\u00a0pr\u00e9pare\u00a0 aujourd'hui\u00a0sous\u00a0nos\u00a0yeux.\u00a0Le\u00a0second\u00a0tableau\u00a0fait\u00a0intervenir\u00a0un\u00a0acteur\u00a0majeur\u00a0dans\u00a0l'histoire\u00a0de\u00a0la\u00a0Terre,\u00a0 l'Homme\u00a0qui,\u00a0du\u00a0fait\u00a0de\u00a0l'exploitation\u00a0fr\u00e9n\u00e9tique\u00a0d'\u00e9nergies\u00a0fossiles,\u00a0contribue,\u00a0depuis\u00a0le\u00a0d\u00e9but\u00a0du\u00a0XIXe\u00a0 si\u00e8cle,\u00a0 au\u00a0 d\u00e9s\u00e9quilibre\u00a0 entre\u00a0 ces\u00a0 quatre\u00a0 compartiments\u00a0 de\u00a0 la\u00a0 Plan\u00e8te\u00a0 que\u00a0 sont\u00a0 l'atmosph\u00e8re,\u00a0 la\u00a0 lithosph\u00e8re,\u00a0l'hydrosph\u00e8re\u00a0et\u00a0la\u00a0biosph\u00e8re\u00a0et\u00a0participe\u00a0ainsi\u00a0grandement\u00a0au\u00a0r\u00e9chauffement\u00a0climatique\u00a0;\u00a0 ainsi,\u00a0deux\u00a0nouveaux\u00a0tueurs\u00a0entrent\u00a0en\u00a0sc\u00e8ne\u00a0:\u00a0l'activit\u00e9\u00a0anthropique\u00a0et\u00a0le\u00a0d\u00e9gel\u00a0du\u00a0permafrost,\u00a0v\u00e9ritable\u00a0 bombe\u00a0\u00e0\u00a0retardement\u00a0climatique.\u00a0Enfin,\u00a0le\u00a0troisi\u00e8me\u00a0tableau,\u00a0au\u00a0travers\u00a0non\u00a0plus\u00a0d'un\u00a0examen\u00a0g\u00e9ologique\u00a0 et\u00a0d'une\u00a0analyse\u00a0technico\u00ad\u00e9conomique\u00a0mais\u00a0de\u00a0consid\u00e9rations\u00a0\u00ab\u00a0philosophiques\u00a0\u00bb,\u00a0propose\u00a0\u00e0\u00a0la\u00a0lumi\u00e8re\u00a0 de\u00a0la\u00a0pens\u00e9e\u00a0de\u00a0Teilhard\u00a0de\u00a0Chardin,\u00a0une\u00a0r\u00e9flexion\u00a0sur\u00a0l'avenir\u00a0de\u00a0l'Homme\u00a0et\u00a0donc\u00a0une\u00a0autre\u00a0voie\u00a0de\u00a0 progr\u00e8s\u00a0pour\u00a0l'Humanit\u00e9.\u00a0","authors":["Richard Pazdej"],"category_codes":["4000000","4010000","4010200"],"visuals":{"large":"https:\/\/images.epagine.fr\/460\/9791097174460_1_75.jpg","medium":"https:\/\/images.epagine.fr\/460\/9791097174460_1_m.jpg","thumbnail":"https:\/\/images.epagine.fr\/460\/9791097174460_1_v.jpg"},"orderable":true,"show_badge":true,"formatted_price":"18,00&nbsp;\u20ac","formatted_published_date":"19 avril 2021","publisher_availability_label":"Sur commande","short_details":"Richard Pazdej \u2014 Les Unpertinents","translator":null,"weight":200,"page_count":204,"readership":null,"editor":"Les Unpertinents","price":1800,"published_date":"2021-04-18T22:00:00.000000Z","support":"Grand format","publisher_availability":1,"stock":0,"editions":[],"url":"https:\/\/quaidesbrumes.com\/ouvrage\/9791097174460\/le-feu-sur-la-terre-de-la-terre-sans-lhomme-a-lhomme-sans-la-terre"},{"id":"9791097174583","title":"NegaTep (SLC) : pour r\u00e9duire les \u00e9missions de CO2 de la France d'ici 2050-60","description":"La hausse de la concentration des gaz \u00e0 effet de serre dans l'atmosph\u00e8re de notre plan\u00e8te fait planer la menace d'un s\u00e9v\u00e8re d\u00e9r\u00e8glement climatique. Elle impose au syst\u00e8me \u00e9nerg\u00e9tique sa principale contrainte environnementale. Peut-on abaisser les rejets de CO2 sans alt\u00e9rer le bien-\u00eatre de la population ni entra\u00eener de d\u00e9penses inconsid\u00e9r\u00e9es ? Telle est la question \u00e0 laquelle se propose de r\u00e9pondre la d\u00e9marche N\u00e9gaTep, \u00e9labor\u00e9e par des scientifiques et des ing\u00e9nieurs membres de l'association Sauvons le Climat.\r\n\r\nCompromis entre le souhaitable et le possible, N\u00e9gaTep conduit progressivement, \u00e0 l'horizon 2050-2060, \u00e0 une r\u00e9duction par un facteur sup\u00e9rieur \u00e0 4 des \u00e9missions de gaz \u00e0 effet de serre dans notre pays, sans imposer de d\u00e9croissance. Cette d\u00e9carbonation concerne tous les secteurs de l'activit\u00e9 \u00e9conomique (hors agriculture) et s'accompagne d'un recours massif au vecteur \u00e9lectricit\u00e9. La production \u00e9lectrique serait tr\u00e8s majoritairement nucl\u00e9aire compl\u00e9t\u00e9e par une importante contribution de renouvelables et un reliquat de fossiles (gaz) vou\u00e9 \u00e0 la disparition. Ainsi serait men\u00e9e \u00e0 bien la contribution de la France \u00e0 la r\u00e9ussite des n\u00e9cessaires transitions \u00e9cologique et \u00e9nerg\u00e9tique.","authors":["Collectif","Jean-louis Bobin"],"category_codes":["4000000","4010000","4010200","4010204"],"visuals":{"large":"https:\/\/images.epagine.fr\/583\/9791097174583_1_75.jpg","medium":"https:\/\/images.epagine.fr\/583\/9791097174583_1_m.jpg","thumbnail":"https:\/\/images.epagine.fr\/583\/9791097174583_1_v.jpg"},"orderable":true,"show_badge":true,"formatted_price":"10,00&nbsp;\u20ac","formatted_published_date":"3 novembre 2021","publisher_availability_label":"Sur commande","short_details":"Collectif, Jean-louis Bobin \u2014 Les Unpertinents","translator":null,"weight":160,"page_count":140,"readership":null,"editor":"Les Unpertinents","price":1000,"published_date":"2021-11-02T23:00:00.000000Z","support":"Grand format","publisher_availability":1,"stock":0,"editions":[],"url":"https:\/\/quaidesbrumes.com\/ouvrage\/9791097174583\/negatep-slc-pour-reduire-les-emissions-de-co2-de-la-france-dici-2050-60"},{"id":"9782356530059","title":"Chasse d'altitude ; chamois, brocards et coqs de bruy\u00e8re","description":"R\u00e9cits de chasse au grand gibier (cerf, chamois, chevreuil) dans les Alpes autrichiennes, au Tyrol, avant la premi\u00e8re guerre mondiale.\r\n\r\nJames Jaquet, consul de Suisse en France, chassait dans le Tyrol autrichien, surtout au Voralberg. La premi\u00e8re guerre mondiale le pousse \u00e0 renoncer \u00e0 la chasse en haute montagne. Il \u00e9voque avec \u00e9motion et po\u00e9sie ses souvenirs pittoresques.\r\n\r\nPendant une heure, je n'entendis rien, puis un coup de feu - le coup du signal parti du c\u00f4t\u00e9 oppos\u00e9 - m'apprit que les gardes commen\u00e7aient \u00e0 traquer. Il se passa quelques minutes \u00e0 peine lorsqu'au-dessous de moi, j'entendis rouler des pierres comme si on avait jet\u00e9 des pellet\u00e9es de cailloux dans les couloirs et je me vis, aussit\u00f4t apr\u00e8s, litt\u00e9ralement entour\u00e9 de chamois ; \u00e0 droite et \u00e0 gauche \u00e9mergeaient en m\u00eame temps sept ou huit t\u00eates. Les chamois grimpaient en bondissant vers le sommet. J'avais une \u00e9motion telle que je ne savais lequel choisir et ils \u00e9taient d\u00e9j\u00e0 \u00e0 une vingtaine de m\u00e8tres au-dessus quand je fus \u00e0 m\u00eame de tirer. La b\u00eate que j'avais au bout de ma carabine me sembla vaciller sous le coup de fusil, cependant elle continua \u00e0 suivre les autres. Toutefois, avant d'arriver au sommet, le chamois s'arr\u00eata, baissa la t\u00eate vers le rocher, ses jambes fl\u00e9chirent sous lui, il essaya en vain de faire un dernier bond et, tel qu'un paquet informe, je le vis glisser de l'ar\u00eate o\u00f9 il se tenait, d\u00e9crire une courbe dans l'air et tomber dans le fond du couloir.","authors":["James Jaquet"],"category_codes":["4000000","4010000","4010500","4010502"],"visuals":{"large":"https:\/\/images.epagine.fr\/059\/9782356530059_1_75.jpg","medium":"https:\/\/images.epagine.fr\/059\/9782356530059_1_m.jpg","thumbnail":"https:\/\/images.epagine.fr\/059\/9782356530059_1_v.jpg"},"orderable":true,"show_badge":true,"formatted_price":"22,00&nbsp;\u20ac","formatted_published_date":"7 d\u00e9cembre 2009","publisher_availability_label":"Sur commande","short_details":"James Jaquet \u2014 Montbel","translator":null,"weight":295,"page_count":246,"readership":"Tout public","editor":"Montbel","price":2200,"published_date":"2009-12-06T23:00:00.000000Z","support":"Grand format","publisher_availability":1,"stock":0,"editions":[],"url":"https:\/\/quaidesbrumes.com\/ouvrage\/9782356530059\/chasse-daltitude-chamois-brocards-et-coqs-de-bruyere"},{"id":"9782356530134","title":"Onca! les jaguars du Mato Grosso","description":"Le petit Zaide s'est port\u00e9 volontaire pour entrer dans la grotte avec moi, mais je craignais que les balles ne ricochent dans l'espace restreint et j'ai d\u00e9clin\u00e9 sa proposition courageuse. Dantas devait me tenir par les chevilles et me tirer en arri\u00e8re au premier coup de feu. Alors, la torche dans une main, le revolver 357 dans l'autre, j'ai ramp\u00e9 sur le ventre. La grotte \u00e9tait large mais basse. J'avais la moiti\u00e9 du corps \u00e0 l'int\u00e9rieur et je ne voyais toujours pas le jaguar. Un grondement terrible a empli la caverne. C'\u00e9tait trop tard pour revenir en arri\u00e8re et je n'avais pas assez de place pour bouger. J'ai avanc\u00e9 d'une cinquantaine de centim\u00e8tres, provoquant aussit\u00f4t un grognement. Restait \u00e0 pouvoir tirer avant qu'il n'attaque. Je me suis encore gliss\u00e9 en poussant sur mes pieds et soudain j'ai vu une patte qui pendait, rien d'autre, le plafond de la grotte masquait le reste. Une autre petite pouss\u00e9e, la gueule est apparue, encore une autre et toute la t\u00eate s'est montr\u00e9e. Le f\u00e9lin \u00e9tait tapi sur une saillie, face \u00e0 moi, \u00e0 3 m. Il regardait la lampe d'un air sinistre, inclinant l\u00e9g\u00e8rement la t\u00eate vers le bas comme pour mieux voir. C'\u00e9tait la position parfaite, j'ai vis\u00e9 juste au-dessus de l'\u00e9clat vert de ses yeux et j'ai tir\u00e9. L'\u00e9clair et la poussi\u00e8re qui volait m'ont aveugl\u00e9. Personne ne me tirait de l\u00e0. Il m'a fallu quelques secondes pour y voir : la t\u00eate du f\u00e9lin tachet\u00e9 pendait sur le c\u00f4t\u00e9. L'on\u00e7a \u00e9tait mort.","authors":["Tony de Almeida"],"category_codes":["4000000","4010000","4010500","4010502"],"visuals":{"large":"https:\/\/images.epagine.fr\/134\/9782356530134_1_75.jpg","medium":"https:\/\/images.epagine.fr\/134\/9782356530134_1_m.jpg","thumbnail":"https:\/\/images.epagine.fr\/134\/9782356530134_1_v.jpg"},"orderable":true,"show_badge":true,"formatted_price":"35,00&nbsp;\u20ac","formatted_published_date":"8 d\u00e9cembre 2009","publisher_availability_label":"Sur commande","short_details":"Tony de Almeida \u2014 Montbel","translator":null,"weight":738,"page_count":404,"readership":null,"editor":"Montbel","price":3500,"published_date":"2009-12-07T23:00:00.000000Z","support":"Grand format","publisher_availability":1,"stock":0,"editions":[],"url":"https:\/\/quaidesbrumes.com\/ouvrage\/9782356530134\/onca-les-jaguars-du-mato-grosso"},{"id":"9782356530172","title":"Chasses du Rhin","description":"Avant la guerre de 1914, les plaines du Rhin, de l'Alsace au grand-duch\u00e9 de Bade, \u00e9taient un paradis o\u00f9 le gibier foisonnait. Chevreuils, sangliers, b\u00e9casses ou perdreaux faisaient le bonheur des chasseurs.\r\n\r\nD'une plume chaleureuse, James Jaquet (1856-1936) raconte ses \u00e9motions de chasse au coeur d'une nature g\u00e9n\u00e9reuse.\r\n\r\nNous examinons avec attention les buissons et les touffes de foug\u00e8res qui sont devant nous. Voici, au loin, une tache rouge dans les herbes. Elle dispara\u00eet pour repara\u00eetre un peu plus loin. \u00c0 l'aide de nos jumelles, nous voyons que c'est un chevreuil, une forte b\u00eate, mais la t\u00eate baiss\u00e9e vers le sol n'est pas distincte. Enfin, cette t\u00eate se dresse au-dessus d'un buisson et se d\u00e9tache sur le ciel matinal. C'est bien notre brocard ; ses bois superbes sont parfaitement visibles. Il reste longtemps immobile.\r\n\r\nComme il avance avec pr\u00e9caution ! Il se dirige, ainsi que nous l'avions pr\u00e9vu, vers les hauts bois ; dans peu d'instants, il aura atteint la perc\u00e9e verte qui descend \u00e0 gauche de nous. Lentement, la carabine a \u00e9t\u00e9 mise en joue, le coup part et le brocard, apr\u00e8s un bond puissant, dispara\u00eet dans les hautes herbes. \u00c0 l'endroit o\u00f9 il se trouvait, nous cherchons avec soin. Voici, sur une feuille de fraisier une goutte de sang et quelques poils coup\u00e9s.","authors":["James Jaquet"],"category_codes":["4000000","4010000","4010500","4010502"],"visuals":{"large":"https:\/\/images.epagine.fr\/172\/9782356530172_1_75.jpg","medium":"https:\/\/images.epagine.fr\/172\/9782356530172_1_m.jpg","thumbnail":"https:\/\/images.epagine.fr\/172\/9782356530172_1_v.jpg"},"orderable":true,"show_badge":true,"formatted_price":"22,00&nbsp;\u20ac","formatted_published_date":"25 mars 2010","publisher_availability_label":"Sur commande","short_details":"James Jaquet \u2014 Montbel","translator":null,"weight":501,"page_count":202,"readership":null,"editor":"Montbel","price":2200,"published_date":"2010-03-24T23:00:00.000000Z","support":"Grand format","publisher_availability":1,"stock":0,"editions":[],"url":"https:\/\/quaidesbrumes.com\/ouvrage\/9782356530172\/chasses-du-rhin"},{"id":"9782356530226","title":"Histoires d'ivoire ; Mozambique, Angola, Ouganda, enclave du Lado, Afrique australe","description":"Je visai soigneusement le milieu de son \u00e9paule. Au coup de feu il se pr\u00e9cipita devant lui et je le perdis de vue quelques instants. Je n'avais pas encore recharg\u00e9 que je me retrouvai subitement face \u00e0 un \u00e9l\u00e9phant qui venait droit sur moi. C'\u00e9tait le second \u00e9l\u00e9phant. Il \u00e9tait rest\u00e9 tout ce temps derri\u00e8re son compagnon et j'avais suppos\u00e9 que tous les bruits que j'avais entendus ne provenaient que d'un seul \u00e9l\u00e9phant. Quand son compagnon bless\u00e9 s'est enfui, le second \u00e9l\u00e9phant soudain r\u00e9veill\u00e9 en a fait autant et par hasard, droit dans ma direction. Bien que je sois d'une nature imperturbable et que j'aie les nerfs solides, c'\u00e9tait un moment \u00e0 vous dresser les cheveux sur la t\u00eate. R\u00e9agissant imm\u00e9diatement, je tirai au milieu du front pour l'arr\u00eater sans avoir le temps de viser proprement. Heureusement, la balle a atteint son but sinon j'aurais \u00e9t\u00e9 aplati comme une cr\u00eape.\r\n\r\nLes souvenirs de cinquante ans de chasse \u00e0 l'\u00e9l\u00e9phant de l'Espagnol Tony Sanchez-Arino (n\u00e9 en 1930), l'un des plus grands guides de chasse contemporains, ayant tir\u00e9 plus de mille trois cents \u00e9l\u00e9phants, trois cents lions et deux mille buffles!\r\n\r\nCes r\u00e9cits fruits de la riche exp\u00e9rience de l'auteur au Mozambique, en Angola, en Ouganda et dans l'enclave du Lado sont ponctu\u00e9s de nombreuses et int\u00e9ressantes anecdotes et de photos sur les grands aventuriers et les plus fameux chasseurs d'ivoire qui ont parcouru l'Afrique de la fin du XIXe si\u00e8cle \u00e0 l'arriv\u00e9e de Tony sur le sol africain, en 1952 en Guin\u00e9e alors espagnole.","authors":["Tony Sanchez-arino"],"category_codes":["4000000","4010000","4010500","4010502"],"visuals":{"large":"https:\/\/images.epagine.fr\/226\/9782356530226_1_75.jpg","medium":"https:\/\/images.epagine.fr\/226\/9782356530226_1_m.jpg","thumbnail":"https:\/\/images.epagine.fr\/226\/9782356530226_1_v.jpg"},"orderable":true,"show_badge":true,"formatted_price":"35,00&nbsp;\u20ac","formatted_published_date":"15 septembre 2010","publisher_availability_label":"Sur commande","short_details":"Tony Sanchez-arino \u2014 Montbel","translator":null,"weight":476,"page_count":260,"readership":null,"editor":"Montbel","price":3500,"published_date":"2010-09-14T22:00:00.000000Z","support":"Grand format","publisher_availability":1,"stock":0,"editions":[],"url":"https:\/\/quaidesbrumes.com\/ouvrage\/9782356530226\/histoires-divoire-mozambique-angola-ouganda-enclave-du-lado-afrique-australe"},{"id":"9782356530509","title":"Cinquante ans de chasse ; 1900-1950","description":"Montagnes, aux for\u00eats  canadiennes et \u00e0 la jungle des Indes, il livre ses souvenirs  cyn\u00e9g\u00e9tiques, vibrant hommage \u00e0 la nature sauvage. \"A l'air  pur de la grande montagne s'ajoutait la beaut\u00e9 de cette nature  imposante, ainsi que la passion de la chasse \u00e0 laquelle on  pouvait se livrer presque dans sa forme primitive; c'\u00e9tait aussi  une sensation incomparable d'\u00eatre isol\u00e9 du monde et des  hommes, de dormir souvent au grand air, serr\u00e9 contre son  chien, sous des sapins centenaires, devant les b\u00fbches en feu,  n\u00e9cessit\u00e9 des nuits froides de l'automne, et aussi pr\u00e9caution  pour tenir \u00e9loign\u00e9s les loups. \r\n\"La faune int\u00e9ressante de ces  montagnes se compose du grand cerf des Carpates ayant du  sang asiatique, de l'ours brun de montagne, du loup, du lynx,  de grands sangliers, de chevreuils et de grands tetras- urogalles.\"","authors":["Palffy Paul"],"category_codes":["4000000","4010000","4010500","4010502"],"visuals":{"large":"https:\/\/images.epagine.fr\/509\/9782356530509_1_75.jpg","medium":"https:\/\/images.epagine.fr\/509\/9782356530509_1_m.jpg","thumbnail":"https:\/\/images.epagine.fr\/509\/9782356530509_1_v.jpg"},"orderable":true,"show_badge":true,"formatted_price":"25,00&nbsp;\u20ac","formatted_published_date":"3 avril 2012","publisher_availability_label":"Sur commande","short_details":"Palffy Paul \u2014 Montbel","translator":null,"weight":230,"page_count":196,"readership":null,"editor":"Montbel","price":2500,"published_date":"2012-04-02T22:00:00.000000Z","support":"Grand format","publisher_availability":1,"stock":0,"editions":[],"url":"https:\/\/quaidesbrumes.com\/ouvrage\/9782356530509\/cinquante-ans-de-chasse-1900-1950"}]}