{"data":[{"id":"9782811113018","title":"Esp\u00e8ces arbustives spontan\u00e9es du Burkina-Faso, du Mali et du Senegal ; 260 esp\u00e8ces avec leurs caract\u00e9ristiques en photos","description":"Le P\u00e8re Jean Tiquet (1910-2008), de la Soci\u00e9t\u00e9 des Missionnaires d'Afrique (P\u00e8res Blancs), a v\u00e9cu 22 ans au Burkina- Faso de 1964 \u00e0 1986. Grand amoureux de la nature et f\u00e9ru de botanique, il s'est int\u00e9ress\u00e9 \u00e0 l'\u00e9tude des esp\u00e8ces arbustives spontan\u00e9es de ce pays, r\u00e9alisant finalement une collection de 1 014 diapositives. Pour chacune de ces 260 esp\u00e8ces, il propose g\u00e9n\u00e9ralement une photo de l'arbre entier, de la feuille, de la fleur et du fruit ou d'une caract\u00e9ristique particuli\u00e8re. Il se servait de ces diapositives pour illustrer les cours de botanique qu'il donnait \u00e0 l'\u00e9cole des Eaux et For\u00eats de Bobo-Dioulasso.\r\n\r\nDans sa pr\u00e9sentation, l'ouvrage pourrait aussi bien avoir pour titre : \u00ab Comment identifier les esp\u00e8ces arbustives spontan\u00e9es du Burkina-Faso, du Mali ou du S\u00e9n\u00e9gal \u00bb, car l'auteur a eu pour souci principal de signaler les caract\u00e9ristiques de chaque esp\u00e8ce et de les illustrer par une photo. Tel quel, il devrait int\u00e9resser les professeurs de botanique et leurs \u00e9l\u00e8ves, les agents des Eaux et For\u00eats dont c'est le m\u00e9tier de prot\u00e9ger toutes les esp\u00e8ces, notamment celles en voie d'extinction, les nombreuses ONG qui s'int\u00e9ressent \u00e0 la sauvegarde de la flore arbustive africaine et au reboisement.\r\n\r\nAu-del\u00e0 des trois pays cit\u00e9s dans le titre, ce livre vaut aussi pour ceux qui se trouvent dans les m\u00eames zones de latitude Nord : le B\u00e9nin, le Togo, le Nigeria, le Niger, le Tchad, la R\u00e9publique centrafricaine.\r\n\r\nY trouveront leur compte les amoureux de la nature, nationaux ou expatri\u00e9s, qui aiment conna\u00eetre les noms scientifiques des plantes et avoir ainsi acc\u00e8s \u00e0 plus de d\u00e9tails dans d'autres ouvrages. Le commentaire botanique plus complet, r\u00e9dig\u00e9 par le P\u00e8re Tiquet, sera accessible sur le site : bamanan.org","authors":["Charles Bailleul","Pierre Meynet","Jean Tiquet"],"category_codes":["4000000","4010000","4010400","4010406"],"visuals":{"large":"https:\/\/images.epagine.fr\/018\/9782811113018_1_75.jpg","medium":"https:\/\/images.epagine.fr\/018\/9782811113018_1_m.jpg","thumbnail":"https:\/\/images.epagine.fr\/018\/9782811113018_1_v.jpg"},"orderable":true,"show_badge":true,"formatted_price":"24,00&nbsp;\u20ac","formatted_published_date":"21 janvier 2015","publisher_availability_label":"Sur commande","short_details":"Charles Bailleul, Pierre Meynet, Jean Tiquet \u2014 KARTHALA","translator":null,"weight":497,"page_count":296,"readership":null,"editor":"KARTHALA","price":2400,"published_date":"2015-01-20T23:00:00.000000Z","support":"Grand format","publisher_availability":1,"stock":0,"editions":[],"url":"https:\/\/quaidesbrumes.com\/ouvrage\/9782811113018\/especes-arbustives-spontanees-du-burkina-faso-du-mali-et-du-senegal-260-especes-avec-leurs-caracteristiques-en-photos"},{"id":"9782811115319","title":"\u00c9cologie, traditions africaines et d\u00e9veloppement ; enjeux environnementaux en Afrique subsaharienne","description":"Il y a vingt ans, l'historien et homme politique burkinab\u00e9 Joseph Ki-Zerbo \u00e9crivait \u00e0 propos du Sahel : \u00ab Ceux qui avaient la trentaine au moment des ind\u00e9pendances peuvent attester de la r\u00e9alit\u00e9 d'un Sahel vert dans les ann\u00e9es 1930. Ce n'\u00e9tait pas l'\u00e2ge d'or : il y avait des famines, des \u00e9pid\u00e9mies, des end\u00e9mies. Mais une certaine autosuffisance alimentaire r\u00e9elle existait, de m\u00eame que le foisonnement de la biodiversit\u00e9 v\u00e9g\u00e9tale et animale qui dispara\u00eet \u00e0 vue d'oeil d'ann\u00e9e en ann\u00e9e aujourd'hui \u00bb. (Pr\u00e9face au livre La mort de la brousse, Karthala, 1996.) Ces m\u00eames inqui\u00e9tudes sont \u00e0 la base du pr\u00e9sent ouvrage qui aborde les questions de la biodiversit\u00e9 dans plusieurs pays africains, \u00e0 commencer par le Congo R.D. Le massif forestier congolais occupe une place capitale dans l'\u00e9quilibre environnemental de la r\u00e9gion. La sauvegarde d'un tel patrimoine place les parties prenantes devant un dilemme : d'un c\u00f4t\u00e9 son exploitation comme atout majeur du d\u00e9veloppement, de l'autre sa conservation pour pr\u00e9server l'\u00e9cosyst\u00e8me. Or la d\u00e9forestation de ce massif avance \u00e0 un rythme soutenu, avec une perte de biodiversit\u00e9 dans la derni\u00e8re d\u00e9cennie. En Afrique centrale comme en Afrique de l'Ouest, les m\u00eames questions restent sans r\u00e9ponse. Que faire ? Les auteurs tentent d'en donner les enjeux et les amorces de solutions. Publi\u00e9 \u00e0 l'initiative du Centre d'\u00e9tudes ethno-sociologiques du Bandundu (CEESBA), cet ouvrage est l'aboutissement, par des auteurs africains, d'une longue r\u00e9flexion sur les comportements humains et les \u00e9cosyst\u00e8mes. En traitant des enjeux environnementaux et des traditions africaines, il vise \u00e0 identifier l'impact des destructions modernes sur le d\u00e9veloppement et \u00e0 faire de l'\u00e9cologie un combat majeur pour l'Afrique contemporaine.","authors":["Bernard Fansaka biniama"],"category_codes":["4000000","4010000","4010200"],"visuals":{"large":"https:\/\/images.epagine.fr\/319\/9782811115319_1_75.jpg","medium":"https:\/\/images.epagine.fr\/319\/9782811115319_1_m.jpg","thumbnail":"https:\/\/images.epagine.fr\/319\/9782811115319_1_v.jpg"},"orderable":true,"show_badge":true,"formatted_price":"29,00&nbsp;\u20ac","formatted_published_date":"27 novembre 2015","publisher_availability_label":"Sur commande","short_details":"Bernard Fansaka biniama \u2014 KARTHALA","translator":null,"weight":610,"page_count":384,"readership":null,"editor":"KARTHALA","price":2900,"published_date":"2015-11-26T23:00:00.000000Z","support":"Grand format","publisher_availability":1,"stock":0,"editions":[],"url":"https:\/\/quaidesbrumes.com\/ouvrage\/9782811115319\/ecologie-traditions-africaines-et-developpement-enjeux-environnementaux-en-afrique-subsaharienne"},{"id":"9782383380153","title":"L214 - L'\u00e9thique animale de A \u00e0 Z","description":null,"authors":[],"category_codes":["4000000","4010000","4010200","4010207"],"visuals":{"large":"https:\/\/quaidesbrumes.com\/img\/book-placeholder.png","medium":"https:\/\/quaidesbrumes.com\/img\/book-placeholder.png","thumbnail":"https:\/\/quaidesbrumes.com\/img\/book-placeholder.png"},"orderable":false,"show_badge":true,"formatted_price":"9,95&nbsp;\u20ac","formatted_published_date":null,"publisher_availability_label":"\u00c0 para\u00eetre","short_details":"\u00c9ditions La Plage","translator":null,"weight":0,"page_count":null,"readership":null,"editor":"\u00c9ditions La Plage","price":995,"published_date":null,"support":"Grand format","publisher_availability":2,"stock":0,"editions":[],"url":"https:\/\/quaidesbrumes.com\/ouvrage\/9782383380153\/l214-lethique-animale-de-a-a-z"},{"id":"9783516649970","title":"Les chanteurs de nos r\u00e9gions - Notre nature intime (Calendrier mural 2026 DIN A4 vertical), CALVENDO calendrier mensuel : \u00c0 la d\u00e9couverte de notre nature","description":"\u00c0 travers ces clich\u00e9s, un m\u00eame arbre devient sc\u00e8ne vivante pour une chorale ail\u00e9e. La lumi\u00e8re naturelle joue avec les feuillages, dessinant des ombres douces sur les plumes vibrantes. Chaque oiseau, qu'il soit en plein chant ou simplement perch\u00e9, semble capturer une \u00e9motion - solitude, appel, harmonie ou libert\u00e9. Images r\u00e9alis\u00e9es avec IA.\r\n\r\nCalendrier mural de qualit\u00e9 sup\u00e9rieure avec 12 magnifiques photos. L'environnement nous tient \u00e0 coeur. C'est pourquoi nous utilisons exclusivement du papier certifi\u00e9 FSC provenant de for\u00eats g\u00e9r\u00e9es de mani\u00e8re \u00e9coresponsable. Nous \u00e9vitons la surproduction et donc des quantit\u00e9s significatives de d\u00e9chets, en produisant dans l'UE \u00e0 l'unit\u00e9 et sur demande. Nous r\u00e9duisons nos distances de transport et assurons une logistique respectueuse de l'environnement.\r\n\r\n14 pages dont 1 couverture | 12 pages mensuelles | 1 page d'index | dos cartonn\u00e9\r\n\r\nIllustrations:\r\nJanvier: Rouge gorge\r\nF\u00e9vrier: Rossignols\r\nMars: Pinson\r\nAvril: Couple de pinsons\r\nMai: Chardonneret d'Europe\r\nJuin: Fauvette \u00e0 t\u00eate noire\r\nJuillet: M\u00e9sange bleue\r\nAo\u00fbt: Bergeronnette grise\r\nSeptembre: Pouillot de Bonelli\r\nOctobre: Verdiers\r\nNovembre: M\u00e9sange hupp\u00e9e\r\nD\u00e9cembre: M\u00e9sange charbonni\u00e8re\r\n\r\nQUALITATIF - un calendrier annuel de qualit\u00e9 sup\u00e9rieure avec 12 magnifiques motifs, sur papier d'impression photo, avec une reliure spirale robuste et un crochet de suspension.\r\nDURABLE - r\u00e9duction significative des d\u00e9chets gr\u00e2ce \u00e0 une fabrication sur papier certifi\u00e9 FSC \u00e0 l'unit\u00e9 et sur demande, production dans l'UE, logistique \u00e9cologique.\r\nCADEAU ID\u00c9AL - destin\u00e9 \u00e0 vos contacts priv\u00e9s ou professionnels, \u00e0 la famille ou aux amis, aux jeunes adultes ou aux moins jeunes,  pour un cadeau de No\u00ebl ou d'anniversaire ou juste pour le plaisir d'offrir.\r\nDIVERSIFI\u00c9 - de nombreux formats DIN A4 ou DIN A3, pour s'adapter \u00e0 toutes vos envies et vos cadres de vie.\r\n\u00c0 la d\u00e9couverte de notre nature par l'auteur(rice): Alain Gaymard","authors":["Alain Gaymard"],"category_codes":["4000000","4010000","4010200"],"visuals":{"large":"https:\/\/images.epagine.fr\/970\/9783516649970_1_75.jpg","medium":"https:\/\/images.epagine.fr\/970\/9783516649970_1_m.jpg","thumbnail":"https:\/\/images.epagine.fr\/970\/9783516649970_1_v.jpg"},"orderable":true,"show_badge":true,"formatted_price":"0,00&nbsp;\u20ac","formatted_published_date":"28 juillet 2025","publisher_availability_label":"Sur commande","short_details":"Alain Gaymard \u2014 Calvendo","translator":null,"weight":210,"page_count":14,"readership":null,"editor":"Calvendo","price":0,"published_date":"2025-07-27T22:00:00.000000Z","support":"Calendrier","publisher_availability":1,"stock":0,"editions":[],"url":"https:\/\/quaidesbrumes.com\/ouvrage\/9783516649970\/les-chanteurs-de-nos-regions-notre-nature-intime-calendrier-mural-2026-din-a4-vertical-calvendo-calendrier-mensuel-a-la-decouverte-de-notre-nature"},{"id":"9783516649994","title":"Les chanteurs de nos r\u00e9gions - Notre nature intime (Calendrier mural 2026 DIN A3 vertical), CALVENDO calendrier mensuel : \u00c0 la d\u00e9couverte de notre nature","description":"\u00c0 travers ces clich\u00e9s, un m\u00eame arbre devient sc\u00e8ne vivante pour une chorale ail\u00e9e. La lumi\u00e8re naturelle joue avec les feuillages, dessinant des ombres douces sur les plumes vibrantes. Chaque oiseau, qu'il soit en plein chant ou simplement perch\u00e9, semble capturer une \u00e9motion - solitude, appel, harmonie ou libert\u00e9. Images r\u00e9alis\u00e9es avec IA.\r\n\r\nCalendrier mural de qualit\u00e9 sup\u00e9rieure avec 12 magnifiques photos. L'environnement nous tient \u00e0 coeur. C'est pourquoi nous utilisons exclusivement du papier certifi\u00e9 FSC provenant de for\u00eats g\u00e9r\u00e9es de mani\u00e8re \u00e9coresponsable. Nous \u00e9vitons la surproduction et donc des quantit\u00e9s significatives de d\u00e9chets, en produisant dans l'UE \u00e0 l'unit\u00e9 et sur demande. Nous r\u00e9duisons nos distances de transport et assurons une logistique respectueuse de l'environnement.\r\n\r\n14 pages dont 1 couverture | 12 pages mensuelles | 1 page d'index | dos cartonn\u00e9\r\n\r\nIllustrations:\r\nJanvier: Rouge gorge\r\nF\u00e9vrier: Rossignols\r\nMars: Pinson\r\nAvril: Couple de pinsons\r\nMai: Chardonneret d'Europe\r\nJuin: Fauvette \u00e0 t\u00eate noire\r\nJuillet: M\u00e9sange bleue\r\nAo\u00fbt: Bergeronnette grise\r\nSeptembre: Pouillot de Bonelli\r\nOctobre: Verdiers\r\nNovembre: M\u00e9sange hupp\u00e9e\r\nD\u00e9cembre: M\u00e9sange charbonni\u00e8re\r\n\r\nQUALITATIF - un calendrier annuel de qualit\u00e9 sup\u00e9rieure avec 12 magnifiques motifs, sur papier d'impression photo, avec une reliure spirale robuste et un crochet de suspension.\r\nDURABLE - r\u00e9duction significative des d\u00e9chets gr\u00e2ce \u00e0 une fabrication sur papier certifi\u00e9 FSC \u00e0 l'unit\u00e9 et sur demande, production dans l'UE, logistique \u00e9cologique.\r\nCADEAU ID\u00c9AL - destin\u00e9 \u00e0 vos contacts priv\u00e9s ou professionnels, \u00e0 la famille ou aux amis, aux jeunes adultes ou aux moins jeunes,  pour un cadeau de No\u00ebl ou d'anniversaire ou juste pour le plaisir d'offrir.\r\nDIVERSIFI\u00c9 - de nombreux formats DIN A4 ou DIN A3, pour s'adapter \u00e0 toutes vos envies et vos cadres de vie.\r\n\u00c0 la d\u00e9couverte de notre nature par l'auteur(rice): Alain Gaymard","authors":["Alain Gaymard"],"category_codes":["4000000","4010000","4010200"],"visuals":{"large":"https:\/\/images.epagine.fr\/994\/9783516649994_1_75.jpg","medium":"https:\/\/images.epagine.fr\/994\/9783516649994_1_m.jpg","thumbnail":"https:\/\/images.epagine.fr\/994\/9783516649994_1_v.jpg"},"orderable":true,"show_badge":true,"formatted_price":"0,00&nbsp;\u20ac","formatted_published_date":"28 juillet 2025","publisher_availability_label":"Sur commande","short_details":"Alain Gaymard \u2014 Calvendo","translator":null,"weight":460,"page_count":14,"readership":null,"editor":"Calvendo","price":0,"published_date":"2025-07-27T22:00:00.000000Z","support":"Calendrier","publisher_availability":1,"stock":0,"editions":[],"url":"https:\/\/quaidesbrumes.com\/ouvrage\/9783516649994\/les-chanteurs-de-nos-regions-notre-nature-intime-calendrier-mural-2026-din-a3-vertical-calvendo-calendrier-mensuel-a-la-decouverte-de-notre-nature"},{"id":"9783516650006","title":"Les chanteurs de nos r\u00e9gions - Notre nature intime (Calendrier mural 2026 DIN A2 vertical), CALVENDO calendrier mensuel : \u00c0 la d\u00e9couverte de notre nature","description":"\u00c0 travers ces clich\u00e9s, un m\u00eame arbre devient sc\u00e8ne vivante pour une chorale ail\u00e9e. La lumi\u00e8re naturelle joue avec les feuillages, dessinant des ombres douces sur les plumes vibrantes. Chaque oiseau, qu'il soit en plein chant ou simplement perch\u00e9, semble capturer une \u00e9motion - solitude, appel, harmonie ou libert\u00e9. Images r\u00e9alis\u00e9es avec IA.\r\n\r\nCalendrier mural de qualit\u00e9 sup\u00e9rieure avec 12 magnifiques photos. L'environnement nous tient \u00e0 coeur. C'est pourquoi nous utilisons exclusivement du papier certifi\u00e9 FSC provenant de for\u00eats g\u00e9r\u00e9es de mani\u00e8re \u00e9coresponsable. Nous \u00e9vitons la surproduction et donc des quantit\u00e9s significatives de d\u00e9chets, en produisant dans l'UE \u00e0 l'unit\u00e9 et sur demande. Nous r\u00e9duisons nos distances de transport et assurons une logistique respectueuse de l'environnement.\r\n\r\n14 pages dont 1 couverture | 12 pages mensuelles | 1 page d'index | dos cartonn\u00e9\r\n\r\nIllustrations:\r\nJanvier: Rouge gorge\r\nF\u00e9vrier: Rossignols\r\nMars: Pinson\r\nAvril: Couple de pinsons\r\nMai: Chardonneret d'Europe\r\nJuin: Fauvette \u00e0 t\u00eate noire\r\nJuillet: M\u00e9sange bleue\r\nAo\u00fbt: Bergeronnette grise\r\nSeptembre: Pouillot de Bonelli\r\nOctobre: Verdiers\r\nNovembre: M\u00e9sange hupp\u00e9e\r\nD\u00e9cembre: M\u00e9sange charbonni\u00e8re\r\n\r\nQUALITATIF - un calendrier annuel de qualit\u00e9 sup\u00e9rieure avec 12 magnifiques motifs, sur papier d'impression photo, avec une reliure spirale robuste et un crochet de suspension.\r\nDURABLE - r\u00e9duction significative des d\u00e9chets gr\u00e2ce \u00e0 une fabrication sur papier certifi\u00e9 FSC \u00e0 l'unit\u00e9 et sur demande, production dans l'UE, logistique \u00e9cologique.\r\nCADEAU ID\u00c9AL - destin\u00e9 \u00e0 vos contacts priv\u00e9s ou professionnels, \u00e0 la famille ou aux amis, aux jeunes adultes ou aux moins jeunes,  pour un cadeau de No\u00ebl ou d'anniversaire ou juste pour le plaisir d'offrir.\r\nDIVERSIFI\u00c9 - de nombreux formats DIN A4 ou DIN A3, pour s'adapter \u00e0 toutes vos envies et vos cadres de vie.\r\n\u00c0 la d\u00e9couverte de notre nature par l'auteur(rice): Alain Gaymard","authors":["Alain Gaymard"],"category_codes":["4000000","4010000","4010200"],"visuals":{"large":"https:\/\/images.epagine.fr\/006\/9783516650006_1_75.jpg","medium":"https:\/\/images.epagine.fr\/006\/9783516650006_1_m.jpg","thumbnail":"https:\/\/images.epagine.fr\/006\/9783516650006_1_v.jpg"},"orderable":true,"show_badge":true,"formatted_price":"0,00&nbsp;\u20ac","formatted_published_date":"28 juillet 2025","publisher_availability_label":"Sur commande","short_details":"Alain Gaymard \u2014 Calvendo","translator":null,"weight":940,"page_count":14,"readership":null,"editor":"Calvendo","price":0,"published_date":"2025-07-27T22:00:00.000000Z","support":"Calendrier","publisher_availability":1,"stock":0,"editions":[],"url":"https:\/\/quaidesbrumes.com\/ouvrage\/9783516650006\/les-chanteurs-de-nos-regions-notre-nature-intime-calendrier-mural-2026-din-a2-vertical-calvendo-calendrier-mensuel-a-la-decouverte-de-notre-nature"},{"id":"9783516650013","title":"Les chanteurs de nos r\u00e9gions - Notre nature intime  (Calendrier mural 2026 DIN A2 vertical) calendrier de bureau : \u00c0 la d\u00e9couverte de notre nature","description":"\u00c0 travers ces clich\u00e9s, un m\u00eame arbre devient sc\u00e8ne vivante pour une chorale ail\u00e9e. La lumi\u00e8re naturelle joue avec les feuillages, dessinant des ombres douces sur les plumes vibrantes. Chaque oiseau, qu'il soit en plein chant ou simplement perch\u00e9, semble capturer une \u00e9motion - solitude, appel, harmonie ou libert\u00e9. Images r\u00e9alis\u00e9es avec IA.\r\n\r\nImpression d'art premium en haute brillance de qualit\u00e9 mus\u00e9e. Pour que les feuilles de papier soient bien accroch\u00e9es au mur, ce calendrier haut de gamme est dot\u00e9 de pochettes innovantes. Elles prot\u00e8gent les grandes feuilles des effets de l'humidit\u00e9 de l'air. Le papier est un mat\u00e9riau naturel. Les fibres r\u00e9agissent aux variations du climat ambiant. Il est donc conseill\u00e9 de ne pas retirer les pochettes d'insertion.\r\n\r\nNotre environnement nous tient \u00e0 coeur, c'est pourquoi nous misons sur une fabrication individuelle en Allemagne (Made in Germany) avec des mat\u00e9riaux de qualit\u00e9 sup\u00e9rieure.\r\n\r\n14 pages dont 1 couverture | 12 pages mensuelles | 1 page d'index I dos cartonn\u00e9.\r\n\r\n\r\nIllustrations:\r\nJanvier: Rouge gorge\r\nF\u00e9vrier: Rossignols\r\nMars: Pinson\r\nAvril: Couple de pinsons\r\nMai: Chardonneret d'Europe\r\nJuin: Fauvette \u00e0 t\u00eate noire\r\nJuillet: M\u00e9sange bleue\r\nAo\u00fbt: Bergeronnette grise\r\nSeptembre: Pouillot de Bonelli\r\nOctobre: Verdiers\r\nNovembre: M\u00e9sange hupp\u00e9e\r\nD\u00e9cembre: M\u00e9sange charbonni\u00e8re\r\n\r\nLIGNE PREMIUM - Calendrier photo brillant avec 12 magnifiques motifs, impression d'art en haute brillance de qualit\u00e9 mus\u00e9e\r\nQUALIT\u00c9 - mat\u00e9riaux nobles, dos solide avec 2 pochettes innovantes pour une pr\u00e9sentation optimale au mur\r\nDURABLE - nette r\u00e9duction des d\u00e9chets gr\u00e2ce \u00e0 une fabrication \u00e0 l'unit\u00e9 adapt\u00e9e aux besoins, papier certifi\u00e9 FSC respectueux de l'environnement, production en Allemagne, logistique respectueuse du climat.\r\nCADEAU PARFAIT - calendrier pour les amis et la famille, pour les enfants et les adultes, les jeunes et les moins jeunes, pour No\u00ebl, les anniversaires ou entre deux.\r\n\u00c0 la d\u00e9couverte de notre nature par l'auteur(rice): Alain Gaymard","authors":["Alain Gaymard"],"category_codes":["4000000","4010000","4010200"],"visuals":{"large":"https:\/\/images.epagine.fr\/013\/9783516650013_1_75.jpg","medium":"https:\/\/images.epagine.fr\/013\/9783516650013_1_m.jpg","thumbnail":"https:\/\/images.epagine.fr\/013\/9783516650013_1_v.jpg"},"orderable":true,"show_badge":true,"formatted_price":"0,00&nbsp;\u20ac","formatted_published_date":"28 juillet 2025","publisher_availability_label":"Sur commande","short_details":"Alain Gaymard \u2014 Calvendo","translator":null,"weight":1280,"page_count":14,"readership":null,"editor":"Calvendo","price":0,"published_date":"2025-07-27T22:00:00.000000Z","support":"Calendrier","publisher_availability":1,"stock":0,"editions":[],"url":"https:\/\/quaidesbrumes.com\/ouvrage\/9783516650013\/les-chanteurs-de-nos-regions-notre-nature-intime-calendrier-mural-2026-din-a2-vertical-calendrier-de-bureau-a-la-decouverte-de-notre-nature"},{"id":"9783516685909","title":"Fleurs en toute simplicit\u00e9 - Beaut\u00e9 minimaliste (Calendrier mural 2026 DIN A4 horizontal), CALVENDO calendrier mensuel : Un calendrier d\u00e9licat et raffin\u00e9 qui c\u00e9l\u00e8bre la gr\u00e2ce des fleurs dans leur plus pure simplicit\u00e9, pour douze mois de beaut\u00e9 minima","description":"D\u00e9couvrez notre calendrier \u00ab Fleurs en toute simplicit\u00e9 - Beaut\u00e9 minimaliste \u00bb, une invitation \u00e0 c\u00e9l\u00e9brer chaque mois la d\u00e9licatesse et l'\u00e9l\u00e9gance des fleurs dans leur expression la plus pure, entre \u00e9quilibre, lumi\u00e8re et sobri\u00e9t\u00e9. Bien plus qu'un simple calendrier, c'est un objet d\u00e9coratif raffin\u00e9 qui habille vos murs de douceur et transforme votre quotidien en une parenth\u00e8se apaisante, tout en vous offrant l'espace n\u00e9cessaire pour organiser vos projets. Id\u00e9al pour soi ou comme cadeau, il apporte une touche d'harmonie et de s\u00e9r\u00e9nit\u00e9 \u00e0 chaque instant de l'ann\u00e9e.\r\n\r\nCalendrier mural de qualit\u00e9 sup\u00e9rieure avec 12 magnifiques photos. L'environnement nous tient \u00e0 coeur. C'est pourquoi nous utilisons exclusivement du papier certifi\u00e9 FSC provenant de for\u00eats g\u00e9r\u00e9es de mani\u00e8re \u00e9coresponsable. Nous \u00e9vitons la surproduction et donc des quantit\u00e9s significatives de d\u00e9chets, en produisant dans l'UE \u00e0 l'unit\u00e9 et sur demande. Nous r\u00e9duisons nos distances de transport et assurons une logistique respectueuse de l'environnement.\r\n\r\n14 pages dont 1 couverture | 12 pages mensuelles | 1 page d'index | dos cartonn\u00e9\r\n\r\nIllustrations:\r\nJanvier: An\u00e9mone de Gr\u00e8ce\r\nF\u00e9vrier: P\u00e2querette\r\nMars: Stellaire gramin\u00e9e\r\nAvril: V\u00e9ronique petit-ch\u00eane\r\nMai: Geranium robertianum\r\nJuin: Violette de rivinus\r\nJuillet: Orchis mascula\r\nAo\u00fbt: Stellaire holost\u00e9e\r\nSeptembre: Renoncule des bois\r\nOctobre: Myosotis\r\nNovembre: Coleonema pulchellum\r\nD\u00e9cembre: Muscari\r\n\r\nQUALITATIF - un calendrier annuel de qualit\u00e9 sup\u00e9rieure avec 12 magnifiques motifs, sur papier d'impression photo, avec une reliure spirale robuste et un crochet de suspension.\r\nDURABLE - r\u00e9duction significative des d\u00e9chets gr\u00e2ce \u00e0 une fabrication sur papier certifi\u00e9 FSC \u00e0 l'unit\u00e9 et sur demande, production dans l'UE, logistique \u00e9cologique.\r\nCADEAU ID\u00c9AL - destin\u00e9 \u00e0 vos contacts priv\u00e9s ou professionnels, \u00e0 la famille ou aux amis, aux jeunes adultes ou aux moins jeunes,  pour un cadeau de No\u00ebl ou d'anniversaire ou juste pour le plaisir d'offrir.\r\nDIVERSIFI\u00c9 - de nombreux formats DIN A4 ou DIN A3, pour s'adapter \u00e0 toutes vos envies et vos cadres de vie.\r\nUn calendrier d\u00e9licat et raffin\u00e9 qui c\u00e9l\u00e8bre la gr\u00e2ce des fleurs dans leur plus pure simplicit\u00e9, pour douze mois de beaut\u00e9 minimaliste. par l'auteur(rice): Carcajou Pictures","authors":["Thomas Martzel"],"category_codes":["4000000","4010000","4010200"],"visuals":{"large":"https:\/\/images.epagine.fr\/909\/9783516685909_1_75.jpg","medium":"https:\/\/images.epagine.fr\/909\/9783516685909_1_m.jpg","thumbnail":"https:\/\/images.epagine.fr\/909\/9783516685909_1_v.jpg"},"orderable":true,"show_badge":true,"formatted_price":"0,00&nbsp;\u20ac","formatted_published_date":"3 septembre 2025","publisher_availability_label":"Sur commande","short_details":"Thomas Martzel \u2014 Calvendo","translator":null,"weight":210,"page_count":14,"readership":null,"editor":"Calvendo","price":0,"published_date":"2025-09-02T22:00:00.000000Z","support":"Calendrier","publisher_availability":1,"stock":0,"editions":[],"url":"https:\/\/quaidesbrumes.com\/ouvrage\/9783516685909\/fleurs-en-toute-simplicite-beaute-minimaliste-calendrier-mural-2026-din-a4-horizontal-calvendo-calendrier-mensuel-un-calendrier-delicat-et-raffine-qui-celebre-la-grace-des-fleurs-dans-leur-plus-pure-simplicite-pour-douze-mois-de-beaute-minima"},{"id":"9783516685916","title":"Les fleurs, \u00e9ternelles \u00e9phem\u00e8res (Calendrier mural 2026 DIN A4 horizontal), CALVENDO calendrier mensuel : Un calendrier po\u00e9tique qui capture, mois apr\u00e8s mois, la beaut\u00e9 fugace et intemporelle des fleurs dans toute leur splendeur \u00e9ph\u00e9m\u00e8re.","description":"Chaque mois, d\u00e9couvrez la beaut\u00e9 fugace et po\u00e9tique des fleurs, captur\u00e9e avec finesse pour r\u00e9v\u00e9ler leur \u00e9l\u00e9gance \u00e9ph\u00e9m\u00e8re et leur d\u00e9licatesse intemporelle. Ce calendrier transforme vos murs en un espace de contemplation et de s\u00e9r\u00e9nit\u00e9, o\u00f9 chaque image invite \u00e0 appr\u00e9cier la magie des instants qui passent. Parfait \u00e0 offrir ou \u00e0 s'offrir, il allie esth\u00e9tisme et praticit\u00e9, apportant douceur, inspiration et harmonie tout au long de l'ann\u00e9e.\r\n\r\nCalendrier mural de qualit\u00e9 sup\u00e9rieure avec 12 magnifiques photos. L'environnement nous tient \u00e0 coeur. C'est pourquoi nous utilisons exclusivement du papier certifi\u00e9 FSC provenant de for\u00eats g\u00e9r\u00e9es de mani\u00e8re \u00e9coresponsable. Nous \u00e9vitons la surproduction et donc des quantit\u00e9s significatives de d\u00e9chets, en produisant dans l'UE \u00e0 l'unit\u00e9 et sur demande. Nous r\u00e9duisons nos distances de transport et assurons une logistique respectueuse de l'environnement.\r\n\r\n14 pages dont 1 couverture | 12 pages mensuelles | 1 page d'index | dos cartonn\u00e9\r\n\r\nIllustrations:\r\nJanvier: Vert, rose et jaune\r\nF\u00e9vrier: Vert, blanc et rose\r\nMars: Jaune, violet et vert\r\nAvril: Vert, rose et jaune\r\nMai: Orange, violet et vert\r\nJuin: Vert, blanc et noir\r\nJuillet: Rouge, vert et jaune\r\nAo\u00fbt: Violet, blanc et orange\r\nSeptembre: Bleu, vert et orange\r\nOctobre: Rose, violet et vert\r\nNovembre: Blanc, vert et jaune\r\nD\u00e9cembre: Rose, vert et orange\r\n\r\nQUALITATIF - un calendrier annuel de qualit\u00e9 sup\u00e9rieure avec 12 magnifiques motifs, sur papier d'impression photo, avec une reliure spirale robuste et un crochet de suspension.\r\nDURABLE - r\u00e9duction significative des d\u00e9chets gr\u00e2ce \u00e0 une fabrication sur papier certifi\u00e9 FSC \u00e0 l'unit\u00e9 et sur demande, production dans l'UE, logistique \u00e9cologique.\r\nCADEAU ID\u00c9AL - destin\u00e9 \u00e0 vos contacts priv\u00e9s ou professionnels, \u00e0 la famille ou aux amis, aux jeunes adultes ou aux moins jeunes,  pour un cadeau de No\u00ebl ou d'anniversaire ou juste pour le plaisir d'offrir.\r\nDIVERSIFI\u00c9 - de nombreux formats DIN A4 ou DIN A3, pour s'adapter \u00e0 toutes vos envies et vos cadres de vie.\r\nUn calendrier po\u00e9tique qui capture, mois apr\u00e8s mois, la beaut\u00e9 fugace et intemporelle des fleurs dans toute leur splendeur \u00e9ph\u00e9m\u00e8re. par l'auteur(rice): Carcajou Pictures","authors":["Thomas Martzel"],"category_codes":["4000000","4010000","4010200"],"visuals":{"large":"https:\/\/images.epagine.fr\/916\/9783516685916_1_75.jpg","medium":"https:\/\/images.epagine.fr\/916\/9783516685916_1_m.jpg","thumbnail":"https:\/\/images.epagine.fr\/916\/9783516685916_1_v.jpg"},"orderable":true,"show_badge":true,"formatted_price":"0,00&nbsp;\u20ac","formatted_published_date":"3 septembre 2025","publisher_availability_label":"Sur commande","short_details":"Thomas Martzel \u2014 Calvendo","translator":null,"weight":210,"page_count":14,"readership":null,"editor":"Calvendo","price":0,"published_date":"2025-09-02T22:00:00.000000Z","support":"Calendrier","publisher_availability":1,"stock":0,"editions":[],"url":"https:\/\/quaidesbrumes.com\/ouvrage\/9783516685916\/les-fleurs-eternelles-ephemeres-calendrier-mural-2026-din-a4-horizontal-calvendo-calendrier-mensuel-un-calendrier-poetique-qui-capture-mois-apres-mois-la-beaute-fugace-et-intemporelle-des-fleurs-dans-toute-leur-splendeur-ephemere"},{"id":"9783516685923","title":"Fleurs en toute simplicit\u00e9 - Beaut\u00e9 minimaliste (Calendrier mural 2026 DIN A3 horizontal), CALVENDO calendrier mensuel : Un calendrier d\u00e9licat et raffin\u00e9 qui c\u00e9l\u00e8bre la gr\u00e2ce des fleurs dans leur plus pure simplicit\u00e9, pour douze mois de beaut\u00e9 minima","description":"D\u00e9couvrez notre calendrier \u00ab Fleurs en toute simplicit\u00e9 - Beaut\u00e9 minimaliste \u00bb, une invitation \u00e0 c\u00e9l\u00e9brer chaque mois la d\u00e9licatesse et l'\u00e9l\u00e9gance des fleurs dans leur expression la plus pure, entre \u00e9quilibre, lumi\u00e8re et sobri\u00e9t\u00e9. Bien plus qu'un simple calendrier, c'est un objet d\u00e9coratif raffin\u00e9 qui habille vos murs de douceur et transforme votre quotidien en une parenth\u00e8se apaisante, tout en vous offrant l'espace n\u00e9cessaire pour organiser vos projets. Id\u00e9al pour soi ou comme cadeau, il apporte une touche d'harmonie et de s\u00e9r\u00e9nit\u00e9 \u00e0 chaque instant de l'ann\u00e9e.\r\n\r\nCalendrier mural de qualit\u00e9 sup\u00e9rieure avec 12 magnifiques photos. L'environnement nous tient \u00e0 coeur. C'est pourquoi nous utilisons exclusivement du papier certifi\u00e9 FSC provenant de for\u00eats g\u00e9r\u00e9es de mani\u00e8re \u00e9coresponsable. Nous \u00e9vitons la surproduction et donc des quantit\u00e9s significatives de d\u00e9chets, en produisant dans l'UE \u00e0 l'unit\u00e9 et sur demande. Nous r\u00e9duisons nos distances de transport et assurons une logistique respectueuse de l'environnement.\r\n\r\n14 pages dont 1 couverture | 12 pages mensuelles | 1 page d'index | dos cartonn\u00e9\r\n\r\nIllustrations:\r\nJanvier: An\u00e9mone de Gr\u00e8ce\r\nF\u00e9vrier: P\u00e2querette\r\nMars: Stellaire gramin\u00e9e\r\nAvril: V\u00e9ronique petit-ch\u00eane\r\nMai: Geranium robertianum\r\nJuin: Violette de rivinus\r\nJuillet: Orchis mascula\r\nAo\u00fbt: Stellaire holost\u00e9e\r\nSeptembre: Renoncule des bois\r\nOctobre: Myosotis\r\nNovembre: Coleonema pulchellum\r\nD\u00e9cembre: Muscari\r\n\r\nQUALITATIF - un calendrier annuel de qualit\u00e9 sup\u00e9rieure avec 12 magnifiques motifs, sur papier d'impression photo, avec une reliure spirale robuste et un crochet de suspension.\r\nDURABLE - r\u00e9duction significative des d\u00e9chets gr\u00e2ce \u00e0 une fabrication sur papier certifi\u00e9 FSC \u00e0 l'unit\u00e9 et sur demande, production dans l'UE, logistique \u00e9cologique.\r\nCADEAU ID\u00c9AL - destin\u00e9 \u00e0 vos contacts priv\u00e9s ou professionnels, \u00e0 la famille ou aux amis, aux jeunes adultes ou aux moins jeunes,  pour un cadeau de No\u00ebl ou d'anniversaire ou juste pour le plaisir d'offrir.\r\nDIVERSIFI\u00c9 - de nombreux formats DIN A4 ou DIN A3, pour s'adapter \u00e0 toutes vos envies et vos cadres de vie.\r\nUn calendrier d\u00e9licat et raffin\u00e9 qui c\u00e9l\u00e8bre la gr\u00e2ce des fleurs dans leur plus pure simplicit\u00e9, pour douze mois de beaut\u00e9 minimaliste. par l'auteur(rice): Carcajou Pictures","authors":["Thomas Martzel"],"category_codes":["4000000","4010000","4010200"],"visuals":{"large":"https:\/\/images.epagine.fr\/923\/9783516685923_1_75.jpg","medium":"https:\/\/images.epagine.fr\/923\/9783516685923_1_m.jpg","thumbnail":"https:\/\/images.epagine.fr\/923\/9783516685923_1_v.jpg"},"orderable":true,"show_badge":true,"formatted_price":"0,00&nbsp;\u20ac","formatted_published_date":"3 septembre 2025","publisher_availability_label":"Sur commande","short_details":"Thomas Martzel \u2014 Calvendo","translator":null,"weight":450,"page_count":14,"readership":null,"editor":"Calvendo","price":0,"published_date":"2025-09-02T22:00:00.000000Z","support":"Calendrier","publisher_availability":1,"stock":0,"editions":[],"url":"https:\/\/quaidesbrumes.com\/ouvrage\/9783516685923\/fleurs-en-toute-simplicite-beaute-minimaliste-calendrier-mural-2026-din-a3-horizontal-calvendo-calendrier-mensuel-un-calendrier-delicat-et-raffine-qui-celebre-la-grace-des-fleurs-dans-leur-plus-pure-simplicite-pour-douze-mois-de-beaute-minima"},{"id":"9782889441303","title":"Le dernier d\u00e9fi d'Homo sapiens","description":null,"authors":["Yves Paccalet"],"category_codes":["4000000","4010000","4010200","4010207"],"visuals":{"large":"https:\/\/quaidesbrumes.com\/img\/book-placeholder.png","medium":"https:\/\/quaidesbrumes.com\/img\/book-placeholder.png","thumbnail":"https:\/\/quaidesbrumes.com\/img\/book-placeholder.png"},"orderable":false,"show_badge":true,"formatted_price":"12,99&nbsp;\u20ac","formatted_published_date":null,"publisher_availability_label":"\u00c0 para\u00eetre","short_details":"Yves Paccalet \u2014 Slatkine Et Cie","translator":null,"weight":0,"page_count":null,"readership":null,"editor":"Slatkine Et Cie","price":1299,"published_date":null,"support":"Grand format","publisher_availability":2,"stock":0,"editions":[],"url":"https:\/\/quaidesbrumes.com\/ouvrage\/9782889441303\/le-dernier-defi-dhomo-sapiens"},{"id":"9791039710121","title":"L'entreprise r\u00e9g\u00e9n\u00e9rative : Les 6 cercles de la pens\u00e9e r\u00e9g\u00e9n\u00e9rative","description":"Vous pensez que la \u00ab durabilit\u00e9 \u00bb et la \u00ab RSE \u00bb suffisent pour assurer l'avenir de votre entreprise et de votre famille ? \r\n\r\nD\u00e9trompez-vous. Nous n'en sommes plus \u00e0 chercher \u00e0 limiter les d\u00e9g\u00e2ts en plantant des arbres. D\u00e9sormais, notre r\u00f4le en tant qu'entreprise est de s'engager activement \u00e0 r\u00e9parer et r\u00e9g\u00e9n\u00e9rer les \u00e9cosyst\u00e8mes dont elles d\u00e9pendent.\r\n\r\nMais par o\u00f9 commencer ? La question se pose, tellement le terme de r\u00e9g\u00e9n\u00e9ratif est flou, complexe, d\u00e9routant et peut \u00eatre mis \u00e0 toutes les sauces. \r\n\r\nDevenir une entreprise r\u00e9g\u00e9n\u00e9rative, oui, mais est-ce cr\u00e9dible quand elle se doit d'abord de prosp\u00e9rer ?\r\n\r\n\u00c0 l'appui d'exemples concrets et d'\u00e9tapes claires, l'auteur vous guide pour naviguer dans le monde complexe et parfois d\u00e9routant de la r\u00e9g\u00e9n\u00e9ration. \r\n\r\nIl vous donne des points de d\u00e9parts pour passer du discours \u00e0 l'action, pour transformer votre entreprise en actrice du changement.\r\n\r\nEntrepreneur engag\u00e9, manager curieux ou salari\u00e9 soucieux de l'avenir, voici une perspective sur l'entreprise de demain. Une entreprise qui s'engage activement \u00e0 r\u00e9g\u00e9n\u00e9rer votre \u00e9cosyst\u00e8me !","authors":["Benjamin Chaminade"],"category_codes":["4000000","4010000","4010200","4010208"],"visuals":{"large":"https:\/\/quaidesbrumes.com\/img\/book-placeholder.png","medium":"https:\/\/quaidesbrumes.com\/img\/book-placeholder.png","thumbnail":"https:\/\/quaidesbrumes.com\/img\/book-placeholder.png"},"orderable":false,"show_badge":true,"formatted_price":"25,00&nbsp;\u20ac","formatted_published_date":null,"publisher_availability_label":"\u00c0 para\u00eetre","short_details":"Benjamin Chaminade \u2014 Gereso","translator":null,"weight":0,"page_count":null,"readership":null,"editor":"Gereso","price":2500,"published_date":null,"support":"Grand format","publisher_availability":2,"stock":0,"editions":[],"url":"https:\/\/quaidesbrumes.com\/ouvrage\/9791039710121\/lentreprise-regenerative-les-6-cercles-de-la-pensee-regenerative"},{"id":"9791095777571","title":"Gaiianomy : Introduction to the economy of Gaiia","description":"Gaiianomy presents an introduction to the economic rationale supported by the Gaiia Foundation: energy-linked money offers a way to improve the qualities of the monetary system, while stimulating the low-carbon energy transition we urgently need.","authors":["Hares Youssef"],"category_codes":["4000000","4010000","4010200","4010207"],"visuals":{"large":"https:\/\/images.epagine.fr\/571\/9791095777571_1_75.jpg","medium":"https:\/\/images.epagine.fr\/571\/9791095777571_1_m.jpg","thumbnail":"https:\/\/images.epagine.fr\/571\/9791095777571_1_v.jpg"},"orderable":false,"show_badge":true,"formatted_price":"14,00&nbsp;\u20ac","formatted_published_date":null,"publisher_availability_label":"\u00c0 para\u00eetre","short_details":"Hares Youssef \u2014 Nbe Editions","translator":null,"weight":0,"page_count":80,"readership":null,"editor":"Nbe Editions","price":1400,"published_date":null,"support":"Grand format","publisher_availability":2,"stock":0,"editions":[],"url":"https:\/\/quaidesbrumes.com\/ouvrage\/9791095777571\/gaiianomy-introduction-to-the-economy-of-gaiia"},{"id":"9791097502126","title":"Campi Phlegraei : une passion pour le V\u00e9suve","description":"En 1764, Lord William Hamilton est nomm\u00e9 ambassadeur de la couronne d'Angleterre \u00e0 Naples. Il d\u00e9couvre le V\u00e9suve et se retrouve plus souvent au bord du crat\u00e8re que dans les palais de Naples. Il \u00e9dite, en 1776, un livre magistral \u00ab  Campi Phlegr\u00e6i, Observations on the volcanos of the two Sicilies \u00bb. Ouvrage remarquable par son iconographie abondante (54 planches grav\u00e9es et aquarell\u00e9es), qui repr\u00e9sente, avec la plus grande exactitude les \u00e9ruptions du V\u00e9suve, des planches d'\u00e9chantillons de lave, les paysages et les modifications du crat\u00e8re lors de l'\u00e9ruption de 1767.\r\nL'ouvrage pr\u00e9sent\u00e9 est le fac-simil\u00e9 de ce livre de Lord William Hamilton qui est consid\u00e9r\u00e9 comme le premier volcanologue. Le texte d'origine est en anglais et en fran\u00e7ais. Par cet ouvrage, lord William Hamilton r\u00e9alise une v\u00e9ritable r\u00e9volution (suivant en cela le travail des encyclop\u00e9distes) dans l'\u00e9dition d'ouvrage de sciences.","authors":["Dominique Decobecq","William Hamilton","Michel Morisseau"],"category_codes":["4000000","4010000","4010300","4010305"],"visuals":{"large":"https:\/\/images.epagine.fr\/126\/9791097502126_1_75.jpg","medium":"https:\/\/images.epagine.fr\/126\/9791097502126_1_m.jpg","thumbnail":"https:\/\/images.epagine.fr\/126\/9791097502126_1_v.jpg"},"orderable":false,"show_badge":true,"formatted_price":"39,00&nbsp;\u20ac","formatted_published_date":null,"publisher_availability_label":"\u00c0 para\u00eetre","short_details":"Dominique Decobecq, William Hamilton, Michel Morisseau \u2014 Omniscience","translator":null,"weight":0,"page_count":null,"readership":null,"editor":"Omniscience","price":3900,"published_date":null,"support":"Grand format","publisher_availability":2,"stock":0,"editions":[],"url":"https:\/\/quaidesbrumes.com\/ouvrage\/9791097502126\/campi-phlegraei-une-passion-pour-le-vesuve"},{"id":"9791097502621","title":"Dinoplagne : La plus longue piste d'empreintes de dinosaures sauropodes au monde","description":"Imaginez une large baie de sable. La mer s'est retir\u00e9e jusqu'aux r\u00e9cifs coralliens lointains. Le soleil tropical br\u00fble le sol nu et l'argile se r\u00e9tracte en de larges polygones de dessiccation. Des petits crustac\u00e9s et des mollusques marquent de longs sillons leurs passages dans les zones encore humides.\r\nSoudain ! Un barrissement d\u00e9chire l'atmosph\u00e8re. Puis le sol se met \u00e0 vibrer, comme pilonn\u00e9. Ils apparaissent, \u00e9normes, d\u00e9pla\u00e7ant d'une d\u00e9marche h\u00e9sitante leurs dizaines de tonnes de chair et d'os sur ce sol trop mou et qui flux en \u00e9normes bourrelets de boue sous leurs pattes. Ces mastodontes herbivores traversent le site, un peu inquiets des traces de longs doigts griffus laiss\u00e9es par les carnivores qui rodent. Apr\u00e8s quelques minutes, ils disparaissent et, apr\u00e8s un dernier barrissement, le silence revient sur cette paisible \u00e9tendue de boue. Cette sc\u00e8ne de vie, instantan\u00e9 du passage d'un groupe de dinosaures s'est d\u00e9roul\u00e9e \u00e0 Dinoplagne, il y a 150 millions d'ann\u00e9es !\r\nLes myst\u00e8res de la g\u00e9ologie ont fig\u00e9 ce moment dans la roche pour venir jusqu'\u00e0 nous. Ce livret retrace l'histoire de cette d\u00e9couverte exceptionnelle et d\u00e9voile les connaissances que nous pouvons entrevoir par l'\u00e9tude de cette piste, la plus longue au monde, de pas de sauropode.","authors":["Patrice Landry"],"category_codes":["4000000","4010000","4010300","4010306"],"visuals":{"large":"https:\/\/images.epagine.fr\/621\/9791097502621_1_75.jpg","medium":"https:\/\/images.epagine.fr\/621\/9791097502621_1_m.jpg","thumbnail":"https:\/\/images.epagine.fr\/621\/9791097502621_1_v.jpg"},"orderable":false,"show_badge":true,"formatted_price":"4,90&nbsp;\u20ac","formatted_published_date":null,"publisher_availability_label":"\u00c0 para\u00eetre","short_details":"Patrice Landry \u2014 Omniscience","translator":null,"weight":0,"page_count":null,"readership":null,"editor":"Omniscience","price":490,"published_date":null,"support":"Grand format","publisher_availability":2,"stock":0,"editions":[],"url":"https:\/\/quaidesbrumes.com\/ouvrage\/9791097502621\/dinoplagne-la-plus-longue-piste-dempreintes-de-dinosaures-sauropodes-au-monde"},{"id":"9782377941124","title":"Pourquoi nous d\u00e9truisons la nature et pourquoi nous allons continuer","description":"L'une de mes th\u00e8ses est que nous ne voulons pas de l'\u00e9cologie, c'est une fable que nous racontons \u00e0 la fois \u00e0 nous-m\u00eames et \u00e0 la soci\u00e9t\u00e9. Ce que nous voulons c'est : tout pouvoir faire, tout pour nous et \u00eatre tranquilles. Libert\u00e9 compl\u00e8te, pas de m\u00e9ritocratie et irresponsabilit\u00e9. Bien \u00e9videmment, nous pr\u00e9tendons le contraire : nous reconnaissons la n\u00e9cessit\u00e9 de limiter les libert\u00e9s, d'\u00eatre m\u00e9ritants et d'\u00eatre responsables. L'\u00e9cologie s'inscrit l\u00e0-dedans : nous la r\u00e9clamons, mais ne la voulons pas, nous d\u00e9sirons d'autres choses, telles que la r\u00e9ussite sociale et le pouvoir d'achat. Pour saisir ces propos, il faut penser \u00ab individu \u00bb et \u00ab collectif \u00bb : l'individu a spontan\u00e9ment des penchants \u00e9gocentr\u00e9s parce que cela lui est avantageux, tandis que le collectif a la charge d'instaurer des r\u00e8gles potentiellement contradictoires, en vue de l'int\u00e9r\u00eat g\u00e9n\u00e9ral. Si l'individu est privil\u00e9gi\u00e9 au collectif, ses travers dominent et la soci\u00e9t\u00e9 dysfonctionne, comme c'est le cas en France actuellement. Nous avons toutefois conscience de nos travers, de l'\u00e9tat de la nature et de celui de notre soci\u00e9t\u00e9 et c'est pr\u00e9cis\u00e9ment pour cela que nous parlons autant d'\u00e9cologie, de m\u00e9rite et de responsabilit\u00e9. Nous ne d\u00e9sirons pas l'\u00e9cologie, alors nous faisons expr\u00e8s d'en parler, pour faire bonne figure : nous voulons nous regarder dans la glace et \u00eatre regard\u00e9s sans probl\u00e8me. Cet ouvrage analyse notre mauvais rapport \u00e0 la nature (pourquoi nous la d\u00e9truisons), ainsi que les dysfonctionnements de notre soci\u00e9t\u00e9 et de ses membres (pourquoi nous allons continuer).","authors":["Germain Guinchard"],"category_codes":["4000000","4010000","4010200","4010207"],"visuals":{"large":"https:\/\/images.epagine.fr\/124\/9782377941124_1_75.jpg","medium":"https:\/\/images.epagine.fr\/124\/9782377941124_1_m.jpg","thumbnail":"https:\/\/images.epagine.fr\/124\/9782377941124_1_v.jpg"},"orderable":true,"show_badge":true,"formatted_price":"19,00&nbsp;\u20ac","formatted_published_date":"11 juillet 2025","publisher_availability_label":"Sur commande","short_details":"Germain Guinchard \u2014 Le Livre Et La Plume","translator":null,"weight":381,"page_count":254,"readership":"Tout public","editor":"Le Livre Et La Plume","price":1900,"published_date":"2025-07-10T22:00:00.000000Z","support":"Grand format","publisher_availability":1,"stock":0,"editions":[],"url":"https:\/\/quaidesbrumes.com\/ouvrage\/9782377941124\/pourquoi-nous-detruisons-la-nature-et-pourquoi-nous-allons-continuer"},{"id":"9782375097151","title":"Ville makers : dix femmes, dix villes id\u00e9ales","description":"L\u00e0 o\u00f9 l'interpr\u00e9tation platonicienne se heurte \u00e0 une utopie irr\u00e9alisable, cet ouvrage se propose de d\u00e9passer l'imaginaire et de penser la ville id\u00e9ale de demain.\r\n\r\nCette fois-ci, nos ville makers sont toutes des femmes, et quelles femmes ! Tant\u00f4t actrice de cin\u00e9ma, ou bien pr\u00e9sidente d'Air France-KLM ou de France T\u00e9l\u00e9vision, ou encore ancienne coureuse cycliste aujourd'hui directrice du Tour de France, ou bien cheffe doublement \u00e9toil\u00e9e... Ces femmes sont hautes-en-couleur et leurs parcours diversifi\u00e9s en font les porte-paroles d'une ville qu'elles souhaitent durable et inclusive et sur lesquelles elles projettent leurs espoirs pour l'avenir.\r\n\r\nAu fil des chapitres, ces dix femmes d'influence se repr\u00e9sentent la ville du future et la dessine \u00e0 leur image, selon leurs besoins et leurs valeurs.\r\n\r\nQui a dit que la ville id\u00e9ale n'existait pas ?","authors":["Michel Mathieu"],"category_codes":["4000000","4010000","4010200","4010208"],"visuals":{"large":"https:\/\/images.epagine.fr\/151\/9782375097151_1_75.jpg","medium":"https:\/\/images.epagine.fr\/151\/9782375097151_1_m.jpg","thumbnail":"https:\/\/images.epagine.fr\/151\/9782375097151_1_v.jpg"},"orderable":true,"show_badge":true,"formatted_price":"18,00&nbsp;\u20ac","formatted_published_date":"22 septembre 2022","publisher_availability_label":"Sur commande","short_details":"Michel Mathieu \u2014 Nouveaux Debats Publics","translator":null,"weight":394,"page_count":258,"readership":null,"editor":"Nouveaux Debats Publics","price":1800,"published_date":"2022-09-21T22:00:00.000000Z","support":"Grand format","publisher_availability":1,"stock":0,"editions":[],"url":"https:\/\/quaidesbrumes.com\/ouvrage\/9782375097151\/ville-makers-dix-femmes-dix-villes-ideales"},{"id":"9783516685930","title":"Les fleurs, \u00e9ternelles \u00e9phem\u00e8res (Calendrier mural 2026 DIN A3 horizontal), CALVENDO calendrier mensuel : Un calendrier po\u00e9tique qui capture, mois apr\u00e8s mois, la beaut\u00e9 fugace et intemporelle des fleurs dans toute leur splendeur \u00e9ph\u00e9m\u00e8re.","description":"Chaque mois, d\u00e9couvrez la beaut\u00e9 fugace et po\u00e9tique des fleurs, captur\u00e9e avec finesse pour r\u00e9v\u00e9ler leur \u00e9l\u00e9gance \u00e9ph\u00e9m\u00e8re et leur d\u00e9licatesse intemporelle. Ce calendrier transforme vos murs en un espace de contemplation et de s\u00e9r\u00e9nit\u00e9, o\u00f9 chaque image invite \u00e0 appr\u00e9cier la magie des instants qui passent. Parfait \u00e0 offrir ou \u00e0 s'offrir, il allie esth\u00e9tisme et praticit\u00e9, apportant douceur, inspiration et harmonie tout au long de l'ann\u00e9e.\r\n\r\nCalendrier mural de qualit\u00e9 sup\u00e9rieure avec 12 magnifiques photos. L'environnement nous tient \u00e0 coeur. C'est pourquoi nous utilisons exclusivement du papier certifi\u00e9 FSC provenant de for\u00eats g\u00e9r\u00e9es de mani\u00e8re \u00e9coresponsable. Nous \u00e9vitons la surproduction et donc des quantit\u00e9s significatives de d\u00e9chets, en produisant dans l'UE \u00e0 l'unit\u00e9 et sur demande. Nous r\u00e9duisons nos distances de transport et assurons une logistique respectueuse de l'environnement.\r\n\r\n14 pages dont 1 couverture | 12 pages mensuelles | 1 page d'index | dos cartonn\u00e9\r\n\r\nIllustrations:\r\nJanvier: Vert, rose et jaune\r\nF\u00e9vrier: Vert, blanc et rose\r\nMars: Jaune, violet et vert\r\nAvril: Vert, rose et jaune\r\nMai: Orange, violet et vert\r\nJuin: Vert, blanc et noir\r\nJuillet: Rouge, vert et jaune\r\nAo\u00fbt: Violet, blanc et orange\r\nSeptembre: Bleu, vert et orange\r\nOctobre: Rose, violet et vert\r\nNovembre: Blanc, vert et jaune\r\nD\u00e9cembre: Rose, vert et orange\r\n\r\nQUALITATIF - un calendrier annuel de qualit\u00e9 sup\u00e9rieure avec 12 magnifiques motifs, sur papier d'impression photo, avec une reliure spirale robuste et un crochet de suspension.\r\nDURABLE - r\u00e9duction significative des d\u00e9chets gr\u00e2ce \u00e0 une fabrication sur papier certifi\u00e9 FSC \u00e0 l'unit\u00e9 et sur demande, production dans l'UE, logistique \u00e9cologique.\r\nCADEAU ID\u00c9AL - destin\u00e9 \u00e0 vos contacts priv\u00e9s ou professionnels, \u00e0 la famille ou aux amis, aux jeunes adultes ou aux moins jeunes,  pour un cadeau de No\u00ebl ou d'anniversaire ou juste pour le plaisir d'offrir.\r\nDIVERSIFI\u00c9 - de nombreux formats DIN A4 ou DIN A3, pour s'adapter \u00e0 toutes vos envies et vos cadres de vie.\r\nUn calendrier po\u00e9tique qui capture, mois apr\u00e8s mois, la beaut\u00e9 fugace et intemporelle des fleurs dans toute leur splendeur \u00e9ph\u00e9m\u00e8re. par l'auteur(rice): Carcajou Pictures","authors":["Thomas Martzel"],"category_codes":["4000000","4010000","4010200"],"visuals":{"large":"https:\/\/images.epagine.fr\/930\/9783516685930_1_75.jpg","medium":"https:\/\/images.epagine.fr\/930\/9783516685930_1_m.jpg","thumbnail":"https:\/\/images.epagine.fr\/930\/9783516685930_1_v.jpg"},"orderable":true,"show_badge":true,"formatted_price":"0,00&nbsp;\u20ac","formatted_published_date":"3 septembre 2025","publisher_availability_label":"Sur commande","short_details":"Thomas Martzel \u2014 Calvendo","translator":null,"weight":450,"page_count":14,"readership":null,"editor":"Calvendo","price":0,"published_date":"2025-09-02T22:00:00.000000Z","support":"Calendrier","publisher_availability":1,"stock":0,"editions":[],"url":"https:\/\/quaidesbrumes.com\/ouvrage\/9783516685930\/les-fleurs-eternelles-ephemeres-calendrier-mural-2026-din-a3-horizontal-calvendo-calendrier-mensuel-un-calendrier-poetique-qui-capture-mois-apres-mois-la-beaute-fugace-et-intemporelle-des-fleurs-dans-toute-leur-splendeur-ephemere"},{"id":"9783516685954","title":"Fleurs en toute simplicit\u00e9 - Beaut\u00e9 minimaliste (Calendrier mural 2026 DIN A2 horizontal), CALVENDO calendrier mensuel : Un calendrier d\u00e9licat et raffin\u00e9 qui c\u00e9l\u00e8bre la gr\u00e2ce des fleurs dans leur plus pure simplicit\u00e9, pour douze mois de beaut\u00e9 minima","description":"D\u00e9couvrez notre calendrier \u00ab Fleurs en toute simplicit\u00e9 - Beaut\u00e9 minimaliste \u00bb, une invitation \u00e0 c\u00e9l\u00e9brer chaque mois la d\u00e9licatesse et l'\u00e9l\u00e9gance des fleurs dans leur expression la plus pure, entre \u00e9quilibre, lumi\u00e8re et sobri\u00e9t\u00e9. Bien plus qu'un simple calendrier, c'est un objet d\u00e9coratif raffin\u00e9 qui habille vos murs de douceur et transforme votre quotidien en une parenth\u00e8se apaisante, tout en vous offrant l'espace n\u00e9cessaire pour organiser vos projets. Id\u00e9al pour soi ou comme cadeau, il apporte une touche d'harmonie et de s\u00e9r\u00e9nit\u00e9 \u00e0 chaque instant de l'ann\u00e9e.\r\n\r\nCalendrier mural de qualit\u00e9 sup\u00e9rieure avec 12 magnifiques photos. L'environnement nous tient \u00e0 coeur. C'est pourquoi nous utilisons exclusivement du papier certifi\u00e9 FSC provenant de for\u00eats g\u00e9r\u00e9es de mani\u00e8re \u00e9coresponsable. Nous \u00e9vitons la surproduction et donc des quantit\u00e9s significatives de d\u00e9chets, en produisant dans l'UE \u00e0 l'unit\u00e9 et sur demande. Nous r\u00e9duisons nos distances de transport et assurons une logistique respectueuse de l'environnement.\r\n\r\n14 pages dont 1 couverture | 12 pages mensuelles | 1 page d'index | dos cartonn\u00e9\r\n\r\nIllustrations:\r\nJanvier: An\u00e9mone de Gr\u00e8ce\r\nF\u00e9vrier: P\u00e2querette\r\nMars: Stellaire gramin\u00e9e\r\nAvril: V\u00e9ronique petit-ch\u00eane\r\nMai: Geranium robertianum\r\nJuin: Violette de rivinus\r\nJuillet: Orchis mascula\r\nAo\u00fbt: Stellaire holost\u00e9e\r\nSeptembre: Renoncule des bois\r\nOctobre: Myosotis\r\nNovembre: Coleonema pulchellum\r\nD\u00e9cembre: Muscari\r\n\r\nQUALITATIF - un calendrier annuel de qualit\u00e9 sup\u00e9rieure avec 12 magnifiques motifs, sur papier d'impression photo, avec une reliure spirale robuste et un crochet de suspension.\r\nDURABLE - r\u00e9duction significative des d\u00e9chets gr\u00e2ce \u00e0 une fabrication sur papier certifi\u00e9 FSC \u00e0 l'unit\u00e9 et sur demande, production dans l'UE, logistique \u00e9cologique.\r\nCADEAU ID\u00c9AL - destin\u00e9 \u00e0 vos contacts priv\u00e9s ou professionnels, \u00e0 la famille ou aux amis, aux jeunes adultes ou aux moins jeunes,  pour un cadeau de No\u00ebl ou d'anniversaire ou juste pour le plaisir d'offrir.\r\nDIVERSIFI\u00c9 - de nombreux formats DIN A4 ou DIN A3, pour s'adapter \u00e0 toutes vos envies et vos cadres de vie.\r\nUn calendrier d\u00e9licat et raffin\u00e9 qui c\u00e9l\u00e8bre la gr\u00e2ce des fleurs dans leur plus pure simplicit\u00e9, pour douze mois de beaut\u00e9 minimaliste. par l'auteur(rice): Carcajou Pictures","authors":["Thomas Martzel"],"category_codes":["4000000","4010000","4010200"],"visuals":{"large":"https:\/\/images.epagine.fr\/954\/9783516685954_1_75.jpg","medium":"https:\/\/images.epagine.fr\/954\/9783516685954_1_m.jpg","thumbnail":"https:\/\/images.epagine.fr\/954\/9783516685954_1_v.jpg"},"orderable":true,"show_badge":true,"formatted_price":"0,00&nbsp;\u20ac","formatted_published_date":"3 septembre 2025","publisher_availability_label":"Sur commande","short_details":"Thomas Martzel \u2014 Calvendo","translator":null,"weight":940,"page_count":14,"readership":null,"editor":"Calvendo","price":0,"published_date":"2025-09-02T22:00:00.000000Z","support":"Calendrier","publisher_availability":1,"stock":0,"editions":[],"url":"https:\/\/quaidesbrumes.com\/ouvrage\/9783516685954\/fleurs-en-toute-simplicite-beaute-minimaliste-calendrier-mural-2026-din-a2-horizontal-calvendo-calendrier-mensuel-un-calendrier-delicat-et-raffine-qui-celebre-la-grace-des-fleurs-dans-leur-plus-pure-simplicite-pour-douze-mois-de-beaute-minima"},{"id":"9783516685961","title":"Terre de caract\u00e8re - Paysages du Pays basque (Calendrier mural 2026 DIN A4 horizontal), CALVENDO calendrier mensuel : Un voyage visuel \u00e0 travers la Terre de caract\u00e8re du Pays basque, entre montagnes fi\u00e8res, oc\u00e9an sauvage et villages authentiques.","description":"D\u00e9couvrez le calendrier \u00ab Terre de caract\u00e8re - Paysages du Pays basque \u00bb, une immersion grand format dans l'authenticit\u00e9 d'une r\u00e9gion unique o\u00f9 l'oc\u00e9an Atlantique, les montagnes verdoyantes et les villages traditionnels se r\u00e9v\u00e8lent mois apr\u00e8s mois dans toute leur beaut\u00e9. Bien plus qu'un outil pratique, ce calendrier transforme chaque jour en invitation au voyage, en vous offrant \u00e0 la fois des espaces clairs pour organiser vos rendez-vous et des images inspirantes qui transforment votre int\u00e9rieur en v\u00e9ritable fen\u00eatre ouverte sur la nature basque. Id\u00e9al \u00e0 s'offrir ou \u00e0 offrir, il devient le cadeau parfait pour tous les amoureux de paysages, de traditions et d'\u00e9vasion, un compagnon \u00e9l\u00e9gant qui accompagne vos projets tout en sublimant votre quotidien pendant douze mois.\r\n\r\nCalendrier mural de qualit\u00e9 sup\u00e9rieure avec 12 magnifiques photos. L'environnement nous tient \u00e0 coeur. C'est pourquoi nous utilisons exclusivement du papier certifi\u00e9 FSC provenant de for\u00eats g\u00e9r\u00e9es de mani\u00e8re \u00e9coresponsable. Nous \u00e9vitons la surproduction et donc des quantit\u00e9s significatives de d\u00e9chets, en produisant dans l'UE \u00e0 l'unit\u00e9 et sur demande. Nous r\u00e9duisons nos distances de transport et assurons une logistique respectueuse de l'environnement.\r\n\r\n14 pages dont 1 couverture | 12 pages mensuelles | 1 page d'index | dos cartonn\u00e9\r\n\r\nIllustrations:\r\nJanvier: Phare de Biarritz\r\nF\u00e9vrier: Espelette\r\nMars: Biarritz\r\nAvril: Saint-Jean-de-Luz\r\nMai: San Sebastian\r\nJuin: Pointe Sainte-Barbe\r\nJuillet: Les trois couronnes\r\nAo\u00fbt: Jaizkibel\r\nSeptembre: La Rhune\r\nOctobre: La c\u00f4te Basque\r\nNovembre: San Sebastian\r\nD\u00e9cembre: Pointe Sainte-Anne\r\n\r\nQUALITATIF - un calendrier annuel de qualit\u00e9 sup\u00e9rieure avec 12 magnifiques motifs, sur papier d'impression photo, avec une reliure spirale robuste et un crochet de suspension.\r\nDURABLE - r\u00e9duction significative des d\u00e9chets gr\u00e2ce \u00e0 une fabrication sur papier certifi\u00e9 FSC \u00e0 l'unit\u00e9 et sur demande, production dans l'UE, logistique \u00e9cologique.\r\nCADEAU ID\u00c9AL - destin\u00e9 \u00e0 vos contacts priv\u00e9s ou professionnels, \u00e0 la famille ou aux amis, aux jeunes adultes ou aux moins jeunes,  pour un cadeau de No\u00ebl ou d'anniversaire ou juste pour le plaisir d'offrir.\r\nDIVERSIFI\u00c9 - de nombreux formats DIN A4 ou DIN A3, pour s'adapter \u00e0 toutes vos envies et vos cadres de vie.\r\nUn voyage visuel \u00e0 travers la Terre de caract\u00e8re du Pays basque, entre montagnes fi\u00e8res, oc\u00e9an sauvage et villages authentiques. par l'auteur(rice): Carcajou Pictures","authors":["Thomas Martzel"],"category_codes":["4000000","4010000","4010200"],"visuals":{"large":"https:\/\/images.epagine.fr\/961\/9783516685961_1_75.jpg","medium":"https:\/\/images.epagine.fr\/961\/9783516685961_1_m.jpg","thumbnail":"https:\/\/images.epagine.fr\/961\/9783516685961_1_v.jpg"},"orderable":true,"show_badge":true,"formatted_price":"0,00&nbsp;\u20ac","formatted_published_date":"3 septembre 2025","publisher_availability_label":"Sur commande","short_details":"Thomas Martzel \u2014 Calvendo","translator":null,"weight":210,"page_count":14,"readership":null,"editor":"Calvendo","price":0,"published_date":"2025-09-02T22:00:00.000000Z","support":"Calendrier","publisher_availability":1,"stock":0,"editions":[],"url":"https:\/\/quaidesbrumes.com\/ouvrage\/9783516685961\/terre-de-caractere-paysages-du-pays-basque-calendrier-mural-2026-din-a4-horizontal-calvendo-calendrier-mensuel-un-voyage-visuel-a-travers-la-terre-de-caractere-du-pays-basque-entre-montagnes-fieres-ocean-sauvage-et-villages-authentiques"},{"id":"9783516685978","title":"Les fleurs, \u00e9ternelles \u00e9phem\u00e8res (Calendrier mural 2026 DIN A2 horizontal), CALVENDO calendrier mensuel : Un calendrier po\u00e9tique qui capture, mois apr\u00e8s mois, la beaut\u00e9 fugace et intemporelle des fleurs dans toute leur splendeur \u00e9ph\u00e9m\u00e8re.","description":"Chaque mois, d\u00e9couvrez la beaut\u00e9 fugace et po\u00e9tique des fleurs, captur\u00e9e avec finesse pour r\u00e9v\u00e9ler leur \u00e9l\u00e9gance \u00e9ph\u00e9m\u00e8re et leur d\u00e9licatesse intemporelle. Ce calendrier transforme vos murs en un espace de contemplation et de s\u00e9r\u00e9nit\u00e9, o\u00f9 chaque image invite \u00e0 appr\u00e9cier la magie des instants qui passent. Parfait \u00e0 offrir ou \u00e0 s'offrir, il allie esth\u00e9tisme et praticit\u00e9, apportant douceur, inspiration et harmonie tout au long de l'ann\u00e9e.\r\n\r\nCalendrier mural de qualit\u00e9 sup\u00e9rieure avec 12 magnifiques photos. L'environnement nous tient \u00e0 coeur. C'est pourquoi nous utilisons exclusivement du papier certifi\u00e9 FSC provenant de for\u00eats g\u00e9r\u00e9es de mani\u00e8re \u00e9coresponsable. Nous \u00e9vitons la surproduction et donc des quantit\u00e9s significatives de d\u00e9chets, en produisant dans l'UE \u00e0 l'unit\u00e9 et sur demande. Nous r\u00e9duisons nos distances de transport et assurons une logistique respectueuse de l'environnement.\r\n\r\n14 pages dont 1 couverture | 12 pages mensuelles | 1 page d'index | dos cartonn\u00e9\r\n\r\nIllustrations:\r\nJanvier: Vert, rose et jaune\r\nF\u00e9vrier: Vert, blanc et rose\r\nMars: Jaune, violet et vert\r\nAvril: Vert, rose et jaune\r\nMai: Orange, violet et vert\r\nJuin: Vert, blanc et noir\r\nJuillet: Rouge, vert et jaune\r\nAo\u00fbt: Violet, blanc et orange\r\nSeptembre: Bleu, vert et orange\r\nOctobre: Rose, violet et vert\r\nNovembre: Blanc, vert et jaune\r\nD\u00e9cembre: Rose, vert et orange\r\n\r\nQUALITATIF - un calendrier annuel de qualit\u00e9 sup\u00e9rieure avec 12 magnifiques motifs, sur papier d'impression photo, avec une reliure spirale robuste et un crochet de suspension.\r\nDURABLE - r\u00e9duction significative des d\u00e9chets gr\u00e2ce \u00e0 une fabrication sur papier certifi\u00e9 FSC \u00e0 l'unit\u00e9 et sur demande, production dans l'UE, logistique \u00e9cologique.\r\nCADEAU ID\u00c9AL - destin\u00e9 \u00e0 vos contacts priv\u00e9s ou professionnels, \u00e0 la famille ou aux amis, aux jeunes adultes ou aux moins jeunes,  pour un cadeau de No\u00ebl ou d'anniversaire ou juste pour le plaisir d'offrir.\r\nDIVERSIFI\u00c9 - de nombreux formats DIN A4 ou DIN A3, pour s'adapter \u00e0 toutes vos envies et vos cadres de vie.\r\nUn calendrier po\u00e9tique qui capture, mois apr\u00e8s mois, la beaut\u00e9 fugace et intemporelle des fleurs dans toute leur splendeur \u00e9ph\u00e9m\u00e8re. par l'auteur(rice): Carcajou Pictures","authors":["Thomas Martzel"],"category_codes":["4000000","4010000","4010200"],"visuals":{"large":"https:\/\/images.epagine.fr\/978\/9783516685978_1_75.jpg","medium":"https:\/\/images.epagine.fr\/978\/9783516685978_1_m.jpg","thumbnail":"https:\/\/images.epagine.fr\/978\/9783516685978_1_v.jpg"},"orderable":true,"show_badge":true,"formatted_price":"0,00&nbsp;\u20ac","formatted_published_date":"3 septembre 2025","publisher_availability_label":"Sur commande","short_details":"Thomas Martzel \u2014 Calvendo","translator":null,"weight":940,"page_count":14,"readership":null,"editor":"Calvendo","price":0,"published_date":"2025-09-02T22:00:00.000000Z","support":"Calendrier","publisher_availability":1,"stock":0,"editions":[],"url":"https:\/\/quaidesbrumes.com\/ouvrage\/9783516685978\/les-fleurs-eternelles-ephemeres-calendrier-mural-2026-din-a2-horizontal-calvendo-calendrier-mensuel-un-calendrier-poetique-qui-capture-mois-apres-mois-la-beaute-fugace-et-intemporelle-des-fleurs-dans-toute-leur-splendeur-ephemere"},{"id":"9783516686012","title":"Fleurs en toute simplicit\u00e9 - Beaut\u00e9 minimaliste (Calendrier de bureau 2026 DIN A5 horizontal), CALVENDO calendrier mensuel : Un calendrier d\u00e9licat et raffin\u00e9 qui c\u00e9l\u00e8bre la gr\u00e2ce des fleurs dans leur plus pure simplicit\u00e9, pour douze mois de beaut\u00e9 mi","description":"D\u00e9couvrez notre calendrier \u00ab Fleurs en toute simplicit\u00e9 - Beaut\u00e9 minimaliste \u00bb, une invitation \u00e0 c\u00e9l\u00e9brer chaque mois la d\u00e9licatesse et l'\u00e9l\u00e9gance des fleurs dans leur expression la plus pure, entre \u00e9quilibre, lumi\u00e8re et sobri\u00e9t\u00e9. Bien plus qu'un simple calendrier, c'est un objet d\u00e9coratif raffin\u00e9 qui habille vos murs de douceur et transforme votre quotidien en une parenth\u00e8se apaisante, tout en vous offrant l'espace n\u00e9cessaire pour organiser vos projets. Id\u00e9al pour soi ou comme cadeau, il apporte une touche d'harmonie et de s\u00e9r\u00e9nit\u00e9 \u00e0 chaque instant de l'ann\u00e9e.\r\n\r\nCalendrier de bureau de qualit\u00e9 sup\u00e9rieure avec 12 magnifiques photos. L'environnement nous tient \u00e0 coeur. C'est pourquoi nous utilisons exclusivement du papier certifi\u00e9 FSC provenant de for\u00eats g\u00e9r\u00e9es de mani\u00e8re \u00e9coresponsable. Nous \u00e9vitons la surproduction et donc des quantit\u00e9s significatives de d\u00e9chets, en produisant dans l'UE \u00e0 l'unit\u00e9 et sur demande. Nous r\u00e9duisons nos distances de transport et assurons une logistique respectueuse de l'environnement.\r\n\r\n14 pages dont 1 couverture | 12 pages mensuelles | 1 page d'index I dos cartonn\u00e9.\r\n\r\nIllustrations:\r\nJanvier: An\u00e9mone de Gr\u00e8ce\r\nF\u00e9vrier: P\u00e2querette\r\nMars: Stellaire gramin\u00e9e\r\nAvril: V\u00e9ronique petit-ch\u00eane\r\nMai: Geranium robertianum\r\nJuin: Violette de rivinus\r\nJuillet: Orchis mascula\r\nAo\u00fbt: Stellaire holost\u00e9e\r\nSeptembre: Renoncule des bois\r\nOctobre: Myosotis\r\nNovembre: Coleonema pulchellum\r\nD\u00e9cembre: Muscari\r\n\r\nQUALITATIF - un calendrier annuel de qualit\u00e9 sup\u00e9rieure avec 12 magnifiques motifs, sur papier d'impression photo, avec une reliure spirale robuste.\r\nDURABLE - r\u00e9duction significative des d\u00e9chets gr\u00e2ce \u00e0 une fabrication sur papier certifi\u00e9 FSC \u00e0 l'unit\u00e9 et sur demande, production dans l'UE, logistique \u00e9cologique.\r\nCADEAU ID\u00c9AL - destin\u00e9 \u00e0 vos contacts priv\u00e9s ou professionnels, \u00e0 la famille ou aux amis, aux jeunes adultes ou aux moins jeunes,  pour un cadeau de No\u00ebl ou d'anniversaire ou juste pour le plaisir d'offrir.\r\nDIVERSIFI\u00c9 - de nombreux formats DIN A4 ou DIN A3, pour s'adapter \u00e0 toutes vos envies et vos cadres de vie.\r\nUn calendrier d\u00e9licat et raffin\u00e9 qui c\u00e9l\u00e8bre la gr\u00e2ce des fleurs dans leur plus pure simplicit\u00e9, pour douze mois de beaut\u00e9 minimaliste. par l'auteur(rice): Carcajou Pictures","authors":["Thomas Martzel"],"category_codes":["4000000","4010000","4010200"],"visuals":{"large":"https:\/\/images.epagine.fr\/012\/9783516686012_1_75.jpg","medium":"https:\/\/images.epagine.fr\/012\/9783516686012_1_m.jpg","thumbnail":"https:\/\/images.epagine.fr\/012\/9783516686012_1_v.jpg"},"orderable":true,"show_badge":true,"formatted_price":"0,00&nbsp;\u20ac","formatted_published_date":"3 septembre 2025","publisher_availability_label":"Sur commande","short_details":"Thomas Martzel \u2014 Calvendo","translator":null,"weight":165,"page_count":14,"readership":null,"editor":"Calvendo","price":0,"published_date":"2025-09-02T22:00:00.000000Z","support":"Calendrier","publisher_availability":1,"stock":0,"editions":[],"url":"https:\/\/quaidesbrumes.com\/ouvrage\/9783516686012\/fleurs-en-toute-simplicite-beaute-minimaliste-calendrier-de-bureau-2026-din-a5-horizontal-calvendo-calendrier-mensuel-un-calendrier-delicat-et-raffine-qui-celebre-la-grace-des-fleurs-dans-leur-plus-pure-simplicite-pour-douze-mois-de-beaute-mi"},{"id":"9783516686036","title":"Terre de caract\u00e8re - Paysages du Pays basque (Calendrier mural 2026 DIN A3 horizontal), CALVENDO calendrier mensuel : Un voyage visuel \u00e0 travers la Terre de caract\u00e8re du Pays basque, entre montagnes fi\u00e8res, oc\u00e9an sauvage et villages authentiques.","description":"D\u00e9couvrez le calendrier \u00ab Terre de caract\u00e8re - Paysages du Pays basque \u00bb, une immersion grand format dans l'authenticit\u00e9 d'une r\u00e9gion unique o\u00f9 l'oc\u00e9an Atlantique, les montagnes verdoyantes et les villages traditionnels se r\u00e9v\u00e8lent mois apr\u00e8s mois dans toute leur beaut\u00e9. Bien plus qu'un outil pratique, ce calendrier transforme chaque jour en invitation au voyage, en vous offrant \u00e0 la fois des espaces clairs pour organiser vos rendez-vous et des images inspirantes qui transforment votre int\u00e9rieur en v\u00e9ritable fen\u00eatre ouverte sur la nature basque. Id\u00e9al \u00e0 s'offrir ou \u00e0 offrir, il devient le cadeau parfait pour tous les amoureux de paysages, de traditions et d'\u00e9vasion, un compagnon \u00e9l\u00e9gant qui accompagne vos projets tout en sublimant votre quotidien pendant douze mois.\r\n\r\nCalendrier mural de qualit\u00e9 sup\u00e9rieure avec 12 magnifiques photos. L'environnement nous tient \u00e0 coeur. C'est pourquoi nous utilisons exclusivement du papier certifi\u00e9 FSC provenant de for\u00eats g\u00e9r\u00e9es de mani\u00e8re \u00e9coresponsable. Nous \u00e9vitons la surproduction et donc des quantit\u00e9s significatives de d\u00e9chets, en produisant dans l'UE \u00e0 l'unit\u00e9 et sur demande. Nous r\u00e9duisons nos distances de transport et assurons une logistique respectueuse de l'environnement.\r\n\r\n14 pages dont 1 couverture | 12 pages mensuelles | 1 page d'index | dos cartonn\u00e9\r\n\r\nIllustrations:\r\nJanvier: Phare de Biarritz\r\nF\u00e9vrier: Espelette\r\nMars: Biarritz\r\nAvril: Saint-Jean-de-Luz\r\nMai: San Sebastian\r\nJuin: Pointe Sainte-Barbe\r\nJuillet: Les trois couronnes\r\nAo\u00fbt: Jaizkibel\r\nSeptembre: La Rhune\r\nOctobre: La c\u00f4te Basque\r\nNovembre: San Sebastian\r\nD\u00e9cembre: Pointe Sainte-Anne\r\n\r\nQUALITATIF - un calendrier annuel de qualit\u00e9 sup\u00e9rieure avec 12 magnifiques motifs, sur papier d'impression photo, avec une reliure spirale robuste et un crochet de suspension.\r\nDURABLE - r\u00e9duction significative des d\u00e9chets gr\u00e2ce \u00e0 une fabrication sur papier certifi\u00e9 FSC \u00e0 l'unit\u00e9 et sur demande, production dans l'UE, logistique \u00e9cologique.\r\nCADEAU ID\u00c9AL - destin\u00e9 \u00e0 vos contacts priv\u00e9s ou professionnels, \u00e0 la famille ou aux amis, aux jeunes adultes ou aux moins jeunes,  pour un cadeau de No\u00ebl ou d'anniversaire ou juste pour le plaisir d'offrir.\r\nDIVERSIFI\u00c9 - de nombreux formats DIN A4 ou DIN A3, pour s'adapter \u00e0 toutes vos envies et vos cadres de vie.\r\nUn voyage visuel \u00e0 travers la Terre de caract\u00e8re du Pays basque, entre montagnes fi\u00e8res, oc\u00e9an sauvage et villages authentiques. par l'auteur(rice): Carcajou Pictures","authors":["Thomas Martzel"],"category_codes":["4000000","4010000","4010200"],"visuals":{"large":"https:\/\/images.epagine.fr\/036\/9783516686036_1_75.jpg","medium":"https:\/\/images.epagine.fr\/036\/9783516686036_1_m.jpg","thumbnail":"https:\/\/images.epagine.fr\/036\/9783516686036_1_v.jpg"},"orderable":true,"show_badge":true,"formatted_price":"0,00&nbsp;\u20ac","formatted_published_date":"3 septembre 2025","publisher_availability_label":"Sur commande","short_details":"Thomas Martzel \u2014 Calvendo","translator":null,"weight":450,"page_count":14,"readership":null,"editor":"Calvendo","price":0,"published_date":"2025-09-02T22:00:00.000000Z","support":"Calendrier","publisher_availability":1,"stock":0,"editions":[],"url":"https:\/\/quaidesbrumes.com\/ouvrage\/9783516686036\/terre-de-caractere-paysages-du-pays-basque-calendrier-mural-2026-din-a3-horizontal-calvendo-calendrier-mensuel-un-voyage-visuel-a-travers-la-terre-de-caractere-du-pays-basque-entre-montagnes-fieres-ocean-sauvage-et-villages-authentiques"},{"id":"9783516686043","title":"Les fleurs, \u00e9ternelles \u00e9phem\u00e8res (Calendrier de bureau 2026 DIN A5 horizontal), CALVENDO calendrier mensuel : Un calendrier po\u00e9tique qui capture, mois apr\u00e8s mois, la beaut\u00e9 fugace et intemporelle des fleurs dans toute leur splendeur \u00e9ph\u00e9m\u00e8re.","description":"Chaque mois, d\u00e9couvrez la beaut\u00e9 fugace et po\u00e9tique des fleurs, captur\u00e9e avec finesse pour r\u00e9v\u00e9ler leur \u00e9l\u00e9gance \u00e9ph\u00e9m\u00e8re et leur d\u00e9licatesse intemporelle. Ce calendrier transforme vos murs en un espace de contemplation et de s\u00e9r\u00e9nit\u00e9, o\u00f9 chaque image invite \u00e0 appr\u00e9cier la magie des instants qui passent. Parfait \u00e0 offrir ou \u00e0 s'offrir, il allie esth\u00e9tisme et praticit\u00e9, apportant douceur, inspiration et harmonie tout au long de l'ann\u00e9e.\r\n\r\nCalendrier de bureau de qualit\u00e9 sup\u00e9rieure avec 12 magnifiques photos. L'environnement nous tient \u00e0 coeur. C'est pourquoi nous utilisons exclusivement du papier certifi\u00e9 FSC provenant de for\u00eats g\u00e9r\u00e9es de mani\u00e8re \u00e9coresponsable. Nous \u00e9vitons la surproduction et donc des quantit\u00e9s significatives de d\u00e9chets, en produisant dans l'UE \u00e0 l'unit\u00e9 et sur demande. Nous r\u00e9duisons nos distances de transport et assurons une logistique respectueuse de l'environnement.\r\n\r\n14 pages dont 1 couverture | 12 pages mensuelles | 1 page d'index I dos cartonn\u00e9.\r\n\r\nIllustrations:\r\nJanvier: Vert, rose et jaune\r\nF\u00e9vrier: Vert, blanc et rose\r\nMars: Jaune, violet et vert\r\nAvril: Vert, rose et jaune\r\nMai: Orange, violet et vert\r\nJuin: Vert, blanc et noir\r\nJuillet: Rouge, vert et jaune\r\nAo\u00fbt: Violet, blanc et orange\r\nSeptembre: Bleu, vert et orange\r\nOctobre: Rose, violet et vert\r\nNovembre: Blanc, vert et jaune\r\nD\u00e9cembre: Rose, vert et orange\r\n\r\nQUALITATIF - un calendrier annuel de qualit\u00e9 sup\u00e9rieure avec 12 magnifiques motifs, sur papier d'impression photo, avec une reliure spirale robuste.\r\nDURABLE - r\u00e9duction significative des d\u00e9chets gr\u00e2ce \u00e0 une fabrication sur papier certifi\u00e9 FSC \u00e0 l'unit\u00e9 et sur demande, production dans l'UE, logistique \u00e9cologique.\r\nCADEAU ID\u00c9AL - destin\u00e9 \u00e0 vos contacts priv\u00e9s ou professionnels, \u00e0 la famille ou aux amis, aux jeunes adultes ou aux moins jeunes,  pour un cadeau de No\u00ebl ou d'anniversaire ou juste pour le plaisir d'offrir.\r\nDIVERSIFI\u00c9 - de nombreux formats DIN A4 ou DIN A3, pour s'adapter \u00e0 toutes vos envies et vos cadres de vie.\r\nUn calendrier po\u00e9tique qui capture, mois apr\u00e8s mois, la beaut\u00e9 fugace et intemporelle des fleurs dans toute leur splendeur \u00e9ph\u00e9m\u00e8re. par l'auteur(rice): Carcajou Pictures","authors":["Thomas Martzel"],"category_codes":["4000000","4010000","4010200"],"visuals":{"large":"https:\/\/images.epagine.fr\/043\/9783516686043_1_75.jpg","medium":"https:\/\/images.epagine.fr\/043\/9783516686043_1_m.jpg","thumbnail":"https:\/\/images.epagine.fr\/043\/9783516686043_1_v.jpg"},"orderable":true,"show_badge":true,"formatted_price":"0,00&nbsp;\u20ac","formatted_published_date":"3 septembre 2025","publisher_availability_label":"Sur commande","short_details":"Thomas Martzel \u2014 Calvendo","translator":null,"weight":165,"page_count":14,"readership":null,"editor":"Calvendo","price":0,"published_date":"2025-09-02T22:00:00.000000Z","support":"Calendrier","publisher_availability":1,"stock":0,"editions":[],"url":"https:\/\/quaidesbrumes.com\/ouvrage\/9783516686043\/les-fleurs-eternelles-ephemeres-calendrier-de-bureau-2026-din-a5-horizontal-calvendo-calendrier-mensuel-un-calendrier-poetique-qui-capture-mois-apres-mois-la-beaute-fugace-et-intemporelle-des-fleurs-dans-toute-leur-splendeur-ephemere"}]}