{"data":[{"id":"9783516578010","title":"Les paysages de montagne Haute-Savoie (Calendrier mural 2026 DIN A4 vertical), CALVENDO calendrier mensuel : D\u00e9couvrez les paysages de montagne en Haute-Savoie","description":"Douze magnifiques photos de Haute-Savoie qui vous enchanteront. Partez \u00e0 la d\u00e9couverte du Massif du Mont-Blanc, de l'Aiguille du Midi, du Col des Aravis, des Deux Lacs et de Thyez.\r\n\r\nCalendrier mural de qualit\u00e9 sup\u00e9rieure avec 12 magnifiques photos. L'environnement nous tient \u00e0 coeur. C'est pourquoi nous utilisons exclusivement du papier certifi\u00e9 FSC provenant de for\u00eats g\u00e9r\u00e9es de mani\u00e8re \u00e9coresponsable. Nous \u00e9vitons la surproduction et donc des quantit\u00e9s significatives de d\u00e9chets, en produisant dans l'UE \u00e0 l'unit\u00e9 et sur demande. Nous r\u00e9duisons nos distances de transport et assurons une logistique respectueuse de l'environnement.\r\n\r\n14 pages dont 1 couverture | 12 pages mensuelles | 1 page d'index | dos cartonn\u00e9\r\n\r\nCe calendrier \u00e0 succ\u00e8s a \u00e9t\u00e9 r\u00e9\u00e9dit\u00e9 cette ann\u00e9e avec les m\u00eames images et une grille calendaire mise \u00e0 jour.\r\n\r\nIllustrations:\r\nJanvier: Massif du Mont-Blanc \r\nF\u00e9vrier: Massif du Mont-Blanc \r\nMars: Col des Aravis \r\nAvril: Thyez - Les Deux Lacs \r\nMai: Col des Aravis \r\nJuin: Thyez - Les Deux Lacs \r\nJuillet: Chamonix \r\nAo\u00fbt: Massif du Mont-Blanc \r\nSeptembre: La Mer de Glace \r\nOctobre: Panorama Mont-Blanc \r\nNovembre: Massif du Mont-Blanc \r\nD\u00e9cembre: Aiguille du Midi \r\n\r\nQUALITATIF - un calendrier annuel de qualit\u00e9 sup\u00e9rieure avec 12 magnifiques motifs, sur papier d'impression photo, avec une reliure spirale robuste et un crochet de suspension.\r\nDURABLE - r\u00e9duction significative des d\u00e9chets gr\u00e2ce \u00e0 une fabrication sur papier certifi\u00e9 FSC \u00e0 l'unit\u00e9 et sur demande, production dans l'UE, logistique \u00e9cologique.\r\nCADEAU ID\u00c9AL - destin\u00e9 \u00e0 vos contacts priv\u00e9s ou professionnels, \u00e0 la famille ou aux amis, aux jeunes adultes ou aux moins jeunes,  pour un cadeau de No\u00ebl ou d'anniversaire ou juste pour le plaisir d'offrir.\r\nDIVERSIFI\u00c9 - de nombreux formats DIN A4 ou DIN A3, pour s'adapter \u00e0 toutes vos envies et vos cadres de vie.\r\nD\u00e9couvrez les paysages de montagne en Haute-Savoie par l'auteur(rice): Norderneye","authors":["Iuliana Ojog \/\/ Www.Norderneye.Com"],"category_codes":["4000000","4010000","4010200"],"visuals":{"large":"https:\/\/images.epagine.fr\/010\/9783516578010_1_75.jpg","medium":"https:\/\/images.epagine.fr\/010\/9783516578010_1_m.jpg","thumbnail":"https:\/\/images.epagine.fr\/010\/9783516578010_1_v.jpg"},"orderable":true,"show_badge":true,"formatted_price":"0,00&nbsp;\u20ac","formatted_published_date":"15 mai 2025","publisher_availability_label":"Sur commande","short_details":"Iuliana Ojog \/\/ Www.Norderneye.Com \u2014 Calvendo","translator":null,"weight":210,"page_count":14,"readership":null,"editor":"Calvendo","price":0,"published_date":"2025-05-14T22:00:00.000000Z","support":"Calendrier","publisher_availability":1,"stock":0,"editions":[],"url":"https:\/\/quaidesbrumes.com\/ouvrage\/9783516578010\/les-paysages-de-montagne-haute-savoie-calendrier-mural-2026-din-a4-vertical-calvendo-calendrier-mensuel-decouvrez-les-paysages-de-montagne-en-haute-savoie"},{"id":"9783516578027","title":"Camargue Entre mer et nature (Calendrier mural 2026 DIN A4 vertical), CALVENDO calendrier mensuel : Au coeur de la Camargue, entre mer et marais salants.","description":"La Camargue, avec ses marais salants, ses chevaux, sa flore et ses flamants roses, est un plaisir pour les yeux.\r\n\r\nCalendrier mural de qualit\u00e9 sup\u00e9rieure avec 12 magnifiques photos. L'environnement nous tient \u00e0 coeur. C'est pourquoi nous utilisons exclusivement du papier certifi\u00e9 FSC provenant de for\u00eats g\u00e9r\u00e9es de mani\u00e8re \u00e9coresponsable. Nous \u00e9vitons la surproduction et donc des quantit\u00e9s significatives de d\u00e9chets, en produisant dans l'UE \u00e0 l'unit\u00e9 et sur demande. Nous r\u00e9duisons nos distances de transport et assurons une logistique respectueuse de l'environnement.\r\n\r\n14 pages dont 1 couverture | 12 pages mensuelles | 1 page d'index | dos cartonn\u00e9\r\n\r\nCe calendrier \u00e0 succ\u00e8s a \u00e9t\u00e9 r\u00e9\u00e9dit\u00e9 cette ann\u00e9e avec les m\u00eames images et une grille calendaire mise \u00e0 jour.\r\n\r\nIllustrations:\r\nJanvier: Phare de la Gacholle \r\nF\u00e9vrier: Chevaux Camarguais \r\nMars: Port des Saintes-Maries-De-La-Mer \r\nAvril: Aigues-Mortes \r\nMai: Paysage de Camargue \r\nJuin: Escargots sur une brindille \r\nJuillet: Bateau de p\u00eache \r\nAo\u00fbt: Cabane Camarguaise \r\nSeptembre: Envol de flamants roses \r\nOctobre: Ruelle, Saintes-Marie-De-La-Mer \r\nNovembre: Rayons du soleil sur un \u00e9tang \r\nD\u00e9cembre: Flamants sur un \u00e9tang \r\n\r\nQUALITATIF - un calendrier annuel de qualit\u00e9 sup\u00e9rieure avec 12 magnifiques motifs, sur papier d'impression photo, avec une reliure spirale robuste et un crochet de suspension.\r\nDURABLE - r\u00e9duction significative des d\u00e9chets gr\u00e2ce \u00e0 une fabrication sur papier certifi\u00e9 FSC \u00e0 l'unit\u00e9 et sur demande, production dans l'UE, logistique \u00e9cologique.\r\nCADEAU ID\u00c9AL - destin\u00e9 \u00e0 vos contacts priv\u00e9s ou professionnels, \u00e0 la famille ou aux amis, aux jeunes adultes ou aux moins jeunes,  pour un cadeau de No\u00ebl ou d'anniversaire ou juste pour le plaisir d'offrir.\r\nDIVERSIFI\u00c9 - de nombreux formats DIN A4 ou DIN A3, pour s'adapter \u00e0 toutes vos envies et vos cadres de vie.\r\nAu coeur de la Camargue, entre mer et marais salants. par l'auteur(rice): Didier Sibourg","authors":["Didier Sibourg"],"category_codes":["4000000","4010000","4010200"],"visuals":{"large":"https:\/\/images.epagine.fr\/027\/9783516578027_1_75.jpg","medium":"https:\/\/images.epagine.fr\/027\/9783516578027_1_m.jpg","thumbnail":"https:\/\/images.epagine.fr\/027\/9783516578027_1_v.jpg"},"orderable":true,"show_badge":true,"formatted_price":"0,00&nbsp;\u20ac","formatted_published_date":"15 mai 2025","publisher_availability_label":"Sur commande","short_details":"Didier Sibourg \u2014 Calvendo","translator":null,"weight":210,"page_count":14,"readership":null,"editor":"Calvendo","price":0,"published_date":"2025-05-14T22:00:00.000000Z","support":"Calendrier","publisher_availability":1,"stock":0,"editions":[],"url":"https:\/\/quaidesbrumes.com\/ouvrage\/9783516578027\/camargue-entre-mer-et-nature-calendrier-mural-2026-din-a4-vertical-calvendo-calendrier-mensuel-au-coeur-de-la-camargue-entre-mer-et-marais-salants"},{"id":"9783516578287","title":"Les paysages de montagne Haute-Savoie (Calendrier de bureau 2026 DIN A5 vertical), CALVENDO calendrier mensuel : D\u00e9couvrez les paysages de montagne en Haute-Savoie","description":"Douze magnifiques photos de Haute-Savoie qui vous enchanteront. Partez \u00e0 la d\u00e9couverte du Massif du Mont-Blanc, de l'Aiguille du Midi, du Col des Aravis, des Deux Lacs et de Thyez.\r\n\r\nCalendrier de bureau de qualit\u00e9 sup\u00e9rieure avec 12 magnifiques photos. L'environnement nous tient \u00e0 coeur. C'est pourquoi nous utilisons exclusivement du papier certifi\u00e9 FSC provenant de for\u00eats g\u00e9r\u00e9es de mani\u00e8re \u00e9coresponsable. Nous \u00e9vitons la surproduction et donc des quantit\u00e9s significatives de d\u00e9chets, en produisant dans l'UE \u00e0 l'unit\u00e9 et sur demande. Nous r\u00e9duisons nos distances de transport et assurons une logistique respectueuse de l'environnement.\r\n\r\n14 pages dont 1 couverture | 12 pages mensuelles | 1 page d'index I dos cartonn\u00e9.\r\n\r\nCe calendrier \u00e0 succ\u00e8s a \u00e9t\u00e9 r\u00e9\u00e9dit\u00e9 cette ann\u00e9e avec les m\u00eames images et une grille calendaire mise \u00e0 jour.\r\n\r\nIllustrations:\r\nJanvier: Massif du Mont-Blanc \r\nF\u00e9vrier: Massif du Mont-Blanc \r\nMars: Col des Aravis \r\nAvril: Thyez - Les Deux Lacs \r\nMai: Col des Aravis \r\nJuin: Thyez - Les Deux Lacs \r\nJuillet: Chamonix \r\nAo\u00fbt: Massif du Mont-Blanc \r\nSeptembre: La Mer de Glace \r\nOctobre: Panorama Mont-Blanc \r\nNovembre: Massif du Mont-Blanc \r\nD\u00e9cembre: Aiguille du Midi \r\n\r\nQUALITATIF - un calendrier annuel de qualit\u00e9 sup\u00e9rieure avec 12 magnifiques motifs, sur papier d'impression photo, avec une reliure spirale robuste.\r\nDURABLE - r\u00e9duction significative des d\u00e9chets gr\u00e2ce \u00e0 une fabrication sur papier certifi\u00e9 FSC \u00e0 l'unit\u00e9 et sur demande, production dans l'UE, logistique \u00e9cologique.\r\nCADEAU ID\u00c9AL - destin\u00e9 \u00e0 vos contacts priv\u00e9s ou professionnels, \u00e0 la famille ou aux amis, aux jeunes adultes ou aux moins jeunes,  pour un cadeau de No\u00ebl ou d'anniversaire ou juste pour le plaisir d'offrir.\r\nDIVERSIFI\u00c9 - de nombreux formats DIN A4 ou DIN A3, pour s'adapter \u00e0 toutes vos envies et vos cadres de vie.\r\nD\u00e9couvrez les paysages de montagne en Haute-Savoie par l'auteur(rice): Norderneye","authors":["Iuliana Ojog \/\/ Www.Norderneye.Com"],"category_codes":["4000000","4010000","4010200"],"visuals":{"large":"https:\/\/images.epagine.fr\/287\/9783516578287_1_75.jpg","medium":"https:\/\/images.epagine.fr\/287\/9783516578287_1_m.jpg","thumbnail":"https:\/\/images.epagine.fr\/287\/9783516578287_1_v.jpg"},"orderable":true,"show_badge":true,"formatted_price":"0,00&nbsp;\u20ac","formatted_published_date":"15 mai 2025","publisher_availability_label":"Sur commande","short_details":"Iuliana Ojog \/\/ Www.Norderneye.Com \u2014 Calvendo","translator":null,"weight":165,"page_count":14,"readership":null,"editor":"Calvendo","price":0,"published_date":"2025-05-14T22:00:00.000000Z","support":"Calendrier","publisher_availability":1,"stock":0,"editions":[],"url":"https:\/\/quaidesbrumes.com\/ouvrage\/9783516578287\/les-paysages-de-montagne-haute-savoie-calendrier-de-bureau-2026-din-a5-vertical-calvendo-calendrier-mensuel-decouvrez-les-paysages-de-montagne-en-haute-savoie"},{"id":"9783516578676","title":"Les paysages de montagne Haute-Savoie (Calendrier mural 2026 DIN A2 vertical), CALVENDO calendrier mensuel : D\u00e9couvrez les paysages de montagne en Haute-Savoie","description":"Douze magnifiques photos de Haute-Savoie qui vous enchanteront. Partez \u00e0 la d\u00e9couverte du Massif du Mont-Blanc, de l'Aiguille du Midi, du Col des Aravis, des Deux Lacs et de Thyez.\r\n\r\nCalendrier mural de qualit\u00e9 sup\u00e9rieure avec 12 magnifiques photos. L'environnement nous tient \u00e0 coeur. C'est pourquoi nous utilisons exclusivement du papier certifi\u00e9 FSC provenant de for\u00eats g\u00e9r\u00e9es de mani\u00e8re \u00e9coresponsable. Nous \u00e9vitons la surproduction et donc des quantit\u00e9s significatives de d\u00e9chets, en produisant dans l'UE \u00e0 l'unit\u00e9 et sur demande. Nous r\u00e9duisons nos distances de transport et assurons une logistique respectueuse de l'environnement.\r\n\r\n14 pages dont 1 couverture | 12 pages mensuelles | 1 page d'index | dos cartonn\u00e9\r\n\r\nCe calendrier \u00e0 succ\u00e8s a \u00e9t\u00e9 r\u00e9\u00e9dit\u00e9 cette ann\u00e9e avec les m\u00eames images et une grille calendaire mise \u00e0 jour.\r\n\r\nIllustrations:\r\nJanvier: Massif du Mont-Blanc \r\nF\u00e9vrier: Massif du Mont-Blanc \r\nMars: Col des Aravis \r\nAvril: Thyez - Les Deux Lacs \r\nMai: Col des Aravis \r\nJuin: Thyez - Les Deux Lacs \r\nJuillet: Chamonix \r\nAo\u00fbt: Massif du Mont-Blanc \r\nSeptembre: La Mer de Glace \r\nOctobre: Panorama Mont-Blanc \r\nNovembre: Massif du Mont-Blanc \r\nD\u00e9cembre: Aiguille du Midi \r\n\r\nQUALITATIF - un calendrier annuel de qualit\u00e9 sup\u00e9rieure avec 12 magnifiques motifs, sur papier d'impression photo, avec une reliure spirale robuste et un crochet de suspension.\r\nDURABLE - r\u00e9duction significative des d\u00e9chets gr\u00e2ce \u00e0 une fabrication sur papier certifi\u00e9 FSC \u00e0 l'unit\u00e9 et sur demande, production dans l'UE, logistique \u00e9cologique.\r\nCADEAU ID\u00c9AL - destin\u00e9 \u00e0 vos contacts priv\u00e9s ou professionnels, \u00e0 la famille ou aux amis, aux jeunes adultes ou aux moins jeunes,  pour un cadeau de No\u00ebl ou d'anniversaire ou juste pour le plaisir d'offrir.\r\nDIVERSIFI\u00c9 - de nombreux formats DIN A4 ou DIN A3, pour s'adapter \u00e0 toutes vos envies et vos cadres de vie.\r\nD\u00e9couvrez les paysages de montagne en Haute-Savoie par l'auteur(rice): Norderneye","authors":["Iuliana Ojog \/\/ Www.Norderneye.Com"],"category_codes":["4000000","4010000","4010200"],"visuals":{"large":"https:\/\/images.epagine.fr\/676\/9783516578676_1_75.jpg","medium":"https:\/\/images.epagine.fr\/676\/9783516578676_1_m.jpg","thumbnail":"https:\/\/images.epagine.fr\/676\/9783516578676_1_v.jpg"},"orderable":true,"show_badge":true,"formatted_price":"0,00&nbsp;\u20ac","formatted_published_date":"15 mai 2025","publisher_availability_label":"Sur commande","short_details":"Iuliana Ojog \/\/ Www.Norderneye.Com \u2014 Calvendo","translator":null,"weight":940,"page_count":14,"readership":null,"editor":"Calvendo","price":0,"published_date":"2025-05-14T22:00:00.000000Z","support":"Calendrier","publisher_availability":1,"stock":0,"editions":[],"url":"https:\/\/quaidesbrumes.com\/ouvrage\/9783516578676\/les-paysages-de-montagne-haute-savoie-calendrier-mural-2026-din-a2-vertical-calvendo-calendrier-mensuel-decouvrez-les-paysages-de-montagne-en-haute-savoie"},{"id":"9782253101468","title":"Harmonies","description":null,"authors":["Norin Cha\u00ef"],"category_codes":["4000000","4010000","4010200","4010207"],"visuals":{"large":"https:\/\/quaidesbrumes.com\/img\/book-placeholder.png","medium":"https:\/\/quaidesbrumes.com\/img\/book-placeholder.png","thumbnail":"https:\/\/quaidesbrumes.com\/img\/book-placeholder.png"},"orderable":false,"show_badge":true,"formatted_price":"0,00&nbsp;\u20ac","formatted_published_date":null,"publisher_availability_label":"\u00c0 para\u00eetre","short_details":"Norin Cha\u00ef \u2014 Le Livre de Poche","translator":null,"weight":0,"page_count":null,"readership":null,"editor":"Le Livre de Poche","price":0,"published_date":null,"support":"Poche","publisher_availability":2,"stock":0,"editions":[],"url":"https:\/\/quaidesbrumes.com\/ouvrage\/9782253101468\/harmonies"},{"id":"9791029707902","title":"Dechets chiffres cles","description":null,"authors":["Ademe"],"category_codes":["4000000","4010000","4010200","4010208"],"visuals":{"large":"https:\/\/quaidesbrumes.com\/img\/book-placeholder.png","medium":"https:\/\/quaidesbrumes.com\/img\/book-placeholder.png","thumbnail":"https:\/\/quaidesbrumes.com\/img\/book-placeholder.png"},"orderable":false,"show_badge":true,"formatted_price":"15,00&nbsp;\u20ac","formatted_published_date":null,"publisher_availability_label":"\u00c0 para\u00eetre","short_details":"Ademe \u2014 Ademe","translator":null,"weight":290,"page_count":null,"readership":null,"editor":"Ademe","price":1500,"published_date":null,"support":"Grand format","publisher_availability":2,"stock":0,"editions":[],"url":"https:\/\/quaidesbrumes.com\/ouvrage\/9791029707902\/dechets-chiffres-cles"},{"id":"9782356879806","title":"\"Je prends ce que la nature me donne\" : Xavier Aubeau ou la multi agriculture \u00e9coresponsable","description":"D'abord un go\u00fbt, celui du fromage, presque  ti\u00e8de, dans la bouche, incroyablement doux et  long \u00e0 la fois, un go\u00fbt de lait \u00e9pais comme si  le verbe \u00ab na\u00eetre \u00bb avait un go\u00fbt celui d'un  bruccio, ensuite une histoire d'un Corse venu  \u00e0 la terre, d'abord, celle de la cr\u00e9ation d'un  troupeau de ch\u00e8vres... puis celle de la renaissance  d'un vignoble oubli\u00e9 depuis deux g\u00e9n\u00e9rations  sur les bords du Valinco et qui sait demain dans  la montagne des Gioccomoni.\r\nLa nature semble g\u00e9n\u00e9reuse avec Xavier  Aubeau parce qu'il l'\u00e9coute, l'accompagne  comme d'autres l'ont fait avant lui.\r\nDans ces entretiens, il est question d'une  agriculture de terroir que Xavier Aubeau fait  rena\u00eetre aux bords et sur les hauteurs du Valinco,  une agriculture du partage... sans doute celle  de demain.","authors":["Xavier Aubeau"],"category_codes":["4000000","4010000","4010200","4010207"],"visuals":{"large":"https:\/\/quaidesbrumes.com\/img\/book-placeholder.png","medium":"https:\/\/quaidesbrumes.com\/img\/book-placeholder.png","thumbnail":"https:\/\/quaidesbrumes.com\/img\/book-placeholder.png"},"orderable":false,"show_badge":true,"formatted_price":"18,00&nbsp;\u20ac","formatted_published_date":null,"publisher_availability_label":"\u00c0 para\u00eetre","short_details":"Xavier Aubeau \u2014 Le Bord de l'eau","translator":null,"weight":0,"page_count":168,"readership":null,"editor":"Le Bord de l'eau","price":1800,"published_date":null,"support":"Grand format","publisher_availability":2,"stock":0,"editions":[],"url":"https:\/\/quaidesbrumes.com\/ouvrage\/9782356879806\/je-prends-ce-que-la-nature-me-donne-xavier-aubeau-ou-la-multi-agriculture-ecoresponsable"},{"id":"9782363832504","title":"Le d\u00e9mant\u00e8lement des centrales nucl\u00e9aires","description":null,"authors":["Barbara Romagnan"],"category_codes":["4000000","4010000","4010200","4010207"],"visuals":{"large":"https:\/\/quaidesbrumes.com\/img\/book-placeholder.png","medium":"https:\/\/quaidesbrumes.com\/img\/book-placeholder.png","thumbnail":"https:\/\/quaidesbrumes.com\/img\/book-placeholder.png"},"orderable":false,"show_badge":true,"formatted_price":"14,00&nbsp;\u20ac","formatted_published_date":null,"publisher_availability_label":"\u00c0 para\u00eetre","short_details":"Barbara Romagnan \u2014 Les petits matins","translator":null,"weight":0,"page_count":null,"readership":null,"editor":"Les petits matins","price":1400,"published_date":null,"support":"Grand format","publisher_availability":2,"stock":0,"editions":[],"url":"https:\/\/quaidesbrumes.com\/ouvrage\/9782363832504\/le-demantelement-des-centrales-nucleaires"},{"id":"9782364052062","title":"Technologies et \u00e9cologie","description":"Qu'appelle-t-on l'Anthropoc\u00e8ne ? Comment concilier technologie et \u00e9cologie ? L'ouvrage porte sur les relations entre l'\u00e9cologie et la technologie \u00e0 notre \u00e9poque, celle o\u00f9 le d\u00e9bat sur l'Anthropoc\u00e8ne cristallise des positions fortes et souvent fond\u00e9es sur des opposi- tions et des alternatives marqu\u00e9es. L'ouvrage propose un ensemble d'essais offrant des points de vue compl\u00e9mentaires sur la probl\u00e9matique des relations entre \u00e9cologie et technologie d'apr\u00e8s la pens\u00e9e de Simondon.\r\n\r\nSi les auteurs ont en commun une tr\u00e8s bonne connaissance de ce philosophe, ils appartiennent aussi \u00e0 des disciplines et des positionnements th\u00e9oriques vari\u00e9s permettant un dialogue entre les textes. L'importance de la pens\u00e9e de Gilbert Simondon est grandissante en France et \u00e0 l'\u00e9chelle internationale, et bien qu'il soit connu pour sa philosophie des techniques, son apport \u00e0 la pens\u00e9e \u00e9cologique commence \u00e0 \u00eatre d\u00e9couvert.\r\n\r\nCet ouvrage de r\u00e9f\u00e9rence permet de mieux comprendre ce que l'on appelle l'anthropoc\u00e8ne.","authors":["Collectif"],"category_codes":["4000000","4010000","4010200","4010207"],"visuals":{"large":"https:\/\/images.epagine.fr\/062\/9782364052062_1_75.jpg","medium":"https:\/\/images.epagine.fr\/062\/9782364052062_1_m.jpg","thumbnail":"https:\/\/images.epagine.fr\/062\/9782364052062_1_v.jpg"},"orderable":false,"show_badge":true,"formatted_price":"23,00&nbsp;\u20ac","formatted_published_date":null,"publisher_availability_label":"\u00c0 para\u00eetre","short_details":"Collectif \u2014 Fyp","translator":null,"weight":0,"page_count":248,"readership":null,"editor":"Fyp","price":2300,"published_date":null,"support":"Grand format","publisher_availability":2,"stock":0,"editions":[],"url":"https:\/\/quaidesbrumes.com\/ouvrage\/9782364052062\/technologies-et-ecologie"},{"id":"9782367510293","title":"Approche \u00e9cologique de la perception visuelle","description":"James J. Gibson est \u00e0 l'origine d'une nouvelle th\u00e9orie de la perception dont la version finale est pr\u00e9sent\u00e9e dans l'Approche \u00e9cologique de la perception visuelle. Paru en 1979, cet ouvrage constitue le testament de celui que Ken Nakayama qualifie de \u00abplus grand psychologue de la perception des cent derni\u00e8res ann\u00e9es\u00bb. Abandonnant l'\u00e9quivalence cart\u00e9sienne entre vision et repr\u00e9sentation, Gibson propose une approche dite \u00ab\u00e9cologique\u00bb de la perception. Celle-ci caract\u00e9rise l'objet per\u00e7u non plus comme le corr\u00e9lat d'une repr\u00e9sentation, mais comme \u00abaffordance\u00bb ou \u00abinvite\u00bb, c'est-\u00e0-dire comme un p\u00f4le d'interactions, directement accessible \u00e0 l'exploration. Cette th\u00e8se implique ainsi de r\u00e9-inscrire la vision dans l'environnement qu'elle est vou\u00e9e \u00e0 r\u00e9v\u00e9ler \u00e0 l'animal, par l'interm\u00e9diaire de son corps, afin que celui-ci puisse s'y d\u00e9velopper. Si l'Approche... est un livre de psychologie, il mobilise une charpente philosophique qui en est indissociable et qui explique pourquoi celui-ci continue aujourd'hui \u00e0 jouer un r\u00f4le central en sciences cognitives et philosophie de l'esprit. James J. Gibson (1904-1979) est l'une des grandes figures de la psychologie du xxe si\u00e8cle. Son oeuvre, inspir\u00e9e aussi bien par la zoologie compar\u00e9e que par les philosophies de W. James, J. Dewey ou L. Wittgenstein, constitue par son originalit\u00e9 et sa rigueur une r\u00e9f\u00e9rence sans \u00e9quivalent en th\u00e9orie de la perception.","authors":["James jerome Gibson"],"category_codes":["4000000","4010000","4010200","4010207"],"visuals":{"large":"https:\/\/quaidesbrumes.com\/img\/book-placeholder.png","medium":"https:\/\/quaidesbrumes.com\/img\/book-placeholder.png","thumbnail":"https:\/\/quaidesbrumes.com\/img\/book-placeholder.png"},"orderable":false,"show_badge":true,"formatted_price":"28,00&nbsp;\u20ac","formatted_published_date":null,"publisher_availability_label":"\u00c0 para\u00eetre","short_details":"James jerome Gibson \u2014 Dehors","translator":null,"weight":0,"page_count":528,"readership":null,"editor":"Dehors","price":2800,"published_date":null,"support":"Grand format","publisher_availability":2,"stock":0,"editions":[],"url":"https:\/\/quaidesbrumes.com\/ouvrage\/9782367510293\/approche-ecologique-de-la-perception-visuelle"},{"id":"9782375021156","title":"Echapp\u00e9e verte","description":null,"authors":["St\u00e9phane Dugast"],"category_codes":["4000000","4010000","4010200","4010207"],"visuals":{"large":"https:\/\/quaidesbrumes.com\/img\/book-placeholder.png","medium":"https:\/\/quaidesbrumes.com\/img\/book-placeholder.png","thumbnail":"https:\/\/quaidesbrumes.com\/img\/book-placeholder.png"},"orderable":false,"show_badge":true,"formatted_price":"19,90&nbsp;\u20ac","formatted_published_date":null,"publisher_availability_label":"\u00c0 para\u00eetre","short_details":"St\u00e9phane Dugast \u2014 \u00c9ditions Paulsen","translator":null,"weight":0,"page_count":null,"readership":null,"editor":"\u00c9ditions Paulsen","price":1990,"published_date":null,"support":"Grand format","publisher_availability":2,"stock":0,"editions":[],"url":"https:\/\/quaidesbrumes.com\/ouvrage\/9782375021156\/echappee-verte"},{"id":"9782844443229","title":"Legum'cartes","description":"Jeu de reconnaissance des cultures l\u00e9gumi\u00e8res et condiments de France\u00d8Le jeu L\u00e9gum?cartes comporte 62 cartes repr\u00e9sentant des productions l\u00e9gumi\u00e8res et des condiments. Elles sont r\u00e9parties en 15 familles botaniques regroupant un nombre variable de cartes. Une liste des familles et des v\u00e9g\u00e9taux est fournie avec le jeu. L\u00e9gum?cartes aide \u00e0 m\u00e9moriser les v\u00e9g\u00e9taux et l\u00e9gumes, leur origine, leurs modes et p\u00e9riodes de production.\u00d8\u00d8Ce jeu, mis au point et test\u00e9 par un enseignant, Claude-Henri J\u00e9r\u00f4me, aide les apprenants en formation initiale ou formation professionnelle \u00e0 conna\u00eetre et reconna\u00eetre les diff\u00e9rents \u00e9l\u00e9ments n\u00e9cessaires en productions v\u00e9g\u00e9tales. Chaque carte permet de m\u00e9moriser les noms de familles botaniques ou biologiques, les noms communs et noms latins, et diff\u00e9rentes informations essentielles en agronomie. L?apprentissage peut se faire pas \u00e0 pas\u00a0: d?abord par familles puis en m\u00e9morisant les informations compl\u00e9mentaires les une apr\u00e8s les autres. Utilis\u00e9 r\u00e9guli\u00e8rement, ce jeu permet d?obtenir les meilleurs r\u00e9sultats. Il d\u00e9veloppe \u00e9galement la capacit\u00e9 de concevoir des strat\u00e9gies gagnantes et facilite l?acc\u00e8s \u00e0 la connaissance et \u00e0 l?apprentissage.\u00d8Pour jouer en classe, dans l?\u00e9tablissement ou en famille, ce jeu, facile \u00e0 transporter, peut \u00e9galement servir en plein air ou dans les serres pour progresser dans la reconnaissance des \u00e9l\u00e9ments in situ.","authors":["Claude-Henri Jerome"],"category_codes":["4000000","4010000","4010300","4010302"],"visuals":{"large":"https:\/\/images.epagine.fr\/229\/9782844443229_1_75.jpg","medium":"https:\/\/images.epagine.fr\/229\/9782844443229_1_m.jpg","thumbnail":"https:\/\/images.epagine.fr\/229\/9782844443229_1_v.jpg"},"orderable":true,"show_badge":true,"formatted_price":"0,00&nbsp;\u20ac","formatted_published_date":"22 mars 2004","publisher_availability_label":"Sur commande","short_details":"Claude-Henri Jerome \u2014 Educagri","translator":null,"weight":116,"page_count":null,"readership":null,"editor":"Educagri","price":0,"published_date":"2004-03-21T23:00:00.000000Z","support":"Coffret \/ Bo&icirc;te","publisher_availability":1,"stock":0,"editions":[],"url":"https:\/\/quaidesbrumes.com\/ouvrage\/9782844443229\/legumcartes"},{"id":"9782035946256","title":"Guide de survie des nouveaux Robinsons : activit\u00e9s nature pour se sentir chez soi dans les bois","description":"Comment r\u00e9veiller le Robinson qui est en vous et survivre en pleine nature sans aucun mat\u00e9riel  ? Dans ce petit cahier, tous les trucs et astuces pour se d\u00e9brouiller seul \u00e0 l'aide des \u00e9l\u00e9ments naturels et v\u00e9g\u00e9taux \u00e0 port\u00e9e de main et notamment r\u00e9ussir \u00e0 se nourrir, se chauffer, s'abriter et se soigner, loin de toute civilisation !\r\n\r\nExtrait du sommaire  :\r\nSe rep\u00e9rer en pleine nature.\r\nAllumer un feu (sans allumettes ni briquet  !).\r\nFabriquer des objets \u00e0 partir de fibres v\u00e9g\u00e9tales ou d'\u00e9corces.\r\nConstruire un abri et un couchage.\r\nSe nourrir gr\u00e2ce \u00e0 la cueillette.\r\nSe laver en pleine nature...\r\n...","authors":["Fran\u00e7ois Couplan"],"category_codes":["4000000","4010000","4010500","4010507"],"visuals":{"large":"https:\/\/images.epagine.fr\/256\/9782035946256_1_75.jpg","medium":"https:\/\/images.epagine.fr\/256\/9782035946256_1_m.jpg","thumbnail":"https:\/\/images.epagine.fr\/256\/9782035946256_1_v.jpg"},"orderable":false,"show_badge":true,"formatted_price":"5,95&nbsp;\u20ac","formatted_published_date":null,"publisher_availability_label":"\u00c0 para\u00eetre","short_details":"Fran\u00e7ois Couplan \u2014 Larousse","translator":null,"weight":0,"page_count":64,"readership":null,"editor":"Larousse","price":595,"published_date":null,"support":"Grand format","publisher_availability":2,"stock":0,"editions":[],"url":"https:\/\/quaidesbrumes.com\/ouvrage\/9782035946256\/guide-de-survie-des-nouveaux-robinsons-activites-nature-pour-se-sentir-chez-soi-dans-les-bois"},{"id":"9782036012868","title":"Chanvre \u00e0 part","description":"Cette plante, \u00e9conome en eau et ne n\u00e9cessitant pas de pesticides, coche toutes les cases pour retrouver sa place dans nos champs. Ses fibres servent \u00e0 la fois \u00e0 l'industrie textile (draps, jeans...), aux bioplastiques (tableaux de bord des voitures, lunettes, planches de surf...) et \u00e0 l'isolation de nos constructions. Ses graines fournissent une huile tr\u00e8s riche en om\u00e9ga 3 et 6 ainsi qu'en prot\u00e9ines. On peut isoler une mol\u00e9cule de ses fleurs, le CBD, qui a des vertus relaxantes, destressantes et antioxydantes, tr\u00e8s efficace notamment pour soigner les migraines.","authors":["Pascale Caussat","Marie Nicot","Snezana Gerbault"],"category_codes":["4000000","4010000","4010400","4010401"],"visuals":{"large":"https:\/\/quaidesbrumes.com\/img\/book-placeholder.png","medium":"https:\/\/quaidesbrumes.com\/img\/book-placeholder.png","thumbnail":"https:\/\/quaidesbrumes.com\/img\/book-placeholder.png"},"orderable":false,"show_badge":true,"formatted_price":"15,90&nbsp;\u20ac","formatted_published_date":null,"publisher_availability_label":"\u00c0 para\u00eetre","short_details":"Pascale Caussat, Marie Nicot, Snezana Gerbault \u2014 Larousse","translator":null,"weight":0,"page_count":176,"readership":null,"editor":"Larousse","price":1590,"published_date":null,"support":"Grand format","publisher_availability":2,"stock":0,"editions":[],"url":"https:\/\/quaidesbrumes.com\/ouvrage\/9782036012868\/chanvre-a-part"},{"id":"9782874899539","title":"Les grands migrateurs","description":"L'\u00e9l\u00e9gante cigogne blanche est de retour, tout comme sa discr\u00e8te cousine noire. Dans le ciel, les grues cendr\u00e9es et la dizaine d'esp\u00e8ces de h\u00e9rons recolonise les espaces mar\u00e9cageux et les berges des fleuves et des rivi\u00e8res. Gr\u00e2ce au retour \u00e0 des pratiques agricoles plus respectueuses des milieux et \u00e0 la restauration des zones humides naturelles, les conditions semblent r\u00e9unies pour accueillir \u00e0 nouveau, chez nous, les grands \u00e9chassiers migrateurs autrefois au bord de l'extinction. \u00c0 la faveur des changements climatiques, les oiseaux d'eau exotiques visitent notre r\u00e9gion, situ\u00e9e id\u00e9alement le long des couloirs de migrations entre le nord et le sud de l'Europe, et entre la Scandinavie et l'Afrique, jusqu'\u00e0 progressivement s'int\u00e9grer \u00e0 l'avifaune locale. Cet ouvrage s'attache \u00e0 d\u00e9crire une trentaine d'esp\u00e8ces migratrices pour une meilleure compr\u00e9hension de leurs apports aux \u00e9quilibres naturels. Xavier Van Der Stappen s'applique \u00e0 d\u00e9crire les esp\u00e8ces et leurs comportements, mais aussi les conditions de leur retour et de leur maintien dans des environnements marqu\u00e9s par la main de l'homme. Car si les grands oiseaux s'adaptent aux activit\u00e9s humaines, jusqu'\u00e0 quel point le pourront-ils??\r\n\r\n","authors":["Xavier Van Der Stappen"],"category_codes":["4000000","4010000"],"visuals":{"large":"https:\/\/quaidesbrumes.com\/img\/book-placeholder.png","medium":"https:\/\/quaidesbrumes.com\/img\/book-placeholder.png","thumbnail":"https:\/\/quaidesbrumes.com\/img\/book-placeholder.png"},"orderable":false,"show_badge":true,"formatted_price":"32,00&nbsp;\u20ac","formatted_published_date":null,"publisher_availability_label":"\u00c0 para\u00eetre","short_details":"Xavier Van Der Stappen \u2014 Weyrich","translator":null,"weight":0,"page_count":null,"readership":null,"editor":"Weyrich","price":3200,"published_date":null,"support":"Grand format","publisher_availability":2,"stock":0,"editions":[],"url":"https:\/\/quaidesbrumes.com\/ouvrage\/9782874899539\/les-grands-migrateurs"},{"id":"9782875862839","title":"Business for good","description":null,"authors":["Fellen Stephanie"],"category_codes":["4000000","4010000","4010200","4010208"],"visuals":{"large":"https:\/\/quaidesbrumes.com\/img\/book-placeholder.png","medium":"https:\/\/quaidesbrumes.com\/img\/book-placeholder.png","thumbnail":"https:\/\/quaidesbrumes.com\/img\/book-placeholder.png"},"orderable":false,"show_badge":true,"formatted_price":"18,00&nbsp;\u20ac","formatted_published_date":null,"publisher_availability_label":"\u00c0 para\u00eetre","short_details":"Fellen Stephanie \u2014 Ker Editions","translator":null,"weight":0,"page_count":null,"readership":null,"editor":"Ker Editions","price":1800,"published_date":null,"support":"Grand format","publisher_availability":2,"stock":0,"editions":[],"url":"https:\/\/quaidesbrumes.com\/ouvrage\/9782875862839\/business-for-good"},{"id":"9782330084189","title":"Agroecology: an ethical life","description":"For nearly fifty years, Pierre Rabhi has devoted all his time to promoting an alternative concept of agriculture in France, as well as in Africa, where he has trained thousands of farmers in the principles of agroecology. To him, agriculture is central to the makeup of our societies. In a fascinating conversation with Jacques Caplat, researcher and agronomist, Pierre Rabhi sets the record straight. We must reinvent our approach to agriculture and modify our entire model of society; agroecology can be the foundation of this new paradigm. This scientific, political and philosophical book offers news insight into the relationship between human beings and nature, while putting forward solutions that can be implemented by everyone.","authors":["Pierre Rabhi","Lisa Davidson"],"category_codes":["4000000","4010000","4010200","4010204"],"visuals":{"large":"https:\/\/quaidesbrumes.com\/img\/book-placeholder.png","medium":"https:\/\/quaidesbrumes.com\/img\/book-placeholder.png","thumbnail":"https:\/\/quaidesbrumes.com\/img\/book-placeholder.png"},"orderable":false,"show_badge":true,"formatted_price":"10,00&nbsp;\u20ac","formatted_published_date":null,"publisher_availability_label":"\u00c0 para\u00eetre","short_details":"Pierre Rabhi, Lisa Davidson \u2014 Actes Sud","translator":"LISA DAVIDSON","weight":0,"page_count":80,"readership":null,"editor":"Actes Sud","price":1000,"published_date":null,"support":"Grand format","publisher_availability":2,"stock":0,"editions":[],"url":"https:\/\/quaidesbrumes.com\/ouvrage\/9782330084189\/agroecology-an-ethical-life"},{"id":"9782330110871","title":"Symbiotic economy ; regenerating the planet, the economy and society","description":"The ambition of this book is to suggest a radically new theory on economy: the symbiotic economy. This new economy would allow human beings and ecosystems to live together in harmony. Isabelle Delannoy offers a combination of the different technics and researches of the past few years, like permaculture, private sharing or circular economy for example. By associating the benefits and the common principles of these concepts, she realized we could improve our way of using matters while developing the producing capacities of the soil. The symbiotic economy is based on the symbiosis between human intelligence, the power of natural ecosystems and the technosphere. Finding the good balance between these three elements would make it possible for us to produce without draining the resources, but rather by renewing them.","authors":["Isabelle Delannoy"],"category_codes":["4000000","4010000","4010200","4010204"],"visuals":{"large":"https:\/\/quaidesbrumes.com\/img\/book-placeholder.png","medium":"https:\/\/quaidesbrumes.com\/img\/book-placeholder.png","thumbnail":"https:\/\/quaidesbrumes.com\/img\/book-placeholder.png"},"orderable":false,"show_badge":true,"formatted_price":"20,00&nbsp;\u20ac","formatted_published_date":null,"publisher_availability_label":"\u00c0 para\u00eetre","short_details":"Isabelle Delannoy \u2014 Actes Sud","translator":null,"weight":0,"page_count":336,"readership":null,"editor":"Actes Sud","price":2000,"published_date":null,"support":"Grand format","publisher_availability":2,"stock":0,"editions":[],"url":"https:\/\/quaidesbrumes.com\/ouvrage\/9782330110871\/symbiotic-economy-regenerating-the-planet-the-economy-and-society"},{"id":"9782702912003","title":"Coffret oracle celtes des arbres","description":"Dans l'Ogham celtique ou \u00ab alphabet des arbres \u00bb, chaque lettre incarne l'esprit d'un arbre. \u00c0 l'int\u00e9rieur de ce coffret repose le langage secret des Celtes. Il suffit de l'ouvrir pour y d\u00e9couvrir une m\u00e9thode de communication ances- trale et un merveilleux outil de divination \u00e0 travers la puissance et l'\u00e9nergie des arbres. Quels que soient votre question, vos doutes ou vos soucis, la sagesse mill\u00e9naire de cet oracle celtique vous apportera une guidance remarquable et davan- tage de lucidit\u00e9 pour affronter le monde tr\u00e9pidant d'aujourd'hui. Gr\u00e2ce au livre explicatif pr\u00e9sentant la signification de chaque arbre, vous comprendrez comment la nature peut inspirer l'homme et l'aider.","authors":["Colin Murray","Liz Murray"],"category_codes":["4000000","4010000","4010400","4010406"],"visuals":{"large":"https:\/\/images.epagine.fr\/003\/9782702912003_1_75.jpg","medium":"https:\/\/images.epagine.fr\/003\/9782702912003_1_m.jpg","thumbnail":"https:\/\/images.epagine.fr\/003\/9782702912003_1_v.jpg"},"orderable":true,"show_badge":true,"formatted_price":"23,00&nbsp;\u20ac","formatted_published_date":"6 novembre 2015","publisher_availability_label":"Sur commande","short_details":"Colin Murray, Liz Murray \u2014 Le Courrier du Livre","translator":null,"weight":547,"page_count":122,"readership":null,"editor":"Le Courrier du Livre","price":2300,"published_date":"2015-11-05T23:00:00.000000Z","support":"Coffret \/ Bo&icirc;te","publisher_availability":1,"stock":0,"editions":[],"url":"https:\/\/quaidesbrumes.com\/ouvrage\/9782702912003\/coffret-oracle-celtes-des-arbres"},{"id":"9782956000020","title":"Bella flora","description":"Bella Flora est un livre-cadeau id\u00e9al, \u00e0 se procurer en toute occasion (avec ou sans bouquet assorti) : pour un anniversaire, une f\u00eate, un d\u00e9part en retraite, une d\u00e9claration, la Saint Valentin, la journ\u00e9e de la femme, la f\u00eate des m\u00e8res ou des grands-m\u00e8res... ou sans raison, juste pour le plaisir. Au coeur des pages de ce petit livre floral, l'auteure partage des informations sur la signification des fleurs, des citations, des po\u00e9sies, des extraits de litt\u00e9rature ainsi que des secrets de beaut\u00e9, de sant\u00e9 et de recettes gourmandes \u00e0 base de fleurs. Le livre est ponctu\u00e9 de photos et d'illustrations, toutes pr\u00e9sent\u00e9es de mani\u00e8re \u00e9l\u00e9gante et raffin\u00e9e pour que tous les sens soient en \u00e9veil. Encore une fois, Michelle Jean-Baptiste nous transporte dans l'un de ses voyages sensoriels, dont elle seule a le secret.","authors":["Michelle Jean-Baptiste"],"category_codes":["4000000","4010000","4010400","4010405"],"visuals":{"large":"https:\/\/images.epagine.fr\/020\/9782956000020_1_75.jpg","medium":"https:\/\/images.epagine.fr\/020\/9782956000020_1_m.jpg","thumbnail":"https:\/\/images.epagine.fr\/020\/9782956000020_1_v.jpg"},"orderable":true,"show_badge":true,"formatted_price":"9,50&nbsp;\u20ac","formatted_published_date":"15 septembre 2017","publisher_availability_label":"Sur commande","short_details":"Michelle Jean-Baptiste \u2014 Owen","translator":null,"weight":190,"page_count":120,"readership":null,"editor":"Owen","price":950,"published_date":"2017-09-14T22:00:00.000000Z","support":"Coffret \/ Bo&icirc;te","publisher_availability":1,"stock":0,"editions":[],"url":"https:\/\/quaidesbrumes.com\/ouvrage\/9782956000020\/bella-flora"},{"id":"9782764627815","title":"T\u00eates de linotte? : Innovation et intelligence chez les oiseaux","description":"Pourquoi s'int\u00e9resser \u00e0 l'intelligence des corbeaux, perroquets et autres g\u00e9nies \u00e0 plumes qu'on a souvent trait\u00e9s de \u00ab t\u00eates de linotte \u00bb ? Parce que si, comme le pensait Darwin, il n'y a qu'une diff\u00e9rence de degr\u00e9 entre l'intelligence humaine et celle des autres animaux, cela nous offre une pr\u00e9cieuse occasion de mieux comprendre la n\u00f4tre.\r\n\r\nLouis Lefebvre est l'un des principaux sp\u00e9cialistes au monde de l'intelligence des oiseaux. Il retrace ici son fascinant parcours de chercheur, dont une bonne partie a eu pour cadre l'institut de recherche que l'Universit\u00e9 McGill poss\u00e8de \u00e0 la Barbade. Il nous fait d\u00e9couvrir, avec amusement et incr\u00e9dulit\u00e9, d'\u00e9tonnantes histoires d'innovation chez les oiseaux : des m\u00e9sanges qui apprennent \u00e0 d\u00e9boucher des bouteilles de lait aux g\u00e9ospizes qui se transforment en vampires ou aux courlis qui cassent les oeufs d'albatros \u00e0 l'aide de cailloux.\r\n\r\nComment se r\u00e9pandent ces innovations ? Par diffusion culturelle ? Par transmission g\u00e9n\u00e9tique ? Quelle diff\u00e9rence y a-t-il entre le cerveau d'un oiseau innovateur et celui d'un oiseau non innovateur ? Les oiseaux innovateurs peuvent-ils plus facilement coloniser un pays o\u00f9 on les a r\u00e9cemment introduits ? Quel oiseau est le plus innovateur, celui qui reste au m\u00eame endroit tout l'hiver ou celui qui migre vers le sud ?\r\n\r\nVoici quelques-unes des questions auxquelles l'auteur r\u00e9pond ici. En filigrane, il propose une passionnante r\u00e9flexion sur l'aventure humaine et intellectuelle que constitue la recherche scientifique, les malentendus qui l'entourent, les menaces qui p\u00e8sent sur elle aujourd'hui et tout ce qu'elle peut encore nous r\u00e9v\u00e9ler quant \u00e0 notre place dans le monde.","authors":["Louis Lefebvre"],"category_codes":["4000000","4010000","4010200","4010207"],"visuals":{"large":"https:\/\/images.epagine.fr\/815\/9782764627815_1_75.jpg","medium":"https:\/\/images.epagine.fr\/815\/9782764627815_1_m.jpg","thumbnail":"https:\/\/images.epagine.fr\/815\/9782764627815_1_v.jpg"},"orderable":true,"show_badge":true,"formatted_price":"22,00&nbsp;\u20ac","formatted_published_date":"22 mars 2024","publisher_availability_label":"Sur commande","short_details":"Louis Lefebvre \u2014 Boreal","translator":null,"weight":350,"page_count":232,"readership":null,"editor":"Boreal","price":2200,"published_date":"2024-03-21T23:00:00.000000Z","support":"Grand format","publisher_availability":1,"stock":0,"editions":[],"url":"https:\/\/quaidesbrumes.com\/ouvrage\/9782764627815\/tetes-de-linotte-innovation-et-intelligence-chez-les-oiseaux"},{"id":"9789063697051","title":"Rock your life : The magic and mystery of 50 magnificent gemstones","description":"Get ready to rock your world with 'Rock your Life,' a virtual treasure trove of geological fun and facts.\r\n\r\nThe card deck consists of 50 cards, with each card spotlighting a different stone's story, from ancient lore to modern marvels. For instance, did you know that obsidian was a portal to the supernatural for the Maya? Or that ancient Greeks believed clear quartz to be solidified ice? Or that amber has been used as a medicine for over 12,000 years? Whatever qualities of precious stones you admire most, this deck of cards certainly has some new insights for you. The deck comes with a specially designed leaflet with even more background info.\r\n\r\nIn short, the perfect gift for gem enthusiasts, budding geologists, or anyone who loves a good adventure.","authors":["Lilian Van Dongen Torman"],"category_codes":["4000000","4010000","4010300","4010306"],"visuals":{"large":"https:\/\/images.epagine.fr\/051\/9789063697051_1_75.jpg","medium":"https:\/\/images.epagine.fr\/051\/9789063697051_1_m.jpg","thumbnail":"https:\/\/images.epagine.fr\/051\/9789063697051_1_v.jpg"},"orderable":false,"show_badge":true,"formatted_price":"24,30&nbsp;\u20ac","formatted_published_date":null,"publisher_availability_label":"\u00c0 para\u00eetre","short_details":"Lilian Van Dongen Torman \u2014 Bis Publishers","translator":null,"weight":505,"page_count":50,"readership":null,"editor":"Bis Publishers","price":2430,"published_date":null,"support":"Grand format","publisher_availability":2,"stock":0,"editions":[],"url":"https:\/\/quaidesbrumes.com\/ouvrage\/9789063697051\/rock-your-life-the-magic-and-mystery-of-50-magnificent-gemstones"},{"id":"9782095018771","title":"Gros plan sur les plantes de M\u00e9diterran\u00e9e","description":"Pour reconna\u00eetre plus de 400 esp\u00e8ces de plantes du pourtour m\u00e9diterran\u00e9en, de la France \u00e0 la Gr\u00e8ce, de l'Afrique du Nord \u00e0 l'Italie, du bord de mer \u00e0 300 m d'altitude.\r\nLes plantes, class\u00e9es selon la couleur de leurs fleurs, sont pr\u00e9sent\u00e9es sous forme de fiches et illustr\u00e9es d'une photo et d'un sch\u00e9ma explicatif.\r\n\r\nUn livre \u00e9co-responsable, imprim\u00e9 en france","authors":["Wolfgang Lipdert","Dieter Podlech"],"category_codes":["4000000","4010000","4010400","4010405"],"visuals":{"large":"https:\/\/quaidesbrumes.com\/img\/book-placeholder.png","medium":"https:\/\/quaidesbrumes.com\/img\/book-placeholder.png","thumbnail":"https:\/\/quaidesbrumes.com\/img\/book-placeholder.png"},"orderable":false,"show_badge":true,"formatted_price":"14,95&nbsp;\u20ac","formatted_published_date":null,"publisher_availability_label":"\u00c0 para\u00eetre","short_details":"Wolfgang Lipdert, Dieter Podlech \u2014 Nathan","translator":null,"weight":0,"page_count":256,"readership":null,"editor":"Nathan","price":1495,"published_date":null,"support":"Grand format","publisher_availability":2,"stock":0,"editions":[],"url":"https:\/\/quaidesbrumes.com\/ouvrage\/9782095018771\/gros-plan-sur-les-plantes-de-mediterranee"},{"id":"9782813206633","title":"Oracle cristal feng shui ; r\u00e9ussir votre vie avec 44 cristaux","description":"L'Oracle du Cristal Feng Shui a \u00e9t\u00e9 r\u00e9alis\u00e9 pour vous aider \u00e0 concr\u00e9tiser vos projets tout en apprenant \u00e0 mieux vous conna\u00eetre.\r\nObtenir la r\u00e9ussite, c'est d'abord modifier un comportement qui jusqu'\u00e0 pr\u00e9sent ne vous a pas permis d'obtenir le succ\u00e8s.\r\nSi la relation aux autres et l'aspect mat\u00e9riel vous paraissent difficile \u00e0 g\u00e9rer que la vie vous donne souvent du fil a retordre., voici l'occasion de regarder tout cela d'un autre point de vue, plus objectif cette fois, gr\u00e2ce a l'art du Feng shui et la puissance des cristaux.\r\nCet oracle original va vous permettre d'aller \u00e0 la rencontre de vos v\u00e9ritable aspirations, de lever les obstacles et de r\u00e9aliser vos projets de vie.\r\nLa maison est un outil extraordinaire, et chaque cristal dispose de propri\u00e9t\u00e9s particuli\u00e8res pour optimiser votre domicile ou votre lieu de travail.\r\nVous allez d\u00e9couvrir dans ce coffret une m\u00e9thode simplifi\u00e9e du Feng Shui afin de vous permettre une mise en place rapide des rem\u00e8des gr\u00e2ce aux cristaux.","authors":["Nathalie Bodin"],"category_codes":["4000000","4010000","4010300","4010306"],"visuals":{"large":"https:\/\/images.epagine.fr\/633\/9782813206633_1_75.jpg","medium":"https:\/\/images.epagine.fr\/633\/9782813206633_1_m.jpg","thumbnail":"https:\/\/images.epagine.fr\/633\/9782813206633_1_v.jpg"},"orderable":true,"show_badge":true,"formatted_price":"23,90&nbsp;\u20ac","formatted_published_date":"2 d\u00e9cembre 2013","publisher_availability_label":"Sur commande","short_details":"Nathalie Bodin \u2014 Guy Tr\u00e9daniel \u00c9diteur","translator":null,"weight":460,"page_count":null,"readership":null,"editor":"Guy Tr\u00e9daniel \u00c9diteur","price":2390,"published_date":"2013-12-01T23:00:00.000000Z","support":"Coffret \/ Bo&icirc;te","publisher_availability":1,"stock":0,"editions":[],"url":"https:\/\/quaidesbrumes.com\/ouvrage\/9782813206633\/oracle-cristal-feng-shui-reussir-votre-vie-avec-44-cristaux"}]}