{"data":[{"id":"9783516573671","title":"HAUTE-SAVOIE, une r\u00e9gion o\u00f9 il fait bon vivre (Calendrier mural 2026 DIN A4 vertical), CALVENDO calendrier mensuel : D\u00e9couvrez la Haute-Savoie autrement","description":"Un calendrier qui donne \u00e0 r\u00eaver sur de magnifiques photographies des plus beaux paysages de la Haute-Savoie, une r\u00e9gion de pr\u00e9dilection pour les vacanciers. Un cadeau pour faire r\u00eaver vos proches tout au long de l'ann\u00e9e.\r\n\r\nCalendrier mural de qualit\u00e9 sup\u00e9rieure avec 12 magnifiques photos. L'environnement nous tient \u00e0 coeur. C'est pourquoi nous utilisons exclusivement du papier certifi\u00e9 FSC provenant de for\u00eats g\u00e9r\u00e9es de mani\u00e8re \u00e9coresponsable. Nous \u00e9vitons la surproduction et donc des quantit\u00e9s significatives de d\u00e9chets, en produisant dans l'UE \u00e0 l'unit\u00e9 et sur demande. Nous r\u00e9duisons nos distances de transport et assurons une logistique respectueuse de l'environnement.\r\n\r\n14 pages dont 1 couverture | 12 pages mensuelles | 1 page d'index | dos cartonn\u00e9\r\n\r\nCe calendrier \u00e0 succ\u00e8s a \u00e9t\u00e9 r\u00e9\u00e9dit\u00e9 cette ann\u00e9e avec les m\u00eames images et une grille calendaire mise \u00e0 jour.\r\n\r\nIllustrations:\r\nJanvier: Randonn\u00e9e en montagne \r\nF\u00e9vrier: La mer de glace \r\nMars: Au sommet \r\nAvril: Train du Montenvers \r\nMai: Sur les pistes du Montenvers \r\nJuin: L'Aiguille du Midi \r\nJuillet: Montgolfi\u00e8res dans les airs \r\nAo\u00fbt: Vaches de nos vall\u00e9es \r\nSeptembre: Mont-Blanc, Chamonix \r\nOctobre: Pause caf\u00e9 en haut des pistes \r\nNovembre: Annecy de nuit \r\nD\u00e9cembre: Palais de l'Isle \r\n\r\nQUALITATIF - un calendrier annuel de qualit\u00e9 sup\u00e9rieure avec 12 magnifiques motifs, sur papier d'impression photo, avec une reliure spirale robuste et un crochet de suspension.\r\nDURABLE - r\u00e9duction significative des d\u00e9chets gr\u00e2ce \u00e0 une fabrication sur papier certifi\u00e9 FSC \u00e0 l'unit\u00e9 et sur demande, production dans l'UE, logistique \u00e9cologique.\r\nCADEAU ID\u00c9AL - destin\u00e9 \u00e0 vos contacts priv\u00e9s ou professionnels, \u00e0 la famille ou aux amis, aux jeunes adultes ou aux moins jeunes,  pour un cadeau de No\u00ebl ou d'anniversaire ou juste pour le plaisir d'offrir.\r\nDIVERSIFI\u00c9 - de nombreux formats DIN A4 ou DIN A3, pour s'adapter \u00e0 toutes vos envies et vos cadres de vie.\r\nD\u00e9couvrez la Haute-Savoie autrement par l'auteur(rice): Cyrielle GIOT","authors":["Cyrielle Giot"],"category_codes":["4000000","4010000","4010200"],"visuals":{"large":"https:\/\/images.epagine.fr\/671\/9783516573671_1_75.jpg","medium":"https:\/\/images.epagine.fr\/671\/9783516573671_1_m.jpg","thumbnail":"https:\/\/images.epagine.fr\/671\/9783516573671_1_v.jpg"},"orderable":true,"show_badge":true,"formatted_price":"0,00&nbsp;\u20ac","formatted_published_date":"15 mai 2025","publisher_availability_label":"Sur commande","short_details":"Cyrielle Giot \u2014 Calvendo","translator":null,"weight":210,"page_count":14,"readership":null,"editor":"Calvendo","price":0,"published_date":"2025-05-14T22:00:00.000000Z","support":"Calendrier","publisher_availability":1,"stock":0,"editions":[],"url":"https:\/\/quaidesbrumes.com\/ouvrage\/9783516573671\/haute-savoie-une-region-ou-il-fait-bon-vivre-calendrier-mural-2026-din-a4-vertical-calvendo-calendrier-mensuel-decouvrez-la-haute-savoie-autrement"},{"id":"9783516573756","title":"Chevaux en Portraits (Calendrier mural 2026 DIN A3 horizontal), CALVENDO calendrier mensuel : Portraits de chevaux en libert\u00e9 et studio","description":"Avec ce calendrier d\u00e9couvrez une s\u00e9rie de portraits de chevaux, qui en laissant libre court \u00e0 leur inspiration, met en valeur leur beaut\u00e9 naturelle et majestueuse.\r\n\r\nCalendrier mural de qualit\u00e9 sup\u00e9rieure avec 12 magnifiques photos. L'environnement nous tient \u00e0 coeur. C'est pourquoi nous utilisons exclusivement du papier certifi\u00e9 FSC provenant de for\u00eats g\u00e9r\u00e9es de mani\u00e8re \u00e9coresponsable. Nous \u00e9vitons la surproduction et donc des quantit\u00e9s significatives de d\u00e9chets, en produisant dans l'UE \u00e0 l'unit\u00e9 et sur demande. Nous r\u00e9duisons nos distances de transport et assurons une logistique respectueuse de l'environnement.\r\n\r\n14 pages dont 1 couverture | 12 pages mensuelles | 1 page d'index | dos cartonn\u00e9\r\n\r\nCe calendrier \u00e0 succ\u00e8s a \u00e9t\u00e9 r\u00e9\u00e9dit\u00e9 cette ann\u00e9e avec les m\u00eames images et une grille calendaire mise \u00e0 jour.\r\n\r\nIllustrations:\r\nJanvier: Le nez \r\nF\u00e9vrier: Narcisse \r\nMars: Le sourire \r\nAvril: Dans l'ombre \r\nMai: Souvenirs, souvenirs \r\nJuin: Le fou \r\nJuillet: Pose studio \r\nAo\u00fbt: Fier \r\nSeptembre: Curiosit\u00e9 \r\nOctobre: Au loin \r\nNovembre: Tenue de t\u00eate \r\nD\u00e9cembre: Tenue de gala \r\n\r\nQUALITATIF - un calendrier annuel de qualit\u00e9 sup\u00e9rieure avec 12 magnifiques motifs, sur papier d'impression photo, avec une reliure spirale robuste et un crochet de suspension.\r\nDURABLE - r\u00e9duction significative des d\u00e9chets gr\u00e2ce \u00e0 une fabrication sur papier certifi\u00e9 FSC \u00e0 l'unit\u00e9 et sur demande, production dans l'UE, logistique \u00e9cologique.\r\nCADEAU ID\u00c9AL - destin\u00e9 \u00e0 vos contacts priv\u00e9s ou professionnels, \u00e0 la famille ou aux amis, aux jeunes adultes ou aux moins jeunes,  pour un cadeau de No\u00ebl ou d'anniversaire ou juste pour le plaisir d'offrir.\r\nDIVERSIFI\u00c9 - de nombreux formats DIN A4 ou DIN A3, pour s'adapter \u00e0 toutes vos envies et vos cadres de vie.\r\nPortraits de chevaux en libert\u00e9 et studio par l'auteur(rice): xavier BERTRAND","authors":["Xavier Bertrand"],"category_codes":["4000000","4010000","4010200"],"visuals":{"large":"https:\/\/images.epagine.fr\/756\/9783516573756_1_75.jpg","medium":"https:\/\/images.epagine.fr\/756\/9783516573756_1_m.jpg","thumbnail":"https:\/\/images.epagine.fr\/756\/9783516573756_1_v.jpg"},"orderable":true,"show_badge":true,"formatted_price":"0,00&nbsp;\u20ac","formatted_published_date":"15 mai 2025","publisher_availability_label":"Sur commande","short_details":"Xavier Bertrand \u2014 Calvendo","translator":null,"weight":450,"page_count":14,"readership":null,"editor":"Calvendo","price":0,"published_date":"2025-05-14T22:00:00.000000Z","support":"Calendrier","publisher_availability":1,"stock":0,"editions":[],"url":"https:\/\/quaidesbrumes.com\/ouvrage\/9783516573756\/chevaux-en-portraits-calendrier-mural-2026-din-a3-horizontal-calvendo-calendrier-mensuel-portraits-de-chevaux-en-liberte-et-studio"},{"id":"9783516574111","title":"Chevaux en Portraits (Calendrier mural 2026 DIN A4 horizontal), CALVENDO calendrier mensuel : Portraits de chevaux en libert\u00e9 et studio","description":"Avec ce calendrier d\u00e9couvrez une s\u00e9rie de portraits de chevaux, qui en laissant libre court \u00e0 leur inspiration, met en valeur leur beaut\u00e9 naturelle et majestueuse.\r\n\r\nCalendrier mural de qualit\u00e9 sup\u00e9rieure avec 12 magnifiques photos. L'environnement nous tient \u00e0 coeur. C'est pourquoi nous utilisons exclusivement du papier certifi\u00e9 FSC provenant de for\u00eats g\u00e9r\u00e9es de mani\u00e8re \u00e9coresponsable. Nous \u00e9vitons la surproduction et donc des quantit\u00e9s significatives de d\u00e9chets, en produisant dans l'UE \u00e0 l'unit\u00e9 et sur demande. Nous r\u00e9duisons nos distances de transport et assurons une logistique respectueuse de l'environnement.\r\n\r\n14 pages dont 1 couverture | 12 pages mensuelles | 1 page d'index | dos cartonn\u00e9\r\n\r\nCe calendrier \u00e0 succ\u00e8s a \u00e9t\u00e9 r\u00e9\u00e9dit\u00e9 cette ann\u00e9e avec les m\u00eames images et une grille calendaire mise \u00e0 jour.\r\n\r\nIllustrations:\r\nJanvier: Le nez \r\nF\u00e9vrier: Narcisse \r\nMars: Le sourire \r\nAvril: Dans l'ombre \r\nMai: Souvenirs, souvenirs \r\nJuin: Le fou \r\nJuillet: Pose studio \r\nAo\u00fbt: Fier \r\nSeptembre: Curiosit\u00e9 \r\nOctobre: Au loin \r\nNovembre: Tenue de t\u00eate \r\nD\u00e9cembre: Tenue de gala \r\n\r\nQUALITATIF - un calendrier annuel de qualit\u00e9 sup\u00e9rieure avec 12 magnifiques motifs, sur papier d'impression photo, avec une reliure spirale robuste et un crochet de suspension.\r\nDURABLE - r\u00e9duction significative des d\u00e9chets gr\u00e2ce \u00e0 une fabrication sur papier certifi\u00e9 FSC \u00e0 l'unit\u00e9 et sur demande, production dans l'UE, logistique \u00e9cologique.\r\nCADEAU ID\u00c9AL - destin\u00e9 \u00e0 vos contacts priv\u00e9s ou professionnels, \u00e0 la famille ou aux amis, aux jeunes adultes ou aux moins jeunes,  pour un cadeau de No\u00ebl ou d'anniversaire ou juste pour le plaisir d'offrir.\r\nDIVERSIFI\u00c9 - de nombreux formats DIN A4 ou DIN A3, pour s'adapter \u00e0 toutes vos envies et vos cadres de vie.\r\nPortraits de chevaux en libert\u00e9 et studio par l'auteur(rice): xavier BERTRAND","authors":["Xavier Bertrand"],"category_codes":["4000000","4010000","4010200"],"visuals":{"large":"https:\/\/images.epagine.fr\/111\/9783516574111_1_75.jpg","medium":"https:\/\/images.epagine.fr\/111\/9783516574111_1_m.jpg","thumbnail":"https:\/\/images.epagine.fr\/111\/9783516574111_1_v.jpg"},"orderable":true,"show_badge":true,"formatted_price":"0,00&nbsp;\u20ac","formatted_published_date":"15 mai 2025","publisher_availability_label":"Sur commande","short_details":"Xavier Bertrand \u2014 Calvendo","translator":null,"weight":210,"page_count":14,"readership":null,"editor":"Calvendo","price":0,"published_date":"2025-05-14T22:00:00.000000Z","support":"Calendrier","publisher_availability":1,"stock":0,"editions":[],"url":"https:\/\/quaidesbrumes.com\/ouvrage\/9783516574111\/chevaux-en-portraits-calendrier-mural-2026-din-a4-horizontal-calvendo-calendrier-mensuel-portraits-de-chevaux-en-liberte-et-studio"},{"id":"9783516574418","title":"Paysages de Provence  (Calendrier mural 2026 DIN A2 vertical) calendrier de bureau : Voyagez mois par mois \u00e0 travers la plus populaire r\u00e9gion de France.","description":"Que vous soyez un connaisseur de la Provence ou que vous la d\u00e9couvrez, le photographe local Chris Hellier vous montre les paysages les plus impressionnants de la r\u00e9gion. Les cerises fleurissent les collines du Lub\u00e9ron, et les m\u00e9l\u00e8zes au feuillages dor\u00e9 encadrent les eaux profondes du lac d'Allos. Admirez les champs de lavande du plateau du Valensole, les falaises des Gorges du Verdon envelopp\u00e9es de brume, et la mythique Montagne Sainte-Victoire, source d'inspiration du peintre C\u00e9zanne, \u00e9clair\u00e9e par la pleine lune.\r\n\r\nImpression d'art premium en haute brillance de qualit\u00e9 mus\u00e9e. Pour que les feuilles de papier soient bien accroch\u00e9es au mur, ce calendrier haut de gamme est dot\u00e9 de pochettes innovantes. Elles prot\u00e8gent les grandes feuilles des effets de l'humidit\u00e9 de l'air. Le papier est un mat\u00e9riau naturel. Les fibres r\u00e9agissent aux variations du climat ambiant. Il est donc conseill\u00e9 de ne pas retirer les pochettes d'insertion.\r\n\r\nNotre environnement nous tient \u00e0 coeur, c'est pourquoi nous misons sur une fabrication individuelle en Allemagne (Made in Germany) avec des mat\u00e9riaux de qualit\u00e9 sup\u00e9rieure.\r\n\r\n14 pages dont 1 couverture | 12 pages mensuelles | 1 page d'index I dos cartonn\u00e9.\r\n\r\n\r\nIllustrations:\r\nJanvier: Le lac d'Allos et les m\u00e9l\u00e8zes en hiver \r\nF\u00e9vrier: Le rocher de Castellane envelopp\u00e9 de brume matinale \r\nMars: Pleine lune au-dessus de la Montagne Sainte-Victoire \r\nAvril: Cerisiers dans le Lub\u00e9ron \r\nMai: Le Verdon \u00e0 Castellane \r\nJuin: Champs de lavande \u00e0 Valensole \r\nJuillet: Champs de lavande et de colza \u00e0 Valensole \r\nAo\u00fbt: Bottes de foin dans la Vall\u00e9e de l'Asse \r\nSeptembre: Les falaises d'ocres de Roussillon \r\nOctobre: Rafting sur le Verdon \r\nNovembre: Les falaises d'Escal\u00e8s dans les Gorges du Verdon \r\nD\u00e9cembre: Calanque d'En-Vau pr\u00e8s de Cassis \r\n\r\nLIGNE PREMIUM - Calendrier photo brillant avec 12 magnifiques motifs, impression d'art en haute brillance de qualit\u00e9 mus\u00e9e\r\nQUALIT\u00c9 - mat\u00e9riaux nobles, dos solide avec 2 pochettes innovantes pour une pr\u00e9sentation optimale au mur\r\nDURABLE - nette r\u00e9duction des d\u00e9chets gr\u00e2ce \u00e0 une fabrication \u00e0 l'unit\u00e9 adapt\u00e9e aux besoins, papier certifi\u00e9 FSC respectueux de l'environnement, production en Allemagne, logistique respectueuse du climat.\r\nCADEAU PARFAIT - calendrier pour les amis et la famille, pour les enfants et les adultes, les jeunes et les moins jeunes, pour No\u00ebl, les anniversaires ou entre deux.\r\nVoyagez mois par mois \u00e0 travers la plus populaire r\u00e9gion de France. par l'auteur(rice): Chris Hellier","authors":["Hellier (Photos Tous Droits R\u00e9serv\u00e9s. Co"],"category_codes":["4000000","4010000","4010200"],"visuals":{"large":"https:\/\/images.epagine.fr\/418\/9783516574418_1_75.jpg","medium":"https:\/\/images.epagine.fr\/418\/9783516574418_1_m.jpg","thumbnail":"https:\/\/images.epagine.fr\/418\/9783516574418_1_v.jpg"},"orderable":true,"show_badge":true,"formatted_price":"0,00&nbsp;\u20ac","formatted_published_date":"15 mai 2025","publisher_availability_label":"Sur commande","short_details":"Hellier (Photos Tous Droits R\u00e9serv\u00e9s. Co \u2014 Calvendo","translator":null,"weight":1280,"page_count":14,"readership":null,"editor":"Calvendo","price":0,"published_date":"2025-05-14T22:00:00.000000Z","support":"Calendrier","publisher_availability":1,"stock":0,"editions":[],"url":"https:\/\/quaidesbrumes.com\/ouvrage\/9783516574418\/paysages-de-provence-calendrier-mural-2026-din-a2-vertical-calendrier-de-bureau-voyagez-mois-par-mois-a-travers-la-plus-populaire-region-de-france"},{"id":"9783516574531","title":"DES \u00c9L\u00c9PHANTS ET DES HOMMES  (Calendrier mural 2026 DIN A2 vertical) calendrier de bureau : La relation entre les \u00e9l\u00e9phants et les hommes en Asie du sud-est","description":"Les temps deviennent difficiles pour l'\u00e9l\u00e9phant d'Asie. La croissance rapide de la population de ce continent grignote inexorablement son espace vital. Il rencontre de grandes difficult\u00e9s \u00e0 survivre \u00e0 l'\u00e9tat sauvage et sa confrontation souvent violente avec l'homme tourne en sa d\u00e9faveur. A l'\u00e9tat domestique, sa rentabilit\u00e9 \u00e9conomique le marginalise face \u00e0 la machine.\r\nPourtant, l'histoire des relations de l'homme et de cet animal est fortement ancr\u00e9e dans la culture asiatique : une longue histoire commune faite de complicit\u00e9 et de domination, des relations ancestrales de travail, bas\u00e9es sur une connaissance et une confiance r\u00e9ciproques, propices aux mythes et aux l\u00e9gendes.\r\n\r\nImpression d'art premium en haute brillance de qualit\u00e9 mus\u00e9e. Pour que les feuilles de papier soient bien accroch\u00e9es au mur, ce calendrier haut de gamme est dot\u00e9 de pochettes innovantes. Elles prot\u00e8gent les grandes feuilles des effets de l'humidit\u00e9 de l'air. Le papier est un mat\u00e9riau naturel. Les fibres r\u00e9agissent aux variations du climat ambiant. Il est donc conseill\u00e9 de ne pas retirer les pochettes d'insertion.\r\n\r\nNotre environnement nous tient \u00e0 coeur, c'est pourquoi nous misons sur une fabrication individuelle en Allemagne (Made in Germany) avec des mat\u00e9riaux de qualit\u00e9 sup\u00e9rieure.\r\n\r\n14 pages dont 1 couverture | 12 pages mensuelles | 1 page d'index I dos cartonn\u00e9.\r\n\r\n\r\nIllustrations:\r\nJanvier: Dans une rivi\u00e8re au Sri Lanka, 2005 \r\nF\u00e9vrier: Sayaboury, Laos, 2013 \r\nMars: Jeu avec les trompes, Sri Lanka, 2005 \r\nAvril: Un couple dans la for\u00eat, Sri Lanka, 2004 \r\nMai: Sur une plage au Sri Lanka, 2004 \r\nJuin: Sur la route du d\u00e9bardage, Birmanie, 2005 \r\nJuillet: Le bain, Sri Lanka, 2004 \r\nAo\u00fbt: Tha\u00eflande, 2005 \r\nSeptembre: \u00c9l\u00e9phanteau au Laos, 2013 \r\nOctobre: L'artiste peintre, Tha\u00eflande, 2005 \r\nNovembre: F\u00eate de l'\u00e9l\u00e9phant, Laos, 2013 \r\nD\u00e9cembre: Retour en for\u00eat, Laos, 2013 \r\n\r\nLIGNE PREMIUM - Calendrier photo brillant avec 12 magnifiques motifs, impression d'art en haute brillance de qualit\u00e9 mus\u00e9e\r\nQUALIT\u00c9 - mat\u00e9riaux nobles, dos solide avec 2 pochettes innovantes pour une pr\u00e9sentation optimale au mur\r\nDURABLE - nette r\u00e9duction des d\u00e9chets gr\u00e2ce \u00e0 une fabrication \u00e0 l'unit\u00e9 adapt\u00e9e aux besoins, papier certifi\u00e9 FSC respectueux de l'environnement, production en Allemagne, logistique respectueuse du climat.\r\nCADEAU PARFAIT - calendrier pour les amis et la famille, pour les enfants et les adultes, les jeunes et les moins jeunes, pour No\u00ebl, les anniversaires ou entre deux.\r\nLa relation entre les \u00e9l\u00e9phants et les hommes en Asie du sud-est par l'auteur(rice): Jean-Fran\u00e7ois  MUTZIG","authors":["Jean-fran\u00e7ois Mutzig"],"category_codes":["4000000","4010000","4010200"],"visuals":{"large":"https:\/\/images.epagine.fr\/531\/9783516574531_1_75.jpg","medium":"https:\/\/images.epagine.fr\/531\/9783516574531_1_m.jpg","thumbnail":"https:\/\/images.epagine.fr\/531\/9783516574531_1_v.jpg"},"orderable":true,"show_badge":true,"formatted_price":"0,00&nbsp;\u20ac","formatted_published_date":"15 mai 2025","publisher_availability_label":"Sur commande","short_details":"Jean-fran\u00e7ois Mutzig \u2014 Calvendo","translator":null,"weight":1280,"page_count":14,"readership":null,"editor":"Calvendo","price":0,"published_date":"2025-05-14T22:00:00.000000Z","support":"Calendrier","publisher_availability":1,"stock":0,"editions":[],"url":"https:\/\/quaidesbrumes.com\/ouvrage\/9783516574531\/des-elephants-et-des-hommes-calendrier-mural-2026-din-a2-vertical-calendrier-de-bureau-la-relation-entre-les-elephants-et-les-hommes-en-asie-du-sud-est"},{"id":"9783516574616","title":"La vall\u00e9e de la C\u00e9ze Gard (Calendrier mural 2026 DIN A3 vertical), CALVENDO calendrier mensuel : La vall\u00e9e de la C\u00e8ze situ\u00e9e au nord du Gard et parall\u00e8le \u00e0 l'Ard\u00e8che","description":"Petite vall\u00e9e o\u00f9 la C\u00e8ze court au pied des villages en pierres s\u00e8ches. Un havre de paix et de nature \u00e0 quelques kilom\u00e9tres de l'Ard\u00e8che.\r\n\r\nCalendrier mural de qualit\u00e9 sup\u00e9rieure avec 12 magnifiques photos. L'environnement nous tient \u00e0 coeur. C'est pourquoi nous utilisons exclusivement du papier certifi\u00e9 FSC provenant de for\u00eats g\u00e9r\u00e9es de mani\u00e8re \u00e9coresponsable. Nous \u00e9vitons la surproduction et donc des quantit\u00e9s significatives de d\u00e9chets, en produisant dans l'UE \u00e0 l'unit\u00e9 et sur demande. Nous r\u00e9duisons nos distances de transport et assurons une logistique respectueuse de l'environnement.\r\n\r\n14 pages dont 1 couverture | 12 pages mensuelles | 1 page d'index | dos cartonn\u00e9\r\n\r\nIllustrations:\r\nJanvier: Village de Montclus \r\nF\u00e9vrier: Vall\u00e9e de la C\u00e8ze \r\nMars: Vignes dans la vall\u00e9e de la C\u00e8ze \r\nAvril: Village de Sainte Andr\u00e9 de Roquepertuis \r\nMai: Moulin sur la C\u00e8ze \r\nJuin: Village de Goudargues \r\nJuillet: Cano\u00eb sur la C\u00e8ze \r\nAo\u00fbt: Pont et village de la Roque sur C\u00e8ze \r\nSeptembre: Les cascades du Sautadet \r\nOctobre: Village de Cornillon \r\nNovembre: Cabanon dans les vignes \r\nD\u00e9cembre: Vall\u00e9e de la C\u00e8ze, couleurs d'hiver \r\n\r\nQUALITATIF - un calendrier annuel de qualit\u00e9 sup\u00e9rieure avec 12 magnifiques motifs, sur papier d'impression photo, avec une reliure spirale robuste et un crochet de suspension.\r\nDURABLE - r\u00e9duction significative des d\u00e9chets gr\u00e2ce \u00e0 une fabrication sur papier certifi\u00e9 FSC \u00e0 l'unit\u00e9 et sur demande, production dans l'UE, logistique \u00e9cologique.\r\nCADEAU ID\u00c9AL - destin\u00e9 \u00e0 vos contacts priv\u00e9s ou professionnels, \u00e0 la famille ou aux amis, aux jeunes adultes ou aux moins jeunes,  pour un cadeau de No\u00ebl ou d'anniversaire ou juste pour le plaisir d'offrir.\r\nDIVERSIFI\u00c9 - de nombreux formats DIN A4 ou DIN A3, pour s'adapter \u00e0 toutes vos envies et vos cadres de vie.\r\nLa vall\u00e9e de la C\u00e8ze situ\u00e9e au nord du Gard et parall\u00e8le \u00e0 l'Ard\u00e8che par l'auteur(rice): Jean Fran\u00e7ois LEPAGE","authors":["Jean Fran\u00e7ois Lepage"],"category_codes":["4000000","4010000","4010200"],"visuals":{"large":"https:\/\/images.epagine.fr\/616\/9783516574616_1_75.jpg","medium":"https:\/\/images.epagine.fr\/616\/9783516574616_1_m.jpg","thumbnail":"https:\/\/images.epagine.fr\/616\/9783516574616_1_v.jpg"},"orderable":true,"show_badge":true,"formatted_price":"0,00&nbsp;\u20ac","formatted_published_date":"15 mai 2025","publisher_availability_label":"Sur commande","short_details":"Jean Fran\u00e7ois Lepage \u2014 Calvendo","translator":null,"weight":460,"page_count":14,"readership":null,"editor":"Calvendo","price":0,"published_date":"2025-05-14T22:00:00.000000Z","support":"Calendrier","publisher_availability":1,"stock":0,"editions":[],"url":"https:\/\/quaidesbrumes.com\/ouvrage\/9783516574616\/la-vallee-de-la-ceze-gard-calendrier-mural-2026-din-a3-vertical-calvendo-calendrier-mensuel-la-vallee-de-la-ceze-situee-au-nord-du-gard-et-parallele-a-lardeche"},{"id":"9783516574838","title":"Les Alpilles en Provence (Calendrier mural 2026 DIN A3 vertical), CALVENDO calendrier mensuel : Regard sur les paysages du Parc Naturel R\u00e9gional des Alpilles.","description":"Petit massif de 32 km sur 8 km, les Alpilles, un joyau au coeur de la Provence. Ici \u00e7a sent le thym et le romarin.\r\n\r\nCalendrier mural de qualit\u00e9 sup\u00e9rieure avec 12 magnifiques photos. L'environnement nous tient \u00e0 coeur. C'est pourquoi nous utilisons exclusivement du papier certifi\u00e9 FSC provenant de for\u00eats g\u00e9r\u00e9es de mani\u00e8re \u00e9coresponsable. Nous \u00e9vitons la surproduction et donc des quantit\u00e9s significatives de d\u00e9chets, en produisant dans l'UE \u00e0 l'unit\u00e9 et sur demande. Nous r\u00e9duisons nos distances de transport et assurons une logistique respectueuse de l'environnement.\r\n\r\n14 pages dont 1 couverture | 12 pages mensuelles | 1 page d'index | dos cartonn\u00e9\r\n\r\nCe calendrier \u00e0 succ\u00e8s a \u00e9t\u00e9 r\u00e9\u00e9dit\u00e9 cette ann\u00e9e avec les m\u00eames images et une grille calendaire mise \u00e0 jour.\r\n\r\nIllustrations:\r\nJanvier: Les calans face nord, a\u00e9rodrome de Romanin \r\nF\u00e9vrier: Les Trencades, vall\u00e9e des Baux de Provence \r\nMars: Culture d'oliviers \r\nAvril: Vall\u00e9e des Baux de Provence, les Trencades \r\nMai: Coquelicots dans une plantation d'oliviers \r\nJuin: Pierredon, paysage au coeur du massif \r\nJuillet: La cha\u00eene des Alpilles vue de la petite Crau \r\nAo\u00fbt: Baumayrane, point d'eau apr\u00e8s les pluies du printemps \r\nSeptembre: Le Mont Opis, sommet culminant du massif \u00e0 498 m \r\nOctobre: Les terres rouges, anciennes mines de bauxite \r\nNovembre: Les Lombars, vall\u00e9e des Baux \r\nD\u00e9cembre: Plaine de la Valongue, vignes en automne \r\n\r\nQUALITATIF - un calendrier annuel de qualit\u00e9 sup\u00e9rieure avec 12 magnifiques motifs, sur papier d'impression photo, avec une reliure spirale robuste et un crochet de suspension.\r\nDURABLE - r\u00e9duction significative des d\u00e9chets gr\u00e2ce \u00e0 une fabrication sur papier certifi\u00e9 FSC \u00e0 l'unit\u00e9 et sur demande, production dans l'UE, logistique \u00e9cologique.\r\nCADEAU ID\u00c9AL - destin\u00e9 \u00e0 vos contacts priv\u00e9s ou professionnels, \u00e0 la famille ou aux amis, aux jeunes adultes ou aux moins jeunes,  pour un cadeau de No\u00ebl ou d'anniversaire ou juste pour le plaisir d'offrir.\r\nDIVERSIFI\u00c9 - de nombreux formats DIN A4 ou DIN A3, pour s'adapter \u00e0 toutes vos envies et vos cadres de vie.\r\nRegard sur les paysages du Parc Naturel R\u00e9gional des Alpilles. par l'auteur(rice): Jean Fran\u00e7ois LEPAGE","authors":["Jean Fran\u00e7ois Lepage"],"category_codes":["4000000","4010000","4010200"],"visuals":{"large":"https:\/\/images.epagine.fr\/838\/9783516574838_1_75.jpg","medium":"https:\/\/images.epagine.fr\/838\/9783516574838_1_m.jpg","thumbnail":"https:\/\/images.epagine.fr\/838\/9783516574838_1_v.jpg"},"orderable":true,"show_badge":true,"formatted_price":"0,00&nbsp;\u20ac","formatted_published_date":"15 mai 2025","publisher_availability_label":"Sur commande","short_details":"Jean Fran\u00e7ois Lepage \u2014 Calvendo","translator":null,"weight":460,"page_count":14,"readership":null,"editor":"Calvendo","price":0,"published_date":"2025-05-14T22:00:00.000000Z","support":"Calendrier","publisher_availability":1,"stock":0,"editions":[],"url":"https:\/\/quaidesbrumes.com\/ouvrage\/9783516574838\/les-alpilles-en-provence-calendrier-mural-2026-din-a3-vertical-calvendo-calendrier-mensuel-regard-sur-les-paysages-du-parc-naturel-regional-des-alpilles"},{"id":"9783516574906","title":"La vall\u00e9e de la Clar\u00e9e Hautes-Alpes  (Calendrier mural 2026 DIN A2 horizontal) calendrier de bureau : Balade dans les Hautes-Alpes, une regard sur la vie et les paysages de montagne","description":"La vall\u00e9e de la Clar\u00e9e et ses territoires sauvages et pr\u00e9serv\u00e9s s'offrent aux amoureux de la nature et des grands espaces. D\u00e9couvrez l'authenticit\u00e9 de ses petits villages de montagne et de ses paysages majestueux.\r\n\r\nImpression d'art premium en haute brillance de qualit\u00e9 mus\u00e9e. Pour que les feuilles de papier soient bien accroch\u00e9es au mur, ce calendrier haut de gamme est dot\u00e9 de pochettes innovantes. Elles prot\u00e8gent les grandes feuilles des effets de l'humidit\u00e9 de l'air. Le papier est un mat\u00e9riau naturel. Les fibres r\u00e9agissent aux variations du climat ambiant. Il est donc conseill\u00e9 de ne pas retirer les pochettes d'insertion.\r\n\r\nNotre environnement nous tient \u00e0 coeur, c'est pourquoi nous misons sur une fabrication individuelle en Allemagne (Made in Germany) avec des mat\u00e9riaux de qualit\u00e9 sup\u00e9rieure.\r\n\r\n14 pages dont 1 couverture | 12 pages mensuelles | 1 page d'index I dos cartonn\u00e9.\r\n\r\n\r\nCe calendrier \u00e0 succ\u00e8s a \u00e9t\u00e9 r\u00e9\u00e9dit\u00e9 cette ann\u00e9e avec les m\u00eames images et une grille calendaire mise \u00e0 jour.\r\n\r\nIllustrations:\r\nJanvier: Chalet traditionnel en hiver \r\nF\u00e9vrier: Village de Plampinet sous la neige \r\nMars: Chalet de montagne et massif des Cerces \r\nAvril: Cadran solaire de N\u00e9vache \r\nMai: Chalet d'alpage en m\u00e9l\u00e8ze \r\nJuin: Caf\u00e9-restaurant de N\u00e9vache \r\nJuillet: Maison de montagne \r\nAo\u00fbt: Chapelle en montagne \r\nSeptembre: La Clar\u00e9e et les dents du diable \r\nOctobre: Cour de ferme \r\nNovembre: Clocher enneig\u00e9 \r\nD\u00e9cembre: Vall\u00e9e de la Clar\u00e9e \r\n\r\nLIGNE PREMIUM - Calendrier photo brillant avec 12 magnifiques motifs, impression d'art en haute brillance de qualit\u00e9 mus\u00e9e\r\nQUALIT\u00c9 - mat\u00e9riaux nobles, dos solide avec 2 pochettes innovantes pour une pr\u00e9sentation optimale au mur\r\nDURABLE - nette r\u00e9duction des d\u00e9chets gr\u00e2ce \u00e0 une fabrication \u00e0 l'unit\u00e9 adapt\u00e9e aux besoins, papier certifi\u00e9 FSC respectueux de l'environnement, production en Allemagne, logistique respectueuse du climat.\r\nCADEAU PARFAIT - calendrier pour les amis et la famille, pour les enfants et les adultes, les jeunes et les moins jeunes, pour No\u00ebl, les anniversaires ou entre deux.\r\nBalade dans les Hautes-Alpes, une regard sur la vie et les paysages de montagne par l'auteur(rice): Jean Fran\u00e7ois LEPAGE","authors":["Photos Jean Fran\u00e7ois Lepage"],"category_codes":["4000000","4010000","4010200"],"visuals":{"large":"https:\/\/images.epagine.fr\/906\/9783516574906_1_75.jpg","medium":"https:\/\/images.epagine.fr\/906\/9783516574906_1_m.jpg","thumbnail":"https:\/\/images.epagine.fr\/906\/9783516574906_1_v.jpg"},"orderable":true,"show_badge":true,"formatted_price":"0,00&nbsp;\u20ac","formatted_published_date":"15 mai 2025","publisher_availability_label":"Sur commande","short_details":"Photos Jean Fran\u00e7ois Lepage \u2014 Calvendo","translator":null,"weight":1280,"page_count":14,"readership":null,"editor":"Calvendo","price":0,"published_date":"2025-05-14T22:00:00.000000Z","support":"Calendrier","publisher_availability":1,"stock":0,"editions":[],"url":"https:\/\/quaidesbrumes.com\/ouvrage\/9783516574906\/la-vallee-de-la-claree-hautes-alpes-calendrier-mural-2026-din-a2-horizontal-calendrier-de-bureau-balade-dans-les-hautes-alpes-une-regard-sur-la-vie-et-les-paysages-de-montagne"},{"id":"9783516575118","title":"Paysages de Provence (Calendrier mural 2026 DIN A3 vertical), CALVENDO calendrier mensuel : Voyagez mois par mois \u00e0 travers la plus populaire r\u00e9gion de France.","description":"Que vous soyez un connaisseur de la Provence ou que vous la d\u00e9couvrez, le photographe local Chris Hellier vous montre les paysages les plus impressionnants de la r\u00e9gion. Les cerises fleurissent les collines du Lub\u00e9ron, et les m\u00e9l\u00e8zes au feuillages dor\u00e9 encadrent les eaux profondes du lac d'Allos. Admirez les champs de lavande du plateau du Valensole, les falaises des Gorges du Verdon envelopp\u00e9es de brume, et la mythique Montagne Sainte-Victoire, source d'inspiration du peintre C\u00e9zanne, \u00e9clair\u00e9e par la pleine lune.\r\n\r\nCalendrier mural de qualit\u00e9 sup\u00e9rieure avec 12 magnifiques photos. L'environnement nous tient \u00e0 coeur. C'est pourquoi nous utilisons exclusivement du papier certifi\u00e9 FSC provenant de for\u00eats g\u00e9r\u00e9es de mani\u00e8re \u00e9coresponsable. Nous \u00e9vitons la surproduction et donc des quantit\u00e9s significatives de d\u00e9chets, en produisant dans l'UE \u00e0 l'unit\u00e9 et sur demande. Nous r\u00e9duisons nos distances de transport et assurons une logistique respectueuse de l'environnement.\r\n\r\n14 pages dont 1 couverture | 12 pages mensuelles | 1 page d'index | dos cartonn\u00e9\r\n\r\nIllustrations:\r\nJanvier: Le lac d'Allos et les m\u00e9l\u00e8zes en hiver \r\nF\u00e9vrier: Le rocher de Castellane envelopp\u00e9 de brume matinale \r\nMars: Pleine lune au-dessus de la Montagne Sainte-Victoire \r\nAvril: Cerisiers dans le Lub\u00e9ron \r\nMai: Le Verdon \u00e0 Castellane \r\nJuin: Champs de lavande \u00e0 Valensole \r\nJuillet: Champs de lavande et de colza \u00e0 Valensole \r\nAo\u00fbt: Bottes de foin dans la Vall\u00e9e de l'Asse \r\nSeptembre: Les falaises d'ocres de Roussillon \r\nOctobre: Rafting sur le Verdon \r\nNovembre: Les falaises d'Escal\u00e8s dans les Gorges du Verdon \r\nD\u00e9cembre: Calanque d'En-Vau pr\u00e8s de Cassis \r\n\r\nQUALITATIF - un calendrier annuel de qualit\u00e9 sup\u00e9rieure avec 12 magnifiques motifs, sur papier d'impression photo, avec une reliure spirale robuste et un crochet de suspension.\r\nDURABLE - r\u00e9duction significative des d\u00e9chets gr\u00e2ce \u00e0 une fabrication sur papier certifi\u00e9 FSC \u00e0 l'unit\u00e9 et sur demande, production dans l'UE, logistique \u00e9cologique.\r\nCADEAU ID\u00c9AL - destin\u00e9 \u00e0 vos contacts priv\u00e9s ou professionnels, \u00e0 la famille ou aux amis, aux jeunes adultes ou aux moins jeunes,  pour un cadeau de No\u00ebl ou d'anniversaire ou juste pour le plaisir d'offrir.\r\nDIVERSIFI\u00c9 - de nombreux formats DIN A4 ou DIN A3, pour s'adapter \u00e0 toutes vos envies et vos cadres de vie.\r\nVoyagez mois par mois \u00e0 travers la plus populaire r\u00e9gion de France. par l'auteur(rice): Chris Hellier","authors":["Hellier (Photos Tous Droits R\u00e9serv\u00e9s. Co"],"category_codes":["4000000","4010000","4010200"],"visuals":{"large":"https:\/\/images.epagine.fr\/118\/9783516575118_1_75.jpg","medium":"https:\/\/images.epagine.fr\/118\/9783516575118_1_m.jpg","thumbnail":"https:\/\/images.epagine.fr\/118\/9783516575118_1_v.jpg"},"orderable":true,"show_badge":true,"formatted_price":"0,00&nbsp;\u20ac","formatted_published_date":"15 mai 2025","publisher_availability_label":"Sur commande","short_details":"Hellier (Photos Tous Droits R\u00e9serv\u00e9s. Co \u2014 Calvendo","translator":null,"weight":460,"page_count":14,"readership":null,"editor":"Calvendo","price":0,"published_date":"2025-05-14T22:00:00.000000Z","support":"Calendrier","publisher_availability":1,"stock":0,"editions":[],"url":"https:\/\/quaidesbrumes.com\/ouvrage\/9783516575118\/paysages-de-provence-calendrier-mural-2026-din-a3-vertical-calvendo-calendrier-mensuel-voyagez-mois-par-mois-a-travers-la-plus-populaire-region-de-france"},{"id":"9783516575248","title":"DES \u00c9L\u00c9PHANTS ET DES HOMMES (Calendrier mural 2026 DIN A3 vertical), CALVENDO calendrier mensuel : La relation entre les \u00e9l\u00e9phants et les hommes en Asie du sud-est","description":"Les temps deviennent difficiles pour l'\u00e9l\u00e9phant d'Asie. La croissance rapide de la population de ce continent grignote inexorablement son espace vital. Il rencontre de grandes difficult\u00e9s \u00e0 survivre \u00e0 l'\u00e9tat sauvage et sa confrontation souvent violente avec l'homme tourne en sa d\u00e9faveur. A l'\u00e9tat domestique, sa rentabilit\u00e9 \u00e9conomique le marginalise face \u00e0 la machine.\r\nPourtant, l'histoire des relations de l'homme et de cet animal est fortement ancr\u00e9e dans la culture asiatique : une longue histoire commune faite de complicit\u00e9 et de domination, des relations ancestrales de travail, bas\u00e9es sur une connaissance et une confiance r\u00e9ciproques, propices aux mythes et aux l\u00e9gendes.\r\n\r\nCalendrier mural de qualit\u00e9 sup\u00e9rieure avec 12 magnifiques photos. L'environnement nous tient \u00e0 coeur. C'est pourquoi nous utilisons exclusivement du papier certifi\u00e9 FSC provenant de for\u00eats g\u00e9r\u00e9es de mani\u00e8re \u00e9coresponsable. Nous \u00e9vitons la surproduction et donc des quantit\u00e9s significatives de d\u00e9chets, en produisant dans l'UE \u00e0 l'unit\u00e9 et sur demande. Nous r\u00e9duisons nos distances de transport et assurons une logistique respectueuse de l'environnement.\r\n\r\n14 pages dont 1 couverture | 12 pages mensuelles | 1 page d'index | dos cartonn\u00e9\r\n\r\nIllustrations:\r\nJanvier: Dans une rivi\u00e8re au Sri Lanka, 2005 \r\nF\u00e9vrier: Sayaboury, Laos, 2013 \r\nMars: Jeu avec les trompes, Sri Lanka, 2005 \r\nAvril: Un couple dans la for\u00eat, Sri Lanka, 2004 \r\nMai: Sur une plage au Sri Lanka, 2004 \r\nJuin: Sur la route du d\u00e9bardage, Birmanie, 2005 \r\nJuillet: Le bain, Sri Lanka, 2004 \r\nAo\u00fbt: Tha\u00eflande, 2005 \r\nSeptembre: \u00c9l\u00e9phanteau au Laos, 2013 \r\nOctobre: L'artiste peintre, Tha\u00eflande, 2005 \r\nNovembre: F\u00eate de l'\u00e9l\u00e9phant, Laos, 2013 \r\nD\u00e9cembre: Retour en for\u00eat, Laos, 2013 \r\n\r\nQUALITATIF - un calendrier annuel de qualit\u00e9 sup\u00e9rieure avec 12 magnifiques motifs, sur papier d'impression photo, avec une reliure spirale robuste et un crochet de suspension.\r\nDURABLE - r\u00e9duction significative des d\u00e9chets gr\u00e2ce \u00e0 une fabrication sur papier certifi\u00e9 FSC \u00e0 l'unit\u00e9 et sur demande, production dans l'UE, logistique \u00e9cologique.\r\nCADEAU ID\u00c9AL - destin\u00e9 \u00e0 vos contacts priv\u00e9s ou professionnels, \u00e0 la famille ou aux amis, aux jeunes adultes ou aux moins jeunes,  pour un cadeau de No\u00ebl ou d'anniversaire ou juste pour le plaisir d'offrir.\r\nDIVERSIFI\u00c9 - de nombreux formats DIN A4 ou DIN A3, pour s'adapter \u00e0 toutes vos envies et vos cadres de vie.\r\nLa relation entre les \u00e9l\u00e9phants et les hommes en Asie du sud-est par l'auteur(rice): Jean-Fran\u00e7ois  MUTZIG","authors":["Jean-fran\u00e7ois Mutzig"],"category_codes":["4000000","4010000","4010200"],"visuals":{"large":"https:\/\/images.epagine.fr\/248\/9783516575248_1_75.jpg","medium":"https:\/\/images.epagine.fr\/248\/9783516575248_1_m.jpg","thumbnail":"https:\/\/images.epagine.fr\/248\/9783516575248_1_v.jpg"},"orderable":true,"show_badge":true,"formatted_price":"0,00&nbsp;\u20ac","formatted_published_date":"15 mai 2025","publisher_availability_label":"Sur commande","short_details":"Jean-fran\u00e7ois Mutzig \u2014 Calvendo","translator":null,"weight":460,"page_count":14,"readership":null,"editor":"Calvendo","price":0,"published_date":"2025-05-14T22:00:00.000000Z","support":"Calendrier","publisher_availability":1,"stock":0,"editions":[],"url":"https:\/\/quaidesbrumes.com\/ouvrage\/9783516575248\/des-elephants-et-des-hommes-calendrier-mural-2026-din-a3-vertical-calvendo-calendrier-mensuel-la-relation-entre-les-elephants-et-les-hommes-en-asie-du-sud-est"},{"id":"9783516575309","title":"La vall\u00e9e de la C\u00e9ze Gard (Calendrier mural 2026 DIN A4 vertical), CALVENDO calendrier mensuel : La vall\u00e9e de la C\u00e8ze situ\u00e9e au nord du Gard et parall\u00e8le \u00e0 l'Ard\u00e8che","description":"Petite vall\u00e9e o\u00f9 la C\u00e8ze court au pied des villages en pierres s\u00e8ches. Un havre de paix et de nature \u00e0 quelques kilom\u00e9tres de l'Ard\u00e8che.\r\n\r\nCalendrier mural de qualit\u00e9 sup\u00e9rieure avec 12 magnifiques photos. L'environnement nous tient \u00e0 coeur. C'est pourquoi nous utilisons exclusivement du papier certifi\u00e9 FSC provenant de for\u00eats g\u00e9r\u00e9es de mani\u00e8re \u00e9coresponsable. Nous \u00e9vitons la surproduction et donc des quantit\u00e9s significatives de d\u00e9chets, en produisant dans l'UE \u00e0 l'unit\u00e9 et sur demande. Nous r\u00e9duisons nos distances de transport et assurons une logistique respectueuse de l'environnement.\r\n\r\n14 pages dont 1 couverture | 12 pages mensuelles | 1 page d'index | dos cartonn\u00e9\r\n\r\nIllustrations:\r\nJanvier: Village de Montclus \r\nF\u00e9vrier: Vall\u00e9e de la C\u00e8ze \r\nMars: Vignes dans la vall\u00e9e de la C\u00e8ze \r\nAvril: Village de Sainte Andr\u00e9 de Roquepertuis \r\nMai: Moulin sur la C\u00e8ze \r\nJuin: Village de Goudargues \r\nJuillet: Cano\u00eb sur la C\u00e8ze \r\nAo\u00fbt: Pont et village de la Roque sur C\u00e8ze \r\nSeptembre: Les cascades du Sautadet \r\nOctobre: Village de Cornillon \r\nNovembre: Cabanon dans les vignes \r\nD\u00e9cembre: Vall\u00e9e de la C\u00e8ze, couleurs d'hiver \r\n\r\nQUALITATIF - un calendrier annuel de qualit\u00e9 sup\u00e9rieure avec 12 magnifiques motifs, sur papier d'impression photo, avec une reliure spirale robuste et un crochet de suspension.\r\nDURABLE - r\u00e9duction significative des d\u00e9chets gr\u00e2ce \u00e0 une fabrication sur papier certifi\u00e9 FSC \u00e0 l'unit\u00e9 et sur demande, production dans l'UE, logistique \u00e9cologique.\r\nCADEAU ID\u00c9AL - destin\u00e9 \u00e0 vos contacts priv\u00e9s ou professionnels, \u00e0 la famille ou aux amis, aux jeunes adultes ou aux moins jeunes,  pour un cadeau de No\u00ebl ou d'anniversaire ou juste pour le plaisir d'offrir.\r\nDIVERSIFI\u00c9 - de nombreux formats DIN A4 ou DIN A3, pour s'adapter \u00e0 toutes vos envies et vos cadres de vie.\r\nLa vall\u00e9e de la C\u00e8ze situ\u00e9e au nord du Gard et parall\u00e8le \u00e0 l'Ard\u00e8che par l'auteur(rice): Jean Fran\u00e7ois LEPAGE","authors":["Jean Fran\u00e7ois Lepage"],"category_codes":["4000000","4010000","4010200"],"visuals":{"large":"https:\/\/images.epagine.fr\/309\/9783516575309_1_75.jpg","medium":"https:\/\/images.epagine.fr\/309\/9783516575309_1_m.jpg","thumbnail":"https:\/\/images.epagine.fr\/309\/9783516575309_1_v.jpg"},"orderable":true,"show_badge":true,"formatted_price":"0,00&nbsp;\u20ac","formatted_published_date":"15 mai 2025","publisher_availability_label":"Sur commande","short_details":"Jean Fran\u00e7ois Lepage \u2014 Calvendo","translator":null,"weight":210,"page_count":14,"readership":null,"editor":"Calvendo","price":0,"published_date":"2025-05-14T22:00:00.000000Z","support":"Calendrier","publisher_availability":1,"stock":0,"editions":[],"url":"https:\/\/quaidesbrumes.com\/ouvrage\/9783516575309\/la-vallee-de-la-ceze-gard-calendrier-mural-2026-din-a4-vertical-calvendo-calendrier-mensuel-la-vallee-de-la-ceze-situee-au-nord-du-gard-et-parallele-a-lardeche"},{"id":"9783516575330","title":"Les Alpilles en Provence (Calendrier mural 2026 DIN A4 vertical), CALVENDO calendrier mensuel : Regard sur les paysages du Parc Naturel R\u00e9gional des Alpilles.","description":"Petit massif de 32 km sur 8 km, les Alpilles, un joyau au coeur de la Provence. Ici \u00e7a sent le thym et le romarin.\r\n\r\nCalendrier mural de qualit\u00e9 sup\u00e9rieure avec 12 magnifiques photos. L'environnement nous tient \u00e0 coeur. C'est pourquoi nous utilisons exclusivement du papier certifi\u00e9 FSC provenant de for\u00eats g\u00e9r\u00e9es de mani\u00e8re \u00e9coresponsable. Nous \u00e9vitons la surproduction et donc des quantit\u00e9s significatives de d\u00e9chets, en produisant dans l'UE \u00e0 l'unit\u00e9 et sur demande. Nous r\u00e9duisons nos distances de transport et assurons une logistique respectueuse de l'environnement.\r\n\r\n14 pages dont 1 couverture | 12 pages mensuelles | 1 page d'index | dos cartonn\u00e9\r\n\r\nCe calendrier \u00e0 succ\u00e8s a \u00e9t\u00e9 r\u00e9\u00e9dit\u00e9 cette ann\u00e9e avec les m\u00eames images et une grille calendaire mise \u00e0 jour.\r\n\r\nIllustrations:\r\nJanvier: Les calans face nord, a\u00e9rodrome de Romanin \r\nF\u00e9vrier: Les Trencades, vall\u00e9e des Baux de Provence \r\nMars: Culture d'oliviers \r\nAvril: Vall\u00e9e des Baux de Provence, les Trencades \r\nMai: Coquelicots dans une plantation d'oliviers \r\nJuin: Pierredon, paysage au coeur du massif \r\nJuillet: La cha\u00eene des Alpilles vue de la petite Crau \r\nAo\u00fbt: Baumayrane, point d'eau apr\u00e8s les pluies du printemps \r\nSeptembre: Le Mont Opis, sommet culminant du massif \u00e0 498 m \r\nOctobre: Les terres rouges, anciennes mines de bauxite \r\nNovembre: Les Lombars, vall\u00e9e des Baux \r\nD\u00e9cembre: Plaine de la Valongue, vignes en automne \r\n\r\nQUALITATIF - un calendrier annuel de qualit\u00e9 sup\u00e9rieure avec 12 magnifiques motifs, sur papier d'impression photo, avec une reliure spirale robuste et un crochet de suspension.\r\nDURABLE - r\u00e9duction significative des d\u00e9chets gr\u00e2ce \u00e0 une fabrication sur papier certifi\u00e9 FSC \u00e0 l'unit\u00e9 et sur demande, production dans l'UE, logistique \u00e9cologique.\r\nCADEAU ID\u00c9AL - destin\u00e9 \u00e0 vos contacts priv\u00e9s ou professionnels, \u00e0 la famille ou aux amis, aux jeunes adultes ou aux moins jeunes,  pour un cadeau de No\u00ebl ou d'anniversaire ou juste pour le plaisir d'offrir.\r\nDIVERSIFI\u00c9 - de nombreux formats DIN A4 ou DIN A3, pour s'adapter \u00e0 toutes vos envies et vos cadres de vie.\r\nRegard sur les paysages du Parc Naturel R\u00e9gional des Alpilles. par l'auteur(rice): Jean Fran\u00e7ois LEPAGE","authors":["Jean Fran\u00e7ois Lepage"],"category_codes":["4000000","4010000","4010200"],"visuals":{"large":"https:\/\/images.epagine.fr\/330\/9783516575330_1_75.jpg","medium":"https:\/\/images.epagine.fr\/330\/9783516575330_1_m.jpg","thumbnail":"https:\/\/images.epagine.fr\/330\/9783516575330_1_v.jpg"},"orderable":true,"show_badge":true,"formatted_price":"0,00&nbsp;\u20ac","formatted_published_date":"15 mai 2025","publisher_availability_label":"Sur commande","short_details":"Jean Fran\u00e7ois Lepage \u2014 Calvendo","translator":null,"weight":210,"page_count":14,"readership":null,"editor":"Calvendo","price":0,"published_date":"2025-05-14T22:00:00.000000Z","support":"Calendrier","publisher_availability":1,"stock":0,"editions":[],"url":"https:\/\/quaidesbrumes.com\/ouvrage\/9783516575330\/les-alpilles-en-provence-calendrier-mural-2026-din-a4-vertical-calvendo-calendrier-mensuel-regard-sur-les-paysages-du-parc-naturel-regional-des-alpilles"},{"id":"9783516575361","title":"Paysages de Provence (Calendrier mural 2026 DIN A4 vertical), CALVENDO calendrier mensuel : Voyagez mois par mois \u00e0 travers la plus populaire r\u00e9gion de France.","description":"Que vous soyez un connaisseur de la Provence ou que vous la d\u00e9couvrez, le photographe local Chris Hellier vous montre les paysages les plus impressionnants de la r\u00e9gion. Les cerises fleurissent les collines du Lub\u00e9ron, et les m\u00e9l\u00e8zes au feuillages dor\u00e9 encadrent les eaux profondes du lac d'Allos. Admirez les champs de lavande du plateau du Valensole, les falaises des Gorges du Verdon envelopp\u00e9es de brume, et la mythique Montagne Sainte-Victoire, source d'inspiration du peintre C\u00e9zanne, \u00e9clair\u00e9e par la pleine lune.\r\n\r\nCalendrier mural de qualit\u00e9 sup\u00e9rieure avec 12 magnifiques photos. L'environnement nous tient \u00e0 coeur. C'est pourquoi nous utilisons exclusivement du papier certifi\u00e9 FSC provenant de for\u00eats g\u00e9r\u00e9es de mani\u00e8re \u00e9coresponsable. Nous \u00e9vitons la surproduction et donc des quantit\u00e9s significatives de d\u00e9chets, en produisant dans l'UE \u00e0 l'unit\u00e9 et sur demande. Nous r\u00e9duisons nos distances de transport et assurons une logistique respectueuse de l'environnement.\r\n\r\n14 pages dont 1 couverture | 12 pages mensuelles | 1 page d'index | dos cartonn\u00e9\r\n\r\nCe calendrier \u00e0 succ\u00e8s a \u00e9t\u00e9 r\u00e9\u00e9dit\u00e9 cette ann\u00e9e avec les m\u00eames images et une grille calendaire mise \u00e0 jour.\r\n\r\nIllustrations:\r\nJanvier: Le lac d'Allos et les m\u00e9l\u00e8zes en hiver \r\nF\u00e9vrier: Le rocher de Castellane envelopp\u00e9 de brume matinale \r\nMars: Pleine lune au-dessus de la Montagne Sainte-Victoire \r\nAvril: Cerisiers dans le Lub\u00e9ron \r\nMai: Le Verdon \u00e0 Castellane \r\nJuin: Champs de lavande \u00e0 Valensole \r\nJuillet: Champs de lavande et de colza \u00e0 Valensole \r\nAo\u00fbt: Bottes de foin dans la Vall\u00e9e de l'Asse \r\nSeptembre: Les falaises d'ocres de Roussillon \r\nOctobre: Rafting sur le Verdon \r\nNovembre: Les falaises d'Escal\u00e8s dans les Gorges du Verdon \r\nD\u00e9cembre: Calanque d'En-Vau pr\u00e8s de Cassis \r\n\r\nQUALITATIF - un calendrier annuel de qualit\u00e9 sup\u00e9rieure avec 12 magnifiques motifs, sur papier d'impression photo, avec une reliure spirale robuste et un crochet de suspension.\r\nDURABLE - r\u00e9duction significative des d\u00e9chets gr\u00e2ce \u00e0 une fabrication sur papier certifi\u00e9 FSC \u00e0 l'unit\u00e9 et sur demande, production dans l'UE, logistique \u00e9cologique.\r\nCADEAU ID\u00c9AL - destin\u00e9 \u00e0 vos contacts priv\u00e9s ou professionnels, \u00e0 la famille ou aux amis, aux jeunes adultes ou aux moins jeunes,  pour un cadeau de No\u00ebl ou d'anniversaire ou juste pour le plaisir d'offrir.\r\nDIVERSIFI\u00c9 - de nombreux formats DIN A4 ou DIN A3, pour s'adapter \u00e0 toutes vos envies et vos cadres de vie.\r\nVoyagez mois par mois \u00e0 travers la plus populaire r\u00e9gion de France. par l'auteur(rice): Chris Hellier","authors":["Hellier (Photos Tous Droits R\u00e9serv\u00e9s. Co"],"category_codes":["4000000","4010000","4010200"],"visuals":{"large":"https:\/\/images.epagine.fr\/361\/9783516575361_1_75.jpg","medium":"https:\/\/images.epagine.fr\/361\/9783516575361_1_m.jpg","thumbnail":"https:\/\/images.epagine.fr\/361\/9783516575361_1_v.jpg"},"orderable":true,"show_badge":true,"formatted_price":"0,00&nbsp;\u20ac","formatted_published_date":"15 mai 2025","publisher_availability_label":"Sur commande","short_details":"Hellier (Photos Tous Droits R\u00e9serv\u00e9s. Co \u2014 Calvendo","translator":null,"weight":210,"page_count":14,"readership":null,"editor":"Calvendo","price":0,"published_date":"2025-05-14T22:00:00.000000Z","support":"Calendrier","publisher_availability":1,"stock":0,"editions":[],"url":"https:\/\/quaidesbrumes.com\/ouvrage\/9783516575361\/paysages-de-provence-calendrier-mural-2026-din-a4-vertical-calvendo-calendrier-mensuel-voyagez-mois-par-mois-a-travers-la-plus-populaire-region-de-france"},{"id":"9783516575446","title":"La vall\u00e9e de la Clar\u00e9e Hautes-Alpes (Calendrier mural 2026 DIN A3 horizontal), CALVENDO calendrier mensuel : Balade dans les Hautes-Alpes, une regard sur la vie et les paysages de montagne","description":"La vall\u00e9e de la Clar\u00e9e et ses territoires sauvages et pr\u00e9serv\u00e9s s'offrent aux amoureux de la nature et des grands espaces. D\u00e9couvrez l'authenticit\u00e9 de ses petits villages de montagne et de ses paysages majestueux.\r\n\r\nCalendrier mural de qualit\u00e9 sup\u00e9rieure avec 12 magnifiques photos. L'environnement nous tient \u00e0 coeur. C'est pourquoi nous utilisons exclusivement du papier certifi\u00e9 FSC provenant de for\u00eats g\u00e9r\u00e9es de mani\u00e8re \u00e9coresponsable. Nous \u00e9vitons la surproduction et donc des quantit\u00e9s significatives de d\u00e9chets, en produisant dans l'UE \u00e0 l'unit\u00e9 et sur demande. Nous r\u00e9duisons nos distances de transport et assurons une logistique respectueuse de l'environnement.\r\n\r\n14 pages dont 1 couverture | 12 pages mensuelles | 1 page d'index | dos cartonn\u00e9\r\n\r\nCe calendrier \u00e0 succ\u00e8s a \u00e9t\u00e9 r\u00e9\u00e9dit\u00e9 cette ann\u00e9e avec les m\u00eames images et une grille calendaire mise \u00e0 jour.\r\n\r\nIllustrations:\r\nJanvier: Chalet traditionnel en hiver \r\nF\u00e9vrier: Village de Plampinet sous la neige \r\nMars: Chalet de montagne et massif des Cerces \r\nAvril: Cadran solaire de N\u00e9vache \r\nMai: Chalet d'alpage en m\u00e9l\u00e8ze \r\nJuin: Caf\u00e9-restaurant de N\u00e9vache \r\nJuillet: Maison de montagne \r\nAo\u00fbt: Chapelle en montagne \r\nSeptembre: La Clar\u00e9e et les dents du diable \r\nOctobre: Cour de ferme \r\nNovembre: Clocher enneig\u00e9 \r\nD\u00e9cembre: Vall\u00e9e de la Clar\u00e9e \r\n\r\nQUALITATIF - un calendrier annuel de qualit\u00e9 sup\u00e9rieure avec 12 magnifiques motifs, sur papier d'impression photo, avec une reliure spirale robuste et un crochet de suspension.\r\nDURABLE - r\u00e9duction significative des d\u00e9chets gr\u00e2ce \u00e0 une fabrication sur papier certifi\u00e9 FSC \u00e0 l'unit\u00e9 et sur demande, production dans l'UE, logistique \u00e9cologique.\r\nCADEAU ID\u00c9AL - destin\u00e9 \u00e0 vos contacts priv\u00e9s ou professionnels, \u00e0 la famille ou aux amis, aux jeunes adultes ou aux moins jeunes,  pour un cadeau de No\u00ebl ou d'anniversaire ou juste pour le plaisir d'offrir.\r\nDIVERSIFI\u00c9 - de nombreux formats DIN A4 ou DIN A3, pour s'adapter \u00e0 toutes vos envies et vos cadres de vie.\r\nBalade dans les Hautes-Alpes, une regard sur la vie et les paysages de montagne par l'auteur(rice): Jean Fran\u00e7ois LEPAGE","authors":["Photos Jean Fran\u00e7ois Lepage"],"category_codes":["4000000","4010000","4010200"],"visuals":{"large":"https:\/\/images.epagine.fr\/446\/9783516575446_1_75.jpg","medium":"https:\/\/images.epagine.fr\/446\/9783516575446_1_m.jpg","thumbnail":"https:\/\/images.epagine.fr\/446\/9783516575446_1_v.jpg"},"orderable":true,"show_badge":true,"formatted_price":"0,00&nbsp;\u20ac","formatted_published_date":"15 mai 2025","publisher_availability_label":"Sur commande","short_details":"Photos Jean Fran\u00e7ois Lepage \u2014 Calvendo","translator":null,"weight":450,"page_count":14,"readership":null,"editor":"Calvendo","price":0,"published_date":"2025-05-14T22:00:00.000000Z","support":"Calendrier","publisher_availability":1,"stock":0,"editions":[],"url":"https:\/\/quaidesbrumes.com\/ouvrage\/9783516575446\/la-vallee-de-la-claree-hautes-alpes-calendrier-mural-2026-din-a3-horizontal-calvendo-calendrier-mensuel-balade-dans-les-hautes-alpes-une-regard-sur-la-vie-et-les-paysages-de-montagne"},{"id":"9783516575477","title":"DES \u00c9L\u00c9PHANTS ET DES HOMMES (Calendrier mural 2026 DIN A4 vertical), CALVENDO calendrier mensuel : La relation entre les \u00e9l\u00e9phants et les hommes en Asie du sud-est","description":"Les temps deviennent difficiles pour l'\u00e9l\u00e9phant d'Asie. La croissance rapide de la population de ce continent grignote inexorablement son espace vital. Il rencontre de grandes difficult\u00e9s \u00e0 survivre \u00e0 l'\u00e9tat sauvage et sa confrontation souvent violente avec l'homme tourne en sa d\u00e9faveur. A l'\u00e9tat domestique, sa rentabilit\u00e9 \u00e9conomique le marginalise face \u00e0 la machine.\r\nPourtant, l'histoire des relations de l'homme et de cet animal est fortement ancr\u00e9e dans la culture asiatique : une longue histoire commune faite de complicit\u00e9 et de domination, des relations ancestrales de travail, bas\u00e9es sur une connaissance et une confiance r\u00e9ciproques, propices aux mythes et aux l\u00e9gendes.\r\n\r\nCalendrier mural de qualit\u00e9 sup\u00e9rieure avec 12 magnifiques photos. L'environnement nous tient \u00e0 coeur. C'est pourquoi nous utilisons exclusivement du papier certifi\u00e9 FSC provenant de for\u00eats g\u00e9r\u00e9es de mani\u00e8re \u00e9coresponsable. Nous \u00e9vitons la surproduction et donc des quantit\u00e9s significatives de d\u00e9chets, en produisant dans l'UE \u00e0 l'unit\u00e9 et sur demande. Nous r\u00e9duisons nos distances de transport et assurons une logistique respectueuse de l'environnement.\r\n\r\n14 pages dont 1 couverture | 12 pages mensuelles | 1 page d'index | dos cartonn\u00e9\r\n\r\nCe calendrier \u00e0 succ\u00e8s a \u00e9t\u00e9 r\u00e9\u00e9dit\u00e9 cette ann\u00e9e avec les m\u00eames images et une grille calendaire mise \u00e0 jour.\r\n\r\nIllustrations:\r\nJanvier: Dans une rivi\u00e8re au Sri Lanka, 2005 \r\nF\u00e9vrier: Sayaboury, Laos, 2013 \r\nMars: Jeu avec les trompes, Sri Lanka, 2005 \r\nAvril: Un couple dans la for\u00eat, Sri Lanka, 2004 \r\nMai: Sur une plage au Sri Lanka, 2004 \r\nJuin: Sur la route du d\u00e9bardage, Birmanie, 2005 \r\nJuillet: Le bain, Sri Lanka, 2004 \r\nAo\u00fbt: Tha\u00eflande, 2005 \r\nSeptembre: \u00c9l\u00e9phanteau au Laos, 2013 \r\nOctobre: L'artiste peintre, Tha\u00eflande, 2005 \r\nNovembre: F\u00eate de l'\u00e9l\u00e9phant, Laos, 2013 \r\nD\u00e9cembre: Retour en for\u00eat, Laos, 2013 \r\n\r\nQUALITATIF - un calendrier annuel de qualit\u00e9 sup\u00e9rieure avec 12 magnifiques motifs, sur papier d'impression photo, avec une reliure spirale robuste et un crochet de suspension.\r\nDURABLE - r\u00e9duction significative des d\u00e9chets gr\u00e2ce \u00e0 une fabrication sur papier certifi\u00e9 FSC \u00e0 l'unit\u00e9 et sur demande, production dans l'UE, logistique \u00e9cologique.\r\nCADEAU ID\u00c9AL - destin\u00e9 \u00e0 vos contacts priv\u00e9s ou professionnels, \u00e0 la famille ou aux amis, aux jeunes adultes ou aux moins jeunes,  pour un cadeau de No\u00ebl ou d'anniversaire ou juste pour le plaisir d'offrir.\r\nDIVERSIFI\u00c9 - de nombreux formats DIN A4 ou DIN A3, pour s'adapter \u00e0 toutes vos envies et vos cadres de vie.\r\nLa relation entre les \u00e9l\u00e9phants et les hommes en Asie du sud-est par l'auteur(rice): Jean-Fran\u00e7ois  MUTZIG","authors":["Jean-fran\u00e7ois Mutzig"],"category_codes":["4000000","4010000","4010200"],"visuals":{"large":"https:\/\/images.epagine.fr\/477\/9783516575477_1_75.jpg","medium":"https:\/\/images.epagine.fr\/477\/9783516575477_1_m.jpg","thumbnail":"https:\/\/images.epagine.fr\/477\/9783516575477_1_v.jpg"},"orderable":true,"show_badge":true,"formatted_price":"0,00&nbsp;\u20ac","formatted_published_date":"15 mai 2025","publisher_availability_label":"Sur commande","short_details":"Jean-fran\u00e7ois Mutzig \u2014 Calvendo","translator":null,"weight":210,"page_count":14,"readership":null,"editor":"Calvendo","price":0,"published_date":"2025-05-14T22:00:00.000000Z","support":"Calendrier","publisher_availability":1,"stock":0,"editions":[],"url":"https:\/\/quaidesbrumes.com\/ouvrage\/9783516575477\/des-elephants-et-des-hommes-calendrier-mural-2026-din-a4-vertical-calvendo-calendrier-mensuel-la-relation-entre-les-elephants-et-les-hommes-en-asie-du-sud-est"},{"id":"9783516575743","title":"La vall\u00e9e de la Clar\u00e9e Hautes-Alpes (Calendrier mural 2026 DIN A4 horizontal), CALVENDO calendrier mensuel : Balade dans les Hautes-Alpes, une regard sur la vie et les paysages de montagne","description":"La vall\u00e9e de la Clar\u00e9e et ses territoires sauvages et pr\u00e9serv\u00e9s s'offrent aux amoureux de la nature et des grands espaces. D\u00e9couvrez l'authenticit\u00e9 de ses petits villages de montagne et de ses paysages majestueux.\r\n\r\nCalendrier mural de qualit\u00e9 sup\u00e9rieure avec 12 magnifiques photos. L'environnement nous tient \u00e0 coeur. C'est pourquoi nous utilisons exclusivement du papier certifi\u00e9 FSC provenant de for\u00eats g\u00e9r\u00e9es de mani\u00e8re \u00e9coresponsable. Nous \u00e9vitons la surproduction et donc des quantit\u00e9s significatives de d\u00e9chets, en produisant dans l'UE \u00e0 l'unit\u00e9 et sur demande. Nous r\u00e9duisons nos distances de transport et assurons une logistique respectueuse de l'environnement.\r\n\r\n14 pages dont 1 couverture | 12 pages mensuelles | 1 page d'index | dos cartonn\u00e9\r\n\r\nCe calendrier \u00e0 succ\u00e8s a \u00e9t\u00e9 r\u00e9\u00e9dit\u00e9 cette ann\u00e9e avec les m\u00eames images et une grille calendaire mise \u00e0 jour.\r\n\r\nIllustrations:\r\nJanvier: Chalet traditionnel en hiver \r\nF\u00e9vrier: Village de Plampinet sous la neige \r\nMars: Chalet de montagne et massif des Cerces \r\nAvril: Cadran solaire de N\u00e9vache \r\nMai: Chalet d'alpage en m\u00e9l\u00e8ze \r\nJuin: Caf\u00e9-restaurant de N\u00e9vache \r\nJuillet: Maison de montagne \r\nAo\u00fbt: Chapelle en montagne \r\nSeptembre: La Clar\u00e9e et les dents du diable \r\nOctobre: Cour de ferme \r\nNovembre: Clocher enneig\u00e9 \r\nD\u00e9cembre: Vall\u00e9e de la Clar\u00e9e \r\n\r\nQUALITATIF - un calendrier annuel de qualit\u00e9 sup\u00e9rieure avec 12 magnifiques motifs, sur papier d'impression photo, avec une reliure spirale robuste et un crochet de suspension.\r\nDURABLE - r\u00e9duction significative des d\u00e9chets gr\u00e2ce \u00e0 une fabrication sur papier certifi\u00e9 FSC \u00e0 l'unit\u00e9 et sur demande, production dans l'UE, logistique \u00e9cologique.\r\nCADEAU ID\u00c9AL - destin\u00e9 \u00e0 vos contacts priv\u00e9s ou professionnels, \u00e0 la famille ou aux amis, aux jeunes adultes ou aux moins jeunes,  pour un cadeau de No\u00ebl ou d'anniversaire ou juste pour le plaisir d'offrir.\r\nDIVERSIFI\u00c9 - de nombreux formats DIN A4 ou DIN A3, pour s'adapter \u00e0 toutes vos envies et vos cadres de vie.\r\nBalade dans les Hautes-Alpes, une regard sur la vie et les paysages de montagne par l'auteur(rice): Jean Fran\u00e7ois LEPAGE","authors":["Photos Jean Fran\u00e7ois Lepage"],"category_codes":["4000000","4010000","4010200"],"visuals":{"large":"https:\/\/images.epagine.fr\/743\/9783516575743_1_75.jpg","medium":"https:\/\/images.epagine.fr\/743\/9783516575743_1_m.jpg","thumbnail":"https:\/\/images.epagine.fr\/743\/9783516575743_1_v.jpg"},"orderable":true,"show_badge":true,"formatted_price":"0,00&nbsp;\u20ac","formatted_published_date":"15 mai 2025","publisher_availability_label":"Sur commande","short_details":"Photos Jean Fran\u00e7ois Lepage \u2014 Calvendo","translator":null,"weight":210,"page_count":14,"readership":null,"editor":"Calvendo","price":0,"published_date":"2025-05-14T22:00:00.000000Z","support":"Calendrier","publisher_availability":1,"stock":0,"editions":[],"url":"https:\/\/quaidesbrumes.com\/ouvrage\/9783516575743\/la-vallee-de-la-claree-hautes-alpes-calendrier-mural-2026-din-a4-horizontal-calvendo-calendrier-mensuel-balade-dans-les-hautes-alpes-une-regard-sur-la-vie-et-les-paysages-de-montagne"},{"id":"9783516576894","title":"GASP\u00c9SIE. Parc National du Qu\u00e9bec  (Calendrier mural 2026 DIN A2 vertical) calendrier de bureau : Paysages du Parc National de la Gasp\u00e9sie qui est consid\u00e9r\u00e9 comme le plus beau parc national du Qu\u00e9bec.","description":"Le Parc National de la Gasp\u00e9sie est un des joyaux de la nature qu\u00e9b\u00e9coise. Nombre de touristes europ\u00e9ens s'y rendent chaque ann\u00e9e pour faire de la randonn\u00e9e ou pour observer la faune. Ce calendrier est la d\u00e9coration id\u00e9ale pour tous ceux qui veulent accrocher un petit morceau du Qu\u00e9bec sur leurs murs.\r\n\r\nImpression d'art premium en haute brillance de qualit\u00e9 mus\u00e9e. Pour que les feuilles de papier soient bien accroch\u00e9es au mur, ce calendrier haut de gamme est dot\u00e9 de pochettes innovantes. Elles prot\u00e8gent les grandes feuilles des effets de l'humidit\u00e9 de l'air. Le papier est un mat\u00e9riau naturel. Les fibres r\u00e9agissent aux variations du climat ambiant. Il est donc conseill\u00e9 de ne pas retirer les pochettes d'insertion.\r\n\r\nNotre environnement nous tient \u00e0 coeur, c'est pourquoi nous misons sur une fabrication individuelle en Allemagne (Made in Germany) avec des mat\u00e9riaux de qualit\u00e9 sup\u00e9rieure.\r\n\r\n14 pages dont 1 couverture | 12 pages mensuelles | 1 page d'index I dos cartonn\u00e9.\r\n\r\n\r\nCe calendrier \u00e0 succ\u00e8s a \u00e9t\u00e9 r\u00e9\u00e9dit\u00e9 cette ann\u00e9e avec les m\u00eames images et une grille calendaire mise \u00e0 jour.\r\n\r\nIllustrations:\r\nJanvier: Rivi\u00e8re Ste Anne \r\nF\u00e9vrier: Chute Ste Anne \r\nMars: Mont Albert \r\nAvril: For\u00eat bor\u00e9ale \r\nMai: For\u00eat bor\u00e9ale \r\nJuin: Cornouiller du Canada \r\nJuillet: For\u00eat bor\u00e9ale \r\nAo\u00fbt: Rivi\u00e8re Ste Anne \r\nSeptembre: For\u00eat bor\u00e9ale \r\nOctobre: For\u00eat bor\u00e9ale \r\nNovembre: Mont Albert \r\nD\u00e9cembre: For\u00eat bor\u00e9ale \r\n\r\nLIGNE PREMIUM - Calendrier photo brillant avec 12 magnifiques motifs, impression d'art en haute brillance de qualit\u00e9 mus\u00e9e\r\nQUALIT\u00c9 - mat\u00e9riaux nobles, dos solide avec 2 pochettes innovantes pour une pr\u00e9sentation optimale au mur\r\nDURABLE - nette r\u00e9duction des d\u00e9chets gr\u00e2ce \u00e0 une fabrication \u00e0 l'unit\u00e9 adapt\u00e9e aux besoins, papier certifi\u00e9 FSC respectueux de l'environnement, production en Allemagne, logistique respectueuse du climat.\r\nCADEAU PARFAIT - calendrier pour les amis et la famille, pour les enfants et les adultes, les jeunes et les moins jeunes, pour No\u00ebl, les anniversaires ou entre deux.\r\nPaysages du Parc National de la Gasp\u00e9sie qui est consid\u00e9r\u00e9 comme le plus beau parc national du Qu\u00e9bec. par l'auteur(rice): Philippe Henry","authors":["Philippe Henry"],"category_codes":["4000000","4010000","4010200"],"visuals":{"large":"https:\/\/images.epagine.fr\/894\/9783516576894_1_75.jpg","medium":"https:\/\/images.epagine.fr\/894\/9783516576894_1_m.jpg","thumbnail":"https:\/\/images.epagine.fr\/894\/9783516576894_1_v.jpg"},"orderable":true,"show_badge":true,"formatted_price":"0,00&nbsp;\u20ac","formatted_published_date":"15 mai 2025","publisher_availability_label":"Sur commande","short_details":"Philippe Henry \u2014 Calvendo","translator":null,"weight":1280,"page_count":14,"readership":null,"editor":"Calvendo","price":0,"published_date":"2025-05-14T22:00:00.000000Z","support":"Calendrier","publisher_availability":1,"stock":0,"editions":[],"url":"https:\/\/quaidesbrumes.com\/ouvrage\/9783516576894\/gaspesie-parc-national-du-quebec-calendrier-mural-2026-din-a2-vertical-calendrier-de-bureau-paysages-du-parc-national-de-la-gaspesie-qui-est-considere-comme-le-plus-beau-parc-national-du-quebec"},{"id":"9783516577112","title":"Les paysages de montagne Haute-Savoie  (Calendrier mural 2026 DIN A2 vertical) calendrier de bureau : D\u00e9couvrez les paysages de montagne en Haute-Savoie","description":"Douze magnifiques photos de Haute-Savoie qui vous enchanteront. Partez \u00e0 la d\u00e9couverte du Massif du Mont-Blanc, de l'Aiguille du Midi, du Col des Aravis, des Deux Lacs et de Thyez.\r\n\r\nImpression d'art premium en haute brillance de qualit\u00e9 mus\u00e9e. Pour que les feuilles de papier soient bien accroch\u00e9es au mur, ce calendrier haut de gamme est dot\u00e9 de pochettes innovantes. Elles prot\u00e8gent les grandes feuilles des effets de l'humidit\u00e9 de l'air. Le papier est un mat\u00e9riau naturel. Les fibres r\u00e9agissent aux variations du climat ambiant. Il est donc conseill\u00e9 de ne pas retirer les pochettes d'insertion.\r\n\r\nNotre environnement nous tient \u00e0 coeur, c'est pourquoi nous misons sur une fabrication individuelle en Allemagne (Made in Germany) avec des mat\u00e9riaux de qualit\u00e9 sup\u00e9rieure.\r\n\r\n14 pages dont 1 couverture | 12 pages mensuelles | 1 page d'index I dos cartonn\u00e9.\r\n\r\n\r\nCe calendrier \u00e0 succ\u00e8s a \u00e9t\u00e9 r\u00e9\u00e9dit\u00e9 cette ann\u00e9e avec les m\u00eames images et une grille calendaire mise \u00e0 jour.\r\n\r\nIllustrations:\r\nJanvier: Massif du Mont-Blanc \r\nF\u00e9vrier: Massif du Mont-Blanc \r\nMars: Col des Aravis \r\nAvril: Thyez - Les Deux Lacs \r\nMai: Col des Aravis \r\nJuin: Thyez - Les Deux Lacs \r\nJuillet: Chamonix \r\nAo\u00fbt: Massif du Mont-Blanc \r\nSeptembre: La Mer de Glace \r\nOctobre: Panorama Mont-Blanc \r\nNovembre: Massif du Mont-Blanc \r\nD\u00e9cembre: Aiguille du Midi \r\n\r\nLIGNE PREMIUM - Calendrier photo brillant avec 12 magnifiques motifs, impression d'art en haute brillance de qualit\u00e9 mus\u00e9e\r\nQUALIT\u00c9 - mat\u00e9riaux nobles, dos solide avec 2 pochettes innovantes pour une pr\u00e9sentation optimale au mur\r\nDURABLE - nette r\u00e9duction des d\u00e9chets gr\u00e2ce \u00e0 une fabrication \u00e0 l'unit\u00e9 adapt\u00e9e aux besoins, papier certifi\u00e9 FSC respectueux de l'environnement, production en Allemagne, logistique respectueuse du climat.\r\nCADEAU PARFAIT - calendrier pour les amis et la famille, pour les enfants et les adultes, les jeunes et les moins jeunes, pour No\u00ebl, les anniversaires ou entre deux.\r\nD\u00e9couvrez les paysages de montagne en Haute-Savoie par l'auteur(rice): Norderneye","authors":["Iuliana Ojog \/\/ Www.Norderneye.Com"],"category_codes":["4000000","4010000","4010200"],"visuals":{"large":"https:\/\/images.epagine.fr\/112\/9783516577112_1_75.jpg","medium":"https:\/\/images.epagine.fr\/112\/9783516577112_1_m.jpg","thumbnail":"https:\/\/images.epagine.fr\/112\/9783516577112_1_v.jpg"},"orderable":true,"show_badge":true,"formatted_price":"0,00&nbsp;\u20ac","formatted_published_date":"15 mai 2025","publisher_availability_label":"Sur commande","short_details":"Iuliana Ojog \/\/ Www.Norderneye.Com \u2014 Calvendo","translator":null,"weight":1280,"page_count":14,"readership":null,"editor":"Calvendo","price":0,"published_date":"2025-05-14T22:00:00.000000Z","support":"Calendrier","publisher_availability":1,"stock":0,"editions":[],"url":"https:\/\/quaidesbrumes.com\/ouvrage\/9783516577112\/les-paysages-de-montagne-haute-savoie-calendrier-mural-2026-din-a2-vertical-calendrier-de-bureau-decouvrez-les-paysages-de-montagne-en-haute-savoie"},{"id":"9783516577228","title":"BROCELIANDE, la for\u00eat (Calendrier mural 2026 DIN A3 vertical), CALVENDO calendrier mensuel : photographies de la for\u00eat de Broc\u00e9liande","description":"La for\u00eat de broc\u00e9liande en Bretagne et ses ambiances \u00e0 travers les 4 saisons de l'ann\u00e9e.\r\n\r\nCalendrier mural de qualit\u00e9 sup\u00e9rieure avec 12 magnifiques photos. L'environnement nous tient \u00e0 coeur. C'est pourquoi nous utilisons exclusivement du papier certifi\u00e9 FSC provenant de for\u00eats g\u00e9r\u00e9es de mani\u00e8re \u00e9coresponsable. Nous \u00e9vitons la surproduction et donc des quantit\u00e9s significatives de d\u00e9chets, en produisant dans l'UE \u00e0 l'unit\u00e9 et sur demande. Nous r\u00e9duisons nos distances de transport et assurons une logistique respectueuse de l'environnement.\r\n\r\n14 pages dont 1 couverture | 12 pages mensuelles | 1 page d'index | dos cartonn\u00e9\r\n\r\nCe calendrier \u00e0 succ\u00e8s a \u00e9t\u00e9 r\u00e9\u00e9dit\u00e9 cette ann\u00e9e avec les m\u00eames images et une grille calendaire mise \u00e0 jour.\r\n\r\nIllustrations:\r\nJanvier: Il \u00e9tait une fois \r\nF\u00e9vrier: L'hiver en Broc\u00e9liande \r\nMars: Les ambiances \u00e9ph\u00e9m\u00e8res \r\nAvril: Nature sanguine \r\nMai: Ou vivent les f\u00e9es. \r\nJuin: Le Val sans retour \r\nJuillet: l'Illumination \r\nAo\u00fbt: Rentr\u00e9e solaire \r\nSeptembre: Le passage \r\nOctobre: Ambiance d'Automne \r\nNovembre: La vall\u00e9e de l'Aff \r\nD\u00e9cembre: Vers l'inconnu \r\n\r\nQUALITATIF - un calendrier annuel de qualit\u00e9 sup\u00e9rieure avec 12 magnifiques motifs, sur papier d'impression photo, avec une reliure spirale robuste et un crochet de suspension.\r\nDURABLE - r\u00e9duction significative des d\u00e9chets gr\u00e2ce \u00e0 une fabrication sur papier certifi\u00e9 FSC \u00e0 l'unit\u00e9 et sur demande, production dans l'UE, logistique \u00e9cologique.\r\nCADEAU ID\u00c9AL - destin\u00e9 \u00e0 vos contacts priv\u00e9s ou professionnels, \u00e0 la famille ou aux amis, aux jeunes adultes ou aux moins jeunes,  pour un cadeau de No\u00ebl ou d'anniversaire ou juste pour le plaisir d'offrir.\r\nDIVERSIFI\u00c9 - de nombreux formats DIN A4 ou DIN A3, pour s'adapter \u00e0 toutes vos envies et vos cadres de vie.\r\nphotographies de la for\u00eat de Broc\u00e9liande par l'auteur(rice): Philippe MANGUIN","authors":["Philippe Manguin"],"category_codes":["4000000","4010000","4010200"],"visuals":{"large":"https:\/\/images.epagine.fr\/228\/9783516577228_1_75.jpg","medium":"https:\/\/images.epagine.fr\/228\/9783516577228_1_m.jpg","thumbnail":"https:\/\/images.epagine.fr\/228\/9783516577228_1_v.jpg"},"orderable":true,"show_badge":true,"formatted_price":"0,00&nbsp;\u20ac","formatted_published_date":"15 mai 2025","publisher_availability_label":"Sur commande","short_details":"Philippe Manguin \u2014 Calvendo","translator":null,"weight":460,"page_count":14,"readership":null,"editor":"Calvendo","price":0,"published_date":"2025-05-14T22:00:00.000000Z","support":"Calendrier","publisher_availability":1,"stock":0,"editions":[],"url":"https:\/\/quaidesbrumes.com\/ouvrage\/9783516577228\/broceliande-la-foret-calendrier-mural-2026-din-a3-vertical-calvendo-calendrier-mensuel-photographies-de-la-foret-de-broceliande"},{"id":"9783516577525","title":"GASP\u00c9SIE. Parc National du Qu\u00e9bec (Calendrier mural 2026 DIN A3 vertical), CALVENDO calendrier mensuel : Paysages du Parc National de la Gasp\u00e9sie qui est consid\u00e9r\u00e9 comme le plus beau parc national du Qu\u00e9bec.","description":"Le Parc National de la Gasp\u00e9sie est un des joyaux de la nature qu\u00e9b\u00e9coise. Nombre de touristes europ\u00e9ens s'y rendent chaque ann\u00e9e pour faire de la randonn\u00e9e ou pour observer la faune. Ce calendrier est la d\u00e9coration id\u00e9ale pour tous ceux qui veulent accrocher un petit morceau du Qu\u00e9bec sur leurs murs.\r\n\r\nCalendrier mural de qualit\u00e9 sup\u00e9rieure avec 12 magnifiques photos. L'environnement nous tient \u00e0 coeur. C'est pourquoi nous utilisons exclusivement du papier certifi\u00e9 FSC provenant de for\u00eats g\u00e9r\u00e9es de mani\u00e8re \u00e9coresponsable. Nous \u00e9vitons la surproduction et donc des quantit\u00e9s significatives de d\u00e9chets, en produisant dans l'UE \u00e0 l'unit\u00e9 et sur demande. Nous r\u00e9duisons nos distances de transport et assurons une logistique respectueuse de l'environnement.\r\n\r\n14 pages dont 1 couverture | 12 pages mensuelles | 1 page d'index | dos cartonn\u00e9\r\n\r\nCe calendrier \u00e0 succ\u00e8s a \u00e9t\u00e9 r\u00e9\u00e9dit\u00e9 cette ann\u00e9e avec les m\u00eames images et une grille calendaire mise \u00e0 jour.\r\n\r\nIllustrations:\r\nJanvier: Rivi\u00e8re Ste Anne \r\nF\u00e9vrier: Chute Ste Anne \r\nMars: Mont Albert \r\nAvril: For\u00eat bor\u00e9ale \r\nMai: For\u00eat bor\u00e9ale \r\nJuin: Cornouiller du Canada \r\nJuillet: For\u00eat bor\u00e9ale \r\nAo\u00fbt: Rivi\u00e8re Ste Anne \r\nSeptembre: For\u00eat bor\u00e9ale \r\nOctobre: For\u00eat bor\u00e9ale \r\nNovembre: Mont Albert \r\nD\u00e9cembre: For\u00eat bor\u00e9ale \r\n\r\nQUALITATIF - un calendrier annuel de qualit\u00e9 sup\u00e9rieure avec 12 magnifiques motifs, sur papier d'impression photo, avec une reliure spirale robuste et un crochet de suspension.\r\nDURABLE - r\u00e9duction significative des d\u00e9chets gr\u00e2ce \u00e0 une fabrication sur papier certifi\u00e9 FSC \u00e0 l'unit\u00e9 et sur demande, production dans l'UE, logistique \u00e9cologique.\r\nCADEAU ID\u00c9AL - destin\u00e9 \u00e0 vos contacts priv\u00e9s ou professionnels, \u00e0 la famille ou aux amis, aux jeunes adultes ou aux moins jeunes,  pour un cadeau de No\u00ebl ou d'anniversaire ou juste pour le plaisir d'offrir.\r\nDIVERSIFI\u00c9 - de nombreux formats DIN A4 ou DIN A3, pour s'adapter \u00e0 toutes vos envies et vos cadres de vie.\r\nPaysages du Parc National de la Gasp\u00e9sie qui est consid\u00e9r\u00e9 comme le plus beau parc national du Qu\u00e9bec. par l'auteur(rice): Philippe Henry","authors":["Philippe Henry"],"category_codes":["4000000","4010000","4010200"],"visuals":{"large":"https:\/\/images.epagine.fr\/525\/9783516577525_1_75.jpg","medium":"https:\/\/images.epagine.fr\/525\/9783516577525_1_m.jpg","thumbnail":"https:\/\/images.epagine.fr\/525\/9783516577525_1_v.jpg"},"orderable":true,"show_badge":true,"formatted_price":"0,00&nbsp;\u20ac","formatted_published_date":"15 mai 2025","publisher_availability_label":"Sur commande","short_details":"Philippe Henry \u2014 Calvendo","translator":null,"weight":460,"page_count":14,"readership":null,"editor":"Calvendo","price":0,"published_date":"2025-05-14T22:00:00.000000Z","support":"Calendrier","publisher_availability":1,"stock":0,"editions":[],"url":"https:\/\/quaidesbrumes.com\/ouvrage\/9783516577525\/gaspesie-parc-national-du-quebec-calendrier-mural-2026-din-a3-vertical-calvendo-calendrier-mensuel-paysages-du-parc-national-de-la-gaspesie-qui-est-considere-comme-le-plus-beau-parc-national-du-quebec"},{"id":"9783516577624","title":"Camargue Entre mer et nature (Calendrier mural 2026 DIN A3 vertical), CALVENDO calendrier mensuel : Au coeur de la Camargue, entre mer et marais salants.","description":"La Camargue, avec ses marais salants, ses chevaux, sa flore et ses flamants roses, est un plaisir pour les yeux.\r\n\r\nCalendrier mural de qualit\u00e9 sup\u00e9rieure avec 12 magnifiques photos. L'environnement nous tient \u00e0 coeur. C'est pourquoi nous utilisons exclusivement du papier certifi\u00e9 FSC provenant de for\u00eats g\u00e9r\u00e9es de mani\u00e8re \u00e9coresponsable. Nous \u00e9vitons la surproduction et donc des quantit\u00e9s significatives de d\u00e9chets, en produisant dans l'UE \u00e0 l'unit\u00e9 et sur demande. Nous r\u00e9duisons nos distances de transport et assurons une logistique respectueuse de l'environnement.\r\n\r\n14 pages dont 1 couverture | 12 pages mensuelles | 1 page d'index | dos cartonn\u00e9\r\n\r\nCe calendrier \u00e0 succ\u00e8s a \u00e9t\u00e9 r\u00e9\u00e9dit\u00e9 cette ann\u00e9e avec les m\u00eames images et une grille calendaire mise \u00e0 jour.\r\n\r\nIllustrations:\r\nJanvier: Phare de la Gacholle \r\nF\u00e9vrier: Chevaux Camarguais \r\nMars: Port des Saintes-Maries-De-La-Mer \r\nAvril: Aigues-Mortes \r\nMai: Paysage de Camargue \r\nJuin: Escargots sur une brindille \r\nJuillet: Bateau de p\u00eache \r\nAo\u00fbt: Cabane Camarguaise \r\nSeptembre: Envol de flamants roses \r\nOctobre: Ruelle, Saintes-Marie-De-La-Mer \r\nNovembre: Rayons du soleil sur un \u00e9tang \r\nD\u00e9cembre: Flamants sur un \u00e9tang \r\n\r\nQUALITATIF - un calendrier annuel de qualit\u00e9 sup\u00e9rieure avec 12 magnifiques motifs, sur papier d'impression photo, avec une reliure spirale robuste et un crochet de suspension.\r\nDURABLE - r\u00e9duction significative des d\u00e9chets gr\u00e2ce \u00e0 une fabrication sur papier certifi\u00e9 FSC \u00e0 l'unit\u00e9 et sur demande, production dans l'UE, logistique \u00e9cologique.\r\nCADEAU ID\u00c9AL - destin\u00e9 \u00e0 vos contacts priv\u00e9s ou professionnels, \u00e0 la famille ou aux amis, aux jeunes adultes ou aux moins jeunes,  pour un cadeau de No\u00ebl ou d'anniversaire ou juste pour le plaisir d'offrir.\r\nDIVERSIFI\u00c9 - de nombreux formats DIN A4 ou DIN A3, pour s'adapter \u00e0 toutes vos envies et vos cadres de vie.\r\nAu coeur de la Camargue, entre mer et marais salants. par l'auteur(rice): Didier Sibourg","authors":["Didier Sibourg"],"category_codes":["4000000","4010000","4010200"],"visuals":{"large":"https:\/\/images.epagine.fr\/624\/9783516577624_1_75.jpg","medium":"https:\/\/images.epagine.fr\/624\/9783516577624_1_m.jpg","thumbnail":"https:\/\/images.epagine.fr\/624\/9783516577624_1_v.jpg"},"orderable":true,"show_badge":true,"formatted_price":"0,00&nbsp;\u20ac","formatted_published_date":"15 mai 2025","publisher_availability_label":"Sur commande","short_details":"Didier Sibourg \u2014 Calvendo","translator":null,"weight":460,"page_count":14,"readership":null,"editor":"Calvendo","price":0,"published_date":"2025-05-14T22:00:00.000000Z","support":"Calendrier","publisher_availability":1,"stock":0,"editions":[],"url":"https:\/\/quaidesbrumes.com\/ouvrage\/9783516577624\/camargue-entre-mer-et-nature-calendrier-mural-2026-din-a3-vertical-calvendo-calendrier-mensuel-au-coeur-de-la-camargue-entre-mer-et-marais-salants"},{"id":"9783516577754","title":"Les paysages de montagne Haute-Savoie (Calendrier mural 2026 DIN A3 vertical), CALVENDO calendrier mensuel : D\u00e9couvrez les paysages de montagne en Haute-Savoie","description":"Douze magnifiques photos de Haute-Savoie qui vous enchanteront. Partez \u00e0 la d\u00e9couverte du Massif du Mont-Blanc, de l'Aiguille du Midi, du Col des Aravis, des Deux Lacs et de Thyez.\r\n\r\nCalendrier mural de qualit\u00e9 sup\u00e9rieure avec 12 magnifiques photos. L'environnement nous tient \u00e0 coeur. C'est pourquoi nous utilisons exclusivement du papier certifi\u00e9 FSC provenant de for\u00eats g\u00e9r\u00e9es de mani\u00e8re \u00e9coresponsable. Nous \u00e9vitons la surproduction et donc des quantit\u00e9s significatives de d\u00e9chets, en produisant dans l'UE \u00e0 l'unit\u00e9 et sur demande. Nous r\u00e9duisons nos distances de transport et assurons une logistique respectueuse de l'environnement.\r\n\r\n14 pages dont 1 couverture | 12 pages mensuelles | 1 page d'index | dos cartonn\u00e9\r\n\r\nCe calendrier \u00e0 succ\u00e8s a \u00e9t\u00e9 r\u00e9\u00e9dit\u00e9 cette ann\u00e9e avec les m\u00eames images et une grille calendaire mise \u00e0 jour.\r\n\r\nIllustrations:\r\nJanvier: Massif du Mont-Blanc \r\nF\u00e9vrier: Massif du Mont-Blanc \r\nMars: Col des Aravis \r\nAvril: Thyez - Les Deux Lacs \r\nMai: Col des Aravis \r\nJuin: Thyez - Les Deux Lacs \r\nJuillet: Chamonix \r\nAo\u00fbt: Massif du Mont-Blanc \r\nSeptembre: La Mer de Glace \r\nOctobre: Panorama Mont-Blanc \r\nNovembre: Massif du Mont-Blanc \r\nD\u00e9cembre: Aiguille du Midi \r\n\r\nQUALITATIF - un calendrier annuel de qualit\u00e9 sup\u00e9rieure avec 12 magnifiques motifs, sur papier d'impression photo, avec une reliure spirale robuste et un crochet de suspension.\r\nDURABLE - r\u00e9duction significative des d\u00e9chets gr\u00e2ce \u00e0 une fabrication sur papier certifi\u00e9 FSC \u00e0 l'unit\u00e9 et sur demande, production dans l'UE, logistique \u00e9cologique.\r\nCADEAU ID\u00c9AL - destin\u00e9 \u00e0 vos contacts priv\u00e9s ou professionnels, \u00e0 la famille ou aux amis, aux jeunes adultes ou aux moins jeunes,  pour un cadeau de No\u00ebl ou d'anniversaire ou juste pour le plaisir d'offrir.\r\nDIVERSIFI\u00c9 - de nombreux formats DIN A4 ou DIN A3, pour s'adapter \u00e0 toutes vos envies et vos cadres de vie.\r\nD\u00e9couvrez les paysages de montagne en Haute-Savoie par l'auteur(rice): Norderneye","authors":["Iuliana Ojog \/\/ Www.Norderneye.Com"],"category_codes":["4000000","4010000","4010200"],"visuals":{"large":"https:\/\/images.epagine.fr\/754\/9783516577754_1_75.jpg","medium":"https:\/\/images.epagine.fr\/754\/9783516577754_1_m.jpg","thumbnail":"https:\/\/images.epagine.fr\/754\/9783516577754_1_v.jpg"},"orderable":true,"show_badge":true,"formatted_price":"0,00&nbsp;\u20ac","formatted_published_date":"15 mai 2025","publisher_availability_label":"Sur commande","short_details":"Iuliana Ojog \/\/ Www.Norderneye.Com \u2014 Calvendo","translator":null,"weight":460,"page_count":14,"readership":null,"editor":"Calvendo","price":0,"published_date":"2025-05-14T22:00:00.000000Z","support":"Calendrier","publisher_availability":1,"stock":0,"editions":[],"url":"https:\/\/quaidesbrumes.com\/ouvrage\/9783516577754\/les-paysages-de-montagne-haute-savoie-calendrier-mural-2026-din-a3-vertical-calvendo-calendrier-mensuel-decouvrez-les-paysages-de-montagne-en-haute-savoie"},{"id":"9783516577839","title":"BROCELIANDE, la for\u00eat (Calendrier mural 2026 DIN A4 vertical), CALVENDO calendrier mensuel : photographies de la for\u00eat de Broc\u00e9liande","description":"La for\u00eat de broc\u00e9liande en Bretagne et ses ambiances \u00e0 travers les 4 saisons de l'ann\u00e9e.\r\n\r\nCalendrier mural de qualit\u00e9 sup\u00e9rieure avec 12 magnifiques photos. L'environnement nous tient \u00e0 coeur. C'est pourquoi nous utilisons exclusivement du papier certifi\u00e9 FSC provenant de for\u00eats g\u00e9r\u00e9es de mani\u00e8re \u00e9coresponsable. Nous \u00e9vitons la surproduction et donc des quantit\u00e9s significatives de d\u00e9chets, en produisant dans l'UE \u00e0 l'unit\u00e9 et sur demande. Nous r\u00e9duisons nos distances de transport et assurons une logistique respectueuse de l'environnement.\r\n\r\n14 pages dont 1 couverture | 12 pages mensuelles | 1 page d'index | dos cartonn\u00e9\r\n\r\nCe calendrier \u00e0 succ\u00e8s a \u00e9t\u00e9 r\u00e9\u00e9dit\u00e9 cette ann\u00e9e avec les m\u00eames images et une grille calendaire mise \u00e0 jour.\r\n\r\nIllustrations:\r\nJanvier: Il \u00e9tait une fois \r\nF\u00e9vrier: L'hiver en Broc\u00e9liande \r\nMars: Les ambiances \u00e9ph\u00e9m\u00e8res \r\nAvril: Nature sanguine \r\nMai: Ou vivent les f\u00e9es. \r\nJuin: Le Val sans retour \r\nJuillet: l'Illumination \r\nAo\u00fbt: Rentr\u00e9e solaire \r\nSeptembre: Le passage \r\nOctobre: Ambiance d'Automne \r\nNovembre: La vall\u00e9e de l'Aff \r\nD\u00e9cembre: Vers l'inconnu \r\n\r\nQUALITATIF - un calendrier annuel de qualit\u00e9 sup\u00e9rieure avec 12 magnifiques motifs, sur papier d'impression photo, avec une reliure spirale robuste et un crochet de suspension.\r\nDURABLE - r\u00e9duction significative des d\u00e9chets gr\u00e2ce \u00e0 une fabrication sur papier certifi\u00e9 FSC \u00e0 l'unit\u00e9 et sur demande, production dans l'UE, logistique \u00e9cologique.\r\nCADEAU ID\u00c9AL - destin\u00e9 \u00e0 vos contacts priv\u00e9s ou professionnels, \u00e0 la famille ou aux amis, aux jeunes adultes ou aux moins jeunes,  pour un cadeau de No\u00ebl ou d'anniversaire ou juste pour le plaisir d'offrir.\r\nDIVERSIFI\u00c9 - de nombreux formats DIN A4 ou DIN A3, pour s'adapter \u00e0 toutes vos envies et vos cadres de vie.\r\nphotographies de la for\u00eat de Broc\u00e9liande par l'auteur(rice): Philippe MANGUIN","authors":["Philippe Manguin"],"category_codes":["4000000","4010000","4010200"],"visuals":{"large":"https:\/\/images.epagine.fr\/839\/9783516577839_1_75.jpg","medium":"https:\/\/images.epagine.fr\/839\/9783516577839_1_m.jpg","thumbnail":"https:\/\/images.epagine.fr\/839\/9783516577839_1_v.jpg"},"orderable":true,"show_badge":true,"formatted_price":"0,00&nbsp;\u20ac","formatted_published_date":"15 mai 2025","publisher_availability_label":"Sur commande","short_details":"Philippe Manguin \u2014 Calvendo","translator":null,"weight":210,"page_count":14,"readership":null,"editor":"Calvendo","price":0,"published_date":"2025-05-14T22:00:00.000000Z","support":"Calendrier","publisher_availability":1,"stock":0,"editions":[],"url":"https:\/\/quaidesbrumes.com\/ouvrage\/9783516577839\/broceliande-la-foret-calendrier-mural-2026-din-a4-vertical-calvendo-calendrier-mensuel-photographies-de-la-foret-de-broceliande"},{"id":"9783516577945","title":"GASP\u00c9SIE. Parc National du Qu\u00e9bec (Calendrier mural 2026 DIN A4 vertical), CALVENDO calendrier mensuel : Paysages du Parc National de la Gasp\u00e9sie qui est consid\u00e9r\u00e9 comme le plus beau parc national du Qu\u00e9bec.","description":"Le Parc National de la Gasp\u00e9sie est un des joyaux de la nature qu\u00e9b\u00e9coise. Nombre de touristes europ\u00e9ens s'y rendent chaque ann\u00e9e pour faire de la randonn\u00e9e ou pour observer la faune. Ce calendrier est la d\u00e9coration id\u00e9ale pour tous ceux qui veulent accrocher un petit morceau du Qu\u00e9bec sur leurs murs.\r\n\r\nCalendrier mural de qualit\u00e9 sup\u00e9rieure avec 12 magnifiques photos. L'environnement nous tient \u00e0 coeur. C'est pourquoi nous utilisons exclusivement du papier certifi\u00e9 FSC provenant de for\u00eats g\u00e9r\u00e9es de mani\u00e8re \u00e9coresponsable. Nous \u00e9vitons la surproduction et donc des quantit\u00e9s significatives de d\u00e9chets, en produisant dans l'UE \u00e0 l'unit\u00e9 et sur demande. Nous r\u00e9duisons nos distances de transport et assurons une logistique respectueuse de l'environnement.\r\n\r\n14 pages dont 1 couverture | 12 pages mensuelles | 1 page d'index | dos cartonn\u00e9\r\n\r\nCe calendrier \u00e0 succ\u00e8s a \u00e9t\u00e9 r\u00e9\u00e9dit\u00e9 cette ann\u00e9e avec les m\u00eames images et une grille calendaire mise \u00e0 jour.\r\n\r\nIllustrations:\r\nJanvier: Rivi\u00e8re Ste Anne \r\nF\u00e9vrier: Chute Ste Anne \r\nMars: Mont Albert \r\nAvril: For\u00eat bor\u00e9ale \r\nMai: For\u00eat bor\u00e9ale \r\nJuin: Cornouiller du Canada \r\nJuillet: For\u00eat bor\u00e9ale \r\nAo\u00fbt: Rivi\u00e8re Ste Anne \r\nSeptembre: For\u00eat bor\u00e9ale \r\nOctobre: For\u00eat bor\u00e9ale \r\nNovembre: Mont Albert \r\nD\u00e9cembre: For\u00eat bor\u00e9ale \r\n\r\nQUALITATIF - un calendrier annuel de qualit\u00e9 sup\u00e9rieure avec 12 magnifiques motifs, sur papier d'impression photo, avec une reliure spirale robuste et un crochet de suspension.\r\nDURABLE - r\u00e9duction significative des d\u00e9chets gr\u00e2ce \u00e0 une fabrication sur papier certifi\u00e9 FSC \u00e0 l'unit\u00e9 et sur demande, production dans l'UE, logistique \u00e9cologique.\r\nCADEAU ID\u00c9AL - destin\u00e9 \u00e0 vos contacts priv\u00e9s ou professionnels, \u00e0 la famille ou aux amis, aux jeunes adultes ou aux moins jeunes,  pour un cadeau de No\u00ebl ou d'anniversaire ou juste pour le plaisir d'offrir.\r\nDIVERSIFI\u00c9 - de nombreux formats DIN A4 ou DIN A3, pour s'adapter \u00e0 toutes vos envies et vos cadres de vie.\r\nPaysages du Parc National de la Gasp\u00e9sie qui est consid\u00e9r\u00e9 comme le plus beau parc national du Qu\u00e9bec. par l'auteur(rice): Philippe Henry","authors":["Philippe Henry"],"category_codes":["4000000","4010000","4010200"],"visuals":{"large":"https:\/\/images.epagine.fr\/945\/9783516577945_1_75.jpg","medium":"https:\/\/images.epagine.fr\/945\/9783516577945_1_m.jpg","thumbnail":"https:\/\/images.epagine.fr\/945\/9783516577945_1_v.jpg"},"orderable":true,"show_badge":true,"formatted_price":"0,00&nbsp;\u20ac","formatted_published_date":"15 mai 2025","publisher_availability_label":"Sur commande","short_details":"Philippe Henry \u2014 Calvendo","translator":null,"weight":210,"page_count":14,"readership":null,"editor":"Calvendo","price":0,"published_date":"2025-05-14T22:00:00.000000Z","support":"Calendrier","publisher_availability":1,"stock":0,"editions":[],"url":"https:\/\/quaidesbrumes.com\/ouvrage\/9783516577945\/gaspesie-parc-national-du-quebec-calendrier-mural-2026-din-a4-vertical-calvendo-calendrier-mensuel-paysages-du-parc-national-de-la-gaspesie-qui-est-considere-comme-le-plus-beau-parc-national-du-quebec"}]}