{"data":[{"id":"9783516571622","title":"Un automne au Bois (Calendrier mural 2026 DIN A4 vertical), CALVENDO calendrier mensuel : Un automne dans le Bois de Boulogne.","description":"Dans le Bois de Boulogne, un des poumons color\u00e9s de la capitale fran\u00e7aise, retrouvez ici ces quelques regards sur un automne tr\u00e8s parisien. Un feu d'artifice de couleurs.\r\n\r\nCalendrier mural de qualit\u00e9 sup\u00e9rieure avec 12 magnifiques photos. L'environnement nous tient \u00e0 coeur. C'est pourquoi nous utilisons exclusivement du papier certifi\u00e9 FSC provenant de for\u00eats g\u00e9r\u00e9es de mani\u00e8re \u00e9coresponsable. Nous \u00e9vitons la surproduction et donc des quantit\u00e9s significatives de d\u00e9chets, en produisant dans l'UE \u00e0 l'unit\u00e9 et sur demande. Nous r\u00e9duisons nos distances de transport et assurons une logistique respectueuse de l'environnement.\r\n\r\n14 pages dont 1 couverture | 12 pages mensuelles | 1 page d'index | dos cartonn\u00e9\r\n\r\nCe calendrier \u00e0 succ\u00e8s a \u00e9t\u00e9 r\u00e9\u00e9dit\u00e9 cette ann\u00e9e avec les m\u00eames images et une grille calendaire mise \u00e0 jour.\r\n\r\nIllustrations:\r\nJanvier: Madame se l\u00e8ve \r\nF\u00e9vrier: Veines \r\nMars: Vif banc \r\nAvril: Humides \r\nMai: Volant bient\u00f4t \r\nJuin: Champ\u00eatres \r\nJuillet: Rouges, rouges \r\nAo\u00fbt: Volant, maintenant \r\nSeptembre: Au repos \r\nOctobre: Assises sur un banc \r\nNovembre: Noyade \r\nD\u00e9cembre: Omelette \r\n\r\nQUALITATIF - un calendrier annuel de qualit\u00e9 sup\u00e9rieure avec 12 magnifiques motifs, sur papier d'impression photo, avec une reliure spirale robuste et un crochet de suspension.\r\nDURABLE - r\u00e9duction significative des d\u00e9chets gr\u00e2ce \u00e0 une fabrication sur papier certifi\u00e9 FSC \u00e0 l'unit\u00e9 et sur demande, production dans l'UE, logistique \u00e9cologique.\r\nCADEAU ID\u00c9AL - destin\u00e9 \u00e0 vos contacts priv\u00e9s ou professionnels, \u00e0 la famille ou aux amis, aux jeunes adultes ou aux moins jeunes,  pour un cadeau de No\u00ebl ou d'anniversaire ou juste pour le plaisir d'offrir.\r\nDIVERSIFI\u00c9 - de nombreux formats DIN A4 ou DIN A3, pour s'adapter \u00e0 toutes vos envies et vos cadres de vie.\r\nUn automne dans le Bois de Boulogne. par l'auteur(rice): Paulo CARDOSO NEVES","authors":["Paulo C. neves"],"category_codes":["4000000","4010000","4010200"],"visuals":{"large":"https:\/\/images.epagine.fr\/622\/9783516571622_1_75.jpg","medium":"https:\/\/images.epagine.fr\/622\/9783516571622_1_m.jpg","thumbnail":"https:\/\/images.epagine.fr\/622\/9783516571622_1_v.jpg"},"orderable":true,"show_badge":true,"formatted_price":"0,00&nbsp;\u20ac","formatted_published_date":"15 mai 2025","publisher_availability_label":"Sur commande","short_details":"Paulo C. neves \u2014 Calvendo","translator":null,"weight":210,"page_count":14,"readership":null,"editor":"Calvendo","price":0,"published_date":"2025-05-14T22:00:00.000000Z","support":"Calendrier","publisher_availability":1,"stock":0,"editions":[],"url":"https:\/\/quaidesbrumes.com\/ouvrage\/9783516571622\/un-automne-au-bois-calendrier-mural-2026-din-a4-vertical-calvendo-calendrier-mensuel-un-automne-dans-le-bois-de-boulogne"},{"id":"9783516571684","title":"Yellowstone Un grand parc am\u00e9ricain (Calendrier mural 2026 DIN A3 vertical), CALVENDO calendrier mensuel : Le Parc National de Yellowstone est situ\u00e9 dans le Wyoming aux Etats Unis.Il a \u00e9t\u00e9 le premier parc national au monde, cr\u00e9\u00e9 en 1872. Ses ph\u00e9nom\u00e8n","description":"Deux tiers des geysers de la plan\u00e8te et de nombreuses sources chaudes se trouvent dans le parc de Yellowstone. Ce calendrier a \u00e9t\u00e9 cr\u00e9\u00e9 pour vous montrer la beaut\u00e9 et la fabuleuse vari\u00e9t\u00e9 de ces ph\u00e9nom\u00e8nes g\u00e9othermiques en activit\u00e9 quasi permanente.\r\n\r\nCalendrier mural de qualit\u00e9 sup\u00e9rieure avec 12 magnifiques photos. L'environnement nous tient \u00e0 coeur. C'est pourquoi nous utilisons exclusivement du papier certifi\u00e9 FSC provenant de for\u00eats g\u00e9r\u00e9es de mani\u00e8re \u00e9coresponsable. Nous \u00e9vitons la surproduction et donc des quantit\u00e9s significatives de d\u00e9chets, en produisant dans l'UE \u00e0 l'unit\u00e9 et sur demande. Nous r\u00e9duisons nos distances de transport et assurons une logistique respectueuse de l'environnement.\r\n\r\n14 pages dont 1 couverture | 12 pages mensuelles | 1 page d'index | dos cartonn\u00e9\r\n\r\nCe calendrier \u00e0 succ\u00e8s a \u00e9t\u00e9 r\u00e9\u00e9dit\u00e9 cette ann\u00e9e avec les m\u00eames images et une grille calendaire mise \u00e0 jour.\r\n\r\nIllustrations:\r\nJanvier: White Dome Geyser \r\nF\u00e9vrier: Doublet Pool \r\nMars: Grand Prismatic Spring \r\nAvril: Crested Pool \r\nMai: Riverside Geyser \r\nJuin: Le vert infini \r\nJuillet: Old Faithful \r\nAo\u00fbt: West Thumb Geyser Basin \r\nSeptembre: Double jet \r\nOctobre: Bassin bleu \r\nNovembre: G\u00e9om\u00e9trie g\u00e9ologique \r\nD\u00e9cembre: Piscine bicolore \r\n\r\nQUALITATIF - un calendrier annuel de qualit\u00e9 sup\u00e9rieure avec 12 magnifiques motifs, sur papier d'impression photo, avec une reliure spirale robuste et un crochet de suspension.\r\nDURABLE - r\u00e9duction significative des d\u00e9chets gr\u00e2ce \u00e0 une fabrication sur papier certifi\u00e9 FSC \u00e0 l'unit\u00e9 et sur demande, production dans l'UE, logistique \u00e9cologique.\r\nCADEAU ID\u00c9AL - destin\u00e9 \u00e0 vos contacts priv\u00e9s ou professionnels, \u00e0 la famille ou aux amis, aux jeunes adultes ou aux moins jeunes,  pour un cadeau de No\u00ebl ou d'anniversaire ou juste pour le plaisir d'offrir.\r\nDIVERSIFI\u00c9 - de nombreux formats DIN A4 ou DIN A3, pour s'adapter \u00e0 toutes vos envies et vos cadres de vie.\r\nLe Parc National de Yellowstone est situ\u00e9 dans le Wyoming aux Etats Unis.Il a \u00e9t\u00e9 le premier parc national au monde, cr\u00e9\u00e9 en 1872. Ses ph\u00e9nom\u00e8nes g\u00e9othermiques lui ont donn\u00e9 une renomm\u00e9e mondiale m\u00e9rit\u00e9e.. par l'auteur(rice): michden","authors":["Michel Denis"],"category_codes":["4000000","4010000","4010200"],"visuals":{"large":"https:\/\/images.epagine.fr\/684\/9783516571684_1_75.jpg","medium":"https:\/\/images.epagine.fr\/684\/9783516571684_1_m.jpg","thumbnail":"https:\/\/images.epagine.fr\/684\/9783516571684_1_v.jpg"},"orderable":true,"show_badge":true,"formatted_price":"0,00&nbsp;\u20ac","formatted_published_date":"15 mai 2025","publisher_availability_label":"Sur commande","short_details":"Michel Denis \u2014 Calvendo","translator":null,"weight":460,"page_count":14,"readership":null,"editor":"Calvendo","price":0,"published_date":"2025-05-14T22:00:00.000000Z","support":"Calendrier","publisher_availability":1,"stock":0,"editions":[],"url":"https:\/\/quaidesbrumes.com\/ouvrage\/9783516571684\/yellowstone-un-grand-parc-americain-calendrier-mural-2026-din-a3-vertical-calvendo-calendrier-mensuel-le-parc-national-de-yellowstone-est-situe-dans-le-wyoming-aux-etats-unisil-a-ete-le-premier-parc-national-au-monde-cree-en-1872-ses-phenomen"},{"id":"9783516571967","title":"Yellowstone Un grand parc am\u00e9ricain (Calendrier mural 2026 DIN A4 vertical), CALVENDO calendrier mensuel : Le Parc National de Yellowstone est situ\u00e9 dans le Wyoming aux Etats Unis.Il a \u00e9t\u00e9 le premier parc national au monde, cr\u00e9\u00e9 en 1872. Ses ph\u00e9nom\u00e8n","description":"Deux tiers des geysers de la plan\u00e8te et de nombreuses sources chaudes se trouvent dans le parc de Yellowstone. Ce calendrier a \u00e9t\u00e9 cr\u00e9\u00e9 pour vous montrer la beaut\u00e9 et la fabuleuse vari\u00e9t\u00e9 de ces ph\u00e9nom\u00e8nes g\u00e9othermiques en activit\u00e9 quasi permanente.\r\n\r\nCalendrier mural de qualit\u00e9 sup\u00e9rieure avec 12 magnifiques photos. L'environnement nous tient \u00e0 coeur. C'est pourquoi nous utilisons exclusivement du papier certifi\u00e9 FSC provenant de for\u00eats g\u00e9r\u00e9es de mani\u00e8re \u00e9coresponsable. Nous \u00e9vitons la surproduction et donc des quantit\u00e9s significatives de d\u00e9chets, en produisant dans l'UE \u00e0 l'unit\u00e9 et sur demande. Nous r\u00e9duisons nos distances de transport et assurons une logistique respectueuse de l'environnement.\r\n\r\n14 pages dont 1 couverture | 12 pages mensuelles | 1 page d'index | dos cartonn\u00e9\r\n\r\nCe calendrier \u00e0 succ\u00e8s a \u00e9t\u00e9 r\u00e9\u00e9dit\u00e9 cette ann\u00e9e avec les m\u00eames images et une grille calendaire mise \u00e0 jour.\r\n\r\nIllustrations:\r\nJanvier: White Dome Geyser \r\nF\u00e9vrier: Doublet Pool \r\nMars: Grand Prismatic Spring \r\nAvril: Crested Pool \r\nMai: Riverside Geyser \r\nJuin: Le vert infini \r\nJuillet: Old Faithful \r\nAo\u00fbt: West Thumb Geyser Basin \r\nSeptembre: Double jet \r\nOctobre: Bassin bleu \r\nNovembre: G\u00e9om\u00e9trie g\u00e9ologique \r\nD\u00e9cembre: Piscine bicolore \r\n\r\nQUALITATIF - un calendrier annuel de qualit\u00e9 sup\u00e9rieure avec 12 magnifiques motifs, sur papier d'impression photo, avec une reliure spirale robuste et un crochet de suspension.\r\nDURABLE - r\u00e9duction significative des d\u00e9chets gr\u00e2ce \u00e0 une fabrication sur papier certifi\u00e9 FSC \u00e0 l'unit\u00e9 et sur demande, production dans l'UE, logistique \u00e9cologique.\r\nCADEAU ID\u00c9AL - destin\u00e9 \u00e0 vos contacts priv\u00e9s ou professionnels, \u00e0 la famille ou aux amis, aux jeunes adultes ou aux moins jeunes,  pour un cadeau de No\u00ebl ou d'anniversaire ou juste pour le plaisir d'offrir.\r\nDIVERSIFI\u00c9 - de nombreux formats DIN A4 ou DIN A3, pour s'adapter \u00e0 toutes vos envies et vos cadres de vie.\r\nLe Parc National de Yellowstone est situ\u00e9 dans le Wyoming aux Etats Unis.Il a \u00e9t\u00e9 le premier parc national au monde, cr\u00e9\u00e9 en 1872. Ses ph\u00e9nom\u00e8nes g\u00e9othermiques lui ont donn\u00e9 une renomm\u00e9e mondiale m\u00e9rit\u00e9e.. par l'auteur(rice): michden","authors":["Michel Denis"],"category_codes":["4000000","4010000","4010200"],"visuals":{"large":"https:\/\/images.epagine.fr\/967\/9783516571967_1_75.jpg","medium":"https:\/\/images.epagine.fr\/967\/9783516571967_1_m.jpg","thumbnail":"https:\/\/images.epagine.fr\/967\/9783516571967_1_v.jpg"},"orderable":true,"show_badge":true,"formatted_price":"0,00&nbsp;\u20ac","formatted_published_date":"15 mai 2025","publisher_availability_label":"Sur commande","short_details":"Michel Denis \u2014 Calvendo","translator":null,"weight":210,"page_count":14,"readership":null,"editor":"Calvendo","price":0,"published_date":"2025-05-14T22:00:00.000000Z","support":"Calendrier","publisher_availability":1,"stock":0,"editions":[],"url":"https:\/\/quaidesbrumes.com\/ouvrage\/9783516571967\/yellowstone-un-grand-parc-americain-calendrier-mural-2026-din-a4-vertical-calvendo-calendrier-mensuel-le-parc-national-de-yellowstone-est-situe-dans-le-wyoming-aux-etats-unisil-a-ete-le-premier-parc-national-au-monde-cree-en-1872-ses-phenomen"},{"id":"9783516572063","title":"Croisi\u00e8re sur le Canal du Midi (Calendrier mural 2026 DIN A4 vertical), CALVENDO calendrier mensuel : D\u00e9couvrez une partie du Canal du Midi \u00e0 travers ces quelques regards.","description":"Allons de Toulouse \u00e0 Castelnaudary \u00e0 7 km\/h, naviguant d'\u00e9cluses en \u00e9cluses sur cette merveille qu'est le Canal du Midi. Admirons ces lieux, ces platanes (en danger), une partie de notre histoire, de notre patrimoine.\r\nJuste reposant...\r\n\r\nCalendrier mural de qualit\u00e9 sup\u00e9rieure avec 12 magnifiques photos. L'environnement nous tient \u00e0 coeur. C'est pourquoi nous utilisons exclusivement du papier certifi\u00e9 FSC provenant de for\u00eats g\u00e9r\u00e9es de mani\u00e8re \u00e9coresponsable. Nous \u00e9vitons la surproduction et donc des quantit\u00e9s significatives de d\u00e9chets, en produisant dans l'UE \u00e0 l'unit\u00e9 et sur demande. Nous r\u00e9duisons nos distances de transport et assurons une logistique respectueuse de l'environnement.\r\n\r\n14 pages dont 1 couverture | 12 pages mensuelles | 1 page d'index | dos cartonn\u00e9\r\n\r\nCe calendrier \u00e0 succ\u00e8s a \u00e9t\u00e9 r\u00e9\u00e9dit\u00e9 cette ann\u00e9e avec les m\u00eames images et une grille calendaire mise \u00e0 jour.\r\n\r\nIllustrations:\r\nJanvier: L'Apollinaire \r\nF\u00e9vrier: Et l\u00e0 au fond \r\nMars: Les portes du bonheur \r\nAvril: A pied \r\nMai: Coucher de soleil derri\u00e8re les hautes herbes \r\nJuin: Profit \r\nJuillet: Escale \r\nAo\u00fbt: C'est ouvert, montez \r\nSeptembre: Platanes en danger \r\nOctobre: An 9 par Riquet \r\nNovembre: Reflets ou pince \u00e0 linge \r\nD\u00e9cembre: Cherchez le p\u00eacheur et le cycliste \r\n\r\nQUALITATIF - un calendrier annuel de qualit\u00e9 sup\u00e9rieure avec 12 magnifiques motifs, sur papier d'impression photo, avec une reliure spirale robuste et un crochet de suspension.\r\nDURABLE - r\u00e9duction significative des d\u00e9chets gr\u00e2ce \u00e0 une fabrication sur papier certifi\u00e9 FSC \u00e0 l'unit\u00e9 et sur demande, production dans l'UE, logistique \u00e9cologique.\r\nCADEAU ID\u00c9AL - destin\u00e9 \u00e0 vos contacts priv\u00e9s ou professionnels, \u00e0 la famille ou aux amis, aux jeunes adultes ou aux moins jeunes,  pour un cadeau de No\u00ebl ou d'anniversaire ou juste pour le plaisir d'offrir.\r\nDIVERSIFI\u00c9 - de nombreux formats DIN A4 ou DIN A3, pour s'adapter \u00e0 toutes vos envies et vos cadres de vie.\r\nD\u00e9couvrez une partie du Canal du Midi \u00e0 travers ces quelques regards. par l'auteur(rice): Paulo CARDOSO NEVES","authors":["Paulo C. neves"],"category_codes":["4000000","4010000","4010200"],"visuals":{"large":"https:\/\/images.epagine.fr\/063\/9783516572063_1_75.jpg","medium":"https:\/\/images.epagine.fr\/063\/9783516572063_1_m.jpg","thumbnail":"https:\/\/images.epagine.fr\/063\/9783516572063_1_v.jpg"},"orderable":true,"show_badge":true,"formatted_price":"0,00&nbsp;\u20ac","formatted_published_date":"15 mai 2025","publisher_availability_label":"Sur commande","short_details":"Paulo C. neves \u2014 Calvendo","translator":null,"weight":210,"page_count":14,"readership":null,"editor":"Calvendo","price":0,"published_date":"2025-05-14T22:00:00.000000Z","support":"Calendrier","publisher_availability":1,"stock":0,"editions":[],"url":"https:\/\/quaidesbrumes.com\/ouvrage\/9783516572063\/croisiere-sur-le-canal-du-midi-calendrier-mural-2026-din-a4-vertical-calvendo-calendrier-mensuel-decouvrez-une-partie-du-canal-du-midi-a-travers-ces-quelques-regards"},{"id":"9783516572155","title":"Paysages d'Automne au Qu\u00e9bec (Calendrier mural 2026 DIN A4 vertical), CALVENDO calendrier mensuel : Toiles de couleurs naturelles","description":"Les paysages d'Automne au Qu\u00e9bec sont parmi les plus beaux paysages au monde. Cette p\u00e9riode de l'ann\u00e9e o\u00f9 la for\u00eat devient une toile naturelle avec plusieurs couleurs.\r\n\r\nCalendrier mural de qualit\u00e9 sup\u00e9rieure avec 12 magnifiques photos. L'environnement nous tient \u00e0 coeur. C'est pourquoi nous utilisons exclusivement du papier certifi\u00e9 FSC provenant de for\u00eats g\u00e9r\u00e9es de mani\u00e8re \u00e9coresponsable. Nous \u00e9vitons la surproduction et donc des quantit\u00e9s significatives de d\u00e9chets, en produisant dans l'UE \u00e0 l'unit\u00e9 et sur demande. Nous r\u00e9duisons nos distances de transport et assurons une logistique respectueuse de l'environnement.\r\n\r\n14 pages dont 1 couverture | 12 pages mensuelles | 1 page d'index | dos cartonn\u00e9\r\n\r\nCe calendrier \u00e0 succ\u00e8s a \u00e9t\u00e9 r\u00e9\u00e9dit\u00e9 cette ann\u00e9e avec les m\u00eames images et une grille calendaire mise \u00e0 jour.\r\n\r\nIllustrations:\r\nJanvier: Parc National des Grands Jardins, Charlevoix \r\nF\u00e9vrier: Anse St-Jean, Saguenay \r\nMars: Parc Mont-Royal, Montr\u00e9al \r\nAvril: Route Baie St-Paul, Charlevoix \r\nMai: Montagne de Charlevoix \r\nJuin: Passerelle de Jonqui\u00e8re, Saguenay \r\nJuillet: Route des Cantons de l'Est \r\nAo\u00fbt: Lac St-F\u00e9lix d'Otis, Saguenay \r\nSeptembre: Rivi\u00e8re \u00e0 l'Anse-St-Jean, Saguenay \r\nOctobre: Sur le mont Jacob de Jonqui\u00e8re, Saguenay \r\nNovembre: Charlevoix \r\nD\u00e9cembre: Feuille d'\u00c9rable, Embl\u00e8me du Canada \r\n\r\nQUALITATIF - un calendrier annuel de qualit\u00e9 sup\u00e9rieure avec 12 magnifiques motifs, sur papier d'impression photo, avec une reliure spirale robuste et un crochet de suspension.\r\nDURABLE - r\u00e9duction significative des d\u00e9chets gr\u00e2ce \u00e0 une fabrication sur papier certifi\u00e9 FSC \u00e0 l'unit\u00e9 et sur demande, production dans l'UE, logistique \u00e9cologique.\r\nCADEAU ID\u00c9AL - destin\u00e9 \u00e0 vos contacts priv\u00e9s ou professionnels, \u00e0 la famille ou aux amis, aux jeunes adultes ou aux moins jeunes,  pour un cadeau de No\u00ebl ou d'anniversaire ou juste pour le plaisir d'offrir.\r\nDIVERSIFI\u00c9 - de nombreux formats DIN A4 ou DIN A3, pour s'adapter \u00e0 toutes vos envies et vos cadres de vie.\r\nToiles de couleurs naturelles par l'auteur(rice): Mario Plourde","authors":["Mario Plourde (Maplo-Photo Enr)"],"category_codes":["4000000","4010000","4010200"],"visuals":{"large":"https:\/\/images.epagine.fr\/155\/9783516572155_1_75.jpg","medium":"https:\/\/images.epagine.fr\/155\/9783516572155_1_m.jpg","thumbnail":"https:\/\/images.epagine.fr\/155\/9783516572155_1_v.jpg"},"orderable":true,"show_badge":true,"formatted_price":"0,00&nbsp;\u20ac","formatted_published_date":"15 mai 2025","publisher_availability_label":"Sur commande","short_details":"Mario Plourde (Maplo-Photo Enr) \u2014 Calvendo","translator":null,"weight":210,"page_count":14,"readership":null,"editor":"Calvendo","price":0,"published_date":"2025-05-14T22:00:00.000000Z","support":"Calendrier","publisher_availability":1,"stock":0,"editions":[],"url":"https:\/\/quaidesbrumes.com\/ouvrage\/9783516572155\/paysages-dautomne-au-quebec-calendrier-mural-2026-din-a4-vertical-calvendo-calendrier-mensuel-toiles-de-couleurs-naturelles"},{"id":"9783516572339","title":"Ambiances Ari\u00e8ge Pyr\u00e9n\u00e9es  (Calendrier mural 2026 DIN A2 vertical) calendrier de bureau : Les Pyr\u00e9n\u00e9es ari\u00e9geoises","description":"Plongez dans les ambiances des Pyr\u00e9n\u00e9es en Ari\u00e8ge.\r\n12 mois au coeur des montagnes du sud de la France. Emerveillez-vous devant ces instants magiques o\u00f9 la lumi\u00e8re sublime les paysages.\r\n\r\nImpression d'art premium en haute brillance de qualit\u00e9 mus\u00e9e. Pour que les feuilles de papier soient bien accroch\u00e9es au mur, ce calendrier haut de gamme est dot\u00e9 de pochettes innovantes. Elles prot\u00e8gent les grandes feuilles des effets de l'humidit\u00e9 de l'air. Le papier est un mat\u00e9riau naturel. Les fibres r\u00e9agissent aux variations du climat ambiant. Il est donc conseill\u00e9 de ne pas retirer les pochettes d'insertion.\r\n\r\nNotre environnement nous tient \u00e0 coeur, c'est pourquoi nous misons sur une fabrication individuelle en Allemagne (Made in Germany) avec des mat\u00e9riaux de qualit\u00e9 sup\u00e9rieure.\r\n\r\n14 pages dont 1 couverture | 12 pages mensuelles | 1 page d'index I dos cartonn\u00e9.\r\n\r\n\r\nCe calendrier \u00e0 succ\u00e8s a \u00e9t\u00e9 r\u00e9\u00e9dit\u00e9 cette ann\u00e9e avec les m\u00eames images et une grille calendaire mise \u00e0 jour.\r\n\r\nIllustrations:\r\nJanvier: Dent d'Orlu \r\nF\u00e9vrier: Ch\u00e2teau de Foix \r\nMars: Vall\u00e9e de Lesponne \r\nAvril: Champs \u00e0 Montbel \r\nMai: Vall\u00e9e d'Ax les Thermes \r\nJuin: Ch\u00e2teau de Monts\u00e9gur \r\nJuillet: Grotte du Mas d'Azil \r\nAo\u00fbt: Pi\u00e9mont ari\u00e9geois \r\nSeptembre: Ch\u00e2teau de Roquefixade \r\nOctobre: Campagne de Mirepoix \r\nNovembre: Pyr\u00e9n\u00e9es ari\u00e9geoises \r\nD\u00e9cembre: Roc Marot et Roquefixade \r\n\r\nLIGNE PREMIUM - Calendrier photo brillant avec 12 magnifiques motifs, impression d'art en haute brillance de qualit\u00e9 mus\u00e9e\r\nQUALIT\u00c9 - mat\u00e9riaux nobles, dos solide avec 2 pochettes innovantes pour une pr\u00e9sentation optimale au mur\r\nDURABLE - nette r\u00e9duction des d\u00e9chets gr\u00e2ce \u00e0 une fabrication \u00e0 l'unit\u00e9 adapt\u00e9e aux besoins, papier certifi\u00e9 FSC respectueux de l'environnement, production en Allemagne, logistique respectueuse du climat.\r\nCADEAU PARFAIT - calendrier pour les amis et la famille, pour les enfants et les adultes, les jeunes et les moins jeunes, pour No\u00ebl, les anniversaires ou entre deux.\r\nLes Pyr\u00e9n\u00e9es ari\u00e9geoises par l'auteur(rice): Fabien Boutet","authors":["Fabien Boutet"],"category_codes":["4000000","4010000","4010200"],"visuals":{"large":"https:\/\/images.epagine.fr\/339\/9783516572339_1_75.jpg","medium":"https:\/\/images.epagine.fr\/339\/9783516572339_1_m.jpg","thumbnail":"https:\/\/images.epagine.fr\/339\/9783516572339_1_v.jpg"},"orderable":true,"show_badge":true,"formatted_price":"0,00&nbsp;\u20ac","formatted_published_date":"15 mai 2025","publisher_availability_label":"Sur commande","short_details":"Fabien Boutet \u2014 Calvendo","translator":null,"weight":1280,"page_count":14,"readership":null,"editor":"Calvendo","price":0,"published_date":"2025-05-14T22:00:00.000000Z","support":"Calendrier","publisher_availability":1,"stock":0,"editions":[],"url":"https:\/\/quaidesbrumes.com\/ouvrage\/9783516572339\/ambiances-ariege-pyrenees-calendrier-mural-2026-din-a2-vertical-calendrier-de-bureau-les-pyrenees-ariegeoises"},{"id":"9783516572940","title":"Chevaux en Portraits  (Calendrier mural 2026 DIN A2 horizontal) calendrier de bureau : Portraits de chevaux en libert\u00e9 et studio","description":"Avec ce calendrier d\u00e9couvrez une s\u00e9rie de portraits de chevaux, qui en laissant libre court \u00e0 leur inspiration, met en valeur leur beaut\u00e9 naturelle et majestueuse.\r\n\r\nImpression d'art premium en haute brillance de qualit\u00e9 mus\u00e9e. Pour que les feuilles de papier soient bien accroch\u00e9es au mur, ce calendrier haut de gamme est dot\u00e9 de pochettes innovantes. Elles prot\u00e8gent les grandes feuilles des effets de l'humidit\u00e9 de l'air. Le papier est un mat\u00e9riau naturel. Les fibres r\u00e9agissent aux variations du climat ambiant. Il est donc conseill\u00e9 de ne pas retirer les pochettes d'insertion.\r\n\r\nNotre environnement nous tient \u00e0 coeur, c'est pourquoi nous misons sur une fabrication individuelle en Allemagne (Made in Germany) avec des mat\u00e9riaux de qualit\u00e9 sup\u00e9rieure.\r\n\r\n14 pages dont 1 couverture | 12 pages mensuelles | 1 page d'index I dos cartonn\u00e9.\r\n\r\n\r\nCe calendrier \u00e0 succ\u00e8s a \u00e9t\u00e9 r\u00e9\u00e9dit\u00e9 cette ann\u00e9e avec les m\u00eames images et une grille calendaire mise \u00e0 jour.\r\n\r\nIllustrations:\r\nJanvier: Le nez \r\nF\u00e9vrier: Narcisse \r\nMars: Le sourire \r\nAvril: Dans l'ombre \r\nMai: Souvenirs, souvenirs \r\nJuin: Le fou \r\nJuillet: Pose studio \r\nAo\u00fbt: Fier \r\nSeptembre: Curiosit\u00e9 \r\nOctobre: Au loin \r\nNovembre: Tenue de t\u00eate \r\nD\u00e9cembre: Tenue de gala \r\n\r\nLIGNE PREMIUM - Calendrier photo brillant avec 12 magnifiques motifs, impression d'art en haute brillance de qualit\u00e9 mus\u00e9e\r\nQUALIT\u00c9 - mat\u00e9riaux nobles, dos solide avec 2 pochettes innovantes pour une pr\u00e9sentation optimale au mur\r\nDURABLE - nette r\u00e9duction des d\u00e9chets gr\u00e2ce \u00e0 une fabrication \u00e0 l'unit\u00e9 adapt\u00e9e aux besoins, papier certifi\u00e9 FSC respectueux de l'environnement, production en Allemagne, logistique respectueuse du climat.\r\nCADEAU PARFAIT - calendrier pour les amis et la famille, pour les enfants et les adultes, les jeunes et les moins jeunes, pour No\u00ebl, les anniversaires ou entre deux.\r\nPortraits de chevaux en libert\u00e9 et studio par l'auteur(rice): xavier BERTRAND","authors":["Xavier Bertrand"],"category_codes":["4000000","4010000","4010200"],"visuals":{"large":"https:\/\/images.epagine.fr\/940\/9783516572940_1_75.jpg","medium":"https:\/\/images.epagine.fr\/940\/9783516572940_1_m.jpg","thumbnail":"https:\/\/images.epagine.fr\/940\/9783516572940_1_v.jpg"},"orderable":true,"show_badge":true,"formatted_price":"0,00&nbsp;\u20ac","formatted_published_date":"15 mai 2025","publisher_availability_label":"Sur commande","short_details":"Xavier Bertrand \u2014 Calvendo","translator":null,"weight":1280,"page_count":14,"readership":null,"editor":"Calvendo","price":0,"published_date":"2025-05-14T22:00:00.000000Z","support":"Calendrier","publisher_availability":1,"stock":0,"editions":[],"url":"https:\/\/quaidesbrumes.com\/ouvrage\/9783516572940\/chevaux-en-portraits-calendrier-mural-2026-din-a2-horizontal-calendrier-de-bureau-portraits-de-chevaux-en-liberte-et-studio"},{"id":"9783516572988","title":"Ambiances Ari\u00e8ge Pyr\u00e9n\u00e9es (Calendrier mural 2026 DIN A3 vertical), CALVENDO calendrier mensuel : Les Pyr\u00e9n\u00e9es ari\u00e9geoises","description":"Plongez dans les ambiances des Pyr\u00e9n\u00e9es en Ari\u00e8ge.\r\n12 mois au coeur des montagnes du sud de la France. Emerveillez-vous devant ces instants magiques o\u00f9 la lumi\u00e8re sublime les paysages.\r\n\r\nCalendrier mural de qualit\u00e9 sup\u00e9rieure avec 12 magnifiques photos. L'environnement nous tient \u00e0 coeur. C'est pourquoi nous utilisons exclusivement du papier certifi\u00e9 FSC provenant de for\u00eats g\u00e9r\u00e9es de mani\u00e8re \u00e9coresponsable. Nous \u00e9vitons la surproduction et donc des quantit\u00e9s significatives de d\u00e9chets, en produisant dans l'UE \u00e0 l'unit\u00e9 et sur demande. Nous r\u00e9duisons nos distances de transport et assurons une logistique respectueuse de l'environnement.\r\n\r\n14 pages dont 1 couverture | 12 pages mensuelles | 1 page d'index | dos cartonn\u00e9\r\n\r\nCe calendrier \u00e0 succ\u00e8s a \u00e9t\u00e9 r\u00e9\u00e9dit\u00e9 cette ann\u00e9e avec les m\u00eames images et une grille calendaire mise \u00e0 jour.\r\n\r\nIllustrations:\r\nJanvier: Dent d'Orlu \r\nF\u00e9vrier: Ch\u00e2teau de Foix \r\nMars: Vall\u00e9e de Lesponne \r\nAvril: Champs \u00e0 Montbel \r\nMai: Vall\u00e9e d'Ax les Thermes \r\nJuin: Ch\u00e2teau de Monts\u00e9gur \r\nJuillet: Grotte du Mas d'Azil \r\nAo\u00fbt: Pi\u00e9mont ari\u00e9geois \r\nSeptembre: Ch\u00e2teau de Roquefixade \r\nOctobre: Campagne de Mirepoix \r\nNovembre: Pyr\u00e9n\u00e9es ari\u00e9geoises \r\nD\u00e9cembre: Roc Marot et Roquefixade \r\n\r\nQUALITATIF - un calendrier annuel de qualit\u00e9 sup\u00e9rieure avec 12 magnifiques motifs, sur papier d'impression photo, avec une reliure spirale robuste et un crochet de suspension.\r\nDURABLE - r\u00e9duction significative des d\u00e9chets gr\u00e2ce \u00e0 une fabrication sur papier certifi\u00e9 FSC \u00e0 l'unit\u00e9 et sur demande, production dans l'UE, logistique \u00e9cologique.\r\nCADEAU ID\u00c9AL - destin\u00e9 \u00e0 vos contacts priv\u00e9s ou professionnels, \u00e0 la famille ou aux amis, aux jeunes adultes ou aux moins jeunes,  pour un cadeau de No\u00ebl ou d'anniversaire ou juste pour le plaisir d'offrir.\r\nDIVERSIFI\u00c9 - de nombreux formats DIN A4 ou DIN A3, pour s'adapter \u00e0 toutes vos envies et vos cadres de vie.\r\nLes Pyr\u00e9n\u00e9es ari\u00e9geoises par l'auteur(rice): Fabien Boutet","authors":["Fabien Boutet"],"category_codes":["4000000","4010000","4010200"],"visuals":{"large":"https:\/\/images.epagine.fr\/988\/9783516572988_1_75.jpg","medium":"https:\/\/images.epagine.fr\/988\/9783516572988_1_m.jpg","thumbnail":"https:\/\/images.epagine.fr\/988\/9783516572988_1_v.jpg"},"orderable":true,"show_badge":true,"formatted_price":"0,00&nbsp;\u20ac","formatted_published_date":"15 mai 2025","publisher_availability_label":"Sur commande","short_details":"Fabien Boutet \u2014 Calvendo","translator":null,"weight":460,"page_count":14,"readership":null,"editor":"Calvendo","price":0,"published_date":"2025-05-14T22:00:00.000000Z","support":"Calendrier","publisher_availability":1,"stock":0,"editions":[],"url":"https:\/\/quaidesbrumes.com\/ouvrage\/9783516572988\/ambiances-ariege-pyrenees-calendrier-mural-2026-din-a3-vertical-calvendo-calendrier-mensuel-les-pyrenees-ariegeoises"},{"id":"9783516573039","title":"HAUTE-SAVOIE, une r\u00e9gion o\u00f9 il fait bon vivre (Calendrier mural 2026 DIN A3 vertical), CALVENDO calendrier mensuel : D\u00e9couvrez la Haute-Savoie autrement","description":"Un calendrier qui donne \u00e0 r\u00eaver sur de magnifiques photographies des plus beaux paysages de la Haute-Savoie, une r\u00e9gion de pr\u00e9dilection pour les vacanciers. Un cadeau pour faire r\u00eaver vos proches tout au long de l'ann\u00e9e.\r\n\r\nCalendrier mural de qualit\u00e9 sup\u00e9rieure avec 12 magnifiques photos. L'environnement nous tient \u00e0 coeur. C'est pourquoi nous utilisons exclusivement du papier certifi\u00e9 FSC provenant de for\u00eats g\u00e9r\u00e9es de mani\u00e8re \u00e9coresponsable. Nous \u00e9vitons la surproduction et donc des quantit\u00e9s significatives de d\u00e9chets, en produisant dans l'UE \u00e0 l'unit\u00e9 et sur demande. Nous r\u00e9duisons nos distances de transport et assurons une logistique respectueuse de l'environnement.\r\n\r\n14 pages dont 1 couverture | 12 pages mensuelles | 1 page d'index | dos cartonn\u00e9\r\n\r\nCe calendrier \u00e0 succ\u00e8s a \u00e9t\u00e9 r\u00e9\u00e9dit\u00e9 cette ann\u00e9e avec les m\u00eames images et une grille calendaire mise \u00e0 jour.\r\n\r\nIllustrations:\r\nJanvier: Randonn\u00e9e en montagne \r\nF\u00e9vrier: La mer de glace \r\nMars: Au sommet \r\nAvril: Train du Montenvers \r\nMai: Sur les pistes du Montenvers \r\nJuin: L'Aiguille du Midi \r\nJuillet: Montgolfi\u00e8res dans les airs \r\nAo\u00fbt: Vaches de nos vall\u00e9es \r\nSeptembre: Mont-Blanc, Chamonix \r\nOctobre: Pause caf\u00e9 en haut des pistes \r\nNovembre: Annecy de nuit \r\nD\u00e9cembre: Palais de l'Isle \r\n\r\nQUALITATIF - un calendrier annuel de qualit\u00e9 sup\u00e9rieure avec 12 magnifiques motifs, sur papier d'impression photo, avec une reliure spirale robuste et un crochet de suspension.\r\nDURABLE - r\u00e9duction significative des d\u00e9chets gr\u00e2ce \u00e0 une fabrication sur papier certifi\u00e9 FSC \u00e0 l'unit\u00e9 et sur demande, production dans l'UE, logistique \u00e9cologique.\r\nCADEAU ID\u00c9AL - destin\u00e9 \u00e0 vos contacts priv\u00e9s ou professionnels, \u00e0 la famille ou aux amis, aux jeunes adultes ou aux moins jeunes,  pour un cadeau de No\u00ebl ou d'anniversaire ou juste pour le plaisir d'offrir.\r\nDIVERSIFI\u00c9 - de nombreux formats DIN A4 ou DIN A3, pour s'adapter \u00e0 toutes vos envies et vos cadres de vie.\r\nD\u00e9couvrez la Haute-Savoie autrement par l'auteur(rice): Cyrielle GIOT","authors":["Cyrielle Giot"],"category_codes":["4000000","4010000","4010200"],"visuals":{"large":"https:\/\/images.epagine.fr\/039\/9783516573039_1_75.jpg","medium":"https:\/\/images.epagine.fr\/039\/9783516573039_1_m.jpg","thumbnail":"https:\/\/images.epagine.fr\/039\/9783516573039_1_v.jpg"},"orderable":true,"show_badge":true,"formatted_price":"0,00&nbsp;\u20ac","formatted_published_date":"15 mai 2025","publisher_availability_label":"Sur commande","short_details":"Cyrielle Giot \u2014 Calvendo","translator":null,"weight":460,"page_count":14,"readership":null,"editor":"Calvendo","price":0,"published_date":"2025-05-14T22:00:00.000000Z","support":"Calendrier","publisher_availability":1,"stock":0,"editions":[],"url":"https:\/\/quaidesbrumes.com\/ouvrage\/9783516573039\/haute-savoie-une-region-ou-il-fait-bon-vivre-calendrier-mural-2026-din-a3-vertical-calvendo-calendrier-mensuel-decouvrez-la-haute-savoie-autrement"},{"id":"9782035603999","title":"Decouvrir le ciel","description":null,"authors":["Burillier-H"],"category_codes":["4000000","4010000","4010300"],"visuals":{"large":"https:\/\/quaidesbrumes.com\/img\/book-placeholder.png","medium":"https:\/\/quaidesbrumes.com\/img\/book-placeholder.png","thumbnail":"https:\/\/quaidesbrumes.com\/img\/book-placeholder.png"},"orderable":false,"show_badge":true,"formatted_price":"11,70&nbsp;\u20ac","formatted_published_date":null,"publisher_availability_label":"\u00c0 para\u00eetre","short_details":"Burillier-H \u2014 Larousse","translator":null,"weight":0,"page_count":null,"readership":null,"editor":"Larousse","price":1170,"published_date":null,"support":"Grand format","publisher_availability":2,"stock":0,"editions":[],"url":"https:\/\/quaidesbrumes.com\/ouvrage\/9782035603999\/decouvrir-le-ciel"},{"id":"9782700302011","title":"2030","description":null,"authors":["Yves Paccalet"],"category_codes":["4000000","4010000","4010300"],"visuals":{"large":"https:\/\/quaidesbrumes.com\/img\/book-placeholder.png","medium":"https:\/\/quaidesbrumes.com\/img\/book-placeholder.png","thumbnail":"https:\/\/quaidesbrumes.com\/img\/book-placeholder.png"},"orderable":false,"show_badge":true,"formatted_price":"15,00&nbsp;\u20ac","formatted_published_date":null,"publisher_availability_label":"\u00c0 para\u00eetre","short_details":"Yves Paccalet \u2014 \u00c9ditions Arthaud","translator":null,"weight":0,"page_count":null,"readership":null,"editor":"\u00c9ditions Arthaud","price":1500,"published_date":null,"support":"Grand format","publisher_availability":2,"stock":0,"editions":[],"url":"https:\/\/quaidesbrumes.com\/ouvrage\/9782700302011\/2030"},{"id":"9782501187480","title":"Ensauvagez-vous","description":null,"authors":["Collectif"],"category_codes":["4000000","4010000"],"visuals":{"large":"https:\/\/quaidesbrumes.com\/img\/book-placeholder.png","medium":"https:\/\/quaidesbrumes.com\/img\/book-placeholder.png","thumbnail":"https:\/\/quaidesbrumes.com\/img\/book-placeholder.png"},"orderable":false,"show_badge":true,"formatted_price":"19,90&nbsp;\u20ac","formatted_published_date":null,"publisher_availability_label":"\u00c0 para\u00eetre","short_details":"Collectif \u2014 Marabout","translator":null,"weight":0,"page_count":288,"readership":null,"editor":"Marabout","price":1990,"published_date":null,"support":"Grand format","publisher_availability":2,"stock":0,"editions":[],"url":"https:\/\/quaidesbrumes.com\/ouvrage\/9782501187480\/ensauvagez-vous"},{"id":"9782017040897","title":"Jardiner en biodynamie","description":"\u00a0 Un ouvrage pratique pour jardiner et r\u00e9colter de bons produits, tout en pr\u00e9servant la fertilit\u00e9 de la terre. Dans ce livre, vous trouverez\u00a0 :\r\n- Une mine d'informations pour apprendre \u00e0 conna\u00eetre et respecter son terrain\u00a0 ;\r\n- Tout pour semer, planter, r\u00e9colter et conserver de fa\u00e7on \u00e9cologique\u00a0 ;\r\n- Tout pour travailler la terre en fonction du cycle de la lune et des rythmes cosmiques.\r\n+ Un calendrier complet des diff\u00e9rents travaux \u00e0 r\u00e9aliser pour jardiner en biodynamie\u00a0 !\r\n\u00a0 \r\nThomas Alamy est auteur-photographe ind\u00e9pendant dans le domaine du jardin et des plantes. Il est l'auteur du titre Permaculture \u00e9dit\u00e9 par Hachette Pratique (2018).","authors":["Thomas Alamy"],"category_codes":["4000000","4010000","4010300"],"visuals":{"large":"https:\/\/quaidesbrumes.com\/img\/book-placeholder.png","medium":"https:\/\/quaidesbrumes.com\/img\/book-placeholder.png","thumbnail":"https:\/\/quaidesbrumes.com\/img\/book-placeholder.png"},"orderable":false,"show_badge":true,"formatted_price":"14,95&nbsp;\u20ac","formatted_published_date":null,"publisher_availability_label":"\u00c0 para\u00eetre","short_details":"Thomas Alamy \u2014 HACHETTE PRATIQUE","translator":null,"weight":0,"page_count":160,"readership":null,"editor":"HACHETTE PRATIQUE","price":1495,"published_date":null,"support":"Grand format","publisher_availability":2,"stock":0,"editions":[],"url":"https:\/\/quaidesbrumes.com\/ouvrage\/9782017040897\/jardiner-en-biodynamie"},{"id":"9782017041160","title":"Ma planete ma pancarte : hommage \u00e0 la cr\u00e9ativit\u00e9 de ceux qui marchent pour le climat","description":null,"authors":["Collectif"],"category_codes":["4000000","4010000","4010300"],"visuals":{"large":"https:\/\/quaidesbrumes.com\/img\/book-placeholder.png","medium":"https:\/\/quaidesbrumes.com\/img\/book-placeholder.png","thumbnail":"https:\/\/quaidesbrumes.com\/img\/book-placeholder.png"},"orderable":false,"show_badge":true,"formatted_price":"9,95&nbsp;\u20ac","formatted_published_date":null,"publisher_availability_label":"\u00c0 para\u00eetre","short_details":"Collectif \u2014 HACHETTE PRATIQUE","translator":null,"weight":0,"page_count":null,"readership":null,"editor":"HACHETTE PRATIQUE","price":995,"published_date":null,"support":"Grand format","publisher_availability":2,"stock":0,"editions":[],"url":"https:\/\/quaidesbrumes.com\/ouvrage\/9782017041160\/ma-planete-ma-pancarte-hommage-a-la-creativite-de-ceux-qui-marchent-pour-le-climat"},{"id":"9782738157898","title":"Climat : il n'est pas trop tard mais..","description":null,"authors":["Val\u00e9rie de Masson-delmotte"],"category_codes":["4000000","4010000","4010200","4010204"],"visuals":{"large":"https:\/\/quaidesbrumes.com\/img\/book-placeholder.png","medium":"https:\/\/quaidesbrumes.com\/img\/book-placeholder.png","thumbnail":"https:\/\/quaidesbrumes.com\/img\/book-placeholder.png"},"orderable":false,"show_badge":true,"formatted_price":"21,90&nbsp;\u20ac","formatted_published_date":null,"publisher_availability_label":"\u00c0 para\u00eetre","short_details":"Val\u00e9rie de Masson-delmotte \u2014 \u00c9ditions Odile Jacob","translator":null,"weight":0,"page_count":null,"readership":null,"editor":"\u00c9ditions Odile Jacob","price":2190,"published_date":null,"support":"Grand format","publisher_availability":2,"stock":0,"editions":[],"url":"https:\/\/quaidesbrumes.com\/ouvrage\/9782738157898\/climat-il-nest-pas-trop-tard-mais"},{"id":"9782035954435","title":"Petits jardins de ville","description":null,"authors":["Risser P-A."],"category_codes":["4000000","4010000","4010300"],"visuals":{"large":"https:\/\/quaidesbrumes.com\/img\/book-placeholder.png","medium":"https:\/\/quaidesbrumes.com\/img\/book-placeholder.png","thumbnail":"https:\/\/quaidesbrumes.com\/img\/book-placeholder.png"},"orderable":false,"show_badge":true,"formatted_price":"17,95&nbsp;\u20ac","formatted_published_date":null,"publisher_availability_label":"\u00c0 para\u00eetre","short_details":"Risser P-A. \u2014 Larousse","translator":null,"weight":0,"page_count":null,"readership":null,"editor":"Larousse","price":1795,"published_date":null,"support":"Grand format","publisher_availability":2,"stock":0,"editions":[],"url":"https:\/\/quaidesbrumes.com\/ouvrage\/9782035954435\/petits-jardins-de-ville"},{"id":"9782812317989","title":"Les nanoparticules : scandale programm\u00e9","description":"Pr\u00e9sentes \u00e0 notre insu dans de nombreux objets et aliments de notre quotidien, les nanoparticules, ces mat\u00e9riaux infiniment petits, sont pourtant nocives pour la sant\u00e9. Alors o\u00f9 les trouve-t-on ? Pourquoi les industriels les utilisent-ils ? Quelles \u00e9tudes ont \u00e9t\u00e9 men\u00e9es dessus et quel impact peuvent-elles avoir sur notre corps ?\r\nC'est \u00e0 ces questions que le journaliste Hugues Demeude va r\u00e9pondre, avec l'aide de sp\u00e9cialistes du sujets, chercheurs, m\u00e9decins, scientifiques, professeurs... dans un ouvrage captivant qui va faire \u00e9clater le scandale des nanoparticules.","authors":[],"category_codes":["4000000","4010000","4010200"],"visuals":{"large":"https:\/\/quaidesbrumes.com\/img\/book-placeholder.png","medium":"https:\/\/quaidesbrumes.com\/img\/book-placeholder.png","thumbnail":"https:\/\/quaidesbrumes.com\/img\/book-placeholder.png"},"orderable":false,"show_badge":true,"formatted_price":"19,90&nbsp;\u20ac","formatted_published_date":null,"publisher_availability_label":"\u00c0 para\u00eetre","short_details":"Editions E\/P\/A","translator":null,"weight":0,"page_count":null,"readership":null,"editor":"Editions E\/P\/A","price":1990,"published_date":null,"support":"Grand format","publisher_availability":2,"stock":0,"editions":[],"url":"https:\/\/quaidesbrumes.com\/ouvrage\/9782812317989\/les-nanoparticules-scandale-programme"},{"id":"9782035990549","title":"Le guide du zero dechet sans prise de tete","description":"Un guide optimiste et d\u00e9culpabilisant pour consommer moins, mais mieux, et pr\u00e9server la plan\u00e8te sans d\u00e9courager ses enfants ou son conjoint.\r\nAvec les 100 conseils, les tutos et les astuces test\u00e9s et illustr\u00e9s par Marina Le Floch, c'est tout simple : recycler, valoriser, trier... on peut changer son quotidien, mais \u00e0 son rythme !","authors":["Le Floch Marina"],"category_codes":["4000000","4010000","4010300"],"visuals":{"large":"https:\/\/quaidesbrumes.com\/img\/book-placeholder.png","medium":"https:\/\/quaidesbrumes.com\/img\/book-placeholder.png","thumbnail":"https:\/\/quaidesbrumes.com\/img\/book-placeholder.png"},"orderable":false,"show_badge":true,"formatted_price":"12,90&nbsp;\u20ac","formatted_published_date":null,"publisher_availability_label":"\u00c0 para\u00eetre","short_details":"Le Floch Marina \u2014 Larousse","translator":null,"weight":301,"page_count":null,"readership":null,"editor":"Larousse","price":1290,"published_date":null,"support":"Grand format","publisher_availability":2,"stock":0,"editions":[],"url":"https:\/\/quaidesbrumes.com\/ouvrage\/9782035990549\/le-guide-du-zero-dechet-sans-prise-de-tete"},{"id":"9782035993267","title":"Vol au coeur des soul flyers","description":"Ce livre est un \u00ab envol \u00bb et vous invite \u00e0 revivre leurs exploits les plus fous ! Triples champions du monde, athl\u00e8tes professionnels, les Soul Flyers sont n\u00e9s dans l'univers de l'a\u00e9ronautique, de parents parachutistes, ils vivent entre ciel et terre depuis leur plus tendre enfance.Aujourd'hui, apr\u00e8s 18 000 sauts, ils sont tout sauf des \u00ab trompe-la-mort \u00bb.De la gen\u00e8se \u00e0 la faisabilit\u00e9 de chaque exploit, Fred&Vince sont vos guides dans les coulisses de l'univers le plus extr\u00eame de l'a\u00e9ronautique.D\u00e9couvrez chaque aspect de leurs projets : pr\u00e9paration mentale, physique, technique et travail de la s\u00e9curit\u00e9 dans un monde ou la moindre erreur est fatale.","authors":["Choupin\/Fugen\/Reffet"],"category_codes":["4000000","4010000","4010500","4010505"],"visuals":{"large":"https:\/\/quaidesbrumes.com\/img\/book-placeholder.png","medium":"https:\/\/quaidesbrumes.com\/img\/book-placeholder.png","thumbnail":"https:\/\/quaidesbrumes.com\/img\/book-placeholder.png"},"orderable":false,"show_badge":true,"formatted_price":"18,95&nbsp;\u20ac","formatted_published_date":null,"publisher_availability_label":"\u00c0 para\u00eetre","short_details":"Choupin\/Fugen\/Reffet \u2014 Larousse","translator":null,"weight":0,"page_count":256,"readership":null,"editor":"Larousse","price":1895,"published_date":null,"support":"Grand format","publisher_availability":2,"stock":0,"editions":[],"url":"https:\/\/quaidesbrumes.com\/ouvrage\/9782035993267\/vol-au-coeur-des-soul-flyers"},{"id":"9782822406291","title":"Durabilit\u00e9 et responsabilit\u00e9 soci\u00e9tale","description":"La r\u00e9flexion sur la relation entre \u00e9cosyst\u00e8me et activit\u00e9s \u00e9conomiques prend une ampleur croissante. Les mod\u00e8les de d\u00e9veloppement \u00e9conomique compatible avec un \u00e9quilibre \u00e9cologique sont fortement malmen\u00e9s par une offre abondante et un consum\u00e9risme extravaguant. L'apparition r\u00e9cente de d\u00e9r\u00e8glement globaux climatiques entra\u00eene des cons\u00e9quences sur nos modes de vie. Ces nouveaux d\u00e9fis li\u00e9s au changement climatique ont suscit\u00e9 une prise de conscience au niveau plan\u00e9taire en mati\u00e8re d'environnement et de responsabilit\u00e9 personnelle et interpersonnelle. A partir de ce nouveau paradigme durable et soci\u00e9tal, ce livre propose de pr\u00e9senter des approches entrepreneuriales int\u00e9grant ces nouveaux d\u00e9fis \u00e9co-climatique et une nouvelle lecture visant \u00e0 pr\u00e9server l'\u00e9cosyst\u00e8me et tout particuli\u00e8rement la vigne et son fruit : le raisin.","authors":["Francois Domergue"],"category_codes":["4000000","4010000","4010200","4010208"],"visuals":{"large":"https:\/\/images.epagine.fr\/291\/9782822406291_1_75.jpg","medium":"https:\/\/images.epagine.fr\/291\/9782822406291_1_m.jpg","thumbnail":"https:\/\/images.epagine.fr\/291\/9782822406291_1_v.jpg"},"orderable":false,"show_badge":true,"formatted_price":"29,00&nbsp;\u20ac","formatted_published_date":null,"publisher_availability_label":"\u00c0 para\u00eetre","short_details":"Francois Domergue \u2014 Ma","translator":null,"weight":0,"page_count":300,"readership":null,"editor":"Ma","price":2900,"published_date":null,"support":"Grand format","publisher_availability":2,"stock":0,"editions":[],"url":"https:\/\/quaidesbrumes.com\/ouvrage\/9782822406291\/durabilite-et-responsabilite-societale"},{"id":"9782828920302","title":"Les arbres, \u00e0 la racines de la vie : r\u00e9enchanter le regard","description":null,"authors":["Michel Bregnard","Brigitte Prost","Ernst Z\u00fcrcher"],"category_codes":["4000000","4010000","4010300"],"visuals":{"large":"https:\/\/quaidesbrumes.com\/img\/book-placeholder.png","medium":"https:\/\/quaidesbrumes.com\/img\/book-placeholder.png","thumbnail":"https:\/\/quaidesbrumes.com\/img\/book-placeholder.png"},"orderable":false,"show_badge":true,"formatted_price":"24,00&nbsp;\u20ac","formatted_published_date":null,"publisher_availability_label":"\u00c0 para\u00eetre","short_details":"Michel Bregnard, Brigitte Prost, Ernst Z\u00fcrcher \u2014 Favre","translator":null,"weight":0,"page_count":160,"readership":null,"editor":"Favre","price":2400,"published_date":null,"support":"Grand format","publisher_availability":2,"stock":0,"editions":[],"url":"https:\/\/quaidesbrumes.com\/ouvrage\/9782828920302\/les-arbres-a-la-racines-de-la-vie-reenchanter-le-regard"},{"id":"9782930601380","title":"Chicago, m\u00e9tropole de la nature","description":"\u00ab Le paysage am\u00e9ricain a connu des transformations qui annon\u00e7aient \u00e0 bien des \u00e9gards les probl\u00e8mes environnementaux auxquels nous sommes confront\u00e9s aujourd'hui \u00bb \u00e9crit William Cronon dans le prologue La m\u00e9tropole de la nature, ouvrage de r\u00e9f\u00e9rence dans les pays anglophones mais qui, faute de traduction, demeure trop peu connu en France. Pr\u00e9senter cet ouvrage de 660 pages en quelques lignes n'est pas chose ais\u00e9e, tant l'auteur m\u00eale avec brio l'histoire, l'anthropologie, l'\u00e9conomie, l'\u00e9cologie, l'industrie, etc., pour nous conter l'histoire fulgurante de Chicago et de ses alentours, de sa naissance dans un mar\u00e9cage de boue jusqu'\u00e0 la \u00ab m\u00e9tropole \u00bb capitale du Grand Ouest am\u00e9ricain. Il s'agit donc ici tout d'abord de l'histoire d'une ville, mais aussi de celle de la \u00ab nature \u00bb qu'elle a du dominer pour exister, cette \u00ab nature \u00bb ayant \u00e9t\u00e9 (et \u00e9tant toujours) \u00e0 l'origine de sa richesse (les march\u00e9s de mati\u00e8res premi\u00e8res par exemple).\r\nVille et campagne sont intrins\u00e8quement li\u00e9s, nous dit Cronon \u00e0 juste titre ; il est impossible de penser l'une sans penser l'autre. Livre dense mais extr\u00eamement lisible, merveilleusement \u00e9crit, d'une intelligence rare, La m\u00e9tropole de la nature aura demand\u00e9 presque 15 ans de travail de recherche et d'\u00e9criture (l'ouvrage fut initialement une th\u00e8se de doctorat). Salu\u00e9 internationnalement comme \u00e9tant probablement le meilleur livre d'histoire \u00e9cologique jamais \u00e9crit, cet ouvrage montre en quoi, audel\u00e0 de l'histoire singuli\u00e8re d'une ville, les fondements de l'exploitation \u00e9conomique de la nature ont model\u00e9 cette derni\u00e8re au point d'en faire une \u00ab seconde nature \u00bb.","authors":["William Cronon","Philippe Blanchard"],"category_codes":["4000000","4010000","4010200"],"visuals":{"large":"https:\/\/images.epagine.fr\/380\/9782930601380_1_75.jpg","medium":"https:\/\/images.epagine.fr\/380\/9782930601380_1_m.jpg","thumbnail":"https:\/\/images.epagine.fr\/380\/9782930601380_1_v.jpg"},"orderable":false,"show_badge":true,"formatted_price":"28,00&nbsp;\u20ac","formatted_published_date":null,"publisher_availability_label":"\u00c0 para\u00eetre","short_details":"William Cronon, Philippe Blanchard \u2014 Zones Sensibles","translator":"PHILIPPE BLANCHARD","weight":800,"page_count":592,"readership":null,"editor":"Zones Sensibles","price":2800,"published_date":null,"support":"Grand format","publisher_availability":2,"stock":0,"editions":[],"url":"https:\/\/quaidesbrumes.com\/ouvrage\/9782930601380\/chicago-metropole-de-la-nature"},{"id":"9782226456199","title":"So royal ! une vie de chien 2","description":null,"authors":["St\u00e9phane Bern"],"category_codes":["4000000","4010000"],"visuals":{"large":"https:\/\/quaidesbrumes.com\/img\/book-placeholder.png","medium":"https:\/\/quaidesbrumes.com\/img\/book-placeholder.png","thumbnail":"https:\/\/quaidesbrumes.com\/img\/book-placeholder.png"},"orderable":false,"show_badge":true,"formatted_price":"25,00&nbsp;\u20ac","formatted_published_date":null,"publisher_availability_label":"\u00c0 para\u00eetre","short_details":"St\u00e9phane Bern \u2014 Albin Michel","translator":null,"weight":0,"page_count":null,"readership":null,"editor":"Albin Michel","price":2500,"published_date":null,"support":"Grand format","publisher_availability":2,"stock":0,"editions":[],"url":"https:\/\/quaidesbrumes.com\/ouvrage\/9782226456199\/so-royal-une-vie-de-chien-2"},{"id":"9783516573312","title":"Ambiances Ari\u00e8ge Pyr\u00e9n\u00e9es (Calendrier mural 2026 DIN A4 vertical), CALVENDO calendrier mensuel : Les Pyr\u00e9n\u00e9es ari\u00e9geoises","description":"Plongez dans les ambiances des Pyr\u00e9n\u00e9es en Ari\u00e8ge.\r\n12 mois au coeur des montagnes du sud de la France. Emerveillez-vous devant ces instants magiques o\u00f9 la lumi\u00e8re sublime les paysages.\r\n\r\nCalendrier mural de qualit\u00e9 sup\u00e9rieure avec 12 magnifiques photos. L'environnement nous tient \u00e0 coeur. C'est pourquoi nous utilisons exclusivement du papier certifi\u00e9 FSC provenant de for\u00eats g\u00e9r\u00e9es de mani\u00e8re \u00e9coresponsable. Nous \u00e9vitons la surproduction et donc des quantit\u00e9s significatives de d\u00e9chets, en produisant dans l'UE \u00e0 l'unit\u00e9 et sur demande. Nous r\u00e9duisons nos distances de transport et assurons une logistique respectueuse de l'environnement.\r\n\r\n14 pages dont 1 couverture | 12 pages mensuelles | 1 page d'index | dos cartonn\u00e9\r\n\r\nCe calendrier \u00e0 succ\u00e8s a \u00e9t\u00e9 r\u00e9\u00e9dit\u00e9 cette ann\u00e9e avec les m\u00eames images et une grille calendaire mise \u00e0 jour.\r\n\r\nIllustrations:\r\nJanvier: Dent d'Orlu \r\nF\u00e9vrier: Ch\u00e2teau de Foix \r\nMars: Vall\u00e9e de Lesponne \r\nAvril: Champs \u00e0 Montbel \r\nMai: Vall\u00e9e d'Ax les Thermes \r\nJuin: Ch\u00e2teau de Monts\u00e9gur \r\nJuillet: Grotte du Mas d'Azil \r\nAo\u00fbt: Pi\u00e9mont ari\u00e9geois \r\nSeptembre: Ch\u00e2teau de Roquefixade \r\nOctobre: Campagne de Mirepoix \r\nNovembre: Pyr\u00e9n\u00e9es ari\u00e9geoises \r\nD\u00e9cembre: Roc Marot et Roquefixade \r\n\r\nQUALITATIF - un calendrier annuel de qualit\u00e9 sup\u00e9rieure avec 12 magnifiques motifs, sur papier d'impression photo, avec une reliure spirale robuste et un crochet de suspension.\r\nDURABLE - r\u00e9duction significative des d\u00e9chets gr\u00e2ce \u00e0 une fabrication sur papier certifi\u00e9 FSC \u00e0 l'unit\u00e9 et sur demande, production dans l'UE, logistique \u00e9cologique.\r\nCADEAU ID\u00c9AL - destin\u00e9 \u00e0 vos contacts priv\u00e9s ou professionnels, \u00e0 la famille ou aux amis, aux jeunes adultes ou aux moins jeunes,  pour un cadeau de No\u00ebl ou d'anniversaire ou juste pour le plaisir d'offrir.\r\nDIVERSIFI\u00c9 - de nombreux formats DIN A4 ou DIN A3, pour s'adapter \u00e0 toutes vos envies et vos cadres de vie.\r\nLes Pyr\u00e9n\u00e9es ari\u00e9geoises par l'auteur(rice): Fabien Boutet","authors":["Fabien Boutet"],"category_codes":["4000000","4010000","4010200"],"visuals":{"large":"https:\/\/images.epagine.fr\/312\/9783516573312_1_75.jpg","medium":"https:\/\/images.epagine.fr\/312\/9783516573312_1_m.jpg","thumbnail":"https:\/\/images.epagine.fr\/312\/9783516573312_1_v.jpg"},"orderable":true,"show_badge":true,"formatted_price":"0,00&nbsp;\u20ac","formatted_published_date":"15 mai 2025","publisher_availability_label":"Sur commande","short_details":"Fabien Boutet \u2014 Calvendo","translator":null,"weight":210,"page_count":14,"readership":null,"editor":"Calvendo","price":0,"published_date":"2025-05-14T22:00:00.000000Z","support":"Calendrier","publisher_availability":1,"stock":0,"editions":[],"url":"https:\/\/quaidesbrumes.com\/ouvrage\/9783516573312\/ambiances-ariege-pyrenees-calendrier-mural-2026-din-a4-vertical-calvendo-calendrier-mensuel-les-pyrenees-ariegeoises"}]}