{"data":[{"id":"9782809907537","title":"Roches en terre sauvage","description":"L'immobilit\u00e9 apparente des rochers et des pierres est trompeuse. Pendant des millions d'ann\u00e9es, ils ont \u00e9t\u00e9 form\u00e9s et d\u00e9form\u00e9s par le vent, les variations de temp\u00e9rature, l'activit\u00e9 volcanique, l'eau... Tom\u00e1s M\u00edcek a saisi \u00e0 travers son objectif leur univers sur les cinq continents de la Terre. Il nous donne \u00e0 voir la stabilit\u00e9 \u00e9ternelle des pierres et la force cr\u00e9ative terriblement dynamique qui fait rena\u00eetre, mais aussi dispara\u00eetre, les plus \u00e9tranges et remarquables associations de roches.","authors":["Tomas Micek"],"category_codes":["4000000","4010000","4010300","4010306"],"visuals":{"large":"https:\/\/images.epagine.fr\/537\/9782809907537_1_75.jpg","medium":"https:\/\/images.epagine.fr\/537\/9782809907537_1_m.jpg","thumbnail":"https:\/\/images.epagine.fr\/537\/9782809907537_1_v.jpg"},"orderable":false,"show_badge":true,"formatted_price":"59,00&nbsp;\u20ac","formatted_published_date":null,"publisher_availability_label":"\u00c0 para\u00eetre","short_details":"Tomas Micek \u2014 \u00c9ditions Place des Victoires","translator":null,"weight":0,"page_count":328,"readership":null,"editor":"\u00c9ditions Place des Victoires","price":5900,"published_date":null,"support":"Beaux-livres","publisher_availability":2,"stock":0,"editions":[],"url":"https:\/\/quaidesbrumes.com\/ouvrage\/9782809907537\/roches-en-terre-sauvage"},{"id":"9783516561807","title":"Au fil du temps... Du Jura aux Alpes (Calendrier mural 2026 DIN A3 vertical), CALVENDO calendrier mensuel : Des points de vues magnifiques des montagnes du Jura et des Alpes , d\u00e9voilant la beaut\u00e9 au quotidien.","description":"Autour du Bassin L\u00e9manique, une vision superbe qui, au quotidien permet d'admirer ces deux grandes chaines montagneuses. O\u00f9 que l'on se trouve , on est \u00e9merveill\u00e9 et notre vue peut s'\u00e9tendre tr\u00e8s loin sur les massifs, autant sur la France que sur la Suisse. La lumi\u00e8re changeante, la brume, le mouvement des nuages, les couleurs, autant de diversit\u00e9 agr\u00e9able, que je partage aujourd'hui.\r\n\r\nCalendrier mural de qualit\u00e9 sup\u00e9rieure avec 12 magnifiques photos. L'environnement nous tient \u00e0 coeur. C'est pourquoi nous utilisons exclusivement du papier certifi\u00e9 FSC provenant de for\u00eats g\u00e9r\u00e9es de mani\u00e8re \u00e9coresponsable. Nous \u00e9vitons la surproduction et donc des quantit\u00e9s significatives de d\u00e9chets, en produisant dans l'UE \u00e0 l'unit\u00e9 et sur demande. Nous r\u00e9duisons nos distances de transport et assurons une logistique respectueuse de l'environnement.\r\n\r\n14 pages dont 1 couverture | 12 pages mensuelles | 1 page d'index | dos cartonn\u00e9\r\n\r\nCe calendrier \u00e0 succ\u00e8s a \u00e9t\u00e9 r\u00e9\u00e9dit\u00e9 cette ann\u00e9e avec les m\u00eames images et une grille calendaire mise \u00e0 jour.\r\n\r\nIllustrations:\r\nJanvier: Jura Suisse - Vue sur les Alpes \r\nF\u00e9vrier: Ain, Pays de Gex - Vue sur les Alpes \r\nMars: Ain, Crozet - Vue sur les Alpes et Bassin L\u00e9manique \r\nAvril: Suisse, Bourdigny - Vue sur le Jura \r\nMai: Jura, Lac des Rousses \r\nJuin: Suisse, Bourdigny - Vue sur le Jura \r\nJuillet: Ain, Crozet - Vue sur les Alpes \r\nAo\u00fbt: Ain,Pays de Gex - Vue sur la chaine du Jura \r\nSeptembre: Jura Suisse - Vue sur les Alpes \r\nOctobre: Haute Savoie - Vue sur la chaine du Jura \r\nNovembre: Ain, Pays de Gex - Vue sur le Mont Blanc \r\nD\u00e9cembre: Ain, Pays de Gex - Vue sur le Mont Blanc \r\n\r\nQUALITATIF - un calendrier annuel de qualit\u00e9 sup\u00e9rieure avec 12 magnifiques motifs, sur papier d'impression photo, avec une reliure spirale robuste et un crochet de suspension.\r\nDURABLE - r\u00e9duction significative des d\u00e9chets gr\u00e2ce \u00e0 une fabrication sur papier certifi\u00e9 FSC \u00e0 l'unit\u00e9 et sur demande, production dans l'UE, logistique \u00e9cologique.\r\nCADEAU ID\u00c9AL - destin\u00e9 \u00e0 vos contacts priv\u00e9s ou professionnels, \u00e0 la famille ou aux amis, aux jeunes adultes ou aux moins jeunes,  pour un cadeau de No\u00ebl ou d'anniversaire ou juste pour le plaisir d'offrir.\r\nDIVERSIFI\u00c9 - de nombreux formats DIN A4 ou DIN A3, pour s'adapter \u00e0 toutes vos envies et vos cadres de vie.\r\nDes points de vues magnifiques des montagnes du Jura et des Alpes , d\u00e9voilant la beaut\u00e9 au quotidien. par l'auteur(rice): Pascal BERNADAT","authors":["Pascal Bernadat"],"category_codes":["4000000","4010000","4010200"],"visuals":{"large":"https:\/\/images.epagine.fr\/807\/9783516561807_1_75.jpg","medium":"https:\/\/images.epagine.fr\/807\/9783516561807_1_m.jpg","thumbnail":"https:\/\/images.epagine.fr\/807\/9783516561807_1_v.jpg"},"orderable":true,"show_badge":true,"formatted_price":"0,00&nbsp;\u20ac","formatted_published_date":"15 mai 2025","publisher_availability_label":"Sur commande","short_details":"Pascal Bernadat \u2014 CALVENDO","translator":null,"weight":460,"page_count":14,"readership":null,"editor":"CALVENDO","price":0,"published_date":"2025-05-14T22:00:00.000000Z","support":"Calendrier","publisher_availability":1,"stock":0,"editions":[],"url":"https:\/\/quaidesbrumes.com\/ouvrage\/9783516561807\/au-fil-du-temps-du-jura-aux-alpes-calendrier-mural-2026-din-a3-vertical-calvendo-calendrier-mensuel-des-points-de-vues-magnifiques-des-montagnes-du-jura-et-des-alpes-devoilant-la-beaute-au-quotidien"},{"id":"9782841380350","title":"Le jardin mediterraneen","description":null,"authors":["Patrice Fauchier"],"category_codes":["4000000","4010000","4010400"],"visuals":{"large":"https:\/\/quaidesbrumes.com\/img\/book-placeholder.png","medium":"https:\/\/quaidesbrumes.com\/img\/book-placeholder.png","thumbnail":"https:\/\/quaidesbrumes.com\/img\/book-placeholder.png"},"orderable":false,"show_badge":true,"formatted_price":"44,21&nbsp;\u20ac","formatted_published_date":null,"publisher_availability_label":"\u00c0 para\u00eetre","short_details":"Patrice Fauchier \u2014 Les \u00c9ditions Ulmer","translator":null,"weight":0,"page_count":null,"readership":null,"editor":"Les \u00c9ditions Ulmer","price":4421,"published_date":null,"support":"Grand format","publisher_availability":2,"stock":0,"editions":[],"url":"https:\/\/quaidesbrumes.com\/ouvrage\/9782841380350\/le-jardin-mediterraneen"},{"id":"9782742751556","title":"Les marais du brouage","description":null,"authors":["Vadrot\/Pourcher"],"category_codes":["4000000","4010000","4010300"],"visuals":{"large":"https:\/\/quaidesbrumes.com\/img\/book-placeholder.png","medium":"https:\/\/quaidesbrumes.com\/img\/book-placeholder.png","thumbnail":"https:\/\/quaidesbrumes.com\/img\/book-placeholder.png"},"orderable":false,"show_badge":true,"formatted_price":"6,50&nbsp;\u20ac","formatted_published_date":null,"publisher_availability_label":"\u00c0 para\u00eetre","short_details":"Vadrot\/Pourcher \u2014 Actes Sud","translator":null,"weight":0,"page_count":48,"readership":null,"editor":"Actes Sud","price":650,"published_date":null,"support":"Grand format","publisher_availability":2,"stock":0,"editions":[],"url":"https:\/\/quaidesbrumes.com\/ouvrage\/9782742751556\/les-marais-du-brouage"},{"id":"9782841231751","title":"Champignons","description":null,"authors":["Beno\u00eet Witz"],"category_codes":["4000000","4010000","4010400","4010403"],"visuals":{"large":"https:\/\/quaidesbrumes.com\/img\/book-placeholder.png","medium":"https:\/\/quaidesbrumes.com\/img\/book-placeholder.png","thumbnail":"https:\/\/quaidesbrumes.com\/img\/book-placeholder.png"},"orderable":false,"show_badge":true,"formatted_price":"9,90&nbsp;\u20ac","formatted_published_date":null,"publisher_availability_label":"\u00c0 para\u00eetre","short_details":"Beno\u00eet Witz \u2014 Alain Ducasse","translator":null,"weight":0,"page_count":null,"readership":null,"editor":"Alain Ducasse","price":990,"published_date":null,"support":"Grand format","publisher_availability":2,"stock":0,"editions":[],"url":"https:\/\/quaidesbrumes.com\/ouvrage\/9782841231751\/champignons"},{"id":"9783516570748","title":"Un automne au Bois  (Calendrier mural 2026 DIN A2 vertical) calendrier de bureau : Un automne dans le Bois de Boulogne.","description":"Dans le Bois de Boulogne, un des poumons color\u00e9s de la capitale fran\u00e7aise, retrouvez ici ces quelques regards sur un automne tr\u00e8s parisien. Un feu d'artifice de couleurs.\r\n\r\nImpression d'art premium en haute brillance de qualit\u00e9 mus\u00e9e. Pour que les feuilles de papier soient bien accroch\u00e9es au mur, ce calendrier haut de gamme est dot\u00e9 de pochettes innovantes. Elles prot\u00e8gent les grandes feuilles des effets de l'humidit\u00e9 de l'air. Le papier est un mat\u00e9riau naturel. Les fibres r\u00e9agissent aux variations du climat ambiant. Il est donc conseill\u00e9 de ne pas retirer les pochettes d'insertion.\r\n\r\nNotre environnement nous tient \u00e0 coeur, c'est pourquoi nous misons sur une fabrication individuelle en Allemagne (Made in Germany) avec des mat\u00e9riaux de qualit\u00e9 sup\u00e9rieure.\r\n\r\n14 pages dont 1 couverture | 12 pages mensuelles | 1 page d'index I dos cartonn\u00e9.\r\n\r\n\r\nCe calendrier \u00e0 succ\u00e8s a \u00e9t\u00e9 r\u00e9\u00e9dit\u00e9 cette ann\u00e9e avec les m\u00eames images et une grille calendaire mise \u00e0 jour.\r\n\r\nIllustrations:\r\nJanvier: Madame se l\u00e8ve \r\nF\u00e9vrier: Veines \r\nMars: Vif banc \r\nAvril: Humides \r\nMai: Volant bient\u00f4t \r\nJuin: Champ\u00eatres \r\nJuillet: Rouges, rouges \r\nAo\u00fbt: Volant, maintenant \r\nSeptembre: Au repos \r\nOctobre: Assises sur un banc \r\nNovembre: Noyade \r\nD\u00e9cembre: Omelette \r\n\r\nLIGNE PREMIUM - Calendrier photo brillant avec 12 magnifiques motifs, impression d'art en haute brillance de qualit\u00e9 mus\u00e9e\r\nQUALIT\u00c9 - mat\u00e9riaux nobles, dos solide avec 2 pochettes innovantes pour une pr\u00e9sentation optimale au mur\r\nDURABLE - nette r\u00e9duction des d\u00e9chets gr\u00e2ce \u00e0 une fabrication \u00e0 l'unit\u00e9 adapt\u00e9e aux besoins, papier certifi\u00e9 FSC respectueux de l'environnement, production en Allemagne, logistique respectueuse du climat.\r\nCADEAU PARFAIT - calendrier pour les amis et la famille, pour les enfants et les adultes, les jeunes et les moins jeunes, pour No\u00ebl, les anniversaires ou entre deux.\r\nUn automne dans le Bois de Boulogne. par l'auteur(rice): Paulo CARDOSO NEVES","authors":["Paulo C. neves"],"category_codes":["4000000","4010000","4010200"],"visuals":{"large":"https:\/\/images.epagine.fr\/748\/9783516570748_1_75.jpg","medium":"https:\/\/images.epagine.fr\/748\/9783516570748_1_m.jpg","thumbnail":"https:\/\/images.epagine.fr\/748\/9783516570748_1_v.jpg"},"orderable":true,"show_badge":true,"formatted_price":"0,00&nbsp;\u20ac","formatted_published_date":"15 mai 2025","publisher_availability_label":"Sur commande","short_details":"Paulo C. neves \u2014 Calvendo","translator":null,"weight":1280,"page_count":14,"readership":null,"editor":"Calvendo","price":0,"published_date":"2025-05-14T22:00:00.000000Z","support":"Calendrier","publisher_availability":1,"stock":0,"editions":[],"url":"https:\/\/quaidesbrumes.com\/ouvrage\/9783516570748\/un-automne-au-bois-calendrier-mural-2026-din-a2-vertical-calendrier-de-bureau-un-automne-dans-le-bois-de-boulogne"},{"id":"9783516570953","title":"Yellowstone Un grand parc am\u00e9ricain  (Calendrier mural 2026 DIN A2 vertical) calendrier de bureau : Le Parc National de Yellowstone est situ\u00e9 dans le Wyoming aux Etats Unis.Il a \u00e9t\u00e9 le premier parc national au monde, cr\u00e9\u00e9 en 1872. Ses ph\u00e9nom\u00e8nes g\u00e9ot","description":"Deux tiers des geysers de la plan\u00e8te et de nombreuses sources chaudes se trouvent dans le parc de Yellowstone. Ce calendrier a \u00e9t\u00e9 cr\u00e9\u00e9 pour vous montrer la beaut\u00e9 et la fabuleuse vari\u00e9t\u00e9 de ces ph\u00e9nom\u00e8nes g\u00e9othermiques en activit\u00e9 quasi permanente.\r\n\r\nImpression d'art premium en haute brillance de qualit\u00e9 mus\u00e9e. Pour que les feuilles de papier soient bien accroch\u00e9es au mur, ce calendrier haut de gamme est dot\u00e9 de pochettes innovantes. Elles prot\u00e8gent les grandes feuilles des effets de l'humidit\u00e9 de l'air. Le papier est un mat\u00e9riau naturel. Les fibres r\u00e9agissent aux variations du climat ambiant. Il est donc conseill\u00e9 de ne pas retirer les pochettes d'insertion.\r\n\r\nNotre environnement nous tient \u00e0 coeur, c'est pourquoi nous misons sur une fabrication individuelle en Allemagne (Made in Germany) avec des mat\u00e9riaux de qualit\u00e9 sup\u00e9rieure.\r\n\r\n14 pages dont 1 couverture | 12 pages mensuelles | 1 page d'index I dos cartonn\u00e9.\r\n\r\n\r\nCe calendrier \u00e0 succ\u00e8s a \u00e9t\u00e9 r\u00e9\u00e9dit\u00e9 cette ann\u00e9e avec les m\u00eames images et une grille calendaire mise \u00e0 jour.\r\n\r\nIllustrations:\r\nJanvier: White Dome Geyser \r\nF\u00e9vrier: Doublet Pool \r\nMars: Grand Prismatic Spring \r\nAvril: Crested Pool \r\nMai: Riverside Geyser \r\nJuin: Le vert infini \r\nJuillet: Old Faithful \r\nAo\u00fbt: West Thumb Geyser Basin \r\nSeptembre: Double jet \r\nOctobre: Bassin bleu \r\nNovembre: G\u00e9om\u00e9trie g\u00e9ologique \r\nD\u00e9cembre: Piscine bicolore \r\n\r\nLIGNE PREMIUM - Calendrier photo brillant avec 12 magnifiques motifs, impression d'art en haute brillance de qualit\u00e9 mus\u00e9e\r\nQUALIT\u00c9 - mat\u00e9riaux nobles, dos solide avec 2 pochettes innovantes pour une pr\u00e9sentation optimale au mur\r\nDURABLE - nette r\u00e9duction des d\u00e9chets gr\u00e2ce \u00e0 une fabrication \u00e0 l'unit\u00e9 adapt\u00e9e aux besoins, papier certifi\u00e9 FSC respectueux de l'environnement, production en Allemagne, logistique respectueuse du climat.\r\nCADEAU PARFAIT - calendrier pour les amis et la famille, pour les enfants et les adultes, les jeunes et les moins jeunes, pour No\u00ebl, les anniversaires ou entre deux.\r\nLe Parc National de Yellowstone est situ\u00e9 dans le Wyoming aux Etats Unis.Il a \u00e9t\u00e9 le premier parc national au monde, cr\u00e9\u00e9 en 1872. Ses ph\u00e9nom\u00e8nes g\u00e9othermiques lui ont donn\u00e9 une renomm\u00e9e mondiale m\u00e9rit\u00e9e.. par l'auteur(rice): michden","authors":["Michel Denis"],"category_codes":["4000000","4010000","4010200"],"visuals":{"large":"https:\/\/images.epagine.fr\/953\/9783516570953_1_75.jpg","medium":"https:\/\/images.epagine.fr\/953\/9783516570953_1_m.jpg","thumbnail":"https:\/\/images.epagine.fr\/953\/9783516570953_1_v.jpg"},"orderable":true,"show_badge":true,"formatted_price":"0,00&nbsp;\u20ac","formatted_published_date":"15 mai 2025","publisher_availability_label":"Sur commande","short_details":"Michel Denis \u2014 Calvendo","translator":null,"weight":1280,"page_count":14,"readership":null,"editor":"Calvendo","price":0,"published_date":"2025-05-14T22:00:00.000000Z","support":"Calendrier","publisher_availability":1,"stock":0,"editions":[],"url":"https:\/\/quaidesbrumes.com\/ouvrage\/9783516570953\/yellowstone-un-grand-parc-americain-calendrier-mural-2026-din-a2-vertical-calendrier-de-bureau-le-parc-national-de-yellowstone-est-situe-dans-le-wyoming-aux-etats-unisil-a-ete-le-premier-parc-national-au-monde-cree-en-1872-ses-phenomenes-geot"},{"id":"9783516571318","title":"Un automne au Bois (Calendrier mural 2026 DIN A3 vertical), CALVENDO calendrier mensuel : Un automne dans le Bois de Boulogne.","description":"Dans le Bois de Boulogne, un des poumons color\u00e9s de la capitale fran\u00e7aise, retrouvez ici ces quelques regards sur un automne tr\u00e8s parisien. Un feu d'artifice de couleurs.\r\n\r\nCalendrier mural de qualit\u00e9 sup\u00e9rieure avec 12 magnifiques photos. L'environnement nous tient \u00e0 coeur. C'est pourquoi nous utilisons exclusivement du papier certifi\u00e9 FSC provenant de for\u00eats g\u00e9r\u00e9es de mani\u00e8re \u00e9coresponsable. Nous \u00e9vitons la surproduction et donc des quantit\u00e9s significatives de d\u00e9chets, en produisant dans l'UE \u00e0 l'unit\u00e9 et sur demande. Nous r\u00e9duisons nos distances de transport et assurons une logistique respectueuse de l'environnement.\r\n\r\n14 pages dont 1 couverture | 12 pages mensuelles | 1 page d'index | dos cartonn\u00e9\r\n\r\nCe calendrier \u00e0 succ\u00e8s a \u00e9t\u00e9 r\u00e9\u00e9dit\u00e9 cette ann\u00e9e avec les m\u00eames images et une grille calendaire mise \u00e0 jour.\r\n\r\nIllustrations:\r\nJanvier: Madame se l\u00e8ve \r\nF\u00e9vrier: Veines \r\nMars: Vif banc \r\nAvril: Humides \r\nMai: Volant bient\u00f4t \r\nJuin: Champ\u00eatres \r\nJuillet: Rouges, rouges \r\nAo\u00fbt: Volant, maintenant \r\nSeptembre: Au repos \r\nOctobre: Assises sur un banc \r\nNovembre: Noyade \r\nD\u00e9cembre: Omelette \r\n\r\nQUALITATIF - un calendrier annuel de qualit\u00e9 sup\u00e9rieure avec 12 magnifiques motifs, sur papier d'impression photo, avec une reliure spirale robuste et un crochet de suspension.\r\nDURABLE - r\u00e9duction significative des d\u00e9chets gr\u00e2ce \u00e0 une fabrication sur papier certifi\u00e9 FSC \u00e0 l'unit\u00e9 et sur demande, production dans l'UE, logistique \u00e9cologique.\r\nCADEAU ID\u00c9AL - destin\u00e9 \u00e0 vos contacts priv\u00e9s ou professionnels, \u00e0 la famille ou aux amis, aux jeunes adultes ou aux moins jeunes,  pour un cadeau de No\u00ebl ou d'anniversaire ou juste pour le plaisir d'offrir.\r\nDIVERSIFI\u00c9 - de nombreux formats DIN A4 ou DIN A3, pour s'adapter \u00e0 toutes vos envies et vos cadres de vie.\r\nUn automne dans le Bois de Boulogne. par l'auteur(rice): Paulo CARDOSO NEVES","authors":["Paulo C. neves"],"category_codes":["4000000","4010000","4010200"],"visuals":{"large":"https:\/\/images.epagine.fr\/318\/9783516571318_1_75.jpg","medium":"https:\/\/images.epagine.fr\/318\/9783516571318_1_m.jpg","thumbnail":"https:\/\/images.epagine.fr\/318\/9783516571318_1_v.jpg"},"orderable":true,"show_badge":true,"formatted_price":"0,00&nbsp;\u20ac","formatted_published_date":"15 mai 2025","publisher_availability_label":"Sur commande","short_details":"Paulo C. neves \u2014 Calvendo","translator":null,"weight":460,"page_count":14,"readership":null,"editor":"Calvendo","price":0,"published_date":"2025-05-14T22:00:00.000000Z","support":"Calendrier","publisher_availability":1,"stock":0,"editions":[],"url":"https:\/\/quaidesbrumes.com\/ouvrage\/9783516571318\/un-automne-au-bois-calendrier-mural-2026-din-a3-vertical-calvendo-calendrier-mensuel-un-automne-dans-le-bois-de-boulogne"},{"id":"9783516571523","title":"Croisi\u00e8re sur le Canal du Midi (Calendrier mural 2026 DIN A3 vertical), CALVENDO calendrier mensuel : D\u00e9couvrez une partie du Canal du Midi \u00e0 travers ces quelques regards.","description":"Allons de Toulouse \u00e0 Castelnaudary \u00e0 7 km\/h, naviguant d'\u00e9cluses en \u00e9cluses sur cette merveille qu'est le Canal du Midi. Admirons ces lieux, ces platanes (en danger), une partie de notre histoire, de notre patrimoine.\r\nJuste reposant...\r\n\r\nCalendrier mural de qualit\u00e9 sup\u00e9rieure avec 12 magnifiques photos. L'environnement nous tient \u00e0 coeur. C'est pourquoi nous utilisons exclusivement du papier certifi\u00e9 FSC provenant de for\u00eats g\u00e9r\u00e9es de mani\u00e8re \u00e9coresponsable. Nous \u00e9vitons la surproduction et donc des quantit\u00e9s significatives de d\u00e9chets, en produisant dans l'UE \u00e0 l'unit\u00e9 et sur demande. Nous r\u00e9duisons nos distances de transport et assurons une logistique respectueuse de l'environnement.\r\n\r\n14 pages dont 1 couverture | 12 pages mensuelles | 1 page d'index | dos cartonn\u00e9\r\n\r\nCe calendrier \u00e0 succ\u00e8s a \u00e9t\u00e9 r\u00e9\u00e9dit\u00e9 cette ann\u00e9e avec les m\u00eames images et une grille calendaire mise \u00e0 jour.\r\n\r\nIllustrations:\r\nJanvier: L'Apollinaire \r\nF\u00e9vrier: Et l\u00e0 au fond \r\nMars: Les portes du bonheur \r\nAvril: A pied \r\nMai: Coucher de soleil derri\u00e8re les hautes herbes \r\nJuin: Profit \r\nJuillet: Escale \r\nAo\u00fbt: C'est ouvert, montez \r\nSeptembre: Platanes en danger \r\nOctobre: An 9 par Riquet \r\nNovembre: Reflets ou pince \u00e0 linge \r\nD\u00e9cembre: Cherchez le p\u00eacheur et le cycliste \r\n\r\nQUALITATIF - un calendrier annuel de qualit\u00e9 sup\u00e9rieure avec 12 magnifiques motifs, sur papier d'impression photo, avec une reliure spirale robuste et un crochet de suspension.\r\nDURABLE - r\u00e9duction significative des d\u00e9chets gr\u00e2ce \u00e0 une fabrication sur papier certifi\u00e9 FSC \u00e0 l'unit\u00e9 et sur demande, production dans l'UE, logistique \u00e9cologique.\r\nCADEAU ID\u00c9AL - destin\u00e9 \u00e0 vos contacts priv\u00e9s ou professionnels, \u00e0 la famille ou aux amis, aux jeunes adultes ou aux moins jeunes,  pour un cadeau de No\u00ebl ou d'anniversaire ou juste pour le plaisir d'offrir.\r\nDIVERSIFI\u00c9 - de nombreux formats DIN A4 ou DIN A3, pour s'adapter \u00e0 toutes vos envies et vos cadres de vie.\r\nD\u00e9couvrez une partie du Canal du Midi \u00e0 travers ces quelques regards. par l'auteur(rice): Paulo CARDOSO NEVES","authors":["Paulo C. neves"],"category_codes":["4000000","4010000","4010200"],"visuals":{"large":"https:\/\/images.epagine.fr\/523\/9783516571523_1_75.jpg","medium":"https:\/\/images.epagine.fr\/523\/9783516571523_1_m.jpg","thumbnail":"https:\/\/images.epagine.fr\/523\/9783516571523_1_v.jpg"},"orderable":true,"show_badge":true,"formatted_price":"0,00&nbsp;\u20ac","formatted_published_date":"15 mai 2025","publisher_availability_label":"Sur commande","short_details":"Paulo C. neves \u2014 Calvendo","translator":null,"weight":460,"page_count":14,"readership":null,"editor":"Calvendo","price":0,"published_date":"2025-05-14T22:00:00.000000Z","support":"Calendrier","publisher_availability":1,"stock":0,"editions":[],"url":"https:\/\/quaidesbrumes.com\/ouvrage\/9783516571523\/croisiere-sur-le-canal-du-midi-calendrier-mural-2026-din-a3-vertical-calvendo-calendrier-mensuel-decouvrez-une-partie-du-canal-du-midi-a-travers-ces-quelques-regards"},{"id":"9783516571585","title":"Paysages d'Automne au Qu\u00e9bec (Calendrier mural 2026 DIN A3 vertical), CALVENDO calendrier mensuel : Toiles de couleurs naturelles","description":"Les paysages d'Automne au Qu\u00e9bec sont parmi les plus beaux paysages au monde. Cette p\u00e9riode de l'ann\u00e9e o\u00f9 la for\u00eat devient une toile naturelle avec plusieurs couleurs.\r\n\r\nCalendrier mural de qualit\u00e9 sup\u00e9rieure avec 12 magnifiques photos. L'environnement nous tient \u00e0 coeur. C'est pourquoi nous utilisons exclusivement du papier certifi\u00e9 FSC provenant de for\u00eats g\u00e9r\u00e9es de mani\u00e8re \u00e9coresponsable. Nous \u00e9vitons la surproduction et donc des quantit\u00e9s significatives de d\u00e9chets, en produisant dans l'UE \u00e0 l'unit\u00e9 et sur demande. Nous r\u00e9duisons nos distances de transport et assurons une logistique respectueuse de l'environnement.\r\n\r\n14 pages dont 1 couverture | 12 pages mensuelles | 1 page d'index | dos cartonn\u00e9\r\n\r\nCe calendrier \u00e0 succ\u00e8s a \u00e9t\u00e9 r\u00e9\u00e9dit\u00e9 cette ann\u00e9e avec les m\u00eames images et une grille calendaire mise \u00e0 jour.\r\n\r\nIllustrations:\r\nJanvier: Parc National des Grands Jardins, Charlevoix \r\nF\u00e9vrier: Anse St-Jean, Saguenay \r\nMars: Parc Mont-Royal, Montr\u00e9al \r\nAvril: Route Baie St-Paul, Charlevoix \r\nMai: Montagne de Charlevoix \r\nJuin: Passerelle de Jonqui\u00e8re, Saguenay \r\nJuillet: Route des Cantons de l'Est \r\nAo\u00fbt: Lac St-F\u00e9lix d'Otis, Saguenay \r\nSeptembre: Rivi\u00e8re \u00e0 l'Anse-St-Jean, Saguenay \r\nOctobre: Sur le mont Jacob de Jonqui\u00e8re, Saguenay \r\nNovembre: Charlevoix \r\nD\u00e9cembre: Feuille d'\u00c9rable, Embl\u00e8me du Canada \r\n\r\nQUALITATIF - un calendrier annuel de qualit\u00e9 sup\u00e9rieure avec 12 magnifiques motifs, sur papier d'impression photo, avec une reliure spirale robuste et un crochet de suspension.\r\nDURABLE - r\u00e9duction significative des d\u00e9chets gr\u00e2ce \u00e0 une fabrication sur papier certifi\u00e9 FSC \u00e0 l'unit\u00e9 et sur demande, production dans l'UE, logistique \u00e9cologique.\r\nCADEAU ID\u00c9AL - destin\u00e9 \u00e0 vos contacts priv\u00e9s ou professionnels, \u00e0 la famille ou aux amis, aux jeunes adultes ou aux moins jeunes,  pour un cadeau de No\u00ebl ou d'anniversaire ou juste pour le plaisir d'offrir.\r\nDIVERSIFI\u00c9 - de nombreux formats DIN A4 ou DIN A3, pour s'adapter \u00e0 toutes vos envies et vos cadres de vie.\r\nToiles de couleurs naturelles par l'auteur(rice): Mario Plourde","authors":["Mario Plourde (Maplo-Photo Enr)"],"category_codes":["4000000","4010000","4010200"],"visuals":{"large":"https:\/\/images.epagine.fr\/585\/9783516571585_1_75.jpg","medium":"https:\/\/images.epagine.fr\/585\/9783516571585_1_m.jpg","thumbnail":"https:\/\/images.epagine.fr\/585\/9783516571585_1_v.jpg"},"orderable":true,"show_badge":true,"formatted_price":"0,00&nbsp;\u20ac","formatted_published_date":"15 mai 2025","publisher_availability_label":"Sur commande","short_details":"Mario Plourde (Maplo-Photo Enr) \u2014 Calvendo","translator":null,"weight":460,"page_count":14,"readership":null,"editor":"Calvendo","price":0,"published_date":"2025-05-14T22:00:00.000000Z","support":"Calendrier","publisher_availability":1,"stock":0,"editions":[],"url":"https:\/\/quaidesbrumes.com\/ouvrage\/9783516571585\/paysages-dautomne-au-quebec-calendrier-mural-2026-din-a3-vertical-calvendo-calendrier-mensuel-toiles-de-couleurs-naturelles"},{"id":"9783516571622","title":"Un automne au Bois (Calendrier mural 2026 DIN A4 vertical), CALVENDO calendrier mensuel : Un automne dans le Bois de Boulogne.","description":"Dans le Bois de Boulogne, un des poumons color\u00e9s de la capitale fran\u00e7aise, retrouvez ici ces quelques regards sur un automne tr\u00e8s parisien. Un feu d'artifice de couleurs.\r\n\r\nCalendrier mural de qualit\u00e9 sup\u00e9rieure avec 12 magnifiques photos. L'environnement nous tient \u00e0 coeur. C'est pourquoi nous utilisons exclusivement du papier certifi\u00e9 FSC provenant de for\u00eats g\u00e9r\u00e9es de mani\u00e8re \u00e9coresponsable. Nous \u00e9vitons la surproduction et donc des quantit\u00e9s significatives de d\u00e9chets, en produisant dans l'UE \u00e0 l'unit\u00e9 et sur demande. Nous r\u00e9duisons nos distances de transport et assurons une logistique respectueuse de l'environnement.\r\n\r\n14 pages dont 1 couverture | 12 pages mensuelles | 1 page d'index | dos cartonn\u00e9\r\n\r\nCe calendrier \u00e0 succ\u00e8s a \u00e9t\u00e9 r\u00e9\u00e9dit\u00e9 cette ann\u00e9e avec les m\u00eames images et une grille calendaire mise \u00e0 jour.\r\n\r\nIllustrations:\r\nJanvier: Madame se l\u00e8ve \r\nF\u00e9vrier: Veines \r\nMars: Vif banc \r\nAvril: Humides \r\nMai: Volant bient\u00f4t \r\nJuin: Champ\u00eatres \r\nJuillet: Rouges, rouges \r\nAo\u00fbt: Volant, maintenant \r\nSeptembre: Au repos \r\nOctobre: Assises sur un banc \r\nNovembre: Noyade \r\nD\u00e9cembre: Omelette \r\n\r\nQUALITATIF - un calendrier annuel de qualit\u00e9 sup\u00e9rieure avec 12 magnifiques motifs, sur papier d'impression photo, avec une reliure spirale robuste et un crochet de suspension.\r\nDURABLE - r\u00e9duction significative des d\u00e9chets gr\u00e2ce \u00e0 une fabrication sur papier certifi\u00e9 FSC \u00e0 l'unit\u00e9 et sur demande, production dans l'UE, logistique \u00e9cologique.\r\nCADEAU ID\u00c9AL - destin\u00e9 \u00e0 vos contacts priv\u00e9s ou professionnels, \u00e0 la famille ou aux amis, aux jeunes adultes ou aux moins jeunes,  pour un cadeau de No\u00ebl ou d'anniversaire ou juste pour le plaisir d'offrir.\r\nDIVERSIFI\u00c9 - de nombreux formats DIN A4 ou DIN A3, pour s'adapter \u00e0 toutes vos envies et vos cadres de vie.\r\nUn automne dans le Bois de Boulogne. par l'auteur(rice): Paulo CARDOSO NEVES","authors":["Paulo C. neves"],"category_codes":["4000000","4010000","4010200"],"visuals":{"large":"https:\/\/images.epagine.fr\/622\/9783516571622_1_75.jpg","medium":"https:\/\/images.epagine.fr\/622\/9783516571622_1_m.jpg","thumbnail":"https:\/\/images.epagine.fr\/622\/9783516571622_1_v.jpg"},"orderable":true,"show_badge":true,"formatted_price":"0,00&nbsp;\u20ac","formatted_published_date":"15 mai 2025","publisher_availability_label":"Sur commande","short_details":"Paulo C. neves \u2014 Calvendo","translator":null,"weight":210,"page_count":14,"readership":null,"editor":"Calvendo","price":0,"published_date":"2025-05-14T22:00:00.000000Z","support":"Calendrier","publisher_availability":1,"stock":0,"editions":[],"url":"https:\/\/quaidesbrumes.com\/ouvrage\/9783516571622\/un-automne-au-bois-calendrier-mural-2026-din-a4-vertical-calvendo-calendrier-mensuel-un-automne-dans-le-bois-de-boulogne"},{"id":"9783516571684","title":"Yellowstone Un grand parc am\u00e9ricain (Calendrier mural 2026 DIN A3 vertical), CALVENDO calendrier mensuel : Le Parc National de Yellowstone est situ\u00e9 dans le Wyoming aux Etats Unis.Il a \u00e9t\u00e9 le premier parc national au monde, cr\u00e9\u00e9 en 1872. Ses ph\u00e9nom\u00e8n","description":"Deux tiers des geysers de la plan\u00e8te et de nombreuses sources chaudes se trouvent dans le parc de Yellowstone. Ce calendrier a \u00e9t\u00e9 cr\u00e9\u00e9 pour vous montrer la beaut\u00e9 et la fabuleuse vari\u00e9t\u00e9 de ces ph\u00e9nom\u00e8nes g\u00e9othermiques en activit\u00e9 quasi permanente.\r\n\r\nCalendrier mural de qualit\u00e9 sup\u00e9rieure avec 12 magnifiques photos. L'environnement nous tient \u00e0 coeur. C'est pourquoi nous utilisons exclusivement du papier certifi\u00e9 FSC provenant de for\u00eats g\u00e9r\u00e9es de mani\u00e8re \u00e9coresponsable. Nous \u00e9vitons la surproduction et donc des quantit\u00e9s significatives de d\u00e9chets, en produisant dans l'UE \u00e0 l'unit\u00e9 et sur demande. Nous r\u00e9duisons nos distances de transport et assurons une logistique respectueuse de l'environnement.\r\n\r\n14 pages dont 1 couverture | 12 pages mensuelles | 1 page d'index | dos cartonn\u00e9\r\n\r\nCe calendrier \u00e0 succ\u00e8s a \u00e9t\u00e9 r\u00e9\u00e9dit\u00e9 cette ann\u00e9e avec les m\u00eames images et une grille calendaire mise \u00e0 jour.\r\n\r\nIllustrations:\r\nJanvier: White Dome Geyser \r\nF\u00e9vrier: Doublet Pool \r\nMars: Grand Prismatic Spring \r\nAvril: Crested Pool \r\nMai: Riverside Geyser \r\nJuin: Le vert infini \r\nJuillet: Old Faithful \r\nAo\u00fbt: West Thumb Geyser Basin \r\nSeptembre: Double jet \r\nOctobre: Bassin bleu \r\nNovembre: G\u00e9om\u00e9trie g\u00e9ologique \r\nD\u00e9cembre: Piscine bicolore \r\n\r\nQUALITATIF - un calendrier annuel de qualit\u00e9 sup\u00e9rieure avec 12 magnifiques motifs, sur papier d'impression photo, avec une reliure spirale robuste et un crochet de suspension.\r\nDURABLE - r\u00e9duction significative des d\u00e9chets gr\u00e2ce \u00e0 une fabrication sur papier certifi\u00e9 FSC \u00e0 l'unit\u00e9 et sur demande, production dans l'UE, logistique \u00e9cologique.\r\nCADEAU ID\u00c9AL - destin\u00e9 \u00e0 vos contacts priv\u00e9s ou professionnels, \u00e0 la famille ou aux amis, aux jeunes adultes ou aux moins jeunes,  pour un cadeau de No\u00ebl ou d'anniversaire ou juste pour le plaisir d'offrir.\r\nDIVERSIFI\u00c9 - de nombreux formats DIN A4 ou DIN A3, pour s'adapter \u00e0 toutes vos envies et vos cadres de vie.\r\nLe Parc National de Yellowstone est situ\u00e9 dans le Wyoming aux Etats Unis.Il a \u00e9t\u00e9 le premier parc national au monde, cr\u00e9\u00e9 en 1872. Ses ph\u00e9nom\u00e8nes g\u00e9othermiques lui ont donn\u00e9 une renomm\u00e9e mondiale m\u00e9rit\u00e9e.. par l'auteur(rice): michden","authors":["Michel Denis"],"category_codes":["4000000","4010000","4010200"],"visuals":{"large":"https:\/\/images.epagine.fr\/684\/9783516571684_1_75.jpg","medium":"https:\/\/images.epagine.fr\/684\/9783516571684_1_m.jpg","thumbnail":"https:\/\/images.epagine.fr\/684\/9783516571684_1_v.jpg"},"orderable":true,"show_badge":true,"formatted_price":"0,00&nbsp;\u20ac","formatted_published_date":"15 mai 2025","publisher_availability_label":"Sur commande","short_details":"Michel Denis \u2014 Calvendo","translator":null,"weight":460,"page_count":14,"readership":null,"editor":"Calvendo","price":0,"published_date":"2025-05-14T22:00:00.000000Z","support":"Calendrier","publisher_availability":1,"stock":0,"editions":[],"url":"https:\/\/quaidesbrumes.com\/ouvrage\/9783516571684\/yellowstone-un-grand-parc-americain-calendrier-mural-2026-din-a3-vertical-calvendo-calendrier-mensuel-le-parc-national-de-yellowstone-est-situe-dans-le-wyoming-aux-etats-unisil-a-ete-le-premier-parc-national-au-monde-cree-en-1872-ses-phenomen"},{"id":"9783516571967","title":"Yellowstone Un grand parc am\u00e9ricain (Calendrier mural 2026 DIN A4 vertical), CALVENDO calendrier mensuel : Le Parc National de Yellowstone est situ\u00e9 dans le Wyoming aux Etats Unis.Il a \u00e9t\u00e9 le premier parc national au monde, cr\u00e9\u00e9 en 1872. Ses ph\u00e9nom\u00e8n","description":"Deux tiers des geysers de la plan\u00e8te et de nombreuses sources chaudes se trouvent dans le parc de Yellowstone. Ce calendrier a \u00e9t\u00e9 cr\u00e9\u00e9 pour vous montrer la beaut\u00e9 et la fabuleuse vari\u00e9t\u00e9 de ces ph\u00e9nom\u00e8nes g\u00e9othermiques en activit\u00e9 quasi permanente.\r\n\r\nCalendrier mural de qualit\u00e9 sup\u00e9rieure avec 12 magnifiques photos. L'environnement nous tient \u00e0 coeur. C'est pourquoi nous utilisons exclusivement du papier certifi\u00e9 FSC provenant de for\u00eats g\u00e9r\u00e9es de mani\u00e8re \u00e9coresponsable. Nous \u00e9vitons la surproduction et donc des quantit\u00e9s significatives de d\u00e9chets, en produisant dans l'UE \u00e0 l'unit\u00e9 et sur demande. Nous r\u00e9duisons nos distances de transport et assurons une logistique respectueuse de l'environnement.\r\n\r\n14 pages dont 1 couverture | 12 pages mensuelles | 1 page d'index | dos cartonn\u00e9\r\n\r\nCe calendrier \u00e0 succ\u00e8s a \u00e9t\u00e9 r\u00e9\u00e9dit\u00e9 cette ann\u00e9e avec les m\u00eames images et une grille calendaire mise \u00e0 jour.\r\n\r\nIllustrations:\r\nJanvier: White Dome Geyser \r\nF\u00e9vrier: Doublet Pool \r\nMars: Grand Prismatic Spring \r\nAvril: Crested Pool \r\nMai: Riverside Geyser \r\nJuin: Le vert infini \r\nJuillet: Old Faithful \r\nAo\u00fbt: West Thumb Geyser Basin \r\nSeptembre: Double jet \r\nOctobre: Bassin bleu \r\nNovembre: G\u00e9om\u00e9trie g\u00e9ologique \r\nD\u00e9cembre: Piscine bicolore \r\n\r\nQUALITATIF - un calendrier annuel de qualit\u00e9 sup\u00e9rieure avec 12 magnifiques motifs, sur papier d'impression photo, avec une reliure spirale robuste et un crochet de suspension.\r\nDURABLE - r\u00e9duction significative des d\u00e9chets gr\u00e2ce \u00e0 une fabrication sur papier certifi\u00e9 FSC \u00e0 l'unit\u00e9 et sur demande, production dans l'UE, logistique \u00e9cologique.\r\nCADEAU ID\u00c9AL - destin\u00e9 \u00e0 vos contacts priv\u00e9s ou professionnels, \u00e0 la famille ou aux amis, aux jeunes adultes ou aux moins jeunes,  pour un cadeau de No\u00ebl ou d'anniversaire ou juste pour le plaisir d'offrir.\r\nDIVERSIFI\u00c9 - de nombreux formats DIN A4 ou DIN A3, pour s'adapter \u00e0 toutes vos envies et vos cadres de vie.\r\nLe Parc National de Yellowstone est situ\u00e9 dans le Wyoming aux Etats Unis.Il a \u00e9t\u00e9 le premier parc national au monde, cr\u00e9\u00e9 en 1872. Ses ph\u00e9nom\u00e8nes g\u00e9othermiques lui ont donn\u00e9 une renomm\u00e9e mondiale m\u00e9rit\u00e9e.. par l'auteur(rice): michden","authors":["Michel Denis"],"category_codes":["4000000","4010000","4010200"],"visuals":{"large":"https:\/\/images.epagine.fr\/967\/9783516571967_1_75.jpg","medium":"https:\/\/images.epagine.fr\/967\/9783516571967_1_m.jpg","thumbnail":"https:\/\/images.epagine.fr\/967\/9783516571967_1_v.jpg"},"orderable":true,"show_badge":true,"formatted_price":"0,00&nbsp;\u20ac","formatted_published_date":"15 mai 2025","publisher_availability_label":"Sur commande","short_details":"Michel Denis \u2014 Calvendo","translator":null,"weight":210,"page_count":14,"readership":null,"editor":"Calvendo","price":0,"published_date":"2025-05-14T22:00:00.000000Z","support":"Calendrier","publisher_availability":1,"stock":0,"editions":[],"url":"https:\/\/quaidesbrumes.com\/ouvrage\/9783516571967\/yellowstone-un-grand-parc-americain-calendrier-mural-2026-din-a4-vertical-calvendo-calendrier-mensuel-le-parc-national-de-yellowstone-est-situe-dans-le-wyoming-aux-etats-unisil-a-ete-le-premier-parc-national-au-monde-cree-en-1872-ses-phenomen"},{"id":"9783516572063","title":"Croisi\u00e8re sur le Canal du Midi (Calendrier mural 2026 DIN A4 vertical), CALVENDO calendrier mensuel : D\u00e9couvrez une partie du Canal du Midi \u00e0 travers ces quelques regards.","description":"Allons de Toulouse \u00e0 Castelnaudary \u00e0 7 km\/h, naviguant d'\u00e9cluses en \u00e9cluses sur cette merveille qu'est le Canal du Midi. Admirons ces lieux, ces platanes (en danger), une partie de notre histoire, de notre patrimoine.\r\nJuste reposant...\r\n\r\nCalendrier mural de qualit\u00e9 sup\u00e9rieure avec 12 magnifiques photos. L'environnement nous tient \u00e0 coeur. C'est pourquoi nous utilisons exclusivement du papier certifi\u00e9 FSC provenant de for\u00eats g\u00e9r\u00e9es de mani\u00e8re \u00e9coresponsable. Nous \u00e9vitons la surproduction et donc des quantit\u00e9s significatives de d\u00e9chets, en produisant dans l'UE \u00e0 l'unit\u00e9 et sur demande. Nous r\u00e9duisons nos distances de transport et assurons une logistique respectueuse de l'environnement.\r\n\r\n14 pages dont 1 couverture | 12 pages mensuelles | 1 page d'index | dos cartonn\u00e9\r\n\r\nCe calendrier \u00e0 succ\u00e8s a \u00e9t\u00e9 r\u00e9\u00e9dit\u00e9 cette ann\u00e9e avec les m\u00eames images et une grille calendaire mise \u00e0 jour.\r\n\r\nIllustrations:\r\nJanvier: L'Apollinaire \r\nF\u00e9vrier: Et l\u00e0 au fond \r\nMars: Les portes du bonheur \r\nAvril: A pied \r\nMai: Coucher de soleil derri\u00e8re les hautes herbes \r\nJuin: Profit \r\nJuillet: Escale \r\nAo\u00fbt: C'est ouvert, montez \r\nSeptembre: Platanes en danger \r\nOctobre: An 9 par Riquet \r\nNovembre: Reflets ou pince \u00e0 linge \r\nD\u00e9cembre: Cherchez le p\u00eacheur et le cycliste \r\n\r\nQUALITATIF - un calendrier annuel de qualit\u00e9 sup\u00e9rieure avec 12 magnifiques motifs, sur papier d'impression photo, avec une reliure spirale robuste et un crochet de suspension.\r\nDURABLE - r\u00e9duction significative des d\u00e9chets gr\u00e2ce \u00e0 une fabrication sur papier certifi\u00e9 FSC \u00e0 l'unit\u00e9 et sur demande, production dans l'UE, logistique \u00e9cologique.\r\nCADEAU ID\u00c9AL - destin\u00e9 \u00e0 vos contacts priv\u00e9s ou professionnels, \u00e0 la famille ou aux amis, aux jeunes adultes ou aux moins jeunes,  pour un cadeau de No\u00ebl ou d'anniversaire ou juste pour le plaisir d'offrir.\r\nDIVERSIFI\u00c9 - de nombreux formats DIN A4 ou DIN A3, pour s'adapter \u00e0 toutes vos envies et vos cadres de vie.\r\nD\u00e9couvrez une partie du Canal du Midi \u00e0 travers ces quelques regards. par l'auteur(rice): Paulo CARDOSO NEVES","authors":["Paulo C. neves"],"category_codes":["4000000","4010000","4010200"],"visuals":{"large":"https:\/\/images.epagine.fr\/063\/9783516572063_1_75.jpg","medium":"https:\/\/images.epagine.fr\/063\/9783516572063_1_m.jpg","thumbnail":"https:\/\/images.epagine.fr\/063\/9783516572063_1_v.jpg"},"orderable":true,"show_badge":true,"formatted_price":"0,00&nbsp;\u20ac","formatted_published_date":"15 mai 2025","publisher_availability_label":"Sur commande","short_details":"Paulo C. neves \u2014 Calvendo","translator":null,"weight":210,"page_count":14,"readership":null,"editor":"Calvendo","price":0,"published_date":"2025-05-14T22:00:00.000000Z","support":"Calendrier","publisher_availability":1,"stock":0,"editions":[],"url":"https:\/\/quaidesbrumes.com\/ouvrage\/9783516572063\/croisiere-sur-le-canal-du-midi-calendrier-mural-2026-din-a4-vertical-calvendo-calendrier-mensuel-decouvrez-une-partie-du-canal-du-midi-a-travers-ces-quelques-regards"},{"id":"9783516572155","title":"Paysages d'Automne au Qu\u00e9bec (Calendrier mural 2026 DIN A4 vertical), CALVENDO calendrier mensuel : Toiles de couleurs naturelles","description":"Les paysages d'Automne au Qu\u00e9bec sont parmi les plus beaux paysages au monde. Cette p\u00e9riode de l'ann\u00e9e o\u00f9 la for\u00eat devient une toile naturelle avec plusieurs couleurs.\r\n\r\nCalendrier mural de qualit\u00e9 sup\u00e9rieure avec 12 magnifiques photos. L'environnement nous tient \u00e0 coeur. C'est pourquoi nous utilisons exclusivement du papier certifi\u00e9 FSC provenant de for\u00eats g\u00e9r\u00e9es de mani\u00e8re \u00e9coresponsable. Nous \u00e9vitons la surproduction et donc des quantit\u00e9s significatives de d\u00e9chets, en produisant dans l'UE \u00e0 l'unit\u00e9 et sur demande. Nous r\u00e9duisons nos distances de transport et assurons une logistique respectueuse de l'environnement.\r\n\r\n14 pages dont 1 couverture | 12 pages mensuelles | 1 page d'index | dos cartonn\u00e9\r\n\r\nCe calendrier \u00e0 succ\u00e8s a \u00e9t\u00e9 r\u00e9\u00e9dit\u00e9 cette ann\u00e9e avec les m\u00eames images et une grille calendaire mise \u00e0 jour.\r\n\r\nIllustrations:\r\nJanvier: Parc National des Grands Jardins, Charlevoix \r\nF\u00e9vrier: Anse St-Jean, Saguenay \r\nMars: Parc Mont-Royal, Montr\u00e9al \r\nAvril: Route Baie St-Paul, Charlevoix \r\nMai: Montagne de Charlevoix \r\nJuin: Passerelle de Jonqui\u00e8re, Saguenay \r\nJuillet: Route des Cantons de l'Est \r\nAo\u00fbt: Lac St-F\u00e9lix d'Otis, Saguenay \r\nSeptembre: Rivi\u00e8re \u00e0 l'Anse-St-Jean, Saguenay \r\nOctobre: Sur le mont Jacob de Jonqui\u00e8re, Saguenay \r\nNovembre: Charlevoix \r\nD\u00e9cembre: Feuille d'\u00c9rable, Embl\u00e8me du Canada \r\n\r\nQUALITATIF - un calendrier annuel de qualit\u00e9 sup\u00e9rieure avec 12 magnifiques motifs, sur papier d'impression photo, avec une reliure spirale robuste et un crochet de suspension.\r\nDURABLE - r\u00e9duction significative des d\u00e9chets gr\u00e2ce \u00e0 une fabrication sur papier certifi\u00e9 FSC \u00e0 l'unit\u00e9 et sur demande, production dans l'UE, logistique \u00e9cologique.\r\nCADEAU ID\u00c9AL - destin\u00e9 \u00e0 vos contacts priv\u00e9s ou professionnels, \u00e0 la famille ou aux amis, aux jeunes adultes ou aux moins jeunes,  pour un cadeau de No\u00ebl ou d'anniversaire ou juste pour le plaisir d'offrir.\r\nDIVERSIFI\u00c9 - de nombreux formats DIN A4 ou DIN A3, pour s'adapter \u00e0 toutes vos envies et vos cadres de vie.\r\nToiles de couleurs naturelles par l'auteur(rice): Mario Plourde","authors":["Mario Plourde (Maplo-Photo Enr)"],"category_codes":["4000000","4010000","4010200"],"visuals":{"large":"https:\/\/images.epagine.fr\/155\/9783516572155_1_75.jpg","medium":"https:\/\/images.epagine.fr\/155\/9783516572155_1_m.jpg","thumbnail":"https:\/\/images.epagine.fr\/155\/9783516572155_1_v.jpg"},"orderable":true,"show_badge":true,"formatted_price":"0,00&nbsp;\u20ac","formatted_published_date":"15 mai 2025","publisher_availability_label":"Sur commande","short_details":"Mario Plourde (Maplo-Photo Enr) \u2014 Calvendo","translator":null,"weight":210,"page_count":14,"readership":null,"editor":"Calvendo","price":0,"published_date":"2025-05-14T22:00:00.000000Z","support":"Calendrier","publisher_availability":1,"stock":0,"editions":[],"url":"https:\/\/quaidesbrumes.com\/ouvrage\/9783516572155\/paysages-dautomne-au-quebec-calendrier-mural-2026-din-a4-vertical-calvendo-calendrier-mensuel-toiles-de-couleurs-naturelles"},{"id":"9783516572339","title":"Ambiances Ari\u00e8ge Pyr\u00e9n\u00e9es  (Calendrier mural 2026 DIN A2 vertical) calendrier de bureau : Les Pyr\u00e9n\u00e9es ari\u00e9geoises","description":"Plongez dans les ambiances des Pyr\u00e9n\u00e9es en Ari\u00e8ge.\r\n12 mois au coeur des montagnes du sud de la France. Emerveillez-vous devant ces instants magiques o\u00f9 la lumi\u00e8re sublime les paysages.\r\n\r\nImpression d'art premium en haute brillance de qualit\u00e9 mus\u00e9e. Pour que les feuilles de papier soient bien accroch\u00e9es au mur, ce calendrier haut de gamme est dot\u00e9 de pochettes innovantes. Elles prot\u00e8gent les grandes feuilles des effets de l'humidit\u00e9 de l'air. Le papier est un mat\u00e9riau naturel. Les fibres r\u00e9agissent aux variations du climat ambiant. Il est donc conseill\u00e9 de ne pas retirer les pochettes d'insertion.\r\n\r\nNotre environnement nous tient \u00e0 coeur, c'est pourquoi nous misons sur une fabrication individuelle en Allemagne (Made in Germany) avec des mat\u00e9riaux de qualit\u00e9 sup\u00e9rieure.\r\n\r\n14 pages dont 1 couverture | 12 pages mensuelles | 1 page d'index I dos cartonn\u00e9.\r\n\r\n\r\nCe calendrier \u00e0 succ\u00e8s a \u00e9t\u00e9 r\u00e9\u00e9dit\u00e9 cette ann\u00e9e avec les m\u00eames images et une grille calendaire mise \u00e0 jour.\r\n\r\nIllustrations:\r\nJanvier: Dent d'Orlu \r\nF\u00e9vrier: Ch\u00e2teau de Foix \r\nMars: Vall\u00e9e de Lesponne \r\nAvril: Champs \u00e0 Montbel \r\nMai: Vall\u00e9e d'Ax les Thermes \r\nJuin: Ch\u00e2teau de Monts\u00e9gur \r\nJuillet: Grotte du Mas d'Azil \r\nAo\u00fbt: Pi\u00e9mont ari\u00e9geois \r\nSeptembre: Ch\u00e2teau de Roquefixade \r\nOctobre: Campagne de Mirepoix \r\nNovembre: Pyr\u00e9n\u00e9es ari\u00e9geoises \r\nD\u00e9cembre: Roc Marot et Roquefixade \r\n\r\nLIGNE PREMIUM - Calendrier photo brillant avec 12 magnifiques motifs, impression d'art en haute brillance de qualit\u00e9 mus\u00e9e\r\nQUALIT\u00c9 - mat\u00e9riaux nobles, dos solide avec 2 pochettes innovantes pour une pr\u00e9sentation optimale au mur\r\nDURABLE - nette r\u00e9duction des d\u00e9chets gr\u00e2ce \u00e0 une fabrication \u00e0 l'unit\u00e9 adapt\u00e9e aux besoins, papier certifi\u00e9 FSC respectueux de l'environnement, production en Allemagne, logistique respectueuse du climat.\r\nCADEAU PARFAIT - calendrier pour les amis et la famille, pour les enfants et les adultes, les jeunes et les moins jeunes, pour No\u00ebl, les anniversaires ou entre deux.\r\nLes Pyr\u00e9n\u00e9es ari\u00e9geoises par l'auteur(rice): Fabien Boutet","authors":["Fabien Boutet"],"category_codes":["4000000","4010000","4010200"],"visuals":{"large":"https:\/\/images.epagine.fr\/339\/9783516572339_1_75.jpg","medium":"https:\/\/images.epagine.fr\/339\/9783516572339_1_m.jpg","thumbnail":"https:\/\/images.epagine.fr\/339\/9783516572339_1_v.jpg"},"orderable":true,"show_badge":true,"formatted_price":"0,00&nbsp;\u20ac","formatted_published_date":"15 mai 2025","publisher_availability_label":"Sur commande","short_details":"Fabien Boutet \u2014 Calvendo","translator":null,"weight":1280,"page_count":14,"readership":null,"editor":"Calvendo","price":0,"published_date":"2025-05-14T22:00:00.000000Z","support":"Calendrier","publisher_availability":1,"stock":0,"editions":[],"url":"https:\/\/quaidesbrumes.com\/ouvrage\/9783516572339\/ambiances-ariege-pyrenees-calendrier-mural-2026-din-a2-vertical-calendrier-de-bureau-les-pyrenees-ariegeoises"},{"id":"9783516572940","title":"Chevaux en Portraits  (Calendrier mural 2026 DIN A2 horizontal) calendrier de bureau : Portraits de chevaux en libert\u00e9 et studio","description":"Avec ce calendrier d\u00e9couvrez une s\u00e9rie de portraits de chevaux, qui en laissant libre court \u00e0 leur inspiration, met en valeur leur beaut\u00e9 naturelle et majestueuse.\r\n\r\nImpression d'art premium en haute brillance de qualit\u00e9 mus\u00e9e. Pour que les feuilles de papier soient bien accroch\u00e9es au mur, ce calendrier haut de gamme est dot\u00e9 de pochettes innovantes. Elles prot\u00e8gent les grandes feuilles des effets de l'humidit\u00e9 de l'air. Le papier est un mat\u00e9riau naturel. Les fibres r\u00e9agissent aux variations du climat ambiant. Il est donc conseill\u00e9 de ne pas retirer les pochettes d'insertion.\r\n\r\nNotre environnement nous tient \u00e0 coeur, c'est pourquoi nous misons sur une fabrication individuelle en Allemagne (Made in Germany) avec des mat\u00e9riaux de qualit\u00e9 sup\u00e9rieure.\r\n\r\n14 pages dont 1 couverture | 12 pages mensuelles | 1 page d'index I dos cartonn\u00e9.\r\n\r\n\r\nCe calendrier \u00e0 succ\u00e8s a \u00e9t\u00e9 r\u00e9\u00e9dit\u00e9 cette ann\u00e9e avec les m\u00eames images et une grille calendaire mise \u00e0 jour.\r\n\r\nIllustrations:\r\nJanvier: Le nez \r\nF\u00e9vrier: Narcisse \r\nMars: Le sourire \r\nAvril: Dans l'ombre \r\nMai: Souvenirs, souvenirs \r\nJuin: Le fou \r\nJuillet: Pose studio \r\nAo\u00fbt: Fier \r\nSeptembre: Curiosit\u00e9 \r\nOctobre: Au loin \r\nNovembre: Tenue de t\u00eate \r\nD\u00e9cembre: Tenue de gala \r\n\r\nLIGNE PREMIUM - Calendrier photo brillant avec 12 magnifiques motifs, impression d'art en haute brillance de qualit\u00e9 mus\u00e9e\r\nQUALIT\u00c9 - mat\u00e9riaux nobles, dos solide avec 2 pochettes innovantes pour une pr\u00e9sentation optimale au mur\r\nDURABLE - nette r\u00e9duction des d\u00e9chets gr\u00e2ce \u00e0 une fabrication \u00e0 l'unit\u00e9 adapt\u00e9e aux besoins, papier certifi\u00e9 FSC respectueux de l'environnement, production en Allemagne, logistique respectueuse du climat.\r\nCADEAU PARFAIT - calendrier pour les amis et la famille, pour les enfants et les adultes, les jeunes et les moins jeunes, pour No\u00ebl, les anniversaires ou entre deux.\r\nPortraits de chevaux en libert\u00e9 et studio par l'auteur(rice): xavier BERTRAND","authors":["Xavier Bertrand"],"category_codes":["4000000","4010000","4010200"],"visuals":{"large":"https:\/\/images.epagine.fr\/940\/9783516572940_1_75.jpg","medium":"https:\/\/images.epagine.fr\/940\/9783516572940_1_m.jpg","thumbnail":"https:\/\/images.epagine.fr\/940\/9783516572940_1_v.jpg"},"orderable":true,"show_badge":true,"formatted_price":"0,00&nbsp;\u20ac","formatted_published_date":"15 mai 2025","publisher_availability_label":"Sur commande","short_details":"Xavier Bertrand \u2014 Calvendo","translator":null,"weight":1280,"page_count":14,"readership":null,"editor":"Calvendo","price":0,"published_date":"2025-05-14T22:00:00.000000Z","support":"Calendrier","publisher_availability":1,"stock":0,"editions":[],"url":"https:\/\/quaidesbrumes.com\/ouvrage\/9783516572940\/chevaux-en-portraits-calendrier-mural-2026-din-a2-horizontal-calendrier-de-bureau-portraits-de-chevaux-en-liberte-et-studio"},{"id":"9783516572988","title":"Ambiances Ari\u00e8ge Pyr\u00e9n\u00e9es (Calendrier mural 2026 DIN A3 vertical), CALVENDO calendrier mensuel : Les Pyr\u00e9n\u00e9es ari\u00e9geoises","description":"Plongez dans les ambiances des Pyr\u00e9n\u00e9es en Ari\u00e8ge.\r\n12 mois au coeur des montagnes du sud de la France. Emerveillez-vous devant ces instants magiques o\u00f9 la lumi\u00e8re sublime les paysages.\r\n\r\nCalendrier mural de qualit\u00e9 sup\u00e9rieure avec 12 magnifiques photos. L'environnement nous tient \u00e0 coeur. C'est pourquoi nous utilisons exclusivement du papier certifi\u00e9 FSC provenant de for\u00eats g\u00e9r\u00e9es de mani\u00e8re \u00e9coresponsable. Nous \u00e9vitons la surproduction et donc des quantit\u00e9s significatives de d\u00e9chets, en produisant dans l'UE \u00e0 l'unit\u00e9 et sur demande. Nous r\u00e9duisons nos distances de transport et assurons une logistique respectueuse de l'environnement.\r\n\r\n14 pages dont 1 couverture | 12 pages mensuelles | 1 page d'index | dos cartonn\u00e9\r\n\r\nCe calendrier \u00e0 succ\u00e8s a \u00e9t\u00e9 r\u00e9\u00e9dit\u00e9 cette ann\u00e9e avec les m\u00eames images et une grille calendaire mise \u00e0 jour.\r\n\r\nIllustrations:\r\nJanvier: Dent d'Orlu \r\nF\u00e9vrier: Ch\u00e2teau de Foix \r\nMars: Vall\u00e9e de Lesponne \r\nAvril: Champs \u00e0 Montbel \r\nMai: Vall\u00e9e d'Ax les Thermes \r\nJuin: Ch\u00e2teau de Monts\u00e9gur \r\nJuillet: Grotte du Mas d'Azil \r\nAo\u00fbt: Pi\u00e9mont ari\u00e9geois \r\nSeptembre: Ch\u00e2teau de Roquefixade \r\nOctobre: Campagne de Mirepoix \r\nNovembre: Pyr\u00e9n\u00e9es ari\u00e9geoises \r\nD\u00e9cembre: Roc Marot et Roquefixade \r\n\r\nQUALITATIF - un calendrier annuel de qualit\u00e9 sup\u00e9rieure avec 12 magnifiques motifs, sur papier d'impression photo, avec une reliure spirale robuste et un crochet de suspension.\r\nDURABLE - r\u00e9duction significative des d\u00e9chets gr\u00e2ce \u00e0 une fabrication sur papier certifi\u00e9 FSC \u00e0 l'unit\u00e9 et sur demande, production dans l'UE, logistique \u00e9cologique.\r\nCADEAU ID\u00c9AL - destin\u00e9 \u00e0 vos contacts priv\u00e9s ou professionnels, \u00e0 la famille ou aux amis, aux jeunes adultes ou aux moins jeunes,  pour un cadeau de No\u00ebl ou d'anniversaire ou juste pour le plaisir d'offrir.\r\nDIVERSIFI\u00c9 - de nombreux formats DIN A4 ou DIN A3, pour s'adapter \u00e0 toutes vos envies et vos cadres de vie.\r\nLes Pyr\u00e9n\u00e9es ari\u00e9geoises par l'auteur(rice): Fabien Boutet","authors":["Fabien Boutet"],"category_codes":["4000000","4010000","4010200"],"visuals":{"large":"https:\/\/images.epagine.fr\/988\/9783516572988_1_75.jpg","medium":"https:\/\/images.epagine.fr\/988\/9783516572988_1_m.jpg","thumbnail":"https:\/\/images.epagine.fr\/988\/9783516572988_1_v.jpg"},"orderable":true,"show_badge":true,"formatted_price":"0,00&nbsp;\u20ac","formatted_published_date":"15 mai 2025","publisher_availability_label":"Sur commande","short_details":"Fabien Boutet \u2014 Calvendo","translator":null,"weight":460,"page_count":14,"readership":null,"editor":"Calvendo","price":0,"published_date":"2025-05-14T22:00:00.000000Z","support":"Calendrier","publisher_availability":1,"stock":0,"editions":[],"url":"https:\/\/quaidesbrumes.com\/ouvrage\/9783516572988\/ambiances-ariege-pyrenees-calendrier-mural-2026-din-a3-vertical-calvendo-calendrier-mensuel-les-pyrenees-ariegeoises"},{"id":"9783516573039","title":"HAUTE-SAVOIE, une r\u00e9gion o\u00f9 il fait bon vivre (Calendrier mural 2026 DIN A3 vertical), CALVENDO calendrier mensuel : D\u00e9couvrez la Haute-Savoie autrement","description":"Un calendrier qui donne \u00e0 r\u00eaver sur de magnifiques photographies des plus beaux paysages de la Haute-Savoie, une r\u00e9gion de pr\u00e9dilection pour les vacanciers. Un cadeau pour faire r\u00eaver vos proches tout au long de l'ann\u00e9e.\r\n\r\nCalendrier mural de qualit\u00e9 sup\u00e9rieure avec 12 magnifiques photos. L'environnement nous tient \u00e0 coeur. C'est pourquoi nous utilisons exclusivement du papier certifi\u00e9 FSC provenant de for\u00eats g\u00e9r\u00e9es de mani\u00e8re \u00e9coresponsable. Nous \u00e9vitons la surproduction et donc des quantit\u00e9s significatives de d\u00e9chets, en produisant dans l'UE \u00e0 l'unit\u00e9 et sur demande. Nous r\u00e9duisons nos distances de transport et assurons une logistique respectueuse de l'environnement.\r\n\r\n14 pages dont 1 couverture | 12 pages mensuelles | 1 page d'index | dos cartonn\u00e9\r\n\r\nCe calendrier \u00e0 succ\u00e8s a \u00e9t\u00e9 r\u00e9\u00e9dit\u00e9 cette ann\u00e9e avec les m\u00eames images et une grille calendaire mise \u00e0 jour.\r\n\r\nIllustrations:\r\nJanvier: Randonn\u00e9e en montagne \r\nF\u00e9vrier: La mer de glace \r\nMars: Au sommet \r\nAvril: Train du Montenvers \r\nMai: Sur les pistes du Montenvers \r\nJuin: L'Aiguille du Midi \r\nJuillet: Montgolfi\u00e8res dans les airs \r\nAo\u00fbt: Vaches de nos vall\u00e9es \r\nSeptembre: Mont-Blanc, Chamonix \r\nOctobre: Pause caf\u00e9 en haut des pistes \r\nNovembre: Annecy de nuit \r\nD\u00e9cembre: Palais de l'Isle \r\n\r\nQUALITATIF - un calendrier annuel de qualit\u00e9 sup\u00e9rieure avec 12 magnifiques motifs, sur papier d'impression photo, avec une reliure spirale robuste et un crochet de suspension.\r\nDURABLE - r\u00e9duction significative des d\u00e9chets gr\u00e2ce \u00e0 une fabrication sur papier certifi\u00e9 FSC \u00e0 l'unit\u00e9 et sur demande, production dans l'UE, logistique \u00e9cologique.\r\nCADEAU ID\u00c9AL - destin\u00e9 \u00e0 vos contacts priv\u00e9s ou professionnels, \u00e0 la famille ou aux amis, aux jeunes adultes ou aux moins jeunes,  pour un cadeau de No\u00ebl ou d'anniversaire ou juste pour le plaisir d'offrir.\r\nDIVERSIFI\u00c9 - de nombreux formats DIN A4 ou DIN A3, pour s'adapter \u00e0 toutes vos envies et vos cadres de vie.\r\nD\u00e9couvrez la Haute-Savoie autrement par l'auteur(rice): Cyrielle GIOT","authors":["Cyrielle Giot"],"category_codes":["4000000","4010000","4010200"],"visuals":{"large":"https:\/\/images.epagine.fr\/039\/9783516573039_1_75.jpg","medium":"https:\/\/images.epagine.fr\/039\/9783516573039_1_m.jpg","thumbnail":"https:\/\/images.epagine.fr\/039\/9783516573039_1_v.jpg"},"orderable":true,"show_badge":true,"formatted_price":"0,00&nbsp;\u20ac","formatted_published_date":"15 mai 2025","publisher_availability_label":"Sur commande","short_details":"Cyrielle Giot \u2014 Calvendo","translator":null,"weight":460,"page_count":14,"readership":null,"editor":"Calvendo","price":0,"published_date":"2025-05-14T22:00:00.000000Z","support":"Calendrier","publisher_availability":1,"stock":0,"editions":[],"url":"https:\/\/quaidesbrumes.com\/ouvrage\/9783516573039\/haute-savoie-une-region-ou-il-fait-bon-vivre-calendrier-mural-2026-din-a3-vertical-calvendo-calendrier-mensuel-decouvrez-la-haute-savoie-autrement"},{"id":"9782035603999","title":"Decouvrir le ciel","description":null,"authors":["Burillier-H"],"category_codes":["4000000","4010000","4010300"],"visuals":{"large":"https:\/\/quaidesbrumes.com\/img\/book-placeholder.png","medium":"https:\/\/quaidesbrumes.com\/img\/book-placeholder.png","thumbnail":"https:\/\/quaidesbrumes.com\/img\/book-placeholder.png"},"orderable":false,"show_badge":true,"formatted_price":"11,70&nbsp;\u20ac","formatted_published_date":null,"publisher_availability_label":"\u00c0 para\u00eetre","short_details":"Burillier-H \u2014 Larousse","translator":null,"weight":0,"page_count":null,"readership":null,"editor":"Larousse","price":1170,"published_date":null,"support":"Grand format","publisher_availability":2,"stock":0,"editions":[],"url":"https:\/\/quaidesbrumes.com\/ouvrage\/9782035603999\/decouvrir-le-ciel"},{"id":"9782700302011","title":"2030","description":null,"authors":["Yves Paccalet"],"category_codes":["4000000","4010000","4010300"],"visuals":{"large":"https:\/\/quaidesbrumes.com\/img\/book-placeholder.png","medium":"https:\/\/quaidesbrumes.com\/img\/book-placeholder.png","thumbnail":"https:\/\/quaidesbrumes.com\/img\/book-placeholder.png"},"orderable":false,"show_badge":true,"formatted_price":"15,00&nbsp;\u20ac","formatted_published_date":null,"publisher_availability_label":"\u00c0 para\u00eetre","short_details":"Yves Paccalet \u2014 \u00c9ditions Arthaud","translator":null,"weight":0,"page_count":null,"readership":null,"editor":"\u00c9ditions Arthaud","price":1500,"published_date":null,"support":"Grand format","publisher_availability":2,"stock":0,"editions":[],"url":"https:\/\/quaidesbrumes.com\/ouvrage\/9782700302011\/2030"},{"id":"9782501187480","title":"Ensauvagez-vous","description":null,"authors":["Collectif"],"category_codes":["4000000","4010000"],"visuals":{"large":"https:\/\/quaidesbrumes.com\/img\/book-placeholder.png","medium":"https:\/\/quaidesbrumes.com\/img\/book-placeholder.png","thumbnail":"https:\/\/quaidesbrumes.com\/img\/book-placeholder.png"},"orderable":false,"show_badge":true,"formatted_price":"19,90&nbsp;\u20ac","formatted_published_date":null,"publisher_availability_label":"\u00c0 para\u00eetre","short_details":"Collectif \u2014 Marabout","translator":null,"weight":0,"page_count":288,"readership":null,"editor":"Marabout","price":1990,"published_date":null,"support":"Grand format","publisher_availability":2,"stock":0,"editions":[],"url":"https:\/\/quaidesbrumes.com\/ouvrage\/9782501187480\/ensauvagez-vous"},{"id":"9782017040897","title":"Jardiner en biodynamie","description":"\u00a0 Un ouvrage pratique pour jardiner et r\u00e9colter de bons produits, tout en pr\u00e9servant la fertilit\u00e9 de la terre. Dans ce livre, vous trouverez\u00a0 :\r\n- Une mine d'informations pour apprendre \u00e0 conna\u00eetre et respecter son terrain\u00a0 ;\r\n- Tout pour semer, planter, r\u00e9colter et conserver de fa\u00e7on \u00e9cologique\u00a0 ;\r\n- Tout pour travailler la terre en fonction du cycle de la lune et des rythmes cosmiques.\r\n+ Un calendrier complet des diff\u00e9rents travaux \u00e0 r\u00e9aliser pour jardiner en biodynamie\u00a0 !\r\n\u00a0 \r\nThomas Alamy est auteur-photographe ind\u00e9pendant dans le domaine du jardin et des plantes. Il est l'auteur du titre Permaculture \u00e9dit\u00e9 par Hachette Pratique (2018).","authors":["Thomas Alamy"],"category_codes":["4000000","4010000","4010300"],"visuals":{"large":"https:\/\/quaidesbrumes.com\/img\/book-placeholder.png","medium":"https:\/\/quaidesbrumes.com\/img\/book-placeholder.png","thumbnail":"https:\/\/quaidesbrumes.com\/img\/book-placeholder.png"},"orderable":false,"show_badge":true,"formatted_price":"14,95&nbsp;\u20ac","formatted_published_date":null,"publisher_availability_label":"\u00c0 para\u00eetre","short_details":"Thomas Alamy \u2014 HACHETTE PRATIQUE","translator":null,"weight":0,"page_count":160,"readership":null,"editor":"HACHETTE PRATIQUE","price":1495,"published_date":null,"support":"Grand format","publisher_availability":2,"stock":0,"editions":[],"url":"https:\/\/quaidesbrumes.com\/ouvrage\/9782017040897\/jardiner-en-biodynamie"},{"id":"9782017041160","title":"Ma planete ma pancarte : hommage \u00e0 la cr\u00e9ativit\u00e9 de ceux qui marchent pour le climat","description":null,"authors":["Collectif"],"category_codes":["4000000","4010000","4010300"],"visuals":{"large":"https:\/\/quaidesbrumes.com\/img\/book-placeholder.png","medium":"https:\/\/quaidesbrumes.com\/img\/book-placeholder.png","thumbnail":"https:\/\/quaidesbrumes.com\/img\/book-placeholder.png"},"orderable":false,"show_badge":true,"formatted_price":"9,95&nbsp;\u20ac","formatted_published_date":null,"publisher_availability_label":"\u00c0 para\u00eetre","short_details":"Collectif \u2014 HACHETTE PRATIQUE","translator":null,"weight":0,"page_count":null,"readership":null,"editor":"HACHETTE PRATIQUE","price":995,"published_date":null,"support":"Grand format","publisher_availability":2,"stock":0,"editions":[],"url":"https:\/\/quaidesbrumes.com\/ouvrage\/9782017041160\/ma-planete-ma-pancarte-hommage-a-la-creativite-de-ceux-qui-marchent-pour-le-climat"}]}