{"data":[{"id":"9783516566116","title":"Les p'tits loups gris  (Calendrier mural 2026 DIN A2 vertical) calendrier de bureau : Petit loup deviendra grand ...","description":"Voici en image l'\u00e9volution des louveteaux que j'ai pu observer au Canada. Ces petites bouilles d'amour m'ont fait fondre de nombreuses fois, aujourd'hui je souhaite partager avec vous ces grands moments de bonheur.\r\n\r\nBonne ann\u00e9e !\r\n\r\nImpression d'art premium en haute brillance de qualit\u00e9 mus\u00e9e. Pour que les feuilles de papier soient bien accroch\u00e9es au mur, ce calendrier haut de gamme est dot\u00e9 de pochettes innovantes. Elles prot\u00e8gent les grandes feuilles des effets de l'humidit\u00e9 de l'air. Le papier est un mat\u00e9riau naturel. Les fibres r\u00e9agissent aux variations du climat ambiant. Il est donc conseill\u00e9 de ne pas retirer les pochettes d'insertion.\r\n\r\nNotre environnement nous tient \u00e0 coeur, c'est pourquoi nous misons sur une fabrication individuelle en Allemagne (Made in Germany) avec des mat\u00e9riaux de qualit\u00e9 sup\u00e9rieure.\r\n\r\n14 pages dont 1 couverture | 12 pages mensuelles | 1 page d'index I dos cartonn\u00e9.\r\n\r\n\r\nCe calendrier \u00e0 succ\u00e8s a \u00e9t\u00e9 r\u00e9\u00e9dit\u00e9 cette ann\u00e9e avec les m\u00eames images et une grille calendaire mise \u00e0 jour.\r\n\r\nIllustrations:\r\nJanvier: La sieste de Tala \r\nF\u00e9vrier: La curiosit\u00e9 du loup \r\nMars: La petite grignoteuse \r\nAvril: Le repos de Wilk \r\nMai: Wilk \r\nJuin: Le regard du loup \r\nJuillet: Petite louve grise \r\nAo\u00fbt: Wilk d\u00e9couvre son nouveau monde \r\nSeptembre: La belle Tala \r\nOctobre: Wilk en promenade \r\nNovembre: Wilk \u00e0 bien grandit ! \r\nD\u00e9cembre: Presque un grand ! \r\n\r\nLIGNE PREMIUM - Calendrier photo brillant avec 12 magnifiques motifs, impression d'art en haute brillance de qualit\u00e9 mus\u00e9e\r\nQUALIT\u00c9 - mat\u00e9riaux nobles, dos solide avec 2 pochettes innovantes pour une pr\u00e9sentation optimale au mur\r\nDURABLE - nette r\u00e9duction des d\u00e9chets gr\u00e2ce \u00e0 une fabrication \u00e0 l'unit\u00e9 adapt\u00e9e aux besoins, papier certifi\u00e9 FSC respectueux de l'environnement, production en Allemagne, logistique respectueuse du climat.\r\nCADEAU PARFAIT - calendrier pour les amis et la famille, pour les enfants et les adultes, les jeunes et les moins jeunes, pour No\u00ebl, les anniversaires ou entre deux.\r\nPetit loup deviendra grand ... par l'auteur(rice): Arnaud","authors":["Arnaud Camel"],"category_codes":["4000000","4010000","4010200"],"visuals":{"large":"https:\/\/images.epagine.fr\/116\/9783516566116_1_75.jpg","medium":"https:\/\/images.epagine.fr\/116\/9783516566116_1_m.jpg","thumbnail":"https:\/\/images.epagine.fr\/116\/9783516566116_1_v.jpg"},"orderable":true,"show_badge":true,"formatted_price":"0,00&nbsp;\u20ac","formatted_published_date":"15 mai 2025","publisher_availability_label":"Sur commande","short_details":"Arnaud Camel \u2014 Calvendo","translator":null,"weight":1280,"page_count":14,"readership":null,"editor":"Calvendo","price":0,"published_date":"2025-05-14T22:00:00.000000Z","support":"Calendrier","publisher_availability":1,"stock":0,"editions":[],"url":"https:\/\/quaidesbrumes.com\/ouvrage\/9783516566116\/les-ptits-loups-gris-calendrier-mural-2026-din-a2-vertical-calendrier-de-bureau-petit-loup-deviendra-grand"},{"id":"9783516566598","title":"Paysages du Qu\u00e9bec (Calendrier mural 2026 DIN A4 vertical), CALVENDO calendrier mensuel : Images de la nature \u00e0 la campagne","description":"Qu'il fait bon vivre \u00e0 la campagne, surtout lorsque j'y ai pass\u00e9 mes derni\u00e8res vacances. Ces images me rappellent de beaux moments et sont toutes des coups de coeur. La plupart ont \u00e9t\u00e9 prises dans mon village natal, village pittoresque du Qu\u00e9bec.\r\n\r\nCalendrier mural de qualit\u00e9 sup\u00e9rieure avec 12 magnifiques photos. L'environnement nous tient \u00e0 coeur. C'est pourquoi nous utilisons exclusivement du papier certifi\u00e9 FSC provenant de for\u00eats g\u00e9r\u00e9es de mani\u00e8re \u00e9coresponsable. Nous \u00e9vitons la surproduction et donc des quantit\u00e9s significatives de d\u00e9chets, en produisant dans l'UE \u00e0 l'unit\u00e9 et sur demande. Nous r\u00e9duisons nos distances de transport et assurons une logistique respectueuse de l'environnement.\r\n\r\n14 pages dont 1 couverture | 12 pages mensuelles | 1 page d'index | dos cartonn\u00e9\r\n\r\nCe calendrier \u00e0 succ\u00e8s a \u00e9t\u00e9 r\u00e9\u00e9dit\u00e9 cette ann\u00e9e avec les m\u00eames images et une grille calendaire mise \u00e0 jour.\r\n\r\nIllustrations:\r\nJanvier: Comme dans un r\u00eave \r\nF\u00e9vrier: Suivre son chemin \r\nMars: Rideau de dentelle \r\nAvril: \u00c0 la campagne \r\nMai: R\u00e9colte d'automne \r\nJuin: Soir d'\u00e9t\u00e9 \r\nJuillet: Paysage bucolique \r\nAo\u00fbt: La r\u00e9colte est m\u00fbre \r\nSeptembre: Douceur de vivre \r\nOctobre: Limpidit\u00e9 \r\nNovembre: \u00c0 l'heure dor\u00e9e \r\nD\u00e9cembre: Avant la pluie \r\n\r\nQUALITATIF - un calendrier annuel de qualit\u00e9 sup\u00e9rieure avec 12 magnifiques motifs, sur papier d'impression photo, avec une reliure spirale robuste et un crochet de suspension.\r\nDURABLE - r\u00e9duction significative des d\u00e9chets gr\u00e2ce \u00e0 une fabrication sur papier certifi\u00e9 FSC \u00e0 l'unit\u00e9 et sur demande, production dans l'UE, logistique \u00e9cologique.\r\nCADEAU ID\u00c9AL - destin\u00e9 \u00e0 vos contacts priv\u00e9s ou professionnels, \u00e0 la famille ou aux amis, aux jeunes adultes ou aux moins jeunes,  pour un cadeau de No\u00ebl ou d'anniversaire ou juste pour le plaisir d'offrir.\r\nDIVERSIFI\u00c9 - de nombreux formats DIN A4 ou DIN A3, pour s'adapter \u00e0 toutes vos envies et vos cadres de vie.\r\nImages de la nature \u00e0 la campagne par l'auteur(rice): Sue","authors":["Sue Sue"],"category_codes":["4000000","4010000","4010200"],"visuals":{"large":"https:\/\/images.epagine.fr\/598\/9783516566598_1_75.jpg","medium":"https:\/\/images.epagine.fr\/598\/9783516566598_1_m.jpg","thumbnail":"https:\/\/images.epagine.fr\/598\/9783516566598_1_v.jpg"},"orderable":true,"show_badge":true,"formatted_price":"0,00&nbsp;\u20ac","formatted_published_date":"15 mai 2025","publisher_availability_label":"Sur commande","short_details":"Sue Sue \u2014 Calvendo","translator":null,"weight":210,"page_count":14,"readership":null,"editor":"Calvendo","price":0,"published_date":"2025-05-14T22:00:00.000000Z","support":"Calendrier","publisher_availability":1,"stock":0,"editions":[],"url":"https:\/\/quaidesbrumes.com\/ouvrage\/9783516566598\/paysages-du-quebec-calendrier-mural-2026-din-a4-vertical-calvendo-calendrier-mensuel-images-de-la-nature-a-la-campagne"},{"id":"9783516566666","title":"Les p'tits loups gris (Calendrier mural 2026 DIN A3 vertical), CALVENDO calendrier mensuel : Petit loup deviendra grand ...","description":"Voici en image l'\u00e9volution des louveteaux que j'ai pu observer au Canada. Ces petites bouilles d'amour m'ont fait fondre de nombreuses fois, aujourd'hui je souhaite partager avec vous ces grands moments de bonheur.\r\n\r\nBonne ann\u00e9e !\r\n\r\nCalendrier mural de qualit\u00e9 sup\u00e9rieure avec 12 magnifiques photos. L'environnement nous tient \u00e0 coeur. C'est pourquoi nous utilisons exclusivement du papier certifi\u00e9 FSC provenant de for\u00eats g\u00e9r\u00e9es de mani\u00e8re \u00e9coresponsable. Nous \u00e9vitons la surproduction et donc des quantit\u00e9s significatives de d\u00e9chets, en produisant dans l'UE \u00e0 l'unit\u00e9 et sur demande. Nous r\u00e9duisons nos distances de transport et assurons une logistique respectueuse de l'environnement.\r\n\r\n14 pages dont 1 couverture | 12 pages mensuelles | 1 page d'index | dos cartonn\u00e9\r\n\r\nCe calendrier \u00e0 succ\u00e8s a \u00e9t\u00e9 r\u00e9\u00e9dit\u00e9 cette ann\u00e9e avec les m\u00eames images et une grille calendaire mise \u00e0 jour.\r\n\r\nIllustrations:\r\nJanvier: La sieste de Tala \r\nF\u00e9vrier: La curiosit\u00e9 du loup \r\nMars: La petite grignoteuse \r\nAvril: Le repos de Wilk \r\nMai: Wilk \r\nJuin: Le regard du loup \r\nJuillet: Petite louve grise \r\nAo\u00fbt: Wilk d\u00e9couvre son nouveau monde \r\nSeptembre: La belle Tala \r\nOctobre: Wilk en promenade \r\nNovembre: Wilk \u00e0 bien grandit ! \r\nD\u00e9cembre: Presque un grand ! \r\n\r\nQUALITATIF - un calendrier annuel de qualit\u00e9 sup\u00e9rieure avec 12 magnifiques motifs, sur papier d'impression photo, avec une reliure spirale robuste et un crochet de suspension.\r\nDURABLE - r\u00e9duction significative des d\u00e9chets gr\u00e2ce \u00e0 une fabrication sur papier certifi\u00e9 FSC \u00e0 l'unit\u00e9 et sur demande, production dans l'UE, logistique \u00e9cologique.\r\nCADEAU ID\u00c9AL - destin\u00e9 \u00e0 vos contacts priv\u00e9s ou professionnels, \u00e0 la famille ou aux amis, aux jeunes adultes ou aux moins jeunes,  pour un cadeau de No\u00ebl ou d'anniversaire ou juste pour le plaisir d'offrir.\r\nDIVERSIFI\u00c9 - de nombreux formats DIN A4 ou DIN A3, pour s'adapter \u00e0 toutes vos envies et vos cadres de vie.\r\nPetit loup deviendra grand ... par l'auteur(rice): Arnaud","authors":["Arnaud Camel"],"category_codes":["4000000","4010000","4010200"],"visuals":{"large":"https:\/\/images.epagine.fr\/666\/9783516566666_1_75.jpg","medium":"https:\/\/images.epagine.fr\/666\/9783516566666_1_m.jpg","thumbnail":"https:\/\/images.epagine.fr\/666\/9783516566666_1_v.jpg"},"orderable":true,"show_badge":true,"formatted_price":"0,00&nbsp;\u20ac","formatted_published_date":"15 mai 2025","publisher_availability_label":"Sur commande","short_details":"Arnaud Camel \u2014 Calvendo","translator":null,"weight":460,"page_count":14,"readership":null,"editor":"Calvendo","price":0,"published_date":"2025-05-14T22:00:00.000000Z","support":"Calendrier","publisher_availability":1,"stock":0,"editions":[],"url":"https:\/\/quaidesbrumes.com\/ouvrage\/9783516566666\/les-ptits-loups-gris-calendrier-mural-2026-din-a3-vertical-calvendo-calendrier-mensuel-petit-loup-deviendra-grand"},{"id":"9783516566963","title":"Les p'tits loups gris (Calendrier mural 2026 DIN A4 vertical), CALVENDO calendrier mensuel : Petit loup deviendra grand ...","description":"Voici en image l'\u00e9volution des louveteaux que j'ai pu observer au Canada. Ces petites bouilles d'amour m'ont fait fondre de nombreuses fois, aujourd'hui je souhaite partager avec vous ces grands moments de bonheur.\r\n\r\nBonne ann\u00e9e !\r\n\r\nCalendrier mural de qualit\u00e9 sup\u00e9rieure avec 12 magnifiques photos. L'environnement nous tient \u00e0 coeur. C'est pourquoi nous utilisons exclusivement du papier certifi\u00e9 FSC provenant de for\u00eats g\u00e9r\u00e9es de mani\u00e8re \u00e9coresponsable. Nous \u00e9vitons la surproduction et donc des quantit\u00e9s significatives de d\u00e9chets, en produisant dans l'UE \u00e0 l'unit\u00e9 et sur demande. Nous r\u00e9duisons nos distances de transport et assurons une logistique respectueuse de l'environnement.\r\n\r\n14 pages dont 1 couverture | 12 pages mensuelles | 1 page d'index | dos cartonn\u00e9\r\n\r\nCe calendrier \u00e0 succ\u00e8s a \u00e9t\u00e9 r\u00e9\u00e9dit\u00e9 cette ann\u00e9e avec les m\u00eames images et une grille calendaire mise \u00e0 jour.\r\n\r\nIllustrations:\r\nJanvier: La sieste de Tala \r\nF\u00e9vrier: La curiosit\u00e9 du loup \r\nMars: La petite grignoteuse \r\nAvril: Le repos de Wilk \r\nMai: Wilk \r\nJuin: Le regard du loup \r\nJuillet: Petite louve grise \r\nAo\u00fbt: Wilk d\u00e9couvre son nouveau monde \r\nSeptembre: La belle Tala \r\nOctobre: Wilk en promenade \r\nNovembre: Wilk \u00e0 bien grandit ! \r\nD\u00e9cembre: Presque un grand ! \r\n\r\nQUALITATIF - un calendrier annuel de qualit\u00e9 sup\u00e9rieure avec 12 magnifiques motifs, sur papier d'impression photo, avec une reliure spirale robuste et un crochet de suspension.\r\nDURABLE - r\u00e9duction significative des d\u00e9chets gr\u00e2ce \u00e0 une fabrication sur papier certifi\u00e9 FSC \u00e0 l'unit\u00e9 et sur demande, production dans l'UE, logistique \u00e9cologique.\r\nCADEAU ID\u00c9AL - destin\u00e9 \u00e0 vos contacts priv\u00e9s ou professionnels, \u00e0 la famille ou aux amis, aux jeunes adultes ou aux moins jeunes,  pour un cadeau de No\u00ebl ou d'anniversaire ou juste pour le plaisir d'offrir.\r\nDIVERSIFI\u00c9 - de nombreux formats DIN A4 ou DIN A3, pour s'adapter \u00e0 toutes vos envies et vos cadres de vie.\r\nPetit loup deviendra grand ... par l'auteur(rice): Arnaud","authors":["Arnaud Camel"],"category_codes":["4000000","4010000","4010200"],"visuals":{"large":"https:\/\/images.epagine.fr\/963\/9783516566963_1_75.jpg","medium":"https:\/\/images.epagine.fr\/963\/9783516566963_1_m.jpg","thumbnail":"https:\/\/images.epagine.fr\/963\/9783516566963_1_v.jpg"},"orderable":true,"show_badge":true,"formatted_price":"0,00&nbsp;\u20ac","formatted_published_date":"15 mai 2025","publisher_availability_label":"Sur commande","short_details":"Arnaud Camel \u2014 Calvendo","translator":null,"weight":210,"page_count":14,"readership":null,"editor":"Calvendo","price":0,"published_date":"2025-05-14T22:00:00.000000Z","support":"Calendrier","publisher_availability":1,"stock":0,"editions":[],"url":"https:\/\/quaidesbrumes.com\/ouvrage\/9783516566963\/les-ptits-loups-gris-calendrier-mural-2026-din-a4-vertical-calvendo-calendrier-mensuel-petit-loup-deviendra-grand"},{"id":"9783516568738","title":"Maroc Au fil de l'eau (Calendrier mural 2026 DIN A3 vertical), CALVENDO calendrier mensuel : Oc\u00e9an et rivi\u00e8re du Maroc","description":"Paysages du Maroc \u00e0 travers ses c\u00f4tes et ses rivi\u00e8res.\r\n\r\nCalendrier mural de qualit\u00e9 sup\u00e9rieure avec 12 magnifiques photos. L'environnement nous tient \u00e0 coeur. C'est pourquoi nous utilisons exclusivement du papier certifi\u00e9 FSC provenant de for\u00eats g\u00e9r\u00e9es de mani\u00e8re \u00e9coresponsable. Nous \u00e9vitons la surproduction et donc des quantit\u00e9s significatives de d\u00e9chets, en produisant dans l'UE \u00e0 l'unit\u00e9 et sur demande. Nous r\u00e9duisons nos distances de transport et assurons une logistique respectueuse de l'environnement.\r\n\r\n14 pages dont 1 couverture | 12 pages mensuelles | 1 page d'index | dos cartonn\u00e9\r\n\r\nCe calendrier \u00e0 succ\u00e8s a \u00e9t\u00e9 r\u00e9\u00e9dit\u00e9 cette ann\u00e9e avec les m\u00eames images et une grille calendaire mise \u00e0 jour.\r\n\r\nIllustrations:\r\nJanvier: Parc national de Souss-Massa \r\nF\u00e9vrier: Oc\u00e9an Atlantique, Sidi Rbat \r\nMars: Parc national de Souss-Massa \r\nAvril: Rivi\u00e8re Sal\u00e9, Rabat \r\nMai: Plage de l'Atlantique, Essaouira \r\nJuin: Oc\u00e9an Atlantique, Sidi Rbat \r\nJuillet: Parc national de Souss-Massa \r\nAo\u00fbt: Oc\u00e9an Atlantique, Mosqu\u00e9e de Casablanca \r\nSeptembre: Vall\u00e9e du Zizz \r\nOctobre: Oc\u00e9an Atlantique, Rabat \r\nNovembre: Parc national de Souss-Massa \r\nD\u00e9cembre: Parc national de Souss-Massa \r\n\r\nQUALITATIF - un calendrier annuel de qualit\u00e9 sup\u00e9rieure avec 12 magnifiques motifs, sur papier d'impression photo, avec une reliure spirale robuste et un crochet de suspension.\r\nDURABLE - r\u00e9duction significative des d\u00e9chets gr\u00e2ce \u00e0 une fabrication sur papier certifi\u00e9 FSC \u00e0 l'unit\u00e9 et sur demande, production dans l'UE, logistique \u00e9cologique.\r\nCADEAU ID\u00c9AL - destin\u00e9 \u00e0 vos contacts priv\u00e9s ou professionnels, \u00e0 la famille ou aux amis, aux jeunes adultes ou aux moins jeunes,  pour un cadeau de No\u00ebl ou d'anniversaire ou juste pour le plaisir d'offrir.\r\nDIVERSIFI\u00c9 - de nombreux formats DIN A4 ou DIN A3, pour s'adapter \u00e0 toutes vos envies et vos cadres de vie.\r\nOc\u00e9an et rivi\u00e8re du Maroc par l'auteur(rice): patrice THEBAULT","authors":["Patrice Th\u00e9bault"],"category_codes":["4000000","4010000","4010200"],"visuals":{"large":"https:\/\/images.epagine.fr\/738\/9783516568738_1_75.jpg","medium":"https:\/\/images.epagine.fr\/738\/9783516568738_1_m.jpg","thumbnail":"https:\/\/images.epagine.fr\/738\/9783516568738_1_v.jpg"},"orderable":true,"show_badge":true,"formatted_price":"0,00&nbsp;\u20ac","formatted_published_date":"15 mai 2025","publisher_availability_label":"Sur commande","short_details":"Patrice Th\u00e9bault \u2014 Calvendo","translator":null,"weight":460,"page_count":14,"readership":null,"editor":"Calvendo","price":0,"published_date":"2025-05-14T22:00:00.000000Z","support":"Calendrier","publisher_availability":1,"stock":0,"editions":[],"url":"https:\/\/quaidesbrumes.com\/ouvrage\/9783516568738\/maroc-au-fil-de-leau-calendrier-mural-2026-din-a3-vertical-calvendo-calendrier-mensuel-ocean-et-riviere-du-maroc"},{"id":"9783516568981","title":"Saint-Pierre et Miquelon \u00e0 l'\u00e9tat sauvage (Calendrier mural 2026 DIN A3 vertical), CALVENDO calendrier mensuel : Un petit bout de France m\u00e9connu","description":"Le photographe de nature Gr\u00e9gory POL vous entra\u00eene en Am\u00e9rique du Nord sur un petit bout de France m\u00e9connu.\r\nSaint-Pierre et Miquelon, c'est cet archipel fabuleux tout proche de Terre-Neuve aux paysages changeants et \u00e9ph\u00e9m\u00e8res en hiver.\r\n\r\nCalendrier mural de qualit\u00e9 sup\u00e9rieure avec 12 magnifiques photos. L'environnement nous tient \u00e0 coeur. C'est pourquoi nous utilisons exclusivement du papier certifi\u00e9 FSC provenant de for\u00eats g\u00e9r\u00e9es de mani\u00e8re \u00e9coresponsable. Nous \u00e9vitons la surproduction et donc des quantit\u00e9s significatives de d\u00e9chets, en produisant dans l'UE \u00e0 l'unit\u00e9 et sur demande. Nous r\u00e9duisons nos distances de transport et assurons une logistique respectueuse de l'environnement.\r\n\r\n14 pages dont 1 couverture | 12 pages mensuelles | 1 page d'index | dos cartonn\u00e9\r\n\r\nCe calendrier \u00e0 succ\u00e8s a \u00e9t\u00e9 r\u00e9\u00e9dit\u00e9 cette ann\u00e9e avec les m\u00eames images et une grille calendaire mise \u00e0 jour.\r\n\r\nIllustrations:\r\nJanvier: Les embruns givrants \r\nF\u00e9vrier: Regard lointain \r\nMars: Le Harfang des neiges \r\nAvril: Sym\u00e9trie des geais bleus \r\nMai: Le serpent de glace \r\nJuin: A l'aube \r\nJuillet: L'aigle \u00e0 t\u00eate blanche \r\nAo\u00fbt: L'\u00e9t\u00e9 \r\nSeptembre: Sur l'\u00eele aux marins \r\nOctobre: L'heure bleue \r\nNovembre: Lever de soleil sur les buttereaux \r\nD\u00e9cembre: Le li\u00e8vre arctique \r\n\r\nQUALITATIF - un calendrier annuel de qualit\u00e9 sup\u00e9rieure avec 12 magnifiques motifs, sur papier d'impression photo, avec une reliure spirale robuste et un crochet de suspension.\r\nDURABLE - r\u00e9duction significative des d\u00e9chets gr\u00e2ce \u00e0 une fabrication sur papier certifi\u00e9 FSC \u00e0 l'unit\u00e9 et sur demande, production dans l'UE, logistique \u00e9cologique.\r\nCADEAU ID\u00c9AL - destin\u00e9 \u00e0 vos contacts priv\u00e9s ou professionnels, \u00e0 la famille ou aux amis, aux jeunes adultes ou aux moins jeunes,  pour un cadeau de No\u00ebl ou d'anniversaire ou juste pour le plaisir d'offrir.\r\nDIVERSIFI\u00c9 - de nombreux formats DIN A4 ou DIN A3, pour s'adapter \u00e0 toutes vos envies et vos cadres de vie.\r\nUn petit bout de France m\u00e9connu par l'auteur(rice): Gregory POL","authors":["Gregory Pol"],"category_codes":["4000000","4010000","4010200"],"visuals":{"large":"https:\/\/images.epagine.fr\/981\/9783516568981_1_75.jpg","medium":"https:\/\/images.epagine.fr\/981\/9783516568981_1_m.jpg","thumbnail":"https:\/\/images.epagine.fr\/981\/9783516568981_1_v.jpg"},"orderable":true,"show_badge":true,"formatted_price":"0,00&nbsp;\u20ac","formatted_published_date":"15 mai 2025","publisher_availability_label":"Sur commande","short_details":"Gregory Pol \u2014 Calvendo","translator":null,"weight":460,"page_count":14,"readership":null,"editor":"Calvendo","price":0,"published_date":"2025-05-14T22:00:00.000000Z","support":"Calendrier","publisher_availability":1,"stock":0,"editions":[],"url":"https:\/\/quaidesbrumes.com\/ouvrage\/9783516568981\/saint-pierre-et-miquelon-a-letat-sauvage-calendrier-mural-2026-din-a3-vertical-calvendo-calendrier-mensuel-un-petit-bout-de-france-meconnu"},{"id":"9783516569315","title":"Maroc Au fil de l'eau (Calendrier mural 2026 DIN A4 vertical), CALVENDO calendrier mensuel : Oc\u00e9an et rivi\u00e8re du Maroc","description":"Paysages du Maroc \u00e0 travers ses c\u00f4tes et ses rivi\u00e8res.\r\n\r\nCalendrier mural de qualit\u00e9 sup\u00e9rieure avec 12 magnifiques photos. L'environnement nous tient \u00e0 coeur. C'est pourquoi nous utilisons exclusivement du papier certifi\u00e9 FSC provenant de for\u00eats g\u00e9r\u00e9es de mani\u00e8re \u00e9coresponsable. Nous \u00e9vitons la surproduction et donc des quantit\u00e9s significatives de d\u00e9chets, en produisant dans l'UE \u00e0 l'unit\u00e9 et sur demande. Nous r\u00e9duisons nos distances de transport et assurons une logistique respectueuse de l'environnement.\r\n\r\n14 pages dont 1 couverture | 12 pages mensuelles | 1 page d'index | dos cartonn\u00e9\r\n\r\nCe calendrier \u00e0 succ\u00e8s a \u00e9t\u00e9 r\u00e9\u00e9dit\u00e9 cette ann\u00e9e avec les m\u00eames images et une grille calendaire mise \u00e0 jour.\r\n\r\nIllustrations:\r\nJanvier: Parc national de Souss-Massa \r\nF\u00e9vrier: Oc\u00e9an Atlantique, Sidi Rbat \r\nMars: Parc national de Souss-Massa \r\nAvril: Rivi\u00e8re Sal\u00e9, Rabat \r\nMai: Plage de l'Atlantique, Essaouira \r\nJuin: Oc\u00e9an Atlantique, Sidi Rbat \r\nJuillet: Parc national de Souss-Massa \r\nAo\u00fbt: Oc\u00e9an Atlantique, Mosqu\u00e9e de Casablanca \r\nSeptembre: Vall\u00e9e du Zizz \r\nOctobre: Oc\u00e9an Atlantique, Rabat \r\nNovembre: Parc national de Souss-Massa \r\nD\u00e9cembre: Parc national de Souss-Massa \r\n\r\nQUALITATIF - un calendrier annuel de qualit\u00e9 sup\u00e9rieure avec 12 magnifiques motifs, sur papier d'impression photo, avec une reliure spirale robuste et un crochet de suspension.\r\nDURABLE - r\u00e9duction significative des d\u00e9chets gr\u00e2ce \u00e0 une fabrication sur papier certifi\u00e9 FSC \u00e0 l'unit\u00e9 et sur demande, production dans l'UE, logistique \u00e9cologique.\r\nCADEAU ID\u00c9AL - destin\u00e9 \u00e0 vos contacts priv\u00e9s ou professionnels, \u00e0 la famille ou aux amis, aux jeunes adultes ou aux moins jeunes,  pour un cadeau de No\u00ebl ou d'anniversaire ou juste pour le plaisir d'offrir.\r\nDIVERSIFI\u00c9 - de nombreux formats DIN A4 ou DIN A3, pour s'adapter \u00e0 toutes vos envies et vos cadres de vie.\r\nOc\u00e9an et rivi\u00e8re du Maroc par l'auteur(rice): patrice THEBAULT","authors":["Patrice Th\u00e9bault"],"category_codes":["4000000","4010000","4010200"],"visuals":{"large":"https:\/\/images.epagine.fr\/315\/9783516569315_1_75.jpg","medium":"https:\/\/images.epagine.fr\/315\/9783516569315_1_m.jpg","thumbnail":"https:\/\/images.epagine.fr\/315\/9783516569315_1_v.jpg"},"orderable":true,"show_badge":true,"formatted_price":"0,00&nbsp;\u20ac","formatted_published_date":"15 mai 2025","publisher_availability_label":"Sur commande","short_details":"Patrice Th\u00e9bault \u2014 Calvendo","translator":null,"weight":210,"page_count":14,"readership":null,"editor":"Calvendo","price":0,"published_date":"2025-05-14T22:00:00.000000Z","support":"Calendrier","publisher_availability":1,"stock":0,"editions":[],"url":"https:\/\/quaidesbrumes.com\/ouvrage\/9783516569315\/maroc-au-fil-de-leau-calendrier-mural-2026-din-a4-vertical-calvendo-calendrier-mensuel-ocean-et-riviere-du-maroc"},{"id":"9783516569445","title":"Couleurs Aveyron  (Calendrier mural 2026 DIN A2 vertical) calendrier de bureau : D\u00e9partement de l'Aveyron","description":"Visite du d\u00e9partement de l'Aveyron \u00e0 travers ses sites majeures. Entre pierre et nature, cette r\u00e9gion nous invite \u00e0 l'\u00e9merveillement.\r\n\r\nImpression d'art premium en haute brillance de qualit\u00e9 mus\u00e9e. Pour que les feuilles de papier soient bien accroch\u00e9es au mur, ce calendrier haut de gamme est dot\u00e9 de pochettes innovantes. Elles prot\u00e8gent les grandes feuilles des effets de l'humidit\u00e9 de l'air. Le papier est un mat\u00e9riau naturel. Les fibres r\u00e9agissent aux variations du climat ambiant. Il est donc conseill\u00e9 de ne pas retirer les pochettes d'insertion.\r\n\r\nNotre environnement nous tient \u00e0 coeur, c'est pourquoi nous misons sur une fabrication individuelle en Allemagne (Made in Germany) avec des mat\u00e9riaux de qualit\u00e9 sup\u00e9rieure.\r\n\r\n14 pages dont 1 couverture | 12 pages mensuelles | 1 page d'index I dos cartonn\u00e9.\r\n\r\n\r\nCe calendrier \u00e0 succ\u00e8s a \u00e9t\u00e9 r\u00e9\u00e9dit\u00e9 cette ann\u00e9e avec les m\u00eames images et une grille calendaire mise \u00e0 jour.\r\n\r\nIllustrations:\r\nJanvier: Cath\u00e9drale Notre-Dame, Rodez \r\nF\u00e9vrier: Larzac \r\nMars: Abbatiale Sainte-Foy, Conques \r\nAvril: Vall\u00e9e du Lot \r\nMai: Mus\u00e9e Fenaille, Rodez \r\nJuin: Vignes du Vallon de Marcillac \r\nJuillet: Espallion \r\nAo\u00fbt: Brebis du Larzac \r\nSeptembre: Village de Conques \r\nOctobre: Ch\u00e2teau de Najac \r\nNovembre: Plateau de l'Aubrac \r\nD\u00e9cembre: Mus\u00e9e Soulages et cath\u00e9drale, Rodez \r\n\r\nLIGNE PREMIUM - Calendrier photo brillant avec 12 magnifiques motifs, impression d'art en haute brillance de qualit\u00e9 mus\u00e9e\r\nQUALIT\u00c9 - mat\u00e9riaux nobles, dos solide avec 2 pochettes innovantes pour une pr\u00e9sentation optimale au mur\r\nDURABLE - nette r\u00e9duction des d\u00e9chets gr\u00e2ce \u00e0 une fabrication \u00e0 l'unit\u00e9 adapt\u00e9e aux besoins, papier certifi\u00e9 FSC respectueux de l'environnement, production en Allemagne, logistique respectueuse du climat.\r\nCADEAU PARFAIT - calendrier pour les amis et la famille, pour les enfants et les adultes, les jeunes et les moins jeunes, pour No\u00ebl, les anniversaires ou entre deux.\r\nD\u00e9partement de l'Aveyron par l'auteur(rice): patrice THEBAULT","authors":["Patrice Th\u00e9bault"],"category_codes":["4000000","4010000","4010200"],"visuals":{"large":"https:\/\/images.epagine.fr\/445\/9783516569445_1_75.jpg","medium":"https:\/\/images.epagine.fr\/445\/9783516569445_1_m.jpg","thumbnail":"https:\/\/images.epagine.fr\/445\/9783516569445_1_v.jpg"},"orderable":true,"show_badge":true,"formatted_price":"0,00&nbsp;\u20ac","formatted_published_date":"15 mai 2025","publisher_availability_label":"Sur commande","short_details":"Patrice Th\u00e9bault \u2014 Calvendo","translator":null,"weight":1280,"page_count":14,"readership":null,"editor":"Calvendo","price":0,"published_date":"2025-05-14T22:00:00.000000Z","support":"Calendrier","publisher_availability":1,"stock":0,"editions":[],"url":"https:\/\/quaidesbrumes.com\/ouvrage\/9783516569445\/couleurs-aveyron-calendrier-mural-2026-din-a2-vertical-calendrier-de-bureau-departement-de-laveyron"},{"id":"9783516569469","title":"Saint-Pierre et Miquelon \u00e0 l'\u00e9tat sauvage (Calendrier mural 2026 DIN A4 vertical), CALVENDO calendrier mensuel : Un petit bout de France m\u00e9connu","description":"Le photographe de nature Gr\u00e9gory POL vous entra\u00eene en Am\u00e9rique du Nord sur un petit bout de France m\u00e9connu.\r\nSaint-Pierre et Miquelon, c'est cet archipel fabuleux tout proche de Terre-Neuve aux paysages changeants et \u00e9ph\u00e9m\u00e8res en hiver.\r\n\r\nCalendrier mural de qualit\u00e9 sup\u00e9rieure avec 12 magnifiques photos. L'environnement nous tient \u00e0 coeur. C'est pourquoi nous utilisons exclusivement du papier certifi\u00e9 FSC provenant de for\u00eats g\u00e9r\u00e9es de mani\u00e8re \u00e9coresponsable. Nous \u00e9vitons la surproduction et donc des quantit\u00e9s significatives de d\u00e9chets, en produisant dans l'UE \u00e0 l'unit\u00e9 et sur demande. Nous r\u00e9duisons nos distances de transport et assurons une logistique respectueuse de l'environnement.\r\n\r\n14 pages dont 1 couverture | 12 pages mensuelles | 1 page d'index | dos cartonn\u00e9\r\n\r\nCe calendrier \u00e0 succ\u00e8s a \u00e9t\u00e9 r\u00e9\u00e9dit\u00e9 cette ann\u00e9e avec les m\u00eames images et une grille calendaire mise \u00e0 jour.\r\n\r\nIllustrations:\r\nJanvier: Les embruns givrants \r\nF\u00e9vrier: Regard lointain \r\nMars: Le Harfang des neiges \r\nAvril: Sym\u00e9trie des geais bleus \r\nMai: Le serpent de glace \r\nJuin: A l'aube \r\nJuillet: L'aigle \u00e0 t\u00eate blanche \r\nAo\u00fbt: L'\u00e9t\u00e9 \r\nSeptembre: Sur l'\u00eele aux marins \r\nOctobre: L'heure bleue \r\nNovembre: Lever de soleil sur les buttereaux \r\nD\u00e9cembre: Le li\u00e8vre arctique \r\n\r\nQUALITATIF - un calendrier annuel de qualit\u00e9 sup\u00e9rieure avec 12 magnifiques motifs, sur papier d'impression photo, avec une reliure spirale robuste et un crochet de suspension.\r\nDURABLE - r\u00e9duction significative des d\u00e9chets gr\u00e2ce \u00e0 une fabrication sur papier certifi\u00e9 FSC \u00e0 l'unit\u00e9 et sur demande, production dans l'UE, logistique \u00e9cologique.\r\nCADEAU ID\u00c9AL - destin\u00e9 \u00e0 vos contacts priv\u00e9s ou professionnels, \u00e0 la famille ou aux amis, aux jeunes adultes ou aux moins jeunes,  pour un cadeau de No\u00ebl ou d'anniversaire ou juste pour le plaisir d'offrir.\r\nDIVERSIFI\u00c9 - de nombreux formats DIN A4 ou DIN A3, pour s'adapter \u00e0 toutes vos envies et vos cadres de vie.\r\nUn petit bout de France m\u00e9connu par l'auteur(rice): Gregory POL","authors":["Gregory Pol"],"category_codes":["4000000","4010000","4010200"],"visuals":{"large":"https:\/\/images.epagine.fr\/469\/9783516569469_1_75.jpg","medium":"https:\/\/images.epagine.fr\/469\/9783516569469_1_m.jpg","thumbnail":"https:\/\/images.epagine.fr\/469\/9783516569469_1_v.jpg"},"orderable":true,"show_badge":true,"formatted_price":"0,00&nbsp;\u20ac","formatted_published_date":"15 mai 2025","publisher_availability_label":"Sur commande","short_details":"Gregory Pol \u2014 Calvendo","translator":null,"weight":210,"page_count":14,"readership":null,"editor":"Calvendo","price":0,"published_date":"2025-05-14T22:00:00.000000Z","support":"Calendrier","publisher_availability":1,"stock":0,"editions":[],"url":"https:\/\/quaidesbrumes.com\/ouvrage\/9783516569469\/saint-pierre-et-miquelon-a-letat-sauvage-calendrier-mural-2026-din-a4-vertical-calvendo-calendrier-mensuel-un-petit-bout-de-france-meconnu"},{"id":"9783516569728","title":"Tr\u00e9sors des Vosges (Calendrier mural 2026 DIN A3 vertical), CALVENDO calendrier mensuel : Faune et paysages des Vosges","description":"Calendrier regroupant les plus belles photos, faune et paysages de Pascal Gadroy dans les Vosges\r\n\r\nCalendrier mural de qualit\u00e9 sup\u00e9rieure avec 12 magnifiques photos. L'environnement nous tient \u00e0 coeur. C'est pourquoi nous utilisons exclusivement du papier certifi\u00e9 FSC provenant de for\u00eats g\u00e9r\u00e9es de mani\u00e8re \u00e9coresponsable. Nous \u00e9vitons la surproduction et donc des quantit\u00e9s significatives de d\u00e9chets, en produisant dans l'UE \u00e0 l'unit\u00e9 et sur demande. Nous r\u00e9duisons nos distances de transport et assurons une logistique respectueuse de l'environnement.\r\n\r\n14 pages dont 1 couverture | 12 pages mensuelles | 1 page d'index | dos cartonn\u00e9\r\n\r\nCe calendrier \u00e0 succ\u00e8s a \u00e9t\u00e9 r\u00e9\u00e9dit\u00e9 cette ann\u00e9e avec les m\u00eames images et une grille calendaire mise \u00e0 jour.\r\n\r\nIllustrations:\r\nJanvier: Chamois sur mer de nuages \r\nF\u00e9vrier: Jeune martre \r\nMars: Chamois au lev\u00e9 du soleil \r\nAvril: Cache-cache chevreuil \r\nMai: Renarde \r\nJuin: Le citron \r\nJuillet: Lapereau \r\nAo\u00fbt: Le c\u00e2lin \r\nSeptembre: La p\u00eache du martin \r\nOctobre: Les fr\u00e8res daguets \r\nNovembre: Cerf pendant le brame \r\nD\u00e9cembre: Sommet des Vosges \r\n\r\nQUALITATIF - un calendrier annuel de qualit\u00e9 sup\u00e9rieure avec 12 magnifiques motifs, sur papier d'impression photo, avec une reliure spirale robuste et un crochet de suspension.\r\nDURABLE - r\u00e9duction significative des d\u00e9chets gr\u00e2ce \u00e0 une fabrication sur papier certifi\u00e9 FSC \u00e0 l'unit\u00e9 et sur demande, production dans l'UE, logistique \u00e9cologique.\r\nCADEAU ID\u00c9AL - destin\u00e9 \u00e0 vos contacts priv\u00e9s ou professionnels, \u00e0 la famille ou aux amis, aux jeunes adultes ou aux moins jeunes,  pour un cadeau de No\u00ebl ou d'anniversaire ou juste pour le plaisir d'offrir.\r\nDIVERSIFI\u00c9 - de nombreux formats DIN A4 ou DIN A3, pour s'adapter \u00e0 toutes vos envies et vos cadres de vie.\r\nFaune et paysages des Vosges par l'auteur(rice): Pascal Gadroy","authors":["Pascal Gadroy"],"category_codes":["4000000","4010000","4010200"],"visuals":{"large":"https:\/\/images.epagine.fr\/728\/9783516569728_1_75.jpg","medium":"https:\/\/images.epagine.fr\/728\/9783516569728_1_m.jpg","thumbnail":"https:\/\/images.epagine.fr\/728\/9783516569728_1_v.jpg"},"orderable":true,"show_badge":true,"formatted_price":"0,00&nbsp;\u20ac","formatted_published_date":"15 mai 2025","publisher_availability_label":"Sur commande","short_details":"Pascal Gadroy \u2014 Calvendo","translator":null,"weight":460,"page_count":14,"readership":null,"editor":"Calvendo","price":0,"published_date":"2025-05-14T22:00:00.000000Z","support":"Calendrier","publisher_availability":1,"stock":0,"editions":[],"url":"https:\/\/quaidesbrumes.com\/ouvrage\/9783516569728\/tresors-des-vosges-calendrier-mural-2026-din-a3-vertical-calvendo-calendrier-mensuel-faune-et-paysages-des-vosges"},{"id":"9783516559293","title":"Macareux-moines Des petits oiseaux originaux! (Calendrier mural 2026 DIN A3 vertical), CALVENDO calendrier mensuel : Visite des macareux sur l'\u00eele de Skellig Michael en Irlande.","description":"Les macareux sur l'\u00eele de Skellig Michael en Irlande ne sont pas g\u00e9n\u00e9s par les touristes qui viennent principalement \u00e0 cause des ruines du monast\u00e8re. Vous pouvez donc vous rapprocher de ces mignons petits oiseaux et les admirateurs.\r\n\r\nCalendrier mural de qualit\u00e9 sup\u00e9rieure avec 12 magnifiques photos. L'environnement nous tient \u00e0 coeur. C'est pourquoi nous utilisons exclusivement du papier certifi\u00e9 FSC provenant de for\u00eats g\u00e9r\u00e9es de mani\u00e8re \u00e9coresponsable. Nous \u00e9vitons la surproduction et donc des quantit\u00e9s significatives de d\u00e9chets, en produisant dans l'UE \u00e0 l'unit\u00e9 et sur demande. Nous r\u00e9duisons nos distances de transport et assurons une logistique respectueuse de l'environnement.\r\n\r\n14 pages dont 1 couverture | 12 pages mensuelles | 1 page d'index | dos cartonn\u00e9\r\n\r\nCe calendrier \u00e0 succ\u00e8s a \u00e9t\u00e9 r\u00e9\u00e9dit\u00e9 cette ann\u00e9e avec les m\u00eames images et une grille calendaire mise \u00e0 jour.\r\n\r\nIllustrations:\r\nJanvier: Prendre soin de son plumage \r\nF\u00e9vrier: Prot\u00e9ger son rocher \r\nMars: Se faire beau \r\nAvril: Groupe de trois macareux reposant sur un rocher \r\nMai: Macareux moine dans son nid \r\nJuin: Macareux sauteur \r\nJuillet: Sur son post d'd'ervation \r\nAo\u00fbt: Dans la cachette de la grotte \r\nSeptembre: Groupe de macareux sur un rocher \r\nOctobre: Trio dans le pr\u00e9 \r\nNovembre: \u00catre pensif \r\nD\u00e9cembre: Soigner ses plumes \u00e0 la perfection \r\n\r\nQUALITATIF - un calendrier annuel de qualit\u00e9 sup\u00e9rieure avec 12 magnifiques motifs, sur papier d'impression photo, avec une reliure spirale robuste et un crochet de suspension.\r\nDURABLE - r\u00e9duction significative des d\u00e9chets gr\u00e2ce \u00e0 une fabrication sur papier certifi\u00e9 FSC \u00e0 l'unit\u00e9 et sur demande, production dans l'UE, logistique \u00e9cologique.\r\nCADEAU ID\u00c9AL - destin\u00e9 \u00e0 vos contacts priv\u00e9s ou professionnels, \u00e0 la famille ou aux amis, aux jeunes adultes ou aux moins jeunes,  pour un cadeau de No\u00ebl ou d'anniversaire ou juste pour le plaisir d'offrir.\r\nDIVERSIFI\u00c9 - de nombreux formats DIN A4 ou DIN A3, pour s'adapter \u00e0 toutes vos envies et vos cadres de vie.\r\nVisite des macareux sur l'\u00eele de Skellig Michael en Irlande. par l'auteur(rice): Babett's Bildergalerie","authors":["Babett Paul - Babett''S Bildergalerie"],"category_codes":["4000000","4010000","4010200"],"visuals":{"large":"https:\/\/images.epagine.fr\/293\/9783516559293_1_75.jpg","medium":"https:\/\/images.epagine.fr\/293\/9783516559293_1_m.jpg","thumbnail":"https:\/\/images.epagine.fr\/293\/9783516559293_1_v.jpg"},"orderable":true,"show_badge":true,"formatted_price":"0,00&nbsp;\u20ac","formatted_published_date":"15 mai 2025","publisher_availability_label":"Sur commande","short_details":"Babett Paul - Babett''S Bildergalerie \u2014 CALVENDO","translator":null,"weight":460,"page_count":14,"readership":null,"editor":"CALVENDO","price":0,"published_date":"2025-05-14T22:00:00.000000Z","support":"Calendrier","publisher_availability":1,"stock":0,"editions":[],"url":"https:\/\/quaidesbrumes.com\/ouvrage\/9783516559293\/macareux-moines-des-petits-oiseaux-originaux-calendrier-mural-2026-din-a3-vertical-calvendo-calendrier-mensuel-visite-des-macareux-sur-lile-de-skellig-michael-en-irlande"},{"id":"9783516559446","title":"Les Calanques - Criques et fiords de Provence (Calendrier mural 2026 DIN A3 vertical), CALVENDO calendrier mensuel : De belles images des calanques, ces \u00e9troites criques qui s'enfoncent comme des fiords dans les c\u00f4tes proven\u00e7ales, entre Marseille et","description":"Le photographe prim\u00e9, Chris Hellier, a s\u00e9lectionn\u00e9 douze paysages des magnifiques calanques, ces criques qui ressemblent \u00e0 des fiords, au Sud de la France. Certaines de ces calanques les plus impressionnantes, situ\u00e9es entre Marseille et Cassis, sont prot\u00e9g\u00e9es car elles appartiennent \u00e0 un des plus r\u00e9cents parcs nationaux de France.\r\n\r\nCalendrier mural de qualit\u00e9 sup\u00e9rieure avec 12 magnifiques photos. L'environnement nous tient \u00e0 coeur. C'est pourquoi nous utilisons exclusivement du papier certifi\u00e9 FSC provenant de for\u00eats g\u00e9r\u00e9es de mani\u00e8re \u00e9coresponsable. Nous \u00e9vitons la surproduction et donc des quantit\u00e9s significatives de d\u00e9chets, en produisant dans l'UE \u00e0 l'unit\u00e9 et sur demande. Nous r\u00e9duisons nos distances de transport et assurons une logistique respectueuse de l'environnement.\r\n\r\n14 pages dont 1 couverture | 12 pages mensuelles | 1 page d'index | dos cartonn\u00e9\r\n\r\nCe calendrier \u00e0 succ\u00e8s a \u00e9t\u00e9 r\u00e9\u00e9dit\u00e9 cette ann\u00e9e avec les m\u00eames images et une grille calendaire mise \u00e0 jour.\r\n\r\nIllustrations:\r\nJanvier: Calanque de Niolon\r\nF\u00e9vrier: Calanque de Sormiou\r\nMars: Les calanqes vu de la route des cr\u00eates\r\nAvril: Calanque d'En Vau\r\nMai: Sormiou et port de p\u00eache\r\nJuin: Calanque d'En Vau\r\nJuillet: Ensu\u00e8s-La-Redonne et port de p\u00eache\r\nAo\u00fbt: Calanque de Sormiou\r\nSeptembre: Pin surplombant la calanque d'En Vau\r\nOctobre: Calanque de Fiquerolles\r\nNovembre: Calanque d'En Vau\r\nD\u00e9cembre: Entr\u00e9e de la calanque d'En Vau et embarcation\r\n\r\nQUALITATIF - un calendrier annuel de qualit\u00e9 sup\u00e9rieure avec 12 magnifiques motifs, sur papier d'impression photo, avec une reliure spirale robuste et un crochet de suspension.\r\nDURABLE - r\u00e9duction significative des d\u00e9chets gr\u00e2ce \u00e0 une fabrication sur papier certifi\u00e9 FSC \u00e0 l'unit\u00e9 et sur demande, production dans l'UE, logistique \u00e9cologique.\r\nCADEAU ID\u00c9AL - destin\u00e9 \u00e0 vos contacts priv\u00e9s ou professionnels, \u00e0 la famille ou aux amis, aux jeunes adultes ou aux moins jeunes,  pour un cadeau de No\u00ebl ou d'anniversaire ou juste pour le plaisir d'offrir.\r\nDIVERSIFI\u00c9 - de nombreux formats DIN A4 ou DIN A3, pour s'adapter \u00e0 toutes vos envies et vos cadres de vie.\r\nDe belles images des calanques, ces \u00e9troites criques qui s'enfoncent comme des fiords dans les c\u00f4tes proven\u00e7ales, entre Marseille et la Ciotat, au Sud de la France par l'auteur(rice): Chris Hellier","authors":["Chris Hellier \u00a9 Tous Droits R\u00e9serv\u00e9s"],"category_codes":["4000000","4010000","4010200"],"visuals":{"large":"https:\/\/images.epagine.fr\/446\/9783516559446_1_75.jpg","medium":"https:\/\/images.epagine.fr\/446\/9783516559446_1_m.jpg","thumbnail":"https:\/\/images.epagine.fr\/446\/9783516559446_1_v.jpg"},"orderable":true,"show_badge":true,"formatted_price":"0,00&nbsp;\u20ac","formatted_published_date":"15 mai 2025","publisher_availability_label":"Sur commande","short_details":"Chris Hellier \u00a9 Tous Droits R\u00e9serv\u00e9s \u2014 CALVENDO","translator":null,"weight":460,"page_count":14,"readership":null,"editor":"CALVENDO","price":0,"published_date":"2025-05-14T22:00:00.000000Z","support":"Calendrier","publisher_availability":1,"stock":0,"editions":[],"url":"https:\/\/quaidesbrumes.com\/ouvrage\/9783516559446\/les-calanques-criques-et-fiords-de-provence-calendrier-mural-2026-din-a3-vertical-calvendo-calendrier-mensuel-de-belles-images-des-calanques-ces-etroites-criques-qui-senfoncent-comme-des-fiords-dans-les-cotes-provencales-entre-marseille-et"},{"id":"9783516559538","title":"La Corse de plage en plage (Calendrier mural 2026 DIN A3 vertical), CALVENDO calendrier mensuel : De plage en plage, toute la beaut\u00e9 de la Corse","description":"Toujours amoureux de notre \u00eele de beaut\u00e9, je vous livre ici un deuxi\u00e8me volume de ses plus belles plages. Vous avez aim\u00e9 le premier calendrier, vous allez adorer celui-ci. J'esp\u00e8re surtout qu'il vous donnera envie de d\u00e9couvrir ces coins de paradis.\r\n\r\nCalendrier mural de qualit\u00e9 sup\u00e9rieure avec 12 magnifiques photos. L'environnement nous tient \u00e0 coeur. C'est pourquoi nous utilisons exclusivement du papier certifi\u00e9 FSC provenant de for\u00eats g\u00e9r\u00e9es de mani\u00e8re \u00e9coresponsable. Nous \u00e9vitons la surproduction et donc des quantit\u00e9s significatives de d\u00e9chets, en produisant dans l'UE \u00e0 l'unit\u00e9 et sur demande. Nous r\u00e9duisons nos distances de transport et assurons une logistique respectueuse de l'environnement.\r\n\r\n14 pages dont 1 couverture | 12 pages mensuelles | 1 page d'index | dos cartonn\u00e9\r\n\r\nCe calendrier \u00e0 succ\u00e8s a \u00e9t\u00e9 r\u00e9\u00e9dit\u00e9 cette ann\u00e9e avec les m\u00eames images et une grille calendaire mise \u00e0 jour.\r\n\r\nIllustrations:\r\nJanvier: San Giovanni \r\nF\u00e9vrier: Arone \r\nMars: Stagnolu \r\nAvril: Figari \r\nMai: Pianottoli-Caldarello \r\nJuin: Tizzano \r\nJuillet: Sant' Ambrogio \r\nAo\u00fbt: Roccapina \r\nSeptembre: Kevano \r\nOctobre: Chevanu \r\nNovembre: Lozari \r\nD\u00e9cembre: Saint-Jean \r\n\r\nQUALITATIF - un calendrier annuel de qualit\u00e9 sup\u00e9rieure avec 12 magnifiques motifs, sur papier d'impression photo, avec une reliure spirale robuste et un crochet de suspension.\r\nDURABLE - r\u00e9duction significative des d\u00e9chets gr\u00e2ce \u00e0 une fabrication sur papier certifi\u00e9 FSC \u00e0 l'unit\u00e9 et sur demande, production dans l'UE, logistique \u00e9cologique.\r\nCADEAU ID\u00c9AL - destin\u00e9 \u00e0 vos contacts priv\u00e9s ou professionnels, \u00e0 la famille ou aux amis, aux jeunes adultes ou aux moins jeunes,  pour un cadeau de No\u00ebl ou d'anniversaire ou juste pour le plaisir d'offrir.\r\nDIVERSIFI\u00c9 - de nombreux formats DIN A4 ou DIN A3, pour s'adapter \u00e0 toutes vos envies et vos cadres de vie.\r\nDe plage en plage, toute la beaut\u00e9 de la Corse par l'auteur(rice): Philippe Lardy","authors":["Philippe Lardy"],"category_codes":["4000000","4010000","4010200"],"visuals":{"large":"https:\/\/images.epagine.fr\/538\/9783516559538_1_75.jpg","medium":"https:\/\/images.epagine.fr\/538\/9783516559538_1_m.jpg","thumbnail":"https:\/\/images.epagine.fr\/538\/9783516559538_1_v.jpg"},"orderable":true,"show_badge":true,"formatted_price":"0,00&nbsp;\u20ac","formatted_published_date":"15 mai 2025","publisher_availability_label":"Sur commande","short_details":"Philippe Lardy \u2014 CALVENDO","translator":null,"weight":460,"page_count":14,"readership":null,"editor":"CALVENDO","price":0,"published_date":"2025-05-14T22:00:00.000000Z","support":"Calendrier","publisher_availability":1,"stock":0,"editions":[],"url":"https:\/\/quaidesbrumes.com\/ouvrage\/9783516559538\/la-corse-de-plage-en-plage-calendrier-mural-2026-din-a3-vertical-calvendo-calendrier-mensuel-de-plage-en-plage-toute-la-beaute-de-la-corse"},{"id":"9783516570106","title":"Couleurs Aveyron (Calendrier mural 2026 DIN A3 vertical), CALVENDO calendrier mensuel : D\u00e9partement de l'Aveyron","description":"Visite du d\u00e9partement de l'Aveyron \u00e0 travers ses sites majeures. Entre pierre et nature, cette r\u00e9gion nous invite \u00e0 l'\u00e9merveillement.\r\n\r\nCalendrier mural de qualit\u00e9 sup\u00e9rieure avec 12 magnifiques photos. L'environnement nous tient \u00e0 coeur. C'est pourquoi nous utilisons exclusivement du papier certifi\u00e9 FSC provenant de for\u00eats g\u00e9r\u00e9es de mani\u00e8re \u00e9coresponsable. Nous \u00e9vitons la surproduction et donc des quantit\u00e9s significatives de d\u00e9chets, en produisant dans l'UE \u00e0 l'unit\u00e9 et sur demande. Nous r\u00e9duisons nos distances de transport et assurons une logistique respectueuse de l'environnement.\r\n\r\n14 pages dont 1 couverture | 12 pages mensuelles | 1 page d'index | dos cartonn\u00e9\r\n\r\nCe calendrier \u00e0 succ\u00e8s a \u00e9t\u00e9 r\u00e9\u00e9dit\u00e9 cette ann\u00e9e avec les m\u00eames images et une grille calendaire mise \u00e0 jour.\r\n\r\nIllustrations:\r\nJanvier: Cath\u00e9drale Notre-Dame, Rodez \r\nF\u00e9vrier: Larzac \r\nMars: Abbatiale Sainte-Foy, Conques \r\nAvril: Vall\u00e9e du Lot \r\nMai: Mus\u00e9e Fenaille, Rodez \r\nJuin: Vignes du Vallon de Marcillac \r\nJuillet: Espallion \r\nAo\u00fbt: Brebis du Larzac \r\nSeptembre: Village de Conques \r\nOctobre: Ch\u00e2teau de Najac \r\nNovembre: Plateau de l'Aubrac \r\nD\u00e9cembre: Mus\u00e9e Soulages et cath\u00e9drale, Rodez \r\n\r\nQUALITATIF - un calendrier annuel de qualit\u00e9 sup\u00e9rieure avec 12 magnifiques motifs, sur papier d'impression photo, avec une reliure spirale robuste et un crochet de suspension.\r\nDURABLE - r\u00e9duction significative des d\u00e9chets gr\u00e2ce \u00e0 une fabrication sur papier certifi\u00e9 FSC \u00e0 l'unit\u00e9 et sur demande, production dans l'UE, logistique \u00e9cologique.\r\nCADEAU ID\u00c9AL - destin\u00e9 \u00e0 vos contacts priv\u00e9s ou professionnels, \u00e0 la famille ou aux amis, aux jeunes adultes ou aux moins jeunes,  pour un cadeau de No\u00ebl ou d'anniversaire ou juste pour le plaisir d'offrir.\r\nDIVERSIFI\u00c9 - de nombreux formats DIN A4 ou DIN A3, pour s'adapter \u00e0 toutes vos envies et vos cadres de vie.\r\nD\u00e9partement de l'Aveyron par l'auteur(rice): patrice THEBAULT","authors":["Patrice Th\u00e9bault"],"category_codes":["4000000","4010000","4010200"],"visuals":{"large":"https:\/\/images.epagine.fr\/106\/9783516570106_1_75.jpg","medium":"https:\/\/images.epagine.fr\/106\/9783516570106_1_m.jpg","thumbnail":"https:\/\/images.epagine.fr\/106\/9783516570106_1_v.jpg"},"orderable":true,"show_badge":true,"formatted_price":"0,00&nbsp;\u20ac","formatted_published_date":"15 mai 2025","publisher_availability_label":"Sur commande","short_details":"Patrice Th\u00e9bault \u2014 Calvendo","translator":null,"weight":460,"page_count":14,"readership":null,"editor":"Calvendo","price":0,"published_date":"2025-05-14T22:00:00.000000Z","support":"Calendrier","publisher_availability":1,"stock":0,"editions":[],"url":"https:\/\/quaidesbrumes.com\/ouvrage\/9783516570106\/couleurs-aveyron-calendrier-mural-2026-din-a3-vertical-calvendo-calendrier-mensuel-departement-de-laveyron"},{"id":"9783516570267","title":"Tr\u00e9sors des Vosges (Calendrier mural 2026 DIN A4 vertical), CALVENDO calendrier mensuel : Faune et paysages des Vosges","description":"Calendrier regroupant les plus belles photos, faune et paysages de Pascal Gadroy dans les Vosges\r\n\r\nCalendrier mural de qualit\u00e9 sup\u00e9rieure avec 12 magnifiques photos. L'environnement nous tient \u00e0 coeur. C'est pourquoi nous utilisons exclusivement du papier certifi\u00e9 FSC provenant de for\u00eats g\u00e9r\u00e9es de mani\u00e8re \u00e9coresponsable. Nous \u00e9vitons la surproduction et donc des quantit\u00e9s significatives de d\u00e9chets, en produisant dans l'UE \u00e0 l'unit\u00e9 et sur demande. Nous r\u00e9duisons nos distances de transport et assurons une logistique respectueuse de l'environnement.\r\n\r\n14 pages dont 1 couverture | 12 pages mensuelles | 1 page d'index | dos cartonn\u00e9\r\n\r\nCe calendrier \u00e0 succ\u00e8s a \u00e9t\u00e9 r\u00e9\u00e9dit\u00e9 cette ann\u00e9e avec les m\u00eames images et une grille calendaire mise \u00e0 jour.\r\n\r\nIllustrations:\r\nJanvier: Chamois sur mer de nuages \r\nF\u00e9vrier: Jeune martre \r\nMars: Chamois au lev\u00e9 du soleil \r\nAvril: Cache-cache chevreuil \r\nMai: Renarde \r\nJuin: Le citron \r\nJuillet: Lapereau \r\nAo\u00fbt: Le c\u00e2lin \r\nSeptembre: La p\u00eache du martin \r\nOctobre: Les fr\u00e8res daguets \r\nNovembre: Cerf pendant le brame \r\nD\u00e9cembre: Sommet des Vosges \r\n\r\nQUALITATIF - un calendrier annuel de qualit\u00e9 sup\u00e9rieure avec 12 magnifiques motifs, sur papier d'impression photo, avec une reliure spirale robuste et un crochet de suspension.\r\nDURABLE - r\u00e9duction significative des d\u00e9chets gr\u00e2ce \u00e0 une fabrication sur papier certifi\u00e9 FSC \u00e0 l'unit\u00e9 et sur demande, production dans l'UE, logistique \u00e9cologique.\r\nCADEAU ID\u00c9AL - destin\u00e9 \u00e0 vos contacts priv\u00e9s ou professionnels, \u00e0 la famille ou aux amis, aux jeunes adultes ou aux moins jeunes,  pour un cadeau de No\u00ebl ou d'anniversaire ou juste pour le plaisir d'offrir.\r\nDIVERSIFI\u00c9 - de nombreux formats DIN A4 ou DIN A3, pour s'adapter \u00e0 toutes vos envies et vos cadres de vie.\r\nFaune et paysages des Vosges par l'auteur(rice): Pascal Gadroy","authors":["Pascal Gadroy"],"category_codes":["4000000","4010000","4010200"],"visuals":{"large":"https:\/\/images.epagine.fr\/267\/9783516570267_1_75.jpg","medium":"https:\/\/images.epagine.fr\/267\/9783516570267_1_m.jpg","thumbnail":"https:\/\/images.epagine.fr\/267\/9783516570267_1_v.jpg"},"orderable":true,"show_badge":true,"formatted_price":"0,00&nbsp;\u20ac","formatted_published_date":"15 mai 2025","publisher_availability_label":"Sur commande","short_details":"Pascal Gadroy \u2014 Calvendo","translator":null,"weight":210,"page_count":14,"readership":null,"editor":"Calvendo","price":0,"published_date":"2025-05-14T22:00:00.000000Z","support":"Calendrier","publisher_availability":1,"stock":0,"editions":[],"url":"https:\/\/quaidesbrumes.com\/ouvrage\/9783516570267\/tresors-des-vosges-calendrier-mural-2026-din-a4-vertical-calvendo-calendrier-mensuel-faune-et-paysages-des-vosges"},{"id":"9783516559866","title":"Macareux-moines Des petits oiseaux originaux! (Calendrier mural 2026 DIN A4 vertical), CALVENDO calendrier mensuel : Visite des macareux sur l'\u00eele de Skellig Michael en Irlande.","description":"Les macareux sur l'\u00eele de Skellig Michael en Irlande ne sont pas g\u00e9n\u00e9s par les touristes qui viennent principalement \u00e0 cause des ruines du monast\u00e8re. Vous pouvez donc vous rapprocher de ces mignons petits oiseaux et les admirateurs.\r\n\r\nCalendrier mural de qualit\u00e9 sup\u00e9rieure avec 12 magnifiques photos. L'environnement nous tient \u00e0 coeur. C'est pourquoi nous utilisons exclusivement du papier certifi\u00e9 FSC provenant de for\u00eats g\u00e9r\u00e9es de mani\u00e8re \u00e9coresponsable. Nous \u00e9vitons la surproduction et donc des quantit\u00e9s significatives de d\u00e9chets, en produisant dans l'UE \u00e0 l'unit\u00e9 et sur demande. Nous r\u00e9duisons nos distances de transport et assurons une logistique respectueuse de l'environnement.\r\n\r\n14 pages dont 1 couverture | 12 pages mensuelles | 1 page d'index | dos cartonn\u00e9\r\n\r\nCe calendrier \u00e0 succ\u00e8s a \u00e9t\u00e9 r\u00e9\u00e9dit\u00e9 cette ann\u00e9e avec les m\u00eames images et une grille calendaire mise \u00e0 jour.\r\n\r\nIllustrations:\r\nJanvier: Prendre soin de son plumage \r\nF\u00e9vrier: Prot\u00e9ger son rocher \r\nMars: Se faire beau \r\nAvril: Groupe de trois macareux reposant sur un rocher \r\nMai: Macareux moine dans son nid \r\nJuin: Macareux sauteur \r\nJuillet: Sur son post d'd'ervation \r\nAo\u00fbt: Dans la cachette de la grotte \r\nSeptembre: Groupe de macareux sur un rocher \r\nOctobre: Trio dans le pr\u00e9 \r\nNovembre: \u00catre pensif \r\nD\u00e9cembre: Soigner ses plumes \u00e0 la perfection \r\n\r\nQUALITATIF - un calendrier annuel de qualit\u00e9 sup\u00e9rieure avec 12 magnifiques motifs, sur papier d'impression photo, avec une reliure spirale robuste et un crochet de suspension.\r\nDURABLE - r\u00e9duction significative des d\u00e9chets gr\u00e2ce \u00e0 une fabrication sur papier certifi\u00e9 FSC \u00e0 l'unit\u00e9 et sur demande, production dans l'UE, logistique \u00e9cologique.\r\nCADEAU ID\u00c9AL - destin\u00e9 \u00e0 vos contacts priv\u00e9s ou professionnels, \u00e0 la famille ou aux amis, aux jeunes adultes ou aux moins jeunes,  pour un cadeau de No\u00ebl ou d'anniversaire ou juste pour le plaisir d'offrir.\r\nDIVERSIFI\u00c9 - de nombreux formats DIN A4 ou DIN A3, pour s'adapter \u00e0 toutes vos envies et vos cadres de vie.\r\nVisite des macareux sur l'\u00eele de Skellig Michael en Irlande. par l'auteur(rice): Babett's Bildergalerie","authors":["Babett Paul - Babett''S Bildergalerie"],"category_codes":["4000000","4010000","4010200"],"visuals":{"large":"https:\/\/images.epagine.fr\/866\/9783516559866_1_75.jpg","medium":"https:\/\/images.epagine.fr\/866\/9783516559866_1_m.jpg","thumbnail":"https:\/\/images.epagine.fr\/866\/9783516559866_1_v.jpg"},"orderable":true,"show_badge":true,"formatted_price":"0,00&nbsp;\u20ac","formatted_published_date":"15 mai 2025","publisher_availability_label":"Sur commande","short_details":"Babett Paul - Babett''S Bildergalerie \u2014 CALVENDO","translator":null,"weight":210,"page_count":14,"readership":null,"editor":"CALVENDO","price":0,"published_date":"2025-05-14T22:00:00.000000Z","support":"Calendrier","publisher_availability":1,"stock":0,"editions":[],"url":"https:\/\/quaidesbrumes.com\/ouvrage\/9783516559866\/macareux-moines-des-petits-oiseaux-originaux-calendrier-mural-2026-din-a4-vertical-calvendo-calendrier-mensuel-visite-des-macareux-sur-lile-de-skellig-michael-en-irlande"},{"id":"9783516559989","title":"Les Calanques - Criques et fiords de Provence (Calendrier mural 2026 DIN A4 vertical), CALVENDO calendrier mensuel : De belles images des calanques, ces \u00e9troites criques qui s'enfoncent comme des fiords dans les c\u00f4tes proven\u00e7ales, entre Marseille et","description":"Le photographe prim\u00e9, Chris Hellier, a s\u00e9lectionn\u00e9 douze paysages des magnifiques calanques, ces criques qui ressemblent \u00e0 des fiords, au Sud de la France. Certaines de ces calanques les plus impressionnantes, situ\u00e9es entre Marseille et Cassis, sont prot\u00e9g\u00e9es car elles appartiennent \u00e0 un des plus r\u00e9cents parcs nationaux de France.\r\n\r\nCalendrier mural de qualit\u00e9 sup\u00e9rieure avec 12 magnifiques photos. L'environnement nous tient \u00e0 coeur. C'est pourquoi nous utilisons exclusivement du papier certifi\u00e9 FSC provenant de for\u00eats g\u00e9r\u00e9es de mani\u00e8re \u00e9coresponsable. Nous \u00e9vitons la surproduction et donc des quantit\u00e9s significatives de d\u00e9chets, en produisant dans l'UE \u00e0 l'unit\u00e9 et sur demande. Nous r\u00e9duisons nos distances de transport et assurons une logistique respectueuse de l'environnement.\r\n\r\n14 pages dont 1 couverture | 12 pages mensuelles | 1 page d'index | dos cartonn\u00e9\r\n\r\nCe calendrier \u00e0 succ\u00e8s a \u00e9t\u00e9 r\u00e9\u00e9dit\u00e9 cette ann\u00e9e avec les m\u00eames images et une grille calendaire mise \u00e0 jour.\r\n\r\nIllustrations:\r\nJanvier: Calanque de Niolon\r\nF\u00e9vrier: Calanque de Sormiou\r\nMars: Les calanqes vu de la route des cr\u00eates\r\nAvril: Calanque d'En Vau\r\nMai: Sormiou et port de p\u00eache\r\nJuin: Calanque d'En Vau\r\nJuillet: Ensu\u00e8s-La-Redonne et port de p\u00eache\r\nAo\u00fbt: Calanque de Sormiou\r\nSeptembre: Pin surplombant la calanque d'En Vau\r\nOctobre: Calanque de Fiquerolles\r\nNovembre: Calanque d'En Vau\r\nD\u00e9cembre: Entr\u00e9e de la calanque d'En Vau et embarcation\r\n\r\nQUALITATIF - un calendrier annuel de qualit\u00e9 sup\u00e9rieure avec 12 magnifiques motifs, sur papier d'impression photo, avec une reliure spirale robuste et un crochet de suspension.\r\nDURABLE - r\u00e9duction significative des d\u00e9chets gr\u00e2ce \u00e0 une fabrication sur papier certifi\u00e9 FSC \u00e0 l'unit\u00e9 et sur demande, production dans l'UE, logistique \u00e9cologique.\r\nCADEAU ID\u00c9AL - destin\u00e9 \u00e0 vos contacts priv\u00e9s ou professionnels, \u00e0 la famille ou aux amis, aux jeunes adultes ou aux moins jeunes,  pour un cadeau de No\u00ebl ou d'anniversaire ou juste pour le plaisir d'offrir.\r\nDIVERSIFI\u00c9 - de nombreux formats DIN A4 ou DIN A3, pour s'adapter \u00e0 toutes vos envies et vos cadres de vie.\r\nDe belles images des calanques, ces \u00e9troites criques qui s'enfoncent comme des fiords dans les c\u00f4tes proven\u00e7ales, entre Marseille et la Ciotat, au Sud de la France par l'auteur(rice): Chris Hellier","authors":["Chris Hellier \u00a9 Tous Droits R\u00e9serv\u00e9s"],"category_codes":["4000000","4010000","4010200"],"visuals":{"large":"https:\/\/images.epagine.fr\/989\/9783516559989_1_75.jpg","medium":"https:\/\/images.epagine.fr\/989\/9783516559989_1_m.jpg","thumbnail":"https:\/\/images.epagine.fr\/989\/9783516559989_1_v.jpg"},"orderable":true,"show_badge":true,"formatted_price":"0,00&nbsp;\u20ac","formatted_published_date":"15 mai 2025","publisher_availability_label":"Sur commande","short_details":"Chris Hellier \u00a9 Tous Droits R\u00e9serv\u00e9s \u2014 CALVENDO","translator":null,"weight":210,"page_count":14,"readership":null,"editor":"CALVENDO","price":0,"published_date":"2025-05-14T22:00:00.000000Z","support":"Calendrier","publisher_availability":1,"stock":0,"editions":[],"url":"https:\/\/quaidesbrumes.com\/ouvrage\/9783516559989\/les-calanques-criques-et-fiords-de-provence-calendrier-mural-2026-din-a4-vertical-calvendo-calendrier-mensuel-de-belles-images-des-calanques-ces-etroites-criques-qui-senfoncent-comme-des-fiords-dans-les-cotes-provencales-entre-marseille-et"},{"id":"9783516570519","title":"Couleurs Aveyron (Calendrier mural 2026 DIN A4 vertical), CALVENDO calendrier mensuel : D\u00e9partement de l'Aveyron","description":"Visite du d\u00e9partement de l'Aveyron \u00e0 travers ses sites majeures. Entre pierre et nature, cette r\u00e9gion nous invite \u00e0 l'\u00e9merveillement.\r\n\r\nCalendrier mural de qualit\u00e9 sup\u00e9rieure avec 12 magnifiques photos. L'environnement nous tient \u00e0 coeur. C'est pourquoi nous utilisons exclusivement du papier certifi\u00e9 FSC provenant de for\u00eats g\u00e9r\u00e9es de mani\u00e8re \u00e9coresponsable. Nous \u00e9vitons la surproduction et donc des quantit\u00e9s significatives de d\u00e9chets, en produisant dans l'UE \u00e0 l'unit\u00e9 et sur demande. Nous r\u00e9duisons nos distances de transport et assurons une logistique respectueuse de l'environnement.\r\n\r\n14 pages dont 1 couverture | 12 pages mensuelles | 1 page d'index | dos cartonn\u00e9\r\n\r\nCe calendrier \u00e0 succ\u00e8s a \u00e9t\u00e9 r\u00e9\u00e9dit\u00e9 cette ann\u00e9e avec les m\u00eames images et une grille calendaire mise \u00e0 jour.\r\n\r\nIllustrations:\r\nJanvier: Cath\u00e9drale Notre-Dame, Rodez \r\nF\u00e9vrier: Larzac \r\nMars: Abbatiale Sainte-Foy, Conques \r\nAvril: Vall\u00e9e du Lot \r\nMai: Mus\u00e9e Fenaille, Rodez \r\nJuin: Vignes du Vallon de Marcillac \r\nJuillet: Espallion \r\nAo\u00fbt: Brebis du Larzac \r\nSeptembre: Village de Conques \r\nOctobre: Ch\u00e2teau de Najac \r\nNovembre: Plateau de l'Aubrac \r\nD\u00e9cembre: Mus\u00e9e Soulages et cath\u00e9drale, Rodez \r\n\r\nQUALITATIF - un calendrier annuel de qualit\u00e9 sup\u00e9rieure avec 12 magnifiques motifs, sur papier d'impression photo, avec une reliure spirale robuste et un crochet de suspension.\r\nDURABLE - r\u00e9duction significative des d\u00e9chets gr\u00e2ce \u00e0 une fabrication sur papier certifi\u00e9 FSC \u00e0 l'unit\u00e9 et sur demande, production dans l'UE, logistique \u00e9cologique.\r\nCADEAU ID\u00c9AL - destin\u00e9 \u00e0 vos contacts priv\u00e9s ou professionnels, \u00e0 la famille ou aux amis, aux jeunes adultes ou aux moins jeunes,  pour un cadeau de No\u00ebl ou d'anniversaire ou juste pour le plaisir d'offrir.\r\nDIVERSIFI\u00c9 - de nombreux formats DIN A4 ou DIN A3, pour s'adapter \u00e0 toutes vos envies et vos cadres de vie.\r\nD\u00e9partement de l'Aveyron par l'auteur(rice): patrice THEBAULT","authors":["Patrice Th\u00e9bault"],"category_codes":["4000000","4010000","4010200"],"visuals":{"large":"https:\/\/images.epagine.fr\/519\/9783516570519_1_75.jpg","medium":"https:\/\/images.epagine.fr\/519\/9783516570519_1_m.jpg","thumbnail":"https:\/\/images.epagine.fr\/519\/9783516570519_1_v.jpg"},"orderable":true,"show_badge":true,"formatted_price":"0,00&nbsp;\u20ac","formatted_published_date":"15 mai 2025","publisher_availability_label":"Sur commande","short_details":"Patrice Th\u00e9bault \u2014 Calvendo","translator":null,"weight":210,"page_count":14,"readership":null,"editor":"Calvendo","price":0,"published_date":"2025-05-14T22:00:00.000000Z","support":"Calendrier","publisher_availability":1,"stock":0,"editions":[],"url":"https:\/\/quaidesbrumes.com\/ouvrage\/9783516570519\/couleurs-aveyron-calendrier-mural-2026-din-a4-vertical-calvendo-calendrier-mensuel-departement-de-laveyron"},{"id":"9783516560077","title":"Aurora Borealis en Scandinavie (Calendrier mural 2026 DIN A3 horizontal), CALVENDO calendrier mensuel : Aurores de Scandinavie","description":"Les aurores bor\u00e9ales ont de tout temps fascin\u00e9 l'homme. Ce calendrier comprend 13 photographies d'aurores bor\u00e9ales de Su\u00e8de. Chaque photo a \u00e9t\u00e9 m\u00e9ticuleusement planifi\u00e9e et le photographe est reste sous des temp\u00e9ratures comprises entre 15 et -30 degr\u00e9s Celsius.\r\n\r\nCalendrier mural de qualit\u00e9 sup\u00e9rieure avec 12 magnifiques photos. L'environnement nous tient \u00e0 coeur. C'est pourquoi nous utilisons exclusivement du papier certifi\u00e9 FSC provenant de for\u00eats g\u00e9r\u00e9es de mani\u00e8re \u00e9coresponsable. Nous \u00e9vitons la surproduction et donc des quantit\u00e9s significatives de d\u00e9chets, en produisant dans l'UE \u00e0 l'unit\u00e9 et sur demande. Nous r\u00e9duisons nos distances de transport et assurons une logistique respectueuse de l'environnement.\r\n\r\n14 pages dont 1 couverture | 12 pages mensuelles | 1 page d'index | dos cartonn\u00e9\r\n\r\nCe calendrier \u00e0 succ\u00e8s a \u00e9t\u00e9 r\u00e9\u00e9dit\u00e9 cette ann\u00e9e avec les m\u00eames images et une grille calendaire mise \u00e0 jour.\r\n\r\nIllustrations:\r\nJanvier: Sur la route des aurores \r\nF\u00e9vrier: Reflections vertes \r\nMars: Steve et aurore \r\nAvril: Dancing in the moonlight \r\nMai: Le pont \r\nJuin: Vague de vert \r\nJuillet: La tornade \r\nAo\u00fbt: Coucher de soleil \r\nSeptembre: Contemplation \r\nOctobre: Frozen \r\nNovembre: Sur la glace \r\nD\u00e9cembre: En foret \r\n\r\nQUALITATIF - un calendrier annuel de qualit\u00e9 sup\u00e9rieure avec 12 magnifiques motifs, sur papier d'impression photo, avec une reliure spirale robuste et un crochet de suspension.\r\nDURABLE - r\u00e9duction significative des d\u00e9chets gr\u00e2ce \u00e0 une fabrication sur papier certifi\u00e9 FSC \u00e0 l'unit\u00e9 et sur demande, production dans l'UE, logistique \u00e9cologique.\r\nCADEAU ID\u00c9AL - destin\u00e9 \u00e0 vos contacts priv\u00e9s ou professionnels, \u00e0 la famille ou aux amis, aux jeunes adultes ou aux moins jeunes,  pour un cadeau de No\u00ebl ou d'anniversaire ou juste pour le plaisir d'offrir.\r\nDIVERSIFI\u00c9 - de nombreux formats DIN A4 ou DIN A3, pour s'adapter \u00e0 toutes vos envies et vos cadres de vie.\r\nAurores de Scandinavie par l'auteur(rice): Pierre Oesterle","authors":["Pierre Oesterle"],"category_codes":["4000000","4010000","4010200"],"visuals":{"large":"https:\/\/images.epagine.fr\/077\/9783516560077_1_75.jpg","medium":"https:\/\/images.epagine.fr\/077\/9783516560077_1_m.jpg","thumbnail":"https:\/\/images.epagine.fr\/077\/9783516560077_1_v.jpg"},"orderable":true,"show_badge":true,"formatted_price":"0,00&nbsp;\u20ac","formatted_published_date":"15 mai 2025","publisher_availability_label":"Sur commande","short_details":"Pierre Oesterle \u2014 CALVENDO","translator":null,"weight":450,"page_count":14,"readership":null,"editor":"CALVENDO","price":0,"published_date":"2025-05-14T22:00:00.000000Z","support":"Calendrier","publisher_availability":1,"stock":0,"editions":[],"url":"https:\/\/quaidesbrumes.com\/ouvrage\/9783516560077\/aurora-borealis-en-scandinavie-calendrier-mural-2026-din-a3-horizontal-calvendo-calendrier-mensuel-aurores-de-scandinavie"},{"id":"9783516560084","title":"Un an avec le renard roux (Calendrier mural 2026 DIN A3 vertical), CALVENDO calendrier mensuel : Animal sauvage beau et intelligent","description":"Le photographe de nature Michael Breuer a accompagn\u00e9 le renard roux pendant un an dans son habitat naturel. Ici, de tr\u00e8s belles et rares photographies de l'animal intelligent ont \u00e9merg\u00e9.\r\n\r\nCalendrier mural de qualit\u00e9 sup\u00e9rieure avec 12 magnifiques photos. L'environnement nous tient \u00e0 coeur. C'est pourquoi nous utilisons exclusivement du papier certifi\u00e9 FSC provenant de for\u00eats g\u00e9r\u00e9es de mani\u00e8re \u00e9coresponsable. Nous \u00e9vitons la surproduction et donc des quantit\u00e9s significatives de d\u00e9chets, en produisant dans l'UE \u00e0 l'unit\u00e9 et sur demande. Nous r\u00e9duisons nos distances de transport et assurons une logistique respectueuse de l'environnement.\r\n\r\n14 pages dont 1 couverture | 12 pages mensuelles | 1 page d'index | dos cartonn\u00e9\r\n\r\nCe calendrier \u00e0 succ\u00e8s a \u00e9t\u00e9 r\u00e9\u00e9dit\u00e9 cette ann\u00e9e avec les m\u00eames images et une grille calendaire mise \u00e0 jour.\r\n\r\nIllustrations:\r\nJanvier: Un renard roux dans la neige \r\nF\u00e9vrier: Un renard roux court sur une route foresti\u00e8re \r\nMars: Un renard roux b\u00e2illant \r\nAvril: Deux jeunes renards dans un pr\u00e9 \r\nMai: Renard roux dans les buissons \r\nJuin: Jeune renard roux sur un tronc d'arbre \r\nJuillet: Un renard roux chasse des souris sur un pr\u00e9 fauch\u00e9 \r\nAo\u00fbt: Un renard roux examine une balle de paille \r\nSeptembre: Un renard roux dans un pr\u00e9 \r\nOctobre: Un renard roux au bord d'un chemin \r\nNovembre: Un renard roux en fourrure d'hiver \r\nD\u00e9cembre: Un renard roux en hiver \r\n\r\nQUALITATIF - un calendrier annuel de qualit\u00e9 sup\u00e9rieure avec 12 magnifiques motifs, sur papier d'impression photo, avec une reliure spirale robuste et un crochet de suspension.\r\nDURABLE - r\u00e9duction significative des d\u00e9chets gr\u00e2ce \u00e0 une fabrication sur papier certifi\u00e9 FSC \u00e0 l'unit\u00e9 et sur demande, production dans l'UE, logistique \u00e9cologique.\r\nCADEAU ID\u00c9AL - destin\u00e9 \u00e0 vos contacts priv\u00e9s ou professionnels, \u00e0 la famille ou aux amis, aux jeunes adultes ou aux moins jeunes,  pour un cadeau de No\u00ebl ou d'anniversaire ou juste pour le plaisir d'offrir.\r\nDIVERSIFI\u00c9 - de nombreux formats DIN A4 ou DIN A3, pour s'adapter \u00e0 toutes vos envies et vos cadres de vie.\r\nAnimal sauvage beau et intelligent par l'auteur(rice): Christina Krutz","authors":["Micha\u00ebl Breuer"],"category_codes":["4000000","4010000","4010200"],"visuals":{"large":"https:\/\/images.epagine.fr\/084\/9783516560084_1_75.jpg","medium":"https:\/\/images.epagine.fr\/084\/9783516560084_1_m.jpg","thumbnail":"https:\/\/images.epagine.fr\/084\/9783516560084_1_v.jpg"},"orderable":true,"show_badge":true,"formatted_price":"0,00&nbsp;\u20ac","formatted_published_date":"15 mai 2025","publisher_availability_label":"Sur commande","short_details":"Micha\u00ebl Breuer \u2014 CALVENDO","translator":null,"weight":460,"page_count":14,"readership":null,"editor":"CALVENDO","price":0,"published_date":"2025-05-14T22:00:00.000000Z","support":"Calendrier","publisher_availability":1,"stock":0,"editions":[],"url":"https:\/\/quaidesbrumes.com\/ouvrage\/9783516560084\/un-an-avec-le-renard-roux-calendrier-mural-2026-din-a3-vertical-calvendo-calendrier-mensuel-animal-sauvage-beau-et-intelligent"},{"id":"9783516560114","title":"La Corse de plage en plage (Calendrier mural 2026 DIN A4 vertical), CALVENDO calendrier mensuel : De plage en plage, toute la beaut\u00e9 de la Corse","description":"Toujours amoureux de notre \u00eele de beaut\u00e9, je vous livre ici un deuxi\u00e8me volume de ses plus belles plages. Vous avez aim\u00e9 le premier calendrier, vous allez adorer celui-ci. J'esp\u00e8re surtout qu'il vous donnera envie de d\u00e9couvrir ces coins de paradis.\r\n\r\nCalendrier mural de qualit\u00e9 sup\u00e9rieure avec 12 magnifiques photos. L'environnement nous tient \u00e0 coeur. C'est pourquoi nous utilisons exclusivement du papier certifi\u00e9 FSC provenant de for\u00eats g\u00e9r\u00e9es de mani\u00e8re \u00e9coresponsable. Nous \u00e9vitons la surproduction et donc des quantit\u00e9s significatives de d\u00e9chets, en produisant dans l'UE \u00e0 l'unit\u00e9 et sur demande. Nous r\u00e9duisons nos distances de transport et assurons une logistique respectueuse de l'environnement.\r\n\r\n14 pages dont 1 couverture | 12 pages mensuelles | 1 page d'index | dos cartonn\u00e9\r\n\r\nCe calendrier \u00e0 succ\u00e8s a \u00e9t\u00e9 r\u00e9\u00e9dit\u00e9 cette ann\u00e9e avec les m\u00eames images et une grille calendaire mise \u00e0 jour.\r\n\r\nIllustrations:\r\nJanvier: San Giovanni \r\nF\u00e9vrier: Arone \r\nMars: Stagnolu \r\nAvril: Figari \r\nMai: Pianottoli-Caldarello \r\nJuin: Tizzano \r\nJuillet: Sant' Ambrogio \r\nAo\u00fbt: Roccapina \r\nSeptembre: Kevano \r\nOctobre: Chevanu \r\nNovembre: Lozari \r\nD\u00e9cembre: Saint-Jean \r\n\r\nQUALITATIF - un calendrier annuel de qualit\u00e9 sup\u00e9rieure avec 12 magnifiques motifs, sur papier d'impression photo, avec une reliure spirale robuste et un crochet de suspension.\r\nDURABLE - r\u00e9duction significative des d\u00e9chets gr\u00e2ce \u00e0 une fabrication sur papier certifi\u00e9 FSC \u00e0 l'unit\u00e9 et sur demande, production dans l'UE, logistique \u00e9cologique.\r\nCADEAU ID\u00c9AL - destin\u00e9 \u00e0 vos contacts priv\u00e9s ou professionnels, \u00e0 la famille ou aux amis, aux jeunes adultes ou aux moins jeunes,  pour un cadeau de No\u00ebl ou d'anniversaire ou juste pour le plaisir d'offrir.\r\nDIVERSIFI\u00c9 - de nombreux formats DIN A4 ou DIN A3, pour s'adapter \u00e0 toutes vos envies et vos cadres de vie.\r\nDe plage en plage, toute la beaut\u00e9 de la Corse par l'auteur(rice): Philippe Lardy","authors":["Philippe Lardy"],"category_codes":["4000000","4010000","4010200"],"visuals":{"large":"https:\/\/images.epagine.fr\/114\/9783516560114_1_75.jpg","medium":"https:\/\/images.epagine.fr\/114\/9783516560114_1_m.jpg","thumbnail":"https:\/\/images.epagine.fr\/114\/9783516560114_1_v.jpg"},"orderable":true,"show_badge":true,"formatted_price":"0,00&nbsp;\u20ac","formatted_published_date":"15 mai 2025","publisher_availability_label":"Sur commande","short_details":"Philippe Lardy \u2014 CALVENDO","translator":null,"weight":210,"page_count":14,"readership":null,"editor":"CALVENDO","price":0,"published_date":"2025-05-14T22:00:00.000000Z","support":"Calendrier","publisher_availability":1,"stock":0,"editions":[],"url":"https:\/\/quaidesbrumes.com\/ouvrage\/9783516560114\/la-corse-de-plage-en-plage-calendrier-mural-2026-din-a4-vertical-calvendo-calendrier-mensuel-de-plage-en-plage-toute-la-beaute-de-la-corse"},{"id":"9783516560671","title":"Aurora Borealis en Scandinavie (Calendrier mural 2026 DIN A4 horizontal), CALVENDO calendrier mensuel : Aurores de Scandinavie","description":"Les aurores bor\u00e9ales ont de tout temps fascin\u00e9 l'homme. Ce calendrier comprend 13 photographies d'aurores bor\u00e9ales de Su\u00e8de. Chaque photo a \u00e9t\u00e9 m\u00e9ticuleusement planifi\u00e9e et le photographe est reste sous des temp\u00e9ratures comprises entre 15 et -30 degr\u00e9s Celsius.\r\n\r\nCalendrier mural de qualit\u00e9 sup\u00e9rieure avec 12 magnifiques photos. L'environnement nous tient \u00e0 coeur. C'est pourquoi nous utilisons exclusivement du papier certifi\u00e9 FSC provenant de for\u00eats g\u00e9r\u00e9es de mani\u00e8re \u00e9coresponsable. Nous \u00e9vitons la surproduction et donc des quantit\u00e9s significatives de d\u00e9chets, en produisant dans l'UE \u00e0 l'unit\u00e9 et sur demande. Nous r\u00e9duisons nos distances de transport et assurons une logistique respectueuse de l'environnement.\r\n\r\n14 pages dont 1 couverture | 12 pages mensuelles | 1 page d'index | dos cartonn\u00e9\r\n\r\nCe calendrier \u00e0 succ\u00e8s a \u00e9t\u00e9 r\u00e9\u00e9dit\u00e9 cette ann\u00e9e avec les m\u00eames images et une grille calendaire mise \u00e0 jour.\r\n\r\nIllustrations:\r\nJanvier: Sur la route des aurores \r\nF\u00e9vrier: Reflections vertes \r\nMars: Steve et aurore \r\nAvril: Dancing in the moonlight \r\nMai: Le pont \r\nJuin: Vague de vert \r\nJuillet: La tornade \r\nAo\u00fbt: Coucher de soleil \r\nSeptembre: Contemplation \r\nOctobre: Frozen \r\nNovembre: Sur la glace \r\nD\u00e9cembre: En foret \r\n\r\nQUALITATIF - un calendrier annuel de qualit\u00e9 sup\u00e9rieure avec 12 magnifiques motifs, sur papier d'impression photo, avec une reliure spirale robuste et un crochet de suspension.\r\nDURABLE - r\u00e9duction significative des d\u00e9chets gr\u00e2ce \u00e0 une fabrication sur papier certifi\u00e9 FSC \u00e0 l'unit\u00e9 et sur demande, production dans l'UE, logistique \u00e9cologique.\r\nCADEAU ID\u00c9AL - destin\u00e9 \u00e0 vos contacts priv\u00e9s ou professionnels, \u00e0 la famille ou aux amis, aux jeunes adultes ou aux moins jeunes,  pour un cadeau de No\u00ebl ou d'anniversaire ou juste pour le plaisir d'offrir.\r\nDIVERSIFI\u00c9 - de nombreux formats DIN A4 ou DIN A3, pour s'adapter \u00e0 toutes vos envies et vos cadres de vie.\r\nAurores de Scandinavie par l'auteur(rice): Pierre Oesterle","authors":["Pierre Oesterle"],"category_codes":["4000000","4010000","4010200"],"visuals":{"large":"https:\/\/images.epagine.fr\/671\/9783516560671_1_75.jpg","medium":"https:\/\/images.epagine.fr\/671\/9783516560671_1_m.jpg","thumbnail":"https:\/\/images.epagine.fr\/671\/9783516560671_1_v.jpg"},"orderable":true,"show_badge":true,"formatted_price":"0,00&nbsp;\u20ac","formatted_published_date":"15 mai 2025","publisher_availability_label":"Sur commande","short_details":"Pierre Oesterle \u2014 CALVENDO","translator":null,"weight":210,"page_count":14,"readership":null,"editor":"CALVENDO","price":0,"published_date":"2025-05-14T22:00:00.000000Z","support":"Calendrier","publisher_availability":1,"stock":0,"editions":[],"url":"https:\/\/quaidesbrumes.com\/ouvrage\/9783516560671\/aurora-borealis-en-scandinavie-calendrier-mural-2026-din-a4-horizontal-calvendo-calendrier-mensuel-aurores-de-scandinavie"},{"id":"9783516560688","title":"Un an avec le renard roux (Calendrier mural 2026 DIN A4 vertical), CALVENDO calendrier mensuel : Animal sauvage beau et intelligent","description":"Le photographe de nature Michael Breuer a accompagn\u00e9 le renard roux pendant un an dans son habitat naturel. Ici, de tr\u00e8s belles et rares photographies de l'animal intelligent ont \u00e9merg\u00e9.\r\n\r\nCalendrier mural de qualit\u00e9 sup\u00e9rieure avec 12 magnifiques photos. L'environnement nous tient \u00e0 coeur. C'est pourquoi nous utilisons exclusivement du papier certifi\u00e9 FSC provenant de for\u00eats g\u00e9r\u00e9es de mani\u00e8re \u00e9coresponsable. Nous \u00e9vitons la surproduction et donc des quantit\u00e9s significatives de d\u00e9chets, en produisant dans l'UE \u00e0 l'unit\u00e9 et sur demande. Nous r\u00e9duisons nos distances de transport et assurons une logistique respectueuse de l'environnement.\r\n\r\n14 pages dont 1 couverture | 12 pages mensuelles | 1 page d'index | dos cartonn\u00e9\r\n\r\nCe calendrier \u00e0 succ\u00e8s a \u00e9t\u00e9 r\u00e9\u00e9dit\u00e9 cette ann\u00e9e avec les m\u00eames images et une grille calendaire mise \u00e0 jour.\r\n\r\nIllustrations:\r\nJanvier: Un renard roux dans la neige \r\nF\u00e9vrier: Un renard roux court sur une route foresti\u00e8re \r\nMars: Un renard roux b\u00e2illant \r\nAvril: Deux jeunes renards dans un pr\u00e9 \r\nMai: Renard roux dans les buissons \r\nJuin: Jeune renard roux sur un tronc d'arbre \r\nJuillet: Un renard roux chasse des souris sur un pr\u00e9 fauch\u00e9 \r\nAo\u00fbt: Un renard roux examine une balle de paille \r\nSeptembre: Un renard roux dans un pr\u00e9 \r\nOctobre: Un renard roux au bord d'un chemin \r\nNovembre: Un renard roux en fourrure d'hiver \r\nD\u00e9cembre: Un renard roux en hiver \r\n\r\nQUALITATIF - un calendrier annuel de qualit\u00e9 sup\u00e9rieure avec 12 magnifiques motifs, sur papier d'impression photo, avec une reliure spirale robuste et un crochet de suspension.\r\nDURABLE - r\u00e9duction significative des d\u00e9chets gr\u00e2ce \u00e0 une fabrication sur papier certifi\u00e9 FSC \u00e0 l'unit\u00e9 et sur demande, production dans l'UE, logistique \u00e9cologique.\r\nCADEAU ID\u00c9AL - destin\u00e9 \u00e0 vos contacts priv\u00e9s ou professionnels, \u00e0 la famille ou aux amis, aux jeunes adultes ou aux moins jeunes,  pour un cadeau de No\u00ebl ou d'anniversaire ou juste pour le plaisir d'offrir.\r\nDIVERSIFI\u00c9 - de nombreux formats DIN A4 ou DIN A3, pour s'adapter \u00e0 toutes vos envies et vos cadres de vie.\r\nAnimal sauvage beau et intelligent par l'auteur(rice): Christina Krutz","authors":["Micha\u00ebl Breuer"],"category_codes":["4000000","4010000","4010200"],"visuals":{"large":"https:\/\/images.epagine.fr\/688\/9783516560688_1_75.jpg","medium":"https:\/\/images.epagine.fr\/688\/9783516560688_1_m.jpg","thumbnail":"https:\/\/images.epagine.fr\/688\/9783516560688_1_v.jpg"},"orderable":true,"show_badge":true,"formatted_price":"0,00&nbsp;\u20ac","formatted_published_date":"15 mai 2025","publisher_availability_label":"Sur commande","short_details":"Micha\u00ebl Breuer \u2014 CALVENDO","translator":null,"weight":210,"page_count":14,"readership":null,"editor":"CALVENDO","price":0,"published_date":"2025-05-14T22:00:00.000000Z","support":"Calendrier","publisher_availability":1,"stock":0,"editions":[],"url":"https:\/\/quaidesbrumes.com\/ouvrage\/9783516560688\/un-an-avec-le-renard-roux-calendrier-mural-2026-din-a4-vertical-calvendo-calendrier-mensuel-animal-sauvage-beau-et-intelligent"},{"id":"9783516561203","title":"Au fil du temps... Du Jura aux Alpes  (Calendrier mural 2026 DIN A2 vertical) calendrier de bureau : Des points de vues magnifiques des montagnes du Jura et des Alpes , d\u00e9voilant la beaut\u00e9 au quotidien.","description":"Autour du Bassin L\u00e9manique, une vision superbe qui, au quotidien permet d'admirer ces deux grandes chaines montagneuses. O\u00f9 que l'on se trouve , on est \u00e9merveill\u00e9 et notre vue peut s'\u00e9tendre tr\u00e8s loin sur les massifs, autant sur la France que sur la Suisse. La lumi\u00e8re changeante, la brume, le mouvement des nuages, les couleurs, autant de diversit\u00e9 agr\u00e9able, que je partage aujourd'hui.\r\n\r\nImpression d'art premium en haute brillance de qualit\u00e9 mus\u00e9e. Pour que les feuilles de papier soient bien accroch\u00e9es au mur, ce calendrier haut de gamme est dot\u00e9 de pochettes innovantes. Elles prot\u00e8gent les grandes feuilles des effets de l'humidit\u00e9 de l'air. Le papier est un mat\u00e9riau naturel. Les fibres r\u00e9agissent aux variations du climat ambiant. Il est donc conseill\u00e9 de ne pas retirer les pochettes d'insertion.\r\n\r\nNotre environnement nous tient \u00e0 coeur, c'est pourquoi nous misons sur une fabrication individuelle en Allemagne (Made in Germany) avec des mat\u00e9riaux de qualit\u00e9 sup\u00e9rieure.\r\n\r\n14 pages dont 1 couverture | 12 pages mensuelles | 1 page d'index I dos cartonn\u00e9.\r\n\r\n\r\nCe calendrier \u00e0 succ\u00e8s a \u00e9t\u00e9 r\u00e9\u00e9dit\u00e9 cette ann\u00e9e avec les m\u00eames images et une grille calendaire mise \u00e0 jour.\r\n\r\nIllustrations:\r\nJanvier: Jura Suisse - Vue sur les Alpes \r\nF\u00e9vrier: Ain, Pays de Gex - Vue sur les Alpes \r\nMars: Ain, Crozet - Vue sur les Alpes et Bassin L\u00e9manique \r\nAvril: Suisse, Bourdigny - Vue sur le Jura \r\nMai: Jura, Lac des Rousses \r\nJuin: Suisse, Bourdigny - Vue sur le Jura \r\nJuillet: Ain, Crozet - Vue sur les Alpes \r\nAo\u00fbt: Ain,Pays de Gex - Vue sur la chaine du Jura \r\nSeptembre: Jura Suisse - Vue sur les Alpes \r\nOctobre: Haute Savoie - Vue sur la chaine du Jura \r\nNovembre: Ain, Pays de Gex - Vue sur le Mont Blanc \r\nD\u00e9cembre: Ain, Pays de Gex - Vue sur le Mont Blanc \r\n\r\nLIGNE PREMIUM - Calendrier photo brillant avec 12 magnifiques motifs, impression d'art en haute brillance de qualit\u00e9 mus\u00e9e\r\nQUALIT\u00c9 - mat\u00e9riaux nobles, dos solide avec 2 pochettes innovantes pour une pr\u00e9sentation optimale au mur\r\nDURABLE - nette r\u00e9duction des d\u00e9chets gr\u00e2ce \u00e0 une fabrication \u00e0 l'unit\u00e9 adapt\u00e9e aux besoins, papier certifi\u00e9 FSC respectueux de l'environnement, production en Allemagne, logistique respectueuse du climat.\r\nCADEAU PARFAIT - calendrier pour les amis et la famille, pour les enfants et les adultes, les jeunes et les moins jeunes, pour No\u00ebl, les anniversaires ou entre deux.\r\nDes points de vues magnifiques des montagnes du Jura et des Alpes , d\u00e9voilant la beaut\u00e9 au quotidien. par l'auteur(rice): Pascal BERNADAT","authors":["Pascal Bernadat"],"category_codes":["4000000","4010000","4010200"],"visuals":{"large":"https:\/\/images.epagine.fr\/203\/9783516561203_1_75.jpg","medium":"https:\/\/images.epagine.fr\/203\/9783516561203_1_m.jpg","thumbnail":"https:\/\/images.epagine.fr\/203\/9783516561203_1_v.jpg"},"orderable":true,"show_badge":true,"formatted_price":"0,00&nbsp;\u20ac","formatted_published_date":"15 mai 2025","publisher_availability_label":"Sur commande","short_details":"Pascal Bernadat \u2014 CALVENDO","translator":null,"weight":1280,"page_count":14,"readership":null,"editor":"CALVENDO","price":0,"published_date":"2025-05-14T22:00:00.000000Z","support":"Calendrier","publisher_availability":1,"stock":0,"editions":[],"url":"https:\/\/quaidesbrumes.com\/ouvrage\/9783516561203\/au-fil-du-temps-du-jura-aux-alpes-calendrier-mural-2026-din-a2-vertical-calendrier-de-bureau-des-points-de-vues-magnifiques-des-montagnes-du-jura-et-des-alpes-devoilant-la-beaute-au-quotidien"}]}