{"data":[{"id":"9783516557848","title":"Savoie et Vanoise Sur les sentiers de randonn\u00e9e (Calendrier mural 2026 DIN A4 vertical), CALVENDO calendrier mensuel : Randonn\u00e9e nature \u00e0 travers la Savoie","description":"Les Alpes rec\u00e8lent de fabuleux paysages. Chacun de nous peut parcourir ses sentiers de randonn\u00e9e et d\u00e9couvrir de superbes points de vue. Entre Terre et Ciel, sa lumi\u00e8re nous d\u00e9voile ses secrets.\r\n\r\nCalendrier mural de qualit\u00e9 sup\u00e9rieure avec 12 magnifiques photos. L'environnement nous tient \u00e0 coeur. C'est pourquoi nous utilisons exclusivement du papier certifi\u00e9 FSC provenant de for\u00eats g\u00e9r\u00e9es de mani\u00e8re \u00e9coresponsable. Nous \u00e9vitons la surproduction et donc des quantit\u00e9s significatives de d\u00e9chets, en produisant dans l'UE \u00e0 l'unit\u00e9 et sur demande. Nous r\u00e9duisons nos distances de transport et assurons une logistique respectueuse de l'environnement.\r\n\r\n14 pages dont 1 couverture | 12 pages mensuelles | 1 page d'index | dos cartonn\u00e9\r\n\r\nCe calendrier \u00e0 succ\u00e8s a \u00e9t\u00e9 r\u00e9\u00e9dit\u00e9 cette ann\u00e9e avec les m\u00eames images et une grille calendaire mise \u00e0 jour.\r\n\r\nIllustrations:\r\nJanvier: La chapelle de Roselend\r\nF\u00e9vrier: Lac du Chev\r\nMars: Lac de La Plagne\r\nAvril: Bellecote vue de la Chenarie\r\nMai: Sentier de la Sachette\r\nJuin: Lac du Saut\r\nJuillet: Le Mont Pourri Vu de Lancebranlette \r\nAo\u00fbt: R\u00e9serve de la Grande Sassi\u00e8re\r\nSeptembre: Barrage de Tignes vu du sentier de La Martin\r\nOctobre: Sur le sentier de La Martin\r\nNovembre: Le refuge du sentier La Martin\r\nD\u00e9cembre: Col du Petit Saint-Bernard\r\n\r\nQUALITATIF - un calendrier annuel de qualit\u00e9 sup\u00e9rieure avec 12 magnifiques motifs, sur papier d'impression photo, avec une reliure spirale robuste et un crochet de suspension.\r\nDURABLE - r\u00e9duction significative des d\u00e9chets gr\u00e2ce \u00e0 une fabrication sur papier certifi\u00e9 FSC \u00e0 l'unit\u00e9 et sur demande, production dans l'UE, logistique \u00e9cologique.\r\nCADEAU ID\u00c9AL - destin\u00e9 \u00e0 vos contacts priv\u00e9s ou professionnels, \u00e0 la famille ou aux amis, aux jeunes adultes ou aux moins jeunes,  pour un cadeau de No\u00ebl ou d'anniversaire ou juste pour le plaisir d'offrir.\r\nDIVERSIFI\u00c9 - de nombreux formats DIN A4 ou DIN A3, pour s'adapter \u00e0 toutes vos envies et vos cadres de vie.\r\nRandonn\u00e9e nature \u00e0 travers la Savoie par l'auteur(rice): Alain Gaymard","authors":["Alain Gaymard"],"category_codes":["4000000","4010000","4010200"],"visuals":{"large":"https:\/\/images.epagine.fr\/848\/9783516557848_1_75.jpg","medium":"https:\/\/images.epagine.fr\/848\/9783516557848_1_m.jpg","thumbnail":"https:\/\/images.epagine.fr\/848\/9783516557848_1_v.jpg"},"orderable":true,"show_badge":true,"formatted_price":"0,00&nbsp;\u20ac","formatted_published_date":"15 mai 2025","publisher_availability_label":"Sur commande","short_details":"Alain Gaymard \u2014 CALVENDO","translator":null,"weight":210,"page_count":14,"readership":null,"editor":"CALVENDO","price":0,"published_date":"2025-05-14T22:00:00.000000Z","support":"Calendrier","publisher_availability":1,"stock":0,"editions":[],"url":"https:\/\/quaidesbrumes.com\/ouvrage\/9783516557848\/savoie-et-vanoise-sur-les-sentiers-de-randonnee-calendrier-mural-2026-din-a4-vertical-calvendo-calendrier-mensuel-randonnee-nature-a-travers-la-savoie"},{"id":"9783516557961","title":"Costa Rica Paradis de la Biodiversit\u00e9 (Calendrier mural 2026 DIN A3 vertical), CALVENDO calendrier mensuel : Une s\u00e9lection de photos de la faune du Costa Rica","description":"Le Costa Rica est r\u00e9put\u00e9 pour sa politique visant \u00e0 pr\u00e9server sa faune et sa flore. Avec ce calendrier soyez le t\u00e9moin de l'\u00e9tonnante biodiversit\u00e9 du Costa Rica \u00e0 travers une s\u00e9lection de photos de crocodiles, tortues, paresseux, iguanes et autres animaux sauvages d'Am\u00e9rique centrale.\r\n\r\nCalendrier mural de qualit\u00e9 sup\u00e9rieure avec 12 magnifiques photos. L'environnement nous tient \u00e0 coeur. C'est pourquoi nous utilisons exclusivement du papier certifi\u00e9 FSC provenant de for\u00eats g\u00e9r\u00e9es de mani\u00e8re \u00e9coresponsable. Nous \u00e9vitons la surproduction et donc des quantit\u00e9s significatives de d\u00e9chets, en produisant dans l'UE \u00e0 l'unit\u00e9 et sur demande. Nous r\u00e9duisons nos distances de transport et assurons une logistique respectueuse de l'environnement.\r\n\r\n14 pages dont 1 couverture | 12 pages mensuelles | 1 page d'index | dos cartonn\u00e9\r\n\r\nCe calendrier \u00e0 succ\u00e8s a \u00e9t\u00e9 r\u00e9\u00e9dit\u00e9 cette ann\u00e9e avec les m\u00eames images et une grille calendaire mise \u00e0 jour.\r\n\r\nIllustrations:\r\nJanvier: Rencontre d'une Tortue noire de rivi\u00e8re et d'un Lezard\r\nF\u00e9vrier: Papillon Heliconius Charitonia (Zebra Longwing)\r\nMars: Crocodile souriant avec des mouches\r\nAvril: Singe-\u00e9cureuil (Saimiri oerstedii) au parc Manuel Antonio\r\nMai: Nid de b\u00e9b\u00e9s Crocodiles au parc de Tortuguero \r\nJuin: Onor\u00e9 du Mexique (Tigrisoma mexicanum)\r\nJuillet: L\u00e9zard J\u00e9sus-Christ femelle (Basiliscus plumifrons)\r\nAo\u00fbt: Singe Capucin (Cebus capucinus)\r\nSeptembre: Iguane faisant la sieste\r\nOctobre: Paresseux dans un arbre au parc Manuel Antonio\r\nNovembre: Grand Batara (Taraba major) construisant son nid\r\nD\u00e9cembre: Sternes royales (Thalasseus maximus) perch\u00e9es sur un tronc\r\n\r\nQUALITATIF - un calendrier annuel de qualit\u00e9 sup\u00e9rieure avec 12 magnifiques motifs, sur papier d'impression photo, avec une reliure spirale robuste et un crochet de suspension.\r\nDURABLE - r\u00e9duction significative des d\u00e9chets gr\u00e2ce \u00e0 une fabrication sur papier certifi\u00e9 FSC \u00e0 l'unit\u00e9 et sur demande, production dans l'UE, logistique \u00e9cologique.\r\nCADEAU ID\u00c9AL - destin\u00e9 \u00e0 vos contacts priv\u00e9s ou professionnels, \u00e0 la famille ou aux amis, aux jeunes adultes ou aux moins jeunes,  pour un cadeau de No\u00ebl ou d'anniversaire ou juste pour le plaisir d'offrir.\r\nDIVERSIFI\u00c9 - de nombreux formats DIN A4 ou DIN A3, pour s'adapter \u00e0 toutes vos envies et vos cadres de vie.\r\nUne s\u00e9lection de photos de la faune du Costa Rica par l'auteur(rice): UlyssePixel","authors":["Ulysse Pixel"],"category_codes":["4000000","4010000","4010200"],"visuals":{"large":"https:\/\/images.epagine.fr\/961\/9783516557961_1_75.jpg","medium":"https:\/\/images.epagine.fr\/961\/9783516557961_1_m.jpg","thumbnail":"https:\/\/images.epagine.fr\/961\/9783516557961_1_v.jpg"},"orderable":true,"show_badge":true,"formatted_price":"0,00&nbsp;\u20ac","formatted_published_date":"15 mai 2025","publisher_availability_label":"Sur commande","short_details":"Ulysse Pixel \u2014 CALVENDO","translator":null,"weight":460,"page_count":14,"readership":null,"editor":"CALVENDO","price":0,"published_date":"2025-05-14T22:00:00.000000Z","support":"Calendrier","publisher_availability":1,"stock":0,"editions":[],"url":"https:\/\/quaidesbrumes.com\/ouvrage\/9783516557961\/costa-rica-paradis-de-la-biodiversite-calendrier-mural-2026-din-a3-vertical-calvendo-calendrier-mensuel-une-selection-de-photos-de-la-faune-du-costa-rica"},{"id":"9783516558012","title":"Quiberon C\u00f4t\u00e9 sauvage (Calendrier mural 2026 DIN A4 vertical), CALVENDO calendrier mensuel : La c\u00f4te sauvage de Quiberon","description":"D\u00e9couvrez la c\u00f4te sauvage de Quiberon dans le Morbihan. Des kilom\u00e8tres de roches, de plages, et un oc\u00e9an \u00e0 couper le souffle qui vient se fracasser dans les rochers.\r\n\r\nCalendrier mural de qualit\u00e9 sup\u00e9rieure avec 12 magnifiques photos. L'environnement nous tient \u00e0 coeur. C'est pourquoi nous utilisons exclusivement du papier certifi\u00e9 FSC provenant de for\u00eats g\u00e9r\u00e9es de mani\u00e8re \u00e9coresponsable. Nous \u00e9vitons la surproduction et donc des quantit\u00e9s significatives de d\u00e9chets, en produisant dans l'UE \u00e0 l'unit\u00e9 et sur demande. Nous r\u00e9duisons nos distances de transport et assurons une logistique respectueuse de l'environnement.\r\n\r\n14 pages dont 1 couverture | 12 pages mensuelles | 1 page d'index | dos cartonn\u00e9\r\n\r\nCe calendrier \u00e0 succ\u00e8s a \u00e9t\u00e9 r\u00e9\u00e9dit\u00e9 cette ann\u00e9e avec les m\u00eames images et une grille calendaire mise \u00e0 jour.\r\n\r\nIllustrations:\r\nJanvier: Rocher isol\u00e9\r\nF\u00e9vrier: La grande bleue\r\nMars: C\u00f4te sauvage\r\nAvril: Le calme du matin\r\nMai: Verdure parmi la roche\r\nJuin: Fracas dans les rochers\r\nJuillet: Beaut\u00e9 naturelle\r\nAo\u00fbt: Falaise\r\nSeptembre: Ecumes\r\nOctobre: Le repos du go\u00e9land\r\nNovembre: Oc\u00e9an majestueux\r\nD\u00e9cembre: Balade sauvage\r\n\r\nQUALITATIF - un calendrier annuel de qualit\u00e9 sup\u00e9rieure avec 12 magnifiques motifs, sur papier d'impression photo, avec une reliure spirale robuste et un crochet de suspension.\r\nDURABLE - r\u00e9duction significative des d\u00e9chets gr\u00e2ce \u00e0 une fabrication sur papier certifi\u00e9 FSC \u00e0 l'unit\u00e9 et sur demande, production dans l'UE, logistique \u00e9cologique.\r\nCADEAU ID\u00c9AL - destin\u00e9 \u00e0 vos contacts priv\u00e9s ou professionnels, \u00e0 la famille ou aux amis, aux jeunes adultes ou aux moins jeunes,  pour un cadeau de No\u00ebl ou d'anniversaire ou juste pour le plaisir d'offrir.\r\nDIVERSIFI\u00c9 - de nombreux formats DIN A4 ou DIN A3, pour s'adapter \u00e0 toutes vos envies et vos cadres de vie.\r\nLa c\u00f4te sauvage de Quiberon par l'auteur(rice): J\u00e9r\u00f4me","authors":["J\u00e9r\u00f4me Aupeix"],"category_codes":["4000000","4010000","4010200"],"visuals":{"large":"https:\/\/images.epagine.fr\/012\/9783516558012_1_75.jpg","medium":"https:\/\/images.epagine.fr\/012\/9783516558012_1_m.jpg","thumbnail":"https:\/\/images.epagine.fr\/012\/9783516558012_1_v.jpg"},"orderable":true,"show_badge":true,"formatted_price":"0,00&nbsp;\u20ac","formatted_published_date":"15 mai 2025","publisher_availability_label":"Sur commande","short_details":"J\u00e9r\u00f4me Aupeix \u2014 CALVENDO","translator":null,"weight":210,"page_count":14,"readership":null,"editor":"CALVENDO","price":0,"published_date":"2025-05-14T22:00:00.000000Z","support":"Calendrier","publisher_availability":1,"stock":0,"editions":[],"url":"https:\/\/quaidesbrumes.com\/ouvrage\/9783516558012\/quiberon-cote-sauvage-calendrier-mural-2026-din-a4-vertical-calvendo-calendrier-mensuel-la-cote-sauvage-de-quiberon"},{"id":"9783516558166","title":"La nature pr\u00e8s de chez vous (Calendrier mural 2026 DIN A4 vertical), CALVENDO calendrier mensuel : Les animaux pr\u00e8s de chez soi","description":"Ils sont l\u00e0, ils vivent pr\u00e8s de chez vous, ils sont magnifiques mais peut-\u00eatre que vous ne les voyez pas, ou alors vous les apercevez bri\u00e8vement. J'ai photographi\u00e9 ces animaux \u00e0 moins d'un kilom\u00e8tre de chez moi et on les trouve quasiment partout en France.\r\n\r\nCalendrier mural de qualit\u00e9 sup\u00e9rieure avec 12 magnifiques photos. L'environnement nous tient \u00e0 coeur. C'est pourquoi nous utilisons exclusivement du papier certifi\u00e9 FSC provenant de for\u00eats g\u00e9r\u00e9es de mani\u00e8re \u00e9coresponsable. Nous \u00e9vitons la surproduction et donc des quantit\u00e9s significatives de d\u00e9chets, en produisant dans l'UE \u00e0 l'unit\u00e9 et sur demande. Nous r\u00e9duisons nos distances de transport et assurons une logistique respectueuse de l'environnement.\r\n\r\n14 pages dont 1 couverture | 12 pages mensuelles | 1 page d'index | dos cartonn\u00e9\r\n\r\nCe calendrier \u00e0 succ\u00e8s a \u00e9t\u00e9 r\u00e9\u00e9dit\u00e9 cette ann\u00e9e avec les m\u00eames images et une grille calendaire mise \u00e0 jour.\r\n\r\nIllustrations:\r\nJanvier: Bergeronnette grise\r\nF\u00e9vrier: Rouge-gorge\r\nMars: Moro-sphinx\r\nAvril: Huppe fasci\u00e9e\r\nMai: M\u00e9sange bleue\r\nJuin: Pic \u00e9peiche\r\nJuillet: Rouge-gorge\r\nAo\u00fbt: M\u00e9sange bleue\r\nSeptembre: Li\u00e8vre\r\nOctobre: Pic \u00e9peiche\r\nNovembre: Pinson\r\nD\u00e9cembre: Fadet commun\r\n\r\nQUALITATIF - un calendrier annuel de qualit\u00e9 sup\u00e9rieure avec 12 magnifiques motifs, sur papier d'impression photo, avec une reliure spirale robuste et un crochet de suspension.\r\nDURABLE - r\u00e9duction significative des d\u00e9chets gr\u00e2ce \u00e0 une fabrication sur papier certifi\u00e9 FSC \u00e0 l'unit\u00e9 et sur demande, production dans l'UE, logistique \u00e9cologique.\r\nCADEAU ID\u00c9AL - destin\u00e9 \u00e0 vos contacts priv\u00e9s ou professionnels, \u00e0 la famille ou aux amis, aux jeunes adultes ou aux moins jeunes,  pour un cadeau de No\u00ebl ou d'anniversaire ou juste pour le plaisir d'offrir.\r\nDIVERSIFI\u00c9 - de nombreux formats DIN A4 ou DIN A3, pour s'adapter \u00e0 toutes vos envies et vos cadres de vie.\r\nLes animaux pr\u00e8s de chez soi par l'auteur(rice): CHRISTOPHE LHERBIER","authors":["Christophe Lherbier"],"category_codes":["4000000","4010000","4010200"],"visuals":{"large":"https:\/\/images.epagine.fr\/166\/9783516558166_1_75.jpg","medium":"https:\/\/images.epagine.fr\/166\/9783516558166_1_m.jpg","thumbnail":"https:\/\/images.epagine.fr\/166\/9783516558166_1_v.jpg"},"orderable":true,"show_badge":true,"formatted_price":"0,00&nbsp;\u20ac","formatted_published_date":"15 mai 2025","publisher_availability_label":"Sur commande","short_details":"Christophe Lherbier \u2014 CALVENDO","translator":null,"weight":210,"page_count":14,"readership":null,"editor":"CALVENDO","price":0,"published_date":"2025-05-14T22:00:00.000000Z","support":"Calendrier","publisher_availability":1,"stock":0,"editions":[],"url":"https:\/\/quaidesbrumes.com\/ouvrage\/9783516558166\/la-nature-pres-de-chez-vous-calendrier-mural-2026-din-a4-vertical-calvendo-calendrier-mensuel-les-animaux-pres-de-chez-soi"},{"id":"9783516558265","title":"MONTAGNES Sommets des Hautes-Alpes (Calendrier mural 2026 DIN A4 vertical), CALVENDO calendrier mensuel : Photographies des sommets des Hautes-Alpes","description":"Retrouvez dans ce calendrier la beaut\u00e9 de nos belles montagnes Fran\u00e7aises. Ces photographies ont \u00e9t\u00e9 prises dans diff\u00e9rentes vall\u00e9es des Hautes-Alpes.\r\n\r\nCalendrier mural de qualit\u00e9 sup\u00e9rieure avec 12 magnifiques photos. L'environnement nous tient \u00e0 coeur. C'est pourquoi nous utilisons exclusivement du papier certifi\u00e9 FSC provenant de for\u00eats g\u00e9r\u00e9es de mani\u00e8re \u00e9coresponsable. Nous \u00e9vitons la surproduction et donc des quantit\u00e9s significatives de d\u00e9chets, en produisant dans l'UE \u00e0 l'unit\u00e9 et sur demande. Nous r\u00e9duisons nos distances de transport et assurons une logistique respectueuse de l'environnement.\r\n\r\n14 pages dont 1 couverture | 12 pages mensuelles | 1 page d'index | dos cartonn\u00e9\r\n\r\nCe calendrier \u00e0 succ\u00e8s a \u00e9t\u00e9 r\u00e9\u00e9dit\u00e9 cette ann\u00e9e avec les m\u00eames images et une grille calendaire mise \u00e0 jour.\r\n\r\nIllustrations:\r\nJanvier: Vall\u00e9e de la Haute Durance\r\nF\u00e9vrier: Torrent de montagne\r\nMars: Sommets\r\nAvril: Point d'eau\r\nMai: Linaigrettes\r\nJuin: La vall\u00e9e du Valgaudemar\r\nJuillet: Village de montagne\r\nAo\u00fbt: Dans les nuages\r\nSeptembre: Petit cours d'eau\r\nOctobre: Vue sur les sommets\r\nNovembre: Lac de P\u00e9tarel\r\nD\u00e9cembre: Lac bleu\r\n\r\nQUALITATIF - un calendrier annuel de qualit\u00e9 sup\u00e9rieure avec 12 magnifiques motifs, sur papier d'impression photo, avec une reliure spirale robuste et un crochet de suspension.\r\nDURABLE - r\u00e9duction significative des d\u00e9chets gr\u00e2ce \u00e0 une fabrication sur papier certifi\u00e9 FSC \u00e0 l'unit\u00e9 et sur demande, production dans l'UE, logistique \u00e9cologique.\r\nCADEAU ID\u00c9AL - destin\u00e9 \u00e0 vos contacts priv\u00e9s ou professionnels, \u00e0 la famille ou aux amis, aux jeunes adultes ou aux moins jeunes,  pour un cadeau de No\u00ebl ou d'anniversaire ou juste pour le plaisir d'offrir.\r\nDIVERSIFI\u00c9 - de nombreux formats DIN A4 ou DIN A3, pour s'adapter \u00e0 toutes vos envies et vos cadres de vie.\r\nPhotographies des sommets des Hautes-Alpes par l'auteur(rice): J\u00e9r\u00f4me","authors":["J\u00e9r\u00f4me Aupeix"],"category_codes":["4000000","4010000","4010200"],"visuals":{"large":"https:\/\/images.epagine.fr\/265\/9783516558265_1_75.jpg","medium":"https:\/\/images.epagine.fr\/265\/9783516558265_1_m.jpg","thumbnail":"https:\/\/images.epagine.fr\/265\/9783516558265_1_v.jpg"},"orderable":true,"show_badge":true,"formatted_price":"0,00&nbsp;\u20ac","formatted_published_date":"15 mai 2025","publisher_availability_label":"Sur commande","short_details":"J\u00e9r\u00f4me Aupeix \u2014 CALVENDO","translator":null,"weight":210,"page_count":14,"readership":null,"editor":"CALVENDO","price":0,"published_date":"2025-05-14T22:00:00.000000Z","support":"Calendrier","publisher_availability":1,"stock":0,"editions":[],"url":"https:\/\/quaidesbrumes.com\/ouvrage\/9783516558265\/montagnes-sommets-des-hautes-alpes-calendrier-mural-2026-din-a4-vertical-calvendo-calendrier-mensuel-photographies-des-sommets-des-hautes-alpes"},{"id":"9783516558364","title":"Quiberon C\u00f4t\u00e9 sauvage (Calendrier de bureau 2026 DIN A5 vertical), CALVENDO calendrier mensuel : La c\u00f4te sauvage de Quiberon","description":"D\u00e9couvrez la c\u00f4te sauvage de Quiberon dans le Morbihan. Des kilom\u00e8tres de roches, de plages, et un oc\u00e9an \u00e0 couper le souffle qui vient se fracasser dans les rochers.\r\n\r\nCalendrier de bureau de qualit\u00e9 sup\u00e9rieure avec 12 magnifiques photos. L'environnement nous tient \u00e0 coeur. C'est pourquoi nous utilisons exclusivement du papier certifi\u00e9 FSC provenant de for\u00eats g\u00e9r\u00e9es de mani\u00e8re \u00e9coresponsable. Nous \u00e9vitons la surproduction et donc des quantit\u00e9s significatives de d\u00e9chets, en produisant dans l'UE \u00e0 l'unit\u00e9 et sur demande. Nous r\u00e9duisons nos distances de transport et assurons une logistique respectueuse de l'environnement.\r\n\r\n14 pages dont 1 couverture | 12 pages mensuelles | 1 page d'index I dos cartonn\u00e9.\r\n\r\nCe calendrier \u00e0 succ\u00e8s a \u00e9t\u00e9 r\u00e9\u00e9dit\u00e9 cette ann\u00e9e avec les m\u00eames images et une grille calendaire mise \u00e0 jour.\r\n\r\nIllustrations:\r\nJanvier: Rocher isol\u00e9\r\nF\u00e9vrier: La grande bleue\r\nMars: C\u00f4te sauvage\r\nAvril: Le calme du matin\r\nMai: Verdure parmi la roche\r\nJuin: Fracas dans les rochers\r\nJuillet: Beaut\u00e9 naturelle\r\nAo\u00fbt: Falaise\r\nSeptembre: Ecumes\r\nOctobre: Le repos du go\u00e9land\r\nNovembre: Oc\u00e9an majestueux\r\nD\u00e9cembre: Balade sauvage\r\n\r\nQUALITATIF - un calendrier annuel de qualit\u00e9 sup\u00e9rieure avec 12 magnifiques motifs, sur papier d'impression photo, avec une reliure spirale robuste.\r\nDURABLE - r\u00e9duction significative des d\u00e9chets gr\u00e2ce \u00e0 une fabrication sur papier certifi\u00e9 FSC \u00e0 l'unit\u00e9 et sur demande, production dans l'UE, logistique \u00e9cologique.\r\nCADEAU ID\u00c9AL - destin\u00e9 \u00e0 vos contacts priv\u00e9s ou professionnels, \u00e0 la famille ou aux amis, aux jeunes adultes ou aux moins jeunes,  pour un cadeau de No\u00ebl ou d'anniversaire ou juste pour le plaisir d'offrir.\r\nDIVERSIFI\u00c9 - de nombreux formats DIN A4 ou DIN A3, pour s'adapter \u00e0 toutes vos envies et vos cadres de vie.\r\nLa c\u00f4te sauvage de Quiberon par l'auteur(rice): J\u00e9r\u00f4me","authors":["J\u00e9r\u00f4me Aupeix"],"category_codes":["4000000","4010000","4010200"],"visuals":{"large":"https:\/\/images.epagine.fr\/364\/9783516558364_1_75.jpg","medium":"https:\/\/images.epagine.fr\/364\/9783516558364_1_m.jpg","thumbnail":"https:\/\/images.epagine.fr\/364\/9783516558364_1_v.jpg"},"orderable":true,"show_badge":true,"formatted_price":"0,00&nbsp;\u20ac","formatted_published_date":"15 mai 2025","publisher_availability_label":"Sur commande","short_details":"J\u00e9r\u00f4me Aupeix \u2014 CALVENDO","translator":null,"weight":165,"page_count":14,"readership":null,"editor":"CALVENDO","price":0,"published_date":"2025-05-14T22:00:00.000000Z","support":"Calendrier","publisher_availability":1,"stock":0,"editions":[],"url":"https:\/\/quaidesbrumes.com\/ouvrage\/9783516558364\/quiberon-cote-sauvage-calendrier-de-bureau-2026-din-a5-vertical-calvendo-calendrier-mensuel-la-cote-sauvage-de-quiberon"},{"id":"9783516558432","title":"Costa Rica Paradis de la Biodiversit\u00e9 (Calendrier mural 2026 DIN A4 vertical), CALVENDO calendrier mensuel : Une s\u00e9lection de photos de la faune du Costa Rica","description":"Le Costa Rica est r\u00e9put\u00e9 pour sa politique visant \u00e0 pr\u00e9server sa faune et sa flore. Avec ce calendrier soyez le t\u00e9moin de l'\u00e9tonnante biodiversit\u00e9 du Costa Rica \u00e0 travers une s\u00e9lection de photos de crocodiles, tortues, paresseux, iguanes et autres animaux sauvages d'Am\u00e9rique centrale.\r\n\r\nCalendrier mural de qualit\u00e9 sup\u00e9rieure avec 12 magnifiques photos. L'environnement nous tient \u00e0 coeur. C'est pourquoi nous utilisons exclusivement du papier certifi\u00e9 FSC provenant de for\u00eats g\u00e9r\u00e9es de mani\u00e8re \u00e9coresponsable. Nous \u00e9vitons la surproduction et donc des quantit\u00e9s significatives de d\u00e9chets, en produisant dans l'UE \u00e0 l'unit\u00e9 et sur demande. Nous r\u00e9duisons nos distances de transport et assurons une logistique respectueuse de l'environnement.\r\n\r\n14 pages dont 1 couverture | 12 pages mensuelles | 1 page d'index | dos cartonn\u00e9\r\n\r\nCe calendrier \u00e0 succ\u00e8s a \u00e9t\u00e9 r\u00e9\u00e9dit\u00e9 cette ann\u00e9e avec les m\u00eames images et une grille calendaire mise \u00e0 jour.\r\n\r\nIllustrations:\r\nJanvier: Rencontre d'une Tortue noire de rivi\u00e8re et d'un Lezard\r\nF\u00e9vrier: Papillon Heliconius Charitonia (Zebra Longwing)\r\nMars: Crocodile souriant avec des mouches\r\nAvril: Singe-\u00e9cureuil (Saimiri oerstedii) au parc Manuel Antonio\r\nMai: Nid de b\u00e9b\u00e9s Crocodiles au parc de Tortuguero \r\nJuin: Onor\u00e9 du Mexique (Tigrisoma mexicanum)\r\nJuillet: L\u00e9zard J\u00e9sus-Christ femelle (Basiliscus plumifrons)\r\nAo\u00fbt: Singe Capucin (Cebus capucinus)\r\nSeptembre: Iguane faisant la sieste\r\nOctobre: Paresseux dans un arbre au parc Manuel Antonio\r\nNovembre: Grand Batara (Taraba major) construisant son nid\r\nD\u00e9cembre: Sternes royales (Thalasseus maximus) perch\u00e9es sur un tronc\r\n\r\nQUALITATIF - un calendrier annuel de qualit\u00e9 sup\u00e9rieure avec 12 magnifiques motifs, sur papier d'impression photo, avec une reliure spirale robuste et un crochet de suspension.\r\nDURABLE - r\u00e9duction significative des d\u00e9chets gr\u00e2ce \u00e0 une fabrication sur papier certifi\u00e9 FSC \u00e0 l'unit\u00e9 et sur demande, production dans l'UE, logistique \u00e9cologique.\r\nCADEAU ID\u00c9AL - destin\u00e9 \u00e0 vos contacts priv\u00e9s ou professionnels, \u00e0 la famille ou aux amis, aux jeunes adultes ou aux moins jeunes,  pour un cadeau de No\u00ebl ou d'anniversaire ou juste pour le plaisir d'offrir.\r\nDIVERSIFI\u00c9 - de nombreux formats DIN A4 ou DIN A3, pour s'adapter \u00e0 toutes vos envies et vos cadres de vie.\r\nUne s\u00e9lection de photos de la faune du Costa Rica par l'auteur(rice): UlyssePixel","authors":["Ulysse Pixel"],"category_codes":["4000000","4010000","4010200"],"visuals":{"large":"https:\/\/images.epagine.fr\/432\/9783516558432_1_75.jpg","medium":"https:\/\/images.epagine.fr\/432\/9783516558432_1_m.jpg","thumbnail":"https:\/\/images.epagine.fr\/432\/9783516558432_1_v.jpg"},"orderable":true,"show_badge":true,"formatted_price":"0,00&nbsp;\u20ac","formatted_published_date":"15 mai 2025","publisher_availability_label":"Sur commande","short_details":"Ulysse Pixel \u2014 CALVENDO","translator":null,"weight":210,"page_count":14,"readership":null,"editor":"CALVENDO","price":0,"published_date":"2025-05-14T22:00:00.000000Z","support":"Calendrier","publisher_availability":1,"stock":0,"editions":[],"url":"https:\/\/quaidesbrumes.com\/ouvrage\/9783516558432\/costa-rica-paradis-de-la-biodiversite-calendrier-mural-2026-din-a4-vertical-calvendo-calendrier-mensuel-une-selection-de-photos-de-la-faune-du-costa-rica"},{"id":"9783516558555","title":"MONTAGNES Sommets des Hautes-Alpes (Calendrier de bureau 2026 DIN A5 vertical), CALVENDO calendrier mensuel : Photographies des sommets des Hautes-Alpes","description":"Retrouvez dans ce calendrier la beaut\u00e9 de nos belles montagnes Fran\u00e7aises. Ces photographies ont \u00e9t\u00e9 prises dans diff\u00e9rentes vall\u00e9es des Hautes-Alpes.\r\n\r\nCalendrier de bureau de qualit\u00e9 sup\u00e9rieure avec 12 magnifiques photos. L'environnement nous tient \u00e0 coeur. C'est pourquoi nous utilisons exclusivement du papier certifi\u00e9 FSC provenant de for\u00eats g\u00e9r\u00e9es de mani\u00e8re \u00e9coresponsable. Nous \u00e9vitons la surproduction et donc des quantit\u00e9s significatives de d\u00e9chets, en produisant dans l'UE \u00e0 l'unit\u00e9 et sur demande. Nous r\u00e9duisons nos distances de transport et assurons une logistique respectueuse de l'environnement.\r\n\r\n14 pages dont 1 couverture | 12 pages mensuelles | 1 page d'index I dos cartonn\u00e9.\r\n\r\nCe calendrier \u00e0 succ\u00e8s a \u00e9t\u00e9 r\u00e9\u00e9dit\u00e9 cette ann\u00e9e avec les m\u00eames images et une grille calendaire mise \u00e0 jour.\r\n\r\nIllustrations:\r\nJanvier: Vall\u00e9e de la Haute Durance\r\nF\u00e9vrier: Torrent de montagne\r\nMars: Sommets\r\nAvril: Point d'eau\r\nMai: Linaigrettes\r\nJuin: La vall\u00e9e du Valgaudemar\r\nJuillet: Village de montagne\r\nAo\u00fbt: Dans les nuages\r\nSeptembre: Petit cours d'eau\r\nOctobre: Vue sur les sommets\r\nNovembre: Lac de P\u00e9tarel\r\nD\u00e9cembre: Lac bleu\r\n\r\nQUALITATIF - un calendrier annuel de qualit\u00e9 sup\u00e9rieure avec 12 magnifiques motifs, sur papier d'impression photo, avec une reliure spirale robuste.\r\nDURABLE - r\u00e9duction significative des d\u00e9chets gr\u00e2ce \u00e0 une fabrication sur papier certifi\u00e9 FSC \u00e0 l'unit\u00e9 et sur demande, production dans l'UE, logistique \u00e9cologique.\r\nCADEAU ID\u00c9AL - destin\u00e9 \u00e0 vos contacts priv\u00e9s ou professionnels, \u00e0 la famille ou aux amis, aux jeunes adultes ou aux moins jeunes,  pour un cadeau de No\u00ebl ou d'anniversaire ou juste pour le plaisir d'offrir.\r\nDIVERSIFI\u00c9 - de nombreux formats DIN A4 ou DIN A3, pour s'adapter \u00e0 toutes vos envies et vos cadres de vie.\r\nPhotographies des sommets des Hautes-Alpes par l'auteur(rice): J\u00e9r\u00f4me","authors":["J\u00e9r\u00f4me Aupeix"],"category_codes":["4000000","4010000","4010200"],"visuals":{"large":"https:\/\/images.epagine.fr\/555\/9783516558555_1_75.jpg","medium":"https:\/\/images.epagine.fr\/555\/9783516558555_1_m.jpg","thumbnail":"https:\/\/images.epagine.fr\/555\/9783516558555_1_v.jpg"},"orderable":true,"show_badge":true,"formatted_price":"0,00&nbsp;\u20ac","formatted_published_date":"15 mai 2025","publisher_availability_label":"Sur commande","short_details":"J\u00e9r\u00f4me Aupeix \u2014 CALVENDO","translator":null,"weight":165,"page_count":14,"readership":null,"editor":"CALVENDO","price":0,"published_date":"2025-05-14T22:00:00.000000Z","support":"Calendrier","publisher_availability":1,"stock":0,"editions":[],"url":"https:\/\/quaidesbrumes.com\/ouvrage\/9783516558555\/montagnes-sommets-des-hautes-alpes-calendrier-de-bureau-2026-din-a5-vertical-calvendo-calendrier-mensuel-photographies-des-sommets-des-hautes-alpes"},{"id":"9798363479267","title":"Humour sur le Triathlon : L'Int\u00e9grale : Toujours plus de triathlon et d'autod\u00e9rision","description":"Retrouvez dans un seul ouvrage 7 livres humoristiques sur le TRIATHLON et \u00e9conomisez plus de 20% !\r\nLes \"Mots crois\u00e9s, Mots Fl\u00each\u00e9s Sp\u00e9cial Triathlon\", le \"Manuel du parfait petit triathl\u00e8te\", le \"Manuel du parfait petit supporter de triathlon \"le Code du Triathlon\", \"140 conseils pour ne pas finir un triathlon\", \"Un triathlon...mais \u00e0 quel prix ?\", \"Un Triathlon dont Vous \u00eates le H\u00e9ros\" !\r\nMOTS CROISES, MOTS FLECHES SPECIAL TRIATHLON :\r\nD\u00e9tendez vous en jouant \u00e0 42 grilles de mots crois\u00e9s et mots m\u00eal\u00e9s autour du th\u00e8me du triathlon. Retrouvez du vocabulaire, des \u00e9quipements, des \u00e9preuves et des noms de triathl\u00e8tes tout en vous amusant !\r\nMANUEL DU PARFAIT PETIT TRIATHL\u00c8TE :\r\nParce qu'on connait tous un triathl\u00e8te, ce livre est un manuel humoristique sur les habitudes du triathl\u00e8te accompagn\u00e9 d'un glossaire sur son vocabulaire. Plus de 150 termes du triathl\u00e8te sont d\u00e9finis dans ce glossaire. Il s'agit d'un Manuel rapide \u00e0 lire \u00e0 mettre dans toutes les mains ! Vous y trouverez tous les clich\u00e9s du triathl\u00e8te ! Vous avez peut-\u00eatre autour de vous : un ami, un coll\u00e8gue, un membre de votre famille ou encore votre conjoint(e) qui est triathl\u00e8te. Vous \u00eates, peut-\u00eatre, vous-m\u00eame un habitu\u00e9 du triple effort ou au contraire, vous ne connaissez pas du tout ce sport. Alors, il vous est sans doute arriv\u00e9 de ne pas comprendre une discussion sur le triathlon et de penser que ce sportif doit \u00eatre un demi-dieu ?! Le but de ce livre est de vous \u00e9clairer sur la vie et les habitudes du triathl\u00e8te, sur le vocabulaire, les expressions, les abr\u00e9viations de ce sportif qui aime se sentir \u00e0 part.\r\nMANUEL DU PARFAIT PETIT SUPPORTER DE TRIATHLON :\r\nParce qu'\u00eatre supporter d'un triathl\u00e8te est aussi \u00e9puisant que de pratiquer ce sport, ce livre est un manuel humoristique et sarcastique pour vous pr\u00e9parer \u00e0 endurer toutes les p\u00e9rip\u00e9ties qui vous attendent en vivant avec ce sportif si particulier ! Gr\u00e2ce \u00e0 des questions \u00e0 la fin de l'ouvrage, vous pourrez vous tester pour savoir quel supporter vous \u00eates.\r\nLE CODE DU TRIATHLON :\r\nLivre illustr\u00e9. Vous n'\u00eates pas s\u00fbr de bien conna\u00eetre le r\u00e8glement de triathlon ? Vous ne comprenez rien au briefing d'avant course ? Vous vous \u00eates d\u00e9j\u00e0 pris un carton sans savoir pourquoi ? Ou m\u00eame pire, vous avez \u00e9t\u00e9 disqualifi\u00e9 ? Testez-vous sur le r\u00e8glement de la F\u00e9d\u00e9ration Fran\u00e7aise de Triathlon avec humour \u00a0en r\u00e9pondant \u00e0 40 questions \u00e0 choix multiples !\r\n140 CONSEILS POUR NE PAS FINIR UN TRIATHLON :\r\nLivre humoristique illustr\u00e9. Dans le livre \"140 conseils pour ne pas finir","authors":["Valtres Triathlon"],"category_codes":["4000000","4010000","4010500","4010503"],"visuals":{"large":"https:\/\/images.epagine.fr\/267\/9798363479267_1_75.jpg","medium":"https:\/\/images.epagine.fr\/267\/9798363479267_1_m.jpg","thumbnail":"https:\/\/images.epagine.fr\/267\/9798363479267_1_v.jpg"},"orderable":true,"show_badge":true,"formatted_price":"35,95&nbsp;\u20ac","formatted_published_date":"13 janvier 2024","publisher_availability_label":"Sur commande","short_details":"Valtres Triathlon \u2014 Valtr\u00e9s","translator":null,"weight":739,"page_count":596,"readership":null,"editor":"Valtr\u00e9s","price":3595,"published_date":"2024-01-12T23:00:00.000000Z","support":"Grand format","publisher_availability":1,"stock":0,"editions":[],"url":"https:\/\/quaidesbrumes.com\/ouvrage\/9798363479267\/humour-sur-le-triathlon-lintegrale-toujours-plus-de-triathlon-et-dautoderision"},{"id":"9798515079109","title":"Le Triathlon en BD, 2 : Quand tu progresses","description":"Dans ce deuxi\u00e8me tome de la BD sur le Triathlon, apr\u00e8s avoir d\u00e9couvert les joies du triathlon avec une comp\u00e9tition S, Max se lance dans la pr\u00e9paration d'un triathlon M.\r\nGr\u00e2ce \u00e0 un nouveau mat\u00e9riel, il progresse pour participer \u00e0 ce d\u00e9fi qu'il s'est lanc\u00e9.\r\nBD en noir et blanc.","authors":["T. Valtres"],"category_codes":["4000000","4010000","4010500","4010503"],"visuals":{"large":"https:\/\/images.epagine.fr\/109\/9798515079109_1_75.jpg","medium":"https:\/\/images.epagine.fr\/109\/9798515079109_1_m.jpg","thumbnail":"https:\/\/images.epagine.fr\/109\/9798515079109_1_v.jpg"},"orderable":true,"show_badge":true,"formatted_price":"8,95&nbsp;\u20ac","formatted_published_date":"26 septembre 2021","publisher_availability_label":"Sur commande","short_details":"T. Valtres \u2014 Valtr\u00e9s","translator":null,"weight":154,"page_count":48,"readership":null,"editor":"Valtr\u00e9s","price":895,"published_date":"2021-09-25T22:00:00.000000Z","support":"Grand format","publisher_availability":1,"stock":0,"editions":[],"url":"https:\/\/quaidesbrumes.com\/ouvrage\/9798515079109\/le-triathlon-en-bd-2-quand-tu-progresses"},{"id":"9782760545281","title":"Responsabilite sociale des entreprises dans le secteur minie","description":null,"authors":["Campbell Bonnie K."],"category_codes":["4000000","4010000","4010200","4010208"],"visuals":{"large":"https:\/\/images.epagine.fr\/281\/9782760545281_1_75.jpg","medium":"https:\/\/images.epagine.fr\/281\/9782760545281_1_m.jpg","thumbnail":"https:\/\/images.epagine.fr\/281\/9782760545281_1_v.jpg"},"orderable":true,"show_badge":true,"formatted_price":"28,00&nbsp;\u20ac","formatted_published_date":"22 mars 2017","publisher_availability_label":"Sur commande","short_details":"Campbell Bonnie K. \u2014 PU DE QUEBEC","translator":null,"weight":438,"page_count":null,"readership":null,"editor":"PU DE QUEBEC","price":2800,"published_date":"2017-03-21T23:00:00.000000Z","support":"Grand format","publisher_availability":1,"stock":0,"editions":[],"url":"https:\/\/quaidesbrumes.com\/ouvrage\/9782760545281\/responsabilite-sociale-des-entreprises-dans-le-secteur-minie"},{"id":"9782035872111","title":"Petit larousse de la chasse","description":null,"authors":["Collectif"],"category_codes":["4000000","4010000","4010300"],"visuals":{"large":"https:\/\/quaidesbrumes.com\/img\/book-placeholder.png","medium":"https:\/\/quaidesbrumes.com\/img\/book-placeholder.png","thumbnail":"https:\/\/quaidesbrumes.com\/img\/book-placeholder.png"},"orderable":false,"show_badge":true,"formatted_price":"24,90&nbsp;\u20ac","formatted_published_date":null,"publisher_availability_label":"\u00c0 para\u00eetre","short_details":"Collectif \u2014 Larousse","translator":null,"weight":0,"page_count":null,"readership":null,"editor":"Larousse","price":2490,"published_date":null,"support":"Grand format","publisher_availability":2,"stock":0,"editions":[],"url":"https:\/\/quaidesbrumes.com\/ouvrage\/9782035872111\/petit-larousse-de-la-chasse"},{"id":"9782263023354","title":"Les fleurs en fete : 40 bouquets et compositions pour toutes les occasions","description":null,"authors":["Johanna Sheen"],"category_codes":["4000000","4010000","4010400"],"visuals":{"large":"https:\/\/quaidesbrumes.com\/img\/book-placeholder.png","medium":"https:\/\/quaidesbrumes.com\/img\/book-placeholder.png","thumbnail":"https:\/\/quaidesbrumes.com\/img\/book-placeholder.png"},"orderable":false,"show_badge":true,"formatted_price":"24,39&nbsp;\u20ac","formatted_published_date":null,"publisher_availability_label":"\u00c0 para\u00eetre","short_details":"Johanna Sheen \u2014 Solar","translator":null,"weight":0,"page_count":null,"readership":null,"editor":"Solar","price":2439,"published_date":null,"support":"Grand format","publisher_availability":2,"stock":0,"editions":[],"url":"https:\/\/quaidesbrumes.com\/ouvrage\/9782263023354\/les-fleurs-en-fete-40-bouquets-et-compositions-pour-toutes-les-occasions"},{"id":"9782263049927","title":"Que faire si mon chat est agressif  perd ses poils","description":null,"authors":["Claire Arrowsmith"],"category_codes":["4000000","4010000","4010300"],"visuals":{"large":"https:\/\/images.epagine.fr\/927\/9782263049927_1_75.jpg","medium":"https:\/\/images.epagine.fr\/927\/9782263049927_1_m.jpg","thumbnail":"https:\/\/images.epagine.fr\/927\/9782263049927_1_v.jpg"},"orderable":false,"show_badge":true,"formatted_price":"19,90&nbsp;\u20ac","formatted_published_date":null,"publisher_availability_label":"\u00c0 para\u00eetre","short_details":"Claire Arrowsmith \u2014 Solar","translator":null,"weight":0,"page_count":null,"readership":null,"editor":"Solar","price":1990,"published_date":null,"support":"Grand format","publisher_availability":2,"stock":0,"editions":[],"url":"https:\/\/quaidesbrumes.com\/ouvrage\/9782263049927\/que-faire-si-mon-chat-est-agressif-perd-ses-poils"},{"id":"9782862745671","title":"Le silure requin d'eau douce ou simple predateurde riviere","description":null,"authors":["Olivier Portrat"],"category_codes":["4000000","4010000","4010500","4010502"],"visuals":{"large":"https:\/\/quaidesbrumes.com\/img\/book-placeholder.png","medium":"https:\/\/quaidesbrumes.com\/img\/book-placeholder.png","thumbnail":"https:\/\/quaidesbrumes.com\/img\/book-placeholder.png"},"orderable":false,"show_badge":true,"formatted_price":"21,34&nbsp;\u20ac","formatted_published_date":null,"publisher_availability_label":"\u00c0 para\u00eetre","short_details":"Olivier Portrat \u2014 Le Cherche Midi","translator":null,"weight":0,"page_count":null,"readership":null,"editor":"Le Cherche Midi","price":2134,"published_date":null,"support":"Grand format","publisher_availability":2,"stock":0,"editions":[],"url":"https:\/\/quaidesbrumes.com\/ouvrage\/9782862745671\/le-silure-requin-deau-douce-ou-simple-predateurde-riviere"},{"id":"9782355270697","title":"Le petit livre de la rivi\u00e8re","description":null,"authors":["Guy-marie Reni\u00e9"],"category_codes":["4000000","4010000","4010300","4010302"],"visuals":{"large":"https:\/\/quaidesbrumes.com\/img\/book-placeholder.png","medium":"https:\/\/quaidesbrumes.com\/img\/book-placeholder.png","thumbnail":"https:\/\/quaidesbrumes.com\/img\/book-placeholder.png"},"orderable":false,"show_badge":true,"formatted_price":"9,50&nbsp;\u20ac","formatted_published_date":null,"publisher_availability_label":"\u00c0 para\u00eetre","short_details":"Guy-marie Reni\u00e9 \u2014 Confluences","translator":null,"weight":9,"page_count":48,"readership":null,"editor":"Confluences","price":950,"published_date":null,"support":"Grand format","publisher_availability":2,"stock":0,"editions":[],"url":"https:\/\/quaidesbrumes.com\/ouvrage\/9782355270697\/le-petit-livre-de-la-riviere"},{"id":"9783516562439","title":"Phares de Nouvelle-Z\u00e9lande (Calendrier mural 2026 DIN A3 vertical), CALVENDO calendrier mensuel : Les plus beaux phares de la c\u00f4te n\u00e9o-z\u00e9landaise.","description":"Le long de la c\u00f4te longue de 15134 km de la Nouvelle-Z\u00e9lande sont les plus beaux phares du monde. Sur des falaises escarp\u00e9es baign\u00e9es de vagues ou cach\u00e9es derri\u00e8re des dunes de sable qui ressemblent \u00e0 des d\u00e9serts, elles offrent une vue pittoresque. Un must pour les amoureux des phares!\r\n\r\nCalendrier mural de qualit\u00e9 sup\u00e9rieure avec 12 magnifiques photos. L'environnement nous tient \u00e0 coeur. C'est pourquoi nous utilisons exclusivement du papier certifi\u00e9 FSC provenant de for\u00eats g\u00e9r\u00e9es de mani\u00e8re \u00e9coresponsable. Nous \u00e9vitons la surproduction et donc des quantit\u00e9s significatives de d\u00e9chets, en produisant dans l'UE \u00e0 l'unit\u00e9 et sur demande. Nous r\u00e9duisons nos distances de transport et assurons une logistique respectueuse de l'environnement.\r\n\r\n14 pages dont 1 couverture | 12 pages mensuelles | 1 page d'index | dos cartonn\u00e9\r\n\r\nCe calendrier \u00e0 succ\u00e8s a \u00e9t\u00e9 r\u00e9\u00e9dit\u00e9 cette ann\u00e9e avec les m\u00eames images et une grille calendaire mise \u00e0 jour.\r\n\r\nIllustrations:\r\nJanvier: Pouto Point Lighthouse \r\nF\u00e9vrier: Cape Palliser Lighthouse \r\nMars: Cape Egmont Lighthouse \r\nAvril: Manukau Heads Lighthouse \r\nMai: New Pencarrow Head Lighthouse \r\nJuin: Nugget Point Lighthouse \r\nJuillet: Castle Point Lighthouse \r\nAo\u00fbt: Cape Campbell Lighthouse \r\nSeptembre: Waipapa Point Lighthouse \r\nOctobre: Baring Head Lighthouse \r\nNovembre: Tuahine Point Lighthouse \r\nD\u00e9cembre: Akaroa Lighthouse \r\n\r\nQUALITATIF - un calendrier annuel de qualit\u00e9 sup\u00e9rieure avec 12 magnifiques motifs, sur papier d'impression photo, avec une reliure spirale robuste et un crochet de suspension.\r\nDURABLE - r\u00e9duction significative des d\u00e9chets gr\u00e2ce \u00e0 une fabrication sur papier certifi\u00e9 FSC \u00e0 l'unit\u00e9 et sur demande, production dans l'UE, logistique \u00e9cologique.\r\nCADEAU ID\u00c9AL - destin\u00e9 \u00e0 vos contacts priv\u00e9s ou professionnels, \u00e0 la famille ou aux amis, aux jeunes adultes ou aux moins jeunes,  pour un cadeau de No\u00ebl ou d'anniversaire ou juste pour le plaisir d'offrir.\r\nDIVERSIFI\u00c9 - de nombreux formats DIN A4 ou DIN A3, pour s'adapter \u00e0 toutes vos envies et vos cadres de vie.\r\nLes plus beaux phares de la c\u00f4te n\u00e9o-z\u00e9landaise. par l'auteur(rice): frasy","authors":["Christian Franz Schmidt Et Sylvia Nafe"],"category_codes":["4000000","4010000","4010200"],"visuals":{"large":"https:\/\/images.epagine.fr\/439\/9783516562439_1_75.jpg","medium":"https:\/\/images.epagine.fr\/439\/9783516562439_1_m.jpg","thumbnail":"https:\/\/images.epagine.fr\/439\/9783516562439_1_v.jpg"},"orderable":true,"show_badge":true,"formatted_price":"0,00&nbsp;\u20ac","formatted_published_date":"15 mai 2025","publisher_availability_label":"Sur commande","short_details":"Christian Franz Schmidt Et Sylvia Nafe \u2014 Calvendo","translator":null,"weight":460,"page_count":14,"readership":null,"editor":"Calvendo","price":0,"published_date":"2025-05-14T22:00:00.000000Z","support":"Calendrier","publisher_availability":1,"stock":0,"editions":[],"url":"https:\/\/quaidesbrumes.com\/ouvrage\/9783516562439\/phares-de-nouvelle-zelande-calendrier-mural-2026-din-a3-vertical-calvendo-calendrier-mensuel-les-plus-beaux-phares-de-la-cote-neo-zelandaise"},{"id":"9783516562705","title":"Phares de Nouvelle-Z\u00e9lande (Calendrier mural 2026 DIN A4 vertical), CALVENDO calendrier mensuel : Les plus beaux phares de la c\u00f4te n\u00e9o-z\u00e9landaise.","description":"Le long de la c\u00f4te longue de 15134 km de la Nouvelle-Z\u00e9lande sont les plus beaux phares du monde. Sur des falaises escarp\u00e9es baign\u00e9es de vagues ou cach\u00e9es derri\u00e8re des dunes de sable qui ressemblent \u00e0 des d\u00e9serts, elles offrent une vue pittoresque. Un must pour les amoureux des phares!\r\n\r\nCalendrier mural de qualit\u00e9 sup\u00e9rieure avec 12 magnifiques photos. L'environnement nous tient \u00e0 coeur. C'est pourquoi nous utilisons exclusivement du papier certifi\u00e9 FSC provenant de for\u00eats g\u00e9r\u00e9es de mani\u00e8re \u00e9coresponsable. Nous \u00e9vitons la surproduction et donc des quantit\u00e9s significatives de d\u00e9chets, en produisant dans l'UE \u00e0 l'unit\u00e9 et sur demande. Nous r\u00e9duisons nos distances de transport et assurons une logistique respectueuse de l'environnement.\r\n\r\n14 pages dont 1 couverture | 12 pages mensuelles | 1 page d'index | dos cartonn\u00e9\r\n\r\nCe calendrier \u00e0 succ\u00e8s a \u00e9t\u00e9 r\u00e9\u00e9dit\u00e9 cette ann\u00e9e avec les m\u00eames images et une grille calendaire mise \u00e0 jour.\r\n\r\nIllustrations:\r\nJanvier: Pouto Point Lighthouse \r\nF\u00e9vrier: Cape Palliser Lighthouse \r\nMars: Cape Egmont Lighthouse \r\nAvril: Manukau Heads Lighthouse \r\nMai: New Pencarrow Head Lighthouse \r\nJuin: Nugget Point Lighthouse \r\nJuillet: Castle Point Lighthouse \r\nAo\u00fbt: Cape Campbell Lighthouse \r\nSeptembre: Waipapa Point Lighthouse \r\nOctobre: Baring Head Lighthouse \r\nNovembre: Tuahine Point Lighthouse \r\nD\u00e9cembre: Akaroa Lighthouse \r\n\r\nQUALITATIF - un calendrier annuel de qualit\u00e9 sup\u00e9rieure avec 12 magnifiques motifs, sur papier d'impression photo, avec une reliure spirale robuste et un crochet de suspension.\r\nDURABLE - r\u00e9duction significative des d\u00e9chets gr\u00e2ce \u00e0 une fabrication sur papier certifi\u00e9 FSC \u00e0 l'unit\u00e9 et sur demande, production dans l'UE, logistique \u00e9cologique.\r\nCADEAU ID\u00c9AL - destin\u00e9 \u00e0 vos contacts priv\u00e9s ou professionnels, \u00e0 la famille ou aux amis, aux jeunes adultes ou aux moins jeunes,  pour un cadeau de No\u00ebl ou d'anniversaire ou juste pour le plaisir d'offrir.\r\nDIVERSIFI\u00c9 - de nombreux formats DIN A4 ou DIN A3, pour s'adapter \u00e0 toutes vos envies et vos cadres de vie.\r\nLes plus beaux phares de la c\u00f4te n\u00e9o-z\u00e9landaise. par l'auteur(rice): frasy","authors":["Christian Franz Schmidt Et Sylvia Nafe"],"category_codes":["4000000","4010000","4010200"],"visuals":{"large":"https:\/\/images.epagine.fr\/705\/9783516562705_1_75.jpg","medium":"https:\/\/images.epagine.fr\/705\/9783516562705_1_m.jpg","thumbnail":"https:\/\/images.epagine.fr\/705\/9783516562705_1_v.jpg"},"orderable":true,"show_badge":true,"formatted_price":"0,00&nbsp;\u20ac","formatted_published_date":"15 mai 2025","publisher_availability_label":"Sur commande","short_details":"Christian Franz Schmidt Et Sylvia Nafe \u2014 Calvendo","translator":null,"weight":210,"page_count":14,"readership":null,"editor":"Calvendo","price":0,"published_date":"2025-05-14T22:00:00.000000Z","support":"Calendrier","publisher_availability":1,"stock":0,"editions":[],"url":"https:\/\/quaidesbrumes.com\/ouvrage\/9783516562705\/phares-de-nouvelle-zelande-calendrier-mural-2026-din-a4-vertical-calvendo-calendrier-mensuel-les-plus-beaux-phares-de-la-cote-neo-zelandaise"},{"id":"9783516562842","title":"Pyr\u00e9n\u00e9ennes  (Calendrier mural 2026 DIN A2 vertical) calendrier de bureau : La cha\u00eene des Pyr\u00e9n\u00e9es aux quatre saisons","description":"Voyage photographique sur le massif pyr\u00e9n\u00e9en aux quatre saisons. Paysages r\u00e9alis\u00e9s dans la r\u00e9gion Occitanie.\r\n\r\nImpression d'art premium en haute brillance de qualit\u00e9 mus\u00e9e. Pour que les feuilles de papier soient bien accroch\u00e9es au mur, ce calendrier haut de gamme est dot\u00e9 de pochettes innovantes. Elles prot\u00e8gent les grandes feuilles des effets de l'humidit\u00e9 de l'air. Le papier est un mat\u00e9riau naturel. Les fibres r\u00e9agissent aux variations du climat ambiant. Il est donc conseill\u00e9 de ne pas retirer les pochettes d'insertion.\r\n\r\nNotre environnement nous tient \u00e0 coeur, c'est pourquoi nous misons sur une fabrication individuelle en Allemagne (Made in Germany) avec des mat\u00e9riaux de qualit\u00e9 sup\u00e9rieure.\r\n\r\n14 pages dont 1 couverture | 12 pages mensuelles | 1 page d'index I dos cartonn\u00e9.\r\n\r\n\r\nCe calendrier \u00e0 succ\u00e8s a \u00e9t\u00e9 r\u00e9\u00e9dit\u00e9 cette ann\u00e9e avec les m\u00eames images et une grille calendaire mise \u00e0 jour.\r\n\r\nIllustrations:\r\nJanvier: Lever de soleil sur le Pyr\u00e9n\u00e9es \r\nF\u00e9vrier: Cirque de Troumousse \r\nMars: Superbagn\u00e8res \r\nAvril: Cascade du Pont d'Espagne \r\nMai: Cirque de Gavarnie \r\nJuin: Lac de Gaube \r\nJuillet: Cha\u00eene des Pyr\u00e9n\u00e9es \r\nAo\u00fbt: Cascade d'Ars \r\nSeptembre: Pic du Midi de Bigorre \r\nOctobre: Coucher de soleil sur Gavarnie \r\nNovembre: Massif pyr\u00e9n\u00e9en \r\nD\u00e9cembre: Transhumance \u00e0 Troumousse \r\n\r\nLIGNE PREMIUM - Calendrier photo brillant avec 12 magnifiques motifs, impression d'art en haute brillance de qualit\u00e9 mus\u00e9e\r\nQUALIT\u00c9 - mat\u00e9riaux nobles, dos solide avec 2 pochettes innovantes pour une pr\u00e9sentation optimale au mur\r\nDURABLE - nette r\u00e9duction des d\u00e9chets gr\u00e2ce \u00e0 une fabrication \u00e0 l'unit\u00e9 adapt\u00e9e aux besoins, papier certifi\u00e9 FSC respectueux de l'environnement, production en Allemagne, logistique respectueuse du climat.\r\nCADEAU PARFAIT - calendrier pour les amis et la famille, pour les enfants et les adultes, les jeunes et les moins jeunes, pour No\u00ebl, les anniversaires ou entre deux.\r\nLa cha\u00eene des Pyr\u00e9n\u00e9es aux quatre saisons par l'auteur(rice): patrice THEBAULT","authors":["Patrice Th\u00e9bault"],"category_codes":["4000000","4010000","4010200"],"visuals":{"large":"https:\/\/images.epagine.fr\/842\/9783516562842_1_75.jpg","medium":"https:\/\/images.epagine.fr\/842\/9783516562842_1_m.jpg","thumbnail":"https:\/\/images.epagine.fr\/842\/9783516562842_1_v.jpg"},"orderable":true,"show_badge":true,"formatted_price":"0,00&nbsp;\u20ac","formatted_published_date":"15 mai 2025","publisher_availability_label":"Sur commande","short_details":"Patrice Th\u00e9bault \u2014 Calvendo","translator":null,"weight":1280,"page_count":14,"readership":null,"editor":"Calvendo","price":0,"published_date":"2025-05-14T22:00:00.000000Z","support":"Calendrier","publisher_availability":1,"stock":0,"editions":[],"url":"https:\/\/quaidesbrumes.com\/ouvrage\/9783516562842\/pyreneennes-calendrier-mural-2026-din-a2-vertical-calendrier-de-bureau-la-chaine-des-pyrenees-aux-quatre-saisons"},{"id":"9783516562866","title":"Un oc\u00e9an de lumi\u00e8re  (Calendrier mural 2026 DIN A2 vertical) calendrier de bureau : Jeu de lumi\u00e8re sur l'oc\u00e9an et la mer","description":"Jeu de lumi\u00e8re sur l'oc\u00e9an et la mer.\r\nDu coucher du soleil aux ciels travaill\u00e9s, l'oc\u00e9an et la mer nous \u00e9claboussent de lumi\u00e8re color\u00e9e.\r\n\r\nImpression d'art premium en haute brillance de qualit\u00e9 mus\u00e9e. Pour que les feuilles de papier soient bien accroch\u00e9es au mur, ce calendrier haut de gamme est dot\u00e9 de pochettes innovantes. Elles prot\u00e8gent les grandes feuilles des effets de l'humidit\u00e9 de l'air. Le papier est un mat\u00e9riau naturel. Les fibres r\u00e9agissent aux variations du climat ambiant. Il est donc conseill\u00e9 de ne pas retirer les pochettes d'insertion.\r\n\r\nNotre environnement nous tient \u00e0 coeur, c'est pourquoi nous misons sur une fabrication individuelle en Allemagne (Made in Germany) avec des mat\u00e9riaux de qualit\u00e9 sup\u00e9rieure.\r\n\r\n14 pages dont 1 couverture | 12 pages mensuelles | 1 page d'index I dos cartonn\u00e9.\r\n\r\n\r\nCe calendrier \u00e0 succ\u00e8s a \u00e9t\u00e9 r\u00e9\u00e9dit\u00e9 cette ann\u00e9e avec les m\u00eames images et une grille calendaire mise \u00e0 jour.\r\n\r\nIllustrations:\r\nJanvier: Coucher de soleil sur la M\u00e9diterran\u00e9e \r\nF\u00e9vrier: C\u00f4te d'Armor \r\nMars: C\u00f4te d'Azur \r\nAvril: Golfe du Lion \r\nMai: C\u00f4te Basque \r\nJuin: Mer des Antilles \r\nJuillet: La Manche \r\nAo\u00fbt: C\u00f4te Basque espagnole \r\nSeptembre: Mer des Cara\u00efbes \r\nOctobre: Le Finist\u00e8re \r\nNovembre: C\u00f4te d'Opale \r\nD\u00e9cembre: C\u00f4te Vermeille \r\n\r\nLIGNE PREMIUM - Calendrier photo brillant avec 12 magnifiques motifs, impression d'art en haute brillance de qualit\u00e9 mus\u00e9e\r\nQUALIT\u00c9 - mat\u00e9riaux nobles, dos solide avec 2 pochettes innovantes pour une pr\u00e9sentation optimale au mur\r\nDURABLE - nette r\u00e9duction des d\u00e9chets gr\u00e2ce \u00e0 une fabrication \u00e0 l'unit\u00e9 adapt\u00e9e aux besoins, papier certifi\u00e9 FSC respectueux de l'environnement, production en Allemagne, logistique respectueuse du climat.\r\nCADEAU PARFAIT - calendrier pour les amis et la famille, pour les enfants et les adultes, les jeunes et les moins jeunes, pour No\u00ebl, les anniversaires ou entre deux.\r\nJeu de lumi\u00e8re sur l'oc\u00e9an et la mer par l'auteur(rice): patrice THEBAULT","authors":["Patrice Th\u00e9bault"],"category_codes":["4000000","4010000","4010200"],"visuals":{"large":"https:\/\/images.epagine.fr\/866\/9783516562866_1_75.jpg","medium":"https:\/\/images.epagine.fr\/866\/9783516562866_1_m.jpg","thumbnail":"https:\/\/images.epagine.fr\/866\/9783516562866_1_v.jpg"},"orderable":true,"show_badge":true,"formatted_price":"0,00&nbsp;\u20ac","formatted_published_date":"15 mai 2025","publisher_availability_label":"Sur commande","short_details":"Patrice Th\u00e9bault \u2014 Calvendo","translator":null,"weight":1280,"page_count":14,"readership":null,"editor":"Calvendo","price":0,"published_date":"2025-05-14T22:00:00.000000Z","support":"Calendrier","publisher_availability":1,"stock":0,"editions":[],"url":"https:\/\/quaidesbrumes.com\/ouvrage\/9783516562866\/un-ocean-de-lumiere-calendrier-mural-2026-din-a2-vertical-calendrier-de-bureau-jeu-de-lumiere-sur-locean-et-la-mer"},{"id":"9783516563511","title":"Pyr\u00e9n\u00e9ennes (Calendrier mural 2026 DIN A3 vertical), CALVENDO calendrier mensuel : La cha\u00eene des Pyr\u00e9n\u00e9es aux quatre saisons","description":"Voyage photographique sur le massif pyr\u00e9n\u00e9en aux quatre saisons. Paysages r\u00e9alis\u00e9s dans la r\u00e9gion Occitanie.\r\n\r\nCalendrier mural de qualit\u00e9 sup\u00e9rieure avec 12 magnifiques photos. L'environnement nous tient \u00e0 coeur. C'est pourquoi nous utilisons exclusivement du papier certifi\u00e9 FSC provenant de for\u00eats g\u00e9r\u00e9es de mani\u00e8re \u00e9coresponsable. Nous \u00e9vitons la surproduction et donc des quantit\u00e9s significatives de d\u00e9chets, en produisant dans l'UE \u00e0 l'unit\u00e9 et sur demande. Nous r\u00e9duisons nos distances de transport et assurons une logistique respectueuse de l'environnement.\r\n\r\n14 pages dont 1 couverture | 12 pages mensuelles | 1 page d'index | dos cartonn\u00e9\r\n\r\nCe calendrier \u00e0 succ\u00e8s a \u00e9t\u00e9 r\u00e9\u00e9dit\u00e9 cette ann\u00e9e avec les m\u00eames images et une grille calendaire mise \u00e0 jour.\r\n\r\nIllustrations:\r\nJanvier: Lever de soleil sur le Pyr\u00e9n\u00e9es \r\nF\u00e9vrier: Cirque de Troumousse \r\nMars: Superbagn\u00e8res \r\nAvril: Cascade du Pont d'Espagne \r\nMai: Cirque de Gavarnie \r\nJuin: Lac de Gaube \r\nJuillet: Cha\u00eene des Pyr\u00e9n\u00e9es \r\nAo\u00fbt: Cascade d'Ars \r\nSeptembre: Pic du Midi de Bigorre \r\nOctobre: Coucher de soleil sur Gavarnie \r\nNovembre: Massif pyr\u00e9n\u00e9en \r\nD\u00e9cembre: Transhumance \u00e0 Troumousse \r\n\r\nQUALITATIF - un calendrier annuel de qualit\u00e9 sup\u00e9rieure avec 12 magnifiques motifs, sur papier d'impression photo, avec une reliure spirale robuste et un crochet de suspension.\r\nDURABLE - r\u00e9duction significative des d\u00e9chets gr\u00e2ce \u00e0 une fabrication sur papier certifi\u00e9 FSC \u00e0 l'unit\u00e9 et sur demande, production dans l'UE, logistique \u00e9cologique.\r\nCADEAU ID\u00c9AL - destin\u00e9 \u00e0 vos contacts priv\u00e9s ou professionnels, \u00e0 la famille ou aux amis, aux jeunes adultes ou aux moins jeunes,  pour un cadeau de No\u00ebl ou d'anniversaire ou juste pour le plaisir d'offrir.\r\nDIVERSIFI\u00c9 - de nombreux formats DIN A4 ou DIN A3, pour s'adapter \u00e0 toutes vos envies et vos cadres de vie.\r\nLa cha\u00eene des Pyr\u00e9n\u00e9es aux quatre saisons par l'auteur(rice): patrice THEBAULT","authors":["Patrice Th\u00e9bault"],"category_codes":["4000000","4010000","4010200"],"visuals":{"large":"https:\/\/images.epagine.fr\/511\/9783516563511_1_75.jpg","medium":"https:\/\/images.epagine.fr\/511\/9783516563511_1_m.jpg","thumbnail":"https:\/\/images.epagine.fr\/511\/9783516563511_1_v.jpg"},"orderable":true,"show_badge":true,"formatted_price":"0,00&nbsp;\u20ac","formatted_published_date":"15 mai 2025","publisher_availability_label":"Sur commande","short_details":"Patrice Th\u00e9bault \u2014 Calvendo","translator":null,"weight":460,"page_count":14,"readership":null,"editor":"Calvendo","price":0,"published_date":"2025-05-14T22:00:00.000000Z","support":"Calendrier","publisher_availability":1,"stock":0,"editions":[],"url":"https:\/\/quaidesbrumes.com\/ouvrage\/9783516563511\/pyreneennes-calendrier-mural-2026-din-a3-vertical-calvendo-calendrier-mensuel-la-chaine-des-pyrenees-aux-quatre-saisons"},{"id":"9783516563559","title":"Un oc\u00e9an de lumi\u00e8re (Calendrier mural 2026 DIN A3 vertical), CALVENDO calendrier mensuel : Jeu de lumi\u00e8re sur l'oc\u00e9an et la mer","description":"Jeu de lumi\u00e8re sur l'oc\u00e9an et la mer.\r\nDu coucher du soleil aux ciels travaill\u00e9s, l'oc\u00e9an et la mer nous \u00e9claboussent de lumi\u00e8re color\u00e9e.\r\n\r\nCalendrier mural de qualit\u00e9 sup\u00e9rieure avec 12 magnifiques photos. L'environnement nous tient \u00e0 coeur. C'est pourquoi nous utilisons exclusivement du papier certifi\u00e9 FSC provenant de for\u00eats g\u00e9r\u00e9es de mani\u00e8re \u00e9coresponsable. Nous \u00e9vitons la surproduction et donc des quantit\u00e9s significatives de d\u00e9chets, en produisant dans l'UE \u00e0 l'unit\u00e9 et sur demande. Nous r\u00e9duisons nos distances de transport et assurons une logistique respectueuse de l'environnement.\r\n\r\n14 pages dont 1 couverture | 12 pages mensuelles | 1 page d'index | dos cartonn\u00e9\r\n\r\nCe calendrier \u00e0 succ\u00e8s a \u00e9t\u00e9 r\u00e9\u00e9dit\u00e9 cette ann\u00e9e avec les m\u00eames images et une grille calendaire mise \u00e0 jour.\r\n\r\nIllustrations:\r\nJanvier: Coucher de soleil sur la M\u00e9diterran\u00e9e \r\nF\u00e9vrier: C\u00f4te d'Armor \r\nMars: C\u00f4te d'Azur \r\nAvril: Golfe du Lion \r\nMai: C\u00f4te Basque \r\nJuin: Mer des Antilles \r\nJuillet: La Manche \r\nAo\u00fbt: C\u00f4te Basque espagnole \r\nSeptembre: Mer des Cara\u00efbes \r\nOctobre: Le Finist\u00e8re \r\nNovembre: C\u00f4te d'Opale \r\nD\u00e9cembre: C\u00f4te Vermeille \r\n\r\nQUALITATIF - un calendrier annuel de qualit\u00e9 sup\u00e9rieure avec 12 magnifiques motifs, sur papier d'impression photo, avec une reliure spirale robuste et un crochet de suspension.\r\nDURABLE - r\u00e9duction significative des d\u00e9chets gr\u00e2ce \u00e0 une fabrication sur papier certifi\u00e9 FSC \u00e0 l'unit\u00e9 et sur demande, production dans l'UE, logistique \u00e9cologique.\r\nCADEAU ID\u00c9AL - destin\u00e9 \u00e0 vos contacts priv\u00e9s ou professionnels, \u00e0 la famille ou aux amis, aux jeunes adultes ou aux moins jeunes,  pour un cadeau de No\u00ebl ou d'anniversaire ou juste pour le plaisir d'offrir.\r\nDIVERSIFI\u00c9 - de nombreux formats DIN A4 ou DIN A3, pour s'adapter \u00e0 toutes vos envies et vos cadres de vie.\r\nJeu de lumi\u00e8re sur l'oc\u00e9an et la mer par l'auteur(rice): patrice THEBAULT","authors":["Patrice Th\u00e9bault"],"category_codes":["4000000","4010000","4010200"],"visuals":{"large":"https:\/\/images.epagine.fr\/559\/9783516563559_1_75.jpg","medium":"https:\/\/images.epagine.fr\/559\/9783516563559_1_m.jpg","thumbnail":"https:\/\/images.epagine.fr\/559\/9783516563559_1_v.jpg"},"orderable":true,"show_badge":true,"formatted_price":"0,00&nbsp;\u20ac","formatted_published_date":"15 mai 2025","publisher_availability_label":"Sur commande","short_details":"Patrice Th\u00e9bault \u2014 Calvendo","translator":null,"weight":460,"page_count":14,"readership":null,"editor":"Calvendo","price":0,"published_date":"2025-05-14T22:00:00.000000Z","support":"Calendrier","publisher_availability":1,"stock":0,"editions":[],"url":"https:\/\/quaidesbrumes.com\/ouvrage\/9783516563559\/un-ocean-de-lumiere-calendrier-mural-2026-din-a3-vertical-calvendo-calendrier-mensuel-jeu-de-lumiere-sur-locean-et-la-mer"},{"id":"9783516563825","title":"Pyr\u00e9n\u00e9ennes (Calendrier mural 2026 DIN A4 vertical), CALVENDO calendrier mensuel : La cha\u00eene des Pyr\u00e9n\u00e9es aux quatre saisons","description":"Voyage photographique sur le massif pyr\u00e9n\u00e9en aux quatre saisons. Paysages r\u00e9alis\u00e9s dans la r\u00e9gion Occitanie.\r\n\r\nCalendrier mural de qualit\u00e9 sup\u00e9rieure avec 12 magnifiques photos. L'environnement nous tient \u00e0 coeur. C'est pourquoi nous utilisons exclusivement du papier certifi\u00e9 FSC provenant de for\u00eats g\u00e9r\u00e9es de mani\u00e8re \u00e9coresponsable. Nous \u00e9vitons la surproduction et donc des quantit\u00e9s significatives de d\u00e9chets, en produisant dans l'UE \u00e0 l'unit\u00e9 et sur demande. Nous r\u00e9duisons nos distances de transport et assurons une logistique respectueuse de l'environnement.\r\n\r\n14 pages dont 1 couverture | 12 pages mensuelles | 1 page d'index | dos cartonn\u00e9\r\n\r\nCe calendrier \u00e0 succ\u00e8s a \u00e9t\u00e9 r\u00e9\u00e9dit\u00e9 cette ann\u00e9e avec les m\u00eames images et une grille calendaire mise \u00e0 jour.\r\n\r\nIllustrations:\r\nJanvier: Lever de soleil sur le Pyr\u00e9n\u00e9es \r\nF\u00e9vrier: Cirque de Troumousse \r\nMars: Superbagn\u00e8res \r\nAvril: Cascade du Pont d'Espagne \r\nMai: Cirque de Gavarnie \r\nJuin: Lac de Gaube \r\nJuillet: Cha\u00eene des Pyr\u00e9n\u00e9es \r\nAo\u00fbt: Cascade d'Ars \r\nSeptembre: Pic du Midi de Bigorre \r\nOctobre: Coucher de soleil sur Gavarnie \r\nNovembre: Massif pyr\u00e9n\u00e9en \r\nD\u00e9cembre: Transhumance \u00e0 Troumousse \r\n\r\nQUALITATIF - un calendrier annuel de qualit\u00e9 sup\u00e9rieure avec 12 magnifiques motifs, sur papier d'impression photo, avec une reliure spirale robuste et un crochet de suspension.\r\nDURABLE - r\u00e9duction significative des d\u00e9chets gr\u00e2ce \u00e0 une fabrication sur papier certifi\u00e9 FSC \u00e0 l'unit\u00e9 et sur demande, production dans l'UE, logistique \u00e9cologique.\r\nCADEAU ID\u00c9AL - destin\u00e9 \u00e0 vos contacts priv\u00e9s ou professionnels, \u00e0 la famille ou aux amis, aux jeunes adultes ou aux moins jeunes,  pour un cadeau de No\u00ebl ou d'anniversaire ou juste pour le plaisir d'offrir.\r\nDIVERSIFI\u00c9 - de nombreux formats DIN A4 ou DIN A3, pour s'adapter \u00e0 toutes vos envies et vos cadres de vie.\r\nLa cha\u00eene des Pyr\u00e9n\u00e9es aux quatre saisons par l'auteur(rice): patrice THEBAULT","authors":["Patrice Th\u00e9bault"],"category_codes":["4000000","4010000","4010200"],"visuals":{"large":"https:\/\/images.epagine.fr\/825\/9783516563825_1_75.jpg","medium":"https:\/\/images.epagine.fr\/825\/9783516563825_1_m.jpg","thumbnail":"https:\/\/images.epagine.fr\/825\/9783516563825_1_v.jpg"},"orderable":true,"show_badge":true,"formatted_price":"0,00&nbsp;\u20ac","formatted_published_date":"15 mai 2025","publisher_availability_label":"Sur commande","short_details":"Patrice Th\u00e9bault \u2014 Calvendo","translator":null,"weight":210,"page_count":14,"readership":null,"editor":"Calvendo","price":0,"published_date":"2025-05-14T22:00:00.000000Z","support":"Calendrier","publisher_availability":1,"stock":0,"editions":[],"url":"https:\/\/quaidesbrumes.com\/ouvrage\/9783516563825\/pyreneennes-calendrier-mural-2026-din-a4-vertical-calvendo-calendrier-mensuel-la-chaine-des-pyrenees-aux-quatre-saisons"},{"id":"9783516563931","title":"Un oc\u00e9an de lumi\u00e8re (Calendrier mural 2026 DIN A4 vertical), CALVENDO calendrier mensuel : Jeu de lumi\u00e8re sur l'oc\u00e9an et la mer","description":"Jeu de lumi\u00e8re sur l'oc\u00e9an et la mer.\r\nDu coucher du soleil aux ciels travaill\u00e9s, l'oc\u00e9an et la mer nous \u00e9claboussent de lumi\u00e8re color\u00e9e.\r\n\r\nCalendrier mural de qualit\u00e9 sup\u00e9rieure avec 12 magnifiques photos. L'environnement nous tient \u00e0 coeur. C'est pourquoi nous utilisons exclusivement du papier certifi\u00e9 FSC provenant de for\u00eats g\u00e9r\u00e9es de mani\u00e8re \u00e9coresponsable. Nous \u00e9vitons la surproduction et donc des quantit\u00e9s significatives de d\u00e9chets, en produisant dans l'UE \u00e0 l'unit\u00e9 et sur demande. Nous r\u00e9duisons nos distances de transport et assurons une logistique respectueuse de l'environnement.\r\n\r\n14 pages dont 1 couverture | 12 pages mensuelles | 1 page d'index | dos cartonn\u00e9\r\n\r\nCe calendrier \u00e0 succ\u00e8s a \u00e9t\u00e9 r\u00e9\u00e9dit\u00e9 cette ann\u00e9e avec les m\u00eames images et une grille calendaire mise \u00e0 jour.\r\n\r\nIllustrations:\r\nJanvier: Coucher de soleil sur la M\u00e9diterran\u00e9e \r\nF\u00e9vrier: C\u00f4te d'Armor \r\nMars: C\u00f4te d'Azur \r\nAvril: Golfe du Lion \r\nMai: C\u00f4te Basque \r\nJuin: Mer des Antilles \r\nJuillet: La Manche \r\nAo\u00fbt: C\u00f4te Basque espagnole \r\nSeptembre: Mer des Cara\u00efbes \r\nOctobre: Le Finist\u00e8re \r\nNovembre: C\u00f4te d'Opale \r\nD\u00e9cembre: C\u00f4te Vermeille \r\n\r\nQUALITATIF - un calendrier annuel de qualit\u00e9 sup\u00e9rieure avec 12 magnifiques motifs, sur papier d'impression photo, avec une reliure spirale robuste et un crochet de suspension.\r\nDURABLE - r\u00e9duction significative des d\u00e9chets gr\u00e2ce \u00e0 une fabrication sur papier certifi\u00e9 FSC \u00e0 l'unit\u00e9 et sur demande, production dans l'UE, logistique \u00e9cologique.\r\nCADEAU ID\u00c9AL - destin\u00e9 \u00e0 vos contacts priv\u00e9s ou professionnels, \u00e0 la famille ou aux amis, aux jeunes adultes ou aux moins jeunes,  pour un cadeau de No\u00ebl ou d'anniversaire ou juste pour le plaisir d'offrir.\r\nDIVERSIFI\u00c9 - de nombreux formats DIN A4 ou DIN A3, pour s'adapter \u00e0 toutes vos envies et vos cadres de vie.\r\nJeu de lumi\u00e8re sur l'oc\u00e9an et la mer par l'auteur(rice): patrice THEBAULT","authors":["Patrice Th\u00e9bault"],"category_codes":["4000000","4010000","4010200"],"visuals":{"large":"https:\/\/images.epagine.fr\/931\/9783516563931_1_75.jpg","medium":"https:\/\/images.epagine.fr\/931\/9783516563931_1_m.jpg","thumbnail":"https:\/\/images.epagine.fr\/931\/9783516563931_1_v.jpg"},"orderable":true,"show_badge":true,"formatted_price":"0,00&nbsp;\u20ac","formatted_published_date":"15 mai 2025","publisher_availability_label":"Sur commande","short_details":"Patrice Th\u00e9bault \u2014 Calvendo","translator":null,"weight":210,"page_count":14,"readership":null,"editor":"Calvendo","price":0,"published_date":"2025-05-14T22:00:00.000000Z","support":"Calendrier","publisher_availability":1,"stock":0,"editions":[],"url":"https:\/\/quaidesbrumes.com\/ouvrage\/9783516563931\/un-ocean-de-lumiere-calendrier-mural-2026-din-a4-vertical-calvendo-calendrier-mensuel-jeu-de-lumiere-sur-locean-et-la-mer"}]}