{"data":[{"id":"9783516715699","title":"Champignons tout en couleurs (Calendrier mural 2026 DIN A4 vertical), CALVENDO calendrier mensuel : \u00c0 la d\u00e9couverte des champignons aux couleurs \u00e9clatantes","description":"Offrez-vous un voyage en couleurs chaque mois avec le calendrier 2026 Champignons tout en couleurs. Chaque page met en lumi\u00e8re une nouvelle esp\u00e8ce : sa couleur, sa forme et son habitat, r\u00e9v\u00e9lant les myst\u00e8res et la beaut\u00e9 de ces organismes extraordinaires qui peuplent nos for\u00eats et sous-bois. Id\u00e9al pour les amoureux de la nature, les curieux de biodiversit\u00e9 ou ceux qui souhaitent d\u00e9couvrir les secrets de nos \u00e9cosyst\u00e8mes, ce calendrier vous invite \u00e0 une v\u00e9ritable \u00e9vasion quotidienne. Laissez entrer la magie des champignons chez vous et laissez-vous surprendre par leurs tr\u00e9sors mois apr\u00e8s mois !\r\n\r\nCalendrier mural de qualit\u00e9 sup\u00e9rieure avec 12 magnifiques photos. L'environnement nous tient \u00e0 coeur. C'est pourquoi nous utilisons exclusivement du papier certifi\u00e9 FSC provenant de for\u00eats g\u00e9r\u00e9es de mani\u00e8re \u00e9coresponsable. Nous \u00e9vitons la surproduction et donc des quantit\u00e9s significatives de d\u00e9chets, en produisant dans l'UE \u00e0 l'unit\u00e9 et sur demande. Nous r\u00e9duisons nos distances de transport et assurons une logistique respectueuse de l'environnement.\r\n\r\n14 pages dont 1 couverture | 12 pages mensuelles | 1 page d'index | dos cartonn\u00e9\r\n\r\nIllustrations:\r\nJanvier: Myc\u00e8ne ros\u00e2tre\r\nF\u00e9vrier: Myc\u00e8ne \u00e0 pied rouge\r\nMars: Russule \u00e9m\u00e9tique\r\nAvril: Cortinaire anthracite\r\nMai: Myc\u00e8ne\r\nJuin: Guepiniopsis buccina\r\nJuillet: Myc\u00e8ne et laccaire am\u00e9thyste\r\nAo\u00fbt: Pholiote astragale\r\nSeptembre: Bolet\r\nOctobre: Laccaire am\u00e9thyste\r\nNovembre: Chanterelle jaune\r\nD\u00e9cembre: Russule versicolore\r\n\r\nQUALITATIF - un calendrier annuel de qualit\u00e9 sup\u00e9rieure avec 12 magnifiques motifs, sur papier d'impression photo, avec une reliure spirale robuste et un crochet de suspension.\r\nDURABLE - r\u00e9duction significative des d\u00e9chets gr\u00e2ce \u00e0 une fabrication sur papier certifi\u00e9 FSC \u00e0 l'unit\u00e9 et sur demande, production dans l'UE, logistique \u00e9cologique.\r\nCADEAU ID\u00c9AL - destin\u00e9 \u00e0 vos contacts priv\u00e9s ou professionnels, \u00e0 la famille ou aux amis, aux jeunes adultes ou aux moins jeunes,  pour un cadeau de No\u00ebl ou d'anniversaire ou juste pour le plaisir d'offrir.\r\nDIVERSIFI\u00c9 - de nombreux formats DIN A4 ou DIN A3, pour s'adapter \u00e0 toutes vos envies et vos cadres de vie.\r\n\u00c0 la d\u00e9couverte des champignons aux couleurs \u00e9clatantes par l'auteur(rice): Iman Martzel","authors":["Iman Martzel"],"category_codes":["4000000","4010000","4010200"],"visuals":{"large":"https:\/\/images.epagine.fr\/699\/9783516715699_1_75.jpg","medium":"https:\/\/images.epagine.fr\/699\/9783516715699_1_m.jpg","thumbnail":"https:\/\/images.epagine.fr\/699\/9783516715699_1_v.jpg"},"orderable":true,"show_badge":true,"formatted_price":"0,00&nbsp;\u20ac","formatted_published_date":"21 septembre 2025","publisher_availability_label":"Sur commande","short_details":"Iman Martzel \u2014 CALVENDO","translator":null,"weight":210,"page_count":14,"readership":null,"editor":"CALVENDO","price":0,"published_date":"2025-09-20T22:00:00.000000Z","support":"Calendrier","publisher_availability":1,"stock":0,"editions":[],"url":"https:\/\/quaidesbrumes.com\/ouvrage\/9783516715699\/champignons-tout-en-couleurs-calendrier-mural-2026-din-a4-vertical-calvendo-calendrier-mensuel-a-la-decouverte-des-champignons-aux-couleurs-eclatantes"},{"id":"9783516715712","title":"Champignons tout en couleurs (Calendrier mural 2026 DIN A3 vertical), CALVENDO calendrier mensuel : \u00c0 la d\u00e9couverte des champignons aux couleurs \u00e9clatantes","description":"Offrez-vous un voyage en couleurs chaque mois avec le calendrier 2026 Champignons tout en couleurs. Chaque page met en lumi\u00e8re une nouvelle esp\u00e8ce : sa couleur, sa forme et son habitat, r\u00e9v\u00e9lant les myst\u00e8res et la beaut\u00e9 de ces organismes extraordinaires qui peuplent nos for\u00eats et sous-bois. Id\u00e9al pour les amoureux de la nature, les curieux de biodiversit\u00e9 ou ceux qui souhaitent d\u00e9couvrir les secrets de nos \u00e9cosyst\u00e8mes, ce calendrier vous invite \u00e0 une v\u00e9ritable \u00e9vasion quotidienne. Laissez entrer la magie des champignons chez vous et laissez-vous surprendre par leurs tr\u00e9sors mois apr\u00e8s mois !\r\n\r\nCalendrier mural de qualit\u00e9 sup\u00e9rieure avec 12 magnifiques photos. L'environnement nous tient \u00e0 coeur. C'est pourquoi nous utilisons exclusivement du papier certifi\u00e9 FSC provenant de for\u00eats g\u00e9r\u00e9es de mani\u00e8re \u00e9coresponsable. Nous \u00e9vitons la surproduction et donc des quantit\u00e9s significatives de d\u00e9chets, en produisant dans l'UE \u00e0 l'unit\u00e9 et sur demande. Nous r\u00e9duisons nos distances de transport et assurons une logistique respectueuse de l'environnement.\r\n\r\n14 pages dont 1 couverture | 12 pages mensuelles | 1 page d'index | dos cartonn\u00e9\r\n\r\nIllustrations:\r\nJanvier: Myc\u00e8ne ros\u00e2tre\r\nF\u00e9vrier: Myc\u00e8ne \u00e0 pied rouge\r\nMars: Russule \u00e9m\u00e9tique\r\nAvril: Cortinaire anthracite\r\nMai: Myc\u00e8ne\r\nJuin: Guepiniopsis buccina\r\nJuillet: Myc\u00e8ne et laccaire am\u00e9thyste\r\nAo\u00fbt: Pholiote astragale\r\nSeptembre: Bolet\r\nOctobre: Laccaire am\u00e9thyste\r\nNovembre: Chanterelle jaune\r\nD\u00e9cembre: Russule versicolore\r\n\r\nQUALITATIF - un calendrier annuel de qualit\u00e9 sup\u00e9rieure avec 12 magnifiques motifs, sur papier d'impression photo, avec une reliure spirale robuste et un crochet de suspension.\r\nDURABLE - r\u00e9duction significative des d\u00e9chets gr\u00e2ce \u00e0 une fabrication sur papier certifi\u00e9 FSC \u00e0 l'unit\u00e9 et sur demande, production dans l'UE, logistique \u00e9cologique.\r\nCADEAU ID\u00c9AL - destin\u00e9 \u00e0 vos contacts priv\u00e9s ou professionnels, \u00e0 la famille ou aux amis, aux jeunes adultes ou aux moins jeunes,  pour un cadeau de No\u00ebl ou d'anniversaire ou juste pour le plaisir d'offrir.\r\nDIVERSIFI\u00c9 - de nombreux formats DIN A4 ou DIN A3, pour s'adapter \u00e0 toutes vos envies et vos cadres de vie.\r\n\u00c0 la d\u00e9couverte des champignons aux couleurs \u00e9clatantes par l'auteur(rice): Iman Martzel","authors":["Iman Martzel"],"category_codes":["4000000","4010000","4010200"],"visuals":{"large":"https:\/\/images.epagine.fr\/712\/9783516715712_1_75.jpg","medium":"https:\/\/images.epagine.fr\/712\/9783516715712_1_m.jpg","thumbnail":"https:\/\/images.epagine.fr\/712\/9783516715712_1_v.jpg"},"orderable":true,"show_badge":true,"formatted_price":"0,00&nbsp;\u20ac","formatted_published_date":"21 septembre 2025","publisher_availability_label":"Sur commande","short_details":"Iman Martzel \u2014 CALVENDO","translator":null,"weight":460,"page_count":14,"readership":null,"editor":"CALVENDO","price":0,"published_date":"2025-09-20T22:00:00.000000Z","support":"Calendrier","publisher_availability":1,"stock":0,"editions":[],"url":"https:\/\/quaidesbrumes.com\/ouvrage\/9783516715712\/champignons-tout-en-couleurs-calendrier-mural-2026-din-a3-vertical-calvendo-calendrier-mensuel-a-la-decouverte-des-champignons-aux-couleurs-eclatantes"},{"id":"9783516715736","title":"Champignons tout en couleurs (Calendrier mural 2026 DIN A2 vertical), CALVENDO calendrier mensuel : \u00c0 la d\u00e9couverte des champignons aux couleurs \u00e9clatantes","description":"Offrez-vous un voyage en couleurs chaque mois avec le calendrier 2026 Champignons tout en couleurs. Chaque page met en lumi\u00e8re une nouvelle esp\u00e8ce : sa couleur, sa forme et son habitat, r\u00e9v\u00e9lant les myst\u00e8res et la beaut\u00e9 de ces organismes extraordinaires qui peuplent nos for\u00eats et sous-bois. Id\u00e9al pour les amoureux de la nature, les curieux de biodiversit\u00e9 ou ceux qui souhaitent d\u00e9couvrir les secrets de nos \u00e9cosyst\u00e8mes, ce calendrier vous invite \u00e0 une v\u00e9ritable \u00e9vasion quotidienne. Laissez entrer la magie des champignons chez vous et laissez-vous surprendre par leurs tr\u00e9sors mois apr\u00e8s mois !\r\n\r\nCalendrier mural de qualit\u00e9 sup\u00e9rieure avec 12 magnifiques photos. L'environnement nous tient \u00e0 coeur. C'est pourquoi nous utilisons exclusivement du papier certifi\u00e9 FSC provenant de for\u00eats g\u00e9r\u00e9es de mani\u00e8re \u00e9coresponsable. Nous \u00e9vitons la surproduction et donc des quantit\u00e9s significatives de d\u00e9chets, en produisant dans l'UE \u00e0 l'unit\u00e9 et sur demande. Nous r\u00e9duisons nos distances de transport et assurons une logistique respectueuse de l'environnement.\r\n\r\n14 pages dont 1 couverture | 12 pages mensuelles | 1 page d'index | dos cartonn\u00e9\r\n\r\nIllustrations:\r\nJanvier: Myc\u00e8ne ros\u00e2tre\r\nF\u00e9vrier: Myc\u00e8ne \u00e0 pied rouge\r\nMars: Russule \u00e9m\u00e9tique\r\nAvril: Cortinaire anthracite\r\nMai: Myc\u00e8ne\r\nJuin: Guepiniopsis buccina\r\nJuillet: Myc\u00e8ne et laccaire am\u00e9thyste\r\nAo\u00fbt: Pholiote astragale\r\nSeptembre: Bolet\r\nOctobre: Laccaire am\u00e9thyste\r\nNovembre: Chanterelle jaune\r\nD\u00e9cembre: Russule versicolore\r\n\r\nQUALITATIF - un calendrier annuel de qualit\u00e9 sup\u00e9rieure avec 12 magnifiques motifs, sur papier d'impression photo, avec une reliure spirale robuste et un crochet de suspension.\r\nDURABLE - r\u00e9duction significative des d\u00e9chets gr\u00e2ce \u00e0 une fabrication sur papier certifi\u00e9 FSC \u00e0 l'unit\u00e9 et sur demande, production dans l'UE, logistique \u00e9cologique.\r\nCADEAU ID\u00c9AL - destin\u00e9 \u00e0 vos contacts priv\u00e9s ou professionnels, \u00e0 la famille ou aux amis, aux jeunes adultes ou aux moins jeunes,  pour un cadeau de No\u00ebl ou d'anniversaire ou juste pour le plaisir d'offrir.\r\nDIVERSIFI\u00c9 - de nombreux formats DIN A4 ou DIN A3, pour s'adapter \u00e0 toutes vos envies et vos cadres de vie.\r\n\u00c0 la d\u00e9couverte des champignons aux couleurs \u00e9clatantes par l'auteur(rice): Iman Martzel","authors":["Iman Martzel"],"category_codes":["4000000","4010000","4010200"],"visuals":{"large":"https:\/\/images.epagine.fr\/736\/9783516715736_1_75.jpg","medium":"https:\/\/images.epagine.fr\/736\/9783516715736_1_m.jpg","thumbnail":"https:\/\/images.epagine.fr\/736\/9783516715736_1_v.jpg"},"orderable":true,"show_badge":true,"formatted_price":"0,00&nbsp;\u20ac","formatted_published_date":"21 septembre 2025","publisher_availability_label":"Sur commande","short_details":"Iman Martzel \u2014 CALVENDO","translator":null,"weight":940,"page_count":14,"readership":null,"editor":"CALVENDO","price":0,"published_date":"2025-09-20T22:00:00.000000Z","support":"Calendrier","publisher_availability":1,"stock":0,"editions":[],"url":"https:\/\/quaidesbrumes.com\/ouvrage\/9783516715736\/champignons-tout-en-couleurs-calendrier-mural-2026-din-a2-vertical-calvendo-calendrier-mensuel-a-la-decouverte-des-champignons-aux-couleurs-eclatantes"},{"id":"9783516715743","title":"Champignons tout en couleurs (Calendrier de bureau 2026 DIN A5 vertical), CALVENDO calendrier mensuel : \u00c0 la d\u00e9couverte des champignons aux couleurs \u00e9clatantes","description":"Offrez-vous un voyage en couleurs chaque mois avec le calendrier 2026 Champignons tout en couleurs. Chaque page met en lumi\u00e8re une nouvelle esp\u00e8ce : sa couleur, sa forme et son habitat, r\u00e9v\u00e9lant les myst\u00e8res et la beaut\u00e9 de ces organismes extraordinaires qui peuplent nos for\u00eats et sous-bois. Id\u00e9al pour les amoureux de la nature, les curieux de biodiversit\u00e9 ou ceux qui souhaitent d\u00e9couvrir les secrets de nos \u00e9cosyst\u00e8mes, ce calendrier vous invite \u00e0 une v\u00e9ritable \u00e9vasion quotidienne. Laissez entrer la magie des champignons chez vous et laissez-vous surprendre par leurs tr\u00e9sors mois apr\u00e8s mois !\r\n\r\nCalendrier de bureau de qualit\u00e9 sup\u00e9rieure avec 12 magnifiques photos. L'environnement nous tient \u00e0 coeur. C'est pourquoi nous utilisons exclusivement du papier certifi\u00e9 FSC provenant de for\u00eats g\u00e9r\u00e9es de mani\u00e8re \u00e9coresponsable. Nous \u00e9vitons la surproduction et donc des quantit\u00e9s significatives de d\u00e9chets, en produisant dans l'UE \u00e0 l'unit\u00e9 et sur demande. Nous r\u00e9duisons nos distances de transport et assurons une logistique respectueuse de l'environnement.\r\n\r\n14 pages dont 1 couverture | 12 pages mensuelles | 1 page d'index I dos cartonn\u00e9.\r\n\r\nIllustrations:\r\nJanvier: Myc\u00e8ne ros\u00e2tre\r\nF\u00e9vrier: Myc\u00e8ne \u00e0 pied rouge\r\nMars: Russule \u00e9m\u00e9tique\r\nAvril: Cortinaire anthracite\r\nMai: Myc\u00e8ne\r\nJuin: Guepiniopsis buccina\r\nJuillet: Myc\u00e8ne et laccaire am\u00e9thyste\r\nAo\u00fbt: Pholiote astragale\r\nSeptembre: Bolet\r\nOctobre: Laccaire am\u00e9thyste\r\nNovembre: Chanterelle jaune\r\nD\u00e9cembre: Russule versicolore\r\n\r\nQUALITATIF - un calendrier annuel de qualit\u00e9 sup\u00e9rieure avec 12 magnifiques motifs, sur papier d'impression photo, avec une reliure spirale robuste.\r\nDURABLE - r\u00e9duction significative des d\u00e9chets gr\u00e2ce \u00e0 une fabrication sur papier certifi\u00e9 FSC \u00e0 l'unit\u00e9 et sur demande, production dans l'UE, logistique \u00e9cologique.\r\nCADEAU ID\u00c9AL - destin\u00e9 \u00e0 vos contacts priv\u00e9s ou professionnels, \u00e0 la famille ou aux amis, aux jeunes adultes ou aux moins jeunes,  pour un cadeau de No\u00ebl ou d'anniversaire ou juste pour le plaisir d'offrir.\r\nDIVERSIFI\u00c9 - de nombreux formats DIN A4 ou DIN A3, pour s'adapter \u00e0 toutes vos envies et vos cadres de vie.\r\n\u00c0 la d\u00e9couverte des champignons aux couleurs \u00e9clatantes par l'auteur(rice): Iman Martzel","authors":["Iman Martzel"],"category_codes":["4000000","4010000","4010200"],"visuals":{"large":"https:\/\/images.epagine.fr\/743\/9783516715743_1_75.jpg","medium":"https:\/\/images.epagine.fr\/743\/9783516715743_1_m.jpg","thumbnail":"https:\/\/images.epagine.fr\/743\/9783516715743_1_v.jpg"},"orderable":true,"show_badge":true,"formatted_price":"0,00&nbsp;\u20ac","formatted_published_date":"21 septembre 2025","publisher_availability_label":"Sur commande","short_details":"Iman Martzel \u2014 CALVENDO","translator":null,"weight":165,"page_count":14,"readership":null,"editor":"CALVENDO","price":0,"published_date":"2025-09-20T22:00:00.000000Z","support":"Calendrier","publisher_availability":1,"stock":0,"editions":[],"url":"https:\/\/quaidesbrumes.com\/ouvrage\/9783516715743\/champignons-tout-en-couleurs-calendrier-de-bureau-2026-din-a5-vertical-calvendo-calendrier-mensuel-a-la-decouverte-des-champignons-aux-couleurs-eclatantes"},{"id":"9783516715767","title":"Champignons tout en couleurs  (Calendrier mural 2026 DIN A2 vertical) calendrier de bureau : \u00c0 la d\u00e9couverte des champignons aux couleurs \u00e9clatantes","description":"Offrez-vous un voyage en couleurs chaque mois avec le calendrier 2026 Champignons tout en couleurs. Chaque page met en lumi\u00e8re une nouvelle esp\u00e8ce : sa couleur, sa forme et son habitat, r\u00e9v\u00e9lant les myst\u00e8res et la beaut\u00e9 de ces organismes extraordinaires qui peuplent nos for\u00eats et sous-bois. Id\u00e9al pour les amoureux de la nature, les curieux de biodiversit\u00e9 ou ceux qui souhaitent d\u00e9couvrir les secrets de nos \u00e9cosyst\u00e8mes, ce calendrier vous invite \u00e0 une v\u00e9ritable \u00e9vasion quotidienne. Laissez entrer la magie des champignons chez vous et laissez-vous surprendre par leurs tr\u00e9sors mois apr\u00e8s mois !\r\n\r\nImpression d'art premium en haute brillance de qualit\u00e9 mus\u00e9e. Pour que les feuilles de papier soient bien accroch\u00e9es au mur, ce calendrier haut de gamme est dot\u00e9 de pochettes innovantes. Elles prot\u00e8gent les grandes feuilles des effets de l'humidit\u00e9 de l'air. Le papier est un mat\u00e9riau naturel. Les fibres r\u00e9agissent aux variations du climat ambiant. Il est donc conseill\u00e9 de ne pas retirer les pochettes d'insertion.\r\n\r\nNotre environnement nous tient \u00e0 coeur, c'est pourquoi nous misons sur une fabrication individuelle en Allemagne (Made in Germany) avec des mat\u00e9riaux de qualit\u00e9 sup\u00e9rieure.\r\n\r\n14 pages dont 1 couverture | 12 pages mensuelles | 1 page d'index I dos cartonn\u00e9.\r\n\r\n\r\nIllustrations:\r\nJanvier: Myc\u00e8ne ros\u00e2tre\r\nF\u00e9vrier: Myc\u00e8ne \u00e0 pied rouge\r\nMars: Russule \u00e9m\u00e9tique\r\nAvril: Cortinaire anthracite\r\nMai: Myc\u00e8ne\r\nJuin: Guepiniopsis buccina\r\nJuillet: Myc\u00e8ne et laccaire am\u00e9thyste\r\nAo\u00fbt: Pholiote astragale\r\nSeptembre: Bolet\r\nOctobre: Laccaire am\u00e9thyste\r\nNovembre: Chanterelle jaune\r\nD\u00e9cembre: Russule versicolore\r\n\r\nLIGNE PREMIUM - Calendrier photo brillant avec 12 magnifiques motifs, impression d'art en haute brillance de qualit\u00e9 mus\u00e9e\r\nQUALIT\u00c9 - mat\u00e9riaux nobles, dos solide avec 2 pochettes innovantes pour une pr\u00e9sentation optimale au mur\r\nDURABLE - nette r\u00e9duction des d\u00e9chets gr\u00e2ce \u00e0 une fabrication \u00e0 l'unit\u00e9 adapt\u00e9e aux besoins, papier certifi\u00e9 FSC respectueux de l'environnement, production en Allemagne, logistique respectueuse du climat.\r\nCADEAU PARFAIT - calendrier pour les amis et la famille, pour les enfants et les adultes, les jeunes et les moins jeunes, pour No\u00ebl, les anniversaires ou entre deux.\r\n\u00c0 la d\u00e9couverte des champignons aux couleurs \u00e9clatantes par l'auteur(rice): Iman Martzel","authors":["Iman Martzel"],"category_codes":["4000000","4010000","4010200"],"visuals":{"large":"https:\/\/images.epagine.fr\/767\/9783516715767_1_75.jpg","medium":"https:\/\/images.epagine.fr\/767\/9783516715767_1_m.jpg","thumbnail":"https:\/\/images.epagine.fr\/767\/9783516715767_1_v.jpg"},"orderable":true,"show_badge":true,"formatted_price":"0,00&nbsp;\u20ac","formatted_published_date":"21 septembre 2025","publisher_availability_label":"Sur commande","short_details":"Iman Martzel \u2014 CALVENDO","translator":null,"weight":1280,"page_count":14,"readership":null,"editor":"CALVENDO","price":0,"published_date":"2025-09-20T22:00:00.000000Z","support":"Calendrier","publisher_availability":1,"stock":0,"editions":[],"url":"https:\/\/quaidesbrumes.com\/ouvrage\/9783516715767\/champignons-tout-en-couleurs-calendrier-mural-2026-din-a2-vertical-calendrier-de-bureau-a-la-decouverte-des-champignons-aux-couleurs-eclatantes"},{"id":"9783516717525","title":"Regards sauvages - Une ann\u00e9e de libert\u00e9 (Calendrier mural 2026 DIN A4 horizontal), CALVENDO calendrier mensuel : Un calendrier captivant qui c\u00e9l\u00e8bre, mois apr\u00e8s mois, la beaut\u00e9 et la force des animaux sauvages dans toute leur libert\u00e9.","description":"Chaque mois, laissez-vous transporter au coeur de la vie sauvage, o\u00f9 les animaux d\u00e9voilent leur force, leur gr\u00e2ce et l'intensit\u00e9 de leurs regards libres et authentiques. Bien plus qu'un simple outil pour organiser vos journ\u00e9es, ce calendrier transforme vos murs en une fen\u00eatre ouverte sur la nature, invitant \u00e0 l'\u00e9merveillement et \u00e0 la contemplation. \u00c0 offrir ou \u00e0 s'offrir, il apporte une touche de puissance, de beaut\u00e9 et de libert\u00e9 \u00e0 votre quotidien tout au long de l'ann\u00e9e.\r\n\r\nCalendrier mural de qualit\u00e9 sup\u00e9rieure avec 12 magnifiques photos. L'environnement nous tient \u00e0 coeur. C'est pourquoi nous utilisons exclusivement du papier certifi\u00e9 FSC provenant de for\u00eats g\u00e9r\u00e9es de mani\u00e8re \u00e9coresponsable. Nous \u00e9vitons la surproduction et donc des quantit\u00e9s significatives de d\u00e9chets, en produisant dans l'UE \u00e0 l'unit\u00e9 et sur demande. Nous r\u00e9duisons nos distances de transport et assurons une logistique respectueuse de l'environnement.\r\n\r\n14 pages dont 1 couverture | 12 pages mensuelles | 1 page d'index | dos cartonn\u00e9\r\n\r\nIllustrations:\r\nJanvier: Renardeaux\r\nF\u00e9vrier: Go\u00e9land\r\nMars: Gravelot \u00e0 collier interrompu\r\nAvril: Accenteur mouchet\r\nMai: Chevreuil\r\nJuin: Mouette rieuse\r\nJuillet: Tarier p\u00e2tre\r\nAo\u00fbt: Sanglier\r\nSeptembre: Avocette \u00e9l\u00e9gante\r\nOctobre: Linotte m\u00e9lodieuse\r\nNovembre: \u00c9chasse blanche\r\nD\u00e9cembre: Marmotte\r\n\r\nQUALITATIF - un calendrier annuel de qualit\u00e9 sup\u00e9rieure avec 12 magnifiques motifs, sur papier d'impression photo, avec une reliure spirale robuste et un crochet de suspension.\r\nDURABLE - r\u00e9duction significative des d\u00e9chets gr\u00e2ce \u00e0 une fabrication sur papier certifi\u00e9 FSC \u00e0 l'unit\u00e9 et sur demande, production dans l'UE, logistique \u00e9cologique.\r\nCADEAU ID\u00c9AL - destin\u00e9 \u00e0 vos contacts priv\u00e9s ou professionnels, \u00e0 la famille ou aux amis, aux jeunes adultes ou aux moins jeunes,  pour un cadeau de No\u00ebl ou d'anniversaire ou juste pour le plaisir d'offrir.\r\nDIVERSIFI\u00c9 - de nombreux formats DIN A4 ou DIN A3, pour s'adapter \u00e0 toutes vos envies et vos cadres de vie.\r\nUn calendrier captivant qui c\u00e9l\u00e8bre, mois apr\u00e8s mois, la beaut\u00e9 et la force des animaux sauvages dans toute leur libert\u00e9. par l'auteur(rice): Carcajou Pictures","authors":["Thomas Martzel"],"category_codes":["4000000","4010000","4010200"],"visuals":{"large":"https:\/\/images.epagine.fr\/525\/9783516717525_1_75.jpg","medium":"https:\/\/images.epagine.fr\/525\/9783516717525_1_m.jpg","thumbnail":"https:\/\/images.epagine.fr\/525\/9783516717525_1_v.jpg"},"orderable":true,"show_badge":true,"formatted_price":"0,00&nbsp;\u20ac","formatted_published_date":"14 octobre 2025","publisher_availability_label":"Sur commande","short_details":"Thomas Martzel \u2014 CALVENDO","translator":null,"weight":210,"page_count":14,"readership":null,"editor":"CALVENDO","price":0,"published_date":"2025-10-13T22:00:00.000000Z","support":"Calendrier","publisher_availability":1,"stock":0,"editions":[],"url":"https:\/\/quaidesbrumes.com\/ouvrage\/9783516717525\/regards-sauvages-une-annee-de-liberte-calendrier-mural-2026-din-a4-horizontal-calvendo-calendrier-mensuel-un-calendrier-captivant-qui-celebre-mois-apres-mois-la-beaute-et-la-force-des-animaux-sauvages-dans-toute-leur-liberte"},{"id":"9783516717549","title":"Voyage ornithologique (Calendrier mural 2026 DIN A4 horizontal), CALVENDO calendrier mensuel : Un calendrier fascinant qui vous fait explorer, mois apr\u00e8s mois, la beaut\u00e9 et la diversit\u00e9 des oiseaux \u00e0 travers le monde.","description":"Chaque mois, embarquez pour un voyage captivant \u00e0 travers le monde des oiseaux, d\u00e9couvrant des esp\u00e8ces rares, des comportements fascinants et des paysages o\u00f9 la nature s'exprime dans toute sa splendeur. Bien plus qu'un simple calendrier, il transforme vos murs en une invitation \u00e0 l'\u00e9vasion et \u00e0 la contemplation, m\u00ealant beaut\u00e9, curiosit\u00e9 et \u00e9merveillement. \u00c0 offrir ou \u00e0 s'offrir, il apporte une touche d'inspiration et de s\u00e9r\u00e9nit\u00e9 au quotidien, en c\u00e9l\u00e9brant la richesse et la diversit\u00e9 du monde ornithologique.\r\n\r\nCalendrier mural de qualit\u00e9 sup\u00e9rieure avec 12 magnifiques photos. L'environnement nous tient \u00e0 coeur. C'est pourquoi nous utilisons exclusivement du papier certifi\u00e9 FSC provenant de for\u00eats g\u00e9r\u00e9es de mani\u00e8re \u00e9coresponsable. Nous \u00e9vitons la surproduction et donc des quantit\u00e9s significatives de d\u00e9chets, en produisant dans l'UE \u00e0 l'unit\u00e9 et sur demande. Nous r\u00e9duisons nos distances de transport et assurons une logistique respectueuse de l'environnement.\r\n\r\n14 pages dont 1 couverture | 12 pages mensuelles | 1 page d'index | dos cartonn\u00e9\r\n\r\nIllustrations:\r\nJanvier: \u00c9chasse blanche\r\nF\u00e9vrier: Linotte m\u00e9lodieuse\r\nMars: Mouette rieuse\r\nAvril: Moineau\r\nMai: Avocette \u00e9l\u00e9gante\r\nJuin: Gravelot \u00e0 collier interrompu\r\nJuillet: Accenteur mouchet\r\nAo\u00fbt: Spatule blanche\r\nSeptembre: Rouge gorge\r\nOctobre: Aigrette garzette\r\nNovembre: Tarier p\u00e2tre\r\nD\u00e9cembre: Grand gravelot\r\n\r\nQUALITATIF - un calendrier annuel de qualit\u00e9 sup\u00e9rieure avec 12 magnifiques motifs, sur papier d'impression photo, avec une reliure spirale robuste et un crochet de suspension.\r\nDURABLE - r\u00e9duction significative des d\u00e9chets gr\u00e2ce \u00e0 une fabrication sur papier certifi\u00e9 FSC \u00e0 l'unit\u00e9 et sur demande, production dans l'UE, logistique \u00e9cologique.\r\nCADEAU ID\u00c9AL - destin\u00e9 \u00e0 vos contacts priv\u00e9s ou professionnels, \u00e0 la famille ou aux amis, aux jeunes adultes ou aux moins jeunes,  pour un cadeau de No\u00ebl ou d'anniversaire ou juste pour le plaisir d'offrir.\r\nDIVERSIFI\u00c9 - de nombreux formats DIN A4 ou DIN A3, pour s'adapter \u00e0 toutes vos envies et vos cadres de vie.\r\nUn calendrier fascinant qui vous fait explorer, mois apr\u00e8s mois, la beaut\u00e9 et la diversit\u00e9 des oiseaux \u00e0 travers le monde. par l'auteur(rice): Carcajou Pictures","authors":["Thomas Martzel"],"category_codes":["4000000","4010000","4010200"],"visuals":{"large":"https:\/\/images.epagine.fr\/549\/9783516717549_1_75.jpg","medium":"https:\/\/images.epagine.fr\/549\/9783516717549_1_m.jpg","thumbnail":"https:\/\/images.epagine.fr\/549\/9783516717549_1_v.jpg"},"orderable":true,"show_badge":true,"formatted_price":"0,00&nbsp;\u20ac","formatted_published_date":"14 octobre 2025","publisher_availability_label":"Sur commande","short_details":"Thomas Martzel \u2014 CALVENDO","translator":null,"weight":210,"page_count":14,"readership":null,"editor":"CALVENDO","price":0,"published_date":"2025-10-13T22:00:00.000000Z","support":"Calendrier","publisher_availability":1,"stock":0,"editions":[],"url":"https:\/\/quaidesbrumes.com\/ouvrage\/9783516717549\/voyage-ornithologique-calendrier-mural-2026-din-a4-horizontal-calvendo-calendrier-mensuel-un-calendrier-fascinant-qui-vous-fait-explorer-mois-apres-mois-la-beaute-et-la-diversite-des-oiseaux-a-travers-le-monde"},{"id":"9783516717563","title":"Regards sauvages - Une ann\u00e9e de libert\u00e9 (Calendrier mural 2026 DIN A3 horizontal), CALVENDO calendrier mensuel : Un calendrier captivant qui c\u00e9l\u00e8bre, mois apr\u00e8s mois, la beaut\u00e9 et la force des animaux sauvages dans toute leur libert\u00e9.","description":"Chaque mois, laissez-vous transporter au coeur de la vie sauvage, o\u00f9 les animaux d\u00e9voilent leur force, leur gr\u00e2ce et l'intensit\u00e9 de leurs regards libres et authentiques. Bien plus qu'un simple outil pour organiser vos journ\u00e9es, ce calendrier transforme vos murs en une fen\u00eatre ouverte sur la nature, invitant \u00e0 l'\u00e9merveillement et \u00e0 la contemplation. \u00c0 offrir ou \u00e0 s'offrir, il apporte une touche de puissance, de beaut\u00e9 et de libert\u00e9 \u00e0 votre quotidien tout au long de l'ann\u00e9e.\r\n\r\nCalendrier mural de qualit\u00e9 sup\u00e9rieure avec 12 magnifiques photos. L'environnement nous tient \u00e0 coeur. C'est pourquoi nous utilisons exclusivement du papier certifi\u00e9 FSC provenant de for\u00eats g\u00e9r\u00e9es de mani\u00e8re \u00e9coresponsable. Nous \u00e9vitons la surproduction et donc des quantit\u00e9s significatives de d\u00e9chets, en produisant dans l'UE \u00e0 l'unit\u00e9 et sur demande. Nous r\u00e9duisons nos distances de transport et assurons une logistique respectueuse de l'environnement.\r\n\r\n14 pages dont 1 couverture | 12 pages mensuelles | 1 page d'index | dos cartonn\u00e9\r\n\r\nIllustrations:\r\nJanvier: Renardeaux\r\nF\u00e9vrier: Go\u00e9land\r\nMars: Gravelot \u00e0 collier interrompu\r\nAvril: Accenteur mouchet\r\nMai: Chevreuil\r\nJuin: Mouette rieuse\r\nJuillet: Tarier p\u00e2tre\r\nAo\u00fbt: Sanglier\r\nSeptembre: Avocette \u00e9l\u00e9gante\r\nOctobre: Linotte m\u00e9lodieuse\r\nNovembre: \u00c9chasse blanche\r\nD\u00e9cembre: Marmotte\r\n\r\nQUALITATIF - un calendrier annuel de qualit\u00e9 sup\u00e9rieure avec 12 magnifiques motifs, sur papier d'impression photo, avec une reliure spirale robuste et un crochet de suspension.\r\nDURABLE - r\u00e9duction significative des d\u00e9chets gr\u00e2ce \u00e0 une fabrication sur papier certifi\u00e9 FSC \u00e0 l'unit\u00e9 et sur demande, production dans l'UE, logistique \u00e9cologique.\r\nCADEAU ID\u00c9AL - destin\u00e9 \u00e0 vos contacts priv\u00e9s ou professionnels, \u00e0 la famille ou aux amis, aux jeunes adultes ou aux moins jeunes,  pour un cadeau de No\u00ebl ou d'anniversaire ou juste pour le plaisir d'offrir.\r\nDIVERSIFI\u00c9 - de nombreux formats DIN A4 ou DIN A3, pour s'adapter \u00e0 toutes vos envies et vos cadres de vie.\r\nUn calendrier captivant qui c\u00e9l\u00e8bre, mois apr\u00e8s mois, la beaut\u00e9 et la force des animaux sauvages dans toute leur libert\u00e9. par l'auteur(rice): Carcajou Pictures","authors":["Thomas Martzel"],"category_codes":["4000000","4010000","4010200"],"visuals":{"large":"https:\/\/images.epagine.fr\/563\/9783516717563_1_75.jpg","medium":"https:\/\/images.epagine.fr\/563\/9783516717563_1_m.jpg","thumbnail":"https:\/\/images.epagine.fr\/563\/9783516717563_1_v.jpg"},"orderable":true,"show_badge":true,"formatted_price":"0,00&nbsp;\u20ac","formatted_published_date":"14 octobre 2025","publisher_availability_label":"Sur commande","short_details":"Thomas Martzel \u2014 CALVENDO","translator":null,"weight":450,"page_count":14,"readership":null,"editor":"CALVENDO","price":0,"published_date":"2025-10-13T22:00:00.000000Z","support":"Calendrier","publisher_availability":1,"stock":0,"editions":[],"url":"https:\/\/quaidesbrumes.com\/ouvrage\/9783516717563\/regards-sauvages-une-annee-de-liberte-calendrier-mural-2026-din-a3-horizontal-calvendo-calendrier-mensuel-un-calendrier-captivant-qui-celebre-mois-apres-mois-la-beaute-et-la-force-des-animaux-sauvages-dans-toute-leur-liberte"},{"id":"9783516717587","title":"Voyage ornithologique (Calendrier mural 2026 DIN A3 horizontal), CALVENDO calendrier mensuel : Un calendrier fascinant qui vous fait explorer, mois apr\u00e8s mois, la beaut\u00e9 et la diversit\u00e9 des oiseaux \u00e0 travers le monde.","description":"Chaque mois, embarquez pour un voyage captivant \u00e0 travers le monde des oiseaux, d\u00e9couvrant des esp\u00e8ces rares, des comportements fascinants et des paysages o\u00f9 la nature s'exprime dans toute sa splendeur. Bien plus qu'un simple calendrier, il transforme vos murs en une invitation \u00e0 l'\u00e9vasion et \u00e0 la contemplation, m\u00ealant beaut\u00e9, curiosit\u00e9 et \u00e9merveillement. \u00c0 offrir ou \u00e0 s'offrir, il apporte une touche d'inspiration et de s\u00e9r\u00e9nit\u00e9 au quotidien, en c\u00e9l\u00e9brant la richesse et la diversit\u00e9 du monde ornithologique.\r\n\r\nCalendrier mural de qualit\u00e9 sup\u00e9rieure avec 12 magnifiques photos. L'environnement nous tient \u00e0 coeur. C'est pourquoi nous utilisons exclusivement du papier certifi\u00e9 FSC provenant de for\u00eats g\u00e9r\u00e9es de mani\u00e8re \u00e9coresponsable. Nous \u00e9vitons la surproduction et donc des quantit\u00e9s significatives de d\u00e9chets, en produisant dans l'UE \u00e0 l'unit\u00e9 et sur demande. Nous r\u00e9duisons nos distances de transport et assurons une logistique respectueuse de l'environnement.\r\n\r\n14 pages dont 1 couverture | 12 pages mensuelles | 1 page d'index | dos cartonn\u00e9\r\n\r\nIllustrations:\r\nJanvier: \u00c9chasse blanche\r\nF\u00e9vrier: Linotte m\u00e9lodieuse\r\nMars: Mouette rieuse\r\nAvril: Moineau\r\nMai: Avocette \u00e9l\u00e9gante\r\nJuin: Gravelot \u00e0 collier interrompu\r\nJuillet: Accenteur mouchet\r\nAo\u00fbt: Spatule blanche\r\nSeptembre: Rouge gorge\r\nOctobre: Aigrette garzette\r\nNovembre: Tarier p\u00e2tre\r\nD\u00e9cembre: Grand gravelot\r\n\r\nQUALITATIF - un calendrier annuel de qualit\u00e9 sup\u00e9rieure avec 12 magnifiques motifs, sur papier d'impression photo, avec une reliure spirale robuste et un crochet de suspension.\r\nDURABLE - r\u00e9duction significative des d\u00e9chets gr\u00e2ce \u00e0 une fabrication sur papier certifi\u00e9 FSC \u00e0 l'unit\u00e9 et sur demande, production dans l'UE, logistique \u00e9cologique.\r\nCADEAU ID\u00c9AL - destin\u00e9 \u00e0 vos contacts priv\u00e9s ou professionnels, \u00e0 la famille ou aux amis, aux jeunes adultes ou aux moins jeunes,  pour un cadeau de No\u00ebl ou d'anniversaire ou juste pour le plaisir d'offrir.\r\nDIVERSIFI\u00c9 - de nombreux formats DIN A4 ou DIN A3, pour s'adapter \u00e0 toutes vos envies et vos cadres de vie.\r\nUn calendrier fascinant qui vous fait explorer, mois apr\u00e8s mois, la beaut\u00e9 et la diversit\u00e9 des oiseaux \u00e0 travers le monde. par l'auteur(rice): Carcajou Pictures","authors":["Thomas Martzel"],"category_codes":["4000000","4010000","4010200"],"visuals":{"large":"https:\/\/images.epagine.fr\/587\/9783516717587_1_75.jpg","medium":"https:\/\/images.epagine.fr\/587\/9783516717587_1_m.jpg","thumbnail":"https:\/\/images.epagine.fr\/587\/9783516717587_1_v.jpg"},"orderable":true,"show_badge":true,"formatted_price":"0,00&nbsp;\u20ac","formatted_published_date":"14 octobre 2025","publisher_availability_label":"Sur commande","short_details":"Thomas Martzel \u2014 CALVENDO","translator":null,"weight":450,"page_count":14,"readership":null,"editor":"CALVENDO","price":0,"published_date":"2025-10-13T22:00:00.000000Z","support":"Calendrier","publisher_availability":1,"stock":0,"editions":[],"url":"https:\/\/quaidesbrumes.com\/ouvrage\/9783516717587\/voyage-ornithologique-calendrier-mural-2026-din-a3-horizontal-calvendo-calendrier-mensuel-un-calendrier-fascinant-qui-vous-fait-explorer-mois-apres-mois-la-beaute-et-la-diversite-des-oiseaux-a-travers-le-monde"},{"id":"9783516717600","title":"Voyage ornithologique (Calendrier de bureau 2026 DIN A5 horizontal), CALVENDO calendrier mensuel : Un calendrier fascinant qui vous fait explorer, mois apr\u00e8s mois, la beaut\u00e9 et la diversit\u00e9 des oiseaux \u00e0 travers le monde.","description":"Chaque mois, embarquez pour un voyage captivant \u00e0 travers le monde des oiseaux, d\u00e9couvrant des esp\u00e8ces rares, des comportements fascinants et des paysages o\u00f9 la nature s'exprime dans toute sa splendeur. Bien plus qu'un simple calendrier, il transforme vos murs en une invitation \u00e0 l'\u00e9vasion et \u00e0 la contemplation, m\u00ealant beaut\u00e9, curiosit\u00e9 et \u00e9merveillement. \u00c0 offrir ou \u00e0 s'offrir, il apporte une touche d'inspiration et de s\u00e9r\u00e9nit\u00e9 au quotidien, en c\u00e9l\u00e9brant la richesse et la diversit\u00e9 du monde ornithologique.\r\n\r\nCalendrier de bureau de qualit\u00e9 sup\u00e9rieure avec 12 magnifiques photos. L'environnement nous tient \u00e0 coeur. C'est pourquoi nous utilisons exclusivement du papier certifi\u00e9 FSC provenant de for\u00eats g\u00e9r\u00e9es de mani\u00e8re \u00e9coresponsable. Nous \u00e9vitons la surproduction et donc des quantit\u00e9s significatives de d\u00e9chets, en produisant dans l'UE \u00e0 l'unit\u00e9 et sur demande. Nous r\u00e9duisons nos distances de transport et assurons une logistique respectueuse de l'environnement.\r\n\r\n14 pages dont 1 couverture | 12 pages mensuelles | 1 page d'index I dos cartonn\u00e9.\r\n\r\nIllustrations:\r\nJanvier: \u00c9chasse blanche\r\nF\u00e9vrier: Linotte m\u00e9lodieuse\r\nMars: Mouette rieuse\r\nAvril: Moineau\r\nMai: Avocette \u00e9l\u00e9gante\r\nJuin: Gravelot \u00e0 collier interrompu\r\nJuillet: Accenteur mouchet\r\nAo\u00fbt: Spatule blanche\r\nSeptembre: Rouge gorge\r\nOctobre: Aigrette garzette\r\nNovembre: Tarier p\u00e2tre\r\nD\u00e9cembre: Grand gravelot\r\n\r\nQUALITATIF - un calendrier annuel de qualit\u00e9 sup\u00e9rieure avec 12 magnifiques motifs, sur papier d'impression photo, avec une reliure spirale robuste.\r\nDURABLE - r\u00e9duction significative des d\u00e9chets gr\u00e2ce \u00e0 une fabrication sur papier certifi\u00e9 FSC \u00e0 l'unit\u00e9 et sur demande, production dans l'UE, logistique \u00e9cologique.\r\nCADEAU ID\u00c9AL - destin\u00e9 \u00e0 vos contacts priv\u00e9s ou professionnels, \u00e0 la famille ou aux amis, aux jeunes adultes ou aux moins jeunes,  pour un cadeau de No\u00ebl ou d'anniversaire ou juste pour le plaisir d'offrir.\r\nDIVERSIFI\u00c9 - de nombreux formats DIN A4 ou DIN A3, pour s'adapter \u00e0 toutes vos envies et vos cadres de vie.\r\nUn calendrier fascinant qui vous fait explorer, mois apr\u00e8s mois, la beaut\u00e9 et la diversit\u00e9 des oiseaux \u00e0 travers le monde. par l'auteur(rice): Carcajou Pictures","authors":["Thomas Martzel"],"category_codes":["4000000","4010000","4010200"],"visuals":{"large":"https:\/\/images.epagine.fr\/600\/9783516717600_1_75.jpg","medium":"https:\/\/images.epagine.fr\/600\/9783516717600_1_m.jpg","thumbnail":"https:\/\/images.epagine.fr\/600\/9783516717600_1_v.jpg"},"orderable":true,"show_badge":true,"formatted_price":"0,00&nbsp;\u20ac","formatted_published_date":"14 octobre 2025","publisher_availability_label":"Sur commande","short_details":"Thomas Martzel \u2014 CALVENDO","translator":null,"weight":165,"page_count":14,"readership":null,"editor":"CALVENDO","price":0,"published_date":"2025-10-13T22:00:00.000000Z","support":"Calendrier","publisher_availability":1,"stock":0,"editions":[],"url":"https:\/\/quaidesbrumes.com\/ouvrage\/9783516717600\/voyage-ornithologique-calendrier-de-bureau-2026-din-a5-horizontal-calvendo-calendrier-mensuel-un-calendrier-fascinant-qui-vous-fait-explorer-mois-apres-mois-la-beaute-et-la-diversite-des-oiseaux-a-travers-le-monde"},{"id":"9783516717624","title":"Regards sauvages - Une ann\u00e9e de libert\u00e9 (Calendrier de bureau 2026 DIN A5 horizontal), CALVENDO calendrier mensuel : Un calendrier captivant qui c\u00e9l\u00e8bre, mois apr\u00e8s mois, la beaut\u00e9 et la force des animaux sauvages dans toute leur libert\u00e9.","description":"Chaque mois, laissez-vous transporter au coeur de la vie sauvage, o\u00f9 les animaux d\u00e9voilent leur force, leur gr\u00e2ce et l'intensit\u00e9 de leurs regards libres et authentiques. Bien plus qu'un simple outil pour organiser vos journ\u00e9es, ce calendrier transforme vos murs en une fen\u00eatre ouverte sur la nature, invitant \u00e0 l'\u00e9merveillement et \u00e0 la contemplation. \u00c0 offrir ou \u00e0 s'offrir, il apporte une touche de puissance, de beaut\u00e9 et de libert\u00e9 \u00e0 votre quotidien tout au long de l'ann\u00e9e.\r\n\r\nCalendrier de bureau de qualit\u00e9 sup\u00e9rieure avec 12 magnifiques photos. L'environnement nous tient \u00e0 coeur. C'est pourquoi nous utilisons exclusivement du papier certifi\u00e9 FSC provenant de for\u00eats g\u00e9r\u00e9es de mani\u00e8re \u00e9coresponsable. Nous \u00e9vitons la surproduction et donc des quantit\u00e9s significatives de d\u00e9chets, en produisant dans l'UE \u00e0 l'unit\u00e9 et sur demande. Nous r\u00e9duisons nos distances de transport et assurons une logistique respectueuse de l'environnement.\r\n\r\n14 pages dont 1 couverture | 12 pages mensuelles | 1 page d'index I dos cartonn\u00e9.\r\n\r\nIllustrations:\r\nJanvier: Renardeaux\r\nF\u00e9vrier: Go\u00e9land\r\nMars: Gravelot \u00e0 collier interrompu\r\nAvril: Accenteur mouchet\r\nMai: Chevreuil\r\nJuin: Mouette rieuse\r\nJuillet: Tarier p\u00e2tre\r\nAo\u00fbt: Sanglier\r\nSeptembre: Avocette \u00e9l\u00e9gante\r\nOctobre: Linotte m\u00e9lodieuse\r\nNovembre: \u00c9chasse blanche\r\nD\u00e9cembre: Marmotte\r\n\r\nQUALITATIF - un calendrier annuel de qualit\u00e9 sup\u00e9rieure avec 12 magnifiques motifs, sur papier d'impression photo, avec une reliure spirale robuste.\r\nDURABLE - r\u00e9duction significative des d\u00e9chets gr\u00e2ce \u00e0 une fabrication sur papier certifi\u00e9 FSC \u00e0 l'unit\u00e9 et sur demande, production dans l'UE, logistique \u00e9cologique.\r\nCADEAU ID\u00c9AL - destin\u00e9 \u00e0 vos contacts priv\u00e9s ou professionnels, \u00e0 la famille ou aux amis, aux jeunes adultes ou aux moins jeunes,  pour un cadeau de No\u00ebl ou d'anniversaire ou juste pour le plaisir d'offrir.\r\nDIVERSIFI\u00c9 - de nombreux formats DIN A4 ou DIN A3, pour s'adapter \u00e0 toutes vos envies et vos cadres de vie.\r\nUn calendrier captivant qui c\u00e9l\u00e8bre, mois apr\u00e8s mois, la beaut\u00e9 et la force des animaux sauvages dans toute leur libert\u00e9. par l'auteur(rice): Carcajou Pictures","authors":["Thomas Martzel"],"category_codes":["4000000","4010000","4010200"],"visuals":{"large":"https:\/\/images.epagine.fr\/624\/9783516717624_1_75.jpg","medium":"https:\/\/images.epagine.fr\/624\/9783516717624_1_m.jpg","thumbnail":"https:\/\/images.epagine.fr\/624\/9783516717624_1_v.jpg"},"orderable":true,"show_badge":true,"formatted_price":"0,00&nbsp;\u20ac","formatted_published_date":"14 octobre 2025","publisher_availability_label":"Sur commande","short_details":"Thomas Martzel \u2014 CALVENDO","translator":null,"weight":165,"page_count":14,"readership":null,"editor":"CALVENDO","price":0,"published_date":"2025-10-13T22:00:00.000000Z","support":"Calendrier","publisher_availability":1,"stock":0,"editions":[],"url":"https:\/\/quaidesbrumes.com\/ouvrage\/9783516717624\/regards-sauvages-une-annee-de-liberte-calendrier-de-bureau-2026-din-a5-horizontal-calvendo-calendrier-mensuel-un-calendrier-captivant-qui-celebre-mois-apres-mois-la-beaute-et-la-force-des-animaux-sauvages-dans-toute-leur-liberte"},{"id":"9783516725575","title":"Arbres solitaires (Calendrier mural 2026 DIN A4 horizontal), CALVENDO calendrier mensuel : Un hommage po\u00e9tique \u00e0 la majest\u00e9 et \u00e0 la force tranquille des arbres qui se dressent seuls, t\u00e9moins intemporels de la nature et des saisons.","description":"Symbole de r\u00e9silience et de beaut\u00e9 pure, chaque image capture la pr\u00e9sence apaisante d'un g\u00e9ant v\u00e9g\u00e9tal se dressant fi\u00e8rement au coeur de paysages empreints de silence et de lumi\u00e8re. Ces silhouettes uniques racontent des histoires de temps, de vent et de vie, invitant \u00e0 la contemplation et \u00e0 la s\u00e9r\u00e9nit\u00e9. Mois apr\u00e8s mois, laissez-vous inspirer par la force tranquille de la nature et la po\u00e9sie simple de ces gardiens solitaires du monde.\r\n\r\nCalendrier mural de qualit\u00e9 sup\u00e9rieure avec 12 magnifiques photos. L'environnement nous tient \u00e0 coeur. C'est pourquoi nous utilisons exclusivement du papier certifi\u00e9 FSC provenant de for\u00eats g\u00e9r\u00e9es de mani\u00e8re \u00e9coresponsable. Nous \u00e9vitons la surproduction et donc des quantit\u00e9s significatives de d\u00e9chets, en produisant dans l'UE \u00e0 l'unit\u00e9 et sur demande. Nous r\u00e9duisons nos distances de transport et assurons une logistique respectueuse de l'environnement.\r\n\r\n14 pages dont 1 couverture | 12 pages mensuelles | 1 page d'index | dos cartonn\u00e9\r\n\r\nIllustrations:\r\nJanvier: Pin en Auvergne\r\nF\u00e9vrier: Sapin des Alpes\r\nMars: Cypr\u00e8s en Italie\r\nAvril: Saule des marais de Bri\u00e8re\r\nMai: Pin maritime\r\nJuin: Arbre t\u00eatard\r\nJuillet: Ch\u00eane de printemps\r\nAo\u00fbt: Sapin de Douglas\r\nSeptembre: Pin en Auvergne\r\nOctobre: Cypr\u00e8s de Lambert\r\nNovembre: Ch\u00eane d'automne\r\nD\u00e9cembre: Ch\u00eane sans feuilles\r\n\r\nQUALITATIF - un calendrier annuel de qualit\u00e9 sup\u00e9rieure avec 12 magnifiques motifs, sur papier d'impression photo, avec une reliure spirale robuste et un crochet de suspension.\r\nDURABLE - r\u00e9duction significative des d\u00e9chets gr\u00e2ce \u00e0 une fabrication sur papier certifi\u00e9 FSC \u00e0 l'unit\u00e9 et sur demande, production dans l'UE, logistique \u00e9cologique.\r\nCADEAU ID\u00c9AL - destin\u00e9 \u00e0 vos contacts priv\u00e9s ou professionnels, \u00e0 la famille ou aux amis, aux jeunes adultes ou aux moins jeunes,  pour un cadeau de No\u00ebl ou d'anniversaire ou juste pour le plaisir d'offrir.\r\nDIVERSIFI\u00c9 - de nombreux formats DIN A4 ou DIN A3, pour s'adapter \u00e0 toutes vos envies et vos cadres de vie.\r\nUn hommage po\u00e9tique \u00e0 la majest\u00e9 et \u00e0 la force tranquille des arbres qui se dressent seuls, t\u00e9moins intemporels de la nature et des saisons. par l'auteur(rice): Carcajou Pictures","authors":["Thomas Martzel"],"category_codes":["4000000","4010000","4010200"],"visuals":{"large":"https:\/\/images.epagine.fr\/575\/9783516725575_1_75.jpg","medium":"https:\/\/images.epagine.fr\/575\/9783516725575_1_m.jpg","thumbnail":"https:\/\/images.epagine.fr\/575\/9783516725575_1_v.jpg"},"orderable":true,"show_badge":true,"formatted_price":"0,00&nbsp;\u20ac","formatted_published_date":"20 octobre 2025","publisher_availability_label":"Sur commande","short_details":"Thomas Martzel \u2014 CALVENDO","translator":null,"weight":210,"page_count":14,"readership":null,"editor":"CALVENDO","price":0,"published_date":"2025-10-19T22:00:00.000000Z","support":"Calendrier","publisher_availability":1,"stock":0,"editions":[],"url":"https:\/\/quaidesbrumes.com\/ouvrage\/9783516725575\/arbres-solitaires-calendrier-mural-2026-din-a4-horizontal-calvendo-calendrier-mensuel-un-hommage-poetique-a-la-majeste-et-a-la-force-tranquille-des-arbres-qui-se-dressent-seuls-temoins-intemporels-de-la-nature-et-des-saisons"},{"id":"9783516725643","title":"Arbres solitaires (Calendrier mural 2026 DIN A3 horizontal), CALVENDO calendrier mensuel : Un hommage po\u00e9tique \u00e0 la majest\u00e9 et \u00e0 la force tranquille des arbres qui se dressent seuls, t\u00e9moins intemporels de la nature et des saisons.","description":"Symbole de r\u00e9silience et de beaut\u00e9 pure, chaque image capture la pr\u00e9sence apaisante d'un g\u00e9ant v\u00e9g\u00e9tal se dressant fi\u00e8rement au coeur de paysages empreints de silence et de lumi\u00e8re. Ces silhouettes uniques racontent des histoires de temps, de vent et de vie, invitant \u00e0 la contemplation et \u00e0 la s\u00e9r\u00e9nit\u00e9. Mois apr\u00e8s mois, laissez-vous inspirer par la force tranquille de la nature et la po\u00e9sie simple de ces gardiens solitaires du monde.\r\n\r\nCalendrier mural de qualit\u00e9 sup\u00e9rieure avec 12 magnifiques photos. L'environnement nous tient \u00e0 coeur. C'est pourquoi nous utilisons exclusivement du papier certifi\u00e9 FSC provenant de for\u00eats g\u00e9r\u00e9es de mani\u00e8re \u00e9coresponsable. Nous \u00e9vitons la surproduction et donc des quantit\u00e9s significatives de d\u00e9chets, en produisant dans l'UE \u00e0 l'unit\u00e9 et sur demande. Nous r\u00e9duisons nos distances de transport et assurons une logistique respectueuse de l'environnement.\r\n\r\n14 pages dont 1 couverture | 12 pages mensuelles | 1 page d'index | dos cartonn\u00e9\r\n\r\nIllustrations:\r\nJanvier: Pin en Auvergne\r\nF\u00e9vrier: Sapin des Alpes\r\nMars: Cypr\u00e8s en Italie\r\nAvril: Saule des marais de Bri\u00e8re\r\nMai: Pin maritime\r\nJuin: Arbre t\u00eatard\r\nJuillet: Ch\u00eane de printemps\r\nAo\u00fbt: Sapin de Douglas\r\nSeptembre: Pin en Auvergne\r\nOctobre: Cypr\u00e8s de Lambert\r\nNovembre: Ch\u00eane d'automne\r\nD\u00e9cembre: Ch\u00eane sans feuilles\r\n\r\nQUALITATIF - un calendrier annuel de qualit\u00e9 sup\u00e9rieure avec 12 magnifiques motifs, sur papier d'impression photo, avec une reliure spirale robuste et un crochet de suspension.\r\nDURABLE - r\u00e9duction significative des d\u00e9chets gr\u00e2ce \u00e0 une fabrication sur papier certifi\u00e9 FSC \u00e0 l'unit\u00e9 et sur demande, production dans l'UE, logistique \u00e9cologique.\r\nCADEAU ID\u00c9AL - destin\u00e9 \u00e0 vos contacts priv\u00e9s ou professionnels, \u00e0 la famille ou aux amis, aux jeunes adultes ou aux moins jeunes,  pour un cadeau de No\u00ebl ou d'anniversaire ou juste pour le plaisir d'offrir.\r\nDIVERSIFI\u00c9 - de nombreux formats DIN A4 ou DIN A3, pour s'adapter \u00e0 toutes vos envies et vos cadres de vie.\r\nUn hommage po\u00e9tique \u00e0 la majest\u00e9 et \u00e0 la force tranquille des arbres qui se dressent seuls, t\u00e9moins intemporels de la nature et des saisons. par l'auteur(rice): Carcajou Pictures","authors":["Thomas Martzel"],"category_codes":["4000000","4010000","4010200"],"visuals":{"large":"https:\/\/images.epagine.fr\/643\/9783516725643_1_75.jpg","medium":"https:\/\/images.epagine.fr\/643\/9783516725643_1_m.jpg","thumbnail":"https:\/\/images.epagine.fr\/643\/9783516725643_1_v.jpg"},"orderable":true,"show_badge":true,"formatted_price":"0,00&nbsp;\u20ac","formatted_published_date":"20 octobre 2025","publisher_availability_label":"Sur commande","short_details":"Thomas Martzel \u2014 CALVENDO","translator":null,"weight":450,"page_count":14,"readership":null,"editor":"CALVENDO","price":0,"published_date":"2025-10-19T22:00:00.000000Z","support":"Calendrier","publisher_availability":1,"stock":0,"editions":[],"url":"https:\/\/quaidesbrumes.com\/ouvrage\/9783516725643\/arbres-solitaires-calendrier-mural-2026-din-a3-horizontal-calvendo-calendrier-mensuel-un-hommage-poetique-a-la-majeste-et-a-la-force-tranquille-des-arbres-qui-se-dressent-seuls-temoins-intemporels-de-la-nature-et-des-saisons"},{"id":"9781502822925","title":"Manuel du parfait petit triathl\u00e8te ; \u00e0 destination du sportif et de son entourage","description":"Parce qu'on connait tous un triathl\u00e8te, ce livre est un manuel humoristique sur les habitudes du triathl\u00e8te accompagn\u00e9 d'un glossaire sur son vocabulaire.\r\n\r\nPlus de 150 termes du triathl\u00e8te sont d\u00e9finis dans ce glossaire. Il s'agit d'un Manuel rapide \u00e0 lire \u00e0 mettre dans toutes les mains !\r\n\r\nVous y trouverez tous les clich\u00e9s du triathl\u00e8te ! Vous avez peut-\u00eatre autour de vous : un ami, un coll\u00e8gue, un membre de votre famille ou encore votre conjoint(e) qui est triathl\u00e8te. Vous \u00eates, peut-\u00eatre, vous-m\u00eame un habitu\u00e9 du triple effort ou au contraire, vous ne connaissez pas du tout ce sport. Alors, il vous est sans doute arriv\u00e9 de ne pas comprendre une discussion sur le triathlon et de penser que ce sportif doit \u00eatre un demi-dieu ?!\r\n\r\nLe but de ce livre est de vous \u00e9clairer sur la vie et les habitudes du triathl\u00e8te, sur le vocabulaire, les expressions, les abr\u00e9viations de ce sportif qui aime se sentir \u00e0 part.","authors":["Valtr\u00e9s"],"category_codes":["4000000","4010000","4010500","4010503"],"visuals":{"large":"https:\/\/images.epagine.fr\/925\/9781502822925_1_75.jpg","medium":"https:\/\/images.epagine.fr\/925\/9781502822925_1_m.jpg","thumbnail":"https:\/\/images.epagine.fr\/925\/9781502822925_1_v.jpg"},"orderable":true,"show_badge":true,"formatted_price":"6,00&nbsp;\u20ac","formatted_published_date":"11 juin 2020","publisher_availability_label":"Sur commande","short_details":"Valtr\u00e9s \u2014 Valtr\u00e9s","translator":null,"weight":201,"page_count":66,"readership":null,"editor":"Valtr\u00e9s","price":600,"published_date":"2020-06-10T22:00:00.000000Z","support":"Grand format","publisher_availability":1,"stock":0,"editions":[],"url":"https:\/\/quaidesbrumes.com\/ouvrage\/9781502822925\/manuel-du-parfait-petit-triathlete-a-destination-du-sportif-et-de-son-entourage"},{"id":"9781548988616","title":"Un triathlon dont vous \u00eates le h\u00e9ros","description":"Ce livre est le premier roman dont vous \u00eates le h\u00e9ros sur le triathlon.\r\nEn ouvrant cet ouvrage, vous prenez part en tant que triathl\u00e8te \u00e0 un triathlon Ironman. Vous \u00eates ma\u00eetre de votre aventure et vous devrez faire les bons choix pour devenir un Finisher !\r\nMais attention, de multiples emb\u00fbches se dresseront devant vous !\r\nSaurez-vous les \u00e9viter pour terminer votre course ?\r\n\r\nAvec pas moins de 550 chapitres, vous d\u00e9couvrirez plus de 30 fins diff\u00e9rentes si vous \u00e9chappez aux quelques 60 abandons et disqualifications !\r\n\r\nA la fin de chaque chapitre, vous aurez le choix entre plusieurs possibilit\u00e9s repr\u00e9sentant des actions que vous feriez dans la r\u00e9alit\u00e9. Ces choix vous m\u00e8neront \u00e0 de nouveaux chapitres et vous ouvriront une histoire unique qui sera la v\u00f4tre.\r\nQue vous terminiez votre course ou que vous \u00e9chouiez, repartez du d\u00e9but pour essayer de toujours faire mieux et de d\u00e9couvrir la trentaine de fins diff\u00e9rentes en \u00e9vitant les pi\u00e8ges des abandons et disqualifications.\r\n\r\nBonne course !","authors":["Valtr\u00e9s"],"category_codes":["4000000","4010000","4010500","4010503"],"visuals":{"large":"https:\/\/images.epagine.fr\/616\/9781548988616_1_75.jpg","medium":"https:\/\/images.epagine.fr\/616\/9781548988616_1_m.jpg","thumbnail":"https:\/\/images.epagine.fr\/616\/9781548988616_1_v.jpg"},"orderable":true,"show_badge":true,"formatted_price":"12,90&nbsp;\u20ac","formatted_published_date":"19 septembre 2020","publisher_availability_label":"Sur commande","short_details":"Valtr\u00e9s \u2014 Valtr\u00e9s","translator":null,"weight":301,"page_count":256,"readership":null,"editor":"Valtr\u00e9s","price":1290,"published_date":"2020-09-18T22:00:00.000000Z","support":"Grand format","publisher_availability":1,"stock":0,"editions":[],"url":"https:\/\/quaidesbrumes.com\/ouvrage\/9781548988616\/un-triathlon-dont-vous-etes-le-heros"},{"id":"9783516725681","title":"Arbres solitaires (Calendrier mural 2026 DIN A2 horizontal), CALVENDO calendrier mensuel : Un hommage po\u00e9tique \u00e0 la majest\u00e9 et \u00e0 la force tranquille des arbres qui se dressent seuls, t\u00e9moins intemporels de la nature et des saisons.","description":"Symbole de r\u00e9silience et de beaut\u00e9 pure, chaque image capture la pr\u00e9sence apaisante d'un g\u00e9ant v\u00e9g\u00e9tal se dressant fi\u00e8rement au coeur de paysages empreints de silence et de lumi\u00e8re. Ces silhouettes uniques racontent des histoires de temps, de vent et de vie, invitant \u00e0 la contemplation et \u00e0 la s\u00e9r\u00e9nit\u00e9. Mois apr\u00e8s mois, laissez-vous inspirer par la force tranquille de la nature et la po\u00e9sie simple de ces gardiens solitaires du monde.\r\n\r\nCalendrier mural de qualit\u00e9 sup\u00e9rieure avec 12 magnifiques photos. L'environnement nous tient \u00e0 coeur. C'est pourquoi nous utilisons exclusivement du papier certifi\u00e9 FSC provenant de for\u00eats g\u00e9r\u00e9es de mani\u00e8re \u00e9coresponsable. Nous \u00e9vitons la surproduction et donc des quantit\u00e9s significatives de d\u00e9chets, en produisant dans l'UE \u00e0 l'unit\u00e9 et sur demande. Nous r\u00e9duisons nos distances de transport et assurons une logistique respectueuse de l'environnement.\r\n\r\n14 pages dont 1 couverture | 12 pages mensuelles | 1 page d'index | dos cartonn\u00e9\r\n\r\nIllustrations:\r\nJanvier: Pin en Auvergne\r\nF\u00e9vrier: Sapin des Alpes\r\nMars: Cypr\u00e8s en Italie\r\nAvril: Saule des marais de Bri\u00e8re\r\nMai: Pin maritime\r\nJuin: Arbre t\u00eatard\r\nJuillet: Ch\u00eane de printemps\r\nAo\u00fbt: Sapin de Douglas\r\nSeptembre: Pin en Auvergne\r\nOctobre: Cypr\u00e8s de Lambert\r\nNovembre: Ch\u00eane d'automne\r\nD\u00e9cembre: Ch\u00eane sans feuilles\r\n\r\nQUALITATIF - un calendrier annuel de qualit\u00e9 sup\u00e9rieure avec 12 magnifiques motifs, sur papier d'impression photo, avec une reliure spirale robuste et un crochet de suspension.\r\nDURABLE - r\u00e9duction significative des d\u00e9chets gr\u00e2ce \u00e0 une fabrication sur papier certifi\u00e9 FSC \u00e0 l'unit\u00e9 et sur demande, production dans l'UE, logistique \u00e9cologique.\r\nCADEAU ID\u00c9AL - destin\u00e9 \u00e0 vos contacts priv\u00e9s ou professionnels, \u00e0 la famille ou aux amis, aux jeunes adultes ou aux moins jeunes,  pour un cadeau de No\u00ebl ou d'anniversaire ou juste pour le plaisir d'offrir.\r\nDIVERSIFI\u00c9 - de nombreux formats DIN A4 ou DIN A3, pour s'adapter \u00e0 toutes vos envies et vos cadres de vie.\r\nUn hommage po\u00e9tique \u00e0 la majest\u00e9 et \u00e0 la force tranquille des arbres qui se dressent seuls, t\u00e9moins intemporels de la nature et des saisons. par l'auteur(rice): Carcajou Pictures","authors":["Thomas Martzel"],"category_codes":["4000000","4010000","4010200"],"visuals":{"large":"https:\/\/images.epagine.fr\/681\/9783516725681_1_75.jpg","medium":"https:\/\/images.epagine.fr\/681\/9783516725681_1_m.jpg","thumbnail":"https:\/\/images.epagine.fr\/681\/9783516725681_1_v.jpg"},"orderable":true,"show_badge":true,"formatted_price":"0,00&nbsp;\u20ac","formatted_published_date":"20 octobre 2025","publisher_availability_label":"Sur commande","short_details":"Thomas Martzel \u2014 CALVENDO","translator":null,"weight":940,"page_count":14,"readership":null,"editor":"CALVENDO","price":0,"published_date":"2025-10-19T22:00:00.000000Z","support":"Calendrier","publisher_availability":1,"stock":0,"editions":[],"url":"https:\/\/quaidesbrumes.com\/ouvrage\/9783516725681\/arbres-solitaires-calendrier-mural-2026-din-a2-horizontal-calvendo-calendrier-mensuel-un-hommage-poetique-a-la-majeste-et-a-la-force-tranquille-des-arbres-qui-se-dressent-seuls-temoins-intemporels-de-la-nature-et-des-saisons"},{"id":"9783516725735","title":"Arbres solitaires (Calendrier de bureau 2026 DIN A5 horizontal), CALVENDO calendrier mensuel : Un hommage po\u00e9tique \u00e0 la majest\u00e9 et \u00e0 la force tranquille des arbres qui se dressent seuls, t\u00e9moins intemporels de la nature et des saisons.","description":"Symbole de r\u00e9silience et de beaut\u00e9 pure, chaque image capture la pr\u00e9sence apaisante d'un g\u00e9ant v\u00e9g\u00e9tal se dressant fi\u00e8rement au coeur de paysages empreints de silence et de lumi\u00e8re. Ces silhouettes uniques racontent des histoires de temps, de vent et de vie, invitant \u00e0 la contemplation et \u00e0 la s\u00e9r\u00e9nit\u00e9. Mois apr\u00e8s mois, laissez-vous inspirer par la force tranquille de la nature et la po\u00e9sie simple de ces gardiens solitaires du monde.\r\n\r\nCalendrier de bureau de qualit\u00e9 sup\u00e9rieure avec 12 magnifiques photos. L'environnement nous tient \u00e0 coeur. C'est pourquoi nous utilisons exclusivement du papier certifi\u00e9 FSC provenant de for\u00eats g\u00e9r\u00e9es de mani\u00e8re \u00e9coresponsable. Nous \u00e9vitons la surproduction et donc des quantit\u00e9s significatives de d\u00e9chets, en produisant dans l'UE \u00e0 l'unit\u00e9 et sur demande. Nous r\u00e9duisons nos distances de transport et assurons une logistique respectueuse de l'environnement.\r\n\r\n14 pages dont 1 couverture | 12 pages mensuelles | 1 page d'index I dos cartonn\u00e9.\r\n\r\nIllustrations:\r\nJanvier: Pin en Auvergne\r\nF\u00e9vrier: Sapin des Alpes\r\nMars: Cypr\u00e8s en Italie\r\nAvril: Saule des marais de Bri\u00e8re\r\nMai: Pin maritime\r\nJuin: Arbre t\u00eatard\r\nJuillet: Ch\u00eane de printemps\r\nAo\u00fbt: Sapin de Douglas\r\nSeptembre: Pin en Auvergne\r\nOctobre: Cypr\u00e8s de Lambert\r\nNovembre: Ch\u00eane d'automne\r\nD\u00e9cembre: Ch\u00eane sans feuilles\r\n\r\nQUALITATIF - un calendrier annuel de qualit\u00e9 sup\u00e9rieure avec 12 magnifiques motifs, sur papier d'impression photo, avec une reliure spirale robuste.\r\nDURABLE - r\u00e9duction significative des d\u00e9chets gr\u00e2ce \u00e0 une fabrication sur papier certifi\u00e9 FSC \u00e0 l'unit\u00e9 et sur demande, production dans l'UE, logistique \u00e9cologique.\r\nCADEAU ID\u00c9AL - destin\u00e9 \u00e0 vos contacts priv\u00e9s ou professionnels, \u00e0 la famille ou aux amis, aux jeunes adultes ou aux moins jeunes,  pour un cadeau de No\u00ebl ou d'anniversaire ou juste pour le plaisir d'offrir.\r\nDIVERSIFI\u00c9 - de nombreux formats DIN A4 ou DIN A3, pour s'adapter \u00e0 toutes vos envies et vos cadres de vie.\r\nUn hommage po\u00e9tique \u00e0 la majest\u00e9 et \u00e0 la force tranquille des arbres qui se dressent seuls, t\u00e9moins intemporels de la nature et des saisons. par l'auteur(rice): Carcajou Pictures","authors":["Thomas Martzel"],"category_codes":["4000000","4010000","4010200"],"visuals":{"large":"https:\/\/images.epagine.fr\/735\/9783516725735_1_75.jpg","medium":"https:\/\/images.epagine.fr\/735\/9783516725735_1_m.jpg","thumbnail":"https:\/\/images.epagine.fr\/735\/9783516725735_1_v.jpg"},"orderable":true,"show_badge":true,"formatted_price":"0,00&nbsp;\u20ac","formatted_published_date":"20 octobre 2025","publisher_availability_label":"Sur commande","short_details":"Thomas Martzel \u2014 CALVENDO","translator":null,"weight":165,"page_count":14,"readership":null,"editor":"CALVENDO","price":0,"published_date":"2025-10-19T22:00:00.000000Z","support":"Calendrier","publisher_availability":1,"stock":0,"editions":[],"url":"https:\/\/quaidesbrumes.com\/ouvrage\/9783516725735\/arbres-solitaires-calendrier-de-bureau-2026-din-a5-horizontal-calvendo-calendrier-mensuel-un-hommage-poetique-a-la-majeste-et-a-la-force-tranquille-des-arbres-qui-se-dressent-seuls-temoins-intemporels-de-la-nature-et-des-saisons"},{"id":"9783516725773","title":"Arbres solitaires  (Calendrier mural 2026 DIN A2 horizontal) calendrier de bureau : Un hommage po\u00e9tique \u00e0 la majest\u00e9 et \u00e0 la force tranquille des arbres qui se dressent seuls, t\u00e9moins intemporels de la nature et des saisons.","description":"Symbole de r\u00e9silience et de beaut\u00e9 pure, chaque image capture la pr\u00e9sence apaisante d'un g\u00e9ant v\u00e9g\u00e9tal se dressant fi\u00e8rement au coeur de paysages empreints de silence et de lumi\u00e8re. Ces silhouettes uniques racontent des histoires de temps, de vent et de vie, invitant \u00e0 la contemplation et \u00e0 la s\u00e9r\u00e9nit\u00e9. Mois apr\u00e8s mois, laissez-vous inspirer par la force tranquille de la nature et la po\u00e9sie simple de ces gardiens solitaires du monde.\r\n\r\nImpression d'art premium en haute brillance de qualit\u00e9 mus\u00e9e. Pour que les feuilles de papier soient bien accroch\u00e9es au mur, ce calendrier haut de gamme est dot\u00e9 de pochettes innovantes. Elles prot\u00e8gent les grandes feuilles des effets de l'humidit\u00e9 de l'air. Le papier est un mat\u00e9riau naturel. Les fibres r\u00e9agissent aux variations du climat ambiant. Il est donc conseill\u00e9 de ne pas retirer les pochettes d'insertion.\r\n\r\nNotre environnement nous tient \u00e0 coeur, c'est pourquoi nous misons sur une fabrication individuelle en Allemagne (Made in Germany) avec des mat\u00e9riaux de qualit\u00e9 sup\u00e9rieure.\r\n\r\n14 pages dont 1 couverture | 12 pages mensuelles | 1 page d'index I dos cartonn\u00e9.\r\n\r\n\r\nIllustrations:\r\nJanvier: Pin en Auvergne\r\nF\u00e9vrier: Sapin des Alpes\r\nMars: Cypr\u00e8s en Italie\r\nAvril: Saule des marais de Bri\u00e8re\r\nMai: Pin maritime\r\nJuin: Arbre t\u00eatard\r\nJuillet: Ch\u00eane de printemps\r\nAo\u00fbt: Sapin de Douglas\r\nSeptembre: Pin en Auvergne\r\nOctobre: Cypr\u00e8s de Lambert\r\nNovembre: Ch\u00eane d'automne\r\nD\u00e9cembre: Ch\u00eane sans feuilles\r\n\r\nLIGNE PREMIUM - Calendrier photo brillant avec 12 magnifiques motifs, impression d'art en haute brillance de qualit\u00e9 mus\u00e9e\r\nQUALIT\u00c9 - mat\u00e9riaux nobles, dos solide avec 2 pochettes innovantes pour une pr\u00e9sentation optimale au mur\r\nDURABLE - nette r\u00e9duction des d\u00e9chets gr\u00e2ce \u00e0 une fabrication \u00e0 l'unit\u00e9 adapt\u00e9e aux besoins, papier certifi\u00e9 FSC respectueux de l'environnement, production en Allemagne, logistique respectueuse du climat.\r\nCADEAU PARFAIT - calendrier pour les amis et la famille, pour les enfants et les adultes, les jeunes et les moins jeunes, pour No\u00ebl, les anniversaires ou entre deux.\r\nUn hommage po\u00e9tique \u00e0 la majest\u00e9 et \u00e0 la force tranquille des arbres qui se dressent seuls, t\u00e9moins intemporels de la nature et des saisons. par l'auteur(rice): Carcajou Pictures","authors":["Thomas Martzel"],"category_codes":["4000000","4010000","4010200"],"visuals":{"large":"https:\/\/images.epagine.fr\/773\/9783516725773_1_75.jpg","medium":"https:\/\/images.epagine.fr\/773\/9783516725773_1_m.jpg","thumbnail":"https:\/\/images.epagine.fr\/773\/9783516725773_1_v.jpg"},"orderable":true,"show_badge":true,"formatted_price":"0,00&nbsp;\u20ac","formatted_published_date":"20 octobre 2025","publisher_availability_label":"Sur commande","short_details":"Thomas Martzel \u2014 CALVENDO","translator":null,"weight":1280,"page_count":14,"readership":null,"editor":"CALVENDO","price":0,"published_date":"2025-10-19T22:00:00.000000Z","support":"Calendrier","publisher_availability":1,"stock":0,"editions":[],"url":"https:\/\/quaidesbrumes.com\/ouvrage\/9783516725773\/arbres-solitaires-calendrier-mural-2026-din-a2-horizontal-calendrier-de-bureau-un-hommage-poetique-a-la-majeste-et-a-la-force-tranquille-des-arbres-qui-se-dressent-seuls-temoins-intemporels-de-la-nature-et-des-saisons"},{"id":"9782342157277","title":"La recherche des causes et circonstances des incendies","description":"\u00ab Apr\u00e8s de longues \u00e9tudes effectu\u00e9es sur le ph\u00e9nom\u00e8ne, il est apparu plus concret, dans le cadre de la parfaite connaissance de ce dernier, d'appr\u00e9hender au mieux les raisons qui expliquent la pr\u00e9sence d'un incendie et ses facteurs physiques et m\u00e9caniques, ceci afin de pouvoir anticiper ses r\u00e9actions et d'en ma\u00eetriser l'\u00e9volution qui, comme tout le monde le sait, est par nature incontr\u00f4lable. \u00bb Gerald Leberrera dresse point par point un \u00e9tat des lieux des connaissances en mati\u00e8re d'incendie. Sch\u00e9mas et tableaux explicatifs \u00e0 l'appui, l'auteur en d\u00e9taille les \u00ab?causes et circonstances?\u00bb ainsi que les solutions \u00e0 mettre en oeuvre pour en venir \u00e0 bout. Il explique d'abord comment en analyser l'origine, puis de quelle mani\u00e8re rendre compte correctement de l'ampleur des d\u00e9g\u00e2ts, et enfin quelles sont les mesures de s\u00e9curit\u00e9 qui s'imposent. Cet ouvrage fait prendre conscience des risques encourus par les sapeurs-pompiers et autres acteurs qui se d\u00e9vouent dans ce genre de situation dangereuse pour prot\u00e9ger leurs concitoyens.","authors":["Gerald Leberrera"],"category_codes":["4000000","4010000","4010300"],"visuals":{"large":"https:\/\/images.epagine.fr\/277\/9782342157277_1_75.jpg","medium":"https:\/\/images.epagine.fr\/277\/9782342157277_1_m.jpg","thumbnail":"https:\/\/images.epagine.fr\/277\/9782342157277_1_v.jpg"},"orderable":true,"show_badge":true,"formatted_price":"35,00&nbsp;\u20ac","formatted_published_date":"17 novembre 2017","publisher_availability_label":"Sur commande","short_details":"Gerald Leberrera \u2014 Societe Des Ecrivains","translator":null,"weight":471,"page_count":314,"readership":null,"editor":"Societe Des Ecrivains","price":3500,"published_date":"2017-11-16T23:00:00.000000Z","support":"Grand format","publisher_availability":1,"stock":0,"editions":[],"url":"https:\/\/quaidesbrumes.com\/ouvrage\/9782342157277\/la-recherche-des-causes-et-circonstances-des-incendies"},{"id":"9782889304288","title":"A taxonomic monograph of hyalospheniid testate amoebae : Amoebozoa: Arcellinida: Hyalospheniformes","description":"Since Georges Deflandre published his monograph on the genus Nebela in 1936 no systematic revision of this beautiful group of testate amoebae had been done. In the meantime, the genus was split, and many new species were described. A taxonomic revision was clearly overdue.  In this monograph, we present a taxonomic revision of the sub-order Hyalospheniformes (Amoebozoa, Arcellinida), which includes a single family, the Hyalospheniidae. A total of 14 genera, and 97 species are presented in detail.\r\n\r\nThe monograph includes taxonomic keys; taxon descriptions; ecological, geographical, and taxonomical notes; annotated lists of dubious and incertae sedis species; a list of synonymous names; notes on molecular data; and light and scanning electron microscopic pictures; and\/or original line drawings for each species.\r\n\r\nThis book is designed to benefit protistologists in general, and particularly ecologists and palaeoecologists, by assisting with the ease and accuracy of identification of hyalospheniid testate amoeba species, many of which are useful bioindicators. We also hope that this book will serve as a useful basis for future work regarding the taxonomy, biogeography, and ecology of these beautiful organisms.\r\n\r\nJoseph Leidy famously once wrote \"How can life be tiresome sol long as there is still a new rhizopod undescribed?\" There is no shortage of new Hyalospheniformes awaiting to being described. We hope this book will make the life of passionate taxonomists easier!","authors":["Anush Kosakyan","Edward A. D. Mitchell","Clement Duckert","Ralf Meisterfeld","Rida Laraki"],"category_codes":["4000000","4010000","4010200"],"visuals":{"large":"https:\/\/images.epagine.fr\/288\/9782889304288_1_75.jpg","medium":"https:\/\/images.epagine.fr\/288\/9782889304288_1_m.jpg","thumbnail":"https:\/\/images.epagine.fr\/288\/9782889304288_1_v.jpg"},"orderable":true,"show_badge":true,"formatted_price":"37,00&nbsp;\u20ac","formatted_published_date":"20 mars 2025","publisher_availability_label":"Sur commande","short_details":"Anush Kosakyan, Edward A. D. Mitchell, Clement Duckert, Ralf Meisterfeld, Rida Laraki \u2014 Alphil","translator":null,"weight":586,"page_count":270,"readership":null,"editor":"Alphil","price":3700,"published_date":"2025-03-19T23:00:00.000000Z","support":"Grand format","publisher_availability":1,"stock":0,"editions":[],"url":"https:\/\/quaidesbrumes.com\/ouvrage\/9782889304288\/a-taxonomic-monograph-of-hyalospheniid-testate-amoebae-amoebozoa-arcellinida-hyalospheniformes"},{"id":"9782383514473","title":"G\u00e9rer durablement les for\u00eats tropicales africaines : cinquante ans de recherches","description":"Trois axes de recherche structurent cet ouvrage pour redonner aux populations locales la gestion des for\u00eats dont elles avaient \u00e9t\u00e9 spoli\u00e9es parfois de longue date...\r\n\r\nTout d'abord, la fiscalit\u00e9 foresti\u00e8re et la fraude fiscale foresti\u00e8re ; non seulement celle des entreprises d'exploitation du bois mais aussi celle de certaines administrations foresti\u00e8res, avec la distinction entre le l\u00e9gal, l'ill\u00e9gal et le clandestin.\r\n\r\nEnsuite, l'approvisionnement durable des villes d'Afrique en bois \u00e9nergie, produit de premi\u00e8re n\u00e9cessit\u00e9, \u00e0 partir des ann\u00e9es soixante-dix au moment o\u00f9 de petites villes africaines sont devenues si rapidement les m\u00e9gapoles qu'elles sont aujourd'hui.\r\n\r\nEnfin, bien s\u00fbr, la gouvernance et la gestion locale durable des ressources foresti\u00e8res par les communaut\u00e9s locales de base.","authors":["Alain Bertrand"],"category_codes":["4000000","4010000","4010200","4010208"],"visuals":{"large":"https:\/\/images.epagine.fr\/473\/9782383514473_1_75.jpg","medium":"https:\/\/images.epagine.fr\/473\/9782383514473_1_m.jpg","thumbnail":"https:\/\/images.epagine.fr\/473\/9782383514473_1_v.jpg"},"orderable":true,"show_badge":true,"formatted_price":"24,00&nbsp;\u20ac","formatted_published_date":"21 avril 2023","publisher_availability_label":"Sur commande","short_details":"Alain Bertrand \u2014 NOMBRE 7","translator":null,"weight":313,"page_count":238,"readership":null,"editor":"NOMBRE 7","price":2400,"published_date":"2023-04-20T22:00:00.000000Z","support":"Grand format","publisher_availability":1,"stock":0,"editions":[],"url":"https:\/\/quaidesbrumes.com\/ouvrage\/9782383514473\/gerer-durablement-les-forets-tropicales-africaines-cinquante-ans-de-recherches"},{"id":"9782386258312","title":"Eau et Pouvoir : La guerre environnementale et g\u00e9opolitique d'un mod\u00e8le \u00e9conomique assoiff\u00e9","description":"\u00ab Une empreinte en eau \u00e0 la base de tout \u00bb\r\n\r\nNourriture, \u00e9nergie, industrie, \u00e9conomie, bien vivre en ville, bien-\u00eatre de la plan\u00e8te, g\u00e9opolitique, immigration, guerres... Tant de sujets complexes, rarement abord\u00e9s ensemble et pourtant \r\nindissociables et corps d\u00e9pendants. Cette eau, que nous consommons tous quotidiennement et paradoxalement connaissons si peu : directement \u00e0 travers nos besoins (boire, se laver, cuisiner, nettoyer etc.) et indirectement \u00e0 travers le processus de fabrication de nos achats (nourriture, \u00e9lectricit\u00e9, t\u00e9l\u00e9phone, v\u00eatements etc.), que nous exportons parfois, et dont nous b\u00e9n\u00e9ficions le plus souvent depuis l'\u00e9tranger.\r\n\r\nLes probl\u00e8mes li\u00e9s \u00e0 la gestion et la rar\u00e9faction de l'eau dans le monde, \u00e0 son partage et aux cons\u00e9quences g\u00e9opolitiques sont ici trait\u00e9s sous un prisme de lecture pratique et sans d\u00e9tours, afin d'\u00e9veiller les consciences, d'ouvrir les portes de la r\u00e9flexion et des responsabilit\u00e9s de chacun : du capitaine d'industrie au politique, en passant par le particulier.\r\nGa\u00ebtan offre des \u00e9chantillons de compr\u00e9hension, afin de faire de ces questions complexes des entr\u00e9es simples et abordables par le biais de r\u00e9flexions fondamentales parfois survol\u00e9es \u00e0 l'\u00e9cole, jusqu'\u00e0 des sujets plus complexes permettant aux prochaines g\u00e9n\u00e9rations de d\u00e9rouler le fil rouge des impacts de nos modes de vies sur nos villes et pays voisins, tant d'un point de vue \u00e9cologique, politique, que socio-\u00e9conomique.\r\n\r\nUn livre qui nous pousse \u00e0 nous poser des questions sur les responsabilit\u00e9s que nous avons vis-\u00e0-vis de l'autre, se trouvant le plus souvent au-del\u00e0 de nos fronti\u00e8res g\u00e9ographiques et g\u00e9n\u00e9rationnelles.\r\n\r\nUn \u00eatre Humain devenu la premi\u00e8re force de transformation d'une plan\u00e8te qui gardera l'empreinte visible et profonde de son passage m\u00eame apr\u00e8s son extinction, et ce, principalement suite \u00e0 la n\u00e9gligence de l'impact environnemental de ses mod\u00e8les \u00e9conomiques, activit\u00e9s industrielles et comportements irresponsables.","authors":["Ga\u00ebtan Pinalie"],"category_codes":["4000000","4010000","4010200"],"visuals":{"large":"https:\/\/images.epagine.fr\/312\/9782386258312_1_75.jpg","medium":"https:\/\/images.epagine.fr\/312\/9782386258312_1_m.jpg","thumbnail":"https:\/\/images.epagine.fr\/312\/9782386258312_1_v.jpg"},"orderable":true,"show_badge":true,"formatted_price":"34,00&nbsp;\u20ac","formatted_published_date":"2 octobre 2025","publisher_availability_label":"Sur commande","short_details":"Ga\u00ebtan Pinalie \u2014 Publishroom Factory","translator":null,"weight":129,"page_count":328,"readership":null,"editor":"Publishroom Factory","price":3400,"published_date":"2025-10-01T22:00:00.000000Z","support":"Grand format","publisher_availability":1,"stock":0,"editions":[],"url":"https:\/\/quaidesbrumes.com\/ouvrage\/9782386258312\/eau-et-pouvoir-la-guerre-environnementale-et-geopolitique-dun-modele-economique-assoiffe"},{"id":"9782841006830","title":"Ces chats qui font l'Histoire","description":"B\u00e9bert, Kiki-la-Doucette, Socks, chats r\u00e9els, ou F\u00e9lix, Garfield, Thomas O'Maley, chats de fiction, voici r\u00e9unis pour la premi\u00e8re fois une centaine de chats dans cet ouvrage qui raconte le fabuleux destin des dr\u00f4les de f\u00e9lins. Tous ont un lien privil\u00e9gi\u00e9 avec leur ma\u00eetre ou leur cr\u00e9ateur : certains se sont retrouv\u00e9s chef de gare ou First Cat \u00e0 la Maison-Blanche...","authors":["Anne Davis"],"category_codes":["4000000","4010000","4010200","4010207"],"visuals":{"large":"https:\/\/images.epagine.fr\/830\/9782841006830_1_75.jpg","medium":"https:\/\/images.epagine.fr\/830\/9782841006830_1_m.jpg","thumbnail":"https:\/\/images.epagine.fr\/830\/9782841006830_1_v.jpg"},"orderable":true,"show_badge":true,"formatted_price":"18,00&nbsp;\u20ac","formatted_published_date":"17 octobre 2019","publisher_availability_label":"Sur commande","short_details":"Anne Davis \u2014 \u00c9ditions Bartillat","translator":null,"weight":316,"page_count":281,"readership":null,"editor":"\u00c9ditions Bartillat","price":1800,"published_date":"2019-10-16T22:00:00.000000Z","support":"Grand format","publisher_availability":1,"stock":0,"editions":[],"url":"https:\/\/quaidesbrumes.com\/ouvrage\/9782841006830\/ces-chats-qui-font-lhistoire"},{"id":"9782742728206","title":"Les Cicatrices du paysage","description":"La terrible temp\u00eate du mois de d\u00e9cembre dernier a fa\u00e7onn\u00e9 des horizons de destruction sur l'ensemble du territoire. Si la r\u00e9cente catastrophe, ses cons\u00e9quences et la probl\u00e9matique qu'elle g\u00e9n\u00e8re animent les sp\u00e9cialistes, cet ouvrage donne la parole aux citoyens.     Toutes les photographies ici reproduites ont \u00e9t\u00e9 prises pour des raisons pratiques (d\u00e9clarations aupr\u00e8s des assurances), mais aussi, tr\u00e8s spontan\u00e9ment, pour garder la m\u00e9moire de l'\u00e9v\u00e9nement.","authors":["Pierre-fran\u00e7ois Mourier"],"category_codes":["4000000","4010000","4010300"],"visuals":{"large":"https:\/\/images.epagine.fr\/206\/9782742728206_1_75.jpg","medium":"https:\/\/images.epagine.fr\/206\/9782742728206_1_m.jpg","thumbnail":"https:\/\/images.epagine.fr\/206\/9782742728206_1_v.jpg"},"orderable":true,"show_badge":true,"formatted_price":"13,80&nbsp;\u20ac","formatted_published_date":"30 novembre 2000","publisher_availability_label":"Sur commande","short_details":"Pierre-fran\u00e7ois Mourier \u2014 Actes Sud","translator":null,"weight":135,"page_count":250,"readership":null,"editor":"Actes Sud","price":1380,"published_date":"2000-11-29T23:00:00.000000Z","support":"Grand format","publisher_availability":1,"stock":0,"editions":[],"url":"https:\/\/quaidesbrumes.com\/ouvrage\/9782742728206\/les-cicatrices-du-paysage"}]}