{"data":[{"id":"9783516545173","title":"Riz de Chine (Calendrier de bureau 2026 DIN A5 vertical), CALVENDO calendrier mensuel : La Chine est le plus important producteur et consommateur de riz dans le monde","description":"En terrasses dans la province du Guizhou ou le long de la rivi\u00e8re Yulong aux pieds des formations karstiques dans la province du Guangxi, la culture du riz dans la Chine du sud-ouest nous offre un spectacle color\u00e9 \u00e9blouissant.\r\n\r\nCalendrier de bureau de qualit\u00e9 sup\u00e9rieure avec 12 magnifiques photos. L'environnement nous tient \u00e0 coeur. C'est pourquoi nous utilisons exclusivement du papier certifi\u00e9 FSC provenant de for\u00eats g\u00e9r\u00e9es de mani\u00e8re \u00e9coresponsable. Nous \u00e9vitons la surproduction et donc des quantit\u00e9s significatives de d\u00e9chets, en produisant dans l'UE \u00e0 l'unit\u00e9 et sur demande. Nous r\u00e9duisons nos distances de transport et assurons une logistique respectueuse de l'environnement.\r\n\r\n14 pages dont 1 couverture | 12 pages mensuelles | 1 page d'index I dos cartonn\u00e9.\r\n\r\nCe calendrier \u00e0 succ\u00e8s a \u00e9t\u00e9 r\u00e9\u00e9dit\u00e9 cette ann\u00e9e avec les m\u00eames images et une grille calendaire mise \u00e0 jour.\r\n\r\nIllustrations:\r\nJanvier: Au travail dans la rizi\u00e8re\r\nF\u00e9vrier: Portage du riz \u00e0 Zhaoxing\r\nMars: R\u00e9colte du riz \u00e0 Jiajiu\r\nAvril: Piments rouges et riz vert\r\nMai: Rizi\u00e8res de Jiabang\r\nJuin: Apr\u00e8s la r\u00e9colte\r\nJuillet: Les toits de Jiaju \r\nAo\u00fbt: Rizi\u00e8res en terrasses.\r\nSeptembre: Rizi\u00e8res de Yangshuo\r\nOctobre: R\u00e9colte du riz le long de la rivi\u00e8re Yulong\r\nNovembre: Confection des fagots\r\nD\u00e9cembre: Transport des sacs \u00e0 bicyclette\r\n\r\nQUALITATIF - un calendrier annuel de qualit\u00e9 sup\u00e9rieure avec 12 magnifiques motifs, sur papier d'impression photo, avec une reliure spirale robuste.\r\nDURABLE - r\u00e9duction significative des d\u00e9chets gr\u00e2ce \u00e0 une fabrication sur papier certifi\u00e9 FSC \u00e0 l'unit\u00e9 et sur demande, production dans l'UE, logistique \u00e9cologique.\r\nCADEAU ID\u00c9AL - destin\u00e9 \u00e0 vos contacts priv\u00e9s ou professionnels, \u00e0 la famille ou aux amis, aux jeunes adultes ou aux moins jeunes,  pour un cadeau de No\u00ebl ou d'anniversaire ou juste pour le plaisir d'offrir.\r\nDIVERSIFI\u00c9 - de nombreux formats DIN A4 ou DIN A3, pour s'adapter \u00e0 toutes vos envies et vos cadres de vie.\r\nLa Chine est le plus important producteur et consommateur de riz dans le monde par l'auteur(rice): Jean Luc  ROLLIER","authors":["Jean-luc Rollier"],"category_codes":["4000000","4010000","4010200"],"visuals":{"large":"https:\/\/images.epagine.fr\/173\/9783516545173_1_75.jpg","medium":"https:\/\/images.epagine.fr\/173\/9783516545173_1_m.jpg","thumbnail":"https:\/\/images.epagine.fr\/173\/9783516545173_1_v.jpg"},"orderable":true,"show_badge":true,"formatted_price":"0,00&nbsp;\u20ac","formatted_published_date":"14 mai 2025","publisher_availability_label":"Sur commande","short_details":"Jean-luc Rollier \u2014 CALVENDO","translator":null,"weight":165,"page_count":14,"readership":null,"editor":"CALVENDO","price":0,"published_date":"2025-05-13T22:00:00.000000Z","support":"Calendrier","publisher_availability":1,"stock":0,"editions":[],"url":"https:\/\/quaidesbrumes.com\/ouvrage\/9783516545173\/riz-de-chine-calendrier-de-bureau-2026-din-a5-vertical-calvendo-calendrier-mensuel-la-chine-est-le-plus-important-producteur-et-consommateur-de-riz-dans-le-monde"},{"id":"9783516545296","title":"Sur la route des Grandes Alpes, la vall\u00e9e de la Guisane (Calendrier mural 2026 DIN A3 vertical), CALVENDO calendrier mensuel : Paysages des Hautes-Alpes dans le Brian\u00e7onnais","description":"La route des Grandes Alpes traverse des paysages fabuleux entre le lac L\u00e9man et la M\u00e9diterran\u00e9e. Elle est fr\u00e9quemment travers\u00e9e par les cyclistes du Tour de France. le nom de ses cols mythiques ne nous sont pas \u00e9trangers. Voici quelques paysages entre le col du Lautaret et Brian\u00e7on.\r\n\r\nCalendrier mural de qualit\u00e9 sup\u00e9rieure avec 12 magnifiques photos. L'environnement nous tient \u00e0 coeur. C'est pourquoi nous utilisons exclusivement du papier certifi\u00e9 FSC provenant de for\u00eats g\u00e9r\u00e9es de mani\u00e8re \u00e9coresponsable. Nous \u00e9vitons la surproduction et donc des quantit\u00e9s significatives de d\u00e9chets, en produisant dans l'UE \u00e0 l'unit\u00e9 et sur demande. Nous r\u00e9duisons nos distances de transport et assurons une logistique respectueuse de l'environnement.\r\n\r\n14 pages dont 1 couverture | 12 pages mensuelles | 1 page d'index | dos cartonn\u00e9\r\n\r\nCe calendrier \u00e0 succ\u00e8s a \u00e9t\u00e9 r\u00e9\u00e9dit\u00e9 cette ann\u00e9e avec les m\u00eames images et une grille calendaire mise \u00e0 jour.\r\n\r\nIllustrations:\r\nJanvier: Le Casset\r\nF\u00e9vrier: Le col du Lautaret\r\nMars: Monetier les Bains\r\nAvril: Le lac de la Douche\r\nMai: Au pieds des Ecrins\r\nJuin: L'Alpe du Lauzet\r\nJuillet: Les Ecrins\r\nAo\u00fbt: L'Alpe du Lauzet\r\nSeptembre: L'Alpe du Lauzet\r\nOctobre: L'Alpe du Lauzet\r\nNovembre: L'Alpe du Lauzet\r\nD\u00e9cembre: L'Alpe du Lauzet\r\n\r\nQUALITATIF - un calendrier annuel de qualit\u00e9 sup\u00e9rieure avec 12 magnifiques motifs, sur papier d'impression photo, avec une reliure spirale robuste et un crochet de suspension.\r\nDURABLE - r\u00e9duction significative des d\u00e9chets gr\u00e2ce \u00e0 une fabrication sur papier certifi\u00e9 FSC \u00e0 l'unit\u00e9 et sur demande, production dans l'UE, logistique \u00e9cologique.\r\nCADEAU ID\u00c9AL - destin\u00e9 \u00e0 vos contacts priv\u00e9s ou professionnels, \u00e0 la famille ou aux amis, aux jeunes adultes ou aux moins jeunes,  pour un cadeau de No\u00ebl ou d'anniversaire ou juste pour le plaisir d'offrir.\r\nDIVERSIFI\u00c9 - de nombreux formats DIN A4 ou DIN A3, pour s'adapter \u00e0 toutes vos envies et vos cadres de vie.\r\nPaysages des Hautes-Alpes dans le Brian\u00e7onnais par l'auteur(rice): Alain Gaymard","authors":["Alain Gaymard"],"category_codes":["4000000","4010000","4010200"],"visuals":{"large":"https:\/\/images.epagine.fr\/296\/9783516545296_1_75.jpg","medium":"https:\/\/images.epagine.fr\/296\/9783516545296_1_m.jpg","thumbnail":"https:\/\/images.epagine.fr\/296\/9783516545296_1_v.jpg"},"orderable":true,"show_badge":true,"formatted_price":"0,00&nbsp;\u20ac","formatted_published_date":"14 mai 2025","publisher_availability_label":"Sur commande","short_details":"Alain Gaymard \u2014 CALVENDO","translator":null,"weight":460,"page_count":14,"readership":null,"editor":"CALVENDO","price":0,"published_date":"2025-05-13T22:00:00.000000Z","support":"Calendrier","publisher_availability":1,"stock":0,"editions":[],"url":"https:\/\/quaidesbrumes.com\/ouvrage\/9783516545296\/sur-la-route-des-grandes-alpes-la-vallee-de-la-guisane-calendrier-mural-2026-din-a3-vertical-calvendo-calendrier-mensuel-paysages-des-hautes-alpes-dans-le-brianconnais"},{"id":"9783516545388","title":"Riz de Chine  (Calendrier mural 2026 DIN A2 vertical) calendrier de bureau : La Chine est le plus important producteur et consommateur de riz dans le monde","description":"En terrasses dans la province du Guizhou ou le long de la rivi\u00e8re Yulong aux pieds des formations karstiques dans la province du Guangxi, la culture du riz dans la Chine du sud-ouest nous offre un spectacle color\u00e9 \u00e9blouissant.\r\n\r\nImpression d'art premium en haute brillance de qualit\u00e9 mus\u00e9e. Pour que les feuilles de papier soient bien accroch\u00e9es au mur, ce calendrier haut de gamme est dot\u00e9 de pochettes innovantes. Elles prot\u00e8gent les grandes feuilles des effets de l'humidit\u00e9 de l'air. Le papier est un mat\u00e9riau naturel. Les fibres r\u00e9agissent aux variations du climat ambiant. Il est donc conseill\u00e9 de ne pas retirer les pochettes d'insertion.\r\n\r\nNotre environnement nous tient \u00e0 coeur, c'est pourquoi nous misons sur une fabrication individuelle en Allemagne (Made in Germany) avec des mat\u00e9riaux de qualit\u00e9 sup\u00e9rieure.\r\n\r\n14 pages dont 1 couverture | 12 pages mensuelles | 1 page d'index I dos cartonn\u00e9.\r\n\r\n\r\nCe calendrier \u00e0 succ\u00e8s a \u00e9t\u00e9 r\u00e9\u00e9dit\u00e9 cette ann\u00e9e avec les m\u00eames images et une grille calendaire mise \u00e0 jour.\r\n\r\nIllustrations:\r\nJanvier: Au travail dans la rizi\u00e8re\r\nF\u00e9vrier: Portage du riz \u00e0 Zhaoxing\r\nMars: R\u00e9colte du riz \u00e0 Jiajiu\r\nAvril: Piments rouges et riz vert\r\nMai: Rizi\u00e8res de Jiabang\r\nJuin: Apr\u00e8s la r\u00e9colte\r\nJuillet: Les toits de Jiaju \r\nAo\u00fbt: Rizi\u00e8res en terrasses.\r\nSeptembre: Rizi\u00e8res de Yangshuo\r\nOctobre: R\u00e9colte du riz le long de la rivi\u00e8re Yulong\r\nNovembre: Confection des fagots\r\nD\u00e9cembre: Transport des sacs \u00e0 bicyclette\r\n\r\nLIGNE PREMIUM - Calendrier photo brillant avec 12 magnifiques motifs, impression d'art en haute brillance de qualit\u00e9 mus\u00e9e\r\nQUALIT\u00c9 - mat\u00e9riaux nobles, dos solide avec 2 pochettes innovantes pour une pr\u00e9sentation optimale au mur\r\nDURABLE - nette r\u00e9duction des d\u00e9chets gr\u00e2ce \u00e0 une fabrication \u00e0 l'unit\u00e9 adapt\u00e9e aux besoins, papier certifi\u00e9 FSC respectueux de l'environnement, production en Allemagne, logistique respectueuse du climat.\r\nCADEAU PARFAIT - calendrier pour les amis et la famille, pour les enfants et les adultes, les jeunes et les moins jeunes, pour No\u00ebl, les anniversaires ou entre deux.\r\nLa Chine est le plus important producteur et consommateur de riz dans le monde par l'auteur(rice): Jean Luc  ROLLIER","authors":["Jean-luc Rollier"],"category_codes":["4000000","4010000","4010200"],"visuals":{"large":"https:\/\/images.epagine.fr\/388\/9783516545388_1_75.jpg","medium":"https:\/\/images.epagine.fr\/388\/9783516545388_1_m.jpg","thumbnail":"https:\/\/images.epagine.fr\/388\/9783516545388_1_v.jpg"},"orderable":true,"show_badge":true,"formatted_price":"0,00&nbsp;\u20ac","formatted_published_date":"14 mai 2025","publisher_availability_label":"Sur commande","short_details":"Jean-luc Rollier \u2014 CALVENDO","translator":null,"weight":1280,"page_count":14,"readership":null,"editor":"CALVENDO","price":0,"published_date":"2025-05-13T22:00:00.000000Z","support":"Calendrier","publisher_availability":1,"stock":0,"editions":[],"url":"https:\/\/quaidesbrumes.com\/ouvrage\/9783516545388\/riz-de-chine-calendrier-mural-2026-din-a2-vertical-calendrier-de-bureau-la-chine-est-le-plus-important-producteur-et-consommateur-de-riz-dans-le-monde"},{"id":"9783516545821","title":"Sur la route des Grandes Alpes, la vall\u00e9e de la Guisane (Calendrier mural 2026 DIN A2 vertical), CALVENDO calendrier mensuel : Paysages des Hautes-Alpes dans le Brian\u00e7onnais","description":"La route des Grandes Alpes traverse des paysages fabuleux entre le lac L\u00e9man et la M\u00e9diterran\u00e9e. Elle est fr\u00e9quemment travers\u00e9e par les cyclistes du Tour de France. le nom de ses cols mythiques ne nous sont pas \u00e9trangers. Voici quelques paysages entre le col du Lautaret et Brian\u00e7on.\r\n\r\nCalendrier mural de qualit\u00e9 sup\u00e9rieure avec 12 magnifiques photos. L'environnement nous tient \u00e0 coeur. C'est pourquoi nous utilisons exclusivement du papier certifi\u00e9 FSC provenant de for\u00eats g\u00e9r\u00e9es de mani\u00e8re \u00e9coresponsable. Nous \u00e9vitons la surproduction et donc des quantit\u00e9s significatives de d\u00e9chets, en produisant dans l'UE \u00e0 l'unit\u00e9 et sur demande. Nous r\u00e9duisons nos distances de transport et assurons une logistique respectueuse de l'environnement.\r\n\r\n14 pages dont 1 couverture | 12 pages mensuelles | 1 page d'index | dos cartonn\u00e9\r\n\r\nCe calendrier \u00e0 succ\u00e8s a \u00e9t\u00e9 r\u00e9\u00e9dit\u00e9 cette ann\u00e9e avec les m\u00eames images et une grille calendaire mise \u00e0 jour.\r\n\r\nIllustrations:\r\nJanvier: Le Casset\r\nF\u00e9vrier: Le col du Lautaret\r\nMars: Monetier les Bains\r\nAvril: Le lac de la Douche\r\nMai: Au pieds des Ecrins\r\nJuin: L'Alpe du Lauzet\r\nJuillet: Les Ecrins\r\nAo\u00fbt: L'Alpe du Lauzet\r\nSeptembre: L'Alpe du Lauzet\r\nOctobre: L'Alpe du Lauzet\r\nNovembre: L'Alpe du Lauzet\r\nD\u00e9cembre: L'Alpe du Lauzet\r\n\r\nQUALITATIF - un calendrier annuel de qualit\u00e9 sup\u00e9rieure avec 12 magnifiques motifs, sur papier d'impression photo, avec une reliure spirale robuste et un crochet de suspension.\r\nDURABLE - r\u00e9duction significative des d\u00e9chets gr\u00e2ce \u00e0 une fabrication sur papier certifi\u00e9 FSC \u00e0 l'unit\u00e9 et sur demande, production dans l'UE, logistique \u00e9cologique.\r\nCADEAU ID\u00c9AL - destin\u00e9 \u00e0 vos contacts priv\u00e9s ou professionnels, \u00e0 la famille ou aux amis, aux jeunes adultes ou aux moins jeunes,  pour un cadeau de No\u00ebl ou d'anniversaire ou juste pour le plaisir d'offrir.\r\nDIVERSIFI\u00c9 - de nombreux formats DIN A4 ou DIN A3, pour s'adapter \u00e0 toutes vos envies et vos cadres de vie.\r\nPaysages des Hautes-Alpes dans le Brian\u00e7onnais par l'auteur(rice): Alain Gaymard","authors":["Alain Gaymard"],"category_codes":["4000000","4010000","4010200"],"visuals":{"large":"https:\/\/images.epagine.fr\/821\/9783516545821_1_75.jpg","medium":"https:\/\/images.epagine.fr\/821\/9783516545821_1_m.jpg","thumbnail":"https:\/\/images.epagine.fr\/821\/9783516545821_1_v.jpg"},"orderable":true,"show_badge":true,"formatted_price":"0,00&nbsp;\u20ac","formatted_published_date":"14 mai 2025","publisher_availability_label":"Sur commande","short_details":"Alain Gaymard \u2014 CALVENDO","translator":null,"weight":940,"page_count":14,"readership":null,"editor":"CALVENDO","price":0,"published_date":"2025-05-13T22:00:00.000000Z","support":"Calendrier","publisher_availability":1,"stock":0,"editions":[],"url":"https:\/\/quaidesbrumes.com\/ouvrage\/9783516545821\/sur-la-route-des-grandes-alpes-la-vallee-de-la-guisane-calendrier-mural-2026-din-a2-vertical-calvendo-calendrier-mensuel-paysages-des-hautes-alpes-dans-le-brianconnais"},{"id":"9791037504043","title":"Pourquoi les animaux ne font pas de r\u00e9gime","description":"Et si les animaux d\u00e9tenaient le secret d'une alimentation \u00e9quilibr\u00e9e ?\r\nC'est l'une des plus grandes d\u00e9couvertes scientifi ques sur la nutrition et l'app\u00e9tit. Comment les animaux savent-ils d'instinct ce qu'ils doivent manger ? M\u00eame les essaims de sauterelles dosent leur alimentation au gramme pr\u00e8s.\r\nAu bout de trente ans de recherches scientifi ques passionnantes, qu'ils partagent avec une grande p\u00e9dagogie et un grand talent de conteurs, David Raubenheimer et Stephen J. Simpson ont prouv\u00e9 que les animaux s'arr\u00eatent de manger quand leur besoin en prot\u00e9ines est satisfait.\r\nAlors pourquoi les humains sont-ils la seule esp\u00e8ce avec une tendance au surpoids ? Parce que l'arriv\u00e9e de la nourriture industrielle a perturb\u00e9 notre m\u00e9tabolisme et provoqu\u00e9 une \u00e9pid\u00e9mie d'ob\u00e9sit\u00e9.\r\nComprendre les m\u00e9canismes de la nutrition chez les animaux permet de renouer avec une sagesse nutritionnelle h\u00e9rit\u00e9e de millions d'ann\u00e9es d'\u00e9volution. Une enqu\u00eate scientifique passionnante, qui nous aide \u00e0 faire des choix alimentaires \u00e9clair\u00e9s.","authors":["David Raubenheimer","Stephen j. Simpson","Fran\u00e7ois Tharaud"],"category_codes":["4000000","4010000","4010200","4010207"],"visuals":{"large":"https:\/\/images.epagine.fr\/043\/9791037504043_1_75.jpg","medium":"https:\/\/images.epagine.fr\/043\/9791037504043_1_m.jpg","thumbnail":"https:\/\/images.epagine.fr\/043\/9791037504043_1_v.jpg"},"orderable":true,"show_badge":true,"formatted_price":"22,90&nbsp;\u20ac","formatted_published_date":"6 mai 2021","publisher_availability_label":"Sur commande","short_details":"David Raubenheimer, Stephen j. Simpson, Fran\u00e7ois Tharaud \u2014 \u00c9ditions Les Ar\u00e8nes","translator":"FRANCOIS THARAUD","weight":450,"page_count":310,"readership":null,"editor":"\u00c9ditions Les Ar\u00e8nes","price":2290,"published_date":"2021-05-05T22:00:00.000000Z","support":"Grand format","publisher_availability":1,"stock":0,"editions":[],"url":"https:\/\/quaidesbrumes.com\/ouvrage\/9791037504043\/pourquoi-les-animaux-ne-font-pas-de-regime"},{"id":"9783516546132","title":"Sur la route des Grandes Alpes, la vall\u00e9e de la Guisane (Calendrier de bureau 2026 DIN A5 vertical), CALVENDO calendrier mensuel : Paysages des Hautes-Alpes dans le Brian\u00e7onnais","description":"La route des Grandes Alpes traverse des paysages fabuleux entre le lac L\u00e9man et la M\u00e9diterran\u00e9e. Elle est fr\u00e9quemment travers\u00e9e par les cyclistes du Tour de France. le nom de ses cols mythiques ne nous sont pas \u00e9trangers. Voici quelques paysages entre le col du Lautaret et Brian\u00e7on.\r\n\r\nCalendrier de bureau de qualit\u00e9 sup\u00e9rieure avec 12 magnifiques photos. L'environnement nous tient \u00e0 coeur. C'est pourquoi nous utilisons exclusivement du papier certifi\u00e9 FSC provenant de for\u00eats g\u00e9r\u00e9es de mani\u00e8re \u00e9coresponsable. Nous \u00e9vitons la surproduction et donc des quantit\u00e9s significatives de d\u00e9chets, en produisant dans l'UE \u00e0 l'unit\u00e9 et sur demande. Nous r\u00e9duisons nos distances de transport et assurons une logistique respectueuse de l'environnement.\r\n\r\n14 pages dont 1 couverture | 12 pages mensuelles | 1 page d'index I dos cartonn\u00e9.\r\n\r\nCe calendrier \u00e0 succ\u00e8s a \u00e9t\u00e9 r\u00e9\u00e9dit\u00e9 cette ann\u00e9e avec les m\u00eames images et une grille calendaire mise \u00e0 jour.\r\n\r\nIllustrations:\r\nJanvier: Le Casset\r\nF\u00e9vrier: Le col du Lautaret\r\nMars: Monetier les Bains\r\nAvril: Le lac de la Douche\r\nMai: Au pieds des Ecrins\r\nJuin: L'Alpe du Lauzet\r\nJuillet: Les Ecrins\r\nAo\u00fbt: L'Alpe du Lauzet\r\nSeptembre: L'Alpe du Lauzet\r\nOctobre: L'Alpe du Lauzet\r\nNovembre: L'Alpe du Lauzet\r\nD\u00e9cembre: L'Alpe du Lauzet\r\n\r\nQUALITATIF - un calendrier annuel de qualit\u00e9 sup\u00e9rieure avec 12 magnifiques motifs, sur papier d'impression photo, avec une reliure spirale robuste.\r\nDURABLE - r\u00e9duction significative des d\u00e9chets gr\u00e2ce \u00e0 une fabrication sur papier certifi\u00e9 FSC \u00e0 l'unit\u00e9 et sur demande, production dans l'UE, logistique \u00e9cologique.\r\nCADEAU ID\u00c9AL - destin\u00e9 \u00e0 vos contacts priv\u00e9s ou professionnels, \u00e0 la famille ou aux amis, aux jeunes adultes ou aux moins jeunes,  pour un cadeau de No\u00ebl ou d'anniversaire ou juste pour le plaisir d'offrir.\r\nDIVERSIFI\u00c9 - de nombreux formats DIN A4 ou DIN A3, pour s'adapter \u00e0 toutes vos envies et vos cadres de vie.\r\nPaysages des Hautes-Alpes dans le Brian\u00e7onnais par l'auteur(rice): Alain Gaymard","authors":["Alain Gaymard"],"category_codes":["4000000","4010000","4010200"],"visuals":{"large":"https:\/\/images.epagine.fr\/132\/9783516546132_1_75.jpg","medium":"https:\/\/images.epagine.fr\/132\/9783516546132_1_m.jpg","thumbnail":"https:\/\/images.epagine.fr\/132\/9783516546132_1_v.jpg"},"orderable":true,"show_badge":true,"formatted_price":"0,00&nbsp;\u20ac","formatted_published_date":"14 mai 2025","publisher_availability_label":"Sur commande","short_details":"Alain Gaymard \u2014 CALVENDO","translator":null,"weight":165,"page_count":14,"readership":null,"editor":"CALVENDO","price":0,"published_date":"2025-05-13T22:00:00.000000Z","support":"Calendrier","publisher_availability":1,"stock":0,"editions":[],"url":"https:\/\/quaidesbrumes.com\/ouvrage\/9783516546132\/sur-la-route-des-grandes-alpes-la-vallee-de-la-guisane-calendrier-de-bureau-2026-din-a5-vertical-calvendo-calendrier-mensuel-paysages-des-hautes-alpes-dans-le-brianconnais"},{"id":"9783516546385","title":"Sur la route des Grandes Alpes, la vall\u00e9e de la Guisane  (Calendrier mural 2026 DIN A2 vertical) calendrier de bureau : Paysages des Hautes-Alpes dans le Brian\u00e7onnais","description":"La route des Grandes Alpes traverse des paysages fabuleux entre le lac L\u00e9man et la M\u00e9diterran\u00e9e. Elle est fr\u00e9quemment travers\u00e9e par les cyclistes du Tour de France. le nom de ses cols mythiques ne nous sont pas \u00e9trangers. Voici quelques paysages entre le col du Lautaret et Brian\u00e7on.\r\n\r\nImpression d'art premium en haute brillance de qualit\u00e9 mus\u00e9e. Pour que les feuilles de papier soient bien accroch\u00e9es au mur, ce calendrier haut de gamme est dot\u00e9 de pochettes innovantes. Elles prot\u00e8gent les grandes feuilles des effets de l'humidit\u00e9 de l'air. Le papier est un mat\u00e9riau naturel. Les fibres r\u00e9agissent aux variations du climat ambiant. Il est donc conseill\u00e9 de ne pas retirer les pochettes d'insertion.\r\n\r\nNotre environnement nous tient \u00e0 coeur, c'est pourquoi nous misons sur une fabrication individuelle en Allemagne (Made in Germany) avec des mat\u00e9riaux de qualit\u00e9 sup\u00e9rieure.\r\n\r\n14 pages dont 1 couverture | 12 pages mensuelles | 1 page d'index I dos cartonn\u00e9.\r\n\r\n\r\nCe calendrier \u00e0 succ\u00e8s a \u00e9t\u00e9 r\u00e9\u00e9dit\u00e9 cette ann\u00e9e avec les m\u00eames images et une grille calendaire mise \u00e0 jour.\r\n\r\nIllustrations:\r\nJanvier: Le Casset\r\nF\u00e9vrier: Le col du Lautaret\r\nMars: Monetier les Bains\r\nAvril: Le lac de la Douche\r\nMai: Au pieds des Ecrins\r\nJuin: L'Alpe du Lauzet\r\nJuillet: Les Ecrins\r\nAo\u00fbt: L'Alpe du Lauzet\r\nSeptembre: L'Alpe du Lauzet\r\nOctobre: L'Alpe du Lauzet\r\nNovembre: L'Alpe du Lauzet\r\nD\u00e9cembre: L'Alpe du Lauzet\r\n\r\nLIGNE PREMIUM - Calendrier photo brillant avec 12 magnifiques motifs, impression d'art en haute brillance de qualit\u00e9 mus\u00e9e\r\nQUALIT\u00c9 - mat\u00e9riaux nobles, dos solide avec 2 pochettes innovantes pour une pr\u00e9sentation optimale au mur\r\nDURABLE - nette r\u00e9duction des d\u00e9chets gr\u00e2ce \u00e0 une fabrication \u00e0 l'unit\u00e9 adapt\u00e9e aux besoins, papier certifi\u00e9 FSC respectueux de l'environnement, production en Allemagne, logistique respectueuse du climat.\r\nCADEAU PARFAIT - calendrier pour les amis et la famille, pour les enfants et les adultes, les jeunes et les moins jeunes, pour No\u00ebl, les anniversaires ou entre deux.\r\nPaysages des Hautes-Alpes dans le Brian\u00e7onnais par l'auteur(rice): Alain Gaymard","authors":["Alain Gaymard"],"category_codes":["4000000","4010000","4010200"],"visuals":{"large":"https:\/\/images.epagine.fr\/385\/9783516546385_1_75.jpg","medium":"https:\/\/images.epagine.fr\/385\/9783516546385_1_m.jpg","thumbnail":"https:\/\/images.epagine.fr\/385\/9783516546385_1_v.jpg"},"orderable":true,"show_badge":true,"formatted_price":"0,00&nbsp;\u20ac","formatted_published_date":"14 mai 2025","publisher_availability_label":"Sur commande","short_details":"Alain Gaymard \u2014 CALVENDO","translator":null,"weight":1280,"page_count":14,"readership":null,"editor":"CALVENDO","price":0,"published_date":"2025-05-13T22:00:00.000000Z","support":"Calendrier","publisher_availability":1,"stock":0,"editions":[],"url":"https:\/\/quaidesbrumes.com\/ouvrage\/9783516546385\/sur-la-route-des-grandes-alpes-la-vallee-de-la-guisane-calendrier-mural-2026-din-a2-vertical-calendrier-de-bureau-paysages-des-hautes-alpes-dans-le-brianconnais"},{"id":"9783516546583","title":"Le long de la Clar\u00e9e, une rencontre avec la nature (Calendrier mural 2026 DIN A4 vertical), CALVENDO calendrier mensuel : A la d\u00e9couverte d'une vall\u00e9e des Alpes du Brian\u00e7onnais","description":"La vall\u00e9e de la Clar\u00e9e se situe pr\u00e8s de Brian\u00e7on. Sauv\u00e9e jadis par Mme Emilie Carles du passage d'une autoroute, cette vall\u00e9e, proche de la fronti\u00e8re italienne, nous offre des paysages extraordinaires. La Clar\u00e9e et ses lacs enchanteurs se d\u00e9couvre \u00e9galement en altitude.\r\n\r\nCalendrier mural de qualit\u00e9 sup\u00e9rieure avec 12 magnifiques photos. L'environnement nous tient \u00e0 coeur. C'est pourquoi nous utilisons exclusivement du papier certifi\u00e9 FSC provenant de for\u00eats g\u00e9r\u00e9es de mani\u00e8re \u00e9coresponsable. Nous \u00e9vitons la surproduction et donc des quantit\u00e9s significatives de d\u00e9chets, en produisant dans l'UE \u00e0 l'unit\u00e9 et sur demande. Nous r\u00e9duisons nos distances de transport et assurons une logistique respectueuse de l'environnement.\r\n\r\n14 pages dont 1 couverture | 12 pages mensuelles | 1 page d'index | dos cartonn\u00e9\r\n\r\nCe calendrier \u00e0 succ\u00e8s a \u00e9t\u00e9 r\u00e9\u00e9dit\u00e9 cette ann\u00e9e avec les m\u00eames images et une grille calendaire mise \u00e0 jour.\r\n\r\nIllustrations:\r\nJanvier: LA VALLEE DE LA CLAREE\r\nF\u00e9vrier: Le lac Soulier\r\nMars: Autour du Mont Ricou\r\nAvril: Autour du Mont Ricou\r\nMai: La Clar\u00e9e\r\nJuin: La Clar\u00e9e\r\nJuillet: Les hauteurs de la vall\u00e9e\r\nAo\u00fbt: Les hauteurs de la vall\u00e9e\r\nSeptembre: Le fond de la vall\u00e9e\r\nOctobre: Le fond de la vall\u00e9e\r\nNovembre: La vall\u00e9e\r\nD\u00e9cembre: Nevache et la Clar\u00e9e\r\n\r\nQUALITATIF - un calendrier annuel de qualit\u00e9 sup\u00e9rieure avec 12 magnifiques motifs, sur papier d'impression photo, avec une reliure spirale robuste et un crochet de suspension.\r\nDURABLE - r\u00e9duction significative des d\u00e9chets gr\u00e2ce \u00e0 une fabrication sur papier certifi\u00e9 FSC \u00e0 l'unit\u00e9 et sur demande, production dans l'UE, logistique \u00e9cologique.\r\nCADEAU ID\u00c9AL - destin\u00e9 \u00e0 vos contacts priv\u00e9s ou professionnels, \u00e0 la famille ou aux amis, aux jeunes adultes ou aux moins jeunes,  pour un cadeau de No\u00ebl ou d'anniversaire ou juste pour le plaisir d'offrir.\r\nDIVERSIFI\u00c9 - de nombreux formats DIN A4 ou DIN A3, pour s'adapter \u00e0 toutes vos envies et vos cadres de vie.\r\nA la d\u00e9couverte d'une vall\u00e9e des Alpes du Brian\u00e7onnais par l'auteur(rice): Alain Gaymard","authors":["Alain Gaymard"],"category_codes":["4000000","4010000","4010200"],"visuals":{"large":"https:\/\/images.epagine.fr\/583\/9783516546583_1_75.jpg","medium":"https:\/\/images.epagine.fr\/583\/9783516546583_1_m.jpg","thumbnail":"https:\/\/images.epagine.fr\/583\/9783516546583_1_v.jpg"},"orderable":true,"show_badge":true,"formatted_price":"0,00&nbsp;\u20ac","formatted_published_date":"14 mai 2025","publisher_availability_label":"Sur commande","short_details":"Alain Gaymard \u2014 CALVENDO","translator":null,"weight":210,"page_count":14,"readership":null,"editor":"CALVENDO","price":0,"published_date":"2025-05-13T22:00:00.000000Z","support":"Calendrier","publisher_availability":1,"stock":0,"editions":[],"url":"https:\/\/quaidesbrumes.com\/ouvrage\/9783516546583\/le-long-de-la-claree-une-rencontre-avec-la-nature-calendrier-mural-2026-din-a4-vertical-calvendo-calendrier-mensuel-a-la-decouverte-dune-vallee-des-alpes-du-brianconnais"},{"id":"9783516547474","title":"Le long de la Clar\u00e9e, une rencontre avec la nature (Calendrier mural 2026 DIN A3 vertical), CALVENDO calendrier mensuel : A la d\u00e9couverte d'une vall\u00e9e des Alpes du Brian\u00e7onnais","description":"La vall\u00e9e de la Clar\u00e9e se situe pr\u00e8s de Brian\u00e7on. Sauv\u00e9e jadis par Mme Emilie Carles du passage d'une autoroute, cette vall\u00e9e, proche de la fronti\u00e8re italienne, nous offre des paysages extraordinaires. La Clar\u00e9e et ses lacs enchanteurs se d\u00e9couvre \u00e9galement en altitude.\r\n\r\nCalendrier mural de qualit\u00e9 sup\u00e9rieure avec 12 magnifiques photos. L'environnement nous tient \u00e0 coeur. C'est pourquoi nous utilisons exclusivement du papier certifi\u00e9 FSC provenant de for\u00eats g\u00e9r\u00e9es de mani\u00e8re \u00e9coresponsable. Nous \u00e9vitons la surproduction et donc des quantit\u00e9s significatives de d\u00e9chets, en produisant dans l'UE \u00e0 l'unit\u00e9 et sur demande. Nous r\u00e9duisons nos distances de transport et assurons une logistique respectueuse de l'environnement.\r\n\r\n14 pages dont 1 couverture | 12 pages mensuelles | 1 page d'index | dos cartonn\u00e9\r\n\r\nCe calendrier \u00e0 succ\u00e8s a \u00e9t\u00e9 r\u00e9\u00e9dit\u00e9 cette ann\u00e9e avec les m\u00eames images et une grille calendaire mise \u00e0 jour.\r\n\r\nIllustrations:\r\nJanvier: LA VALLEE DE LA CLAREE\r\nF\u00e9vrier: Le lac Soulier\r\nMars: Autour du Mont Ricou\r\nAvril: Autour du Mont Ricou\r\nMai: La Clar\u00e9e\r\nJuin: La Clar\u00e9e\r\nJuillet: Les hauteurs de la vall\u00e9e\r\nAo\u00fbt: Les hauteurs de la vall\u00e9e\r\nSeptembre: Le fond de la vall\u00e9e\r\nOctobre: Le fond de la vall\u00e9e\r\nNovembre: La vall\u00e9e\r\nD\u00e9cembre: Nevache et la Clar\u00e9e\r\n\r\nQUALITATIF - un calendrier annuel de qualit\u00e9 sup\u00e9rieure avec 12 magnifiques motifs, sur papier d'impression photo, avec une reliure spirale robuste et un crochet de suspension.\r\nDURABLE - r\u00e9duction significative des d\u00e9chets gr\u00e2ce \u00e0 une fabrication sur papier certifi\u00e9 FSC \u00e0 l'unit\u00e9 et sur demande, production dans l'UE, logistique \u00e9cologique.\r\nCADEAU ID\u00c9AL - destin\u00e9 \u00e0 vos contacts priv\u00e9s ou professionnels, \u00e0 la famille ou aux amis, aux jeunes adultes ou aux moins jeunes,  pour un cadeau de No\u00ebl ou d'anniversaire ou juste pour le plaisir d'offrir.\r\nDIVERSIFI\u00c9 - de nombreux formats DIN A4 ou DIN A3, pour s'adapter \u00e0 toutes vos envies et vos cadres de vie.\r\nA la d\u00e9couverte d'une vall\u00e9e des Alpes du Brian\u00e7onnais par l'auteur(rice): Alain Gaymard","authors":["Alain Gaymard"],"category_codes":["4000000","4010000","4010200"],"visuals":{"large":"https:\/\/images.epagine.fr\/474\/9783516547474_1_75.jpg","medium":"https:\/\/images.epagine.fr\/474\/9783516547474_1_m.jpg","thumbnail":"https:\/\/images.epagine.fr\/474\/9783516547474_1_v.jpg"},"orderable":true,"show_badge":true,"formatted_price":"0,00&nbsp;\u20ac","formatted_published_date":"14 mai 2025","publisher_availability_label":"Sur commande","short_details":"Alain Gaymard \u2014 CALVENDO","translator":null,"weight":460,"page_count":14,"readership":null,"editor":"CALVENDO","price":0,"published_date":"2025-05-13T22:00:00.000000Z","support":"Calendrier","publisher_availability":1,"stock":0,"editions":[],"url":"https:\/\/quaidesbrumes.com\/ouvrage\/9783516547474\/le-long-de-la-claree-une-rencontre-avec-la-nature-calendrier-mural-2026-din-a3-vertical-calvendo-calendrier-mensuel-a-la-decouverte-dune-vallee-des-alpes-du-brianconnais"},{"id":"9783516547795","title":"Le long de la Clar\u00e9e, une rencontre avec la nature (Calendrier mural 2026 DIN A2 vertical), CALVENDO calendrier mensuel : A la d\u00e9couverte d'une vall\u00e9e des Alpes du Brian\u00e7onnais","description":"La vall\u00e9e de la Clar\u00e9e se situe pr\u00e8s de Brian\u00e7on. Sauv\u00e9e jadis par Mme Emilie Carles du passage d'une autoroute, cette vall\u00e9e, proche de la fronti\u00e8re italienne, nous offre des paysages extraordinaires. La Clar\u00e9e et ses lacs enchanteurs se d\u00e9couvre \u00e9galement en altitude.\r\n\r\nCalendrier mural de qualit\u00e9 sup\u00e9rieure avec 12 magnifiques photos. L'environnement nous tient \u00e0 coeur. C'est pourquoi nous utilisons exclusivement du papier certifi\u00e9 FSC provenant de for\u00eats g\u00e9r\u00e9es de mani\u00e8re \u00e9coresponsable. Nous \u00e9vitons la surproduction et donc des quantit\u00e9s significatives de d\u00e9chets, en produisant dans l'UE \u00e0 l'unit\u00e9 et sur demande. Nous r\u00e9duisons nos distances de transport et assurons une logistique respectueuse de l'environnement.\r\n\r\n14 pages dont 1 couverture | 12 pages mensuelles | 1 page d'index | dos cartonn\u00e9\r\n\r\nCe calendrier \u00e0 succ\u00e8s a \u00e9t\u00e9 r\u00e9\u00e9dit\u00e9 cette ann\u00e9e avec les m\u00eames images et une grille calendaire mise \u00e0 jour.\r\n\r\nIllustrations:\r\nJanvier: LA VALLEE DE LA CLAREE\r\nF\u00e9vrier: Le lac Soulier\r\nMars: Autour du Mont Ricou\r\nAvril: Autour du Mont Ricou\r\nMai: La Clar\u00e9e\r\nJuin: La Clar\u00e9e\r\nJuillet: Les hauteurs de la vall\u00e9e\r\nAo\u00fbt: Les hauteurs de la vall\u00e9e\r\nSeptembre: Le fond de la vall\u00e9e\r\nOctobre: Le fond de la vall\u00e9e\r\nNovembre: La vall\u00e9e\r\nD\u00e9cembre: Nevache et la Clar\u00e9e\r\n\r\nQUALITATIF - un calendrier annuel de qualit\u00e9 sup\u00e9rieure avec 12 magnifiques motifs, sur papier d'impression photo, avec une reliure spirale robuste et un crochet de suspension.\r\nDURABLE - r\u00e9duction significative des d\u00e9chets gr\u00e2ce \u00e0 une fabrication sur papier certifi\u00e9 FSC \u00e0 l'unit\u00e9 et sur demande, production dans l'UE, logistique \u00e9cologique.\r\nCADEAU ID\u00c9AL - destin\u00e9 \u00e0 vos contacts priv\u00e9s ou professionnels, \u00e0 la famille ou aux amis, aux jeunes adultes ou aux moins jeunes,  pour un cadeau de No\u00ebl ou d'anniversaire ou juste pour le plaisir d'offrir.\r\nDIVERSIFI\u00c9 - de nombreux formats DIN A4 ou DIN A3, pour s'adapter \u00e0 toutes vos envies et vos cadres de vie.\r\nA la d\u00e9couverte d'une vall\u00e9e des Alpes du Brian\u00e7onnais par l'auteur(rice): Alain Gaymard","authors":["Alain Gaymard"],"category_codes":["4000000","4010000","4010200"],"visuals":{"large":"https:\/\/images.epagine.fr\/795\/9783516547795_1_75.jpg","medium":"https:\/\/images.epagine.fr\/795\/9783516547795_1_m.jpg","thumbnail":"https:\/\/images.epagine.fr\/795\/9783516547795_1_v.jpg"},"orderable":true,"show_badge":true,"formatted_price":"0,00&nbsp;\u20ac","formatted_published_date":"14 mai 2025","publisher_availability_label":"Sur commande","short_details":"Alain Gaymard \u2014 CALVENDO","translator":null,"weight":940,"page_count":14,"readership":null,"editor":"CALVENDO","price":0,"published_date":"2025-05-13T22:00:00.000000Z","support":"Calendrier","publisher_availability":1,"stock":0,"editions":[],"url":"https:\/\/quaidesbrumes.com\/ouvrage\/9783516547795\/le-long-de-la-claree-une-rencontre-avec-la-nature-calendrier-mural-2026-din-a2-vertical-calvendo-calendrier-mensuel-a-la-decouverte-dune-vallee-des-alpes-du-brianconnais"},{"id":"9783516548129","title":"Le long de la Clar\u00e9e, une rencontre avec la nature (Calendrier de bureau 2026 DIN A5 vertical), CALVENDO calendrier mensuel : A la d\u00e9couverte d'une vall\u00e9e des Alpes du Brian\u00e7onnais","description":"La vall\u00e9e de la Clar\u00e9e se situe pr\u00e8s de Brian\u00e7on. Sauv\u00e9e jadis par Mme Emilie Carles du passage d'une autoroute, cette vall\u00e9e, proche de la fronti\u00e8re italienne, nous offre des paysages extraordinaires. La Clar\u00e9e et ses lacs enchanteurs se d\u00e9couvre \u00e9galement en altitude.\r\n\r\nCalendrier de bureau de qualit\u00e9 sup\u00e9rieure avec 12 magnifiques photos. L'environnement nous tient \u00e0 coeur. C'est pourquoi nous utilisons exclusivement du papier certifi\u00e9 FSC provenant de for\u00eats g\u00e9r\u00e9es de mani\u00e8re \u00e9coresponsable. Nous \u00e9vitons la surproduction et donc des quantit\u00e9s significatives de d\u00e9chets, en produisant dans l'UE \u00e0 l'unit\u00e9 et sur demande. Nous r\u00e9duisons nos distances de transport et assurons une logistique respectueuse de l'environnement.\r\n\r\n14 pages dont 1 couverture | 12 pages mensuelles | 1 page d'index I dos cartonn\u00e9.\r\n\r\nCe calendrier \u00e0 succ\u00e8s a \u00e9t\u00e9 r\u00e9\u00e9dit\u00e9 cette ann\u00e9e avec les m\u00eames images et une grille calendaire mise \u00e0 jour.\r\n\r\nIllustrations:\r\nJanvier: LA VALLEE DE LA CLAREE\r\nF\u00e9vrier: Le lac Soulier\r\nMars: Autour du Mont Ricou\r\nAvril: Autour du Mont Ricou\r\nMai: La Clar\u00e9e\r\nJuin: La Clar\u00e9e\r\nJuillet: Les hauteurs de la vall\u00e9e\r\nAo\u00fbt: Les hauteurs de la vall\u00e9e\r\nSeptembre: Le fond de la vall\u00e9e\r\nOctobre: Le fond de la vall\u00e9e\r\nNovembre: La vall\u00e9e\r\nD\u00e9cembre: Nevache et la Clar\u00e9e\r\n\r\nQUALITATIF - un calendrier annuel de qualit\u00e9 sup\u00e9rieure avec 12 magnifiques motifs, sur papier d'impression photo, avec une reliure spirale robuste.\r\nDURABLE - r\u00e9duction significative des d\u00e9chets gr\u00e2ce \u00e0 une fabrication sur papier certifi\u00e9 FSC \u00e0 l'unit\u00e9 et sur demande, production dans l'UE, logistique \u00e9cologique.\r\nCADEAU ID\u00c9AL - destin\u00e9 \u00e0 vos contacts priv\u00e9s ou professionnels, \u00e0 la famille ou aux amis, aux jeunes adultes ou aux moins jeunes,  pour un cadeau de No\u00ebl ou d'anniversaire ou juste pour le plaisir d'offrir.\r\nDIVERSIFI\u00c9 - de nombreux formats DIN A4 ou DIN A3, pour s'adapter \u00e0 toutes vos envies et vos cadres de vie.\r\nA la d\u00e9couverte d'une vall\u00e9e des Alpes du Brian\u00e7onnais par l'auteur(rice): Alain Gaymard","authors":["Alain Gaymard"],"category_codes":["4000000","4010000","4010200"],"visuals":{"large":"https:\/\/images.epagine.fr\/129\/9783516548129_1_75.jpg","medium":"https:\/\/images.epagine.fr\/129\/9783516548129_1_m.jpg","thumbnail":"https:\/\/images.epagine.fr\/129\/9783516548129_1_v.jpg"},"orderable":true,"show_badge":true,"formatted_price":"0,00&nbsp;\u20ac","formatted_published_date":"14 mai 2025","publisher_availability_label":"Sur commande","short_details":"Alain Gaymard \u2014 CALVENDO","translator":null,"weight":165,"page_count":14,"readership":null,"editor":"CALVENDO","price":0,"published_date":"2025-05-13T22:00:00.000000Z","support":"Calendrier","publisher_availability":1,"stock":0,"editions":[],"url":"https:\/\/quaidesbrumes.com\/ouvrage\/9783516548129\/le-long-de-la-claree-une-rencontre-avec-la-nature-calendrier-de-bureau-2026-din-a5-vertical-calvendo-calendrier-mensuel-a-la-decouverte-dune-vallee-des-alpes-du-brianconnais"},{"id":"9783516548389","title":"Le long de la Clar\u00e9e, une rencontre avec la nature  (Calendrier mural 2026 DIN A2 vertical) calendrier de bureau : A la d\u00e9couverte d'une vall\u00e9e des Alpes du Brian\u00e7onnais","description":"La vall\u00e9e de la Clar\u00e9e se situe pr\u00e8s de Brian\u00e7on. Sauv\u00e9e jadis par Mme Emilie Carles du passage d'une autoroute, cette vall\u00e9e, proche de la fronti\u00e8re italienne, nous offre des paysages extraordinaires. La Clar\u00e9e et ses lacs enchanteurs se d\u00e9couvre \u00e9galement en altitude.\r\n\r\nImpression d'art premium en haute brillance de qualit\u00e9 mus\u00e9e. Pour que les feuilles de papier soient bien accroch\u00e9es au mur, ce calendrier haut de gamme est dot\u00e9 de pochettes innovantes. Elles prot\u00e8gent les grandes feuilles des effets de l'humidit\u00e9 de l'air. Le papier est un mat\u00e9riau naturel. Les fibres r\u00e9agissent aux variations du climat ambiant. Il est donc conseill\u00e9 de ne pas retirer les pochettes d'insertion.\r\n\r\nNotre environnement nous tient \u00e0 coeur, c'est pourquoi nous misons sur une fabrication individuelle en Allemagne (Made in Germany) avec des mat\u00e9riaux de qualit\u00e9 sup\u00e9rieure.\r\n\r\n14 pages dont 1 couverture | 12 pages mensuelles | 1 page d'index I dos cartonn\u00e9.\r\n\r\n\r\nCe calendrier \u00e0 succ\u00e8s a \u00e9t\u00e9 r\u00e9\u00e9dit\u00e9 cette ann\u00e9e avec les m\u00eames images et une grille calendaire mise \u00e0 jour.\r\n\r\nIllustrations:\r\nJanvier: LA VALLEE DE LA CLAREE\r\nF\u00e9vrier: Le lac Soulier\r\nMars: Autour du Mont Ricou\r\nAvril: Autour du Mont Ricou\r\nMai: La Clar\u00e9e\r\nJuin: La Clar\u00e9e\r\nJuillet: Les hauteurs de la vall\u00e9e\r\nAo\u00fbt: Les hauteurs de la vall\u00e9e\r\nSeptembre: Le fond de la vall\u00e9e\r\nOctobre: Le fond de la vall\u00e9e\r\nNovembre: La vall\u00e9e\r\nD\u00e9cembre: Nevache et la Clar\u00e9e\r\n\r\nLIGNE PREMIUM - Calendrier photo brillant avec 12 magnifiques motifs, impression d'art en haute brillance de qualit\u00e9 mus\u00e9e\r\nQUALIT\u00c9 - mat\u00e9riaux nobles, dos solide avec 2 pochettes innovantes pour une pr\u00e9sentation optimale au mur\r\nDURABLE - nette r\u00e9duction des d\u00e9chets gr\u00e2ce \u00e0 une fabrication \u00e0 l'unit\u00e9 adapt\u00e9e aux besoins, papier certifi\u00e9 FSC respectueux de l'environnement, production en Allemagne, logistique respectueuse du climat.\r\nCADEAU PARFAIT - calendrier pour les amis et la famille, pour les enfants et les adultes, les jeunes et les moins jeunes, pour No\u00ebl, les anniversaires ou entre deux.\r\nA la d\u00e9couverte d'une vall\u00e9e des Alpes du Brian\u00e7onnais par l'auteur(rice): Alain Gaymard","authors":["Alain Gaymard"],"category_codes":["4000000","4010000","4010200"],"visuals":{"large":"https:\/\/images.epagine.fr\/389\/9783516548389_1_75.jpg","medium":"https:\/\/images.epagine.fr\/389\/9783516548389_1_m.jpg","thumbnail":"https:\/\/images.epagine.fr\/389\/9783516548389_1_v.jpg"},"orderable":true,"show_badge":true,"formatted_price":"0,00&nbsp;\u20ac","formatted_published_date":"14 mai 2025","publisher_availability_label":"Sur commande","short_details":"Alain Gaymard \u2014 CALVENDO","translator":null,"weight":1280,"page_count":14,"readership":null,"editor":"CALVENDO","price":0,"published_date":"2025-05-13T22:00:00.000000Z","support":"Calendrier","publisher_availability":1,"stock":0,"editions":[],"url":"https:\/\/quaidesbrumes.com\/ouvrage\/9783516548389\/le-long-de-la-claree-une-rencontre-avec-la-nature-calendrier-mural-2026-din-a2-vertical-calendrier-de-bureau-a-la-decouverte-dune-vallee-des-alpes-du-brianconnais"},{"id":"9782915911305","title":"Calendrier 2012 ; for\u00eat des Landes","description":null,"authors":["Dominique Julien"],"category_codes":["4000000","4010000","4010300"],"visuals":{"large":"https:\/\/images.epagine.fr\/305\/9782915911305_1_75.jpg","medium":"https:\/\/images.epagine.fr\/305\/9782915911305_1_m.jpg","thumbnail":"https:\/\/images.epagine.fr\/305\/9782915911305_1_v.jpg"},"orderable":true,"show_badge":true,"formatted_price":"9,90&nbsp;\u20ac","formatted_published_date":"30 novembre 2011","publisher_availability_label":"Sur commande","short_details":"Dominique Julien \u2014 Gypa\u00e8te","translator":null,"weight":0,"page_count":12,"readership":null,"editor":"Gypa\u00e8te","price":990,"published_date":"2011-11-29T23:00:00.000000Z","support":"Calendrier","publisher_availability":1,"stock":0,"editions":[],"url":"https:\/\/quaidesbrumes.com\/ouvrage\/9782915911305\/calendrier-2012-foret-des-landes"},{"id":"9782377475490","title":"Les vivants non-humains en politique : La fabrique territoriale des politiques de biodiversit\u00e9","description":"La disparition du nombre de vivants non-humains s'acc\u00e9l\u00e8re, et les actions publiques de protection de la biodiversit\u00e9 d\u00e9velopp\u00e9es depuis les ann\u00e9es 1990 s'av\u00e8rent impuissantes, ou tout du moins limit\u00e9es, face \u00e0 cette crise. Quelle place est donn\u00e9e \u00e0 ces esp\u00e8ces et leurs espaces naturels dans les d\u00e9bats politiques, luttes d'int\u00e9r\u00eats et cadrages de probl\u00e8mes publics ? \u00c0 partir d'une enqu\u00eate de terrain, cet ouvrage questionne la mise en politique publique de la biodiversit\u00e9 sur un territoire d'\u00e9chelle r\u00e9gionale, celui de l'ex-r\u00e9gion Nord-Pas-de-Calais. Il propose une sociologie politique environnementale qui int\u00e8gre les dimensions biologiques et comportementales des vivants, et met en lumi\u00e8re la domination politique des humains sur les vivants non-humains et leur marginalisation dans la fabrique de l'action publique. Cette prise de pouvoir \u00e9choue pourtant partiellement \u00e0 les contr\u00f4ler, que ce soit pour endiguer l'\u00e9volution des \"nuisibles\" ou la perte de la biodiversit\u00e9.","authors":["Cl\u00e9mence Guimont"],"category_codes":["4000000","4010000","4010200","4010208"],"visuals":{"large":"https:\/\/images.epagine.fr\/490\/9782377475490_1_75.jpg","medium":"https:\/\/images.epagine.fr\/490\/9782377475490_1_m.jpg","thumbnail":"https:\/\/images.epagine.fr\/490\/9782377475490_1_v.jpg"},"orderable":false,"show_badge":true,"formatted_price":"25,00&nbsp;\u20ac","formatted_published_date":"21 mai 2026","publisher_availability_label":"\u00c0 para\u00eetre","short_details":"Cl\u00e9mence Guimont \u2014 Uga Editions","translator":null,"weight":0,"page_count":330,"readership":null,"editor":"Uga Editions","price":2500,"published_date":"2026-05-20T22:00:00.000000Z","support":"Grand format","publisher_availability":2,"stock":0,"editions":[],"url":"https:\/\/quaidesbrumes.com\/ouvrage\/9782377475490\/les-vivants-non-humains-en-politique-la-fabrique-territoriale-des-politiques-de-biodiversite"},{"id":"9781836120537","title":"Agriculture \u00e9cologique et technologies num\u00e9riques : Convergence ou contre-sens ?","description":"Le d\u00e9veloppement des technologies num\u00e9riques est souvent pr\u00e9sent\u00e9 comme une r\u00e9ponse aux enjeux actuels de l'agriculture, promettant \u00e0 la fois un avenir meilleur pour les agriculteurs et les agricultrices, et des b\u00e9n\u00e9fices pour la soci\u00e9t\u00e9 dans son ensemble. L'agriculture num\u00e9rique r\u00e9soudrait enfin l'\u00e9quation entre nourrir la population et respecter l'environnement. Elle mobilise \u00e0 ce titre d'importantes ressources publiques et priv\u00e9es. Pourtant, ses effets font l'objet de vives controverses.Agriculture \u00e9cologique et technologies num\u00e9riques analyse la mani\u00e8re dont le num\u00e9rique s'int\u00e8gre dans les diff\u00e9rentes trajectoires d'\u00e9cologisation de l'agriculture et les influence. Il explore les repr\u00e9sentations, les usages et les transformations de pratiques que son d\u00e9ploiement engendre. Il montre que la digitalisation actuelle entre fr\u00e9quemment en tension avec une \u00e9cologisation forte de l'agriculture, qu'il s'agisse des techniques, des objectifs, des logiques de raisonnement, des temporalit\u00e9s ou encore des enjeux politiques et sociaux.Des formes d'hybridation apparaissent toutefois possibles, que ce soit avec des mod\u00e8les d'\u00e9cologisation industrielle ou dans le cadre d'une transformation plus globale de la digitalisation, repensant ses mod\u00e8les techniques, \u00e9conomiques et politiques.","authors":["Eleonore Schnebelin"],"category_codes":["4000000","4010000","4010200"],"visuals":{"large":"https:\/\/images.epagine.fr\/537\/9781836120537_1_75.jpg","medium":"https:\/\/images.epagine.fr\/537\/9781836120537_1_m.jpg","thumbnail":"https:\/\/images.epagine.fr\/537\/9781836120537_1_v.jpg"},"orderable":true,"show_badge":true,"formatted_price":"94,95&nbsp;\u20ac","formatted_published_date":"7 novembre 2025","publisher_availability_label":"Sur commande","short_details":"Eleonore Schnebelin \u2014 Iste","translator":null,"weight":0,"page_count":278,"readership":null,"editor":"Iste","price":9495,"published_date":"2025-11-06T23:00:00.000000Z","support":"Grand format","publisher_availability":1,"stock":0,"editions":[],"url":"https:\/\/quaidesbrumes.com\/ouvrage\/9781836120537\/agriculture-ecologique-et-technologies-numeriques-convergence-ou-contre-sens"},{"id":"9782344035115","title":"40 ans \u00e0 la barre ; de Tabarly \u00e0 l'Hermione, les carnets d'un marin journaliste","description":"Depuis quarante ans, il navigue avec les plus grands, participe aux \u00e9v\u00e9nements maritimes incontournables, s'int\u00e9resse aux derni\u00e8res rel\u00e8ves de phares...\r\nQuarante ans d'une passion immod\u00e9r\u00e9e pour la mer que Bernard Rubinstein partage avec nous dans ce livre exceptionnel.\r\n\r\nBernard Rubinstein aime naviguer. Une passion illustr\u00e9e dans de nombreux reportages pour lesquels il a embarqu\u00e9 avec les grands noms de la voile : \u00c9ric Tabarly bien s\u00fbr, avec qui il participe \u00e0 la premi\u00e8re course autour du monde en 1973, mais \u00e9galement Alain Colas, Olivier de Kersauson, Titouan Lamazou, Mike Birch, Lo\u00efck Peyron, Philippe Poupon, Armel Le Cl\u00e9ac'h... Observateur privil\u00e9gi\u00e9 d'une plaisance en perp\u00e9tuelle mutation, il a particip\u00e9 au d\u00e9part des plus grandes courses, que ce soit en Grande-Bretagne pour la c\u00e9l\u00e8bre Transat, \u00e0 Saint-Malo pour le d\u00e9part de la Route du Rhum ou encore aux Sables-d'Olonne pour le Vend\u00e9e Globe. Mais ses reportages ne se limitent pas au seul domaine de la course. Car il a aussi connu des temp\u00eates \u00e0 bord de l'Abeille Flandre aux c\u00f4t\u00e9s de son commandant Jean Bulot, v\u00e9cu huit jours dans le phare de Cordouan, particip\u00e9 aux derni\u00e8res rel\u00e8ves des phares de la mer d'Iroise, r\u00e9gat\u00e9 sur la c\u00e9l\u00e8bre bisquine de Cancale, navigu\u00e9 \u00e0 Venise devant la place Saint-Marc. Ce tableau serait incomplet sans \u00e9voquer son go\u00fbt pour le patrimoine maritime, l'occasion d'articles sur la derni\u00e8re clouterie fran\u00e7aise ou le dernier des ma\u00eetres voiliers de tradition, Jean-Pierre Burgaud. Mais qu'on ne s'y trompe pas ! Point de nostalgie ici. Rubi - son surnom dans le monde de la voile - nous embarque dans ses souvenirs de journaliste pour mieux transmettre, partager.","authors":["Bernard Rubinstein"],"category_codes":["4000000","4010000","4010300","4010304"],"visuals":{"large":"https:\/\/images.epagine.fr\/115\/9782344035115_1_75.jpg","medium":"https:\/\/images.epagine.fr\/115\/9782344035115_1_m.jpg","thumbnail":"https:\/\/images.epagine.fr\/115\/9782344035115_1_v.jpg"},"orderable":true,"show_badge":true,"formatted_price":"25,00&nbsp;\u20ac","formatted_published_date":"4 septembre 2019","publisher_availability_label":"Sur commande","short_details":"Bernard Rubinstein \u2014 Gl\u00e9nat","translator":null,"weight":694,"page_count":256,"readership":null,"editor":"Gl\u00e9nat","price":2500,"published_date":"2019-09-03T22:00:00.000000Z","support":"Grand format","publisher_availability":1,"stock":0,"editions":[],"url":"https:\/\/quaidesbrumes.com\/ouvrage\/9782344035115\/40-ans-a-la-barre-de-tabarly-a-lhermione-les-carnets-dun-marin-journaliste"},{"id":"9782707130679","title":"La France toxique","description":"Ces derni\u00e8res ann\u00e9es, certaines maladies - cancers, asthme, allergies, affections neuro-d\u00e9g\u00e9n\u00e9ratives, atteintes immunitaires, etc. - connaissent une v\u00e9ritable explosion. Et les explications classiques (vieillissement de la population, facteurs g\u00e9n\u00e9tiques...) sont loin de rendre compte de ce ph\u00e9nom\u00e8ne. En revanche, on soup\u00e7onne de plus en plus le r\u00f4le des substances toxiques et des sources d'agression physique (bruits, ondes ionisantes...) qui envahissent notre environnement quotidien. Cette inqui\u00e9tude a conduit le d\u00e9put\u00e9 Andr\u00e9 Aschieri \u00e0 proposer au Parlement, en 1998, la cr\u00e9ation d'une Agence de s\u00e9curit\u00e9 sanitaire afin d'\u00e9valuer s\u00e9rieusement les risques que nous font courir les facteurs environnementaux. Et c'est la m\u00eame pr\u00e9occupation qui a conduit le Premier ministre Lionel Jospin \u00e0 lui commander un rapport sur la faisabilit\u00e9 d'une telle agence. Pour remplir sa mission, men\u00e9e aupr\u00e8s des meilleurs sp\u00e9cialistes scientifiques, Andr\u00e9 Aschieri a d\u00fb ouvrir des dossiers br\u00fblants et r\u00e9v\u00e9ler des v\u00e9rit\u00e9s qui d\u00e9rangent... Il retrace ici cette enqu\u00eate explosive, sans jargon ni langue de bois. Il explique comment, en France, des produits chimiques et bien d'autres polluants tuent en silence ou provoquent de graves maladies ; et pourquoi tout cela reste une affaire priv\u00e9e, g\u00e9r\u00e9e par les industriels et leurs repr\u00e9sentants. Il raconte \u00e9galement les rudes bagarres qu'il a d\u00fb mener dans les coulisses du pouvoir pour mener \u00e0 bien sa mission et porter ses d\u00e9couvertes \u00e0 la connaissance de tous. T\u00e9moignage d'un esprit libre, ce livre appelle \u00e0 une \" deuxi\u00e8me r\u00e9volution \" de sant\u00e9 publique qui, apr\u00e8s celle lanc\u00e9e par Pasteur contre les bact\u00e9ries et les virus (laquelle reste la base de notre syst\u00e8me de sant\u00e9), s'attaquera aux contaminations chimiques et aux diverses agressions que nous subissons \u00e0 la maison, dans la rue et au travail. Contre la \" France toxique \", Andr\u00e9 Aschieri interpelle les d\u00e9cideurs politiques : s'ils tardent encore \u00e0 cr\u00e9er un vrai syst\u00e8me de pr\u00e9vention des risques li\u00e9s \u00e0 l'environnement, ils devront reconna\u00eetre d\u00e9sormais, devant les prochaines victimes, qu'ils sont \" responsables et coupables \".","authors":["Andr\u00e9 Aschieri","Roger Lenglet"],"category_codes":["4000000","4010000","4010200","4010207"],"visuals":{"large":"https:\/\/images.epagine.fr\/679\/9782707130679_1_75.jpg","medium":"https:\/\/images.epagine.fr\/679\/9782707130679_1_m.jpg","thumbnail":"https:\/\/images.epagine.fr\/679\/9782707130679_1_v.jpg"},"orderable":true,"show_badge":true,"formatted_price":"18,00&nbsp;\u20ac","formatted_published_date":"23 septembre 1999","publisher_availability_label":"Sur commande","short_details":"Andr\u00e9 Aschieri, Roger Lenglet \u2014 La d\u00e9couverte","translator":null,"weight":234,"page_count":186,"readership":null,"editor":"La d\u00e9couverte","price":1800,"published_date":"1999-09-22T22:00:00.000000Z","support":"Grand format","publisher_availability":1,"stock":0,"editions":[],"url":"https:\/\/quaidesbrumes.com\/ouvrage\/9782707130679\/la-france-toxique"},{"id":"9783516711516","title":"Champignons magiques - Beaut\u00e9s \u00e9ph\u00e9m\u00e8res (Calendrier mural 2026 DIN A4 horizontal), CALVENDO calendrier mensuel : Un calendrier enchanteur qui r\u00e9v\u00e8le, mois apr\u00e8s mois, la beaut\u00e9 myst\u00e9rieuse et \u00e9ph\u00e9m\u00e8re des champignons dans toute leur diversit\u00e9.","description":"Partez \u00e0 la d\u00e9couverte d'un univers myst\u00e9rieux o\u00f9 chaque mois met en lumi\u00e8re la gr\u00e2ce fragile et fascinante des champignons, v\u00e9ritables joyaux de la nature. Plus qu'un simple outil d'organisation, ce calendrier devient une invitation \u00e0 contempler la po\u00e9sie de l'\u00e9ph\u00e9m\u00e8re, en r\u00e9v\u00e9lant des formes, des couleurs et des textures d'une \u00e9tonnante richesse. \u00c0 offrir ou \u00e0 s'offrir, il transforme votre quotidien en une exp\u00e9rience visuelle unique, m\u00ealant \u00e9merveillement, curiosit\u00e9 et s\u00e9r\u00e9nit\u00e9.\r\n\r\nCalendrier mural de qualit\u00e9 sup\u00e9rieure avec 12 magnifiques photos. L'environnement nous tient \u00e0 coeur. C'est pourquoi nous utilisons exclusivement du papier certifi\u00e9 FSC provenant de for\u00eats g\u00e9r\u00e9es de mani\u00e8re \u00e9coresponsable. Nous \u00e9vitons la surproduction et donc des quantit\u00e9s significatives de d\u00e9chets, en produisant dans l'UE \u00e0 l'unit\u00e9 et sur demande. Nous r\u00e9duisons nos distances de transport et assurons une logistique respectueuse de l'environnement.\r\n\r\n14 pages dont 1 couverture | 12 pages mensuelles | 1 page d'index | dos cartonn\u00e9\r\n\r\nIllustrations:\r\nJanvier: Laccaire\r\nF\u00e9vrier: Clitocybe laqu\u00e9\r\nMars: Coprin micac\u00e9\r\nAvril: Laccaire am\u00e9thyste\r\nMai: Myc\u00e8ne en aiguille\r\nJuin: Galerina\r\nJuillet: Russule \u00e9m\u00e9tique\r\nAo\u00fbt: Myc\u00e8ne \u00e0 pied rouge\r\nSeptembre: Bolet bai\r\nOctobre: Hypholome en touffe\r\nNovembre: Myc\u00e8ne en aiguille\r\nD\u00e9cembre: Coprin chevelu\r\n\r\nQUALITATIF - un calendrier annuel de qualit\u00e9 sup\u00e9rieure avec 12 magnifiques motifs, sur papier d'impression photo, avec une reliure spirale robuste et un crochet de suspension.\r\nDURABLE - r\u00e9duction significative des d\u00e9chets gr\u00e2ce \u00e0 une fabrication sur papier certifi\u00e9 FSC \u00e0 l'unit\u00e9 et sur demande, production dans l'UE, logistique \u00e9cologique.\r\nCADEAU ID\u00c9AL - destin\u00e9 \u00e0 vos contacts priv\u00e9s ou professionnels, \u00e0 la famille ou aux amis, aux jeunes adultes ou aux moins jeunes,  pour un cadeau de No\u00ebl ou d'anniversaire ou juste pour le plaisir d'offrir.\r\nDIVERSIFI\u00c9 - de nombreux formats DIN A4 ou DIN A3, pour s'adapter \u00e0 toutes vos envies et vos cadres de vie.\r\nUn calendrier enchanteur qui r\u00e9v\u00e8le, mois apr\u00e8s mois, la beaut\u00e9 myst\u00e9rieuse et \u00e9ph\u00e9m\u00e8re des champignons dans toute leur diversit\u00e9. par l'auteur(rice): Carcajou Pictures","authors":["Thomas Martzel"],"category_codes":["4000000","4010000","4010200"],"visuals":{"large":"https:\/\/images.epagine.fr\/516\/9783516711516_1_75.jpg","medium":"https:\/\/images.epagine.fr\/516\/9783516711516_1_m.jpg","thumbnail":"https:\/\/images.epagine.fr\/516\/9783516711516_1_v.jpg"},"orderable":true,"show_badge":true,"formatted_price":"0,00&nbsp;\u20ac","formatted_published_date":"14 octobre 2025","publisher_availability_label":"Sur commande","short_details":"Thomas Martzel \u2014 CALVENDO","translator":null,"weight":210,"page_count":14,"readership":null,"editor":"CALVENDO","price":0,"published_date":"2025-10-13T22:00:00.000000Z","support":"Calendrier","publisher_availability":1,"stock":0,"editions":[],"url":"https:\/\/quaidesbrumes.com\/ouvrage\/9783516711516\/champignons-magiques-beautes-ephemeres-calendrier-mural-2026-din-a4-horizontal-calvendo-calendrier-mensuel-un-calendrier-enchanteur-qui-revele-mois-apres-mois-la-beaute-mysterieuse-et-ephemere-des-champignons-dans-toute-leur-diversite"},{"id":"9783516711523","title":"Champignons magiques - Beaut\u00e9s \u00e9ph\u00e9m\u00e8res (Calendrier mural 2026 DIN A3 horizontal), CALVENDO calendrier mensuel : Un calendrier enchanteur qui r\u00e9v\u00e8le, mois apr\u00e8s mois, la beaut\u00e9 myst\u00e9rieuse et \u00e9ph\u00e9m\u00e8re des champignons dans toute leur diversit\u00e9.","description":"Partez \u00e0 la d\u00e9couverte d'un univers myst\u00e9rieux o\u00f9 chaque mois met en lumi\u00e8re la gr\u00e2ce fragile et fascinante des champignons, v\u00e9ritables joyaux de la nature. Plus qu'un simple outil d'organisation, ce calendrier devient une invitation \u00e0 contempler la po\u00e9sie de l'\u00e9ph\u00e9m\u00e8re, en r\u00e9v\u00e9lant des formes, des couleurs et des textures d'une \u00e9tonnante richesse. \u00c0 offrir ou \u00e0 s'offrir, il transforme votre quotidien en une exp\u00e9rience visuelle unique, m\u00ealant \u00e9merveillement, curiosit\u00e9 et s\u00e9r\u00e9nit\u00e9.\r\n\r\nCalendrier mural de qualit\u00e9 sup\u00e9rieure avec 12 magnifiques photos. L'environnement nous tient \u00e0 coeur. C'est pourquoi nous utilisons exclusivement du papier certifi\u00e9 FSC provenant de for\u00eats g\u00e9r\u00e9es de mani\u00e8re \u00e9coresponsable. Nous \u00e9vitons la surproduction et donc des quantit\u00e9s significatives de d\u00e9chets, en produisant dans l'UE \u00e0 l'unit\u00e9 et sur demande. Nous r\u00e9duisons nos distances de transport et assurons une logistique respectueuse de l'environnement.\r\n\r\n14 pages dont 1 couverture | 12 pages mensuelles | 1 page d'index | dos cartonn\u00e9\r\n\r\nIllustrations:\r\nJanvier: Laccaire\r\nF\u00e9vrier: Clitocybe laqu\u00e9\r\nMars: Coprin micac\u00e9\r\nAvril: Laccaire am\u00e9thyste\r\nMai: Myc\u00e8ne en aiguille\r\nJuin: Galerina\r\nJuillet: Russule \u00e9m\u00e9tique\r\nAo\u00fbt: Myc\u00e8ne \u00e0 pied rouge\r\nSeptembre: Bolet bai\r\nOctobre: Hypholome en touffe\r\nNovembre: Myc\u00e8ne en aiguille\r\nD\u00e9cembre: Coprin chevelu\r\n\r\nQUALITATIF - un calendrier annuel de qualit\u00e9 sup\u00e9rieure avec 12 magnifiques motifs, sur papier d'impression photo, avec une reliure spirale robuste et un crochet de suspension.\r\nDURABLE - r\u00e9duction significative des d\u00e9chets gr\u00e2ce \u00e0 une fabrication sur papier certifi\u00e9 FSC \u00e0 l'unit\u00e9 et sur demande, production dans l'UE, logistique \u00e9cologique.\r\nCADEAU ID\u00c9AL - destin\u00e9 \u00e0 vos contacts priv\u00e9s ou professionnels, \u00e0 la famille ou aux amis, aux jeunes adultes ou aux moins jeunes,  pour un cadeau de No\u00ebl ou d'anniversaire ou juste pour le plaisir d'offrir.\r\nDIVERSIFI\u00c9 - de nombreux formats DIN A4 ou DIN A3, pour s'adapter \u00e0 toutes vos envies et vos cadres de vie.\r\nUn calendrier enchanteur qui r\u00e9v\u00e8le, mois apr\u00e8s mois, la beaut\u00e9 myst\u00e9rieuse et \u00e9ph\u00e9m\u00e8re des champignons dans toute leur diversit\u00e9. par l'auteur(rice): Carcajou Pictures","authors":["Thomas Martzel"],"category_codes":["4000000","4010000","4010200"],"visuals":{"large":"https:\/\/images.epagine.fr\/523\/9783516711523_1_75.jpg","medium":"https:\/\/images.epagine.fr\/523\/9783516711523_1_m.jpg","thumbnail":"https:\/\/images.epagine.fr\/523\/9783516711523_1_v.jpg"},"orderable":true,"show_badge":true,"formatted_price":"0,00&nbsp;\u20ac","formatted_published_date":"14 octobre 2025","publisher_availability_label":"Sur commande","short_details":"Thomas Martzel \u2014 CALVENDO","translator":null,"weight":450,"page_count":14,"readership":null,"editor":"CALVENDO","price":0,"published_date":"2025-10-13T22:00:00.000000Z","support":"Calendrier","publisher_availability":1,"stock":0,"editions":[],"url":"https:\/\/quaidesbrumes.com\/ouvrage\/9783516711523\/champignons-magiques-beautes-ephemeres-calendrier-mural-2026-din-a3-horizontal-calvendo-calendrier-mensuel-un-calendrier-enchanteur-qui-revele-mois-apres-mois-la-beaute-mysterieuse-et-ephemere-des-champignons-dans-toute-leur-diversite"},{"id":"9783516711547","title":"Champignons magiques - Beaut\u00e9s \u00e9ph\u00e9m\u00e8res (Calendrier mural 2026 DIN A2 horizontal), CALVENDO calendrier mensuel : Un calendrier enchanteur qui r\u00e9v\u00e8le, mois apr\u00e8s mois, la beaut\u00e9 myst\u00e9rieuse et \u00e9ph\u00e9m\u00e8re des champignons dans toute leur diversit\u00e9.","description":"Partez \u00e0 la d\u00e9couverte d'un univers myst\u00e9rieux o\u00f9 chaque mois met en lumi\u00e8re la gr\u00e2ce fragile et fascinante des champignons, v\u00e9ritables joyaux de la nature. Plus qu'un simple outil d'organisation, ce calendrier devient une invitation \u00e0 contempler la po\u00e9sie de l'\u00e9ph\u00e9m\u00e8re, en r\u00e9v\u00e9lant des formes, des couleurs et des textures d'une \u00e9tonnante richesse. \u00c0 offrir ou \u00e0 s'offrir, il transforme votre quotidien en une exp\u00e9rience visuelle unique, m\u00ealant \u00e9merveillement, curiosit\u00e9 et s\u00e9r\u00e9nit\u00e9.\r\n\r\nCalendrier mural de qualit\u00e9 sup\u00e9rieure avec 12 magnifiques photos. L'environnement nous tient \u00e0 coeur. C'est pourquoi nous utilisons exclusivement du papier certifi\u00e9 FSC provenant de for\u00eats g\u00e9r\u00e9es de mani\u00e8re \u00e9coresponsable. Nous \u00e9vitons la surproduction et donc des quantit\u00e9s significatives de d\u00e9chets, en produisant dans l'UE \u00e0 l'unit\u00e9 et sur demande. Nous r\u00e9duisons nos distances de transport et assurons une logistique respectueuse de l'environnement.\r\n\r\n14 pages dont 1 couverture | 12 pages mensuelles | 1 page d'index | dos cartonn\u00e9\r\n\r\nIllustrations:\r\nJanvier: Laccaire\r\nF\u00e9vrier: Clitocybe laqu\u00e9\r\nMars: Coprin micac\u00e9\r\nAvril: Laccaire am\u00e9thyste\r\nMai: Myc\u00e8ne en aiguille\r\nJuin: Galerina\r\nJuillet: Russule \u00e9m\u00e9tique\r\nAo\u00fbt: Myc\u00e8ne \u00e0 pied rouge\r\nSeptembre: Bolet bai\r\nOctobre: Hypholome en touffe\r\nNovembre: Myc\u00e8ne en aiguille\r\nD\u00e9cembre: Coprin chevelu\r\n\r\nQUALITATIF - un calendrier annuel de qualit\u00e9 sup\u00e9rieure avec 12 magnifiques motifs, sur papier d'impression photo, avec une reliure spirale robuste et un crochet de suspension.\r\nDURABLE - r\u00e9duction significative des d\u00e9chets gr\u00e2ce \u00e0 une fabrication sur papier certifi\u00e9 FSC \u00e0 l'unit\u00e9 et sur demande, production dans l'UE, logistique \u00e9cologique.\r\nCADEAU ID\u00c9AL - destin\u00e9 \u00e0 vos contacts priv\u00e9s ou professionnels, \u00e0 la famille ou aux amis, aux jeunes adultes ou aux moins jeunes,  pour un cadeau de No\u00ebl ou d'anniversaire ou juste pour le plaisir d'offrir.\r\nDIVERSIFI\u00c9 - de nombreux formats DIN A4 ou DIN A3, pour s'adapter \u00e0 toutes vos envies et vos cadres de vie.\r\nUn calendrier enchanteur qui r\u00e9v\u00e8le, mois apr\u00e8s mois, la beaut\u00e9 myst\u00e9rieuse et \u00e9ph\u00e9m\u00e8re des champignons dans toute leur diversit\u00e9. par l'auteur(rice): Carcajou Pictures","authors":["Thomas Martzel"],"category_codes":["4000000","4010000","4010200"],"visuals":{"large":"https:\/\/images.epagine.fr\/547\/9783516711547_1_75.jpg","medium":"https:\/\/images.epagine.fr\/547\/9783516711547_1_m.jpg","thumbnail":"https:\/\/images.epagine.fr\/547\/9783516711547_1_v.jpg"},"orderable":true,"show_badge":true,"formatted_price":"0,00&nbsp;\u20ac","formatted_published_date":"14 octobre 2025","publisher_availability_label":"Sur commande","short_details":"Thomas Martzel \u2014 CALVENDO","translator":null,"weight":940,"page_count":14,"readership":null,"editor":"CALVENDO","price":0,"published_date":"2025-10-13T22:00:00.000000Z","support":"Calendrier","publisher_availability":1,"stock":0,"editions":[],"url":"https:\/\/quaidesbrumes.com\/ouvrage\/9783516711547\/champignons-magiques-beautes-ephemeres-calendrier-mural-2026-din-a2-horizontal-calvendo-calendrier-mensuel-un-calendrier-enchanteur-qui-revele-mois-apres-mois-la-beaute-mysterieuse-et-ephemere-des-champignons-dans-toute-leur-diversite"},{"id":"9783516711561","title":"Champignons magiques - Beaut\u00e9s \u00e9ph\u00e9m\u00e8res (Calendrier de bureau 2026 DIN A5 horizontal), CALVENDO calendrier mensuel : Un calendrier enchanteur qui r\u00e9v\u00e8le, mois apr\u00e8s mois, la beaut\u00e9 myst\u00e9rieuse et \u00e9ph\u00e9m\u00e8re des champignons dans toute leur diversit\u00e9.","description":"Partez \u00e0 la d\u00e9couverte d'un univers myst\u00e9rieux o\u00f9 chaque mois met en lumi\u00e8re la gr\u00e2ce fragile et fascinante des champignons, v\u00e9ritables joyaux de la nature. Plus qu'un simple outil d'organisation, ce calendrier devient une invitation \u00e0 contempler la po\u00e9sie de l'\u00e9ph\u00e9m\u00e8re, en r\u00e9v\u00e9lant des formes, des couleurs et des textures d'une \u00e9tonnante richesse. \u00c0 offrir ou \u00e0 s'offrir, il transforme votre quotidien en une exp\u00e9rience visuelle unique, m\u00ealant \u00e9merveillement, curiosit\u00e9 et s\u00e9r\u00e9nit\u00e9.\r\n\r\nCalendrier de bureau de qualit\u00e9 sup\u00e9rieure avec 12 magnifiques photos. L'environnement nous tient \u00e0 coeur. C'est pourquoi nous utilisons exclusivement du papier certifi\u00e9 FSC provenant de for\u00eats g\u00e9r\u00e9es de mani\u00e8re \u00e9coresponsable. Nous \u00e9vitons la surproduction et donc des quantit\u00e9s significatives de d\u00e9chets, en produisant dans l'UE \u00e0 l'unit\u00e9 et sur demande. Nous r\u00e9duisons nos distances de transport et assurons une logistique respectueuse de l'environnement.\r\n\r\n14 pages dont 1 couverture | 12 pages mensuelles | 1 page d'index I dos cartonn\u00e9.\r\n\r\nIllustrations:\r\nJanvier: Laccaire\r\nF\u00e9vrier: Clitocybe laqu\u00e9\r\nMars: Coprin micac\u00e9\r\nAvril: Laccaire am\u00e9thyste\r\nMai: Myc\u00e8ne en aiguille\r\nJuin: Galerina\r\nJuillet: Russule \u00e9m\u00e9tique\r\nAo\u00fbt: Myc\u00e8ne \u00e0 pied rouge\r\nSeptembre: Bolet bai\r\nOctobre: Hypholome en touffe\r\nNovembre: Myc\u00e8ne en aiguille\r\nD\u00e9cembre: Coprin chevelu\r\n\r\nQUALITATIF - un calendrier annuel de qualit\u00e9 sup\u00e9rieure avec 12 magnifiques motifs, sur papier d'impression photo, avec une reliure spirale robuste.\r\nDURABLE - r\u00e9duction significative des d\u00e9chets gr\u00e2ce \u00e0 une fabrication sur papier certifi\u00e9 FSC \u00e0 l'unit\u00e9 et sur demande, production dans l'UE, logistique \u00e9cologique.\r\nCADEAU ID\u00c9AL - destin\u00e9 \u00e0 vos contacts priv\u00e9s ou professionnels, \u00e0 la famille ou aux amis, aux jeunes adultes ou aux moins jeunes,  pour un cadeau de No\u00ebl ou d'anniversaire ou juste pour le plaisir d'offrir.\r\nDIVERSIFI\u00c9 - de nombreux formats DIN A4 ou DIN A3, pour s'adapter \u00e0 toutes vos envies et vos cadres de vie.\r\nUn calendrier enchanteur qui r\u00e9v\u00e8le, mois apr\u00e8s mois, la beaut\u00e9 myst\u00e9rieuse et \u00e9ph\u00e9m\u00e8re des champignons dans toute leur diversit\u00e9. par l'auteur(rice): Carcajou Pictures","authors":["Thomas Martzel"],"category_codes":["4000000","4010000","4010200"],"visuals":{"large":"https:\/\/images.epagine.fr\/561\/9783516711561_1_75.jpg","medium":"https:\/\/images.epagine.fr\/561\/9783516711561_1_m.jpg","thumbnail":"https:\/\/images.epagine.fr\/561\/9783516711561_1_v.jpg"},"orderable":true,"show_badge":true,"formatted_price":"0,00&nbsp;\u20ac","formatted_published_date":"14 octobre 2025","publisher_availability_label":"Sur commande","short_details":"Thomas Martzel \u2014 CALVENDO","translator":null,"weight":165,"page_count":14,"readership":null,"editor":"CALVENDO","price":0,"published_date":"2025-10-13T22:00:00.000000Z","support":"Calendrier","publisher_availability":1,"stock":0,"editions":[],"url":"https:\/\/quaidesbrumes.com\/ouvrage\/9783516711561\/champignons-magiques-beautes-ephemeres-calendrier-de-bureau-2026-din-a5-horizontal-calvendo-calendrier-mensuel-un-calendrier-enchanteur-qui-revele-mois-apres-mois-la-beaute-mysterieuse-et-ephemere-des-champignons-dans-toute-leur-diversite"},{"id":"9783516711585","title":"Champignons magiques - Beaut\u00e9s \u00e9ph\u00e9m\u00e8res  (Calendrier mural 2026 DIN A2 horizontal) calendrier de bureau : Un calendrier enchanteur qui r\u00e9v\u00e8le, mois apr\u00e8s mois, la beaut\u00e9 myst\u00e9rieuse et \u00e9ph\u00e9m\u00e8re des champignons dans toute leur diversit\u00e9.","description":"Partez \u00e0 la d\u00e9couverte d'un univers myst\u00e9rieux o\u00f9 chaque mois met en lumi\u00e8re la gr\u00e2ce fragile et fascinante des champignons, v\u00e9ritables joyaux de la nature. Plus qu'un simple outil d'organisation, ce calendrier devient une invitation \u00e0 contempler la po\u00e9sie de l'\u00e9ph\u00e9m\u00e8re, en r\u00e9v\u00e9lant des formes, des couleurs et des textures d'une \u00e9tonnante richesse. \u00c0 offrir ou \u00e0 s'offrir, il transforme votre quotidien en une exp\u00e9rience visuelle unique, m\u00ealant \u00e9merveillement, curiosit\u00e9 et s\u00e9r\u00e9nit\u00e9.\r\n\r\nImpression d'art premium en haute brillance de qualit\u00e9 mus\u00e9e. Pour que les feuilles de papier soient bien accroch\u00e9es au mur, ce calendrier haut de gamme est dot\u00e9 de pochettes innovantes. Elles prot\u00e8gent les grandes feuilles des effets de l'humidit\u00e9 de l'air. Le papier est un mat\u00e9riau naturel. Les fibres r\u00e9agissent aux variations du climat ambiant. Il est donc conseill\u00e9 de ne pas retirer les pochettes d'insertion.\r\n\r\nNotre environnement nous tient \u00e0 coeur, c'est pourquoi nous misons sur une fabrication individuelle en Allemagne (Made in Germany) avec des mat\u00e9riaux de qualit\u00e9 sup\u00e9rieure.\r\n\r\n14 pages dont 1 couverture | 12 pages mensuelles | 1 page d'index I dos cartonn\u00e9.\r\n\r\n\r\nIllustrations:\r\nJanvier: Laccaire\r\nF\u00e9vrier: Clitocybe laqu\u00e9\r\nMars: Coprin micac\u00e9\r\nAvril: Laccaire am\u00e9thyste\r\nMai: Myc\u00e8ne en aiguille\r\nJuin: Galerina\r\nJuillet: Russule \u00e9m\u00e9tique\r\nAo\u00fbt: Myc\u00e8ne \u00e0 pied rouge\r\nSeptembre: Bolet bai\r\nOctobre: Hypholome en touffe\r\nNovembre: Myc\u00e8ne en aiguille\r\nD\u00e9cembre: Coprin chevelu\r\n\r\nLIGNE PREMIUM - Calendrier photo brillant avec 12 magnifiques motifs, impression d'art en haute brillance de qualit\u00e9 mus\u00e9e\r\nQUALIT\u00c9 - mat\u00e9riaux nobles, dos solide avec 2 pochettes innovantes pour une pr\u00e9sentation optimale au mur\r\nDURABLE - nette r\u00e9duction des d\u00e9chets gr\u00e2ce \u00e0 une fabrication \u00e0 l'unit\u00e9 adapt\u00e9e aux besoins, papier certifi\u00e9 FSC respectueux de l'environnement, production en Allemagne, logistique respectueuse du climat.\r\nCADEAU PARFAIT - calendrier pour les amis et la famille, pour les enfants et les adultes, les jeunes et les moins jeunes, pour No\u00ebl, les anniversaires ou entre deux.\r\nUn calendrier enchanteur qui r\u00e9v\u00e8le, mois apr\u00e8s mois, la beaut\u00e9 myst\u00e9rieuse et \u00e9ph\u00e9m\u00e8re des champignons dans toute leur diversit\u00e9. par l'auteur(rice): Carcajou Pictures","authors":["Thomas Martzel"],"category_codes":["4000000","4010000","4010200"],"visuals":{"large":"https:\/\/images.epagine.fr\/585\/9783516711585_1_75.jpg","medium":"https:\/\/images.epagine.fr\/585\/9783516711585_1_m.jpg","thumbnail":"https:\/\/images.epagine.fr\/585\/9783516711585_1_v.jpg"},"orderable":true,"show_badge":true,"formatted_price":"0,00&nbsp;\u20ac","formatted_published_date":"14 octobre 2025","publisher_availability_label":"Sur commande","short_details":"Thomas Martzel \u2014 CALVENDO","translator":null,"weight":1280,"page_count":14,"readership":null,"editor":"CALVENDO","price":0,"published_date":"2025-10-13T22:00:00.000000Z","support":"Calendrier","publisher_availability":1,"stock":0,"editions":[],"url":"https:\/\/quaidesbrumes.com\/ouvrage\/9783516711585\/champignons-magiques-beautes-ephemeres-calendrier-mural-2026-din-a2-horizontal-calendrier-de-bureau-un-calendrier-enchanteur-qui-revele-mois-apres-mois-la-beaute-mysterieuse-et-ephemere-des-champignons-dans-toute-leur-diversite"},{"id":"9783516715668","title":"Quand les libellules forment un coeur (Calendrier mural 2026 DIN A4 vertical), CALVENDO calendrier mensuel : Le coeur des libellules pendant leur accouplement","description":"Saviez-vous que les libellules forment des coeurs quand elles s'accouplent ?. Regardez la beaut\u00e9 de chaque libellule et surtout la formation des coeurs. \r\nD\u00e9couvrez ce spectacle de la nature en feuilletant ce calendrier.\r\n\r\nCalendrier mural de qualit\u00e9 sup\u00e9rieure avec 12 magnifiques photos. L'environnement nous tient \u00e0 coeur. C'est pourquoi nous utilisons exclusivement du papier certifi\u00e9 FSC provenant de for\u00eats g\u00e9r\u00e9es de mani\u00e8re \u00e9coresponsable. Nous \u00e9vitons la surproduction et donc des quantit\u00e9s significatives de d\u00e9chets, en produisant dans l'UE \u00e0 l'unit\u00e9 et sur demande. Nous r\u00e9duisons nos distances de transport et assurons une logistique respectueuse de l'environnement.\r\n\r\n14 pages dont 1 couverture | 12 pages mensuelles | 1 page d'index | dos cartonn\u00e9\r\n\r\nIllustrations:\r\nJanvier: Demoiselle m\u00e2le (Calopt\u00e9rix splendens)\r\nF\u00e9vrier: Demoiselle femelle (Calopt\u00e9rix splendens)\r\nMars: Demoiselles m\u00e2le et femelle (Calopt\u00e9rix splendens)\r\nAvril: Accouplement des demoiselles (Calopt\u00e9rix splendens)\r\nMai: Coeur des demoiselles (Calopt\u00e9rix splendens)\r\nJuin: Libellule m\u00e2le (Libellula fulva)\r\nJuillet: Libellule femelle (Libellula fulva) \r\nAo\u00fbt: Accouplement des libellules (Libellula fulva)\r\nSeptembre: Coeur des libellules (Libellula fulva)\r\nOctobre: L'Agrion jouvencelle (Coenagrion puella)\r\nNovembre: Coeur des agrions jouvencelles (Coenagrion puella)\r\nD\u00e9cembre: Accouplement des agrions jouvencelles (Coenagrion puella)\r\n\r\nQUALITATIF - un calendrier annuel de qualit\u00e9 sup\u00e9rieure avec 12 magnifiques motifs, sur papier d'impression photo, avec une reliure spirale robuste et un crochet de suspension.\r\nDURABLE - r\u00e9duction significative des d\u00e9chets gr\u00e2ce \u00e0 une fabrication sur papier certifi\u00e9 FSC \u00e0 l'unit\u00e9 et sur demande, production dans l'UE, logistique \u00e9cologique.\r\nCADEAU ID\u00c9AL - destin\u00e9 \u00e0 vos contacts priv\u00e9s ou professionnels, \u00e0 la famille ou aux amis, aux jeunes adultes ou aux moins jeunes,  pour un cadeau de No\u00ebl ou d'anniversaire ou juste pour le plaisir d'offrir.\r\nDIVERSIFI\u00c9 - de nombreux formats DIN A4 ou DIN A3, pour s'adapter \u00e0 toutes vos envies et vos cadres de vie.\r\nLe coeur des libellules pendant leur accouplement par l'auteur(rice): PATRICK CASAERT","authors":["Patrick Casaert"],"category_codes":["4000000","4010000","4010200"],"visuals":{"large":"https:\/\/images.epagine.fr\/668\/9783516715668_1_75.jpg","medium":"https:\/\/images.epagine.fr\/668\/9783516715668_1_m.jpg","thumbnail":"https:\/\/images.epagine.fr\/668\/9783516715668_1_v.jpg"},"orderable":true,"show_badge":true,"formatted_price":"0,00&nbsp;\u20ac","formatted_published_date":"24 septembre 2025","publisher_availability_label":"Sur commande","short_details":"Patrick Casaert \u2014 CALVENDO","translator":null,"weight":210,"page_count":14,"readership":null,"editor":"CALVENDO","price":0,"published_date":"2025-09-23T22:00:00.000000Z","support":"Calendrier","publisher_availability":1,"stock":0,"editions":[],"url":"https:\/\/quaidesbrumes.com\/ouvrage\/9783516715668\/quand-les-libellules-forment-un-coeur-calendrier-mural-2026-din-a4-vertical-calvendo-calendrier-mensuel-le-coeur-des-libellules-pendant-leur-accouplement"},{"id":"9783516715675","title":"Quand les libellules forment un coeur (Calendrier de bureau 2026 DIN A5 vertical), CALVENDO calendrier mensuel : Le coeur des libellules pendant leur accouplement","description":"Saviez-vous que les libellules forment des coeurs quand elles s'accouplent ?. Regardez la beaut\u00e9 de chaque libellule et surtout la formation des coeurs. \r\nD\u00e9couvrez ce spectacle de la nature en feuilletant ce calendrier.\r\n\r\nCalendrier de bureau de qualit\u00e9 sup\u00e9rieure avec 12 magnifiques photos. L'environnement nous tient \u00e0 coeur. C'est pourquoi nous utilisons exclusivement du papier certifi\u00e9 FSC provenant de for\u00eats g\u00e9r\u00e9es de mani\u00e8re \u00e9coresponsable. Nous \u00e9vitons la surproduction et donc des quantit\u00e9s significatives de d\u00e9chets, en produisant dans l'UE \u00e0 l'unit\u00e9 et sur demande. Nous r\u00e9duisons nos distances de transport et assurons une logistique respectueuse de l'environnement.\r\n\r\n14 pages dont 1 couverture | 12 pages mensuelles | 1 page d'index I dos cartonn\u00e9.\r\n\r\nIllustrations:\r\nJanvier: Demoiselle m\u00e2le (Calopt\u00e9rix splendens)\r\nF\u00e9vrier: Demoiselle femelle (Calopt\u00e9rix splendens)\r\nMars: Demoiselles m\u00e2le et femelle (Calopt\u00e9rix splendens)\r\nAvril: Accouplement des demoiselles (Calopt\u00e9rix splendens)\r\nMai: Coeur des demoiselles (Calopt\u00e9rix splendens)\r\nJuin: Libellule m\u00e2le (Libellula fulva)\r\nJuillet: Libellule femelle (Libellula fulva) \r\nAo\u00fbt: Accouplement des libellules (Libellula fulva)\r\nSeptembre: Coeur des libellules (Libellula fulva)\r\nOctobre: L'Agrion jouvencelle (Coenagrion puella)\r\nNovembre: Coeur des agrions jouvencelles (Coenagrion puella)\r\nD\u00e9cembre: Accouplement des agrions jouvencelles (Coenagrion puella)\r\n\r\nQUALITATIF - un calendrier annuel de qualit\u00e9 sup\u00e9rieure avec 12 magnifiques motifs, sur papier d'impression photo, avec une reliure spirale robuste.\r\nDURABLE - r\u00e9duction significative des d\u00e9chets gr\u00e2ce \u00e0 une fabrication sur papier certifi\u00e9 FSC \u00e0 l'unit\u00e9 et sur demande, production dans l'UE, logistique \u00e9cologique.\r\nCADEAU ID\u00c9AL - destin\u00e9 \u00e0 vos contacts priv\u00e9s ou professionnels, \u00e0 la famille ou aux amis, aux jeunes adultes ou aux moins jeunes,  pour un cadeau de No\u00ebl ou d'anniversaire ou juste pour le plaisir d'offrir.\r\nDIVERSIFI\u00c9 - de nombreux formats DIN A4 ou DIN A3, pour s'adapter \u00e0 toutes vos envies et vos cadres de vie.\r\nLe coeur des libellules pendant leur accouplement par l'auteur(rice): PATRICK CASAERT","authors":["Patrick Casaert"],"category_codes":["4000000","4010000","4010200"],"visuals":{"large":"https:\/\/images.epagine.fr\/675\/9783516715675_1_75.jpg","medium":"https:\/\/images.epagine.fr\/675\/9783516715675_1_m.jpg","thumbnail":"https:\/\/images.epagine.fr\/675\/9783516715675_1_v.jpg"},"orderable":true,"show_badge":true,"formatted_price":"0,00&nbsp;\u20ac","formatted_published_date":"24 septembre 2025","publisher_availability_label":"Sur commande","short_details":"Patrick Casaert \u2014 CALVENDO","translator":null,"weight":165,"page_count":14,"readership":null,"editor":"CALVENDO","price":0,"published_date":"2025-09-23T22:00:00.000000Z","support":"Calendrier","publisher_availability":1,"stock":0,"editions":[],"url":"https:\/\/quaidesbrumes.com\/ouvrage\/9783516715675\/quand-les-libellules-forment-un-coeur-calendrier-de-bureau-2026-din-a5-vertical-calvendo-calendrier-mensuel-le-coeur-des-libellules-pendant-leur-accouplement"}]}