{"data":[{"id":"9783457303412","title":"Dans des vagues - Le ballet \u00e9ternel de la mer (Calendrier mural 2026 DIN A4 vertical), CALVENDO calendrier mensuel : C\u00e9l\u00e9brant la danse intemporelle et captivante des vagues de l'oc\u00e9an.","description":"Plongez dans la chor\u00e9graphie captivante de la mer avec notre calendrier \u00ab Dans des vagues - Le ballet \u00e9ternel de la mer \u00bb. Chaque mois, d\u00e9couvrez des photographies \u00e9poustouflantes capturant la gr\u00e2ce fluide et la puissance brute des vagues de l'oc\u00e9an dans leur danse infinie. Du d\u00e9licat ondulation d'une vague d\u00e9ferlante au majestueux roulement du large, vivez le ballet envo\u00fbtant de l'eau et de la lumi\u00e8re. Laissez la beaut\u00e9 rythmique des mouvements de l'oc\u00e9an apporter s\u00e9r\u00e9nit\u00e9 et inspiration \u00e0 votre ann\u00e9e. Parfait pour les amoureux de la mer et ceux qui appr\u00e9cient l'art de la nature. Commandez votre exemplaire d\u00e8s aujourd'hui et admirez le ballet \u00e9ternel !\r\n\r\nCalendrier mural de qualit\u00e9 sup\u00e9rieure avec 12 magnifiques photos. L'environnement nous tient \u00e0 coeur. C'est pourquoi nous utilisons exclusivement du papier certifi\u00e9 FSC provenant de for\u00eats g\u00e9r\u00e9es de mani\u00e8re \u00e9coresponsable. Nous \u00e9vitons la surproduction et donc des quantit\u00e9s significatives de d\u00e9chets, en produisant dans l'UE \u00e0 l'unit\u00e9 et sur demande. Nous r\u00e9duisons nos distances de transport et assurons une logistique respectueuse de l'environnement.\r\n\r\n14 pages dont 1 couverture | 12 pages mensuelles | 1 page d'index | dos cartonn\u00e9\r\n\r\nIllustrations:\r\nJanvier: L'arc d\u00e9licat de l'oc\u00e9an\r\nF\u00e9vrier: Vague ensoleill\u00e9e\r\nMars: Lumi\u00e8re du soleil sur le tourbillon\r\nAvril: Hausse de l'heure dor\u00e9e\r\nMai: Boucle d'\u00e9meraude\r\nJuin: L'art \u00e9ph\u00e9m\u00e8re de la vague\r\nJuillet: L'\u00e9treinte de la cr\u00eate\r\nAo\u00fbt: Cascade azur\r\nSeptembre: Tumulte turquoise\r\nOctobre: Sculpture liquide\r\nNovembre: La force qui s'accumule\r\nD\u00e9cembre: L'acte de disparition\r\n\r\nQUALITATIF - un calendrier annuel de qualit\u00e9 sup\u00e9rieure avec 12 magnifiques motifs, sur papier d'impression photo, avec une reliure spirale robuste et un crochet de suspension.\r\nDURABLE - r\u00e9duction significative des d\u00e9chets gr\u00e2ce \u00e0 une fabrication sur papier certifi\u00e9 FSC \u00e0 l'unit\u00e9 et sur demande, production dans l'UE, logistique \u00e9cologique.\r\nCADEAU ID\u00c9AL - destin\u00e9 \u00e0 vos contacts priv\u00e9s ou professionnels, \u00e0 la famille ou aux amis, aux jeunes adultes ou aux moins jeunes,  pour un cadeau de No\u00ebl ou d'anniversaire ou juste pour le plaisir d'offrir.\r\nDIVERSIFI\u00c9 - de nombreux formats DIN A4 ou DIN A3, pour s'adapter \u00e0 toutes vos envies et vos cadres de vie.\r\nC\u00e9l\u00e9brant la danse intemporelle et captivante des vagues de l'oc\u00e9an. par l'auteur(rice): Giovanni Allievi","authors":["Giovanni Allievi"],"category_codes":["4000000","4010000","4010200"],"visuals":{"large":"https:\/\/images.epagine.fr\/412\/9783457303412_1_75.jpg","medium":"https:\/\/images.epagine.fr\/412\/9783457303412_1_m.jpg","thumbnail":"https:\/\/images.epagine.fr\/412\/9783457303412_1_v.jpg"},"orderable":true,"show_badge":true,"formatted_price":"0,00&nbsp;\u20ac","formatted_published_date":"7 avril 2025","publisher_availability_label":"Sur commande","short_details":"Giovanni Allievi \u2014 CALVENDO","translator":null,"weight":210,"page_count":14,"readership":null,"editor":"CALVENDO","price":0,"published_date":"2025-04-06T22:00:00.000000Z","support":"Calendrier","publisher_availability":1,"stock":0,"editions":[],"url":"https:\/\/quaidesbrumes.com\/ouvrage\/9783457303412\/dans-des-vagues-le-ballet-eternel-de-la-mer-calendrier-mural-2026-din-a4-vertical-calvendo-calendrier-mensuel-celebrant-la-danse-intemporelle-et-captivante-des-vagues-de-locean"},{"id":"9783457303429","title":"Dans des vagues - Le ballet \u00e9ternel de la mer (Calendrier mural 2026 DIN A3 vertical), CALVENDO calendrier mensuel : C\u00e9l\u00e9brant la danse intemporelle et captivante des vagues de l'oc\u00e9an.","description":"Plongez dans la chor\u00e9graphie captivante de la mer avec notre calendrier \u00ab Dans des vagues - Le ballet \u00e9ternel de la mer \u00bb. Chaque mois, d\u00e9couvrez des photographies \u00e9poustouflantes capturant la gr\u00e2ce fluide et la puissance brute des vagues de l'oc\u00e9an dans leur danse infinie. Du d\u00e9licat ondulation d'une vague d\u00e9ferlante au majestueux roulement du large, vivez le ballet envo\u00fbtant de l'eau et de la lumi\u00e8re. Laissez la beaut\u00e9 rythmique des mouvements de l'oc\u00e9an apporter s\u00e9r\u00e9nit\u00e9 et inspiration \u00e0 votre ann\u00e9e. Parfait pour les amoureux de la mer et ceux qui appr\u00e9cient l'art de la nature. Commandez votre exemplaire d\u00e8s aujourd'hui et admirez le ballet \u00e9ternel !\r\n\r\nCalendrier mural de qualit\u00e9 sup\u00e9rieure avec 12 magnifiques photos. L'environnement nous tient \u00e0 coeur. C'est pourquoi nous utilisons exclusivement du papier certifi\u00e9 FSC provenant de for\u00eats g\u00e9r\u00e9es de mani\u00e8re \u00e9coresponsable. Nous \u00e9vitons la surproduction et donc des quantit\u00e9s significatives de d\u00e9chets, en produisant dans l'UE \u00e0 l'unit\u00e9 et sur demande. Nous r\u00e9duisons nos distances de transport et assurons une logistique respectueuse de l'environnement.\r\n\r\n14 pages dont 1 couverture | 12 pages mensuelles | 1 page d'index | dos cartonn\u00e9\r\n\r\nIllustrations:\r\nJanvier: L'arc d\u00e9licat de l'oc\u00e9an\r\nF\u00e9vrier: Vague ensoleill\u00e9e\r\nMars: Lumi\u00e8re du soleil sur le tourbillon\r\nAvril: Hausse de l'heure dor\u00e9e\r\nMai: Boucle d'\u00e9meraude\r\nJuin: L'art \u00e9ph\u00e9m\u00e8re de la vague\r\nJuillet: L'\u00e9treinte de la cr\u00eate\r\nAo\u00fbt: Cascade azur\r\nSeptembre: Tumulte turquoise\r\nOctobre: Sculpture liquide\r\nNovembre: La force qui s'accumule\r\nD\u00e9cembre: L'acte de disparition\r\n\r\nQUALITATIF - un calendrier annuel de qualit\u00e9 sup\u00e9rieure avec 12 magnifiques motifs, sur papier d'impression photo, avec une reliure spirale robuste et un crochet de suspension.\r\nDURABLE - r\u00e9duction significative des d\u00e9chets gr\u00e2ce \u00e0 une fabrication sur papier certifi\u00e9 FSC \u00e0 l'unit\u00e9 et sur demande, production dans l'UE, logistique \u00e9cologique.\r\nCADEAU ID\u00c9AL - destin\u00e9 \u00e0 vos contacts priv\u00e9s ou professionnels, \u00e0 la famille ou aux amis, aux jeunes adultes ou aux moins jeunes,  pour un cadeau de No\u00ebl ou d'anniversaire ou juste pour le plaisir d'offrir.\r\nDIVERSIFI\u00c9 - de nombreux formats DIN A4 ou DIN A3, pour s'adapter \u00e0 toutes vos envies et vos cadres de vie.\r\nC\u00e9l\u00e9brant la danse intemporelle et captivante des vagues de l'oc\u00e9an. par l'auteur(rice): Giovanni Allievi","authors":["Giovanni Allievi"],"category_codes":["4000000","4010000","4010200"],"visuals":{"large":"https:\/\/images.epagine.fr\/429\/9783457303429_1_75.jpg","medium":"https:\/\/images.epagine.fr\/429\/9783457303429_1_m.jpg","thumbnail":"https:\/\/images.epagine.fr\/429\/9783457303429_1_v.jpg"},"orderable":true,"show_badge":true,"formatted_price":"0,00&nbsp;\u20ac","formatted_published_date":"7 avril 2025","publisher_availability_label":"Sur commande","short_details":"Giovanni Allievi \u2014 CALVENDO","translator":null,"weight":460,"page_count":14,"readership":null,"editor":"CALVENDO","price":0,"published_date":"2025-04-06T22:00:00.000000Z","support":"Calendrier","publisher_availability":1,"stock":0,"editions":[],"url":"https:\/\/quaidesbrumes.com\/ouvrage\/9783457303429\/dans-des-vagues-le-ballet-eternel-de-la-mer-calendrier-mural-2026-din-a3-vertical-calvendo-calendrier-mensuel-celebrant-la-danse-intemporelle-et-captivante-des-vagues-de-locean"},{"id":"9783457303436","title":"Dans des vagues - Le ballet \u00e9ternel de la mer (Calendrier mural 2026 DIN A2 vertical), CALVENDO calendrier mensuel : C\u00e9l\u00e9brant la danse intemporelle et captivante des vagues de l'oc\u00e9an.","description":"Plongez dans la chor\u00e9graphie captivante de la mer avec notre calendrier \u00ab Dans des vagues - Le ballet \u00e9ternel de la mer \u00bb. Chaque mois, d\u00e9couvrez des photographies \u00e9poustouflantes capturant la gr\u00e2ce fluide et la puissance brute des vagues de l'oc\u00e9an dans leur danse infinie. Du d\u00e9licat ondulation d'une vague d\u00e9ferlante au majestueux roulement du large, vivez le ballet envo\u00fbtant de l'eau et de la lumi\u00e8re. Laissez la beaut\u00e9 rythmique des mouvements de l'oc\u00e9an apporter s\u00e9r\u00e9nit\u00e9 et inspiration \u00e0 votre ann\u00e9e. Parfait pour les amoureux de la mer et ceux qui appr\u00e9cient l'art de la nature. Commandez votre exemplaire d\u00e8s aujourd'hui et admirez le ballet \u00e9ternel !\r\n\r\nCalendrier mural de qualit\u00e9 sup\u00e9rieure avec 12 magnifiques photos. L'environnement nous tient \u00e0 coeur. C'est pourquoi nous utilisons exclusivement du papier certifi\u00e9 FSC provenant de for\u00eats g\u00e9r\u00e9es de mani\u00e8re \u00e9coresponsable. Nous \u00e9vitons la surproduction et donc des quantit\u00e9s significatives de d\u00e9chets, en produisant dans l'UE \u00e0 l'unit\u00e9 et sur demande. Nous r\u00e9duisons nos distances de transport et assurons une logistique respectueuse de l'environnement.\r\n\r\n14 pages dont 1 couverture | 12 pages mensuelles | 1 page d'index | dos cartonn\u00e9\r\n\r\nIllustrations:\r\nJanvier: L'arc d\u00e9licat de l'oc\u00e9an\r\nF\u00e9vrier: Vague ensoleill\u00e9e\r\nMars: Lumi\u00e8re du soleil sur le tourbillon\r\nAvril: Hausse de l'heure dor\u00e9e\r\nMai: Boucle d'\u00e9meraude\r\nJuin: L'art \u00e9ph\u00e9m\u00e8re de la vague\r\nJuillet: L'\u00e9treinte de la cr\u00eate\r\nAo\u00fbt: Cascade azur\r\nSeptembre: Tumulte turquoise\r\nOctobre: Sculpture liquide\r\nNovembre: La force qui s'accumule\r\nD\u00e9cembre: L'acte de disparition\r\n\r\nQUALITATIF - un calendrier annuel de qualit\u00e9 sup\u00e9rieure avec 12 magnifiques motifs, sur papier d'impression photo, avec une reliure spirale robuste et un crochet de suspension.\r\nDURABLE - r\u00e9duction significative des d\u00e9chets gr\u00e2ce \u00e0 une fabrication sur papier certifi\u00e9 FSC \u00e0 l'unit\u00e9 et sur demande, production dans l'UE, logistique \u00e9cologique.\r\nCADEAU ID\u00c9AL - destin\u00e9 \u00e0 vos contacts priv\u00e9s ou professionnels, \u00e0 la famille ou aux amis, aux jeunes adultes ou aux moins jeunes,  pour un cadeau de No\u00ebl ou d'anniversaire ou juste pour le plaisir d'offrir.\r\nDIVERSIFI\u00c9 - de nombreux formats DIN A4 ou DIN A3, pour s'adapter \u00e0 toutes vos envies et vos cadres de vie.\r\nC\u00e9l\u00e9brant la danse intemporelle et captivante des vagues de l'oc\u00e9an. par l'auteur(rice): Giovanni Allievi","authors":["Giovanni Allievi"],"category_codes":["4000000","4010000","4010200"],"visuals":{"large":"https:\/\/images.epagine.fr\/436\/9783457303436_1_75.jpg","medium":"https:\/\/images.epagine.fr\/436\/9783457303436_1_m.jpg","thumbnail":"https:\/\/images.epagine.fr\/436\/9783457303436_1_v.jpg"},"orderable":true,"show_badge":true,"formatted_price":"0,00&nbsp;\u20ac","formatted_published_date":"7 avril 2025","publisher_availability_label":"Sur commande","short_details":"Giovanni Allievi \u2014 CALVENDO","translator":null,"weight":940,"page_count":14,"readership":null,"editor":"CALVENDO","price":0,"published_date":"2025-04-06T22:00:00.000000Z","support":"Calendrier","publisher_availability":1,"stock":0,"editions":[],"url":"https:\/\/quaidesbrumes.com\/ouvrage\/9783457303436\/dans-des-vagues-le-ballet-eternel-de-la-mer-calendrier-mural-2026-din-a2-vertical-calvendo-calendrier-mensuel-celebrant-la-danse-intemporelle-et-captivante-des-vagues-de-locean"},{"id":"9783457303443","title":"Dans des vagues - Le ballet \u00e9ternel de la mer (Calendrier de bureau 2026 DIN A5 vertical), CALVENDO calendrier mensuel : C\u00e9l\u00e9brant la danse intemporelle et captivante des vagues de l'oc\u00e9an.","description":"Plongez dans la chor\u00e9graphie captivante de la mer avec notre calendrier \u00ab Dans des vagues - Le ballet \u00e9ternel de la mer \u00bb. Chaque mois, d\u00e9couvrez des photographies \u00e9poustouflantes capturant la gr\u00e2ce fluide et la puissance brute des vagues de l'oc\u00e9an dans leur danse infinie. Du d\u00e9licat ondulation d'une vague d\u00e9ferlante au majestueux roulement du large, vivez le ballet envo\u00fbtant de l'eau et de la lumi\u00e8re. Laissez la beaut\u00e9 rythmique des mouvements de l'oc\u00e9an apporter s\u00e9r\u00e9nit\u00e9 et inspiration \u00e0 votre ann\u00e9e. Parfait pour les amoureux de la mer et ceux qui appr\u00e9cient l'art de la nature. Commandez votre exemplaire d\u00e8s aujourd'hui et admirez le ballet \u00e9ternel !\r\n\r\nCalendrier de bureau de qualit\u00e9 sup\u00e9rieure avec 12 magnifiques photos. L'environnement nous tient \u00e0 coeur. C'est pourquoi nous utilisons exclusivement du papier certifi\u00e9 FSC provenant de for\u00eats g\u00e9r\u00e9es de mani\u00e8re \u00e9coresponsable. Nous \u00e9vitons la surproduction et donc des quantit\u00e9s significatives de d\u00e9chets, en produisant dans l'UE \u00e0 l'unit\u00e9 et sur demande. Nous r\u00e9duisons nos distances de transport et assurons une logistique respectueuse de l'environnement.\r\n\r\n14 pages dont 1 couverture | 12 pages mensuelles | 1 page d'index I dos cartonn\u00e9.\r\n\r\nIllustrations:\r\nJanvier: L'arc d\u00e9licat de l'oc\u00e9an\r\nF\u00e9vrier: Vague ensoleill\u00e9e\r\nMars: Lumi\u00e8re du soleil sur le tourbillon\r\nAvril: Hausse de l'heure dor\u00e9e\r\nMai: Boucle d'\u00e9meraude\r\nJuin: L'art \u00e9ph\u00e9m\u00e8re de la vague\r\nJuillet: L'\u00e9treinte de la cr\u00eate\r\nAo\u00fbt: Cascade azur\r\nSeptembre: Tumulte turquoise\r\nOctobre: Sculpture liquide\r\nNovembre: La force qui s'accumule\r\nD\u00e9cembre: L'acte de disparition\r\n\r\nQUALITATIF - un calendrier annuel de qualit\u00e9 sup\u00e9rieure avec 12 magnifiques motifs, sur papier d'impression photo, avec une reliure spirale robuste.\r\nDURABLE - r\u00e9duction significative des d\u00e9chets gr\u00e2ce \u00e0 une fabrication sur papier certifi\u00e9 FSC \u00e0 l'unit\u00e9 et sur demande, production dans l'UE, logistique \u00e9cologique.\r\nCADEAU ID\u00c9AL - destin\u00e9 \u00e0 vos contacts priv\u00e9s ou professionnels, \u00e0 la famille ou aux amis, aux jeunes adultes ou aux moins jeunes,  pour un cadeau de No\u00ebl ou d'anniversaire ou juste pour le plaisir d'offrir.\r\nDIVERSIFI\u00c9 - de nombreux formats DIN A4 ou DIN A3, pour s'adapter \u00e0 toutes vos envies et vos cadres de vie.\r\nC\u00e9l\u00e9brant la danse intemporelle et captivante des vagues de l'oc\u00e9an. par l'auteur(rice): Giovanni Allievi","authors":["Giovanni Allievi"],"category_codes":["4000000","4010000","4010200"],"visuals":{"large":"https:\/\/images.epagine.fr\/443\/9783457303443_1_75.jpg","medium":"https:\/\/images.epagine.fr\/443\/9783457303443_1_m.jpg","thumbnail":"https:\/\/images.epagine.fr\/443\/9783457303443_1_v.jpg"},"orderable":true,"show_badge":true,"formatted_price":"0,00&nbsp;\u20ac","formatted_published_date":"7 avril 2025","publisher_availability_label":"Sur commande","short_details":"Giovanni Allievi \u2014 CALVENDO","translator":null,"weight":165,"page_count":14,"readership":null,"editor":"CALVENDO","price":0,"published_date":"2025-04-06T22:00:00.000000Z","support":"Calendrier","publisher_availability":1,"stock":0,"editions":[],"url":"https:\/\/quaidesbrumes.com\/ouvrage\/9783457303443\/dans-des-vagues-le-ballet-eternel-de-la-mer-calendrier-de-bureau-2026-din-a5-vertical-calvendo-calendrier-mensuel-celebrant-la-danse-intemporelle-et-captivante-des-vagues-de-locean"},{"id":"9783457303450","title":"Dans des vagues - Le ballet \u00e9ternel de la mer  (Calendrier mural 2026 DIN A2 vertical) calendrier de bureau : C\u00e9l\u00e9brant la danse intemporelle et captivante des vagues de l'oc\u00e9an.","description":"Plongez dans la chor\u00e9graphie captivante de la mer avec notre calendrier \u00ab Dans des vagues - Le ballet \u00e9ternel de la mer \u00bb. Chaque mois, d\u00e9couvrez des photographies \u00e9poustouflantes capturant la gr\u00e2ce fluide et la puissance brute des vagues de l'oc\u00e9an dans leur danse infinie. Du d\u00e9licat ondulation d'une vague d\u00e9ferlante au majestueux roulement du large, vivez le ballet envo\u00fbtant de l'eau et de la lumi\u00e8re. Laissez la beaut\u00e9 rythmique des mouvements de l'oc\u00e9an apporter s\u00e9r\u00e9nit\u00e9 et inspiration \u00e0 votre ann\u00e9e. Parfait pour les amoureux de la mer et ceux qui appr\u00e9cient l'art de la nature. Commandez votre exemplaire d\u00e8s aujourd'hui et admirez le ballet \u00e9ternel !\r\n\r\nImpression d'art premium en haute brillance de qualit\u00e9 mus\u00e9e. Pour que les feuilles de papier soient bien accroch\u00e9es au mur, ce calendrier haut de gamme est dot\u00e9 de pochettes innovantes. Elles prot\u00e8gent les grandes feuilles des effets de l'humidit\u00e9 de l'air. Le papier est un mat\u00e9riau naturel. Les fibres r\u00e9agissent aux variations du climat ambiant. Il est donc conseill\u00e9 de ne pas retirer les pochettes d'insertion.\r\n\r\nNotre environnement nous tient \u00e0 coeur, c'est pourquoi nous misons sur une fabrication individuelle en Allemagne (Made in Germany) avec des mat\u00e9riaux de qualit\u00e9 sup\u00e9rieure.\r\n\r\n14 pages dont 1 couverture | 12 pages mensuelles | 1 page d'index I dos cartonn\u00e9.\r\n\r\n\r\nIllustrations:\r\nJanvier: L'arc d\u00e9licat de l'oc\u00e9an\r\nF\u00e9vrier: Vague ensoleill\u00e9e\r\nMars: Lumi\u00e8re du soleil sur le tourbillon\r\nAvril: Hausse de l'heure dor\u00e9e\r\nMai: Boucle d'\u00e9meraude\r\nJuin: L'art \u00e9ph\u00e9m\u00e8re de la vague\r\nJuillet: L'\u00e9treinte de la cr\u00eate\r\nAo\u00fbt: Cascade azur\r\nSeptembre: Tumulte turquoise\r\nOctobre: Sculpture liquide\r\nNovembre: La force qui s'accumule\r\nD\u00e9cembre: L'acte de disparition\r\n\r\nLIGNE PREMIUM - Calendrier photo brillant avec 12 magnifiques motifs, impression d'art en haute brillance de qualit\u00e9 mus\u00e9e\r\nQUALIT\u00c9 - mat\u00e9riaux nobles, dos solide avec 2 pochettes innovantes pour une pr\u00e9sentation optimale au mur\r\nDURABLE - nette r\u00e9duction des d\u00e9chets gr\u00e2ce \u00e0 une fabrication \u00e0 l'unit\u00e9 adapt\u00e9e aux besoins, papier certifi\u00e9 FSC respectueux de l'environnement, production en Allemagne, logistique respectueuse du climat.\r\nCADEAU PARFAIT - calendrier pour les amis et la famille, pour les enfants et les adultes, les jeunes et les moins jeunes, pour No\u00ebl, les anniversaires ou entre deux.\r\nC\u00e9l\u00e9brant la danse intemporelle et captivante des vagues de l'oc\u00e9an. par l'auteur(rice): Giovanni Allievi","authors":["Giovanni Allievi"],"category_codes":["4000000","4010000","4010200"],"visuals":{"large":"https:\/\/images.epagine.fr\/450\/9783457303450_1_75.jpg","medium":"https:\/\/images.epagine.fr\/450\/9783457303450_1_m.jpg","thumbnail":"https:\/\/images.epagine.fr\/450\/9783457303450_1_v.jpg"},"orderable":true,"show_badge":true,"formatted_price":"0,00&nbsp;\u20ac","formatted_published_date":"7 avril 2025","publisher_availability_label":"Sur commande","short_details":"Giovanni Allievi \u2014 CALVENDO","translator":null,"weight":1280,"page_count":14,"readership":null,"editor":"CALVENDO","price":0,"published_date":"2025-04-06T22:00:00.000000Z","support":"Calendrier","publisher_availability":1,"stock":0,"editions":[],"url":"https:\/\/quaidesbrumes.com\/ouvrage\/9783457303450\/dans-des-vagues-le-ballet-eternel-de-la-mer-calendrier-mural-2026-din-a2-vertical-calendrier-de-bureau-celebrant-la-danse-intemporelle-et-captivante-des-vagues-de-locean"},{"id":"9781291087390","title":"Le petit peuple du Mont Saint-Bruno","description":"Les Esprits de la Nature peuvent prendre la forme qu'ils veulent, ils s'adaptent \u00e0 vos croyances... Ils sont sur le plan de l'\u00c9ther, ils voyagent vite.   On peut voir leurs \u00e9manations sur les arbres, pierres et dans l'eau si on leur demande.  Les \u00e9manations des Esprits de la Nature restent encore un myst\u00e8re, ils sont habituellement invisibles \u00e0 la vue physique, ils peuvent se mat\u00e9rialiser quand ils le d\u00e9sirent. G\u00e9n\u00e9ralement, les personnes sensibles qui ont des capacit\u00e9s de clairvoyance, de clairaudience, etc. peuvent les voir.   Est-ce qu'en ce si\u00e8cle o\u00f9 le niveau vibratoire de la Terre a \u00e9norm\u00e9ment augment\u00e9, les mondes \u00e9th\u00e9riques sont plus visibles et plus dense ? Surement. Ces photos prouvent que les esprits de la Nature sont pr\u00e9sents et montrent les lieux qu'ils aiment habiter.","authors":["Benoit Tramblay"],"category_codes":["4000000","4010000","4010300"],"visuals":{"large":"https:\/\/images.epagine.fr\/390\/9781291087390_1_75.jpg","medium":"https:\/\/images.epagine.fr\/390\/9781291087390_1_m.jpg","thumbnail":"https:\/\/images.epagine.fr\/390\/9781291087390_1_v.jpg"},"orderable":true,"show_badge":true,"formatted_price":"21,42&nbsp;\u20ac","formatted_published_date":"21 f\u00e9vrier 2022","publisher_availability_label":"Sur commande","short_details":"Benoit Tramblay \u2014 LULU","translator":null,"weight":113,"page_count":60,"readership":null,"editor":"LULU","price":2142,"published_date":"2022-02-20T23:00:00.000000Z","support":"Poche","publisher_availability":1,"stock":0,"editions":[],"url":"https:\/\/quaidesbrumes.com\/ouvrage\/9781291087390\/le-petit-peuple-du-mont-saint-bruno"},{"id":"9782749111964","title":"Et si la terre s'en sortait toute seule ?","description":"Oui, la terre se r\u00e9chauffe et \" le temps \" change. \r\nMais qui est responsable ? \r\nLe climat a toujours vari\u00e9 et depuis des si\u00e8cles, dans des proportions souvent bien plus brutales qu'aujourd'hui. \r\nOn nous ass\u00e8ne des v\u00e9rit\u00e9s et on nous culpabilise, mais que sait-on, au vrai, des m\u00e9canismes du r\u00e9chauffement ? \r\nPresque rien. \r\nLa machine climatique est effroyablement complexe et nous n'avons aucune certitude scientifique sur la r\u00e9action des oc\u00e9ans, des nuages, sur les mesures du carbone, des temp\u00e9ratures et sur le r\u00f4le du Soleil. \r\nEt si la Terre, organisme vivant, portait en elle les ressources pour s'en sortir toute seule ? \r\nLaurent Cabrol, journaliste sp\u00e9cialiste de la m\u00e9t\u00e9o depuis vingt-cinq ans, s'insurge contre la pens\u00e9e unique, analyse sans passion - et avec clart\u00e9 - les facteurs du r\u00e9chauffement et nous montre que tout reste \u00e0 d\u00e9couvrir. \r\nUn livre d\u00e9capant qui devrait alimenter un d\u00e9bat jamais vraiment ouvert.","authors":["Laurent Cabrol"],"category_codes":["4000000","4010000","4010200","4010207"],"visuals":{"large":"https:\/\/images.epagine.fr\/964\/9782749111964_1_75.jpg","medium":"https:\/\/images.epagine.fr\/964\/9782749111964_1_m.jpg","thumbnail":"https:\/\/images.epagine.fr\/964\/9782749111964_1_v.jpg"},"orderable":true,"show_badge":true,"formatted_price":"16,00&nbsp;\u20ac","formatted_published_date":"17 avril 2008","publisher_availability_label":"Sur commande","short_details":"Laurent Cabrol \u2014 Le Cherche Midi","translator":null,"weight":132,"page_count":141,"readership":null,"editor":"Le Cherche Midi","price":1600,"published_date":"2008-04-16T22:00:00.000000Z","support":"Grand format","publisher_availability":1,"stock":0,"editions":[],"url":"https:\/\/quaidesbrumes.com\/ouvrage\/9782749111964\/et-si-la-terre-sen-sortait-toute-seule"},{"id":"9782742763566","title":"Regard sur les coquillages","description":"Comme Regard sur les insectes, qui l'a pr\u00e9c\u00e9d\u00e9, ce livre est d'abord un \" univers des formes \" de la nature marine. Les artistes en sont les milliers d'esp\u00e8ces de mollusques qui s\u00e9cr\u00e8tent ces coquilles aux infinies variations color\u00e9es, aux asp\u00e9rit\u00e9s inqui\u00e9tantes, au poli velout\u00e9 de la surface. Porcelaines, c\u00f4nes, mitres, volutes, strombes, les favoris des collectionneurs repr\u00e9sentent \u00e0 peine cinq pour cent des cent mille esp\u00e8ces connues ( le deuxi\u00e8me phylum des \u00eatres vivants apr\u00e8s celui des arthropodes), autant, sans doute, restant \u00e0 d\u00e9couvrir. L\u00e0 est l'autre dimension du livre, scientifique et r\u00e9flexive : un \" Discours de la m\u00e9thode \" de la syst\u00e9matique. Philippe Bouchet lui donne la forme d'une savoureuse description du m\u00e9tier de malacologue, nourrie d'exemples concrets sur la biodiversit\u00e9, les menaces dues \u00e0 la pression anthropique, le r\u00f4le patrimonial et scientifique des Mus\u00e9ums d'histoire naturelle, irrempla\u00e7ables conservatoires des types porte-nom. \" La plupart du temps, on ne sait pas. On voit que tel coquillage nous est inconnu, ce qui ne veut pas dire pour autant qu'il s'agit d'une esp\u00e8ce nouvelle \". Embarqu\u00e9s sur le bateau de l'Institut de Recherche pour le D\u00e9veloppement, au large des c\u00f4tes de Nouvelle-Cal\u00e9donie, nous suivons l'auteur et son \u00e9quipe dans leur travail d'exploration, de pr\u00e9l\u00e8vements, de tri pr\u00e9liminaire. Plusieurs ann\u00e9es peuvent s'\u00e9couler, avant que les rares experts internationaux de chaque famille ne se prononcent sur la d\u00e9couverte d'une esp\u00e8ce. Aussi est-il d\u00e9licat de pr\u00e9juger de leur raret\u00e9, ou des menaces d'extinction, surtout quand elles ne sont pas le fait de l'homme : 48% des esp\u00e8ces recens\u00e9es sur le site de Koumac sont repr\u00e9sent\u00e9es par cinq sp\u00e9cimens ou moins, 20% par un seul, mais cette raret\u00e9 extr\u00eame peut concerner plus d'un million d'individus tant sont \u00e9troites les zones de recherche ! Ignorance abyssale, compens\u00e9e par la fiert\u00e9 du chercheur de d\u00e9couvrir, de nommer, de conserver au sein d'une collection scientifique, une des 350 nouvelles esp\u00e8ces recens\u00e9es chaque ann\u00e9e.","authors":["Philippe Bouchet"],"category_codes":["4000000","4010000","4010300","4010302"],"visuals":{"large":"https:\/\/images.epagine.fr\/566\/9782742763566_1_75.jpg","medium":"https:\/\/images.epagine.fr\/566\/9782742763566_1_m.jpg","thumbnail":"https:\/\/images.epagine.fr\/566\/9782742763566_1_v.jpg"},"orderable":true,"show_badge":true,"formatted_price":"49,70&nbsp;\u20ac","formatted_published_date":"6 novembre 2007","publisher_availability_label":"Sur commande","short_details":"Philippe Bouchet \u2014 Actes Sud","translator":null,"weight":1508,"page_count":168,"readership":null,"editor":"Actes Sud","price":4970,"published_date":"2007-11-05T23:00:00.000000Z","support":"Grand format","publisher_availability":1,"stock":0,"editions":[],"url":"https:\/\/quaidesbrumes.com\/ouvrage\/9782742763566\/regard-sur-les-coquillages"},{"id":"9781645022817","title":"The mycelial healer","description":"A groundbreaking and accessible exploration of ancestral and Indigenous medicinal uses of mushrooms and their cultivation.\r\n\r\nFungi are the Alpha and Omega of this planet. Through their connections to the rock, soil, air, water, plants, animals, and humans, fungi hold our ecosystems together. They carry medicinal compounds that can be isolated and studied by scientists, and they carry something less available to scientific study-something ineffable known by many Indigenous peoples. Fungi carry a vibration of connection, a way of being in the world.\r\n\r\nThis insightful and practical guide for the lay reader explores the deep, interwoven web of the mycelial network from the perspective of whole human health. In Chapter One, we discover what mushrooms tell us about how to be in right relationship with the natural world, with other people, and with the spiritual world. In the chapters that follow, we explore our direct relationship with these mushrooms, with detailed information on how to grow them in both outdoor and indoor settings. We also learn how to preserve and ingest mushrooms as food and medicine. In the book's final chapter, we take a deeper dive into fourteen species of medicinal mushrooms to learn their stories, their way of living, and what they have revealed to science.","authors":["Katherine Parker","Christopher Parker"],"category_codes":["4000000","4010000","4010400","4010403"],"visuals":{"large":"https:\/\/images.epagine.fr\/817\/9781645022817_1_75.jpg","medium":"https:\/\/images.epagine.fr\/817\/9781645022817_1_m.jpg","thumbnail":"https:\/\/images.epagine.fr\/817\/9781645022817_1_v.jpg"},"orderable":true,"show_badge":true,"formatted_price":"39,00&nbsp;\u20ac","formatted_published_date":"28 octobre 2025","publisher_availability_label":"Sur commande","short_details":"Katherine Parker, Christopher Parker \u2014 Rizzoli","translator":null,"weight":737,"page_count":304,"readership":null,"editor":"Rizzoli","price":3900,"published_date":"2025-10-27T23:00:00.000000Z","support":"Beaux-livres","publisher_availability":1,"stock":0,"editions":[],"url":"https:\/\/quaidesbrumes.com\/ouvrage\/9781645022817\/the-mycelial-healer"},{"id":"9782809842630","title":"Le p\u00e9ril vert : antichasse, antisp\u00e9cistes, antinucl\u00e9aire, animalistes, anti-corridas, anti-sapins, anti-tour de France, anti-m\u00e2les blancs, antiavion, antivaccins...","description":"Les \u00ab Khmers verts \u00bb vont-ils bient\u00f4t imposer \u00e0 nos dirigeants leur diktat ?\r\n \r\nSerons-nous bient\u00f4t confront\u00e9s \u00e0 l'\u00e9mergence d'un nouveau totalitarisme qui sacrifiera nos libert\u00e9s sur l'autel d'objectifs utopiques ? On peut le craindre en assistant \u00e0 la mont\u00e9e dans notre soci\u00e9t\u00e9 de nouveaux tabous et de nouveaux interdits port\u00e9s par les mouvements antichasse, antisp\u00e9cistes, antinucl\u00e9aires, anti\u00e9oliennes, animalistes, anticorrida, anti-transport a\u00e9rien, anti-sapins, anti-Tour de France...\r\nUne partie des Insoumis, et surtout des Verts, sont les porte-paroles de ce nouvel antihumanisme. Les autres partis, soumis \u00e0 la pression, n'y r\u00e9sistent pas toujours. Qu'on ne s'y m\u00e9prenne pas : conscient du bien-fond\u00e9 du combat \u00e9cologique pour pr\u00e9server les ressources naturelles indispensables \u00e0 la vie sur Terre, ce livre se veut un plaidoyer en faveur d'un nouvel humanisme, soucieux de pr\u00e9server la nature sans d\u00e9t\u00e9riorer la condition humaine.\r\nLa force des Verts repose sur l'\u00e9vidence du changement climatique. Leur faiblesse r\u00e9side dans l'\u00e9cart id\u00e9ologique entre le parti de Yannick Jadot et son \u00e9lectorat. Les \u00e9lecteurs des grandes villes connaissent-ils les intentions r\u00e9elles des Verts ? Cet essai expose les id\u00e9es des \u00e9cologistes les plus radicaux, que certains de leurs amis politiques surnomment les \u00ab Khmers verts \u00bb, et qui semblent aujourd'hui en phase avec un certain air du temps. \u00c0 moins d'un an de l'\u00e9lection pr\u00e9sidentielle, une contribution pol\u00e9mique, mais argument\u00e9e, \u00e0 un d\u00e9bat politique autant que philosophique dont d\u00e9pend notre avenir.","authors":["Pascal Perri"],"category_codes":["4000000","4010000","4010200","4010208"],"visuals":{"large":"https:\/\/images.epagine.fr\/630\/9782809842630_1_75.jpg","medium":"https:\/\/images.epagine.fr\/630\/9782809842630_1_m.jpg","thumbnail":"https:\/\/images.epagine.fr\/630\/9782809842630_1_v.jpg"},"orderable":true,"show_badge":true,"formatted_price":"18,00&nbsp;\u20ac","formatted_published_date":"18 novembre 2021","publisher_availability_label":"Sur commande","short_details":"Pascal Perri \u2014 \u00c9ditions de l'Archipel","translator":null,"weight":302,"page_count":224,"readership":null,"editor":"\u00c9ditions de l'Archipel","price":1800,"published_date":"2021-11-17T23:00:00.000000Z","support":"Grand format","publisher_availability":1,"stock":0,"editions":[],"url":"https:\/\/quaidesbrumes.com\/ouvrage\/9782809842630\/le-peril-vert-antichasse-antispecistes-antinucleaire-animalistes-anti-corridas-anti-sapins-anti-tour-de-france-anti-males-blancs-antiavion-antivaccins"},{"id":"9782334038300","title":"L'\u00e9cologie au quotidien","description":"Dans ce nouvel ouvrage prometteur, l'auteur Guillaume Guestin pr\u00e9sente l'environnement sous un nouvel angle ainsi que les impacts de l'homme sur ce dernier, laissant para\u00eetre une maturit\u00e9 litt\u00e9raire de plus en plus manifeste.","authors":["Guillaume Guestin"],"category_codes":["4000000","4010000","4010200","4010207"],"visuals":{"large":"https:\/\/images.epagine.fr\/300\/9782334038300_1_75.jpg","medium":"https:\/\/images.epagine.fr\/300\/9782334038300_1_m.jpg","thumbnail":"https:\/\/images.epagine.fr\/300\/9782334038300_1_v.jpg"},"orderable":true,"show_badge":true,"formatted_price":"9,00&nbsp;\u20ac","formatted_published_date":"5 novembre 2015","publisher_availability_label":"Sur commande","short_details":"Guillaume Guestin \u2014 Edilivre","translator":null,"weight":55,"page_count":32,"readership":null,"editor":"Edilivre","price":900,"published_date":"2015-11-04T23:00:00.000000Z","support":"Grand format","publisher_availability":1,"stock":0,"editions":[],"url":"https:\/\/quaidesbrumes.com\/ouvrage\/9782334038300\/lecologie-au-quotidien"},{"id":"9783516538847","title":"Notre nature sauvage, oiseaux aquatiques d'Europe  (Calendrier mural 2026 DIN A2 horizontal) calendrier de bureau : Oiseaux que l'on peut d\u00e9couvrir en Europe","description":"Le long des rivi\u00e8res et du littoral marin est peupl\u00e9 de multiple esp\u00e8ces d'oiseaux. Il est int\u00e9ressant de connaitre ces animaux et de les observer. Beaucoup d'entre eux sont en danger et font partie des esp\u00e8ces prot\u00e9g\u00e9es.\r\n\r\nImpression d'art premium en haute brillance de qualit\u00e9 mus\u00e9e. Pour que les feuilles de papier soient bien accroch\u00e9es au mur, ce calendrier haut de gamme est dot\u00e9 de pochettes innovantes. Elles prot\u00e8gent les grandes feuilles des effets de l'humidit\u00e9 de l'air. Le papier est un mat\u00e9riau naturel. Les fibres r\u00e9agissent aux variations du climat ambiant. Il est donc conseill\u00e9 de ne pas retirer les pochettes d'insertion.\r\n\r\nNotre environnement nous tient \u00e0 coeur, c'est pourquoi nous misons sur une fabrication individuelle en Allemagne (Made in Germany) avec des mat\u00e9riaux de qualit\u00e9 sup\u00e9rieure.\r\n\r\n14 pages dont 1 couverture | 12 pages mensuelles | 1 page d'index I dos cartonn\u00e9.\r\n\r\n\r\nCe calendrier \u00e0 succ\u00e8s a \u00e9t\u00e9 r\u00e9\u00e9dit\u00e9 cette ann\u00e9e avec les m\u00eames images et une grille calendaire mise \u00e0 jour.\r\n\r\nIllustrations:\r\nJanvier: Fou de Bassans\r\nF\u00e9vrier: Martin p\u00e9cheur\r\nMars: Avocette \u00e9l\u00e9gante\r\nAvril: Flamants roses\r\nMai: Go\u00e9land marin\r\nJuin: Chevalier sylvain\r\nJuillet: Grand cormoran\r\nAo\u00fbt: Gr\u00e8be hupp\u00e9\r\nSeptembre: Macareux moine\r\nOctobre: Huitrier pie\r\nNovembre: Chevalier gambette\r\nD\u00e9cembre: Barge \u00e0 queue noire\r\n\r\nLIGNE PREMIUM - Calendrier photo brillant avec 12 magnifiques motifs, impression d'art en haute brillance de qualit\u00e9 mus\u00e9e\r\nQUALIT\u00c9 - mat\u00e9riaux nobles, dos solide avec 2 pochettes innovantes pour une pr\u00e9sentation optimale au mur\r\nDURABLE - nette r\u00e9duction des d\u00e9chets gr\u00e2ce \u00e0 une fabrication \u00e0 l'unit\u00e9 adapt\u00e9e aux besoins, papier certifi\u00e9 FSC respectueux de l'environnement, production en Allemagne, logistique respectueuse du climat.\r\nCADEAU PARFAIT - calendrier pour les amis et la famille, pour les enfants et les adultes, les jeunes et les moins jeunes, pour No\u00ebl, les anniversaires ou entre deux.\r\nOiseaux que l'on peut d\u00e9couvrir en Europe par l'auteur(rice): Alain Gaymard","authors":["\u00a9 Alain Gaymard"],"category_codes":["4000000","4010000","4010200"],"visuals":{"large":"https:\/\/images.epagine.fr\/847\/9783516538847_1_75.jpg","medium":"https:\/\/images.epagine.fr\/847\/9783516538847_1_m.jpg","thumbnail":"https:\/\/images.epagine.fr\/847\/9783516538847_1_v.jpg"},"orderable":true,"show_badge":true,"formatted_price":"0,00&nbsp;\u20ac","formatted_published_date":"14 mai 2025","publisher_availability_label":"Sur commande","short_details":"\u00a9 Alain Gaymard \u2014 CALVENDO","translator":null,"weight":1280,"page_count":14,"readership":null,"editor":"CALVENDO","price":0,"published_date":"2025-05-13T22:00:00.000000Z","support":"Calendrier","publisher_availability":1,"stock":0,"editions":[],"url":"https:\/\/quaidesbrumes.com\/ouvrage\/9783516538847\/notre-nature-sauvage-oiseaux-aquatiques-deurope-calendrier-mural-2026-din-a2-horizontal-calendrier-de-bureau-oiseaux-que-lon-peut-decouvrir-en-europe"},{"id":"9783516543360","title":"Riz de Chine (Calendrier mural 2026 DIN A4 vertical), CALVENDO calendrier mensuel : La Chine est le plus important producteur et consommateur de riz dans le monde","description":"En terrasses dans la province du Guizhou ou le long de la rivi\u00e8re Yulong aux pieds des formations karstiques dans la province du Guangxi, la culture du riz dans la Chine du sud-ouest nous offre un spectacle color\u00e9 \u00e9blouissant.\r\n\r\nCalendrier mural de qualit\u00e9 sup\u00e9rieure avec 12 magnifiques photos. L'environnement nous tient \u00e0 coeur. C'est pourquoi nous utilisons exclusivement du papier certifi\u00e9 FSC provenant de for\u00eats g\u00e9r\u00e9es de mani\u00e8re \u00e9coresponsable. Nous \u00e9vitons la surproduction et donc des quantit\u00e9s significatives de d\u00e9chets, en produisant dans l'UE \u00e0 l'unit\u00e9 et sur demande. Nous r\u00e9duisons nos distances de transport et assurons une logistique respectueuse de l'environnement.\r\n\r\n14 pages dont 1 couverture | 12 pages mensuelles | 1 page d'index | dos cartonn\u00e9\r\n\r\nCe calendrier \u00e0 succ\u00e8s a \u00e9t\u00e9 r\u00e9\u00e9dit\u00e9 cette ann\u00e9e avec les m\u00eames images et une grille calendaire mise \u00e0 jour.\r\n\r\nIllustrations:\r\nJanvier: Au travail dans la rizi\u00e8re\r\nF\u00e9vrier: Portage du riz \u00e0 Zhaoxing\r\nMars: R\u00e9colte du riz \u00e0 Jiajiu\r\nAvril: Piments rouges et riz vert\r\nMai: Rizi\u00e8res de Jiabang\r\nJuin: Apr\u00e8s la r\u00e9colte\r\nJuillet: Les toits de Jiaju \r\nAo\u00fbt: Rizi\u00e8res en terrasses.\r\nSeptembre: Rizi\u00e8res de Yangshuo\r\nOctobre: R\u00e9colte du riz le long de la rivi\u00e8re Yulong\r\nNovembre: Confection des fagots\r\nD\u00e9cembre: Transport des sacs \u00e0 bicyclette\r\n\r\nQUALITATIF - un calendrier annuel de qualit\u00e9 sup\u00e9rieure avec 12 magnifiques motifs, sur papier d'impression photo, avec une reliure spirale robuste et un crochet de suspension.\r\nDURABLE - r\u00e9duction significative des d\u00e9chets gr\u00e2ce \u00e0 une fabrication sur papier certifi\u00e9 FSC \u00e0 l'unit\u00e9 et sur demande, production dans l'UE, logistique \u00e9cologique.\r\nCADEAU ID\u00c9AL - destin\u00e9 \u00e0 vos contacts priv\u00e9s ou professionnels, \u00e0 la famille ou aux amis, aux jeunes adultes ou aux moins jeunes,  pour un cadeau de No\u00ebl ou d'anniversaire ou juste pour le plaisir d'offrir.\r\nDIVERSIFI\u00c9 - de nombreux formats DIN A4 ou DIN A3, pour s'adapter \u00e0 toutes vos envies et vos cadres de vie.\r\nLa Chine est le plus important producteur et consommateur de riz dans le monde par l'auteur(rice): Jean Luc  ROLLIER","authors":["Jean-luc Rollier"],"category_codes":["4000000","4010000","4010200"],"visuals":{"large":"https:\/\/images.epagine.fr\/360\/9783516543360_1_75.jpg","medium":"https:\/\/images.epagine.fr\/360\/9783516543360_1_m.jpg","thumbnail":"https:\/\/images.epagine.fr\/360\/9783516543360_1_v.jpg"},"orderable":true,"show_badge":true,"formatted_price":"0,00&nbsp;\u20ac","formatted_published_date":"14 mai 2025","publisher_availability_label":"Sur commande","short_details":"Jean-luc Rollier \u2014 CALVENDO","translator":null,"weight":210,"page_count":14,"readership":null,"editor":"CALVENDO","price":0,"published_date":"2025-05-13T22:00:00.000000Z","support":"Calendrier","publisher_availability":1,"stock":0,"editions":[],"url":"https:\/\/quaidesbrumes.com\/ouvrage\/9783516543360\/riz-de-chine-calendrier-mural-2026-din-a4-vertical-calvendo-calendrier-mensuel-la-chine-est-le-plus-important-producteur-et-consommateur-de-riz-dans-le-monde"},{"id":"9782364412422","title":"La peche en sa\u00f4ne","description":null,"authors":["Louis Bonnamour"],"category_codes":["4000000","4010000","4010500","4010502"],"visuals":{"large":"https:\/\/images.epagine.fr\/422\/9782364412422_1_75.jpg","medium":"https:\/\/images.epagine.fr\/422\/9782364412422_1_m.jpg","thumbnail":"https:\/\/images.epagine.fr\/422\/9782364412422_1_v.jpg"},"orderable":true,"show_badge":true,"formatted_price":"23,00&nbsp;\u20ac","formatted_published_date":"7 d\u00e9cembre 2017","publisher_availability_label":"Sur commande","short_details":"Louis Bonnamour \u2014 Editions universitaires de Dijon","translator":null,"weight":481,"page_count":240,"readership":null,"editor":"Editions universitaires de Dijon","price":2300,"published_date":"2017-12-06T23:00:00.000000Z","support":"Grand format","publisher_availability":1,"stock":0,"editions":[],"url":"https:\/\/quaidesbrumes.com\/ouvrage\/9782364412422\/la-peche-en-saone"},{"id":"9782747522243","title":"Tel climat quelle sant\u00e9","description":null,"authors":["Maurice Huet"],"category_codes":["4000000","4010000","4010200","4010208"],"visuals":{"large":"https:\/\/images.epagine.fr\/243\/9782747522243_1_75.jpg","medium":"https:\/\/images.epagine.fr\/243\/9782747522243_1_m.jpg","thumbnail":"https:\/\/images.epagine.fr\/243\/9782747522243_1_v.jpg"},"orderable":true,"show_badge":true,"formatted_price":"16,80&nbsp;\u20ac","formatted_published_date":"1er novembre 2003","publisher_availability_label":"Sur commande","short_details":"Maurice Huet \u2014 \u00c9ditions L'Harmattan","translator":null,"weight":204,"page_count":184,"readership":null,"editor":"\u00c9ditions L'Harmattan","price":1680,"published_date":"2003-10-31T23:00:00.000000Z","support":"Grand format","publisher_availability":1,"stock":0,"editions":[],"url":"https:\/\/quaidesbrumes.com\/ouvrage\/9782747522243\/tel-climat-quelle-sante"},{"id":"9782759230648","title":"Petit guide de l'observation du paysage","description":"On est souvent seul devant un paysage mais on peut tenter soi-m\u00eame de mobiliser les connaissances dont on dispose dans diff\u00e9rents domaines et chercher \u00e0 les croiser. Lorsque l'on observe \u00e0 plusieurs, chacun a sa lecture et on est surpris par la vision de l'autre. On d\u00e9couvre un autre point de vue. Le paysage se r\u00e9v\u00e8le alors plus complexe que pr\u00e9vu. Cette multiplicit\u00e9 des visions est une d\u00e9couverte pour qui est attentif au regard de l'autre. Le paysage semble contenir \u00ab tous les visibles de tous les voyants \u00bb (Merleau-Ponty).\r\nLes auteurs de ce petit guide, un g\u00e9ologue, un botaniste, un agronome et un enseignant agriculteur, ont crois\u00e9 leurs savoirs et associ\u00e9 leurs comp\u00e9tences.","authors":["Beno\u00eet Deffontaines","Jean-Pierre Deffontaines","Denis Michaud","Jean Ritter"],"category_codes":["4000000","4010000","4010300","4010301"],"visuals":{"large":"https:\/\/images.epagine.fr\/648\/9782759230648_1_75.jpg","medium":"https:\/\/images.epagine.fr\/648\/9782759230648_1_m.jpg","thumbnail":"https:\/\/images.epagine.fr\/648\/9782759230648_1_v.jpg"},"orderable":true,"show_badge":true,"formatted_price":"17,00&nbsp;\u20ac","formatted_published_date":"3 octobre 2019","publisher_availability_label":"Sur commande","short_details":"Beno\u00eet Deffontaines, Jean-Pierre Deffontaines, Denis Michaud, Jean Ritter \u2014 Qu\u00e6","translator":null,"weight":118,"page_count":36,"readership":null,"editor":"Qu\u00e6","price":1700,"published_date":"2019-10-02T22:00:00.000000Z","support":"Grand format","publisher_availability":1,"stock":0,"editions":[],"url":"https:\/\/quaidesbrumes.com\/ouvrage\/9782759230648\/petit-guide-de-lobservation-du-paysage"},{"id":"9782367460758","title":"Agenda mon herbier de campagne 2014","description":null,"authors":["Anne Richard"],"category_codes":["4000000","4010000","4010400"],"visuals":{"large":"https:\/\/images.epagine.fr\/758\/9782367460758_1_75.jpg","medium":"https:\/\/images.epagine.fr\/758\/9782367460758_1_m.jpg","thumbnail":"https:\/\/images.epagine.fr\/758\/9782367460758_1_v.jpg"},"orderable":true,"show_badge":true,"formatted_price":"0,00&nbsp;\u20ac","formatted_published_date":"20 juin 2013","publisher_availability_label":"Sur commande","short_details":"Anne Richard \u2014 La Geste","translator":null,"weight":565,"page_count":152,"readership":null,"editor":"La Geste","price":0,"published_date":"2013-06-19T22:00:00.000000Z","support":"Agenda","publisher_availability":1,"stock":0,"editions":[],"url":"https:\/\/quaidesbrumes.com\/ouvrage\/9782367460758\/agenda-mon-herbier-de-campagne-2014"},{"id":"9782493798213","title":"Calendrier Le Massif du Jura","description":"Calendrier illustr\u00e9 de 14 photos prises au fil des mois par St\u00e9phane Godin. \r\nUn beau calendrier \u00e0 accrocher chez soit ou \u00e0 offrir pour voyager toute l'ann\u00e9e au coeur du Massif du Jura.\r\n\r\nMots cl\u00e9s\/Th\u00e8mes abord\u00e9s\r\nMassif du Jura, Ain, Territoire de Belfort, Doubs, paysages, photographie, nature, cascades, lacs, vignoble, montagne...","authors":["St\u00e9phane Godin"],"category_codes":["4000000","4010000","4010300"],"visuals":{"large":"https:\/\/images.epagine.fr\/213\/9782493798213_1_75.jpg","medium":"https:\/\/images.epagine.fr\/213\/9782493798213_1_m.jpg","thumbnail":"https:\/\/images.epagine.fr\/213\/9782493798213_1_v.jpg"},"orderable":true,"show_badge":true,"formatted_price":"11,00&nbsp;\u20ac","formatted_published_date":"1er juillet 2024","publisher_availability_label":"Sur commande","short_details":"St\u00e9phane Godin \u2014 Septeditions","translator":null,"weight":200,"page_count":28,"readership":null,"editor":"Septeditions","price":1100,"published_date":"2024-06-30T22:00:00.000000Z","support":"Calendrier","publisher_availability":1,"stock":0,"editions":[],"url":"https:\/\/quaidesbrumes.com\/ouvrage\/9782493798213\/calendrier-le-massif-du-jura"},{"id":"9782493798244","title":"Le massif du Jura : agenda","description":"Agenda semainier tr\u00e8s pratique pour avoir une vue globale sur la semaine sur deux pages.\r\nIllustr\u00e9 d'une centaine de photos prises au fil des saisons par St\u00e9phane Godin, ce bel agenda vous fera voyager toute l'ann\u00e9e au coeur du Massif du Jura.\r\n\r\nMots cl\u00e9s\/Th\u00e8mes abord\u00e9s\r\nMassif du Jura, Ain, Territoire de Belfort, Doubs, paysages, photographie, nature, 4 saisons, faune, flore, cascades, lacs...","authors":["St\u00e9phane Godin"],"category_codes":["4000000","4010000","4010300"],"visuals":{"large":"https:\/\/images.epagine.fr\/244\/9782493798244_1_75.jpg","medium":"https:\/\/images.epagine.fr\/244\/9782493798244_1_m.jpg","thumbnail":"https:\/\/images.epagine.fr\/244\/9782493798244_1_v.jpg"},"orderable":true,"show_badge":true,"formatted_price":"0,00&nbsp;\u20ac","formatted_published_date":"1er juillet 2024","publisher_availability_label":"Sur commande","short_details":"St\u00e9phane Godin \u2014 Septeditions","translator":null,"weight":300,"page_count":142,"readership":null,"editor":"Septeditions","price":0,"published_date":"2024-06-30T22:00:00.000000Z","support":"Agenda","publisher_availability":1,"stock":0,"editions":[],"url":"https:\/\/quaidesbrumes.com\/ouvrage\/9782493798244\/le-massif-du-jura-agenda"},{"id":"9783516544244","title":"Riz de Chine (Calendrier mural 2026 DIN A3 vertical), CALVENDO calendrier mensuel : La Chine est le plus important producteur et consommateur de riz dans le monde","description":"En terrasses dans la province du Guizhou ou le long de la rivi\u00e8re Yulong aux pieds des formations karstiques dans la province du Guangxi, la culture du riz dans la Chine du sud-ouest nous offre un spectacle color\u00e9 \u00e9blouissant.\r\n\r\nCalendrier mural de qualit\u00e9 sup\u00e9rieure avec 12 magnifiques photos. L'environnement nous tient \u00e0 coeur. C'est pourquoi nous utilisons exclusivement du papier certifi\u00e9 FSC provenant de for\u00eats g\u00e9r\u00e9es de mani\u00e8re \u00e9coresponsable. Nous \u00e9vitons la surproduction et donc des quantit\u00e9s significatives de d\u00e9chets, en produisant dans l'UE \u00e0 l'unit\u00e9 et sur demande. Nous r\u00e9duisons nos distances de transport et assurons une logistique respectueuse de l'environnement.\r\n\r\n14 pages dont 1 couverture | 12 pages mensuelles | 1 page d'index | dos cartonn\u00e9\r\n\r\nCe calendrier \u00e0 succ\u00e8s a \u00e9t\u00e9 r\u00e9\u00e9dit\u00e9 cette ann\u00e9e avec les m\u00eames images et une grille calendaire mise \u00e0 jour.\r\n\r\nIllustrations:\r\nJanvier: Au travail dans la rizi\u00e8re\r\nF\u00e9vrier: Portage du riz \u00e0 Zhaoxing\r\nMars: R\u00e9colte du riz \u00e0 Jiajiu\r\nAvril: Piments rouges et riz vert\r\nMai: Rizi\u00e8res de Jiabang\r\nJuin: Apr\u00e8s la r\u00e9colte\r\nJuillet: Les toits de Jiaju \r\nAo\u00fbt: Rizi\u00e8res en terrasses.\r\nSeptembre: Rizi\u00e8res de Yangshuo\r\nOctobre: R\u00e9colte du riz le long de la rivi\u00e8re Yulong\r\nNovembre: Confection des fagots\r\nD\u00e9cembre: Transport des sacs \u00e0 bicyclette\r\n\r\nQUALITATIF - un calendrier annuel de qualit\u00e9 sup\u00e9rieure avec 12 magnifiques motifs, sur papier d'impression photo, avec une reliure spirale robuste et un crochet de suspension.\r\nDURABLE - r\u00e9duction significative des d\u00e9chets gr\u00e2ce \u00e0 une fabrication sur papier certifi\u00e9 FSC \u00e0 l'unit\u00e9 et sur demande, production dans l'UE, logistique \u00e9cologique.\r\nCADEAU ID\u00c9AL - destin\u00e9 \u00e0 vos contacts priv\u00e9s ou professionnels, \u00e0 la famille ou aux amis, aux jeunes adultes ou aux moins jeunes,  pour un cadeau de No\u00ebl ou d'anniversaire ou juste pour le plaisir d'offrir.\r\nDIVERSIFI\u00c9 - de nombreux formats DIN A4 ou DIN A3, pour s'adapter \u00e0 toutes vos envies et vos cadres de vie.\r\nLa Chine est le plus important producteur et consommateur de riz dans le monde par l'auteur(rice): Jean Luc  ROLLIER","authors":["Jean-luc Rollier"],"category_codes":["4000000","4010000","4010200"],"visuals":{"large":"https:\/\/images.epagine.fr\/244\/9783516544244_1_75.jpg","medium":"https:\/\/images.epagine.fr\/244\/9783516544244_1_m.jpg","thumbnail":"https:\/\/images.epagine.fr\/244\/9783516544244_1_v.jpg"},"orderable":true,"show_badge":true,"formatted_price":"0,00&nbsp;\u20ac","formatted_published_date":"14 mai 2025","publisher_availability_label":"Sur commande","short_details":"Jean-luc Rollier \u2014 CALVENDO","translator":null,"weight":460,"page_count":14,"readership":null,"editor":"CALVENDO","price":0,"published_date":"2025-05-13T22:00:00.000000Z","support":"Calendrier","publisher_availability":1,"stock":0,"editions":[],"url":"https:\/\/quaidesbrumes.com\/ouvrage\/9783516544244\/riz-de-chine-calendrier-mural-2026-din-a3-vertical-calvendo-calendrier-mensuel-la-chine-est-le-plus-important-producteur-et-consommateur-de-riz-dans-le-monde"},{"id":"9783516544596","title":"Sur la route des Grandes Alpes, la vall\u00e9e de la Guisane (Calendrier mural 2026 DIN A4 vertical), CALVENDO calendrier mensuel : Paysages des Hautes-Alpes dans le Brian\u00e7onnais","description":"La route des Grandes Alpes traverse des paysages fabuleux entre le lac L\u00e9man et la M\u00e9diterran\u00e9e. Elle est fr\u00e9quemment travers\u00e9e par les cyclistes du Tour de France. le nom de ses cols mythiques ne nous sont pas \u00e9trangers. Voici quelques paysages entre le col du Lautaret et Brian\u00e7on.\r\n\r\nCalendrier mural de qualit\u00e9 sup\u00e9rieure avec 12 magnifiques photos. L'environnement nous tient \u00e0 coeur. C'est pourquoi nous utilisons exclusivement du papier certifi\u00e9 FSC provenant de for\u00eats g\u00e9r\u00e9es de mani\u00e8re \u00e9coresponsable. Nous \u00e9vitons la surproduction et donc des quantit\u00e9s significatives de d\u00e9chets, en produisant dans l'UE \u00e0 l'unit\u00e9 et sur demande. Nous r\u00e9duisons nos distances de transport et assurons une logistique respectueuse de l'environnement.\r\n\r\n14 pages dont 1 couverture | 12 pages mensuelles | 1 page d'index | dos cartonn\u00e9\r\n\r\nCe calendrier \u00e0 succ\u00e8s a \u00e9t\u00e9 r\u00e9\u00e9dit\u00e9 cette ann\u00e9e avec les m\u00eames images et une grille calendaire mise \u00e0 jour.\r\n\r\nIllustrations:\r\nJanvier: Le Casset\r\nF\u00e9vrier: Le col du Lautaret\r\nMars: Monetier les Bains\r\nAvril: Le lac de la Douche\r\nMai: Au pieds des Ecrins\r\nJuin: L'Alpe du Lauzet\r\nJuillet: Les Ecrins\r\nAo\u00fbt: L'Alpe du Lauzet\r\nSeptembre: L'Alpe du Lauzet\r\nOctobre: L'Alpe du Lauzet\r\nNovembre: L'Alpe du Lauzet\r\nD\u00e9cembre: L'Alpe du Lauzet\r\n\r\nQUALITATIF - un calendrier annuel de qualit\u00e9 sup\u00e9rieure avec 12 magnifiques motifs, sur papier d'impression photo, avec une reliure spirale robuste et un crochet de suspension.\r\nDURABLE - r\u00e9duction significative des d\u00e9chets gr\u00e2ce \u00e0 une fabrication sur papier certifi\u00e9 FSC \u00e0 l'unit\u00e9 et sur demande, production dans l'UE, logistique \u00e9cologique.\r\nCADEAU ID\u00c9AL - destin\u00e9 \u00e0 vos contacts priv\u00e9s ou professionnels, \u00e0 la famille ou aux amis, aux jeunes adultes ou aux moins jeunes,  pour un cadeau de No\u00ebl ou d'anniversaire ou juste pour le plaisir d'offrir.\r\nDIVERSIFI\u00c9 - de nombreux formats DIN A4 ou DIN A3, pour s'adapter \u00e0 toutes vos envies et vos cadres de vie.\r\nPaysages des Hautes-Alpes dans le Brian\u00e7onnais par l'auteur(rice): Alain Gaymard","authors":["Alain Gaymard"],"category_codes":["4000000","4010000","4010200"],"visuals":{"large":"https:\/\/images.epagine.fr\/596\/9783516544596_1_75.jpg","medium":"https:\/\/images.epagine.fr\/596\/9783516544596_1_m.jpg","thumbnail":"https:\/\/images.epagine.fr\/596\/9783516544596_1_v.jpg"},"orderable":true,"show_badge":true,"formatted_price":"0,00&nbsp;\u20ac","formatted_published_date":"14 mai 2025","publisher_availability_label":"Sur commande","short_details":"Alain Gaymard \u2014 CALVENDO","translator":null,"weight":210,"page_count":14,"readership":null,"editor":"CALVENDO","price":0,"published_date":"2025-05-13T22:00:00.000000Z","support":"Calendrier","publisher_availability":1,"stock":0,"editions":[],"url":"https:\/\/quaidesbrumes.com\/ouvrage\/9783516544596\/sur-la-route-des-grandes-alpes-la-vallee-de-la-guisane-calendrier-mural-2026-din-a4-vertical-calvendo-calendrier-mensuel-paysages-des-hautes-alpes-dans-le-brianconnais"},{"id":"9783516544770","title":"Riz de Chine (Calendrier mural 2026 DIN A2 vertical), CALVENDO calendrier mensuel : La Chine est le plus important producteur et consommateur de riz dans le monde","description":"En terrasses dans la province du Guizhou ou le long de la rivi\u00e8re Yulong aux pieds des formations karstiques dans la province du Guangxi, la culture du riz dans la Chine du sud-ouest nous offre un spectacle color\u00e9 \u00e9blouissant.\r\n\r\nCalendrier mural de qualit\u00e9 sup\u00e9rieure avec 12 magnifiques photos. L'environnement nous tient \u00e0 coeur. C'est pourquoi nous utilisons exclusivement du papier certifi\u00e9 FSC provenant de for\u00eats g\u00e9r\u00e9es de mani\u00e8re \u00e9coresponsable. Nous \u00e9vitons la surproduction et donc des quantit\u00e9s significatives de d\u00e9chets, en produisant dans l'UE \u00e0 l'unit\u00e9 et sur demande. Nous r\u00e9duisons nos distances de transport et assurons une logistique respectueuse de l'environnement.\r\n\r\n14 pages dont 1 couverture | 12 pages mensuelles | 1 page d'index | dos cartonn\u00e9\r\n\r\nCe calendrier \u00e0 succ\u00e8s a \u00e9t\u00e9 r\u00e9\u00e9dit\u00e9 cette ann\u00e9e avec les m\u00eames images et une grille calendaire mise \u00e0 jour.\r\n\r\nIllustrations:\r\nJanvier: Au travail dans la rizi\u00e8re\r\nF\u00e9vrier: Portage du riz \u00e0 Zhaoxing\r\nMars: R\u00e9colte du riz \u00e0 Jiajiu\r\nAvril: Piments rouges et riz vert\r\nMai: Rizi\u00e8res de Jiabang\r\nJuin: Apr\u00e8s la r\u00e9colte\r\nJuillet: Les toits de Jiaju \r\nAo\u00fbt: Rizi\u00e8res en terrasses.\r\nSeptembre: Rizi\u00e8res de Yangshuo\r\nOctobre: R\u00e9colte du riz le long de la rivi\u00e8re Yulong\r\nNovembre: Confection des fagots\r\nD\u00e9cembre: Transport des sacs \u00e0 bicyclette\r\n\r\nQUALITATIF - un calendrier annuel de qualit\u00e9 sup\u00e9rieure avec 12 magnifiques motifs, sur papier d'impression photo, avec une reliure spirale robuste et un crochet de suspension.\r\nDURABLE - r\u00e9duction significative des d\u00e9chets gr\u00e2ce \u00e0 une fabrication sur papier certifi\u00e9 FSC \u00e0 l'unit\u00e9 et sur demande, production dans l'UE, logistique \u00e9cologique.\r\nCADEAU ID\u00c9AL - destin\u00e9 \u00e0 vos contacts priv\u00e9s ou professionnels, \u00e0 la famille ou aux amis, aux jeunes adultes ou aux moins jeunes,  pour un cadeau de No\u00ebl ou d'anniversaire ou juste pour le plaisir d'offrir.\r\nDIVERSIFI\u00c9 - de nombreux formats DIN A4 ou DIN A3, pour s'adapter \u00e0 toutes vos envies et vos cadres de vie.\r\nLa Chine est le plus important producteur et consommateur de riz dans le monde par l'auteur(rice): Jean Luc  ROLLIER","authors":["Jean-luc Rollier"],"category_codes":["4000000","4010000","4010200"],"visuals":{"large":"https:\/\/images.epagine.fr\/770\/9783516544770_1_75.jpg","medium":"https:\/\/images.epagine.fr\/770\/9783516544770_1_m.jpg","thumbnail":"https:\/\/images.epagine.fr\/770\/9783516544770_1_v.jpg"},"orderable":true,"show_badge":true,"formatted_price":"0,00&nbsp;\u20ac","formatted_published_date":"14 mai 2025","publisher_availability_label":"Sur commande","short_details":"Jean-luc Rollier \u2014 CALVENDO","translator":null,"weight":940,"page_count":14,"readership":null,"editor":"CALVENDO","price":0,"published_date":"2025-05-13T22:00:00.000000Z","support":"Calendrier","publisher_availability":1,"stock":0,"editions":[],"url":"https:\/\/quaidesbrumes.com\/ouvrage\/9783516544770\/riz-de-chine-calendrier-mural-2026-din-a2-vertical-calvendo-calendrier-mensuel-la-chine-est-le-plus-important-producteur-et-consommateur-de-riz-dans-le-monde"},{"id":"9782840508717","title":"Ecrits sur les alpes","description":"Les\u00a0\u00c9crits sur les Alpes\u00a0de Ruskin sont pr\u00e9sent\u00e9s ici pour la premi\u00e8re fois en fran\u00e7ais, dans une traduction qui se tient au plus pr\u00e8s de la prose dynamique, \u00e9loquente et po\u00e9tique, mais sachant aussi \u00eatre exacte, du grand \u00e9crivain que fut Ruskin.\r\nLa r\u00e9flexion sur les Alpes est indissociable des th\u00e8mes fondamentaux de la pens\u00e9e de John Ruskin : la peinture, l'histoire de la Terre, la religion, l'expansion du tourisme et les menaces qu'elle fait peser sur la nature, le monde social et l'\u00e9ducation. Dispers\u00e9s au fil d'une oeuvre prot\u00e9iforme, encore mal connue dans les pays de langue fran\u00e7aise, ses textes sur la montagne n'ont jamais \u00e9t\u00e9 r\u00e9unis comme tels, bien qu'ils offrent la mati\u00e8re d'un grand et beau livre. Donnant \u00e0 lire quelques textes autobiographiques tir\u00e9s des s\u00e9jours \u00e0 Chamonix ou \u00e0 Gen\u00e8ve, l'ouvrage comporte dans sa partie principale les chapitres de\u00a0Modern Painters\u00a0consacr\u00e9s \u00e0 la montagne - qui sont aussi des m\u00e9ditations sur l'art de Turner et sur le paysage. \u00c0 travers ces pages, mais aussi dans la tr\u00e8s riche illustration qui les accompagne, Ruskin appara\u00eet comme l'un des grands penseurs du paysage au XIXe\u00a0si\u00e8cle. Philosophe attentif \u00e0 la qualit\u00e9 de la relation de l'homme avec son environnement naturel, sa r\u00e9flexion et ses prises de position influenceront profond\u00e9ment les courants de ce qu'on appelle aujourd'hui l'\u00e9cocritique.\r\nLes\u00a0\u00c9crits sur les Alpes\u00a0de Ruskin sont pr\u00e9sent\u00e9s ici pour la premi\u00e8re fois en fran\u00e7ais, dans une traduction qui se tient au plus pr\u00e8s de la prose dynamique, \u00e9loquente et po\u00e9tique, mais sachant aussi \u00eatre exacte, du grand \u00e9crivain que fut Ruskin.\r\n\u00a0","authors":["John Ruskin","Andr\u00e9 H\u00e9lard","Claude Reichler","Emma Sdegno"],"category_codes":["4000000","4010000"],"visuals":{"large":"https:\/\/images.epagine.fr\/717\/9782840508717_1_75.jpg","medium":"https:\/\/images.epagine.fr\/717\/9782840508717_1_m.jpg","thumbnail":"https:\/\/images.epagine.fr\/717\/9782840508717_1_v.jpg"},"orderable":true,"show_badge":true,"formatted_price":"30,00&nbsp;\u20ac","formatted_published_date":"7 f\u00e9vrier 2013","publisher_availability_label":"Sur commande","short_details":"John Ruskin, Andr\u00e9 H\u00e9lard, Claude Reichler, Emma Sdegno \u2014 Sorbonne Universite Presses","translator":"Andr\u00e9 H\u00e9lard","weight":738,"page_count":288,"readership":null,"editor":"Sorbonne Universite Presses","price":3000,"published_date":"2013-02-06T23:00:00.000000Z","support":"Grand format","publisher_availability":1,"stock":0,"editions":[],"url":"https:\/\/quaidesbrumes.com\/ouvrage\/9782840508717\/ecrits-sur-les-alpes"},{"id":"9783516538441","title":"Notre nature sauvage, oiseaux aquatiques d'Europe (Calendrier mural 2026 DIN A2 horizontal), CALVENDO calendrier mensuel : Oiseaux que l'on peut d\u00e9couvrir en Europe","description":"Le long des rivi\u00e8res et du littoral marin est peupl\u00e9 de multiple esp\u00e8ces d'oiseaux. Il est int\u00e9ressant de connaitre ces animaux et de les observer. Beaucoup d'entre eux sont en danger et font partie des esp\u00e8ces prot\u00e9g\u00e9es.\r\n\r\nCalendrier mural de qualit\u00e9 sup\u00e9rieure avec 12 magnifiques photos. L'environnement nous tient \u00e0 coeur. C'est pourquoi nous utilisons exclusivement du papier certifi\u00e9 FSC provenant de for\u00eats g\u00e9r\u00e9es de mani\u00e8re \u00e9coresponsable. Nous \u00e9vitons la surproduction et donc des quantit\u00e9s significatives de d\u00e9chets, en produisant dans l'UE \u00e0 l'unit\u00e9 et sur demande. Nous r\u00e9duisons nos distances de transport et assurons une logistique respectueuse de l'environnement.\r\n\r\n14 pages dont 1 couverture | 12 pages mensuelles | 1 page d'index | dos cartonn\u00e9\r\n\r\nCe calendrier \u00e0 succ\u00e8s a \u00e9t\u00e9 r\u00e9\u00e9dit\u00e9 cette ann\u00e9e avec les m\u00eames images et une grille calendaire mise \u00e0 jour.\r\n\r\nIllustrations:\r\nJanvier: Fou de Bassans\r\nF\u00e9vrier: Martin p\u00e9cheur\r\nMars: Avocette \u00e9l\u00e9gante\r\nAvril: Flamants roses\r\nMai: Go\u00e9land marin\r\nJuin: Chevalier sylvain\r\nJuillet: Grand cormoran\r\nAo\u00fbt: Gr\u00e8be hupp\u00e9\r\nSeptembre: Macareux moine\r\nOctobre: Huitrier pie\r\nNovembre: Chevalier gambette\r\nD\u00e9cembre: Barge \u00e0 queue noire\r\n\r\nQUALITATIF - un calendrier annuel de qualit\u00e9 sup\u00e9rieure avec 12 magnifiques motifs, sur papier d'impression photo, avec une reliure spirale robuste et un crochet de suspension.\r\nDURABLE - r\u00e9duction significative des d\u00e9chets gr\u00e2ce \u00e0 une fabrication sur papier certifi\u00e9 FSC \u00e0 l'unit\u00e9 et sur demande, production dans l'UE, logistique \u00e9cologique.\r\nCADEAU ID\u00c9AL - destin\u00e9 \u00e0 vos contacts priv\u00e9s ou professionnels, \u00e0 la famille ou aux amis, aux jeunes adultes ou aux moins jeunes,  pour un cadeau de No\u00ebl ou d'anniversaire ou juste pour le plaisir d'offrir.\r\nDIVERSIFI\u00c9 - de nombreux formats DIN A4 ou DIN A3, pour s'adapter \u00e0 toutes vos envies et vos cadres de vie.\r\nOiseaux que l'on peut d\u00e9couvrir en Europe par l'auteur(rice): Alain Gaymard","authors":["\u00a9 Alain Gaymard"],"category_codes":["4000000","4010000","4010200"],"visuals":{"large":"https:\/\/images.epagine.fr\/441\/9783516538441_1_75.jpg","medium":"https:\/\/images.epagine.fr\/441\/9783516538441_1_m.jpg","thumbnail":"https:\/\/images.epagine.fr\/441\/9783516538441_1_v.jpg"},"orderable":true,"show_badge":true,"formatted_price":"0,00&nbsp;\u20ac","formatted_published_date":"14 mai 2025","publisher_availability_label":"Sur commande","short_details":"\u00a9 Alain Gaymard \u2014 CALVENDO","translator":null,"weight":940,"page_count":14,"readership":null,"editor":"CALVENDO","price":0,"published_date":"2025-05-13T22:00:00.000000Z","support":"Calendrier","publisher_availability":1,"stock":0,"editions":[],"url":"https:\/\/quaidesbrumes.com\/ouvrage\/9783516538441\/notre-nature-sauvage-oiseaux-aquatiques-deurope-calendrier-mural-2026-din-a2-horizontal-calvendo-calendrier-mensuel-oiseaux-que-lon-peut-decouvrir-en-europe"}]}