{"data":[{"id":"9783516527711","title":"La vie de nos prairies - Demoiselles et libellules (Calendrier mural 2026 DIN A2 vertical), CALVENDO calendrier mensuel : \u00c0 la d\u00e9couverte des petites b\u00eates de nos prairies","description":"Nos prairies regorgent de vies m\u00e9connues. Les libellules et autres demoiselles font partie des \u00eatres que l'on connait le plus. Leurs vols et l\u00e9g\u00e8ret\u00e9 nous font r\u00eaver. En s'approchant un peu plus nous pouvons d\u00e9couvrir leurs t\u00eates \u00e9tonnantes.\r\n\r\nCalendrier mural de qualit\u00e9 sup\u00e9rieure avec 12 magnifiques photos. L'environnement nous tient \u00e0 coeur. C'est pourquoi nous utilisons exclusivement du papier certifi\u00e9 FSC provenant de for\u00eats g\u00e9r\u00e9es de mani\u00e8re \u00e9coresponsable. Nous \u00e9vitons la surproduction et donc des quantit\u00e9s significatives de d\u00e9chets, en produisant dans l'UE \u00e0 l'unit\u00e9 et sur demande. Nous r\u00e9duisons nos distances de transport et assurons une logistique respectueuse de l'environnement.\r\n\r\n14 pages dont 1 couverture | 12 pages mensuelles | 1 page d'index | dos cartonn\u00e9\r\n\r\nCe calendrier \u00e0 succ\u00e8s a \u00e9t\u00e9 r\u00e9\u00e9dit\u00e9 cette ann\u00e9e avec les m\u00eames images et une grille calendaire mise \u00e0 jour.\r\n\r\nIllustrations:\r\nJanvier: Pennipatte blanch\u00e2tre\r\nF\u00e9vrier: Symp\u00e9trum \u00e9carlate\r\nMars: Pennipatte blanch\u00e2tre\r\nAvril: Pennipatte bleu\u00e2tre\r\nMai: Pennipatte blanch\u00e2tre\r\nJuin: Pennipatte bleu\u00e2tre\r\nJuillet: Symp\u00e9trum \u00e9carlate\r\nAo\u00fbt: Un moment de tendresse\r\nSeptembre: Symp\u00e9trum \u00e9carlate\r\nOctobre: Symp\u00e9trum jaune d'or\r\nNovembre: Symp\u00e9trum\r\nD\u00e9cembre: Pennipatte blanch\u00e2tre\r\n\r\nQUALITATIF - un calendrier annuel de qualit\u00e9 sup\u00e9rieure avec 12 magnifiques motifs, sur papier d'impression photo, avec une reliure spirale robuste et un crochet de suspension.\r\nDURABLE - r\u00e9duction significative des d\u00e9chets gr\u00e2ce \u00e0 une fabrication sur papier certifi\u00e9 FSC \u00e0 l'unit\u00e9 et sur demande, production dans l'UE, logistique \u00e9cologique.\r\nCADEAU ID\u00c9AL - destin\u00e9 \u00e0 vos contacts priv\u00e9s ou professionnels, \u00e0 la famille ou aux amis, aux jeunes adultes ou aux moins jeunes,  pour un cadeau de No\u00ebl ou d'anniversaire ou juste pour le plaisir d'offrir.\r\nDIVERSIFI\u00c9 - de nombreux formats DIN A4 ou DIN A3, pour s'adapter \u00e0 toutes vos envies et vos cadres de vie.\r\n\u00c0 la d\u00e9couverte des petites b\u00eates de nos prairies par l'auteur(rice): Alain Gaymard","authors":["Alain Gaymard"],"category_codes":["4000000","4010000","4010200"],"visuals":{"large":"https:\/\/images.epagine.fr\/711\/9783516527711_1_75.jpg","medium":"https:\/\/images.epagine.fr\/711\/9783516527711_1_m.jpg","thumbnail":"https:\/\/images.epagine.fr\/711\/9783516527711_1_v.jpg"},"orderable":true,"show_badge":true,"formatted_price":"0,00&nbsp;\u20ac","formatted_published_date":"14 mai 2025","publisher_availability_label":"Sur commande","short_details":"Alain Gaymard \u2014 CALVENDO","translator":null,"weight":940,"page_count":14,"readership":null,"editor":"CALVENDO","price":0,"published_date":"2025-05-13T22:00:00.000000Z","support":"Calendrier","publisher_availability":1,"stock":0,"editions":[],"url":"https:\/\/quaidesbrumes.com\/ouvrage\/9783516527711\/la-vie-de-nos-prairies-demoiselles-et-libellules-calendrier-mural-2026-din-a2-vertical-calvendo-calendrier-mensuel-a-la-decouverte-des-petites-betes-de-nos-prairies"},{"id":"9783516527957","title":"La vie de nos prairies - Demoiselles et libellules  (Calendrier mural 2026 DIN A2 vertical) calendrier de bureau : \u00c0 la d\u00e9couverte des petites b\u00eates de nos prairies","description":"Nos prairies regorgent de vies m\u00e9connues. Les libellules et autres demoiselles font partie des \u00eatres que l'on connait le plus. Leurs vols et l\u00e9g\u00e8ret\u00e9 nous font r\u00eaver. En s'approchant un peu plus nous pouvons d\u00e9couvrir leurs t\u00eates \u00e9tonnantes.\r\n\r\nImpression d'art premium en haute brillance de qualit\u00e9 mus\u00e9e. Pour que les feuilles de papier soient bien accroch\u00e9es au mur, ce calendrier haut de gamme est dot\u00e9 de pochettes innovantes. Elles prot\u00e8gent les grandes feuilles des effets de l'humidit\u00e9 de l'air. Le papier est un mat\u00e9riau naturel. Les fibres r\u00e9agissent aux variations du climat ambiant. Il est donc conseill\u00e9 de ne pas retirer les pochettes d'insertion.\r\n\r\nNotre environnement nous tient \u00e0 coeur, c'est pourquoi nous misons sur une fabrication individuelle en Allemagne (Made in Germany) avec des mat\u00e9riaux de qualit\u00e9 sup\u00e9rieure.\r\n\r\n14 pages dont 1 couverture | 12 pages mensuelles | 1 page d'index I dos cartonn\u00e9.\r\n\r\n\r\nCe calendrier \u00e0 succ\u00e8s a \u00e9t\u00e9 r\u00e9\u00e9dit\u00e9 cette ann\u00e9e avec les m\u00eames images et une grille calendaire mise \u00e0 jour.\r\n\r\nIllustrations:\r\nJanvier: Pennipatte blanch\u00e2tre\r\nF\u00e9vrier: Symp\u00e9trum \u00e9carlate\r\nMars: Pennipatte blanch\u00e2tre\r\nAvril: Pennipatte bleu\u00e2tre\r\nMai: Pennipatte blanch\u00e2tre\r\nJuin: Pennipatte bleu\u00e2tre\r\nJuillet: Symp\u00e9trum \u00e9carlate\r\nAo\u00fbt: Un moment de tendresse\r\nSeptembre: Symp\u00e9trum \u00e9carlate\r\nOctobre: Symp\u00e9trum jaune d'or\r\nNovembre: Symp\u00e9trum\r\nD\u00e9cembre: Pennipatte blanch\u00e2tre\r\n\r\nLIGNE PREMIUM - Calendrier photo brillant avec 12 magnifiques motifs, impression d'art en haute brillance de qualit\u00e9 mus\u00e9e\r\nQUALIT\u00c9 - mat\u00e9riaux nobles, dos solide avec 2 pochettes innovantes pour une pr\u00e9sentation optimale au mur\r\nDURABLE - nette r\u00e9duction des d\u00e9chets gr\u00e2ce \u00e0 une fabrication \u00e0 l'unit\u00e9 adapt\u00e9e aux besoins, papier certifi\u00e9 FSC respectueux de l'environnement, production en Allemagne, logistique respectueuse du climat.\r\nCADEAU PARFAIT - calendrier pour les amis et la famille, pour les enfants et les adultes, les jeunes et les moins jeunes, pour No\u00ebl, les anniversaires ou entre deux.\r\n\u00c0 la d\u00e9couverte des petites b\u00eates de nos prairies par l'auteur(rice): Alain Gaymard","authors":["Alain Gaymard"],"category_codes":["4000000","4010000","4010200"],"visuals":{"large":"https:\/\/images.epagine.fr\/957\/9783516527957_1_75.jpg","medium":"https:\/\/images.epagine.fr\/957\/9783516527957_1_m.jpg","thumbnail":"https:\/\/images.epagine.fr\/957\/9783516527957_1_v.jpg"},"orderable":true,"show_badge":true,"formatted_price":"0,00&nbsp;\u20ac","formatted_published_date":"14 mai 2025","publisher_availability_label":"Sur commande","short_details":"Alain Gaymard \u2014 CALVENDO","translator":null,"weight":1280,"page_count":14,"readership":null,"editor":"CALVENDO","price":0,"published_date":"2025-05-13T22:00:00.000000Z","support":"Calendrier","publisher_availability":1,"stock":0,"editions":[],"url":"https:\/\/quaidesbrumes.com\/ouvrage\/9783516527957\/la-vie-de-nos-prairies-demoiselles-et-libellules-calendrier-mural-2026-din-a2-vertical-calendrier-de-bureau-a-la-decouverte-des-petites-betes-de-nos-prairies"},{"id":"9783516533286","title":"Nature sud de la France (Calendrier mural 2026 DIN A4 vertical), CALVENDO calendrier mensuel : Destinations de pleine nature du sud de la France","description":"Le sud de la France est riche en destinations Nature. C'est l'alternative \u00e9cologique et \u00e9conomique aux plages bond\u00e9es. \r\nA la recherche de fraicheur l'\u00e9t\u00e9, et de paysages authentiques, nombreux sont les touristes qui visitent l'arri\u00e8re pays de nos c\u00f4tes du sud de la France.\r\n\r\nCalendrier mural de qualit\u00e9 sup\u00e9rieure avec 12 magnifiques photos. L'environnement nous tient \u00e0 coeur. C'est pourquoi nous utilisons exclusivement du papier certifi\u00e9 FSC provenant de for\u00eats g\u00e9r\u00e9es de mani\u00e8re \u00e9coresponsable. Nous \u00e9vitons la surproduction et donc des quantit\u00e9s significatives de d\u00e9chets, en produisant dans l'UE \u00e0 l'unit\u00e9 et sur demande. Nous r\u00e9duisons nos distances de transport et assurons une logistique respectueuse de l'environnement.\r\n\r\n14 pages dont 1 couverture | 12 pages mensuelles | 1 page d'index | dos cartonn\u00e9\r\n\r\nCe calendrier \u00e0 succ\u00e8s a \u00e9t\u00e9 r\u00e9\u00e9dit\u00e9 cette ann\u00e9e avec les m\u00eames images et une grille calendaire mise \u00e0 jour.\r\n\r\nIllustrations:\r\nJanvier: Bellevue - H\u00e9rault\r\nF\u00e9vrier: Pont de pierres - Loz\u00e8re\r\nMars: L'Espiguette - Camargue\r\nAvril: Baignade - Gard\r\nMai: Bambous - Gard\r\nJuin: Plage - St-Jean-de-Luz \r\nJuillet: Tournesol - Loz\u00e8re\r\nAo\u00fbt: Baies sauvages - Loz\u00e8re\r\nSeptembre: Parachutistes - Pyr\u00e9n\u00e9es Orientales\r\nOctobre: Arbre blanc - Gard\r\nNovembre: Cascade de la Vis - Gard\r\nD\u00e9cembre: Pyr\u00e9n\u00e9es Orientales\r\n\r\nQUALITATIF - un calendrier annuel de qualit\u00e9 sup\u00e9rieure avec 12 magnifiques motifs, sur papier d'impression photo, avec une reliure spirale robuste et un crochet de suspension.\r\nDURABLE - r\u00e9duction significative des d\u00e9chets gr\u00e2ce \u00e0 une fabrication sur papier certifi\u00e9 FSC \u00e0 l'unit\u00e9 et sur demande, production dans l'UE, logistique \u00e9cologique.\r\nCADEAU ID\u00c9AL - destin\u00e9 \u00e0 vos contacts priv\u00e9s ou professionnels, \u00e0 la famille ou aux amis, aux jeunes adultes ou aux moins jeunes,  pour un cadeau de No\u00ebl ou d'anniversaire ou juste pour le plaisir d'offrir.\r\nDIVERSIFI\u00c9 - de nombreux formats DIN A4 ou DIN A3, pour s'adapter \u00e0 toutes vos envies et vos cadres de vie.\r\nDestinations de pleine nature du sud de la France par l'auteur(rice): Eric Gobbo","authors":["Eric Gobbo"],"category_codes":["4000000","4010000","4010200"],"visuals":{"large":"https:\/\/images.epagine.fr\/286\/9783516533286_1_75.jpg","medium":"https:\/\/images.epagine.fr\/286\/9783516533286_1_m.jpg","thumbnail":"https:\/\/images.epagine.fr\/286\/9783516533286_1_v.jpg"},"orderable":true,"show_badge":true,"formatted_price":"0,00&nbsp;\u20ac","formatted_published_date":"14 mai 2025","publisher_availability_label":"Sur commande","short_details":"Eric Gobbo \u2014 CALVENDO","translator":null,"weight":210,"page_count":14,"readership":null,"editor":"CALVENDO","price":0,"published_date":"2025-05-13T22:00:00.000000Z","support":"Calendrier","publisher_availability":1,"stock":0,"editions":[],"url":"https:\/\/quaidesbrumes.com\/ouvrage\/9783516533286\/nature-sud-de-la-france-calendrier-mural-2026-din-a4-vertical-calvendo-calendrier-mensuel-destinations-de-pleine-nature-du-sud-de-la-france"},{"id":"9783516533934","title":"Nature sud de la France (Calendrier mural 2026 DIN A3 vertical), CALVENDO calendrier mensuel : Destinations de pleine nature du sud de la France","description":"Le sud de la France est riche en destinations Nature. C'est l'alternative \u00e9cologique et \u00e9conomique aux plages bond\u00e9es. \r\nA la recherche de fraicheur l'\u00e9t\u00e9, et de paysages authentiques, nombreux sont les touristes qui visitent l'arri\u00e8re pays de nos c\u00f4tes du sud de la France.\r\n\r\nCalendrier mural de qualit\u00e9 sup\u00e9rieure avec 12 magnifiques photos. L'environnement nous tient \u00e0 coeur. C'est pourquoi nous utilisons exclusivement du papier certifi\u00e9 FSC provenant de for\u00eats g\u00e9r\u00e9es de mani\u00e8re \u00e9coresponsable. Nous \u00e9vitons la surproduction et donc des quantit\u00e9s significatives de d\u00e9chets, en produisant dans l'UE \u00e0 l'unit\u00e9 et sur demande. Nous r\u00e9duisons nos distances de transport et assurons une logistique respectueuse de l'environnement.\r\n\r\n14 pages dont 1 couverture | 12 pages mensuelles | 1 page d'index | dos cartonn\u00e9\r\n\r\nCe calendrier \u00e0 succ\u00e8s a \u00e9t\u00e9 r\u00e9\u00e9dit\u00e9 cette ann\u00e9e avec les m\u00eames images et une grille calendaire mise \u00e0 jour.\r\n\r\nIllustrations:\r\nJanvier: Bellevue - H\u00e9rault\r\nF\u00e9vrier: Pont de pierres - Loz\u00e8re\r\nMars: L'Espiguette - Camargue\r\nAvril: Baignade - Gard\r\nMai: Bambous - Gard\r\nJuin: Plage - St-Jean-de-Luz \r\nJuillet: Tournesol - Loz\u00e8re\r\nAo\u00fbt: Baies sauvages - Loz\u00e8re\r\nSeptembre: Parachutistes - Pyr\u00e9n\u00e9es Orientales\r\nOctobre: Arbre blanc - Gard\r\nNovembre: Cascade de la Vis - Gard\r\nD\u00e9cembre: Pyr\u00e9n\u00e9es Orientales\r\n\r\nQUALITATIF - un calendrier annuel de qualit\u00e9 sup\u00e9rieure avec 12 magnifiques motifs, sur papier d'impression photo, avec une reliure spirale robuste et un crochet de suspension.\r\nDURABLE - r\u00e9duction significative des d\u00e9chets gr\u00e2ce \u00e0 une fabrication sur papier certifi\u00e9 FSC \u00e0 l'unit\u00e9 et sur demande, production dans l'UE, logistique \u00e9cologique.\r\nCADEAU ID\u00c9AL - destin\u00e9 \u00e0 vos contacts priv\u00e9s ou professionnels, \u00e0 la famille ou aux amis, aux jeunes adultes ou aux moins jeunes,  pour un cadeau de No\u00ebl ou d'anniversaire ou juste pour le plaisir d'offrir.\r\nDIVERSIFI\u00c9 - de nombreux formats DIN A4 ou DIN A3, pour s'adapter \u00e0 toutes vos envies et vos cadres de vie.\r\nDestinations de pleine nature du sud de la France par l'auteur(rice): Eric Gobbo","authors":["Eric Gobbo"],"category_codes":["4000000","4010000","4010200"],"visuals":{"large":"https:\/\/images.epagine.fr\/934\/9783516533934_1_75.jpg","medium":"https:\/\/images.epagine.fr\/934\/9783516533934_1_m.jpg","thumbnail":"https:\/\/images.epagine.fr\/934\/9783516533934_1_v.jpg"},"orderable":true,"show_badge":true,"formatted_price":"0,00&nbsp;\u20ac","formatted_published_date":"14 mai 2025","publisher_availability_label":"Sur commande","short_details":"Eric Gobbo \u2014 CALVENDO","translator":null,"weight":460,"page_count":14,"readership":null,"editor":"CALVENDO","price":0,"published_date":"2025-05-13T22:00:00.000000Z","support":"Calendrier","publisher_availability":1,"stock":0,"editions":[],"url":"https:\/\/quaidesbrumes.com\/ouvrage\/9783516533934\/nature-sud-de-la-france-calendrier-mural-2026-din-a3-vertical-calvendo-calendrier-mensuel-destinations-de-pleine-nature-du-sud-de-la-france"},{"id":"9783516536010","title":"La faune de nos c\u00f4tes les oiseaux (Calendrier mural 2026 DIN A4 vertical), CALVENDO calendrier mensuel : La faune aviaire qui peuple nos littoraux","description":"A la d\u00e9couverte de la faune qui peuple nos bords de mer. Les oiseaux sont une partie importante de notre environnement. L'\u00e9tude de leur vie et leur observation sont une passion pour beaucoup d'amoureux de la nature.\r\n\r\nCalendrier mural de qualit\u00e9 sup\u00e9rieure avec 12 magnifiques photos. L'environnement nous tient \u00e0 coeur. C'est pourquoi nous utilisons exclusivement du papier certifi\u00e9 FSC provenant de for\u00eats g\u00e9r\u00e9es de mani\u00e8re \u00e9coresponsable. Nous \u00e9vitons la surproduction et donc des quantit\u00e9s significatives de d\u00e9chets, en produisant dans l'UE \u00e0 l'unit\u00e9 et sur demande. Nous r\u00e9duisons nos distances de transport et assurons une logistique respectueuse de l'environnement.\r\n\r\n14 pages dont 1 couverture | 12 pages mensuelles | 1 page d'index | dos cartonn\u00e9\r\n\r\nCe calendrier \u00e0 succ\u00e8s a \u00e9t\u00e9 r\u00e9\u00e9dit\u00e9 cette ann\u00e9e avec les m\u00eames images et une grille calendaire mise \u00e0 jour.\r\n\r\nIllustrations:\r\nJanvier: Le chevalier sylvain\r\nF\u00e9vrier: La sterne arctique\r\nMars: Le macareux moine\r\nAvril: Le fou de Bassan\r\nMai: L'\u00e9chasse blanche\r\nJuin: Le combattant vari\u00e9\r\nJuillet: L'hu\u00eetrier pie\r\nAo\u00fbt: Le flamant rose\r\nSeptembre: Le pluvier guignard\r\nOctobre: L'avocette \u00e9l\u00e9gante\r\nNovembre: Le tournepierre \u00e0 collier\r\nD\u00e9cembre: L'avocette \u00e9l\u00e9gante jeune\r\n\r\nQUALITATIF - un calendrier annuel de qualit\u00e9 sup\u00e9rieure avec 12 magnifiques motifs, sur papier d'impression photo, avec une reliure spirale robuste et un crochet de suspension.\r\nDURABLE - r\u00e9duction significative des d\u00e9chets gr\u00e2ce \u00e0 une fabrication sur papier certifi\u00e9 FSC \u00e0 l'unit\u00e9 et sur demande, production dans l'UE, logistique \u00e9cologique.\r\nCADEAU ID\u00c9AL - destin\u00e9 \u00e0 vos contacts priv\u00e9s ou professionnels, \u00e0 la famille ou aux amis, aux jeunes adultes ou aux moins jeunes,  pour un cadeau de No\u00ebl ou d'anniversaire ou juste pour le plaisir d'offrir.\r\nDIVERSIFI\u00c9 - de nombreux formats DIN A4 ou DIN A3, pour s'adapter \u00e0 toutes vos envies et vos cadres de vie.\r\nLa faune aviaire qui peuple nos littoraux par l'auteur(rice): Alain Gaymard","authors":["Alain Gaymard"],"category_codes":["4000000","4010000","4010200"],"visuals":{"large":"https:\/\/images.epagine.fr\/010\/9783516536010_1_75.jpg","medium":"https:\/\/images.epagine.fr\/010\/9783516536010_1_m.jpg","thumbnail":"https:\/\/images.epagine.fr\/010\/9783516536010_1_v.jpg"},"orderable":true,"show_badge":true,"formatted_price":"0,00&nbsp;\u20ac","formatted_published_date":"14 mai 2025","publisher_availability_label":"Sur commande","short_details":"Alain Gaymard \u2014 CALVENDO","translator":null,"weight":210,"page_count":14,"readership":null,"editor":"CALVENDO","price":0,"published_date":"2025-05-13T22:00:00.000000Z","support":"Calendrier","publisher_availability":1,"stock":0,"editions":[],"url":"https:\/\/quaidesbrumes.com\/ouvrage\/9783516536010\/la-faune-de-nos-cotes-les-oiseaux-calendrier-mural-2026-din-a4-vertical-calvendo-calendrier-mensuel-la-faune-aviaire-qui-peuple-nos-littoraux"},{"id":"9783516536850","title":"La faune de nos c\u00f4tes les oiseaux (Calendrier mural 2026 DIN A3 vertical), CALVENDO calendrier mensuel : La faune aviaire qui peuple nos littoraux","description":"A la d\u00e9couverte de la faune qui peuple nos bords de mer. Les oiseaux sont une partie importante de notre environnement. L'\u00e9tude de leur vie et leur observation sont une passion pour beaucoup d'amoureux de la nature.\r\n\r\nCalendrier mural de qualit\u00e9 sup\u00e9rieure avec 12 magnifiques photos. L'environnement nous tient \u00e0 coeur. C'est pourquoi nous utilisons exclusivement du papier certifi\u00e9 FSC provenant de for\u00eats g\u00e9r\u00e9es de mani\u00e8re \u00e9coresponsable. Nous \u00e9vitons la surproduction et donc des quantit\u00e9s significatives de d\u00e9chets, en produisant dans l'UE \u00e0 l'unit\u00e9 et sur demande. Nous r\u00e9duisons nos distances de transport et assurons une logistique respectueuse de l'environnement.\r\n\r\n14 pages dont 1 couverture | 12 pages mensuelles | 1 page d'index | dos cartonn\u00e9\r\n\r\nCe calendrier \u00e0 succ\u00e8s a \u00e9t\u00e9 r\u00e9\u00e9dit\u00e9 cette ann\u00e9e avec les m\u00eames images et une grille calendaire mise \u00e0 jour.\r\n\r\nIllustrations:\r\nJanvier: Le chevalier sylvain\r\nF\u00e9vrier: La sterne arctique\r\nMars: Le macareux moine\r\nAvril: Le fou de Bassan\r\nMai: L'\u00e9chasse blanche\r\nJuin: Le combattant vari\u00e9\r\nJuillet: L'hu\u00eetrier pie\r\nAo\u00fbt: Le flamant rose\r\nSeptembre: Le pluvier guignard\r\nOctobre: L'avocette \u00e9l\u00e9gante\r\nNovembre: Le tournepierre \u00e0 collier\r\nD\u00e9cembre: L'avocette \u00e9l\u00e9gante jeune\r\n\r\nQUALITATIF - un calendrier annuel de qualit\u00e9 sup\u00e9rieure avec 12 magnifiques motifs, sur papier d'impression photo, avec une reliure spirale robuste et un crochet de suspension.\r\nDURABLE - r\u00e9duction significative des d\u00e9chets gr\u00e2ce \u00e0 une fabrication sur papier certifi\u00e9 FSC \u00e0 l'unit\u00e9 et sur demande, production dans l'UE, logistique \u00e9cologique.\r\nCADEAU ID\u00c9AL - destin\u00e9 \u00e0 vos contacts priv\u00e9s ou professionnels, \u00e0 la famille ou aux amis, aux jeunes adultes ou aux moins jeunes,  pour un cadeau de No\u00ebl ou d'anniversaire ou juste pour le plaisir d'offrir.\r\nDIVERSIFI\u00c9 - de nombreux formats DIN A4 ou DIN A3, pour s'adapter \u00e0 toutes vos envies et vos cadres de vie.\r\nLa faune aviaire qui peuple nos littoraux par l'auteur(rice): Alain Gaymard","authors":["Alain Gaymard"],"category_codes":["4000000","4010000","4010200"],"visuals":{"large":"https:\/\/images.epagine.fr\/850\/9783516536850_1_75.jpg","medium":"https:\/\/images.epagine.fr\/850\/9783516536850_1_m.jpg","thumbnail":"https:\/\/images.epagine.fr\/850\/9783516536850_1_v.jpg"},"orderable":true,"show_badge":true,"formatted_price":"0,00&nbsp;\u20ac","formatted_published_date":"14 mai 2025","publisher_availability_label":"Sur commande","short_details":"Alain Gaymard \u2014 CALVENDO","translator":null,"weight":460,"page_count":14,"readership":null,"editor":"CALVENDO","price":0,"published_date":"2025-05-13T22:00:00.000000Z","support":"Calendrier","publisher_availability":1,"stock":0,"editions":[],"url":"https:\/\/quaidesbrumes.com\/ouvrage\/9783516536850\/la-faune-de-nos-cotes-les-oiseaux-calendrier-mural-2026-din-a3-vertical-calvendo-calendrier-mensuel-la-faune-aviaire-qui-peuple-nos-littoraux"},{"id":"9783516537208","title":"Notre nature sauvage, oiseaux aquatiques d'Europe (Calendrier mural 2026 DIN A4 horizontal), CALVENDO calendrier mensuel : Oiseaux que l'on peut d\u00e9couvrir en Europe","description":"Le long des rivi\u00e8res et du littoral marin est peupl\u00e9 de multiple esp\u00e8ces d'oiseaux. Il est int\u00e9ressant de connaitre ces animaux et de les observer. Beaucoup d'entre eux sont en danger et font partie des esp\u00e8ces prot\u00e9g\u00e9es.\r\n\r\nCalendrier mural de qualit\u00e9 sup\u00e9rieure avec 12 magnifiques photos. L'environnement nous tient \u00e0 coeur. C'est pourquoi nous utilisons exclusivement du papier certifi\u00e9 FSC provenant de for\u00eats g\u00e9r\u00e9es de mani\u00e8re \u00e9coresponsable. Nous \u00e9vitons la surproduction et donc des quantit\u00e9s significatives de d\u00e9chets, en produisant dans l'UE \u00e0 l'unit\u00e9 et sur demande. Nous r\u00e9duisons nos distances de transport et assurons une logistique respectueuse de l'environnement.\r\n\r\n14 pages dont 1 couverture | 12 pages mensuelles | 1 page d'index | dos cartonn\u00e9\r\n\r\nCe calendrier \u00e0 succ\u00e8s a \u00e9t\u00e9 r\u00e9\u00e9dit\u00e9 cette ann\u00e9e avec les m\u00eames images et une grille calendaire mise \u00e0 jour.\r\n\r\nIllustrations:\r\nJanvier: Fou de Bassans\r\nF\u00e9vrier: Martin p\u00e9cheur\r\nMars: Avocette \u00e9l\u00e9gante\r\nAvril: Flamants roses\r\nMai: Go\u00e9land marin\r\nJuin: Chevalier sylvain\r\nJuillet: Grand cormoran\r\nAo\u00fbt: Gr\u00e8be hupp\u00e9\r\nSeptembre: Macareux moine\r\nOctobre: Huitrier pie\r\nNovembre: Chevalier gambette\r\nD\u00e9cembre: Barge \u00e0 queue noire\r\n\r\nQUALITATIF - un calendrier annuel de qualit\u00e9 sup\u00e9rieure avec 12 magnifiques motifs, sur papier d'impression photo, avec une reliure spirale robuste et un crochet de suspension.\r\nDURABLE - r\u00e9duction significative des d\u00e9chets gr\u00e2ce \u00e0 une fabrication sur papier certifi\u00e9 FSC \u00e0 l'unit\u00e9 et sur demande, production dans l'UE, logistique \u00e9cologique.\r\nCADEAU ID\u00c9AL - destin\u00e9 \u00e0 vos contacts priv\u00e9s ou professionnels, \u00e0 la famille ou aux amis, aux jeunes adultes ou aux moins jeunes,  pour un cadeau de No\u00ebl ou d'anniversaire ou juste pour le plaisir d'offrir.\r\nDIVERSIFI\u00c9 - de nombreux formats DIN A4 ou DIN A3, pour s'adapter \u00e0 toutes vos envies et vos cadres de vie.\r\nOiseaux que l'on peut d\u00e9couvrir en Europe par l'auteur(rice): Alain Gaymard","authors":["\u00a9 Alain Gaymard"],"category_codes":["4000000","4010000","4010200"],"visuals":{"large":"https:\/\/images.epagine.fr\/208\/9783516537208_1_75.jpg","medium":"https:\/\/images.epagine.fr\/208\/9783516537208_1_m.jpg","thumbnail":"https:\/\/images.epagine.fr\/208\/9783516537208_1_v.jpg"},"orderable":true,"show_badge":true,"formatted_price":"0,00&nbsp;\u20ac","formatted_published_date":"14 mai 2025","publisher_availability_label":"Sur commande","short_details":"\u00a9 Alain Gaymard \u2014 CALVENDO","translator":null,"weight":210,"page_count":14,"readership":null,"editor":"CALVENDO","price":0,"published_date":"2025-05-13T22:00:00.000000Z","support":"Calendrier","publisher_availability":1,"stock":0,"editions":[],"url":"https:\/\/quaidesbrumes.com\/ouvrage\/9783516537208\/notre-nature-sauvage-oiseaux-aquatiques-deurope-calendrier-mural-2026-din-a4-horizontal-calvendo-calendrier-mensuel-oiseaux-que-lon-peut-decouvrir-en-europe"},{"id":"9783516537239","title":"La faune de nos c\u00f4tes les oiseaux (Calendrier mural 2026 DIN A2 vertical), CALVENDO calendrier mensuel : La faune aviaire qui peuple nos littoraux","description":"A la d\u00e9couverte de la faune qui peuple nos bords de mer. Les oiseaux sont une partie importante de notre environnement. L'\u00e9tude de leur vie et leur observation sont une passion pour beaucoup d'amoureux de la nature.\r\n\r\nCalendrier mural de qualit\u00e9 sup\u00e9rieure avec 12 magnifiques photos. L'environnement nous tient \u00e0 coeur. C'est pourquoi nous utilisons exclusivement du papier certifi\u00e9 FSC provenant de for\u00eats g\u00e9r\u00e9es de mani\u00e8re \u00e9coresponsable. Nous \u00e9vitons la surproduction et donc des quantit\u00e9s significatives de d\u00e9chets, en produisant dans l'UE \u00e0 l'unit\u00e9 et sur demande. Nous r\u00e9duisons nos distances de transport et assurons une logistique respectueuse de l'environnement.\r\n\r\n14 pages dont 1 couverture | 12 pages mensuelles | 1 page d'index | dos cartonn\u00e9\r\n\r\nCe calendrier \u00e0 succ\u00e8s a \u00e9t\u00e9 r\u00e9\u00e9dit\u00e9 cette ann\u00e9e avec les m\u00eames images et une grille calendaire mise \u00e0 jour.\r\n\r\nIllustrations:\r\nJanvier: Le chevalier sylvain\r\nF\u00e9vrier: La sterne arctique\r\nMars: Le macareux moine\r\nAvril: Le fou de Bassan\r\nMai: L'\u00e9chasse blanche\r\nJuin: Le combattant vari\u00e9\r\nJuillet: L'hu\u00eetrier pie\r\nAo\u00fbt: Le flamant rose\r\nSeptembre: Le pluvier guignard\r\nOctobre: L'avocette \u00e9l\u00e9gante\r\nNovembre: Le tournepierre \u00e0 collier\r\nD\u00e9cembre: L'avocette \u00e9l\u00e9gante jeune\r\n\r\nQUALITATIF - un calendrier annuel de qualit\u00e9 sup\u00e9rieure avec 12 magnifiques motifs, sur papier d'impression photo, avec une reliure spirale robuste et un crochet de suspension.\r\nDURABLE - r\u00e9duction significative des d\u00e9chets gr\u00e2ce \u00e0 une fabrication sur papier certifi\u00e9 FSC \u00e0 l'unit\u00e9 et sur demande, production dans l'UE, logistique \u00e9cologique.\r\nCADEAU ID\u00c9AL - destin\u00e9 \u00e0 vos contacts priv\u00e9s ou professionnels, \u00e0 la famille ou aux amis, aux jeunes adultes ou aux moins jeunes,  pour un cadeau de No\u00ebl ou d'anniversaire ou juste pour le plaisir d'offrir.\r\nDIVERSIFI\u00c9 - de nombreux formats DIN A4 ou DIN A3, pour s'adapter \u00e0 toutes vos envies et vos cadres de vie.\r\nLa faune aviaire qui peuple nos littoraux par l'auteur(rice): Alain Gaymard","authors":["Alain Gaymard"],"category_codes":["4000000","4010000","4010200"],"visuals":{"large":"https:\/\/images.epagine.fr\/239\/9783516537239_1_75.jpg","medium":"https:\/\/images.epagine.fr\/239\/9783516537239_1_m.jpg","thumbnail":"https:\/\/images.epagine.fr\/239\/9783516537239_1_v.jpg"},"orderable":true,"show_badge":true,"formatted_price":"0,00&nbsp;\u20ac","formatted_published_date":"14 mai 2025","publisher_availability_label":"Sur commande","short_details":"Alain Gaymard \u2014 CALVENDO","translator":null,"weight":940,"page_count":14,"readership":null,"editor":"CALVENDO","price":0,"published_date":"2025-05-13T22:00:00.000000Z","support":"Calendrier","publisher_availability":1,"stock":0,"editions":[],"url":"https:\/\/quaidesbrumes.com\/ouvrage\/9783516537239\/la-faune-de-nos-cotes-les-oiseaux-calendrier-mural-2026-din-a2-vertical-calvendo-calendrier-mensuel-la-faune-aviaire-qui-peuple-nos-littoraux"},{"id":"9783516537666","title":"La faune de nos c\u00f4tes les oiseaux  (Calendrier mural 2026 DIN A2 vertical) calendrier de bureau : La faune aviaire qui peuple nos littoraux","description":"A la d\u00e9couverte de la faune qui peuple nos bords de mer. Les oiseaux sont une partie importante de notre environnement. L'\u00e9tude de leur vie et leur observation sont une passion pour beaucoup d'amoureux de la nature.\r\n\r\nImpression d'art premium en haute brillance de qualit\u00e9 mus\u00e9e. Pour que les feuilles de papier soient bien accroch\u00e9es au mur, ce calendrier haut de gamme est dot\u00e9 de pochettes innovantes. Elles prot\u00e8gent les grandes feuilles des effets de l'humidit\u00e9 de l'air. Le papier est un mat\u00e9riau naturel. Les fibres r\u00e9agissent aux variations du climat ambiant. Il est donc conseill\u00e9 de ne pas retirer les pochettes d'insertion.\r\n\r\nNotre environnement nous tient \u00e0 coeur, c'est pourquoi nous misons sur une fabrication individuelle en Allemagne (Made in Germany) avec des mat\u00e9riaux de qualit\u00e9 sup\u00e9rieure.\r\n\r\n14 pages dont 1 couverture | 12 pages mensuelles | 1 page d'index I dos cartonn\u00e9.\r\n\r\n\r\nCe calendrier \u00e0 succ\u00e8s a \u00e9t\u00e9 r\u00e9\u00e9dit\u00e9 cette ann\u00e9e avec les m\u00eames images et une grille calendaire mise \u00e0 jour.\r\n\r\nIllustrations:\r\nJanvier: Le chevalier sylvain\r\nF\u00e9vrier: La sterne arctique\r\nMars: Le macareux moine\r\nAvril: Le fou de Bassan\r\nMai: L'\u00e9chasse blanche\r\nJuin: Le combattant vari\u00e9\r\nJuillet: L'hu\u00eetrier pie\r\nAo\u00fbt: Le flamant rose\r\nSeptembre: Le pluvier guignard\r\nOctobre: L'avocette \u00e9l\u00e9gante\r\nNovembre: Le tournepierre \u00e0 collier\r\nD\u00e9cembre: L'avocette \u00e9l\u00e9gante jeune\r\n\r\nLIGNE PREMIUM - Calendrier photo brillant avec 12 magnifiques motifs, impression d'art en haute brillance de qualit\u00e9 mus\u00e9e\r\nQUALIT\u00c9 - mat\u00e9riaux nobles, dos solide avec 2 pochettes innovantes pour une pr\u00e9sentation optimale au mur\r\nDURABLE - nette r\u00e9duction des d\u00e9chets gr\u00e2ce \u00e0 une fabrication \u00e0 l'unit\u00e9 adapt\u00e9e aux besoins, papier certifi\u00e9 FSC respectueux de l'environnement, production en Allemagne, logistique respectueuse du climat.\r\nCADEAU PARFAIT - calendrier pour les amis et la famille, pour les enfants et les adultes, les jeunes et les moins jeunes, pour No\u00ebl, les anniversaires ou entre deux.\r\nLa faune aviaire qui peuple nos littoraux par l'auteur(rice): Alain Gaymard","authors":["Alain Gaymard"],"category_codes":["4000000","4010000","4010200"],"visuals":{"large":"https:\/\/images.epagine.fr\/666\/9783516537666_1_75.jpg","medium":"https:\/\/images.epagine.fr\/666\/9783516537666_1_m.jpg","thumbnail":"https:\/\/images.epagine.fr\/666\/9783516537666_1_v.jpg"},"orderable":true,"show_badge":true,"formatted_price":"0,00&nbsp;\u20ac","formatted_published_date":"14 mai 2025","publisher_availability_label":"Sur commande","short_details":"Alain Gaymard \u2014 CALVENDO","translator":null,"weight":1280,"page_count":14,"readership":null,"editor":"CALVENDO","price":0,"published_date":"2025-05-13T22:00:00.000000Z","support":"Calendrier","publisher_availability":1,"stock":0,"editions":[],"url":"https:\/\/quaidesbrumes.com\/ouvrage\/9783516537666\/la-faune-de-nos-cotes-les-oiseaux-calendrier-mural-2026-din-a2-vertical-calendrier-de-bureau-la-faune-aviaire-qui-peuple-nos-littoraux"},{"id":"9783516537970","title":"Notre nature sauvage, oiseaux aquatiques d'Europe (Calendrier mural 2026 DIN A3 horizontal), CALVENDO calendrier mensuel : Oiseaux que l'on peut d\u00e9couvrir en Europe","description":"Le long des rivi\u00e8res et du littoral marin est peupl\u00e9 de multiple esp\u00e8ces d'oiseaux. Il est int\u00e9ressant de connaitre ces animaux et de les observer. Beaucoup d'entre eux sont en danger et font partie des esp\u00e8ces prot\u00e9g\u00e9es.\r\n\r\nCalendrier mural de qualit\u00e9 sup\u00e9rieure avec 12 magnifiques photos. L'environnement nous tient \u00e0 coeur. C'est pourquoi nous utilisons exclusivement du papier certifi\u00e9 FSC provenant de for\u00eats g\u00e9r\u00e9es de mani\u00e8re \u00e9coresponsable. Nous \u00e9vitons la surproduction et donc des quantit\u00e9s significatives de d\u00e9chets, en produisant dans l'UE \u00e0 l'unit\u00e9 et sur demande. Nous r\u00e9duisons nos distances de transport et assurons une logistique respectueuse de l'environnement.\r\n\r\n14 pages dont 1 couverture | 12 pages mensuelles | 1 page d'index | dos cartonn\u00e9\r\n\r\nCe calendrier \u00e0 succ\u00e8s a \u00e9t\u00e9 r\u00e9\u00e9dit\u00e9 cette ann\u00e9e avec les m\u00eames images et une grille calendaire mise \u00e0 jour.\r\n\r\nIllustrations:\r\nJanvier: Fou de Bassans\r\nF\u00e9vrier: Martin p\u00e9cheur\r\nMars: Avocette \u00e9l\u00e9gante\r\nAvril: Flamants roses\r\nMai: Go\u00e9land marin\r\nJuin: Chevalier sylvain\r\nJuillet: Grand cormoran\r\nAo\u00fbt: Gr\u00e8be hupp\u00e9\r\nSeptembre: Macareux moine\r\nOctobre: Huitrier pie\r\nNovembre: Chevalier gambette\r\nD\u00e9cembre: Barge \u00e0 queue noire\r\n\r\nQUALITATIF - un calendrier annuel de qualit\u00e9 sup\u00e9rieure avec 12 magnifiques motifs, sur papier d'impression photo, avec une reliure spirale robuste et un crochet de suspension.\r\nDURABLE - r\u00e9duction significative des d\u00e9chets gr\u00e2ce \u00e0 une fabrication sur papier certifi\u00e9 FSC \u00e0 l'unit\u00e9 et sur demande, production dans l'UE, logistique \u00e9cologique.\r\nCADEAU ID\u00c9AL - destin\u00e9 \u00e0 vos contacts priv\u00e9s ou professionnels, \u00e0 la famille ou aux amis, aux jeunes adultes ou aux moins jeunes,  pour un cadeau de No\u00ebl ou d'anniversaire ou juste pour le plaisir d'offrir.\r\nDIVERSIFI\u00c9 - de nombreux formats DIN A4 ou DIN A3, pour s'adapter \u00e0 toutes vos envies et vos cadres de vie.\r\nOiseaux que l'on peut d\u00e9couvrir en Europe par l'auteur(rice): Alain Gaymard","authors":["\u00a9 Alain Gaymard"],"category_codes":["4000000","4010000","4010200"],"visuals":{"large":"https:\/\/images.epagine.fr\/970\/9783516537970_1_75.jpg","medium":"https:\/\/images.epagine.fr\/970\/9783516537970_1_m.jpg","thumbnail":"https:\/\/images.epagine.fr\/970\/9783516537970_1_v.jpg"},"orderable":true,"show_badge":true,"formatted_price":"0,00&nbsp;\u20ac","formatted_published_date":"14 mai 2025","publisher_availability_label":"Sur commande","short_details":"\u00a9 Alain Gaymard \u2014 CALVENDO","translator":null,"weight":450,"page_count":14,"readership":null,"editor":"CALVENDO","price":0,"published_date":"2025-05-13T22:00:00.000000Z","support":"Calendrier","publisher_availability":1,"stock":0,"editions":[],"url":"https:\/\/quaidesbrumes.com\/ouvrage\/9783516537970\/notre-nature-sauvage-oiseaux-aquatiques-deurope-calendrier-mural-2026-din-a3-horizontal-calvendo-calendrier-mensuel-oiseaux-que-lon-peut-decouvrir-en-europe"},{"id":"9783457292877","title":"La mer sous le ciel (Calendrier mural 2026 DIN A4 vertical), CALVENDO calendrier mensuel : L'immensit\u00e9 du ciel et l'immensit\u00e9 de la mer se rencontrent autour de la ligne d'horizon, ligne de d\u00e9part pour toutes les \u00e9vasions.","description":"Quelque soit la saison, le jour ou l'heure, la lumi\u00e8re du littoral offre des d\u00e9cors saisissants dont on ne se lasse pas. \r\n\r\nPour peu que le soleil ou la lune soit de la partie, avec ou sans nuages, par gros temps ou calme plat, le paysage se transforme toujours en spectacle. \r\n\r\nL'immensit\u00e9 du ciel et l'immensit\u00e9 de la mer se rencontrent autour de la ligne d'horizon, ligne de d\u00e9part pour toutes les \u00e9vasions.\r\n\r\nCalendrier mural de qualit\u00e9 sup\u00e9rieure avec 12 magnifiques photos. L'environnement nous tient \u00e0 coeur. C'est pourquoi nous utilisons exclusivement du papier certifi\u00e9 FSC provenant de for\u00eats g\u00e9r\u00e9es de mani\u00e8re \u00e9coresponsable. Nous \u00e9vitons la surproduction et donc des quantit\u00e9s significatives de d\u00e9chets, en produisant dans l'UE \u00e0 l'unit\u00e9 et sur demande. Nous r\u00e9duisons nos distances de transport et assurons une logistique respectueuse de l'environnement.\r\n\r\n14 pages dont 1 couverture | 12 pages mensuelles | 1 page d'index | dos cartonn\u00e9\r\n\r\nIllustrations:\r\nJanvier: La mer d\u00e9mont\u00e9e\r\nF\u00e9vrier: Frange\r\nMars: Nu\u00e9e\r\nAvril: Train de nuages\r\nMai: Banc de sable\r\nJuin: Mar\u00e9e montante\r\nJuillet: Scintillement\r\nAo\u00fbt: Derniers rayons\r\nSeptembre: Pleine lune\r\nOctobre: Mer de nuages\r\nNovembre: Embrasement\r\nD\u00e9cembre: L'oc\u00e9an blanc\r\n\r\nQUALITATIF - un calendrier annuel de qualit\u00e9 sup\u00e9rieure avec 12 magnifiques motifs, sur papier d'impression photo, avec une reliure spirale robuste et un crochet de suspension.\r\nDURABLE - r\u00e9duction significative des d\u00e9chets gr\u00e2ce \u00e0 une fabrication sur papier certifi\u00e9 FSC \u00e0 l'unit\u00e9 et sur demande, production dans l'UE, logistique \u00e9cologique.\r\nCADEAU ID\u00c9AL - destin\u00e9 \u00e0 vos contacts priv\u00e9s ou professionnels, \u00e0 la famille ou aux amis, aux jeunes adultes ou aux moins jeunes,  pour un cadeau de No\u00ebl ou d'anniversaire ou juste pour le plaisir d'offrir.\r\nDIVERSIFI\u00c9 - de nombreux formats DIN A4 ou DIN A3, pour s'adapter \u00e0 toutes vos envies et vos cadres de vie.\r\nL'immensit\u00e9 du ciel et l'immensit\u00e9 de la mer se rencontrent autour de la ligne d'horizon, ligne de d\u00e9part pour toutes les \u00e9vasions. par l'auteur(rice): Jacques LO\u00cfC","authors":["Jacques Lo\u00efc"],"category_codes":["4000000","4010000","4010200"],"visuals":{"large":"https:\/\/images.epagine.fr\/877\/9783457292877_1_75.jpg","medium":"https:\/\/images.epagine.fr\/877\/9783457292877_1_m.jpg","thumbnail":"https:\/\/images.epagine.fr\/877\/9783457292877_1_v.jpg"},"orderable":true,"show_badge":true,"formatted_price":"0,00&nbsp;\u20ac","formatted_published_date":"15 mars 2025","publisher_availability_label":"Sur commande","short_details":"Jacques Lo\u00efc \u2014 CALVENDO","translator":null,"weight":210,"page_count":14,"readership":null,"editor":"CALVENDO","price":0,"published_date":"2025-03-14T23:00:00.000000Z","support":"Calendrier","publisher_availability":1,"stock":0,"editions":[],"url":"https:\/\/quaidesbrumes.com\/ouvrage\/9783457292877\/la-mer-sous-le-ciel-calendrier-mural-2026-din-a4-vertical-calvendo-calendrier-mensuel-limmensite-du-ciel-et-limmensite-de-la-mer-se-rencontrent-autour-de-la-ligne-dhorizon-ligne-de-depart-pour-toutes-les-evasions"},{"id":"9783457293195","title":"La mer sous le ciel (Calendrier mural 2026 DIN A3 vertical), CALVENDO calendrier mensuel : L'immensit\u00e9 du ciel et l'immensit\u00e9 de la mer se rencontrent autour de la ligne d'horizon, ligne de d\u00e9part pour toutes les \u00e9vasions.","description":"Quelque soit la saison, le jour ou l'heure, la lumi\u00e8re du littoral offre des d\u00e9cors saisissants dont on ne se lasse pas. \r\n\r\nPour peu que le soleil ou la lune soit de la partie, avec ou sans nuages, par gros temps ou calme plat, le paysage se transforme toujours en spectacle. \r\n\r\nL'immensit\u00e9 du ciel et l'immensit\u00e9 de la mer se rencontrent autour de la ligne d'horizon, ligne de d\u00e9part pour toutes les \u00e9vasions.\r\n\r\nCalendrier mural de qualit\u00e9 sup\u00e9rieure avec 12 magnifiques photos. L'environnement nous tient \u00e0 coeur. C'est pourquoi nous utilisons exclusivement du papier certifi\u00e9 FSC provenant de for\u00eats g\u00e9r\u00e9es de mani\u00e8re \u00e9coresponsable. Nous \u00e9vitons la surproduction et donc des quantit\u00e9s significatives de d\u00e9chets, en produisant dans l'UE \u00e0 l'unit\u00e9 et sur demande. Nous r\u00e9duisons nos distances de transport et assurons une logistique respectueuse de l'environnement.\r\n\r\n14 pages dont 1 couverture | 12 pages mensuelles | 1 page d'index | dos cartonn\u00e9\r\n\r\nIllustrations:\r\nJanvier: La mer d\u00e9mont\u00e9e\r\nF\u00e9vrier: Frange\r\nMars: Nu\u00e9e\r\nAvril: Train de nuages\r\nMai: Banc de sable\r\nJuin: Mar\u00e9e montante\r\nJuillet: Scintillement\r\nAo\u00fbt: Derniers rayons\r\nSeptembre: Pleine lune\r\nOctobre: Mer de nuages\r\nNovembre: Embrasement\r\nD\u00e9cembre: L'oc\u00e9an blanc\r\n\r\nQUALITATIF - un calendrier annuel de qualit\u00e9 sup\u00e9rieure avec 12 magnifiques motifs, sur papier d'impression photo, avec une reliure spirale robuste et un crochet de suspension.\r\nDURABLE - r\u00e9duction significative des d\u00e9chets gr\u00e2ce \u00e0 une fabrication sur papier certifi\u00e9 FSC \u00e0 l'unit\u00e9 et sur demande, production dans l'UE, logistique \u00e9cologique.\r\nCADEAU ID\u00c9AL - destin\u00e9 \u00e0 vos contacts priv\u00e9s ou professionnels, \u00e0 la famille ou aux amis, aux jeunes adultes ou aux moins jeunes,  pour un cadeau de No\u00ebl ou d'anniversaire ou juste pour le plaisir d'offrir.\r\nDIVERSIFI\u00c9 - de nombreux formats DIN A4 ou DIN A3, pour s'adapter \u00e0 toutes vos envies et vos cadres de vie.\r\nL'immensit\u00e9 du ciel et l'immensit\u00e9 de la mer se rencontrent autour de la ligne d'horizon, ligne de d\u00e9part pour toutes les \u00e9vasions. par l'auteur(rice): Jacques LO\u00cfC","authors":["Jacques Lo\u00efc"],"category_codes":["4000000","4010000","4010200"],"visuals":{"large":"https:\/\/images.epagine.fr\/195\/9783457293195_1_75.jpg","medium":"https:\/\/images.epagine.fr\/195\/9783457293195_1_m.jpg","thumbnail":"https:\/\/images.epagine.fr\/195\/9783457293195_1_v.jpg"},"orderable":true,"show_badge":true,"formatted_price":"0,00&nbsp;\u20ac","formatted_published_date":"15 mars 2025","publisher_availability_label":"Sur commande","short_details":"Jacques Lo\u00efc \u2014 CALVENDO","translator":null,"weight":460,"page_count":14,"readership":null,"editor":"CALVENDO","price":0,"published_date":"2025-03-14T23:00:00.000000Z","support":"Calendrier","publisher_availability":1,"stock":0,"editions":[],"url":"https:\/\/quaidesbrumes.com\/ouvrage\/9783457293195\/la-mer-sous-le-ciel-calendrier-mural-2026-din-a3-vertical-calvendo-calendrier-mensuel-limmensite-du-ciel-et-limmensite-de-la-mer-se-rencontrent-autour-de-la-ligne-dhorizon-ligne-de-depart-pour-toutes-les-evasions"},{"id":"9783457293430","title":"La mer sous le ciel (Calendrier mural 2026 DIN A2 vertical), CALVENDO calendrier mensuel : L'immensit\u00e9 du ciel et l'immensit\u00e9 de la mer se rencontrent autour de la ligne d'horizon, ligne de d\u00e9part pour toutes les \u00e9vasions.","description":"Quelque soit la saison, le jour ou l'heure, la lumi\u00e8re du littoral offre des d\u00e9cors saisissants dont on ne se lasse pas. \r\n\r\nPour peu que le soleil ou la lune soit de la partie, avec ou sans nuages, par gros temps ou calme plat, le paysage se transforme toujours en spectacle. \r\n\r\nL'immensit\u00e9 du ciel et l'immensit\u00e9 de la mer se rencontrent autour de la ligne d'horizon, ligne de d\u00e9part pour toutes les \u00e9vasions.\r\n\r\nCalendrier mural de qualit\u00e9 sup\u00e9rieure avec 12 magnifiques photos. L'environnement nous tient \u00e0 coeur. C'est pourquoi nous utilisons exclusivement du papier certifi\u00e9 FSC provenant de for\u00eats g\u00e9r\u00e9es de mani\u00e8re \u00e9coresponsable. Nous \u00e9vitons la surproduction et donc des quantit\u00e9s significatives de d\u00e9chets, en produisant dans l'UE \u00e0 l'unit\u00e9 et sur demande. Nous r\u00e9duisons nos distances de transport et assurons une logistique respectueuse de l'environnement.\r\n\r\n14 pages dont 1 couverture | 12 pages mensuelles | 1 page d'index | dos cartonn\u00e9\r\n\r\nIllustrations:\r\nJanvier: La mer d\u00e9mont\u00e9e\r\nF\u00e9vrier: Frange\r\nMars: Nu\u00e9e\r\nAvril: Train de nuages\r\nMai: Banc de sable\r\nJuin: Mar\u00e9e montante\r\nJuillet: Scintillement\r\nAo\u00fbt: Derniers rayons\r\nSeptembre: Pleine lune\r\nOctobre: Mer de nuages\r\nNovembre: Embrasement\r\nD\u00e9cembre: L'oc\u00e9an blanc\r\n\r\nQUALITATIF - un calendrier annuel de qualit\u00e9 sup\u00e9rieure avec 12 magnifiques motifs, sur papier d'impression photo, avec une reliure spirale robuste et un crochet de suspension.\r\nDURABLE - r\u00e9duction significative des d\u00e9chets gr\u00e2ce \u00e0 une fabrication sur papier certifi\u00e9 FSC \u00e0 l'unit\u00e9 et sur demande, production dans l'UE, logistique \u00e9cologique.\r\nCADEAU ID\u00c9AL - destin\u00e9 \u00e0 vos contacts priv\u00e9s ou professionnels, \u00e0 la famille ou aux amis, aux jeunes adultes ou aux moins jeunes,  pour un cadeau de No\u00ebl ou d'anniversaire ou juste pour le plaisir d'offrir.\r\nDIVERSIFI\u00c9 - de nombreux formats DIN A4 ou DIN A3, pour s'adapter \u00e0 toutes vos envies et vos cadres de vie.\r\nL'immensit\u00e9 du ciel et l'immensit\u00e9 de la mer se rencontrent autour de la ligne d'horizon, ligne de d\u00e9part pour toutes les \u00e9vasions. par l'auteur(rice): Jacques LO\u00cfC","authors":["Jacques Lo\u00efc"],"category_codes":["4000000","4010000","4010200"],"visuals":{"large":"https:\/\/images.epagine.fr\/430\/9783457293430_1_75.jpg","medium":"https:\/\/images.epagine.fr\/430\/9783457293430_1_m.jpg","thumbnail":"https:\/\/images.epagine.fr\/430\/9783457293430_1_v.jpg"},"orderable":true,"show_badge":true,"formatted_price":"0,00&nbsp;\u20ac","formatted_published_date":"15 mars 2025","publisher_availability_label":"Sur commande","short_details":"Jacques Lo\u00efc \u2014 CALVENDO","translator":null,"weight":940,"page_count":14,"readership":null,"editor":"CALVENDO","price":0,"published_date":"2025-03-14T23:00:00.000000Z","support":"Calendrier","publisher_availability":1,"stock":0,"editions":[],"url":"https:\/\/quaidesbrumes.com\/ouvrage\/9783457293430\/la-mer-sous-le-ciel-calendrier-mural-2026-din-a2-vertical-calvendo-calendrier-mensuel-limmensite-du-ciel-et-limmensite-de-la-mer-se-rencontrent-autour-de-la-ligne-dhorizon-ligne-de-depart-pour-toutes-les-evasions"},{"id":"9783457293638","title":"La mer sous le ciel (Calendrier de bureau 2026 DIN A5 vertical), CALVENDO calendrier mensuel : L'immensit\u00e9 du ciel et l'immensit\u00e9 de la mer se rencontrent autour de la ligne d'horizon, ligne de d\u00e9part pour toutes les \u00e9vasions.","description":"Quelque soit la saison, le jour ou l'heure, la lumi\u00e8re du littoral offre des d\u00e9cors saisissants dont on ne se lasse pas. \r\n\r\nPour peu que le soleil ou la lune soit de la partie, avec ou sans nuages, par gros temps ou calme plat, le paysage se transforme toujours en spectacle. \r\n\r\nL'immensit\u00e9 du ciel et l'immensit\u00e9 de la mer se rencontrent autour de la ligne d'horizon, ligne de d\u00e9part pour toutes les \u00e9vasions.\r\n\r\nCalendrier de bureau de qualit\u00e9 sup\u00e9rieure avec 12 magnifiques photos. L'environnement nous tient \u00e0 coeur. C'est pourquoi nous utilisons exclusivement du papier certifi\u00e9 FSC provenant de for\u00eats g\u00e9r\u00e9es de mani\u00e8re \u00e9coresponsable. Nous \u00e9vitons la surproduction et donc des quantit\u00e9s significatives de d\u00e9chets, en produisant dans l'UE \u00e0 l'unit\u00e9 et sur demande. Nous r\u00e9duisons nos distances de transport et assurons une logistique respectueuse de l'environnement.\r\n\r\n14 pages dont 1 couverture | 12 pages mensuelles | 1 page d'index I dos cartonn\u00e9.\r\n\r\nIllustrations:\r\nJanvier: La mer d\u00e9mont\u00e9e\r\nF\u00e9vrier: Frange\r\nMars: Nu\u00e9e\r\nAvril: Train de nuages\r\nMai: Banc de sable\r\nJuin: Mar\u00e9e montante\r\nJuillet: Scintillement\r\nAo\u00fbt: Derniers rayons\r\nSeptembre: Pleine lune\r\nOctobre: Mer de nuages\r\nNovembre: Embrasement\r\nD\u00e9cembre: L'oc\u00e9an blanc\r\n\r\nQUALITATIF - un calendrier annuel de qualit\u00e9 sup\u00e9rieure avec 12 magnifiques motifs, sur papier d'impression photo, avec une reliure spirale robuste.\r\nDURABLE - r\u00e9duction significative des d\u00e9chets gr\u00e2ce \u00e0 une fabrication sur papier certifi\u00e9 FSC \u00e0 l'unit\u00e9 et sur demande, production dans l'UE, logistique \u00e9cologique.\r\nCADEAU ID\u00c9AL - destin\u00e9 \u00e0 vos contacts priv\u00e9s ou professionnels, \u00e0 la famille ou aux amis, aux jeunes adultes ou aux moins jeunes,  pour un cadeau de No\u00ebl ou d'anniversaire ou juste pour le plaisir d'offrir.\r\nDIVERSIFI\u00c9 - de nombreux formats DIN A4 ou DIN A3, pour s'adapter \u00e0 toutes vos envies et vos cadres de vie.\r\nL'immensit\u00e9 du ciel et l'immensit\u00e9 de la mer se rencontrent autour de la ligne d'horizon, ligne de d\u00e9part pour toutes les \u00e9vasions. par l'auteur(rice): Jacques LO\u00cfC","authors":["Jacques Lo\u00efc"],"category_codes":["4000000","4010000","4010200"],"visuals":{"large":"https:\/\/images.epagine.fr\/638\/9783457293638_1_75.jpg","medium":"https:\/\/images.epagine.fr\/638\/9783457293638_1_m.jpg","thumbnail":"https:\/\/images.epagine.fr\/638\/9783457293638_1_v.jpg"},"orderable":true,"show_badge":true,"formatted_price":"0,00&nbsp;\u20ac","formatted_published_date":"15 mars 2025","publisher_availability_label":"Sur commande","short_details":"Jacques Lo\u00efc \u2014 CALVENDO","translator":null,"weight":165,"page_count":14,"readership":null,"editor":"CALVENDO","price":0,"published_date":"2025-03-14T23:00:00.000000Z","support":"Calendrier","publisher_availability":1,"stock":0,"editions":[],"url":"https:\/\/quaidesbrumes.com\/ouvrage\/9783457293638\/la-mer-sous-le-ciel-calendrier-de-bureau-2026-din-a5-vertical-calvendo-calendrier-mensuel-limmensite-du-ciel-et-limmensite-de-la-mer-se-rencontrent-autour-de-la-ligne-dhorizon-ligne-de-depart-pour-toutes-les-evasions"},{"id":"9783457293751","title":"La mer sous le ciel  (Calendrier mural 2026 DIN A2 vertical) calendrier de bureau : L'immensit\u00e9 du ciel et l'immensit\u00e9 de la mer se rencontrent autour de la ligne d'horizon, ligne de d\u00e9part pour toutes les \u00e9vasions.","description":"Quelque soit la saison, le jour ou l'heure, la lumi\u00e8re du littoral offre des d\u00e9cors saisissants dont on ne se lasse pas. \r\n\r\nPour peu que le soleil ou la lune soit de la partie, avec ou sans nuages, par gros temps ou calme plat, le paysage se transforme toujours en spectacle. \r\n\r\nL'immensit\u00e9 du ciel et l'immensit\u00e9 de la mer se rencontrent autour de la ligne d'horizon, ligne de d\u00e9part pour toutes les \u00e9vasions.\r\n\r\nImpression d'art premium en haute brillance de qualit\u00e9 mus\u00e9e. Pour que les feuilles de papier soient bien accroch\u00e9es au mur, ce calendrier haut de gamme est dot\u00e9 de pochettes innovantes. Elles prot\u00e8gent les grandes feuilles des effets de l'humidit\u00e9 de l'air. Le papier est un mat\u00e9riau naturel. Les fibres r\u00e9agissent aux variations du climat ambiant. Il est donc conseill\u00e9 de ne pas retirer les pochettes d'insertion.\r\n\r\nNotre environnement nous tient \u00e0 coeur, c'est pourquoi nous misons sur une fabrication individuelle en Allemagne (Made in Germany) avec des mat\u00e9riaux de qualit\u00e9 sup\u00e9rieure.\r\n\r\n14 pages dont 1 couverture | 12 pages mensuelles | 1 page d'index I dos cartonn\u00e9.\r\n\r\n\r\nIllustrations:\r\nJanvier: La mer d\u00e9mont\u00e9e\r\nF\u00e9vrier: Frange\r\nMars: Nu\u00e9e\r\nAvril: Train de nuages\r\nMai: Banc de sable\r\nJuin: Mar\u00e9e montante\r\nJuillet: Scintillement\r\nAo\u00fbt: Derniers rayons\r\nSeptembre: Pleine lune\r\nOctobre: Mer de nuages\r\nNovembre: Embrasement\r\nD\u00e9cembre: L'oc\u00e9an blanc\r\n\r\nLIGNE PREMIUM - Calendrier photo brillant avec 12 magnifiques motifs, impression d'art en haute brillance de qualit\u00e9 mus\u00e9e\r\nQUALIT\u00c9 - mat\u00e9riaux nobles, dos solide avec 2 pochettes innovantes pour une pr\u00e9sentation optimale au mur\r\nDURABLE - nette r\u00e9duction des d\u00e9chets gr\u00e2ce \u00e0 une fabrication \u00e0 l'unit\u00e9 adapt\u00e9e aux besoins, papier certifi\u00e9 FSC respectueux de l'environnement, production en Allemagne, logistique respectueuse du climat.\r\nCADEAU PARFAIT - calendrier pour les amis et la famille, pour les enfants et les adultes, les jeunes et les moins jeunes, pour No\u00ebl, les anniversaires ou entre deux.\r\nL'immensit\u00e9 du ciel et l'immensit\u00e9 de la mer se rencontrent autour de la ligne d'horizon, ligne de d\u00e9part pour toutes les \u00e9vasions. par l'auteur(rice): Jacques LO\u00cfC","authors":["Jacques Lo\u00efc"],"category_codes":["4000000","4010000","4010200"],"visuals":{"large":"https:\/\/images.epagine.fr\/751\/9783457293751_1_75.jpg","medium":"https:\/\/images.epagine.fr\/751\/9783457293751_1_m.jpg","thumbnail":"https:\/\/images.epagine.fr\/751\/9783457293751_1_v.jpg"},"orderable":true,"show_badge":true,"formatted_price":"0,00&nbsp;\u20ac","formatted_published_date":"15 mars 2025","publisher_availability_label":"Sur commande","short_details":"Jacques Lo\u00efc \u2014 CALVENDO","translator":null,"weight":1280,"page_count":14,"readership":null,"editor":"CALVENDO","price":0,"published_date":"2025-03-14T23:00:00.000000Z","support":"Calendrier","publisher_availability":1,"stock":0,"editions":[],"url":"https:\/\/quaidesbrumes.com\/ouvrage\/9783457293751\/la-mer-sous-le-ciel-calendrier-mural-2026-din-a2-vertical-calendrier-de-bureau-limmensite-du-ciel-et-limmensite-de-la-mer-se-rencontrent-autour-de-la-ligne-dhorizon-ligne-de-depart-pour-toutes-les-evasions"},{"id":"9783457296660","title":"Paysages marins Une plong\u00e9e fantastique (Calendrier mural 2026 DIN A4 vertical), CALVENDO calendrier mensuel : D\u00e9couverte des fantastiques fonds marins","description":"Une s\u00e9rie de photos sous marines qui capturent la beaut\u00e9 et la diversit\u00e9 de la vie marine. Elle montre un r\u00e9cif corallien vibrant, avec des coraux aux teintes \u00e9clatantes de rose, bleu et jaune. Des poissons tropicaux nagent autour, ajoutant des touches de couleur vive \u00e0 l'image. Images r\u00e9alis\u00e9es avec IA\r\n\r\nCalendrier mural de qualit\u00e9 sup\u00e9rieure avec 12 magnifiques photos. L'environnement nous tient \u00e0 coeur. C'est pourquoi nous utilisons exclusivement du papier certifi\u00e9 FSC provenant de for\u00eats g\u00e9r\u00e9es de mani\u00e8re \u00e9coresponsable. Nous \u00e9vitons la surproduction et donc des quantit\u00e9s significatives de d\u00e9chets, en produisant dans l'UE \u00e0 l'unit\u00e9 et sur demande. Nous r\u00e9duisons nos distances de transport et assurons une logistique respectueuse de l'environnement.\r\n\r\n14 pages dont 1 couverture | 12 pages mensuelles | 1 page d'index | dos cartonn\u00e9\r\n\r\nIllustrations:\r\nJanvier: Paysage sous marin\r\nF\u00e9vrier: Sous les rochers\r\nMars: Rayons du soleil\r\nAvril: Avec la sir\u00e8ne\r\nMai: Les \u00e9paves\r\nJuin: La pieuvre\r\nJuillet: Ruines dans le corail\r\nAo\u00fbt: Les grottes sous marines\r\nSeptembre: Le plein de couleurs\r\nOctobre: Rochers fantastiques\r\nNovembre: Les fonds myst\u00e9rieux\r\nD\u00e9cembre: Parmi les ruines\r\n\r\nQUALITATIF - un calendrier annuel de qualit\u00e9 sup\u00e9rieure avec 12 magnifiques motifs, sur papier d'impression photo, avec une reliure spirale robuste et un crochet de suspension.\r\nDURABLE - r\u00e9duction significative des d\u00e9chets gr\u00e2ce \u00e0 une fabrication sur papier certifi\u00e9 FSC \u00e0 l'unit\u00e9 et sur demande, production dans l'UE, logistique \u00e9cologique.\r\nCADEAU ID\u00c9AL - destin\u00e9 \u00e0 vos contacts priv\u00e9s ou professionnels, \u00e0 la famille ou aux amis, aux jeunes adultes ou aux moins jeunes,  pour un cadeau de No\u00ebl ou d'anniversaire ou juste pour le plaisir d'offrir.\r\nDIVERSIFI\u00c9 - de nombreux formats DIN A4 ou DIN A3, pour s'adapter \u00e0 toutes vos envies et vos cadres de vie.\r\nD\u00e9couverte des fantastiques fonds marins par l'auteur(rice): Alain Gaymard","authors":["Alain Gaymard"],"category_codes":["4000000","4010000","4010200"],"visuals":{"large":"https:\/\/images.epagine.fr\/660\/9783457296660_1_75.jpg","medium":"https:\/\/images.epagine.fr\/660\/9783457296660_1_m.jpg","thumbnail":"https:\/\/images.epagine.fr\/660\/9783457296660_1_v.jpg"},"orderable":true,"show_badge":true,"formatted_price":"0,00&nbsp;\u20ac","formatted_published_date":"6 mars 2025","publisher_availability_label":"Sur commande","short_details":"Alain Gaymard \u2014 CALVENDO","translator":null,"weight":210,"page_count":14,"readership":null,"editor":"CALVENDO","price":0,"published_date":"2025-03-05T23:00:00.000000Z","support":"Calendrier","publisher_availability":1,"stock":0,"editions":[],"url":"https:\/\/quaidesbrumes.com\/ouvrage\/9783457296660\/paysages-marins-une-plongee-fantastique-calendrier-mural-2026-din-a4-vertical-calvendo-calendrier-mensuel-decouverte-des-fantastiques-fonds-marins"},{"id":"9783457296684","title":"Paysages marins Une plong\u00e9e fantastique (Calendrier mural 2026 DIN A3 vertical), CALVENDO calendrier mensuel : D\u00e9couverte des fantastiques fonds marins","description":"Une s\u00e9rie de photos sous marines qui capturent la beaut\u00e9 et la diversit\u00e9 de la vie marine. Elle montre un r\u00e9cif corallien vibrant, avec des coraux aux teintes \u00e9clatantes de rose, bleu et jaune. Des poissons tropicaux nagent autour, ajoutant des touches de couleur vive \u00e0 l'image. Images r\u00e9alis\u00e9es avec IA\r\n\r\nCalendrier mural de qualit\u00e9 sup\u00e9rieure avec 12 magnifiques photos. L'environnement nous tient \u00e0 coeur. C'est pourquoi nous utilisons exclusivement du papier certifi\u00e9 FSC provenant de for\u00eats g\u00e9r\u00e9es de mani\u00e8re \u00e9coresponsable. Nous \u00e9vitons la surproduction et donc des quantit\u00e9s significatives de d\u00e9chets, en produisant dans l'UE \u00e0 l'unit\u00e9 et sur demande. Nous r\u00e9duisons nos distances de transport et assurons une logistique respectueuse de l'environnement.\r\n\r\n14 pages dont 1 couverture | 12 pages mensuelles | 1 page d'index | dos cartonn\u00e9\r\n\r\nIllustrations:\r\nJanvier: Paysage sous marin\r\nF\u00e9vrier: Sous les rochers\r\nMars: Rayons du soleil\r\nAvril: Avec la sir\u00e8ne\r\nMai: Les \u00e9paves\r\nJuin: La pieuvre\r\nJuillet: Ruines dans le corail\r\nAo\u00fbt: Les grottes sous marines\r\nSeptembre: Le plein de couleurs\r\nOctobre: Rochers fantastiques\r\nNovembre: Les fonds myst\u00e9rieux\r\nD\u00e9cembre: Parmi les ruines\r\n\r\nQUALITATIF - un calendrier annuel de qualit\u00e9 sup\u00e9rieure avec 12 magnifiques motifs, sur papier d'impression photo, avec une reliure spirale robuste et un crochet de suspension.\r\nDURABLE - r\u00e9duction significative des d\u00e9chets gr\u00e2ce \u00e0 une fabrication sur papier certifi\u00e9 FSC \u00e0 l'unit\u00e9 et sur demande, production dans l'UE, logistique \u00e9cologique.\r\nCADEAU ID\u00c9AL - destin\u00e9 \u00e0 vos contacts priv\u00e9s ou professionnels, \u00e0 la famille ou aux amis, aux jeunes adultes ou aux moins jeunes,  pour un cadeau de No\u00ebl ou d'anniversaire ou juste pour le plaisir d'offrir.\r\nDIVERSIFI\u00c9 - de nombreux formats DIN A4 ou DIN A3, pour s'adapter \u00e0 toutes vos envies et vos cadres de vie.\r\nD\u00e9couverte des fantastiques fonds marins par l'auteur(rice): Alain Gaymard","authors":["Alain Gaymard"],"category_codes":["4000000","4010000","4010200"],"visuals":{"large":"https:\/\/images.epagine.fr\/684\/9783457296684_1_75.jpg","medium":"https:\/\/images.epagine.fr\/684\/9783457296684_1_m.jpg","thumbnail":"https:\/\/images.epagine.fr\/684\/9783457296684_1_v.jpg"},"orderable":true,"show_badge":true,"formatted_price":"0,00&nbsp;\u20ac","formatted_published_date":"6 mars 2025","publisher_availability_label":"Sur commande","short_details":"Alain Gaymard \u2014 CALVENDO","translator":null,"weight":460,"page_count":14,"readership":null,"editor":"CALVENDO","price":0,"published_date":"2025-03-05T23:00:00.000000Z","support":"Calendrier","publisher_availability":1,"stock":0,"editions":[],"url":"https:\/\/quaidesbrumes.com\/ouvrage\/9783457296684\/paysages-marins-une-plongee-fantastique-calendrier-mural-2026-din-a3-vertical-calvendo-calendrier-mensuel-decouverte-des-fantastiques-fonds-marins"},{"id":"9783457296707","title":"Paysages marins Une plong\u00e9e fantastique (Calendrier mural 2026 DIN A2 vertical), CALVENDO calendrier mensuel : D\u00e9couverte des fantastiques fonds marins","description":"Une s\u00e9rie de photos sous marines qui capturent la beaut\u00e9 et la diversit\u00e9 de la vie marine. Elle montre un r\u00e9cif corallien vibrant, avec des coraux aux teintes \u00e9clatantes de rose, bleu et jaune. Des poissons tropicaux nagent autour, ajoutant des touches de couleur vive \u00e0 l'image. Images r\u00e9alis\u00e9es avec IA\r\n\r\nCalendrier mural de qualit\u00e9 sup\u00e9rieure avec 12 magnifiques photos. L'environnement nous tient \u00e0 coeur. C'est pourquoi nous utilisons exclusivement du papier certifi\u00e9 FSC provenant de for\u00eats g\u00e9r\u00e9es de mani\u00e8re \u00e9coresponsable. Nous \u00e9vitons la surproduction et donc des quantit\u00e9s significatives de d\u00e9chets, en produisant dans l'UE \u00e0 l'unit\u00e9 et sur demande. Nous r\u00e9duisons nos distances de transport et assurons une logistique respectueuse de l'environnement.\r\n\r\n14 pages dont 1 couverture | 12 pages mensuelles | 1 page d'index | dos cartonn\u00e9\r\n\r\nIllustrations:\r\nJanvier: Paysage sous marin\r\nF\u00e9vrier: Sous les rochers\r\nMars: Rayons du soleil\r\nAvril: Avec la sir\u00e8ne\r\nMai: Les \u00e9paves\r\nJuin: La pieuvre\r\nJuillet: Ruines dans le corail\r\nAo\u00fbt: Les grottes sous marines\r\nSeptembre: Le plein de couleurs\r\nOctobre: Rochers fantastiques\r\nNovembre: Les fonds myst\u00e9rieux\r\nD\u00e9cembre: Parmi les ruines\r\n\r\nQUALITATIF - un calendrier annuel de qualit\u00e9 sup\u00e9rieure avec 12 magnifiques motifs, sur papier d'impression photo, avec une reliure spirale robuste et un crochet de suspension.\r\nDURABLE - r\u00e9duction significative des d\u00e9chets gr\u00e2ce \u00e0 une fabrication sur papier certifi\u00e9 FSC \u00e0 l'unit\u00e9 et sur demande, production dans l'UE, logistique \u00e9cologique.\r\nCADEAU ID\u00c9AL - destin\u00e9 \u00e0 vos contacts priv\u00e9s ou professionnels, \u00e0 la famille ou aux amis, aux jeunes adultes ou aux moins jeunes,  pour un cadeau de No\u00ebl ou d'anniversaire ou juste pour le plaisir d'offrir.\r\nDIVERSIFI\u00c9 - de nombreux formats DIN A4 ou DIN A3, pour s'adapter \u00e0 toutes vos envies et vos cadres de vie.\r\nD\u00e9couverte des fantastiques fonds marins par l'auteur(rice): Alain Gaymard","authors":["Alain Gaymard"],"category_codes":["4000000","4010000","4010200"],"visuals":{"large":"https:\/\/images.epagine.fr\/707\/9783457296707_1_75.jpg","medium":"https:\/\/images.epagine.fr\/707\/9783457296707_1_m.jpg","thumbnail":"https:\/\/images.epagine.fr\/707\/9783457296707_1_v.jpg"},"orderable":true,"show_badge":true,"formatted_price":"0,00&nbsp;\u20ac","formatted_published_date":"6 mars 2025","publisher_availability_label":"Sur commande","short_details":"Alain Gaymard \u2014 CALVENDO","translator":null,"weight":940,"page_count":14,"readership":null,"editor":"CALVENDO","price":0,"published_date":"2025-03-05T23:00:00.000000Z","support":"Calendrier","publisher_availability":1,"stock":0,"editions":[],"url":"https:\/\/quaidesbrumes.com\/ouvrage\/9783457296707\/paysages-marins-une-plongee-fantastique-calendrier-mural-2026-din-a2-vertical-calvendo-calendrier-mensuel-decouverte-des-fantastiques-fonds-marins"},{"id":"9783457296714","title":"Paysages marins Une plong\u00e9e fantastique  (Calendrier mural 2026 DIN A2 vertical) calendrier de bureau : D\u00e9couverte des fantastiques fonds marins","description":"Une s\u00e9rie de photos sous marines qui capturent la beaut\u00e9 et la diversit\u00e9 de la vie marine. Elle montre un r\u00e9cif corallien vibrant, avec des coraux aux teintes \u00e9clatantes de rose, bleu et jaune. Des poissons tropicaux nagent autour, ajoutant des touches de couleur vive \u00e0 l'image. Images r\u00e9alis\u00e9es avec IA\r\n\r\nImpression d'art premium en haute brillance de qualit\u00e9 mus\u00e9e. Pour que les feuilles de papier soient bien accroch\u00e9es au mur, ce calendrier haut de gamme est dot\u00e9 de pochettes innovantes. Elles prot\u00e8gent les grandes feuilles des effets de l'humidit\u00e9 de l'air. Le papier est un mat\u00e9riau naturel. Les fibres r\u00e9agissent aux variations du climat ambiant. Il est donc conseill\u00e9 de ne pas retirer les pochettes d'insertion.\r\n\r\nNotre environnement nous tient \u00e0 coeur, c'est pourquoi nous misons sur une fabrication individuelle en Allemagne (Made in Germany) avec des mat\u00e9riaux de qualit\u00e9 sup\u00e9rieure.\r\n\r\n14 pages dont 1 couverture | 12 pages mensuelles | 1 page d'index I dos cartonn\u00e9.\r\n\r\n\r\nIllustrations:\r\nJanvier: Paysage sous marin\r\nF\u00e9vrier: Sous les rochers\r\nMars: Rayons du soleil\r\nAvril: Avec la sir\u00e8ne\r\nMai: Les \u00e9paves\r\nJuin: La pieuvre\r\nJuillet: Ruines dans le corail\r\nAo\u00fbt: Les grottes sous marines\r\nSeptembre: Le plein de couleurs\r\nOctobre: Rochers fantastiques\r\nNovembre: Les fonds myst\u00e9rieux\r\nD\u00e9cembre: Parmi les ruines\r\n\r\nLIGNE PREMIUM - Calendrier photo brillant avec 12 magnifiques motifs, impression d'art en haute brillance de qualit\u00e9 mus\u00e9e\r\nQUALIT\u00c9 - mat\u00e9riaux nobles, dos solide avec 2 pochettes innovantes pour une pr\u00e9sentation optimale au mur\r\nDURABLE - nette r\u00e9duction des d\u00e9chets gr\u00e2ce \u00e0 une fabrication \u00e0 l'unit\u00e9 adapt\u00e9e aux besoins, papier certifi\u00e9 FSC respectueux de l'environnement, production en Allemagne, logistique respectueuse du climat.\r\nCADEAU PARFAIT - calendrier pour les amis et la famille, pour les enfants et les adultes, les jeunes et les moins jeunes, pour No\u00ebl, les anniversaires ou entre deux.\r\nD\u00e9couverte des fantastiques fonds marins par l'auteur(rice): Alain Gaymard","authors":["Alain Gaymard"],"category_codes":["4000000","4010000","4010200"],"visuals":{"large":"https:\/\/images.epagine.fr\/714\/9783457296714_1_75.jpg","medium":"https:\/\/images.epagine.fr\/714\/9783457296714_1_m.jpg","thumbnail":"https:\/\/images.epagine.fr\/714\/9783457296714_1_v.jpg"},"orderable":true,"show_badge":true,"formatted_price":"0,00&nbsp;\u20ac","formatted_published_date":"6 mars 2025","publisher_availability_label":"Sur commande","short_details":"Alain Gaymard \u2014 CALVENDO","translator":null,"weight":1280,"page_count":14,"readership":null,"editor":"CALVENDO","price":0,"published_date":"2025-03-05T23:00:00.000000Z","support":"Calendrier","publisher_availability":1,"stock":0,"editions":[],"url":"https:\/\/quaidesbrumes.com\/ouvrage\/9783457296714\/paysages-marins-une-plongee-fantastique-calendrier-mural-2026-din-a2-vertical-calendrier-de-bureau-decouverte-des-fantastiques-fonds-marins"},{"id":"9783457300282","title":"Guadeloupe - Un r\u00eave carib\u00e9en (Calendrier mural 2026 DIN A4 horizontal), CALVENDO calendrier mensuel : Guadeloupe \u00cele du Vent","description":"Bienvenue dans un voyage \u00e0 travers la beaut\u00e9 \u00e9poustouflante de l'\u00eele de Guadeloupe, un r\u00eave carib\u00e9en captur\u00e9 dans un calendrier unique. Laissez-vous enchanter par les impressions all\u00e9chantes qui vous emm\u00e8nent dans ce lieu paradisiaque toute l'ann\u00e9e.\r\n\r\nPlongez dans les eaux turquoise qui baignent doucement les plages de sable dor\u00e9 de la Guadeloupe. Notre calendrier vous pr\u00e9sente des photos \u00e0 couper le souffle de criques isol\u00e9es entour\u00e9es d'une v\u00e9g\u00e9tation tropicale luxuriante. Chaque image raconte l'histoire d'une nature intacte qui fleurit dans toute sa splendeur sur cette \u00eele des Cara\u00efbes.\r\n\r\nCalendrier mural de qualit\u00e9 sup\u00e9rieure avec 12 magnifiques photos. L'environnement nous tient \u00e0 coeur. C'est pourquoi nous utilisons exclusivement du papier certifi\u00e9 FSC provenant de for\u00eats g\u00e9r\u00e9es de mani\u00e8re \u00e9coresponsable. Nous \u00e9vitons la surproduction et donc des quantit\u00e9s significatives de d\u00e9chets, en produisant dans l'UE \u00e0 l'unit\u00e9 et sur demande. Nous r\u00e9duisons nos distances de transport et assurons une logistique respectueuse de l'environnement.\r\n\r\n14 pages dont 1 couverture | 12 pages mensuelles | 1 page d'index | dos cartonn\u00e9\r\n\r\nIllustrations:\r\nJanvier: Pointe All\u00e8gre\r\nF\u00e9vrier: Cimeti\u00e8re de Morne-\u00c0-l'Eau\r\nMars: Plage de Clugny\r\nAvril: Cascade aux \u00e9crevisses\r\nMai: Plage de Bois Jolan sud\r\nJuin: Plage de La Porte d'Enfer\r\nJuillet: Plage De Sainte-Anne Nord\r\nAo\u00fbt: Plage de Grande Anse\r\nSeptembre: Anse de la Savane Br\u00fbl\u00e9e\r\nOctobre: Pointe des Chateaux\r\nNovembre: l'All\u00e9e Dumanoir\r\nD\u00e9cembre: Le Phare du Vieux-Fort\r\n\r\nQUALITATIF - un calendrier annuel de qualit\u00e9 sup\u00e9rieure avec 12 magnifiques motifs, sur papier d'impression photo, avec une reliure spirale robuste et un crochet de suspension.\r\nDURABLE - r\u00e9duction significative des d\u00e9chets gr\u00e2ce \u00e0 une fabrication sur papier certifi\u00e9 FSC \u00e0 l'unit\u00e9 et sur demande, production dans l'UE, logistique \u00e9cologique.\r\nCADEAU ID\u00c9AL - destin\u00e9 \u00e0 vos contacts priv\u00e9s ou professionnels, \u00e0 la famille ou aux amis, aux jeunes adultes ou aux moins jeunes,  pour un cadeau de No\u00ebl ou d'anniversaire ou juste pour le plaisir d'offrir.\r\nDIVERSIFI\u00c9 - de nombreux formats DIN A4 ou DIN A3, pour s'adapter \u00e0 toutes vos envies et vos cadres de vie.\r\nGuadeloupe \u00cele du Vent par l'auteur(rice): Jan Wehnert","authors":["Jan Wehnert"],"category_codes":["4000000","4010000","4010200"],"visuals":{"large":"https:\/\/images.epagine.fr\/282\/9783457300282_1_75.jpg","medium":"https:\/\/images.epagine.fr\/282\/9783457300282_1_m.jpg","thumbnail":"https:\/\/images.epagine.fr\/282\/9783457300282_1_v.jpg"},"orderable":true,"show_badge":true,"formatted_price":"0,00&nbsp;\u20ac","formatted_published_date":"22 f\u00e9vrier 2025","publisher_availability_label":"Sur commande","short_details":"Jan Wehnert \u2014 CALVENDO","translator":null,"weight":210,"page_count":14,"readership":null,"editor":"CALVENDO","price":0,"published_date":"2025-02-21T23:00:00.000000Z","support":"Calendrier","publisher_availability":1,"stock":0,"editions":[],"url":"https:\/\/quaidesbrumes.com\/ouvrage\/9783457300282\/guadeloupe-un-reve-caribeen-calendrier-mural-2026-din-a4-horizontal-calvendo-calendrier-mensuel-guadeloupe-ile-du-vent"},{"id":"9783457300299","title":"Guadeloupe - Un r\u00eave carib\u00e9en (Calendrier mural 2026 DIN A3 horizontal), CALVENDO calendrier mensuel : Guadeloupe \u00cele du Vent","description":"Bienvenue dans un voyage \u00e0 travers la beaut\u00e9 \u00e9poustouflante de l'\u00eele de Guadeloupe, un r\u00eave carib\u00e9en captur\u00e9 dans un calendrier unique. Laissez-vous enchanter par les impressions all\u00e9chantes qui vous emm\u00e8nent dans ce lieu paradisiaque toute l'ann\u00e9e.\r\n\r\nPlongez dans les eaux turquoise qui baignent doucement les plages de sable dor\u00e9 de la Guadeloupe. Notre calendrier vous pr\u00e9sente des photos \u00e0 couper le souffle de criques isol\u00e9es entour\u00e9es d'une v\u00e9g\u00e9tation tropicale luxuriante. Chaque image raconte l'histoire d'une nature intacte qui fleurit dans toute sa splendeur sur cette \u00eele des Cara\u00efbes.\r\n\r\nCalendrier mural de qualit\u00e9 sup\u00e9rieure avec 12 magnifiques photos. L'environnement nous tient \u00e0 coeur. C'est pourquoi nous utilisons exclusivement du papier certifi\u00e9 FSC provenant de for\u00eats g\u00e9r\u00e9es de mani\u00e8re \u00e9coresponsable. Nous \u00e9vitons la surproduction et donc des quantit\u00e9s significatives de d\u00e9chets, en produisant dans l'UE \u00e0 l'unit\u00e9 et sur demande. Nous r\u00e9duisons nos distances de transport et assurons une logistique respectueuse de l'environnement.\r\n\r\n14 pages dont 1 couverture | 12 pages mensuelles | 1 page d'index | dos cartonn\u00e9\r\n\r\nIllustrations:\r\nJanvier: Pointe All\u00e8gre\r\nF\u00e9vrier: Cimeti\u00e8re de Morne-\u00c0-l'Eau\r\nMars: Plage de Clugny\r\nAvril: Cascade aux \u00e9crevisses\r\nMai: Plage de Bois Jolan sud\r\nJuin: Plage de La Porte d'Enfer\r\nJuillet: Plage De Sainte-Anne Nord\r\nAo\u00fbt: Plage de Grande Anse\r\nSeptembre: Anse de la Savane Br\u00fbl\u00e9e\r\nOctobre: Pointe des Chateaux\r\nNovembre: l'All\u00e9e Dumanoir\r\nD\u00e9cembre: Le Phare du Vieux-Fort\r\n\r\nQUALITATIF - un calendrier annuel de qualit\u00e9 sup\u00e9rieure avec 12 magnifiques motifs, sur papier d'impression photo, avec une reliure spirale robuste et un crochet de suspension.\r\nDURABLE - r\u00e9duction significative des d\u00e9chets gr\u00e2ce \u00e0 une fabrication sur papier certifi\u00e9 FSC \u00e0 l'unit\u00e9 et sur demande, production dans l'UE, logistique \u00e9cologique.\r\nCADEAU ID\u00c9AL - destin\u00e9 \u00e0 vos contacts priv\u00e9s ou professionnels, \u00e0 la famille ou aux amis, aux jeunes adultes ou aux moins jeunes,  pour un cadeau de No\u00ebl ou d'anniversaire ou juste pour le plaisir d'offrir.\r\nDIVERSIFI\u00c9 - de nombreux formats DIN A4 ou DIN A3, pour s'adapter \u00e0 toutes vos envies et vos cadres de vie.\r\nGuadeloupe \u00cele du Vent par l'auteur(rice): Jan Wehnert","authors":["Jan Wehnert"],"category_codes":["4000000","4010000","4010200"],"visuals":{"large":"https:\/\/images.epagine.fr\/299\/9783457300299_1_75.jpg","medium":"https:\/\/images.epagine.fr\/299\/9783457300299_1_m.jpg","thumbnail":"https:\/\/images.epagine.fr\/299\/9783457300299_1_v.jpg"},"orderable":true,"show_badge":true,"formatted_price":"0,00&nbsp;\u20ac","formatted_published_date":"22 f\u00e9vrier 2025","publisher_availability_label":"Sur commande","short_details":"Jan Wehnert \u2014 CALVENDO","translator":null,"weight":450,"page_count":14,"readership":null,"editor":"CALVENDO","price":0,"published_date":"2025-02-21T23:00:00.000000Z","support":"Calendrier","publisher_availability":1,"stock":0,"editions":[],"url":"https:\/\/quaidesbrumes.com\/ouvrage\/9783457300299\/guadeloupe-un-reve-caribeen-calendrier-mural-2026-din-a3-horizontal-calvendo-calendrier-mensuel-guadeloupe-ile-du-vent"},{"id":"9783457300305","title":"Guadeloupe - Un r\u00eave carib\u00e9en (Calendrier mural 2026 DIN A2 horizontal), CALVENDO calendrier mensuel : Guadeloupe \u00cele du Vent","description":"Bienvenue dans un voyage \u00e0 travers la beaut\u00e9 \u00e9poustouflante de l'\u00eele de Guadeloupe, un r\u00eave carib\u00e9en captur\u00e9 dans un calendrier unique. Laissez-vous enchanter par les impressions all\u00e9chantes qui vous emm\u00e8nent dans ce lieu paradisiaque toute l'ann\u00e9e.\r\n\r\nPlongez dans les eaux turquoise qui baignent doucement les plages de sable dor\u00e9 de la Guadeloupe. Notre calendrier vous pr\u00e9sente des photos \u00e0 couper le souffle de criques isol\u00e9es entour\u00e9es d'une v\u00e9g\u00e9tation tropicale luxuriante. Chaque image raconte l'histoire d'une nature intacte qui fleurit dans toute sa splendeur sur cette \u00eele des Cara\u00efbes.\r\n\r\nCalendrier mural de qualit\u00e9 sup\u00e9rieure avec 12 magnifiques photos. L'environnement nous tient \u00e0 coeur. C'est pourquoi nous utilisons exclusivement du papier certifi\u00e9 FSC provenant de for\u00eats g\u00e9r\u00e9es de mani\u00e8re \u00e9coresponsable. Nous \u00e9vitons la surproduction et donc des quantit\u00e9s significatives de d\u00e9chets, en produisant dans l'UE \u00e0 l'unit\u00e9 et sur demande. Nous r\u00e9duisons nos distances de transport et assurons une logistique respectueuse de l'environnement.\r\n\r\n14 pages dont 1 couverture | 12 pages mensuelles | 1 page d'index | dos cartonn\u00e9\r\n\r\nIllustrations:\r\nJanvier: Pointe All\u00e8gre\r\nF\u00e9vrier: Cimeti\u00e8re de Morne-\u00c0-l'Eau\r\nMars: Plage de Clugny\r\nAvril: Cascade aux \u00e9crevisses\r\nMai: Plage de Bois Jolan sud\r\nJuin: Plage de La Porte d'Enfer\r\nJuillet: Plage De Sainte-Anne Nord\r\nAo\u00fbt: Plage de Grande Anse\r\nSeptembre: Anse de la Savane Br\u00fbl\u00e9e\r\nOctobre: Pointe des Chateaux\r\nNovembre: l'All\u00e9e Dumanoir\r\nD\u00e9cembre: Le Phare du Vieux-Fort\r\n\r\nQUALITATIF - un calendrier annuel de qualit\u00e9 sup\u00e9rieure avec 12 magnifiques motifs, sur papier d'impression photo, avec une reliure spirale robuste et un crochet de suspension.\r\nDURABLE - r\u00e9duction significative des d\u00e9chets gr\u00e2ce \u00e0 une fabrication sur papier certifi\u00e9 FSC \u00e0 l'unit\u00e9 et sur demande, production dans l'UE, logistique \u00e9cologique.\r\nCADEAU ID\u00c9AL - destin\u00e9 \u00e0 vos contacts priv\u00e9s ou professionnels, \u00e0 la famille ou aux amis, aux jeunes adultes ou aux moins jeunes,  pour un cadeau de No\u00ebl ou d'anniversaire ou juste pour le plaisir d'offrir.\r\nDIVERSIFI\u00c9 - de nombreux formats DIN A4 ou DIN A3, pour s'adapter \u00e0 toutes vos envies et vos cadres de vie.\r\nGuadeloupe \u00cele du Vent par l'auteur(rice): Jan Wehnert","authors":["Jan Wehnert"],"category_codes":["4000000","4010000","4010200"],"visuals":{"large":"https:\/\/images.epagine.fr\/305\/9783457300305_1_75.jpg","medium":"https:\/\/images.epagine.fr\/305\/9783457300305_1_m.jpg","thumbnail":"https:\/\/images.epagine.fr\/305\/9783457300305_1_v.jpg"},"orderable":true,"show_badge":true,"formatted_price":"0,00&nbsp;\u20ac","formatted_published_date":"22 f\u00e9vrier 2025","publisher_availability_label":"Sur commande","short_details":"Jan Wehnert \u2014 CALVENDO","translator":null,"weight":940,"page_count":14,"readership":null,"editor":"CALVENDO","price":0,"published_date":"2025-02-21T23:00:00.000000Z","support":"Calendrier","publisher_availability":1,"stock":0,"editions":[],"url":"https:\/\/quaidesbrumes.com\/ouvrage\/9783457300305\/guadeloupe-un-reve-caribeen-calendrier-mural-2026-din-a2-horizontal-calvendo-calendrier-mensuel-guadeloupe-ile-du-vent"},{"id":"9783457300336","title":"Guadeloupe - Un r\u00eave carib\u00e9en (Calendrier de bureau 2026 DIN A5 horizontal), CALVENDO calendrier mensuel : Guadeloupe \u00cele du Vent","description":"Bienvenue dans un voyage \u00e0 travers la beaut\u00e9 \u00e9poustouflante de l'\u00eele de Guadeloupe, un r\u00eave carib\u00e9en captur\u00e9 dans un calendrier unique. Laissez-vous enchanter par les impressions all\u00e9chantes qui vous emm\u00e8nent dans ce lieu paradisiaque toute l'ann\u00e9e.\r\n\r\nPlongez dans les eaux turquoise qui baignent doucement les plages de sable dor\u00e9 de la Guadeloupe. Notre calendrier vous pr\u00e9sente des photos \u00e0 couper le souffle de criques isol\u00e9es entour\u00e9es d'une v\u00e9g\u00e9tation tropicale luxuriante. Chaque image raconte l'histoire d'une nature intacte qui fleurit dans toute sa splendeur sur cette \u00eele des Cara\u00efbes.\r\n\r\nCalendrier de bureau de qualit\u00e9 sup\u00e9rieure avec 12 magnifiques photos. L'environnement nous tient \u00e0 coeur. C'est pourquoi nous utilisons exclusivement du papier certifi\u00e9 FSC provenant de for\u00eats g\u00e9r\u00e9es de mani\u00e8re \u00e9coresponsable. Nous \u00e9vitons la surproduction et donc des quantit\u00e9s significatives de d\u00e9chets, en produisant dans l'UE \u00e0 l'unit\u00e9 et sur demande. Nous r\u00e9duisons nos distances de transport et assurons une logistique respectueuse de l'environnement.\r\n\r\n14 pages dont 1 couverture | 12 pages mensuelles | 1 page d'index I dos cartonn\u00e9.\r\n\r\nIllustrations:\r\nJanvier: Pointe All\u00e8gre\r\nF\u00e9vrier: Cimeti\u00e8re de Morne-\u00c0-l'Eau\r\nMars: Plage de Clugny\r\nAvril: Cascade aux \u00e9crevisses\r\nMai: Plage de Bois Jolan sud\r\nJuin: Plage de La Porte d'Enfer\r\nJuillet: Plage De Sainte-Anne Nord\r\nAo\u00fbt: Plage de Grande Anse\r\nSeptembre: Anse de la Savane Br\u00fbl\u00e9e\r\nOctobre: Pointe des Chateaux\r\nNovembre: l'All\u00e9e Dumanoir\r\nD\u00e9cembre: Le Phare du Vieux-Fort\r\n\r\nQUALITATIF - un calendrier annuel de qualit\u00e9 sup\u00e9rieure avec 12 magnifiques motifs, sur papier d'impression photo, avec une reliure spirale robuste.\r\nDURABLE - r\u00e9duction significative des d\u00e9chets gr\u00e2ce \u00e0 une fabrication sur papier certifi\u00e9 FSC \u00e0 l'unit\u00e9 et sur demande, production dans l'UE, logistique \u00e9cologique.\r\nCADEAU ID\u00c9AL - destin\u00e9 \u00e0 vos contacts priv\u00e9s ou professionnels, \u00e0 la famille ou aux amis, aux jeunes adultes ou aux moins jeunes,  pour un cadeau de No\u00ebl ou d'anniversaire ou juste pour le plaisir d'offrir.\r\nDIVERSIFI\u00c9 - de nombreux formats DIN A4 ou DIN A3, pour s'adapter \u00e0 toutes vos envies et vos cadres de vie.\r\nGuadeloupe \u00cele du Vent par l'auteur(rice): Jan Wehnert","authors":["Jan Wehnert"],"category_codes":["4000000","4010000","4010200"],"visuals":{"large":"https:\/\/images.epagine.fr\/336\/9783457300336_1_75.jpg","medium":"https:\/\/images.epagine.fr\/336\/9783457300336_1_m.jpg","thumbnail":"https:\/\/images.epagine.fr\/336\/9783457300336_1_v.jpg"},"orderable":true,"show_badge":true,"formatted_price":"0,00&nbsp;\u20ac","formatted_published_date":"22 f\u00e9vrier 2025","publisher_availability_label":"Sur commande","short_details":"Jan Wehnert \u2014 CALVENDO","translator":null,"weight":165,"page_count":14,"readership":null,"editor":"CALVENDO","price":0,"published_date":"2025-02-21T23:00:00.000000Z","support":"Calendrier","publisher_availability":1,"stock":0,"editions":[],"url":"https:\/\/quaidesbrumes.com\/ouvrage\/9783457300336\/guadeloupe-un-reve-caribeen-calendrier-de-bureau-2026-din-a5-horizontal-calvendo-calendrier-mensuel-guadeloupe-ile-du-vent"},{"id":"9783457300350","title":"Guadeloupe - Un r\u00eave carib\u00e9en  (Calendrier mural 2026 DIN A2 horizontal) calendrier de bureau : Guadeloupe \u00cele du Vent","description":"Bienvenue dans un voyage \u00e0 travers la beaut\u00e9 \u00e9poustouflante de l'\u00eele de Guadeloupe, un r\u00eave carib\u00e9en captur\u00e9 dans un calendrier unique. Laissez-vous enchanter par les impressions all\u00e9chantes qui vous emm\u00e8nent dans ce lieu paradisiaque toute l'ann\u00e9e.\r\n\r\nPlongez dans les eaux turquoise qui baignent doucement les plages de sable dor\u00e9 de la Guadeloupe. Notre calendrier vous pr\u00e9sente des photos \u00e0 couper le souffle de criques isol\u00e9es entour\u00e9es d'une v\u00e9g\u00e9tation tropicale luxuriante. Chaque image raconte l'histoire d'une nature intacte qui fleurit dans toute sa splendeur sur cette \u00eele des Cara\u00efbes.\r\n\r\nImpression d'art premium en haute brillance de qualit\u00e9 mus\u00e9e. Pour que les feuilles de papier soient bien accroch\u00e9es au mur, ce calendrier haut de gamme est dot\u00e9 de pochettes innovantes. Elles prot\u00e8gent les grandes feuilles des effets de l'humidit\u00e9 de l'air. Le papier est un mat\u00e9riau naturel. Les fibres r\u00e9agissent aux variations du climat ambiant. Il est donc conseill\u00e9 de ne pas retirer les pochettes d'insertion.\r\n\r\nNotre environnement nous tient \u00e0 coeur, c'est pourquoi nous misons sur une fabrication individuelle en Allemagne (Made in Germany) avec des mat\u00e9riaux de qualit\u00e9 sup\u00e9rieure.\r\n\r\n14 pages dont 1 couverture | 12 pages mensuelles | 1 page d'index I dos cartonn\u00e9.\r\n\r\n\r\nIllustrations:\r\nJanvier: Pointe All\u00e8gre\r\nF\u00e9vrier: Cimeti\u00e8re de Morne-\u00c0-l'Eau\r\nMars: Plage de Clugny\r\nAvril: Cascade aux \u00e9crevisses\r\nMai: Plage de Bois Jolan sud\r\nJuin: Plage de La Porte d'Enfer\r\nJuillet: Plage De Sainte-Anne Nord\r\nAo\u00fbt: Plage de Grande Anse\r\nSeptembre: Anse de la Savane Br\u00fbl\u00e9e\r\nOctobre: Pointe des Chateaux\r\nNovembre: l'All\u00e9e Dumanoir\r\nD\u00e9cembre: Le Phare du Vieux-Fort\r\n\r\nLIGNE PREMIUM - Calendrier photo brillant avec 12 magnifiques motifs, impression d'art en haute brillance de qualit\u00e9 mus\u00e9e\r\nQUALIT\u00c9 - mat\u00e9riaux nobles, dos solide avec 2 pochettes innovantes pour une pr\u00e9sentation optimale au mur\r\nDURABLE - nette r\u00e9duction des d\u00e9chets gr\u00e2ce \u00e0 une fabrication \u00e0 l'unit\u00e9 adapt\u00e9e aux besoins, papier certifi\u00e9 FSC respectueux de l'environnement, production en Allemagne, logistique respectueuse du climat.\r\nCADEAU PARFAIT - calendrier pour les amis et la famille, pour les enfants et les adultes, les jeunes et les moins jeunes, pour No\u00ebl, les anniversaires ou entre deux.\r\nGuadeloupe \u00cele du Vent par l'auteur(rice): Jan Wehnert","authors":["Jan Wehnert"],"category_codes":["4000000","4010000","4010200"],"visuals":{"large":"https:\/\/images.epagine.fr\/350\/9783457300350_1_75.jpg","medium":"https:\/\/images.epagine.fr\/350\/9783457300350_1_m.jpg","thumbnail":"https:\/\/images.epagine.fr\/350\/9783457300350_1_v.jpg"},"orderable":true,"show_badge":true,"formatted_price":"0,00&nbsp;\u20ac","formatted_published_date":"22 f\u00e9vrier 2025","publisher_availability_label":"Sur commande","short_details":"Jan Wehnert \u2014 CALVENDO","translator":null,"weight":1280,"page_count":14,"readership":null,"editor":"CALVENDO","price":0,"published_date":"2025-02-21T23:00:00.000000Z","support":"Calendrier","publisher_availability":1,"stock":0,"editions":[],"url":"https:\/\/quaidesbrumes.com\/ouvrage\/9783457300350\/guadeloupe-un-reve-caribeen-calendrier-mural-2026-din-a2-horizontal-calendrier-de-bureau-guadeloupe-ile-du-vent"}]}