{"data":[{"id":"9791094689660","title":"La bataille pour le climat ; avant tout, une victoire sur nous-m\u00eames","description":"Qu'est-ce qui emp\u00eache l'humanit\u00e9 de prendre les mesures sur son environnement et sur ce qu'elle a construit jusqu'ici, qui soient \u00e0 la hauteur des changements incontournables pour sauver sa plan\u00e8te ?\r\nLes solutions techniques, physiques et comportementales sont l\u00e0. Nous avons les moyens d\u00e8s \u00e0 pr\u00e9sent d'adopter un mix \u00e9nerg\u00e9tique qui ralentirait puis inverserait le r\u00e9chauffement climatique. Et portant...\r\nDans cet ouvrage, l'auteure aborde tout \u00e0 tour (1) la nature et les enjeux de la transition \u00e9nerg\u00e9tique ; (2) les efforts qui ont \u00e9t\u00e9 consentis jusqu'\u00e0 maintenant et le peu de r\u00e9sultats auxquels ils ont conduits ; (3) les diff\u00e9rentes \u00e9nergies fossiles et non fossiles ; (4) le mix \u00e9nerg\u00e9tique indispensable pour infl\u00e9chir la courbe du r\u00e9chauffement climatique ; (5) les raisons \u00e0 l'origine des r\u00e9sistances pour passer v\u00e9ritablement \u00e0 l'action.\r","authors":["Myrto Tripathi"],"category_codes":["4000000","4010000","4010200","4010204"],"visuals":{"large":"https:\/\/images.epagine.fr\/660\/9791094689660_1_75.jpg","medium":"https:\/\/images.epagine.fr\/660\/9791094689660_1_m.jpg","thumbnail":"https:\/\/images.epagine.fr\/660\/9791094689660_1_v.jpg"},"orderable":true,"show_badge":true,"formatted_price":"22,50&nbsp;\u20ac","formatted_published_date":"6 novembre 2020","publisher_availability_label":"Sur commande","short_details":"Myrto Tripathi \u2014 GENESE","translator":null,"weight":304,"page_count":248,"readership":null,"editor":"GENESE","price":2250,"published_date":"2020-11-05T23:00:00.000000Z","support":"Grand format","publisher_availability":1,"stock":0,"editions":[],"url":"https:\/\/quaidesbrumes.com\/ouvrage\/9791094689660\/la-bataille-pour-le-climat-avant-tout-une-victoire-sur-nous-memes"},{"id":"9782373750010","title":"Le flamant rose, ambassadeur des milieux humides","description":"Anne-Sophie Deville, Docteur en \u00e9cologie, nous dresse le portrait du Flamant rose, un oiseau si diff\u00e9rent des autres. L'ouvrage, magnifiquement illustr\u00e9 par Jean Emmanuel Roch\u00e9, d\u00e9voile les six esp\u00e8ces de flamants pr\u00e9sentes dans le monde, le Flamant rose dans la mythologie et la litt\u00e9rature et toutes les caract\u00e9ristiques biologiques de cette esp\u00e8ce \u00e9tonnante. Enrichi de textes d'observations de terrain et d'anecdotes de scientifiques, ce livre raconte la formidable reconqu\u00eate du flamant sous l'impulsion de la fondation Tour du Valat (Camargue). Une aventure porteuse d'espoir avec le retour r\u00e9ussi d'une esp\u00e8ce en passe de dispara\u00eetre. Histoire symbolique qui marque le d\u00e9but de l'\u00e9tude et de la protection des zones humides et conduit \u00e0 mieux cerner les enjeux et menaces qui p\u00e8sent sur ces territoires d'exception.\r","authors":["Anne-Sophie Deville"],"category_codes":["4000000","4010000","4010300"],"visuals":{"large":"https:\/\/images.epagine.fr\/010\/9782373750010_1_75.jpg","medium":"https:\/\/images.epagine.fr\/010\/9782373750010_1_m.jpg","thumbnail":"https:\/\/images.epagine.fr\/010\/9782373750010_1_v.jpg"},"orderable":true,"show_badge":true,"formatted_price":"29,50&nbsp;\u20ac","formatted_published_date":"15 octobre 2015","publisher_availability_label":"Sur commande","short_details":"Anne-Sophie Deville \u2014 Museo","translator":null,"weight":1436,"page_count":200,"readership":null,"editor":"Museo","price":2950,"published_date":"2015-10-14T22:00:00.000000Z","support":"Grand format","publisher_availability":1,"stock":0,"editions":[],"url":"https:\/\/quaidesbrumes.com\/ouvrage\/9782373750010\/le-flamant-rose-ambassadeur-des-milieux-humides"},{"id":"9782373750577","title":"Les plus vieux arbres de France","description":"Cet ouvrage offre au lecteur un surprenant tour de France, des tr\u00e8s vieux arbres insolites \u00e0 ceux qui sont reconnus, de l'historique au l\u00e9gendaire ! La diversit\u00e9 de nos paysages est explor\u00e9e par les chemins qui m\u00e8nent aux anc\u00eatres v\u00e9n\u00e9rables, entre villes et montagnes, entre for\u00eats et campagne. Certains d'entre eux para\u00eetront un peu \u00ab?jeunes?\u00bb, ne d\u00e9passant pas les 300 ans. Ce sont les arbres venus d'autres continents, introduits en Europe durant les derniers si\u00e8cles. Les plus vieux c\u00e8dres ou catalpas, s\u00e9quoias ou tulipiers ont tout simplement l'\u00e2ge de leur arriv\u00e9e en Europe ! Les patriarches sont eux aussi au rendez-vous, parfois mill\u00e9naires. Leurs troncs creux vous attendent sereinement. Ne vous pressez pas. Ils seront encore l\u00e0 quand vous passerez les voir. Pour eux, le temps n'a pas la m\u00eame dimension que pour nous. Notre seule urgence est de les prot\u00e9ger.\r","authors":["Georges Feterman","Alain Baraton"],"category_codes":["4000000","4010000","4010400","4010406"],"visuals":{"large":"https:\/\/images.epagine.fr\/577\/9782373750577_1_75.jpg","medium":"https:\/\/images.epagine.fr\/577\/9782373750577_1_m.jpg","thumbnail":"https:\/\/images.epagine.fr\/577\/9782373750577_1_v.jpg"},"orderable":true,"show_badge":true,"formatted_price":"29,50&nbsp;\u20ac","formatted_published_date":"5 octobre 2017","publisher_availability_label":"Sur commande","short_details":"Georges Feterman, Alain Baraton \u2014 Museo","translator":null,"weight":860,"page_count":190,"readership":null,"editor":"Museo","price":2950,"published_date":"2017-10-04T22:00:00.000000Z","support":"Grand format","publisher_availability":1,"stock":0,"editions":[],"url":"https:\/\/quaidesbrumes.com\/ouvrage\/9782373750577\/les-plus-vieux-arbres-de-france"},{"id":"9782759203550","title":"Les filets maillants","description":"Ce manuel d\u00e9finit, au moyen de fiches, ce que l'on nomme les \"filets maillants\". Il en explique les diff\u00e9rences (filets droits, tr\u00e9mails, encerclants, d\u00e9rivants.), en pr\u00e9cise le montage, le fonctionnement, la sp\u00e9cificit\u00e9 et la s\u00e9lectivit\u00e9, et informe sur leurs divers modes d'utilisation. Il pr\u00e9sente en outre, de la Pr\u00e9histoire \u00e0 nos jours, l'\u00e9volution de la fabrication de ces filets, des mat\u00e9riaux utilis\u00e9s ainsi que les diff\u00e9rentes techniques pratiqu\u00e9es pour capturer des esp\u00e8ces tr\u00e8s recherch\u00e9es comme le hareng, la sardine, le thon.\r\nTr\u00e8s illustr\u00e9, cet ouvrage est, avant tout, un guide pratique pour les p\u00eacheurs professionnels en mer. Il sera \u00e9galement pr\u00e9cieux aux enseignants des \u00e9coles de p\u00eache, aux p\u00eacheurs plaisanciers \u00e0 l'Administration, et aux m\u00e9dias.","authors":["G\u00e9rard Deschamps"],"category_codes":["4000000","4010000","4010500","4010502"],"visuals":{"large":"https:\/\/images.epagine.fr\/550\/9782759203550_1_75.jpg","medium":"https:\/\/images.epagine.fr\/550\/9782759203550_1_m.jpg","thumbnail":"https:\/\/images.epagine.fr\/550\/9782759203550_1_v.jpg"},"orderable":true,"show_badge":true,"formatted_price":"30,40&nbsp;\u20ac","formatted_published_date":"23 octobre 2009","publisher_availability_label":"Sur commande","short_details":"G\u00e9rard Deschamps \u2014 Qu\u00e6","translator":null,"weight":580,"page_count":null,"readership":null,"editor":"Qu\u00e6","price":3040,"published_date":"2009-10-22T22:00:00.000000Z","support":"Grand format","publisher_availability":1,"stock":0,"editions":[],"url":"https:\/\/quaidesbrumes.com\/ouvrage\/9782759203550\/les-filets-maillants"},{"id":"9783516524758","title":"Trouver sa voie - Des paysages qui font r\u00eaver (Calendrier mural 2026 DIN A3 vertical), CALVENDO calendrier mensuel : Des chemins \u00e0 travers des paysages vastes","description":"D\u00e9couvrez des chemins qui m\u00e8nent \u00e0 des paysages vastes et magnifiques, chacun invitant \u00e0 la contemplation et \u00e0 l'exploration. Des for\u00eats paisibles aux c\u00f4tes infinies en passant par des montagnes escarp\u00e9es, chaque image capture la diversit\u00e9 naturelle et l'harmonie du monde. Cr\u00e9\u00e9 avec l'aide de l'IA, ce calendrier offre des perspectives uniques et inspirantes.\r\n\r\nCalendrier mural de qualit\u00e9 sup\u00e9rieure avec 12 magnifiques photos. L'environnement nous tient \u00e0 coeur. C'est pourquoi nous utilisons exclusivement du papier certifi\u00e9 FSC provenant de for\u00eats g\u00e9r\u00e9es de mani\u00e8re \u00e9coresponsable. Nous \u00e9vitons la surproduction et donc des quantit\u00e9s significatives de d\u00e9chets, en produisant dans l'UE \u00e0 l'unit\u00e9 et sur demande. Nous r\u00e9duisons nos distances de transport et assurons une logistique respectueuse de l'environnement.\r\n\r\n14 pages dont 1 couverture | 12 pages mensuelles | 1 page d'index | dos cartonn\u00e9\r\n\r\nCe calendrier \u00e0 succ\u00e8s a \u00e9t\u00e9 r\u00e9\u00e9dit\u00e9 cette ann\u00e9e avec les m\u00eames images et une grille calendaire mise \u00e0 jour.\r\n\r\nIllustrations:\r\nJanvier: Sentier de cr\u00eate de montagne\r\nF\u00e9vrier: Digue vers la mer\r\nMars: Escaliers vers la plage\r\nAvril: Sentier dans les montagnes\r\nMai: Chemin c\u00f4tier rocheux\r\nJuin: Clairi\u00e8re dans la for\u00eat tropicale\r\nJuillet: Chemin de campagne \u00e0 travers des fleurs\r\nAo\u00fbt: Sentier sablonneux dans la bruy\u00e8re\r\nSeptembre: Sentier forestier au cr\u00e9puscule\r\nOctobre: Passerelle en bois dans le marais\r\nNovembre: Sentier le long de la rivi\u00e8re\r\nD\u00e9cembre: Voie ferr\u00e9e sur la mer\r\n\r\nQUALITATIF - un calendrier annuel de qualit\u00e9 sup\u00e9rieure avec 12 magnifiques motifs, sur papier d'impression photo, avec une reliure spirale robuste et un crochet de suspension.\r\nDURABLE - r\u00e9duction significative des d\u00e9chets gr\u00e2ce \u00e0 une fabrication sur papier certifi\u00e9 FSC \u00e0 l'unit\u00e9 et sur demande, production dans l'UE, logistique \u00e9cologique.\r\nCADEAU ID\u00c9AL - destin\u00e9 \u00e0 vos contacts priv\u00e9s ou professionnels, \u00e0 la famille ou aux amis, aux jeunes adultes ou aux moins jeunes,  pour un cadeau de No\u00ebl ou d'anniversaire ou juste pour le plaisir d'offrir.\r\nDIVERSIFI\u00c9 - de nombreux formats DIN A4 ou DIN A3, pour s'adapter \u00e0 toutes vos envies et vos cadres de vie.\r\nDes chemins \u00e0 travers des paysages vastes par l'auteur(rice): Marco Warstat","authors":["Marco Warstat"],"category_codes":["4000000","4010000","4010200"],"visuals":{"large":"https:\/\/images.epagine.fr\/758\/9783516524758_1_75.jpg","medium":"https:\/\/images.epagine.fr\/758\/9783516524758_1_m.jpg","thumbnail":"https:\/\/images.epagine.fr\/758\/9783516524758_1_v.jpg"},"orderable":true,"show_badge":true,"formatted_price":"0,00&nbsp;\u20ac","formatted_published_date":"14 mai 2025","publisher_availability_label":"Sur commande","short_details":"Marco Warstat \u2014 CALVENDO","translator":null,"weight":460,"page_count":14,"readership":null,"editor":"CALVENDO","price":0,"published_date":"2025-05-13T22:00:00.000000Z","support":"Calendrier","publisher_availability":1,"stock":0,"editions":[],"url":"https:\/\/quaidesbrumes.com\/ouvrage\/9783516524758\/trouver-sa-voie-des-paysages-qui-font-rever-calendrier-mural-2026-din-a3-vertical-calvendo-calendrier-mensuel-des-chemins-a-travers-des-paysages-vastes"},{"id":"9783516525045","title":"Solitude verdoyante (Calendrier mural 2026 DIN A3 vertical), CALVENDO calendrier mensuel : Arbres seuls dans la campagne en toutes saisons","description":"Chaque arbre, qu'il soit un ch\u00eane imposant ou un pin \u00e9lanc\u00e9, se dresse fi\u00e8rement au milieu d'un paysage vaste et ouvert. Ces arbres, isol\u00e9s, \u00e9voquent un sentiment de solitude et de s\u00e9r\u00e9nit\u00e9, invitant \u00e0 la contemplation et \u00e0 la connexion avec la nature. Ils peuvent \u00e9galement symboliser la r\u00e9silience et la force, t\u00e9moignant du passage du temps et des saisons.\r\n\r\nCalendrier mural de qualit\u00e9 sup\u00e9rieure avec 12 magnifiques photos. L'environnement nous tient \u00e0 coeur. C'est pourquoi nous utilisons exclusivement du papier certifi\u00e9 FSC provenant de for\u00eats g\u00e9r\u00e9es de mani\u00e8re \u00e9coresponsable. Nous \u00e9vitons la surproduction et donc des quantit\u00e9s significatives de d\u00e9chets, en produisant dans l'UE \u00e0 l'unit\u00e9 et sur demande. Nous r\u00e9duisons nos distances de transport et assurons une logistique respectueuse de l'environnement.\r\n\r\n14 pages dont 1 couverture | 12 pages mensuelles | 1 page d'index | dos cartonn\u00e9\r\n\r\nCe calendrier \u00e0 succ\u00e8s a \u00e9t\u00e9 r\u00e9\u00e9dit\u00e9 cette ann\u00e9e avec les m\u00eames images et une grille calendaire mise \u00e0 jour.\r\n\r\nIllustrations:\r\nJanvier: Solitude \u00e9l\u00e9gante\r\nF\u00e9vrier: L'arbre nu gardien des champs\r\nMars: \u00c9quilibre naturel\r\nAvril: Solitude majestueuse\r\nMai:  L'arbre verdoyant au bord du chemin\r\nJuin: R\u00e9silience lumineuse\r\nJuillet: Les t\u00e9moins silencieux du temps\r\nAo\u00fbt: L'arbre et son ombre dans l'immensit\u00e9 du champ\r\nSeptembre:  T\u00e9moin silencieux des saisons\r\nOctobre: Les gardiens des champs\r\nNovembre: Un arbre d\u00e9nud\u00e9 veille sur l'abri de vigne\r\nD\u00e9cembre: L'arbre myst\u00e9rieux au coeur de la brume\r\n\r\nQUALITATIF - un calendrier annuel de qualit\u00e9 sup\u00e9rieure avec 12 magnifiques motifs, sur papier d'impression photo, avec une reliure spirale robuste et un crochet de suspension.\r\nDURABLE - r\u00e9duction significative des d\u00e9chets gr\u00e2ce \u00e0 une fabrication sur papier certifi\u00e9 FSC \u00e0 l'unit\u00e9 et sur demande, production dans l'UE, logistique \u00e9cologique.\r\nCADEAU ID\u00c9AL - destin\u00e9 \u00e0 vos contacts priv\u00e9s ou professionnels, \u00e0 la famille ou aux amis, aux jeunes adultes ou aux moins jeunes,  pour un cadeau de No\u00ebl ou d'anniversaire ou juste pour le plaisir d'offrir.\r\nDIVERSIFI\u00c9 - de nombreux formats DIN A4 ou DIN A3, pour s'adapter \u00e0 toutes vos envies et vos cadres de vie.\r\nArbres seuls dans la campagne en toutes saisons par l'auteur(rice): thierry planche","authors":["Thierry Planche"],"category_codes":["4000000","4010000","4010200"],"visuals":{"large":"https:\/\/images.epagine.fr\/045\/9783516525045_1_75.jpg","medium":"https:\/\/images.epagine.fr\/045\/9783516525045_1_m.jpg","thumbnail":"https:\/\/images.epagine.fr\/045\/9783516525045_1_v.jpg"},"orderable":true,"show_badge":true,"formatted_price":"0,00&nbsp;\u20ac","formatted_published_date":"14 mai 2025","publisher_availability_label":"Sur commande","short_details":"Thierry Planche \u2014 CALVENDO","translator":null,"weight":460,"page_count":14,"readership":null,"editor":"CALVENDO","price":0,"published_date":"2025-05-13T22:00:00.000000Z","support":"Calendrier","publisher_availability":1,"stock":0,"editions":[],"url":"https:\/\/quaidesbrumes.com\/ouvrage\/9783516525045\/solitude-verdoyante-calendrier-mural-2026-din-a3-vertical-calvendo-calendrier-mensuel-arbres-seuls-dans-la-campagne-en-toutes-saisons"},{"id":"9783516525175","title":"Trouver sa voie - Des paysages qui font r\u00eaver (Calendrier mural 2026 DIN A2 vertical), CALVENDO calendrier mensuel : Des chemins \u00e0 travers des paysages vastes","description":"D\u00e9couvrez des chemins qui m\u00e8nent \u00e0 des paysages vastes et magnifiques, chacun invitant \u00e0 la contemplation et \u00e0 l'exploration. Des for\u00eats paisibles aux c\u00f4tes infinies en passant par des montagnes escarp\u00e9es, chaque image capture la diversit\u00e9 naturelle et l'harmonie du monde. Cr\u00e9\u00e9 avec l'aide de l'IA, ce calendrier offre des perspectives uniques et inspirantes.\r\n\r\nCalendrier mural de qualit\u00e9 sup\u00e9rieure avec 12 magnifiques photos. L'environnement nous tient \u00e0 coeur. C'est pourquoi nous utilisons exclusivement du papier certifi\u00e9 FSC provenant de for\u00eats g\u00e9r\u00e9es de mani\u00e8re \u00e9coresponsable. Nous \u00e9vitons la surproduction et donc des quantit\u00e9s significatives de d\u00e9chets, en produisant dans l'UE \u00e0 l'unit\u00e9 et sur demande. Nous r\u00e9duisons nos distances de transport et assurons une logistique respectueuse de l'environnement.\r\n\r\n14 pages dont 1 couverture | 12 pages mensuelles | 1 page d'index | dos cartonn\u00e9\r\n\r\nCe calendrier \u00e0 succ\u00e8s a \u00e9t\u00e9 r\u00e9\u00e9dit\u00e9 cette ann\u00e9e avec les m\u00eames images et une grille calendaire mise \u00e0 jour.\r\n\r\nIllustrations:\r\nJanvier: Sentier de cr\u00eate de montagne\r\nF\u00e9vrier: Digue vers la mer\r\nMars: Escaliers vers la plage\r\nAvril: Sentier dans les montagnes\r\nMai: Chemin c\u00f4tier rocheux\r\nJuin: Clairi\u00e8re dans la for\u00eat tropicale\r\nJuillet: Chemin de campagne \u00e0 travers des fleurs\r\nAo\u00fbt: Sentier sablonneux dans la bruy\u00e8re\r\nSeptembre: Sentier forestier au cr\u00e9puscule\r\nOctobre: Passerelle en bois dans le marais\r\nNovembre: Sentier le long de la rivi\u00e8re\r\nD\u00e9cembre: Voie ferr\u00e9e sur la mer\r\n\r\nQUALITATIF - un calendrier annuel de qualit\u00e9 sup\u00e9rieure avec 12 magnifiques motifs, sur papier d'impression photo, avec une reliure spirale robuste et un crochet de suspension.\r\nDURABLE - r\u00e9duction significative des d\u00e9chets gr\u00e2ce \u00e0 une fabrication sur papier certifi\u00e9 FSC \u00e0 l'unit\u00e9 et sur demande, production dans l'UE, logistique \u00e9cologique.\r\nCADEAU ID\u00c9AL - destin\u00e9 \u00e0 vos contacts priv\u00e9s ou professionnels, \u00e0 la famille ou aux amis, aux jeunes adultes ou aux moins jeunes,  pour un cadeau de No\u00ebl ou d'anniversaire ou juste pour le plaisir d'offrir.\r\nDIVERSIFI\u00c9 - de nombreux formats DIN A4 ou DIN A3, pour s'adapter \u00e0 toutes vos envies et vos cadres de vie.\r\nDes chemins \u00e0 travers des paysages vastes par l'auteur(rice): Marco Warstat","authors":["Marco Warstat"],"category_codes":["4000000","4010000","4010200"],"visuals":{"large":"https:\/\/images.epagine.fr\/175\/9783516525175_1_75.jpg","medium":"https:\/\/images.epagine.fr\/175\/9783516525175_1_m.jpg","thumbnail":"https:\/\/images.epagine.fr\/175\/9783516525175_1_v.jpg"},"orderable":true,"show_badge":true,"formatted_price":"0,00&nbsp;\u20ac","formatted_published_date":"14 mai 2025","publisher_availability_label":"Sur commande","short_details":"Marco Warstat \u2014 CALVENDO","translator":null,"weight":940,"page_count":14,"readership":null,"editor":"CALVENDO","price":0,"published_date":"2025-05-13T22:00:00.000000Z","support":"Calendrier","publisher_availability":1,"stock":0,"editions":[],"url":"https:\/\/quaidesbrumes.com\/ouvrage\/9783516525175\/trouver-sa-voie-des-paysages-qui-font-rever-calendrier-mural-2026-din-a2-vertical-calvendo-calendrier-mensuel-des-chemins-a-travers-des-paysages-vastes"},{"id":"9783516524451","title":"Trouver sa voie - Des paysages qui font r\u00eaver (Calendrier mural 2026 DIN A4 vertical), CALVENDO calendrier mensuel : Des chemins \u00e0 travers des paysages vastes","description":"D\u00e9couvrez des chemins qui m\u00e8nent \u00e0 des paysages vastes et magnifiques, chacun invitant \u00e0 la contemplation et \u00e0 l'exploration. Des for\u00eats paisibles aux c\u00f4tes infinies en passant par des montagnes escarp\u00e9es, chaque image capture la diversit\u00e9 naturelle et l'harmonie du monde. Cr\u00e9\u00e9 avec l'aide de l'IA, ce calendrier offre des perspectives uniques et inspirantes.\r\n\r\nCalendrier mural de qualit\u00e9 sup\u00e9rieure avec 12 magnifiques photos. L'environnement nous tient \u00e0 coeur. C'est pourquoi nous utilisons exclusivement du papier certifi\u00e9 FSC provenant de for\u00eats g\u00e9r\u00e9es de mani\u00e8re \u00e9coresponsable. Nous \u00e9vitons la surproduction et donc des quantit\u00e9s significatives de d\u00e9chets, en produisant dans l'UE \u00e0 l'unit\u00e9 et sur demande. Nous r\u00e9duisons nos distances de transport et assurons une logistique respectueuse de l'environnement.\r\n\r\n14 pages dont 1 couverture | 12 pages mensuelles | 1 page d'index | dos cartonn\u00e9\r\n\r\nCe calendrier \u00e0 succ\u00e8s a \u00e9t\u00e9 r\u00e9\u00e9dit\u00e9 cette ann\u00e9e avec les m\u00eames images et une grille calendaire mise \u00e0 jour.\r\n\r\nIllustrations:\r\nJanvier: Sentier de cr\u00eate de montagne\r\nF\u00e9vrier: Digue vers la mer\r\nMars: Escaliers vers la plage\r\nAvril: Sentier dans les montagnes\r\nMai: Chemin c\u00f4tier rocheux\r\nJuin: Clairi\u00e8re dans la for\u00eat tropicale\r\nJuillet: Chemin de campagne \u00e0 travers des fleurs\r\nAo\u00fbt: Sentier sablonneux dans la bruy\u00e8re\r\nSeptembre: Sentier forestier au cr\u00e9puscule\r\nOctobre: Passerelle en bois dans le marais\r\nNovembre: Sentier le long de la rivi\u00e8re\r\nD\u00e9cembre: Voie ferr\u00e9e sur la mer\r\n\r\nQUALITATIF - un calendrier annuel de qualit\u00e9 sup\u00e9rieure avec 12 magnifiques motifs, sur papier d'impression photo, avec une reliure spirale robuste et un crochet de suspension.\r\nDURABLE - r\u00e9duction significative des d\u00e9chets gr\u00e2ce \u00e0 une fabrication sur papier certifi\u00e9 FSC \u00e0 l'unit\u00e9 et sur demande, production dans l'UE, logistique \u00e9cologique.\r\nCADEAU ID\u00c9AL - destin\u00e9 \u00e0 vos contacts priv\u00e9s ou professionnels, \u00e0 la famille ou aux amis, aux jeunes adultes ou aux moins jeunes,  pour un cadeau de No\u00ebl ou d'anniversaire ou juste pour le plaisir d'offrir.\r\nDIVERSIFI\u00c9 - de nombreux formats DIN A4 ou DIN A3, pour s'adapter \u00e0 toutes vos envies et vos cadres de vie.\r\nDes chemins \u00e0 travers des paysages vastes par l'auteur(rice): Marco Warstat","authors":["Marco Warstat"],"category_codes":["4000000","4010000","4010200"],"visuals":{"large":"https:\/\/images.epagine.fr\/451\/9783516524451_1_75.jpg","medium":"https:\/\/images.epagine.fr\/451\/9783516524451_1_m.jpg","thumbnail":"https:\/\/images.epagine.fr\/451\/9783516524451_1_v.jpg"},"orderable":true,"show_badge":true,"formatted_price":"0,00&nbsp;\u20ac","formatted_published_date":"14 mai 2025","publisher_availability_label":"Sur commande","short_details":"Marco Warstat \u2014 CALVENDO","translator":null,"weight":210,"page_count":14,"readership":null,"editor":"CALVENDO","price":0,"published_date":"2025-05-13T22:00:00.000000Z","support":"Calendrier","publisher_availability":1,"stock":0,"editions":[],"url":"https:\/\/quaidesbrumes.com\/ouvrage\/9783516524451\/trouver-sa-voie-des-paysages-qui-font-rever-calendrier-mural-2026-din-a4-vertical-calvendo-calendrier-mensuel-des-chemins-a-travers-des-paysages-vastes"},{"id":"9783516524697","title":"Solitude verdoyante (Calendrier mural 2026 DIN A4 vertical), CALVENDO calendrier mensuel : Arbres seuls dans la campagne en toutes saisons","description":"Chaque arbre, qu'il soit un ch\u00eane imposant ou un pin \u00e9lanc\u00e9, se dresse fi\u00e8rement au milieu d'un paysage vaste et ouvert. Ces arbres, isol\u00e9s, \u00e9voquent un sentiment de solitude et de s\u00e9r\u00e9nit\u00e9, invitant \u00e0 la contemplation et \u00e0 la connexion avec la nature. Ils peuvent \u00e9galement symboliser la r\u00e9silience et la force, t\u00e9moignant du passage du temps et des saisons.\r\n\r\nCalendrier mural de qualit\u00e9 sup\u00e9rieure avec 12 magnifiques photos. L'environnement nous tient \u00e0 coeur. C'est pourquoi nous utilisons exclusivement du papier certifi\u00e9 FSC provenant de for\u00eats g\u00e9r\u00e9es de mani\u00e8re \u00e9coresponsable. Nous \u00e9vitons la surproduction et donc des quantit\u00e9s significatives de d\u00e9chets, en produisant dans l'UE \u00e0 l'unit\u00e9 et sur demande. Nous r\u00e9duisons nos distances de transport et assurons une logistique respectueuse de l'environnement.\r\n\r\n14 pages dont 1 couverture | 12 pages mensuelles | 1 page d'index | dos cartonn\u00e9\r\n\r\nCe calendrier \u00e0 succ\u00e8s a \u00e9t\u00e9 r\u00e9\u00e9dit\u00e9 cette ann\u00e9e avec les m\u00eames images et une grille calendaire mise \u00e0 jour.\r\n\r\nIllustrations:\r\nJanvier: Solitude \u00e9l\u00e9gante\r\nF\u00e9vrier: L'arbre nu gardien des champs\r\nMars: \u00c9quilibre naturel\r\nAvril: Solitude majestueuse\r\nMai:  L'arbre verdoyant au bord du chemin\r\nJuin: R\u00e9silience lumineuse\r\nJuillet: Les t\u00e9moins silencieux du temps\r\nAo\u00fbt: L'arbre et son ombre dans l'immensit\u00e9 du champ\r\nSeptembre:  T\u00e9moin silencieux des saisons\r\nOctobre: Les gardiens des champs\r\nNovembre: Un arbre d\u00e9nud\u00e9 veille sur l'abri de vigne\r\nD\u00e9cembre: L'arbre myst\u00e9rieux au coeur de la brume\r\n\r\nQUALITATIF - un calendrier annuel de qualit\u00e9 sup\u00e9rieure avec 12 magnifiques motifs, sur papier d'impression photo, avec une reliure spirale robuste et un crochet de suspension.\r\nDURABLE - r\u00e9duction significative des d\u00e9chets gr\u00e2ce \u00e0 une fabrication sur papier certifi\u00e9 FSC \u00e0 l'unit\u00e9 et sur demande, production dans l'UE, logistique \u00e9cologique.\r\nCADEAU ID\u00c9AL - destin\u00e9 \u00e0 vos contacts priv\u00e9s ou professionnels, \u00e0 la famille ou aux amis, aux jeunes adultes ou aux moins jeunes,  pour un cadeau de No\u00ebl ou d'anniversaire ou juste pour le plaisir d'offrir.\r\nDIVERSIFI\u00c9 - de nombreux formats DIN A4 ou DIN A3, pour s'adapter \u00e0 toutes vos envies et vos cadres de vie.\r\nArbres seuls dans la campagne en toutes saisons par l'auteur(rice): thierry planche","authors":["Thierry Planche"],"category_codes":["4000000","4010000","4010200"],"visuals":{"large":"https:\/\/images.epagine.fr\/697\/9783516524697_1_75.jpg","medium":"https:\/\/images.epagine.fr\/697\/9783516524697_1_m.jpg","thumbnail":"https:\/\/images.epagine.fr\/697\/9783516524697_1_v.jpg"},"orderable":true,"show_badge":true,"formatted_price":"0,00&nbsp;\u20ac","formatted_published_date":"14 mai 2025","publisher_availability_label":"Sur commande","short_details":"Thierry Planche \u2014 CALVENDO","translator":null,"weight":210,"page_count":14,"readership":null,"editor":"CALVENDO","price":0,"published_date":"2025-05-13T22:00:00.000000Z","support":"Calendrier","publisher_availability":1,"stock":0,"editions":[],"url":"https:\/\/quaidesbrumes.com\/ouvrage\/9783516524697\/solitude-verdoyante-calendrier-mural-2026-din-a4-vertical-calvendo-calendrier-mensuel-arbres-seuls-dans-la-campagne-en-toutes-saisons"},{"id":"9782221189238","title":"Ils croient que la nature est bonne","description":"Il n'y a pas d'autres domaines que l'\u00e9cologie o\u00f9 les pr\u00e9occupations les plus justifi\u00e9es voisinent avec les plus \u00e9videntes b\u00eatises, o\u00f9 la confusion des concepts est aussi manifeste, o\u00f9 les croyances l'emportent sur la raison, o\u00f9 la pression sociale est aussi sirupeuse que violente, o\u00f9 l'id\u00e9ologie prend le masque de la v\u00e9rit\u00e9, o\u00f9 les int\u00e9r\u00eats se cachent sous la banni\u00e8re de la g\u00e9n\u00e9rosit\u00e9, o\u00f9 les informations sont partielles, partiales et souvent truqu\u00e9es. Cette bouillie de faux concepts, de grands sentiments et d'int\u00e9r\u00eats camoufl\u00e9s conduit les hommes les plus respectables \u00e0 prof\u00e9rer doctement les plus \u00e9videntes contre-v\u00e9rit\u00e9s, \u00e0 prendre la plaine de la Beauce pour le Sahel, \u00e0 consid\u00e9rer que le r\u00e9chauffement climatique affecte Bordeaux comme Tombouctou, que le d\u00e9bit du Rh\u00f4ne est celui du Jourdain, que la d\u00e9gustation d'un steak est aussi dangereuse que la travers\u00e9e \u00e0 la nage du d\u00e9troit de Magellan et surtout \u00e0 prendre les plus incontestables bienfaits de la science pour le plus grand des dangers.\r\nMais nous r\u00eavons d'une nature qui n'a jamais exist\u00e9, nous sommes convaincus que la qualit\u00e9 des produits alimentaires se d\u00e9t\u00e9riore et que l'agriculture s'acharne \u00e0 d\u00e9truire l'environnement et, avec lui, la sant\u00e9 des Fran\u00e7ais. Pourtant, l'esp\u00e9rance de vie des Fran\u00e7ais augmente encore -\u00a0sauf quand on oublie de se faire vacciner\u00a0- la qualit\u00e9 des produits alimentaires s'am\u00e9liore, la famine r\u00e9gresse dans le monde, les surfaces bois\u00e9es gagnent du terrain. Pourquoi alors ce foss\u00e9 entre la r\u00e9alit\u00e9 et sa perception ?\r\nUn pamphlet utile et tr\u00e8s vigoureux pour tacher de r\u00e9pondre \u00e0 nos craintes les plus quotidiennes.","authors":["Jean de Kervasdou\u00e9"],"category_codes":["4000000","4010000","4010200","4010207"],"visuals":{"large":"https:\/\/images.epagine.fr\/238\/9782221189238_1_75.jpg","medium":"https:\/\/images.epagine.fr\/238\/9782221189238_1_m.jpg","thumbnail":"https:\/\/images.epagine.fr\/238\/9782221189238_1_v.jpg"},"orderable":true,"show_badge":true,"formatted_price":"17,00&nbsp;\u20ac","formatted_published_date":"6 octobre 2016","publisher_availability_label":"Sur commande","short_details":"Jean de Kervasdou\u00e9 \u2014 Robert Laffont","translator":null,"weight":228,"page_count":173,"readership":null,"editor":"Robert Laffont","price":1700,"published_date":"2016-10-05T22:00:00.000000Z","support":"Grand format","publisher_availability":1,"stock":0,"editions":[],"url":"https:\/\/quaidesbrumes.com\/ouvrage\/9782221189238\/ils-croient-que-la-nature-est-bonne"},{"id":"9782742747740","title":"Approcher l'animal en milieu naturel","description":"Ce qu'il faut savoir sur l'\u00e9quipement, la pr\u00e9paration des aff\u00fbts, le comportement des animaux, les diff\u00e9rentes situations de terrain selon les reliefs et les conditions ext\u00e9rieures. Suivi d'une s\u00e9rie de r\u00e9cits d'observations et des enseignements tir\u00e9s.  \r\n Ouvrage illustr\u00e9 de dessins techniques ou personnels, r\u00e9alis\u00e9s par l'auteur.","authors":["Fran\u00e7ois Cardonne"],"category_codes":["4000000","4010000","4010300"],"visuals":{"large":"https:\/\/images.epagine.fr\/740\/9782742747740_1_75.jpg","medium":"https:\/\/images.epagine.fr\/740\/9782742747740_1_m.jpg","thumbnail":"https:\/\/images.epagine.fr\/740\/9782742747740_1_v.jpg"},"orderable":true,"show_badge":true,"formatted_price":"9,20&nbsp;\u20ac","formatted_published_date":"1er mars 2004","publisher_availability_label":"Sur commande","short_details":"Fran\u00e7ois Cardonne \u2014 Actes Sud","translator":null,"weight":110,"page_count":112,"readership":null,"editor":"Actes Sud","price":920,"published_date":"2004-02-29T23:00:00.000000Z","support":"Grand format","publisher_availability":1,"stock":0,"editions":[],"url":"https:\/\/quaidesbrumes.com\/ouvrage\/9782742747740\/approcher-lanimal-en-milieu-naturel"},{"id":"9782842794781","title":"Atlas des plantes m\u00e9dicinales de Chine","description":"Cet atlas s\u00e9lectionne les plantes ainsi que les extraits min\u00e9raux et animaux m\u00e9dicinaux qui sont les plus \u00e9tudi\u00e9s et utilis\u00e9s dans le domaine de la pharmacop\u00e9e chinoise. Il d\u00e9crit de mani\u00e8re claire et pr\u00e9cise les propri\u00e9t\u00e9s et les applications cliniques de chaque rem\u00e8de m\u00e9dicinal. Il peut \u00eatre consult\u00e9 comme livre de r\u00e9f\u00e9rence par tous ceux qui s'int\u00e9ressent aux pouvoirs naturels des plantes pour la sant\u00e9.\r\nLes Index permettent de retrouver facilement les plantes sous leurs noms fran\u00e7ais et botaniques, et leurs noms pharmaceutiques ou chinois (phon\u00e9tique pin-yin internationale). Traditionnellement les rem\u00e8des sont choisis et rassembl\u00e9s de mani\u00e8re synergique pour confectionner des d\u00e9coctions adapt\u00e9es \u00e0 chaque patient. De nos jours la plupart des ingr\u00e9dients sont disponibles sous forme de poudre et de solution concentr\u00e9es \u00e0 partir d'une d\u00e9coction, \u00e9labor\u00e9es selon les conditions modernes, bien r\u00e9glement\u00e9es par la Charte internationale de la \"Bonne Pratique de Laboratoire\" et celle de la \"Good Manufactoring Production\".\r\nLes produits r\u00e9put\u00e9s toxiques ou interdits par la CITES (Convention internationale de Washington sur la protection des plantes et des animaux sauvages) seront clairement mentionn\u00e9s dans ce livre.","authors":["You-wa Chen"],"category_codes":["4000000","4010000","4010400","4010404"],"visuals":{"large":"https:\/\/images.epagine.fr\/781\/9782842794781_1_75.jpg","medium":"https:\/\/images.epagine.fr\/781\/9782842794781_1_m.jpg","thumbnail":"https:\/\/images.epagine.fr\/781\/9782842794781_1_v.jpg"},"orderable":true,"show_badge":true,"formatted_price":"90,00&nbsp;\u20ac","formatted_published_date":"1er janvier 2011","publisher_availability_label":"Sur commande","short_details":"You-wa Chen \u2014 You Feng","translator":null,"weight":2230,"page_count":null,"readership":null,"editor":"You Feng","price":9000,"published_date":"2010-12-31T23:00:00.000000Z","support":"Grand format","publisher_availability":1,"stock":0,"editions":[],"url":"https:\/\/quaidesbrumes.com\/ouvrage\/9782842794781\/atlas-des-plantes-medicinales-de-chine"},{"id":"9782354121884","title":"Aires marines protegees et la peche","description":"Ce livre s'appuie sur une large synth\u00e8se de la litt\u00e9rature scientifique pour analyser les effets que peuvent avoir les aires marines prot\u00e9g\u00e9es, \u00e0 la fois sur les ressources halieutiques et sur les p\u00eacheries qui en d\u00e9pendent.\r\nAu-del\u00e0 des d\u00e9clarations de foi, les auteurs montrent les b\u00e9n\u00e9fices r\u00e9els que les p\u00eacheurs peuvent attendre des aires marines prot\u00e9g\u00e9es, mais \u00e9galement les difficult\u00e9s qu'il faut surmonter pour capitaliser ces effets de mani\u00e8re \u00e9quitable. Ils analysent de mani\u00e8re tr\u00e8s approfondie les questions cl\u00e9s de gouvernance. La gestion des p\u00eaches, fussent-elles durables, et les politiques de conservation de la biodiversit\u00e9, n'ont \u00e9videmment ni la m\u00eame histoire, ni la m\u00eame culture, ni les m\u00eames pratiques. Mais elles ont converg\u00e9, peuvent encore le faire, et des synergies nouvelles sont \u00e0 construire. Le futur de l'oc\u00e9an repose sur une vision commune entre le monde de la p\u00eache et le monde de la conservation, non pour un partage de l'oc\u00e9an mais bien pour un oc\u00e9an durable partag\u00e9.","authors":["Abdelhaq el Jai","Jean Boncoeur","Didier Gascuel"],"category_codes":["4000000","4010000","4010500","4010502"],"visuals":{"large":"https:\/\/images.epagine.fr\/884\/9782354121884_1_75.jpg","medium":"https:\/\/images.epagine.fr\/884\/9782354121884_1_m.jpg","thumbnail":"https:\/\/images.epagine.fr\/884\/9782354121884_1_v.jpg"},"orderable":true,"show_badge":true,"formatted_price":"40,00&nbsp;\u20ac","formatted_published_date":"8 novembre 2013","publisher_availability_label":"Sur commande","short_details":"Abdelhaq el Jai, Jean Boncoeur, Didier Gascuel \u2014 PU de Perpignan","translator":null,"weight":1847,"page_count":432,"readership":null,"editor":"PU de Perpignan","price":4000,"published_date":"2013-11-07T23:00:00.000000Z","support":"Grand format","publisher_availability":1,"stock":0,"editions":[],"url":"https:\/\/quaidesbrumes.com\/ouvrage\/9782354121884\/aires-marines-protegees-et-la-peche"},{"id":"9780789254634","title":"Mushrooms notecard set","description":"Mushrooms includes 16 outstanding botanical illustrations from Leon Dufour's Atlas of Edible and Poisonous Mushrooms (1891). These lifelike colour engravings include the chanterelle and black trumpet mushroom, fit for a delicious meal, and others best left on the forest floor, like the deadly fly agaric. Presented in a handsome box, these notecards are the perfect stationery for the forager or mycophile in your life.","authors":["Collectif"],"category_codes":["4000000","4010000","4010400","4010403"],"visuals":{"large":"https:\/\/images.epagine.fr\/634\/9780789254634_1_75.jpg","medium":"https:\/\/images.epagine.fr\/634\/9780789254634_1_m.jpg","thumbnail":"https:\/\/images.epagine.fr\/634\/9780789254634_1_v.jpg"},"orderable":true,"show_badge":true,"formatted_price":"0,00&nbsp;\u20ac","formatted_published_date":"15 d\u00e9cembre 2022","publisher_availability_label":"Sur commande","short_details":"Collectif \u2014 Acc Art Books","translator":null,"weight":258,"page_count":16,"readership":null,"editor":"Acc Art Books","price":0,"published_date":"2022-12-14T23:00:00.000000Z","support":"Objet","publisher_availability":1,"stock":0,"editions":[],"url":"https:\/\/quaidesbrumes.com\/ouvrage\/9780789254634\/mushrooms-notecard-set"},{"id":"9783516525458","title":"Trouver sa voie - Des paysages qui font r\u00eaver (Calendrier de bureau 2026 DIN A5 vertical), CALVENDO calendrier mensuel : Des chemins \u00e0 travers des paysages vastes","description":"D\u00e9couvrez des chemins qui m\u00e8nent \u00e0 des paysages vastes et magnifiques, chacun invitant \u00e0 la contemplation et \u00e0 l'exploration. Des for\u00eats paisibles aux c\u00f4tes infinies en passant par des montagnes escarp\u00e9es, chaque image capture la diversit\u00e9 naturelle et l'harmonie du monde. Cr\u00e9\u00e9 avec l'aide de l'IA, ce calendrier offre des perspectives uniques et inspirantes.\r\n\r\nCalendrier de bureau de qualit\u00e9 sup\u00e9rieure avec 12 magnifiques photos. L'environnement nous tient \u00e0 coeur. C'est pourquoi nous utilisons exclusivement du papier certifi\u00e9 FSC provenant de for\u00eats g\u00e9r\u00e9es de mani\u00e8re \u00e9coresponsable. Nous \u00e9vitons la surproduction et donc des quantit\u00e9s significatives de d\u00e9chets, en produisant dans l'UE \u00e0 l'unit\u00e9 et sur demande. Nous r\u00e9duisons nos distances de transport et assurons une logistique respectueuse de l'environnement.\r\n\r\n14 pages dont 1 couverture | 12 pages mensuelles | 1 page d'index I dos cartonn\u00e9.\r\n\r\nCe calendrier \u00e0 succ\u00e8s a \u00e9t\u00e9 r\u00e9\u00e9dit\u00e9 cette ann\u00e9e avec les m\u00eames images et une grille calendaire mise \u00e0 jour.\r\n\r\nIllustrations:\r\nJanvier: Sentier de cr\u00eate de montagne\r\nF\u00e9vrier: Digue vers la mer\r\nMars: Escaliers vers la plage\r\nAvril: Sentier dans les montagnes\r\nMai: Chemin c\u00f4tier rocheux\r\nJuin: Clairi\u00e8re dans la for\u00eat tropicale\r\nJuillet: Chemin de campagne \u00e0 travers des fleurs\r\nAo\u00fbt: Sentier sablonneux dans la bruy\u00e8re\r\nSeptembre: Sentier forestier au cr\u00e9puscule\r\nOctobre: Passerelle en bois dans le marais\r\nNovembre: Sentier le long de la rivi\u00e8re\r\nD\u00e9cembre: Voie ferr\u00e9e sur la mer\r\n\r\nQUALITATIF - un calendrier annuel de qualit\u00e9 sup\u00e9rieure avec 12 magnifiques motifs, sur papier d'impression photo, avec une reliure spirale robuste.\r\nDURABLE - r\u00e9duction significative des d\u00e9chets gr\u00e2ce \u00e0 une fabrication sur papier certifi\u00e9 FSC \u00e0 l'unit\u00e9 et sur demande, production dans l'UE, logistique \u00e9cologique.\r\nCADEAU ID\u00c9AL - destin\u00e9 \u00e0 vos contacts priv\u00e9s ou professionnels, \u00e0 la famille ou aux amis, aux jeunes adultes ou aux moins jeunes,  pour un cadeau de No\u00ebl ou d'anniversaire ou juste pour le plaisir d'offrir.\r\nDIVERSIFI\u00c9 - de nombreux formats DIN A4 ou DIN A3, pour s'adapter \u00e0 toutes vos envies et vos cadres de vie.\r\nDes chemins \u00e0 travers des paysages vastes par l'auteur(rice): Marco Warstat","authors":["Marco Warstat"],"category_codes":["4000000","4010000","4010200"],"visuals":{"large":"https:\/\/images.epagine.fr\/458\/9783516525458_1_75.jpg","medium":"https:\/\/images.epagine.fr\/458\/9783516525458_1_m.jpg","thumbnail":"https:\/\/images.epagine.fr\/458\/9783516525458_1_v.jpg"},"orderable":true,"show_badge":true,"formatted_price":"0,00&nbsp;\u20ac","formatted_published_date":"14 mai 2025","publisher_availability_label":"Sur commande","short_details":"Marco Warstat \u2014 CALVENDO","translator":null,"weight":165,"page_count":14,"readership":null,"editor":"CALVENDO","price":0,"published_date":"2025-05-13T22:00:00.000000Z","support":"Calendrier","publisher_availability":1,"stock":0,"editions":[],"url":"https:\/\/quaidesbrumes.com\/ouvrage\/9783516525458\/trouver-sa-voie-des-paysages-qui-font-rever-calendrier-de-bureau-2026-din-a5-vertical-calvendo-calendrier-mensuel-des-chemins-a-travers-des-paysages-vastes"},{"id":"9783516525601","title":"Solitude verdoyante (Calendrier mural 2026 DIN A2 vertical), CALVENDO calendrier mensuel : Arbres seuls dans la campagne en toutes saisons","description":"Chaque arbre, qu'il soit un ch\u00eane imposant ou un pin \u00e9lanc\u00e9, se dresse fi\u00e8rement au milieu d'un paysage vaste et ouvert. Ces arbres, isol\u00e9s, \u00e9voquent un sentiment de solitude et de s\u00e9r\u00e9nit\u00e9, invitant \u00e0 la contemplation et \u00e0 la connexion avec la nature. Ils peuvent \u00e9galement symboliser la r\u00e9silience et la force, t\u00e9moignant du passage du temps et des saisons.\r\n\r\nCalendrier mural de qualit\u00e9 sup\u00e9rieure avec 12 magnifiques photos. L'environnement nous tient \u00e0 coeur. C'est pourquoi nous utilisons exclusivement du papier certifi\u00e9 FSC provenant de for\u00eats g\u00e9r\u00e9es de mani\u00e8re \u00e9coresponsable. Nous \u00e9vitons la surproduction et donc des quantit\u00e9s significatives de d\u00e9chets, en produisant dans l'UE \u00e0 l'unit\u00e9 et sur demande. Nous r\u00e9duisons nos distances de transport et assurons une logistique respectueuse de l'environnement.\r\n\r\n14 pages dont 1 couverture | 12 pages mensuelles | 1 page d'index | dos cartonn\u00e9\r\n\r\nCe calendrier \u00e0 succ\u00e8s a \u00e9t\u00e9 r\u00e9\u00e9dit\u00e9 cette ann\u00e9e avec les m\u00eames images et une grille calendaire mise \u00e0 jour.\r\n\r\nIllustrations:\r\nJanvier: Solitude \u00e9l\u00e9gante\r\nF\u00e9vrier: L'arbre nu gardien des champs\r\nMars: \u00c9quilibre naturel\r\nAvril: Solitude majestueuse\r\nMai:  L'arbre verdoyant au bord du chemin\r\nJuin: R\u00e9silience lumineuse\r\nJuillet: Les t\u00e9moins silencieux du temps\r\nAo\u00fbt: L'arbre et son ombre dans l'immensit\u00e9 du champ\r\nSeptembre:  T\u00e9moin silencieux des saisons\r\nOctobre: Les gardiens des champs\r\nNovembre: Un arbre d\u00e9nud\u00e9 veille sur l'abri de vigne\r\nD\u00e9cembre: L'arbre myst\u00e9rieux au coeur de la brume\r\n\r\nQUALITATIF - un calendrier annuel de qualit\u00e9 sup\u00e9rieure avec 12 magnifiques motifs, sur papier d'impression photo, avec une reliure spirale robuste et un crochet de suspension.\r\nDURABLE - r\u00e9duction significative des d\u00e9chets gr\u00e2ce \u00e0 une fabrication sur papier certifi\u00e9 FSC \u00e0 l'unit\u00e9 et sur demande, production dans l'UE, logistique \u00e9cologique.\r\nCADEAU ID\u00c9AL - destin\u00e9 \u00e0 vos contacts priv\u00e9s ou professionnels, \u00e0 la famille ou aux amis, aux jeunes adultes ou aux moins jeunes,  pour un cadeau de No\u00ebl ou d'anniversaire ou juste pour le plaisir d'offrir.\r\nDIVERSIFI\u00c9 - de nombreux formats DIN A4 ou DIN A3, pour s'adapter \u00e0 toutes vos envies et vos cadres de vie.\r\nArbres seuls dans la campagne en toutes saisons par l'auteur(rice): thierry planche","authors":["Thierry Planche"],"category_codes":["4000000","4010000","4010200"],"visuals":{"large":"https:\/\/images.epagine.fr\/601\/9783516525601_1_75.jpg","medium":"https:\/\/images.epagine.fr\/601\/9783516525601_1_m.jpg","thumbnail":"https:\/\/images.epagine.fr\/601\/9783516525601_1_v.jpg"},"orderable":true,"show_badge":true,"formatted_price":"0,00&nbsp;\u20ac","formatted_published_date":"14 mai 2025","publisher_availability_label":"Sur commande","short_details":"Thierry Planche \u2014 CALVENDO","translator":null,"weight":940,"page_count":14,"readership":null,"editor":"CALVENDO","price":0,"published_date":"2025-05-13T22:00:00.000000Z","support":"Calendrier","publisher_availability":1,"stock":0,"editions":[],"url":"https:\/\/quaidesbrumes.com\/ouvrage\/9783516525601\/solitude-verdoyante-calendrier-mural-2026-din-a2-vertical-calvendo-calendrier-mensuel-arbres-seuls-dans-la-campagne-en-toutes-saisons"},{"id":"9783516525656","title":"Trouver sa voie - Des paysages qui font r\u00eaver  (Calendrier mural 2026 DIN A2 vertical) calendrier de bureau : Des chemins \u00e0 travers des paysages vastes","description":"D\u00e9couvrez des chemins qui m\u00e8nent \u00e0 des paysages vastes et magnifiques, chacun invitant \u00e0 la contemplation et \u00e0 l'exploration. Des for\u00eats paisibles aux c\u00f4tes infinies en passant par des montagnes escarp\u00e9es, chaque image capture la diversit\u00e9 naturelle et l'harmonie du monde. Cr\u00e9\u00e9 avec l'aide de l'IA, ce calendrier offre des perspectives uniques et inspirantes.\r\n\r\nImpression d'art premium en haute brillance de qualit\u00e9 mus\u00e9e. Pour que les feuilles de papier soient bien accroch\u00e9es au mur, ce calendrier haut de gamme est dot\u00e9 de pochettes innovantes. Elles prot\u00e8gent les grandes feuilles des effets de l'humidit\u00e9 de l'air. Le papier est un mat\u00e9riau naturel. Les fibres r\u00e9agissent aux variations du climat ambiant. Il est donc conseill\u00e9 de ne pas retirer les pochettes d'insertion.\r\n\r\nNotre environnement nous tient \u00e0 coeur, c'est pourquoi nous misons sur une fabrication individuelle en Allemagne (Made in Germany) avec des mat\u00e9riaux de qualit\u00e9 sup\u00e9rieure.\r\n\r\n14 pages dont 1 couverture | 12 pages mensuelles | 1 page d'index I dos cartonn\u00e9.\r\n\r\n\r\nCe calendrier \u00e0 succ\u00e8s a \u00e9t\u00e9 r\u00e9\u00e9dit\u00e9 cette ann\u00e9e avec les m\u00eames images et une grille calendaire mise \u00e0 jour.\r\n\r\nIllustrations:\r\nJanvier: Sentier de cr\u00eate de montagne\r\nF\u00e9vrier: Digue vers la mer\r\nMars: Escaliers vers la plage\r\nAvril: Sentier dans les montagnes\r\nMai: Chemin c\u00f4tier rocheux\r\nJuin: Clairi\u00e8re dans la for\u00eat tropicale\r\nJuillet: Chemin de campagne \u00e0 travers des fleurs\r\nAo\u00fbt: Sentier sablonneux dans la bruy\u00e8re\r\nSeptembre: Sentier forestier au cr\u00e9puscule\r\nOctobre: Passerelle en bois dans le marais\r\nNovembre: Sentier le long de la rivi\u00e8re\r\nD\u00e9cembre: Voie ferr\u00e9e sur la mer\r\n\r\nLIGNE PREMIUM - Calendrier photo brillant avec 12 magnifiques motifs, impression d'art en haute brillance de qualit\u00e9 mus\u00e9e\r\nQUALIT\u00c9 - mat\u00e9riaux nobles, dos solide avec 2 pochettes innovantes pour une pr\u00e9sentation optimale au mur\r\nDURABLE - nette r\u00e9duction des d\u00e9chets gr\u00e2ce \u00e0 une fabrication \u00e0 l'unit\u00e9 adapt\u00e9e aux besoins, papier certifi\u00e9 FSC respectueux de l'environnement, production en Allemagne, logistique respectueuse du climat.\r\nCADEAU PARFAIT - calendrier pour les amis et la famille, pour les enfants et les adultes, les jeunes et les moins jeunes, pour No\u00ebl, les anniversaires ou entre deux.\r\nDes chemins \u00e0 travers des paysages vastes par l'auteur(rice): Marco Warstat","authors":["Marco Warstat"],"category_codes":["4000000","4010000","4010200"],"visuals":{"large":"https:\/\/images.epagine.fr\/656\/9783516525656_1_75.jpg","medium":"https:\/\/images.epagine.fr\/656\/9783516525656_1_m.jpg","thumbnail":"https:\/\/images.epagine.fr\/656\/9783516525656_1_v.jpg"},"orderable":true,"show_badge":true,"formatted_price":"0,00&nbsp;\u20ac","formatted_published_date":"14 mai 2025","publisher_availability_label":"Sur commande","short_details":"Marco Warstat \u2014 CALVENDO","translator":null,"weight":1280,"page_count":14,"readership":null,"editor":"CALVENDO","price":0,"published_date":"2025-05-13T22:00:00.000000Z","support":"Calendrier","publisher_availability":1,"stock":0,"editions":[],"url":"https:\/\/quaidesbrumes.com\/ouvrage\/9783516525656\/trouver-sa-voie-des-paysages-qui-font-rever-calendrier-mural-2026-din-a2-vertical-calendrier-de-bureau-des-chemins-a-travers-des-paysages-vastes"},{"id":"9783516525953","title":"Solitude verdoyante (Calendrier de bureau 2026 DIN A5 vertical), CALVENDO calendrier mensuel : Arbres seuls dans la campagne en toutes saisons","description":"Chaque arbre, qu'il soit un ch\u00eane imposant ou un pin \u00e9lanc\u00e9, se dresse fi\u00e8rement au milieu d'un paysage vaste et ouvert. Ces arbres, isol\u00e9s, \u00e9voquent un sentiment de solitude et de s\u00e9r\u00e9nit\u00e9, invitant \u00e0 la contemplation et \u00e0 la connexion avec la nature. Ils peuvent \u00e9galement symboliser la r\u00e9silience et la force, t\u00e9moignant du passage du temps et des saisons.\r\n\r\nCalendrier de bureau de qualit\u00e9 sup\u00e9rieure avec 12 magnifiques photos. L'environnement nous tient \u00e0 coeur. C'est pourquoi nous utilisons exclusivement du papier certifi\u00e9 FSC provenant de for\u00eats g\u00e9r\u00e9es de mani\u00e8re \u00e9coresponsable. Nous \u00e9vitons la surproduction et donc des quantit\u00e9s significatives de d\u00e9chets, en produisant dans l'UE \u00e0 l'unit\u00e9 et sur demande. Nous r\u00e9duisons nos distances de transport et assurons une logistique respectueuse de l'environnement.\r\n\r\n14 pages dont 1 couverture | 12 pages mensuelles | 1 page d'index I dos cartonn\u00e9.\r\n\r\nCe calendrier \u00e0 succ\u00e8s a \u00e9t\u00e9 r\u00e9\u00e9dit\u00e9 cette ann\u00e9e avec les m\u00eames images et une grille calendaire mise \u00e0 jour.\r\n\r\nIllustrations:\r\nJanvier: Solitude \u00e9l\u00e9gante\r\nF\u00e9vrier: L'arbre nu gardien des champs\r\nMars: \u00c9quilibre naturel\r\nAvril: Solitude majestueuse\r\nMai:  L'arbre verdoyant au bord du chemin\r\nJuin: R\u00e9silience lumineuse\r\nJuillet: Les t\u00e9moins silencieux du temps\r\nAo\u00fbt: L'arbre et son ombre dans l'immensit\u00e9 du champ\r\nSeptembre:  T\u00e9moin silencieux des saisons\r\nOctobre: Les gardiens des champs\r\nNovembre: Un arbre d\u00e9nud\u00e9 veille sur l'abri de vigne\r\nD\u00e9cembre: L'arbre myst\u00e9rieux au coeur de la brume\r\n\r\nQUALITATIF - un calendrier annuel de qualit\u00e9 sup\u00e9rieure avec 12 magnifiques motifs, sur papier d'impression photo, avec une reliure spirale robuste.\r\nDURABLE - r\u00e9duction significative des d\u00e9chets gr\u00e2ce \u00e0 une fabrication sur papier certifi\u00e9 FSC \u00e0 l'unit\u00e9 et sur demande, production dans l'UE, logistique \u00e9cologique.\r\nCADEAU ID\u00c9AL - destin\u00e9 \u00e0 vos contacts priv\u00e9s ou professionnels, \u00e0 la famille ou aux amis, aux jeunes adultes ou aux moins jeunes,  pour un cadeau de No\u00ebl ou d'anniversaire ou juste pour le plaisir d'offrir.\r\nDIVERSIFI\u00c9 - de nombreux formats DIN A4 ou DIN A3, pour s'adapter \u00e0 toutes vos envies et vos cadres de vie.\r\nArbres seuls dans la campagne en toutes saisons par l'auteur(rice): thierry planche","authors":["Thierry Planche"],"category_codes":["4000000","4010000","4010200"],"visuals":{"large":"https:\/\/images.epagine.fr\/953\/9783516525953_1_75.jpg","medium":"https:\/\/images.epagine.fr\/953\/9783516525953_1_m.jpg","thumbnail":"https:\/\/images.epagine.fr\/953\/9783516525953_1_v.jpg"},"orderable":true,"show_badge":true,"formatted_price":"0,00&nbsp;\u20ac","formatted_published_date":"14 mai 2025","publisher_availability_label":"Sur commande","short_details":"Thierry Planche \u2014 CALVENDO","translator":null,"weight":165,"page_count":14,"readership":null,"editor":"CALVENDO","price":0,"published_date":"2025-05-13T22:00:00.000000Z","support":"Calendrier","publisher_availability":1,"stock":0,"editions":[],"url":"https:\/\/quaidesbrumes.com\/ouvrage\/9783516525953\/solitude-verdoyante-calendrier-de-bureau-2026-din-a5-vertical-calvendo-calendrier-mensuel-arbres-seuls-dans-la-campagne-en-toutes-saisons"},{"id":"9783516526172","title":"Solitude verdoyante  (Calendrier mural 2026 DIN A2 vertical) calendrier de bureau : Arbres seuls dans la campagne en toutes saisons","description":"Chaque arbre, qu'il soit un ch\u00eane imposant ou un pin \u00e9lanc\u00e9, se dresse fi\u00e8rement au milieu d'un paysage vaste et ouvert. Ces arbres, isol\u00e9s, \u00e9voquent un sentiment de solitude et de s\u00e9r\u00e9nit\u00e9, invitant \u00e0 la contemplation et \u00e0 la connexion avec la nature. Ils peuvent \u00e9galement symboliser la r\u00e9silience et la force, t\u00e9moignant du passage du temps et des saisons.\r\n\r\nImpression d'art premium en haute brillance de qualit\u00e9 mus\u00e9e. Pour que les feuilles de papier soient bien accroch\u00e9es au mur, ce calendrier haut de gamme est dot\u00e9 de pochettes innovantes. Elles prot\u00e8gent les grandes feuilles des effets de l'humidit\u00e9 de l'air. Le papier est un mat\u00e9riau naturel. Les fibres r\u00e9agissent aux variations du climat ambiant. Il est donc conseill\u00e9 de ne pas retirer les pochettes d'insertion.\r\n\r\nNotre environnement nous tient \u00e0 coeur, c'est pourquoi nous misons sur une fabrication individuelle en Allemagne (Made in Germany) avec des mat\u00e9riaux de qualit\u00e9 sup\u00e9rieure.\r\n\r\n14 pages dont 1 couverture | 12 pages mensuelles | 1 page d'index I dos cartonn\u00e9.\r\n\r\n\r\nCe calendrier \u00e0 succ\u00e8s a \u00e9t\u00e9 r\u00e9\u00e9dit\u00e9 cette ann\u00e9e avec les m\u00eames images et une grille calendaire mise \u00e0 jour.\r\n\r\nIllustrations:\r\nJanvier: Solitude \u00e9l\u00e9gante\r\nF\u00e9vrier: L'arbre nu gardien des champs\r\nMars: \u00c9quilibre naturel\r\nAvril: Solitude majestueuse\r\nMai:  L'arbre verdoyant au bord du chemin\r\nJuin: R\u00e9silience lumineuse\r\nJuillet: Les t\u00e9moins silencieux du temps\r\nAo\u00fbt: L'arbre et son ombre dans l'immensit\u00e9 du champ\r\nSeptembre:  T\u00e9moin silencieux des saisons\r\nOctobre: Les gardiens des champs\r\nNovembre: Un arbre d\u00e9nud\u00e9 veille sur l'abri de vigne\r\nD\u00e9cembre: L'arbre myst\u00e9rieux au coeur de la brume\r\n\r\nLIGNE PREMIUM - Calendrier photo brillant avec 12 magnifiques motifs, impression d'art en haute brillance de qualit\u00e9 mus\u00e9e\r\nQUALIT\u00c9 - mat\u00e9riaux nobles, dos solide avec 2 pochettes innovantes pour une pr\u00e9sentation optimale au mur\r\nDURABLE - nette r\u00e9duction des d\u00e9chets gr\u00e2ce \u00e0 une fabrication \u00e0 l'unit\u00e9 adapt\u00e9e aux besoins, papier certifi\u00e9 FSC respectueux de l'environnement, production en Allemagne, logistique respectueuse du climat.\r\nCADEAU PARFAIT - calendrier pour les amis et la famille, pour les enfants et les adultes, les jeunes et les moins jeunes, pour No\u00ebl, les anniversaires ou entre deux.\r\nArbres seuls dans la campagne en toutes saisons par l'auteur(rice): thierry planche","authors":["Thierry Planche"],"category_codes":["4000000","4010000","4010200"],"visuals":{"large":"https:\/\/images.epagine.fr\/172\/9783516526172_1_75.jpg","medium":"https:\/\/images.epagine.fr\/172\/9783516526172_1_m.jpg","thumbnail":"https:\/\/images.epagine.fr\/172\/9783516526172_1_v.jpg"},"orderable":true,"show_badge":true,"formatted_price":"0,00&nbsp;\u20ac","formatted_published_date":"14 mai 2025","publisher_availability_label":"Sur commande","short_details":"Thierry Planche \u2014 CALVENDO","translator":null,"weight":1280,"page_count":14,"readership":null,"editor":"CALVENDO","price":0,"published_date":"2025-05-13T22:00:00.000000Z","support":"Calendrier","publisher_availability":1,"stock":0,"editions":[],"url":"https:\/\/quaidesbrumes.com\/ouvrage\/9783516526172\/solitude-verdoyante-calendrier-mural-2026-din-a2-vertical-calendrier-de-bureau-arbres-seuls-dans-la-campagne-en-toutes-saisons"},{"id":"9781291773019","title":"La Feuille 2019 : Lois, r\u00e8glements, d\u00e9cisions de justice en droit forestier","description":"Le recensement de toutes les lois, d\u00e9crets, d\u00e9cisions de justice, questions pos\u00e9es au Parlement \u00e0 un ministre, soit en texte int\u00e9gral, soit en r\u00e9sum\u00e9, pour l'ann\u00e9e 2019.Un index tr\u00e8s riche compl\u00e8te l'acc\u00e8s \u00e0 toute cette actualit\u00e9.Ceci pour le droit forestier, pour ces for\u00eats si utiles au climat, \u00e0 l'oxyg\u00e8ne, au stockage du carbone, etc?.","authors":["Michel Lagarde"],"category_codes":["4000000","4010000","4010300"],"visuals":{"large":"https:\/\/images.epagine.fr\/019\/9781291773019_1_75.jpg","medium":"https:\/\/images.epagine.fr\/019\/9781291773019_1_m.jpg","thumbnail":"https:\/\/images.epagine.fr\/019\/9781291773019_1_v.jpg"},"orderable":true,"show_badge":true,"formatted_price":"24,33&nbsp;\u20ac","formatted_published_date":"16 ao\u00fbt 2022","publisher_availability_label":"Sur commande","short_details":"Michel Lagarde \u2014 LULU","translator":null,"weight":173,"page_count":135,"readership":null,"editor":"LULU","price":2433,"published_date":"2022-08-15T22:00:00.000000Z","support":"Poche","publisher_availability":1,"stock":0,"editions":[],"url":"https:\/\/quaidesbrumes.com\/ouvrage\/9781291773019\/la-feuille-2019-lois-reglements-decisions-de-justice-en-droit-forestier"},{"id":"9781716625497","title":"NOUVELLES DE L'ANTHROPOC\u00c8NE","description":"Qu'y a-t-il de commun entre l'an\u00e9antissement d'une esp\u00e8ce animale, ou d'un \u00eatre humain pris dans les pi\u00e8ges de la grande industrie, ou d'un petit vallon de montagne, ou d'une culture ancienne ou d'un simple arbre ? que se passerait-il si nous nous apercevions que nous ne sommes pas seuls, ou si notre soci\u00e9t\u00e9 s'\u00e9ffondrait ? autant de questions propres \u00e0 cette \u00e8re d'anthropoc\u00e8ne dans laquelle nous sommes d\u00e9sormais.","authors":["Jean Moussa"],"category_codes":["4000000","4010000","4010300"],"visuals":{"large":"https:\/\/images.epagine.fr\/497\/9781716625497_1_75.jpg","medium":"https:\/\/images.epagine.fr\/497\/9781716625497_1_m.jpg","thumbnail":"https:\/\/images.epagine.fr\/497\/9781716625497_1_v.jpg"},"orderable":true,"show_badge":true,"formatted_price":"22,16&nbsp;\u20ac","formatted_published_date":"16 ao\u00fbt 2022","publisher_availability_label":"Sur commande","short_details":"Jean Moussa \u2014 LULU","translator":null,"weight":422,"page_count":351,"readership":null,"editor":"LULU","price":2216,"published_date":"2022-08-15T22:00:00.000000Z","support":"Poche","publisher_availability":1,"stock":0,"editions":[],"url":"https:\/\/quaidesbrumes.com\/ouvrage\/9781716625497\/nouvelles-de-lanthropocene"},{"id":"9781736325407","title":"Une Terre d'\u00c9meraude : Cultiver une Spiritualit\u00e9 Naturelle et Servir la Beaut\u00e9 Cr\u00e9ative dans Notre Monde","description":"Une Terre d'\u00c9meraude c\u00e9l\u00e8bre une spiritualit\u00e9 naturelle enracin\u00e9e dans la vie quotidienne. Puisant dans les enseignements universels du ma\u00eetre soufi Hazrat Inayat Khan sur le \u00ab moi naturel \u00bb, cet ouvrage nous invite \u00e0 nettoyer le miroir du coeur et \u00e0 restaurer la connexion profonde avec toute la cr\u00e9ation. Il compare le d\u00e9veloppement de notre \u00eatre au processus de la culture d'un champ ou d'un jardin pour y produire de la f\u00e9condit\u00e9. Notre \u00e9tat naturel r\u00e9sonne avec la Nature, il est r\u00e9ceptif \u00e0 la beaut\u00e9 et \u00e0 la cr\u00e9ativit\u00e9 de l'expression en perp\u00e9tuelle qu\u00eate d'harmonie dans nos vies. Incorporation des pratiques de m\u00e9ditation, de riches histoires \u00e9difiantes et de la po\u00e9sie des traditions mystiques soufies, bouddhiques et autres, Une Terre d'\u00c9meraude affirme le pouvoir infini du coeur, montrant la voie vers un monde meilleur et une spiritualit\u00e9 fond\u00e9e sur le service \u00e0 toute la vie.","authors":["Felicia Norton","Charles Smith","Viviane Tourtet"],"category_codes":["4000000","4010000","4010300"],"visuals":{"large":"https:\/\/images.epagine.fr\/407\/9781736325407_1_75.jpg","medium":"https:\/\/images.epagine.fr\/407\/9781736325407_1_m.jpg","thumbnail":"https:\/\/images.epagine.fr\/407\/9781736325407_1_v.jpg"},"orderable":true,"show_badge":true,"formatted_price":"18,37&nbsp;\u20ac","formatted_published_date":"16 ao\u00fbt 2022","publisher_availability_label":"Sur commande","short_details":"Felicia Norton, Charles Smith, Viviane Tourtet \u2014 LULU","translator":"Viviane Tourtet","weight":303,"page_count":208,"readership":null,"editor":"LULU","price":1837,"published_date":"2022-08-15T22:00:00.000000Z","support":"Poche","publisher_availability":1,"stock":0,"editions":[],"url":"https:\/\/quaidesbrumes.com\/ouvrage\/9781736325407\/une-terre-demeraude-cultiver-une-spiritualite-naturelle-et-servir-la-beaute-creative-dans-notre-monde"},{"id":"9783516526417","title":"La vie de nos prairies - Demoiselles et libellules (Calendrier mural 2026 DIN A4 vertical), CALVENDO calendrier mensuel : \u00c0 la d\u00e9couverte des petites b\u00eates de nos prairies","description":"Nos prairies regorgent de vies m\u00e9connues. Les libellules et autres demoiselles font partie des \u00eatres que l'on connait le plus. Leurs vols et l\u00e9g\u00e8ret\u00e9 nous font r\u00eaver. En s'approchant un peu plus nous pouvons d\u00e9couvrir leurs t\u00eates \u00e9tonnantes.\r\n\r\nCalendrier mural de qualit\u00e9 sup\u00e9rieure avec 12 magnifiques photos. L'environnement nous tient \u00e0 coeur. C'est pourquoi nous utilisons exclusivement du papier certifi\u00e9 FSC provenant de for\u00eats g\u00e9r\u00e9es de mani\u00e8re \u00e9coresponsable. Nous \u00e9vitons la surproduction et donc des quantit\u00e9s significatives de d\u00e9chets, en produisant dans l'UE \u00e0 l'unit\u00e9 et sur demande. Nous r\u00e9duisons nos distances de transport et assurons une logistique respectueuse de l'environnement.\r\n\r\n14 pages dont 1 couverture | 12 pages mensuelles | 1 page d'index | dos cartonn\u00e9\r\n\r\nCe calendrier \u00e0 succ\u00e8s a \u00e9t\u00e9 r\u00e9\u00e9dit\u00e9 cette ann\u00e9e avec les m\u00eames images et une grille calendaire mise \u00e0 jour.\r\n\r\nIllustrations:\r\nJanvier: Pennipatte blanch\u00e2tre\r\nF\u00e9vrier: Symp\u00e9trum \u00e9carlate\r\nMars: Pennipatte blanch\u00e2tre\r\nAvril: Pennipatte bleu\u00e2tre\r\nMai: Pennipatte blanch\u00e2tre\r\nJuin: Pennipatte bleu\u00e2tre\r\nJuillet: Symp\u00e9trum \u00e9carlate\r\nAo\u00fbt: Un moment de tendresse\r\nSeptembre: Symp\u00e9trum \u00e9carlate\r\nOctobre: Symp\u00e9trum jaune d'or\r\nNovembre: Symp\u00e9trum\r\nD\u00e9cembre: Pennipatte blanch\u00e2tre\r\n\r\nQUALITATIF - un calendrier annuel de qualit\u00e9 sup\u00e9rieure avec 12 magnifiques motifs, sur papier d'impression photo, avec une reliure spirale robuste et un crochet de suspension.\r\nDURABLE - r\u00e9duction significative des d\u00e9chets gr\u00e2ce \u00e0 une fabrication sur papier certifi\u00e9 FSC \u00e0 l'unit\u00e9 et sur demande, production dans l'UE, logistique \u00e9cologique.\r\nCADEAU ID\u00c9AL - destin\u00e9 \u00e0 vos contacts priv\u00e9s ou professionnels, \u00e0 la famille ou aux amis, aux jeunes adultes ou aux moins jeunes,  pour un cadeau de No\u00ebl ou d'anniversaire ou juste pour le plaisir d'offrir.\r\nDIVERSIFI\u00c9 - de nombreux formats DIN A4 ou DIN A3, pour s'adapter \u00e0 toutes vos envies et vos cadres de vie.\r\n\u00c0 la d\u00e9couverte des petites b\u00eates de nos prairies par l'auteur(rice): Alain Gaymard","authors":["Alain Gaymard"],"category_codes":["4000000","4010000","4010200"],"visuals":{"large":"https:\/\/images.epagine.fr\/417\/9783516526417_1_75.jpg","medium":"https:\/\/images.epagine.fr\/417\/9783516526417_1_m.jpg","thumbnail":"https:\/\/images.epagine.fr\/417\/9783516526417_1_v.jpg"},"orderable":true,"show_badge":true,"formatted_price":"0,00&nbsp;\u20ac","formatted_published_date":"14 mai 2025","publisher_availability_label":"Sur commande","short_details":"Alain Gaymard \u2014 CALVENDO","translator":null,"weight":210,"page_count":14,"readership":null,"editor":"CALVENDO","price":0,"published_date":"2025-05-13T22:00:00.000000Z","support":"Calendrier","publisher_availability":1,"stock":0,"editions":[],"url":"https:\/\/quaidesbrumes.com\/ouvrage\/9783516526417\/la-vie-de-nos-prairies-demoiselles-et-libellules-calendrier-mural-2026-din-a4-vertical-calvendo-calendrier-mensuel-a-la-decouverte-des-petites-betes-de-nos-prairies"},{"id":"9783516527360","title":"La vie de nos prairies - Demoiselles et libellules (Calendrier mural 2026 DIN A3 vertical), CALVENDO calendrier mensuel : \u00c0 la d\u00e9couverte des petites b\u00eates de nos prairies","description":"Nos prairies regorgent de vies m\u00e9connues. Les libellules et autres demoiselles font partie des \u00eatres que l'on connait le plus. Leurs vols et l\u00e9g\u00e8ret\u00e9 nous font r\u00eaver. En s'approchant un peu plus nous pouvons d\u00e9couvrir leurs t\u00eates \u00e9tonnantes.\r\n\r\nCalendrier mural de qualit\u00e9 sup\u00e9rieure avec 12 magnifiques photos. L'environnement nous tient \u00e0 coeur. C'est pourquoi nous utilisons exclusivement du papier certifi\u00e9 FSC provenant de for\u00eats g\u00e9r\u00e9es de mani\u00e8re \u00e9coresponsable. Nous \u00e9vitons la surproduction et donc des quantit\u00e9s significatives de d\u00e9chets, en produisant dans l'UE \u00e0 l'unit\u00e9 et sur demande. Nous r\u00e9duisons nos distances de transport et assurons une logistique respectueuse de l'environnement.\r\n\r\n14 pages dont 1 couverture | 12 pages mensuelles | 1 page d'index | dos cartonn\u00e9\r\n\r\nCe calendrier \u00e0 succ\u00e8s a \u00e9t\u00e9 r\u00e9\u00e9dit\u00e9 cette ann\u00e9e avec les m\u00eames images et une grille calendaire mise \u00e0 jour.\r\n\r\nIllustrations:\r\nJanvier: Pennipatte blanch\u00e2tre\r\nF\u00e9vrier: Symp\u00e9trum \u00e9carlate\r\nMars: Pennipatte blanch\u00e2tre\r\nAvril: Pennipatte bleu\u00e2tre\r\nMai: Pennipatte blanch\u00e2tre\r\nJuin: Pennipatte bleu\u00e2tre\r\nJuillet: Symp\u00e9trum \u00e9carlate\r\nAo\u00fbt: Un moment de tendresse\r\nSeptembre: Symp\u00e9trum \u00e9carlate\r\nOctobre: Symp\u00e9trum jaune d'or\r\nNovembre: Symp\u00e9trum\r\nD\u00e9cembre: Pennipatte blanch\u00e2tre\r\n\r\nQUALITATIF - un calendrier annuel de qualit\u00e9 sup\u00e9rieure avec 12 magnifiques motifs, sur papier d'impression photo, avec une reliure spirale robuste et un crochet de suspension.\r\nDURABLE - r\u00e9duction significative des d\u00e9chets gr\u00e2ce \u00e0 une fabrication sur papier certifi\u00e9 FSC \u00e0 l'unit\u00e9 et sur demande, production dans l'UE, logistique \u00e9cologique.\r\nCADEAU ID\u00c9AL - destin\u00e9 \u00e0 vos contacts priv\u00e9s ou professionnels, \u00e0 la famille ou aux amis, aux jeunes adultes ou aux moins jeunes,  pour un cadeau de No\u00ebl ou d'anniversaire ou juste pour le plaisir d'offrir.\r\nDIVERSIFI\u00c9 - de nombreux formats DIN A4 ou DIN A3, pour s'adapter \u00e0 toutes vos envies et vos cadres de vie.\r\n\u00c0 la d\u00e9couverte des petites b\u00eates de nos prairies par l'auteur(rice): Alain Gaymard","authors":["Alain Gaymard"],"category_codes":["4000000","4010000","4010200"],"visuals":{"large":"https:\/\/images.epagine.fr\/360\/9783516527360_1_75.jpg","medium":"https:\/\/images.epagine.fr\/360\/9783516527360_1_m.jpg","thumbnail":"https:\/\/images.epagine.fr\/360\/9783516527360_1_v.jpg"},"orderable":true,"show_badge":true,"formatted_price":"0,00&nbsp;\u20ac","formatted_published_date":"14 mai 2025","publisher_availability_label":"Sur commande","short_details":"Alain Gaymard \u2014 CALVENDO","translator":null,"weight":460,"page_count":14,"readership":null,"editor":"CALVENDO","price":0,"published_date":"2025-05-13T22:00:00.000000Z","support":"Calendrier","publisher_availability":1,"stock":0,"editions":[],"url":"https:\/\/quaidesbrumes.com\/ouvrage\/9783516527360\/la-vie-de-nos-prairies-demoiselles-et-libellules-calendrier-mural-2026-din-a3-vertical-calvendo-calendrier-mensuel-a-la-decouverte-des-petites-betes-de-nos-prairies"}]}