{"data":[{"id":"9782759228706","title":"La conscience des animaux","description":"Les animaux peuvent-ils \u00e9prouver des \u00e9motions ? Ont-ils une histoire de vie ? L'Inra s'est saisi de ces questions en r\u00e9alisant une expertise scientifique collective sur la conscience animale. Cette expertise multidisciplinaire analysant un vaste corpus d'\u00e9tudes comportementales, cognitives et neurobiologiques, tend \u00e0 montrer l'existence de contenus \u00e9labor\u00e9s de conscience chez les animaux.","authors":["Le Neindre\/Dunier"],"category_codes":["4000000","4010000","4010300"],"visuals":{"large":"https:\/\/images.epagine.fr\/706\/9782759228706_1_75.jpg","medium":"https:\/\/images.epagine.fr\/706\/9782759228706_1_m.jpg","thumbnail":"https:\/\/images.epagine.fr\/706\/9782759228706_1_v.jpg"},"orderable":true,"show_badge":true,"formatted_price":"24,00&nbsp;\u20ac","formatted_published_date":"18 octobre 2018","publisher_availability_label":"Sur commande","short_details":"Le Neindre\/Dunier \u2014 Qu\u00e6","translator":null,"weight":501,"page_count":118,"readership":null,"editor":"Qu\u00e6","price":2400,"published_date":"2018-10-17T22:00:00.000000Z","support":"Grand format","publisher_availability":1,"stock":0,"editions":[],"url":"https:\/\/quaidesbrumes.com\/ouvrage\/9782759228706\/la-conscience-des-animaux"},{"id":"9782759227921","title":"Dans la peau des lezards de france - preface yves coppens","description":"\r\n  Un beau livre qui permet de d\u00e9couvrir les 21 esp\u00e8ces de l\u00e9zards sauvages vivant en France m\u00e9tropolitaine et de comprendre l'essentiel de leur biologie particuli\u00e8re et de leurs moeurs \u00e0 travers 250 photos exceptionnelles, prises en milieu naturel.\r\n","authors":["Serre Collet F."],"category_codes":["4000000","4010000"],"visuals":{"large":"https:\/\/images.epagine.fr\/921\/9782759227921_1_75.jpg","medium":"https:\/\/images.epagine.fr\/921\/9782759227921_1_m.jpg","thumbnail":"https:\/\/images.epagine.fr\/921\/9782759227921_1_v.jpg"},"orderable":true,"show_badge":true,"formatted_price":"26,00&nbsp;\u20ac","formatted_published_date":"25 octobre 2018","publisher_availability_label":"Sur commande","short_details":"Serre Collet F. \u2014 Qu\u00e6","translator":null,"weight":1040,"page_count":142,"readership":null,"editor":"Qu\u00e6","price":2600,"published_date":"2018-10-24T22:00:00.000000Z","support":"Grand format","publisher_availability":1,"stock":0,"editions":[],"url":"https:\/\/quaidesbrumes.com\/ouvrage\/9782759227921\/dans-la-peau-des-lezards-de-france-preface-yves-coppens"},{"id":"9782759228881","title":"Les animaux et le sexe - 60 cles pour comprendre","description":"\r\n  Entre des poissons qui changent de sexe, des canards avec un zizi en tire-bouchon, des araign\u00e9es m\u00e2les qui abandonnent leur organe copulatoire dans la femelle pour assurer leur paternit\u00e9 ou des moutons aux comportements homosexuels... le Kamasutra animal n'en finit pas de nous \u00e9tonner par sa prodigieuse (bio)diversit\u00e9. Tout ce que vous avez toujours voulu savoir sur le sexe \u00e0 poils, \u00e0 plumes ou \u00e0 \u00e9cailles !\r\n","authors":["Keller Matthieu"],"category_codes":["4000000","4010000"],"visuals":{"large":"https:\/\/images.epagine.fr\/881\/9782759228881_1_75.jpg","medium":"https:\/\/images.epagine.fr\/881\/9782759228881_1_m.jpg","thumbnail":"https:\/\/images.epagine.fr\/881\/9782759228881_1_v.jpg"},"orderable":true,"show_badge":true,"formatted_price":"18,00&nbsp;\u20ac","formatted_published_date":"15 novembre 2018","publisher_availability_label":"Sur commande","short_details":"Keller Matthieu \u2014 Qu\u00e6","translator":null,"weight":206,"page_count":110,"readership":null,"editor":"Qu\u00e6","price":1800,"published_date":"2018-11-14T23:00:00.000000Z","support":"Grand format","publisher_availability":1,"stock":0,"editions":[],"url":"https:\/\/quaidesbrumes.com\/ouvrage\/9782759228881\/les-animaux-et-le-sexe-60-cles-pour-comprendre"},{"id":"9782812612282","title":"40 promenades botaniques pour ne plus jamais confondre narcisses et jonquilles","description":"Alain et Marie-Jeanne G\u00e9nev\u00e9 nous guident dans la d\u00e9couverte de notre environnement et des nombreuses esp\u00e8ces v\u00e9g\u00e9tales qui y foisonnent \u00e0 travers quarante promenades botaniques aux quatre saisons. Ils explorent plus de 100 espaces naturels et d\u00e9crivent 460 esp\u00e8ces.","authors":["Alain G\u00e9nev\u00e9","Marie-jeanne G\u00e9nev\u00e9"],"category_codes":["4000000","4010000","4010500"],"visuals":{"large":"https:\/\/images.epagine.fr\/282\/9782812612282_1_75.jpg","medium":"https:\/\/images.epagine.fr\/282\/9782812612282_1_m.jpg","thumbnail":"https:\/\/images.epagine.fr\/282\/9782812612282_1_v.jpg"},"orderable":true,"show_badge":true,"formatted_price":"28,00&nbsp;\u20ac","formatted_published_date":"8 mars 2017","publisher_availability_label":"Sur commande","short_details":"Alain G\u00e9nev\u00e9, Marie-jeanne G\u00e9nev\u00e9 \u2014 Rouergue","translator":null,"weight":646,"page_count":256,"readership":null,"editor":"Rouergue","price":2800,"published_date":"2017-03-07T23:00:00.000000Z","support":"Grand format","publisher_availability":1,"stock":0,"editions":[],"url":"https:\/\/quaidesbrumes.com\/ouvrage\/9782812612282\/40-promenades-botaniques-pour-ne-plus-jamais-confondre-narcisses-et-jonquilles"},{"id":"9782373611908","title":"Le climat : de l'observation \u00e0 la mod\u00e9lisation ; br\u00e8ve histoire d'une \u00e9pop\u00e9e scientifique et technologique","description":"Face aux cons\u00e9quences d\u00e9sastreuses des changements climatiques, des milliers de scientifiques travaillent \u00e0 comprendre l'\u00e9tat actuel du climat et pr\u00e9dire son \u00e9volution future. Pourtant, il y a quelques d\u00e9cennies, la complexit\u00e9 de la \u00ab machine climatique terrestre \u00bb semblait d\u00e9passer largement les capacit\u00e9s humaines. La dynamique des fluides semblait trop impr\u00e9visible, les ph\u00e9nom\u00e8nes \u00e0 prendre en compte, trop nombreux, la Terre, trop vaste pour \u00eatre \u00e9tudi\u00e9e et comprise.\r\nDepuis, la science et la technologie ont fait des progr\u00e8s immenses. Des programmes internationaux de grande ampleur les ont motiv\u00e9s et guid\u00e9 en organisant des exp\u00e9ditions scientifiques sans pr\u00e9c\u00e9dents. Ces derni\u00e8res ont impliqu\u00e9 une multitude de navires, d'avions et de satellites bard\u00e9s d'appareils de mesure d'une vari\u00e9t\u00e9 et pr\u00e9cision inaccessibles trente ans auparavant. Si l'\u00e9tude du climat - ses dynamiques, ses bouleversements, sa \u00ab chaoticit\u00e9 \u00bb - requiert des th\u00e9ories d'une grande profondeur ainsi que des moyens de calcul puissants pour le mod\u00e9liser num\u00e9riquement, ce serait donc se m\u00e9prendre que de passer sous silence le travail consid\u00e9rable des r\u00e9centes d\u00e9cennies visant \u00e0 recueillir une pl\u00e9thore d'observations sans lesquelles aucune mod\u00e9lisation, aussi raffin\u00e9e soit-elle, ne \u00ab tiendrait debout \u00bb...\r\nC'est une br\u00e8ve histoire de cette \u00e9pop\u00e9e scientifique et technologique que ce livre vous propose de d\u00e9couvrir.\r\nEn collaboration avec Pierre Morel.\r\n","authors":["Ludovic Touze-Peiffe","Herv\u00e9 Le treut"],"category_codes":["4000000","4010000","4010300","4010303"],"visuals":{"large":"https:\/\/images.epagine.fr\/908\/9782373611908_1_75.jpg","medium":"https:\/\/images.epagine.fr\/908\/9782373611908_1_m.jpg","thumbnail":"https:\/\/images.epagine.fr\/908\/9782373611908_1_v.jpg"},"orderable":true,"show_badge":true,"formatted_price":"12,00&nbsp;\u20ac","formatted_published_date":"10 d\u00e9cembre 2018","publisher_availability_label":"Sur commande","short_details":"Ludovic Touze-Peiffe, Herv\u00e9 Le treut \u2014 Editions Materiologiques","translator":null,"weight":200,"page_count":null,"readership":null,"editor":"Editions Materiologiques","price":1200,"published_date":"2018-12-09T23:00:00.000000Z","support":"Grand format","publisher_availability":1,"stock":0,"editions":[],"url":"https:\/\/quaidesbrumes.com\/ouvrage\/9782373611908\/le-climat-de-lobservation-a-la-modelisation-breve-histoire-dune-epopee-scientifique-et-technologique"},{"id":"9782742725601","title":"Les Carnets du paysage n\u00b0 4 - D\u00e9sir de patrimoines","description":"Dossier sur le patrimoine du paysage.","authors":["Collectif"],"category_codes":["4000000","4010000","4010300"],"visuals":{"large":"https:\/\/images.epagine.fr\/601\/9782742725601_1_75.jpg","medium":"https:\/\/images.epagine.fr\/601\/9782742725601_1_m.jpg","thumbnail":"https:\/\/images.epagine.fr\/601\/9782742725601_1_v.jpg"},"orderable":true,"show_badge":true,"formatted_price":"18,60&nbsp;\u20ac","formatted_published_date":"8 d\u00e9cembre 1999","publisher_availability_label":"Sur commande","short_details":"Collectif \u2014 Actes Sud","translator":null,"weight":590,"page_count":192,"readership":null,"editor":"Actes Sud","price":1860,"published_date":"1999-12-07T23:00:00.000000Z","support":"Grand format","publisher_availability":1,"stock":0,"editions":[],"url":"https:\/\/quaidesbrumes.com\/ouvrage\/9782742725601\/les-carnets-du-paysage-n-4-desir-de-patrimoines"},{"id":"9791023606010","title":"Histoire du chat","description":"?Quelle est l'\u00e9volution de ce f\u00e9lin devenu aujourd'hui un animal domestique ?\r\nComme tous les animaux, le chat a une histoire, assortie de l\u00e9gendes noires ou dor\u00e9es. Ce petit f\u00e9lin a \u00e9galement une pr\u00e9histoire bien plus ancienne que celle de l'homme, et il en garde la m\u00e9moire. Enfin, les initi\u00e9s pr\u00eatent sept vies au Chat, voire neuf.\r\nC'est dire la richesse du personnage !\r\nCet ouvrage richement illustr\u00e9 vous propose de parcourir l'histoire du chat, depuis la pr\u00e9histoire jusqu'\u00e0 l'\u00e9poque contemporaine !\r\nEXTRAIT\r\nLouis XIII affectionne les chats qui sont rois \u00e0 sa cour, mais Richelieu, son principal ministre, les adore.\r\nLe cardinal reste dans l'Histoire comme le \u00ab sphinx \u00e0 robe rouge \u00bb qui a \u00ab foudroy\u00e9 plut\u00f4t que gouvern\u00e9 les humains \u00bb (Michelet) et tenu les femmes en pi\u00e8tre estime. Pour les chats, c'est un ma\u00eetre sans \u00e9gal.\r\nAu Palais Cardinal (sa r\u00e9sidence parisienne donnant sur le jardin de l'actuel Palais-Royal), il y a deux domestiques au service des chats, nourris au blanc de poulet. Une vaste pi\u00e8ce leur est r\u00e9serv\u00e9e, la chatterie attenante \u00e0 sa chambre, et son m\u00e9decin personnel veille sur leur sant\u00e9. Malgr\u00e9 sa t\u00e2che \u00e9puisante, le cardinal joue chaque matin avec eux et dort avec ses favoris. Ce grand malade des nerfs invente la \u00ab ronron-th\u00e9rapie \u00bb pratiqu\u00e9e de nos jours par les fans de chats. Il se d\u00e9tend en compagnie de ses amis fourr\u00e9s, avec un faible pour les Angoras et les chatons cach\u00e9s dans ses manches, au Conseil des ministres.\r\n\u00c0 PROPOS DE L'AUTEUR\r\nAuteur et chercheur en sciences humaines (CNRS), historienne et fan de chats, Mich\u00e8le Ressi lance le d\u00e9fi d'un petit livre-cadeau parfaitement illustr\u00e9 et document\u00e9, histoire de nous dire (presque) tout sur notre animal favori. Pari tenu en 100 pages et 100 images.","authors":["Mich\u00e8le Ressi"],"category_codes":["4000000","4010000"],"visuals":{"large":"https:\/\/images.epagine.fr\/010\/9791023606010_1_75.jpg","medium":"https:\/\/images.epagine.fr\/010\/9791023606010_1_m.jpg","thumbnail":"https:\/\/images.epagine.fr\/010\/9791023606010_1_v.jpg"},"orderable":true,"show_badge":true,"formatted_price":"10,00&nbsp;\u20ac","formatted_published_date":"30 novembre 2017","publisher_availability_label":"Sur commande","short_details":"Mich\u00e8le Ressi \u2014 Publishroom","translator":null,"weight":130,"page_count":null,"readership":null,"editor":"Publishroom","price":1000,"published_date":"2017-11-29T23:00:00.000000Z","support":"Grand format","publisher_availability":1,"stock":0,"editions":[],"url":"https:\/\/quaidesbrumes.com\/ouvrage\/9791023606010\/histoire-du-chat"},{"id":"9782322578924","title":"Sensitive water : Dynamization & Information : Which applications in agriculture ?","description":"In traditional societies, it is often believed that the Universe is one. If we hold to this supposition, each discipline suggests vision of the world based on its own concept and frame of reference. Therefore overall, everything is linked and closely interconnected. It is in this frame of mind that water is approached, from the little-known and little-documented angle of its \"sensitivity\" or \"dynamization\".\r\nThe goal here is to summarise all the research carried out on this topic, without making a catalogue out of it, but rather trying to retrace the Ariadne's thread in order to link the different results, and place each of them within a wider field of coherence and understanding.\r\nEach of these advances is supported by the results and thoughts of numerous researchers, each contributing a piece of the jigsaw according to his, or her, own speciality or approach (physical chemistry, biology, quantum mechanics, general relativity, dynamics, movement, and so forth). Nearly forty researchers from all over the world are involved, from the 1900s to the present day, including Jeanne Rousseau, Goethe, Theodor Schwenck, Marc Henry, Nassim Haramein, Gerald Pollack, and many others.\r\nBy analysing the work of each of them, the author gradually offers here an increasingly accurate, but also vast and coherent picture of the reality of water. The starting point is based on what is known and commonly accepted by the scientific community. Little by little, the study progresses in a field that is increasingly \"confidential\" and\/or underdeveloped at present, apart from in a few private or cutting-edge research environments. Three approaches are being explored: \r\n- the experimental way,\r\n- the observational way (artistic way),\r\n- the theoretical mathematical way with the three major sciences of today: Newton's classical mechanics (macroscopic scale), quantum mechanics (infinitely small scale) and Einstein's general relativity (infinitely large scale).","authors":["Mil\u00e8ne Souvignet"],"category_codes":["4000000","4010000","4010200"],"visuals":{"large":"https:\/\/images.epagine.fr\/924\/9782322578924_1_75.jpg","medium":"https:\/\/images.epagine.fr\/924\/9782322578924_1_m.jpg","thumbnail":"https:\/\/images.epagine.fr\/924\/9782322578924_1_v.jpg"},"orderable":true,"show_badge":true,"formatted_price":"28,00&nbsp;\u20ac","formatted_published_date":"17 septembre 2025","publisher_availability_label":"Sur commande","short_details":"Mil\u00e8ne Souvignet \u2014 Books on Demand","translator":null,"weight":493,"page_count":280,"readership":null,"editor":"Books on Demand","price":2800,"published_date":"2025-09-16T22:00:00.000000Z","support":"Grand format","publisher_availability":1,"stock":0,"editions":[],"url":"https:\/\/quaidesbrumes.com\/ouvrage\/9782322578924\/sensitive-water-dynamization-information-which-applications-in-agriculture"},{"id":"9782759241873","title":"Sustainable management of tropical forests","description":"Over the last thirty years, more than four hundred million hectares of tropical forest have been destroyed. Alongside this deforestation comes forest degradation, which in some regions of the world, such as the Amazon, affects an area just as large as deforestation. Safeguarding tropical forests has therefore become nothing less than a priority for the survival of humanity.\r\n\r\nOne way forward involves setting aside forests as protected areas, thereby limiting the use of their resources by humans. The other is to manage them sustainably, so that they continue to provide vital goods and services to local communities and society as a whole. Foresters favour this second method, based on the idea that a forest that is valued for the goods and services it provides to populations, the State and society will be protected and conserved.\r\n\r\nYet reality on the ground tells a different story. Illegal logging, which is still widespread in many tropical countries, causes significant damage to forest stands, undermining their ability to regenerate and withstand the effects of climate change. Timber harvesting is thus often blamed for a host of ills and widely regarded as the main driver of deforestation.\r\n\r\nThis book does not set out to justify logging. Instead, it offers a clear, factual and accessible account of its true environmental impacts. More importantly, it reveals how timber harvesting, rather than being an enemy, could become a powerful ally in the fight to conserve the world's tropical rainforests.\r\n\r\nThis book is available in French: Exploiter durablement les for\u00eats tropicales","authors":["Plinio Sist"],"category_codes":["4000000","4010000","4010200","4010207"],"visuals":{"large":"https:\/\/images.epagine.fr\/873\/9782759241873_1_75.jpg","medium":"https:\/\/images.epagine.fr\/873\/9782759241873_1_m.jpg","thumbnail":"https:\/\/images.epagine.fr\/873\/9782759241873_1_v.jpg"},"orderable":true,"show_badge":true,"formatted_price":"16,00&nbsp;\u20ac","formatted_published_date":"25 septembre 2025","publisher_availability_label":"Sur commande","short_details":"Plinio Sist \u2014 Qu\u00e6","translator":null,"weight":401,"page_count":92,"readership":null,"editor":"Qu\u00e6","price":1600,"published_date":"2025-09-24T22:00:00.000000Z","support":"Grand format","publisher_availability":1,"stock":0,"editions":[],"url":"https:\/\/quaidesbrumes.com\/ouvrage\/9782759241873\/sustainable-management-of-tropical-forests"},{"id":"9782705694487","title":"Cahiers critiques de philosophie n\u00b018 : Les aventures de la philosophie fran\u00e7aise en Am\u00e9rique latine (2)","description":"Jean-Pierre MARCOS : Pol\u00e9miques philosophiques fran\u00e7aises autour de?la psychanalyse et\u00a0de\u00a0la\u00a0question du Mod\u00e8le\r\nSergue\u00ef Panov?: ?De Bataille \u00e0 Deleuze : l'exp\u00e9rience postmoderne du d\u00e9sir ou l'usage chamanique de la prosopop\u00e9e jud\u00e9o-chr\u00e9tienne\r\nLouise Fert\u00e9 et Patrice Vermeren : Les ann\u00e9es climat\u00e9riques de la philosophie fran\u00e7aise en Am\u00e9rique du Sud\r\nBraulio Rojas Castro :  La disparition forc\u00e9e de personnes comme ?dispositif de\u00a0l'\u00e9conomie politique n\u00e9olib\u00e9rale\r\nTuillang Yuing Alfaro & Mariela Cecilia Avila :  Les usages biopolitiques pour penser la derni\u00e8re dictature chilienne\r\nCesar Candiotto :  Le n\u00e9olib\u00e9ralisme am\u00e9ricain et l'ambigu\u00a8it\u00e9 de l'homo oeconomicus  chez Michel Foucault\r\nPatricia Gonz\u00e1lez San Mart\u00edn :  Le marxisme anti-humaniste de Louis Althusser. Notes sur une divergence d'apr\u00e8s la philosophie chilienne\r\nLuz Mar\u00eda Lozano :  Foucault et Levinas dans le projet de la philosophie de la lib\u00e9ration d'Enrique Dussel\r\nObed Frausto Gatica : Les pol\u00e9miques entre deux traditions philosophiques : les positivistes et les spiritualistes dans la deuxi\u00e8me partie du xixe  si\u00e8cle au Mexique\r\nCarlos Contreras Guala : Autour de la d\u00e9finition de litt\u00e9rature au?xixe?si\u00e8cle\r\nSusana Villavicencio : ? Dilemmes de la r\u00e9publique en Argentine : races et fronti\u00e8res...\r\nJACQUES RANCI\u00c8RE & THIERRY BRIAULT :  Entretien sur la Plastique et le Sens Commun\r\nST\u00c9PHANE DOUAILLER : La voix  de Louis Gauny","authors":["Bruno Cany"],"category_codes":["4000000","4010000","4010200","4010208"],"visuals":{"large":"https:\/\/images.epagine.fr\/487\/9782705694487_1_75.jpg","medium":"https:\/\/images.epagine.fr\/487\/9782705694487_1_m.jpg","thumbnail":"https:\/\/images.epagine.fr\/487\/9782705694487_1_v.jpg"},"orderable":true,"show_badge":true,"formatted_price":"30,00&nbsp;\u20ac","formatted_published_date":"9 ao\u00fbt 2017","publisher_availability_label":"Sur commande","short_details":"Bruno Cany \u2014 Hermann","translator":null,"weight":285,"page_count":224,"readership":null,"editor":"Hermann","price":3000,"published_date":"2017-08-08T22:00:00.000000Z","support":"Grand format","publisher_availability":1,"stock":0,"editions":[],"url":"https:\/\/quaidesbrumes.com\/ouvrage\/9782705694487\/cahiers-critiques-de-philosophie-n18-les-aventures-de-la-philosophie-francaise-en-amerique-latine-2"},{"id":"9791035702861","title":"L'eau cycle 2","description":"Qu'est ce qu'un rallye-lecture ?\r\nUne fa\u00e7on originale d'aborder les grands th\u00e8mes li\u00e9s \u00e0 l'environement et d\u00e9veloppement durable. 8 Histoires courtes \u00e0 la fois fictions et documentaires","authors":["Thierry Bernard"],"category_codes":["4000000","4010000","4010200","4010208"],"visuals":{"large":"https:\/\/images.epagine.fr\/861\/9791035702861_1_75.jpg","medium":"https:\/\/images.epagine.fr\/861\/9791035702861_1_m.jpg","thumbnail":"https:\/\/images.epagine.fr\/861\/9791035702861_1_v.jpg"},"orderable":true,"show_badge":true,"formatted_price":"5,00&nbsp;\u20ac","formatted_published_date":"1er janvier 2021","publisher_availability_label":"Sur commande","short_details":"Thierry Bernard \u2014 Pemf","translator":null,"weight":201,"page_count":null,"readership":null,"editor":"Pemf","price":500,"published_date":"2020-12-31T23:00:00.000000Z","support":"Grand format","publisher_availability":1,"stock":0,"editions":[],"url":"https:\/\/quaidesbrumes.com\/ouvrage\/9791035702861\/leau-cycle-2"},{"id":"9791035702908","title":"La biodiversite cycle 2","description":"Qu'est ce qu'un rallye-lecture ?\r\nUne fa\u00e7on originale d'aborder les grands th\u00e8mes li\u00e9s \u00e0 l'environement et d\u00e9veloppement durable. 8 Histoires courtes \u00e0 la fois fictions et documentaires","authors":["Thierry Bernard"],"category_codes":["4000000","4010000","4010200","4010208"],"visuals":{"large":"https:\/\/images.epagine.fr\/908\/9791035702908_1_75.jpg","medium":"https:\/\/images.epagine.fr\/908\/9791035702908_1_m.jpg","thumbnail":"https:\/\/images.epagine.fr\/908\/9791035702908_1_v.jpg"},"orderable":true,"show_badge":true,"formatted_price":"5,00&nbsp;\u20ac","formatted_published_date":"1er janvier 2021","publisher_availability_label":"Sur commande","short_details":"Thierry Bernard \u2014 Pemf","translator":null,"weight":201,"page_count":null,"readership":null,"editor":"Pemf","price":500,"published_date":"2020-12-31T23:00:00.000000Z","support":"Grand format","publisher_availability":1,"stock":0,"editions":[],"url":"https:\/\/quaidesbrumes.com\/ouvrage\/9791035702908\/la-biodiversite-cycle-2"},{"id":"9791035702977","title":"La biodiversite cycle 3","description":"Qu'est ce qu'un rallye-lecture ? \r\nUne fa\u00e7on originale d'aborder les grands th\u00e8mes li\u00e9s \u00e0 l'environement et d\u00e9veloppement durable. \r\n10 Histoires courtes \u00e0 la fois fictions et documentaires","authors":["Thierry Bernard"],"category_codes":["4000000","4010000","4010200","4010208"],"visuals":{"large":"https:\/\/images.epagine.fr\/977\/9791035702977_1_75.jpg","medium":"https:\/\/images.epagine.fr\/977\/9791035702977_1_m.jpg","thumbnail":"https:\/\/images.epagine.fr\/977\/9791035702977_1_v.jpg"},"orderable":true,"show_badge":true,"formatted_price":"5,00&nbsp;\u20ac","formatted_published_date":"1er janvier 2021","publisher_availability_label":"Sur commande","short_details":"Thierry Bernard \u2014 Pemf","translator":null,"weight":201,"page_count":null,"readership":null,"editor":"Pemf","price":500,"published_date":"2020-12-31T23:00:00.000000Z","support":"Grand format","publisher_availability":1,"stock":0,"editions":[],"url":"https:\/\/quaidesbrumes.com\/ouvrage\/9791035702977\/la-biodiversite-cycle-3"},{"id":"9791035702878","title":"L'air cycl2 - l'air cycle 2","description":"Qu'est ce qu'un rallye-lecture ?\r\nUne fa\u00e7on originale d'aborder les grands th\u00e8mes li\u00e9s \u00e0 l'environement et d\u00e9veloppement durable. 8 Histoires courtes \u00e0 la fois fictions et documentaires","authors":["Thierry Bernard"],"category_codes":["4000000","4010000","4010200","4010208"],"visuals":{"large":"https:\/\/images.epagine.fr\/878\/9791035702878_1_75.jpg","medium":"https:\/\/images.epagine.fr\/878\/9791035702878_1_m.jpg","thumbnail":"https:\/\/images.epagine.fr\/878\/9791035702878_1_v.jpg"},"orderable":true,"show_badge":true,"formatted_price":"5,00&nbsp;\u20ac","formatted_published_date":"1er janvier 2021","publisher_availability_label":"Sur commande","short_details":"Thierry Bernard \u2014 Pemf","translator":null,"weight":201,"page_count":null,"readership":null,"editor":"Pemf","price":500,"published_date":"2020-12-31T23:00:00.000000Z","support":"Grand format","publisher_availability":1,"stock":0,"editions":[],"url":"https:\/\/quaidesbrumes.com\/ouvrage\/9791035702878\/lair-cycl2-lair-cycle-2"},{"id":"9791035702915","title":"La deforestation cycle 2","description":"Qu'est ce qu'un rallye-lecture ?\r\nUne fa\u00e7on originale d'aborder les grands th\u00e8mes li\u00e9s \u00e0 l'environement et d\u00e9veloppement durable. 8 Histoires courtes \u00e0 la fois fictions et documentaires","authors":["Thierry Bernard"],"category_codes":["4000000","4010000","4010200","4010208"],"visuals":{"large":"https:\/\/images.epagine.fr\/915\/9791035702915_1_75.jpg","medium":"https:\/\/images.epagine.fr\/915\/9791035702915_1_m.jpg","thumbnail":"https:\/\/images.epagine.fr\/915\/9791035702915_1_v.jpg"},"orderable":true,"show_badge":true,"formatted_price":"5,00&nbsp;\u20ac","formatted_published_date":"1er janvier 2021","publisher_availability_label":"Sur commande","short_details":"Thierry Bernard \u2014 Pemf","translator":null,"weight":201,"page_count":null,"readership":null,"editor":"Pemf","price":500,"published_date":"2020-12-31T23:00:00.000000Z","support":"Grand format","publisher_availability":1,"stock":0,"editions":[],"url":"https:\/\/quaidesbrumes.com\/ouvrage\/9791035702915\/la-deforestation-cycle-2"},{"id":"9791035702991","title":"La population mondiale cycle 3","description":"Qu'est ce qu'un rallye-lecture ? \r\nUne fa\u00e7on originale d'aborder les grands th\u00e8mes li\u00e9s \u00e0 l'environement et d\u00e9veloppement durable. \r\n10 Histoires courtes \u00e0 la fois fictions et documentaires","authors":["Thierry Bernard"],"category_codes":["4000000","4010000","4010200","4010208"],"visuals":{"large":"https:\/\/images.epagine.fr\/991\/9791035702991_1_75.jpg","medium":"https:\/\/images.epagine.fr\/991\/9791035702991_1_m.jpg","thumbnail":"https:\/\/images.epagine.fr\/991\/9791035702991_1_v.jpg"},"orderable":true,"show_badge":true,"formatted_price":"5,00&nbsp;\u20ac","formatted_published_date":"1er janvier 2021","publisher_availability_label":"Sur commande","short_details":"Thierry Bernard \u2014 Pemf","translator":null,"weight":201,"page_count":null,"readership":null,"editor":"Pemf","price":500,"published_date":"2020-12-31T23:00:00.000000Z","support":"Grand format","publisher_availability":1,"stock":0,"editions":[],"url":"https:\/\/quaidesbrumes.com\/ouvrage\/9791035702991\/la-population-mondiale-cycle-3"},{"id":"9791035702885","title":"Les dechets cycle 2","description":"Qu'est ce qu'un rallye-lecture ?\r\nUne fa\u00e7on originale d'aborder les grands th\u00e8mes li\u00e9s \u00e0 l'environement et d\u00e9veloppement durable. 8 Histoires courtes \u00e0 la fois fictions et documentaires","authors":["Thierry Bernard"],"category_codes":["4000000","4010000","4010200","4010208"],"visuals":{"large":"https:\/\/images.epagine.fr\/885\/9791035702885_1_75.jpg","medium":"https:\/\/images.epagine.fr\/885\/9791035702885_1_m.jpg","thumbnail":"https:\/\/images.epagine.fr\/885\/9791035702885_1_v.jpg"},"orderable":true,"show_badge":true,"formatted_price":"5,00&nbsp;\u20ac","formatted_published_date":"1er janvier 2021","publisher_availability_label":"Sur commande","short_details":"Thierry Bernard \u2014 Pemf","translator":null,"weight":201,"page_count":null,"readership":null,"editor":"Pemf","price":500,"published_date":"2020-12-31T23:00:00.000000Z","support":"Grand format","publisher_availability":1,"stock":0,"editions":[],"url":"https:\/\/quaidesbrumes.com\/ouvrage\/9791035702885\/les-dechets-cycle-2"},{"id":"9791035702854","title":"Le rechauffement climatique cycle 2","description":"Qu'est ce qu'un rallye-lecture ?\r\nUne fa\u00e7on originale d'aborder les grands th\u00e8mes li\u00e9s \u00e0 l'environement et d\u00e9veloppement durable. 8 Histoires courtes \u00e0 la fois fictions et documentaires","authors":["Thierry Bernard"],"category_codes":["4000000","4010000","4010200","4010208"],"visuals":{"large":"https:\/\/images.epagine.fr\/854\/9791035702854_1_75.jpg","medium":"https:\/\/images.epagine.fr\/854\/9791035702854_1_m.jpg","thumbnail":"https:\/\/images.epagine.fr\/854\/9791035702854_1_v.jpg"},"orderable":true,"show_badge":true,"formatted_price":"5,00&nbsp;\u20ac","formatted_published_date":"1er janvier 2021","publisher_availability_label":"Sur commande","short_details":"Thierry Bernard \u2014 Pemf","translator":null,"weight":201,"page_count":null,"readership":null,"editor":"Pemf","price":500,"published_date":"2020-12-31T23:00:00.000000Z","support":"Grand format","publisher_availability":1,"stock":0,"editions":[],"url":"https:\/\/quaidesbrumes.com\/ouvrage\/9791035702854\/le-rechauffement-climatique-cycle-2"},{"id":"9791035703004","title":"La ville de demain cycle 3","description":"Qu'est ce qu'un rallye-lecture ? \r\nUne fa\u00e7on originale d'aborder les grands th\u00e8mes li\u00e9s \u00e0 l'environement et d\u00e9veloppement durable. \r\n10 Histoires courtes \u00e0 la fois fictions et documentaires","authors":["Thierry Bernard"],"category_codes":["4000000","4010000","4010200","4010208"],"visuals":{"large":"https:\/\/images.epagine.fr\/004\/9791035703004_1_75.jpg","medium":"https:\/\/images.epagine.fr\/004\/9791035703004_1_m.jpg","thumbnail":"https:\/\/images.epagine.fr\/004\/9791035703004_1_v.jpg"},"orderable":true,"show_badge":true,"formatted_price":"5,00&nbsp;\u20ac","formatted_published_date":"1er janvier 2021","publisher_availability_label":"Sur commande","short_details":"Thierry Bernard \u2014 Pemf","translator":null,"weight":201,"page_count":null,"readership":null,"editor":"Pemf","price":500,"published_date":"2020-12-31T23:00:00.000000Z","support":"Grand format","publisher_availability":1,"stock":0,"editions":[],"url":"https:\/\/quaidesbrumes.com\/ouvrage\/9791035703004\/la-ville-de-demain-cycle-3"},{"id":"9791035702953","title":"Nos dechets cycle 3","description":"Qu'est ce qu'un rallye-lecture ? \r\nUne fa\u00e7on originale d'aborder les grands th\u00e8mes li\u00e9s \u00e0 l'environement et d\u00e9veloppement durable. \r\n10 Histoires courtes \u00e0 la fois fictions et documentaires","authors":["Thierry Bernard"],"category_codes":["4000000","4010000","4010200","4010208"],"visuals":{"large":"https:\/\/images.epagine.fr\/953\/9791035702953_1_75.jpg","medium":"https:\/\/images.epagine.fr\/953\/9791035702953_1_m.jpg","thumbnail":"https:\/\/images.epagine.fr\/953\/9791035702953_1_v.jpg"},"orderable":true,"show_badge":true,"formatted_price":"5,00&nbsp;\u20ac","formatted_published_date":"1er janvier 2021","publisher_availability_label":"Sur commande","short_details":"Thierry Bernard \u2014 Pemf","translator":null,"weight":201,"page_count":null,"readership":null,"editor":"Pemf","price":500,"published_date":"2020-12-31T23:00:00.000000Z","support":"Grand format","publisher_availability":1,"stock":0,"editions":[],"url":"https:\/\/quaidesbrumes.com\/ouvrage\/9791035702953\/nos-dechets-cycle-3"},{"id":"9791095743729","title":"Carnet de vol parapente : R\u00eaver, voler, d\u00e9briefer, progresser","description":"En parapente, le plaisir de voler est immense, mais la progression n'est jamais le fruit du hasard. D\u00e9briefer ses vols est l'outil le plus efficace pour apprendre, progresser et voler en s\u00e9curit\u00e9. Trop souvent n\u00e9glig\u00e9e, cette \u00e9tape transforme pourtant chaque vol en une source d'inspiration pour le suivant. Gr\u00e2ce \u00e0 ce carnet de vol, vous d\u00e9couvrirez comment analyser vos vols de fa\u00e7on simple et constructive : choix du site, conditions a\u00e9rologiques, niveau de plaisir, points forts, points \u00e0 am\u00e9liorer, situations dangereuses... Vous apprendrez \u00e0 rep\u00e9rer vos erreurs r\u00e9currentes, \u00e0 ancrer vos r\u00e9ussites, \u00e0 \u00e9viter la r\u00e9p\u00e9tition de situations risqu\u00e9es, mais aussi \u00e0 cultiver votre plaisir de voler. Renseigner vos impressions, vos r\u00e9ussites et vos zones de vigilance, c'est tracer la carte de votre progression. Et la relire, c'est mesurer avec satisfaction le chemin parcouru. Ce carnet de vol est une invitation \u00e0 voler autrement : avec lucidit\u00e9, curiosit\u00e9 et enthousiasme. D\u00e9briefer, c'est prolonger le vol, mieux se conna\u00eetre et se pr\u00e9parer \u00e0 savourer les suivants.","authors":["Collectif"],"category_codes":["4000000","4010000","4010500","4010505"],"visuals":{"large":"https:\/\/images.epagine.fr\/729\/9791095743729_1_75.jpg","medium":"https:\/\/images.epagine.fr\/729\/9791095743729_1_m.jpg","thumbnail":"https:\/\/images.epagine.fr\/729\/9791095743729_1_v.jpg"},"orderable":true,"show_badge":true,"formatted_price":"16,00&nbsp;\u20ac","formatted_published_date":"19 septembre 2025","publisher_availability_label":"Sur commande","short_details":"Collectif \u2014 \u00c9ditions du Chemin des Cr\u00eates","translator":null,"weight":401,"page_count":null,"readership":null,"editor":"\u00c9ditions du Chemin des Cr\u00eates","price":1600,"published_date":"2025-09-18T22:00:00.000000Z","support":"Grand format","publisher_availability":1,"stock":0,"editions":[],"url":"https:\/\/quaidesbrumes.com\/ouvrage\/9791095743729\/carnet-de-vol-parapente-rever-voler-debriefer-progresser"},{"id":"9782842795382","title":"Notes sur la culture du panda geant","description":null,"authors":["Sun Qian"],"category_codes":["4000000","4010000","4010300"],"visuals":{"large":"https:\/\/quaidesbrumes.com\/img\/book-placeholder.png","medium":"https:\/\/quaidesbrumes.com\/img\/book-placeholder.png","thumbnail":"https:\/\/quaidesbrumes.com\/img\/book-placeholder.png"},"orderable":true,"show_badge":true,"formatted_price":"25,36&nbsp;\u20ac","formatted_published_date":"1er mai 2012","publisher_availability_label":"Sur commande","short_details":"Sun Qian \u2014 YOU FENG","translator":null,"weight":1800,"page_count":null,"readership":null,"editor":"YOU FENG","price":2536,"published_date":"2012-04-30T22:00:00.000000Z","support":"Grand format","publisher_availability":1,"stock":0,"editions":[],"url":"https:\/\/quaidesbrumes.com\/ouvrage\/9782842795382\/notes-sur-la-culture-du-panda-geant"},{"id":"9782862724157","title":"Saxifragac\u00e9es. flore pratique adapt\u00e9e \u00e0 la france. utilisation des esp\u00e8ces horticoles et ornementales","description":"Par leur diversit\u00e9 morphologique foliaire et florale, les Saxifrages ne laissent pas indiff\u00e9rent.\r\nDe l'\u00e9tage montagnard \u00e0 l'\u00e9tage nival, les diff\u00e9rentes esp\u00e8ces se pressent en coussinets ou se blottissent en creux de rochers, au milieu des \u00e9boulis, des pentes caillouteuses ou le long des moraines. Pendnat la courte saison estivale elles \u00e9talent soudain leur multitude de corolles lumineuses, o\u00f9 s'enlacent en de longues inflorescences ondulant sous le vent. A l'aide des diff\u00e9rentes clefs d'identification, ce livre permet au botaniste amateur ou professionnel de d\u00e9couvrir, par son sens d'observation et son esprit de curiosit\u00e9, l'identit\u00e9 de la Saxifage inconnue.\r\nEn deuxi\u00e8me partie, des conseils de mise en culture montrent l'exceptionnelle diversit\u00e9 horticole de la famille.","authors":["Andr\u00e9 Gonard"],"category_codes":["4000000","4010000","4010400"],"visuals":{"large":"https:\/\/images.epagine.fr\/157\/9782862724157_1_75.jpg","medium":"https:\/\/images.epagine.fr\/157\/9782862724157_1_m.jpg","thumbnail":"https:\/\/images.epagine.fr\/157\/9782862724157_1_v.jpg"},"orderable":true,"show_badge":true,"formatted_price":"40,00&nbsp;\u20ac","formatted_published_date":"31 ao\u00fbt 2006","publisher_availability_label":"Sur commande","short_details":"Andr\u00e9 Gonard \u2014 Pu De Saint Etienne","translator":null,"weight":750,"page_count":312,"readership":null,"editor":"Pu De Saint Etienne","price":4000,"published_date":"2006-08-30T22:00:00.000000Z","support":"Grand format","publisher_availability":1,"stock":0,"editions":[],"url":"https:\/\/quaidesbrumes.com\/ouvrage\/9782862724157\/saxifragacees-flore-pratique-adaptee-a-la-france-utilisation-des-especes-horticoles-et-ornementales"},{"id":"9782271126382","title":"Inventer l'avenir ; l'ing\u00e9nierie se met au vert","description":"Les soci\u00e9t\u00e9s humaines affrontent des d\u00e9fis sans pr\u00e9c\u00e9dent : r\u00e9chauffement climatique, limitation des ressources, urbanisation galopante, modification des \u00e9cosyst\u00e8mes... La recherche et l'ing\u00e9nierie ont un r\u00f4le \u00e0 jouer pour les relever, \u00e0 condition d'accorder leurs objectifs \u00e0 des consid\u00e9rations d'ordre social, \u00e9thique et environnemental. Mais le projet peut parfois g\u00e9n\u00e9rer une partie des probl\u00e8mes qu'il tente de r\u00e9soudre. Le but poursuivi doit donc \u00eatre d\u00e9fini et son impact \u00e9valu\u00e9.\r\nComment traiter l'information sans impact majeur sur l'environnement ?\r\nQuels sont les nouveaux mat\u00e9riaux pour des b\u00e2timents durables ? Quel avenir pour le stockage de l'\u00e9nergie ? Comment \u00e9laborer des proc\u00e9d\u00e9s moins gourmands en \u00e9lectricit\u00e9 ? Dans quelle mesure les mat\u00e9riaux biosourc\u00e9s peuvent-ils entrer au service de l'ing\u00e9nierie ? Comment les nouveaux capteurs peuvent-ils nous aider \u00e0 mieux ma\u00eetriser notre empreinte \u00e9cologique ? Comment tendre vers une gestion durable des ressources naturelles ?\r\nLes auteurs de cet ouvrage se penchent sur ces questions cruciales, dressant un indispensable \u00e9tat des lieux de la recherche contemporaine.\r\n\r\nMartine Meireles-Masbernat, Laurent Nicolas et Abdelilah Slaoui sont membres de la direction scientifique de l'Institut des sciences de l'ing\u00e9nierie et des syst\u00e8mes (INSIS) du CNRS. Coordination \u00e9ditoriale par Martin Koppe, journaliste scientifique.","authors":["Collectif"],"category_codes":["4000000","4010000","4010200","4010207"],"visuals":{"large":"https:\/\/images.epagine.fr\/382\/9782271126382_1_75.jpg","medium":"https:\/\/images.epagine.fr\/382\/9782271126382_1_m.jpg","thumbnail":"https:\/\/images.epagine.fr\/382\/9782271126382_1_v.jpg"},"orderable":true,"show_badge":true,"formatted_price":"22,00&nbsp;\u20ac","formatted_published_date":"22 ao\u00fbt 2019","publisher_availability_label":"Sur commande","short_details":"Collectif \u2014 CNRS","translator":null,"weight":480,"page_count":239,"readership":null,"editor":"CNRS","price":2200,"published_date":"2019-08-21T22:00:00.000000Z","support":"Grand format","publisher_availability":1,"stock":0,"editions":[],"url":"https:\/\/quaidesbrumes.com\/ouvrage\/9782271126382\/inventer-lavenir-lingenierie-se-met-au-vert"}]}