{"data":[{"id":"9782372410106","title":"L'\u00e9cologie spirituelle ; histoire d'une r\u00e9volution tranquille","description":"Depuis le premier \u00ab Jour de la Terre \u00bb en 1970, la crise \u00e9cologique n'a fait qu'empirer et le d\u00e9r\u00e8glement climatique s'est invit\u00e9 durablement dans le cours du monde. Une autre perception de la nature devient imp\u00e9rative.\r\nEn s'inspirant de la sagesse des si\u00e8cles pass\u00e9s, une nouvelle approche spirituelle de l'\u00e9cologie peut apporter de profondes transformations pour restaurer l'\u00e9quilibre et la sant\u00e9 du monde o\u00f9 nous vivons.\r\nSalu\u00e9 aux \u00c9tats-Unis comme un ouvrage de r\u00e9f\u00e9rence, L'\u00e9cologie spirituelle de Leslie E. Sponsel, un anthropologue de renom, se pr\u00e9sente comme une histoire intellectuelle de cette qu\u00eate au long cours. En s'int\u00e9ressant tout autant \u00e0 Henri David Thoreau, Rudolf Steiner, John Muir, saint Fran\u00e7ois d'Assise qu'\u00e0 Martin Buber, aux sagesses d'Asie, au mouvement de la \u00ab ceinture verte \u00bb de Wangari Maathai, au festival annuel du Burning Man du d\u00e9sert du Nevada qu'au film Avatar de James Cameron, cet ouvrage ouvre une voie de r\u00e9flexion originale et transdisciplinaire permettant d'\u00e9clairer et de mieux appr\u00e9hender l'\u00e9tonnante r\u00e9volution qui est en marche.\r","authors":["Leslie e. Sponsel"],"category_codes":["4000000","4010000","4010200","4010204"],"visuals":{"large":"https:\/\/images.epagine.fr\/106\/9782372410106_1_75.jpg","medium":"https:\/\/images.epagine.fr\/106\/9782372410106_1_m.jpg","thumbnail":"https:\/\/images.epagine.fr\/106\/9782372410106_1_v.jpg"},"orderable":true,"show_badge":true,"formatted_price":"21,50&nbsp;\u20ac","formatted_published_date":"23 mars 2017","publisher_availability_label":"Sur commande","short_details":"Leslie e. Sponsel \u2014 Hozhoni","translator":null,"weight":462,"page_count":453,"readership":null,"editor":"Hozhoni","price":2150,"published_date":"2017-03-22T23:00:00.000000Z","support":"Grand format","publisher_availability":1,"stock":0,"editions":[],"url":"https:\/\/quaidesbrumes.com\/ouvrage\/9782372410106\/lecologie-spirituelle-histoire-dune-revolution-tranquille"},{"id":"9782854300116","title":"Vivre de la mer, vivre avec la terre en pays kanak ; savoirs et techniques des p\u00eacheurs kanak du sud","description":"Si, en Nouvelle-Cal\u00e9donie, exemple type d\u00b4une civilisation de l\u00b4igname, les Kanak assuraient leur autosubsistance essentiellement par l\u00b4horticulture des plantes \u00e0 tubercules, la p\u00eache n\u00b4y jouait pas moins un r\u00f4le important. Activit\u00e9 presque exclusivement\r","authors":["Isabelle Leblic"],"category_codes":["4000000","4010000","4010500","4010502"],"visuals":{"large":"https:\/\/images.epagine.fr\/116\/9782854300116_1_75.jpg","medium":"https:\/\/images.epagine.fr\/116\/9782854300116_1_m.jpg","thumbnail":"https:\/\/images.epagine.fr\/116\/9782854300116_1_v.jpg"},"orderable":true,"show_badge":true,"formatted_price":"38,00&nbsp;\u20ac","formatted_published_date":"1er octobre 2008","publisher_availability_label":"Sur commande","short_details":"Isabelle Leblic \u2014 Societe Des Oceanistes","translator":null,"weight":1110,"page_count":null,"readership":null,"editor":"Societe Des Oceanistes","price":3800,"published_date":"2008-09-30T22:00:00.000000Z","support":"Grand format","publisher_availability":1,"stock":0,"editions":[],"url":"https:\/\/quaidesbrumes.com\/ouvrage\/9782854300116\/vivre-de-la-mer-vivre-avec-la-terre-en-pays-kanak-savoirs-et-techniques-des-pecheurs-kanak-du-sud"},{"id":"9782854300079","title":"Les pirogues reflets de la polyn\u00e9sie","description":"Dans toute la Polynsie, l'ocan et les tres qui y vivent avaient leur dieu tutlaire. Aux Samoa, la mer naquit de la sueur de Tagaloa, lors de son travail de cration du monde. A Tahiti, ce dieu important comptait un grand nombre de messagers : le requin, les oiseaux ; la baleine tait son ombre et la raie son marae. Lors des temptes, ...\r","authors":["H\u00e9l\u00e8ne Guiot"],"category_codes":["4000000","4010000","4010500","4010502"],"visuals":{"large":"https:\/\/images.epagine.fr\/079\/9782854300079_1_75.jpg","medium":"https:\/\/images.epagine.fr\/079\/9782854300079_1_m.jpg","thumbnail":"https:\/\/images.epagine.fr\/079\/9782854300079_1_v.jpg"},"orderable":true,"show_badge":true,"formatted_price":"10,00&nbsp;\u20ac","formatted_published_date":"1er juin 2003","publisher_availability_label":"Sur commande","short_details":"H\u00e9l\u00e8ne Guiot \u2014 Societe Des Oceanistes","translator":null,"weight":80,"page_count":null,"readership":null,"editor":"Societe Des Oceanistes","price":1000,"published_date":"2003-05-31T22:00:00.000000Z","support":"Grand format","publisher_availability":1,"stock":0,"editions":[],"url":"https:\/\/quaidesbrumes.com\/ouvrage\/9782854300079\/les-pirogues-reflets-de-la-polynesie"},{"id":"9782707114594","title":"L'audace ou l'enlisement sur les politiques \u00e9conomiques de la gauche","description":"Alain Lipietz explore quelques pistes de r\u00e9formes radicales, indispensables pour sauver l'exp\u00e9rience de gauche apr\u00e8s 1981.\r\nComment en est-on arriv\u00e9 l\u00e0 ? Peut-on encore faire quelque chose ? Sommes-nous condamn\u00e9s \u00e0 la d\u00e9sesp\u00e9rance d'un \" r\u00e9alisme \" sans couleur ? Ces questions, des millions de Fran\u00e7ais se les posent quotidiennement, tout particuli\u00e8rement ceux qui avaient dans\u00e9 le soir du 10 mai et qui se r\u00e9signent mal aujourd'hui \u00e0 la d\u00e9ception. \r\n Ce livre cherche \u00e0 r\u00e9pondre, en termes simples, \u00e0 ces pr\u00e9occupations. L'auteur, \u00e9conomiste renomm\u00e9, \u00e9tudie depuis des ann\u00e9es les hauts et les bas de l'\u00e9conomie fran\u00e7aise. Il montre notamment ce que fut l'\u00e9chec de la premi\u00e8re ann\u00e9e : m\u00e9connaissant la r\u00e9alit\u00e9 de la crise, mal pr\u00e9par\u00e9e, la gauche est venue buter sur un triple mur : la contrainte ext\u00e9rieure, la contrainte du financement, l'impossibilit\u00e9 d'un consensus sur le programme qu'elle proposait. \r\n De \" seconde \" en \" troisi\u00e8me phase \", d'ajustements en reniements, la gauche court le risque d'un enlisement qui vaccinerait le peuple de France contre le progr\u00e8s et le changement social pour une g\u00e9n\u00e9ration. Passant en revue les justifications r\u00e9elles ou apparentes des \" tournants \" successifs, Alain Lipietz explore ici quelques pistes de r\u00e9formes radicales, indispensables pour sauver l'exp\u00e9rience de gauche. Les voies ne sont pas celles de la facilit\u00e9, mais de l'audace : elles exigent de rompre avec bien des corporatismes, bien des \u00e9vidences, bien des sch\u00e9mas de pens\u00e9e.","authors":["Alain Lipietz"],"category_codes":["4000000","4010000","4010200","4010207"],"visuals":{"large":"https:\/\/images.epagine.fr\/594\/9782707114594_1_75.jpg","medium":"https:\/\/images.epagine.fr\/594\/9782707114594_1_m.jpg","thumbnail":"https:\/\/images.epagine.fr\/594\/9782707114594_1_v.jpg"},"orderable":true,"show_badge":true,"formatted_price":"25,00&nbsp;\u20ac","formatted_published_date":"1er janvier 1984","publisher_availability_label":"Sur commande","short_details":"Alain Lipietz \u2014 La d\u00e9couverte","translator":null,"weight":150,"page_count":369,"readership":null,"editor":"La d\u00e9couverte","price":2500,"published_date":"1983-12-31T23:00:00.000000Z","support":"Grand format","publisher_availability":1,"stock":0,"editions":[],"url":"https:\/\/quaidesbrumes.com\/ouvrage\/9782707114594\/laudace-ou-lenlisement-sur-les-politiques-economiques-de-la-gauche"},{"id":"9782764624715","title":"Gagner la guerre du climat ; douze mythes \u00e0 d\u00e9boulonner","description":"- La r\u00e9duction des gaz \u00e0 effet de serre (GES) m\u00e8nera automatiquement \u00e0 une am\u00e9lioration de notre qualit\u00e9 de vie.\r\n- L'hydro\u00e9lectricit\u00e9 est la cl\u00e9 pour l'enrichissement du Qu\u00e9bec.\r\n- Le Canada est une grande puissance \u00e9nerg\u00e9tique.\r\n- Il suffit de taxer le carbone pour mettre un frein au r\u00e9chauffement climatique, ou tout simplement d'acheter des voitures \u00e9lectriques.\r\n- Le p\u00e9trole est encore l\u00e0 pour longtemps \/ Nous arrivons au bout de nos r\u00e9serves.\r\n- Les provinces ont pris le relais du f\u00e9d\u00e9ral dans la lutte contre les GES.\r\nVoil\u00e0 autant de mythes sans cesse r\u00e9p\u00e9t\u00e9s par les politiciens, les groupes d'int\u00e9r\u00eat, les porte-parole de l'industrie et les m\u00e9dias. Ces mythes nous donnent l'impression de ma\u00eetriser la transition \u00e9nerg\u00e9tique et nous confortent dans l'illusion que nous avons les outils pour atteindre nos objectifs de r\u00e9duction de GES sans toucher \u00e0 ce qu'on appelle encore le mod\u00e8le qu\u00e9b\u00e9cois.\r\nLa situation n'est pas meilleure dans le reste du Canada, o\u00f9 l'ensemble des gouvernements provinciaux oscille entre objectifs ambitieux et inaccessibles, programmes de r\u00e9duction des \u00e9missions de GES aussi co\u00fbteux qu'inefficaces ou, carr\u00e9ment, d\u00e9ni du probl\u00e8me. Quant au gouvernement f\u00e9d\u00e9ral, apr\u00e8s trois d\u00e9cennies d'inaction, il tarde encore \u00e0 mettre sur pied une politique nationale sur la question.\r\nDans cet essai choc, Normand Mousseau d\u00e9boulonne syst\u00e9matiquement chacun de ces mythes et d\u00e9montre de mani\u00e8re irr\u00e9futable la v\u00e9rit\u00e9 suivante : la solution au probl\u00e8me des changements climatiques n'est pas de nature technologique ou scientifique, mais bel et bien politique.\r","authors":["Normand Mousseau"],"category_codes":["4000000","4010000","4010300","4010303"],"visuals":{"large":"https:\/\/images.epagine.fr\/715\/9782764624715_1_75.jpg","medium":"https:\/\/images.epagine.fr\/715\/9782764624715_1_m.jpg","thumbnail":"https:\/\/images.epagine.fr\/715\/9782764624715_1_v.jpg"},"orderable":true,"show_badge":true,"formatted_price":"20,00&nbsp;\u20ac","formatted_published_date":"18 ao\u00fbt 2017","publisher_availability_label":"Sur commande","short_details":"Normand Mousseau \u2014 Boreal","translator":null,"weight":340,"page_count":264,"readership":null,"editor":"Boreal","price":2000,"published_date":"2017-08-17T22:00:00.000000Z","support":"Grand format","publisher_availability":1,"stock":0,"editions":[],"url":"https:\/\/quaidesbrumes.com\/ouvrage\/9782764624715\/gagner-la-guerre-du-climat-douze-mythes-a-deboulonner"},{"id":"9782764628249","title":"Ristigouche","description":"Entre le Qu\u00e9bec et le Nouveau-Brunswick s'\u00e9tend une rivi\u00e8re majestueuse aux eaux d'une rare transparence, aux imposantes berges bois\u00e9es, o\u00f9 foisonne une population de saumons qui en a fait un lieu pris\u00e9 des animaux et des hommes depuis des temps imm\u00e9moriaux : la Ristigouche.\r\nEntre le Qu\u00e9bec et le Nouveau-Brunswick s'\u00e9tend une rivi\u00e8re majestueuse aux eaux d'une rare transparence, aux imposantes berges bois\u00e9es, o\u00f9 foisonne une population de saumons qui en a fait un lieu pris\u00e9 des animaux et des hommes depuis des temps imm\u00e9moriaux : la Ristigouche. Naviguant ses flots depuis l'enfance, Philip Lee remonte dans son canot pour nous entra\u00eener sur les anciens sentiers de portage jusqu'au cours principal, qu'il descend vers l'estuaire de la baie des Chaleurs.\r\nDans une prose aussi souple que les sinuosit\u00e9s de la rivi\u00e8re, il nous en raconte l'histoire tumultueuse, depuis l'expulsion des Acadiens il y a pr\u00e8s de trois si\u00e8cles jusqu'\u00e0 ce jour de 1981 o\u00f9 des policiers et des gardes-p\u00eache qu\u00e9b\u00e9cois ont battu et arr\u00eat\u00e9 des membres de la Premi\u00e8re Nation de Listuguj pour avoir p\u00each\u00e9 le saumon au filet. Il en explore les innombrables strates - g\u00e9ologiques, environnementales, humaines, industrielles - et d\u00e9crit les ravages de la surp\u00eache, de l'exploitation foresti\u00e8re, de la pollution et des changements climatiques. Surtout, il nous invite \u00e0 d\u00e9couvrir cet \u00e9cosyst\u00e8me exceptionnel pour mieux le prot\u00e9ger.","authors":["Philip Lee"],"category_codes":["4000000","4010000","4010200","4010207"],"visuals":{"large":"https:\/\/images.epagine.fr\/249\/9782764628249_1_75.jpg","medium":"https:\/\/images.epagine.fr\/249\/9782764628249_1_m.jpg","thumbnail":"https:\/\/images.epagine.fr\/249\/9782764628249_1_v.jpg"},"orderable":true,"show_badge":true,"formatted_price":"26,00&nbsp;\u20ac","formatted_published_date":"26 novembre 2024","publisher_availability_label":"Sur commande","short_details":"Philip Lee \u2014 Boreal","translator":null,"weight":415,"page_count":328,"readership":null,"editor":"Boreal","price":2600,"published_date":"2024-11-25T23:00:00.000000Z","support":"Grand format","publisher_availability":1,"stock":0,"editions":[],"url":"https:\/\/quaidesbrumes.com\/ouvrage\/9782764628249\/ristigouche"},{"id":"9782874570582","title":"Confidences d'un coureur des bois ; carnet d'ambiances de la for\u00eat ardennaise","description":"L'auteur invite le lecteur \u00e0 l'accompagner dans ses randonn\u00e9es \u00e0 travers la for\u00eat ardennaise et \u00e0 y partager ses s\u00e9ances d'aff\u00fbts, ses bivouacs, ses rencontres et ses observations.\r","authors":["Bernard de Wetter"],"category_codes":["4000000","4010000","4010400","4010406"],"visuals":{"large":"https:\/\/images.epagine.fr\/582\/9782874570582_1_75.jpg","medium":"https:\/\/images.epagine.fr\/582\/9782874570582_1_m.jpg","thumbnail":"https:\/\/images.epagine.fr\/582\/9782874570582_1_v.jpg"},"orderable":true,"show_badge":true,"formatted_price":"27,50&nbsp;\u20ac","formatted_published_date":"6 novembre 2012","publisher_availability_label":"Sur commande","short_details":"Bernard de Wetter \u2014 Safran Bruxelles","translator":null,"weight":650,"page_count":274,"readership":null,"editor":"Safran Bruxelles","price":2750,"published_date":"2012-11-05T23:00:00.000000Z","support":"Grand format","publisher_availability":1,"stock":0,"editions":[],"url":"https:\/\/quaidesbrumes.com\/ouvrage\/9782874570582\/confidences-dun-coureur-des-bois-carnet-dambiances-de-la-foret-ardennaise"},{"id":"9782898820113","title":"Papillons et chenilles du Qu\u00e9bec et des maritimes","description":"Le compagnon par excellence\r\n\r\no Le seul guide sur les papillons diurnes et leurs chenilles traitant de toutes les esp\u00e8ces du Qu\u00e9bec et des Maritimes.\r\no Un ouvrage dont la r\u00e9putation n'est plus \u00e0 faire, dans une \u00e9dition revue et augment\u00e9e incluant les nouvelles esp\u00e8ces venues du sud \u00e0 la faveur des changements climatiques.\r\no Une fiche d'identification compl\u00e8te pour chacune des 131 esp\u00e8ces trait\u00e9es.\r\no Des illustrations et des photos de grande qualit\u00e9.\r\no La nomenclature et les cartes de r\u00e9partition les plus \u00e0 jour.","authors":["Michel Leboeuf"],"category_codes":["4000000","4010000","4010300"],"visuals":{"large":"https:\/\/images.epagine.fr\/113\/9782898820113_1_75.jpg","medium":"https:\/\/images.epagine.fr\/113\/9782898820113_1_m.jpg","thumbnail":"https:\/\/images.epagine.fr\/113\/9782898820113_1_v.jpg"},"orderable":false,"show_badge":true,"formatted_price":"33,50&nbsp;\u20ac","formatted_published_date":"1er juin 2026","publisher_availability_label":"\u00c0 para\u00eetre","short_details":"Michel Leboeuf \u2014 Michel Quintin","translator":null,"weight":0,"page_count":null,"readership":null,"editor":"Michel Quintin","price":3350,"published_date":"2026-05-31T22:00:00.000000Z","support":"Grand format","publisher_availability":2,"stock":0,"editions":[],"url":"https:\/\/quaidesbrumes.com\/ouvrage\/9782898820113\/papillons-et-chenilles-du-quebec-et-des-maritimes"},{"id":"9781838667795","title":"Tree: Exploring the Arboreal World","description":"An extraordinary collection of more than 300 images celebrating the beauty and diversity of trees\r\n\r\nThis exquisite survey presents a breathtaking sequence of full-page images - from landscape paintings and botanical drawings to ancient frescos, vintage book illustrations and contemporary photographs - revealing the tree as a source of inspiration throughout history.\r\n\r\nSpanning continents and cultures, Tree reflects the diversity of its subject, depicting giant sequoias, cherry blossoms, palms, poplars, ginkgoes and other species found across Earth's forest biomes, in a wide-ranging selection of visuals dating from Ancient Greece to the present day. More than 300 images include Roman stone mosaics, illustrated Norse myths, Edo-period woodblock prints and living tree installations, each lavishly reproduced.\r\n\r\nCurated by an international panel of botanists, naturalists, art historians and other experts, the images expand the definition of botanical art, together forming a vibrant, vital homage to the natural world.\r\n\r\nFeatured artists and contributors include: Ansel Adams, Yann Arthus-Bertrand, Ruth Asawa, Paul C\u00e9zanne, Agnes Denes, Albrecht D\u00fcrer, Caspar David Friedrich; Global Forest Watch, Andy Goldsworthy, Ernst Haeckel, Utagawa Hiroshige, Frida Kahlo, Yayoi Kusama, Sally Mann, Grandma Moses, Marianne North, Pierre-Joseph Redout\u00e9, Daniel Roseberry for Schiaparelli, Antoine de Saint-Exup\u00e9ry, Sebasti\u00e3o Salgado, and Yokohama Nursery Co., among others.","authors":["Collectif","Tony Kirkham"],"category_codes":["4000000","4010000","4010400","4010406"],"visuals":{"large":"https:\/\/images.epagine.fr\/795\/9781838667795_1_75.jpg","medium":"https:\/\/images.epagine.fr\/795\/9781838667795_1_m.jpg","thumbnail":"https:\/\/images.epagine.fr\/795\/9781838667795_1_v.jpg"},"orderable":true,"show_badge":true,"formatted_price":"54,95&nbsp;\u20ac","formatted_published_date":"17 octobre 2024","publisher_availability_label":"Sur commande","short_details":"Collectif, Tony Kirkham \u2014 Phaidon Press","translator":null,"weight":2582,"page_count":352,"readership":null,"editor":"Phaidon Press","price":5495,"published_date":"2024-10-16T22:00:00.000000Z","support":"Grand format","publisher_availability":1,"stock":0,"editions":[],"url":"https:\/\/quaidesbrumes.com\/ouvrage\/9781838667795\/tree-exploring-the-arboreal-world"},{"id":"9782878259995","title":"Les grands lacs : Richesses naturelles de Champagne-Ardenne","description":"En Champagne-Ardenne, les Grands Lacs bord\u00e9s de prairies, \u00e9tangs et for\u00eats constituent un lieu privil\u00e9gi\u00e9 pour observer une faune et une flore vari\u00e9es. La Ligue pour la protection des oiseaux vous invite \u00e0 les d\u00e9couvrir au fil des pages de cet ouvrage. Elle dresse le portrait de 60 esp\u00e8ces en s'attachant \u00e0 souligner leurs particularit\u00e9s r\u00e9gionales, leurs comportements et leurs relations avec le milieu.\r\nR\u00e9alis\u00e9es autour des Grands Lacs, les photographies sont souvent le r\u00e9sultat de nombreuses heures d'aff\u00fbt. Leurs auteurs, photographes amateurs, ont travaill\u00e9 dans le respect de la tranquillit\u00e9 des animaux.","authors":["Collectif"],"category_codes":["4000000","4010000"],"visuals":{"large":"https:\/\/images.epagine.fr\/995\/9782878259995_1_75.jpg","medium":"https:\/\/images.epagine.fr\/995\/9782878259995_1_m.jpg","thumbnail":"https:\/\/images.epagine.fr\/995\/9782878259995_1_v.jpg"},"orderable":true,"show_badge":true,"formatted_price":"10,00&nbsp;\u20ac","formatted_published_date":"25 novembre 2021","publisher_availability_label":"Sur commande","short_details":"Collectif \u2014 Dominique Gueniot","translator":null,"weight":294,"page_count":64,"readership":null,"editor":"Dominique Gueniot","price":1000,"published_date":"2021-11-24T23:00:00.000000Z","support":"Grand format","publisher_availability":1,"stock":0,"editions":[],"url":"https:\/\/quaidesbrumes.com\/ouvrage\/9782878259995\/les-grands-lacs-richesses-naturelles-de-champagne-ardenne"},{"id":"9782889580750","title":"La salamandre n.290 : octobre-novembre 2025","description":null,"authors":["Collectif"],"category_codes":["4000000","4010000","4010100"],"visuals":{"large":"https:\/\/quaidesbrumes.com\/img\/book-placeholder.png","medium":"https:\/\/quaidesbrumes.com\/img\/book-placeholder.png","thumbnail":"https:\/\/quaidesbrumes.com\/img\/book-placeholder.png"},"orderable":true,"show_badge":true,"formatted_price":"7,00&nbsp;\u20ac","formatted_published_date":"22 ao\u00fbt 2025","publisher_availability_label":"Sur commande","short_details":"Collectif \u2014 \u00c9ditions de la Salamandre","translator":null,"weight":201,"page_count":100,"readership":"Tout public","editor":"\u00c9ditions de la Salamandre","price":700,"published_date":"2025-08-21T22:00:00.000000Z","support":"Revue","publisher_availability":1,"stock":0,"editions":[],"url":"https:\/\/quaidesbrumes.com\/ouvrage\/9782889580750\/la-salamandre-n290-octobre-novembre-2025"},{"id":"9782367820255","title":"Lord, seigneur des rues roumaines","description":"Les oreilles qui rebiquent, une patte en \u00e9querre, la queue en panache, voici Lord, le chien des rues.\r\nPar malchance ou par hasard, il a vu le jour au coeur d'un pays o\u00f9 il ne fait pas bon vivre quand on a quatre pattes et des crocs. Sa maison, c'est la rue. Il vagabonde \u00e0 sa guise, soldat d'une libert\u00e9 qu'il n'a pas choisie, dans un univers o\u00f9 la majeure partie des hommes voudraient an\u00e9antir son esp\u00e8ce. \r\nC'est \u00e7a la vie de chien des rues en Roumanie. \r\nEnfin, c'\u00e9tait \u00e7a pour Lord... jusqu'au jour o\u00f9 sa vie a bascul\u00e9. \r\nDans son livre \u00ab Lord, seigneur des rues roumaines \u00bb Blandine P. Martin nous offre un r\u00e9cit frais et vivifiant, une belle histoire de sauvetage telle qu'elle a \u00e9t\u00e9 v\u00e9cue. Au fil des pages, elle parvient \u00e0 nous sensibiliser au triste sort des chiens des rues de Roumanie sans jamais tomber dans l'horreur qui, pourtant, s\u00e9vit dans ce pays. Au contraire, elle a su mettre en avant toutes les personnes engag\u00e9es et leurs initiatives r\u00e9alis\u00e9es en faveur de ces animaux en danger, toute la beaut\u00e9 de leur d\u00e9vouement, toute la compassion sans laquelle rien n'est jamais possible.","authors":["Blandine P. Martin"],"category_codes":["4000000","4010000","4010200","4010207"],"visuals":{"large":"https:\/\/images.epagine.fr\/255\/9782367820255_1_75.jpg","medium":"https:\/\/images.epagine.fr\/255\/9782367820255_1_m.jpg","thumbnail":"https:\/\/images.epagine.fr\/255\/9782367820255_1_v.jpg"},"orderable":true,"show_badge":true,"formatted_price":"10,00&nbsp;\u20ac","formatted_published_date":"11 mai 2016","publisher_availability_label":"Sur commande","short_details":"Blandine P. Martin \u2014 Puits De Roulle","translator":null,"weight":130,"page_count":null,"readership":null,"editor":"Puits De Roulle","price":1000,"published_date":"2016-05-10T22:00:00.000000Z","support":"Grand format","publisher_availability":1,"stock":0,"editions":[],"url":"https:\/\/quaidesbrumes.com\/ouvrage\/9782367820255\/lord-seigneur-des-rues-roumaines"},{"id":"9782330039196","title":"Terre, une histoire des sciences de la plan\u00e8te","description":"Voici une histoire riche de pittoresques ou tragiques aventures, p\u00e9trie de profonds conflits id\u00e9ologiques et de controverses intellectuelles d'envergure. Intimement li\u00e9es au long r\u00e8gne et au d\u00e9clin des mythologies et des religions, puis \u00e0 l'essor des r\u00e9volutions industrielles, les sciences de la Terre sont aujourd'hui au coeur de l'\u00e9closion r\u00e9cente de notre sensibilit\u00e9 \u00e9cologique.\r\nApr\u00e8s avoir lu ce livre, peut-\u00eatre aurez-vous pris une conscience plus aigu\u00eb de ce que Peter Sloterdijk a d\u00e9sign\u00e9 comme \"cette singularit\u00e9 cosmologique ou nous vivons, qui s'appelle la Terre et que l'on devrait appeler avec bien plus de raison la Mer ou mieux encore l'Air\".\r","authors":["Alain Giraud-ruby"],"category_codes":["4000000","4010000","4010300"],"visuals":{"large":"https:\/\/images.epagine.fr\/196\/9782330039196_1_75.jpg","medium":"https:\/\/images.epagine.fr\/196\/9782330039196_1_m.jpg","thumbnail":"https:\/\/images.epagine.fr\/196\/9782330039196_1_v.jpg"},"orderable":true,"show_badge":true,"formatted_price":"26,80&nbsp;\u20ac","formatted_published_date":"1er avril 2015","publisher_availability_label":"Sur commande","short_details":"Alain Giraud-ruby \u2014 Actes Sud","translator":null,"weight":605,"page_count":592,"readership":null,"editor":"Actes Sud","price":2680,"published_date":"2015-03-31T22:00:00.000000Z","support":"Grand format","publisher_availability":1,"stock":0,"editions":[],"url":"https:\/\/quaidesbrumes.com\/ouvrage\/9782330039196\/terre-une-histoire-des-sciences-de-la-planete"},{"id":"9782813002945","title":"Le lac victoria - un ecosysteme bouleverse par l homme","description":"Depuis toujours, le lac Victoria, la plus vaste \u00e9tendue d'eau douce de l'Afrique tropicale, a nourri des r\u00eaves d'aventure et d'exploration. Pourtant, il n'existait jusqu'ici aucune synth\u00e8se en langue fran\u00e7aise concernant son \u00e9cologie. Ce livre propose, dans un style accessible \u00e0 tous, d'expliquer l'\u00e9volution du lac Victoria, notamment depuis le milieu du xxe si\u00e8cle et le bouleversement qu'a entra\u00een\u00e9 l'introduction de la perche du Nil. Au fil des chapitres, le lecteur d\u00e9couvrira les multiples processus qui contribuent \u00e0 l'organisation d'un \u00e9cosyst\u00e8me particuli\u00e8rement complexe, en permanente \u00e9volution du fait de la d\u00e9mographie exponentielle qui pr\u00e9vaut dans cette r\u00e9gion. Un ouvrage document\u00e9 qui analyse les perspectives envisageables pour l'avenir menac\u00e9 du lac Victoria, et montre que le syst\u00e8me \u00e9cologique \u00e9volue en permanence, en ajustant son fonctionnement sous l'influence de param\u00e8tres environnementaux et anthropiques.","authors":["Paugy\/Leveque"],"category_codes":["9000000","9000000"],"visuals":{"large":"https:\/\/images.epagine.fr\/945\/9782813002945_1_75.jpg","medium":"https:\/\/images.epagine.fr\/945\/9782813002945_1_m.jpg","thumbnail":"https:\/\/images.epagine.fr\/945\/9782813002945_1_v.jpg"},"orderable":true,"show_badge":true,"formatted_price":"41,50&nbsp;\u20ac","formatted_published_date":"28 novembre 2018","publisher_availability_label":"Sur commande","short_details":"Paugy\/Leveque \u2014 ARCHIVES CONTEMPORAINES","translator":null,"weight":523,"page_count":null,"readership":null,"editor":"ARCHIVES CONTEMPORAINES","price":4150,"published_date":"2018-11-27T23:00:00.000000Z","support":"Grand format","publisher_availability":1,"stock":0,"editions":[],"url":"https:\/\/quaidesbrumes.com\/ouvrage\/9782813002945\/le-lac-victoria-un-ecosysteme-bouleverse-par-l-homme"},{"id":"9782856535660","title":"Le jardin d'utopie ; l'histoire naturelle en France de l'Ancien R\u00e9gime \u00e0 la R\u00e9volution","description":"Fond\u00e9 en 1635, le Jardin des plantes a acquis, sous la direction de Buffon, une grande r\u00e9putation. Contrairement \u00e0 d'autres institutions monarchiques, il a non seulement surv\u00e9cu \u00e0 la R\u00e9volution mais il y devint l'un des plus grands \u00e9tablissements scientifiques publics : le Mus\u00e9um national d'histoire naturelle, aujourd'hui encore en pleine activit\u00e9. L'ouvrage retrace les strat\u00e9gies scientifiques, administratives et politiques \u00e0 l'origine de cette transformation dans laquelle l'agriculture et l'\u00e9levage aussi bien que la classification et les collections occupaient une grande place. Ceci montre l'importance qu'accordaient \u00e0 l'histoire naturelle les dirigeants politiques de la France d'alors. Emma C. Spary d\u00e9montre dans cet ouvrage que la permanence de l'institution tout autant que sa transformation, le maintien de son emprise spatiale aussi bien que son accroissement, la conservation des sp\u00e9cimens comme leur entr\u00e9e dans les collections, r\u00e9sultent de l'action constante de ses acteurs. On voit comment ceux-ci, apr\u00e8s avoir ins\u00e9r\u00e9 leurs activit\u00e9s dans le syst\u00e8me de relations hi\u00e9rarchiques de l'Ancien R\u00e9gime finissant, ont n\u00e9goci\u00e9 ensuite une transformation des rapports - entre eux et avec l'ext\u00e9rieur -, en m\u00eame temps qu'ils ont mis en sc\u00e8ne une pr\u00e9sentation de l'ordre de la Nature accord\u00e9e \u00e0 l'\"utopie\" r\u00e9publicaine d'une r\u00e9g\u00e9n\u00e9ration naturelle et sociale. Mais le succ\u00e8s du Mus\u00e9um appara\u00eet aussi comme une cons\u00e9quence de la rh\u00e9torique r\u00e9volutionnaire utilis\u00e9e par son personnel scientifique : celui-ci a pu sugg\u00e9rer que l'institution, en donnant le spectacle de l'ordre naturel, pouvait aider \u00e0 forger un peuple r\u00e9publicain \u00e9duqu\u00e9 et polic\u00e9. L'histoire naturelle se pr\u00e9sentait ainsi comme une source indispensable de prosp\u00e9rit\u00e9 nationale et de vertu individuelle.","authors":["Emma C. Spary"],"category_codes":["4000000","4010000","4010300"],"visuals":{"large":"https:\/\/images.epagine.fr\/660\/9782856535660_1_75.jpg","medium":"https:\/\/images.epagine.fr\/660\/9782856535660_1_m.jpg","thumbnail":"https:\/\/images.epagine.fr\/660\/9782856535660_1_v.jpg"},"orderable":true,"show_badge":true,"formatted_price":"19,50&nbsp;\u20ac","formatted_published_date":"31 octobre 2005","publisher_availability_label":"Sur commande","short_details":"Emma C. Spary \u2014 Psm","translator":null,"weight":872,"page_count":null,"readership":null,"editor":"Psm","price":1950,"published_date":"2005-10-30T23:00:00.000000Z","support":"Grand format","publisher_availability":1,"stock":0,"editions":[],"url":"https:\/\/quaidesbrumes.com\/ouvrage\/9782856535660\/le-jardin-dutopie-lhistoire-naturelle-en-france-de-lancien-regime-a-la-revolution"},{"id":"9782915238358","title":"La chasse est mauvaise pour la sante","description":"Voil\u00e0 un livre original qui pr\u00e9sente les risques pour la sant\u00e9 de la chasse ! Car il existe bel et bien des risques d'ordre m\u00e9dical pour les chasseurs eux-m\u00eames, leurs proches, les consommateurs de gibier ou les cueilleurs de champignons... tout le monde peut \u00eatre concern\u00e9 !\r\nCe livre se base sur les \u00e9tudes r\u00e9centes r\u00e9alis\u00e9es par des chercheurs nationaux (INSERM, ANSES, IRSN, Sant\u00e9 Publique France...) et internationaux.\r\nUn tour d'horizon de ces risques passe de la diffusion de plomb dans l'environnement aux maladies infectieuses, sans oublier les risques li\u00e9s \u00e0 la radioactivit\u00e9 dans le sol... et dans les sangliers ! Pour finir par le lourd dossier des accidents de chasse, qui chaque ann\u00e9e font leur lot de victimes, pas toutes adeptes du fusil...\r\nEvelyne Moulin, docteur en m\u00e9decine, est l'auteure de plusieurs ouvrages portant sur la sant\u00e9. Elle est membre de plusieurs associations de protection de la nature.","authors":["Evelyne Moulin"],"category_codes":["10000000","10080000"],"visuals":{"large":"https:\/\/images.epagine.fr\/358\/9782915238358_1_75.jpg","medium":"https:\/\/images.epagine.fr\/358\/9782915238358_1_m.jpg","thumbnail":"https:\/\/images.epagine.fr\/358\/9782915238358_1_v.jpg"},"orderable":true,"show_badge":true,"formatted_price":"9,80&nbsp;\u20ac","formatted_published_date":"23 f\u00e9vrier 2019","publisher_availability_label":"Sur commande","short_details":"Evelyne Moulin \u2014 Les Asclepiades","translator":null,"weight":120,"page_count":null,"readership":null,"editor":"Les Asclepiades","price":980,"published_date":"2019-02-22T23:00:00.000000Z","support":"Grand format","publisher_availability":1,"stock":0,"editions":[],"url":"https:\/\/quaidesbrumes.com\/ouvrage\/9782915238358\/la-chasse-est-mauvaise-pour-la-sante"},{"id":"9782759228706","title":"La conscience des animaux","description":"Les animaux peuvent-ils \u00e9prouver des \u00e9motions ? Ont-ils une histoire de vie ? L'Inra s'est saisi de ces questions en r\u00e9alisant une expertise scientifique collective sur la conscience animale. Cette expertise multidisciplinaire analysant un vaste corpus d'\u00e9tudes comportementales, cognitives et neurobiologiques, tend \u00e0 montrer l'existence de contenus \u00e9labor\u00e9s de conscience chez les animaux.","authors":["Le Neindre\/Dunier"],"category_codes":["4000000","4010000","4010300"],"visuals":{"large":"https:\/\/images.epagine.fr\/706\/9782759228706_1_75.jpg","medium":"https:\/\/images.epagine.fr\/706\/9782759228706_1_m.jpg","thumbnail":"https:\/\/images.epagine.fr\/706\/9782759228706_1_v.jpg"},"orderable":true,"show_badge":true,"formatted_price":"24,00&nbsp;\u20ac","formatted_published_date":"18 octobre 2018","publisher_availability_label":"Sur commande","short_details":"Le Neindre\/Dunier \u2014 Qu\u00e6","translator":null,"weight":501,"page_count":118,"readership":null,"editor":"Qu\u00e6","price":2400,"published_date":"2018-10-17T22:00:00.000000Z","support":"Grand format","publisher_availability":1,"stock":0,"editions":[],"url":"https:\/\/quaidesbrumes.com\/ouvrage\/9782759228706\/la-conscience-des-animaux"},{"id":"9782759227921","title":"Dans la peau des lezards de france - preface yves coppens","description":"\r\n  Un beau livre qui permet de d\u00e9couvrir les 21 esp\u00e8ces de l\u00e9zards sauvages vivant en France m\u00e9tropolitaine et de comprendre l'essentiel de leur biologie particuli\u00e8re et de leurs moeurs \u00e0 travers 250 photos exceptionnelles, prises en milieu naturel.\r\n","authors":["Serre Collet F."],"category_codes":["4000000","4010000"],"visuals":{"large":"https:\/\/images.epagine.fr\/921\/9782759227921_1_75.jpg","medium":"https:\/\/images.epagine.fr\/921\/9782759227921_1_m.jpg","thumbnail":"https:\/\/images.epagine.fr\/921\/9782759227921_1_v.jpg"},"orderable":true,"show_badge":true,"formatted_price":"26,00&nbsp;\u20ac","formatted_published_date":"25 octobre 2018","publisher_availability_label":"Sur commande","short_details":"Serre Collet F. \u2014 Qu\u00e6","translator":null,"weight":1040,"page_count":142,"readership":null,"editor":"Qu\u00e6","price":2600,"published_date":"2018-10-24T22:00:00.000000Z","support":"Grand format","publisher_availability":1,"stock":0,"editions":[],"url":"https:\/\/quaidesbrumes.com\/ouvrage\/9782759227921\/dans-la-peau-des-lezards-de-france-preface-yves-coppens"},{"id":"9782759228881","title":"Les animaux et le sexe - 60 cles pour comprendre","description":"\r\n  Entre des poissons qui changent de sexe, des canards avec un zizi en tire-bouchon, des araign\u00e9es m\u00e2les qui abandonnent leur organe copulatoire dans la femelle pour assurer leur paternit\u00e9 ou des moutons aux comportements homosexuels... le Kamasutra animal n'en finit pas de nous \u00e9tonner par sa prodigieuse (bio)diversit\u00e9. Tout ce que vous avez toujours voulu savoir sur le sexe \u00e0 poils, \u00e0 plumes ou \u00e0 \u00e9cailles !\r\n","authors":["Keller Matthieu"],"category_codes":["4000000","4010000"],"visuals":{"large":"https:\/\/images.epagine.fr\/881\/9782759228881_1_75.jpg","medium":"https:\/\/images.epagine.fr\/881\/9782759228881_1_m.jpg","thumbnail":"https:\/\/images.epagine.fr\/881\/9782759228881_1_v.jpg"},"orderable":true,"show_badge":true,"formatted_price":"18,00&nbsp;\u20ac","formatted_published_date":"15 novembre 2018","publisher_availability_label":"Sur commande","short_details":"Keller Matthieu \u2014 Qu\u00e6","translator":null,"weight":206,"page_count":110,"readership":null,"editor":"Qu\u00e6","price":1800,"published_date":"2018-11-14T23:00:00.000000Z","support":"Grand format","publisher_availability":1,"stock":0,"editions":[],"url":"https:\/\/quaidesbrumes.com\/ouvrage\/9782759228881\/les-animaux-et-le-sexe-60-cles-pour-comprendre"},{"id":"9782812612282","title":"40 promenades botaniques pour ne plus jamais confondre narcisses et jonquilles","description":"Alain et Marie-Jeanne G\u00e9nev\u00e9 nous guident dans la d\u00e9couverte de notre environnement et des nombreuses esp\u00e8ces v\u00e9g\u00e9tales qui y foisonnent \u00e0 travers quarante promenades botaniques aux quatre saisons. Ils explorent plus de 100 espaces naturels et d\u00e9crivent 460 esp\u00e8ces.\r","authors":["Alain G\u00e9nev\u00e9","Marie-jeanne G\u00e9nev\u00e9"],"category_codes":["4000000","4010000","4010500"],"visuals":{"large":"https:\/\/images.epagine.fr\/282\/9782812612282_1_75.jpg","medium":"https:\/\/images.epagine.fr\/282\/9782812612282_1_m.jpg","thumbnail":"https:\/\/images.epagine.fr\/282\/9782812612282_1_v.jpg"},"orderable":true,"show_badge":true,"formatted_price":"28,00&nbsp;\u20ac","formatted_published_date":"8 mars 2017","publisher_availability_label":"Sur commande","short_details":"Alain G\u00e9nev\u00e9, Marie-jeanne G\u00e9nev\u00e9 \u2014 Rouergue","translator":null,"weight":646,"page_count":256,"readership":null,"editor":"Rouergue","price":2800,"published_date":"2017-03-07T23:00:00.000000Z","support":"Grand format","publisher_availability":1,"stock":0,"editions":[],"url":"https:\/\/quaidesbrumes.com\/ouvrage\/9782812612282\/40-promenades-botaniques-pour-ne-plus-jamais-confondre-narcisses-et-jonquilles"},{"id":"9782373611908","title":"Le climat : de l'observation \u00e0 la mod\u00e9lisation ; br\u00e8ve histoire d'une \u00e9pop\u00e9e scientifique et technologique","description":"Face aux cons\u00e9quences d\u00e9sastreuses des changements climatiques, des milliers de scientifiques travaillent \u00e0 comprendre l'\u00e9tat actuel du climat et pr\u00e9dire son \u00e9volution future. Pourtant, il y a quelques d\u00e9cennies, la complexit\u00e9 de la \u00ab machine climatique terrestre \u00bb semblait d\u00e9passer largement les capacit\u00e9s humaines. La dynamique des fluides semblait trop impr\u00e9visible, les ph\u00e9nom\u00e8nes \u00e0 prendre en compte, trop nombreux, la Terre, trop vaste pour \u00eatre \u00e9tudi\u00e9e et comprise.\r\nDepuis, la science et la technologie ont fait des progr\u00e8s immenses. Des programmes internationaux de grande ampleur les ont motiv\u00e9s et guid\u00e9 en organisant des exp\u00e9ditions scientifiques sans pr\u00e9c\u00e9dents. Ces derni\u00e8res ont impliqu\u00e9 une multitude de navires, d'avions et de satellites bard\u00e9s d'appareils de mesure d'une vari\u00e9t\u00e9 et pr\u00e9cision inaccessibles trente ans auparavant. Si l'\u00e9tude du climat - ses dynamiques, ses bouleversements, sa \u00ab chaoticit\u00e9 \u00bb - requiert des th\u00e9ories d'une grande profondeur ainsi que des moyens de calcul puissants pour le mod\u00e9liser num\u00e9riquement, ce serait donc se m\u00e9prendre que de passer sous silence le travail consid\u00e9rable des r\u00e9centes d\u00e9cennies visant \u00e0 recueillir une pl\u00e9thore d'observations sans lesquelles aucune mod\u00e9lisation, aussi raffin\u00e9e soit-elle, ne \u00ab tiendrait debout \u00bb...\r\nC'est une br\u00e8ve histoire de cette \u00e9pop\u00e9e scientifique et technologique que ce livre vous propose de d\u00e9couvrir.\r\nEn collaboration avec Pierre Morel.\r\n","authors":["Ludovic Touze-Peiffe","Herv\u00e9 Le treut"],"category_codes":["4000000","4010000","4010300","4010303"],"visuals":{"large":"https:\/\/images.epagine.fr\/908\/9782373611908_1_75.jpg","medium":"https:\/\/images.epagine.fr\/908\/9782373611908_1_m.jpg","thumbnail":"https:\/\/images.epagine.fr\/908\/9782373611908_1_v.jpg"},"orderable":true,"show_badge":true,"formatted_price":"12,00&nbsp;\u20ac","formatted_published_date":"10 d\u00e9cembre 2018","publisher_availability_label":"Sur commande","short_details":"Ludovic Touze-Peiffe, Herv\u00e9 Le treut \u2014 Editions Materiologiques","translator":null,"weight":200,"page_count":null,"readership":null,"editor":"Editions Materiologiques","price":1200,"published_date":"2018-12-09T23:00:00.000000Z","support":"Grand format","publisher_availability":1,"stock":0,"editions":[],"url":"https:\/\/quaidesbrumes.com\/ouvrage\/9782373611908\/le-climat-de-lobservation-a-la-modelisation-breve-histoire-dune-epopee-scientifique-et-technologique"},{"id":"9782742725601","title":"Les Carnets du paysage n\u00b0 4 - D\u00e9sir de patrimoines","description":"Dossier sur le patrimoine du paysage.","authors":["Collectif"],"category_codes":["4000000","4010000","4010300"],"visuals":{"large":"https:\/\/images.epagine.fr\/601\/9782742725601_1_75.jpg","medium":"https:\/\/images.epagine.fr\/601\/9782742725601_1_m.jpg","thumbnail":"https:\/\/images.epagine.fr\/601\/9782742725601_1_v.jpg"},"orderable":true,"show_badge":true,"formatted_price":"18,60&nbsp;\u20ac","formatted_published_date":"8 d\u00e9cembre 1999","publisher_availability_label":"Sur commande","short_details":"Collectif \u2014 Actes Sud","translator":null,"weight":590,"page_count":192,"readership":null,"editor":"Actes Sud","price":1860,"published_date":"1999-12-07T23:00:00.000000Z","support":"Grand format","publisher_availability":1,"stock":0,"editions":[],"url":"https:\/\/quaidesbrumes.com\/ouvrage\/9782742725601\/les-carnets-du-paysage-n-4-desir-de-patrimoines"},{"id":"9791023606010","title":"Histoire du chat","description":"?Quelle est l'\u00e9volution de ce f\u00e9lin devenu aujourd'hui un animal domestique ?\r\nComme tous les animaux, le chat a une histoire, assortie de l\u00e9gendes noires ou dor\u00e9es. Ce petit f\u00e9lin a \u00e9galement une pr\u00e9histoire bien plus ancienne que celle de l'homme, et il en garde la m\u00e9moire. Enfin, les initi\u00e9s pr\u00eatent sept vies au Chat, voire neuf.\r\nC'est dire la richesse du personnage !\r\nCet ouvrage richement illustr\u00e9 vous propose de parcourir l'histoire du chat, depuis la pr\u00e9histoire jusqu'\u00e0 l'\u00e9poque contemporaine !\r\nEXTRAIT\r\nLouis XIII affectionne les chats qui sont rois \u00e0 sa cour, mais Richelieu, son principal ministre, les adore.\r\nLe cardinal reste dans l'Histoire comme le \u00ab sphinx \u00e0 robe rouge \u00bb qui a \u00ab foudroy\u00e9 plut\u00f4t que gouvern\u00e9 les humains \u00bb (Michelet) et tenu les femmes en pi\u00e8tre estime. Pour les chats, c'est un ma\u00eetre sans \u00e9gal.\r\nAu Palais Cardinal (sa r\u00e9sidence parisienne donnant sur le jardin de l'actuel Palais-Royal), il y a deux domestiques au service des chats, nourris au blanc de poulet. Une vaste pi\u00e8ce leur est r\u00e9serv\u00e9e, la chatterie attenante \u00e0 sa chambre, et son m\u00e9decin personnel veille sur leur sant\u00e9. Malgr\u00e9 sa t\u00e2che \u00e9puisante, le cardinal joue chaque matin avec eux et dort avec ses favoris. Ce grand malade des nerfs invente la \u00ab ronron-th\u00e9rapie \u00bb pratiqu\u00e9e de nos jours par les fans de chats. Il se d\u00e9tend en compagnie de ses amis fourr\u00e9s, avec un faible pour les Angoras et les chatons cach\u00e9s dans ses manches, au Conseil des ministres.\r\n\u00c0 PROPOS DE L'AUTEUR\r\nAuteur et chercheur en sciences humaines (CNRS), historienne et fan de chats, Mich\u00e8le Ressi lance le d\u00e9fi d'un petit livre-cadeau parfaitement illustr\u00e9 et document\u00e9, histoire de nous dire (presque) tout sur notre animal favori. Pari tenu en 100 pages et 100 images.","authors":["Mich\u00e8le Ressi"],"category_codes":["4000000","4010000"],"visuals":{"large":"https:\/\/images.epagine.fr\/010\/9791023606010_1_75.jpg","medium":"https:\/\/images.epagine.fr\/010\/9791023606010_1_m.jpg","thumbnail":"https:\/\/images.epagine.fr\/010\/9791023606010_1_v.jpg"},"orderable":true,"show_badge":true,"formatted_price":"10,00&nbsp;\u20ac","formatted_published_date":"30 novembre 2017","publisher_availability_label":"Sur commande","short_details":"Mich\u00e8le Ressi \u2014 Publishroom","translator":null,"weight":130,"page_count":null,"readership":null,"editor":"Publishroom","price":1000,"published_date":"2017-11-29T23:00:00.000000Z","support":"Grand format","publisher_availability":1,"stock":0,"editions":[],"url":"https:\/\/quaidesbrumes.com\/ouvrage\/9791023606010\/histoire-du-chat"},{"id":"9782322578924","title":"Sensitive water : Dynamization & Information : Which applications in agriculture ?","description":"In traditional societies, it is often believed that the Universe is one. If we hold to this supposition, each discipline suggests vision of the world based on its own concept and frame of reference. Therefore overall, everything is linked and closely interconnected. It is in this frame of mind that water is approached, from the little-known and little-documented angle of its \"sensitivity\" or \"dynamization\".\r\nThe goal here is to summarise all the research carried out on this topic, without making a catalogue out of it, but rather trying to retrace the Ariadne's thread in order to link the different results, and place each of them within a wider field of coherence and understanding.\r\nEach of these advances is supported by the results and thoughts of numerous researchers, each contributing a piece of the jigsaw according to his, or her, own speciality or approach (physical chemistry, biology, quantum mechanics, general relativity, dynamics, movement, and so forth). Nearly forty researchers from all over the world are involved, from the 1900s to the present day, including Jeanne Rousseau, Goethe, Theodor Schwenck, Marc Henry, Nassim Haramein, Gerald Pollack, and many others.\r\nBy analysing the work of each of them, the author gradually offers here an increasingly accurate, but also vast and coherent picture of the reality of water. The starting point is based on what is known and commonly accepted by the scientific community. Little by little, the study progresses in a field that is increasingly \"confidential\" and\/or underdeveloped at present, apart from in a few private or cutting-edge research environments. Three approaches are being explored: \r\n- the experimental way,\r\n- the observational way (artistic way),\r\n- the theoretical mathematical way with the three major sciences of today: Newton's classical mechanics (macroscopic scale), quantum mechanics (infinitely small scale) and Einstein's general relativity (infinitely large scale).","authors":["Mil\u00e8ne Souvignet"],"category_codes":["4000000","4010000","4010200"],"visuals":{"large":"https:\/\/images.epagine.fr\/924\/9782322578924_1_75.jpg","medium":"https:\/\/images.epagine.fr\/924\/9782322578924_1_m.jpg","thumbnail":"https:\/\/images.epagine.fr\/924\/9782322578924_1_v.jpg"},"orderable":true,"show_badge":true,"formatted_price":"28,00&nbsp;\u20ac","formatted_published_date":"17 septembre 2025","publisher_availability_label":"Sur commande","short_details":"Mil\u00e8ne Souvignet \u2014 Books on Demand","translator":null,"weight":493,"page_count":280,"readership":null,"editor":"Books on Demand","price":2800,"published_date":"2025-09-16T22:00:00.000000Z","support":"Grand format","publisher_availability":1,"stock":0,"editions":[],"url":"https:\/\/quaidesbrumes.com\/ouvrage\/9782322578924\/sensitive-water-dynamization-information-which-applications-in-agriculture"}]}