{"data":[{"id":"9782723428101","title":"L'Alpe n.4 : vill\u00e9giatures","description":"Depuis plus de dix ans maintenant, la revue L'Alpe fait appel aux meilleurs sp\u00e9cialistes dans toutes les disciplines des sciences humaines pour porter un regard diff\u00e9rent, neuf, iconoclaste et d\u00e9cal\u00e9 sur les cultures et les patrimoines de l'Europe alpine.","authors":["Collectif"],"category_codes":["4000000","4010000","4010300","4010305"],"visuals":{"large":"https:\/\/images.epagine.fr\/101\/9782723428101_1_75.jpg","medium":"https:\/\/images.epagine.fr\/101\/9782723428101_1_m.jpg","thumbnail":"https:\/\/images.epagine.fr\/101\/9782723428101_1_v.jpg"},"orderable":true,"show_badge":true,"formatted_price":"11,89&nbsp;\u20ac","formatted_published_date":"1er juillet 1999","publisher_availability_label":"Sur commande","short_details":"Collectif \u2014 Gl\u00e9nat","translator":null,"weight":577,"page_count":112,"readership":null,"editor":"Gl\u00e9nat","price":1189,"published_date":"1999-06-30T22:00:00.000000Z","support":"Revue","publisher_availability":1,"stock":0,"editions":[],"url":"https:\/\/quaidesbrumes.com\/ouvrage\/9782723428101\/lalpe-n4-villegiatures"},{"id":"9782723434430","title":"L'Alpe : coffret tomes 5 \u00e0 8","description":"Ce coffret contient  : L'Alpe n\u00ba 5 Vins, vignes et vigneron ;   L'Alpe n\u00ba 6 Tournant de mill\u00e9naire ;  L'Alpe n\u00ba 7 Cartographier la montagne  et  L'Alpe n\u00ba 8 Bestiaire.","authors":["Collectif"],"category_codes":["4000000","4010000","4010300","4010305"],"visuals":{"large":"https:\/\/images.epagine.fr\/430\/9782723434430_1_75.jpg","medium":"https:\/\/images.epagine.fr\/430\/9782723434430_1_m.jpg","thumbnail":"https:\/\/images.epagine.fr\/430\/9782723434430_1_v.jpg"},"orderable":true,"show_badge":true,"formatted_price":"45,00&nbsp;\u20ac","formatted_published_date":"15 d\u00e9cembre 2000","publisher_availability_label":"Sur commande","short_details":"Collectif \u2014 Gl\u00e9nat","translator":null,"weight":2568,"page_count":456,"readership":null,"editor":"Gl\u00e9nat","price":4500,"published_date":"2000-12-14T23:00:00.000000Z","support":"Revue","publisher_availability":1,"stock":0,"editions":[],"url":"https:\/\/quaidesbrumes.com\/ouvrage\/9782723434430\/lalpe-coffret-tomes-5-a-8"},{"id":"9782723436823","title":"\u00c0 m\u00eame la mer : Un voyage en kayak aux Tuamotu","description":"Au milieu du Pacifique, entre 14\u00ba et 22\u00ba de latitude sud, les Tuamotu : des anneaux de corail, terres entour\u00e9es d'eau de toutes parts mais aussi pleines d'eau, habit\u00e9es par une poign\u00e9e de Polyn\u00e9siens intimes de la mer et du ciel.  Deux esquifs fragiles glissent au ras du lagon transparent ou luttent dans la temp\u00eate au large. Karin et Roger vont parcourir plus de 500 milles parmi les Tuamotu, les reins ceints d'un kayak et c'est tout. Deux bateaux-plumes pour des \u00eeles-bulles, voil\u00e0 l'id\u00e9e. Cela va durer cinq lunes, sept travers\u00e9es, huit atolls.  Aventure de r\u00eave et de sueur, performance sportive et cheminement initiatique, exploration ethnologique tout autant qu'exp\u00e9rience intime, leur p\u00e9riple in\u00e9dit aux Tuamotu a suscit\u00e9 un t\u00e9moignage horsdu commun.  C'est Karin qui se confie, dans un style original, avec une \u00e9criture d\u00e9brid\u00e9e mais savamment ma\u00eetris\u00e9e, maniant avec la m\u00eame opini\u00e2tret\u00e9 pagaie, humour, po\u00e9sie et provocation. Elle livre son cheminement personnel, et nous propose tout \u00e0 la fois une odyss\u00e9e et une d\u00e9couverte passionnante des Tuamotu. Son r\u00e9cit progresse par petites touches. Palpation de chaque \u00eele \u00e0 travers la p\u00eache, la cueillette, le bivouac \u00e0 la belle \u00e9toile, la balade \u00e0 l'huile de coude ou la main \u00e0 la p\u00e2te chez l'h\u00f4te impromptu. Lente et hasardeuse reptation des kayaks \u00e0 fleur d'oc\u00e9an, entre ciel et abysses, \u00e0 la merci de la d\u00e9pression tropicale ou du requin-tigre. Caresses et coups bas. Fragilit\u00e9 d'une relation d\u00e9saccord\u00e9e.  Au gr\u00e9 d'un voyage fou qui tangue d'angoisses en extases, surgit la fresque d'un archipel-radeau, truff\u00e9 de beaut\u00e9s et de d\u00e9chirures, v\u00e9n\u00e9r\u00e9 par ses habitants, expos\u00e9 \u00e0 dispara\u00eetre un jour sous la mont\u00e9e des eaux.  Une histoire d'humains en sursis et de go\u00fbt de vivre.","authors":["Karin Huet"],"category_codes":["4000000","4010000","4010300","4010304"],"visuals":{"large":"https:\/\/images.epagine.fr\/823\/9782723436823_1_75.jpg","medium":"https:\/\/images.epagine.fr\/823\/9782723436823_1_m.jpg","thumbnail":"https:\/\/images.epagine.fr\/823\/9782723436823_1_v.jpg"},"orderable":true,"show_badge":true,"formatted_price":"19,99&nbsp;\u20ac","formatted_published_date":"12 septembre 2001","publisher_availability_label":"Sur commande","short_details":"Karin Huet \u2014 Gl\u00e9nat","translator":null,"weight":485,"page_count":360,"readership":null,"editor":"Gl\u00e9nat","price":1999,"published_date":"2001-09-11T22:00:00.000000Z","support":"Grand format","publisher_availability":1,"stock":0,"editions":[],"url":"https:\/\/quaidesbrumes.com\/ouvrage\/9782723436823\/a-meme-la-mer-un-voyage-en-kayak-aux-tuamotu"},{"id":"9782723437370","title":"Vent debout : Premi\u00e8re travers\u00e9e de l'Atlantique en planche \u00e0 voile par une femme en solitaire","description":"F\u00e9vrier \/ avril 2000 : Rapha\u00ebla le Gouvello \u00e9tait la premi\u00e8re femme \u00e0 traverser l'Atlantique en planche \u00e0 voile. \r\nUne aventure extr\u00eamement forte dans laquelle, comme souvent, il s'agissait d'aller \u00e0 la rencontre des \u00e9l\u00e9ments, mais aussi au bout de soi-m\u00eame. Malgr\u00e9 les requins, les grains, les avaries diverses, et un oc\u00e9an \u00e0 apprivoiser debout, au raz des flots, l'adversit\u00e9 \u00e0 surtout \u00e9t\u00e9 l'absence de vent qui, pendant des semaines, a sap\u00e9 les forces et la d\u00e9termination de Rapha\u00ebla comme de ses amis, sans en venir \u00e0 bout.  Un livre \u00e0 trois voix - celles de Rapha\u00ebla bien s\u00fbr, mais aussi celle d'H\u00e9l\u00e8ne Andr\u00e9, son amie, et celle de Guy Saillard, architecte de la planche, pr\u00e9parateur technique et routeur de la travers\u00e9e - t\u00e9moigne de ce d\u00e9fi lanc\u00e9 \u00e0 l'Atlantique. Chacun avait tenu son propre journal de la travers\u00e9e de Rapha\u00ebla, et la confrontation de ces trois visions recr\u00e9e un v\u00e9ritable suspens psychologique dans une aventure dont nous connaissions pourtant le d\u00e9nouement. Un \u00e9clairage passionnant sur les myst\u00e8res et les limites de l'engagement humain, sur l'amour et l'amiti\u00e9.","authors":["Guy Saillard","Rapha\u00ebla Le gouvello","H\u00e9l\u00e8ne Andr\u00e9"],"category_codes":["4000000","4010000","4010300","4010304"],"visuals":{"large":"https:\/\/images.epagine.fr\/370\/9782723437370_1_75.jpg","medium":"https:\/\/images.epagine.fr\/370\/9782723437370_1_m.jpg","thumbnail":"https:\/\/images.epagine.fr\/370\/9782723437370_1_v.jpg"},"orderable":true,"show_badge":true,"formatted_price":"19,99&nbsp;\u20ac","formatted_published_date":"21 novembre 2001","publisher_availability_label":"Sur commande","short_details":"Guy Saillard, Rapha\u00ebla Le gouvello, H\u00e9l\u00e8ne Andr\u00e9 \u2014 Gl\u00e9nat","translator":null,"weight":358,"page_count":240,"readership":null,"editor":"Gl\u00e9nat","price":1999,"published_date":"2001-11-20T23:00:00.000000Z","support":"Grand format","publisher_availability":1,"stock":0,"editions":[],"url":"https:\/\/quaidesbrumes.com\/ouvrage\/9782723437370\/vent-debout-premiere-traversee-de-latlantique-en-planche-a-voile-par-une-femme-en-solitaire"},{"id":"9791042471804","title":"\u00c9COLOGIE VITALE : Prot\u00e9ger la nature hors de nous pour la ranimer en nous","description":"L'\u00c9cologie vitale se distingue des autres courants \u00e9cologiques par l'importance qu'elle accorde \u00e0 une motivation essentielle : prot\u00e9ger la nature pour s'y ressourcer, afin de ranimer cette part de nous-m\u00eames qui d\u00e9p\u00e9rit dans la civilisation.\r\nRenouer avec la nature, c'est raviver sa flamme int\u00e9rieure, comme une braise refroidie reprend vie lorsqu'on la rapproche du foyer. C'est la m\u00eame force qui b\u00e9tonne la nature \u00e0 l'ext\u00e9rieur et \u00e0 l'int\u00e9rieur de nous. Seule l'union entre ces deux incarnations de la nature, celle qui nous entoure et celle qui nous habite, peut nous permettre de r\u00e9sister \u00e0 cet asservissement commun. La nature a besoin que nous la prot\u00e9gions des agressions de la civilisation, comme nous avons besoin d'elle pour ranimer notre propre nature.\r\nLa principale menace ne vient plus de la nature, mais de ce que les humains ont cr\u00e9\u00e9 pour s'en prot\u00e9ger. Le progr\u00e8s nous \u00e9chappe.","authors":["Pierre-Alain Bruchez"],"category_codes":["4000000","4010000","4010200","4010207"],"visuals":{"large":"https:\/\/images.epagine.fr\/804\/9791042471804_1_75.jpg","medium":"https:\/\/images.epagine.fr\/804\/9791042471804_1_m.jpg","thumbnail":"https:\/\/images.epagine.fr\/804\/9791042471804_1_v.jpg"},"orderable":true,"show_badge":true,"formatted_price":"17,00&nbsp;\u20ac","formatted_published_date":"21 juillet 2025","publisher_availability_label":"Sur commande","short_details":"Pierre-Alain Bruchez \u2014 BOOKELIS","translator":null,"weight":436,"page_count":364,"readership":null,"editor":"BOOKELIS","price":1700,"published_date":"2025-07-20T22:00:00.000000Z","support":"Grand format","publisher_availability":1,"stock":0,"editions":[],"url":"https:\/\/quaidesbrumes.com\/ouvrage\/9791042471804\/ecologie-vitale-proteger-la-nature-hors-de-nous-pour-la-ranimer-en-nous"},{"id":"9781789481846","title":"D\u00e9veloppement et ville durable","description":"\r\n\r\nLa ville, dans son d\u00e9veloppement exponentiel, soul\u00e8ve aujourd'hui de nombreux enjeux en mati\u00e8re de durabilit\u00e9. C'est l'objet principal de la r\u00e9flexion engag\u00e9e ici, qui se d\u00e9cline selon plusieurs axes. Il s'agit d'abord d'adopter une approche critique du d\u00e9veloppement, notamment \u00e0 travers le prisme du concept de d\u00e9veloppement durable. En tant que syst\u00e8me complexe, la ville interroge les performances attendues de la soutenabilit\u00e9, cens\u00e9e r\u00e9pondre aux difficult\u00e9s actuelles, y compris \u00e0 l'\u00e9chelle locale et territoriale, l\u00e0 o\u00f9 les politiques doivent s'ancrer et agir concr\u00e8tement.\r\n\r\nMais la durabilit\u00e9 ne peut \u00eatre pens\u00e9e sans int\u00e9grer la question cruciale de son acceptabilit\u00e9 sociale. Elle suppose l'adh\u00e9sion des populations concern\u00e9es, condition essentielle \u00e0 la mise en oeuvre de v\u00e9ritables transitions urbaines. Ainsi, l'ensemble des probl\u00e9matiques li\u00e9es \u00e0 l'urbanit\u00e9 renvoie plus largement \u00e0 la n\u00e9cessit\u00e9 de r\u00e9guler les principes du d\u00e9veloppement durable, en faisant de la ville durable un v\u00e9ritable centre de gravit\u00e9 des pr\u00e9occupations contemporaines.","authors":["Yann Ferguson","Marc-Andre Mequignon","Isabelle Bouchardy","Jean-Pierre Mignot","Nadege Gunia"],"category_codes":["4000000","4010000","4010200"],"visuals":{"large":"https:\/\/images.epagine.fr\/846\/9781789481846_1_75.jpg","medium":"https:\/\/images.epagine.fr\/846\/9781789481846_1_m.jpg","thumbnail":"https:\/\/images.epagine.fr\/846\/9781789481846_1_v.jpg"},"orderable":true,"show_badge":true,"formatted_price":"142,42&nbsp;\u20ac","formatted_published_date":"25 juillet 2025","publisher_availability_label":"Sur commande","short_details":"Yann Ferguson, Marc-Andre Mequignon, Isabelle Bouchardy, Jean-Pierre Mignot, Nadege Gunia \u2014 Iste","translator":null,"weight":0,"page_count":310,"readership":"Tout public","editor":"Iste","price":14242,"published_date":"2025-07-24T22:00:00.000000Z","support":"Grand format","publisher_availability":1,"stock":0,"editions":[],"url":"https:\/\/quaidesbrumes.com\/ouvrage\/9781789481846\/developpement-et-ville-durable"},{"id":"9781789481853","title":"Agrop\u00e9dologie : Gestion durable des sols agricoles","description":"Les sols sont une ressource essentielle pour la production agricole. Agrop\u00e9dologie vise \u00e0 apporter des \u00e9l\u00e9ments de compr\u00e9hension du fonctionnement des sols agricoles, indispensables \u00e0 la gestion de leurs fonctions au sein des agro\u00e9cosyst\u00e8mes.\r\n\r\nL'approche des sols est ici pluridisciplinaire, allant des sciences de la nature aux sciences humaines et sociales. Un \u00e9clairage est apport\u00e9 sur les particularit\u00e9s des sols agricoles de certaines r\u00e9gions g\u00e9ographiques (sols m\u00e9diterran\u00e9ens, sols tropicaux) ou de certains milieux (sols urbains). Par ailleurs, cet ouvrage donne \u00e0 voir comment certaines th\u00e9matiques de la science des sols agricoles sont aujourd'hui trait\u00e9es dans le cadre de l'enseignement sup\u00e9rieur, tel qu'il se pratique aujourd'hui notamment \u00e0 AgroParisTech et \u00e0 l'Universit\u00e9 Paris-Saclay, o\u00f9 enseignent la majorit\u00e9 des contributeurs de cet ouvrage.\r\n\r\n\u00c0 l'heure de la transition \u00e9cologique, les sols doivent retrouver une place centrale dans le pilotage des agro\u00e9cosyst\u00e8mes ; cet ouvrage cherche \u00e0 y contribuer.","authors":["Jo\u00ebl Michelin","Yves Coquet"],"category_codes":["4000000","4010000","4010200"],"visuals":{"large":"https:\/\/images.epagine.fr\/853\/9781789481853_1_75.jpg","medium":"https:\/\/images.epagine.fr\/853\/9781789481853_1_m.jpg","thumbnail":"https:\/\/images.epagine.fr\/853\/9781789481853_1_v.jpg"},"orderable":true,"show_badge":true,"formatted_price":"142,42&nbsp;\u20ac","formatted_published_date":"25 juillet 2025","publisher_availability_label":"Sur commande","short_details":"Jo\u00ebl Michelin, Yves Coquet \u2014 Iste","translator":null,"weight":0,"page_count":328,"readership":"Tout public","editor":"Iste","price":14242,"published_date":"2025-07-24T22:00:00.000000Z","support":"Grand format","publisher_availability":1,"stock":0,"editions":[],"url":"https:\/\/quaidesbrumes.com\/ouvrage\/9781789481853\/agropedologie-gestion-durable-des-sols-agricoles"},{"id":"9782312154077","title":"Agir pour la terre","description":null,"authors":["Kanthar Eelavan"],"category_codes":["4000000","4010000","4010200","4010207"],"visuals":{"large":"https:\/\/quaidesbrumes.com\/img\/book-placeholder.png","medium":"https:\/\/quaidesbrumes.com\/img\/book-placeholder.png","thumbnail":"https:\/\/quaidesbrumes.com\/img\/book-placeholder.png"},"orderable":true,"show_badge":true,"formatted_price":"15,00&nbsp;\u20ac","formatted_published_date":"24 juillet 2025","publisher_availability_label":"Sur commande","short_details":"Kanthar Eelavan \u2014 Editions du Net","translator":null,"weight":188,"page_count":null,"readership":null,"editor":"Editions du Net","price":1500,"published_date":"2025-07-23T22:00:00.000000Z","support":"Grand format","publisher_availability":1,"stock":0,"editions":[],"url":"https:\/\/quaidesbrumes.com\/ouvrage\/9782312154077\/agir-pour-la-terre"},{"id":"9782375311325","title":"Le reve du corbeau","description":null,"authors":["Daniel K. Leroux"],"category_codes":["4000000","4010000","4010200","4010207"],"visuals":{"large":"https:\/\/quaidesbrumes.com\/img\/book-placeholder.png","medium":"https:\/\/quaidesbrumes.com\/img\/book-placeholder.png","thumbnail":"https:\/\/quaidesbrumes.com\/img\/book-placeholder.png"},"orderable":true,"show_badge":true,"formatted_price":"14,00&nbsp;\u20ac","formatted_published_date":"17 juin 2025","publisher_availability_label":"Sur commande","short_details":"Daniel K. Leroux \u2014 Grand Tetras","translator":null,"weight":120,"page_count":null,"readership":null,"editor":"Grand Tetras","price":1400,"published_date":"2025-06-16T22:00:00.000000Z","support":"Grand format","publisher_availability":1,"stock":0,"editions":[],"url":"https:\/\/quaidesbrumes.com\/ouvrage\/9782375311325\/le-reve-du-corbeau"},{"id":"9782344025222","title":"L'Alpe n.79 : paysages, le monde \u00e0 sa fen\u00eatre","description":"Loin d'\u00eatre des terrains vierges, les paysages alpins portent partout la main de l'homme. Ici travaill\u00e9s, l\u00e0 d\u00e9figur\u00e9s, ailleurs prot\u00e9g\u00e9s. Quel rapport \u00e0 la nature les Alpins ont-ils entretenu au fil de l'histoire ? \u00c0 quoi ressembleront les Alpes de demain ?","authors":["Collectif"],"category_codes":["4000000","4010000","4010100"],"visuals":{"large":"https:\/\/images.epagine.fr\/222\/9782344025222_1_75.jpg","medium":"https:\/\/images.epagine.fr\/222\/9782344025222_1_m.jpg","thumbnail":"https:\/\/images.epagine.fr\/222\/9782344025222_1_v.jpg"},"orderable":true,"show_badge":true,"formatted_price":"18,00&nbsp;\u20ac","formatted_published_date":"29 novembre 2017","publisher_availability_label":"Sur commande","short_details":"Collectif \u2014 Gl\u00e9nat","translator":null,"weight":528,"page_count":96,"readership":null,"editor":"Gl\u00e9nat","price":1800,"published_date":"2017-11-28T23:00:00.000000Z","support":"Revue","publisher_availability":1,"stock":0,"editions":[],"url":"https:\/\/quaidesbrumes.com\/ouvrage\/9782344025222\/lalpe-n79-paysages-le-monde-a-sa-fenetre"},{"id":"9791042471859","title":"VIVRE DANS UN MONDE D\u00c9NATUR\u00c9 et APPEL POUR L'\u00c9COLOGIE VITALE : Extraits de mon livre \u00ab \u00c9COLOGIE VITALE   Prot\u00e9ger la nature hors de nous pour la ranimer en nous \u00bb","description":"Ce livre contient deux chapitres extraits de \u00ab \u00c9COLOGIE VITALE \u00bb.(*) Le premier chapitre (Vivre dans un monde d\u00e9natur\u00e9) propose des pistes pour mieux vivre en tant qu'individu dans un monde de plus en plus d\u00e9natur\u00e9. Le second chapitre est un appel pour l'\u00c9cologie vitale, un courant \u00e9cologique pour lequel prot\u00e9ger la nature hors de nous pour la ranimer en nous constitue une motivation essentielle.\r\n(*) Mon livre \u00ab \u00c9COLOGIE VITALE -- Prot\u00e9ger la nature hors de nous pour la ranimer en nous \u00bb (date de parution : juillet 2025) est disponible sur la librairie Bookelis. Les libraires peuvent le commander directement \u00e0 pabruchez@yahoo.com.","authors":["Pierre-Alain Bruchez"],"category_codes":["4000000","4010000","4010200","4010207"],"visuals":{"large":"https:\/\/images.epagine.fr\/859\/9791042471859_1_75.jpg","medium":"https:\/\/images.epagine.fr\/859\/9791042471859_1_m.jpg","thumbnail":"https:\/\/images.epagine.fr\/859\/9791042471859_1_v.jpg"},"orderable":true,"show_badge":true,"formatted_price":"6,60&nbsp;\u20ac","formatted_published_date":"21 juillet 2025","publisher_availability_label":"Sur commande","short_details":"Pierre-Alain Bruchez \u2014 BOOKELIS","translator":null,"weight":69,"page_count":64,"readership":null,"editor":"BOOKELIS","price":660,"published_date":"2025-07-20T22:00:00.000000Z","support":"Grand format","publisher_availability":1,"stock":0,"editions":[],"url":"https:\/\/quaidesbrumes.com\/ouvrage\/9791042471859\/vivre-dans-un-monde-denature-et-appel-pour-lecologie-vitale-extraits-de-mon-livre-ecologie-vitale-proteger-la-nature-hors-de-nous-pour-la-ranimer-en-nous"},{"id":"9782825710555","title":"ENTRETIENS SUR L'\u00c9COLOGIE : De la science au politique","description":"\u00c0 travers une vingtaine d'ouvrages fondateurs, ce livre retrace la gen\u00e8se de la science \u00e9cologique, du XIXe, \u00e0 son institutionnalisation au d\u00e9but du XXe si\u00e8cle, puis \u00e0 l'irruption et \u00e0 l'\u00e9volution de l'\u00e9cologie politique dans la seconde moiti\u00e9 du XXe et au d\u00e9but du XXIe si\u00e8cle.\r\nM\u00eame s'ils traitent des dimensions politiques ou soci\u00e9tales de la probl\u00e9matique \u00e9cologique, la majorit\u00e9 des ouvrages recens\u00e9s \u00e9manent de scientifiques ayant d\u00e9lib\u00e9r\u00e9ment d\u00e9bord\u00e9 le champ de leurs sp\u00e9cialit\u00e9s d'origine pour l'int\u00e9grer dans une approche globale. Les autres rel\u00e8vent davantage de la philosophie.\r\nSous la forme de dialogues, l'auteur de ces chroniques s'est efforc\u00e9 de mettre en lumi\u00e8re les apports des uns et des autres, abstraction faite des mouvements se r\u00e9clamant de l'\u00e9cologie dans les diff\u00e9rents pays, tout en apportant un regard critique sur ce corpus couvrant plus de deux si\u00e8cles.","authors":["Ivo Rens","Philippe Lebreton"],"category_codes":["4000000","4010000","4010200","4010208"],"visuals":{"large":"https:\/\/images.epagine.fr\/555\/9782825710555_1_75.jpg","medium":"https:\/\/images.epagine.fr\/555\/9782825710555_1_m.jpg","thumbnail":"https:\/\/images.epagine.fr\/555\/9782825710555_1_v.jpg"},"orderable":true,"show_badge":true,"formatted_price":"15,00&nbsp;\u20ac","formatted_published_date":"27 f\u00e9vrier 2017","publisher_availability_label":"Sur commande","short_details":"Ivo Rens, Philippe Lebreton \u2014 Georg","translator":null,"weight":450,"page_count":224,"readership":null,"editor":"Georg","price":1500,"published_date":"2017-02-26T23:00:00.000000Z","support":"Grand format","publisher_availability":1,"stock":0,"editions":["9782322662883"],"url":"https:\/\/quaidesbrumes.com\/ouvrage\/9782825710555\/entretiens-sur-lecologie-de-la-science-au-politique"},{"id":"9782846543590","title":"La Marine de Vichy aux Antilles : Juin 1940-Juillet 1943","description":null,"authors":["Les Indes Savantes"],"category_codes":["4000000","4010000","4010200"],"visuals":{"large":"https:\/\/images.epagine.fr\/590\/9782846543590_1_75.jpg","medium":"https:\/\/images.epagine.fr\/590\/9782846543590_1_m.jpg","thumbnail":"https:\/\/images.epagine.fr\/590\/9782846543590_1_v.jpg"},"orderable":true,"show_badge":true,"formatted_price":"26,00&nbsp;\u20ac","formatted_published_date":"27 mars 2014","publisher_availability_label":"Sur commande","short_details":"Les Indes Savantes \u2014 Les Indes savantes","translator":null,"weight":601,"page_count":288,"readership":null,"editor":"Les Indes savantes","price":2600,"published_date":"2014-03-26T23:00:00.000000Z","support":"Grand format","publisher_availability":1,"stock":0,"editions":[],"url":"https:\/\/quaidesbrumes.com\/ouvrage\/9782846543590\/la-marine-de-vichy-aux-antilles-juin-1940-juillet-1943"},{"id":"9782918647003","title":"Journal d'un \u00e9colodidacte ; de la non violence \u00e0 la bio","description":"Parcours d'un militant non-violent qui devient en Bretagne un des pr\u00e9curseurs de l'alimentation biologique","authors":["Norbert Maudet"],"category_codes":["4000000","4010000","4010200","4010204"],"visuals":{"large":"https:\/\/images.epagine.fr\/003\/9782918647003_1_75.jpg","medium":"https:\/\/images.epagine.fr\/003\/9782918647003_1_m.jpg","thumbnail":"https:\/\/images.epagine.fr\/003\/9782918647003_1_v.jpg"},"orderable":true,"show_badge":true,"formatted_price":"5,00&nbsp;\u20ac","formatted_published_date":"16 octobre 2009","publisher_availability_label":"Sur commande","short_details":"Norbert Maudet \u2014 Goater","translator":null,"weight":339,"page_count":400,"readership":"Tout public","editor":"Goater","price":500,"published_date":"2009-10-15T22:00:00.000000Z","support":"Grand format","publisher_availability":1,"stock":0,"editions":[],"url":"https:\/\/quaidesbrumes.com\/ouvrage\/9782918647003\/journal-dun-ecolodidacte-de-la-non-violence-a-la-bio"},{"id":"9791097042936","title":"Dialogue chine n 9 (juillet-septembre 2021) - france : ensemble, protegeons la biodiversite","description":null,"authors":["Collectif"],"category_codes":["4000000","4010000","4010300"],"visuals":{"large":"https:\/\/images.epagine.fr\/936\/9791097042936_1_75.jpg","medium":"https:\/\/images.epagine.fr\/936\/9791097042936_1_m.jpg","thumbnail":"https:\/\/images.epagine.fr\/936\/9791097042936_1_v.jpg"},"orderable":true,"show_badge":true,"formatted_price":"3,00&nbsp;\u20ac","formatted_published_date":"31 octobre 2021","publisher_availability_label":"Sur commande","short_details":"Collectif \u2014 La Chine Au Present","translator":null,"weight":185,"page_count":null,"readership":null,"editor":"La Chine Au Present","price":300,"published_date":"2021-10-30T22:00:00.000000Z","support":"Revue","publisher_availability":1,"stock":0,"editions":[],"url":"https:\/\/quaidesbrumes.com\/ouvrage\/9791097042936\/dialogue-chine-n-9-juillet-septembre-2021-france-ensemble-protegeons-la-biodiversite"},{"id":"9782315007028","title":"Le d\u00e9ni climatique","description":"Ce livre \u00e9tablit un constat sans concession : nous sommes tous climato-sceptiques.\r\nNous sommes conscients que notre activit\u00e9 est responsable du r\u00e9chauffement climatique et nous en identifions les cons\u00e9quences comme la fonte de la calotte glaciaire ou les dizaines de millions de r\u00e9fugi\u00e9s climatiques chaque ann\u00e9e dans le monde.\r\nPourtant, nous continuons \u00e0 subventionner g\u00e9n\u00e9reusement les \u00e9nergies fossiles, \u00e0 promouvoir des trait\u00e9s de libre-\u00e9change sans clause sur le climat et \u00e0 utiliser les indicateurs de mesure qui comptabilisent uniquement la production marchande.\r\nCe livre d\u00e9voile cette hypocrisie et montre que nous avons les moyens de relever le d\u00e9fi climatique. Une autre voie existe, c'est en r\u00e9alit\u00e9 juste une question de choix.","authors":["Henri Landes","Thomas Porcher"],"category_codes":["4000000","4010000","4010200","4010207"],"visuals":{"large":"https:\/\/images.epagine.fr\/028\/9782315007028_1_75.jpg","medium":"https:\/\/images.epagine.fr\/028\/9782315007028_1_m.jpg","thumbnail":"https:\/\/images.epagine.fr\/028\/9782315007028_1_v.jpg"},"orderable":true,"show_badge":true,"formatted_price":"9,90&nbsp;\u20ac","formatted_published_date":"30 octobre 2015","publisher_availability_label":"Sur commande","short_details":"Henri Landes, Thomas Porcher \u2014 MAX MILO","translator":null,"weight":113,"page_count":96,"readership":null,"editor":"MAX MILO","price":990,"published_date":"2015-10-29T23:00:00.000000Z","support":"Grand format","publisher_availability":1,"stock":0,"editions":[],"url":"https:\/\/quaidesbrumes.com\/ouvrage\/9782315007028\/le-deni-climatique"},{"id":"9782350303482","title":"De l'obslescence programm\u00e9e, du recyclage insuffisant et de toutes ces sortes de choses","description":"Une foison d'exemples, de chiffres, d'anecdotes et de preuves pour nous donner \u00e0 comprendre un syst\u00e8me qui semble marcher sur la t\u00eate.","authors":["Bernard Heger"],"category_codes":["4000000","4010000","4010200","4010204"],"visuals":{"large":"https:\/\/images.epagine.fr\/482\/9782350303482_1_75.jpg","medium":"https:\/\/images.epagine.fr\/482\/9782350303482_1_m.jpg","thumbnail":"https:\/\/images.epagine.fr\/482\/9782350303482_1_v.jpg"},"orderable":true,"show_badge":true,"formatted_price":"15,00&nbsp;\u20ac","formatted_published_date":"4 novembre 2015","publisher_availability_label":"Sur commande","short_details":"Bernard Heger \u2014 Atlande","translator":null,"weight":175,"page_count":1,"readership":null,"editor":"Atlande","price":1500,"published_date":"2015-11-03T23:00:00.000000Z","support":"Grand format","publisher_availability":1,"stock":0,"editions":[],"url":"https:\/\/quaidesbrumes.com\/ouvrage\/9782350303482\/de-lobslescence-programmee-du-recyclage-insuffisant-et-de-toutes-ces-sortes-de-choses"},{"id":"9782322569489","title":"Pyr\u00e9n\u00e9es sauvages : \u00e0 l'\u00e9coute de la montagne","description":"Avec plus d'une centaine d'ours dans les Pyr\u00e9n\u00e9es, la nature reprend ses droits. Mais les montagnards sont confront\u00e9s \u00e0 de nouveaux d\u00e9fis.\r\nSteve Cracknell part dans les estives \u00e9couter bergers, chasseurs et \u00e9cologistes, et suit la trace de l'ours.  Il regarde aussi ailleurs : loups, bouquetins et m\u00eame castors s'invitent dans le r\u00e9cit.\r\nAu-del\u00e0 des clivages souvent relay\u00e9s par les m\u00e9dias, il explore comment notre rapport \u00e0 la nature est fa\u00e7onn\u00e9 par des r\u00e9cits culturels profonds. Personne ne d\u00e9tient le monopole de la v\u00e9rit\u00e9.\r\nRevu et mis \u00e0 jour pour cette traduction, l'ouvrage a \u00e9t\u00e9 d\u00e9sign\u00e9 Nature Book of the Year 2021 par Mark Avery dans sa version anglaise.","authors":["Steve Cracknell"],"category_codes":["4000000","4010000","4010200"],"visuals":{"large":"https:\/\/images.epagine.fr\/489\/9782322569489_1_75.jpg","medium":"https:\/\/images.epagine.fr\/489\/9782322569489_1_m.jpg","thumbnail":"https:\/\/images.epagine.fr\/489\/9782322569489_1_v.jpg"},"orderable":true,"show_badge":true,"formatted_price":"36,00&nbsp;\u20ac","formatted_published_date":"13 juillet 2025","publisher_availability_label":"Sur commande","short_details":"Steve Cracknell \u2014 Books on Demand","translator":null,"weight":645,"page_count":336,"readership":null,"editor":"Books on Demand","price":3600,"published_date":"2025-07-12T22:00:00.000000Z","support":"Grand format","publisher_availability":1,"stock":0,"editions":["9782322654390","9782322572090"],"url":"https:\/\/quaidesbrumes.com\/ouvrage\/9782322569489\/pyrenees-sauvages-a-lecoute-de-la-montagne"},{"id":"9782350304274","title":"Nos for\u00eats en danger","description":"Critique sans concession, mais avec p\u00e9dagogie, de la gestion des domaines forestiers fran\u00e7ais, soumis aux \u00e9ch\u00e9ances du court-terme et aux contraintes de rentabilit\u00e9, au d\u00e9triment de la protection des esp\u00e8ces. \r\n\r\n\"L'affirmation selon laquelle 'la for\u00eat doit s'adapter aux besoins de l'industrie' se fait jouir, alors que c'est tr\u00e8s exactement l'inverse qui devrait \u00eatre le dogme.\"","authors":["Alain-Claude Rameau"],"category_codes":["4000000","4010000","4010400","4010406"],"visuals":{"large":"https:\/\/images.epagine.fr\/274\/9782350304274_1_75.jpg","medium":"https:\/\/images.epagine.fr\/274\/9782350304274_1_m.jpg","thumbnail":"https:\/\/images.epagine.fr\/274\/9782350304274_1_v.jpg"},"orderable":true,"show_badge":true,"formatted_price":"15,00&nbsp;\u20ac","formatted_published_date":"16 mars 2017","publisher_availability_label":"Sur commande","short_details":"Alain-Claude Rameau \u2014 Atlande","translator":null,"weight":146,"page_count":1,"readership":null,"editor":"Atlande","price":1500,"published_date":"2017-03-15T23:00:00.000000Z","support":"Grand format","publisher_availability":1,"stock":0,"editions":[],"url":"https:\/\/quaidesbrumes.com\/ouvrage\/9782350304274\/nos-forets-en-danger"},{"id":"9782759203864","title":"Le campagnol terrestre ; pr\u00e9vention et contr\u00f4le des populations","description":"Depuis le d\u00e9but des ann\u00e9es 1970, des pullulations de campagnols terrestres causent des d\u00e9g\u00e2ts consid\u00e9rables dans plusieurs r\u00e9gions \u00e0 vocation d'\u00e9levage (Auvergne, Franche-Comt\u00e9.) avec de multiples cons\u00e9quences sur l'\u00e9conomie, la sant\u00e9 et la faune. La solution chimique propos\u00e9e d'abord a provoqu\u00e9 des effets secondaires n\u00e9fastes sur la faune auxiliaire et le gibier. Le probl\u00e8me \u00ab campagnol \u00bb est devenu probl\u00e8me soci\u00e9tal.De 1992 \u00e0 2007, plusieurs plans d'actions ont pris en compte l'\u00e9tude globale des processus et la recherche de solutions durables pour mettre en place les moyens d'une lutte raisonn\u00e9e. Le bilan pr\u00e9sent\u00e9 dans cet ouvrage illustre l'apport d'une d\u00e9marche syst\u00e9mique pour lutter contre un ravageur.","authors":["Pierre Delattre","Patrick Giraudoux"],"category_codes":["4000000","4010000","4010200"],"visuals":{"large":"https:\/\/images.epagine.fr\/864\/9782759203864_1_75.jpg","medium":"https:\/\/images.epagine.fr\/864\/9782759203864_1_m.jpg","thumbnail":"https:\/\/images.epagine.fr\/864\/9782759203864_1_v.jpg"},"orderable":true,"show_badge":true,"formatted_price":"38,50&nbsp;\u20ac","formatted_published_date":"9 novembre 2009","publisher_availability_label":"Sur commande","short_details":"Pierre Delattre, Patrick Giraudoux \u2014 Qu\u00e6","translator":null,"weight":690,"page_count":null,"readership":null,"editor":"Qu\u00e6","price":3850,"published_date":"2009-11-08T23:00:00.000000Z","support":"Grand format","publisher_availability":1,"stock":0,"editions":[],"url":"https:\/\/quaidesbrumes.com\/ouvrage\/9782759203864\/le-campagnol-terrestre-prevention-et-controle-des-populations"},{"id":"9782940584512","title":"Ce qui fait la pluie... et le beau temps","description":"Pourquoi la neige est-elle blanche ? Peut-on \u00eatre aspir\u00e9 par une tornade ? Peut-on mourir de chaud ? A quelle vitesse tombe une goutte de pluie ?\r\nLa m\u00e9t\u00e9o et ses ph\u00e9nom\u00e8nes, exceptionnels ou quotidiens, sont un sujet favori de conversation.  Voici 50 antis\u00e8ches pour rester dans le vent par tous les temps.\r\n\r\nCe qui fait la pluie... et le beau temps s'adresse aux parents, grands-parents, enseignants, animateurs et \u00e9ducateurs. Il propose une nouvelle fa\u00e7on de d\u00e9couvrir ou red\u00e9couvrir des informations essentielles ou insolites sur les ph\u00e9nom\u00e8nes m\u00e9t\u00e9orologiques, la pluie, la neige, la s\u00e9cheresse, le vent, les temp\u00eates et autre brouillard.\r\nL'ouvrage se d\u00e9roule en 50 doubles pages abordant chacune une question malicieuse. Une illustration p\u00e9tillante accompagne la r\u00e9ponse agr\u00e9ment\u00e9e d'un ou deux encadr\u00e9s apportant un d\u00e9tail incroyable, une info compl\u00e9mentaire ou un contrepoint inattendu.","authors":["Thomas Blanchard","Peggy Frey","Fr\u00e9d\u00e9ric Michaud"],"category_codes":["4000000","4010000","4010300","4010303"],"visuals":{"large":"https:\/\/images.epagine.fr\/512\/9782940584512_1_75.jpg","medium":"https:\/\/images.epagine.fr\/512\/9782940584512_1_m.jpg","thumbnail":"https:\/\/images.epagine.fr\/512\/9782940584512_1_v.jpg"},"orderable":true,"show_badge":true,"formatted_price":"12,90&nbsp;\u20ac","formatted_published_date":"13 septembre 2018","publisher_availability_label":"Sur commande","short_details":"Thomas Blanchard, Peggy Frey, Fr\u00e9d\u00e9ric Michaud \u2014 \u00c9ditions de la Salamandre","translator":null,"weight":205,"page_count":103,"readership":null,"editor":"\u00c9ditions de la Salamandre","price":1290,"published_date":"2018-09-12T22:00:00.000000Z","support":"Grand format","publisher_availability":1,"stock":0,"editions":[],"url":"https:\/\/quaidesbrumes.com\/ouvrage\/9782940584512\/ce-qui-fait-la-pluie-et-le-beau-temps"},{"id":"9782743011932","title":"La r\u00e9sistance chez les plantes","description":"Apr\u00e8s de nombreuses d\u00e9cennies d'utilisation intensive de produits  phytosanitaires organiques de synth\u00e8se, le constat est alarmant tant  sur le plan de la pollution environnementale que sur celui des d\u00e9sordres  \u00e9cologiques. \u00c0 l'heure actuelle, la question fondamentale se  r\u00e9sume donc \u00e0 ceci : est-il possible d'envisager, au XXIe si\u00e8cle, une agriculture  sans pesticides ? S'il est difficile de r\u00e9pondre \u00e0 cette question par  l'affirmative, nous pouvons en revanche affirmer que l'agriculture  de demain aura recours \u00e0 des pratiques innovantes, issues du d\u00e9veloppement  de nouvelles approches permettant de minimiser la pollution  environnementale tout en pr\u00e9servant les rendements. La  r\u00e9sistance chez les plantes aborde les diff\u00e9rentes facettes d'une  nouvelle strat\u00e9gie de protection phytosanitaire fond\u00e9e sur la stimulation  du potentiel immunitaire des plantes par des substances ou produits  biologiques (stimulateurs de d\u00e9fense naturelle). La premi\u00e8re partie  de cet ouvrage est consacr\u00e9e \u00e0 l'expression naturelle de la r\u00e9sistance  chez les plantes, qu'elle soit passive ou active. Les \u00e9v\u00e9nements menant \u00e0  la r\u00e9sistance active sont pr\u00e9sent\u00e9s par chronologie d'expression,  permettant ainsi de mieux appr\u00e9hender un ph\u00e9nom\u00e8ne complexe. De la  perception du signal de stress \u00e0 la synth\u00e8se des diverses mol\u00e9cules  impliqu\u00e9es dans la r\u00e9sistance des plantes, en passant par  l'\u00e9mission d'\u00e9liciteurs de r\u00e9sistance et la transduction de ce signal par  diverses voies mol\u00e9culaires, cet ouvrage couvre de fa\u00e7on remarquable  l'ampleur et la diversit\u00e9 des r\u00e9actions de d\u00e9fense chez les plantes. \r\n    La deuxi\u00e8me partie est consacr\u00e9e \u00e0 l'application du concept de la  r\u00e9sistance induite dans le contexte d'une agriculture raisonn\u00e9e. Plusieurs  stimulateurs de d\u00e9fense naturelle des plantes sont r\u00e9pertori\u00e9s et une  description d\u00e9taill\u00e9e vient replacer chacun d'eux dans son cadre  d'intervention phytosanitaire. Ing\u00e9nieurs et techniciens  agronomes, chercheurs et \u00e9tudiants, producteurs horticoles et agricoles  trouveront dans cet ouvrage abondamment illustr\u00e9 les bases essentielles \u00e0  la compr\u00e9hension des m\u00e9canismes de d\u00e9fense chez les plantes.","authors":["Nicole Benhamou"],"category_codes":["4000000","4010000","4010400"],"visuals":{"large":"https:\/\/images.epagine.fr\/932\/9782743011932_1_75.jpg","medium":"https:\/\/images.epagine.fr\/932\/9782743011932_1_m.jpg","thumbnail":"https:\/\/images.epagine.fr\/932\/9782743011932_1_v.jpg"},"orderable":true,"show_badge":true,"formatted_price":"82,00&nbsp;\u20ac","formatted_published_date":"24 novembre 2009","publisher_availability_label":"Sur commande","short_details":"Nicole Benhamou \u2014 Tec & doc","translator":null,"weight":570,"page_count":376,"readership":null,"editor":"Tec & doc","price":8200,"published_date":"2009-11-23T23:00:00.000000Z","support":"Grand format","publisher_availability":1,"stock":0,"editions":[],"url":"https:\/\/quaidesbrumes.com\/ouvrage\/9782743011932\/la-resistance-chez-les-plantes"},{"id":"9782916097077","title":"Hydrog\u00e8ne : Energie de demain ?","description":"L'hydrog\u00e8ne est l'atome le plus petit, le plus l\u00e9ger et le plus r\u00e9pandu dans l'univers. On le trouve partout, de la mol\u00e9cule d'eau aux hydrocarbures, en passant par tous les organismes vivants. De plus, \u00e0 masse \u00e9gale, il lib\u00e8re trois fois plus d'\u00e9nergie que l'essence ! Au vu des d\u00e9veloppements technologiques r\u00e9cents, il devient important d'imaginer l'exploitation de cet atome fondamental en termes \u00e9nerg\u00e9tiques et \u00e9conomiques dans notre futur proche.\r\n\r\nCet ouvrage nous offre un panorama simple et complet de la production, du stockage, du transport, de la distribution et de la conversion de l'hydrog\u00e8ne en \u00e9nergie (notamment en \u00e9lectricit\u00e9 dans les piles \u00e0 combustible). Il se penche aussi sur les applications possibles de cette technologie dans notre vie quotidienne (des batteries de nos appareils nomades aux moteurs de nos voitures et avions), tout en offrant une vision r\u00e9aliste du v\u00e9ritable potentiel de cette fili\u00e8re (et notamment des contraintes li\u00e9es \u00e0 son d\u00e9veloppement dans notre soci\u00e9t\u00e9 d'aujourd'hui), ce qui ne va pas sans interpeller la communaut\u00e9 internationale, et europ\u00e9enne en particulier !","authors":["Jean-marc Agator","Jacques Ch\u00e9ron","Christian Ng\u00f4","Guillaume Trap"],"category_codes":["4000000","4010000","4010200","4010208"],"visuals":{"large":"https:\/\/images.epagine.fr\/077\/9782916097077_1_75.jpg","medium":"https:\/\/images.epagine.fr\/077\/9782916097077_1_m.jpg","thumbnail":"https:\/\/images.epagine.fr\/077\/9782916097077_1_v.jpg"},"orderable":true,"show_badge":true,"formatted_price":"17,90&nbsp;\u20ac","formatted_published_date":"26 mai 2008","publisher_availability_label":"Sur commande","short_details":"Jean-marc Agator, Jacques Ch\u00e9ron, Christian Ng\u00f4, Guillaume Trap \u2014 Omniscience","translator":null,"weight":270,"page_count":110,"readership":null,"editor":"Omniscience","price":1790,"published_date":"2008-05-25T22:00:00.000000Z","support":"Grand format","publisher_availability":1,"stock":0,"editions":[],"url":"https:\/\/quaidesbrumes.com\/ouvrage\/9782916097077\/hydrogene-energie-de-demain"},{"id":"9782843771507","title":"La saga de la banane : vers des fili\u00e8res durables et \u00e9quitables","description":"Dans cet ouvrage, Alistair Smith retrace l'initiative internationale qui a permis de relier les petits producteurs, les travailleurs des plantations et les consommateurs des pays du Nord, et de faire na\u00eetre la banane \u00e9quitable. C'est le d\u00e9but d'une longue saga, dont les grandes compagnies banani\u00e8res et les organismes internationaux de r\u00e9gulation deviendront progressivement des acteurs essentiels, et qui m\u00e8nera \u00e0 la construction d'une fili\u00e8re aussi durable que possible.\r\n\r\nAlistair Smith nous pr\u00e9sente les perspectives qui s'ouvrent aujourd'hui et d\u00e9montre que ce mod\u00e8le de fili\u00e8re pourrait permettre d'am\u00e9liorer bien d'autres fili\u00e8res en termes de justice sociale, de r\u00e9partition des richesses et de protection de l'environnement.","authors":["Alistair Smith"],"category_codes":["4000000","4010000","4010200","4010208"],"visuals":{"large":"https:\/\/images.epagine.fr\/507\/9782843771507_1_75.jpg","medium":"https:\/\/images.epagine.fr\/507\/9782843771507_1_m.jpg","thumbnail":"https:\/\/images.epagine.fr\/507\/9782843771507_1_v.jpg"},"orderable":true,"show_badge":true,"formatted_price":"21,30&nbsp;\u20ac","formatted_published_date":"14 septembre 2010","publisher_availability_label":"Sur commande","short_details":"Alistair Smith \u2014 CHARLES LEOPOLD MAYER - ECLM","translator":null,"weight":370,"page_count":288,"readership":null,"editor":"CHARLES LEOPOLD MAYER - ECLM","price":2130,"published_date":"2010-09-13T22:00:00.000000Z","support":"Grand format","publisher_availability":1,"stock":0,"editions":[],"url":"https:\/\/quaidesbrumes.com\/ouvrage\/9782843771507\/la-saga-de-la-banane-vers-des-filieres-durables-et-equitables"}]}