{"data":[{"id":"9782917500170","title":"40 ans d'art animalier a bry","description":null,"authors":["Collectif"],"category_codes":["4000000","4010000"],"visuals":{"large":"https:\/\/images.epagine.fr\/170\/9782917500170_1_75.jpg","medium":"https:\/\/images.epagine.fr\/170\/9782917500170_1_m.jpg","thumbnail":"https:\/\/images.epagine.fr\/170\/9782917500170_1_v.jpg"},"orderable":true,"show_badge":true,"formatted_price":"40,00&nbsp;\u20ac","formatted_published_date":"16 novembre 2016","publisher_availability_label":"Sur commande","short_details":"Collectif \u2014 Abbate-Piole","translator":null,"weight":1780,"page_count":null,"readership":null,"editor":"Abbate-Piole","price":4000,"published_date":"2016-11-15T23:00:00.000000Z","support":"Grand format","publisher_availability":1,"stock":0,"editions":[],"url":"https:\/\/quaidesbrumes.com\/ouvrage\/9782917500170\/40-ans-dart-animalier-a-bry"},{"id":"9782917500187","title":"Animaux en voie de disparition","description":null,"authors":["Collectif"],"category_codes":["4000000","4010000"],"visuals":{"large":"https:\/\/images.epagine.fr\/187\/9782917500187_1_75.jpg","medium":"https:\/\/images.epagine.fr\/187\/9782917500187_1_m.jpg","thumbnail":"https:\/\/images.epagine.fr\/187\/9782917500187_1_v.jpg"},"orderable":true,"show_badge":true,"formatted_price":"40,00&nbsp;\u20ac","formatted_published_date":"16 novembre 2016","publisher_availability_label":"Sur commande","short_details":"Collectif \u2014 Abbate-Piole","translator":null,"weight":1780,"page_count":null,"readership":null,"editor":"Abbate-Piole","price":4000,"published_date":"2016-11-15T23:00:00.000000Z","support":"Grand format","publisher_availability":1,"stock":0,"editions":[],"url":"https:\/\/quaidesbrumes.com\/ouvrage\/9782917500187\/animaux-en-voie-de-disparition"},{"id":"9782367461373","title":"Deux-S\u00e8vres sauvages et naturelles","description":"Ce beau livre r\u00e9alis\u00e9 par le Conseil G\u00e9n\u00e9ral des Deux- S\u00e8vres recense tous les espaces naturels du d\u00e9partement.\r\nBocage, carri\u00e8res, for\u00eat, vall\u00e9es, villes, marais...\r\nIl survole l'ensemble du territoire gr\u00e2ce \u00e0 des textes et \u00e0 des photos in\u00e9dits. Chaque chapitre comprend une carte qui permet de localiser l'espace dont il est question.\r\nLe Conseil G\u00e9n\u00e9ral a \u00e9galement voulu sensibiliser le lecteur \u00e0 la fragilit\u00e9 de certains milieux gr\u00e2ce aux encarts \u00ab espaces naturels sensibles \u00bb.\r\nEnfin, au fil des pages, vous rencontrerez les portraits de personnalit\u00e9s de la r\u00e9gions qui se sont investis dans la pr\u00e9servation de la biodiversit\u00e9.\r\nUn ouvrage complet pour tout savoir de la faune et de la flore des Deux-S\u00e8vres.\r","authors":["Collectif"],"category_codes":["4000000","4010000","4010300","4010302"],"visuals":{"large":"https:\/\/images.epagine.fr\/373\/9782367461373_1_75.jpg","medium":"https:\/\/images.epagine.fr\/373\/9782367461373_1_m.jpg","thumbnail":"https:\/\/images.epagine.fr\/373\/9782367461373_1_v.jpg"},"orderable":true,"show_badge":true,"formatted_price":"35,00&nbsp;\u20ac","formatted_published_date":"9 septembre 2013","publisher_availability_label":"Sur commande","short_details":"Collectif \u2014 La Geste","translator":null,"weight":700,"page_count":320,"readership":null,"editor":"La Geste","price":3500,"published_date":"2013-09-08T22:00:00.000000Z","support":"Grand format","publisher_availability":1,"stock":0,"editions":[],"url":"https:\/\/quaidesbrumes.com\/ouvrage\/9782367461373\/deux-sevres-sauvages-et-naturelles"},{"id":"9791093655345","title":"Familles de plantes","description":"Guide d'identification simplifi\u00e9 et compr\u00e9hension de leurs exigences \u00e9cologiques.\r","authors":["Collectif"],"category_codes":["4000000","4010000","4010400","4010402"],"visuals":{"large":"https:\/\/images.epagine.fr\/345\/9791093655345_1_75.jpg","medium":"https:\/\/images.epagine.fr\/345\/9791093655345_1_m.jpg","thumbnail":"https:\/\/images.epagine.fr\/345\/9791093655345_1_v.jpg"},"orderable":true,"show_badge":true,"formatted_price":"2,00&nbsp;\u20ac","formatted_published_date":"25 ao\u00fbt 2015","publisher_availability_label":"Sur commande","short_details":"Collectif \u2014 Salamandre","translator":null,"weight":20,"page_count":null,"readership":null,"editor":"Salamandre","price":200,"published_date":"2015-08-24T22:00:00.000000Z","support":"Grand format","publisher_availability":1,"stock":0,"editions":[],"url":"https:\/\/quaidesbrumes.com\/ouvrage\/9791093655345\/familles-de-plantes"},{"id":"9791035308841","title":"Oeillet des dunes Tome 4 ; conna\u00eetre et comprendre la nature dans l'\u00eele de R\u00e9","description":"Profitez de cet ouvrage didactique pour d\u00e9couvrir ou red\u00e9couvrir l'\u00eele de R\u00e9. Tr\u00e8s complet et ludique, apprenez tous ce qu'il faut savoir sur la faune et la flore de l'\u00eele, du pin parasol aux champignons, en passant par les libellules et le rorqual commun \u00e0 l'aide de la mascotte et reporter Asturia, \u00e9toile de mer vedette de l'association R\u00e9 nature Environnement. Ce quatri\u00e8me opus compile les num\u00e9ros du magazine d\u00e9j\u00e0 parus, enrichi d'enqu\u00eates et de cahiers sp\u00e9ciaux in\u00e9dits.\r\nDominique Chevillon vit entre Poitiers, Niort et l'\u00eele de R\u00e9. Il est cadre sup\u00e9rieur au sein de la MAAF et consacre beaucoup de temps \u00e0 la LPO dont il est devenu au fil des ann\u00e9es un membre \u00e9minent.\r\nRe? Nature Environnement se construit sereinement. Cette association active, re?alise dans chaque commune des actions de terrain. Elle participe, suscite, nourrit des de?bats sur la connaissance, la protection, la valorisation du patrimoine naturel de l'\u00eele de R\u00e9. Elle est entendue voire e?coute?e avec inte?re?t.... Peut-e?tre parce qu'elle essaye d'apporter un point de vue e?claire?... toujours constructif.\r","authors":["Collectif"],"category_codes":["4000000","4010000","4010300"],"visuals":{"large":"https:\/\/images.epagine.fr\/841\/9791035308841_1_75.jpg","medium":"https:\/\/images.epagine.fr\/841\/9791035308841_1_m.jpg","thumbnail":"https:\/\/images.epagine.fr\/841\/9791035308841_1_v.jpg"},"orderable":true,"show_badge":true,"formatted_price":"19,50&nbsp;\u20ac","formatted_published_date":"23 juillet 2020","publisher_availability_label":"Sur commande","short_details":"Collectif \u2014 La Geste","translator":null,"weight":700,"page_count":180,"readership":null,"editor":"La Geste","price":1950,"published_date":"2020-07-22T22:00:00.000000Z","support":"Grand format","publisher_availability":1,"stock":0,"editions":[],"url":"https:\/\/quaidesbrumes.com\/ouvrage\/9791035308841\/oeillet-des-dunes-tome-4-connaitre-et-comprendre-la-nature-dans-lile-de-re"},{"id":"9782343004747","title":"La p\u00eache amateur au fil du Rh\u00f4ne et de l'histoire ; usages, savoirs et gestion de la nature","description":"La mise en perspective historique de la constitution de la p\u00eache amateur en France, peu \u00e9tudi\u00e9e par les sciences sociales, permet de mieux comprendre les enjeux environnementaux et les relations entre la soci\u00e9t\u00e9 et la nature. Les enqu\u00eates conduites aupr\u00e8s des p\u00eacheurs d'aloses et des carpistes du Rh\u00f4ne mettent en \u00e9vidence un \"service \u00e9cosyst\u00e9mique\" souvent ignor\u00e9 et m\u00e9connu dans notre lecture \u00e9co-centr\u00e9e de la nature : celui qui permet aux individus, dans un espace-temps d\u00e9limit\u00e9, de ma\u00eetriser ce qui les entoure.\r","authors":["Carole Barth\u00e9l\u00e9my","Bernard Picon"],"category_codes":["4000000","4010000","4010500","4010502"],"visuals":{"large":"https:\/\/images.epagine.fr\/747\/9782343004747_1_75.jpg","medium":"https:\/\/images.epagine.fr\/747\/9782343004747_1_m.jpg","thumbnail":"https:\/\/images.epagine.fr\/747\/9782343004747_1_v.jpg"},"orderable":true,"show_badge":true,"formatted_price":"19,50&nbsp;\u20ac","formatted_published_date":"27 mai 2013","publisher_availability_label":"Sur commande","short_details":"Carole Barth\u00e9l\u00e9my, Bernard Picon \u2014 \u00c9ditions L'Harmattan","translator":null,"weight":225,"page_count":180,"readership":null,"editor":"\u00c9ditions L'Harmattan","price":1950,"published_date":"2013-05-26T22:00:00.000000Z","support":"Grand format","publisher_availability":1,"stock":0,"editions":[],"url":"https:\/\/quaidesbrumes.com\/ouvrage\/9782343004747\/la-peche-amateur-au-fil-du-rhone-et-de-lhistoire-usages-savoirs-et-gestion-de-la-nature"},{"id":"9782953004120","title":"La production de l'\u00e9lectricit\u00e9 en France par les \u00e9nergies renouvelables","description":"Le pr\u00e9sent livre est destin\u00e9 au grand public, aux citoyens intelligents qui pr\u00e9f\u00e8rent s'informer des avantages et des inconv\u00e9nients des diverses sources d'\u00e9nergie avant d'aller manifester, aux politiques dont les connaissances sur le sujet sont tr\u00e8s rudimentaires et aux ministres de l'environnement. La lecture de l'ouvrage leur ouvrira les yeux et leur \u00e9vitera d'apporter leur soutien \u00e0 des projets inint\u00e9ressants et anti-\u00e9conomiques dont le seul r\u00e9sultat est d'alourdir les factures d'\u00e9lectricit\u00e9 du peuple fran\u00e7ais sans qu'il y ait le moindre b\u00e9n\u00e9fice pour le pays. Il a aussi \u00e9t\u00e9 \u00e9crit \u00e0 l'intention des journalistes pour leur donner des informations objectives afin qu'ils \u00e9vitent de publier des contre v\u00e9rit\u00e9s qui paniquent inutilement la population, ce qui est gravissime et contraire aux int\u00e9r\u00eats de celle-ci et de notre pays et contraire aussi \u00e0 l'\u00e9thique journalistique.\r","authors":["D\u00e9sir\u00e9 Le Gouri\u00e9r\u00e8s"],"category_codes":["4000000","4010000","4010200","4010208"],"visuals":{"large":"https:\/\/images.epagine.fr\/120\/9782953004120_1_75.jpg","medium":"https:\/\/images.epagine.fr\/120\/9782953004120_1_m.jpg","thumbnail":"https:\/\/images.epagine.fr\/120\/9782953004120_1_v.jpg"},"orderable":true,"show_badge":true,"formatted_price":"15,00&nbsp;\u20ac","formatted_published_date":"7 mars 2019","publisher_availability_label":"Sur commande","short_details":"D\u00e9sir\u00e9 Le Gouri\u00e9r\u00e8s \u2014 Moulin Cadiou","translator":null,"weight":140,"page_count":80,"readership":null,"editor":"Moulin Cadiou","price":1500,"published_date":"2019-03-06T23:00:00.000000Z","support":"Grand format","publisher_availability":1,"stock":0,"editions":[],"url":"https:\/\/quaidesbrumes.com\/ouvrage\/9782953004120\/la-production-de-lelectricite-en-france-par-les-energies-renouvelables"},{"id":"9782367462622","title":"Le Horst ; une histoire naturelle et humaine","description":"Horst, ce mot rugueux, qu'on prononce comme un hoquet, sugg\u00e8re bien le ph\u00e9nom\u00e8ne qu'il d\u00e9signe : un soul\u00e8vement du sous-sol qui fait na\u00eetre une butte, et un milieu complexe. Quoi de plus exaltant que de partir \u00e0 la d\u00e9couverte de ce dont on n'a pas forc\u00e9ment conscience et qui pourtant compose notre environnement quotidien ? Quoi de plus passionnant que de tenter de comprendre toutes les particularit\u00e9s que cette g\u00e9ologie originale a entra\u00een\u00e9es, et continue de conditionner ! Les productions industrielles anciennes de fer, de charbon de bois, de chaux, les productions agricoles plus r\u00e9centes de chanvre, de vignes, de tabac, la biodiversite? naturelle qui nous offre une gamme exceptionnelle d'esp\u00e8ces v\u00e9g\u00e9tales et animales... tout cela ne s'expliquerait-il pas par la disparit\u00e9 des terrains ? Quoi de plus normal enfin, en 2014, que de chercher \u00e0 savoir comment, depuis la pr\u00e9histoire jusqu'\u00e0 hier, les hommes, nos anc\u00eatres, ont v\u00e9cu gr\u00e2ce \u00e0 une exploitation raisonn\u00e9e des conditions naturelles locales ? C'est pr\u00e9cis\u00e9ment \u00e0 cette exploration g\u00e9ologique, arch\u00e9ologique, historique, que s'est attaqu\u00e9 un groupe de trois amis, chercheurs passionn\u00e9s, Bernard Balusseau, g\u00e9ologue, Pierre Rossignol, arch\u00e9ologue amateur, Louis Vibrac, historien local, aid\u00e9s par des professionnels \u00e9clair\u00e9s et des \u00e9rudits des sept communes concern\u00e9es.  Les Communes d'Anch\u00e9, Champagne-Saint-Hilaire, La Ferri\u00e8re-Airoux, Marnay, Romagne, Sommie?res-du-Clain, Voulon et L'association \u00ab Murmures et Cultures \u00e0 Champagne? \u00bb Pierre ROSSIGNOL En collaboration avec Bernard Balusseau et Louis Vibrac.\r","authors":["Pierre Rossignol"],"category_codes":["4000000","4010000","4010300"],"visuals":{"large":"https:\/\/images.epagine.fr\/622\/9782367462622_1_75.jpg","medium":"https:\/\/images.epagine.fr\/622\/9782367462622_1_m.jpg","thumbnail":"https:\/\/images.epagine.fr\/622\/9782367462622_1_v.jpg"},"orderable":true,"show_badge":true,"formatted_price":"4,95&nbsp;\u20ac","formatted_published_date":"3 novembre 2014","publisher_availability_label":"Sur commande","short_details":"Pierre Rossignol \u2014 La Geste","translator":null,"weight":690,"page_count":166,"readership":null,"editor":"La Geste","price":495,"published_date":"2014-11-02T23:00:00.000000Z","support":"Grand format","publisher_availability":1,"stock":0,"editions":[],"url":"https:\/\/quaidesbrumes.com\/ouvrage\/9782367462622\/le-horst-une-histoire-naturelle-et-humaine"},{"id":"9791035324247","title":"Conna\u00eetre et comprendre la nature dans l'\u00eele de R\u00e9","description":"Tr\u00e8s complet et ludique, apprenez tous ce qu'il faut savoir sur la faune et la flore de l'\u00eele, du pin parasol aux champignons, en passant par les libellules et le rorqual commun \u00e0 l'aide de la mascotte et reporter Asturia, \u00e9toile de mer vedette de l'association R\u00e9 nature Environnement. Ce cinqui\u00e8me opus compile les num\u00e9ros du magazine d\u00e9j\u00e0 parus, enrichi d'enqu\u00eates et de cahiers sp\u00e9ciaux in\u00e9dits.","authors":["Collectif"],"category_codes":["4000000","4010000","4010300"],"visuals":{"large":"https:\/\/images.epagine.fr\/247\/9791035324247_1_75.jpg","medium":"https:\/\/images.epagine.fr\/247\/9791035324247_1_m.jpg","thumbnail":"https:\/\/images.epagine.fr\/247\/9791035324247_1_v.jpg"},"orderable":true,"show_badge":true,"formatted_price":"25,00&nbsp;\u20ac","formatted_published_date":"19 juillet 2023","publisher_availability_label":"Sur commande","short_details":"Collectif \u2014 La Geste","translator":null,"weight":865,"page_count":192,"readership":null,"editor":"La Geste","price":2500,"published_date":"2023-07-18T22:00:00.000000Z","support":"Grand format","publisher_availability":1,"stock":0,"editions":[],"url":"https:\/\/quaidesbrumes.com\/ouvrage\/9791035324247\/connaitre-et-comprendre-la-nature-dans-lile-de-re"},{"id":"9782343138190","title":"La question \u00e9nerg\u00e9tique dans les orients","description":"Alors que la question de la transition \u00e9nerg\u00e9tique vers une \u00e9conomie \"d\u00e9carbon\u00e9e\" appara\u00eet de plus en plus pr\u00e9gnante, ce num\u00e9ro fait le point sur la probl\u00e9matique strat\u00e9gique de l'\u00e9nergie \u00e0 l'oeuvre non seulement en \"Orient\", mais dans les diff\u00e9rents \"Orients\" au pluriel, depuis le Proche et Moyen-Orient, jusqu'\u00e0 l'Extr\u00eame-Orient de la fa\u00e7ade Pacifique, nouveau centre de l'\"\u00e9conomie-monde\", en passant par l'Asie centrale et le \"nouveau Grand jeu\" \u00e9nerg\u00e9tique qui s'y joue.\r","authors":["Collectif"],"category_codes":["4000000","4010000","4010200"],"visuals":{"large":"https:\/\/images.epagine.fr\/190\/9782343138190_1_75.jpg","medium":"https:\/\/images.epagine.fr\/190\/9782343138190_1_m.jpg","thumbnail":"https:\/\/images.epagine.fr\/190\/9782343138190_1_v.jpg"},"orderable":true,"show_badge":true,"formatted_price":"21,50&nbsp;\u20ac","formatted_published_date":"12 d\u00e9cembre 2017","publisher_availability_label":"Sur commande","short_details":"Collectif \u2014 \u00c9ditions L'Harmattan","translator":null,"weight":284,"page_count":178,"readership":null,"editor":"\u00c9ditions L'Harmattan","price":2150,"published_date":"2017-12-11T23:00:00.000000Z","support":"Grand format","publisher_availability":1,"stock":0,"editions":[],"url":"https:\/\/quaidesbrumes.com\/ouvrage\/9782343138190\/la-question-energetique-dans-les-orients"},{"id":"9782916097381","title":"Chroniques de la biopiraterie ; du pillage au partage ?","description":"Les industries privatisent le vivant en le brevetant. Elles exploitent la nature et les savoirs traditionnels de l'humanit\u00e9 pour faire de nouveaux profits. Face au pillage de leurs ressources, les peuples autochtones du monde entier r\u00e9sistent et s'organisent. Trait\u00e9s et conventions tentent de concilier protection de la biodiversit\u00e9, des identit\u00e9s culturelles et mondialisation des \u00e9changes commerciaux. Mais va-t-on pour autant vers plus de partage ?\r\n\r\nDans son livre, la journaliste Clara Delpas enqu\u00eate. Agriculture, alimentation, m\u00e9dicaments, parfums, cosm\u00e9tiques, recherche m\u00e9dicale, biotechnologies... aucune industrie n'est \u00e9pargn\u00e9e ! Du riz basmati \u00e0 la tomate \u00e0 ketchup en passant par l'aubergine OGM Monsanto, du bois de rose amazonien \u00e0 la maca p\u00e9ruvienne, de la canne \u00e0 sucre \u00e0 la pervenche de Madagascar, de la feuille de coca \u00e0 celle de stevia, du scandale des semences \u00e0 celui du purin d'ortie... La liste est longue tant ce dossier est riche et instructif !","authors":["Clara Delpas","Jean-Marie Pelt"],"category_codes":["4000000","4010000","4010200","4010208"],"visuals":{"large":"https:\/\/images.epagine.fr\/381\/9782916097381_1_75.jpg","medium":"https:\/\/images.epagine.fr\/381\/9782916097381_1_m.jpg","thumbnail":"https:\/\/images.epagine.fr\/381\/9782916097381_1_v.jpg"},"orderable":true,"show_badge":true,"formatted_price":"24,00&nbsp;\u20ac","formatted_published_date":"5 juillet 2012","publisher_availability_label":"Sur commande","short_details":"Clara Delpas, Jean-Marie Pelt \u2014 Omniscience","translator":null,"weight":457,"page_count":368,"readership":null,"editor":"Omniscience","price":2400,"published_date":"2012-07-04T22:00:00.000000Z","support":"Grand format","publisher_availability":1,"stock":0,"editions":[],"url":"https:\/\/quaidesbrumes.com\/ouvrage\/9782916097381\/chroniques-de-la-biopiraterie-du-pillage-au-partage"},{"id":"9782759241019","title":"Remote Sensing and Spatial Modelling : Applications to the surveillance and control of mosquito-borne diseases","description":"Mosquitoes are vectors of many disease-causing pathogens, including malaria, dengue, chikungunya, and yellow fever. According to the World Health Organization, these vector-borne diseases account for several hundred thousand deaths annually. They also cause zoonoses, such as Rift Valley fever and West Nile fever.\r\n\r\nIn this context, the development of operational tools to support surveillance and control strategies is essential-not only in countries of the Global South, where mosquito-borne diseases are most prevalent in tropical and subtropical regions, but also in the countries of the North, where the establishment of invasive species such as the tiger mosquito is increasing the risk of disease emergence. To address these challenges, Earth observation imagery offers valuable potential: the spatial distribution and seasonal dynamics of mosquito populations are closely linked to climatic factors (such as temperatures, rainfall, and humidity) and environmental variables (such as the presence of water bodies and vegetation), many of which can be monitored through satellite data.\r\n\r\nNumerous recent studies have led to the development of innovative methods that combine remote sensing with spatial modelling to predict the spatial and temporal dynamics of vector mosquitoes and associated diseases. Moving beyond proof-of-concept, some of these approaches have given rise to operational tools and processing chains that are now actively used by public health authorities and vector control agencies.\r\n\r\nThis book, intended for students, researchers, and public health professionals, offers a synthesis of current research and operational tools in the field.","authors":["Annelise Tran","Eric Daud\u00e9","Thibault Catry","Collectif"],"category_codes":["4000000","4010000","4010200"],"visuals":{"large":"https:\/\/images.epagine.fr\/019\/9782759241019_1_75.jpg","medium":"https:\/\/images.epagine.fr\/019\/9782759241019_1_m.jpg","thumbnail":"https:\/\/images.epagine.fr\/019\/9782759241019_1_v.jpg"},"orderable":true,"show_badge":true,"formatted_price":"26,00&nbsp;\u20ac","formatted_published_date":"9 juillet 2025","publisher_availability_label":"Sur commande","short_details":"Annelise Tran, Eric Daud\u00e9, Thibault Catry, Collectif \u2014 Qu\u00e6","translator":null,"weight":601,"page_count":148,"readership":"Tout public","editor":"Qu\u00e6","price":2600,"published_date":"2025-07-08T22:00:00.000000Z","support":"Grand format","publisher_availability":1,"stock":0,"editions":[],"url":"https:\/\/quaidesbrumes.com\/ouvrage\/9782759241019\/remote-sensing-and-spatial-modelling-applications-to-the-surveillance-and-control-of-mosquito-borne-diseases"},{"id":"9791096592074","title":"Marine Pictolife : Mar\u00e9e basse : Atlantique Est","description":"Ce guide de terrain en papier synth\u00e9tique ind\u00e9chirable et r\u00e9sistant \u00e0 l'eau est id\u00e9al pour vos excursions \u00e0 mar\u00e9e basse. Toutes les caract\u00e9ristiques de 132 esp\u00e8ces animales et v\u00e9g\u00e9tales sont d\u00e9crites sous forme de pictogrammes simples et ludiques. Des planches photographiques permettent l'identification de plus de 100 coquilles visibles sur l'estran. Traduit en trois langues, cet ouvrage pr\u00e9sente, par biotope, l'essentiel des esp\u00e8ces que vous rencontrerez le long du littoral de l'Espagne \u00e0 la Norv\u00e8ge.","authors":["Antoine Dray","Fran\u00e7ois Rebufat"],"category_codes":["4000000","4010000","4010300","4010304"],"visuals":{"large":"https:\/\/images.epagine.fr\/074\/9791096592074_1_75.jpg","medium":"https:\/\/images.epagine.fr\/074\/9791096592074_1_m.jpg","thumbnail":"https:\/\/images.epagine.fr\/074\/9791096592074_1_v.jpg"},"orderable":true,"show_badge":true,"formatted_price":"12,80&nbsp;\u20ac","formatted_published_date":"2 juin 2025","publisher_availability_label":"Sur commande","short_details":"Antoine Dray, Fran\u00e7ois Rebufat \u2014 Pictolife","translator":null,"weight":82,"page_count":50,"readership":"Tout public","editor":"Pictolife","price":1280,"published_date":"2025-06-01T22:00:00.000000Z","support":"Grand format","publisher_availability":1,"stock":0,"editions":[],"url":"https:\/\/quaidesbrumes.com\/ouvrage\/9791096592074\/marine-pictolife-maree-basse-atlantique-est"},{"id":"9782342045710","title":"Histoire vraie d'un p\u00eacheur \u00e0 la ligne Tome 1 ; 1963-1982","description":"\u00ab Mes balbutiements halieutiques furent donc particuli\u00e8rement na\u00effs et maladroits, bien que je ne puisse me les rem\u00e9morer sans nostalgie et attendrissement. \u00c9videmment je n'attrapais pas grand-chose, mais \u00e0 l'\u00e9poque une \u00e9pinoche ou un gobie faisait battre mon coeur plus vite et plus fort qu'aujourd'hui un saumon king de vingt kilogrammes. Autres temps, autres d\u00e9fis. Mes premi\u00e8res captures remontent donc \u00e0 l'\u00e9poque des culottes courtes, bien avant l'\u00e2ge de quinze ans, \u00e2ge auquel j'ai commenc\u00e9 \u00e0 noter religieusement dans un carnet les donn\u00e9es relatives \u00e0 mes parties de p\u00eache : date, lieu et conditions m\u00e9t\u00e9orologiques, nombre et taille des esp\u00e8ces captur\u00e9es, et surtout le r\u00e9cit des incidents, anecdotiques ou tragi-comiques, qui les \u00e9maillaient parfois. Ces r\u00e9cits constituent la mati\u00e8re premi\u00e8re du pr\u00e9sent ouvrage (...). \u00bb Quand il est occup\u00e9 \u00e0 nos passions, le temps n'est jamais totalement perdu, mais se grave de mani\u00e8re ind\u00e9l\u00e9bile dans notre esprit. C'est, \u00e0 sa mani\u00e8re, ce que prouve Y. Mahieu avec la r\u00e9daction de cet ouvrage. \u00c0 partir de ses anciens cahiers il revient, avec acuit\u00e9 et pr\u00e9cision, sur ses vingt premi\u00e8res ann\u00e9es de p\u00eache. \u00c9motions, images, d\u00e9tails, atmosph\u00e8re, paroles \u00e9chang\u00e9es\u00a0: tout revient de mani\u00e8re absolument nette \u00e0 la m\u00e9moire de l'auteur. Il rend compte, dans le m\u00eame temps, du caract\u00e8re imp\u00e9rieux de nos passions\u00a0: elles nous entra\u00eenent toujours plus loin, toujours plus fort, dans leur r\u00e9alisation.\r","authors":["Yves Mahieu"],"category_codes":["4000000","4010000","4010500","4010502"],"visuals":{"large":"https:\/\/images.epagine.fr\/710\/9782342045710_1_75.jpg","medium":"https:\/\/images.epagine.fr\/710\/9782342045710_1_m.jpg","thumbnail":"https:\/\/images.epagine.fr\/710\/9782342045710_1_v.jpg"},"orderable":true,"show_badge":true,"formatted_price":"17,95&nbsp;\u20ac","formatted_published_date":"11 d\u00e9cembre 2015","publisher_availability_label":"Sur commande","short_details":"Yves Mahieu \u2014 Societe Des Ecrivains","translator":null,"weight":414,"page_count":296,"readership":null,"editor":"Societe Des Ecrivains","price":1795,"published_date":"2015-12-10T23:00:00.000000Z","support":"Grand format","publisher_availability":1,"stock":0,"editions":[],"url":"https:\/\/quaidesbrumes.com\/ouvrage\/9782342045710\/histoire-vraie-dun-pecheur-a-la-ligne-tome-1-1963-1982"},{"id":"9782336544892","title":"L'Afrique subsaharienne face aux enjeux \u00e9cologiques actuels : Perspectives transdisciplinaires","description":"Face \u00e0 la crise \u00e9cologique mondiale, l'Afrique, autrefois per\u00e7ue comme un \u00e9den \u00e9cologique, adopte d\u00e9sormais un mod\u00e8le de d\u00e9veloppement \u00e9codestructeur, marquant un recul de ses pratiques \u00e9co-communautaires. Cet ouvrage explore la place du paradigme environnemental dans les discours subsahariens, \u00e0 travers une approche transversale soulignant la complexit\u00e9 et les multiples impacts de cette \u00e9volution.","authors":["Collectif","Bachir Tamsir Niane","Pius Ondoua","Denis-Ghislain Mbessa","Floribert Nomo Fouda"],"category_codes":["4000000","4010000","4010200"],"visuals":{"large":"https:\/\/images.epagine.fr\/892\/9782336544892_1_75.jpg","medium":"https:\/\/images.epagine.fr\/892\/9782336544892_1_m.jpg","thumbnail":"https:\/\/images.epagine.fr\/892\/9782336544892_1_v.jpg"},"orderable":true,"show_badge":true,"formatted_price":"37,00&nbsp;\u20ac","formatted_published_date":"17 juillet 2025","publisher_availability_label":"Sur commande","short_details":"Collectif, Bachir Tamsir Niane, Pius Ondoua, Denis-Ghislain Mbessa, Floribert Nomo Fouda \u2014 \u00c9ditions L'Harmattan","translator":null,"weight":554,"page_count":366,"readership":"Tout public","editor":"\u00c9ditions L'Harmattan","price":3700,"published_date":"2025-07-16T22:00:00.000000Z","support":"Grand format","publisher_availability":1,"stock":0,"editions":[],"url":"https:\/\/quaidesbrumes.com\/ouvrage\/9782336544892\/lafrique-subsaharienne-face-aux-enjeux-ecologiques-actuels-perspectives-transdisciplinaires"},{"id":"9791042442712","title":"Les Champignons Hallucinog\u00e8nes et Leur Culture : Tout Savoir","description":"Un excellent condens\u00e9 sur les champignons hallucinog\u00e8nes et leur culture. Ce guide complet apporte des r\u00e9ponses et des techniques permettant de bien comprendre ce que sont les champignons hallucinog\u00e8nes, il traite de la chimie des psychotrope et de leur effets sur le cerveau. Il comprend \u00e9galement une partie sur l'importance des substrats dans la culture des champignons.","authors":["Christian Guenat"],"category_codes":["4000000","4010000","4010400","4010403"],"visuals":{"large":"https:\/\/images.epagine.fr\/712\/9791042442712_1_75.jpg","medium":"https:\/\/images.epagine.fr\/712\/9791042442712_1_m.jpg","thumbnail":"https:\/\/images.epagine.fr\/712\/9791042442712_1_v.jpg"},"orderable":true,"show_badge":true,"formatted_price":"17,15&nbsp;\u20ac","formatted_published_date":"15 juillet 2025","publisher_availability_label":"Sur commande","short_details":"Christian Guenat \u2014 BOOKELIS","translator":null,"weight":129,"page_count":98,"readership":"Tout public","editor":"BOOKELIS","price":1715,"published_date":"2025-07-14T22:00:00.000000Z","support":"Grand format","publisher_availability":1,"stock":0,"editions":[],"url":"https:\/\/quaidesbrumes.com\/ouvrage\/9791042442712\/les-champignons-hallucinogenes-et-leur-culture-tout-savoir"},{"id":"9782342164152","title":"Histoire vraie d'un p\u00eacheur \u00e0 la ligne t.IV ; 2001-2018","description":"\u00ab Lorsqu'il s'agit de p\u00eache \u00e0 la ligne, je suis parfois capable d'illuminations. Apr\u00e8s avoir copieusement maudit le fabricant de Junin, me vient l'id\u00e9e de vider enti\u00e8rement la bobine r\u00e9calcitrante. Et de d\u00e9rouler en ligne droite, le long de la rive, la centaine de m\u00e8tres de nylon, plus les trente m\u00e8tres de soie. Miracle ! La bobine vid\u00e9e sort du carter \u00e0 la premi\u00e8re pression sur le cliquet. \u00bb Au fil des rivi\u00e8res, Yves Mahieu nous entra\u00eene dans ses exp\u00e9ditions, nous fait retenir notre souffle et tr\u00e9pigner au rythme du moulinet, d\u00e8s que la ligne fr\u00e9mit... Apr\u00e8s trois opus, l'auteur n'a rien perdu de sa verve pour partager ses aventures halieutiques teint\u00e9es d'humour, de suspense et d'\u00e9motions. Un ouvrage parsem\u00e9 de p\u00e9rip\u00e9ties aux quatre coins du monde, captivantes et instructives. Anecdotes, souvenirs, rencontres authentiques, sorties familiales et belles amiti\u00e9s jalonnent ce fascinant r\u00e9cit au travers duquel on d\u00e9couvre la coh\u00e9sion qui anime les passionn\u00e9s, profond\u00e9ment li\u00e9s et complices. D'ailleurs, ce quatri\u00e8me tome comporte une note particuli\u00e8rement \u00e9mouvante et nostalgique, car Yves Mahieu l'a d\u00e9di\u00e9 \u00e0 son meilleur ami disparu, lui aussi un grand amoureux de la p\u00eache.\r","authors":["Yves Mahieu"],"category_codes":["4000000","4010000","4010500","4010502"],"visuals":{"large":"https:\/\/images.epagine.fr\/152\/9782342164152_1_75.jpg","medium":"https:\/\/images.epagine.fr\/152\/9782342164152_1_m.jpg","thumbnail":"https:\/\/images.epagine.fr\/152\/9782342164152_1_v.jpg"},"orderable":true,"show_badge":true,"formatted_price":"18,00&nbsp;\u20ac","formatted_published_date":"16 novembre 2018","publisher_availability_label":"Sur commande","short_details":"Yves Mahieu \u2014 Societe Des Ecrivains","translator":null,"weight":465,"page_count":310,"readership":null,"editor":"Societe Des Ecrivains","price":1800,"published_date":"2018-11-15T23:00:00.000000Z","support":"Grand format","publisher_availability":1,"stock":0,"editions":[],"url":"https:\/\/quaidesbrumes.com\/ouvrage\/9782342164152\/histoire-vraie-dun-pecheur-a-la-ligne-tiv-2001-2018"},{"id":"9782889580736","title":"La salamandre n.289 : Ao\u00fbt 2025","description":null,"authors":["Collectif"],"category_codes":["4000000","4010000","4010300"],"visuals":{"large":"https:\/\/quaidesbrumes.com\/img\/book-placeholder.png","medium":"https:\/\/quaidesbrumes.com\/img\/book-placeholder.png","thumbnail":"https:\/\/quaidesbrumes.com\/img\/book-placeholder.png"},"orderable":true,"show_badge":true,"formatted_price":"7,00&nbsp;\u20ac","formatted_published_date":"25 juin 2025","publisher_availability_label":"Sur commande","short_details":"Collectif \u2014 \u00c9ditions de la Salamandre","translator":null,"weight":201,"page_count":100,"readership":"Tout public","editor":"\u00c9ditions de la Salamandre","price":700,"published_date":"2025-06-24T22:00:00.000000Z","support":"Revue","publisher_availability":1,"stock":0,"editions":[],"url":"https:\/\/quaidesbrumes.com\/ouvrage\/9782889580736\/la-salamandre-n289-aout-2025"},{"id":"9782383270348","title":"Lythraceae - Podostemaceae","description":"Ce volume est le 37e num\u00e9ro de la Flore du Cambodge, du Laos et du Vietnam et le deuxi\u00e8me \u00e0 int\u00e9grer la collection Faune et Flore Tropicales. Il rassemble les traitements de 2 familles de taille moyenne qui sont assez bien diversifi\u00e9es dans la r\u00e9gion. La premi\u00e8re comprend principalement des esp\u00e8ces ligneuses, contrairement \u00e0 la seconde qui est hautement sp\u00e9cialis\u00e9e dans la vie aquatique.\r\nLes Lythraceae comprennent environ 700 esp\u00e8ces r\u00e9parties dans le monde entier, la plupart d'entre elles vivant sous les tropiques. Plusieurs genres riches en esp\u00e8ces d'Asie du Sud-Est sont pr\u00e9sents dans la zone CLV, parmi lesquels Lagerstroemia, le mieux repr\u00e9sent\u00e9 avec 22 esp\u00e8ces (sur 55), un genre connu dans le monde entier pour ses qualit\u00e9s ornementales. Suite aux r\u00e9cents r\u00e9sultats de l'APG, la famille a int\u00e9gr\u00e9 plusieurs genres pr\u00e9c\u00e9demment inclus dans des familles s\u00e9par\u00e9es, comme Punica, Sonneratia ou Trapa. Selon les mises \u00e0 jour actuelles, 11 genres et 50 esp\u00e8ces sont pr\u00e9sent\u00e9s dans ce livre. Les podostemaceae, une famille \u00e9galement largement r\u00e9pandue dans les tropiques, comprennent environ 55 genres et 310 esp\u00e8ces. Dans la r\u00e9gion CLV, 47 esp\u00e8ces indig\u00e8nes r\u00e9parties en 11 genres sont d\u00e9crites dans le pr\u00e9sent ouvrage. L'introduction g\u00e9n\u00e9rale d\u00e9taille les caract\u00e9ristiques originales de ces plantes aquatiques lithophytes, en mettant l'accent sur leur morphologie et leur \u00e9cologie.\r\nLes deux traitements sont structur\u00e9s de la m\u00eame mani\u00e8re : chaque genre est bri\u00e8vement pr\u00e9sent\u00e9, suivi de la description d\u00e9taill\u00e9e de toutes les esp\u00e8ces reconnues dans la r\u00e9gion ; une carte de distribution est ajout\u00e9e pour chaque esp\u00e8ce et une riche illustration combine des dessins au trait et des illustrations en couleur.","authors":["Willem J.J.O. de Wilde","Brigitta E.E. Duyfjes","Pauline Dy Phon","Youleang Peou","Sovanmoly Hul","Collectif"],"category_codes":["4000000","4010000","4010400"],"visuals":{"large":"https:\/\/images.epagine.fr\/348\/9782383270348_1_75.jpg","medium":"https:\/\/images.epagine.fr\/348\/9782383270348_1_m.jpg","thumbnail":"https:\/\/images.epagine.fr\/348\/9782383270348_1_v.jpg"},"orderable":true,"show_badge":true,"formatted_price":"40,00&nbsp;\u20ac","formatted_published_date":"19 d\u00e9cembre 2024","publisher_availability_label":"Sur commande","short_details":"Willem J.J.O. de Wilde, Brigitta E.E. Duyfjes, Pauline Dy Phon, Youleang Peou, Sovanmoly Hul, Collectif \u2014 Mnhn","translator":null,"weight":800,"page_count":332,"readership":"Tout public","editor":"Mnhn","price":4000,"published_date":"2024-12-18T23:00:00.000000Z","support":"Grand format","publisher_availability":1,"stock":0,"editions":[],"url":"https:\/\/quaidesbrumes.com\/ouvrage\/9782383270348\/lythraceae-podostemaceae"},{"id":"9782322635962","title":"J'aime les arbres : 21 articles du blog www.sereveillerpoursetransformer.com","description":"Un recueil de 21 articles \u00e0 propos des arbres publi\u00e9s sur le blog https:\/\/sereveillerpoursetransformer\r\n21 articles qui certainement vous inviteront \u00e0 rejoindre un sentier en for\u00eat et ressentir l'ouverture de vos 5 sens ... Votre quintescence par la Vue, l'Ouie, le Toucher, l'Odorat et le Go\u00fbt.\r\nUne exploration introspective pour se raprocher de Ga\u00efa, notre d'\u00c2me Nature.\r\nBonne lecture,\r\nVirx","authors":["Virx Ylfu"],"category_codes":["4000000","4010000","4010400","4010405"],"visuals":{"large":"https:\/\/images.epagine.fr\/962\/9782322635962_1_75.jpg","medium":"https:\/\/images.epagine.fr\/962\/9782322635962_1_m.jpg","thumbnail":"https:\/\/images.epagine.fr\/962\/9782322635962_1_v.jpg"},"orderable":true,"show_badge":true,"formatted_price":"14,99&nbsp;\u20ac","formatted_published_date":"11 juillet 2025","publisher_availability_label":"Sur commande","short_details":"Virx Ylfu \u2014 Books on Demand","translator":null,"weight":342,"page_count":232,"readership":null,"editor":"Books on Demand","price":1499,"published_date":"2025-07-10T22:00:00.000000Z","support":"Grand format","publisher_availability":1,"stock":0,"editions":[],"url":"https:\/\/quaidesbrumes.com\/ouvrage\/9782322635962\/jaime-les-arbres-21-articles-du-blog-wwwsereveillerpoursetransformercom"},{"id":"9782889155637","title":"Plan\u00e8te, \u00e9tat d'urgence : Les r\u00e9ponses de la durabilit\u00e9","description":"\u00c0 l'heure o\u00f9 la transition \u00e9cologique rencontre des r\u00e9sistances croissantes, la notion de durabilit\u00e9 permet d'aborder cette n\u00e9cessaire adaptation de nos modes de vie dans un \u00e9tat d'esprit \u00e0 la fois r\u00e9aliste et humaniste : en articulant d\u00e9veloppement et environnement, elle vise \u00e0 traiter ensemble les exigences \u00e9cologiques, les attentes sociales et les perspectives \u00e9conomiques.\r\n\r\nFruit de quarante ans d'engagement de son auteur, ce livre offre un \u00e9tat des lieux document\u00e9 de l'\u00ab \u00e9tat d'urgence \u00bb o\u00f9 se trouve notre monde et r\u00e9pertorie les origines, les motivations, les textes fondamentaux et les r\u00e9alisations du d\u00e9veloppement durable en faisant le lien entre les accords internationaux et les pratiques de terrain. Un chapitre sp\u00e9cifiquement consacr\u00e9 \u00e0 la Suisse souligne la difficult\u00e9 de passer des paroles aux actes.\r\n\r\nPubli\u00e9 une premi\u00e8re fois en 2005 sous le titre Plan\u00e8te, sauvetage en cours et plusieurs fois r\u00e9\u00e9dit\u00e9, cet ouvrage de r\u00e9f\u00e9rence est ici enti\u00e8rement mis \u00e0 jour.","authors":["Ren\u00e9 Longet"],"category_codes":["4000000","4010000","4010200","4010207"],"visuals":{"large":"https:\/\/images.epagine.fr\/637\/9782889155637_1_75.jpg","medium":"https:\/\/images.epagine.fr\/637\/9782889155637_1_m.jpg","thumbnail":"https:\/\/images.epagine.fr\/637\/9782889155637_1_v.jpg"},"orderable":true,"show_badge":true,"formatted_price":"14,90&nbsp;\u20ac","formatted_published_date":"21 novembre 2024","publisher_availability_label":"Sur commande","short_details":"Ren\u00e9 Longet \u2014 PPUR","translator":null,"weight":197,"page_count":208,"readership":null,"editor":"PPUR","price":1490,"published_date":"2024-11-20T23:00:00.000000Z","support":"Poche","publisher_availability":1,"stock":0,"editions":[],"url":"https:\/\/quaidesbrumes.com\/ouvrage\/9782889155637\/planete-etat-durgence-les-reponses-de-la-durabilite"},{"id":"9782870035511","title":"Bruxelles, eau mon amour","description":null,"authors":["Riccardo Petrella (D"],"category_codes":["4000000","4010000","4010200","4010207"],"visuals":{"large":"https:\/\/quaidesbrumes.com\/img\/book-placeholder.png","medium":"https:\/\/quaidesbrumes.com\/img\/book-placeholder.png","thumbnail":"https:\/\/quaidesbrumes.com\/img\/book-placeholder.png"},"orderable":true,"show_badge":true,"formatted_price":"15,00&nbsp;\u20ac","formatted_published_date":"19 octobre 2010","publisher_availability_label":"Sur commande","short_details":"Riccardo Petrella (D \u2014 Couleur Livres","translator":null,"weight":380,"page_count":null,"readership":null,"editor":"Couleur Livres","price":1500,"published_date":"2010-10-18T22:00:00.000000Z","support":"Grand format","publisher_availability":1,"stock":0,"editions":[],"url":"https:\/\/quaidesbrumes.com\/ouvrage\/9782870035511\/bruxelles-eau-mon-amour"},{"id":"9782844456762","title":"Tchernobyl - Cachez ce nuage que je ne saurais voir","description":"Cachez ce nuage que je ne saurais voir...\r\nLe printemps 2006 rappelle \u00e0 notre m\u00e9moire le tragique accident de Tchernobyl (26 avril 1986) et invite les Fran\u00e7ais \u00e0 s'interroger sur le nombre croissant de cancers inexpliqu\u00e9s qui touchent, dor\u00e9navant, de plus en plus de familles. Entre ces deux perspectives, se glisse le sombre nuage radioactif qui est pass\u00e9 sur la France. Contrairement aux informations de l'\u00e9poque, il ne fut pas arr\u00eat\u00e9 \u00e0 la fronti\u00e8re par une ligne Maginot de l'\u00e9cosyst\u00e8me prot\u00e9geant notre territoire... Jean-Michel Jacquemin-Raefestin, expert en la mati\u00e8re et auteur de trois ouvrages \u00e0 succ\u00e8s sur le sujet, m\u00e8ne l'enqu\u00eate depuis plus de dix ans sur \"l'affaire Tchernobyl\" et ses cons\u00e9quences dans les domaines sanitaires et \u00e9cologiques qui touchent notre pays, des brumes du Nord au soleil de I'Ile de Beaut\u00e9. Le plutonium aux portes de Paris... Le c\u00e9sium nappant les vallons d'Alsace, le massif des Vosges, le maquis Corse, les vrais chiffres des retomb\u00e9es nucl\u00e9aires, la d\u00e9sinformation des m\u00e9dias, les disparitions de rapports, les falsifications des commissions d'enqu\u00eates, les cons\u00e9quences r\u00e9elles de la contamination de l'air, de l'eau, de la faune et de la flore, ne sont que quelques pi\u00e8ces ma\u00eetresses de cet inventaire dress\u00e9 par l'auteur-documents rares ou in\u00e9dits \u00e0 l'appui. Une partie de ces informations, donn\u00e9e au Congr\u00e8s de Madrid en septembre 1986, ne put franchir la fronti\u00e8re des m\u00e9dias fran\u00e7ais de l'\u00e9poque. Un livre courageux, palpitant, nourri d'une \u00e9tude quasi exhaustive des cons\u00e9quences d'un hypocrite et mortel attentisme d'une administration paralys\u00e9e. Tel un tsunami, il renverse les mensonges de la raison d'Etat, soucieux de t\u00e9moigner, pour que la d\u00e9mocratie s'incarne r\u00e9ellement dans l'information en temps opportun.","authors":["Jean-Michel Jacquemin-Raffestin","Dominique Belpomme"],"category_codes":["4000000","4010000","4010200","4010207"],"visuals":{"large":"https:\/\/images.epagine.fr\/762\/9782844456762_1_75.jpg","medium":"https:\/\/images.epagine.fr\/762\/9782844456762_1_m.jpg","thumbnail":"https:\/\/images.epagine.fr\/762\/9782844456762_1_v.jpg"},"orderable":true,"show_badge":true,"formatted_price":"20,00&nbsp;\u20ac","formatted_published_date":"13 mars 2006","publisher_availability_label":"Sur commande","short_details":"Jean-Michel Jacquemin-Raffestin, Dominique Belpomme \u2014 Guy Tr\u00e9daniel \u00c9diteur","translator":null,"weight":655,"page_count":388,"readership":null,"editor":"Guy Tr\u00e9daniel \u00c9diteur","price":2000,"published_date":"2006-03-12T23:00:00.000000Z","support":"Grand format","publisher_availability":1,"stock":0,"editions":[],"url":"https:\/\/quaidesbrumes.com\/ouvrage\/9782844456762\/tchernobyl-cachez-ce-nuage-que-je-ne-saurais-voir"},{"id":"9782875422002","title":"D\u00e9clarons l'\u00e9tat d'urgence \u00e9cologique","description":"Apr\u00e8s 40 ans de cris d'alarme scientifiques, l'urgence \u00e9cologique et climatique n'est plus mise en doute. Elle a \u00e9t\u00e9 d\u00e9clar\u00e9e par le GIEC, le Secr\u00e9taire g\u00e9n\u00e9ral de l'ONU, des \u00c9tats comme le Royaume-Uni, la France, le Canada, des villes comme Londres, Paris et New-York, 15 000 scientifiques du monde entier, plus de 7 000 universit\u00e9s et de nombreux citoyens dans nos rues. En parall\u00e8le, le mouvement des gilets jaunes a montr\u00e9 que les citoyens s'inqui\u00e8tent aussi de la justice sociale et des migrations, et c\u00e8dent parfois aux sir\u00e8nes du populisme et de l'extr\u00eame droite. Fin du mois et fin du monde sont intimement li\u00e9es, l'urgence est donc aussi sociale et d\u00e9mocratique.\r\nPour montrer qu'il existe un autre futur que l'effondrement \u00e9cologique et la dictature, les auteurs esquissent les traits d'une d\u00e9mocratie r\u00e9g\u00e9n\u00e9r\u00e9e, d'une puissance publique restaur\u00e9e, avec et pour les citoyens, sous la forme d'un \u00c9tat d'urgence \u00e9cologique. Une transition soci\u00e9tale est n\u00e9cessaire, urgente, possible et souhaitable. L'\u00c9tat doit assumer son r\u00f4le d'activateur de cette transition, en offrant \u00e0 tous les porteurs d'initiatives de transition le terreau fertile dont ils ont besoin. Il doit se montrer visionnaire, strat\u00e8ge, coordinateur, coop\u00e9rateur, financeur, \u00e9valuateur du changement, en privil\u00e9giant la subsidiarit\u00e9, la co-construction et la participation des citoyens. En tentant de r\u00e9futer les objections \u00e0 une action beaucoup plus volontariste de nos institutions, \u00e9mises par de nombreux acteurs belges ces 12 derniers mois, les auteurs souhaitent faire de ce projet d'\u00c9tat d'urgence \u00e9cologique un sujet de d\u00e9bat d\u00e9mocratique.\r","authors":["C\u00e9dric Chevalier","Thibault De La Motte","Olivier De Schutter"],"category_codes":["4000000","4010000","4010200","4010207"],"visuals":{"large":"https:\/\/images.epagine.fr\/002\/9782875422002_1_75.jpg","medium":"https:\/\/images.epagine.fr\/002\/9782875422002_1_m.jpg","thumbnail":"https:\/\/images.epagine.fr\/002\/9782875422002_1_v.jpg"},"orderable":true,"show_badge":true,"formatted_price":"18,00&nbsp;\u20ac","formatted_published_date":"11 f\u00e9vrier 2020","publisher_availability_label":"Sur commande","short_details":"C\u00e9dric Chevalier, Thibault De La Motte, Olivier De Schutter \u2014 LUC PIRE","translator":null,"weight":224,"page_count":173,"readership":null,"editor":"LUC PIRE","price":1800,"published_date":"2020-02-10T23:00:00.000000Z","support":"Grand format","publisher_availability":1,"stock":0,"editions":[],"url":"https:\/\/quaidesbrumes.com\/ouvrage\/9782875422002\/declarons-letat-durgence-ecologique"}]}