{"data":[{"id":"9782311407723","title":"L'entreprise vraiment responsable ; faire de la raison d'\u00eatre un levier de croissance","description":"Faire de la raison d'\u00eatre de l'entreprise un levier de croissance et de transformation Le th\u00e8me de l'entreprise responsable a pris de l'ampleur ces derni\u00e8res ann\u00e9es, en ligne avec le d\u00e9bat sur l'impact soci\u00e9tal et environnemental des entreprises et l'adoption de la Loi PACTE en France. Celle-ci inclut la prise en compte des impacts sociaux et environnementaux dans la loi et pr\u00e9voit un statut particulier d'entreprise \u00e0 mission qui permet \u00e0 des dirigeants d'entreprise de se consacrer davantage \u00e0 des objectifs soci\u00e9taux.\u00a0 Les dirigeants d'entreprise multiplient les initiatives afin de motiver les salari\u00e9s, d'am\u00e9liorer leur image de marque aupr\u00e8s des clients, et d'attirer des fonds d'investissement sp\u00e9cialis\u00e9s dans la finance responsable. Cet enjeu, qui\u00a0devient cl\u00e9 avec l'arriv\u00e9e des nouvelles g\u00e9n\u00e9rations, plus conscientes et soucieuses de la prise en compte des impacts soci\u00e9taux, constitue un levier de performance. \r\nCe livre traite des diff\u00e9rents aspects de la responsabilit\u00e9 des organisations aujourd'hui. Il adopte une vision moderne selon laquelle profitabilit\u00e9 et responsabilit\u00e9 sont compl\u00e9mentaires. Apr\u00e8s une pr\u00e9sentation des \u00e9volutions r\u00e9centes de la responsabilit\u00e9 de l'entreprise, il fournit des conseils pour formuler une strat\u00e9gie d'entreprise responsable, avec des d\u00e9veloppements particuliers sur les questions de ressources humaines, environnementales, de gouvernance, et de finance responsable.\u00a0A jour de la loi PACTE, il aborde \u00e9galement\u00a0la crise sanitaire de 2019\/2020 (Covid-19)\u00a0 et les \u00e9volutions possibles\u00a0pour les organisations en mati\u00e8re de responsabilit\u00e9 soci\u00e9tale.","authors":["Jean-no\u00ebl Felli","Patrick Lenain"],"category_codes":["4000000","4010000","4010200","4010208"],"visuals":{"large":"https:\/\/images.epagine.fr\/723\/9782311407723_1_75.jpg","medium":"https:\/\/images.epagine.fr\/723\/9782311407723_1_m.jpg","thumbnail":"https:\/\/images.epagine.fr\/723\/9782311407723_1_v.jpg"},"orderable":true,"show_badge":true,"formatted_price":"25,00&nbsp;\u20ac","formatted_published_date":"9 f\u00e9vrier 2021","publisher_availability_label":"Sur commande","short_details":"Jean-no\u00ebl Felli, Patrick Lenain \u2014 Vuibert","translator":null,"weight":343,"page_count":224,"readership":null,"editor":"Vuibert","price":2500,"published_date":"2021-02-08T23:00:00.000000Z","support":"Grand format","publisher_availability":1,"stock":0,"editions":[],"url":"https:\/\/quaidesbrumes.com\/ouvrage\/9782311407723\/lentreprise-vraiment-responsable-faire-de-la-raison-detre-un-levier-de-croissance"},{"id":"9782744907333","title":"Incertitude & environnement ; la fin des certitudes scientifiques","description":"aux certitudes d'autrefois nourries des succ\u00e8s des sciences et des techniques du monde moderne succ\u00e8de le temps de l'incertitude.\r\n la confiance en la toute puissance de la science diminue. l'avenir para\u00eet plus sombre \u00e0 nos contemporains. d'o\u00f9 provient cette incertitude, pourquoi est-elle devenue une caract\u00e9ristique de notre \u00e9poque, du moins parmi les pays richesoe l'inqui\u00e9tude engendr\u00e9e par cet avenir incertain est particuli\u00e8rement forte dans le domaine de l'environnement. comment pr\u00e9server le monde \u00e0 venir si les solutions propos\u00e9es ne s'appuient plus sur des \" certitudes scientifiques \" ? cet ouvrage pr\u00e9sente un \u00e9tat actuel des questions que se posent les chercheurs de toutes disciplines : comment int\u00e9grer les incertitudes dans la d\u00e9marche scientifique de mani\u00e8re \u00e0 fournir aux d\u00e9cideurs locaux ou nationaux des arguments pour prendre les meilleures d\u00e9cisions possibles dans le cadre du principe de pr\u00e9caution qui vient d'\u00eatre int\u00e9gr\u00e9 dans la constitution fran\u00e7aise ? la r\u00e9flexion propos\u00e9e dans l'ouvrage porte sur les aspects th\u00e9oriques de la question, mais elle s'appuie \u00e9galement sur de nombreux exemples concrets pris dans plusieurs pays pour montrer comment les probl\u00e8mes sont r\u00e9gl\u00e9s sur le terrain.\r\n\r","authors":["Paul Allard"],"category_codes":["4000000","4010000","4010200","4010208"],"visuals":{"large":"https:\/\/images.epagine.fr\/333\/9782744907333_1_75.jpg","medium":"https:\/\/images.epagine.fr\/333\/9782744907333_1_m.jpg","thumbnail":"https:\/\/images.epagine.fr\/333\/9782744907333_1_v.jpg"},"orderable":true,"show_badge":true,"formatted_price":"28,00&nbsp;\u20ac","formatted_published_date":"24 janvier 2008","publisher_availability_label":"Sur commande","short_details":"Paul Allard \u2014 EDISUD","translator":null,"weight":980,"page_count":478,"readership":null,"editor":"EDISUD","price":2800,"published_date":"2008-01-23T23:00:00.000000Z","support":"Grand format","publisher_availability":1,"stock":0,"editions":[],"url":"https:\/\/quaidesbrumes.com\/ouvrage\/9782744907333\/incertitude-environnement-la-fin-des-certitudes-scientifiques"},{"id":"9782875422422","title":"Terre en vue ! pour un pacte social-\u00e9cologique","description":"Parce que nous \u00e9chouons \u00e0 concevoir ses limites, nous d\u00e9truisons l'habitabilit\u00e9 de la Terre, c'est-\u00e0-dire nos propres conditions d'existence. Toutes les esp\u00e8ces vivantes, y compris la n\u00f4tre, sont menac\u00e9es. Le contrat social originel, sur lequel repose nos d\u00e9mocraties, demandait au Citoyen de renoncer \u00e0 une libert\u00e9 absolue en \u00e9change de la protection de l'\u00c9tat. Mais ce contrat social consid\u00e9rait alors les \u00e9cosyst\u00e8mes plan\u00e9taires comme un simple d\u00e9cors, immuable et illimit\u00e9, du th\u00e9\u00e2tre de l'histoire.   Aujourd'hui le d\u00e9cor terrestre se met \u00e0 trembler et \u00e0 interrompre le jeu des acteurs humains. Comme les catastrophes climatiques, la pand\u00e9mie est aussi \u00e0 analyser comme une manifestation majeure de cette irruption sur la sc\u00e8ne politique.   Afin d'\u00e9viter le d\u00e9sastre, cet essai propose de r\u00e9incorporer les limites de la biosph\u00e8re, du vivant dont nous d\u00e9pendons et qui d\u00e9pend de nous, en signant ensemble un Pacte social \u00e9cologique, qui \u00e9largisse \u00e0 la Terre le contrat social.\r","authors":["C\u00e9dric Chevalier"],"category_codes":["4000000","4010000","4010200","4010207"],"visuals":{"large":"https:\/\/images.epagine.fr\/422\/9782875422422_1_75.jpg","medium":"https:\/\/images.epagine.fr\/422\/9782875422422_1_m.jpg","thumbnail":"https:\/\/images.epagine.fr\/422\/9782875422422_1_v.jpg"},"orderable":true,"show_badge":true,"formatted_price":"19,90&nbsp;\u20ac","formatted_published_date":"16 septembre 2021","publisher_availability_label":"Sur commande","short_details":"C\u00e9dric Chevalier \u2014 LUC PIRE","translator":null,"weight":283,"page_count":223,"readership":null,"editor":"LUC PIRE","price":1990,"published_date":"2021-09-15T22:00:00.000000Z","support":"Grand format","publisher_availability":1,"stock":0,"editions":[],"url":"https:\/\/quaidesbrumes.com\/ouvrage\/9782875422422\/terre-en-vue-pour-un-pacte-social-ecologique"},{"id":"9782849741184","title":"Trabucaire et fronti\u00e8res ; de Barcelone \u00e0 Perpignan par le Vallespir","description":"L'affaire des Trabucaires a marqu\u00e9 les esprits en Roussillon, de g\u00e9n\u00e9ration en g\u00e9n\u00e9ration, jusqu?\u00e0 nos jours. Elle a fait couler beaucoup d?encre, aujourd?hui encore avec ce petit livre qui t\u00e9moigne de la permanence d?un fait divers survenu sous la Monarchie de Juillet, dans les ann\u00e9es 1844-1845, entre deux guerres carlistes. Originaires du Principat, \u00e0 la fois bandits de grands chemins et partisans de la cause carliste, les Trabucaires s?inscrivent dans l?histoire du bandolerisme catalan. La g\u00e9ographie et les \u00e9v\u00e9nements politiques des ann\u00e9es 1830-1840 font qu'ils appartiennent aussi au fait frontalier catalan entre Perpignan et Barcelone \u00e0 cheval sur l?extr\u00eame fronti\u00e8re autour de Saint Laurent de Cerdans : une \u00e9tape incontournable entre deux p\u00f4les proches et lointains li\u00e9s par une origine commune et s\u00e9par\u00e9s par les vicissitudes de l?histoire. Leur terrain d?action entre l?arrondissement de C\u00e9ret et la comarca de G\u00e9rone passe tout naturellement par une position de repli, une zone refuge : la r\u00e9gion de Saint Laurent, un haut plateau ouvert sur l?Empord\u00e0 et la mer mais aussi sur la haute Garrotxa, un labyrinthe calcaire o\u00f9 l?on peut \u00e9chapper aux poursuites, se cacher et cacher ses victimes. L?affaire des Trabucaires entr\u00e9e dans la l\u00e9gende prend sa vraie dimension \u00e0 la lumi\u00e8re du d\u00e9doublement frontalier originel, plus particuli\u00e8rement \u00e9tudi\u00e9 de la R\u00e9volution \u00e0 la Monarchie de Juillet, de la Guerra gran \u00e0 la seconde guerre carliste dels Matiners. Cette histoire compar\u00e9e, expos\u00e9e dans une premi\u00e8re partie, permet de comprendre comment un simple fait divers est pass\u00e9 dans l?histoire, une mutation analys\u00e9e dans une seconde partie. Une abondante iconographie illustre magistralement le propos.\r","authors":["Raymond Sala"],"category_codes":["4000000","4010000","4010300","4010302"],"visuals":{"large":"https:\/\/images.epagine.fr\/184\/9782849741184_1_75.jpg","medium":"https:\/\/images.epagine.fr\/184\/9782849741184_1_m.jpg","thumbnail":"https:\/\/images.epagine.fr\/184\/9782849741184_1_v.jpg"},"orderable":true,"show_badge":true,"formatted_price":"15,00&nbsp;\u20ac","formatted_published_date":"14 f\u00e9vrier 2011","publisher_availability_label":"Sur commande","short_details":"Raymond Sala \u2014 Editions Trabucaire","translator":null,"weight":400,"page_count":157,"readership":null,"editor":"Editions Trabucaire","price":1500,"published_date":"2011-02-13T23:00:00.000000Z","support":"Grand format","publisher_availability":1,"stock":0,"editions":[],"url":"https:\/\/quaidesbrumes.com\/ouvrage\/9782849741184\/trabucaire-et-frontieres-de-barcelone-a-perpignan-par-le-vallespir"},{"id":"9782849741726","title":"Dictionnaire illustr\u00e9 du li\u00e8ge","description":null,"authors":["Ignacio Garcia Pereda"],"category_codes":["4000000","4010000","4010400","4010406"],"visuals":{"large":"https:\/\/images.epagine.fr\/726\/9782849741726_1_75.jpg","medium":"https:\/\/images.epagine.fr\/726\/9782849741726_1_m.jpg","thumbnail":"https:\/\/images.epagine.fr\/726\/9782849741726_1_v.jpg"},"orderable":true,"show_badge":true,"formatted_price":"16,00&nbsp;\u20ac","formatted_published_date":"1er juillet 2013","publisher_availability_label":"Sur commande","short_details":"Ignacio Garcia Pereda \u2014 Editions Trabucaire","translator":null,"weight":310,"page_count":206,"readership":null,"editor":"Editions Trabucaire","price":1600,"published_date":"2013-06-30T22:00:00.000000Z","support":"Grand format","publisher_availability":1,"stock":0,"editions":[],"url":"https:\/\/quaidesbrumes.com\/ouvrage\/9782849741726\/dictionnaire-illustre-du-liege"},{"id":"9782871142416","title":"Sous l'aile du temps","description":"Au fil des saisons, la nature d\u00e9cline ses humeurs selon les couleurs du temps. Larmes de pluie, perles de ros\u00e9e, cristaux de givre, p\u00e9tales de neige, \u00e9crins de fleurs, tulle de brume, caresses de l'aube, ombres du soir, myst\u00e8res de la nuit... autant de d\u00e9cors, autant de parures de la vie. De la vie quotidienne de la faune sauvage et de ceux qui l'appr\u00e9cient et la photographient : des images d'oiseaux, de chats sauvages, d'\u00e9cureuils, de cerfs, de renards, de chevreuils et de bien d'autres, au coeur de paysages magnifiques.\r\nPour Philippe Mo\u00ebs et Fabrice Cahez, le temps importe peu, hormis celui qu'ils passent \u00e0 attendre et saisir dans leur viseur l'instant le meilleur. Pour la premi\u00e8re fois, ils ont choisi d'unir leurs plumes et leurs regards complices pour signer \u00e0 quatre mains un ouvrage in\u00e9dit, o\u00f9 chaque page d\u00e9voile une atmosph\u00e8re particuli\u00e8re et chaque ligne une sensibilit\u00e9 \u00e0 fleur de nature.\r\nCet ouvrage est le reflet de leur passion commune pour les ambiances magiques, entre r\u00eave et myst\u00e8re, entre cr\u00e9puscule et aurore, entre douceur et froidure.\r\nAvec plaisir, il vous invitera \u00e0 suivre leurs chemins teint\u00e9s d'ambiances particuli\u00e8res, sous l'aile du temps.\r","authors":["Fabrice Cahez","Philippe Mo\u00ebs"],"category_codes":["4000000","4010000","4010300","4010302"],"visuals":{"large":"https:\/\/images.epagine.fr\/416\/9782871142416_1_75.jpg","medium":"https:\/\/images.epagine.fr\/416\/9782871142416_1_m.jpg","thumbnail":"https:\/\/images.epagine.fr\/416\/9782871142416_1_v.jpg"},"orderable":true,"show_badge":true,"formatted_price":"30,00&nbsp;\u20ac","formatted_published_date":"19 octobre 2011","publisher_availability_label":"Sur commande","short_details":"Fabrice Cahez, Philippe Mo\u00ebs \u2014 Editions du Perron","translator":null,"weight":1350,"page_count":176,"readership":null,"editor":"Editions du Perron","price":3000,"published_date":"2011-10-18T22:00:00.000000Z","support":"Grand format","publisher_availability":1,"stock":0,"editions":[],"url":"https:\/\/quaidesbrumes.com\/ouvrage\/9782871142416\/sous-laile-du-temps"},{"id":"9782878250695","title":"Champignons mortels et toxiques du nord-est de la france","description":null,"authors":["Hubert Antoine"],"category_codes":["4000000","4010000","4010300"],"visuals":{"large":"https:\/\/quaidesbrumes.com\/img\/book-placeholder.png","medium":"https:\/\/quaidesbrumes.com\/img\/book-placeholder.png","thumbnail":"https:\/\/quaidesbrumes.com\/img\/book-placeholder.png"},"orderable":true,"show_badge":true,"formatted_price":"8,00&nbsp;\u20ac","formatted_published_date":"16 novembre 2015","publisher_availability_label":"Sur commande","short_details":"Hubert Antoine \u2014 Dominique Gueniot","translator":null,"weight":210,"page_count":null,"readership":"Tout public","editor":"Dominique Gueniot","price":800,"published_date":"2015-11-15T23:00:00.000000Z","support":"Grand format","publisher_availability":1,"stock":0,"editions":[],"url":"https:\/\/quaidesbrumes.com\/ouvrage\/9782878250695\/champignons-mortels-et-toxiques-du-nord-est-de-la-france"},{"id":"9782902590209","title":"Les petits bonheurs au jardin de grand-mere haida","description":null,"authors":["Anonyme"],"category_codes":["4000000","4010000","4010300"],"visuals":{"large":"https:\/\/images.epagine.fr\/209\/9782902590209_1_75.jpg","medium":"https:\/\/images.epagine.fr\/209\/9782902590209_1_m.jpg","thumbnail":"https:\/\/images.epagine.fr\/209\/9782902590209_1_v.jpg"},"orderable":true,"show_badge":true,"formatted_price":"10,00&nbsp;\u20ac","formatted_published_date":"6 juin 2023","publisher_availability_label":"Sur commande","short_details":"Anonyme \u2014 Le Texte Et La Parole","translator":null,"weight":204,"page_count":null,"readership":null,"editor":"Le Texte Et La Parole","price":1000,"published_date":"2023-06-05T22:00:00.000000Z","support":"Grand format","publisher_availability":1,"stock":0,"editions":[],"url":"https:\/\/quaidesbrumes.com\/ouvrage\/9782902590209\/les-petits-bonheurs-au-jardin-de-grand-mere-haida"},{"id":"9782759220205","title":"Flore d'Ile de France ; cl\u00e9s de d\u00e9termination, taxonomie, statuts","description":"L'\u00cele-de-France a enfin sa flore !\r\n\r\nLe botaniste francilien voit son plus ineffable voeu enfin r\u00e9alis\u00e9 : sortir de son sac \u00e0 dos l'in\u00e9narrable Vade-mecum du botaniste dans la r\u00e9gion parisienne de Jeanpert, ou la v\u00e9n\u00e9rable flore de Cosson et Germain. Ces deux ouvrages \u00e9taient tellement d\u00e9suets - lesquels ne le seraient pas apr\u00e8s cent ou cent cinquante ans d'existence ? - que la Nouvelle flore de la Belgique... devint naturellement et logiquement la r\u00e9f\u00e9rence. Le Plat pays a toujours fait preuve d'une efficacit\u00e9 et d'un dynamisme exemplaires dans l'\u00e9tude de la botanique ; la Flore belge, ou la Flore bleue comme on avait coutume de l'appeler, aura \u00e9t\u00e9, pour nous, notre \u00e9toile du Nord...\r\n \r\nUn ouvrage qui fera flor\u00e8s ?\r\n\r\nAvec ce tome II, le botaniste du Bassin parisien tient un outil rigoureux, pr\u00e9cis et moderne : une flore aux cl\u00e9s de d\u00e9termination novatrices et actualis\u00e9es, une iconographie enti\u00e8rement renouvel\u00e9e, o\u00f9 les dessins d'une pr\u00e9cision chirurgicale compl\u00e8tent efficacement les photos du tome I, des indices pour chaque taxon (indig\u00e9nat, raret\u00e9, vuln\u00e9rabilit\u00e9) enfin fiables et m\u00e9thodiquement valid\u00e9s.\r\n\r\nLes choix taxonomiques, parfois anticipateurs et clairement \u00e9tay\u00e9s, redistribuent les taxons d'\u00cele-de-France \u00e0 leur vrai niveau. La mise \u00e0 jour nomenclaturale (avec des combinaisons nouvelles) aboutit \u00e0 un index synonymique moderne. Ce d\u00e9poussi\u00e9rage de fond englobe la patrimonialit\u00e9 des esp\u00e8ces et offre des conclusions \u00e9tonnantes.\r\n \r\nL'\u00cele-de-France d\u00e9senclav\u00e9e:\r\n\r\nLa botanique francilienne est d\u00e9sormais connect\u00e9e au reste du monde. Cet ouvrage int\u00e8gre les r\u00e9sultats des \u00e9tudes de phylog\u00e9nie mol\u00e9culaire men\u00e9es \u00e0 l'\u00e9chelle mondiale et la nomenclature est r\u00e9vis\u00e9e selon les travaux du groupe de travail international Angiosperm Phylogeny Group.\r\n\r\nCompl\u00e9mentaire de la Flore d'\u00cele-de-France (Quae, 2011), ce second tome fait d\u00e9finitivement entrer la botanique francilienne dans les standards du XXIe si\u00e8cle.\r","authors":["Philipp Jauzein","Olivier Nawrot"],"category_codes":["4000000","4010000","4010400"],"visuals":{"large":"https:\/\/images.epagine.fr\/205\/9782759220205_1_75.jpg","medium":"https:\/\/images.epagine.fr\/205\/9782759220205_1_m.jpg","thumbnail":"https:\/\/images.epagine.fr\/205\/9782759220205_1_v.jpg"},"orderable":true,"show_badge":true,"formatted_price":"160,00&nbsp;\u20ac","formatted_published_date":"18 novembre 2013","publisher_availability_label":"Sur commande","short_details":"Philipp Jauzein, Olivier Nawrot \u2014 Qu\u00e6","translator":null,"weight":2160,"page_count":606,"readership":null,"editor":"Qu\u00e6","price":16000,"published_date":"2013-11-17T23:00:00.000000Z","support":"Grand format","publisher_availability":1,"stock":0,"editions":[],"url":"https:\/\/quaidesbrumes.com\/ouvrage\/9782759220205\/flore-dile-de-france-cles-de-determination-taxonomie-statuts"},{"id":"9782919754595","title":"Au pays de La Grave","description":"Pendant des si\u00e8cles des hommes sont pass\u00e9s au pied des montagnes de la Meije avec le seul souci d'\u00e9chapper aux p\u00e9rils, variables selon les saisons, que le col leur r\u00e9servait, sans lever la t\u00eate vers les hauteurs d'o\u00f9 ne pouvait venir que le mal. Puis, \u00e0 la fin du XIXe si\u00e8cle, d'autres hommes sont venus, au contraire, attir\u00e9s, fascin\u00e9s, ensorcel\u00e9s par ces montagnes, regardant pr\u00e9cis\u00e9ment, r\u00e9solument vers ces hauteurs. Les textes de ce recueil, histoire et fiction, t\u00e9moignent de cette inversion du regard port\u00e9 \u00e0 la \u00ab Reine de l'Oisans \u00bb et \u00e0 ses satellites.\r","authors":["Collectif"],"category_codes":["9000000","9050000","9050200","9050204"],"visuals":{"large":"https:\/\/images.epagine.fr\/595\/9782919754595_1_75.jpg","medium":"https:\/\/images.epagine.fr\/595\/9782919754595_1_m.jpg","thumbnail":"https:\/\/images.epagine.fr\/595\/9782919754595_1_v.jpg"},"orderable":true,"show_badge":true,"formatted_price":"12,00&nbsp;\u20ac","formatted_published_date":"10 mars 2017","publisher_availability_label":"Sur commande","short_details":"Collectif \u2014 Transhumances","translator":null,"weight":160,"page_count":120,"readership":null,"editor":"Transhumances","price":1200,"published_date":"2017-03-09T23:00:00.000000Z","support":"Grand format","publisher_availability":1,"stock":0,"editions":[],"url":"https:\/\/quaidesbrumes.com\/ouvrage\/9782919754595\/au-pays-de-la-grave"},{"id":"9782753543522","title":"R\u00e9habiliter la nature ordinaire ; une approche participative","description":"Comment expliquer que deux communes, de taille et de peuplement \u00e9quivalents, exer\u00e7ant les m\u00eames activit\u00e9s agricoles, se trouvent quarante ans plus tard l'une, bastion de l'altermondialisme, \u00e9rigeant ses haies et ses bosquets en embl\u00e8mes, tandis que l'autre s'enorgueillit de son virage p\u00e9riurbain, de sa quatre-voies, du triplement de sa population ?\r\n\r\nAvec le soutien de l'universit\u00e9 de Tours.","authors":["Florent Kohler","Philippe L\u00e9na","Guillaume Marchand","Chlo\u00e9 Thierry","Denis Couvet"],"category_codes":["4000000","4010000","4010200","4010208"],"visuals":{"large":"https:\/\/images.epagine.fr\/522\/9782753543522_1_75.jpg","medium":"https:\/\/images.epagine.fr\/522\/9782753543522_1_m.jpg","thumbnail":"https:\/\/images.epagine.fr\/522\/9782753543522_1_v.jpg"},"orderable":true,"show_badge":true,"formatted_price":"18,00&nbsp;\u20ac","formatted_published_date":"14 janvier 2016","publisher_availability_label":"Sur commande","short_details":"Florent Kohler, Philippe L\u00e9na, Guillaume Marchand, Chlo\u00e9 Thierry, Denis Couvet \u2014 Presse Universitaire de Rennes","translator":null,"weight":396,"page_count":256,"readership":null,"editor":"Presse Universitaire de Rennes","price":1800,"published_date":"2016-01-13T23:00:00.000000Z","support":"Grand format","publisher_availability":1,"stock":0,"editions":[],"url":"https:\/\/quaidesbrumes.com\/ouvrage\/9782753543522\/rehabiliter-la-nature-ordinaire-une-approche-participative"},{"id":"9782343073651","title":"L'industrie sid\u00e9rurgique et le d\u00e9veloppement durable de la R\u00e9publique D\u00e9mocratique du Congo","description":"L'auteur interpelle la conscience nationale congolaise sur la n\u00e9cessit\u00e9 d'engager le pays dans la voie de l'industrialisation partant de l'exploitation des minerais de fer. Cet ouvrage incite les Congolais \u00e0 transformer les minerais de fer en richesses r\u00e9elles \u00e0 travers l'implantation des usines sid\u00e9rurgiques. Le projet de soci\u00e9t\u00e9 englobe plusieurs secteurs notamment l'\u00e9lectrification et l'industrialisation du territoire national ainsi que la cr\u00e9ation d'emplois qui sont des moteurs du d\u00e9veloppement durable du pays.\r","authors":["Andr\u00e9 Ahuka shamba","Lambert Mende omalanga"],"category_codes":["4000000","4010000","4010200","4010208"],"visuals":{"large":"https:\/\/images.epagine.fr\/651\/9782343073651_1_75.jpg","medium":"https:\/\/images.epagine.fr\/651\/9782343073651_1_m.jpg","thumbnail":"https:\/\/images.epagine.fr\/651\/9782343073651_1_v.jpg"},"orderable":true,"show_badge":true,"formatted_price":"27,00&nbsp;\u20ac","formatted_published_date":"1er octobre 2015","publisher_availability_label":"Sur commande","short_details":"Andr\u00e9 Ahuka shamba, Lambert Mende omalanga \u2014 \u00c9ditions L'Harmattan","translator":null,"weight":290,"page_count":250,"readership":null,"editor":"\u00c9ditions L'Harmattan","price":2700,"published_date":"2015-09-30T22:00:00.000000Z","support":"Grand format","publisher_availability":1,"stock":0,"editions":[],"url":"https:\/\/quaidesbrumes.com\/ouvrage\/9782343073651\/lindustrie-siderurgique-et-le-developpement-durable-de-la-republique-democratique-du-congo"},{"id":"9782213686714","title":"Sauver l'homme et la nature","description":"L'\u00e9rosion de la biodiversit\u00e9 est un fait incontournable, une tragique certitude.\r\nAu rythme des d\u00e9couvertes actuelles, il faudrait plus d'un mill\u00e9naire pour d\u00e9crire la totalit\u00e9 des esp\u00e8ces de la plan\u00e8te. Et l'esp\u00e8ce humaine ?  Avec ces 7 milliards 300 millions d'individus est-elle un succ\u00e8s de l'\u00e9volution ? Sans doute, et pourtant... Apparue il y a moins de 200 000 ans, elle est parvenue \u00e0 elle seule \u00e0 d\u00e9s\u00e9quilibrer l'ensemble de la biosph\u00e8re \u00e9rodant la biodiversit\u00e9, abusant des ressources, modifiant les climats et polluant la nature.\r\nEn partant de ce constat lucide et \u00e9clair\u00e9, Jean-Marie Pelt veut nous dire que nous sommes tous concern\u00e9s par le devenir de notre plan\u00e8te et que  c'est en respectant toutes les formes de la diversit\u00e9 que nous parviendrons \u00e0 r\u00e9concilier et unir l'homme et la nature.\r\nIl nourrit ces pages d'histoires naturelles o\u00f9 se c\u00f4toient \u00e0 loisir l'univers animal et v\u00e9g\u00e9tal et il nous d\u00e9livre, en t\u00e9moin \u00e9merveill\u00e9 et formidable passeur qu'il fut, un message de vigilance, de combat et d'espoir tout \u00e0 la fois Botaniste, pharmacologue, \u00e9cologiste avant l'heure (il fut pr\u00e9sident de l'Institut europ\u00e9en d'\u00e9cologie), Jean-Marie Pelt nous a quitt\u00e9s \u00e0 la fin de l'ann\u00e9e 2015, ce livre est en quelque sorte son livre testament. Il a publi\u00e9 l'ensemble de son oeuvre aux Editions Fayard.","authors":["Jean-Marie Pelt","Franck Steffan"],"category_codes":["4000000","4010000","4010200"],"visuals":{"large":"https:\/\/images.epagine.fr\/714\/9782213686714_1_75.jpg","medium":"https:\/\/images.epagine.fr\/714\/9782213686714_1_m.jpg","thumbnail":"https:\/\/images.epagine.fr\/714\/9782213686714_1_v.jpg"},"orderable":true,"show_badge":true,"formatted_price":"20,00&nbsp;\u20ac","formatted_published_date":"8 juin 2016","publisher_availability_label":"Sur commande","short_details":"Jean-Marie Pelt, Franck Steffan \u2014 Fayard","translator":null,"weight":284,"page_count":230,"readership":null,"editor":"Fayard","price":2000,"published_date":"2016-06-07T22:00:00.000000Z","support":"Grand format","publisher_availability":1,"stock":0,"editions":[],"url":"https:\/\/quaidesbrumes.com\/ouvrage\/9782213686714\/sauver-lhomme-et-la-nature"},{"id":"9791031800967","title":"La nature est-elle bien faite ?","description":"Nous sommes souvent fascin\u00e9s par l'\u00e9poustouflant feu d'artifice de formes, de textures, de couleurs qu'offre la nature, comme nous sommes \u00e9galement \u00e9merveill\u00e9s par le degr\u00e9 de perfection atteint par certains organismes parmi lesquels, en premier lieu, le corps humain.\r\nCons\u00e9quence d'un darwinisme un peu grossier, nous pensons souvent que tout r\u00e9sulte d'un processus d'adaptation parfait. Or, cela m\u00e9rite d'\u00eatre analys\u00e9 plus pr\u00e9cis\u00e9ment afin de d\u00e9passer l'id\u00e9e re\u00e7ue selon laquelle \u00ab la nature est bien faite \u00bb.\r\nPartant d'exemples concrets, parfois insolites, les auteurs r\u00e9unis dans cet ouvrage d\u00e9chiffrent cette nature, proche ou lointaine, et nous permettent de mieux en comprendre le fonctionnement et l'\u00e9volution au cours de l'histoire.\r","authors":["Collectif","Guillaume Lecointre","C\u00e9cile Breton"],"category_codes":["4000000","4010000","4010300","4010301"],"visuals":{"large":"https:\/\/images.epagine.fr\/967\/9791031800967_1_75.jpg","medium":"https:\/\/images.epagine.fr\/967\/9791031800967_1_m.jpg","thumbnail":"https:\/\/images.epagine.fr\/967\/9791031800967_1_v.jpg"},"orderable":true,"show_badge":true,"formatted_price":"19,90&nbsp;\u20ac","formatted_published_date":"8 septembre 2016","publisher_availability_label":"Sur commande","short_details":"Collectif, Guillaume Lecointre, C\u00e9cile Breton \u2014 \u00c9ditions du Cavalier Bleu","translator":null,"weight":205,"page_count":152,"readership":null,"editor":"\u00c9ditions du Cavalier Bleu","price":1990,"published_date":"2016-09-07T22:00:00.000000Z","support":"Grand format","publisher_availability":1,"stock":0,"editions":[],"url":"https:\/\/quaidesbrumes.com\/ouvrage\/9791031800967\/la-nature-est-elle-bien-faite"},{"id":"9782845941830","title":"Le chant des abeilles ; restaurer notre alliance avec l'abondance","description":"Le livre le plus original et le plus pertinent pour sauver les abeilles ; il transforme \u00e0 jamais notre vision du monde naturel.\r\n\r\nJacqueline Freeman est une apicultrice am\u00e9ricaine qui a d\u00e9cid\u00e9 d'en finir avec les id\u00e9es re\u00e7ues et les pratiques mortif\u00e8res qui conduisent \u00e0 une disparition mondiale des abeilles. Son credo : \u00eatre \u00e0 leur \u00e9coute.\r\nLes abeilles ont d\u00e9velopp\u00e9 un mode de vie en accord total avec la nature, pour le grand bienfait de celle-ci (pollinisation) et le bonheur de l'esp\u00e8ce humaine (miel, cire, propolis, etc.).\r\n\r\nOr cet \u00e9quilibre a \u00e9t\u00e9 rompu par la volont\u00e9 humaine de maximiser leur rendement :\r\n- En d\u00e9pla\u00e7ant les populations d'abeilles sans tenir compte de leurs besoins.\r\n- En emp\u00eachant les abeilles d'essaimer.\r\n- En f\u00e9condant des reines artificiellement et en les introduisant de force dans les ruches.\r\n- En rempla\u00e7ant le miel n\u00e9cessaire \u00e0 leur nourriture par du sucre.\r\n\r\nCes mauvaises pratiques, auxquelles s'ajoutent l'utilisation massive de pesticides, les plantes OGM et la monoculture, ont fragilis\u00e9 les abeilles, qui sont d\u00e9sormais incapables de faire face aux d\u00e9fis qu'elles rencontrent (pr\u00e9dateurs, parasites, virus, etc.).\r\nLa m\u00e9thode de Jacqueline Freeman est radicalement autre ; elle se fonde sur le savoir que lui transmettent les abeilles sur lesquelles elle veille : \u00ab Notre approche consiste \u00e0 observer les abeilles avec bienveillance, \u00e0 leur offrir des plantes cultiv\u00e9es et des abris attirants, \u00e0 entretenir des relations chaleureuses - bref, \u00e0 \u00eatre avec elles. \u00bb Ce livre est le fruit de son \u00e9coute et d'une collaboration avec les abeilles. Ces messages en provenance directe des abeilles, transcrits comme tels, fournissent les fondements d'une apiculture naturelle et constituent aussi un enseignement spirituel inestimable.\r","authors":["Jacqueline Freeman","Pierre Aucante"],"category_codes":["4000000","4010000","4010200","4010208"],"visuals":{"large":"https:\/\/images.epagine.fr\/830\/9782845941830_1_75.jpg","medium":"https:\/\/images.epagine.fr\/830\/9782845941830_1_m.jpg","thumbnail":"https:\/\/images.epagine.fr\/830\/9782845941830_1_v.jpg"},"orderable":true,"show_badge":true,"formatted_price":"27,00&nbsp;\u20ac","formatted_published_date":"30 mai 2017","publisher_availability_label":"Sur commande","short_details":"Jacqueline Freeman, Pierre Aucante \u2014 Mama \u00c9ditions","translator":null,"weight":392,"page_count":275,"readership":"\u00e0 partir de 16 ans","editor":"Mama \u00c9ditions","price":2700,"published_date":"2017-05-29T22:00:00.000000Z","support":"Grand format","publisher_availability":1,"stock":0,"editions":[],"url":"https:\/\/quaidesbrumes.com\/ouvrage\/9782845941830\/le-chant-des-abeilles-restaurer-notre-alliance-avec-labondance"},{"id":"9782322571833","title":"Les rebelles de la Verticale : Lucien B\u00e9rardini et Hugues Beauzile, alpinistes de l\u00e9gende","description":"Les Rebelles de la Verticale raconte l'histoire vraie de Lucien B\u00e9rardini et Hugues Beauzile, deux alpinistes l\u00e9gendaires, deux esprits libres.\r\nL'un, voyou magnifique de la montagne, figure mythique de l'alpinisme des ann\u00e9es 1950.\r\nL'autre, prodige insatiable de l'escalade moderne, qui n'a jamais voulu rentrer dans le rang.\r\nQuand ils se rencontrent en 1991, quarante ans les s\u00e9parent. Mais une m\u00eame mani\u00e8re d'envisager la vie les unit : ni barri\u00e8re, ni compromis - juste la libert\u00e9 absolue, brute, vertigineuse.\r\nCe r\u00e9cit d'aventures retrace leurs ascensions \u00e9piques, leur vie hors des clous. Des Grandes Jorasses au big wall du Yosemite, de la face ouest des Drus aux falaises de Claret, c'est toute une biographie inspirante qui se d\u00e9ploie, tendue vers l'absolu.\r\nMais au fil des pages, une autre histoire se dessine : celle d'une qu\u00eate de soi, d'un feu int\u00e9rieur qui pousse certains \u00e0 aller jusqu'au bout, co\u00fbte que co\u00fbte.\r\nQuand j'ai commenc\u00e9 mes premi\u00e8res interviews, une question s'est impos\u00e9e : jusqu'o\u00f9 sommes-nous pr\u00eats \u00e0 aller pour rester fid\u00e8les \u00e0 ce que nous sommes ?\r\nLucien et Hugues n'ont jamais pli\u00e9. Peut-\u00eatre est-ce ce qui fait d'eux des l\u00e9gendes.","authors":["Vincent Dusseau"],"category_codes":["4000000","4010000","4010500","4010503"],"visuals":{"large":"https:\/\/images.epagine.fr\/833\/9782322571833_1_75.jpg","medium":"https:\/\/images.epagine.fr\/833\/9782322571833_1_m.jpg","thumbnail":"https:\/\/images.epagine.fr\/833\/9782322571833_1_v.jpg"},"orderable":true,"show_badge":true,"formatted_price":"17,90&nbsp;\u20ac","formatted_published_date":"19 mai 2025","publisher_availability_label":"Sur commande","short_details":"Vincent Dusseau \u2014 Books on Demand","translator":null,"weight":250,"page_count":166,"readership":null,"editor":"Books on Demand","price":1790,"published_date":"2025-05-18T22:00:00.000000Z","support":"Grand format","publisher_availability":1,"stock":0,"editions":[],"url":"https:\/\/quaidesbrumes.com\/ouvrage\/9782322571833\/les-rebelles-de-la-verticale-lucien-berardini-et-hugues-beauzile-alpinistes-de-legende"},{"id":"9782913568761","title":"\u00c0 dire d'elles","description":null,"authors":["Daniel Testet","Urbe Condita"],"category_codes":["4000000","4010000","4010300"],"visuals":{"large":"https:\/\/images.epagine.fr\/761\/9782913568761_1_75.jpg","medium":"https:\/\/images.epagine.fr\/761\/9782913568761_1_m.jpg","thumbnail":"https:\/\/images.epagine.fr\/761\/9782913568761_1_v.jpg"},"orderable":true,"show_badge":true,"formatted_price":"9,00&nbsp;\u20ac","formatted_published_date":"14 octobre 2010","publisher_availability_label":"Sur commande","short_details":"Daniel Testet, Urbe Condita \u2014 \u00c9ditions de l'Entre-deux-Mers","translator":null,"weight":400,"page_count":null,"readership":null,"editor":"\u00c9ditions de l'Entre-deux-Mers","price":900,"published_date":"2010-10-13T22:00:00.000000Z","support":"Grand format","publisher_availability":1,"stock":0,"editions":[],"url":"https:\/\/quaidesbrumes.com\/ouvrage\/9782913568761\/a-dire-delles"},{"id":"9782370620477","title":"Guerre et p\u00eache","description":"Pendant les combats, la vie continue... pour les poissons.\r\nEt aussi pour les rares audacieux qui, malgr\u00e9 les dangers de la guerre, n'ont pas h\u00e9sit\u00e9 \u00e0 tremper leur ligne dans l'eau, m\u00eame lorsque le cours de la rivi\u00e8re servait de ligne de front.\r\nOn a toujours p\u00each\u00e9 pendant les guerres, qu'elles aient \u00e9t\u00e9 grandes ou petites. P\u00each\u00e9 pour manger, p\u00each\u00e9 pour survivre, mais aussi par passion, par go\u00fbt du d\u00e9fi ou de la transgression.\r\nEt parfois, le miracle s'est produit : lorsqu'ils se rencontraient par hasard, les p\u00eacheurs ennemis \u00ab oubliaient \u00bb de se tirer dessus.\r\nC'est ce que racontent les auteurs de \u00ab Guerre et p\u00eache \u00bb, qui ont en commun d'avoir affront\u00e9 les affres de la guerre une canne \u00e0 la main.\r","authors":["Collectif","Sacha Tolsto\u00ef"],"category_codes":["4000000","4010000","4010500","4010502"],"visuals":{"large":"https:\/\/images.epagine.fr\/477\/9782370620477_1_75.jpg","medium":"https:\/\/images.epagine.fr\/477\/9782370620477_1_m.jpg","thumbnail":"https:\/\/images.epagine.fr\/477\/9782370620477_1_v.jpg"},"orderable":true,"show_badge":true,"formatted_price":"19,00&nbsp;\u20ac","formatted_published_date":"2 mars 2017","publisher_availability_label":"Sur commande","short_details":"Collectif, Sacha Tolsto\u00ef \u2014 La Vie Du Rail","translator":null,"weight":248,"page_count":264,"readership":null,"editor":"La Vie Du Rail","price":1900,"published_date":"2017-03-01T23:00:00.000000Z","support":"Grand format","publisher_availability":1,"stock":0,"editions":[],"url":"https:\/\/quaidesbrumes.com\/ouvrage\/9782370620477\/guerre-et-peche"},{"id":"9782204126663","title":"\u00c0 l'\u00e9cole des b\u00eates ; l'avenir sera animal (ou ne sera pas)","description":"Ancienne pr\u00e9sidente de la SPA, et figure de l'\u00e9mission culte T\u00e9l\u00e9matin, Natacha Harry retrace ici l'\u00e9volution de la soci\u00e9t\u00e9 fran\u00e7aise dans son rapport \u00e0 l'animal. Elle prolonge ainsi son combat incessant, \u00e0 la radio comme \u00e0 la t\u00e9l\u00e9vision, en faveur d'une soci\u00e9t\u00e9 plus protectrice des \u00eatres vivants les plus fragiles.\r\nRefusant la catastrophe \u00e9cologique d'un printemps silencieux - sans abeilles ni oiseaux ! -, elle revient avec humour et nostalgie sur sa propre vie, de l'enfance \u00e0 l'\u00e2ge adulte, pour montrer aux lecteurs que tous les animaux, domestiques ou sauvages, sont tributaires des hommes, qui ont le pouvoir de les d\u00e9truire et le devoir de les prot\u00e9ger.\r\nAlors que nous vivons sans doute la sixi\u00e8me extinction de masse, et que nous avons perdu ces quarante derni\u00e8res ann\u00e9es d\u00e9j\u00e0 pr\u00e8s de 60 % de la biodiversit\u00e9, Natacha Harry rappelle que la d\u00e9fense des animaux constitue un combat pour l'avenir : un combat qui doit se mener aujourd'hui, pour transmettre \u00e0 nos enfants un monde meilleur.\r\nIl y a tant \u00e0 apprendre \u00e0 l'\u00e9cole des b\u00eates !\r","authors":["Natacha Harry"],"category_codes":["4000000","4010000","4010200","4010207"],"visuals":{"large":"https:\/\/images.epagine.fr\/663\/9782204126663_1_75.jpg","medium":"https:\/\/images.epagine.fr\/663\/9782204126663_1_m.jpg","thumbnail":"https:\/\/images.epagine.fr\/663\/9782204126663_1_v.jpg"},"orderable":true,"show_badge":true,"formatted_price":"18,00&nbsp;\u20ac","formatted_published_date":"2 mai 2019","publisher_availability_label":"Sur commande","short_details":"Natacha Harry \u2014 Les \u00e9ditions du Cerf","translator":null,"weight":218,"page_count":180,"readership":null,"editor":"Les \u00e9ditions du Cerf","price":1800,"published_date":"2019-05-01T22:00:00.000000Z","support":"Grand format","publisher_availability":1,"stock":0,"editions":[],"url":"https:\/\/quaidesbrumes.com\/ouvrage\/9782204126663\/a-lecole-des-betes-lavenir-sera-animal-ou-ne-sera-pas"},{"id":"9782370620750","title":"La bonne mouche ; quelles mouches utiliser pour 100 rivi\u00e8res et coins de p\u00eache en France et \u00e0 l'\u00e9tranger","description":"Arriver sur une rivi\u00e8re ou un coin de p\u00eache en France ou \u00e0 l'\u00e9tranger, pose presque toujours le probl\u00e8me de conna\u00eetre les habitudes alimentaires des poissons que l'on souhaite s\u00e9duire. Il n'est pas facile de savoir de but en blanc quelle mouche s\u00e8che, quelle nymphe, quel streamer ont les faveurs des farios de la rivi\u00e8re d'Ain, les ombres de la Ribnik ou les steelheads de Colombie- Britannique. C'est pour vous permettre d'avoir dans votre bo\u00eete \u00e0 chaque occasion les quelques mouches gr\u00e2ce auxquelles vous serez chez vous partout d\u00e8s la premi\u00e8re partie de p\u00eache, que nous avons con\u00e7u ces bo\u00eetes \u00e0 mouches id\u00e9ales.\r","authors":["Lalu\/Boisson"],"category_codes":["4000000","4010000","4010500","4010502"],"visuals":{"large":"https:\/\/images.epagine.fr\/750\/9782370620750_1_75.jpg","medium":"https:\/\/images.epagine.fr\/750\/9782370620750_1_m.jpg","thumbnail":"https:\/\/images.epagine.fr\/750\/9782370620750_1_v.jpg"},"orderable":true,"show_badge":true,"formatted_price":"30,00&nbsp;\u20ac","formatted_published_date":"11 avril 2019","publisher_availability_label":"Sur commande","short_details":"Lalu\/Boisson \u2014 La Vie Du Rail","translator":null,"weight":870,"page_count":352,"readership":null,"editor":"La Vie Du Rail","price":3000,"published_date":"2019-04-10T22:00:00.000000Z","support":"Grand format","publisher_availability":1,"stock":0,"editions":[],"url":"https:\/\/quaidesbrumes.com\/ouvrage\/9782370620750\/la-bonne-mouche-quelles-mouches-utiliser-pour-100-rivieres-et-coins-de-peche-en-france-et-a-letranger"},{"id":"9782204151177","title":"La crise \u00e9cologique, une chance pour la d\u00e9mocratie","description":"Seule la d\u00e9mocratie est en mesure d'organiser une r\u00e9elle transition \u00e9cologique.\r\nC'est en renouvelant notre d\u00e9mocratie, trop ab\u00eem\u00e9e, que nous serons capables de trouver les ressources permettant d'affronter avec quelques chances de succ\u00e8s cet obstacle in\u00e9dit. Cet approfondissement dessine un enjeu social et \u00e9ducatif, et n\u00e9cessite un adossement spirituel. Sur la base d'entretiens et d'analyses approfondies des enjeux, des d\u00e9fis et des trajectoires susceptibles d'\u00eatre mises en jeu, les Poissons roses ont \u00e9labor\u00e9 vingt-deux propositions \u00e9ducatives, institutionnelles, financi\u00e8res, sociales et \u00e9cologiques pour faire advenir une d\u00e9mocratie implicative et territoriale, dont nous avons plus que jamais besoin.\r","authors":["Les poissons roses"],"category_codes":["4000000","4010000","4010200","4010207"],"visuals":{"large":"https:\/\/images.epagine.fr\/177\/9782204151177_1_75.jpg","medium":"https:\/\/images.epagine.fr\/177\/9782204151177_1_m.jpg","thumbnail":"https:\/\/images.epagine.fr\/177\/9782204151177_1_v.jpg"},"orderable":true,"show_badge":true,"formatted_price":"12,00&nbsp;\u20ac","formatted_published_date":"3 mars 2022","publisher_availability_label":"Sur commande","short_details":"Les poissons roses \u2014 Les \u00e9ditions du Cerf","translator":null,"weight":140,"page_count":null,"readership":null,"editor":"Les \u00e9ditions du Cerf","price":1200,"published_date":"2022-03-02T23:00:00.000000Z","support":"Grand format","publisher_availability":1,"stock":0,"editions":[],"url":"https:\/\/quaidesbrumes.com\/ouvrage\/9782204151177\/la-crise-ecologique-une-chance-pour-la-democratie"},{"id":"9782743020460","title":"Guide des plantes \u00e0 fruits charnus comestibles et toxiques","description":"Les fruits charnus sauvages ou rencontr\u00e9s dans les parcs et jardins ne sont pas toujours bien connus : sont-ils d\u00e9licieux \u00e0 consommer, simplement comestibles, ou au contraire dangereux pour l'organisme ?\r\nApr\u00e8s une pr\u00e9sentation g\u00e9n\u00e9rale de la formation et des diff\u00e9rents types de fruits, puis une cl\u00e9 d'identification, \u00e0 la fois rapide et simple, bas\u00e9e sur la couleur et la morphologie des fruits, ce guide propose 124 monographies de plantes \u00e0 fruits charnus pr\u00e9sent\u00e9es sous forme d'atlas : le texte descriptif et, sur la page en regard, des photographies du fruit, de la plante enti\u00e8re et des graines. La couleur des fruits \u00e0 maturit\u00e9 est rep\u00e9rable gr\u00e2ce aux onglets, ce qui facilite la recherche de la plante \u00e0 laquelle on s'int\u00e9resse est fait de cet ouvrage un guide pratique, utilisable sur le terrain.\r\nCette partie descriptive est compl\u00e9t\u00e9e par une chronologie des maturations et une pr\u00e9sentation des principaux syndromes d'intoxication. Enfin est indiqu\u00e9e partiellement la classification botanique APG III, permettant de situer les plantes cit\u00e9es dans ce nouvel ordonnancement qui n'est pas encore familier \u00e0 tous.\r","authors":["Michel Botineau","Jean-Marie Pelt"],"category_codes":["4000000","4010000","4010300","4010302"],"visuals":{"large":"https:\/\/images.epagine.fr\/460\/9782743020460_1_75.jpg","medium":"https:\/\/images.epagine.fr\/460\/9782743020460_1_m.jpg","thumbnail":"https:\/\/images.epagine.fr\/460\/9782743020460_1_v.jpg"},"orderable":true,"show_badge":true,"formatted_price":"42,00&nbsp;\u20ac","formatted_published_date":"3 avril 2015","publisher_availability_label":"Sur commande","short_details":"Michel Botineau, Jean-Marie Pelt \u2014 Tec & doc","translator":null,"weight":422,"page_count":336,"readership":null,"editor":"Tec & doc","price":4200,"published_date":"2015-04-02T22:00:00.000000Z","support":"Grand format","publisher_availability":1,"stock":0,"editions":[],"url":"https:\/\/quaidesbrumes.com\/ouvrage\/9782743020460\/guide-des-plantes-a-fruits-charnus-comestibles-et-toxiques"},{"id":"9782915599299","title":"Mers et oc\u00e9ans ; des ressources \u00e0 pr\u00e9server ; les enjeux du d.d. - licence etablissement","description":null,"authors":["Terra Project"],"category_codes":["4000000","4010000","4010200","4010208"],"visuals":{"large":"https:\/\/images.epagine.fr\/299\/9782915599299_1_75.jpg","medium":"https:\/\/images.epagine.fr\/299\/9782915599299_1_m.jpg","thumbnail":"https:\/\/images.epagine.fr\/299\/9782915599299_1_v.jpg"},"orderable":true,"show_badge":true,"formatted_price":"0,00&nbsp;\u20ac","formatted_published_date":"1er janvier 2005","publisher_availability_label":"Sur commande","short_details":"Terra Project \u2014 Terra Project","translator":null,"weight":125,"page_count":null,"readership":null,"editor":"Terra Project","price":0,"published_date":"2004-12-31T23:00:00.000000Z","support":"CD-ROM","publisher_availability":1,"stock":0,"editions":[],"url":"https:\/\/quaidesbrumes.com\/ouvrage\/9782915599299\/mers-et-oceans-des-ressources-a-preserver-les-enjeux-du-dd-licence-etablissement"},{"id":"9791093131030","title":"L'herbier normand : 52 fleurs et plantes \u00e0 cueillir et \u00e0 d\u00e9guster","description":"Empruntant les chemins buissonniers de la campagne normande, Nicole Leroux-Morlet nous entra\u00eene dans une d\u00e9couverte po\u00e9tique des fleurs et plantes qui ponctuent ses promenades. Au rythme des saisons, on d\u00e9couvre ainsi quels sont ces v\u00e9g\u00e9taux qui donnent \u00e0 nos paysages normands ces couleurs et ses senteurs si particuli\u00e8res. L'auteur, passionn\u00e9e de cueillette, nous fait d\u00e9couvrir de quelle fa\u00e7on les fleurs et plantes dont elle nous conte l'histoire et les propri\u00e9t\u00e9s peuvent \u00eatre utilis\u00e9es, accommod\u00e9es ou consomm\u00e9es pour notre plus grand plaisir. Cette rencontre avec la nature, Nicole Leroux-Morlet nous la fait \u00e9galement vivre en images puisqu'\u00e0 ses talents litt\u00e9raires, elle adjoint ceux de peintre. Ainsi nous offre-t-elle 52 aquarelles de plantes et de fleurs qui toutes soulignent la d\u00e9licatesse de ces v\u00e9g\u00e9taux croqu\u00e9s sur le vif, dans leur milieu naturel. Croque-monsieur aux feuilles de violette et au fromage de ch\u00e8vre ou ap\u00e9ritif confectionn\u00e9 \u00e0 partir des feuilles du merisier,... L'herbier normand est une passionnante d\u00e9couverte de la nature \u00e0 cueillir et \u00e0 d\u00e9guster !","authors":["Nicole Leroux-Morlet","Philippe Delerm"],"category_codes":["4000000","4010000","4010400","4010405"],"visuals":{"large":"https:\/\/images.epagine.fr\/030\/9791093131030_1_75.jpg","medium":"https:\/\/images.epagine.fr\/030\/9791093131030_1_m.jpg","thumbnail":"https:\/\/images.epagine.fr\/030\/9791093131030_1_v.jpg"},"orderable":true,"show_badge":true,"formatted_price":"16,90&nbsp;\u20ac","formatted_published_date":"8 mai 2014","publisher_availability_label":"Sur commande","short_details":"Nicole Leroux-Morlet, Philippe Delerm \u2014 Vents Et Marees","translator":null,"weight":224,"page_count":120,"readership":null,"editor":"Vents Et Marees","price":1690,"published_date":"2014-05-07T22:00:00.000000Z","support":"Grand format","publisher_availability":1,"stock":0,"editions":[],"url":"https:\/\/quaidesbrumes.com\/ouvrage\/9791093131030\/lherbier-normand-52-fleurs-et-plantes-a-cueillir-et-a-deguster"}]}