{"data":[{"id":"9782715909571","title":"N2 l'eau souterraine","description":null,"authors":[],"category_codes":["4000000","4010000","4010300","4010306"],"visuals":{"large":"https:\/\/quaidesbrumes.com\/img\/book-placeholder.png","medium":"https:\/\/quaidesbrumes.com\/img\/book-placeholder.png","thumbnail":"https:\/\/quaidesbrumes.com\/img\/book-placeholder.png"},"orderable":true,"show_badge":true,"formatted_price":"8,00&nbsp;\u20ac","formatted_published_date":"23 novembre 2016","publisher_availability_label":"Sur commande","short_details":"Brgm","translator":null,"weight":200,"page_count":null,"readership":null,"editor":"Brgm","price":800,"published_date":"2016-11-22T23:00:00.000000Z","support":"Grand format","publisher_availability":1,"stock":0,"editions":[],"url":"https:\/\/quaidesbrumes.com\/ouvrage\/9782715909571\/n2-leau-souterraine"},{"id":"9782715909717","title":"N3 le changement climatique","description":null,"authors":[],"category_codes":["4000000","4010000","4010300","4010306"],"visuals":{"large":"https:\/\/quaidesbrumes.com\/img\/book-placeholder.png","medium":"https:\/\/quaidesbrumes.com\/img\/book-placeholder.png","thumbnail":"https:\/\/quaidesbrumes.com\/img\/book-placeholder.png"},"orderable":true,"show_badge":true,"formatted_price":"8,00&nbsp;\u20ac","formatted_published_date":"23 novembre 2016","publisher_availability_label":"Sur commande","short_details":"Brgm","translator":null,"weight":406,"page_count":null,"readership":null,"editor":"Brgm","price":800,"published_date":"2016-11-22T23:00:00.000000Z","support":"Grand format","publisher_availability":1,"stock":0,"editions":[],"url":"https:\/\/quaidesbrumes.com\/ouvrage\/9782715909717\/n3-le-changement-climatique"},{"id":"9782715909724","title":"N4 les risques telluriques geosciences","description":null,"authors":[],"category_codes":["4000000","4010000","4010300","4010306"],"visuals":{"large":"https:\/\/quaidesbrumes.com\/img\/book-placeholder.png","medium":"https:\/\/quaidesbrumes.com\/img\/book-placeholder.png","thumbnail":"https:\/\/quaidesbrumes.com\/img\/book-placeholder.png"},"orderable":true,"show_badge":true,"formatted_price":"8,00&nbsp;\u20ac","formatted_published_date":"23 novembre 2016","publisher_availability_label":"Sur commande","short_details":"Brgm","translator":null,"weight":334,"page_count":null,"readership":null,"editor":"Brgm","price":800,"published_date":"2016-11-22T23:00:00.000000Z","support":"Grand format","publisher_availability":1,"stock":0,"editions":[],"url":"https:\/\/quaidesbrumes.com\/ouvrage\/9782715909724\/n4-les-risques-telluriques-geosciences"},{"id":"9782715924314","title":"N6 terre virtuelle","description":null,"authors":[],"category_codes":["4000000","4010000","4010300","4010306"],"visuals":{"large":"https:\/\/quaidesbrumes.com\/img\/book-placeholder.png","medium":"https:\/\/quaidesbrumes.com\/img\/book-placeholder.png","thumbnail":"https:\/\/quaidesbrumes.com\/img\/book-placeholder.png"},"orderable":true,"show_badge":true,"formatted_price":"8,00&nbsp;\u20ac","formatted_published_date":"1er octobre 2007","publisher_availability_label":"Sur commande","short_details":"Brgm","translator":null,"weight":405,"page_count":null,"readership":null,"editor":"Brgm","price":800,"published_date":"2007-09-30T22:00:00.000000Z","support":"Grand format","publisher_availability":1,"stock":0,"editions":[],"url":"https:\/\/quaidesbrumes.com\/ouvrage\/9782715924314\/n6-terre-virtuelle"},{"id":"9782907781541","title":"Voiliers de p\u00eache","description":null,"authors":["Marc-henry Andr\u00e9"],"category_codes":["4000000","4010000","4010500","4010502"],"visuals":{"large":"https:\/\/quaidesbrumes.com\/img\/book-placeholder.png","medium":"https:\/\/quaidesbrumes.com\/img\/book-placeholder.png","thumbnail":"https:\/\/quaidesbrumes.com\/img\/book-placeholder.png"},"orderable":true,"show_badge":true,"formatted_price":"15,00&nbsp;\u20ac","formatted_published_date":"20 octobre 2002","publisher_availability_label":"Sur commande","short_details":"Marc-henry Andr\u00e9 \u2014 Libris Richard","translator":null,"weight":358,"page_count":null,"readership":null,"editor":"Libris Richard","price":1500,"published_date":"2002-10-19T22:00:00.000000Z","support":"Grand format","publisher_availability":1,"stock":0,"editions":[],"url":"https:\/\/quaidesbrumes.com\/ouvrage\/9782907781541\/voiliers-de-peche"},{"id":"9782907781558","title":"Le L\u00e9man","description":null,"authors":["Denise Neveu"],"category_codes":["4000000","4010000","4010500","4010502"],"visuals":{"large":"https:\/\/images.epagine.fr\/558\/9782907781558_1_75.jpg","medium":"https:\/\/images.epagine.fr\/558\/9782907781558_1_m.jpg","thumbnail":"https:\/\/images.epagine.fr\/558\/9782907781558_1_v.jpg"},"orderable":true,"show_badge":true,"formatted_price":"15,00&nbsp;\u20ac","formatted_published_date":"1er novembre 2002","publisher_availability_label":"Sur commande","short_details":"Denise Neveu \u2014 Libris Richard","translator":null,"weight":355,"page_count":null,"readership":null,"editor":"Libris Richard","price":1500,"published_date":"2002-10-31T23:00:00.000000Z","support":"Grand format","publisher_availability":1,"stock":0,"editions":[],"url":"https:\/\/quaidesbrumes.com\/ouvrage\/9782907781558\/le-leman"},{"id":"9782365122719","title":"Un programme unitaire pour le climat ! comment on peut sauver le climat si on s'y met aujourd hui","description":"Les alarmes des scientifiques pleuvent comme \u00e0 Gravelotte. La pr\u00e9occupation li\u00e9e au changement climatique est d\u00e9sormais dans toutes les t\u00eates.\r\nChacun essaye de modifier ses pratiques individuelles, \u00e0 petite \u00e9chelle, d\u00e9marche salutaire mais limit\u00e9e. Il y a besoin d'un changement de braquet, et, on voit encore difficilement \u00e9merger des solutions collectives qui changent le syst\u00e8me de mani\u00e8re d\u00e9cisive, qui nous fasse gagner la bataille du climat !\r\nFace \u00e0 des discours de \u00ab fin du monde \u00bb, d'autant plus d\u00e9mobilisateurs que souvent sans solutions, ce livre se veut un signal d'espoir. Oui, il est possible de changer les choses ! Concr\u00e8tement. Et il verse au d\u00e9bat un grand nombre de propositions \u00e0 usage imm\u00e9diat.\r\nPlus qu'un signal d'espoir, il veut \u00e9galement \u00eatre une contribution utile afin que se mette en oeuvre ces propositions ou d'autres. Il en appelle au d\u00e9passement des diff\u00e9rences entre forces de gauche et \u00e9cologistes. Il en appelle au rassemblement pour s'accorder sur du commun, et pourquoi pas sur ce programme unitaire pour le climat qui pourrait dessiner une part du consensus, afin de construire un monde de demain plus climato- compatible.\r\nIl est plus urgent que jamais d'en d\u00e9battre, de s'accorder et d'agir !\r\nEcrit \u00e0 quatre mains, cet ouvrage est le fruit de la rencontre entre deux hommes de terrain engag\u00e9s dans les actes concrets pour changer la vie :\r\nJacques Baudrier, adjoint au maire de Paris, et Alain Pagano ma\u00eetre de conf\u00e9rences en \u00e9cologie \u00e0 l'universit\u00e9 d'Angers et ex-conseiller municipal d'Angers.","authors":["Jacques Baudrier","Alain Pagano"],"category_codes":["4000000","4010000","4010200","4010203"],"visuals":{"large":"https:\/\/images.epagine.fr\/719\/9782365122719_1_75.jpg","medium":"https:\/\/images.epagine.fr\/719\/9782365122719_1_m.jpg","thumbnail":"https:\/\/images.epagine.fr\/719\/9782365122719_1_v.jpg"},"orderable":true,"show_badge":true,"formatted_price":"10,00&nbsp;\u20ac","formatted_published_date":"26 novembre 2020","publisher_availability_label":"Sur commande","short_details":"Jacques Baudrier, Alain Pagano \u2014 Croquant","translator":null,"weight":120,"page_count":170,"readership":null,"editor":"Croquant","price":1000,"published_date":"2020-11-25T23:00:00.000000Z","support":"Grand format","publisher_availability":1,"stock":0,"editions":[],"url":"https:\/\/quaidesbrumes.com\/ouvrage\/9782365122719\/un-programme-unitaire-pour-le-climat-comment-on-peut-sauver-le-climat-si-on-sy-met-aujourd-hui"},{"id":"9782828917340","title":"Les bienfaits magiques des arbres","description":"Cet ouvrage illustr\u00e9 permet de comprendre le fonctionnement des arbres afin de prendre conscience de leurs besoins et favoriser ainsi leur croissance au sein de notre environnement que ce soit dans un jardin, un int\u00e9rieur ou en pleine ville.\r\n\" Que la vie est douce \u00e0 l'ombre des grands arbres, ai-je pens\u00e9 en commen\u00e7ant la r\u00e9daction de ce texte, pr\u00e9lude au magnifique ouvrage de St\u00e9phane Krebs, Les bienfaits magiques des arbres , que vous allez avoir le bonheur de lire, en d\u00e9couvrant mille aspects de ces \u00eatres vivants, aux capacit\u00e9s extraordinaires. \" Christian Jacq, extrait de la pr\u00e9face Saviez-vous que l'ombre du tilleul est b\u00e9n\u00e9fique aux \u00e9pileptiques ? Que certaines plantes se mettent \u00e0 danser lorsqu'on leur fait \u00e9couter de la musique ? Ou encore que l'acacia faux-gommier peut modifier ses caract\u00e9ristiques physiques pour se prot\u00e9ger des dangers ?\r\n \r\n Ce livre r\u00e9pond \u00e0 toutes les questions que l'on pourrait se poser au sujet des arbres. On d\u00e9couvre leur histoire, leurs \u00e9motions, leurs motivations et leurs strat\u00e9gies pour contrer certains animaux pr\u00e9dateurs. La lecture de ce petit guide illustr\u00e9 nous convainc de l'importance de les prot\u00e9ger et de les pr\u00e9server afin de continuer \u00e0 profiter des bienfaits qu'ils nous offrent. De mani\u00e8re \u00e0 le faire dans le respect de chacun, l'auteur nous donne quelques pistes pour r\u00e9apprendre \u00e0 communiquer et vivre en harmonie avec les arbres qui nous entourent.\r\n \r\n Pour amener la nature au sein de notre maison, St\u00e9phane Krebs propose \u00e9galement des conseils et des recommandations qui nous permettront de d\u00e9polluer nos int\u00e9rieurs gr\u00e2ce \u00e0 certains v\u00e9g\u00e9taux, ainsi qu'une s\u00e9lection des meilleurs arbres \u00e0 planter en terrasse, attique et jardin de ville.","authors":["St\u00e9phane Krebs","Christian Jacq"],"category_codes":["4000000","4010000","4010400","4010405"],"visuals":{"large":"https:\/\/images.epagine.fr\/340\/9782828917340_1_75.jpg","medium":"https:\/\/images.epagine.fr\/340\/9782828917340_1_m.jpg","thumbnail":"https:\/\/images.epagine.fr\/340\/9782828917340_1_v.jpg"},"orderable":true,"show_badge":true,"formatted_price":"22,00&nbsp;\u20ac","formatted_published_date":"11 avril 2019","publisher_availability_label":"Sur commande","short_details":"St\u00e9phane Krebs, Christian Jacq \u2014 Favre","translator":null,"weight":294,"page_count":198,"readership":null,"editor":"Favre","price":2200,"published_date":"2019-04-10T22:00:00.000000Z","support":"Grand format","publisher_availability":1,"stock":0,"editions":[],"url":"https:\/\/quaidesbrumes.com\/ouvrage\/9782828917340\/les-bienfaits-magiques-des-arbres"},{"id":"9782492004124","title":"Avec les chasseurs de la vall\u00e9e du Lot, de l'Auze et du Dourdou","description":"Les r\u00e9cits dAndr\u00e9 Ricros, comme autant de savoureuses chroniques, nous invitent \u00e0 partager ce qui est pour lui, tard dans la vie, une d\u00e9couverte : la chasse.\r\nUne chasse au diapason de la nature, qui est ici somptueuse dans ses parures dautomne et dhiver.\r\nUne chasse qui met lapproche du chevreuil et du sanglier au coeur dune aventure humaine, faite de vrais bonheurs et parfois de grandes peines, dans ces beaux villages du Cantal et de lAveyron, de part et dautre de la rivi\u00e8re Lot et du Dourdou de Conques.\r\nUne chasse remplie de lumi\u00e8re, de senteurs, d\u00e9motions, que lauteur restitue comme une gourmandise, avec la pertinence de son regard de n\u00e9ophyte.","authors":["Andr\u00e9 Ricros"],"category_codes":["4000000","4010000","4010300"],"visuals":{"large":"https:\/\/images.epagine.fr\/124\/9782492004124_1_75.jpg","medium":"https:\/\/images.epagine.fr\/124\/9782492004124_1_m.jpg","thumbnail":"https:\/\/images.epagine.fr\/124\/9782492004124_1_v.jpg"},"orderable":true,"show_badge":true,"formatted_price":"19,00&nbsp;\u20ac","formatted_published_date":"24 octobre 2022","publisher_availability_label":"Sur commande","short_details":"Andr\u00e9 Ricros \u2014 Editions De De L'Aulne","translator":null,"weight":276,"page_count":160,"readership":null,"editor":"Editions De De L'Aulne","price":1900,"published_date":"2022-10-23T22:00:00.000000Z","support":"Grand format","publisher_availability":1,"stock":0,"editions":[],"url":"https:\/\/quaidesbrumes.com\/ouvrage\/9782492004124\/avec-les-chasseurs-de-la-vallee-du-lot-de-lauze-et-du-dourdou"},{"id":"9782491494834","title":"L'\u00e9thique de l'environnement : introduction \u00e0 une perspective globale","description":"La gestion de l'environnement est devenue un sujet central pour la science, et qui se manifeste \u00e9galement au premier plan des enjeux de soci\u00e9t\u00e9 ces derni\u00e8res ann\u00e9es. Cela s'exprime clairement non seulement dans les d\u00e9bats sur la durabilit\u00e9, mais aussi dans les nombreux d\u00e9fis concrets (mondiaux) tels que l'utilisation des ressources ou le d\u00e9r\u00e8glement climatique. Le volume situe les questions qui en r\u00e9sultent \u00e0 quatre niveaux : la recherche fondamentale en \u00e9thique environnementale ; l'\u00e9thique environnementale et le domaine du politique et du juridique ; les enjeux \u00e9cologiques et leur dimension \u00e9thique ; les dimensions culturelles de l'\u00e9thique environnementale. L'ouvrage ouvre en conclusion un regard sur les perspectives de l'\u00e9thique environnementale future.","authors":["Collectif"],"category_codes":["4000000","4010000","4010200"],"visuals":{"large":"https:\/\/images.epagine.fr\/834\/9782491494834_1_75.jpg","medium":"https:\/\/images.epagine.fr\/834\/9782491494834_1_m.jpg","thumbnail":"https:\/\/images.epagine.fr\/834\/9782491494834_1_v.jpg"},"orderable":true,"show_badge":true,"formatted_price":"25,00&nbsp;\u20ac","formatted_published_date":"8 avril 2022","publisher_availability_label":"Sur commande","short_details":"Collectif \u2014 MJW","translator":null,"weight":320,"page_count":156,"readership":null,"editor":"MJW","price":2500,"published_date":"2022-04-07T22:00:00.000000Z","support":"Grand format","publisher_availability":1,"stock":0,"editions":[],"url":"https:\/\/quaidesbrumes.com\/ouvrage\/9782491494834\/lethique-de-lenvironnement-introduction-a-une-perspective-globale"},{"id":"9782918060178","title":"Morvan terre d'accueil terre nourriciere","description":null,"authors":[],"category_codes":["4000000","4010000","4010300"],"visuals":{"large":"https:\/\/images.epagine.fr\/178\/9782918060178_1_75.jpg","medium":"https:\/\/images.epagine.fr\/178\/9782918060178_1_m.jpg","thumbnail":"https:\/\/images.epagine.fr\/178\/9782918060178_1_v.jpg"},"orderable":true,"show_badge":true,"formatted_price":"15,00&nbsp;\u20ac","formatted_published_date":"1er d\u00e9cembre 2020","publisher_availability_label":"Sur commande","short_details":"Pnr Du Morvan","translator":null,"weight":375,"page_count":null,"readership":null,"editor":"Pnr Du Morvan","price":1500,"published_date":"2020-11-30T23:00:00.000000Z","support":"Grand format","publisher_availability":1,"stock":0,"editions":[],"url":"https:\/\/quaidesbrumes.com\/ouvrage\/9782918060178\/morvan-terre-daccueil-terre-nourriciere"},{"id":"9782715927896","title":"N26 metaux critiques, concilier ethique & souverainete ?geosciences","description":null,"authors":[],"category_codes":["4000000","4010000","4010300","4010306"],"visuals":{"large":"https:\/\/images.epagine.fr\/896\/9782715927896_1_75.jpg","medium":"https:\/\/images.epagine.fr\/896\/9782715927896_1_m.jpg","thumbnail":"https:\/\/images.epagine.fr\/896\/9782715927896_1_v.jpg"},"orderable":true,"show_badge":true,"formatted_price":"12,00&nbsp;\u20ac","formatted_published_date":"1er juin 2022","publisher_availability_label":"Sur commande","short_details":"Brgm","translator":null,"weight":292,"page_count":null,"readership":null,"editor":"Brgm","price":1200,"published_date":"2022-05-31T22:00:00.000000Z","support":"Grand format","publisher_availability":1,"stock":0,"editions":[],"url":"https:\/\/quaidesbrumes.com\/ouvrage\/9782715927896\/n26-metaux-critiques-concilier-ethique-souverainete-geosciences"},{"id":"9782915898187","title":"La forme du regard","description":"Livre de photographies artistiques sur les serres du jardin du Thabor \u00e0 Rennes.","authors":["Jacques Beun","Gilles Cervera"],"category_codes":["4000000","4010000","4010400"],"visuals":{"large":"https:\/\/images.epagine.fr\/187\/9782915898187_1_75.jpg","medium":"https:\/\/images.epagine.fr\/187\/9782915898187_1_m.jpg","thumbnail":"https:\/\/images.epagine.fr\/187\/9782915898187_1_v.jpg"},"orderable":true,"show_badge":true,"formatted_price":"39,00&nbsp;\u20ac","formatted_published_date":"5 novembre 2018","publisher_availability_label":"Sur commande","short_details":"Jacques Beun, Gilles Cervera \u2014 Jacques Beun","translator":null,"weight":1200,"page_count":120,"readership":null,"editor":"Jacques Beun","price":3900,"published_date":"2018-11-04T23:00:00.000000Z","support":"Grand format","publisher_availability":1,"stock":0,"editions":[],"url":"https:\/\/quaidesbrumes.com\/ouvrage\/9782915898187\/la-forme-du-regard"},{"id":"9791094283370","title":"Vers un nouvel engagement \u00e9cologique : Inventer les activismes de demain","description":"Le militantisme classique a \u00e9chou\u00e9 \u00e0 modifier notre trajectoire climatique. Marcher (ou danser), crier (ou se faire crier dessus) \u00e9puise les militant.e.s et radicalise les positions. Le temps d'un nouvel activisme \u00e9cologique est venu. Il s'agit d\u00e9sormais d'apprendre \u00e0 s'engager, de cultiver un activisme du discernement, de passer de l'inspiration \u00e0 la r\u00e9solution. Le temps de la \u00ab pop-\u00e9cologie \u00bb est venu.\r\n \r\n Auteurs :\r\n \r\n Ariane Ahmadi est conseill\u00e8re en communication et strat\u00e9gie de marque. Fondatrice de la plateforme Le Gai Savoir, elle est sp\u00e9cialiste de la fabrique de l'authenticit\u00e9 et ses liens entre pop culture et storytelling collectif.\r\n \r\n  \r\n \r\n Nicolas Escach est g\u00e9ographe et ma\u00eetre de conf\u00e9rences. Form\u00e9 \u00e0 l'ENS de Lyon, docteur et agr\u00e9g\u00e9, il a enseign\u00e9 les strat\u00e9gies territoriales durables dans plusieurs universit\u00e9s en France et \u00e0 l'\u00e9tranger. Il est actuellement directeur du Campus des Transitions de Sciences Po Rennes.\r\n \r\n  \r\n \r\n Pierre Gilbert est prospectiviste en mati\u00e8re de risque climatique, auteur et conf\u00e9rencier sp\u00e9cialis\u00e9 dans la bioinspiration. Co-fondateur de l'Institut Rousseau, il est \u00e9galement entrepreneur et a cofond\u00e9 Sator.fr . Il est l'auteur de G\u00e9omim\u00e9tisme(2020) et des Armes de la transition (2021).\r\n \r\n  \r\n \r\n Patrick SCHEYDER est pianiste et concepteur de spectacles sur l'\u00e9cologie et la biodiversit\u00e9. Il est notamment l'auteur d'\u00c9coutons la nature (2016) et Pour une pens\u00e9e \u00e9cologique positive (2020). Il a initi\u00e9 le mouvement de l'\u00c9cologie culturelle.\r\n \r\n  \r\n \r\n L'ADN Le Shift est le collectif du m\u00e9dia L'ADN, son prolongement humain. Il regroupe celles et ceux qui veulent comprendre l'\u00e9poque et contribuer aux r\u00e9cits des transitions. Pour mieux les faire advenir.","authors":["Collectif"],"category_codes":["4000000","4010000","4010200","4010208"],"visuals":{"large":"https:\/\/images.epagine.fr\/370\/9791094283370_1_75.jpg","medium":"https:\/\/images.epagine.fr\/370\/9791094283370_1_m.jpg","thumbnail":"https:\/\/images.epagine.fr\/370\/9791094283370_1_v.jpg"},"orderable":true,"show_badge":true,"formatted_price":"12,00&nbsp;\u20ac","formatted_published_date":"24 mai 2023","publisher_availability_label":"Sur commande","short_details":"Collectif \u2014 L'Adn","translator":null,"weight":999999,"page_count":68,"readership":null,"editor":"L'Adn","price":1200,"published_date":"2023-05-23T22:00:00.000000Z","support":"Grand format","publisher_availability":1,"stock":0,"editions":[],"url":"https:\/\/quaidesbrumes.com\/ouvrage\/9791094283370\/vers-un-nouvel-engagement-ecologique-inventer-les-activismes-de-demain"},{"id":"9791093196480","title":"L'Aigoual, la nature et les hommes","description":"C'est sous l'impulsion de deux passionn\u00e9s de leur terre et de leur r\u00e9gion que ce livre est n\u00e9. Il t\u00e9moigne de l'action humaine positive et de la relation entre activit\u00e9 et montagne, il nous d\u00e9voile \u00e9galement une faune et une flore souvent ignor\u00e9es et pourtant embl\u00e9matiques du Mont Aigoual. \u00ab\u00a0L'homme a son r\u00f4le et sa place dans la nature et le massif de l'Aigoual nous d\u00e9montre que les activit\u00e9s humaines peuvent enrichir le milieu naturel et participer au d\u00e9veloppement de la biodiversit\u00e9...\u00a0\u00bb  L'objectif de l'auteur Nicolas Pag\u00e8s et du photographe Jean-Louis Aubert pourrait para\u00eetre ambitieux\u00a0: d\u00e9montrer la relation homme\/habitat\/faune et flore et prouver que certaines activit\u00e9s sont indissociables de l'Aigoual. C'est un pari r\u00e9ussi gr\u00e2ce cet ouvrage o\u00f9 se m\u00ealent textes, informations insolites et photographies.","authors":["Jean-Louis Aubert","Nicolas Pag\u00e8s","Fr\u00e9d\u00e9rique H\u00e9brard"],"category_codes":["4000000","4010000","4010300"],"visuals":{"large":"https:\/\/images.epagine.fr\/480\/9791093196480_1_75.jpg","medium":"https:\/\/images.epagine.fr\/480\/9791093196480_1_m.jpg","thumbnail":"https:\/\/images.epagine.fr\/480\/9791093196480_1_v.jpg"},"orderable":true,"show_badge":true,"formatted_price":"32,00&nbsp;\u20ac","formatted_published_date":"2 ao\u00fbt 2019","publisher_availability_label":"Sur commande","short_details":"Jean-Louis Aubert, Nicolas Pag\u00e8s, Fr\u00e9d\u00e9rique H\u00e9brard \u2014 Complices","translator":null,"weight":565,"page_count":122,"readership":null,"editor":"Complices","price":3200,"published_date":"2019-08-01T22:00:00.000000Z","support":"Grand format","publisher_availability":1,"stock":0,"editions":[],"url":"https:\/\/quaidesbrumes.com\/ouvrage\/9791093196480\/laigoual-la-nature-et-les-hommes"},{"id":"9782715926356","title":"N20 geosciences pour innover","description":null,"authors":[],"category_codes":["4000000","4010000","4010300","4010306"],"visuals":{"large":"https:\/\/images.epagine.fr\/356\/9782715926356_1_75.jpg","medium":"https:\/\/images.epagine.fr\/356\/9782715926356_1_m.jpg","thumbnail":"https:\/\/images.epagine.fr\/356\/9782715926356_1_v.jpg"},"orderable":true,"show_badge":true,"formatted_price":"12,00&nbsp;\u20ac","formatted_published_date":"1er mars 2016","publisher_availability_label":"Sur commande","short_details":"Brgm","translator":null,"weight":294,"page_count":null,"readership":null,"editor":"Brgm","price":1200,"published_date":"2016-02-29T23:00:00.000000Z","support":"Grand format","publisher_availability":1,"stock":0,"editions":[],"url":"https:\/\/quaidesbrumes.com\/ouvrage\/9782715926356\/n20-geosciences-pour-innover"},{"id":"9782715926431","title":"N21 l'afrique, terre de conna geosciences","description":null,"authors":[],"category_codes":["4000000","4010000","4010300","4010306"],"visuals":{"large":"https:\/\/images.epagine.fr\/431\/9782715926431_1_75.jpg","medium":"https:\/\/images.epagine.fr\/431\/9782715926431_1_m.jpg","thumbnail":"https:\/\/images.epagine.fr\/431\/9782715926431_1_v.jpg"},"orderable":true,"show_badge":true,"formatted_price":"12,00&nbsp;\u20ac","formatted_published_date":"1er ao\u00fbt 2016","publisher_availability_label":"Sur commande","short_details":"Brgm","translator":null,"weight":295,"page_count":null,"readership":null,"editor":"Brgm","price":1200,"published_date":"2016-07-31T22:00:00.000000Z","support":"Grand format","publisher_availability":1,"stock":0,"editions":[],"url":"https:\/\/quaidesbrumes.com\/ouvrage\/9782715926431\/n21-lafrique-terre-de-conna-geosciences"},{"id":"9782715926448","title":"N21a africa, a land of knowle","description":null,"authors":[],"category_codes":["4000000","4010000","4010300","4010306"],"visuals":{"large":"https:\/\/quaidesbrumes.com\/img\/book-placeholder.png","medium":"https:\/\/quaidesbrumes.com\/img\/book-placeholder.png","thumbnail":"https:\/\/quaidesbrumes.com\/img\/book-placeholder.png"},"orderable":true,"show_badge":true,"formatted_price":"12,00&nbsp;\u20ac","formatted_published_date":"1er ao\u00fbt 2016","publisher_availability_label":"Sur commande","short_details":"Brgm","translator":null,"weight":300,"page_count":null,"readership":null,"editor":"Brgm","price":1200,"published_date":"2016-07-31T22:00:00.000000Z","support":"Grand format","publisher_availability":1,"stock":0,"editions":[],"url":"https:\/\/quaidesbrumes.com\/ouvrage\/9782715926448\/n21a-africa-a-land-of-knowle"},{"id":"9782715926769","title":"N22 le sel - geosciences","description":null,"authors":[],"category_codes":["4000000","4010000","4010300","4010306"],"visuals":{"large":"https:\/\/images.epagine.fr\/769\/9782715926769_1_75.jpg","medium":"https:\/\/images.epagine.fr\/769\/9782715926769_1_m.jpg","thumbnail":"https:\/\/images.epagine.fr\/769\/9782715926769_1_v.jpg"},"orderable":true,"show_badge":true,"formatted_price":"12,00&nbsp;\u20ac","formatted_published_date":"1er juillet 2018","publisher_availability_label":"Sur commande","short_details":"Brgm","translator":null,"weight":272,"page_count":null,"readership":null,"editor":"Brgm","price":1200,"published_date":"2018-06-30T22:00:00.000000Z","support":"Grand format","publisher_availability":1,"stock":0,"editions":[],"url":"https:\/\/quaidesbrumes.com\/ouvrage\/9782715926769\/n22-le-sel-geosciences"},{"id":"9782715926981","title":"N23 risques naturels - geosciences","description":null,"authors":[],"category_codes":["4000000","4010000","4010300","4010306"],"visuals":{"large":"https:\/\/images.epagine.fr\/981\/9782715926981_1_75.jpg","medium":"https:\/\/images.epagine.fr\/981\/9782715926981_1_m.jpg","thumbnail":"https:\/\/images.epagine.fr\/981\/9782715926981_1_v.jpg"},"orderable":true,"show_badge":true,"formatted_price":"12,00&nbsp;\u20ac","formatted_published_date":"1er mars 2019","publisher_availability_label":"Sur commande","short_details":"Brgm","translator":null,"weight":340,"page_count":null,"readership":null,"editor":"Brgm","price":1200,"published_date":"2019-02-28T23:00:00.000000Z","support":"Grand format","publisher_availability":1,"stock":0,"editions":[],"url":"https:\/\/quaidesbrumes.com\/ouvrage\/9782715926981\/n23-risques-naturels-geosciences"},{"id":"9782715927278","title":"N24 information geologique geoscience","description":null,"authors":[],"category_codes":["4000000","4010000","4010300","4010306"],"visuals":{"large":"https:\/\/images.epagine.fr\/278\/9782715927278_1_75.jpg","medium":"https:\/\/images.epagine.fr\/278\/9782715927278_1_m.jpg","thumbnail":"https:\/\/images.epagine.fr\/278\/9782715927278_1_v.jpg"},"orderable":true,"show_badge":true,"formatted_price":"12,00&nbsp;\u20ac","formatted_published_date":"1er juin 2020","publisher_availability_label":"Sur commande","short_details":"Brgm","translator":null,"weight":315,"page_count":null,"readership":null,"editor":"Brgm","price":1200,"published_date":"2020-05-31T22:00:00.000000Z","support":"Grand format","publisher_availability":1,"stock":0,"editions":[],"url":"https:\/\/quaidesbrumes.com\/ouvrage\/9782715927278\/n24-information-geologique-geoscience"},{"id":"9782715927414","title":"N25 l'anthropocene - geoscience","description":null,"authors":[],"category_codes":["4000000","4010000","4010300","4010306"],"visuals":{"large":"https:\/\/images.epagine.fr\/414\/9782715927414_1_75.jpg","medium":"https:\/\/images.epagine.fr\/414\/9782715927414_1_m.jpg","thumbnail":"https:\/\/images.epagine.fr\/414\/9782715927414_1_v.jpg"},"orderable":true,"show_badge":true,"formatted_price":"12,00&nbsp;\u20ac","formatted_published_date":"1er mars 2021","publisher_availability_label":"Sur commande","short_details":"Brgm","translator":null,"weight":315,"page_count":null,"readership":null,"editor":"Brgm","price":1200,"published_date":"2021-02-28T23:00:00.000000Z","support":"Grand format","publisher_availability":1,"stock":0,"editions":[],"url":"https:\/\/quaidesbrumes.com\/ouvrage\/9782715927414\/n25-lanthropocene-geoscience"},{"id":"9782715928336","title":"N27 les solutions du sous-sol","description":null,"authors":[],"category_codes":["4000000","4010000","4010300","4010306"],"visuals":{"large":"https:\/\/images.epagine.fr\/336\/9782715928336_1_75.jpg","medium":"https:\/\/images.epagine.fr\/336\/9782715928336_1_m.jpg","thumbnail":"https:\/\/images.epagine.fr\/336\/9782715928336_1_v.jpg"},"orderable":true,"show_badge":true,"formatted_price":"12,00&nbsp;\u20ac","formatted_published_date":"1er septembre 2023","publisher_availability_label":"Sur commande","short_details":"Brgm","translator":null,"weight":290,"page_count":null,"readership":null,"editor":"Brgm","price":1200,"published_date":"2023-08-31T22:00:00.000000Z","support":"Grand format","publisher_availability":1,"stock":0,"editions":[],"url":"https:\/\/quaidesbrumes.com\/ouvrage\/9782715928336\/n27-les-solutions-du-sous-sol"},{"id":"9782715927131","title":"Hs enjeux - geoscience","description":null,"authors":[],"category_codes":["4000000","4010000","4010300","4010306"],"visuals":{"large":"https:\/\/images.epagine.fr\/131\/9782715927131_1_75.jpg","medium":"https:\/\/images.epagine.fr\/131\/9782715927131_1_m.jpg","thumbnail":"https:\/\/images.epagine.fr\/131\/9782715927131_1_v.jpg"},"orderable":true,"show_badge":true,"formatted_price":"12,00&nbsp;\u20ac","formatted_published_date":"1er octobre 2019","publisher_availability_label":"Sur commande","short_details":"Brgm","translator":null,"weight":458,"page_count":null,"readership":null,"editor":"Brgm","price":1200,"published_date":"2019-09-30T22:00:00.000000Z","support":"Grand format","publisher_availability":1,"stock":0,"editions":[],"url":"https:\/\/quaidesbrumes.com\/ouvrage\/9782715927131\/hs-enjeux-geoscience"}]}