{"data":[{"id":"9782343228013","title":"Travailler au service des for\u00eats tropicales : regards crois\u00e9s de forestiers","description":"\"Cet ouvrage est un recueil de t\u00e9moignages sur le v\u00e9cu professionnel d'ing\u00e9nieurs et techniciens forestiers de France et de pays du Sud ayant servi sous les tropiques. Cadres des institutions et entreprises de la conservation et de la mise en valeur des for\u00eats, ils ont choisi ces m\u00e9tiers le plus souvent par vocation. Ils expriment la fiert\u00e9 d'accomplir leur mission de mise en valeur et de protection des ressources naturelles. Ils disent aussi la difficult\u00e9 qu'ils ont \u00e0 faire partager par les autres parties prenantes la gravit\u00e9 des cons\u00e9quences \u00e0 plus ou moins long terme de la d\u00e9gradation de ces ressources. Pr\u00e9c\u00e9dant ces t\u00e9moignages, la premi\u00e8re partie de l'ouvrage est consacr\u00e9e \u00e0 la pr\u00e9sentation de deux situations d'am\u00e9nagement forestier, l'une sous les tropiques secs au Niger, l'autre sous les tropiques humides en Guyane fran\u00e7aise.\"","authors":["Jean-paul Lanly","Olivier Soul\u00e8res","Bernard Mallet"],"category_codes":["4000000","4010000","4010400","4010406"],"visuals":{"large":"https:\/\/images.epagine.fr\/013\/9782343228013_1_75.jpg","medium":"https:\/\/images.epagine.fr\/013\/9782343228013_1_m.jpg","thumbnail":"https:\/\/images.epagine.fr\/013\/9782343228013_1_v.jpg"},"orderable":true,"show_badge":true,"formatted_price":"33,50&nbsp;\u20ac","formatted_published_date":"30 mars 2021","publisher_availability_label":"Sur commande","short_details":"Jean-paul Lanly, Olivier Soul\u00e8res, Bernard Mallet \u2014 \u00c9ditions L'Harmattan","translator":null,"weight":467,"page_count":298,"readership":null,"editor":"\u00c9ditions L'Harmattan","price":3350,"published_date":"2021-03-29T22:00:00.000000Z","support":"Grand format","publisher_availability":1,"stock":0,"editions":[],"url":"https:\/\/quaidesbrumes.com\/ouvrage\/9782343228013\/travailler-au-service-des-forets-tropicales-regards-croises-de-forestiers"},{"id":"9782940584246","title":"La minute nature","description":"Une plante aux graines carnivores, une poule d'eau qui n'en est pas une, un merle papa-poule ou encore des esp\u00e8ces d'extra-terrestres qui sautent dans les feuilles mortes. La nature est riche de mille surprises ! Le r\u00e9dacteur en chef de la revue La Salamandre vous propose de partir \u00e0 l'aventure tout autour de chez vous pour d\u00e9couvrir chaque semaine une facette insolite de la vie des plantes et des animaux sauvages, le tout sur un ton p\u00e9tillant.\r\n\u00abBonjour, je m'appelle Julien Perrot.\r\nMon m\u00e9tier, ma passion, c'est de faire aimer la nature. Avec ce livre, j'ai envie de vous offrir 52 cadeaux \u00e0 d\u00e9guster au fil des saisons. Chaque semaine, je vous propose une d\u00e9couverte insolite \u00e0 vivre tout pr\u00e8s de chez vous. Surprises garanties au jardin, en for\u00eat ou m\u00eame en pleine ville.\r\nCar le safari commence d\u00e8s aujourd'hui sur le pas de votre porte \u00bb","authors":["Julien Perrot"],"category_codes":["4000000","4010000","4010300"],"visuals":{"large":"https:\/\/images.epagine.fr\/246\/9782940584246_1_75.jpg","medium":"https:\/\/images.epagine.fr\/246\/9782940584246_1_m.jpg","thumbnail":"https:\/\/images.epagine.fr\/246\/9782940584246_1_v.jpg"},"orderable":true,"show_badge":true,"formatted_price":"17,90&nbsp;\u20ac","formatted_published_date":"4 mai 2017","publisher_availability_label":"Sur commande","short_details":"Julien Perrot \u2014 \u00c9ditions de la Salamandre","translator":null,"weight":345,"page_count":111,"readership":null,"editor":"\u00c9ditions de la Salamandre","price":1790,"published_date":"2017-05-03T22:00:00.000000Z","support":"Grand format","publisher_availability":1,"stock":0,"editions":[],"url":"https:\/\/quaidesbrumes.com\/ouvrage\/9782940584246\/la-minute-nature"},{"id":"9782878682632","title":"Les arbres de Paris","description":"\u00c9tablie \u00e0 Paris, Melisa Teo est une photographe singapourienne. Ce livre rassemble pr\u00e8s de soixante photographies d'arbres de Paris. Une vision artistique de la nature urbaine. Pr\u00e9face de Sylvain Tesson","authors":["Melissa Teo","Sylvain Tesson"],"category_codes":["4000000","4010000","4010400","4010406"],"visuals":{"large":"https:\/\/images.epagine.fr\/632\/9782878682632_1_75.jpg","medium":"https:\/\/images.epagine.fr\/632\/9782878682632_1_m.jpg","thumbnail":"https:\/\/images.epagine.fr\/632\/9782878682632_1_v.jpg"},"orderable":true,"show_badge":true,"formatted_price":"33,00&nbsp;\u20ac","formatted_published_date":"12 novembre 2020","publisher_availability_label":"Sur commande","short_details":"Melissa Teo, Sylvain Tesson \u2014 PACIFIQUE","translator":null,"weight":670,"page_count":null,"readership":null,"editor":"PACIFIQUE","price":3300,"published_date":"2020-11-11T23:00:00.000000Z","support":"Grand format","publisher_availability":1,"stock":0,"editions":[],"url":"https:\/\/quaidesbrumes.com\/ouvrage\/9782878682632\/les-arbres-de-paris"},{"id":"9782895588078","title":"Ask and you shall receive","description":"WHAT DID YOU ASK FOR WHEN YOU GOT UP  THIS MORNING ?\r\nIn this refreshing book (a Quebec bestseller for over  two years), Pierre Morency urges us to change our  lifestyle and start living by experimentation. The Earth is  a paradise and to get what we truly want out of life, all we  have to do is ask.\r\nWe have nothing to lose by trying. An inspirational book  that encourages us to question our beliefs, Ask and You  Shall Receive will transform the way you see the world, the  way you work, the way you spend, and the way you live. It  will launch you on astonishing and profound adventures. \r\nFor example, what if we abandoned our security in order  to increase our income? What if we stopped working long  hours?","authors":["Pierre Morency"],"category_codes":["4000000","4010000","4010200","4010208"],"visuals":{"large":"https:\/\/images.epagine.fr\/078\/9782895588078_1_75.jpg","medium":"https:\/\/images.epagine.fr\/078\/9782895588078_1_m.jpg","thumbnail":"https:\/\/images.epagine.fr\/078\/9782895588078_1_v.jpg"},"orderable":true,"show_badge":true,"formatted_price":"20,00&nbsp;\u20ac","formatted_published_date":"31 d\u00e9cembre 2024","publisher_availability_label":"Sur commande","short_details":"Pierre Morency \u2014 Alexandre Stank\u00e9","translator":null,"weight":0,"page_count":null,"readership":null,"editor":"Alexandre Stank\u00e9","price":2000,"published_date":"2024-12-30T23:00:00.000000Z","support":"CD Audio","publisher_availability":1,"stock":0,"editions":[],"url":"https:\/\/quaidesbrumes.com\/ouvrage\/9782895588078\/ask-and-you-shall-receive"},{"id":"9782343245539","title":"La gestion du domaine forestier de la famille de Turckheim-Truttenhausen : enjeux politiques, \u00e9conomiques et environnementaux de la for\u00eat fran\u00e7aise au XIXe si\u00e8cle (1805-1870)","description":"Le XIXe si\u00e8cle voit l'\u00e9mergence, d\u00e9sormais bien connue, du contr\u00f4le de l'\u00c9tat sur le patrimoine forestier national. \u00ab Or vert \u00bb et objet de toutes les convoitises, la for\u00eat est marqu\u00e9e par l'essor de la propri\u00e9t\u00e9 priv\u00e9e foresti\u00e8re. Cet ouvrage met en avant la famille de Turckheim, issue de la noblesse alsacienne, et la gestion de leur domaine rural de Truttenhausen situ\u00e9 au coeur des collines sous-vosgiennes de 1805 \u00e0 la fin des ann\u00e9es 1860. Le fonds priv\u00e9 rassembl\u00e9 dans ces pages, auparavant inexploit\u00e9 et m\u00ealant langues allemande et fran\u00e7aise, sert une \u00e9tude micro-historique se d\u00e9clinant principalement autour de trois orientations : le fonctionnement du domaine, le rapport de la famille au cadre l\u00e9gislatif instaur\u00e9 par l'\u00c9tat, et enfin leur lien avec les usagers locaux, auteurs de d\u00e9lits forestiers. Une \u00e9tude exemplaire de l'essor d'une culture foresti\u00e8re naissante, prenant racine dans le Nord-Est de la France, \u00e0 l'origine du r\u00e8gne de la \u00ab for\u00eat-cath\u00e9drale \u00bb sur une grande partie du territoire.\r\n\r\nCet ouvrage est laur\u00e9at du Prix scientifique L'Harmattan.","authors":["Clothilde Rohmer","Alexandre Dupont"],"category_codes":["9000000","9050000","9050700","9050701"],"visuals":{"large":"https:\/\/images.epagine.fr\/539\/9782343245539_1_75.jpg","medium":"https:\/\/images.epagine.fr\/539\/9782343245539_1_m.jpg","thumbnail":"https:\/\/images.epagine.fr\/539\/9782343245539_1_v.jpg"},"orderable":true,"show_badge":true,"formatted_price":"28,50&nbsp;\u20ac","formatted_published_date":"25 mai 2022","publisher_availability_label":"Sur commande","short_details":"Clothilde Rohmer, Alexandre Dupont \u2014 \u00c9ditions L'Harmattan","translator":null,"weight":386,"page_count":248,"readership":null,"editor":"\u00c9ditions L'Harmattan","price":2850,"published_date":"2022-05-24T22:00:00.000000Z","support":"Grand format","publisher_availability":1,"stock":0,"editions":[],"url":"https:\/\/quaidesbrumes.com\/ouvrage\/9782343245539\/la-gestion-du-domaine-forestier-de-la-famille-de-turckheim-truttenhausen-enjeux-politiques-economiques-et-environnementaux-de-la-foret-francaise-au-xixe-siecle-1805-1870"},{"id":"9782915031126","title":"Le guide des champignons des Alpes","description":"En montagne, rien n'est comme ailleurs.\r\n La nature, soumise \u00e0 rude \u00e9preuve, s'est adapt\u00e9e, au fils des mill\u00e9naires, \u00e0 ces conditions extr\u00eames.  il en va ainsi des champignons.  l'amateur de plaine sera souvent d\u00e9boussol\u00e9 en montagne.  certaines esp\u00e8ces n'existent qu'ici, d'autres, fr\u00e9quentes en plaine, seront totalement absentes ou rarissimes.  le guide classique, trop g\u00e9n\u00e9ral, se r\u00e9v\u00e8le souvent fort peu adapt\u00e9 \u00e0 la montagne, m\u00eame pour les habitants permanents.\r\n Les saisons \u00e9voluent \u00e0 des p\u00e9riodes diff\u00e9rences en fonction de l'altitude, mais aussi du versant.  sur une pente, l'\u00e9t\u00e9 peut s'attarder alors qu'en face, c'est d\u00e9fia l'hiver.  les sols pr\u00e9sentent une vari\u00e9t\u00e9 incroyable, de m\u00eame que la diversit\u00e9 v\u00e9g\u00e9tale.  toutes ces conditions font des alpes un milieu sp\u00e9cifique et passionnant pour l'amateur de champignons.  impossible de parler de tous les champignons pr\u00e9sents dans ces montagnes.\r\n Les auteurs ont donc op\u00e9r\u00e9 une s\u00e9lection des 150 esp\u00e8ces les plus fr\u00e9quentes et les plus caract\u00e9ristiques de l'arc alpin.  pour chacune d'entre elles, vous d\u00e9couvrirez des informations particuli\u00e8res aux alpes sur le milieu et la saison o\u00fa il est possible de les rencontrer ainsi qu'un descriptif pr\u00e9cis et une indication d\u00e9taill\u00e9e sur sa comestibilit\u00e9.  de nombreux petits pictogrammes vous aideront \u00e0 vous y retrouver rapidement dans le domaine de la toxicit\u00e9, l'altitude maximale ou encore la r\u00e9sistance au gel.\r\n Pour chaque champignon, une courbe permet de visualiser clairement la p\u00e9riode de pr\u00e9sence sur le terrain.  enfin, de nombreux encadr\u00e9s pratiques et amusants vous fourniront des conseils malins de cueillette.","authors":["Collectif"],"category_codes":["4000000","4010000","4010400","4010403"],"visuals":{"large":"https:\/\/images.epagine.fr\/126\/9782915031126_1_75.jpg","medium":"https:\/\/images.epagine.fr\/126\/9782915031126_1_m.jpg","thumbnail":"https:\/\/images.epagine.fr\/126\/9782915031126_1_v.jpg"},"orderable":true,"show_badge":true,"formatted_price":"20,29&nbsp;\u20ac","formatted_published_date":"20 juillet 2003","publisher_availability_label":"Sur commande","short_details":"Collectif \u2014 Tetras","translator":null,"weight":501,"page_count":null,"readership":null,"editor":"Tetras","price":2029,"published_date":"2003-07-19T22:00:00.000000Z","support":"Grand format","publisher_availability":1,"stock":0,"editions":[],"url":"https:\/\/quaidesbrumes.com\/ouvrage\/9782915031126\/le-guide-des-champignons-des-alpes"},{"id":"9782915031133","title":"Conna\u00eetre et chasser les chamois de l'Isard","description":"La chasse en montagne est sans doute la plus belle et la plus exigeante qui soit.\r\nLe terrain est docile et le gibier farouche. Au sommet de cette pratique se trouve la chasse du chamois et de l'isard. Ces splendides animaux sont aussi un gibier d'exception qui passionne les montagnards. Apr\u00e8s avoir fr\u00f4l\u00e9 l'extinction, le chamois et l'isard sont aujourd'hui de plus en plus abondants, colonisant m\u00eame des nouveaux territoires o\u00f9, de m\u00e9moire d'homme, il n'avait jamais \u00e9t\u00e9 aper\u00e7u. Pourtant, jusqu'il y a peu, l'\u00e9nigmatique \"ch\u00e8vre des montagnes\" gardait ses secrets et rares \u00e9taient les recherches scientifiques s'int\u00e9ressant \u00e0 lui.\r\nDe m\u00eame, les ouvrages sur ce sujet sont peu nombreux et souvent anciens. Pour la premi\u00e8re fois depuis plusieurs d\u00e9cennies, Conna\u00eetre et chasser le chamois et l'isard fait le point sur les connaissances les plus r\u00e9centes et l\u00e8ve une partie du voile qui recouvre la vie du chamois et de l'isard. Mais l'auteur aborde aussi en d\u00e9tail les diff\u00e9rents aspects de sa chasse, de sa gestion et bat en br\u00e8che de nombreuses id\u00e9es re\u00e7ues.\r\nIl est aussi all\u00e9 voir chez nos voisins europ\u00e9ens comment se chassait le chamois.","authors":["Daniel Girod"],"category_codes":["4000000","4010000","4010500","4010502"],"visuals":{"large":"https:\/\/images.epagine.fr\/133\/9782915031133_1_75.jpg","medium":"https:\/\/images.epagine.fr\/133\/9782915031133_1_m.jpg","thumbnail":"https:\/\/images.epagine.fr\/133\/9782915031133_1_v.jpg"},"orderable":true,"show_badge":true,"formatted_price":"20,29&nbsp;\u20ac","formatted_published_date":"26 ao\u00fbt 2004","publisher_availability_label":"Sur commande","short_details":"Daniel Girod \u2014 Tetras","translator":null,"weight":501,"page_count":null,"readership":null,"editor":"Tetras","price":2029,"published_date":"2004-08-25T22:00:00.000000Z","support":"Grand format","publisher_availability":1,"stock":0,"editions":[],"url":"https:\/\/quaidesbrumes.com\/ouvrage\/9782915031133\/connaitre-et-chasser-les-chamois-de-lisard"},{"id":"9782951937772","title":"D\u00e9couverte des arbres remarquables","description":null,"authors":["Collectif"],"category_codes":["4000000","4010000","4010400","4010406"],"visuals":{"large":"https:\/\/images.epagine.fr\/772\/9782951937772_1_75.jpg","medium":"https:\/\/images.epagine.fr\/772\/9782951937772_1_m.jpg","thumbnail":"https:\/\/images.epagine.fr\/772\/9782951937772_1_v.jpg"},"orderable":true,"show_badge":true,"formatted_price":"15,00&nbsp;\u20ac","formatted_published_date":"6 avril 2007","publisher_availability_label":"Sur commande","short_details":"Collectif \u2014 Pnr Du Morvan","translator":null,"weight":401,"page_count":null,"readership":null,"editor":"Pnr Du Morvan","price":1500,"published_date":"2007-04-05T22:00:00.000000Z","support":"Grand format","publisher_availability":1,"stock":0,"editions":[],"url":"https:\/\/quaidesbrumes.com\/ouvrage\/9782951937772\/decouverte-des-arbres-remarquables"},{"id":"9782715925250","title":"N14 geodiversite des outre-mer francais geoscience revue brgm","description":"L'Outre-mer fran\u00e7ais, \u00e9chantillonnage de la diversit\u00e9 g\u00e9ologique de la plan\u00e8te, recouvre des enjeux majeurs pour la recherche en g\u00e9osciences.","authors":[],"category_codes":["4000000","4010000","4010300","4010306"],"visuals":{"large":"https:\/\/images.epagine.fr\/250\/9782715925250_1_75.jpg","medium":"https:\/\/images.epagine.fr\/250\/9782715925250_1_m.jpg","thumbnail":"https:\/\/images.epagine.fr\/250\/9782715925250_1_v.jpg"},"orderable":true,"show_badge":true,"formatted_price":"8,00&nbsp;\u20ac","formatted_published_date":"31 d\u00e9cembre 2011","publisher_availability_label":"Sur commande","short_details":"Brgm","translator":null,"weight":406,"page_count":null,"readership":null,"editor":"Brgm","price":800,"published_date":"2011-12-30T23:00:00.000000Z","support":"Grand format","publisher_availability":1,"stock":0,"editions":[],"url":"https:\/\/quaidesbrumes.com\/ouvrage\/9782715925250\/n14-geodiversite-des-outre-mer-francais-geoscience-revue-brgm"},{"id":"9782715925373","title":"N15 ressources minerales contribution au sommet de la","description":null,"authors":[],"category_codes":["4000000","4010000","4010300","4010306"],"visuals":{"large":"https:\/\/images.epagine.fr\/373\/9782715925373_1_75.jpg","medium":"https:\/\/images.epagine.fr\/373\/9782715925373_1_m.jpg","thumbnail":"https:\/\/images.epagine.fr\/373\/9782715925373_1_v.jpg"},"orderable":true,"show_badge":true,"formatted_price":"8,00&nbsp;\u20ac","formatted_published_date":"7 mai 2013","publisher_availability_label":"Sur commande","short_details":"Brgm","translator":null,"weight":375,"page_count":null,"readership":null,"editor":"Brgm","price":800,"published_date":"2013-05-06T22:00:00.000000Z","support":"Grand format","publisher_availability":1,"stock":0,"editions":[],"url":"https:\/\/quaidesbrumes.com\/ouvrage\/9782715925373\/n15-ressources-minerales-contribution-au-sommet-de-la"},{"id":"9782715925472","title":"N16 la terre source d'energies durable","description":null,"authors":[],"category_codes":["4000000","4010000","4010300","4010306"],"visuals":{"large":"https:\/\/images.epagine.fr\/472\/9782715925472_1_75.jpg","medium":"https:\/\/images.epagine.fr\/472\/9782715925472_1_m.jpg","thumbnail":"https:\/\/images.epagine.fr\/472\/9782715925472_1_v.jpg"},"orderable":true,"show_badge":true,"formatted_price":"8,00&nbsp;\u20ac","formatted_published_date":"7 mai 2013","publisher_availability_label":"Sur commande","short_details":"Brgm","translator":null,"weight":380,"page_count":null,"readership":null,"editor":"Brgm","price":800,"published_date":"2013-05-06T22:00:00.000000Z","support":"Grand format","publisher_availability":1,"stock":0,"editions":[],"url":"https:\/\/quaidesbrumes.com\/ouvrage\/9782715925472\/n16-la-terre-source-denergies-durable"},{"id":"9782715925489","title":"N17 le littoral","description":null,"authors":[],"category_codes":["4000000","4010000","4010300","4010306"],"visuals":{"large":"https:\/\/images.epagine.fr\/489\/9782715925489_1_75.jpg","medium":"https:\/\/images.epagine.fr\/489\/9782715925489_1_m.jpg","thumbnail":"https:\/\/images.epagine.fr\/489\/9782715925489_1_v.jpg"},"orderable":true,"show_badge":true,"formatted_price":"8,00&nbsp;\u20ac","formatted_published_date":"28 janvier 2014","publisher_availability_label":"Sur commande","short_details":"Brgm","translator":null,"weight":370,"page_count":null,"readership":null,"editor":"Brgm","price":800,"published_date":"2014-01-27T23:00:00.000000Z","support":"Grand format","publisher_availability":1,"stock":0,"editions":[],"url":"https:\/\/quaidesbrumes.com\/ouvrage\/9782715925489\/n17-le-littoral"},{"id":"9782908010312","title":"N 20 la boucle du rhone en dauphine","description":"La Boucle du Rh\u00f4ne en Dauphin\u00e9 c'est le territoire commun des peintres paysagistes et de la tortue cistude : les uns pour le myst\u00e8re et la qualit\u00e9 de sa lumi\u00e8re et l'autre pour l'extraordinaire diversit\u00e9 de ses milieux n\u00e9cessaires au bon d\u00e9roulement de sa longue vie.","authors":["Anouk Merlin \/ Jean"],"category_codes":["4000000","4010000","4010300"],"visuals":{"large":"https:\/\/images.epagine.fr\/312\/9782908010312_1_75.jpg","medium":"https:\/\/images.epagine.fr\/312\/9782908010312_1_m.jpg","thumbnail":"https:\/\/images.epagine.fr\/312\/9782908010312_1_v.jpg"},"orderable":true,"show_badge":true,"formatted_price":"6,00&nbsp;\u20ac","formatted_published_date":"1er janvier 2004","publisher_availability_label":"Sur commande","short_details":"Anouk Merlin \/ Jean \u2014 Cren","translator":null,"weight":110,"page_count":null,"readership":null,"editor":"Cren","price":600,"published_date":"2003-12-31T23:00:00.000000Z","support":"Grand format","publisher_availability":1,"stock":0,"editions":[],"url":"https:\/\/quaidesbrumes.com\/ouvrage\/9782908010312\/n-20-la-boucle-du-rhone-en-dauphine"},{"id":"9782715925137","title":"N13 role de l'eau ds systeme terre","description":"Exploration de la question du r\u00f4le de l'eau dans notre plan\u00e8te. Un r\u00f4le primordial jusque dans les plus grandes profondeurs.","authors":[],"category_codes":["4000000","4010000","4010300","4010306"],"visuals":{"large":"https:\/\/images.epagine.fr\/137\/9782715925137_1_75.jpg","medium":"https:\/\/images.epagine.fr\/137\/9782715925137_1_m.jpg","thumbnail":"https:\/\/images.epagine.fr\/137\/9782715925137_1_v.jpg"},"orderable":true,"show_badge":true,"formatted_price":"8,00&nbsp;\u20ac","formatted_published_date":"10 octobre 2011","publisher_availability_label":"Sur commande","short_details":"Brgm","translator":null,"weight":380,"page_count":null,"readership":null,"editor":"Brgm","price":800,"published_date":"2011-10-09T22:00:00.000000Z","support":"Grand format","publisher_availability":1,"stock":0,"editions":[],"url":"https:\/\/quaidesbrumes.com\/ouvrage\/9782715925137\/n13-role-de-leau-ds-systeme-terre"},{"id":"9782844165190","title":"P\u00eache facile en mer","description":"La p\u00eache de loisirs en mer jouit depuis toujours d'une r\u00e9putation de facilit\u00e9 conjugu\u00e9e \u00e0 une suppos\u00e9e abondance de poissons.\r\n S'il est vrai que certains bancs sont particuli\u00e8rement denses, cela ne signifie nullement qu'ils mordent volontiers aux lignes. d\u00e9sormais, pour r\u00e9ussir en mer, il ne suffit plus de jeter une ligne et d'attendre. le p\u00eacheur doit apprendre \u00e0 deviner le fond, \u00e0 conna\u00eetre les esp\u00e8ces de poissons pr\u00e9sentes et \u00e0 d\u00e9duire de ces informations quel montage de ligne adopter et comment proc\u00e9der. c'est ce que pr\u00e9sente cet ouvrage tr\u00e8s illustr\u00e9, qui se veut un guide pour tous, p\u00eacheurs d\u00e9butants ou plus exp\u00e9riment\u00e9s.\r\n Les \u00e9quipements et mat\u00e9riels de base, la pr\u00e9paration et l'utilisation des app\u00e2ts. poisson par poisson, les techniques les plus couramment employ\u00e9es, les montages \u00e0 r\u00e9aliser, les app\u00e2ts \u00e0 utiliser, les postes de p\u00eache. plus de 350 photos et sch\u00e9mas pratiques pour savoir accrocher sa ligne, bien utiliser les app\u00e2ts marins, ma\u00eetriser les touches, etc.","authors":["Arrachard Jean"],"category_codes":["4000000","4010000","4010500","4010502"],"visuals":{"large":"https:\/\/images.epagine.fr\/190\/9782844165190_1_75.jpg","medium":"https:\/\/images.epagine.fr\/190\/9782844165190_1_m.jpg","thumbnail":"https:\/\/images.epagine.fr\/190\/9782844165190_1_v.jpg"},"orderable":true,"show_badge":true,"formatted_price":"19,90&nbsp;\u20ac","formatted_published_date":"7 f\u00e9vrier 2007","publisher_availability_label":"Sur commande","short_details":"Arrachard Jean \u2014 \u00c9ditions Art\u00e9mis","translator":null,"weight":537,"page_count":null,"readership":null,"editor":"\u00c9ditions Art\u00e9mis","price":1990,"published_date":"2007-02-06T23:00:00.000000Z","support":"Grand format","publisher_availability":1,"stock":0,"editions":[],"url":"https:\/\/quaidesbrumes.com\/ouvrage\/9782844165190\/peche-facile-en-mer"},{"id":"9782715925687","title":"N19 la garonne, jeux et enjeux geologiques","description":null,"authors":[],"category_codes":["4000000","4010000","4010300","4010306"],"visuals":{"large":"https:\/\/quaidesbrumes.com\/img\/book-placeholder.png","medium":"https:\/\/quaidesbrumes.com\/img\/book-placeholder.png","thumbnail":"https:\/\/quaidesbrumes.com\/img\/book-placeholder.png"},"orderable":true,"show_badge":true,"formatted_price":"12,00&nbsp;\u20ac","formatted_published_date":"9 novembre 2015","publisher_availability_label":"Sur commande","short_details":"Brgm","translator":null,"weight":429,"page_count":null,"readership":null,"editor":"Brgm","price":1200,"published_date":"2015-11-08T23:00:00.000000Z","support":"Grand format","publisher_availability":1,"stock":0,"editions":[],"url":"https:\/\/quaidesbrumes.com\/ouvrage\/9782715925687\/n19-la-garonne-jeux-et-enjeux-geologiques"},{"id":"9792908010427","title":"N 25 l albanais","description":null,"authors":["Nadege David"],"category_codes":["4000000","4010000","4010300"],"visuals":{"large":"https:\/\/images.epagine.fr\/427\/9792908010427_1_75.jpg","medium":"https:\/\/images.epagine.fr\/427\/9792908010427_1_m.jpg","thumbnail":"https:\/\/images.epagine.fr\/427\/9792908010427_1_v.jpg"},"orderable":true,"show_badge":true,"formatted_price":"6,00&nbsp;\u20ac","formatted_published_date":"1er janvier 2006","publisher_availability_label":"Sur commande","short_details":"Nadege David \u2014 Cren","translator":null,"weight":110,"page_count":null,"readership":null,"editor":"Cren","price":600,"published_date":"2005-12-31T23:00:00.000000Z","support":"Grand format","publisher_availability":1,"stock":0,"editions":[],"url":"https:\/\/quaidesbrumes.com\/ouvrage\/9792908010427\/n-25-l-albanais"},{"id":"9792908010595","title":"N 27 la vallee de l ay","description":null,"authors":["Gilbert Cochet"],"category_codes":["4000000","4010000","4010300"],"visuals":{"large":"https:\/\/images.epagine.fr\/595\/9792908010595_1_75.jpg","medium":"https:\/\/images.epagine.fr\/595\/9792908010595_1_m.jpg","thumbnail":"https:\/\/images.epagine.fr\/595\/9792908010595_1_v.jpg"},"orderable":true,"show_badge":true,"formatted_price":"6,00&nbsp;\u20ac","formatted_published_date":"1er janvier 2009","publisher_availability_label":"Sur commande","short_details":"Gilbert Cochet \u2014 Cren","translator":null,"weight":110,"page_count":null,"readership":null,"editor":"Cren","price":600,"published_date":"2008-12-31T23:00:00.000000Z","support":"Grand format","publisher_availability":1,"stock":0,"editions":[],"url":"https:\/\/quaidesbrumes.com\/ouvrage\/9792908010595\/n-27-la-vallee-de-l-ay"},{"id":"9792908010694","title":"N 28 entre leman et voirons","description":null,"authors":["Aline Breton \/ Pasca"],"category_codes":["4000000","4010000","4010300"],"visuals":{"large":"https:\/\/images.epagine.fr\/694\/9792908010694_1_75.jpg","medium":"https:\/\/images.epagine.fr\/694\/9792908010694_1_m.jpg","thumbnail":"https:\/\/images.epagine.fr\/694\/9792908010694_1_v.jpg"},"orderable":true,"show_badge":true,"formatted_price":"6,00&nbsp;\u20ac","formatted_published_date":"1er janvier 2010","publisher_availability_label":"Sur commande","short_details":"Aline Breton \/ Pasca \u2014 Cren","translator":null,"weight":110,"page_count":null,"readership":null,"editor":"Cren","price":600,"published_date":"2009-12-31T23:00:00.000000Z","support":"Grand format","publisher_availability":1,"stock":0,"editions":[],"url":"https:\/\/quaidesbrumes.com\/ouvrage\/9792908010694\/n-28-entre-leman-et-voirons"},{"id":"9792908010755","title":"N 29 du saleve au vuache","description":null,"authors":["Luc Mery"],"category_codes":["4000000","4010000","4010300"],"visuals":{"large":"https:\/\/images.epagine.fr\/755\/9792908010755_1_75.jpg","medium":"https:\/\/images.epagine.fr\/755\/9792908010755_1_m.jpg","thumbnail":"https:\/\/images.epagine.fr\/755\/9792908010755_1_v.jpg"},"orderable":true,"show_badge":true,"formatted_price":"6,00&nbsp;\u20ac","formatted_published_date":"1er janvier 2010","publisher_availability_label":"Sur commande","short_details":"Luc Mery \u2014 Cren","translator":null,"weight":110,"page_count":null,"readership":null,"editor":"Cren","price":600,"published_date":"2009-12-31T23:00:00.000000Z","support":"Grand format","publisher_availability":1,"stock":0,"editions":[],"url":"https:\/\/quaidesbrumes.com\/ouvrage\/9792908010755\/n-29-du-saleve-au-vuache"},{"id":"9782343233932","title":"Le nucl\u00e9aire subventionn\u00e9 en r\u00e9gions : enqu\u00eate en Pays de la Loire","description":"Les subventions aux entreprises par les \u00c9tats et les collectivit\u00e9s territoriales, ou \u00ab aides d'\u00c9tat \u00bb, sont fortement encadr\u00e9es par la l\u00e9gislation europ\u00e9enne et ses d\u00e9clinaisons nationales. \u00c0 l'issue d'une enqu\u00eate consacr\u00e9e aux entreprises du nucl\u00e9aire, en particulier du nucl\u00e9aire militaire, qui re\u00e7oivent des subventions du Conseil r\u00e9gional des Pays de la Loire, il semble que cette collectivit\u00e9 territoriale ne respecte pas la r\u00e9glementation sur les aides d'\u00c9tat en mati\u00e8re de recherche, d\u00e9veloppement et innovation (RDI). L'enjeu est important car ce subventionnement, qui pr\u00e9tend servir au d\u00e9veloppement des \u00e9nergies renouvelables, sert en r\u00e9alit\u00e9 de rente \u00e0 des industriels d'un secteur en d\u00e9clin. Cette question du subventionnement des entreprises du nucl\u00e9aire se pose dans d'autres r\u00e9gions, en particulier avec le CEA, et risque de se poser \u00e0 l'avenir \u00e0 une \u00e9chelle encore plus large que la seule RDI, notamment avec les projets de nouveaux r\u00e9acteurs nucl\u00e9aires. Cet ouvrage peut aussi servir \u00e0 \u00e9valuer la r\u00e9gularit\u00e9 de n'importe quelle subvention publique accord\u00e9e \u00e0 une entreprise. Son contenu int\u00e9ressera aussi bien les politiques que le grand public.","authors":["Damien Renault","Mich\u00e8le Rivasi"],"category_codes":["4000000","4010000","4010200"],"visuals":{"large":"https:\/\/images.epagine.fr\/932\/9782343233932_1_75.jpg","medium":"https:\/\/images.epagine.fr\/932\/9782343233932_1_m.jpg","thumbnail":"https:\/\/images.epagine.fr\/932\/9782343233932_1_v.jpg"},"orderable":true,"show_badge":true,"formatted_price":"21,00&nbsp;\u20ac","formatted_published_date":"2 septembre 2021","publisher_availability_label":"Sur commande","short_details":"Damien Renault, Mich\u00e8le Rivasi \u2014 \u00c9ditions L'Harmattan","translator":null,"weight":286,"page_count":174,"readership":null,"editor":"\u00c9ditions L'Harmattan","price":2100,"published_date":"2021-09-01T22:00:00.000000Z","support":"Grand format","publisher_availability":1,"stock":0,"editions":[],"url":"https:\/\/quaidesbrumes.com\/ouvrage\/9782343233932\/le-nucleaire-subventionne-en-regions-enquete-en-pays-de-la-loire"},{"id":"9782915031416","title":"Profitez de la nature dans les alpes","description":"Qui vit dans les alpes vit entour\u00e9 de nature.\r\n Et c'est une v\u00e9ritable chance, car cette nature nous offre la possibilit\u00e9 de vivre proche d'elle de fa\u00e7ons bien diff\u00e9rentes.  en observant ses richesses, qu'elles soient florales ou animales, en cueillant les quelques plantes ou fruits qu'elle met \u00e0 notre disposition, en nous laissant une place pour l'aider ou la comprendre.  c'est ce que l'auteur nous propose de vivre mois par mois, saison par saison.\r\n Des gestes les plus simples aux savoirs les plus \u00e9tonnants, en passant par des utilisations originales de respectueuses glanes, philippe mulatier nous livre ses exp\u00e9riences et ses promenades pour vivre une ann\u00e9e compl\u00e8te au coeur de la nature alpine.  un guide \u00e0 offrir ou \u00e0 s'offrir, riche en id\u00e9es de buts de balades, que l'on feuillette avant de sortir se promener en automne, en hiver, au printemps ou en \u00e9t\u00e9.","authors":["P. Mulatier"],"category_codes":["4000000","4010000","4010300","4010302"],"visuals":{"large":"https:\/\/images.epagine.fr\/416\/9782915031416_1_75.jpg","medium":"https:\/\/images.epagine.fr\/416\/9782915031416_1_m.jpg","thumbnail":"https:\/\/images.epagine.fr\/416\/9782915031416_1_v.jpg"},"orderable":true,"show_badge":true,"formatted_price":"20,29&nbsp;\u20ac","formatted_published_date":"27 avril 2006","publisher_availability_label":"Sur commande","short_details":"P. Mulatier \u2014 Tetras","translator":null,"weight":450,"page_count":175,"readership":null,"editor":"Tetras","price":2029,"published_date":"2006-04-26T22:00:00.000000Z","support":"Grand format","publisher_availability":1,"stock":0,"editions":[],"url":"https:\/\/quaidesbrumes.com\/ouvrage\/9782915031416\/profitez-de-la-nature-dans-les-alpes"},{"id":"9782715909984","title":"N5 geosciences et sante","description":null,"authors":[],"category_codes":["4000000","4010000","4010300","4010306"],"visuals":{"large":"https:\/\/images.epagine.fr\/984\/9782715909984_1_75.jpg","medium":"https:\/\/images.epagine.fr\/984\/9782715909984_1_m.jpg","thumbnail":"https:\/\/images.epagine.fr\/984\/9782715909984_1_v.jpg"},"orderable":true,"show_badge":true,"formatted_price":"8,00&nbsp;\u20ac","formatted_published_date":"30 mars 2007","publisher_availability_label":"Sur commande","short_details":"Brgm","translator":null,"weight":397,"page_count":null,"readership":null,"editor":"Brgm","price":800,"published_date":"2007-03-29T22:00:00.000000Z","support":"Grand format","publisher_availability":1,"stock":0,"editions":[],"url":"https:\/\/quaidesbrumes.com\/ouvrage\/9782715909984\/n5-geosciences-et-sante"},{"id":"9782715925670","title":"N18 les sols","description":null,"authors":[],"category_codes":["4000000","4010000","4010300","4010306"],"visuals":{"large":"https:\/\/quaidesbrumes.com\/img\/book-placeholder.png","medium":"https:\/\/quaidesbrumes.com\/img\/book-placeholder.png","thumbnail":"https:\/\/quaidesbrumes.com\/img\/book-placeholder.png"},"orderable":true,"show_badge":true,"formatted_price":"8,00&nbsp;\u20ac","formatted_published_date":"23 novembre 2016","publisher_availability_label":"Sur commande","short_details":"Brgm","translator":null,"weight":340,"page_count":null,"readership":null,"editor":"Brgm","price":800,"published_date":"2016-11-22T23:00:00.000000Z","support":"Grand format","publisher_availability":1,"stock":0,"editions":[],"url":"https:\/\/quaidesbrumes.com\/ouvrage\/9782715925670\/n18-les-sols"}]}