{"data":[{"id":"9782336426693","title":"Compr\u00e9hension des espaces aquatiques en Afrique subsaharienne Tome 2 : Anthropisation et dynamique des espaces aquatiques en Afrique subsaharienne","description":"Comparable \u00e0 une artificialisation des milieux naturels, l'anthropisation des espaces est la transformation de l'environnement par la pr\u00e9sence des hommes et leurs actions. En marge de leur fragilit\u00e9 et relativement \u00e0 la complexit\u00e9 de leurs modes de gestion \u00e9tudi\u00e9e dans le Tome 1, les espaces aquatiques en Afrique subsaharienne subissent une influence consid\u00e9rable des actions humaines. M\u00eame si l'on rel\u00e8ve dans le Tome 2 des points positifs traduits par l'installation d'activit\u00e9s \u00e9conomiques propices au d\u00e9veloppement, l'on y note \u00e9galement des effets n\u00e9fastes au milieu.    \r\nLe volume 2 de l'ouvrage expose les occupations humaines dans les espaces aquatiques de l'Afrique subsaharienne et \u00e9value l'impact de ces installations dans lesdits espaces. Les r\u00e9flexions ici men\u00e9es par les experts s'adressent aux \u00e9tudiants, enseignants et d\u00e9cideurs soucieux du d\u00e9veloppement durable.","authors":["Adon Simon Affessi","Nanan K. F\u00e9lix Kouadio","C\u00e9line yolande Koffie-bikpo"],"category_codes":["4000000","4010000","4010200","4010208"],"visuals":{"large":"https:\/\/images.epagine.fr\/693\/9782336426693_1_75.jpg","medium":"https:\/\/images.epagine.fr\/693\/9782336426693_1_m.jpg","thumbnail":"https:\/\/images.epagine.fr\/693\/9782336426693_1_v.jpg"},"orderable":true,"show_badge":true,"formatted_price":"25,00&nbsp;\u20ac","formatted_published_date":"7 novembre 2024","publisher_availability_label":"Sur commande","short_details":"Adon Simon Affessi, Nanan K. F\u00e9lix Kouadio, C\u00e9line yolande Koffie-bikpo \u2014 \u00c9ditions L'Harmattan","translator":null,"weight":357,"page_count":234,"readership":null,"editor":"\u00c9ditions L'Harmattan","price":2500,"published_date":"2024-11-06T23:00:00.000000Z","support":"Grand format","publisher_availability":1,"stock":0,"editions":[],"url":"https:\/\/quaidesbrumes.com\/ouvrage\/9782336426693\/comprehension-des-espaces-aquatiques-en-afrique-subsaharienne-tome-2-anthropisation-et-dynamique-des-espaces-aquatiques-en-afrique-subsaharienne"},{"id":"9782336426662","title":"Compr\u00e9hension des espaces aquatiques en Afrique subsaharienne Tome 1 : La gouvernance des espaces aquatiques en Afrique subsaharienne","description":"Longtemps rest\u00e9s en marge des activit\u00e9s \u00e9conomiques dans une soci\u00e9t\u00e9 \u00e0 vocation agricole, les espaces aquatiques en Afrique subsaharienne sont inlassablement apparus comme des milieux sans ma\u00eetre. Ce n'est qu'au milieu du XIX\u00e8me si\u00e8cle, parall\u00e8lement \u00e0 la Conf\u00e9rence de Gen\u00e8ve sur le droit de la mer (1958-1960), que les premiers textes r\u00e9gissant ces zones vont voir le jour. Cette approche tardive de la gouvernance des espaces aquatiques, rythm\u00e9e de crises politico-militaires, sanitaires et climatiques, engendre une diversit\u00e9 de syst\u00e8mes de gestion parfois en interaction \u00e0 l'instar des recherches propos\u00e9es dans le Tome 1.  Concomitamment \u00e0 ces faiblesses, l'on assiste notamment dans le Tome 2, \u00e0 des installations et exploitations incontr\u00f4l\u00e9es de populations \u00e0 l'int\u00e9rieur et sur les pourtours desdits espaces.\r\nLe premier volume de l'ouvrage fait une analyse de la gouvernance des milieux aquatiques en abordant non seulement les strat\u00e9gies de gestion et d'utilisation des zones aquatiques mais en proposant \u00e9galement des m\u00e9thodes de mise en valeur desdites zones pour un d\u00e9veloppement harmonieux. Il se propose ainsi de procurer aux lecteurs et d\u00e9cideurs, un ensemble d'informations relatives \u00e0 la question de gestion et d'utilisation durable des espaces aquatiques.","authors":["Adon Simon Affessi","Nanan K. F\u00e9lix Kouadio","C\u00e9line yolande Koffie-bikpo"],"category_codes":["4000000","4010000","4010200","4010208"],"visuals":{"large":"https:\/\/images.epagine.fr\/662\/9782336426662_1_75.jpg","medium":"https:\/\/images.epagine.fr\/662\/9782336426662_1_m.jpg","thumbnail":"https:\/\/images.epagine.fr\/662\/9782336426662_1_v.jpg"},"orderable":true,"show_badge":true,"formatted_price":"28,00&nbsp;\u20ac","formatted_published_date":"7 novembre 2024","publisher_availability_label":"Sur commande","short_details":"Adon Simon Affessi, Nanan K. F\u00e9lix Kouadio, C\u00e9line yolande Koffie-bikpo \u2014 \u00c9ditions L'Harmattan","translator":null,"weight":414,"page_count":272,"readership":null,"editor":"\u00c9ditions L'Harmattan","price":2800,"published_date":"2024-11-06T23:00:00.000000Z","support":"Grand format","publisher_availability":1,"stock":0,"editions":[],"url":"https:\/\/quaidesbrumes.com\/ouvrage\/9782336426662\/comprehension-des-espaces-aquatiques-en-afrique-subsaharienne-tome-1-la-gouvernance-des-espaces-aquatiques-en-afrique-subsaharienne"},{"id":"9791040538110","title":"Vers une nature authentique","description":"Et si nous avions besoin d'une nature authentique ? Si nous avions besoin de la pr\u00e9sence d'une nature v\u00e9ritablement sauvage et immense qui ne serait pas limit\u00e9e aux confins montagneux de notre pays ? Alors que le concept de r\u00e9ensauvagement fait peu \u00e0 peu son chemin dans une grande partie de l'Europe, il demeure presque un parfait inconnu en France. D'ailleurs qu'est-ce que le r\u00e9ensauvagement au juste ? Qu'apporterait-il \u00e0 nos r\u00e9gions ? \u00c0 l'heure des pol\u00e9miques sans fin sur la pr\u00e9sence des grands pr\u00e9dateurs en France, de l'effondrement des \u00e9cosyst\u00e8mes et de la rar\u00e9faction de notre faune autochtone, ce livre vient dresser un panorama de l'\u00e9tat de nos espaces naturels et explorer des solutions d'avenir pour la mise en place d'une reconstitution globale du monde sauvage dans nos contr\u00e9es. Il aborde pour ce faire des th\u00e8mes fascinants parmi lesquels le retour du loup, les for\u00eats primaires d'antan ou encore la recr\u00e9ation d'esp\u00e8ces \u00e9teintes. Apr\u00e8s avoir pouss\u00e9 les individus dans leurs retranchements, nul doute que le monde moderne poussera les esprits les plus aventureux et les plus innovants dans une qu\u00eate vivifiante pour la beaut\u00e9, pour le renouveau et pour la libert\u00e9. Une qu\u00eate pour la Nature authentique.","authors":["Vincent Guermonprez"],"category_codes":["4000000","4010000","4010200","4010204"],"visuals":{"large":"https:\/\/images.epagine.fr\/110\/9791040538110_1_75.jpg","medium":"https:\/\/images.epagine.fr\/110\/9791040538110_1_m.jpg","thumbnail":"https:\/\/images.epagine.fr\/110\/9791040538110_1_v.jpg"},"orderable":true,"show_badge":true,"formatted_price":"19,90&nbsp;\u20ac","formatted_published_date":"11 d\u00e9cembre 2023","publisher_availability_label":"Sur commande","short_details":"Vincent Guermonprez \u2014 Librinova","translator":null,"weight":370,"page_count":317,"readership":null,"editor":"Librinova","price":1990,"published_date":"2023-12-10T23:00:00.000000Z","support":"Grand format","publisher_availability":1,"stock":0,"editions":[],"url":"https:\/\/quaidesbrumes.com\/ouvrage\/9791040538110\/vers-une-nature-authentique"},{"id":"9782840681281","title":"Epanouissement Abc : Le Po\u00e8me de Marcel Duchamp","description":null,"authors":["Jean Suquet"],"category_codes":["4000000","4010000","4010200","4010207"],"visuals":{"large":"https:\/\/images.epagine.fr\/281\/9782840681281_1_75.jpg","medium":"https:\/\/images.epagine.fr\/281\/9782840681281_1_m.jpg","thumbnail":"https:\/\/images.epagine.fr\/281\/9782840681281_1_v.jpg"},"orderable":true,"show_badge":true,"formatted_price":"10,70&nbsp;\u20ac","formatted_published_date":"4 mai 2001","publisher_availability_label":"Sur commande","short_details":"Jean Suquet \u2014 L'Echoppe","translator":null,"weight":96,"page_count":null,"readership":null,"editor":"L'Echoppe","price":1070,"published_date":"2001-05-03T22:00:00.000000Z","support":"Grand format","publisher_availability":1,"stock":0,"editions":[],"url":"https:\/\/quaidesbrumes.com\/ouvrage\/9782840681281\/epanouissement-abc-le-poeme-de-marcel-duchamp"},{"id":"9780345439192","title":"THE NATURE OF ANIMAL HEALING","description":"A pioneering revolutionary prescription for the health and long life of your pets   For two decades, Dr. Martin Goldstein--America's most successful, renowned holistic veterinarian--has healed and helped his animal patients with the same natural therapies that benefit humans. The results have been so astounding that today critically sick pets are brought to him from across the country for a new chance at life and health.  In this compelling, very accessible book, Dr. Goldstein explains exactly what holistic medicine is and how it works. By treating the root of a health problem instead of its symptoms, you too can help your animal to regain and maintain its own health, as nature intended. Dr. Goldstein also shares many remarkable true stories of supposedly terminally ill animals who have recovered to full wellness. Inside you'll discover   Why our animals get sick, even when we strive to give them the best of care  An exhaustive A to Z guide of pet ailments--and the best course of action  Why vaccines can do more harm than good  The link between diet and disease--and how the right diet can not only prevent disease but reverse it  How acupuncture, homeopathy, chiropractic, and other alternative options work--safely and painlessly--to restore true health  Specific guidance for the use of herbs, supplements, and natural remedies  The good news (and the bad) about cancer in animals--including extraordinary new treatments and potential cures  Coping with the inevitable death of your pet--both physically and psychologically  And much, much more  Plus--the ultimate resource for holistic pet care: an extensive guide to holistic product manufacturers and stores, books, newsletters, Web sites, veterinarians, and associations!","authors":["Martin Goldstein"],"category_codes":["4000000","4010000","4010300"],"visuals":{"large":"https:\/\/images.epagine.fr\/192\/9780345439192_1_75.jpg","medium":"https:\/\/images.epagine.fr\/192\/9780345439192_1_m.jpg","thumbnail":"https:\/\/images.epagine.fr\/192\/9780345439192_1_v.jpg"},"orderable":true,"show_badge":true,"formatted_price":"21,30&nbsp;\u20ac","formatted_published_date":"6 juin 2000","publisher_availability_label":"Sur commande","short_details":"Martin Goldstein \u2014 Ballantine US","translator":null,"weight":283,"page_count":368,"readership":null,"editor":"Ballantine US","price":2130,"published_date":"2000-06-05T22:00:00.000000Z","support":"Grand format","publisher_availability":1,"stock":0,"editions":[],"url":"https:\/\/quaidesbrumes.com\/ouvrage\/9780345439192\/the-nature-of-animal-healing"},{"id":"9782140323959","title":"Gestion des d\u00e9chets dans les villes d'Afrique : r\u00e9duire recycler r\u00e9utiliser 3R, valorisation pour la production d'\u00e9lectricit\u00e9 et autres applications","description":"L'Afrique est aujourd'hui confront\u00e9e \u00e0 un curieux paradoxe : l'abondance des d\u00e9chets et l'insuffisance de la couverture en \u00e9nergie \u00e9lectrique entra\u00eenant des d\u00e9lestages ou des rationnements intempestifs des m\u00e9nages, des services publics, des entreprises, alors m\u00eame que l'on pourrait utiliser ceux-ci pour en produire celui-l\u00e0. Or il existe des r\u00e9ponses juridiques, politiques, scientifiques et technologiques \u00e0 la difficile \u00e9quation qui met en relation les d\u00e9chets et le d\u00e9ficit \u00e9nerg\u00e9tique. Les solutions traditionnelles ont clairement montr\u00e9 leurs limites par leurs co\u00fbts exorbitants et le d\u00e9sastre qu'elles cr\u00e9ent pour l'environnement. L'auteur propose des solutions nouvelles, telle la transformation des d\u00e9chets des villes et communes d'Afrique en \u00e9nergie, qu'il s'agisse du biogaz ou de l'\u00e9lectricit\u00e9. Cela donne tout son sens \u00e0 la formule de Lavoisier : \u00ab Rien ne se perd, rien ne se cr\u00e9e, tout se transforme \u00bb.","authors":["Michel Boukar","Maurice Kamto"],"category_codes":["4000000","4010000","4010200","4010208"],"visuals":{"large":"https:\/\/images.epagine.fr\/959\/9782140323959_1_75.jpg","medium":"https:\/\/images.epagine.fr\/959\/9782140323959_1_m.jpg","thumbnail":"https:\/\/images.epagine.fr\/959\/9782140323959_1_v.jpg"},"orderable":true,"show_badge":true,"formatted_price":"31,00&nbsp;\u20ac","formatted_published_date":"28 mars 2023","publisher_availability_label":"Sur commande","short_details":"Michel Boukar, Maurice Kamto \u2014 \u00c9ditions L'Harmattan","translator":null,"weight":473,"page_count":282,"readership":null,"editor":"\u00c9ditions L'Harmattan","price":3100,"published_date":"2023-03-27T22:00:00.000000Z","support":"Grand format","publisher_availability":1,"stock":0,"editions":[],"url":"https:\/\/quaidesbrumes.com\/ouvrage\/9782140323959\/gestion-des-dechets-dans-les-villes-dafrique-reduire-recycler-reutiliser-3r-valorisation-pour-la-production-delectricite-et-autres-applications"},{"id":"9782312141763","title":"Petit guide des oiseaux de Kabylie","description":"Dans ce petit guide, facile d'acc\u00e8s, qui s'adresse \u00e0 tous, Houria Tas pr\u00e9sente, sous forme de fiches, 45 oiseaux sauvages que l'on trouve en Kabylie. Certains comme la sittelle sont s\u00e9dentaires et d'autres migrateurs comme la cigogne et l'hirondelle. Ce livre s'ouvre sur trois planches concernant la morphologie, l'envergure et la longueur et les types de becs des oiseaux. Il se termine par un glossaire et un index des noms kabyles des oiseaux. Chaque fiche donne le nom en fran\u00e7ais de l'oiseau, puis son nom ou ses noms en kabyle selon les r\u00e9gions, sa famille et son nom scientifique en latin. Apr\u00e8s une description de l'oiseau et de son mode de vie, la fiche s'ach\u00e8ve par une ouverture culturelle. Toute personne qui s'int\u00e9resse de pr\u00e8s ou de loin aux oiseaux trouvera certainement un int\u00e9r\u00eat \u00e0 lire ce livre.","authors":["Houria Tas","Idir Tas"],"category_codes":["4000000","4010000","4010300"],"visuals":{"large":"https:\/\/images.epagine.fr\/763\/9782312141763_1_75.jpg","medium":"https:\/\/images.epagine.fr\/763\/9782312141763_1_m.jpg","thumbnail":"https:\/\/images.epagine.fr\/763\/9782312141763_1_v.jpg"},"orderable":true,"show_badge":true,"formatted_price":"15,00&nbsp;\u20ac","formatted_published_date":"8 janvier 2024","publisher_availability_label":"Sur commande","short_details":"Houria Tas, Idir Tas \u2014 Editions du Net","translator":null,"weight":139,"page_count":124,"readership":null,"editor":"Editions du Net","price":1500,"published_date":"2024-01-07T23:00:00.000000Z","support":"Poche","publisher_availability":1,"stock":0,"editions":[],"url":"https:\/\/quaidesbrumes.com\/ouvrage\/9782312141763\/petit-guide-des-oiseaux-de-kabylie"},{"id":"9782957915804","title":"La face cach\u00e9e de la 5G","description":"Que savons-nous vraiment du fonctionnement de la \"5G\" et de son impact sur la population ? La \"5G\" est-elle une simple version \"augment\u00e9e\" qui succ\u00e8de \u00e0 la pr\u00e9c\u00e9dente g\u00e9n\u00e9ration de r\u00e9seau mobile \"4G\", comme son nom le laisse entendre ? ou bien sommes-nous \u00e0 un tournant technologique ? Ce sont l\u00e0 quelques-unes des questions auxquelles l'auteur s'est employ\u00e9 \u00e0 r\u00e9pondre \u00e0 la lumi\u00e8re notamment des connaissances cumul\u00e9es au fil des tests et mesures qu'il a \u00e9t\u00e9 amen\u00e9s \u00e0 r\u00e9aliser en conditions r\u00e9elles.\r\nDeuxi\u00e8me ouvrage \u00e9crit par l'auteur sur les pollutions \u00e9lectromagn\u00e9tiques, ce guide s'adresse \u00e0 tout esprit curieux qui souhaite lever le voile, en toute transparence, sur cette nouvelle technologie qu'est la 5G, mais aussi \u00e0 toute personne, novice ou non, souhaitant s'engager dans une d\u00e9marche de sobri\u00e9t\u00e9, ou encore d'hygi\u00e8ne \u00e9lectromagn\u00e9tique pour le plus grand b\u00e9n\u00e9fice de tous. Cet ouvrage, dont le contenu technique a le m\u00e9rite de rester abordable, se veut r\u00e9solument pragmatique et orient\u00e9 vers des solutions concr\u00e8tes pour se prot\u00e9ger efficacement des ondes au quotidien.\r\nAnim\u00e9 par une franche volont\u00e9 de partager le fruit de son exp\u00e9rience de terrain, l'auteur \u00e9claire pas \u00e0 pas le lecteur en lui donnant les moyens de faire librement des choix inform\u00e9s et un usage raisonn\u00e9 des technologies sans fil, et non plus de subir leurs avanc\u00e9es de fa\u00e7on contrainte ou avec fatalisme. L'auteur \u00e9voque \u00e9galement les grands enjeux soci\u00e9taux et r\u00e9percutions de la 5G sur nos vies, autre versant de cette technologie.","authors":["David Bruno","Mich\u00e8le Rivasi"],"category_codes":["4000000","4010000","4010200","4010208"],"visuals":{"large":"https:\/\/quaidesbrumes.com\/img\/book-placeholder.png","medium":"https:\/\/quaidesbrumes.com\/img\/book-placeholder.png","thumbnail":"https:\/\/quaidesbrumes.com\/img\/book-placeholder.png"},"orderable":true,"show_badge":true,"formatted_price":"26,00&nbsp;\u20ac","formatted_published_date":"1er f\u00e9vrier 2022","publisher_availability_label":"Sur commande","short_details":"David Bruno, Mich\u00e8le Rivasi \u2014 Gaebele","translator":null,"weight":378,"page_count":148,"readership":null,"editor":"Gaebele","price":2600,"published_date":"2022-01-31T23:00:00.000000Z","support":"Grand format","publisher_availability":1,"stock":0,"editions":[],"url":"https:\/\/quaidesbrumes.com\/ouvrage\/9782957915804\/la-face-cachee-de-la-5g"},{"id":"9782889151059","title":"Dans les abysses du L\u00e9man","description":"Nich\u00e9 entre la Suisse et la France, le L\u00e9man, aussi appel\u00e9 le Lac de Gen\u00e8ve, est l'un des lacs les plus connus au monde. Si sa surface est arpent\u00e9e par l'homme depuis des mill\u00e9naires, ses profondeurs demeurent au contraire un v\u00e9ritable myst\u00e8re. Dans l'espoir que le L\u00e9man d\u00e9voile enfin certains de ses secrets, des scientifiques suisses et internationaux se sont aventur\u00e9s \u00e0 bord des sous-marins russes MIR dans les parties les plus profondes du lac, \"l'abysse\". \r\n\r\nAu cours de l'\u00e9t\u00e9 2011 et dans le cadre du projet interdisciplinaire elemo, les chercheurs ont pu observer la morphologie surprenante des fonds \u00e0 travers les hublots, r\u00e9colter des \u00e9chantillons des esp\u00e8ces microscopiques extraordinaires qui y vivent, tracer les chemins \u00e9tonnants et les origines des polluants, et mettre \u00e0 rude \u00e9preuve des instruments qu'ils avaient eux-m\u00eames d\u00e9velopp\u00e9s. L'objectif : mieux comprendre les dynamiques de l'abysse et son effet sur l'\u00e9cosyst\u00e8me du lac. Une mission vitale, car le L\u00e9man est le plus grand r\u00e9servoir d'eau douce d'Europe occidentale et une source principale d'eau potable pour ses centaines de milliers de riverains. Il y va donc de la sant\u00e9 de tous, y compris de celle du lac. \r\n\r\nC'est \u00e0 cette immersion en eaux profondes et sans pr\u00e9c\u00e9dent que cet ouvrage vous invite, en retra\u00e7ant ce voyage remarquable au coeur de l'abysse.","authors":["Lemmin Ulrich"],"category_codes":["4000000","4010000","4010300","4010304"],"visuals":{"large":"https:\/\/images.epagine.fr\/059\/9782889151059_1_75.jpg","medium":"https:\/\/images.epagine.fr\/059\/9782889151059_1_m.jpg","thumbnail":"https:\/\/images.epagine.fr\/059\/9782889151059_1_v.jpg"},"orderable":true,"show_badge":true,"formatted_price":"34,50&nbsp;\u20ac","formatted_published_date":"2 mai 2016","publisher_availability_label":"Sur commande","short_details":"Lemmin Ulrich \u2014 PPUR","translator":null,"weight":432,"page_count":238,"readership":null,"editor":"PPUR","price":3450,"published_date":"2016-05-01T22:00:00.000000Z","support":"Grand format","publisher_availability":1,"stock":0,"editions":[],"url":"https:\/\/quaidesbrumes.com\/ouvrage\/9782889151059\/dans-les-abysses-du-leman"},{"id":"9782344015476","title":"L'Alpe n.74 : mines et mineurs","description":"Pour f\u00eater sa majorit\u00e9 (dix-huit ans d\u00e9j\u00e0 !), L'Alpe met en lumi\u00e8re le travail des mineurs, qui ont tir\u00e9 argent, cuivre, sel ou fer des veines des massifs, forgeant, chemin faisant, cultures et paysages.\r\n\r\nIci, c'est une corde large comme le bras, capable de soulever une tonne, qui est d\u00e9couverte dans un boyau. L\u00e0, une protection pour les mains. Toutes deux datent de l'\u00e2ge du bronze. Plus vieux encore, puisque remontant au N\u00e9olithique, ce pic en bois de cervid\u00e9. Depuis sept mille ans, les mines de sel d'Hallstatt en Autriche sont exploit\u00e9es. Les richesses retrouv\u00e9es sur le site sont telles que le nom d'Hallstatt a \u00e9t\u00e9 choisi pour d\u00e9signer la premi\u00e8re culture de l'\u00e2ge du fer.\r\nEn marche depuis la pr\u00e9histoire, les extractions de minerais dans l'arc alpin ont connu des fortunes diverses. Du Moyen-\u00c2ge au si\u00e8cle des Lumi\u00e8res, le massif est un des principaux creusets en Europe, le Tyrol notamment. On y compte au XVIe si\u00e8cle plus de cinquante mille mineurs, dont le savoir-faire est d\u00e9crit en enluminures dans le Schwazer Bergbuch, une mine de beaut\u00e9 et d'informations. Les Alpes fran\u00e7aises ne sont pas en reste. Du XIIe au XIVe si\u00e8cle, on extrait par exemple de l'argent des mines de Brandes, \u00e0 plus de 1 800 m\u00e8tres d'altitude, pr\u00e8s de l'Alpe d'Huez, pour le compte du dauphin, qui financera ainsi l'\u00e9l\u00e9vation de l'\u00e9glise Saint-Andr\u00e9 de Grenoble... On le sait peu, mais la prestigieuse \u00e9cole parisienne des mines a des origines alpines puisque au d\u00e9but du XIXe si\u00e8cle, durant le Premier Empire, c'est \u00e0 Peisey en Savoie, pr\u00e8s de filons de plomb argentif\u00e8re, qu'elle est install\u00e9e.\r\nDerri\u00e8re l'exploitation de ces mines, il y a des hommes bien s\u00fbr. Tel Ignaz Rojacher (1844-1891), cet Autrichien g\u00e9nial, fils de paysan, qui prendra la direction d'une mine d'or dans le land de Salzbourg. \u00c0 l'aff\u00fbt de tout progr\u00e8s technologique, il apporte le t\u00e9l\u00e9phone et l'\u00e9lectricit\u00e9 dans cette vall\u00e9e recul\u00e9e de Rauris, alors que dans le ch\u00e2teau de Sch\u00f6nbrunn, on d\u00eenait encore aux chandelles. Autre talent, celui de Robert Ibanez, un mineur-sculpteur matheysin (n\u00e9 en 1931), souvent compar\u00e9 au facteur Cheval, dont les oeuvres fa\u00e7onn\u00e9es \u00e0 partir de morceaux de ferraille, de bois, sont autant de cris, d'\u00e9chos \u00e0 sa vie dans les houill\u00e8res et aux combats sociaux qui s' y sont parfois si \u00e2prement d\u00e9roul\u00e9s.\r\n\r\nCe num\u00e9ro de L'Alpe ne pouvait se refermer sur le seul massif alpin. Il montre aussi en images, \u00e0 travers le travail photographique de Charles Delcourt, ces \u00ab faces nord \u00bb que forment les terrils du bassin minier lensois dans le Pas-de-Calais. Une alpe d' ailleurs...","authors":["Collectif"],"category_codes":["4000000","4010000","4010300","4010305"],"visuals":{"large":"https:\/\/images.epagine.fr\/476\/9782344015476_1_75.jpg","medium":"https:\/\/images.epagine.fr\/476\/9782344015476_1_m.jpg","thumbnail":"https:\/\/images.epagine.fr\/476\/9782344015476_1_v.jpg"},"orderable":true,"show_badge":true,"formatted_price":"18,00&nbsp;\u20ac","formatted_published_date":"7 septembre 2016","publisher_availability_label":"Sur commande","short_details":"Collectif \u2014 Gl\u00e9nat","translator":null,"weight":520,"page_count":96,"readership":null,"editor":"Gl\u00e9nat","price":1800,"published_date":"2016-09-06T22:00:00.000000Z","support":"Revue","publisher_availability":1,"stock":0,"editions":[],"url":"https:\/\/quaidesbrumes.com\/ouvrage\/9782344015476\/lalpe-n74-mines-et-mineurs"},{"id":"9782140326905","title":"Transition \u00e9cologique en contexte africain","description":"La majorit\u00e9 des gouvernants africains g\u00e8re les crises \u00e9cologiques sous le prisme de l'urgence. Sans anticipation r\u00e9elle, les Africains pr\u00e9sentent une certaine vuln\u00e9rabilit\u00e9 face au p\u00e9ril \u00e9cologique. C'est donc le refus d'\u00eatre toujours dans la r\u00e9action qui justifie la r\u00e9flexion sur \u00ab la transition \u00e9cologique en contexte africain \u00bb. Les articles sont en lien avec le paradigme ethno\u00e9cologique de la sacralit\u00e9 \u00e9cologique des africains en g\u00e9n\u00e9ral, et de la for\u00eat sacr\u00e9e en particulier, la r\u00e9orientation des pratiques agricoles pour une transition foresti\u00e8re, les enjeux s\u00e9curitaires et \u00e9cologiques li\u00e9s \u00e0 la gestion des conflits arm\u00e9s, la sauvegarde des parcs nationaux comme ressources \u00e9cologique, climatique, touristique, \u00e9conomique, etc., par le truchement du Parc National de la Como\u00e9 et la transmission de la culture de la bonne gestion des d\u00e9chets m\u00e9nagers.","authors":["Tanoh Rapha\u00ebl Bekoin","Assouman Bamba"],"category_codes":["4000000","4010000","4010200","4010204"],"visuals":{"large":"https:\/\/images.epagine.fr\/905\/9782140326905_1_75.jpg","medium":"https:\/\/images.epagine.fr\/905\/9782140326905_1_m.jpg","thumbnail":"https:\/\/images.epagine.fr\/905\/9782140326905_1_v.jpg"},"orderable":true,"show_badge":true,"formatted_price":"17,00&nbsp;\u20ac","formatted_published_date":"21 f\u00e9vrier 2023","publisher_availability_label":"Sur commande","short_details":"Tanoh Rapha\u00ebl Bekoin, Assouman Bamba \u2014 \u00c9ditions L'Harmattan","translator":null,"weight":210,"page_count":230,"readership":null,"editor":"\u00c9ditions L'Harmattan","price":1700,"published_date":"2023-02-20T23:00:00.000000Z","support":"Grand format","publisher_availability":1,"stock":0,"editions":[],"url":"https:\/\/quaidesbrumes.com\/ouvrage\/9782140326905\/transition-ecologique-en-contexte-africain"},{"id":"9782760561038","title":"Les exigences ESG : La maximisation du bien-\u00eatre collectif","description":"Longtemps salu\u00e9es comme des \u00ab?moteurs du progr\u00e8s?\u00bb, les entreprises font aujourd'hui l'objet de vives critiques. On leur reproche d'exploiter abusivement des ressources naturelles, de d\u00e9grader les \u00e9cosyst\u00e8mes jusqu'\u00e0 leur point de rupture et d'influencer les politiques publiques \u00e0 des fins d'int\u00e9r\u00eat priv\u00e9. Les cons\u00e9quences de ces pratiques sont d\u00e9sastreuses?: elles nuisent gravement \u00e0 la sant\u00e9 humaine, fragilisent l'\u00e9conomie globale et compromettent la coh\u00e9sion sociale.\r\n\r\nFace \u00e0 cette r\u00e9alit\u00e9 alarmante, les entreprises ne peuvent plus ignorer les effets destructeurs de leurs actions ni poursuivre leurs activit\u00e9s comme si de rien n'\u00e9tait. Les ressources naturelles s'\u00e9puisent et la r\u00e9silience de l'humanit\u00e9 semble atteindre ses limites.\r\n\r\nLes exigences ESG met en lumi\u00e8re l'ampleur alarmante de la d\u00e9gradation de la plan\u00e8te, r\u00e9sultat d'une qu\u00eate effr\u00e9n\u00e9e de profits imm\u00e9diats, souvent d\u00e9nu\u00e9e de toute vision \u00e0 long terme. Cet ouvrage pr\u00f4ne une refonte radicale des paradigmes \u00e9conomiques et plaide pour l'int\u00e9gration des crit\u00e8res environnementaux, sociaux et de gouvernance (ESG) dans la gestion des entreprises.\r\n\r\nAu-del\u00e0 des th\u00e9ories, ce livre propose des solutions concr\u00e8tes et des outils pratiques pour \u00e9valuer et g\u00e9rer les risques li\u00e9s aux crit\u00e8res ESG, tout en optimisant les performances des organisations qui les adoptent. Il constitue une ressource pr\u00e9cieuse pour les dirigeants de tous les secteurs, qu'ils \u00e9voluent dans des entreprises commerciales ou des organisations \u00e0 but non lucratif.","authors":["Ahmed Naciri"],"category_codes":["4000000","4010000","4010200","4010208"],"visuals":{"large":"https:\/\/images.epagine.fr\/038\/9782760561038_1_75.jpg","medium":"https:\/\/images.epagine.fr\/038\/9782760561038_1_m.jpg","thumbnail":"https:\/\/images.epagine.fr\/038\/9782760561038_1_v.jpg"},"orderable":true,"show_badge":true,"formatted_price":"32,00&nbsp;\u20ac","formatted_published_date":"22 mai 2025","publisher_availability_label":"Sur commande","short_details":"Ahmed Naciri \u2014 PU DE QUEBEC","translator":null,"weight":446,"page_count":264,"readership":"Tout public","editor":"PU DE QUEBEC","price":3200,"published_date":"2025-05-21T22:00:00.000000Z","support":"Grand format","publisher_availability":1,"stock":0,"editions":[],"url":"https:\/\/quaidesbrumes.com\/ouvrage\/9782760561038\/les-exigences-esg-la-maximisation-du-bien-etre-collectif"},{"id":"9782857076377","title":"Ethique & spiritualite de l'environnement","description":null,"authors":["Louis Rey"],"category_codes":["4000000","4010000","4010200","4010207"],"visuals":{"large":"https:\/\/images.epagine.fr\/377\/9782857076377_1_75.jpg","medium":"https:\/\/images.epagine.fr\/377\/9782857076377_1_m.jpg","thumbnail":"https:\/\/images.epagine.fr\/377\/9782857076377_1_v.jpg"},"orderable":true,"show_badge":true,"formatted_price":"24,75&nbsp;\u20ac","formatted_published_date":"1er juin 1995","publisher_availability_label":"Sur commande","short_details":"Louis Rey \u2014 Guy Tr\u00e9daniel \u00c9diteur","translator":null,"weight":550,"page_count":null,"readership":null,"editor":"Guy Tr\u00e9daniel \u00c9diteur","price":2475,"published_date":"1995-05-31T22:00:00.000000Z","support":"Grand format","publisher_availability":1,"stock":0,"editions":[],"url":"https:\/\/quaidesbrumes.com\/ouvrage\/9782857076377\/ethique-spiritualite-de-lenvironnement"},{"id":"9782842598495","title":"Super guide champignons","description":"370 esp\u00e8ces de champignons \u00e0 d\u00e9couvrir: comestibles, toxiques et mortels.jean-Marie Polese, sp\u00e9cialiste des plantes est l'auteur de nombreux ouvrages de mycologie.","authors":["Jean-Marie Polese"],"category_codes":["4000000","4010000","4010400","4010403"],"visuals":{"large":"https:\/\/images.epagine.fr\/495\/9782842598495_1_75.jpg","medium":"https:\/\/images.epagine.fr\/495\/9782842598495_1_m.jpg","thumbnail":"https:\/\/images.epagine.fr\/495\/9782842598495_1_v.jpg"},"orderable":true,"show_badge":true,"formatted_price":"12,00&nbsp;\u20ac","formatted_published_date":"6 novembre 2018","publisher_availability_label":"Sur commande","short_details":"Jean-Marie Polese \u2014 AEDIS","translator":null,"weight":320,"page_count":340,"readership":null,"editor":"AEDIS","price":1200,"published_date":"2018-11-05T23:00:00.000000Z","support":"Grand format","publisher_availability":1,"stock":0,"editions":[],"url":"https:\/\/quaidesbrumes.com\/ouvrage\/9782842598495\/super-guide-champignons"},{"id":"9782343249797","title":"La R. D. Congo et la lutte contre le rechauffement climatique","description":"La R\u00e9publique d\u00e9mocratique du Congo joue un r\u00f4le capital dans la lutte contre le r\u00e9chauffement climatique par son potentiel forestier et la position strat\u00e9gique qu'elle occupe ; en plus, elle abrite un r\u00e9seau hydrographique important avec 50% de l'eau douce du continent dont le fleuve Congo, une partie de la source du fleuve Nil \u00e0 partir du lac Edouard et d'importants lacs. La RDC a ainsi besoin d'argent ou une contrepartie financi\u00e8re afin de prot\u00e9ger sa biodiversit\u00e9 face au ph\u00e9nom\u00e8ne du r\u00e9chauffement climatique.","authors":["Matthieu Mukengere ntakalalwa"],"category_codes":["4000000","4010000","4010200","4010208"],"visuals":{"large":"https:\/\/images.epagine.fr\/797\/9782343249797_1_75.jpg","medium":"https:\/\/images.epagine.fr\/797\/9782343249797_1_m.jpg","thumbnail":"https:\/\/images.epagine.fr\/797\/9782343249797_1_v.jpg"},"orderable":true,"show_badge":true,"formatted_price":"31,00&nbsp;\u20ac","formatted_published_date":"21 d\u00e9cembre 2021","publisher_availability_label":"Sur commande","short_details":"Matthieu Mukengere ntakalalwa \u2014 \u00c9ditions L'Harmattan","translator":null,"weight":414,"page_count":268,"readership":null,"editor":"\u00c9ditions L'Harmattan","price":3100,"published_date":"2021-12-20T23:00:00.000000Z","support":"Grand format","publisher_availability":1,"stock":0,"editions":[],"url":"https:\/\/quaidesbrumes.com\/ouvrage\/9782343249797\/la-r-d-congo-et-la-lutte-contre-le-rechauffement-climatique"},{"id":"9782343217307","title":"L'ancienne alliance : une modernit\u00e9 dans l'impasse ?","description":"La r\u00e9flexion \u00e9cologique est particuli\u00e8rement riche en ce d\u00e9but de si\u00e8cle. Qu'on pense aux ouvrages de Paul Crutzen, Genevi\u00e8ve F\u00e9rone, Jacques Grinevald, James Lovelock, Edgar Morin ou bien encore Adolphe Nicolas. Quatorze ans apr\u00e8s leur parution, le danger se pr\u00e9cise sous la menace de pics et de ruptures peu ou prou simultan\u00e9s. D\u00e9gradation climatique, crise de l'\u00e9nergie, explosion d\u00e9mographique et insuffisance alimentaire, pertes de biodiversit\u00e9, risques dans la finance d\u00e9tach\u00e9e de l'\u00e9conomie r\u00e9elle pourraient d\u00e9clencher un krach global. Mais faute de motivation et faute de temps, nos soci\u00e9t\u00e9s avanc\u00e9es vont poursuivre leurs pillages et d\u00e9gradations, et finir comme le Titanic. Entre-temps, la plan\u00e8te Terre va se mettre \u00e0 douter du r\u00f4le essentiel, mais biais\u00e9, de notre esp\u00e8ce, jusqu'\u00e0 menacer de l'\u00e9liminer.","authors":["Charles Henri H\u00fcssy","Philippe Roch"],"category_codes":["4000000","4010000","4010200","4010204"],"visuals":{"large":"https:\/\/images.epagine.fr\/307\/9782343217307_1_75.jpg","medium":"https:\/\/images.epagine.fr\/307\/9782343217307_1_m.jpg","thumbnail":"https:\/\/images.epagine.fr\/307\/9782343217307_1_v.jpg"},"orderable":true,"show_badge":true,"formatted_price":"30,00&nbsp;\u20ac","formatted_published_date":"15 avril 2021","publisher_availability_label":"Sur commande","short_details":"Charles Henri H\u00fcssy, Philippe Roch \u2014 \u00c9ditions L'Harmattan","translator":null,"weight":419,"page_count":266,"readership":null,"editor":"\u00c9ditions L'Harmattan","price":3000,"published_date":"2021-04-14T22:00:00.000000Z","support":"Grand format","publisher_availability":1,"stock":0,"editions":[],"url":"https:\/\/quaidesbrumes.com\/ouvrage\/9782343217307\/lancienne-alliance-une-modernite-dans-limpasse"},{"id":"9782842597849","title":"Super guide les plantes","description":null,"authors":["Polese Jean-Marie"],"category_codes":["4000000","4010000","4010300"],"visuals":{"large":"https:\/\/images.epagine.fr\/849\/9782842597849_1_75.jpg","medium":"https:\/\/images.epagine.fr\/849\/9782842597849_1_m.jpg","thumbnail":"https:\/\/images.epagine.fr\/849\/9782842597849_1_v.jpg"},"orderable":true,"show_badge":true,"formatted_price":"12,00&nbsp;\u20ac","formatted_published_date":"11 juin 2021","publisher_availability_label":"Sur commande","short_details":"Polese Jean-Marie \u2014 AEDIS","translator":null,"weight":350,"page_count":null,"readership":null,"editor":"AEDIS","price":1200,"published_date":"2021-06-10T22:00:00.000000Z","support":"Grand format","publisher_availability":1,"stock":0,"editions":[],"url":"https:\/\/quaidesbrumes.com\/ouvrage\/9782842597849\/super-guide-les-plantes"},{"id":"9782343253169","title":"Entre d\u00e9clinisme et autochtonie le parc national de la R\u00e9union au d\u00e9fi des in\u00e9galites environnementales","description":"\"Cet ouvrage pr\u00e9sente essentiellement l'\u00e9tude du Parc national de La R\u00e9union. Si la r\u00e9forme des Parcs nationaux fran\u00e7ais a eu pour but et effet majeur d'accroitre la reconnaissance des \u00ab publics forts \u00bb au sein de leurs territoires d'\u00e9lection, il convient n\u00e9anmoins d'interroger en quels sens elle alt\u00e8re la fabrique des in\u00e9galit\u00e9s environnementales locales. Centr\u00e9e sur La R\u00e9union, une enqu\u00eate socio-historique et politique pr\u00e9sente son Parc national comme h\u00e9ritier et vecteur de trois r\u00e9cits territoriaux qui le pr\u00e9c\u00e8dent et qui param\u00e8trent son action. D\u00e9clinisme environnemental, reconnaissance de la culture cr\u00e9ole r\u00e9unionnaise et rattrapage \u00e9conomique sont ainsi trois r\u00e9cits \u00e9tiologiques fondateurs. Enjoint \u00e0 les conjuguer au regard de diff\u00e9rents imp\u00e9ratifs, le Parc national de La R\u00e9union s'expose \u00e0 des contradictions et accusations d'injustices environnementales. Dans la lign\u00e9e des travaux sur les Parcs nationaux fran\u00e7ais, ce travail vise \u00e0 montrer \u00e0 quel point, particuli\u00e8rement en contexte postcolonial, la conservation de la nature ne saurait \u00eatre s\u00e9par\u00e9e des enjeux d'une justice environnementale d\u00e9coloniale.\"","authors":["Bruno Bouet","Wilfrid Bertile"],"category_codes":["4000000","4010000","4010200","4010205"],"visuals":{"large":"https:\/\/images.epagine.fr\/169\/9782343253169_1_75.jpg","medium":"https:\/\/images.epagine.fr\/169\/9782343253169_1_m.jpg","thumbnail":"https:\/\/images.epagine.fr\/169\/9782343253169_1_v.jpg"},"orderable":true,"show_badge":true,"formatted_price":"24,00&nbsp;\u20ac","formatted_published_date":"28 f\u00e9vrier 2022","publisher_availability_label":"Sur commande","short_details":"Bruno Bouet, Wilfrid Bertile \u2014 \u00c9ditions L'Harmattan","translator":null,"weight":340,"page_count":214,"readership":null,"editor":"\u00c9ditions L'Harmattan","price":2400,"published_date":"2022-02-27T23:00:00.000000Z","support":"Grand format","publisher_availability":1,"stock":0,"editions":[],"url":"https:\/\/quaidesbrumes.com\/ouvrage\/9782343253169\/entre-declinisme-et-autochtonie-le-parc-national-de-la-reunion-au-defi-des-inegalites-environnementales"},{"id":"9791093558073","title":"\u00c9ph\u00e9m\u00e9rit\u00e9 florale : des \"structures-\u00e9crins\" au naturel","description":"Un nouveau concept : CR\u00c9ER DES STRUCTURES DESIGN QUI FACILITENT ET SIMPLIFIENT DES ARRANGEMENT FORAUX ARTISTIQUES \u00c0 TOUTES SAISONS  - sans mousse et produit chimique !Des supports floraux r\u00e9alis\u00e9s avec de la ficelle, de la corde, des fibres, du lien arm\u00e9 de la laine ou du feutre.De v\u00e9ritables sculptures r\u00e9utilisables et adaptables qui offrent un changement rapide des v\u00e9g\u00e9taux.Plus de 35 cr\u00e9ations avec descriptions d\u00e9taill\u00e9es, croquis pr\u00e9paratoires, illustrations et pas \u00e0 pas.Ornements, parures murales, suspensions, tomb\u00e9es florales, centres de tables ...... Une mine d'inspirations pour vous permettre d'inventer et de cr\u00e9er \u00e0 votre tour.Un concentr\u00e9 d'exp\u00e9rience et d'ann\u00e9es de pratiques. Tous ceux qui aiment le travail des v\u00e9g\u00e9taux et des mati\u00e8res trouveront dans cet ouvrage les valeurs \u00e0 cultiver pour cr\u00e9er","authors":["Pascal Phaner","Guy Martin"],"category_codes":["4000000","4010000","4010400","4010405"],"visuals":{"large":"https:\/\/images.epagine.fr\/073\/9791093558073_1_75.jpg","medium":"https:\/\/images.epagine.fr\/073\/9791093558073_1_m.jpg","thumbnail":"https:\/\/images.epagine.fr\/073\/9791093558073_1_v.jpg"},"orderable":true,"show_badge":true,"formatted_price":"59,90&nbsp;\u20ac","formatted_published_date":"4 mars 2022","publisher_availability_label":"Sur commande","short_details":"Pascal Phaner, Guy Martin \u2014 Editions C.Grange","translator":null,"weight":830,"page_count":160,"readership":null,"editor":"Editions C.Grange","price":5990,"published_date":"2022-03-03T23:00:00.000000Z","support":"Grand format","publisher_availability":1,"stock":0,"editions":[],"url":"https:\/\/quaidesbrumes.com\/ouvrage\/9791093558073\/ephemerite-florale-des-structures-ecrins-au-naturel"},{"id":"9782140271588","title":"Conflit arm\u00e9 et d\u00e9veloppement durable en Afrique : cas de la C\u00f4te d'Ivoire","description":"\"Cet ouvrage examine la situation de la C\u00f4te d'Ivoire 20 ans apr\u00e8s la guerre de 2002. Il met aussi en \u00e9vidence les enjeux complexes auxquels est confront\u00e9 le pays pour l'atteinte des Objectifs de d\u00e9veloppement durable \u00e0 l'horizon 2030. L'auteur recommande la mise en place d'un dispositif innovant et strat\u00e9gique d'intelligence environnementale pour aider les dirigeants et managers \u00e0 appr\u00e9hender de fa\u00e7on holistique les situations conflictuelles. L'ouvrage explore des sc\u00e9narios prospectifs et formule des recommandations pour une C\u00f4te d'Ivoire confront\u00e9e aux d\u00e9fis conflictuels mais fermement tourn\u00e9e vers le d\u00e9veloppement durable, dans une Afrique marqu\u00e9e par l'internationalisation et le caract\u00e8re transfrontalier des conflits arm\u00e9s.\"","authors":["Al-Hamndou Dorsouma"],"category_codes":["4000000","4010000","4010200","4010208"],"visuals":{"large":"https:\/\/images.epagine.fr\/588\/9782140271588_1_75.jpg","medium":"https:\/\/images.epagine.fr\/588\/9782140271588_1_m.jpg","thumbnail":"https:\/\/images.epagine.fr\/588\/9782140271588_1_v.jpg"},"orderable":true,"show_badge":true,"formatted_price":"26,00&nbsp;\u20ac","formatted_published_date":"22 juillet 2022","publisher_availability_label":"Sur commande","short_details":"Al-Hamndou Dorsouma \u2014 \u00c9ditions L'Harmattan","translator":null,"weight":339,"page_count":262,"readership":null,"editor":"\u00c9ditions L'Harmattan","price":2600,"published_date":"2022-07-21T22:00:00.000000Z","support":"Grand format","publisher_availability":1,"stock":0,"editions":[],"url":"https:\/\/quaidesbrumes.com\/ouvrage\/9782140271588\/conflit-arme-et-developpement-durable-en-afrique-cas-de-la-cote-divoire"},{"id":"9782140346088","title":"G\u00e9opolitique de l'eau en Afrique, transaqua : le bassin du Congo et le projet de transfert des eaux vers le lac Tchad","description":"La R\u00e9publique D\u00e9mocratique du Congo est boulevers\u00e9e par une \u00e9conomie en r\u00e9cession, par les guerres interminables li\u00e9es aux richesses de son sous-sol, par les effets du changement climatique et les risques de d\u00e9sastres \u00e9cologiques. Un gigantesque projet refait pourtant surface. Le projet Transaqua vise \u00e0 d\u00e9tourner les eaux du bassin du Congo pour alimenter le bassin du lac Tchad, menac\u00e9 de dess\u00e8chement. Ce livre examine ce projet et ses cons\u00e9quences potentiellement dramatiques sur l'\u00e9conomie des populations riveraines : barrages en difficult\u00e9 ; disparition d'esp\u00e8ces aquatiques ; diminution du d\u00e9bit et perturbation de la navigation ; abandon du projet Inga III qui devait amener le courant dans d'autres pays de la r\u00e9gion ; r\u00e9duction de la production agricole ; chute de la p\u00eache et ch\u00f4mage. Le Transaqua jetterait des milliers de jeunes dans les bras de Boko Haram et risquerait d'entra\u00eener d'importants bouleversements g\u00e9opolitiques.","authors":["D\u00e9sir\u00e9 Konga Wanguwa"],"category_codes":["4000000","4010000","4010200","4010208"],"visuals":{"large":"https:\/\/images.epagine.fr\/088\/9782140346088_1_75.jpg","medium":"https:\/\/images.epagine.fr\/088\/9782140346088_1_m.jpg","thumbnail":"https:\/\/images.epagine.fr\/088\/9782140346088_1_v.jpg"},"orderable":true,"show_badge":true,"formatted_price":"29,00&nbsp;\u20ac","formatted_published_date":"27 avril 2023","publisher_availability_label":"Sur commande","short_details":"D\u00e9sir\u00e9 Konga Wanguwa \u2014 \u00c9ditions L'Harmattan","translator":null,"weight":443,"page_count":288,"readership":null,"editor":"\u00c9ditions L'Harmattan","price":2900,"published_date":"2023-04-26T22:00:00.000000Z","support":"Grand format","publisher_availability":1,"stock":0,"editions":[],"url":"https:\/\/quaidesbrumes.com\/ouvrage\/9782140346088\/geopolitique-de-leau-en-afrique-transaqua-le-bassin-du-congo-et-le-projet-de-transfert-des-eaux-vers-le-lac-tchad"},{"id":"9782140272158","title":"Quelques soupirs philosophiques de la plan\u00e8te : essai \u00e9co-logique","description":"Si la Plan\u00e8te interpelait le Monde sur la crise \u00e9cologique en cours, sur leur devenir \u00e0 tous deux, \u00e0 quoi ressembleraient leurs pens\u00e9es et leurs dialogues ? Si des pans entiers de philosophie en d\u00e9coulaient clairement pour comprendre et am\u00e9nager notre avenir de Terriens en danger, vivants et non-vivants. Si un \u00e9trange sage nous donnait \u00e0 penser sur \u00ab ce qui est \u00bb et \u00ab ce qui n'est pas \u00bb, en \u00e9changeant avec une vache et un paysan. Et si les Sciences de l'\u00c9ducation se questionnaient sur comment relier l'\u00c9l\u00e8ve et la Nature, sur les freins \u00e0 lever et les valeurs \u00e0 promouvoir ! C'est ce que propose cet essai, soupirs recueillis et mis en mots, originalit\u00e9 de contenu et de conception, cr\u00e9atif et lucide, joyeux, joueur et loin d'\u00eatre tragique, bourr\u00e9 d'analyses et de perspectives donnant \u00e0 construire un chemin de Devenir empli d'esp\u00e9rance pour que chacun se forge son id\u00e9e, sa future humanit\u00e9 \u00e9co-logique.","authors":["Herv\u00e9 Cochet","Muriel Grimaldi"],"category_codes":["4000000","4010000","4010200","4010208"],"visuals":{"large":"https:\/\/images.epagine.fr\/158\/9782140272158_1_75.jpg","medium":"https:\/\/images.epagine.fr\/158\/9782140272158_1_m.jpg","thumbnail":"https:\/\/images.epagine.fr\/158\/9782140272158_1_v.jpg"},"orderable":true,"show_badge":true,"formatted_price":"26,50&nbsp;\u20ac","formatted_published_date":"20 juin 2022","publisher_availability_label":"Sur commande","short_details":"Herv\u00e9 Cochet, Muriel Grimaldi \u2014 \u00c9ditions L'Harmattan","translator":null,"weight":315,"page_count":244,"readership":null,"editor":"\u00c9ditions L'Harmattan","price":2650,"published_date":"2022-06-19T22:00:00.000000Z","support":"Grand format","publisher_availability":1,"stock":0,"editions":[],"url":"https:\/\/quaidesbrumes.com\/ouvrage\/9782140272158\/quelques-soupirs-philosophiques-de-la-planete-essai-eco-logique"},{"id":"9782140207518","title":"La perception environnementale : tour d'horizon en dix regards","description":"Politique, scientifique, naturaliste, vectrice de valeurs, beaut\u00e9 ou mysticisme, l'\u00e9cologie peut \u00eatre per\u00e7ue et con\u00e7ue de bien des mani\u00e8res. Elle est par ailleurs loin d'\u00eatre une pr\u00e9occupation nouvelle et l'histoire est riche d'enseignements en la mati\u00e8re. Avec \u00e9rudition et po\u00e9sie, ce livre aborde les multiples facettes de l'\u00e9cologie, la nature, le paysage, l'environnement et bien d'autres notions encore, dans un fabuleux voyage litt\u00e9raire. Par des citations choisies avec soin, l'auteur nous fait pour ainsi dire entrer dans les esprits de ceux qui ont pens\u00e9, avec leur sensibilit\u00e9, les connaissances et la culture de leur \u00e9poque, ce que nous pouvons appeler \u00ab \u00e9cologie \u00bb. Il s'agit d'un v\u00e9ritable parcours initiatique entre pragmatisme, merveilleux, science et histoire de terroirs, o\u00f9 le lecteur est invit\u00e9 \u00e0 \u00ab picorer \u00bb et \u00e0 se remplir d'images, en miroir de ce que l'auteur propose sur le sentier de perception qu'il a mis en place dans le marais d'Andryes, situ\u00e9 dans le d\u00e9partement de l'Yonne.","authors":["Sylvain Noel","Michel Huet"],"category_codes":["4000000","4010000","4010200","4010208"],"visuals":{"large":"https:\/\/images.epagine.fr\/518\/9782140207518_1_75.jpg","medium":"https:\/\/images.epagine.fr\/518\/9782140207518_1_m.jpg","thumbnail":"https:\/\/images.epagine.fr\/518\/9782140207518_1_v.jpg"},"orderable":true,"show_badge":true,"formatted_price":"24,00&nbsp;\u20ac","formatted_published_date":"20 juin 2022","publisher_availability_label":"Sur commande","short_details":"Sylvain Noel, Michel Huet \u2014 \u00c9ditions L'Harmattan","translator":null,"weight":264,"page_count":194,"readership":null,"editor":"\u00c9ditions L'Harmattan","price":2400,"published_date":"2022-06-19T22:00:00.000000Z","support":"Grand format","publisher_availability":1,"stock":0,"editions":[],"url":"https:\/\/quaidesbrumes.com\/ouvrage\/9782140207518\/la-perception-environnementale-tour-dhorizon-en-dix-regards"},{"id":"9782742790609","title":"Encyclop\u00e9die des formes fruiti\u00e8res","description":"Un ouvrage exhaustif, qui s'articule autour de dix grands points : exemples de projection de quelques formes fruiti\u00e8res, les porte- greffe des arbres fruitiers, tableaux des porte-greffes, description des organes v\u00e9g\u00e9tatifs, vigueur et comportement v\u00e9g\u00e9tatif, densit\u00e9 de plantation selon la forme adopt\u00e9e, les diff\u00e9rents types de plantations fruiti\u00e8res, les formes fruiti\u00e8res pr\u00e9sentes au Potager du Roi, les formes fruiti\u00e8res ayant exist\u00e9 au Potager du Roi, description des principales formes fruiti\u00e8res. \r\n  \r\n L'auteur est depuis quarante ans responsable des cultures du Potager du Roi \u00e0 Versailles. Ce c\u00e9l\u00e8bre verger, cr\u00e9\u00e9 sous Louis XIV, constitue la plus grande collection de formes fruiti\u00e8res du monde. Le jardinier en chef livre ici tout son savoir sur la conduite des arbres fruitiers en boule, en cand\u00e9labre, en colonne, en cordon, en croisillon, en \u00e9ventail, en fuseau, en gobelet, ou bien encore en palmette... Il explique l'origine, les avantages et les inconv\u00e9nients de chacune des formes d\u00e9crites, les vari\u00e9t\u00e9s d'arbres fruitiers concern\u00e9s, les porte-greffes conseill\u00e9s, la dur\u00e9e n\u00e9cessaire \u00e0 la formation et les \u00e9poques d'intervention pour la taille. L'ouvrage est illustr\u00e9 par des dessins \u00e9l\u00e9gants et pr\u00e9cis \u00e0 l'encre de Chine et des photos prises dans le Potager du Roi.","authors":["Jacques Beccaletto"],"category_codes":["4000000","4010000","4010300","4010302"],"visuals":{"large":"https:\/\/images.epagine.fr\/609\/9782742790609_1_75.jpg","medium":"https:\/\/images.epagine.fr\/609\/9782742790609_1_m.jpg","thumbnail":"https:\/\/images.epagine.fr\/609\/9782742790609_1_v.jpg"},"orderable":true,"show_badge":true,"formatted_price":"38,60&nbsp;\u20ac","formatted_published_date":"27 mars 2010","publisher_availability_label":"Sur commande","short_details":"Jacques Beccaletto \u2014 Actes Sud","translator":null,"weight":1132,"page_count":248,"readership":null,"editor":"Actes Sud","price":3860,"published_date":"2010-03-26T23:00:00.000000Z","support":"Grand format","publisher_availability":1,"stock":0,"editions":[],"url":"https:\/\/quaidesbrumes.com\/ouvrage\/9782742790609\/encyclopedie-des-formes-fruitieres"}]}