{"data":[{"id":"9782343253626","title":"Nature's ultimatum : the stakes and prospects of the united states' urgent return to the climate battle","description":"In this book, Michel Innocent Peya focuses on \"climate finance\" and the withdrawal and return of the world's leading power, the United States, in the battle against climate change, by assessing its real financial impact in order to fight collectively against the ultimatum given by nature. The States are determined to take up the challenge and assume their responsibilities, as the Biden administration has done, in order to wage the \"people's battle\" against global warming and the perils that it may cause in the medium term. A vibrant appeal is launched to all the world's decision-makers as well as to state and non-state actors. As the years go by, the planet is experiencing rising temperatures and precipitation is constantly increasing. These are the results of a multiform pollution that threatens the existence of nations. Our beautiful nature is being devastated by greenhouse gas emissions and ever-increasing waste. The few world powers, those that can be qualified as major polluters, are few in number but threaten the balance of our system to the detriment of collective well-being. What will become of our planet, our environment, if the community of polluters continues to refuse to take its responsibilities?\r","authors":["Michel Innocent Peya"],"category_codes":["4000000","4010000","4010200","4010208"],"visuals":{"large":"https:\/\/images.epagine.fr\/626\/9782343253626_1_75.jpg","medium":"https:\/\/images.epagine.fr\/626\/9782343253626_1_m.jpg","thumbnail":"https:\/\/images.epagine.fr\/626\/9782343253626_1_v.jpg"},"orderable":true,"show_badge":true,"formatted_price":"35,00&nbsp;\u20ac","formatted_published_date":"14 janvier 2022","publisher_availability_label":"Sur commande","short_details":"Michel Innocent Peya \u2014 \u00c9ditions L'Harmattan","translator":null,"weight":386,"page_count":320,"readership":null,"editor":"\u00c9ditions L'Harmattan","price":3500,"published_date":"2022-01-13T23:00:00.000000Z","support":"Grand format","publisher_availability":1,"stock":0,"editions":[],"url":"https:\/\/quaidesbrumes.com\/ouvrage\/9782343253626\/natures-ultimatum-the-stakes-and-prospects-of-the-united-states-urgent-return-to-the-climate-battle"},{"id":"9782343249476","title":"L'\u00e9cosyst\u00e8me : la dimension n\u00e9glig\u00e9e du vivant","description":"Mettant en p\u00e9ril l'existence du vivant tel que nous le connaissons, la crise \u00e9cologique engendre des bouleversements plan\u00e9taires qui se r\u00e9percutent sur toutes les soci\u00e9t\u00e9s humaines. Nos soci\u00e9t\u00e9s industrielles, construisant une nature \u00e9trang\u00e8re \u00e0 l'humain, n'y voient souvent que des ressources \u00e0 exploiter selon un mod\u00e8le lin\u00e9aire qui d\u00e9truit l'\u00e9cosyst\u00e8me plan\u00e9taire. C'est ainsi que l'\u00e9cosyst\u00e8me est devenu un \u00e9l\u00e9ment de langage dans les bouches des \u00e9lites dirigeantes. Mais qui comprend vraiment de quoi il s'agit ? Adopter une approche \u00e9cosyst\u00e9mique nous permettrait de r\u00e9pondre aux d\u00e9fis environnementaux actuels. Surinvesti dans les discours mais n\u00e9glig\u00e9 dans les d\u00e9cisions politiques, il m\u00e9rite d'\u00eatre mieux compris, m\u00eame par la science. Cet ouvrage met en exergue l'\u00e9cosyst\u00e8me pour faire \u00e9voluer notre mani\u00e8re d'appr\u00e9hender le monde.\r","authors":["Francois Brechignac","Lisa Cauvin"],"category_codes":["4000000","4010000","4010200","4010208"],"visuals":{"large":"https:\/\/images.epagine.fr\/476\/9782343249476_1_75.jpg","medium":"https:\/\/images.epagine.fr\/476\/9782343249476_1_m.jpg","thumbnail":"https:\/\/images.epagine.fr\/476\/9782343249476_1_v.jpg"},"orderable":true,"show_badge":true,"formatted_price":"21,00&nbsp;\u20ac","formatted_published_date":"11 janvier 2022","publisher_availability_label":"Sur commande","short_details":"Francois Brechignac, Lisa Cauvin \u2014 \u00c9ditions L'Harmattan","translator":null,"weight":259,"page_count":146,"readership":null,"editor":"\u00c9ditions L'Harmattan","price":2100,"published_date":"2022-01-10T23:00:00.000000Z","support":"Grand format","publisher_availability":1,"stock":0,"editions":[],"url":"https:\/\/quaidesbrumes.com\/ouvrage\/9782343249476\/lecosysteme-la-dimension-negligee-du-vivant"},{"id":"9782846543521","title":"Le \u00ab Travail allemand \u00bb, une organisation de r\u00e9sistance au sein de la Wehrmacht","description":null,"authors":["Les Indes Savantes"],"category_codes":["4000000","4010000","4010200"],"visuals":{"large":"https:\/\/images.epagine.fr\/521\/9782846543521_1_75.jpg","medium":"https:\/\/images.epagine.fr\/521\/9782846543521_1_m.jpg","thumbnail":"https:\/\/images.epagine.fr\/521\/9782846543521_1_v.jpg"},"orderable":true,"show_badge":true,"formatted_price":"22,00&nbsp;\u20ac","formatted_published_date":"18 novembre 2013","publisher_availability_label":"Sur commande","short_details":"Les Indes Savantes \u2014 Les Indes savantes","translator":null,"weight":210,"page_count":146,"readership":null,"editor":"Les Indes savantes","price":2200,"published_date":"2013-11-17T23:00:00.000000Z","support":"Grand format","publisher_availability":1,"stock":0,"editions":[],"url":"https:\/\/quaidesbrumes.com\/ouvrage\/9782846543521\/le-travail-allemand-une-organisation-de-resistance-au-sein-de-la-wehrmacht"},{"id":"9782753575516","title":"D\u00e9fendre la cause de l'environnement ; une approche organisationnelle","description":"Cet ouvrage remet en cause une lecture persistante dans la sociologie de l'action collective qui voit dans les organisations et leur d\u00e9veloppement une convergence des modes d'action, de fonctionnement et des valeurs. En portant l'analyse du changement au coer de celles qui ont fait de l'environnement une cause \u00e0 d\u00e9fendre, il d\u00e9montre au contraire la remarquable continuit\u00e9 qui continue de caract\u00e9riser leurs trajectoires respectives.\r\nLa comparaison couvre cinq organisations parties prenantes des luttes les plus embl\u00e9matiques du mouvement environnemental en France (de la cause anti-nucl\u00e9aire \u00e0 la d\u00e9fense de la Loire) et repr\u00e9sentant ses diff\u00e9rentes tendances (\u00e9cologiste et de conservation) : les Amis de la Terre, France Nature Environnement, Greenpeace, la Ligue de protection des oiseaux et le WWF France.\r","authors":["Nathalie Berny"],"category_codes":["4000000","4010000","4010200","4010208"],"visuals":{"large":"https:\/\/images.epagine.fr\/516\/9782753575516_1_75.jpg","medium":"https:\/\/images.epagine.fr\/516\/9782753575516_1_m.jpg","thumbnail":"https:\/\/images.epagine.fr\/516\/9782753575516_1_v.jpg"},"orderable":true,"show_badge":true,"formatted_price":"28,00&nbsp;\u20ac","formatted_published_date":"21 f\u00e9vrier 2019","publisher_availability_label":"Sur commande","short_details":"Nathalie Berny \u2014 Presse Universitaire de Rennes","translator":null,"weight":512,"page_count":298,"readership":null,"editor":"Presse Universitaire de Rennes","price":2800,"published_date":"2019-02-20T23:00:00.000000Z","support":"Grand format","publisher_availability":1,"stock":0,"editions":[],"url":"https:\/\/quaidesbrumes.com\/ouvrage\/9782753575516\/defendre-la-cause-de-lenvironnement-une-approche-organisationnelle"},{"id":"9782259191982","title":"Dictionnaire amoureux : de la chasse","description":"Dominique Venner, grand sp\u00e9cialiste de l'histoire de la chasse et de la v\u00e9nerie, inaugure la collection des Dictionnaire Amoureux en nous invitant, avec sinc\u00e9rit\u00e9 et ludisme, \u00e0 partager sa passion. \r\nDominique Venner d\u00e9voile ici les secrets d'une passion ancestrale que partagent plusieurs centaines de milliers de chasseurs. Au gr\u00e9 de sa fantaisie, il a dispers\u00e9 de la lettre A \u00e0 la lettre Z r\u00e9cits, souvenirs et r\u00e9flexions. Le livre, qui va bien au-del\u00e0 d'un simple dictionnaire, n'en contient pas moins pourtant de nombreuses d\u00e9finitions utiles sur le gibier, les armes, les chiens, ainsi que les termes de chasse et de v\u00e9nerie. Cet ouvrage sans \u00e9quivalent couvre l'historique des mythes et des l\u00e9gendes qui ont toujours escort\u00e9 la chasse. On y trouve surtout les traces d'une longue initiation passant par la v\u00e9nerie fran\u00e7aise et par les chasses, grandes ou petites, de toute la plan\u00e8te.","authors":["Dominique Venner"],"category_codes":["4000000","4010000","4010500","4010502"],"visuals":{"large":"https:\/\/images.epagine.fr\/982\/9782259191982_1_75.jpg","medium":"https:\/\/images.epagine.fr\/982\/9782259191982_1_m.jpg","thumbnail":"https:\/\/images.epagine.fr\/982\/9782259191982_1_v.jpg"},"orderable":true,"show_badge":true,"formatted_price":"27,00&nbsp;\u20ac","formatted_published_date":"9 novembre 2000","publisher_availability_label":"Sur commande","short_details":"Dominique Venner \u2014 Plon","translator":null,"weight":750,"page_count":594,"readership":null,"editor":"Plon","price":2700,"published_date":"2000-11-08T23:00:00.000000Z","support":"Grand format","publisher_availability":1,"stock":0,"editions":[],"url":"https:\/\/quaidesbrumes.com\/ouvrage\/9782259191982\/dictionnaire-amoureux-de-la-chasse"},{"id":"9782743015763","title":"La fonction venimeuse","description":"\u00c9labor\u00e9s par un animal, les \u00ab venins \u00bb sont des m\u00e9langes complexes de  substances ayant la capacit\u00e9 d'immobiliser, tuer ou dig\u00e9rer une proie et  de dissuader un pr\u00e9dateur. L'homme n'en est le plus souvent que la victime  involontaire ou accidentelle. Pr\u00e9sents dans les milieux terrestre et  marin, on distingue les animaux venimeux actifs munis d'un dispositif  d'inoculation du venin, des animaux venimeux passifs qui en sont d\u00e9pourvus.\r\nOutre  la toxicit\u00e9 pour l'homme qui constitue en soi un domaine de recherche  important, les venins sont des scalpels biologiques utilis\u00e9s pour mieux  comprendre les m\u00e9canismes mol\u00e9culaires et pharmacologiques du vivant et  mettre au point de nouveaux m\u00e9dicaments dans des domaines tels que la  neurobiologie, la biologie cellulaire, l'h\u00e9matologie, la canc\u00e9rologie ou  la microbiologie.\r\nLa fonction venimeuse d\u00e9crit, au sein  de chaque groupe zoologique, les esp\u00e8ces responsables d'accidents en  apportant les \u00e9l\u00e9ments sur leur biologie et en expliquant les effets  pharmacologiques des venins, les cons\u00e9quences cliniques de leur  inoculation et les principes de leur traitement. Il pr\u00e9sente la  remarquable diversit\u00e9 des m\u00e9canismes anatomiques et toxicologiques des  envenimations ou intoxications par ces animaux. Clair et richement  illustr\u00e9, sans \u00e9quivalent en langue fran\u00e7aise, ce livre s'adresse aux  biologistes, v\u00e9t\u00e9rinaires, m\u00e9decins, naturalistes ainsi qu'aux enseignants  et \u00e9tudiants de ces fili\u00e8res. Il sera \u00e9galement une aide pr\u00e9cieuse pour la  pr\u00e9paration aux concours de SVT.","authors":["Jean-Philippe Chippaux","Max Goyffon","Christine Rollard"],"category_codes":["4000000","4010000","4010300","4010302"],"visuals":{"large":"https:\/\/images.epagine.fr\/763\/9782743015763_1_75.jpg","medium":"https:\/\/images.epagine.fr\/763\/9782743015763_1_m.jpg","thumbnail":"https:\/\/images.epagine.fr\/763\/9782743015763_1_v.jpg"},"orderable":true,"show_badge":true,"formatted_price":"75,00&nbsp;\u20ac","formatted_published_date":"11 mai 2015","publisher_availability_label":"Sur commande","short_details":"Jean-Philippe Chippaux, Max Goyffon, Christine Rollard \u2014 Tec & doc","translator":null,"weight":730,"page_count":440,"readership":null,"editor":"Tec & doc","price":7500,"published_date":"2015-05-10T22:00:00.000000Z","support":"Grand format","publisher_availability":1,"stock":0,"editions":[],"url":"https:\/\/quaidesbrumes.com\/ouvrage\/9782743015763\/la-fonction-venimeuse"},{"id":"9782356875204","title":"\u00c0 l'horizon d'ici ; les territoires au coeur de la transition social-\u00e9cologique","description":"Ce bref ouvrage propose de penser ensemble la mont\u00e9e en puissance des territoires et des crises \u00e9cologiques et montre comment les territoires peuvent devenir le coeur de la n\u00e9cessaire transition vers le bien-\u00eatre, la r\u00e9silience et la soutenabilit\u00e9. Il explore d'abord le \u00ab moment territorial \u00bb que nous vivons qui r\u00e9sulte autant de la mondialisation que de l'urbanisation puis explique comment le territoire, entendu comme institution social-\u00e9cologique, peut devenir l'\u00e9cosyst\u00e8me par excellence de la transition. Mais le moment territorial que nous vivons est lourd d'une menace : l'aggravation des in\u00e9galit\u00e9s sociales. C'est l'avertissement s\u00e9rieux des scrutins r\u00e9cents au Royaume-Uni, aux \u00c9tats-Unis mais aussi en France : \u00e0 ne plus vivre dans le m\u00eame espace, on ne vit plus dans la m\u00eame \u00e9poque, \u00e0 ne plus partager le m\u00eame territoire, on ne partage plus la m\u00eame cit\u00e9.\r\nC'est pourquoi la question de la justice territoriale est indissociable de celle de la transition et qu'elle fait l'objet de la derni\u00e8re partie du livre. C'est \u00e0 l'horizon de chaque territoire que la transition social- \u00e9cologique doit \u00eatre envisag\u00e9e, mais c'est dans l'\u00e9galit\u00e9 des territoires qu'elle doit \u00eatre men\u00e9e \u00e0 bien.\r","authors":["Eloi Laurent"],"category_codes":["4000000","4010000","4010200"],"visuals":{"large":"https:\/\/images.epagine.fr\/204\/9782356875204_1_75.jpg","medium":"https:\/\/images.epagine.fr\/204\/9782356875204_1_m.jpg","thumbnail":"https:\/\/images.epagine.fr\/204\/9782356875204_1_v.jpg"},"orderable":true,"show_badge":true,"formatted_price":"6,00&nbsp;\u20ac","formatted_published_date":"9 mars 2017","publisher_availability_label":"Sur commande","short_details":"Eloi Laurent \u2014 Le Bord de l'eau","translator":null,"weight":55,"page_count":58,"readership":null,"editor":"Le Bord de l'eau","price":600,"published_date":"2017-03-08T23:00:00.000000Z","support":"Grand format","publisher_availability":1,"stock":0,"editions":[],"url":"https:\/\/quaidesbrumes.com\/ouvrage\/9782356875204\/a-lhorizon-dici-les-territoires-au-coeur-de-la-transition-social-ecologique"},{"id":"9781399415743","title":"THE GREAT AUK ; ITS EXTRAORDINARY LIFE, HIDEOUS DEATH AND MYSTERIOUS AFTERLIFE","description":"The life, death and afterlife of one of the true icons of extinction, the Great Auk\r\nThe great auk was a flightless, goose-sized bird superbly adapted for life at sea. Fat, flush with feathers and easy to capture, the birds were in trouble whenever sailors visited their once-remote breeding colonies. Places like Funk Island, off north-east Newfoundland, became scenes of unimaginable slaughter, with birds killed in their millions. By 1800 the auks of Funk Island were gone. A scramble by private collectors for specimens of the final few birds then began, a bloody, unthinking destruction of one of the world's most extraordinary species.\r\nBut their extinction in 1844 wasn't the end of the great auk story, as the bird went on to have a remarkable afterlife; skins, eggs and skeletons became the focus for dozens of collectors in a story of pathological craving and unscrupulous dealings that goes on to this day.\r\nIn a book rich with insight and packed with tales of birds and of people, Tim Birkhead reveals previously unimagined aspects of the bird's life before humanity, its death on the killing shores of the North Atlantic, and the unrelenting subsequent quest for its remains.\r\nThe great auk remains a symbol of human folly and the necessity of conservation. This book tells its story.","authors":["Tim Birkhead"],"category_codes":["4000000","4010000","4010300"],"visuals":{"large":"https:\/\/images.epagine.fr\/743\/9781399415743_1_75.jpg","medium":"https:\/\/images.epagine.fr\/743\/9781399415743_1_m.jpg","thumbnail":"https:\/\/images.epagine.fr\/743\/9781399415743_1_v.jpg"},"orderable":true,"show_badge":true,"formatted_price":"27,70&nbsp;\u20ac","formatted_published_date":"13 mars 2025","publisher_availability_label":"Sur commande","short_details":"Tim Birkhead \u2014 Bloomsbury UK","translator":null,"weight":500,"page_count":288,"readership":null,"editor":"Bloomsbury UK","price":2770,"published_date":"2025-03-12T23:00:00.000000Z","support":"Grand format","publisher_availability":1,"stock":0,"editions":[],"url":"https:\/\/quaidesbrumes.com\/ouvrage\/9781399415743\/the-great-auk-its-extraordinary-life-hideous-death-and-mysterious-afterlife"},{"id":"9782843772160","title":"Petit trait\u00e9 d'\u00e9conomie","description":null,"authors":["Pierre Calame"],"category_codes":["4000000","4010000","4010200","4010208"],"visuals":{"large":"https:\/\/images.epagine.fr\/160\/9782843772160_1_75.jpg","medium":"https:\/\/images.epagine.fr\/160\/9782843772160_1_m.jpg","thumbnail":"https:\/\/images.epagine.fr\/160\/9782843772160_1_v.jpg"},"orderable":true,"show_badge":true,"formatted_price":"10,00&nbsp;\u20ac","formatted_published_date":"23 mai 2018","publisher_availability_label":"Sur commande","short_details":"Pierre Calame \u2014 CHARLES LEOPOLD MAYER - ECLM","translator":null,"weight":160,"page_count":192,"readership":null,"editor":"CHARLES LEOPOLD MAYER - ECLM","price":1000,"published_date":"2018-05-22T22:00:00.000000Z","support":"Grand format","publisher_availability":1,"stock":0,"editions":[],"url":"https:\/\/quaidesbrumes.com\/ouvrage\/9782843772160\/petit-traite-deconomie"},{"id":"9782850713231","title":"Au Fait Le littoral : Au del\u00e0 du bord","description":"Au Fait LE LITTORAL\r\nAu-del\u00e0 du bord\r\nLe littoral, lieu o\u00f9 terre et mer se rejoignent \u00e0 moins qu'il ne s'agisse de l'endroit o\u00f9 elles se s\u00e9parent, a longtemps tenu l'homme \u00e0 distance. D\u00e9sormais ce littoral agit sur nous comme un aimant, nous attire. Simultan\u00e9ment c'est l'activit\u00e9 humaine qui aujourd'hui en change les lignes, en alt\u00e8re le trait. L'in\u00e9luctable mont\u00e9e des eaux transforme le littoral, pour l'instant encore en douceur, demain sans doute avec rudesse. C'est pour cela que le littoral nous dit beaucoup de notre pr\u00e9sent et certainement de notre avenir.\r\nEntretiens avec des experts :\r\nJean-Didier Urbain est anthropologue, professeur \u00e9m\u00e9rite \u00e0 l'Universit\u00e9 Paris Descartes.\r\nIsabelle Autissier est navigatrice. Elle a pr\u00e9sid\u00e9 entre 2009 et 2021 la branche fran\u00e7aise du WWF.\r\nRenaud Morieux est historien, professeur \u00e0 l'Universit\u00e9 de Cambridge.\r\nOdile Marcel est philosophe et \u00e9crivain, professeure des Universit\u00e9s.\r\nPhilippe Van de Maele est le directeur du Conservatoire du littoral.\r\nAudrey Marco est ma\u00eetre de conf\u00e9rence \u00e0 l'\u00c9cole nationale sup\u00e9rieure de paysage.\r\n\u00c9meline K\/Bidi est d\u00e9put\u00e9e de la 4e circonscription de l'ile de la R\u00e9union.\r\nHenry Masson est architecte urbaniste g\u00e9n\u00e9ral de l'\u00c9tat.","authors":["Xavier Delacroix"],"category_codes":["4000000","4010000","4010200","4010207"],"visuals":{"large":"https:\/\/images.epagine.fr\/231\/9782850713231_1_75.jpg","medium":"https:\/\/images.epagine.fr\/231\/9782850713231_1_m.jpg","thumbnail":"https:\/\/images.epagine.fr\/231\/9782850713231_1_v.jpg"},"orderable":true,"show_badge":true,"formatted_price":"20,00&nbsp;\u20ac","formatted_published_date":"15 avril 2025","publisher_availability_label":"Sur commande","short_details":"Xavier Delacroix \u2014 Cent Mille Milliards","translator":null,"weight":459,"page_count":192,"readership":"Tout public","editor":"Cent Mille Milliards","price":2000,"published_date":"2025-04-14T22:00:00.000000Z","support":"Grand format","publisher_availability":1,"stock":0,"editions":[],"url":"https:\/\/quaidesbrumes.com\/ouvrage\/9782850713231\/au-fait-le-littoral-au-dela-du-bord"},{"id":"9782322516391","title":"Pisteur en herbe : Sur la trace des animaux !","description":"Et si la nature \u00e9tait un immense livre ouvert, mais qu il fallait apprendre \u00e0 le lire ?\r\nPisteur en Herbe est un guide \u00e9ducatif concu pour initier les novices \u00e0 l art du pistage animalier. \r\n\u00c0 l origine support de cours pour un atelier sur le terrain, il rassemble de mani\u00e8re accessible et ludique les bases essentielles pour rep\u00e9rer et interpr\u00e9ter les indices laiss\u00e9s par la faune sauvage.\r\nFr\u00e9d\u00e9ric Fourcroy, photographe animalier passionn\u00e9 partage ici son savoir faire et son regard aff\u00fbt\u00e9 sur la nature.\r\nEmpreintes, crottes, plumes, restes de repas. Chaque trace raconte une histoire. \r\n\u00c0 travers des explications claires, des conseils pratiques et des exercices d observation, ce livre vous accompagne pas \u00e0 pas dans la d\u00e9couverte d un monde souvent invisible.\r\nQue vous soyez photographe nature, randonneur curieux ou simplement passionn\u00e9 de vie sauvage, Pisteur en Herbe vous donnera les cl\u00e9s pour explorer la nature autrement et mieux comprendre ses habitants. \r\nUn guide indispensable pour apprendre tout en s amusant et enrichir ses sorties en pleine nature !","authors":["Fr\u00e9d\u00e9ric Fourcroy"],"category_codes":["4000000","4010000","4010500","4010503"],"visuals":{"large":"https:\/\/images.epagine.fr\/391\/9782322516391_1_75.jpg","medium":"https:\/\/images.epagine.fr\/391\/9782322516391_1_m.jpg","thumbnail":"https:\/\/images.epagine.fr\/391\/9782322516391_1_v.jpg"},"orderable":true,"show_badge":true,"formatted_price":"19,99&nbsp;\u20ac","formatted_published_date":"16 avril 2025","publisher_availability_label":"Sur commande","short_details":"Fr\u00e9d\u00e9ric Fourcroy \u2014 Books on Demand","translator":null,"weight":111,"page_count":96,"readership":null,"editor":"Books on Demand","price":1999,"published_date":"2025-04-15T22:00:00.000000Z","support":"Grand format","publisher_availability":1,"stock":0,"editions":[],"url":"https:\/\/quaidesbrumes.com\/ouvrage\/9782322516391\/pisteur-en-herbe-sur-la-trace-des-animaux"},{"id":"9782020847070","title":"Achetons responsable","description":"Savez-vous que certains diamants disponibles dans nos bijouteries proviennent de pays o\u00f9 leur commerce finance une guerre civile ?\r\nVous pensez aider la nature en cultivant votre jardin, mais \u00eates-vous s\u00fbr que les produits que vous utilisez soient tous respectueux de l'environnement ?\r\nQue dire \u00e0 un adolescent qui ne jure que par des v\u00eatements de marques ? Comment r\u00e9agir face \u00e0 un enfant dont les choix de jouets se tournent vers des produits sur-emball\u00e9s ? Alimentation, mobilier, \u00e9clairage, jardinage, hygi\u00e8ne et beaut\u00e9, maroquinerie, m\u00e9dicaments. 34 Plus de trente cat\u00e9gories de produits sont pass\u00e9es \u00e0 la loupe : conna\u00eetre les impacts sociaux et environnementaux de nos achats, s'informer sur les initiatives qui existent d\u00e9j\u00e0 pour les r\u00e9duire, agir en fonction de nos moyens et de nos attentes. Sur un ton positif et d\u00e9culpabilisant, Elisabeth Laville et Marie Balmain apportent des informations concr\u00e8tes et in\u00e9dites pour que tout un chacun puisse se sentir responsable.\r\nAchetons responsable ! est un guide pour consommer moins mais surtout consommer mieux\r","authors":["Balmain","Laville"],"category_codes":["4000000","4010000","4010200"],"visuals":{"large":"https:\/\/images.epagine.fr\/070\/9782020847070_1_75.jpg","medium":"https:\/\/images.epagine.fr\/070\/9782020847070_1_m.jpg","thumbnail":"https:\/\/images.epagine.fr\/070\/9782020847070_1_v.jpg"},"orderable":true,"show_badge":true,"formatted_price":"19,30&nbsp;\u20ac","formatted_published_date":"19 octobre 2006","publisher_availability_label":"Sur commande","short_details":"Balmain, Laville \u2014 Le Seuil","translator":null,"weight":529,"page_count":null,"readership":null,"editor":"Le Seuil","price":1930,"published_date":"2006-10-18T22:00:00.000000Z","support":"Grand format","publisher_availability":1,"stock":0,"editions":[],"url":"https:\/\/quaidesbrumes.com\/ouvrage\/9782020847070\/achetons-responsable"},{"id":"9782747515061","title":"La cooperation franco-allemande pour la protection du rhin","description":"Afin de g\u00e9rer de mani\u00e8re durable la ressource en eau, il est n\u00e9cessaire qu'une coop\u00e9ration se mette en place entre les diff\u00e9rents domaines d'int\u00e9r\u00eat tels que l'\u00e9cologie, les transports. la production d'\u00e9nergie, la production d'eau potable, l'industrie, l'agriculture, la p\u00eache et le tourisme. Cet ouvrage pr\u00e9sente la coop\u00e9ration franco--allemande pour la protection du Rhin en analysant ses structures, son fonctionnement et les probl\u00e8mes actuels.\r","authors":["Sabine Mollenkamp"],"category_codes":["4000000","4010000","4010200","4010208"],"visuals":{"large":"https:\/\/images.epagine.fr\/061\/9782747515061_1_75.jpg","medium":"https:\/\/images.epagine.fr\/061\/9782747515061_1_m.jpg","thumbnail":"https:\/\/images.epagine.fr\/061\/9782747515061_1_v.jpg"},"orderable":true,"show_badge":true,"formatted_price":"24,00&nbsp;\u20ac","formatted_published_date":"1er novembre 2003","publisher_availability_label":"Sur commande","short_details":"Sabine Mollenkamp \u2014 \u00c9ditions L'Harmattan","translator":null,"weight":344,"page_count":272,"readership":null,"editor":"\u00c9ditions L'Harmattan","price":2400,"published_date":"2003-10-31T23:00:00.000000Z","support":"Grand format","publisher_availability":1,"stock":0,"editions":[],"url":"https:\/\/quaidesbrumes.com\/ouvrage\/9782747515061\/la-cooperation-franco-allemande-pour-la-protection-du-rhin"},{"id":"9782747569606","title":"Eoliennes, quels impacts environnementaux - actes du colloque - angers - 23 mai 2003","description":"Les \u00e9oliennes, \u00e9quipements techniquement matures, produisant  une \u00e9nergie renouvelable, sont pourtant encore peu nombreuses en France. Sous l'impulsion de l'Union europ\u00e9enne qui fixe des objectifs aux Etats membre en mati\u00e8re de production d'\u00e9nergie renouvelable et du fait de l'augmentation du tarif fran\u00e7ais de rachat de l'\u00e9lectricit\u00e9 produite par les \u00e9oliennes, les projets se multiplient sur les zones favorables du territoire fran\u00e7ais. Il a sembl\u00e9 opportun, \u00e0 ce moment charni\u00e8re de l'\u00e9olien en France, de faire un \u00e9tat des lieux des connaissances sur les impacts de l'implantation d'\u00e9oliennes.\r","authors":[],"category_codes":["4000000","4010000","4010200","4010208"],"visuals":{"large":"https:\/\/images.epagine.fr\/606\/9782747569606_1_75.jpg","medium":"https:\/\/images.epagine.fr\/606\/9782747569606_1_m.jpg","thumbnail":"https:\/\/images.epagine.fr\/606\/9782747569606_1_v.jpg"},"orderable":true,"show_badge":true,"formatted_price":"23,00&nbsp;\u20ac","formatted_published_date":"1er novembre 2004","publisher_availability_label":"Sur commande","short_details":"\u00c9ditions L'Harmattan","translator":null,"weight":320,"page_count":232,"readership":null,"editor":"\u00c9ditions L'Harmattan","price":2300,"published_date":"2004-10-31T23:00:00.000000Z","support":"Grand format","publisher_availability":1,"stock":0,"editions":[],"url":"https:\/\/quaidesbrumes.com\/ouvrage\/9782747569606\/eoliennes-quels-impacts-environnementaux-actes-du-colloque-angers-23-mai-2003"},{"id":"9782845619166","title":"Mon herbier du Limousin","description":"Cet herbier reprend des planches dessin\u00e9es par de c\u00e9l\u00e8bres lithographes fran\u00e7ais : A. Mignot, Pretre ou encore Monsieur Leclerc du Sablon.\r\nL'auteur, Anne Richard, botaniste, s'est attach\u00e9e \u00e0 rassembler ces planches, \u00e0 les regrouper par r\u00e9gions.\r\nUn herbier complet en deux parties : une partie description et d\u00e9couverte de la flore de nos campagnes et une partie vierge qui permet aux lecteurs de constituer leur propre herbier en suivant le mod\u00e8le propos\u00e9.\r\nDes pages de calques pr\u00e9serveront les fleurs collect\u00e9es, comme dans un herbier professionnel.\r","authors":["Anne Richard"],"category_codes":["4000000","4010000","4010400"],"visuals":{"large":"https:\/\/images.epagine.fr\/166\/9782845619166_1_75.jpg","medium":"https:\/\/images.epagine.fr\/166\/9782845619166_1_m.jpg","thumbnail":"https:\/\/images.epagine.fr\/166\/9782845619166_1_v.jpg"},"orderable":true,"show_badge":true,"formatted_price":"0,00&nbsp;\u20ac","formatted_published_date":"13 juin 2012","publisher_availability_label":"Sur commande","short_details":"Anne Richard \u2014 La Geste","translator":null,"weight":0,"page_count":200,"readership":null,"editor":"La Geste","price":0,"published_date":"2012-06-12T22:00:00.000000Z","support":"Grand format","publisher_availability":1,"stock":0,"editions":[],"url":"https:\/\/quaidesbrumes.com\/ouvrage\/9782845619166\/mon-herbier-du-limousin"},{"id":"9782940408498","title":"Jardin des plantes","description":"Mondialement connu pour ses pi\u00e8ces de th\u00e9\u00e2tre, Strindberg r\u00e9dige Jardin des Plantes en 1895 et 1896. Ce texte est l'illustration de l'\u00e9clectisme de son auteur et de son impressionnante soif de savoir. Il lit \u00e0 cette \u00e9poque des ouvrages scientifiques en tout genre ; il tente des exp\u00e9riences chimiques dans sa chambre \u00e0 l'h\u00f4tel, ainsi que dans un laboratoire de la Sorbonne, et il prend des notes sur ses observations botaniques au Jardin des Plantes. Il consid\u00e8re ce Jardin comme le symbole du paradis terrestre, contenant tout le texte de la cr\u00e9ation, comme il l'explique dans l'ouverture de Stenarnes suckan (Le soupir des pierres), la premi\u00e8re partie de Jardin des Plantes.\r\n\r\nLe texte de l'\u00e9crivain su\u00e9dois est ici publi\u00e9 avec des illustrations de Antonio Marinoni, artiste italien connu par le public fran\u00e7ais pour ses illustrations des albums jeunesse : L'heure bleue et Velours et Le nez d'un voleur (les deux chez Na\u00efve). Ses illustrations m\u00e9langeant citations d'art et mises en sc\u00e8nes botaniques, proposent une lecture vraiment surprenante de ce texte oubli\u00e9 de Strindberg. \r\nCe livre n'a jamais \u00e9t\u00e9 r\u00e9\u00e9dit\u00e9 depuis sa parution en 1896 ; 2012 sera \"l'ann\u00e9e Strindberg\" avec le premier centenaire de sa mort.\r","authors":["Antonio Marinoni","August Strindberg"],"category_codes":["4000000","4010000","4010300","4010302"],"visuals":{"large":"https:\/\/images.epagine.fr\/498\/9782940408498_1_75.jpg","medium":"https:\/\/images.epagine.fr\/498\/9782940408498_1_m.jpg","thumbnail":"https:\/\/images.epagine.fr\/498\/9782940408498_1_v.jpg"},"orderable":true,"show_badge":true,"formatted_price":"18,00&nbsp;\u20ac","formatted_published_date":"16 mai 2012","publisher_availability_label":"Sur commande","short_details":"Antonio Marinoni, August Strindberg \u2014 Notari","translator":null,"weight":668,"page_count":194,"readership":null,"editor":"Notari","price":1800,"published_date":"2012-05-15T22:00:00.000000Z","support":"Beaux-livres","publisher_availability":1,"stock":0,"editions":[],"url":"https:\/\/quaidesbrumes.com\/ouvrage\/9782940408498\/jardin-des-plantes"},{"id":"9782843771965","title":"Pour une transition \u00e9cologique citoyenne","description":"Notre \u00e9poque fait le grand \u00e9cart entre des connaissances ouvrant sur une utopie galopante et d'autres annonciatrices d'un ab\u00eeme li\u00e9 au mod\u00e8le de d\u00e9veloppement qui domine le monde. La contradiction est b\u00e9ante. Un terme, celui de \u00ab?transition \u00e9cologique?\u00bb, est mobilis\u00e9, qui fait office de mot d'ordre pour la r\u00e9soudre. Puisant dans l'histoire des deux si\u00e8cles h\u00e9rit\u00e9s de ladite \u00ab?R\u00e9volution industrielle?\u00bb, Marcel Jollivet esquisse le chemin de la prise de conscience des risques que l'humanit\u00e9 encourt en raison de ses agissements. Il en ressort l'importance du r\u00f4le que la soci\u00e9t\u00e9 civile et la recherche ont jou\u00e9 dans cette prise de conscience.  \r\n\r\nLa radicalit\u00e9 des mutations soci\u00e9tales \u00e0 accomplir fait que la transition qui s'impose ne sera \u00ab?\u00e9cologique?\u00bb, au sens strict du terme, que si elle est appropri\u00e9e par les citoyens. Il faut pour cela qu'advienne une v\u00e9ritable \u00ab?d\u00e9mocratie technique et \u00e9cologique participative?\u00bb. Cet av\u00e8nement ne se produira que s'il est impos\u00e9 par une mobilisation des forces vives de la soci\u00e9t\u00e9 civile qui en portent le projet. En tant que participant de ces forces vives, les chercheurs ont tout particuli\u00e8rement \u00e0 s'interroger sur leur fa\u00e7on d'y contribuer. L'approfondissement du dialogue entre eux et la \u00ab?soci\u00e9t\u00e9 civile organis\u00e9e?\u00bb est la cheville ouvri\u00e8re de la mobilisation n\u00e9cessaire.\r","authors":["Marcel Jollivet"],"category_codes":["4000000","4010000","4010200","4010207"],"visuals":{"large":"https:\/\/images.epagine.fr\/965\/9782843771965_1_75.jpg","medium":"https:\/\/images.epagine.fr\/965\/9782843771965_1_m.jpg","thumbnail":"https:\/\/images.epagine.fr\/965\/9782843771965_1_v.jpg"},"orderable":true,"show_badge":true,"formatted_price":"16,00&nbsp;\u20ac","formatted_published_date":"24 novembre 2015","publisher_availability_label":"Sur commande","short_details":"Marcel Jollivet \u2014 CHARLES LEOPOLD MAYER - ECLM","translator":null,"weight":205,"page_count":144,"readership":null,"editor":"CHARLES LEOPOLD MAYER - ECLM","price":1600,"published_date":"2015-11-23T23:00:00.000000Z","support":"Grand format","publisher_availability":1,"stock":0,"editions":[],"url":"https:\/\/quaidesbrumes.com\/ouvrage\/9782843771965\/pour-une-transition-ecologique-citoyenne"},{"id":"9782755803228","title":"Les grands phares manche - atlantique - depliant","description":null,"authors":["Montron"],"category_codes":["4000000","4010000","4010300","4010304"],"visuals":{"large":"https:\/\/images.epagine.fr\/228\/9782755803228_1_75.jpg","medium":"https:\/\/images.epagine.fr\/228\/9782755803228_1_m.jpg","thumbnail":"https:\/\/images.epagine.fr\/228\/9782755803228_1_v.jpg"},"orderable":true,"show_badge":true,"formatted_price":"2,00&nbsp;\u20ac","formatted_published_date":"29 mai 2012","publisher_availability_label":"Sur commande","short_details":"Montron \u2014 Gisserot","translator":null,"weight":54,"page_count":null,"readership":null,"editor":"Gisserot","price":200,"published_date":"2012-05-28T22:00:00.000000Z","support":"Grand format","publisher_availability":1,"stock":0,"editions":[],"url":"https:\/\/quaidesbrumes.com\/ouvrage\/9782755803228\/les-grands-phares-manche-atlantique-depliant"},{"id":"9782494709065","title":"Sainte \u00c9cologie AIDEZ-NOUS ! : chronique de 2 catastrophes annonc\u00e9es !","description":"Sainte \u00c9cologie ! Aidez-nous !\r\nSainte \u00c9cologie, faites arr\u00eater l'assassinat des\r\nvoitures \u00e0 essence et diesel pr\u00e9vu en 2035 !\r\nSainte \u00c9cologie, faites arr\u00eater l'installation des\r\n\u00e9oliennes \u00e0 h\u00e9lices g\u00e9antes, fragiles et peu rentables, qui\r\nvont d\u00e9figurer et ruiner la France !\r\nSainte \u00c9cologie, faites revenir notre soci\u00e9t\u00e9 au BON SENS !","authors":["Edmond Thuries","Eug\u00e9nie Clotilde Burdet"],"category_codes":["4000000","4010000","4010200","4010207"],"visuals":{"large":"https:\/\/images.epagine.fr\/065\/9782494709065_1_75.jpg","medium":"https:\/\/images.epagine.fr\/065\/9782494709065_1_m.jpg","thumbnail":"https:\/\/images.epagine.fr\/065\/9782494709065_1_v.jpg"},"orderable":true,"show_badge":true,"formatted_price":"5,00&nbsp;\u20ac","formatted_published_date":"18 juin 2024","publisher_availability_label":"Sur commande","short_details":"Edmond Thuries, Eug\u00e9nie Clotilde Burdet \u2014 Cesura","translator":null,"weight":98,"page_count":72,"readership":null,"editor":"Cesura","price":500,"published_date":"2024-06-17T22:00:00.000000Z","support":"Grand format","publisher_availability":1,"stock":0,"editions":[],"url":"https:\/\/quaidesbrumes.com\/ouvrage\/9782494709065\/sainte-ecologie-aidez-nous-chronique-de-2-catastrophes-annoncees"},{"id":"9782491328061","title":"Jardins des Va\u00eetes : Une lutte pour le vivant \u00e0 Besan\u00e7on","description":"Cet ouvrage, est issu du travail et de la r\u00e9flexion collective de l'association \"Les Jardins des Va\u00eetes\".\r\nR\u00e9cit du combat pour la sauvegarde de 34 hectares de jardins, zones humides, espaces naturels et mara\u00eechers des Va\u00eetes, contribution au d\u00e9bat public qui entoure le projet de construction d'un \u00e9coquartier, il illustre un exemple concret de lutte pour le vivant.\r\nComme jadis \u00e0 Besan\u00e7on des travailleur\u00b7euses de l'horlogerie ont port\u00e9 haut et fort le combat pour une vie digne dans une soci\u00e9t\u00e9 \u00e9galitaire et autog\u00e9r\u00e9e, la mobilisation citoyenne pour prot\u00e9ger de la b\u00e9tonisation la zone naturelle et cultiv\u00e9e des Va\u00eetes, en plein coeur de la ville, questionne notre relation au vivant et la place de l'humain dans son environnement, s'il ne veut pas dispara\u00eetre avec lui.\r\nElle dessine les formes d'organisation d'un \"habiter autrement\" la ville, qu'exp\u00e9rimentent aussi d'autres mouvements de r\u00e9sistance aux Grands Projets Inutiles et Impos\u00e9s en France et dans le monde.\r\nPr\u00e9face de Gilles Cl\u00e9ment et Corinne Morel-Darleux","authors":["Daniel Fortin","Marie-H\u00e9l\u00e8ne Parreaux","Claire Arnoux"],"category_codes":["4000000","4010000","4010200","4010207"],"visuals":{"large":"https:\/\/images.epagine.fr\/061\/9782491328061_1_75.jpg","medium":"https:\/\/images.epagine.fr\/061\/9782491328061_1_m.jpg","thumbnail":"https:\/\/images.epagine.fr\/061\/9782491328061_1_v.jpg"},"orderable":true,"show_badge":true,"formatted_price":"9,00&nbsp;\u20ac","formatted_published_date":"15 mars 2021","publisher_availability_label":"Sur commande","short_details":"Daniel Fortin, Marie-H\u00e9l\u00e8ne Parreaux, Claire Arnoux \u2014 Editions 2031","translator":null,"weight":175,"page_count":44,"readership":null,"editor":"Editions 2031","price":900,"published_date":"2021-03-14T23:00:00.000000Z","support":"Grand format","publisher_availability":1,"stock":0,"editions":[],"url":"https:\/\/quaidesbrumes.com\/ouvrage\/9782491328061\/jardins-des-vaites-une-lutte-pour-le-vivant-a-besancon"},{"id":"9782311403121","title":"La ceinture de feu ; volcans actifs autour du Pacifique","description":"Un \u00e9tonnant voyage autour du Pacifique, une pr\u00e9sentation compl\u00e8te des volcans les plus actifs qui s'\u00e9gr\u00e8nent, de l'h\u00e9misph\u00e8re nord \u00e0 l'h\u00e9misph\u00e8re sud, le long de la Ceinture de feu.  Les m\u00eames c\u00f4nes sym\u00e9triques aux pentes raides, les m\u00eames laves visqueuses, les m\u00eames \u00e9ruptions explosives caract\u00e9risent la plupart des volcans de la Ceinture de feu du Pacifique. Ils marquent le rebord de profondes fosses qui t\u00e9moignent de l'activit\u00e9 tectonique de cette r\u00e9gion, n\u00e9s du processus de subduction.De la Nouvelle Z\u00e9lande \u00e0 la Sib\u00e9rie orientale, de l'Alaska \u00e0 l'Antarctique, chaque pays concern\u00e9 sera vu en regard de ses caract\u00e9ristiques tectoniques, volcaniques et environnementales.Largement illustr\u00e9, cet ouvrage s'adresse toute personne int\u00e9ress\u00e9e par la g\u00e9ographie, la volcanologie et les ph\u00e9nom\u00e8nes naturels de notre plan\u00e8te.\r\n\r\nSommaire - Volcanisme et tectonique 1. Approche g\u00e9n\u00e9rale du volcanisme sur Terre  2. Le m\u00e9canisme g\u00e9ologique \u00e0 l'origine de la subductionII - la Ceinture de feu 3. Pr\u00e9sentation g\u00e9n\u00e9rale  4. Les pays et leurs volcansIII - Les risques volcaniques 5. Surveillance   6. Instrumentation des volcans actifs Annexe Tableau des \u00e9ruptions les plus meurtri\u00e8res Lexique des termes employ\u00e9s","authors":["Henry Gaudru"],"category_codes":["4000000","4010000","4010300","4010307"],"visuals":{"large":"https:\/\/images.epagine.fr\/121\/9782311403121_1_75.jpg","medium":"https:\/\/images.epagine.fr\/121\/9782311403121_1_m.jpg","thumbnail":"https:\/\/images.epagine.fr\/121\/9782311403121_1_v.jpg"},"orderable":true,"show_badge":true,"formatted_price":"27,50&nbsp;\u20ac","formatted_published_date":"21 octobre 2016","publisher_availability_label":"Sur commande","short_details":"Henry Gaudru \u2014 Vuibert","translator":null,"weight":544,"page_count":192,"readership":null,"editor":"Vuibert","price":2750,"published_date":"2016-10-20T22:00:00.000000Z","support":"Grand format","publisher_availability":1,"stock":0,"editions":[],"url":"https:\/\/quaidesbrumes.com\/ouvrage\/9782311403121\/la-ceinture-de-feu-volcans-actifs-autour-du-pacifique"},{"id":"9782380582413","title":"Atlas des \u00e9paves de la France hexagonale et la Corse : plus de 400 points GPS avec cartes marines","description":"Les fonds marins regorgent de mille et une merveilles dont les \u00e9paves font partie ! Des \u00e9paves de bateaux, de sous-marins, d'avions, qui suscitent toujours la fascination, sont catalogu\u00e9es par milliers sur les cartes marines. Les raisons de leur pr\u00e9sence sont vari\u00e9es : entre abandon, \u00e9chouement, naufrage et sabordage, leurs histoires sont toutes plus passionnantes les unes que les autres. Dans cet atlas sont r\u00e9pertori\u00e9es les \u00e9paves les plus remarquables du littoral fran\u00e7ais. Du paquebot L\u00e9opoldville au p\u00e9trolier Amoco Cadiz en passant par le sous-marin allemand U171, l'ouvrage offre de multiples anecdotes ainsi que des informations pratiques telles que le type d'\u00e9pave, sa position, sa profondeur, son accessibilit\u00e9, pour ravir aussi bien les plongeurs qui souhaitent s'adonner \u00e0 l'exploration de ces tr\u00e9sors engloutis, mais \u00e9galement les p\u00eacheurs car une \u00e9pave est sans conteste un point d'attractivit\u00e9 autant pour la flore que pour la faune marine. Cet ouvrage r\u00e9pondra \u00e0 la curiosit\u00e9 du grand public comme des sp\u00e9cialistes et amateurs des profondeurs sous-marines !","authors":["Collectif"],"category_codes":["4000000","4010000","4010300","4010304"],"visuals":{"large":"https:\/\/images.epagine.fr\/413\/9782380582413_1_75.jpg","medium":"https:\/\/images.epagine.fr\/413\/9782380582413_1_m.jpg","thumbnail":"https:\/\/images.epagine.fr\/413\/9782380582413_1_v.jpg"},"orderable":true,"show_badge":true,"formatted_price":"24,95&nbsp;\u20ac","formatted_published_date":"3 juin 2022","publisher_availability_label":"Sur commande","short_details":"Collectif \u2014 Casa \u00c9ditions","translator":null,"weight":750,"page_count":144,"readership":null,"editor":"Casa \u00c9ditions","price":2495,"published_date":"2022-06-02T22:00:00.000000Z","support":"Grand format","publisher_availability":1,"stock":0,"editions":[],"url":"https:\/\/quaidesbrumes.com\/ouvrage\/9782380582413\/atlas-des-epaves-de-la-france-hexagonale-et-la-corse-plus-de-400-points-gps-avec-cartes-marines"},{"id":"9782490198276","title":"Les tribulations d'un r\u00e9ensauvageur contrari\u00e9","description":"Vingt-trois p\u00e9rip\u00e9ties drolatiques ou bouleversantes d\u00e9voilent les m\u00e9faits, l\u00e2chet\u00e9s et compromis actuels des humains \u00e0 l'\u00e9gard des animaux libres ou asservis. Avec Th\u00e9o, son h\u00e9ros fac\u00e9tieux, jeune \u00e9co activiste en col\u00e8re, inventeur d'actions \u00e9clatantes et cocasses, Philippe Guerlet m\u00e8ne une lutte in\u00e9dite sans jamais recourir \u00e0 la violence.    L'objectif : ridiculiser souvent, mais contrer toujours. Soit la chasse aux troph\u00e9es en terre africaine, soit les trafics illicites de singes et d'oiseaux exotiques... Alerter sur les traditions sanglantes, comme celles des dauphins massacr\u00e9s aux F\u00e9ro\u00e9, et bien d'autres ! R\u00e9v\u00e9ler les mille et une exactions d\u00e9vastant la faune sauvage \u00e0 travers la plan\u00e8te.  En compl\u00e9ment de ces r\u00e9cits qui, selon Allain Bougrain-Dubourg, offrent \u00ab une mani\u00e8re judicieuse de servir la cause \u00bb se manifestent des responsables d'associations de sauvegarde du monde animal, et des ONG, soutenus par l'humour de dessinateurs tout aussi combatifs.\r","authors":["Philippe Guerlet"],"category_codes":["4000000","4010000","4010200"],"visuals":{"large":"https:\/\/images.epagine.fr\/276\/9782490198276_1_75.jpg","medium":"https:\/\/images.epagine.fr\/276\/9782490198276_1_m.jpg","thumbnail":"https:\/\/images.epagine.fr\/276\/9782490198276_1_v.jpg"},"orderable":true,"show_badge":true,"formatted_price":"17,00&nbsp;\u20ac","formatted_published_date":"23 juillet 2021","publisher_availability_label":"Sur commande","short_details":"Philippe Guerlet \u2014 Triartis","translator":null,"weight":390,"page_count":192,"readership":null,"editor":"Triartis","price":1700,"published_date":"2021-07-22T22:00:00.000000Z","support":"Grand format","publisher_availability":1,"stock":0,"editions":[],"url":"https:\/\/quaidesbrumes.com\/ouvrage\/9782490198276\/les-tribulations-dun-reensauvageur-contrarie"},{"id":"9782807306608","title":"Le climat dans tous ses \u00e9tats","description":"Une \u00e9tude objective des variations climatiques, de leurs causes et de leurs effets et celle des risques qu'elles font d\u00e9ja peser sur notre environnement. Si le r\u00e9chauffement climatique actuel a d\u00e9but\u00e9 il y a 12 000 ans environ, il est depuis trente ans un sujet mondial d'inqui\u00e9tude. Il serait la cause d'innombrables catastrophes actuelles et futures.\r\nQui en est responsable ? Va-t-il se poursuivre ? Avec quelle intensit\u00e9 ? Avec quels effets sur la vie en g\u00e9n\u00e9ral et sur l'homme en particulier ?\r\nAmbigu\u00ebs et controvers\u00e9es, Les r\u00e9ponses \u00e0 ces questions entretiennent de v\u00e9h\u00e9mentes pol\u00e9miques sur l'hypoth\u00e8se d'une responsabilit\u00e9 humaine dans son accroissement. Pour tenter d'y mettre fin, Pierre Martin s'applique ici - avec m\u00e9thode et sans parti pris - \u00e0 l'\u00e9tude objective des variations climatiques, de leurs causes et de leurs effets, ainsi que celle des risques qu'elles font d\u00e9j\u00e0 peser sur notre environnement.\r\nSommaire1. Le r\u00e9chauffement ? Commen\u00e7ons par le commencement ! - 2. Beaucoup d'agitation pour pas grand-chose (Le consensus - Politique et \u00e9conomie) - 3. Des mots de guerre (Le th\u00e9\u00e2tre - Les arm\u00e9es - Les combats) - 4. Des climatologues s\u00e9rieux ? En voici quelques uns ! - 5. \u00c9tats observ\u00e9s - 6. \u00c9tats calcul\u00e9s - 7. Le probl\u00e8me n'est pas r\u00e9solu ! - 8. Et ensuite ?","authors":["Pierre Martin"],"category_codes":["4000000","4010000","4010200","4010208"],"visuals":{"large":"https:\/\/images.epagine.fr\/608\/9782807306608_1_75.jpg","medium":"https:\/\/images.epagine.fr\/608\/9782807306608_1_m.jpg","thumbnail":"https:\/\/images.epagine.fr\/608\/9782807306608_1_v.jpg"},"orderable":true,"show_badge":true,"formatted_price":"12,90&nbsp;\u20ac","formatted_published_date":"17 mars 2017","publisher_availability_label":"Sur commande","short_details":"Pierre Martin \u2014 De Boeck Sup\u00e9rieur","translator":null,"weight":260,"page_count":192,"readership":null,"editor":"De Boeck Sup\u00e9rieur","price":1290,"published_date":"2017-03-16T23:00:00.000000Z","support":"Grand format","publisher_availability":1,"stock":0,"editions":[],"url":"https:\/\/quaidesbrumes.com\/ouvrage\/9782807306608\/le-climat-dans-tous-ses-etats"}]}