{"data":[{"id":"9782343232188","title":"Des arbres et des for\u00eats ; dictionnaire pour comprendre ces fabuleux organismes vivants","description":"Cet ouvrage est une approche personnelle concernant les arbres et la for\u00eat, nourrie par plusieurs d\u00e9cennies d'enseignement universitaire et de recherches. Il est organis\u00e9 \u00e0 la mani\u00e8re d'un dictionnaire, chacun des mots choisis \u00e9tant pr\u00e9texte \u00e0 une r\u00e9flexion plus singuli\u00e8re sur l'arbre, fabuleux organisme vivant, la for\u00eat, contrainte par un environnement changeant, et le chercheur \u00e9cologue confront\u00e9 \u00e0 toute la complexit\u00e9 de ces \u00e9cosyst\u00e8mes. Facile d'acc\u00e8s, ce recueil se veut n\u00e9anmoins dict\u00e9 par une rigueur scientifique revendiqu\u00e9e, caract\u00e9risant l'\u00e9cologie scientifique. Ceci n'emp\u00eache cependant pas un regard passionn\u00e9 privil\u00e9giant les relations que les humains entretiennent ou ont entretenu avec ces autres habitants de notre plan\u00e8te. A notre \u00e9poque, la for\u00eat constitue un enjeu scientifique et soci\u00e9tal crucial, et le discours scientifiquement doit pr\u00e9valoir.","authors":["Thierry Gauquelin"],"category_codes":["4000000","4010000","4010400","4010406"],"visuals":{"large":"https:\/\/images.epagine.fr\/188\/9782343232188_1_75.jpg","medium":"https:\/\/images.epagine.fr\/188\/9782343232188_1_m.jpg","thumbnail":"https:\/\/images.epagine.fr\/188\/9782343232188_1_v.jpg"},"orderable":true,"show_badge":true,"formatted_price":"22,00&nbsp;\u20ac","formatted_published_date":"8 juin 2021","publisher_availability_label":"Sur commande","short_details":"Thierry Gauquelin \u2014 \u00c9ditions L'Harmattan","translator":null,"weight":243,"page_count":188,"readership":null,"editor":"\u00c9ditions L'Harmattan","price":2200,"published_date":"2021-06-07T22:00:00.000000Z","support":"Grand format","publisher_availability":1,"stock":0,"editions":[],"url":"https:\/\/quaidesbrumes.com\/ouvrage\/9782343232188\/des-arbres-et-des-forets-dictionnaire-pour-comprendre-ces-fabuleux-organismes-vivants"},{"id":"9782351912027","title":"Ma\u00eetriser le tir \u00e0 balles","description":"Bas\u00e9 sur une exp\u00e9rience impressionnante du terrain, cet ouvrage d\u00e9montre que la maitrise du tir \u00e0 balles est le fruit d'une longue pr\u00e9paration mentale, physique et mat\u00e9rielle.\r\nTous les tenants et les aboutissants de cette discipline sont ici d\u00e9taill\u00e9s: choix des cartouches, des calibres, de l'arme, du point vis\u00e9 selon l'animal chass\u00e9.\r\nUne somme technique et pratique exhaustive indispensable pour qui veut pratiquer efficacement la grande chasse.\r","authors":["Jean-pierre Menu"],"category_codes":["4000000","4010000","4010500","4010502"],"visuals":{"large":"https:\/\/images.epagine.fr\/027\/9782351912027_1_75.jpg","medium":"https:\/\/images.epagine.fr\/027\/9782351912027_1_m.jpg","thumbnail":"https:\/\/images.epagine.fr\/027\/9782351912027_1_v.jpg"},"orderable":true,"show_badge":true,"formatted_price":"49,00&nbsp;\u20ac","formatted_published_date":"7 juin 2019","publisher_availability_label":"Sur commande","short_details":"Jean-pierre Menu \u2014 GERFAUT","translator":null,"weight":1040,"page_count":304,"readership":null,"editor":"GERFAUT","price":4900,"published_date":"2019-06-06T22:00:00.000000Z","support":"Grand format","publisher_availability":1,"stock":0,"editions":[],"url":"https:\/\/quaidesbrumes.com\/ouvrage\/9782351912027\/maitriser-le-tir-a-balles"},{"id":"9782806637659","title":"Transitions \u00e9nerg\u00e9tiques et d\u00e9veloppement : modalit\u00e9s et \u00e9tudes de cas","description":"Concilier croissance, d\u00e9veloppement et acc\u00e8s \u00e0 l'\u00e9nergie pour tous, tout en assurant la s\u00e9curit\u00e9 alimentaire des populations et une protection active de l'environnement, constitue le d\u00e9fi d'envergure de demain pour des pays aux contextes socio-\u00e9conomiques et politiques aussi dissemblables que la Chine, le S\u00e9n\u00e9gal ou l'\u00eele Maurice. Les impacts de la production \u00e9nerg\u00e9tique sur la politique agricole, la d\u00e9forestation (usage des sols et d\u00e9veloppement des biocarburants) et la biodiversit\u00e9 se cumulent dans un contexte de fortes tensions sur les ressources renouvelables traditionnelles...","authors":["Jean Brot","Olivier Damette","Hubert G\u00e9rardin"],"category_codes":["4000000","4010000","4010200","4010208"],"visuals":{"large":"https:\/\/images.epagine.fr\/659\/9782806637659_1_75.jpg","medium":"https:\/\/images.epagine.fr\/659\/9782806637659_1_m.jpg","thumbnail":"https:\/\/images.epagine.fr\/659\/9782806637659_1_v.jpg"},"orderable":true,"show_badge":true,"formatted_price":"27,00&nbsp;\u20ac","formatted_published_date":"15 mars 2022","publisher_availability_label":"Sur commande","short_details":"Jean Brot, Olivier Damette, Hubert G\u00e9rardin \u2014 ACADEMIA","translator":null,"weight":380,"page_count":242,"readership":null,"editor":"ACADEMIA","price":2700,"published_date":"2022-03-14T23:00:00.000000Z","support":"Grand format","publisher_availability":1,"stock":0,"editions":[],"url":"https:\/\/quaidesbrumes.com\/ouvrage\/9782806637659\/transitions-energetiques-et-developpement-modalites-et-etudes-de-cas"},{"id":"9782343121062","title":"Vers une (r\u00e9)adaptation \u00e9cologique","description":"\"A la fois essai et trait\u00e9, cet ouvrage propose une nouvelle vision de la (r\u00e9)adaptation afin qu elle s inscrive dans un contexte \u00e9cologique au niveau de l individu bless\u00e9 ou malade. Des perspectives \u00e9valuatives et m\u00e9thodologiques adapt\u00e9es sont ainsi propos\u00e9es en ad\u00e9quation avec cette nouvelle approche. Trois concepts majeurs sont ainsi introduits : il n y a pas d \u00e9volution vers un id\u00e9al personnel ou soci\u00e9tal; l adaptation est toujours un m\u00e9canisme relatif \u00e0 un environnement \u00e0 un moment donn\u00e9; la (r\u00e9)adaptation ne peut jamais qu avoir une base communautaire et s inscrire dans l avenir.\"\r","authors":["Serge Dalla piazza"],"category_codes":["4000000","4010000","4010200"],"visuals":{"large":"https:\/\/images.epagine.fr\/062\/9782343121062_1_75.jpg","medium":"https:\/\/images.epagine.fr\/062\/9782343121062_1_m.jpg","thumbnail":"https:\/\/images.epagine.fr\/062\/9782343121062_1_v.jpg"},"orderable":true,"show_badge":true,"formatted_price":"26,50&nbsp;\u20ac","formatted_published_date":"30 mai 2017","publisher_availability_label":"Sur commande","short_details":"Serge Dalla piazza \u2014 \u00c9ditions L'Harmattan","translator":null,"weight":362,"page_count":232,"readership":null,"editor":"\u00c9ditions L'Harmattan","price":2650,"published_date":"2017-05-29T22:00:00.000000Z","support":"Grand format","publisher_availability":1,"stock":0,"editions":[],"url":"https:\/\/quaidesbrumes.com\/ouvrage\/9782343121062\/vers-une-readaptation-ecologique"},{"id":"9782312143569","title":"Richesse et diversit\u00e9 des plantes sauvages : Les ressources alimentaires et m\u00e9dicinales de nos campagnes","description":"Nos anc\u00eatres, avant l'av\u00e8nement de l'agriculture, ne durent compter pour survivre que sur la cueillette des plantes sauvages et la pratique de la chasse.\r\nPendant des si\u00e8cles, ils test\u00e8rent avec plus ou moins de succ\u00e8s, de nombreuses plantes qui poussaient autour d'eux, pour se nourrir, faire des outils ou encore se soigner. Leur atout \u00e9tait probablement un instinct que l'homme d'aujourd'hui ne poss\u00e8de plus.\r\nAujourd'hui, face aux d\u00e9r\u00e8glements climatiques et \u00e0 la n\u00e9cessit\u00e9 d'utiliser des ressources locales saines, on red\u00e9couvre tout l'int\u00e9r\u00eat de diversifier son alimentation en se tournant vers les plantes sauvages.\r\nIl est av\u00e9r\u00e9, en effet, que les plantes sauvages comestibles et m\u00e9dicinales peuvent nous permettre de nous maintenir en meilleure sant\u00e9 en nous apportant des vitamines, des oligo-\u00e9l\u00e9ments et diverses substances chimiques ayant des effets positifs sur notre m\u00e9tabolisme.\r\nDans ce livre, j'ai souhait\u00e9 vous faire d\u00e9couvrir quelques plantes comestibles courantes, ayant souvent aussi des vertus m\u00e9dicinales. Ce livre est illustr\u00e9 de tr\u00e8s nombreuses photographies personnelles et comporte aussi des recettes simples et facile \u00e0 r\u00e9aliser.\r\nLaissez-vous guider vers ce monde fascinant des plantes comestibles et m\u00e9dicinales !","authors":["Fabrice Le Stang"],"category_codes":["4000000","4010000","4010300"],"visuals":{"large":"https:\/\/images.epagine.fr\/569\/9782312143569_1_75.jpg","medium":"https:\/\/images.epagine.fr\/569\/9782312143569_1_m.jpg","thumbnail":"https:\/\/images.epagine.fr\/569\/9782312143569_1_v.jpg"},"orderable":true,"show_badge":true,"formatted_price":"19,00&nbsp;\u20ac","formatted_published_date":"20 septembre 2024","publisher_availability_label":"Sur commande","short_details":"Fabrice Le Stang \u2014 Editions du Net","translator":null,"weight":231,"page_count":138,"readership":null,"editor":"Editions du Net","price":1900,"published_date":"2024-09-19T22:00:00.000000Z","support":"Grand format","publisher_availability":1,"stock":0,"editions":[],"url":"https:\/\/quaidesbrumes.com\/ouvrage\/9782312143569\/richesse-et-diversite-des-plantes-sauvages-les-ressources-alimentaires-et-medicinales-de-nos-campagnes"},{"id":"9782742713653","title":"Jardins d'\u00e9crivains","description":"o\u00f9 est pr\u00e9sent\u00e9 pour la premi\u00e8re fois une quarantaine de jardins d'\u00e9crivains du pass\u00e9 et d'aujourd'hui, de France et de l'\u00e9tranger, reflets de leur personnalit\u00e9 et parfois de leur oeuvre.","authors":["Jos\u00e9 Cabanis","Michel Baridon"],"category_codes":["4000000","4010000","4010300"],"visuals":{"large":"https:\/\/images.epagine.fr\/653\/9782742713653_1_75.jpg","medium":"https:\/\/images.epagine.fr\/653\/9782742713653_1_m.jpg","thumbnail":"https:\/\/images.epagine.fr\/653\/9782742713653_1_v.jpg"},"orderable":true,"show_badge":true,"formatted_price":"45,70&nbsp;\u20ac","formatted_published_date":"4 juin 1999","publisher_availability_label":"Sur commande","short_details":"Jos\u00e9 Cabanis, Michel Baridon \u2014 Actes Sud","translator":null,"weight":1315,"page_count":226,"readership":null,"editor":"Actes Sud","price":4570,"published_date":"1999-06-03T22:00:00.000000Z","support":"Beaux-livres","publisher_availability":1,"stock":0,"editions":[],"url":"https:\/\/quaidesbrumes.com\/ouvrage\/9782742713653\/jardins-decrivains"},{"id":"9782810626304","title":"10 bonnes raisons de ne rien changer : Petit manuel pour convaincre et se lancer dans le r\u00e9emploi des mat\u00e9riaux et produits de construction","description":"Dans un contexte o\u00f9 l'urgence \u00e9cologique et climatique ne cesse de s'intensifier, l'\u00e9conomie circulaire appara\u00eet comme une solution incontournable pour transformer nos syst\u00e8mes de production et de consommation. Le secteur de la construction, l'un des plus grands consommateurs de ressources et \u00e9metteurs de gaz \u00e0 effet de serre, doit imp\u00e9rativement adopter ces principes pour contribuer \u00e0 la lutte contre le changement climatique. \r\nCe petit manuel, destin\u00e9 \u00e0 convaincre et \u00e0 encourager l'adoption du r\u00e9emploi des produits de construction, d\u00e9construit avec humour et rigueur les pr\u00e9textes couramment avanc\u00e9s pour justifier l'inaction. \u00c0 travers des anecdotes professionnelles et des exemples concrets, l'auteur d\u00e9montre que le r\u00e9emploi n'est pas une utopie lointaine, mais une r\u00e9alit\u00e9 tangible et accessible. \r\nS\u00e9bastien Duprat nous invite \u00e0 repenser radicalement notre approche de la construction et de l'immobilier, en embrassant une vision circulaire, sobre et soutenable. Il nous montre comment les acteurs du secteur peuvent engager une nouvelle forme de travail en commun.\r\nCe livre est un appel \u00e0 l'action, une invitation \u00e0 changer de mani\u00e8re d\u00e9cisive pour pr\u00e9server climat et ressources, assurer un avenir viable aux b\u00e2tisseurs du futur et d\u00e9velopper des emplois locaux au service de la d\u00e9carbonation. Ensemble, nous pouvons construire un avenir o\u00f9 l'\u00e9conomie circulaire et la relocalisation vont de pair pour r\u00e9pondre aux d\u00e9fis \u00e9cologiques et climatiques de notre secteur.\r\nUn ouvrage indispensable pour tous les acteurs du secteur de la construction et de l'immobilier, ainsi que pour tous ceux qui souhaitent comprendre et soutenir la transition vers des mod\u00e8les \u00e9conomiques sobres et circulaires.","authors":["S\u00e9bastien Duprat"],"category_codes":["4000000","4010000","4010200"],"visuals":{"large":"https:\/\/images.epagine.fr\/304\/9782810626304_1_75.jpg","medium":"https:\/\/images.epagine.fr\/304\/9782810626304_1_m.jpg","thumbnail":"https:\/\/images.epagine.fr\/304\/9782810626304_1_v.jpg"},"orderable":true,"show_badge":true,"formatted_price":"10,00&nbsp;\u20ac","formatted_published_date":"16 mars 2025","publisher_availability_label":"Sur commande","short_details":"S\u00e9bastien Duprat \u2014 Books on Demand","translator":null,"weight":177,"page_count":114,"readership":null,"editor":"Books on Demand","price":1000,"published_date":"2025-03-15T23:00:00.000000Z","support":"Grand format","publisher_availability":1,"stock":0,"editions":[],"url":"https:\/\/quaidesbrumes.com\/ouvrage\/9782810626304\/10-bonnes-raisons-de-ne-rien-changer-petit-manuel-pour-convaincre-et-se-lancer-dans-le-reemploi-des-materiaux-et-produits-de-construction"},{"id":"9782759206346","title":"Cactus et plantes succulentes du monde","description":"Cactus et autres succulentes passionnent de plus en plus d'amateurs et de curieux, qui d\u00e9couvrent l'existence de ces v\u00e9g\u00e9taux, leur grande diversit\u00e9, et leur incroyable r\u00e9sistance \u00e0 la s\u00e9cheresse. Mais comment survivent les cactus et plantes succulentes dans les zones d\u00e9sertiques, arides les plus hostiles ? Cet ouvrage d\u00e9crit, sous forme de fiches, pr\u00e8s d'une centaine de cactus et plantes succulentes du monde rares et moins connus du grand public. Chaque fiche r\u00e9capitule l'origine, le milieu naturel environnant, le rythme de v\u00e9g\u00e9tation, le cycle de vie, les besoins en eau, la nature du sol, les conditions de temp\u00e9rature favorables \u00e0 leur d\u00e9veloppement. \u00c0 ces informations, s'ajoutent des conseils de culture clairs pour les reproduire en milieu artificiel le plus proche possible de leur habitat naturel.\r","authors":["Francis Bugaret"],"category_codes":["4000000","4010000","4010400"],"visuals":{"large":"https:\/\/images.epagine.fr\/346\/9782759206346_1_75.jpg","medium":"https:\/\/images.epagine.fr\/346\/9782759206346_1_m.jpg","thumbnail":"https:\/\/images.epagine.fr\/346\/9782759206346_1_v.jpg"},"orderable":true,"show_badge":true,"formatted_price":"17,00&nbsp;\u20ac","formatted_published_date":"26 juin 2010","publisher_availability_label":"Sur commande","short_details":"Francis Bugaret \u2014 Qu\u00e6","translator":null,"weight":498,"page_count":null,"readership":null,"editor":"Qu\u00e6","price":1700,"published_date":"2010-06-25T22:00:00.000000Z","support":"Grand format","publisher_availability":1,"stock":0,"editions":[],"url":"https:\/\/quaidesbrumes.com\/ouvrage\/9782759206346\/cactus-et-plantes-succulentes-du-monde"},{"id":"9782744907043","title":"Le platane ; portrait, botanique, maladies","description":"Panorama complet des connaissances existant \u00e0 ce jour sur le platane, arbre patrimonial par excellence qui a \u00e9t\u00e9 introduit en France d\u00e8s le 16\u00e8me si\u00e8cle. Origine, histoire, symbolique, biologie, botanique, toutes les caract\u00e9ristiques de cet arbre mythique sont largement d\u00e9crites et comment\u00e9es par l'auteur qui \u00e9voquera \u00e9galement les exigences \u00e9cologiques et les probl\u00e8mes sanitaires li\u00e9s \u00e0 sa culture. En quelques d\u00e9cennies, le platane est pass\u00e9 d'un statut de rusticit\u00e9 remarquable \u00e0 une position beaucoup plus expos\u00e9e, mais l'on peut aujourd'hui envisager l'avenir de cette esp\u00e8ce sous de bien meilleurs auspices gr\u00e2ce \u00e0 la s\u00e9lection d'un platane r\u00e9sistant au chancre color\u00e9, maladie normalement mortelle. V\u00e9ritable t\u00e9moignage personnel, l'auteur souhaite faire partager \u00e0 un large public son exp\u00e9rience et les r\u00e9sultats des derni\u00e8res recherches qu'il a men\u00e9es pour sauvegarder un des repr\u00e9sentants embl\u00e9matiques de notre patrimoine v\u00e9g\u00e9tal.\r","authors":["Andr\u00e9 Vigouroux"],"category_codes":["4000000","4010000","4010400","4010406"],"visuals":{"large":"https:\/\/images.epagine.fr\/043\/9782744907043_1_75.jpg","medium":"https:\/\/images.epagine.fr\/043\/9782744907043_1_m.jpg","thumbnail":"https:\/\/images.epagine.fr\/043\/9782744907043_1_v.jpg"},"orderable":true,"show_badge":true,"formatted_price":"17,00&nbsp;\u20ac","formatted_published_date":"14 septembre 2007","publisher_availability_label":"Sur commande","short_details":"Andr\u00e9 Vigouroux \u2014 Edisud","translator":null,"weight":382,"page_count":127,"readership":null,"editor":"Edisud","price":1700,"published_date":"2007-09-13T22:00:00.000000Z","support":"Grand format","publisher_availability":1,"stock":0,"editions":[],"url":"https:\/\/quaidesbrumes.com\/ouvrage\/9782744907043\/le-platane-portrait-botanique-maladies"},{"id":"9782373614008","title":"Quand la nature s'effondre : Comprendre les transitions abruptes dans les \u00e9cosyst\u00e8mes","description":"Bienvenue dans l'Anthropoc\u00e8ne! Nous nous appr\u00eatons \u00e0 entrer dans un monde dans lequel il fera plus chaud, souvent plus aride, et dans lequel la nature va profond\u00e9ment changer. Les \u00e9cosyst\u00e8mes vont se r\u00e9organiser, souvent se d\u00e9grader, parfois au cours de transitions abruptes que certains appellent \u00abeffondrements \u00e9cologiques\u00bb. Quelle r\u00e9alit\u00e9 se cache sous cette notion?\r\nCe livre fait la synth\u00e8se des multiples approches utilis\u00e9es dans le domaine de l'\u00e9cologie scientifique pour comprendre, d\u00e9finir et tenter de pr\u00e9dire les transitions abruptes dans les \u00e9cosyst\u00e8mes. \u00c0 l'aide de nombreux exemples concrets, il explique comment elles peuvent \u00e9merger dans des \u00e9cosyst\u00e8mes aussi diff\u00e9rents que des lacs, des for\u00eats tropicales, des populations d'oiseaux ou des pelouses alpines. Le livre pr\u00e9sente les outils math\u00e9matiques utilis\u00e9s pour mod\u00e9liser ces effondrements, depuis les travaux des pionniers du domaine jusqu'\u00e0 ceux, plus r\u00e9cents, fond\u00e9s sur l'analyse de r\u00e9seaux d'interactions toujours plus complexes. Enfin, cet ouvrage pr\u00e9sente diff\u00e9rentes approches pour tenter de pr\u00e9dire les transitions dans les \u00e9cosyst\u00e8mes, \u00e0 partir des observations actuelles.\r\nQuand la nature s'effondre int\u00e9ressera quiconque souhaite comprendre ce qui se cache derri\u00e8re cette notion d'effondrement appliqu\u00e9e aux syst\u00e8mes naturels, que ce soit pour ses \u00e9tudes, ses recherches ou pour \u00e9clairer d'un point de vue plus th\u00e9orique la gestion des espaces naturels. Il int\u00e9ressera aussi, bien s\u00fbr, les nombreux.ses citoyen.nes pour lesquels les pr\u00e9occupations environnementales sont pr\u00e9gnantes.","authors":["Alexandre Genin"],"category_codes":["4000000","4010000","4010200"],"visuals":{"large":"https:\/\/quaidesbrumes.com\/img\/book-placeholder.png","medium":"https:\/\/quaidesbrumes.com\/img\/book-placeholder.png","thumbnail":"https:\/\/quaidesbrumes.com\/img\/book-placeholder.png"},"orderable":true,"show_badge":true,"formatted_price":"15,00&nbsp;\u20ac","formatted_published_date":"16 mai 2023","publisher_availability_label":"Sur commande","short_details":"Alexandre Genin \u2014 EDITIONS MATERIOLOGIQUES","translator":null,"weight":300,"page_count":132,"readership":"Tout public","editor":"EDITIONS MATERIOLOGIQUES","price":1500,"published_date":"2023-05-15T22:00:00.000000Z","support":"Grand format","publisher_availability":1,"stock":0,"editions":[],"url":"https:\/\/quaidesbrumes.com\/ouvrage\/9782373614008\/quand-la-nature-seffondre-comprendre-les-transitions-abruptes-dans-les-ecosystemes"},{"id":"9782367820170","title":"Le peuple de l'ombre - les aventures humaines et felines des chats libres de nimes agglo","description":null,"authors":["Chats Libres Les"],"category_codes":["4000000","4010000","4010200","4010207"],"visuals":{"large":"https:\/\/images.epagine.fr\/170\/9782367820170_1_75.jpg","medium":"https:\/\/images.epagine.fr\/170\/9782367820170_1_m.jpg","thumbnail":"https:\/\/images.epagine.fr\/170\/9782367820170_1_v.jpg"},"orderable":true,"show_badge":true,"formatted_price":"15,00&nbsp;\u20ac","formatted_published_date":"25 novembre 2014","publisher_availability_label":"Sur commande","short_details":"Chats Libres Les \u2014 Puits De Roulle","translator":null,"weight":210,"page_count":null,"readership":null,"editor":"Puits De Roulle","price":1500,"published_date":"2014-11-24T23:00:00.000000Z","support":"Grand format","publisher_availability":1,"stock":0,"editions":[],"url":"https:\/\/quaidesbrumes.com\/ouvrage\/9782367820170\/le-peuple-de-lombre-les-aventures-humaines-et-felines-des-chats-libres-de-nimes-agglo"},{"id":"9782911207518","title":"Fleurs des antilles","description":null,"authors":["Pierre Laroche","Anne Chopin"],"category_codes":["4000000","4010000","4010400","4010405"],"visuals":{"large":"https:\/\/images.epagine.fr\/518\/9782911207518_1_75.jpg","medium":"https:\/\/images.epagine.fr\/518\/9782911207518_1_m.jpg","thumbnail":"https:\/\/images.epagine.fr\/518\/9782911207518_1_v.jpg"},"orderable":true,"show_badge":true,"formatted_price":"10,00&nbsp;\u20ac","formatted_published_date":"10 mai 2019","publisher_availability_label":"Sur commande","short_details":"Pierre Laroche, Anne Chopin \u2014 \u00c9ditions Herv\u00e9 Chopin","translator":null,"weight":325,"page_count":79,"readership":null,"editor":"\u00c9ditions Herv\u00e9 Chopin","price":1000,"published_date":"2019-05-09T22:00:00.000000Z","support":"Grand format","publisher_availability":1,"stock":0,"editions":[],"url":"https:\/\/quaidesbrumes.com\/ouvrage\/9782911207518\/fleurs-des-antilles"},{"id":"9782709930604","title":"Focus on the Global South: Research for a Sustainable World","description":"How does research contribute to sustainable development in the Global South? This book highlights 80 major scientific breakthroughs in response to the many challenges facing the countries of the Mediterranean and tropical regions in these times of globalisation.\r\n\r\nIllustrated with magnificent photos taken on every continent by IRD researchers and photographers from all over the world, it offers a fascinating journey to the heart of the major issues facing the world today, such as the fight against climate change, preventing pandemics, anticipating risks, preserving biodiversity and the fight against inequality and for greater social justice. Throughout the book, scientists and development stakeholders share their views on the vital role interdisciplinary research plays in building a desirable future together.\r\n\r\nThis book is intended for a wide readership, and was published to mark the IRD's 80th anniversary. It illustrates the commitment of science in both the Global North and Global South on all fronts of sustainable development.","authors":["Collectif"],"category_codes":["4000000","4010000","4010200","4010208"],"visuals":{"large":"https:\/\/images.epagine.fr\/604\/9782709930604_1_75.jpg","medium":"https:\/\/images.epagine.fr\/604\/9782709930604_1_m.jpg","thumbnail":"https:\/\/images.epagine.fr\/604\/9782709930604_1_v.jpg"},"orderable":true,"show_badge":true,"formatted_price":"28,00&nbsp;\u20ac","formatted_published_date":"22 f\u00e9vrier 2025","publisher_availability_label":"Sur commande","short_details":"Collectif \u2014 IRD","translator":null,"weight":1040,"page_count":192,"readership":"Tout public","editor":"IRD","price":2800,"published_date":"2025-02-21T23:00:00.000000Z","support":"Beaux-livres","publisher_availability":1,"stock":0,"editions":[],"url":"https:\/\/quaidesbrumes.com\/ouvrage\/9782709930604\/focus-on-the-global-south-research-for-a-sustainable-world"},{"id":"9782909717685","title":"Cent cinquante ans d'orchid\u00e9es au jardin du Luxembourg ; un patrimoine du S\u00e9nat","description":"D\u00e9couverte des 2 collections nationales attribu\u00e9es au jardin du Luxembourg \u00e0 travers l'historique des collections, la culture des orchid\u00e9es, le catalogue des orchid\u00e9es et les biographies des hommes ayant particip\u00e9 aux collections. Le lecteur y trouve des pr\u00e9cisions sur l'utilisation de ces orchid\u00e9es dans des expositions et comit\u00e9s de floriculture et comme d\u00e9corations florales.\r","authors":["Pierre Bertaux","Pascal Sauvetre"],"category_codes":["4000000","4010000","4010400","4010405"],"visuals":{"large":"https:\/\/images.epagine.fr\/685\/9782909717685_1_75.jpg","medium":"https:\/\/images.epagine.fr\/685\/9782909717685_1_m.jpg","thumbnail":"https:\/\/images.epagine.fr\/685\/9782909717685_1_v.jpg"},"orderable":true,"show_badge":true,"formatted_price":"20,00&nbsp;\u20ac","formatted_published_date":"27 janvier 2010","publisher_availability_label":"Sur commande","short_details":"Pierre Bertaux, Pascal Sauvetre \u2014 Naturalia","translator":null,"weight":694,"page_count":204,"readership":null,"editor":"Naturalia","price":2000,"published_date":"2010-01-26T23:00:00.000000Z","support":"Grand format","publisher_availability":1,"stock":0,"editions":[],"url":"https:\/\/quaidesbrumes.com\/ouvrage\/9782909717685\/cent-cinquante-ans-dorchidees-au-jardin-du-luxembourg-un-patrimoine-du-senat"},{"id":"9791094583203","title":"Ab\u00e9c\u00e9daire des plantes sauvages comestibles ; recettes des champs, recettes rustiques","description":"Les l\u00e9gumes sauvages regorgent de vitamines et de sels min\u00e9raux et nous transmettent leur incomparable valeur nutritionnelle lorsque nous avons la chance de pouvoir en consommer. Le pr\u00e9sent ouvrage, renouant avec la m\u00e9moire des savoirs ancestraux li\u00e9s \u00e0 la connaissance des herbes alimentaires sauvages, inventorie nombre de plantes comestibles pouvant faire l'objet de cueillettes et \u00eatre consomm\u00e9es avec bonheur.\r\nApr\u00e8s une courte premi\u00e8re partie pr\u00e9sentant l'aspect historique de la cueillette, 119 plantes sauvages comestibles de nos r\u00e9gions sont d\u00e9crites. Puis 98 recettes aux multiples saveurs vous sont propos\u00e9es.\r","authors":["Gilbert Fabiani"],"category_codes":["4000000","4010000","4010400"],"visuals":{"large":"https:\/\/images.epagine.fr\/203\/9791094583203_1_75.jpg","medium":"https:\/\/images.epagine.fr\/203\/9791094583203_1_m.jpg","thumbnail":"https:\/\/images.epagine.fr\/203\/9791094583203_1_v.jpg"},"orderable":true,"show_badge":true,"formatted_price":"18,00&nbsp;\u20ac","formatted_published_date":"11 juin 2018","publisher_availability_label":"Sur commande","short_details":"Gilbert Fabiani \u2014 Naturalia","translator":null,"weight":422,"page_count":288,"readership":null,"editor":"Naturalia","price":1800,"published_date":"2018-06-10T22:00:00.000000Z","support":"Grand format","publisher_availability":1,"stock":0,"editions":[],"url":"https:\/\/quaidesbrumes.com\/ouvrage\/9791094583203\/abecedaire-des-plantes-sauvages-comestibles-recettes-des-champs-recettes-rustiques"},{"id":"9782356879028","title":"La reconstruction \u00e9cologique et sociale post-covid","description":"Quelles sont les d\u00e9s\u00e9quilibres et les ruptures que r\u00e9v\u00e8le la pand\u00e9mie ? Comment pr\u00e9venir les crises et s'adapter \u00e0 l'\u00e8re des pand\u00e9mies et des d\u00e9r\u00e8glements climatiques ? Comment faire reposer la reconstruction des soci\u00e9t\u00e9s post-Covid sur des modes de production et de consommations durables ? Comment financer un Green New Deal plan\u00e9taire ?","authors":["Arnaud Zacharie"],"category_codes":["4000000","4010000","4010200","4010208"],"visuals":{"large":"https:\/\/images.epagine.fr\/028\/9782356879028_1_75.jpg","medium":"https:\/\/images.epagine.fr\/028\/9782356879028_1_m.jpg","thumbnail":"https:\/\/images.epagine.fr\/028\/9782356879028_1_v.jpg"},"orderable":true,"show_badge":true,"formatted_price":"25,00&nbsp;\u20ac","formatted_published_date":"18 novembre 2022","publisher_availability_label":"Sur commande","short_details":"Arnaud Zacharie \u2014 Le Bord de l'eau","translator":null,"weight":278,"page_count":240,"readership":null,"editor":"Le Bord de l'eau","price":2500,"published_date":"2022-11-17T23:00:00.000000Z","support":"Grand format","publisher_availability":1,"stock":0,"editions":[],"url":"https:\/\/quaidesbrumes.com\/ouvrage\/9782356879028\/la-reconstruction-ecologique-et-sociale-post-covid"},{"id":"9782843772238","title":"La fin de l'\u00e2ge du p\u00e9trole, du charbon et du gaz ; comment fonctionne la politique climatique","description":"Si certains probl\u00e8mes sont difficiles \u00e0 r\u00e9soudre parce qu'ils sont complexes, d'autres sont difficiles \u00e0 r\u00e9soudre parce qu'ils sont trop simples. La crise climatique est un probl\u00e8me du deuxi\u00e8me genre : pour la r\u00e9soudre, il suffit d'arr\u00eater de br\u00fbler le carbone fossile, c'est-\u00e0-dire le p\u00e9trole, le gaz et le charbon, ces sources d'\u00e9nergie qui ont aliment\u00e9 l'\u00e9conomie mondiale depuis deux si\u00e8cles.\r\nUne grande partie des instruments de la politique du climat ont \u00e9t\u00e9 cr\u00e9\u00e9s pour cacher la simplicit\u00e9 d\u00e9sarmante de ce fait, car la politique climatique est aussi une politique de puissance, le carbone fossile alimentant la croissance \u00e9conomique depuis des d\u00e9cennies. En cons\u00e9quence, les opposants \u00e0 une politique climatique efficace exercent une grande influence.\r\nOr si l'on peut agir sur l'activit\u00e9 \u00e9conomique, on ne peut changer les lois de la nature, et l'on doit de ce fait dessiner un monde avec moins de croissance.\r\nMarcel H\u00e4nggi se penche sur l'avenir de la politique climatique. Il r\u00e9clame du courage pour l'utopie et davantage d'imagination sociopolitique.\r","authors":["Marcel Hanggi","Olivier Mannoni"],"category_codes":["4000000","4010000","4010200","4010207"],"visuals":{"large":"https:\/\/images.epagine.fr\/238\/9782843772238_1_75.jpg","medium":"https:\/\/images.epagine.fr\/238\/9782843772238_1_m.jpg","thumbnail":"https:\/\/images.epagine.fr\/238\/9782843772238_1_v.jpg"},"orderable":true,"show_badge":true,"formatted_price":"20,00&nbsp;\u20ac","formatted_published_date":"8 novembre 2019","publisher_availability_label":"Sur commande","short_details":"Marcel Hanggi, Olivier Mannoni \u2014 CHARLES LEOPOLD MAYER - ECLM","translator":"OLIVIER MANNONI","weight":325,"page_count":248,"readership":null,"editor":"CHARLES LEOPOLD MAYER - ECLM","price":2000,"published_date":"2019-11-07T23:00:00.000000Z","support":"Grand format","publisher_availability":1,"stock":0,"editions":[],"url":"https:\/\/quaidesbrumes.com\/ouvrage\/9782843772238\/la-fin-de-lage-du-petrole-du-charbon-et-du-gaz-comment-fonctionne-la-politique-climatique"},{"id":"9791094583661","title":"Il \u00e9tait une fois Bel'\u00c2ne : Ou comment cr\u00e9er sa ferme p\u00e9dagogique","description":"Il \u00e9tait une fois Bel'\u00c2ne raconte l'histoire d'un \u00e9levage d'\u00e2nes miniatures hors norme dans les Alpes-de-Haute-Provence. Des d\u00e9buts de Bel'\u00c2ne \u00e0 son apog\u00e9e, vous saurez tout de cette aventure qui a s\u00e9duit plusieurs dizaines de milliers d'internautes et de visiteurs. En toute transparence, sans aucun artifice, Marie vous livre ses secrets : une aide appr\u00e9ciable pour qui voudrait tenter l'exp\u00e9rience d'un \u00e9levage d'\u00e2nes, proposer des balades ou encore ouvrir une ferme p\u00e9dagogique. Non seulement vous trouverez ici de pr\u00e9cieux conseils, mais aussi et surtout un inventaire des erreurs \u00e0 \u00e9viter. Au fil des pages, arpentez ce site unique comme si vous y \u00e9tiez et apprenez \u00e0 conna\u00eetre le monde fabuleux des \u00e2nes et leur environnement.","authors":["Marie-Claude Arnaud"],"category_codes":["4000000","4010000","4010100"],"visuals":{"large":"https:\/\/images.epagine.fr\/661\/9791094583661_1_75.jpg","medium":"https:\/\/images.epagine.fr\/661\/9791094583661_1_m.jpg","thumbnail":"https:\/\/images.epagine.fr\/661\/9791094583661_1_v.jpg"},"orderable":true,"show_badge":true,"formatted_price":"27,00&nbsp;\u20ac","formatted_published_date":"9 juillet 2024","publisher_availability_label":"Sur commande","short_details":"Marie-Claude Arnaud \u2014 Naturalia","translator":null,"weight":490,"page_count":208,"readership":null,"editor":"Naturalia","price":2700,"published_date":"2024-07-08T22:00:00.000000Z","support":"Grand format","publisher_availability":1,"stock":0,"editions":[],"url":"https:\/\/quaidesbrumes.com\/ouvrage\/9791094583661\/il-etait-une-fois-belane-ou-comment-creer-sa-ferme-pedagogique"},{"id":"9782110101105","title":"Enjeux envirionnementaux, protection sociale et in\u00e9galit\u00e9s sociales","description":"Ce texte fait le point sur les cons\u00e9quences du r\u00e9chauffement mondial et notamment ses effets sur la sant\u00e9, le d\u00e9veloppement humain et les in\u00e9galit\u00e9s sociales . Il s'ouvre sur un entretien avec Nicolas Hulot, envoy\u00e9 sp\u00e9cial du pr\u00e9sident de la R\u00e9publique pour la protection de la plan\u00e8te. Les auteurs \u00e9clairent les rapports entre enjeux environnementaux et in\u00e9galit\u00e9s en s'appuyant notamment sur les notions de \u00ab justice environnementale \u00bb et de \u00ab justice globale \u00bb.\r","authors":["Floran Augagneur","Jeanne Fagnani"],"category_codes":["4000000","4010000","4010300","4010303"],"visuals":{"large":"https:\/\/images.epagine.fr\/105\/9782110101105_1_75.jpg","medium":"https:\/\/images.epagine.fr\/105\/9782110101105_1_m.jpg","thumbnail":"https:\/\/images.epagine.fr\/105\/9782110101105_1_v.jpg"},"orderable":true,"show_badge":true,"formatted_price":"11,90&nbsp;\u20ac","formatted_published_date":"16 septembre 2015","publisher_availability_label":"Sur commande","short_details":"Floran Augagneur, Jeanne Fagnani \u2014 Documentation Fran\u00e7aise","translator":null,"weight":325,"page_count":1,"readership":null,"editor":"Documentation Fran\u00e7aise","price":1190,"published_date":"2015-09-15T22:00:00.000000Z","support":"Poche","publisher_availability":1,"stock":0,"editions":[],"url":"https:\/\/quaidesbrumes.com\/ouvrage\/9782110101105\/enjeux-envirionnementaux-protection-sociale-et-inegalites-sociales"},{"id":"9780746099636","title":"REPTILES","description":"Why do reptiles shed their skin? How do snakes use their tongues to find food? Why do some reptiles change the way they look? How do reptiles have babies? All the answers are in this book, with exciting photographs, beautiful step-by-step illustrations, clear text and links to websites filled with interesting activities.\r\nChapters in this book include:\r\n- Reptiles\r\n- What is a reptile?\r\n- Little and large\r\n- Reptile homes\r\n- Hot and cold\r\n- Scaly skin\r\n- Getting around\r\n- Special skills\r\n- Hunting for food\r\n- A killer bite\r\n- Blending in\r\n- Under attack\r\n- Eggs and babies\r\n- Weird reptiles","authors":["Catriona Clarke"],"category_codes":["4000000","4010000","4010300"],"visuals":{"large":"https:\/\/images.epagine.fr\/636\/9780746099636_1_75.jpg","medium":"https:\/\/images.epagine.fr\/636\/9780746099636_1_m.jpg","thumbnail":"https:\/\/images.epagine.fr\/636\/9780746099636_1_v.jpg"},"orderable":true,"show_badge":true,"formatted_price":"9,90&nbsp;\u20ac","formatted_published_date":"27 f\u00e9vrier 2008","publisher_availability_label":"Sur commande","short_details":"Catriona Clarke \u2014 Usborne Catalogues Anglais","translator":null,"weight":172,"page_count":32,"readership":null,"editor":"Usborne Catalogues Anglais","price":990,"published_date":"2008-02-26T23:00:00.000000Z","support":"Grand format","publisher_availability":1,"stock":0,"editions":[],"url":"https:\/\/quaidesbrumes.com\/ouvrage\/9780746099636\/reptiles"},{"id":"9782369560463","title":"Terres \u00e0 vendre","description":"Terres \u00e0 vendre est un voyage documentaire qui passe par le Br\u00e9sil, Duba\u00ef, l'\u00c9thiopie, Madagascar, l'Indon\u00e9sie, les Philippines et l'Ukraine pour documenter un ph\u00e9nom\u00e8ne crucial : l'accaparement des terres agricoles.\r\nN\u00e9ocolonialisme ou chance pour le d\u00e9veloppement ?\r\nSept sp\u00e9cialistes mondialement reconnus nous donnent une vue d'ensemble de la question.\r\nTerres \u00e0 vendre est surtout le r\u00e9sultat de deux ans de travail de quatre photographes du collectif italien TerraProject qui, de 2012 \u00e0 2013, ont parcouru ces sept pays pour comprendre les enjeux, repr\u00e9senter les acteurs et analyser les forces en pr\u00e9sences de ce ph\u00e9nom\u00e8ne global.\r\nSi chaque reportage (images, textes et infographies) permet de d\u00e9gager une probl\u00e9matique propre, les sept chapitres dessinent ensemble la g\u00e9ographie des \u00e9quilibres agricoles de demain.\r","authors":["C\u00e9cile Cazenave"],"category_codes":["4000000","4010000"],"visuals":{"large":"https:\/\/images.epagine.fr\/463\/9782369560463_1_75.jpg","medium":"https:\/\/images.epagine.fr\/463\/9782369560463_1_m.jpg","thumbnail":"https:\/\/images.epagine.fr\/463\/9782369560463_1_v.jpg"},"orderable":true,"show_badge":true,"formatted_price":"29,00&nbsp;\u20ac","formatted_published_date":"8 novembre 2016","publisher_availability_label":"Sur commande","short_details":"C\u00e9cile Cazenave \u2014 INTERVALLES","translator":null,"weight":538,"page_count":157,"readership":null,"editor":"INTERVALLES","price":2900,"published_date":"2016-11-07T23:00:00.000000Z","support":"Grand format","publisher_availability":1,"stock":0,"editions":[],"url":"https:\/\/quaidesbrumes.com\/ouvrage\/9782369560463\/terres-a-vendre"},{"id":"9782322516650","title":"Voyage au Centre de la Lune : De l'avenir de l'industrie terrestre et l'exploration spatiale","description":"Dans un monde en perp\u00e9tuelle mutation, o\u00f9 l'innovation est \u00e0 la fois un d\u00e9fi et une n\u00e9cessit\u00e9, cet ouvrage propose une approche r\u00e9volutionnaire pour structurer la cr\u00e9ativit\u00e9 et la gestion de projets complexes. Jean-Charles Poupel, fort de plus de trente ans d'exp\u00e9rience dans l'industrie et la recherche, pr\u00e9sente la m\u00e9thodologie PSMI (Probl\u00e9matiques, Solutions, Moyens, Impacts), un cadre conceptuel in\u00e9dit int\u00e9grant intelligence heuristique (IH) et pens\u00e9e syst\u00e9mique.\r\nCe livre ne se contente pas de d\u00e9crire une m\u00e9thode : il invite \u00e0 une v\u00e9ritable immersion intellectuelle, o\u00f9 science appliqu\u00e9e, vision prospective et cr\u00e9ativit\u00e9 radicale s'entrelacent. \u00c0 travers des \u00e9tudes de cas concrets - allant des \u00e9nergies renouvelables \u00e0 l'exploration spatiale - il d\u00e9montre comment l'IH permet de d\u00e9passer les mod\u00e8les conventionnels et d'ouvrir de nouvelles voies \u00e0 l'innovation.\r\nInspir\u00e9 par des figures visionnaires comme Jules Verne, l'auteur fait le lien entre ing\u00e9nierie audacieuse, anticipation des d\u00e9fis futurs et gestion de l'incertitude. Il propose une grille d'audit rigoureuse et des outils concrets pour appliquer la m\u00e9thode PSMI dans les domaines de l'industrie, de l'environnement et de l'innovation technologique.\r\nQue vous soyez ing\u00e9nieur, entrepreneur, chercheur ou simplement passionn\u00e9 par l'innovation, cet ouvrage vous apportera une m\u00e9thode op\u00e9rationnelle et une source d'inspiration pour structurer vos projets, anticiper les \u00e9volutions et maximiser les impacts positifs.\r\n\u00ab Le g\u00e9nie n'est pas dans la m\u00e9thode, mais dans ceux qui l'utilisent ! \u00bb","authors":["Jean-Charles Poupel"],"category_codes":["4000000","4010000","4010200"],"visuals":{"large":"https:\/\/images.epagine.fr\/650\/9782322516650_1_75.jpg","medium":"https:\/\/images.epagine.fr\/650\/9782322516650_1_m.jpg","thumbnail":"https:\/\/images.epagine.fr\/650\/9782322516650_1_v.jpg"},"orderable":true,"show_badge":true,"formatted_price":"24,99&nbsp;\u20ac","formatted_published_date":"25 mars 2025","publisher_availability_label":"Sur commande","short_details":"Jean-Charles Poupel \u2014 Books on Demand","translator":null,"weight":210,"page_count":192,"readership":null,"editor":"Books on Demand","price":2499,"published_date":"2025-03-24T23:00:00.000000Z","support":"Grand format","publisher_availability":1,"stock":0,"editions":[],"url":"https:\/\/quaidesbrumes.com\/ouvrage\/9782322516650\/voyage-au-centre-de-la-lune-de-lavenir-de-lindustrie-terrestre-et-lexploration-spatiale"},{"id":"9780345446787","title":"THE OTHER END OF THE LEASH","description":"Learn to communicate with your dog--using their language       Good reading for dog lovers and an immensely useful manual for dog owners.-- The Washington Post       An Applied Animal Behaviorist and dog trainer with more than twenty years experience, Dr. Patricia McConnell reveals a revolutionary new perspective on our relationship with dogs--sharing insights on how mans best friend might interpret our behavior, as well as essential advice on how to interact with our four-legged friends in ways that bring out the best in them.   After all, humans and dogs are two entirely different species, each shaped by its individual evolutionary heritage. Quite simply, humans are primates and dogs are canids (as are wolves, coyotes, and foxes). Since we each speak a different native tongue, a lot gets lost in the translation. This marvelous guide demonstrates how even the slightest changes in our voices and in the ways we stand can help dogs understand what we want. Inside you will discover:    How you can get your dog to come when called by acting less like a primate and more like a dog  Why the advice to get dominance over your dog can cause problems  Why rough and tumble primate play can lead to trouble--and how to play with your dog in ways that are fun and keep him out of mischief  How dogs and humans share personality types--and why most dogs want to live with benevolent leaders rather than alpha wanna-bes!   Fascinating, insightful, and compelling,  The Other End of the Leash  is a book that strives to help you connect with your dog in a completely new way--so as to enrich that most rewarding of relationships.","authors":["Patricia Mcconnell"],"category_codes":["4000000","4010000","4010300"],"visuals":{"large":"https:\/\/images.epagine.fr\/787\/9780345446787_1_75.jpg","medium":"https:\/\/images.epagine.fr\/787\/9780345446787_1_m.jpg","thumbnail":"https:\/\/images.epagine.fr\/787\/9780345446787_1_v.jpg"},"orderable":true,"show_badge":true,"formatted_price":"20,50&nbsp;\u20ac","formatted_published_date":"29 avril 2003","publisher_availability_label":"Sur commande","short_details":"Patricia Mcconnell \u2014 Ballantine US","translator":null,"weight":252,"page_count":272,"readership":null,"editor":"Ballantine US","price":2050,"published_date":"2003-04-28T22:00:00.000000Z","support":"Grand format","publisher_availability":1,"stock":0,"editions":[],"url":"https:\/\/quaidesbrumes.com\/ouvrage\/9780345446787\/the-other-end-of-the-leash"},{"id":"9782414229666","title":"Ennoblissement de la laine","description":"La laine, poil du mouton, est l'une des fibres les plus nobles. Sa composition est tr\u00e8s complexe et lui conf\u00e8re des propri\u00e9t\u00e9s remarquables, une r\u00e9silience, une \u00e9lasticit\u00e9 exceptionnelle, isolation thermique, ainsi que des propri\u00e9t\u00e9s de r\u00e9gulation et de transfert de l'humidit\u00e9 avec lesquelles des fibres chimiques ne peuvent rivaliser. Toutefois, la laine brute n\u00e9cessite de nombreuses \u00e9tapes d'\u00e9puration et de pr\u00e9traitement afin de pouvoir jouir de toutes ses qualit\u00e9s pr\u00e9cieuses. \r\nDans le pr\u00e9sent ouvrage, nous tenterons de d\u00e9crire et de d\u00e9velopper les diff\u00e9rents traitements que peut subir la laine dans les op\u00e9rations de son ennoblissement. Cet ouvrage est destin\u00e9 aux \u00e9tudiants ing\u00e9nieurs, techniciens sp\u00e9cialis\u00e9s et professionnels d\u00e9sirant approfondir leurs connaissances en la mati\u00e8re.\r","authors":["Natalia Alekseeva","Younes Chemchame","Igor Popikov"],"category_codes":["4000000","4010000","4010400"],"visuals":{"large":"https:\/\/images.epagine.fr\/666\/9782414229666_1_75.jpg","medium":"https:\/\/images.epagine.fr\/666\/9782414229666_1_m.jpg","thumbnail":"https:\/\/images.epagine.fr\/666\/9782414229666_1_v.jpg"},"orderable":true,"show_badge":true,"formatted_price":"24,00&nbsp;\u20ac","formatted_published_date":"4 septembre 2018","publisher_availability_label":"Sur commande","short_details":"Natalia Alekseeva, Younes Chemchame, Igor Popikov \u2014 Edilivre","translator":null,"weight":337,"page_count":162,"readership":null,"editor":"Edilivre","price":2400,"published_date":"2018-09-03T22:00:00.000000Z","support":"Grand format","publisher_availability":1,"stock":0,"editions":[],"url":"https:\/\/quaidesbrumes.com\/ouvrage\/9782414229666\/ennoblissement-de-la-laine"}]}