{"data":[{"id":"9782889580330","title":"Revue La Salamandre n\u00b0273 - Intense hermine : d\u00e9cembre 2022\/janvier 2023","description":null,"authors":["Collectif"],"category_codes":["4000000","4010000","4010300"],"visuals":{"large":"https:\/\/quaidesbrumes.com\/img\/book-placeholder.png","medium":"https:\/\/quaidesbrumes.com\/img\/book-placeholder.png","thumbnail":"https:\/\/quaidesbrumes.com\/img\/book-placeholder.png"},"orderable":true,"show_badge":true,"formatted_price":"7,00&nbsp;\u20ac","formatted_published_date":"18 novembre 2022","publisher_availability_label":"Sur commande","short_details":"Collectif \u2014 \u00c9ditions de la Salamandre","translator":null,"weight":283,"page_count":null,"readership":null,"editor":"\u00c9ditions de la Salamandre","price":700,"published_date":"2022-11-17T23:00:00.000000Z","support":"Revue","publisher_availability":1,"stock":0,"editions":[],"url":"https:\/\/quaidesbrumes.com\/ouvrage\/9782889580330\/revue-la-salamandre-n273-intense-hermine-decembre-2022janvier-2023"},{"id":"9782322569656","title":"Mon carnet de Via Ferrata : 130 fiches noir et blanc \u00e0 remplir et d\u00e9corer","description":"J'ai con\u00e7u ce carnet de bord en tant que passionn\u00e9 de via ferrata pour des via-ferratistes ou aspirant via-ferratistes.\r\nC'est un livre \u00e0 souvenirs et en m\u00eame temps un carnet de suivi et de performance.\r\nC'est un carnet qui peut se remplir en 3 ans, 5 ans ou 10 ans, mais c'est un carnet qui se garde toute la vie.\r\nIl est li\u00e9 \u00e0 mon site franceviaferrata.fr pour plus d'interactivit\u00e9s et permettre de trouver facilement les parcours en France \u00e0 l'aide d'une carte interactive et des fiches topos, o\u00f9 il est \u00e9galement possible de contribuer gr\u00e2ce aux notes prises dans ce carnet de bord, par exemple.\r\nDans cette version du carnet, vous trouverez 130 fiches en noir et blanc \u00e0 d\u00e9corer avec vos couleurs et \u00e0 remplir avec les infos suivantes:\r\n-Nom de la via ferrata\r\n-Ville\r\n-Date\r\n-M\u00e9t\u00e9o et conditions\r\n-Forme \/ humeur\r\n-Ressenti : Difficult\u00e9 \/ Gaz \/ Fun \/ Paysage\r\n-Les temps : Approche \/ Via ferrata \/ Retour\r\n-Avis global\r\n-Zone de texte libre pour r\u00e9sumer la sortie, parler des agr\u00e8s pr\u00e9sents ou des sp\u00e9cificit\u00e9s du parcours.\r\nEntre les fiches vous trouverez en plus quelques-unes de mes photos avec des Qr codes qui vous m\u00e8nent directement vers les topos sur le site.\r\nIl y a au d\u00e9but du carnet un index \u00e0 compl\u00e9ter au fur et \u00e0 mesure de vos sorties pour retrouver facilement les fiches qui sont num\u00e9rot\u00e9es.\r\nPour conclure ce carnet, une petite fiche r\u00e9cap qui r\u00e9sumera vos sorties sera aussi \u00e0 compl\u00e9ter afin de vous rendre compte de vos exploits et faire un petit bilan de vos magnifiques d\u00e9couvertes.\r\nPour offrir ou pour vous, il sera le compagnon id\u00e9al de vos via ferrata.","authors":["Victor Laurent"],"category_codes":["4000000","4010000","4010500","4010503"],"visuals":{"large":"https:\/\/images.epagine.fr\/656\/9782322569656_1_75.jpg","medium":"https:\/\/images.epagine.fr\/656\/9782322569656_1_m.jpg","thumbnail":"https:\/\/images.epagine.fr\/656\/9782322569656_1_v.jpg"},"orderable":true,"show_badge":true,"formatted_price":"13,99&nbsp;\u20ac","formatted_published_date":"30 janvier 2025","publisher_availability_label":"Sur commande","short_details":"Victor Laurent \u2014 Books on Demand","translator":null,"weight":233,"page_count":154,"readership":null,"editor":"Books on Demand","price":1399,"published_date":"2025-01-29T23:00:00.000000Z","support":"Grand format","publisher_availability":1,"stock":0,"editions":[],"url":"https:\/\/quaidesbrumes.com\/ouvrage\/9782322569656\/mon-carnet-de-via-ferrata-130-fiches-noir-et-blanc-a-remplir-et-decorer"},{"id":"9782940584710","title":"La salamandre n.248","description":null,"authors":["La Salamandre"],"category_codes":["4000000","4010000","4010100"],"visuals":{"large":"https:\/\/images.epagine.fr\/710\/9782940584710_1_75.jpg","medium":"https:\/\/images.epagine.fr\/710\/9782940584710_1_m.jpg","thumbnail":"https:\/\/images.epagine.fr\/710\/9782940584710_1_v.jpg"},"orderable":true,"show_badge":true,"formatted_price":"7,00&nbsp;\u20ac","formatted_published_date":"20 septembre 2018","publisher_availability_label":"Sur commande","short_details":"La Salamandre \u2014 \u00c9ditions de la Salamandre","translator":null,"weight":278,"page_count":65,"readership":null,"editor":"\u00c9ditions de la Salamandre","price":700,"published_date":"2018-09-19T22:00:00.000000Z","support":"Revue","publisher_availability":1,"stock":0,"editions":[],"url":"https:\/\/quaidesbrumes.com\/ouvrage\/9782940584710\/la-salamandre-n248"},{"id":"9791032004135","title":"Les grottes sous-marines de M\u00e9diterran\u00e9e : biodiversit\u00e9, \u00e9cologie et conservation","description":"Les grottes sous-marines de M\u00e9diterran\u00e9e constituent un \u00e9cosyst\u00e8me patrimonial exceptionnel et unique. Le pr\u00e9sent ouvrage entend r\u00e9v\u00e9ler les merveilles de cet \u00e9cosyst\u00e8me gr\u00e2ce \u00e0 une v\u00e9ritable plong\u00e9e dans les connaissances scientifiques actuelles sur ce sujet. Cette synth\u00e8se est rendue accessible \u00e0 tous par un discours efficace, sans compromis sur la qualit\u00e9 scientifique et \u00e9vitant les simplifications r\u00e9ductrices. Le plongeur naturaliste y trouvera des explications \u00e0 ses observations subaquatiques et le chercheur y trouvera de nouvelles pistes d'exploration. L'ouvrage est aussi exceptionnel par le nombre, la qualit\u00e9 et la pertinence exceptionnels des 130 photographies et illustrations accompagnant le texte. Elles facilitent la lecture de l'ouvrage, la compr\u00e9hension des processus cavernicoles et la transcription de l'ambiance d'une grotte, en contribuant \u00e0 mieux r\u00e9v\u00e9ler la magie de cet \u00e9cosyst\u00e8me.\r\nL'ouvrage est unique par son format compact pour la somme de connaissance contenue ce qui en fait un outil de terrain fonctionnel pouvant accompagner chaque sortie et prolonger une plong\u00e9e en grotte. Enfin, c'est actuellement le seul livre sur les grottes sous-marines de M\u00e9diterran\u00e9e.","authors":["Olivier Bianchimani","Pierre-Alexandre Rastorgueff"],"category_codes":["4000000","4010000","4010300","4010304"],"visuals":{"large":"https:\/\/images.epagine.fr\/135\/9791032004135_1_75.jpg","medium":"https:\/\/images.epagine.fr\/135\/9791032004135_1_m.jpg","thumbnail":"https:\/\/images.epagine.fr\/135\/9791032004135_1_v.jpg"},"orderable":true,"show_badge":true,"formatted_price":"32,00&nbsp;\u20ac","formatted_published_date":"28 f\u00e9vrier 2023","publisher_availability_label":"Sur commande","short_details":"Olivier Bianchimani, Pierre-Alexandre Rastorgueff \u2014 Pu De Provence","translator":null,"weight":507,"page_count":256,"readership":null,"editor":"Pu De Provence","price":3200,"published_date":"2023-02-27T23:00:00.000000Z","support":"Grand format","publisher_availability":1,"stock":0,"editions":[],"url":"https:\/\/quaidesbrumes.com\/ouvrage\/9791032004135\/les-grottes-sous-marines-de-mediterranee-biodiversite-ecologie-et-conservation"},{"id":"9782364292321","title":"Tirage au sort et imparfaites d\u00e9mocraties","description":"Renouveler la d\u00e9mocratie pour r\u00e9g\u00e9n\u00e9rer le monde et le sortir de la crise, tel est le projet de cet essai. \r\nRien de moins ! En effet, l'\u00e9lite au pouvoir se maintient fortement, usant de nombreux subterfuges  telles les \u00e9lections dans cet unique but. Comment ? En pla\u00e7ant le tirage au sort en des lieux politiques  strat\u00e9giques. Rude t\u00e2che, tant est ancr\u00e9 le mythe selon lequel l'\u00e9lection, c'est la d\u00e9mocratie. Pour le  d\u00e9construire, il faut alors montrer en quoi le hasard constitue un moyen politique sup\u00e9rieurement  clairvoyant.\r\n\r\nLes constats de la faillite de la d\u00e9mocratie sont l\u00e9gions. Mais o\u00f9 sont les solutions, sinon des listes \u00e0 la  Pr\u00e9vert de mesures sans axe ni projet ? O\u00f9 sont les solutions, non pas id\u00e9ales, non pas utopiques, mais  actionnables ici et maintenant ? Pour changer le monde, elles doivent d'abord convaincre, r\u00e9sonner  avec le plus d'esprits, formuler des r\u00eaves encore confus et inarticul\u00e9s, susciter le consensus, proposer  une forme politique \u00e0 la nouvelle alliance \u00e0 quoi nous aspirons. Sans projet, pas d'espoir, pas d'action !","authors":["Etienne Maillet"],"category_codes":["4000000","4010000","4010200","4010207"],"visuals":{"large":"https:\/\/images.epagine.fr\/321\/9782364292321_1_75.jpg","medium":"https:\/\/images.epagine.fr\/321\/9782364292321_1_m.jpg","thumbnail":"https:\/\/images.epagine.fr\/321\/9782364292321_1_v.jpg"},"orderable":true,"show_badge":true,"formatted_price":"19,90&nbsp;\u20ac","formatted_published_date":"18 octobre 2022","publisher_availability_label":"Sur commande","short_details":"Etienne Maillet \u2014 YVES MICHEL","translator":null,"weight":330,"page_count":224,"readership":null,"editor":"YVES MICHEL","price":1990,"published_date":"2022-10-17T22:00:00.000000Z","support":"Grand format","publisher_availability":1,"stock":0,"editions":[],"url":"https:\/\/quaidesbrumes.com\/ouvrage\/9782364292321\/tirage-au-sort-et-imparfaites-democraties"},{"id":"9782844463456","title":"\u00c9nergies ultravertes ; un manifeste contre les id\u00e9es dominantes","description":"Ce livre est consacr\u00e9 aux \u00e9nergies qui remplaceront le p\u00e9trole, le gaz et le charbon.\r\nFace \u00e0 la menace du changement climatique provoqu\u00e9 par les \u00e9missions additionnelles de gaz \u00e0 effet de serre, faire des \u00e9conomies d '\u00e9nergie n'est pas une strat\u00e9gie viable \u00e0 long terme et \u00e0 l'\u00e9chelle mondiale. Le monde a besoin, au contraire, d'utiliser, de fa\u00e7on ad\u00e9quate, beaucoup plus d'\u00e9nergie.\r\nPour r\u00e9pondre \u00e0 cette exigence, il faut d\u00e9velopper la production d'\u00e9nergies renouvelables sans impact n\u00e9gatif sur l'environnement. Ces \u00e9nergies sont diverses :\r\n\u00e9oliennes, y compris maritimes, panneaux photovolta\u00efques, \u00e9nergie hydro\u00e9lectrique et g\u00e9othermique. Ces \u00e9nergies ont cependant besoin, pour \u00eatre pleinement et commod\u00e9ment utilis\u00e9es, d'un vecteur de conservation et de transport, en l'occurrence l'hydrog\u00e8ne obtenu par \u00e9lectrolyse de l'eau. Ce qui peut se r\u00e9aliser sans aucun impact n\u00e9gatif sur l'environnement et m\u00eame parfois avec un impact positif, d'o\u00f9 la notion d'\u00e9nergie ultraverte.\r\nDans cette perspective, ce n'est pas l'\u00e9nergie qui est rare, mais l'espace. L'espace permettant de recueillir et de conserver l'\u00e9nergie en exc\u00e8s que re\u00e7oit notre plan\u00e8te. Il en r\u00e9sulte que la question de l'\u00e9nergie de l'avenir concerne en premier lieu les territoires.\r\nEt que si les enjeux sont mondiaux, les solutions doivent \u00eatre organis\u00e9es par des acteurs locaux, qui ne se r\u00e9signent pas \u00e0 un futur subi passivement mais cr\u00e9ent un avenir par leurs projets innovants.\r\nL'\u00e9nergie est notre avenir. Inventons les nouvelles formes de sa production, de sa conservation et de son utilisation.","authors":["Mathieu Guesne","Marc Guillaume"],"category_codes":["4000000","4010000","4010200","4010208"],"visuals":{"large":"https:\/\/images.epagine.fr\/456\/9782844463456_1_75.jpg","medium":"https:\/\/images.epagine.fr\/456\/9782844463456_1_m.jpg","thumbnail":"https:\/\/images.epagine.fr\/456\/9782844463456_1_v.jpg"},"orderable":true,"show_badge":true,"formatted_price":"12,00&nbsp;\u20ac","formatted_published_date":"17 septembre 2020","publisher_availability_label":"Sur commande","short_details":"Mathieu Guesne, Marc Guillaume \u2014 Descartes & Cie","translator":null,"weight":136,"page_count":120,"readership":null,"editor":"Descartes & Cie","price":1200,"published_date":"2020-09-16T22:00:00.000000Z","support":"Grand format","publisher_availability":1,"stock":0,"editions":[],"url":"https:\/\/quaidesbrumes.com\/ouvrage\/9782844463456\/energies-ultravertes-un-manifeste-contre-les-idees-dominantes"},{"id":"9782080418241","title":"Gum arabic and ils secrets : History, uses, recipes","description":"Berthold Gunster, ambassadeur du Flip Thinking (\u00abretournement de pens\u00e9e\u00bb), propose de changer notre fa\u00e7on de penser en cas de situations difficiles et de probl\u00e8mes pour pouvoir mieux vivre sa vie. Pour nous accompagner vers le changement, il s'appuie sur quinze strat\u00e9gies, associ\u00e9es \u00e0 quatre attitudes de base (aimer, travailler, lutter, jouer). Il nous donne des conseils comportementaux sans jamais se placer sur un plan moral. L'ouvrage foisonne d'exemples, d'astuces et d'anecdotes qui vous feront r\u00e9fl\u00e9chir. Il exhorte \u00e0 l'exp\u00e9rimentation, \u00e0 chacun de le lire \u00e0 son rythme, de le poser, de le reprendre pour se l'approprier et en tirer le meilleur b\u00e9n\u00e9fice. Vous ne verrez plus les choses de la m\u00eame fa\u00e7on apr\u00e8s avoir lu ce livre !","authors":["Constance de Bonnaventure"],"category_codes":["4000000","4010000","4010300"],"visuals":{"large":"https:\/\/images.epagine.fr\/241\/9782080418241_1_75.jpg","medium":"https:\/\/images.epagine.fr\/241\/9782080418241_1_m.jpg","thumbnail":"https:\/\/images.epagine.fr\/241\/9782080418241_1_v.jpg"},"orderable":true,"show_badge":true,"formatted_price":"35,00&nbsp;\u20ac","formatted_published_date":"29 mars 2024","publisher_availability_label":"Sur commande","short_details":"Constance de Bonnaventure \u2014 Flammarion","translator":null,"weight":1362,"page_count":208,"readership":null,"editor":"Flammarion","price":3500,"published_date":"2024-03-28T23:00:00.000000Z","support":"Grand format","publisher_availability":1,"stock":0,"editions":[],"url":"https:\/\/quaidesbrumes.com\/ouvrage\/9782080418241\/gum-arabic-and-ils-secrets-history-uses-recipes"},{"id":"9791034401314","title":"Des images pour l'animal : instruction visuelle et conservation des esp\u00e8ces dans l'Etat de New York (1869-1914)","description":"L'\u00c9tat de New York occupa, \u00e0 la fin du xixe si\u00e8cle, un r\u00f4le central dans la croisade nationale pour la cause animale. Afin de sensibiliser la population \u00e0 la conservation des esp\u00e8ces, les mus\u00e9ums am\u00e9ricains repens\u00e8rent les collections et les expositions en les rendant populaires et \u00e9ducatives. L'American Museum of Natural History fut l'un des principaux promoteurs de ces nouvelles images pour l'animal.\r\nR\u00e9v\u00e9lant l'importance de m\u00e9diums mineurs, comme la photographie ornithologique ou la taxidermie, cette histoire du patrimoine scientifique est \u00e9galement celle d'un militantisme fond\u00e9 sur la beaut\u00e9 du vivant, pour la protection des esp\u00e8ces.","authors":["Thierry Laug\u00e9e"],"category_codes":["4000000","4010000","4010200","4010207"],"visuals":{"large":"https:\/\/images.epagine.fr\/314\/9791034401314_1_75.jpg","medium":"https:\/\/images.epagine.fr\/314\/9791034401314_1_m.jpg","thumbnail":"https:\/\/images.epagine.fr\/314\/9791034401314_1_v.jpg"},"orderable":true,"show_badge":true,"formatted_price":"26,00&nbsp;\u20ac","formatted_published_date":"24 mai 2022","publisher_availability_label":"Sur commande","short_details":"Thierry Laug\u00e9e \u2014 PU DE STRASBOURG","translator":null,"weight":633,"page_count":480,"readership":null,"editor":"PU DE STRASBOURG","price":2600,"published_date":"2022-05-23T22:00:00.000000Z","support":"Grand format","publisher_availability":1,"stock":0,"editions":[],"url":"https:\/\/quaidesbrumes.com\/ouvrage\/9791034401314\/des-images-pour-lanimal-instruction-visuelle-et-conservation-des-especes-dans-letat-de-new-york-1869-1914"},{"id":"9782322569700","title":"Mon carnet de Via Ferrata : 50 fiches noir et blanc \u00e0 remplir et d\u00e9corer","description":"J'ai con\u00e7u ce carnet de bord en tant que passionn\u00e9 de via ferrata pour des via-ferratistes ou aspirants via-ferratistes.\r\nC'est un livre \u00e0 souvenirs et en m\u00eame temps un carnet de suivi et de performance.\r\nC'est un carnet qui peut se remplir en 1 ans, 3 ans ou 10 ans, mais c'est un carnet qui se garde toute la vie.\r\nIl est li\u00e9 \u00e0 mon site franceviaferrata.fr pour plus d'interactivit\u00e9s et permettre de trouver facilement les parcours en France \u00e0 l'aide d'une carte interactive et des fiches topos, o\u00f9 il est \u00e9galement possible de contribuer gr\u00e2ce aux notes prises dans ce carnet de bord, par exemple.\r\nDans cette version l\u00e9g\u00e8re et \u00e9co du carnet, vous trouverez 50 fiches en noir et blanc \u00e0 d\u00e9corer avec vos couleurs et \u00e0 remplir avec les infos suivantes:\r\n-Nom de la via ferrata\r\n-Ville\r\n-Date\r\n-M\u00e9t\u00e9o et conditions\r\n-Forme \/ humeur\r\n-Ressenti : Difficult\u00e9 \/ Gaz \/ Fun \/ Paysage\r\n-Les temps : Approche \/ Via ferrata \/ Retour\r\n-Avis global\r\n-Zone de texte libre pour r\u00e9sumer la sortie, parler des agr\u00e8s pr\u00e9sents ou des sp\u00e9cificit\u00e9s du parcours.\r\nEntre les fiches vous trouverez en plus quelques-unes de mes photos avec des Qr codes qui vous m\u00e8nent directement vers les topos sur le site.\r\nIl y a au d\u00e9but du carnet un index \u00e0 compl\u00e9ter au fur et \u00e0 mesure de vos sorties pour retrouver facilement les fiches qui sont num\u00e9rot\u00e9es.\r\nPour conclure ce carnet, une petite fiche r\u00e9cap qui r\u00e9sumera vos sorties sera aussi \u00e0 compl\u00e9ter afin de vous rendre compte de vos exploits et faire un petit bilan de vos magnifiques d\u00e9couvertes.\r\nPour offrir ou pour vous, il sera le compagnon id\u00e9al de vos via ferrata.","authors":["Victor Laurent"],"category_codes":["4000000","4010000","4010500","4010503"],"visuals":{"large":"https:\/\/images.epagine.fr\/700\/9782322569700_1_75.jpg","medium":"https:\/\/images.epagine.fr\/700\/9782322569700_1_m.jpg","thumbnail":"https:\/\/images.epagine.fr\/700\/9782322569700_1_v.jpg"},"orderable":true,"show_badge":true,"formatted_price":"7,99&nbsp;\u20ac","formatted_published_date":"3 f\u00e9vrier 2025","publisher_availability_label":"Sur commande","short_details":"Victor Laurent \u2014 Books on Demand","translator":null,"weight":107,"page_count":64,"readership":null,"editor":"Books on Demand","price":799,"published_date":"2025-02-02T23:00:00.000000Z","support":"Grand format","publisher_availability":1,"stock":0,"editions":[],"url":"https:\/\/quaidesbrumes.com\/ouvrage\/9782322569700\/mon-carnet-de-via-ferrata-50-fiches-noir-et-blanc-a-remplir-et-decorer"},{"id":"3303331600381","title":"Le climat : Risques et d\u00e9bats","description":"Ouverture La fi\u00e8vre monte \u00e0 Copenhague (Serge Sur) - Le climat, une fonction du Temps : Entretien avec Emmanuel Le Roy Ladurie - Les risques encourus, les adaptations envisageables (St\u00e9phane Hallegatte et Daniel Th\u00e9ry) - De la prise de conscience scientifique \u00e0 l'action politique internationale (Beno\u00eet Leguet et Christian de Perthuis) - La naissance d'un r\u00e9gime juridique international de protection du climat (Laurence Boisson de Chazournes) - Vers une rupture profonde du mod\u00e8le \u00e9nerg\u00e9tique mondial (Patrick Criqui) - Divergences internationales sur les strat\u00e9gies de r\u00e9duction des \u00e9missions de gaz \u00e0 effet de serre (Baptiste Legay) Les encadr\u00e9s du dossier - Temps longs et temps courts (Yvette Veyret) - La hausse actuelle du niveau de la mer (Anny Cazenave) - Le changement climatique : \u00e9l\u00e9ments chronologiques - Une cons\u00e9quence inqui\u00e9tante : le blanchiment des coraux (Fr\u00e9d\u00e9ric Legay) - La fiscalit\u00e9 environnementale : un instrument \u00e9conomique au service de la lutte contre la pollution (Fabrice Bin) - La prise en compte du changement climatique dans les \u00e9tudes strat\u00e9giques (Alexandre Taithe) - Le GIEC et ses contestataires (Anna Rochacka-Cherner) - En premi\u00e8re ligne : les zones delta\u00efques (Fr\u00e9d\u00e9ric Legay) - Les migrations climatiques (Fran\u00e7ois Gemenne) - De l'att\u00e9nuation \u00e0 l'adaptation : vers un micro-management territorial (Martine Tabeaud) - Vietnam, \u00c9gypte, N\u00e9pal, Kenya... quelques exemples d'adaptation (Anna Rochacka-Cherner) - La lutte contre la d\u00e9forestation tropicale et son financement (Romain Pirard) - Le charbon rena\u00eet de ses cendres (Anna Rochacka-Cherner) - L'environnement de l'Arctique et de l'Antarctique sous pression (Gr\u00e9goire Gayard) Questions europ\u00e9ennes - L'Autriche : de la neutralit\u00e9 active \u00e0 l'int\u00e9gration europ\u00e9enne (Ute Weinmann) - L'action collective patronale dans l'Union europ\u00e9enne (Marc Milet) Regards sur le monde - Les mines terrestres antipersonnel (Perrine le Meur) Histoires de Questions internationales - La chute du mur de Berlin, l'Europe en questions vingt ans apr\u00e8s (Stephan Martens) Documents de r\u00e9f\u00e9rence - Deux approches du climat par des philosophes des Lumi\u00e8res (extraits de Montesquieu et de Buffon) Les questions internationales sur internet Abstracts \/ R\u00e9sum\u00e9s","authors":["Collectif"],"category_codes":["4000000","4010000","4010300","4010303"],"visuals":{"large":"https:\/\/images.epagine.fr\/381\/3303331600381_1_75.jpg","medium":"https:\/\/images.epagine.fr\/381\/3303331600381_1_m.jpg","thumbnail":"https:\/\/images.epagine.fr\/381\/3303331600381_1_v.jpg"},"orderable":true,"show_badge":true,"formatted_price":"9,80&nbsp;\u20ac","formatted_published_date":"18 juillet 2009","publisher_availability_label":"Sur commande","short_details":"Collectif \u2014 Documentation Fran\u00e7aise","translator":null,"weight":300,"page_count":1,"readership":null,"editor":"Documentation Fran\u00e7aise","price":980,"published_date":"2009-07-17T22:00:00.000000Z","support":"Revue","publisher_availability":1,"stock":0,"editions":[],"url":"https:\/\/quaidesbrumes.com\/ouvrage\/3303331600381\/le-climat-risques-et-debats"},{"id":"9780199606498","title":"Islands beyond the horizon - the life of twenty of the world''s most remote places","description":"Renowned naturalist Roger Lovegrove has travelled to the world's remotest islands, from the South Seas to the Arctic Circle. They are beautiful, dangerous, and inspiring. Here he tells the story of twenty; each a self-contained habitat with a delicately-balanced ecosystem, and each its tales of humans who have settled, despoiled, or cared for them.","authors":["Roger Lovegrove"],"category_codes":["4000000","4010000","4010300"],"visuals":{"large":"https:\/\/images.epagine.fr\/498\/9780199606498_1_75.jpg","medium":"https:\/\/images.epagine.fr\/498\/9780199606498_1_m.jpg","thumbnail":"https:\/\/images.epagine.fr\/498\/9780199606498_1_v.jpg"},"orderable":true,"show_badge":true,"formatted_price":"26,90&nbsp;\u20ac","formatted_published_date":"11 septembre 2012","publisher_availability_label":"Sur commande","short_details":"Roger Lovegrove \u2014 OXFORD UP ELT","translator":null,"weight":443,"page_count":224,"readership":null,"editor":"OXFORD UP ELT","price":2690,"published_date":"2012-09-10T22:00:00.000000Z","support":"Grand format","publisher_availability":1,"stock":0,"editions":[],"url":"https:\/\/quaidesbrumes.com\/ouvrage\/9780199606498\/islands-beyond-the-horizon-the-life-of-twenty-of-the-worlds-most-remote-places"},{"id":"9782917232323","title":"Mes plus belles chasses ; carnets cyn\u00e9g\u00e9tiques de la grive \u00e0 l'\u00e9l\u00e9phant","description":"L'auteur a d\u00e9couvert la chasse d\u00e8s son plus jeune \u00e2ge, et il participa d\u00e8s qu'il le put aux grandes battues de perdreaux, li\u00e8vres, faisans, organis\u00e9es par sa famille dans l'Indre. Il fit des safaris en Afrique, sa passion l'entra\u00eena aussi \u00e0 la chasse \u00e0 la sarcelle en Camargue et en Angleterre, la grouse en Ecosse, la tourterelle des bois et la b\u00e9cassine au Maroc etc. Cet ouvrage s'ach\u00e8ve sur la description des chasses actuelles en Sologne.","authors":["Patrice Bourrut-lacouture"],"category_codes":["4000000","4010000","4010500","4010502"],"visuals":{"large":"https:\/\/images.epagine.fr\/323\/9782917232323_1_75.jpg","medium":"https:\/\/images.epagine.fr\/323\/9782917232323_1_m.jpg","thumbnail":"https:\/\/images.epagine.fr\/323\/9782917232323_1_v.jpg"},"orderable":true,"show_badge":true,"formatted_price":"26,00&nbsp;\u20ac","formatted_published_date":"16 d\u00e9cembre 2014","publisher_availability_label":"Sur commande","short_details":"Patrice Bourrut-lacouture \u2014 SPM LETTRAGE","translator":null,"weight":325,"page_count":238,"readership":null,"editor":"SPM LETTRAGE","price":2600,"published_date":"2014-12-15T23:00:00.000000Z","support":"Grand format","publisher_availability":1,"stock":0,"editions":[],"url":"https:\/\/quaidesbrumes.com\/ouvrage\/9782917232323\/mes-plus-belles-chasses-carnets-cynegetiques-de-la-grive-a-lelephant"},{"id":"9782377900916","title":"De l'eau primaire en abondance pour l'Humanit\u00e9","description":"Excellente nouvelle : il n'y aura pas de p\u00e9nurie d'eau, gr\u00e2ce \u00e0 ce qui est appel\u00e9 \u00ab eau primaire \u00bb. Elle provient du coeur de la Terre et n'a encore jamais connu le cycle habituel, d'o\u00f9 son nom. \u00c0 l'abri dans la cro\u00fbte terrestre, elle se situe \u00e0 des profondeurs souvent ne d\u00e9passant pas quelques centaines de m\u00e8tres, ce qui ne pose gu\u00e8re de probl\u00e8me technique pour la puiser.* Au final, il s'agit de milliards et de milliards de m\u00e8tres cubes d'une eau quasiment pure. \r\nOr, le livre du Dr Salzman a \u00e9t\u00e9 \u00e9crit dans les ann\u00e9es soixante, donc cette ressource est connue depuis longtemps, mais rien n'est fait pour la recueillir, alors qu'elle est pr\u00e9sente presque partout, y compris dans les d\u00e9serts, ce qui permettrait de les transformer en oasis, avec des cons\u00e9quences jusqu'au climat. Ce livre est indispensable pour comprendre que s'annonce un futur heureux.\r\n* Nous avons suivi des explorations, un film est en pr\u00e9paration et sera diffus\u00e9 sur www.novimondi.tv.","authors":["Michael H. Salzman"],"category_codes":["4000000","4010000","4010200","4010207"],"visuals":{"large":"https:\/\/images.epagine.fr\/916\/9782377900916_1_75.jpg","medium":"https:\/\/images.epagine.fr\/916\/9782377900916_1_m.jpg","thumbnail":"https:\/\/images.epagine.fr\/916\/9782377900916_1_v.jpg"},"orderable":true,"show_badge":true,"formatted_price":"22,90&nbsp;\u20ac","formatted_published_date":"21 f\u00e9vrier 2025","publisher_availability_label":"Sur commande","short_details":"Michael H. Salzman \u2014 Talma Studios","translator":null,"weight":319,"page_count":222,"readership":null,"editor":"Talma Studios","price":2290,"published_date":"2025-02-20T23:00:00.000000Z","support":"Grand format","publisher_availability":1,"stock":0,"editions":[],"url":"https:\/\/quaidesbrumes.com\/ouvrage\/9782377900916\/de-leau-primaire-en-abondance-pour-lhumanite"},{"id":"9782322230099","title":"Changer le monde ? appr\u00e9hender les challenges in\u00e9dits du 21\u00e8me si\u00e8cle","description":"En ce d\u00e9but de 21\u00e8me si\u00e8cle, notre esp\u00e8ce -les Homo sapiens- apparait plus d\u00e9connect\u00e9e que jamais de la r\u00e9alit\u00e9. Accros au p\u00e9trole et au num\u00e9rique, nos soci\u00e9t\u00e9s enfantent de populations chaque jour plus nombreuses et plus gourmandes en ressources. Parmi elles, une majorit\u00e9 de personnes fonctionnent sur un mod\u00e8le de r\u00e9ussite exclusivement bas\u00e9 sur l'argent, le pouvoir, la reconnaissance et le plaisir imm\u00e9diat.  \r\n\r\n\u00c0 l'heure de bouleversements mondiaux sans pr\u00e9c\u00e9dents, n'est-il pas primordial de se rappeler d'o\u00f9 nous venons et de comprendre l'\u00e9volution actuelle de notre monde ? De r\u00e9aliser l'impact de ses mod\u00e8les \u00e9conomiques et de son explosion technologique exponentielle ?  \r\n\r\n\u00c0 l'aube de l'effondrement \u00e9cologique qui s'annonce, n'est-il pas urgent de prendre conscience de tous les grands d\u00e9fis \u00e9cologiques que nous aurons \u00e0 affronter dans les d\u00e9cennies \u00e0 venir ?  \r\n\r\nDans ce monde d\u00e9mesur\u00e9 et ethno-centr\u00e9 que nous avons construit, n'est-il pas essentiel de redonner la place qui revient de droit aux autres esp\u00e8ces animales ? Et au-del\u00e0 des animaux en particulier, n'avons-nous pas le devoir spirituel de respecter l'ensemble du vivant en g\u00e9n\u00e9ral ? N'est-il pas indispensable d'admettre que nous d\u00e9truisons m\u00e9thodiquement la plan\u00e8te et que nous avons tous la responsabilit\u00e9 morale de nous engager, chacun \u00e0 notre niveau, pour stopper cette destruction et tenter de pr\u00e9server ce qui peut encore l'\u00eatre ? De faire tout ce qui nous est possible pour offrir une plan\u00e8te en bon \u00e9tat aux g\u00e9n\u00e9rations futures ?  \r\n\r\nQue ce soit individuellement ou collectivement, n'est-il pas crucial pour nous de revenir aux trois fondamentaux principaux de la vie qui sont Aimer, Donner et Grandir ?  \r\n\r\n\u00ab Changer le monde ? \u00bb est un livre accessible qui offre une vision transversale de l'\u00e9volution actuelle de notre plan\u00e8te et te pose une question simple mais essentielle : \u00ab Plus que jamais, le monde a besoin de vrais leaders qui s'engagent. R\u00e9pondras-tu \u00e0 l'appel ? \u00bb","authors":["G\u00e9rald Vignaud"],"category_codes":["4000000","4010000","4010200"],"visuals":{"large":"https:\/\/images.epagine.fr\/099\/9782322230099_1_75.jpg","medium":"https:\/\/images.epagine.fr\/099\/9782322230099_1_m.jpg","thumbnail":"https:\/\/images.epagine.fr\/099\/9782322230099_1_v.jpg"},"orderable":true,"show_badge":true,"formatted_price":"18,00&nbsp;\u20ac","formatted_published_date":"23 f\u00e9vrier 2021","publisher_availability_label":"Sur commande","short_details":"G\u00e9rald Vignaud \u2014 Books on Demand","translator":null,"weight":249,"page_count":150,"readership":null,"editor":"Books on Demand","price":1800,"published_date":"2021-02-22T23:00:00.000000Z","support":"Grand format","publisher_availability":1,"stock":0,"editions":[],"url":"https:\/\/quaidesbrumes.com\/ouvrage\/9782322230099\/changer-le-monde-apprehender-les-challenges-inedits-du-21eme-siecle"},{"id":"9782343223605","title":"Pratiques de d\u00e9veloppement durable en Afrique ; politiques, processus et innovations","description":"Les \u00c9tats africains sont de plus en plus confront\u00e9s aux d\u00e9fis des Objectifs du d\u00e9veloppement durable (ODD). L'acc\u00e8s aux services sociaux de base et le partage \u00e9quitable des ressources naturelles doivent n\u00e9cessairement tenir compte des pratiques durables afin de ne point compromettre leurs acc\u00e8s aux g\u00e9n\u00e9rations futures. D\u00e9fis assez difficiles pour les pays africains, mais l'espoir est nourri par les r\u00e9flexions du monde de la recherche en tant que partenaire au d\u00e9veloppement. Cet ouvrage collectif expose des th\u00e9matiques vari\u00e9es de plusieurs auteurs des sciences humaines et sociales sur les questions des pratiques de d\u00e9veloppement durable en termes d'innovation dans un contexte de mobilit\u00e9 et d'interaction des acteurs de d\u00e9veloppement.","authors":["Tiony\u00e9l\u00e9 Fayama","Sindira Magnini","Val\u00e9rie Rouamba-Ou\u00e9draogo"],"category_codes":["4000000","4010000","4010200","4010208"],"visuals":{"large":"https:\/\/images.epagine.fr\/605\/9782343223605_1_75.jpg","medium":"https:\/\/images.epagine.fr\/605\/9782343223605_1_m.jpg","thumbnail":"https:\/\/images.epagine.fr\/605\/9782343223605_1_v.jpg"},"orderable":true,"show_badge":true,"formatted_price":"41,50&nbsp;\u20ac","formatted_published_date":"19 f\u00e9vrier 2021","publisher_availability_label":"Sur commande","short_details":"Tiony\u00e9l\u00e9 Fayama, Sindira Magnini, Val\u00e9rie Rouamba-Ou\u00e9draogo \u2014 \u00c9ditions L'Harmattan","translator":null,"weight":570,"page_count":378,"readership":null,"editor":"\u00c9ditions L'Harmattan","price":4150,"published_date":"2021-02-18T23:00:00.000000Z","support":"Grand format","publisher_availability":1,"stock":0,"editions":[],"url":"https:\/\/quaidesbrumes.com\/ouvrage\/9782343223605\/pratiques-de-developpement-durable-en-afrique-politiques-processus-et-innovations"},{"id":"9782343233758","title":"L'ultimatum de la nature ; enjeux et perspectives du retour en urgence des Etats-Unis dans la bataille climatique","description":"Cet ouvrage s'int\u00e9resse aux \u00ab finances climatiques \u00bb et au retrait ainsi qu'au retour de la premi\u00e8re puissance mondiale, les \u00c9tats-Unis, dans la bataille contre les changements climatiques, en \u00e9valuant son impact financier pour lutter contre l'ultimatum de la nature. Un vibrant appel est lanc\u00e9 \u00e0 tous les d\u00e9cideurs et acteurs mondiaux, car l'instauration de l'\u00e9tat d'urgence climatique n\u00e9cessite l'adoption du paradigme de la crise climatique, mais aussi et surtout une p\u00e9nalisation du d\u00e9ni du changement ou du n\u00e9gationnisme climatique. Que deviendra notre plan\u00e8te si la communaut\u00e9 des pollueurs continue de refuser de prendre ses responsabilit\u00e9s ? La plus grande menace demeure l'\u00e9mission des gaz \u00e0 effet de serre, qui entra\u00eenent non seulement le r\u00e9chauffement du climat, mais la crise climatique plus globale. Les \u00c9tats pollueurs dans leurs guerres \u00e9conomiques ont toujours su faire les plus grands sacrifices, mais aujourd'hui, alors qu'il faut r\u00e9parer, ceux-ci ne semblent pas enclins \u00e0 prendre leurs enti\u00e8res responsabilit\u00e9s. La nature ne peut se d\u00e9fendre seule. Nous croyons que les \u00c9tats-Unis sauront \u00eatre un leader de cette coalition des \u00c9tats pour sauver notre environnement. L'avenir des g\u00e9n\u00e9rations futures est en jeu. La conscience collective de l'humanit\u00e9 est n\u00e9cessaire.","authors":["Michel Innocent Peya"],"category_codes":["4000000","4010000","4010200","4010205"],"visuals":{"large":"https:\/\/images.epagine.fr\/758\/9782343233758_1_75.jpg","medium":"https:\/\/images.epagine.fr\/758\/9782343233758_1_m.jpg","thumbnail":"https:\/\/images.epagine.fr\/758\/9782343233758_1_v.jpg"},"orderable":true,"show_badge":true,"formatted_price":"37,00&nbsp;\u20ac","formatted_published_date":"14 mai 2021","publisher_availability_label":"Sur commande","short_details":"Michel Innocent Peya \u2014 \u00c9ditions L'Harmattan","translator":null,"weight":417,"page_count":348,"readership":null,"editor":"\u00c9ditions L'Harmattan","price":3700,"published_date":"2021-05-13T22:00:00.000000Z","support":"Grand format","publisher_availability":1,"stock":0,"editions":[],"url":"https:\/\/quaidesbrumes.com\/ouvrage\/9782343233758\/lultimatum-de-la-nature-enjeux-et-perspectives-du-retour-en-urgence-des-etats-unis-dans-la-bataille-climatique"},{"id":"9782343200118","title":"L'impact du changement climatique sur le cout de l'eau potable","description":"\"L'ouvrage montre que le changement climatique d\u00e9t\u00e9riore la qualit\u00e9 de l'eau potable \u00e0 travers l'accroissement de la quantit\u00e9 de sel dans les r\u00e9serves d'eau douce de la ville de Douala. Cette d\u00e9gradation va entra\u00eener des co\u00fbts suppl\u00e9mentaires de traitement de l'eau potable par rapport au sch\u00e9ma classique de potabilisation de l'eau dans cette ville. Ainsi, le d\u00e9ficit entre l'offre et la demande en eau potable \u00e0 Douala pourrait n\u00e9cessiter, entre autres mesures, la construction ou l'am\u00e9lioration des infrastructures de stockage de l'eau.\"","authors":["Domguia E N."],"category_codes":["4000000","4010000","4010200","4010208"],"visuals":{"large":"https:\/\/images.epagine.fr\/118\/9782343200118_1_75.jpg","medium":"https:\/\/images.epagine.fr\/118\/9782343200118_1_m.jpg","thumbnail":"https:\/\/images.epagine.fr\/118\/9782343200118_1_v.jpg"},"orderable":true,"show_badge":true,"formatted_price":"23,50&nbsp;\u20ac","formatted_published_date":"4 juin 2021","publisher_availability_label":"Sur commande","short_details":"Domguia E N. \u2014 \u00c9ditions L'Harmattan","translator":null,"weight":329,"page_count":204,"readership":null,"editor":"\u00c9ditions L'Harmattan","price":2350,"published_date":"2021-06-03T22:00:00.000000Z","support":"Grand format","publisher_availability":1,"stock":0,"editions":[],"url":"https:\/\/quaidesbrumes.com\/ouvrage\/9782343200118\/limpact-du-changement-climatique-sur-le-cout-de-leau-potable"},{"id":"9782372540292","title":"\u00c9cotaxe ; les coulisses d'une victoire","description":"\u00c9cotaxe, les coulisses d'une victoire, raconte le combat de la Bretagne pour l'abrogation de l'\u00e9cotaxe. Symbolis\u00e9e par le mouvement des Bonnets Rouges, cette r\u00e9volte de toute une r\u00e9gion se soldera par une victoire totale puisque le gouvernement abandonnera le projet, initi\u00e9 par Nicolas Sarkozy, projet que S\u00e9gol\u00e8ne  Royal,  redevenue  ministre,  en  charge  du  dossier,  qualifiera d' \u00ab absurde \u00bb. Derri\u00e8re  cette  mobilisation  hors-norme  au  sein  de laquelle agriculteurs, artisans, chefs d'entreprise, salari\u00e9s se sont serr\u00e9s les coudes, se cache une motivation sans faille et surtout une volont\u00e9 commune \u00e0 tous ces participants de montrer et convaincre de l'aberration de cette nouvelle taxe qui allait notamment frapper l'agriculture, la p\u00eache, la construction et l'industrie.\r\nSans concession, ce livre nous fait d\u00e9couvrir l'expertise et l'argumentation puissantes qui ont amen\u00e9 les Bretons, mobilis\u00e9s d\u00e8s 2008, \u00e0 \u00e9changer au plus haut niveau : avec les ministres en charge du dossier mais aussi avec Matignon. Le lecteur est v\u00e9ritablement plong\u00e9 dans les coulisses des n\u00e9gociations et s'empare du \u00ab dossier \u00e9cotaxe \u00bb. Il y apprend ainsi que pour rapporter 800 millions \u20ac \u00e0 l'\u00c9tat, celle-ci allait co\u00fbter... plus d'1 milliard 500 millions \u20ac \u00e0 l'\u00e9conomie fran\u00e7aise ! \u00c0 l'heure o\u00f9 se tiendra prochainement la conf\u00e9rence mondiale sur le climat, ce livre \u00e9crit par l'un des grands sp\u00e9cialistes de cette taxe permet de mieux comprendre les tenants et les aboutissants d'une mesure pr\u00e9tendument \u00e9cologique mais dont les multiples tares se sont r\u00e9v\u00e9l\u00e9es r\u00e9dhibitoires.","authors":["Fr\u00e9d\u00e9ric Duval"],"category_codes":["4000000","4010000","4010200","4010207"],"visuals":{"large":"https:\/\/images.epagine.fr\/292\/9782372540292_1_75.jpg","medium":"https:\/\/images.epagine.fr\/292\/9782372540292_1_m.jpg","thumbnail":"https:\/\/images.epagine.fr\/292\/9782372540292_1_v.jpg"},"orderable":true,"show_badge":true,"formatted_price":"17,00&nbsp;\u20ac","formatted_published_date":"25 f\u00e9vrier 2016","publisher_availability_label":"Sur commande","short_details":"Fr\u00e9d\u00e9ric Duval \u2014 Mareuil \u00c9ditions","translator":null,"weight":178,"page_count":174,"readership":null,"editor":"Mareuil \u00c9ditions","price":1700,"published_date":"2016-02-24T23:00:00.000000Z","support":"Grand format","publisher_availability":1,"stock":0,"editions":[],"url":"https:\/\/quaidesbrumes.com\/ouvrage\/9782372540292\/ecotaxe-les-coulisses-dune-victoire"},{"id":"9782343233369","title":"Quelle politique de l'\u00e9nergie en Europe ? pour quel mod\u00e8le de soci\u00e9t\u00e9 ?","description":"La r\u00e9volution \u00e9nerg\u00e9tique est en cours ; apr\u00e8s plusieurs ruptures, la politique europ\u00e9enne de l'\u00e9nergie cherche \u00e0 concilier enjeux \u00e9conomiques, \u00e9cologiques et de solidarit\u00e9. La transition \u00e9nerg\u00e9tique interroge quant \u00e0 sa faisabilit\u00e9 en Europe, son co\u00fbt, et son mode de gestion. L'absence d'un r\u00e9el march\u00e9 europ\u00e9en de l'\u00e9nergie laisse aux \u00c9tats une marge de manoeuvre importante pour adapter la soci\u00e9t\u00e9 aux transitions n\u00e9cessaires, tout en pr\u00e9servant la solidarit\u00e9 indispensable avec les personnes les plus vuln\u00e9rables. La recherche de ces \u00e9quilibres a suscit\u00e9 notre r\u00e9flexion. Si les diff\u00e9rents pays europ\u00e9ens s'engagent dans une politique de r\u00e9duction des gaz \u00e0 effets de serre, tous ne proc\u00e8dent pas de la m\u00eame mani\u00e8re. L'ouvrage tente de mettre en \u00e9vidence les r\u00e9ussites et les \u00e9checs des politiques men\u00e9es, sans oublier la solidarit\u00e9 au coeur du mod\u00e8le europ\u00e9en.","authors":["Christophe Bonnotte","H\u00e9l\u00e8ne Pauliat","Michel Senimon"],"category_codes":["4000000","4010000","4010200","4010208"],"visuals":{"large":"https:\/\/images.epagine.fr\/369\/9782343233369_1_75.jpg","medium":"https:\/\/images.epagine.fr\/369\/9782343233369_1_m.jpg","thumbnail":"https:\/\/images.epagine.fr\/369\/9782343233369_1_v.jpg"},"orderable":true,"show_badge":true,"formatted_price":"21,00&nbsp;\u20ac","formatted_published_date":"12 octobre 2021","publisher_availability_label":"Sur commande","short_details":"Christophe Bonnotte, H\u00e9l\u00e8ne Pauliat, Michel Senimon \u2014 \u00c9ditions L'Harmattan","translator":null,"weight":240,"page_count":192,"readership":null,"editor":"\u00c9ditions L'Harmattan","price":2100,"published_date":"2021-10-11T22:00:00.000000Z","support":"Grand format","publisher_availability":1,"stock":0,"editions":[],"url":"https:\/\/quaidesbrumes.com\/ouvrage\/9782343233369\/quelle-politique-de-lenergie-en-europe-pour-quel-modele-de-societe"},{"id":"9782343246529","title":"Habiter un monde plus humain : l'\u00e9thique d'un contrat g\u00e9ographique fond\u00e9 sur le vivable","description":"Nos contemporains qui r\u00e9sident dans les grandes m\u00e9tropoles ont de plus en plus de mal \u00e0 y habiter. La violence s'y d\u00e9veloppe, il est difficile d'y circuler, la vie y est de plus en plus tr\u00e9pidante. Ils sont par contre branch\u00e9s sur les r\u00e9seaux sociaux et utilisent les technologies intelligentes. Leur mode de vie devient la r\u00e9f\u00e9rence pour tous, d'autant que les villes s'\u00e9tendent et mettent le rural sous influence urbaine. Cela donne l'impression que nous vivons dans un monde de moins en moins humain. Cet ouvrage d\u00e9crit le contrat g\u00e9ographique que l'on peut associer \u00e0 ce mode de vie et envisage les changements n\u00e9cessaires pour habiter un monde plus humain.","authors":["Philippe Duez"],"category_codes":["4000000","4010000","4010200","4010208"],"visuals":{"large":"https:\/\/images.epagine.fr\/529\/9782343246529_1_75.jpg","medium":"https:\/\/images.epagine.fr\/529\/9782343246529_1_m.jpg","thumbnail":"https:\/\/images.epagine.fr\/529\/9782343246529_1_v.jpg"},"orderable":true,"show_badge":true,"formatted_price":"29,00&nbsp;\u20ac","formatted_published_date":"21 mars 2022","publisher_availability_label":"Sur commande","short_details":"Philippe Duez \u2014 \u00c9ditions L'Harmattan","translator":null,"weight":395,"page_count":256,"readership":null,"editor":"\u00c9ditions L'Harmattan","price":2900,"published_date":"2022-03-20T23:00:00.000000Z","support":"Grand format","publisher_availability":1,"stock":0,"editions":[],"url":"https:\/\/quaidesbrumes.com\/ouvrage\/9782343246529\/habiter-un-monde-plus-humain-lethique-dun-contrat-geographique-fonde-sur-le-vivable"},{"id":"9782140208416","title":"Les gramin\u00e9es dans tous leurs \u00e9tats : leur apog\u00e9e dans la v\u00e9g\u00e9tation spontan\u00e9e, les cultures et la cuisine","description":"\"Quatri\u00e8me famille par son nombre d'esp\u00e8ces, la famille desgramin\u00e9es, ou Poaceae, n'en est pas moins nettement dominantetant sur les plans \u00e9cologique et environnemental que nutritionnelet \u00e9conomique : elle rassemble, en effet, toutes les c\u00e9r\u00e9ales, dont le bl\u00e9, l'orge, le riz, le ma\u00efs, le mil africain, la plupart des plantes de p\u00e2turage spontan\u00e9es et cultiv\u00e9es, la canne \u00e0 sucre, les bambous,les herbes \u00e0 gazon. Les gramin\u00e9es pr\u00e9dominent aussi dans les steppes, les savanes, les pelouses spontan\u00e9es de plaines et de montagnes, en contribuant \u00e0 marquer les paysages de fa\u00e7on majeure sur tous les continents. La famille des Poaceae compte aussi les adventices les plus n\u00e9fastes aux cultures. Diff\u00e9rents secteurs manufacturiers impliquent les gramin\u00e9es : sparterie \u00e0 alfa, bambous dans diverses constructions, dont maisons et ponts. L'esth\u00e9tique gramin\u00e9enne n'est pas oubli\u00e9e, de m\u00eame que la cuisine \u00e0 base de c\u00e9r\u00e9ales. La famille des gramin\u00e9es rassemble l'essentiel des plantes,dont l'absence rendrait notre plan\u00e8te difficilement habitable.\"","authors":["Louis Albertini"],"category_codes":["4000000","4010000","4010200","4010208"],"visuals":{"large":"https:\/\/images.epagine.fr\/416\/9782140208416_1_75.jpg","medium":"https:\/\/images.epagine.fr\/416\/9782140208416_1_m.jpg","thumbnail":"https:\/\/images.epagine.fr\/416\/9782140208416_1_v.jpg"},"orderable":true,"show_badge":true,"formatted_price":"30,00&nbsp;\u20ac","formatted_published_date":"31 mars 2022","publisher_availability_label":"Sur commande","short_details":"Louis Albertini \u2014 \u00c9ditions L'Harmattan","translator":null,"weight":339,"page_count":276,"readership":null,"editor":"\u00c9ditions L'Harmattan","price":3000,"published_date":"2022-03-30T22:00:00.000000Z","support":"Grand format","publisher_availability":1,"stock":0,"editions":[],"url":"https:\/\/quaidesbrumes.com\/ouvrage\/9782140208416\/les-graminees-dans-tous-leurs-etats-leur-apogee-dans-la-vegetation-spontanee-les-cultures-et-la-cuisine"},{"id":"9782343246567","title":"L'\u00e9cologie en 40 contradictions ; \u00e0 tous les \"agnostiques\" de l'\u00e9cologie","description":"L'\u00e9cologie est une pr\u00e9occupation l\u00e9gitime et collective. Pour autant, discours et actes manquent souvent de r\u00e9alisme et de r\u00e9flexion syst\u00e9mique pour en tester la viabilit\u00e9. Or, tout mod\u00e8le et toute d\u00e9cision poss\u00e8dent une part de bons et de mauvais aspects, ce que l'auteur s'efforce de montrer au travers de th\u00e9matiques cl\u00e9s : changement climatique, pollution, gestion de la nature, \u00e9conomie circulaire et d\u00e9chets, \u00e9nergies, ville et habitat. L'auteur \u00e9maille son argumentation de donn\u00e9es historiques qui relativisent le sens actuel de ces notions et revient sur les origines du concept de d\u00e9veloppement durable. Cette mise en perspective critique permet de d\u00e9centrer les pratiques et les rouages id\u00e9ologiques qui les influencent concernant l'Homme et sa place dans la Nature. La confrontation \u00e0 la contradiction, en lieu et place d'une conviction de principe, ent\u00eat\u00e9e et dirigiste, est un passage oblig\u00e9 pour donner du cr\u00e9dit \u00e0 une d\u00e9marche \u00e9cologique au raisonnement parfois simpliste, partial ou abstrait.","authors":["Alexandra Liarsou"],"category_codes":["4000000","4010000","4010200","4010204"],"visuals":{"large":"https:\/\/images.epagine.fr\/567\/9782343246567_1_75.jpg","medium":"https:\/\/images.epagine.fr\/567\/9782343246567_1_m.jpg","thumbnail":"https:\/\/images.epagine.fr\/567\/9782343246567_1_v.jpg"},"orderable":true,"show_badge":true,"formatted_price":"19,00&nbsp;\u20ac","formatted_published_date":"22 novembre 2021","publisher_availability_label":"Sur commande","short_details":"Alexandra Liarsou \u2014 \u00c9ditions L'Harmattan","translator":null,"weight":200,"page_count":160,"readership":null,"editor":"\u00c9ditions L'Harmattan","price":1900,"published_date":"2021-11-21T23:00:00.000000Z","support":"Grand format","publisher_availability":1,"stock":0,"editions":[],"url":"https:\/\/quaidesbrumes.com\/ouvrage\/9782343246567\/lecologie-en-40-contradictions-a-tous-les-agnostiques-de-lecologie"},{"id":"9782343246956","title":"Afrique verte : vision panafricaniste de Denis Sassou N'guesso, d\u00e9fenseur inve\u00e9t\u00e9r\u00e9 de l'environnement","description":"\"Ce livre s'inscrit dans une dynamique qui vise \u00e0 communiquer autour de l'appel d'un d\u00e9fenseur inv\u00e9t\u00e9r\u00e9 de l'environnement en la personne de Denis SASSOU N'GUESSO, Pr\u00e9sident de la R\u00e9publique du Congo, principal initiateur du Fonds bleu pour le Bassin du Congo. Inspir\u00e9 par cet appel au panafricanisme vert, Christ Risnet NSIMBA, en fait ici une analyse pertinente dans l'optique de permettre une meilleure assimilation de ce plaidoyer du Chef de l'Etat Congolais en faveur de l'Afrique, de l'environnement et de la plan\u00e8te.\"","authors":["Christ risnet Nsimba"],"category_codes":["4000000","4010000","4010200","4010207"],"visuals":{"large":"https:\/\/images.epagine.fr\/956\/9782343246956_1_75.jpg","medium":"https:\/\/images.epagine.fr\/956\/9782343246956_1_m.jpg","thumbnail":"https:\/\/images.epagine.fr\/956\/9782343246956_1_v.jpg"},"orderable":true,"show_badge":true,"formatted_price":"13,00&nbsp;\u20ac","formatted_published_date":"6 d\u00e9cembre 2021","publisher_availability_label":"Sur commande","short_details":"Christ risnet Nsimba \u2014 \u00c9ditions L'Harmattan","translator":null,"weight":125,"page_count":90,"readership":null,"editor":"\u00c9ditions L'Harmattan","price":1300,"published_date":"2021-12-05T23:00:00.000000Z","support":"Grand format","publisher_availability":1,"stock":0,"editions":[],"url":"https:\/\/quaidesbrumes.com\/ouvrage\/9782343246956\/afrique-verte-vision-panafricaniste-de-denis-sassou-nguesso-defenseur-inveetere-de-lenvironnement"},{"id":"9782322115471","title":"Travers\u00e9e enchant\u00e9e : De Wadern \u00e0 Montmorillon \u00e0 pied","description":"Apr\u00e8s avoir parcouru Menton-Montmorillon en 2018, puis Brest-Montmorillon en 2022, l'auteur entreprend  sa troisi\u00e8me grande travers\u00e9e : 1487 kilom\u00e8tres \u00e0 pied, de Wadern, en Allemagne, jusqu'\u00e0 sa ville jumelle en Poitou. En soixante jours, ce voyage est bien plus qu'un simple d\u00e9fi physique. Entre la po\u00e9sie inspir\u00e9e par la nature, le charme des petits villages, la d\u00e9couverte d'un patrimoine remarquable et de belles rencontres, Travers\u00e9e Enchant\u00e9e est une immersion dans des paysages empreints de beaut\u00e9. Avec humour et sensibilit\u00e9, l'auteur partage les joies essentielles de la marche, ses d\u00e9fis quotidiens face aux \u00e9l\u00e9ments et cette sensation unique de libert\u00e9. Au fil des \u00e9tapes, il \u00e9voque son rapport au temps, au vivant et au bonheur. \r\nCe livre est une invitation \u00e0 ralentir, \u00e0 respirer profond\u00e9ment, \u00e0 \u00e9couter le silence et \u00e0 s'\u00e9merveiller du monde qui nous entoure. Une ode \u00e0 l'\u00e9vasion, \u00e0 la r\u00e9silience, aux chemins qui nous fa\u00e7onnent et \u00e0 la magie des longues travers\u00e9es heureuses qui r\u00e9enchantent la vie. \r\nIl s'adresse aux amateurs de r\u00e9cits de voyage, aux passionn\u00e9s de randonn\u00e9e et aux lecteurs sensibles aux questions \u00e9cologiques.","authors":["Laurent Larbalette"],"category_codes":["4000000","4010000","4010500","4010503"],"visuals":{"large":"https:\/\/images.epagine.fr\/471\/9782322115471_1_75.jpg","medium":"https:\/\/images.epagine.fr\/471\/9782322115471_1_m.jpg","thumbnail":"https:\/\/images.epagine.fr\/471\/9782322115471_1_v.jpg"},"orderable":true,"show_badge":true,"formatted_price":"25,00&nbsp;\u20ac","formatted_published_date":"9 f\u00e9vrier 2025","publisher_availability_label":"Sur commande","short_details":"Laurent Larbalette \u2014 Books on Demand","translator":null,"weight":337,"page_count":246,"readership":null,"editor":"Books on Demand","price":2500,"published_date":"2025-02-08T23:00:00.000000Z","support":"Grand format","publisher_availability":1,"stock":0,"editions":[],"url":"https:\/\/quaidesbrumes.com\/ouvrage\/9782322115471\/traversee-enchantee-de-wadern-a-montmorillon-a-pied"}]}