{"data":[{"id":"9782366340327","title":"M\u00e9moires d'un vautour fauve ; chroniques de la pompe \u00e0 Jules Tome 1","description":"Quand Julio, le vautour fauve, se fait pi\u00e9ger tout au fond d'un canyon de Castille, il ne se doute pas que commence pour lui une extraordinaire aventure : \u00e0 son corps d\u00e9fendant, il va bient\u00f4t \u00eatre charg\u00e9 - avec l'aide de quelques cong\u00e9n\u00e8res - de faire revivre les falaises d'une vall\u00e9e jadis habit\u00e9e par ses anc\u00eatres. Par ses \u00ab M\u00e9moires \u00bb, o\u00f9 se m\u00ealent humour, fantaisie et tendresse, Julio nous fait participer aux \u00e9v\u00e8nements heureux ou dramatiques, qui surviennent dans la petite communaut\u00e9 des oiseaux pionniers : le r\u00e9apprentissage du vol \u00e0 voile apr\u00e8s des ann\u00e9es de d\u00e9tention, les parades a\u00e9riennes et la voltige, les amours, les soucis et les fiert\u00e9s de p\u00e8re de famille, la fr\u00e9quentation des Hommes volants... Ainsi, au fil des pages, nous devenons les complices d'une joyeuse bande d'hurluberlus ail\u00e9s - Eglantine, Horace, P\u00e9tronille et les autres - des personnages pittoresques qui nous livrent, avec jubilation, la magie de leur vol. Tout au long de ces chroniques qui retracent, \u00ab de l'int\u00e9rieur \u00bb, l'op\u00e9ration de r\u00e9introduction des vautours fauves dans les Grands Causses, l'auteur nous fait d\u00e9couvrir, par petites touches et dans un langage tr\u00e8s imag\u00e9, quelques aspects \u00e9tonnants des us et coutumes observ\u00e9s chez les oiseaux. Un roman d'aventures v\u00e9cues d'une grande originalit\u00e9, qui pr\u00e9sente sous un jour nouveau des animaux souvent consid\u00e9r\u00e9s comme peu fr\u00e9quentables. Un r\u00e9cit qui vous donnera s\u00fbrement, \u00e0 vous aussi, l'envie de voler...\r\nCet ouvrage, le premier de la trilogie \u00ab Chroniques de la Pompe \u00e0 Jules \u00bb, a obtenu le Prix du SUD ainsi que le Prix Fernand MERY.\r\n\r\nMichel Mouze, originaire des Ardennes, a fait une carri\u00e8re d'enseignant-chercheur en biologie animale \u00e0 l'Universit\u00e9 de Lille I. Il r\u00e9side d\u00e9sormais dans le B\u00e9arn et poursuit ses observations sur le vol des grands oiseaux planeurs, en particulier des vautours, qu'il va filmer dans les Causses, les Pyr\u00e9n\u00e9es et en Espagne. Passionn\u00e9 par le vol des animaux, il attache une grande importance aux actions de vulgarisation dans ce domaine et collabore r\u00e9guli\u00e8rement avec des revues de nature et de sports a\u00e9riens. Il a \u00e9galement particip\u00e9 \u00e0 plusieurs documentaires traitant du vol des oiseaux. Enfin - et ceci explique sans doute cela - Michel Mouze, est aussi pilote de vol libre en aile delta et en ULM.\r\n\r\nLa derni\u00e8re \u00e9dition datait de 2013. A l'occasion de la sortie du troisi\u00e8me tome des aventures de Julio, en voici une nouvelle \u00e9dition, remani\u00e9e par l'auteur.","authors":["Michel Mouze"],"category_codes":["4000000","4010000"],"visuals":{"large":"https:\/\/images.epagine.fr\/327\/9782366340327_1_75.jpg","medium":"https:\/\/images.epagine.fr\/327\/9782366340327_1_m.jpg","thumbnail":"https:\/\/images.epagine.fr\/327\/9782366340327_1_v.jpg"},"orderable":true,"show_badge":true,"formatted_price":"23,95&nbsp;\u20ac","formatted_published_date":"20 d\u00e9cembre 2013","publisher_availability_label":"Sur commande","short_details":"Michel Mouze \u2014 Prng","translator":null,"weight":340,"page_count":198,"readership":null,"editor":"Prng","price":2395,"published_date":"2013-12-19T23:00:00.000000Z","support":"Grand format","publisher_availability":1,"stock":0,"editions":[],"url":"https:\/\/quaidesbrumes.com\/ouvrage\/9782366340327\/memoires-dun-vautour-fauve-chroniques-de-la-pompe-a-jules-tome-1"},{"id":"9782385800307","title":"Le Parc national des Virunga","description":"Le parc national des Virunga, situ\u00e9 en R\u00e9publique d\u00e9mocratique du Congo, est \u00e0 la fois le plus ancien parc national d'Afrique et un site inscrit au patrimoine mondial de l'UNESCO. Ce tr\u00e9sor naturel, r\u00e9put\u00e9 pour sa biodiversit\u00e9 exceptionnelle, fait face \u00e0 de graves menaces, notamment les conflits arm\u00e9s, l'exploitation ill\u00e9gale des ressources et un inqui\u00e9tant d\u00e9ni de justice.\r\nDans un contexte o\u00f9 les urgences climatiques et les violations des droits environnementaux se multiplient, cet essai propose de repenser la justice comme un rempart essentiel pour prot\u00e9ger la nature. En prenant pour exemple le parc des Virunga, Olivier Bahemuke Ndoole offre une analyse approfondie du travail men\u00e9 par l'ACEDH, le gestionnaire du Parc des Virunga, et les Avocats Verts. Il met en lumi\u00e8re leurs actions en faveur des populations marginalis\u00e9es, d'une gestion responsable des ressources naturelles et de la reconnaissance de la protection de l'environnement comme un droit fondamental. Il d\u00e9montre avec conviction que la conservation et la protection du Parc national des Virunga offrent des solutions concr\u00e8tes aux besoins sociaux et \u00e9conomiques des communaut\u00e9s locales, comme l'acc\u00e8s \u00e0 l'\u00e9lectricit\u00e9, \u00e0 l'eau, \u00e0 l'emploi vert, aux investissements agricoles, aux cr\u00e9dits paysans et \u00e0 la croissance de la p\u00eache. Cela n\u00e9cessite la mise en place d'une justice d\u00e9di\u00e9e \u00e0 ce parc, v\u00e9ritable levier pour le d\u00e9veloppement des droits des communaut\u00e9s et la justice climatique.","authors":["Olivier Bahemuke Ndoole"],"category_codes":["4000000","4010000","4010300"],"visuals":{"large":"https:\/\/images.epagine.fr\/307\/9782385800307_1_75.jpg","medium":"https:\/\/images.epagine.fr\/307\/9782385800307_1_m.jpg","thumbnail":"https:\/\/images.epagine.fr\/307\/9782385800307_1_v.jpg"},"orderable":true,"show_badge":true,"formatted_price":"19,80&nbsp;\u20ac","formatted_published_date":"2 janvier 2025","publisher_availability_label":"Sur commande","short_details":"Olivier Bahemuke Ndoole \u2014 JETS D'ENCRE","translator":null,"weight":256,"page_count":null,"readership":null,"editor":"JETS D'ENCRE","price":1980,"published_date":"2025-01-01T23:00:00.000000Z","support":"Grand format","publisher_availability":1,"stock":0,"editions":[],"url":"https:\/\/quaidesbrumes.com\/ouvrage\/9782385800307\/le-parc-national-des-virunga"},{"id":"9782753579415","title":"Peuples autochtones et int\u00e9grations r\u00e9gionales","description":"\"Pour nous, peuples indig\u00e8nes, le monde est en guerre. L'\u00eatre humain est en guerre contre lui-m\u00eame. Et en guerre contre la nature, il lutte contre sa propre M\u00e8re [...] c'est le devoir de tous de prendre soin du monde. \" Ce v\u00e9h\u00e9ment plaidoyer des indiens du Nordeste du Br\u00e9sil r\u00e9sonne avec gravit\u00e9 dans l'h\u00e9micycle du Parlement europ\u00e9en en 2008 et conserve toute son actualit\u00e9 en 2020. Si la sph\u00e8re onusienne a servi d'enceinte primordiale \u00e0 la reconnaissance des droits des peuples autochtones, d'autres espaces et organisations sont aussi indispensables.\r\nLe pr\u00e9sent ouvrage propose d'appr\u00e9cier la contribution bigarr\u00e9e d'un vaste \u00e9cosyst\u00e8me d'int\u00e9grations r\u00e9gionales en faveur de la protection des territoires ancestraux des peuples autochtones. Le livre d\u00e9voile les multiples facettes de ces interactions sans dissimuler les ombres port\u00e9es sur la fabrique et la traduction normative plurielle de ces dynamiques, \u00e0 l'image de la multiplication des conflits socio-environnementaux.\r\nAutant d'horizons stimulants que l'ouvrage invite \u00e0 d\u00e9couvrir dans la perspective d'une durabilit\u00e9 repens\u00e9e des ressources naturelles et de la biodiversit\u00e9.\r","authors":["Nathalie Herv\u00e9-fournereau","Sophie Theriault"],"category_codes":["4000000","4010000","4010200","4010208"],"visuals":{"large":"https:\/\/images.epagine.fr\/415\/9782753579415_1_75.jpg","medium":"https:\/\/images.epagine.fr\/415\/9782753579415_1_m.jpg","thumbnail":"https:\/\/images.epagine.fr\/415\/9782753579415_1_v.jpg"},"orderable":true,"show_badge":true,"formatted_price":"35,00&nbsp;\u20ac","formatted_published_date":"10 septembre 2020","publisher_availability_label":"Sur commande","short_details":"Nathalie Herv\u00e9-fournereau, Sophie Theriault \u2014 Presse Universitaire de Rennes","translator":null,"weight":772,"page_count":444,"readership":null,"editor":"Presse Universitaire de Rennes","price":3500,"published_date":"2020-09-09T22:00:00.000000Z","support":"Grand format","publisher_availability":1,"stock":0,"editions":[],"url":"https:\/\/quaidesbrumes.com\/ouvrage\/9782753579415\/peuples-autochtones-et-integrations-regionales"},{"id":"9782824002996","title":"Petite histoire de la Mongie, verte et blanche","description":"Une \u00e9vocation historique qui porte sur la station pyr\u00e9n\u00e9enne de La Mongie (Hautes-Pyr\u00e9n\u00e9es) - verte et blanche, suivant la saison - \u00e0 la fois station de ski et de tourisme. Mais l'auteur convie \u00e9galement \u00e0 la d\u00e9couverte de l'histoire de la bourgade dans les temps moyen\u00e2geux avec les moines (los monges en gascon) qui laisseront leur nom \u00e0 la localit\u00e9 et jusqu'au dernier quart du XXe si\u00e8cle, avec l'essor du tourisme et des sports d'hiver.\r\nPr\u00e9c\u00e9demment paru en 1975, cet ouvrage \u00e9tait depuis longtemps indisponible. Cette nouvelle \u00e9dition, enti\u00e8rement recompos\u00e9e, le remet ainsi \u00e0 la disposition de tous ceux qui ont une attache avec La Mongie et souhaitent mieux en conna\u00eetre les faits et les hommes qui l'ont fa\u00e7onn\u00e9e au cours du temps et particuli\u00e8rement dans le si\u00e8cle pr\u00e9c\u00e9dent.\r\n\r\nMarcellin B\u00e9rot est l'auteur de nombreux ouvrages sur les Pyr\u00e9n\u00e9es, en particulier La vie des hommes de la montagne dans les Py-r\u00e9n\u00e9es racont\u00e9e par la toponymie, Pyr\u00e9n\u00e9es paysannes, L'\u00e9pop\u00e9e du ski aux Pyr\u00e9n\u00e9es, etc.","authors":["Marcellin B\u00e9rot"],"category_codes":["4000000","4010000","4010300","4010302"],"visuals":{"large":"https:\/\/images.epagine.fr\/996\/9782824002996_1_75.jpg","medium":"https:\/\/images.epagine.fr\/996\/9782824002996_1_m.jpg","thumbnail":"https:\/\/images.epagine.fr\/996\/9782824002996_1_v.jpg"},"orderable":true,"show_badge":true,"formatted_price":"19,95&nbsp;\u20ac","formatted_published_date":"31 mars 2014","publisher_availability_label":"Sur commande","short_details":"Marcellin B\u00e9rot \u2014 Editions des R\u00e9gionalismes","translator":null,"weight":230,"page_count":166,"readership":null,"editor":"Editions des R\u00e9gionalismes","price":1995,"published_date":"2014-03-30T22:00:00.000000Z","support":"Grand format","publisher_availability":1,"stock":0,"editions":[],"url":"https:\/\/quaidesbrumes.com\/ouvrage\/9782824002996\/petite-histoire-de-la-mongie-verte-et-blanche"},{"id":"9782357910287","title":"Menace sur la Terre : Des r\u00e9alit\u00e9s \u00e0 la perversit\u00e9 de l'\u00e9cologisme","description":"Des r\u00e9alit\u00e9s \u00e0 la perversit\u00e9 de l'\u00e9cologisme\r\nGeorges Dillinger est le pseudonyme d'un g\u00e9ologue qui, pendant pr\u00e8s d'un demi-si\u00e8cle, a travaill\u00e9 sur le terrain, en Afrique du Nord et au Sahara, sur le continent nord-am\u00e9ricain et dans plusieurs pays europ\u00e9ens. Professeur dans un grand \u00e9tablissement scientifique, ses travaux ont \u00e9t\u00e9 couronn\u00e9s par la M\u00e9daille d'argent de la Recherche scientifique (CNRS) et il fut membre de l'Acad\u00e9mie des Sciences de New York.\r\nDans le raz de mar\u00e9e de paroles et d'\u00e9crits d'\u00e9cologistes de tout poil, l'enracinement dans le pass\u00e9 des ph\u00e9nom\u00e8nes actuels n'est pratiquement jamais mis en lumi\u00e8re. Dans le pr\u00e9sent essai, l'auteur s'efforce d'ajouter cette indispensable dimension, en particulier par exemple par l'\u00e9vocation \u00ab d'harmonies de la nature \u00bb lentement mises en place au fil des temps g\u00e9ologique set pr\u00e9sentement mises \u00e0 mal par la d\u00e9mesure de notre \u00ab progr\u00e8s \u00bb.\r\nDans la lutte contre les rejets de CO\u00b2 anthropog\u00e8nes - sans que la culpabilit\u00e9 de ces rejets n'ait \u00e9t\u00e9 prouv\u00e9e -, la controverse sur le r\u00e9chauffement global s'av\u00e8re - paradoxalement - d'importance secondaire. En fait, la ruineuse lutte contre les rejets de CO\u00b2 n'est anim\u00e9e que par la rapacit\u00e9 financi\u00e8re et fiscale de banques, d'entreprises industrielles et de gouvernements cribl\u00e9s de dettes. Elle mettra les nations occidentales en concurrence aggrav\u00e9e face \u00e0 de redoutables pollueurs asiatiques.\r\nLes autres th\u00e8mes, choisis dans un domaine infiniment vaste, concernent les d\u00e9g\u00e2ts op\u00e9r\u00e9s aux d\u00e9pens des richesses naturelles - dont les hydrocarbures, les ressources min\u00e9rales, la biodiversit\u00e9. L'auteur envisage aussi les d\u00e9s\u00e9quilibres d\u00e9mographiques cataclysmiques engendr\u00e9s par la modernit\u00e9 : surpopulation des pays les plus mis\u00e9reux et a contrario d\u00e9natalit\u00e9 des blancs de tradition chr\u00e9tienne, ces Patagons du XXIe si\u00e8cle.","authors":["Georges Dillinger"],"category_codes":["4000000","4010000","4010200","4010207"],"visuals":{"large":"https:\/\/images.epagine.fr\/287\/9782357910287_1_75.jpg","medium":"https:\/\/images.epagine.fr\/287\/9782357910287_1_m.jpg","thumbnail":"https:\/\/images.epagine.fr\/287\/9782357910287_1_v.jpg"},"orderable":true,"show_badge":true,"formatted_price":"19,00&nbsp;\u20ac","formatted_published_date":"4 mai 2011","publisher_availability_label":"Sur commande","short_details":"Georges Dillinger \u2014 ATELIER FOL'FER","translator":null,"weight":198,"page_count":162,"readership":null,"editor":"ATELIER FOL'FER","price":1900,"published_date":"2011-05-03T22:00:00.000000Z","support":"Grand format","publisher_availability":1,"stock":0,"editions":[],"url":"https:\/\/quaidesbrumes.com\/ouvrage\/9782357910287\/menace-sur-la-terre-des-realites-a-la-perversite-de-lecologisme"},{"id":"9782553011382","title":"Environmental Assessment for Sustainable Development : Processes, Actors and Practice","description":"This book targets professors and university students interested in environmental assessment (EA), and particularly in environmental impact assessment (EIA), as well as all actors involved in the environmental scene including practitioners, members of non-governmental organizations, decision makers and citizens who wish to know more about managing their environment more effectively. Multiple environmental problems afflict our contemporary world and have been the subject of discussions during many international meetings. All declarations resulting from these meetings insist on including environmental problems and on EA as an important tool to achieve this. This book aims to reach three objectives. First, it introduces EA to people from different disciplines, and therefore it opens up the perspective of new disciplinary horizons. Second, the authors discuss EA as a socio-political process rather than emphasizing methodologies. Third, this book draws mainly on the experience in Francophone countries which is still poorly disseminated.","authors":["Pierre Andr\u00e9","Claude E. Delisle","Jean-pierre Rev\u00e9ret"],"category_codes":["4000000","4010000","4010200","4010208"],"visuals":{"large":"https:\/\/images.epagine.fr\/382\/9782553011382_1_75.jpg","medium":"https:\/\/images.epagine.fr\/382\/9782553011382_1_m.jpg","thumbnail":"https:\/\/images.epagine.fr\/382\/9782553011382_1_v.jpg"},"orderable":true,"show_badge":true,"formatted_price":"62,00&nbsp;\u20ac","formatted_published_date":"4 janvier 2004","publisher_availability_label":"Sur commande","short_details":"Pierre Andr\u00e9, Claude E. Delisle, Jean-pierre Rev\u00e9ret \u2014 Presses Internationales Polytechnique","translator":null,"weight":1230,"page_count":510,"readership":null,"editor":"Presses Internationales Polytechnique","price":6200,"published_date":"2004-01-03T23:00:00.000000Z","support":"Grand format","publisher_availability":1,"stock":0,"editions":[],"url":"https:\/\/quaidesbrumes.com\/ouvrage\/9782553011382\/environmental-assessment-for-sustainable-development-processes-actors-and-practice"},{"id":"9782367980850","title":"M\u00e9thanisation, la nouvelle escroquerie \u00e9cologiste","description":"Peu de gens savent ce qu'est la m\u00e9thanisation. Et pour cause, ces structures ne sont construites qu'\u00e0 la campagne, loin des villes.\r\nLa m\u00e9thanisation leur est pr\u00e9sent\u00e9e comme le moyen de produire du gaz \u00ab bio \u00bb, ce qui pr\u00e9serverait notre d\u00e9pendance vis \u00e0 vis de l'\u00e9tranger.\r\nCe gaz \u00ab bio \u00bb est produit \u00e0 partir de d\u00e9chets, notamment les d\u00e9jections animales, ce serait donc \u00e9cologique et vertueux.\r\nEnfin, la m\u00e9thanisation est pr\u00e9sent\u00e9e comme une solution mise en oeuvre \u00ab \u00e0 la ferme \u00bb, assurant un petit compl\u00e9ment de revenu aux agriculteurs qui souffrent tant des prix re\u00e7us pour leurs productions.\r\nAu final, la m\u00e9thanisation n'aurait que des avantages.\r\nMais la r\u00e9alit\u00e9 est bien diff\u00e9rente.\r\nL'auteur de cet ouvrage a \u00e9t\u00e9 confront\u00e9 \u00e0 la tentative d'installation d'une structure de m\u00e9thanisation proche de son domicile en Bretagne.\r\nIl s'est oppos\u00e9 \u00e0 ce projet avec des centaines d'habitants de son bourg.\r\nCe livre explique d'abord ce qu'est la m\u00e9thanisation, ses dangers pour l'environnement et les populations, ainsi que sur le plan \u00e9conomique.\r\nIl d\u00e9montre aussi que la m\u00e9thanisation, qui est l'un des piliers des \u00ab \u00e9nergies renouvelables \u00bb n'est qu'une escroquerie sur tous les plans.\r\nIl constitue aussi un guide pour l'action \u00e0 destination de ceux qui souhaitent s'opposer.\r\n\u00c0 lire d'urgence ... si vous ne voulez pas \u00eatre victime de cette nouvelle escroquerie \u00e9cologique.","authors":["Bernard Germain"],"category_codes":["4000000","4010000","4010200","4010207"],"visuals":{"large":"https:\/\/images.epagine.fr\/850\/9782367980850_1_75.jpg","medium":"https:\/\/images.epagine.fr\/850\/9782367980850_1_m.jpg","thumbnail":"https:\/\/images.epagine.fr\/850\/9782367980850_1_v.jpg"},"orderable":true,"show_badge":true,"formatted_price":"18,00&nbsp;\u20ac","formatted_published_date":"5 avril 2022","publisher_availability_label":"Sur commande","short_details":"Bernard Germain \u2014 Synthese Nationale","translator":null,"weight":90,"page_count":104,"readership":null,"editor":"Synthese Nationale","price":1800,"published_date":"2022-04-04T22:00:00.000000Z","support":"Grand format","publisher_availability":1,"stock":0,"editions":[],"url":"https:\/\/quaidesbrumes.com\/ouvrage\/9782367980850\/methanisation-la-nouvelle-escroquerie-ecologiste"},{"id":"9782367980362","title":"\u00c9oliennes ; un scandale d'Etat","description":"La th\u00e8se de l'auteur est terri\u00adble : L'\u00e9olien est un scandale d'\u00c9tat qui conduira t\u00f4t ou tard les politiques fran\u00e7ais promoteurs de cette aberra\u00adtion devant la Cour de justice de la R\u00e9\u00adpublique. C'est l'ouvrage le plus com\u00adplet sur la ques\u00adtion des \u00e9o\u00adliennes \u00e0 ce jour. L'auteur en cerne les origines \u00e0 travers l'\u00e9cologie qui, d\u00e9pouill\u00e9e de ses oripeaux de la \u00ab bien pen\u00adsance verte \u00bb, appara\u00eet sous son vrai visage de rassembleur des der\u00adniers trotskys\u00adtes \u00e0 la solde du mondialisme...\r","authors":["Alban D' Arguin"],"category_codes":["4000000","4010000","4010200","4010208"],"visuals":{"large":"https:\/\/images.epagine.fr\/362\/9782367980362_1_75.jpg","medium":"https:\/\/images.epagine.fr\/362\/9782367980362_1_m.jpg","thumbnail":"https:\/\/images.epagine.fr\/362\/9782367980362_1_v.jpg"},"orderable":true,"show_badge":true,"formatted_price":"20,00&nbsp;\u20ac","formatted_published_date":"1er mars 2017","publisher_availability_label":"Sur commande","short_details":"Alban D' Arguin \u2014 Synthese Nationale","translator":null,"weight":130,"page_count":178,"readership":null,"editor":"Synthese Nationale","price":2000,"published_date":"2017-02-28T23:00:00.000000Z","support":"Grand format","publisher_availability":1,"stock":0,"editions":[],"url":"https:\/\/quaidesbrumes.com\/ouvrage\/9782367980362\/eoliennes-un-scandale-detat"},{"id":"9782919322565","title":"Rencontres avec les requins","description":null,"authors":["Steven Surina"],"category_codes":["4000000","4010000","4010300","4010304"],"visuals":{"large":"https:\/\/images.epagine.fr\/565\/9782919322565_1_75.jpg","medium":"https:\/\/images.epagine.fr\/565\/9782919322565_1_m.jpg","thumbnail":"https:\/\/images.epagine.fr\/565\/9782919322565_1_v.jpg"},"orderable":true,"show_badge":true,"formatted_price":"20,00&nbsp;\u20ac","formatted_published_date":"10 janvier 2020","publisher_availability_label":"Sur commande","short_details":"Steven Surina \u2014 Turtle Prod","translator":null,"weight":480,"page_count":224,"readership":null,"editor":"Turtle Prod","price":2000,"published_date":"2020-01-09T23:00:00.000000Z","support":"Grand format","publisher_availability":1,"stock":0,"editions":[],"url":"https:\/\/quaidesbrumes.com\/ouvrage\/9782919322565\/rencontres-avec-les-requins"},{"id":"9782343217383","title":"Pilotage strat\u00e9gique 5.0 et durabilit\u00e9 des territoires ; vers une intelligence des territoires adapt\u00e9e aux changements disruptifs\u00b2","description":"Le territoire est central. \u00c0 la fois g\u00e9ographique et humain, il r\u00e9unit un ensemble complexe de domaines : publics, politiques, \u00e9conomiques, sociaux, etc. Ignorer cette h\u00e9t\u00e9rog\u00e9n\u00e9it\u00e9, c'est s'imposer des oeill\u00e8res et ne regarder qu'une partie r\u00e9duite de la r\u00e9alit\u00e9 territoriale. Un territoire qui ma\u00eetrise ses parties offre une gouvernance vigilante \u00e0 360\u00b0. Mais l'humain reste central dans la prise de toute d\u00e9cision. Par ses choix et ses actions, il engendre des \u00e9volutions positives comme n\u00e9gatives. La durabilit\u00e9 du territoire doit s'entendre ainsi comme la capacit\u00e9 de maintenir les activit\u00e9s humaines sur du long terme. Fond\u00e9 sur le principe de r\u00e9silience et les objectifs de d\u00e9veloppement durable de l'ONU, le pilotage strat\u00e9gique 5.0 ouvre un champ de possibilit\u00e9s et d'innovations dans la gouvernance juste d'un territoire.","authors":["Hajar Bennar","Viviane Du castel","Patrice Schoch"],"category_codes":["9000000","9110000","9110600","9110604"],"visuals":{"large":"https:\/\/images.epagine.fr\/383\/9782343217383_1_75.jpg","medium":"https:\/\/images.epagine.fr\/383\/9782343217383_1_m.jpg","thumbnail":"https:\/\/images.epagine.fr\/383\/9782343217383_1_v.jpg"},"orderable":true,"show_badge":true,"formatted_price":"25,50&nbsp;\u20ac","formatted_published_date":"4 d\u00e9cembre 2020","publisher_availability_label":"Sur commande","short_details":"Hajar Bennar, Viviane Du castel, Patrice Schoch \u2014 \u00c9ditions L'Harmattan","translator":null,"weight":284,"page_count":232,"readership":null,"editor":"\u00c9ditions L'Harmattan","price":2550,"published_date":"2020-12-03T23:00:00.000000Z","support":"Grand format","publisher_availability":1,"stock":0,"editions":[],"url":"https:\/\/quaidesbrumes.com\/ouvrage\/9782343217383\/pilotage-strategique-50-et-durabilite-des-territoires-vers-une-intelligence-des-territoires-adaptee-aux-changements-disruptifs2"},{"id":"9782070102037","title":"Bataille pour le jannu","description":"\u00abFaire du nouveau, c'est le pr\u00e9texte qu'il faut \u00e0 l'alpiniste d'avant-garde pour faire \u00e9clater ses talents et ses ardeurs. Faire du nouveau, ce n'est pas seulement gravir des sommets non encore atteints, ou forcer des itin\u00e9raires non encore parcourus, mais mieux, dans ces premi\u00e8res, aborder des probl\u00e8mes in\u00e9dits.  Dans l'Himalaya, plut\u00f4t que d'aborder un des 8 000 restants, le temps nous parut venu, comme jadis dans les Alpes, de prendre le tournant de la grande difficult\u00e9. Alors les regards se tourn\u00e8rent vers l'immense et impressionnante citadelle du Jannu (7 710 m) qui opposait \u00e0 la fois les obstacles d'une difficult\u00e9 intense et soutenue sur une grande d\u00e9nivellation et ceux de la haute altitude.  Ce qu'ont \u00e9t\u00e9 les p\u00e9rip\u00e9ties de cette conqu\u00eate, c'est \u00e0 Jean Franco et \u00e0 Lionel Terray de les raconter et tel est l'objet de ce livre. En le lisant, il est permis d'avancer, par une appr\u00e9ciation objective, que jusqu'\u00e0 ce jour le Jannu est ce qui a \u00e9t\u00e9 accompli de plus difficile et de plus audacieux dans l'Himalaya : aucune r\u00e9ussite ne peut, sur ce plan, lui \u00eatre compar\u00e9e.\u00bb  Lucien Devies.","authors":["Franco\/Terray"],"category_codes":["4000000","4010000","4010300","4010305"],"visuals":{"large":"https:\/\/images.epagine.fr\/037\/9782070102037_1_75.jpg","medium":"https:\/\/images.epagine.fr\/037\/9782070102037_1_m.jpg","thumbnail":"https:\/\/images.epagine.fr\/037\/9782070102037_1_v.jpg"},"orderable":true,"show_badge":true,"formatted_price":"11,55&nbsp;\u20ac","formatted_published_date":"31 d\u00e9cembre 1965","publisher_availability_label":"Sur commande","short_details":"Franco\/Terray \u2014 Gallimard","translator":null,"weight":460,"page_count":296,"readership":null,"editor":"Gallimard","price":1155,"published_date":"1965-12-30T23:00:00.000000Z","support":"Grand format","publisher_availability":1,"stock":0,"editions":[],"url":"https:\/\/quaidesbrumes.com\/ouvrage\/9782070102037\/bataille-pour-le-jannu"},{"id":"9782916097978","title":"Saisons sauvages","description":"Ce beau livre vous propose une balade po\u00e9tique et p\u00e9dagogique au fil de l'eau et des saisons, au coeur de la biodiversit\u00e9 de nos campagnes et de leur faune sauvage. St\u00e9phane Raimond, l'auteur de cet ouvrage riche de 300 photographies rares et embl\u00e9matiques, vous fera partager ses jours et ses nuits d'aff\u00fbt. Il vous racontera de nombreuses anecdotes, fruits de vingt ann\u00e9es d'observations et de rencontres animali\u00e8res... \r\nDe janvier \u00e0 d\u00e9cembre, tant\u00f4t la Loutre d'Europe tant\u00f4t le Renard roux joueront le r\u00f4le de guides imaginaires, vous permettront d'explorer la nature dans ses moindres recoins, avec ses lumi\u00e8res changeantes et toute la vie animale qui s'y d\u00e9ploie : loutres et loutrons, renards et renardeaux, chats forestiers, campagnols et passereaux, grenouilles et crapauds, hermine et putois, cerfs et chevreuils, buses et milans, cincles plongeurs et martins-p\u00eacheurs, chouettes... Un v\u00e9ritable enchantement !","authors":["St\u00e9phane Raimond"],"category_codes":["4000000","4010000","4010300"],"visuals":{"large":"https:\/\/images.epagine.fr\/978\/9782916097978_1_75.jpg","medium":"https:\/\/images.epagine.fr\/978\/9782916097978_1_m.jpg","thumbnail":"https:\/\/images.epagine.fr\/978\/9782916097978_1_v.jpg"},"orderable":true,"show_badge":true,"formatted_price":"29,00&nbsp;\u20ac","formatted_published_date":"9 novembre 2017","publisher_availability_label":"Sur commande","short_details":"St\u00e9phane Raimond \u2014 Omniscience","translator":null,"weight":1063,"page_count":214,"readership":null,"editor":"Omniscience","price":2900,"published_date":"2017-11-08T23:00:00.000000Z","support":"Grand format","publisher_availability":1,"stock":0,"editions":[],"url":"https:\/\/quaidesbrumes.com\/ouvrage\/9782916097978\/saisons-sauvages"},{"id":"9782350551272","title":"Le sel de mer","description":"Substance pr\u00e9cieuse et universellement consomm\u00e9e, \u00e0 l'origine m\u00eame de toute vie, le sel rev\u00eat naturellement un caract\u00e8re sacr\u00e9 dans l'histoire et l'imaginaire des civilisations. N'est-ce pas par ces mots que le Christ s'adresse aux ap\u00f4tres : \"Vous \u00eates le sel de la terre\" ?","authors":["Marc-henry Andr\u00e9","Olivier Barbaroux","Jane Bretaudeau"],"category_codes":["4000000","4010000"],"visuals":{"large":"https:\/\/images.epagine.fr\/272\/9782350551272_1_75.jpg","medium":"https:\/\/images.epagine.fr\/272\/9782350551272_1_m.jpg","thumbnail":"https:\/\/images.epagine.fr\/272\/9782350551272_1_v.jpg"},"orderable":true,"show_badge":true,"formatted_price":"15,90&nbsp;\u20ac","formatted_published_date":"22 juin 2009","publisher_availability_label":"Sur commande","short_details":"Marc-henry Andr\u00e9, Olivier Barbaroux, Jane Bretaudeau \u2014 Neva","translator":null,"weight":488,"page_count":104,"readership":null,"editor":"Neva","price":1590,"published_date":"2009-06-21T22:00:00.000000Z","support":"Grand format","publisher_availability":1,"stock":0,"editions":[],"url":"https:\/\/quaidesbrumes.com\/ouvrage\/9782350551272\/le-sel-de-mer"},{"id":"9782336430225","title":"Environmental questions, community responses : Environmental Humanities Reader","description":"Environmental Humanities is the product of the 21st century, an age in which it is no longer possible to grasp and manage environmental problems from a single viewpoint. This is true of the scientific method as well. Although fundamentally important for the understanding of ecological issues and changes to the climate, scientific knowledge is not sufficient for providing an adequate answer to the complex phenomenon that is the cause and consequence of the environmental challenges of our century. This is why traditional humanities subjects have been combined with the natural and social sciences and the arts into an interdisciplinary formation in an attempt to understand the causes, current forms, and future trajectories of the contemporary environmental crisis, and to give possible answers to it. This volume is intended to join a body of literature - introductions, textbooks - on Environmental Humanities, adapted to the Hungarian context. Due to its nature, it provides a comprehensive description of several topics, such as environmental philosophy, environmental anthropology, nature art, nature conservation, the relationship between religion and ecology, environmental history, legal, political, and economic issues, social justice, overpopulation, or food dilemmas. In addition, the volume shows community responses to contemporary ecological and social problems with examples from Hungary.","authors":["Judit Farkas"],"category_codes":["4000000","4010000","4010200","4010208"],"visuals":{"large":"https:\/\/images.epagine.fr\/225\/9782336430225_1_75.jpg","medium":"https:\/\/images.epagine.fr\/225\/9782336430225_1_m.jpg","thumbnail":"https:\/\/images.epagine.fr\/225\/9782336430225_1_v.jpg"},"orderable":true,"show_badge":true,"formatted_price":"34,00&nbsp;\u20ac","formatted_published_date":"19 septembre 2024","publisher_availability_label":"Sur commande","short_details":"Judit Farkas \u2014 \u00c9ditions L'Harmattan","translator":null,"weight":458,"page_count":300,"readership":null,"editor":"\u00c9ditions L'Harmattan","price":3400,"published_date":"2024-09-18T22:00:00.000000Z","support":"Grand format","publisher_availability":1,"stock":0,"editions":[],"url":"https:\/\/quaidesbrumes.com\/ouvrage\/9782336430225\/environmental-questions-community-responses-environmental-humanities-reader"},{"id":"9791042707941","title":"Les cl\u00e9s d'une vie plus enrichie","description":"Moins c'est plus, l'adage cl\u00e9 pour une vie lib\u00e9r\u00e9e.\r\nConnaissez-vous le concept des 5 R du z\u00e9ro d\u00e9chet ? Venez d\u00e9couvrir les bienfaits de ce mode de vie, apprenez \u00e0 prendre soin de vous et de la plan\u00e8te !\r\nPrendre soin de sa sant\u00e9 physique et mentale, gagner du temps, garder un pouvoir d'achat cons\u00e9quent tout en s'ouvrant aux autres, au monde et \u00e0 la vie. \u00c0 travers ces pages, Aline Lootvoet vous livre les clefs de ces tr\u00e9sors ! Vous pouvez les ouvrir ind\u00e9pendamment les uns des autres, mais sachez qu'ils sont li\u00e9s entre eux par un cercle vertueux.\r\nVous allez entrer dans sa vie...","authors":["Aline Lootvoet"],"category_codes":["4000000","4010000","4010200"],"visuals":{"large":"https:\/\/images.epagine.fr\/941\/9791042707941_1_75.jpg","medium":"https:\/\/images.epagine.fr\/941\/9791042707941_1_m.jpg","thumbnail":"https:\/\/images.epagine.fr\/941\/9791042707941_1_v.jpg"},"orderable":true,"show_badge":true,"formatted_price":"16,90&nbsp;\u20ac","formatted_published_date":"21 janvier 2025","publisher_availability_label":"Sur commande","short_details":"Aline Lootvoet \u2014 NOMBRE 7","translator":null,"weight":233,"page_count":186,"readership":null,"editor":"NOMBRE 7","price":1690,"published_date":"2025-01-20T23:00:00.000000Z","support":"Grand format","publisher_availability":1,"stock":0,"editions":[],"url":"https:\/\/quaidesbrumes.com\/ouvrage\/9791042707941\/les-cles-dune-vie-plus-enrichie"},{"id":"9782377470709","title":"Les noms du paysage alpin ; atlas toponymique ; savoie, vall\u00e9e d'aoste, dauphine","description":"Apr\u00e8s avoir explor\u00e9 les Lieux en m\u00e9moire de l'Alpe aupr\u00e8s des occupants de la montagne qui souvent parlent encore le patois, les auteurs proposent un atlas toponymique du versant fran\u00e7ais de l'arc alpin. Une centaine de cartes, essentiellement consacr\u00e9es au relief et \u00e0 l'eau, situent les toponymes les plus r\u00e9pandus dans cet espace qui appartient \u00e0 deux domaines linguistiques : le franco-proven\u00e7al et l'occitan alpin. Ces cartes ont \u00e9t\u00e9 r\u00e9alis\u00e9es d'apr\u00e8s les cadastres et compl\u00e9t\u00e9es, selon la d\u00e9marche ch\u00e8re aux auteurs, par des enqu\u00eates minutieuses aupr\u00e8s de ceux qui gardent encore en m\u00e9moire les noms de lieux ray\u00e9s des cartes \u00e0 la suite des grands \u00e9quipements du territoire. Chacune des cartes toponymiques est accompagn\u00e9e d'un commentaire et souvent d'une carte dialectale destin\u00e9s \u00e0 mettre en lumi\u00e8re le lien entre toponyme et parler local. Ainsi au fil des pages le voile se l\u00e8ve sur le sens de nombreux noms de lieux, qui souvent \u00e9chappe au promeneur contemporain.\r","authors":["Hubert Bessat","Claudette Germi"],"category_codes":["4000000","4010000","4010300","4010305"],"visuals":{"large":"https:\/\/images.epagine.fr\/709\/9782377470709_1_75.jpg","medium":"https:\/\/images.epagine.fr\/709\/9782377470709_1_m.jpg","thumbnail":"https:\/\/images.epagine.fr\/709\/9782377470709_1_v.jpg"},"orderable":true,"show_badge":true,"formatted_price":"27,00&nbsp;\u20ac","formatted_published_date":"4 avril 2019","publisher_availability_label":"Sur commande","short_details":"Hubert Bessat, Claudette Germi \u2014 Uga Editions","translator":null,"weight":480,"page_count":322,"readership":null,"editor":"Uga Editions","price":2700,"published_date":"2019-04-03T22:00:00.000000Z","support":"Grand format","publisher_availability":1,"stock":0,"editions":[],"url":"https:\/\/quaidesbrumes.com\/ouvrage\/9782377470709\/les-noms-du-paysage-alpin-atlas-toponymique-savoie-vallee-daoste-dauphine"},{"id":"9782343199832","title":"Verdissement de la plan\u00e8te ; l'arbre, la for\u00eat et l'homme","description":"\u00ab Notre maison br\u00fble et nous regardons ailleurs. \u00bb Chacun peut entendre aujourd'hui qu'il s'agit des for\u00eats apr\u00e8s les gigantesques incendies plan\u00e9taires. Si la vie est n\u00e9e dans les oc\u00e9ans, le berceau de la lign\u00e9e humaine fut forestier. Quand et comment s'est mis en place le verdissement des continents ? Quelles en furent les cons\u00e9quences ? Si depuis le N\u00e9olithique, l'homme d\u00e9grade les \u00e9cosyst\u00e8mes forestiers, leur p\u00e9rennit\u00e9 devient aujourd'hui un des objectifs du d\u00e9veloppement durable de la plan\u00e8te, car l'\u00e9quilibre des sols, de la biodiversit\u00e9, de la qualit\u00e9 de l'eau et de l'air et notre bien-\u00eatre sont en jeu.","authors":["Claude Rougier"],"category_codes":["4000000","4010000","4010200"],"visuals":{"large":"https:\/\/images.epagine.fr\/832\/9782343199832_1_75.jpg","medium":"https:\/\/images.epagine.fr\/832\/9782343199832_1_m.jpg","thumbnail":"https:\/\/images.epagine.fr\/832\/9782343199832_1_v.jpg"},"orderable":true,"show_badge":true,"formatted_price":"23,50&nbsp;\u20ac","formatted_published_date":"29 octobre 2020","publisher_availability_label":"Sur commande","short_details":"Claude Rougier \u2014 \u00c9ditions L'Harmattan","translator":null,"weight":256,"page_count":186,"readership":null,"editor":"\u00c9ditions L'Harmattan","price":2350,"published_date":"2020-10-28T23:00:00.000000Z","support":"Grand format","publisher_availability":1,"stock":0,"editions":[],"url":"https:\/\/quaidesbrumes.com\/ouvrage\/9782343199832\/verdissement-de-la-planete-larbre-la-foret-et-lhomme"},{"id":"9782322557349","title":"Mon carnet de Via Ferrata","description":"J'ai con\u00e7u ce carnet de bord en tant que passionn\u00e9 de via ferrata pour des via-ferratistes ou aspirant via-ferratistes.\r\nC'est un livre \u00e0 souvenirs et en m\u00eame temps un carnet de suivi et de performance.\r\nC'est un carnet qui peut se remplir en 2 ans, 5 ans ou 10 ans, mais c'est un carnet qui se garde toute la vie.\r\nIl est li\u00e9 \u00e0 mon site franceviaferrata.fr pour plus d'interactivit\u00e9s et permettre de trouver facilement les parcours en France \u00e0 l'aide d'une carte interactive et des fiches topos, o\u00f9 il est \u00e9galement possible de contribuer gr\u00e2ce aux notes prises dans ce carnet de bord, par exemple.\r\nDans ce carnet vous trouverez 100 fiches en couleur \u00e0 compl\u00e9ter avec les infos suivantes:\r\n-Nom de la via ferrata\r\n-Ville\r\n-Date\r\n-M\u00e9t\u00e9o et conditions\r\n-Forme \/ humeur\r\n-Ressenti : Difficult\u00e9 \/ Gaz \/ Fun \/ Paysage\r\n-Les temps : Approche \/ Via ferrata \/ Retour\r\n-Avis global\r\n-Zone de texte libre pour r\u00e9sumer la sortie, parler des agr\u00e8s pr\u00e9sents ou des sp\u00e9cificit\u00e9s du parcours.\r\nEntre les fiches vous trouverez en plus quelques-unes de mes photos avec des Qr codes qui vous m\u00e8nent directement vers les topos sur le site.\r\nIl y a au d\u00e9but du carnet un index \u00e0 compl\u00e9ter au fur et \u00e0 mesure de vos sorties pour retrouver facilement les fiches qui sont num\u00e9rot\u00e9es.\r\nPour conclure ce carnet, une petite fiche r\u00e9cap qui r\u00e9sumera vos sorties sera aussi \u00e0 compl\u00e9ter afin de vous rendre compte de vos exploits et faire un petit bilan de vos magnifiques d\u00e9couvertes.\r\nPour offrir ou pour vous, il sera le compagnon id\u00e9al de vos via ferrata.","authors":["Victor Laurent"],"category_codes":["4000000","4010000","4010500","4010503"],"visuals":{"large":"https:\/\/images.epagine.fr\/349\/9782322557349_1_75.jpg","medium":"https:\/\/images.epagine.fr\/349\/9782322557349_1_m.jpg","thumbnail":"https:\/\/images.epagine.fr\/349\/9782322557349_1_v.jpg"},"orderable":true,"show_badge":true,"formatted_price":"23,90&nbsp;\u20ac","formatted_published_date":"6 janvier 2025","publisher_availability_label":"Sur commande","short_details":"Victor Laurent \u2014 Books on Demand","translator":null,"weight":185,"page_count":120,"readership":null,"editor":"Books on Demand","price":2390,"published_date":"2025-01-05T23:00:00.000000Z","support":"Grand format","publisher_availability":1,"stock":0,"editions":[],"url":"https:\/\/quaidesbrumes.com\/ouvrage\/9782322557349\/mon-carnet-de-via-ferrata"},{"id":"9782889534531","title":"L'humanit\u00e9 \u00e0 la croi\u00e9e des chemins","description":"Face \u00e0 la multiplication des crises, la loi du plus fort va-t-elle l'emporter ou arrivera-t-on, au nom de valeurs humanistes, \u00e0 donner des r\u00e9ponses concert\u00e9es et \u00e9quitables aux d\u00e9fis \u00e9cologiques, \u00e9conomiques et sociaux ? Parviendrons-nous \u00e0 un usage responsable de notre plan\u00e8te ou devrons-nous nous r\u00e9signer \u00e0 la retrouver en lambeaux ? Dans cet essai lucide et \u00ab orient\u00e9 solutions \u00bb, Ren\u00e9 Longet analyse les lignes de fracture majeures, puis esquisse des pistes pour en sortir : un progr\u00e8s qui m\u00e9rite ce nom, une \u00e9conomie de l'utilit\u00e9, de l'inclusion et du bien commun, une gouvernance responsable et \u00e9quitable. C'est une refondation autour de nos vrais besoins, une vie moins tourn\u00e9e vers l'accumulation mat\u00e9rielle et davantage vers une harmonie avec la nature, les autres et soi-m\u00eame. Ce livre humain et accessible se lit comme le roman de notre avenir souhaitable. Nous pouvons transformer cette Terre en un jardin ou un d\u00e9sert : \u00e0 nous de faire les bons choix !\r","authors":["Ren\u00e9 Longet"],"category_codes":["4000000","4010000","4010200"],"visuals":{"large":"https:\/\/images.epagine.fr\/531\/9782889534531_1_75.jpg","medium":"https:\/\/images.epagine.fr\/531\/9782889534531_1_m.jpg","thumbnail":"https:\/\/images.epagine.fr\/531\/9782889534531_1_v.jpg"},"orderable":true,"show_badge":true,"formatted_price":"17,90&nbsp;\u20ac","formatted_published_date":"23 mars 2021","publisher_availability_label":"Sur commande","short_details":"Ren\u00e9 Longet \u2014 \u00c9ditions Jouvence","translator":null,"weight":263,"page_count":176,"readership":null,"editor":"\u00c9ditions Jouvence","price":1790,"published_date":"2021-03-22T23:00:00.000000Z","support":"Grand format","publisher_availability":1,"stock":0,"editions":[],"url":"https:\/\/quaidesbrumes.com\/ouvrage\/9782889534531\/lhumanite-a-la-croiee-des-chemins"},{"id":"9782315007349","title":"Agriculture et climat : Du bl\u00e9 par tous les temps","description":"Les enjeux li\u00e9s au changement climatique sont nombreux et multidimensionnels. Mais seule l'agriculture pr\u00e9sente une si forte climato-d\u00e9pendance. Les conditions de la s\u00e9curit\u00e9 alimentaire mondiale \u00e9voluent en fonction du climat, qui reste le premier facteur d'incertitudes pour les centaines de millions de personnes qui vivent de l'agriculture. Le bl\u00e9, c\u00e9r\u00e9ale consomm\u00e9e quotidiennement par pr\u00e8s de la moiti\u00e9 de l'humanit\u00e9, est particuli\u00e8rement sensible aux variations climatiques. Les perspectives sont donc annonciatrices de turbulences. Or quand les productions sont d\u00e9favorables, la stabilit\u00e9 sociale, \u00e9conomique et politique peut tr\u00e8s vite se d\u00e9grader. Cette interaction permanente entre climat, alimentation et \u00e9tat g\u00e9opolitique des territoires trouve un \u00e9cho majeur dans le Bassin m\u00e9diterran\u00e9en, v\u00e9ritable barom\u00e8tre des tensions agricoles et m\u00e9t\u00e9orologiques mondiales. La r\u00e9currence et l'intensit\u00e9 des s\u00e9cheresses pourraient fragiliser les productions de bl\u00e9 dans cette r\u00e9gion qui concentre les plus grands consommateurs de pain et les premiers importateurs mondiaux.\r","authors":["S\u00e9bastien Abis"],"category_codes":["4000000","4010000","4010200","4010207"],"visuals":{"large":"https:\/\/images.epagine.fr\/349\/9782315007349_1_75.jpg","medium":"https:\/\/images.epagine.fr\/349\/9782315007349_1_m.jpg","thumbnail":"https:\/\/images.epagine.fr\/349\/9782315007349_1_v.jpg"},"orderable":true,"show_badge":true,"formatted_price":"17,00&nbsp;\u20ac","formatted_published_date":"2 novembre 2016","publisher_availability_label":"Sur commande","short_details":"S\u00e9bastien Abis \u2014 MAX MILO","translator":null,"weight":207,"page_count":null,"readership":null,"editor":"MAX MILO","price":1700,"published_date":"2016-11-01T23:00:00.000000Z","support":"Grand format","publisher_availability":1,"stock":0,"editions":[],"url":"https:\/\/quaidesbrumes.com\/ouvrage\/9782315007349\/agriculture-et-climat-du-ble-par-tous-les-temps"},{"id":"9782759230532","title":"L'odyss\u00e9e des champignons","description":"Bolet de Satan, calice de la mort, des noms qui refl\u00e8tent la peur que les champignons inspirent aux hommes. Amanite des c\u00e9sars ou hygrophore des po\u00e8tes sont en revanche plus engageants ! Mais les champignons restent de grands inconnus.\r\n\r\nAutrefois consid\u00e9r\u00e9s comme des plantes, ils forment en fait un r\u00e8gne \u00e0 part. N\u00e9s dans les oc\u00e9ans il y a peut-\u00eatre 2,4 milliards d'ann\u00e9es, ils peuvent \u00eatre parasites, partenaires symbiotiques, ou recycleurs. Sans eux, les d\u00e9bris v\u00e9g\u00e9taux s'accumuleraient sur Terre, le gaz carbonique dispara\u00eetrait de l'atmosph\u00e8re et la vie s'arr\u00eaterait purement et simplement.\r\n\r\nAu XIXe si\u00e8cle, un parasite meurtrier, le mildiou de la pomme de terre a fait un million de morts en Irlande et provoqu\u00e9 l'exode de deux millions d'Irlandais ! Sans parler du mildiou de la vigne qui a ravag\u00e9 les vignobles europ\u00e9ens. Surtout, les champignons se r\u00e9v\u00e8lent \u00eatre des symbiotes indispensables \u00e0 pr\u00e8s de 90% des v\u00e9g\u00e9taux terrestres. Ils ont facilit\u00e9 la colonisation des terres \u00e9merg\u00e9es il y a environ 450 millions d'ann\u00e9es et ont permis la constitution des sols et l'installation des premi\u00e8res plantes.\r\n\r\nIndispensables \u00e0 l'homme pour le pain, la bi\u00e8re ou la p\u00e9nicilline par exemple, ils sont aujourd'hui \u00e9tudi\u00e9s de pr\u00e8s par les chercheurs en sant\u00e9 humaine ou dans l'\u00e9laboration de carburants de seconde g\u00e9n\u00e9ration.\r\n\r\nC'est cette fabuleuse odyss\u00e9e ainsi que les d\u00e9couvertes scientifiques les plus r\u00e9centes que les auteurs retracent pour vous dans cet ouvrage qui s\u00e9duira le simple cueilleur de champignons comme le mycologue averti.\r","authors":["Fran\u00e7ois Le Tacon","Jean-paul Maurice"],"category_codes":["4000000","4010000","4010400","4010403"],"visuals":{"large":"https:\/\/images.epagine.fr\/532\/9782759230532_1_75.jpg","medium":"https:\/\/images.epagine.fr\/532\/9782759230532_1_m.jpg","thumbnail":"https:\/\/images.epagine.fr\/532\/9782759230532_1_v.jpg"},"orderable":true,"show_badge":true,"formatted_price":"22,00&nbsp;\u20ac","formatted_published_date":"3 octobre 2019","publisher_availability_label":"Sur commande","short_details":"Fran\u00e7ois Le Tacon, Jean-paul Maurice \u2014 Qu\u00e6","translator":null,"weight":326,"page_count":144,"readership":null,"editor":"Qu\u00e6","price":2200,"published_date":"2019-10-02T22:00:00.000000Z","support":"Grand format","publisher_availability":1,"stock":0,"editions":[],"url":"https:\/\/quaidesbrumes.com\/ouvrage\/9782759230532\/lodyssee-des-champignons"},{"id":"9782889535026","title":"L'av\u00e8nement d'homo cooperatus : l'avenir sera coop\u00e9rant (ou ne sera pas)","description":"\u00ab Il faut \u00eatre un battant pour s'en sortir\u00bb?Vraiment? La s\u00e9lection naturelle est souvent vue comme une lutte, la fameuse loi de la jungle o\u00f9 la comp\u00e9tition est omnipr\u00e9sente. \u00c0 l'inverse, la coop\u00e9ration, l'altruisme , sont parfois vus comme des faiblesses ou des utopies. Or, le constat est sans appel: toutes les esp\u00e8ces vivantes coop\u00e8rent avec plusieurs autres esp\u00e8ces , sans quoi elles seraient condamn\u00e9es. La coop\u00e9ration est, au m\u00eame titre que la comp\u00e9tition, une force d\u00e9terminante de l'\u00e9volution depuis l'apparition de la vie sur Terre. Ce livre a pour objectif de fournir des pistes (adaptation, diversit\u00e9, coop\u00e9ration) permettant d'aller vers une soci\u00e9t\u00e9 plus r\u00e9siliente . Si l'esp\u00e8ce humaine est la seule \u00e0 avoir mis en place des syst\u00e8mes complexes menant \u00e0 sa disparition, elle est aussi celle qui peut modifier ces syst\u00e8mes afin de l\u00e9guer \u00e0 nos descendants une plan\u00e8te viable et prosp\u00e8re ? Et chacun peut y apporter sa propre contribution !\r\n\r\nLes plus:\r\n- Crise financi\u00e8re et \u00e9conomique, crise sanitaire, crise environnementale: face aux bouleversements majeurs, abandonner le culte de la comp\u00e9tition et remette la coop\u00e9ration \u00e0 l'honneur.\r\n- 3 pistes principales pour passer de la comp\u00e9tition \u00e0 la coop\u00e9ration.\r\n- Alliance entre deux auteurs experts.\r","authors":["Louis Cornette De St Cyr","Xavier Cornette de st cyr"],"category_codes":["4000000","4010000","4010200"],"visuals":{"large":"https:\/\/images.epagine.fr\/026\/9782889535026_1_75.jpg","medium":"https:\/\/images.epagine.fr\/026\/9782889535026_1_m.jpg","thumbnail":"https:\/\/images.epagine.fr\/026\/9782889535026_1_v.jpg"},"orderable":true,"show_badge":true,"formatted_price":"18,90&nbsp;\u20ac","formatted_published_date":"17 ao\u00fbt 2021","publisher_availability_label":"Sur commande","short_details":"Louis Cornette De St Cyr, Xavier Cornette de st cyr \u2014 \u00c9ditions Jouvence","translator":null,"weight":353,"page_count":272,"readership":null,"editor":"\u00c9ditions Jouvence","price":1890,"published_date":"2021-08-16T22:00:00.000000Z","support":"Grand format","publisher_availability":1,"stock":0,"editions":[],"url":"https:\/\/quaidesbrumes.com\/ouvrage\/9782889535026\/lavenement-dhomo-cooperatus-lavenir-sera-cooperant-ou-ne-sera-pas"},{"id":"9782889584307","title":"Tous dehors en ville","description":"Enqu\u00eatez dans le quartier, fouinez sous les ponts, pistez l'araign\u00e9e loup, mangez votre land-art, humez le parc... Vous n'imaginez pas tout ce qu'il est possible de proposer aux enfants de 3 \u00e0 12 ans pour mieux leur faire d\u00e9couvrir la nature en ville. Durant vos sorties au parc, dans votre rue ou sur votre blacon, r\u00e9alisez de nombreuses activit\u00e9s auxquelles les enfants adoreront participer en toutes saisons.\r\n\r\nVous voulez donner de bonnes raisons aux enfants pour sortir et profiter du grand air \u00e0 deux pas de chez vous ? Tous dehors en ville ! est l\u00e0 pour vous aider. Les activit\u00e9s sont pr\u00e9sent\u00e9es pas \u00e0 pas au moyen de photos authentiques et d'explications simples. Un index par saison et par \u00e2ge permet d'organiser ses sorties dans la nature urbaine selon le moment de l'ann\u00e9e et les enfants qui y participent.\r","authors":["Manon Luneau","Patrick Luneau"],"category_codes":["4000000","4010000","4010300"],"visuals":{"large":"https:\/\/images.epagine.fr\/307\/9782889584307_1_75.jpg","medium":"https:\/\/images.epagine.fr\/307\/9782889584307_1_m.jpg","thumbnail":"https:\/\/images.epagine.fr\/307\/9782889584307_1_v.jpg"},"orderable":true,"show_badge":true,"formatted_price":"19,00&nbsp;\u20ac","formatted_published_date":"23 mars 2021","publisher_availability_label":"Sur commande","short_details":"Manon Luneau, Patrick Luneau \u2014 \u00c9ditions de la Salamandre","translator":null,"weight":477,"page_count":144,"readership":null,"editor":"\u00c9ditions de la Salamandre","price":1900,"published_date":"2021-03-22T23:00:00.000000Z","support":"Grand format","publisher_availability":1,"stock":0,"editions":[],"url":"https:\/\/quaidesbrumes.com\/ouvrage\/9782889584307\/tous-dehors-en-ville"},{"id":"9782844460387","title":"Virus vert","description":"Les pr\u00eats-\u00e0-penser ont toujours exist\u00e9, mais aujourd'hui ils sont produits massivement, sous forme virale.\r\n\" Pens\u00e9es uniques \", \u00e0 la fois diff\u00e9rentes et indistinctes, accroch\u00e9es aux petites singularit\u00e9s de chacun mais identiques dans leur mode de formation. \u00c9conomisme et \u00e9cologisme sont les souches contaminatrices et interactives de ces modes de formation : sous la variante r\u00e9formiste, l'\u00e9cologisme aboutit au d\u00e9veloppement durable de l'\u00e9conomisme tandis que, sous la variante \u00e9cologie profonde ou m\u00eame politique, il se donne l'apparence d'une critique de l'\u00e9conomie.\r\nEn r\u00e9alit\u00e9, l'un et l'autre masquent l'urgence d'une gouvernante mondiale. Il nous reste peu de temps pour combattre ces \" virus verts \" et d\u00e9velopper ou poursuivre une action radicale.\r","authors":["Isabelle Bourboulon","Marc Guillaume"],"category_codes":["4000000","4010000","4010200"],"visuals":{"large":"https:\/\/images.epagine.fr\/387\/9782844460387_1_75.jpg","medium":"https:\/\/images.epagine.fr\/387\/9782844460387_1_m.jpg","thumbnail":"https:\/\/images.epagine.fr\/387\/9782844460387_1_v.jpg"},"orderable":true,"show_badge":true,"formatted_price":"18,30&nbsp;\u20ac","formatted_published_date":"20 novembre 2002","publisher_availability_label":"Sur commande","short_details":"Isabelle Bourboulon, Marc Guillaume \u2014 Descartes & Cie","translator":null,"weight":200,"page_count":149,"readership":null,"editor":"Descartes & Cie","price":1830,"published_date":"2002-11-19T23:00:00.000000Z","support":"Grand format","publisher_availability":1,"stock":0,"editions":[],"url":"https:\/\/quaidesbrumes.com\/ouvrage\/9782844460387\/virus-vert"}]}