{"data":[{"id":"9782705693923","title":"Peut-on gu\u00e9rir de la mondialisation?","description":"Les d\u00e9mocraties \u00e9conomiques produisent en acc\u00e9l\u00e9r\u00e9 un appauvrissement du monde. Elles programment m\u00eame un d\u00e9graissage de leurs populations actives de l'ordre de 80%. Pour l\u00e9gitimer leurs r\u00e9gulations, justifier leurs performances catastrophiques et les crimes sp\u00e9culatifs de leurs banques, elles n'agitent que ce schibboleth appel\u00e9 par Joseph Stiglitz le \"consensus de Washington\" : lib\u00e9ralisation, privatisation et aust\u00e9rit\u00e9. \r\nElles d\u00e9veloppent sans sourciller une esth\u00e9tisation pathologique du monde \u00e0 l'aide d'un chamanisme \u00e9conomique qui les dispense de se soumettre \u00e0 ce qui devrait r\u00e9gler leur d\u00e9veloppement : le jugement d'objectivit\u00e9 qu'elles sont appel\u00e9es \u00e0 porter sur leurs propres r\u00e9sultats. C'est ainsi qu'elles parasitent, sous couvert d'exp\u00e9rimentation, la puissance de l'imagination cr\u00e9atrice que l'\u00eatre humain s'est forg\u00e9e pour surmonter l'absence de ses coordinations h\u00e9r\u00e9ditaires \u00e0 l'environnement. \r\nLa maladie mortelle qu'elles propagent n'est pourtant qu'un autisme de la r\u00e9flexion. Le sursaut doit venir d'un dialogue transculturel, seul rem\u00e8de pour gu\u00e9rir de la mondialisation.\r","authors":["Jacques Poulain"],"category_codes":["4000000","4010000","4010200"],"visuals":{"large":"https:\/\/images.epagine.fr\/923\/9782705693923_1_75.jpg","medium":"https:\/\/images.epagine.fr\/923\/9782705693923_1_m.jpg","thumbnail":"https:\/\/images.epagine.fr\/923\/9782705693923_1_v.jpg"},"orderable":true,"show_badge":true,"formatted_price":"30,00&nbsp;\u20ac","formatted_published_date":"10 mai 2017","publisher_availability_label":"Sur commande","short_details":"Jacques Poulain \u2014 Hermann","translator":null,"weight":330,"page_count":264,"readership":null,"editor":"Hermann","price":3000,"published_date":"2017-05-09T22:00:00.000000Z","support":"Grand format","publisher_availability":1,"stock":0,"editions":[],"url":"https:\/\/quaidesbrumes.com\/ouvrage\/9782705693923\/peut-on-guerir-de-la-mondialisation"},{"id":"9782856542187","title":"Flore du Cambodge, du Laos et du Vietnam Tome 32 : myrsinaceae","description":"Les Myrsinac\u00e9es comptent 32 genres environ et plus de 1000 esp\u00e8ces tropicales et subtropicales, repr\u00e9sent\u00e9es en Am\u00e9rique du Sud (Argentine), en Nouvelle-Z\u00e9lande, en Afrique du Sud, en Am\u00e9rique du Nord (Floride), au Japon et aux A\u00e7ores. Dans le territoire de la Flore, huit genres et 144 esp\u00e8ces sont r\u00e9pertori\u00e9s. Les sous-familles Maesoideae et Aegiceratoideae sont monog\u00e9n\u00e9riques et limit\u00e9es \u00e0 l'Ancien Monde. Les Myrsinoideae sont largement r\u00e9pandues dans les deux H\u00e9misph\u00e8res, mais seuls les genres Ardisia et Rapanea sont communs aux deux Mondes. Bien que les Myrsinac\u00e9es soient dans l'ensemble cosmopolites, certains genres sont limit\u00e9s dans leur distribution et le taux d'end\u00e9misme sp\u00e9cifique est tr\u00e8s \u00e9lev\u00e9. Dans le genre Ardisia, par exemple, 60 esp\u00e8ces sur 67 rencontr\u00e9es aux Philippines sont end\u00e9miques (Merrill, An Enumeration of Philippine Flowering Plants, 1923) ; le taux d'end\u00e9misme sp\u00e9cifique dans la P\u00e9ninsule malaise (B. E. Stone, l. c., 1989) et en Indochine est sup\u00e9rieur \u00e0 50 %.\r","authors":["Chi-Ming Hu","Jules E. Vidal"],"category_codes":["4000000","4010000","4010400"],"visuals":{"large":"https:\/\/images.epagine.fr\/187\/9782856542187_1_75.jpg","medium":"https:\/\/images.epagine.fr\/187\/9782856542187_1_m.jpg","thumbnail":"https:\/\/images.epagine.fr\/187\/9782856542187_1_v.jpg"},"orderable":true,"show_badge":true,"formatted_price":"57,00&nbsp;\u20ac","formatted_published_date":"25 octobre 2004","publisher_availability_label":"Sur commande","short_details":"Chi-Ming Hu, Jules E. Vidal \u2014 Mnhn","translator":null,"weight":0,"page_count":227,"readership":null,"editor":"Mnhn","price":5700,"published_date":"2004-10-24T22:00:00.000000Z","support":"Grand format","publisher_availability":1,"stock":0,"editions":[],"url":"https:\/\/quaidesbrumes.com\/ouvrage\/9782856542187\/flore-du-cambodge-du-laos-et-du-vietnam-tome-32-myrsinaceae"},{"id":"9782856542149","title":"Flore du Cambodge, du Laos et du Vietnam Tome 31 : gentianaceae","description":"Cr\u00e9\u00e9e par Jussieu en 1789, la famille des \u00ab Gentianeae \u00bb rassemblait une dizaine de genres. Apr\u00e8s Jussieu, d'autres auteurs ont rattach\u00e9 \u00e0 cette famille un grand nombre de genres et d'esp\u00e8ces qui \u00e9taient class\u00e9s en tribus. En 1876, Bentham & Hooker ont subdivis\u00e9 cette famille en trois tribus, Exaceae, Chironieae et Swertieae. En 1895, Gilg a reconnu cinq tribus en se basant sur les caract\u00e8res du pollen : Gentianeae, Rusbyantheae, Helieae, Voyrieae et Leiphaimeae. Depuis, certains auteurs ont plus ou moins conserv\u00e9 les m\u00eames subdivisions taxonomiques. La tribu des Menyantheae est \u00e0 exclure des Gentianaceae et des Gentianales (cf. Menyanthaceae dans les Solanales, selon Cronquist 1981, I.e.). Par ailleurs, des r\u00e9sultats obtenus par des travaux de recherche bas\u00e9s sur la biologie mol\u00e9culaire du groupe des Gentianales (cf. Blackund, Oxelman & Bremer 2000, \u00ab Phylogenet. Relationsh. within the Gentianales based on ndhF and rbcL sequences, with particul. reference to the Logania. \u00bb, I.c.) ont conclu au rattachement des genres Anthocleista Afzel. ex R. BR., Fagraea Thunb. et Potalia Aublet (anciennement class\u00e9s dans les Loganiaceae Mart.) \u00e0 la famille des Gentianaceae. Enfin, il faut souligner que la d\u00e9limitation de certaines esp\u00e8ces se r\u00e9v\u00e8le parfois tr\u00e8s difficile, comme c'est le cas du genre Gentiana L., qui, \u00e0 lui seul, renferme environ 400 esp\u00e8ces. Actuellement, la famille des Gentianaceae compte environ 76 genres et plus de 1000 esp\u00e8ces. Famille cosmopolite, elle est principalement r\u00e9partie dans les zones temp\u00e9r\u00e9es, de haute et basse altitudes ; en Asie tropicale, on la trouve g\u00e9n\u00e9ralement dans les endroits humides des r\u00e9gions montagneuses, parfois dans les savanes ou les sous-bois des for\u00eats claires d\u00e9cidues, souvent \u00e0 Dipterocarpaceae. En 1914, Dop & Gagnepain mentionnaient dans la Flore G\u00e9n\u00e9rale de l'Indochine 19 genres asiatiques, dont huit genres et 22 esp\u00e8ces pour notre territoire. Apr\u00e8s notre \u00e9tude, 12 genres et 40 esp\u00e8ces ont \u00e9t\u00e9 retenus pour la Flore.\r","authors":["Sovanmoly Hul"],"category_codes":["4000000","4010000","4010400"],"visuals":{"large":"https:\/\/images.epagine.fr\/149\/9782856542149_1_75.jpg","medium":"https:\/\/images.epagine.fr\/149\/9782856542149_1_m.jpg","thumbnail":"https:\/\/images.epagine.fr\/149\/9782856542149_1_v.jpg"},"orderable":true,"show_badge":true,"formatted_price":"30,00&nbsp;\u20ac","formatted_published_date":"13 d\u00e9cembre 2017","publisher_availability_label":"Sur commande","short_details":"Sovanmoly Hul \u2014 Mnhn","translator":null,"weight":0,"page_count":97,"readership":null,"editor":"Mnhn","price":3000,"published_date":"2017-12-12T23:00:00.000000Z","support":"Grand format","publisher_availability":1,"stock":0,"editions":[],"url":"https:\/\/quaidesbrumes.com\/ouvrage\/9782856542149\/flore-du-cambodge-du-laos-et-du-vietnam-tome-31-gentianaceae"},{"id":"9782856542118","title":"Flore du Cambodge, du Laos et du Vietnam Tome 30 : leguminosae   papilionoideae   millettieae","description":"La tribu des Millettieae compte 43 genres pour la plupart tropicaux, quelques-uns subtropicaux et un temp\u00e9r\u00e9 (Wisteria), 12 pour le territoire de la Flore.\r","authors":["Phan Ke Loc","Jules E. Vidal"],"category_codes":["4000000","4010000","4010400"],"visuals":{"large":"https:\/\/images.epagine.fr\/118\/9782856542118_1_75.jpg","medium":"https:\/\/images.epagine.fr\/118\/9782856542118_1_m.jpg","thumbnail":"https:\/\/images.epagine.fr\/118\/9782856542118_1_v.jpg"},"orderable":true,"show_badge":true,"formatted_price":"39,00&nbsp;\u20ac","formatted_published_date":"13 d\u00e9cembre 2017","publisher_availability_label":"Sur commande","short_details":"Phan Ke Loc, Jules E. Vidal \u2014 Mnhn","translator":null,"weight":0,"page_count":191,"readership":null,"editor":"Mnhn","price":3900,"published_date":"2017-12-12T23:00:00.000000Z","support":"Grand format","publisher_availability":1,"stock":0,"editions":[],"url":"https:\/\/quaidesbrumes.com\/ouvrage\/9782856542118\/flore-du-cambodge-du-laos-et-du-vietnam-tome-30-leguminosae-papilionoideae-millettieae"},{"id":"9782856542064","title":"Flore du Cambodge, du Laos et du Vietnam Tome 29 : leguminosae   papilionnoideae   dabergieae","description":null,"authors":["P. Dy Phon","Chawalit Niyomdham","Pham Hoang Ho","Jules E. Vidal"],"category_codes":["4000000","4010000","4010400"],"visuals":{"large":"https:\/\/images.epagine.fr\/064\/9782856542064_1_75.jpg","medium":"https:\/\/images.epagine.fr\/064\/9782856542064_1_m.jpg","thumbnail":"https:\/\/images.epagine.fr\/064\/9782856542064_1_v.jpg"},"orderable":true,"show_badge":true,"formatted_price":"15,00&nbsp;\u20ac","formatted_published_date":"13 d\u00e9cembre 2017","publisher_availability_label":"Sur commande","short_details":"P. Dy Phon, Chawalit Niyomdham, Pham Hoang Ho, Jules E. Vidal \u2014 Mnhn","translator":null,"weight":0,"page_count":68,"readership":null,"editor":"Mnhn","price":1500,"published_date":"2017-12-12T23:00:00.000000Z","support":"Grand format","publisher_availability":1,"stock":0,"editions":[],"url":"https:\/\/quaidesbrumes.com\/ouvrage\/9782856542064\/flore-du-cambodge-du-laos-et-du-vietnam-tome-29-leguminosae-papilionnoideae-dabergieae"},{"id":"9782856542026","title":"Flore du Cambodge, du Laos et du Vietnam Tome 28 : gymnospermae","description":"Famille monog\u00e9n\u00e9rique. Le genre Cycas compte 17-20 esp\u00e8ces r\u00e9pandues \u00e0 Madagascar, au Sri Lanka, en Inde, en Chine, au Japon, en Asie du sud-est, en Indon\u00e9sie, en Australie et en Polyn\u00e9sie. Dans notre territoire 11 esp\u00e8ces ont \u00e9t\u00e9 d\u00e9crites (Leandri, I.c., 1931), mais \u00e0 la suite de la r\u00e9vision pr\u00e9sente, huit seulement ont \u00e9t\u00e9 retenues, sept sont spontan\u00e9es, une introduite. C. chevalieri, C. immersa, C. tonkinensis sont consid\u00e9r\u00e9es ici comme consp\u00e9cifiques d'autres esp\u00e8ces. Cycas vient du grec kukas, nom d'un \u00ab palmier \u00bb d'\u00c9thiopie.\r","authors":["Nguyen Tien Hiep","Jules E. Vidal"],"category_codes":["4000000","4010000","4010400"],"visuals":{"large":"https:\/\/images.epagine.fr\/026\/9782856542026_1_75.jpg","medium":"https:\/\/images.epagine.fr\/026\/9782856542026_1_m.jpg","thumbnail":"https:\/\/images.epagine.fr\/026\/9782856542026_1_v.jpg"},"orderable":true,"show_badge":true,"formatted_price":"26,00&nbsp;\u20ac","formatted_published_date":"13 d\u00e9cembre 2017","publisher_availability_label":"Sur commande","short_details":"Nguyen Tien Hiep, Jules E. Vidal \u2014 Mnhn","translator":null,"weight":0,"page_count":166,"readership":null,"editor":"Mnhn","price":2600,"published_date":"2017-12-12T23:00:00.000000Z","support":"Grand format","publisher_availability":1,"stock":0,"editions":[],"url":"https:\/\/quaidesbrumes.com\/ouvrage\/9782856542026\/flore-du-cambodge-du-laos-et-du-vietnam-tome-28-gymnospermae"},{"id":"9782856542002","title":"Flore du Cambodge, du Laos et du Vietnam Tome HS\/2 : bibliographie botanique indochinoise de 1986 \u00e0 1993","description":null,"authors":["H. Falaise","Nguyen Thi Ki","Phan Ke Lec","Jules E. Vidal"],"category_codes":["4000000","4010000","4010400"],"visuals":{"large":"https:\/\/images.epagine.fr\/002\/9782856542002_1_75.jpg","medium":"https:\/\/images.epagine.fr\/002\/9782856542002_1_m.jpg","thumbnail":"https:\/\/images.epagine.fr\/002\/9782856542002_1_v.jpg"},"orderable":true,"show_badge":true,"formatted_price":"9,00&nbsp;\u20ac","formatted_published_date":"30 d\u00e9cembre 1994","publisher_availability_label":"Sur commande","short_details":"H. Falaise, Nguyen Thi Ki, Phan Ke Lec, Jules E. Vidal \u2014 Mnhn","translator":null,"weight":0,"page_count":107,"readership":null,"editor":"Mnhn","price":900,"published_date":"1994-12-29T23:00:00.000000Z","support":"Grand format","publisher_availability":1,"stock":0,"editions":[],"url":"https:\/\/quaidesbrumes.com\/ouvrage\/9782856542002\/flore-du-cambodge-du-laos-et-du-vietnam-tome-hs2-bibliographie-botanique-indochinoise-de-1986-a-1993"},{"id":"9782856541999","title":"Flore du Cambodge, du Laos et du Vietnam Tome 27 : leguminosae, papilionoideae, desmodieae","description":null,"authors":["P. Dy Phon","H. Ohashi","Jules E. Vidal"],"category_codes":["4000000","4010000","4010400"],"visuals":{"large":"https:\/\/images.epagine.fr\/999\/9782856541999_1_75.jpg","medium":"https:\/\/images.epagine.fr\/999\/9782856541999_1_m.jpg","thumbnail":"https:\/\/images.epagine.fr\/999\/9782856541999_1_v.jpg"},"orderable":true,"show_badge":true,"formatted_price":"32,00&nbsp;\u20ac","formatted_published_date":"13 d\u00e9cembre 2017","publisher_availability_label":"Sur commande","short_details":"P. Dy Phon, H. Ohashi, Jules E. Vidal \u2014 Mnhn","translator":null,"weight":0,"page_count":154,"readership":null,"editor":"Mnhn","price":3200,"published_date":"2017-12-12T23:00:00.000000Z","support":"Grand format","publisher_availability":1,"stock":0,"editions":[],"url":"https:\/\/quaidesbrumes.com\/ouvrage\/9782856541999\/flore-du-cambodge-du-laos-et-du-vietnam-tome-27-leguminosae-papilionoideae-desmodieae"},{"id":"9782856541944","title":"Flore du Cambodge, du Laos et du Vietnam Tome 26 : rhoipteleaceae, juglandaceae, thymelaeaceae, proteaceae   primulaceae   styracaceae","description":null,"authors":["Chi-Ming Hu","Pham Hoang Ho","B. Svengsuksa","Jules E. Vidal"],"category_codes":["4000000","4010000","4010400"],"visuals":{"large":"https:\/\/images.epagine.fr\/944\/9782856541944_1_75.jpg","medium":"https:\/\/images.epagine.fr\/944\/9782856541944_1_m.jpg","thumbnail":"https:\/\/images.epagine.fr\/944\/9782856541944_1_v.jpg"},"orderable":true,"show_badge":true,"formatted_price":"41,00&nbsp;\u20ac","formatted_published_date":"31 d\u00e9cembre 1992","publisher_availability_label":"Sur commande","short_details":"Chi-Ming Hu, Pham Hoang Ho, B. Svengsuksa, Jules E. Vidal \u2014 Mnhn","translator":null,"weight":0,"page_count":208,"readership":null,"editor":"Mnhn","price":4100,"published_date":"1992-12-30T23:00:00.000000Z","support":"Grand format","publisher_availability":1,"stock":0,"editions":[],"url":"https:\/\/quaidesbrumes.com\/ouvrage\/9782856541944\/flore-du-cambodge-du-laos-et-du-vietnam-tome-26-rhoipteleaceae-juglandaceae-thymelaeaceae-proteaceae-primulaceae-styracaceae"},{"id":"9782856541890","title":"Flore du Cambodge, du Laos et du Vietnam Tome 25 : dipterocarpaceae","description":null,"authors":["Pham Hoang Ho","T. Smitinand","Jules E. Vidal"],"category_codes":["4000000","4010000","4010400"],"visuals":{"large":"https:\/\/images.epagine.fr\/890\/9782856541890_1_75.jpg","medium":"https:\/\/images.epagine.fr\/890\/9782856541890_1_m.jpg","thumbnail":"https:\/\/images.epagine.fr\/890\/9782856541890_1_v.jpg"},"orderable":true,"show_badge":true,"formatted_price":"15,00&nbsp;\u20ac","formatted_published_date":"30 septembre 1990","publisher_availability_label":"Sur commande","short_details":"Pham Hoang Ho, T. Smitinand, Jules E. Vidal \u2014 Mnhn","translator":null,"weight":0,"page_count":124,"readership":null,"editor":"Mnhn","price":1500,"published_date":"1990-09-29T22:00:00.000000Z","support":"Grand format","publisher_availability":1,"stock":0,"editions":[],"url":"https:\/\/quaidesbrumes.com\/ouvrage\/9782856541890\/flore-du-cambodge-du-laos-et-du-vietnam-tome-25-dipterocarpaceae"},{"id":"9782856541838","title":"Flore du Cambodge, du Laos et du Vietnam Tome HS\/1 : bibliographie botanique indochinoise de 1970 \u00e0 1985","description":null,"authors":["Pham Hoang Ho","Jules E. Vidal","Y. Vidal"],"category_codes":["4000000","4010000","4010400"],"visuals":{"large":"https:\/\/images.epagine.fr\/838\/9782856541838_1_75.jpg","medium":"https:\/\/images.epagine.fr\/838\/9782856541838_1_m.jpg","thumbnail":"https:\/\/images.epagine.fr\/838\/9782856541838_1_v.jpg"},"orderable":true,"show_badge":true,"formatted_price":"12,00&nbsp;\u20ac","formatted_published_date":"30 d\u00e9cembre 1988","publisher_availability_label":"Sur commande","short_details":"Pham Hoang Ho, Jules E. Vidal, Y. Vidal \u2014 Mnhn","translator":null,"weight":0,"page_count":132,"readership":null,"editor":"Mnhn","price":1200,"published_date":"1988-12-29T23:00:00.000000Z","support":"Grand format","publisher_availability":1,"stock":0,"editions":[],"url":"https:\/\/quaidesbrumes.com\/ouvrage\/9782856541838\/flore-du-cambodge-du-laos-et-du-vietnam-tome-hs1-bibliographie-botanique-indochinoise-de-1970-a-1985"},{"id":"9782856541791","title":"Flore du Cambodge, du Laos et du Vietnam Tome 23 : leguminosae, papilionioideae","description":null,"authors":["Chawalit Niyomdham","P. Dy Phon","Nguyen Van Thuan"],"category_codes":["4000000","4010000","4010400"],"visuals":{"large":"https:\/\/images.epagine.fr\/791\/9782856541791_1_75.jpg","medium":"https:\/\/images.epagine.fr\/791\/9782856541791_1_m.jpg","thumbnail":"https:\/\/images.epagine.fr\/791\/9782856541791_1_v.jpg"},"orderable":true,"show_badge":true,"formatted_price":"32,00&nbsp;\u20ac","formatted_published_date":"31 d\u00e9cembre 1987","publisher_availability_label":"Sur commande","short_details":"Chawalit Niyomdham, P. Dy Phon, Nguyen Van Thuan \u2014 Mnhn","translator":null,"weight":0,"page_count":258,"readership":null,"editor":"Mnhn","price":3200,"published_date":"1987-12-30T23:00:00.000000Z","support":"Grand format","publisher_availability":1,"stock":0,"editions":[],"url":"https:\/\/quaidesbrumes.com\/ouvrage\/9782856541791\/flore-du-cambodge-du-laos-et-du-vietnam-tome-23-leguminosae-papilionioideae"},{"id":"9782856541777","title":"Flore du Cambodge, du Laos et du Vietnam Tome 22 : Bignoniaceae","description":null,"authors":["T Santisuk","Jules E. Vidal"],"category_codes":["4000000","4010000","4010400"],"visuals":{"large":"https:\/\/images.epagine.fr\/777\/9782856541777_1_75.jpg","medium":"https:\/\/images.epagine.fr\/777\/9782856541777_1_m.jpg","thumbnail":"https:\/\/images.epagine.fr\/777\/9782856541777_1_v.jpg"},"orderable":true,"show_badge":true,"formatted_price":"10,00&nbsp;\u20ac","formatted_published_date":"31 d\u00e9cembre 1985","publisher_availability_label":"Sur commande","short_details":"T Santisuk, Jules E. Vidal \u2014 Mnhn","translator":null,"weight":0,"page_count":72,"readership":null,"editor":"Mnhn","price":1000,"published_date":"1985-12-30T23:00:00.000000Z","support":"Grand format","publisher_availability":1,"stock":0,"editions":[],"url":"https:\/\/quaidesbrumes.com\/ouvrage\/9782856541777\/flore-du-cambodge-du-laos-et-du-vietnam-tome-22-bignoniaceae"},{"id":"9782856541739","title":"Flore du Cambodge, du Laos et du Vietnam Tome 21 : scrophulariaceae","description":null,"authors":["T. Yamazaki"],"category_codes":["4000000","4010000","4010400"],"visuals":{"large":"https:\/\/images.epagine.fr\/739\/9782856541739_1_75.jpg","medium":"https:\/\/images.epagine.fr\/739\/9782856541739_1_m.jpg","thumbnail":"https:\/\/images.epagine.fr\/739\/9782856541739_1_v.jpg"},"orderable":true,"show_badge":true,"formatted_price":"25,00&nbsp;\u20ac","formatted_published_date":"31 d\u00e9cembre 1985","publisher_availability_label":"Sur commande","short_details":"T. Yamazaki \u2014 Mnhn","translator":null,"weight":0,"page_count":217,"readership":null,"editor":"Mnhn","price":2500,"published_date":"1985-12-30T23:00:00.000000Z","support":"Grand format","publisher_availability":1,"stock":0,"editions":[],"url":"https:\/\/quaidesbrumes.com\/ouvrage\/9782856541739\/flore-du-cambodge-du-laos-et-du-vietnam-tome-21-scrophulariaceae"},{"id":"9782856541647","title":"Flore du Cambodge, du Laos et du Vietnam Tome 25 : pandanaceae   sparganiaceae, ruppiaceae   aponogetonaceae   smilacaceae   philydraceae, hanguanaceae, flagellariaceae, restionaceae, centrolepidaceae, lowiaceae   xyridaceae","description":null,"authors":["B. Hansen","T. Koyama","K. Larsen","B.C Stone","H.W.E Van Bruggen","Vu Van Cuong"],"category_codes":["4000000","4010000","4010400"],"visuals":{"large":"https:\/\/images.epagine.fr\/647\/9782856541647_1_75.jpg","medium":"https:\/\/images.epagine.fr\/647\/9782856541647_1_m.jpg","thumbnail":"https:\/\/images.epagine.fr\/647\/9782856541647_1_v.jpg"},"orderable":true,"show_badge":true,"formatted_price":"25,00&nbsp;\u20ac","formatted_published_date":"30 d\u00e9cembre 1983","publisher_availability_label":"Sur commande","short_details":"B. Hansen, T. Koyama, K. Larsen, B.C Stone, H.W.E Van Bruggen, Vu Van Cuong \u2014 Mnhn","translator":null,"weight":0,"page_count":175,"readership":null,"editor":"Mnhn","price":2500,"published_date":"1983-12-29T23:00:00.000000Z","support":"Grand format","publisher_availability":1,"stock":0,"editions":[],"url":"https:\/\/quaidesbrumes.com\/ouvrage\/9782856541647\/flore-du-cambodge-du-laos-et-du-vietnam-tome-25-pandanaceae-sparganiaceae-ruppiaceae-aponogetonaceae-smilacaceae-philydraceae-hanguanaceae-flagellariaceae-restionaceae-centrolepidaceae-lowiaceae-xyridaceae"},{"id":"9782856541616","title":"Flore du Cambodge, du Laos et du Vietnam Tome 19 : leguminosae, mimosoideae","description":null,"authors":["I. Nielsen"],"category_codes":["4000000","4010000","4010400"],"visuals":{"large":"https:\/\/images.epagine.fr\/616\/9782856541616_1_75.jpg","medium":"https:\/\/images.epagine.fr\/616\/9782856541616_1_m.jpg","thumbnail":"https:\/\/images.epagine.fr\/616\/9782856541616_1_v.jpg"},"orderable":true,"show_badge":true,"formatted_price":"20,00&nbsp;\u20ac","formatted_published_date":"13 d\u00e9cembre 2017","publisher_availability_label":"Sur commande","short_details":"I. Nielsen \u2014 Mnhn","translator":null,"weight":0,"page_count":159,"readership":null,"editor":"Mnhn","price":2000,"published_date":"2017-12-12T23:00:00.000000Z","support":"Grand format","publisher_availability":1,"stock":0,"editions":[],"url":"https:\/\/quaidesbrumes.com\/ouvrage\/9782856541616\/flore-du-cambodge-du-laos-et-du-vietnam-tome-19-leguminosae-mimosoideae"},{"id":"9782856541586","title":"Flore du Cambodge, du Laos et du Vietnam Tome 18 : leguminosae, cesalpinioideae","description":null,"authors":["K. Larsen","S. Larsen","Jules E. Vidal"],"category_codes":["4000000","4010000","4010400"],"visuals":{"large":"https:\/\/images.epagine.fr\/586\/9782856541586_1_75.jpg","medium":"https:\/\/images.epagine.fr\/586\/9782856541586_1_m.jpg","thumbnail":"https:\/\/images.epagine.fr\/586\/9782856541586_1_v.jpg"},"orderable":true,"show_badge":true,"formatted_price":"28,00&nbsp;\u20ac","formatted_published_date":"31 d\u00e9cembre 1980","publisher_availability_label":"Sur commande","short_details":"K. Larsen, S. Larsen, Jules E. Vidal \u2014 Mnhn","translator":null,"weight":0,"page_count":237,"readership":null,"editor":"Mnhn","price":2800,"published_date":"1980-12-30T23:00:00.000000Z","support":"Grand format","publisher_availability":1,"stock":0,"editions":[],"url":"https:\/\/quaidesbrumes.com\/ouvrage\/9782856541586\/flore-du-cambodge-du-laos-et-du-vietnam-tome-18-leguminosae-cesalpinioideae"},{"id":"9782856541562","title":"Flore du Cambodge, du Laos et du Vietnam Tome 17 : leguminosae, phaseoleae","description":null,"authors":["Nguyen Van Thuan"],"category_codes":["4000000","4010000","4010400"],"visuals":{"large":"https:\/\/images.epagine.fr\/562\/9782856541562_1_75.jpg","medium":"https:\/\/images.epagine.fr\/562\/9782856541562_1_m.jpg","thumbnail":"https:\/\/images.epagine.fr\/562\/9782856541562_1_v.jpg"},"orderable":true,"show_badge":true,"formatted_price":"22,00&nbsp;\u20ac","formatted_published_date":"31 d\u00e9cembre 1979","publisher_availability_label":"Sur commande","short_details":"Nguyen Van Thuan \u2014 Mnhn","translator":null,"weight":0,"page_count":217,"readership":null,"editor":"Mnhn","price":2200,"published_date":"1979-12-30T23:00:00.000000Z","support":"Grand format","publisher_availability":1,"stock":0,"editions":[],"url":"https:\/\/quaidesbrumes.com\/ouvrage\/9782856541562\/flore-du-cambodge-du-laos-et-du-vietnam-tome-17-leguminosae-phaseoleae"},{"id":"9782856541517","title":"Flore du Cambodge, du Laos et du Vietnam Tome 16 : symplocaceae","description":null,"authors":["H.P Noteboom","Jules E. Vidal"],"category_codes":["4000000","4010000","4010400"],"visuals":{"large":"https:\/\/images.epagine.fr\/517\/9782856541517_1_75.jpg","medium":"https:\/\/images.epagine.fr\/517\/9782856541517_1_m.jpg","thumbnail":"https:\/\/images.epagine.fr\/517\/9782856541517_1_v.jpg"},"orderable":true,"show_badge":true,"formatted_price":"8,00&nbsp;\u20ac","formatted_published_date":"30 d\u00e9cembre 1977","publisher_availability_label":"Sur commande","short_details":"H.P Noteboom, Jules E. Vidal \u2014 Mnhn","translator":null,"weight":0,"page_count":75,"readership":null,"editor":"Mnhn","price":800,"published_date":"1977-12-29T23:00:00.000000Z","support":"Grand format","publisher_availability":1,"stock":0,"editions":[],"url":"https:\/\/quaidesbrumes.com\/ouvrage\/9782856541517\/flore-du-cambodge-du-laos-et-du-vietnam-tome-16-symplocaceae"},{"id":"9782100506385","title":"La botanique de A \u00e0 Z","description":"Ce dictionnaire encyclop\u00e9dique regroupe 1 662 d\u00e9finitions relatives \u00e0 tous les aspects de la biologie des plantes : anatomie, biochimie, \u00e9cologie, g\u00e9n\u00e9tique, morphologie, physiologie, syst\u00e9matique... Les d\u00e9finitions sont souvent accompagn\u00e9es d'exemples. Les cat\u00e9gories grammaticales, les synonymes et les antonymes sont indiqu\u00e9s, de m\u00eame que les \u00e9quivalents anglais. De nombreuses d\u00e9finitions sont illustr\u00e9es par des dessins ou des photos. En fin d'ouvrage, un lexique anglais-fran\u00e7ais permet de retrouver un terme relev\u00e9 dans un texte r\u00e9dig\u00e9 en anglais. V\u00e9ritable outil de travail, ce livre est destin\u00e9 aux \u00e9tudiants en Licence de sciences de la vie ou en pharmacie, aux \u00e9l\u00e8ves en classes pr\u00e9paratoires BCPST ainsi qu'aux candidats aux concours de l'enseignement.\r","authors":["Abderrazak Marouf","Jo\u00ebl Reynaud"],"category_codes":["4000000","4010000","4010400"],"visuals":{"large":"https:\/\/images.epagine.fr\/385\/9782100506385_1_75.jpg","medium":"https:\/\/images.epagine.fr\/385\/9782100506385_1_m.jpg","thumbnail":"https:\/\/images.epagine.fr\/385\/9782100506385_1_v.jpg"},"orderable":true,"show_badge":true,"formatted_price":"34,00&nbsp;\u20ac","formatted_published_date":"18 avril 2007","publisher_availability_label":"Sur commande","short_details":"Abderrazak Marouf, Jo\u00ebl Reynaud \u2014 Dunod","translator":null,"weight":600,"page_count":352,"readership":null,"editor":"Dunod","price":3400,"published_date":"2007-04-17T22:00:00.000000Z","support":"Grand format","publisher_availability":1,"stock":0,"editions":[],"url":"https:\/\/quaidesbrumes.com\/ouvrage\/9782100506385\/la-botanique-de-a-a-z"},{"id":"9780008316365","title":"THE EXTRAORDINARY LIVES OF INSECTS ; A HIDDEN HISTROY OF THE WORLD","description":"*The  Sunday Times  Bestseller*    '' Extraordinary Insects  is a joy''  The Times     A  Sunday Times  Nature Book of the Year 2019   A journey into the weird, wonderful and truly astonishing lives of the small but mighty creatures who keep the world turning.  Out of sight, underfoot, unseen beyond fleeting scuttles or darting flights, insects occupy a hidden world, yet are essential to sustaining life on earth.  Insects influence our ecosystem like a ripple effect on water. They arrived when life first moved to dry land, they preceded - and survived - the dinosaurs, they outnumber the grains of sand on all the world''s beaches, and they will be here long after us.  Working quietly but tirelessly, they give us food, uphold our ecosystems, can heal our wounds and even digest plastic. They could also provide us with new solutions to the antibiotics crisis, assist in disaster zones and inspire airforce engineers with their flying techniques.  But their private lives are also full of fun, intrigue and wonder -musical mating rituals; house-hunting for armies of beetle babies; metamorphosing into new characters; throwing parties in fermenting sap; cultivating fungi for food; farming smaller species for honey dew and always ensuring that what is dead is decomposed, ready to become life once again.  Here, we will discover life and death, drama and dreams, all on a millimetric scale. Like it or not, Earth is the planet of insects, and this is their extraordinary story.\r","authors":["Anne Sverdrup-thygeson"],"category_codes":["4000000","4010000","4010300"],"visuals":{"large":"https:\/\/images.epagine.fr\/365\/9780008316365_1_75.jpg","medium":"https:\/\/images.epagine.fr\/365\/9780008316365_1_m.jpg","thumbnail":"https:\/\/images.epagine.fr\/365\/9780008316365_1_v.jpg"},"orderable":true,"show_badge":true,"formatted_price":"19,80&nbsp;\u20ac","formatted_published_date":"25 avril 2019","publisher_availability_label":"Sur commande","short_details":"Anne Sverdrup-thygeson \u2014 Harper Collins Publishers","translator":null,"weight":396,"page_count":null,"readership":null,"editor":"Harper Collins Publishers","price":1980,"published_date":"2019-04-24T22:00:00.000000Z","support":"Grand format","publisher_availability":1,"stock":0,"editions":[],"url":"https:\/\/quaidesbrumes.com\/ouvrage\/9780008316365\/the-extraordinary-lives-of-insects-a-hidden-histroy-of-the-world"},{"id":"9782809915624","title":"Le monde fantastique des arbres","description":"Partez \u00e0 la d\u00e9couverte des arbres et for\u00eats de tous les continents !\r\n Toma&scaron; Micek, auteur de nombreux livres de photographies \u00e0 succ\u00e8s, vous invite \u00e0 un voyage insolite et po\u00e9tique parmi les merveilles v\u00e9g\u00e9tales majestueuses ou plus modestes, qui font la richesse\r\n du patrimoine vert de notre plan\u00e8te.\r\n Son exceptionnelle technique photographique nous permet de d\u00e9couvrir des d\u00e9tails passionnants, par exemple les structures des \u00e9corces ou les incroyables ramifications des racines.\r\n D'o\u00f9 provient le caroubier ? Pourquoi l'olivier est-il sacr\u00e9 ? Qu'est-ce qu'un baobab burlesque ? Taille et dur\u00e9e de vie des arbres, berceau de leur naissance, l\u00e9gendes qui leur sont attach\u00e9es... Ces questions, et bien d'autres encore, n'auront plus aucun secret pour vous gr\u00e2ce aux fiches qui accompagnent les photographies de chaque esp\u00e8ce.\r\n Un ouvrage foisonnant et magique en hommage \u00e0 ces essences sans lesquelles l'homme ne saurait survivre.","authors":["Thomas Micek"],"category_codes":["4000000","4010000","4010400","4010406"],"visuals":{"large":"https:\/\/images.epagine.fr\/624\/9782809915624_1_75.jpg","medium":"https:\/\/images.epagine.fr\/624\/9782809915624_1_m.jpg","thumbnail":"https:\/\/images.epagine.fr\/624\/9782809915624_1_v.jpg"},"orderable":true,"show_badge":true,"formatted_price":"19,95&nbsp;\u20ac","formatted_published_date":"13 d\u00e9cembre 2018","publisher_availability_label":"Sur commande","short_details":"Thomas Micek \u2014 \u00c9ditions Place des Victoires","translator":null,"weight":2313,"page_count":368,"readership":null,"editor":"\u00c9ditions Place des Victoires","price":1995,"published_date":"2018-12-12T23:00:00.000000Z","support":"Grand format","publisher_availability":1,"stock":0,"editions":[],"url":"https:\/\/quaidesbrumes.com\/ouvrage\/9782809915624\/le-monde-fantastique-des-arbres"},{"id":"9781910566794","title":"The botanical city","description":null,"authors":["Helena Dove"],"category_codes":["4000000","4010000"],"visuals":{"large":"https:\/\/images.epagine.fr\/794\/9781910566794_1_75.jpg","medium":"https:\/\/images.epagine.fr\/794\/9781910566794_1_m.jpg","thumbnail":"https:\/\/images.epagine.fr\/794\/9781910566794_1_v.jpg"},"orderable":true,"show_badge":true,"formatted_price":"36,00&nbsp;\u20ac","formatted_published_date":"1er octobre 2020","publisher_availability_label":"Sur commande","short_details":"Helena Dove \u2014 Hoxton Press","translator":null,"weight":701,"page_count":null,"readership":null,"editor":"Hoxton Press","price":3600,"published_date":"2020-09-30T22:00:00.000000Z","support":"Grand format","publisher_availability":1,"stock":0,"editions":[],"url":"https:\/\/quaidesbrumes.com\/ouvrage\/9781910566794\/the-botanical-city"},{"id":"9782824009636","title":"Les grandes heures de l'oc\u00e9an (je te salue vieil oc\u00e9an)","description":"Henri Queff\u00e9lec, n\u00e9 \u00e0 Brest (1910-1992), a conserv\u00e9 une v\u00e9ritable \u00abpassion de mer\u00bb pour les \u00e9l\u00e9ments et les hommes qui les affrontent. C'est dans cette veine que s'inscrivent Temp\u00eate sur Douarnenez, Un royaume sous la mer et Les Grandes Heures de l'oc\u00e9an. A plus d'un titre, ce dernier essai r\u00e9sonne comme un pan\u00e9gyrique aquatique. \r\nEvidemment, \u00e0 l'impossible nul n'est tenu. On ne peut donc reprocher \u00e0 l'\u00e9crivain du Finist\u00e8re d'avoir d\u00fb faire des choix dans cette ode \u00e0 l'\u00e9l\u00e9ment liquide. L'ouvrage se divise en 19 grandes parties qui peuvent \u00eatre lues s\u00e9par\u00e9ment, mais s'encha\u00eenent de fa\u00e7on fluide et logique. Elles sont intitul\u00e9es dans l'ordre : Unit\u00e9, Grandeur de la Manche, Mer des crises, Vers le Nord, Les Iles Anglo-Normandes ou \u00e0 quoi ne r\u00eavent pas les souverains, Mer aux nombreux navires, Encore les navires, Saint-Malo, Les merveilles de la pointe de Bretagne. Les eaux, Les merveilles de la pointe de Bretagne. Caps et presqu'\u00eeles, Les merveilles de la pointe de Bretagne. Des \u00eeles, Une ville oc\u00e9ane : Brest, La Bretagne et les navires et les c\u00f4tes de France, \u00ab Mon Loire gaulois \u00bb et l'oc\u00e9an, Massacres de Septembre, Germon, y es-tu ?, L'Aunis, la Saintonge et la mer, Pierre Loti et Chez les Basques bondissants, piqueurs de baleines. L'imagination du lecteur s'engouffre all\u00e8grement dans les r\u00eaveries de l'auteur, abordant les rivages oblig\u00e9s des \u00eeles du Ponant, de Brest et Saint-Malo et de Pierre Loti, tous piliers de sout\u00e8nement de la cath\u00e9drale queff\u00e9l\u00e9cienne. Le texte n'est exempt ni de lyrisme ni de sagesse, sous la plume alerte et inspir\u00e9e d'un grand amoureux de la mer (extrait de l'Avant-propos d'Eric Auphan, pr\u00e9sident de l'Association des Amis d'Henri Queff\u00e9lec).","authors":["Henri Queff\u00e9lec"],"category_codes":["4000000","4010000","4010300","4010304"],"visuals":{"large":"https:\/\/images.epagine.fr\/636\/9782824009636_1_75.jpg","medium":"https:\/\/images.epagine.fr\/636\/9782824009636_1_m.jpg","thumbnail":"https:\/\/images.epagine.fr\/636\/9782824009636_1_v.jpg"},"orderable":true,"show_badge":true,"formatted_price":"19,50&nbsp;\u20ac","formatted_published_date":"16 novembre 2018","publisher_availability_label":"Sur commande","short_details":"Henri Queff\u00e9lec \u2014 EDITIONS DES REGIONALISMES","translator":null,"weight":460,"page_count":198,"readership":null,"editor":"EDITIONS DES REGIONALISMES","price":1950,"published_date":"2018-11-15T23:00:00.000000Z","support":"Grand format","publisher_availability":1,"stock":0,"editions":[],"url":"https:\/\/quaidesbrumes.com\/ouvrage\/9782824009636\/les-grandes-heures-de-locean-je-te-salue-vieil-ocean"}]}